{"id":330112,"date":"2025-09-10T00:07:40","date_gmt":"2025-09-10T04:07:40","guid":{"rendered":"https:\/\/www.eldiario.net\/portal\/?p=330112"},"modified":"2025-09-09T22:09:46","modified_gmt":"2025-09-10T02:09:46","slug":"obdefolk-viceministro-de-patrimonio-intenta-lavarse-la-cara-antes-de-terminar-su-gestion","status":"publish","type":"post","link":"https:\/\/www.eldiario.net\/portal\/2025\/09\/10\/obdefolk-viceministro-de-patrimonio-intenta-lavarse-la-cara-antes-de-terminar-su-gestion\/","title":{"rendered":"OBDEFOLK: Viceministro de Patrimonio intenta  lavarse la cara antes de terminar su gesti\u00f3n"},"content":{"rendered":"<p>El Viceministro de Patrimonio e Industrias Culturales y Creativas, del Ministerio de Culturas, Descolonizaci\u00f3n y Despatriarcalizaci\u00f3n, Juan Carlos Cordero, se ha opuesto a la defensa de las danzas bolivianas y hoy, a poco de concluir su gesti\u00f3n, pretende aparecer como defensor del folklore nacional en un intento por lavarse la cara, denunci\u00f3 la Organizaci\u00f3n Boliviana de Defensa y Difusi\u00f3n del Folklore (OBDEFOLK) a trav\u00e9s de un comunicado compartido por su presidente y vicepresidente, Napole\u00f3n G\u00f3mez y Patricia Llano, respectivamente.<\/p>\n<p>\u201cCuando un funcionario sabe que su gesti\u00f3n est\u00e1 por terminar, intenta desesperadamente lavarse la cara. Eso es exactamente lo que vemos en el Ministerio de Culturas. Despu\u00e9s de haberse opuesto abiertamente a la defensa de nuestras danzas y a la Organizaci\u00f3n Boliviana de Defensa y Difusi\u00f3n del Folklore (OBDEFOLK), ahora, a pocos d\u00edas de dejar el cargo, el viceministro Juan Carlos Cordero, en una entrevista a un medio escrito, de manera p\u00fablica, pretende aparecer como defensor de la cultura boliviana\u201d, menciona el documento que a continuaci\u00f3n se publica in extenso.<\/p>\n<p>\u201cEste mismo personaje (Juan Carlos Cordero) se neg\u00f3 a otorgar un aval institucional en nombre del Ministerio para la defensa internacional de nuestras danzas en el a\u00f1o 2024. En 2025 ya no lo tomamos en cuenta. Se opuso a que OBDEFOLK est\u00e9 presente en la convenci\u00f3n de \u00a0la Organizaci\u00f3n de las Naciones Unidas para la Educaci\u00f3n, la Ciencia y la Cultura (UNESCO) en Paraguay. Ahora, con descaro, reconoce la importancia de las pol\u00edticas de difusi\u00f3n y promoci\u00f3n cultural que OBDEFOLK viene desarrollando en el mundo desde hace 21 a\u00f1os.<\/p>\n<p><strong>EL MINISTERIO DE CULTURAS DESAPROVECH\u00d3 UNA GRAN OPORTUNIDAD, GESTIONADA POR OBDEFOLK, PARA DENUNCIAR EL PLAGIO ANTE LA UNESCO<\/strong><\/p>\n<p>En febrero de 2024, OBDEFOLK envi\u00f3 una carta f\u00edsica a la UNESCO, a su Secretaria General, Audrey Azoulay, con el prop\u00f3sito de exponer la molestia de much\u00edsimos bolivianos por (la) controversia (que tiene el pa\u00eds) con Puno, Per\u00fa, con el objetivo de que se abra el tema en alguna instancia significativa. En ella planteamos todos los perjuicios econ\u00f3micos, hist\u00f3ricos y sociales que tiene como consecuencia la apropiaci\u00f3n cultural indebida, el plagio, el atropello a los ciudadanos bolivianos en el exterior, la tergiversaci\u00f3n dolosa de los or\u00edgenes de nuestras danzas, el perjuicio al desarrollo sostenible de nuestro patrimonio cultural inmaterial, etc\u2026 Indicamos todos los art\u00edculos, principios, lineamientos, hasta cap\u00edtulos espec\u00edficos claves de la convenci\u00f3n de 2003, que estar\u00edan siendo vulnerados.<\/p>\n<p>El 5 de abril de 2024, mediante carta oficial, firmada por Fumiko Ohinata, la secretar\u00eda para la salvaguardia del patrimonio cultural inmaterial de la UNESCO nos responde, indicando que aceptaban que el tema se tratara en la mesa de la 19ava Convenci\u00f3n, en Asunci\u00f3n, Paraguay, en diciembre de 2024, lo que representaba una oportunidad \u00fanica para tratar el problema en el lugar adecuado.<\/p>\n<p>Desde entonces, estuvimos siete meses trabajando arduamente para que Bolivia tenga una l\u00facida presentaci\u00f3n en diciembre con acciones, como informar primeramente al Ministerio de Culturas; tanto a la ministra Guevara como al viceministro Cordero, advirti\u00e9ndoles de la relevancia de magno evento para diciembre. Les ofrecimos desde un principio el apoyo del mejor equipo multidisciplinario de Bolivia. La \u00fanica reuni\u00f3n que se logr\u00f3 con el viceministro fue por v\u00edas alternativas, en la cual tampoco se logr\u00f3 algo concreto. Ante su indiferencia, informamos a la Canciller\u00eda, a la que tampoco quiso escuchar el Ministerio de Culturas, siempre herm\u00e9ticos y d\u00e9spotas. Se les inform\u00f3 que la Asociaci\u00f3n de Conjuntos Folkl\u00f3ricos de Oruro (ACFO), Gran Poder y Ch\u00b4utillos tampoco obtuvieron informaci\u00f3n ni fueron contactados oportunamente para elaborar un plan de trabajo adecuado hacia diciembre. As\u00ed pas\u00f3 el tiempo, y ante la inoperancia e irresponsabilidad de este ministerio, tuvimos reuni\u00f3n con la Comisi\u00f3n de Cultura del Legislativo Plurinacional a principios de octubre, que exigi\u00f3 bajo sus atribuciones explicaciones sobre su preparaci\u00f3n para diciembre en Asunci\u00f3n, d\u00e1ndoles plazos, lo cual fue totalmente ignorado por parte del se\u00f1or Cordero y la ministra Guevara. Adem\u00e1s, siempre advertimos por redes sociales sobre lo que estaba sucediendo, haciendo llamados a prepararse adecuadamente para la reuni\u00f3n de UNESCO.<\/p>\n<p>Finalmente, como ya sabemos, el Ministerio perdi\u00f3 esta gran oportunidad gestionada por OBDEFOLK. Se dieron el lujo de viajar a Asunci\u00f3n e ingresar a la 19ava sesi\u00f3n de la UNESCO, pero para hacer nada, simplemente para ir como turistas.<\/p>\n<p>La historia se repite: al igual que el exministro de Culturas, Pablo Groux, que reci\u00e9n cuando fue apartado de su cargo, valor\u00f3 la labor de OBDEFOLK. Ambos dejaron un legado de gestiones mediocres, caracterizadas por entregar y facilitar que nuestra cultura sea objeto de plagio y apropiaci\u00f3n indebida, bajo los err\u00f3neos principios de la \u201cCultura Compartida\u201d. El concepto de \u201cPatrimonio Compartido\u201d ha generado la libre apropiaci\u00f3n indebida en el pa\u00eds vecino en 20 a\u00f1os, desconociendo a Bolivia. No se niega que el desarrollo cultural no tiene fronteras, pero lo que se rechaza es la negaci\u00f3n de aquella creatividad atribuida a los bolivianos.<\/p>\n<p><strong>1er. ENCUENTRO INTERNACIONAL DE CAPORALES EN LA PAZ. <\/strong><\/p>\n<p>Sin dar importancia al Ministerio de Culturas, OBDEFOLK organiz\u00f3 con rotundo \u00e9xito el Primer Encuentro Internacional de Caporales, del 2 al 3 de agosto de 2025, con el objetivo de sentar soberan\u00eda, ya que La Paz es la \u201cCuna del Caporal\u201d. Llegaron m\u00e1s de 180 caporales de 8 pa\u00edses a la ciudad maravilla, quienes participaron en la Entrada de caporales, en el congreso, en la fiesta y en la presentaci\u00f3n en el Teatro Municipal. Adem\u00e1s, 50 ciudades del mundo acompa\u00f1aron, participando de esta actividad en defensa del Caporal, logrando por segundo a\u00f1o que Bolivia y su cultura sean tendencia mundial por tres d\u00edas consecutivos.<\/p>\n<p><strong>PR\u00d3XIMO GOBIERNO <\/strong><\/p>\n<p>El pr\u00f3ximo gobierno tiene una obligaci\u00f3n moral y patri\u00f3tica: Nombrar profesionales id\u00f3neos, con verdadera vocaci\u00f3n, orgullo boliviano y amor por nuestra cultura y nuestro folklore. Bolivia no merece m\u00e1s autoridades ingratas ni improvisadas, sino l\u00edderes comprometidos con la defensa y proyecci\u00f3n internacional de nuestra identidad cultural\u201d.<\/p>\n\r\n                <style type=\"text\/css\">\r\n                    \r\n                    #tdi_1  .td-doubleSlider-2 .td-item1 {\r\n                        background: url(https:\/\/www.eldiario.net\/portal\/wp-content\/uploads\/2025\/09\/1-PRINCIPAL-3-80x60.webp) 0 0 no-repeat;\r\n                    }\r\n                    #tdi_1  .td-doubleSlider-2 .td-item2 {\r\n                        background: url(https:\/\/www.eldiario.net\/portal\/wp-content\/uploads\/2025\/09\/2-1-2-80x60.webp) 0 0 no-repeat;\r\n                    }\r\n                    #tdi_1  .td-doubleSlider-2 .td-item3 {\r\n                        background: url(https:\/\/www.eldiario.net\/portal\/wp-content\/uploads\/2025\/09\/3-1-2-80x60.webp) 0 0 no-repeat;\r\n                    }\r\n                    #tdi_1  .td-doubleSlider-2 .td-item4 {\r\n                        background: url(https:\/\/www.eldiario.net\/portal\/wp-content\/uploads\/2025\/09\/4-1-2-80x60.webp) 0 0 no-repeat;\r\n                    }\r\n                    #tdi_1  .td-doubleSlider-2 .td-item5 {\r\n                        background: url(https:\/\/www.eldiario.net\/portal\/wp-content\/uploads\/2025\/09\/5-1-2-80x60.webp) 0 0 no-repeat;\r\n                    }\r\n                    #tdi_1  .td-doubleSlider-2 .td-item6 {\r\n                        background: url(https:\/\/www.eldiario.net\/portal\/wp-content\/uploads\/2025\/09\/6-1-3-80x60.webp) 0 0 no-repeat;\r\n                    }\r\n                <\/style>\r\n\r\n                <div id=\"tdi_1\" class=\"td-gallery td-slide-on-2-columns\">\r\n                    <div class=\"post_td_gallery\">\r\n                        <div class=\"td-gallery-slide-top\">\r\n                           <div class=\"td-gallery-title\"><\/div>\r\n\r\n                            <div class=\"td-gallery-controls-wrapper\">\r\n                                <div class=\"td-gallery-slide-count\"><span class=\"td-gallery-slide-item-focus\">1<\/span> de 6<\/div>\r\n                                <div class=\"td-gallery-slide-prev-next-but\">\r\n                                    <i class = \"td-icon-left doubleSliderPrevButton\"><\/i>\r\n                                    <i class = \"td-icon-right doubleSliderNextButton\"><\/i>\r\n                                <\/div>\r\n                            <\/div>\r\n                        <\/div>\r\n\r\n                        <div class = \"td-doubleSlider-1 \">\r\n                            <div class = \"td-slider\">\r\n                                \r\n                    <div class = \"td-slide-item td-item1\">\r\n                        <figure class=\"td-slide-galery-figure td-slide-popup-gallery\">\r\n                            <a class=\"slide-gallery-image-link\" href=\"https:\/\/www.eldiario.net\/portal\/wp-content\/uploads\/2025\/09\/1-PRINCIPAL-3.webp\" title=\"1-PRINCIPAL\"  data-caption=\"\"  data-description=\"\">\r\n                                <img decoding=\"async\" src=\"https:\/\/www.eldiario.net\/portal\/wp-content\/uploads\/2025\/09\/1-PRINCIPAL-3-765x420.webp\" srcset=\"https:\/\/www.eldiario.net\/portal\/wp-content\/uploads\/2025\/09\/1-PRINCIPAL-3-765x420.webp 765w, https:\/\/www.eldiario.net\/portal\/wp-content\/uploads\/2025\/09\/1-PRINCIPAL-3-300x165.webp 300w, https:\/\/www.eldiario.net\/portal\/wp-content\/uploads\/2025\/09\/1-PRINCIPAL-3-1024x562.webp 1024w, https:\/\/www.eldiario.net\/portal\/wp-content\/uploads\/2025\/09\/1-PRINCIPAL-3-768x422.webp 768w, https:\/\/www.eldiario.net\/portal\/wp-content\/uploads\/2025\/09\/1-PRINCIPAL-3-150x82.webp 150w, https:\/\/www.eldiario.net\/portal\/wp-content\/uploads\/2025\/09\/1-PRINCIPAL-3-696x382.webp 696w, https:\/\/www.eldiario.net\/portal\/wp-content\/uploads\/2025\/09\/1-PRINCIPAL-3-1068x587.webp 1068w, https:\/\/www.eldiario.net\/portal\/wp-content\/uploads\/2025\/09\/1-PRINCIPAL-3.webp 1200w\" sizes=\"(max-width: 765px) 100vw, 765px\" alt=\"\">\r\n                            <\/a>\r\n                            \r\n                        <\/figure>\r\n                    <\/div>\r\n                    <div class = \"td-slide-item td-item2\">\r\n                        <figure class=\"td-slide-galery-figure td-slide-popup-gallery\">\r\n                            <a class=\"slide-gallery-image-link\" href=\"https:\/\/www.eldiario.net\/portal\/wp-content\/uploads\/2025\/09\/2-1-2.webp\" title=\"2-\"  data-caption=\"\"  data-description=\"\">\r\n                                <img decoding=\"async\" src=\"https:\/\/www.eldiario.net\/portal\/wp-content\/uploads\/2025\/09\/2-1-2-625x420.webp\" srcset=\"https:\/\/www.eldiario.net\/portal\/wp-content\/uploads\/2025\/09\/2-1-2-625x420.webp 625w, https:\/\/www.eldiario.net\/portal\/wp-content\/uploads\/2025\/09\/2-1-2-300x202.webp 300w, https:\/\/www.eldiario.net\/portal\/wp-content\/uploads\/2025\/09\/2-1-2-1024x689.webp 1024w, https:\/\/www.eldiario.net\/portal\/wp-content\/uploads\/2025\/09\/2-1-2-768x516.webp 768w, https:\/\/www.eldiario.net\/portal\/wp-content\/uploads\/2025\/09\/2-1-2-150x101.webp 150w, https:\/\/www.eldiario.net\/portal\/wp-content\/uploads\/2025\/09\/2-1-2-696x468.webp 696w, https:\/\/www.eldiario.net\/portal\/wp-content\/uploads\/2025\/09\/2-1-2-1068x718.webp 1068w, https:\/\/www.eldiario.net\/portal\/wp-content\/uploads\/2025\/09\/2-1-2.webp 1200w\" sizes=\"(max-width: 625px) 100vw, 625px\" alt=\"\">\r\n                            <\/a>\r\n                            \r\n                        <\/figure>\r\n                    <\/div>\r\n                    <div class = \"td-slide-item td-item3\">\r\n                        <figure class=\"td-slide-galery-figure td-slide-popup-gallery\">\r\n                            <a class=\"slide-gallery-image-link\" href=\"https:\/\/www.eldiario.net\/portal\/wp-content\/uploads\/2025\/09\/3-1-2.webp\" title=\"3-\"  data-caption=\"\"  data-description=\"\">\r\n                                <img decoding=\"async\" src=\"https:\/\/www.eldiario.net\/portal\/wp-content\/uploads\/2025\/09\/3-1-2-325x420.webp\" srcset=\"https:\/\/www.eldiario.net\/portal\/wp-content\/uploads\/2025\/09\/3-1-2-325x420.webp 325w, https:\/\/www.eldiario.net\/portal\/wp-content\/uploads\/2025\/09\/3-1-2-232x300.webp 232w, https:\/\/www.eldiario.net\/portal\/wp-content\/uploads\/2025\/09\/3-1-2-793x1024.webp 793w, https:\/\/www.eldiario.net\/portal\/wp-content\/uploads\/2025\/09\/3-1-2-768x992.webp 768w, https:\/\/www.eldiario.net\/portal\/wp-content\/uploads\/2025\/09\/3-1-2-150x194.webp 150w, https:\/\/www.eldiario.net\/portal\/wp-content\/uploads\/2025\/09\/3-1-2-300x387.webp 300w, https:\/\/www.eldiario.net\/portal\/wp-content\/uploads\/2025\/09\/3-1-2-696x899.webp 696w, https:\/\/www.eldiario.net\/portal\/wp-content\/uploads\/2025\/09\/3-1-2.webp 1067w\" sizes=\"(max-width: 325px) 100vw, 325px\" alt=\"\">\r\n                            <\/a>\r\n                            \r\n                        <\/figure>\r\n                    <\/div>\r\n                    <div class = \"td-slide-item td-item4\">\r\n                        <figure class=\"td-slide-galery-figure td-slide-popup-gallery\">\r\n                            <a class=\"slide-gallery-image-link\" href=\"https:\/\/www.eldiario.net\/portal\/wp-content\/uploads\/2025\/09\/4-1-2.webp\" title=\"4-\"  data-caption=\"\"  data-description=\"\">\r\n                                <img decoding=\"async\" src=\"https:\/\/www.eldiario.net\/portal\/wp-content\/uploads\/2025\/09\/4-1-2-630x420.webp\" srcset=\"https:\/\/www.eldiario.net\/portal\/wp-content\/uploads\/2025\/09\/4-1-2-630x420.webp 630w, https:\/\/www.eldiario.net\/portal\/wp-content\/uploads\/2025\/09\/4-1-2-300x200.webp 300w, https:\/\/www.eldiario.net\/portal\/wp-content\/uploads\/2025\/09\/4-1-2-768x512.webp 768w, https:\/\/www.eldiario.net\/portal\/wp-content\/uploads\/2025\/09\/4-1-2-150x100.webp 150w, https:\/\/www.eldiario.net\/portal\/wp-content\/uploads\/2025\/09\/4-1-2-696x464.webp 696w, https:\/\/www.eldiario.net\/portal\/wp-content\/uploads\/2025\/09\/4-1-2.webp 990w\" sizes=\"(max-width: 630px) 100vw, 630px\" alt=\"\">\r\n                            <\/a>\r\n                            \r\n                        <\/figure>\r\n                    <\/div>\r\n                    <div class = \"td-slide-item td-item5\">\r\n                        <figure class=\"td-slide-galery-figure td-slide-popup-gallery\">\r\n                            <a class=\"slide-gallery-image-link\" href=\"https:\/\/www.eldiario.net\/portal\/wp-content\/uploads\/2025\/09\/5-1-2.webp\" title=\"5-\"  data-caption=\"\"  data-description=\"\">\r\n                                <img decoding=\"async\" src=\"https:\/\/www.eldiario.net\/portal\/wp-content\/uploads\/2025\/09\/5-1-2-365x420.webp\" srcset=\"https:\/\/www.eldiario.net\/portal\/wp-content\/uploads\/2025\/09\/5-1-2-365x420.webp 365w, https:\/\/www.eldiario.net\/portal\/wp-content\/uploads\/2025\/09\/5-1-2-261x300.webp 261w, https:\/\/www.eldiario.net\/portal\/wp-content\/uploads\/2025\/09\/5-1-2-890x1024.webp 890w, https:\/\/www.eldiario.net\/portal\/wp-content\/uploads\/2025\/09\/5-1-2-768x884.webp 768w, https:\/\/www.eldiario.net\/portal\/wp-content\/uploads\/2025\/09\/5-1-2-150x173.webp 150w, https:\/\/www.eldiario.net\/portal\/wp-content\/uploads\/2025\/09\/5-1-2-300x345.webp 300w, https:\/\/www.eldiario.net\/portal\/wp-content\/uploads\/2025\/09\/5-1-2-696x801.webp 696w, https:\/\/www.eldiario.net\/portal\/wp-content\/uploads\/2025\/09\/5-1-2.webp 1066w\" sizes=\"(max-width: 365px) 100vw, 365px\" alt=\"\">\r\n                            <\/a>\r\n                            \r\n                        <\/figure>\r\n                    <\/div>\r\n                    <div class = \"td-slide-item td-item6\">\r\n                        <figure class=\"td-slide-galery-figure td-slide-popup-gallery\">\r\n                            <a class=\"slide-gallery-image-link\" href=\"https:\/\/www.eldiario.net\/portal\/wp-content\/uploads\/2025\/09\/6-1-3.webp\" title=\"6-\"  data-caption=\"\"  data-description=\"\">\r\n                                <img decoding=\"async\" src=\"https:\/\/www.eldiario.net\/portal\/wp-content\/uploads\/2025\/09\/6-1-3-457x420.webp\" srcset=\"https:\/\/www.eldiario.net\/portal\/wp-content\/uploads\/2025\/09\/6-1-3-457x420.webp 457w, https:\/\/www.eldiario.net\/portal\/wp-content\/uploads\/2025\/09\/6-1-3-300x276.webp 300w, https:\/\/www.eldiario.net\/portal\/wp-content\/uploads\/2025\/09\/6-1-3-1024x941.webp 1024w, https:\/\/www.eldiario.net\/portal\/wp-content\/uploads\/2025\/09\/6-1-3-768x706.webp 768w, https:\/\/www.eldiario.net\/portal\/wp-content\/uploads\/2025\/09\/6-1-3-150x138.webp 150w, https:\/\/www.eldiario.net\/portal\/wp-content\/uploads\/2025\/09\/6-1-3-696x640.webp 696w, https:\/\/www.eldiario.net\/portal\/wp-content\/uploads\/2025\/09\/6-1-3-1068x982.webp 1068w, https:\/\/www.eldiario.net\/portal\/wp-content\/uploads\/2025\/09\/6-1-3.webp 1200w\" sizes=\"(max-width: 457px) 100vw, 457px\" alt=\"\">\r\n                            <\/a>\r\n                            \r\n                        <\/figure>\r\n                    <\/div>\r\n                            <\/div>\r\n                        <\/div>\r\n\r\n                        <div class = \"td-doubleSlider-2\">\r\n                            <div class = \"td-slider\">\r\n                                \r\n                    <div class = \"td-button td-item1\">\r\n                        <div class = \"td-border\"><\/div>\r\n                    <\/div>\r\n                    <div class = \"td-button td-item2\">\r\n                        <div class = \"td-border\"><\/div>\r\n                    <\/div>\r\n                    <div class = \"td-button td-item3\">\r\n                        <div class = \"td-border\"><\/div>\r\n                    <\/div>\r\n                    <div class = \"td-button td-item4\">\r\n                        <div class = \"td-border\"><\/div>\r\n                    <\/div>\r\n                    <div class = \"td-button td-item5\">\r\n                        <div class = \"td-border\"><\/div>\r\n                    <\/div>\r\n                    <div class = \"td-button td-item6\">\r\n                        <div class = \"td-border\"><\/div>\r\n                    <\/div>\r\n                            <\/div>\r\n                        <\/div>\r\n\r\n                    <\/div>\r\n\r\n                <\/div>\r\n                \n","protected":false},"excerpt":{"rendered":"<p>El Viceministro de Patrimonio e Industrias Culturales y Creativas, del Ministerio de Culturas, Descolonizaci\u00f3n y Despatriarcalizaci\u00f3n, Juan Carlos Cordero, se ha opuesto a la defensa de las danzas bolivianas y hoy, a poco de concluir su gesti\u00f3n, pretende aparecer como defensor del folklore nacional en un intento por lavarse la cara, denunci\u00f3 la Organizaci\u00f3n Boliviana [&hellip;]<\/p>\n","protected":false},"author":1,"featured_media":330113,"comment_status":"closed","ping_status":"open","sticky":false,"template":"","format":"standard","meta":{"_acf_changed":false,"footnotes":""},"categories":[41],"tags":[],"class_list":["post-330112","post","type-post","status-publish","format-standard","has-post-thumbnail","category-la-guia"],"acf":{"antetitulo":""},"yoast_head":"<!-- This site is optimized with the Yoast SEO plugin v28.4 - https:\/\/yoast.com\/product\/yoast-seo-wordpress\/ -->\n<title>OBDEFOLK: Viceministro de Patrimonio intenta lavarse la cara antes de terminar su gesti\u00f3n - El Diario - Bolivia<\/title>\n<meta name=\"robots\" content=\"index, follow, max-snippet:-1, max-image-preview:large, max-video-preview:-1\" \/>\n<link rel=\"canonical\" href=\"https:\/\/www.eldiario.net\/portal\/2025\/09\/10\/obdefolk-viceministro-de-patrimonio-intenta-lavarse-la-cara-antes-de-terminar-su-gestion\/\" \/>\n<meta property=\"og:locale\" content=\"es_ES\" \/>\n<meta property=\"og:type\" content=\"article\" \/>\n<meta property=\"og:title\" content=\"OBDEFOLK: Viceministro de Patrimonio intenta lavarse la cara antes de terminar su gesti\u00f3n - El Diario - Bolivia\" \/>\n<meta property=\"og:description\" content=\"El Viceministro de Patrimonio e Industrias Culturales y Creativas, del Ministerio de Culturas, Descolonizaci\u00f3n y Despatriarcalizaci\u00f3n, Juan Carlos Cordero, se ha opuesto a la defensa de las danzas bolivianas y hoy, a poco de concluir su gesti\u00f3n, pretende aparecer como defensor del folklore nacional en un intento por lavarse la cara, denunci\u00f3 la Organizaci\u00f3n Boliviana [&hellip;]\" \/>\n<meta property=\"og:url\" content=\"https:\/\/www.eldiario.net\/portal\/2025\/09\/10\/obdefolk-viceministro-de-patrimonio-intenta-lavarse-la-cara-antes-de-terminar-su-gestion\/\" \/>\n<meta property=\"og:site_name\" content=\"El Diario - Bolivia\" \/>\n<meta property=\"article:publisher\" content=\"https:\/\/www.facebook.com\/eldiario.bolivia\/\" \/>\n<meta property=\"article:published_time\" content=\"2025-09-10T04:07:40+00:00\" \/>\n<meta property=\"og:image\" content=\"https:\/\/www.eldiario.net\/portal\/wp-content\/uploads\/2025\/09\/1-PRINCIPAL-3.webp\" \/>\n\t<meta property=\"og:image:width\" content=\"1200\" \/>\n\t<meta property=\"og:image:height\" content=\"659\" \/>\n\t<meta property=\"og:image:type\" content=\"image\/webp\" \/>\n<meta name=\"author\" content=\"Jeanette\" \/>\n<meta name=\"twitter:card\" content=\"summary_large_image\" \/>\n<meta name=\"twitter:creator\" content=\"@eldiario_net\" \/>\n<meta name=\"twitter:site\" content=\"@eldiario_net\" \/>\n<meta name=\"twitter:label1\" content=\"Escrito por\" \/>\n\t<meta name=\"twitter:data1\" content=\"Jeanette\" \/>\n\t<meta name=\"twitter:label2\" content=\"Tiempo de lectura\" \/>\n\t<meta name=\"twitter:data2\" content=\"5 minutos\" \/>\n<script type=\"application\/ld+json\" class=\"yoast-schema-graph\">{\"@context\":\"https:\\\/\\\/schema.org\",\"@graph\":[{\"@type\":\"Article\",\"@id\":\"https:\\\/\\\/www.eldiario.net\\\/portal\\\/2025\\\/09\\\/10\\\/obdefolk-viceministro-de-patrimonio-intenta-lavarse-la-cara-antes-de-terminar-su-gestion\\\/#article\",\"isPartOf\":{\"@id\":\"https:\\\/\\\/www.eldiario.net\\\/portal\\\/2025\\\/09\\\/10\\\/obdefolk-viceministro-de-patrimonio-intenta-lavarse-la-cara-antes-de-terminar-su-gestion\\\/\"},\"author\":{\"name\":\"Jeanette\",\"@id\":\"https:\\\/\\\/www.eldiario.net\\\/portal\\\/#\\\/schema\\\/person\\\/2c57cf2b7a7ae032e449e4c9b1019eac\"},\"headline\":\"OBDEFOLK: Viceministro de Patrimonio intenta lavarse la cara antes de terminar su gesti\u00f3n\",\"datePublished\":\"2025-09-10T04:07:40+00:00\",\"mainEntityOfPage\":{\"@id\":\"https:\\\/\\\/www.eldiario.net\\\/portal\\\/2025\\\/09\\\/10\\\/obdefolk-viceministro-de-patrimonio-intenta-lavarse-la-cara-antes-de-terminar-su-gestion\\\/\"},\"wordCount\":1060,\"publisher\":{\"@id\":\"https:\\\/\\\/www.eldiario.net\\\/portal\\\/#organization\"},\"image\":{\"@id\":\"https:\\\/\\\/www.eldiario.net\\\/portal\\\/2025\\\/09\\\/10\\\/obdefolk-viceministro-de-patrimonio-intenta-lavarse-la-cara-antes-de-terminar-su-gestion\\\/#primaryimage\"},\"thumbnailUrl\":\"https:\\\/\\\/www.eldiario.net\\\/portal\\\/wp-content\\\/uploads\\\/2025\\\/09\\\/1-PRINCIPAL-3.webp\",\"articleSection\":[\"La Gu\u00eda\"],\"inLanguage\":\"es\"},{\"@type\":\"WebPage\",\"@id\":\"https:\\\/\\\/www.eldiario.net\\\/portal\\\/2025\\\/09\\\/10\\\/obdefolk-viceministro-de-patrimonio-intenta-lavarse-la-cara-antes-de-terminar-su-gestion\\\/\",\"url\":\"https:\\\/\\\/www.eldiario.net\\\/portal\\\/2025\\\/09\\\/10\\\/obdefolk-viceministro-de-patrimonio-intenta-lavarse-la-cara-antes-de-terminar-su-gestion\\\/\",\"name\":\"OBDEFOLK: Viceministro de Patrimonio intenta lavarse la cara antes de terminar su gesti\u00f3n - El Diario - Bolivia\",\"isPartOf\":{\"@id\":\"https:\\\/\\\/www.eldiario.net\\\/portal\\\/#website\"},\"primaryImageOfPage\":{\"@id\":\"https:\\\/\\\/www.eldiario.net\\\/portal\\\/2025\\\/09\\\/10\\\/obdefolk-viceministro-de-patrimonio-intenta-lavarse-la-cara-antes-de-terminar-su-gestion\\\/#primaryimage\"},\"image\":{\"@id\":\"https:\\\/\\\/www.eldiario.net\\\/portal\\\/2025\\\/09\\\/10\\\/obdefolk-viceministro-de-patrimonio-intenta-lavarse-la-cara-antes-de-terminar-su-gestion\\\/#primaryimage\"},\"thumbnailUrl\":\"https:\\\/\\\/www.eldiario.net\\\/portal\\\/wp-content\\\/uploads\\\/2025\\\/09\\\/1-PRINCIPAL-3.webp\",\"datePublished\":\"2025-09-10T04:07:40+00:00\",\"breadcrumb\":{\"@id\":\"https:\\\/\\\/www.eldiario.net\\\/portal\\\/2025\\\/09\\\/10\\\/obdefolk-viceministro-de-patrimonio-intenta-lavarse-la-cara-antes-de-terminar-su-gestion\\\/#breadcrumb\"},\"inLanguage\":\"es\",\"potentialAction\":[{\"@type\":\"ReadAction\",\"target\":[\"https:\\\/\\\/www.eldiario.net\\\/portal\\\/2025\\\/09\\\/10\\\/obdefolk-viceministro-de-patrimonio-intenta-lavarse-la-cara-antes-de-terminar-su-gestion\\\/\"]}]},{\"@type\":\"ImageObject\",\"inLanguage\":\"es\",\"@id\":\"https:\\\/\\\/www.eldiario.net\\\/portal\\\/2025\\\/09\\\/10\\\/obdefolk-viceministro-de-patrimonio-intenta-lavarse-la-cara-antes-de-terminar-su-gestion\\\/#primaryimage\",\"url\":\"https:\\\/\\\/www.eldiario.net\\\/portal\\\/wp-content\\\/uploads\\\/2025\\\/09\\\/1-PRINCIPAL-3.webp\",\"contentUrl\":\"https:\\\/\\\/www.eldiario.net\\\/portal\\\/wp-content\\\/uploads\\\/2025\\\/09\\\/1-PRINCIPAL-3.webp\",\"width\":1200,\"height\":659},{\"@type\":\"BreadcrumbList\",\"@id\":\"https:\\\/\\\/www.eldiario.net\\\/portal\\\/2025\\\/09\\\/10\\\/obdefolk-viceministro-de-patrimonio-intenta-lavarse-la-cara-antes-de-terminar-su-gestion\\\/#breadcrumb\",\"itemListElement\":[{\"@type\":\"ListItem\",\"position\":1,\"name\":\"Portada\",\"item\":\"https:\\\/\\\/www.eldiario.net\\\/portal\\\/\"},{\"@type\":\"ListItem\",\"position\":2,\"name\":\"OBDEFOLK: Viceministro de Patrimonio intenta lavarse la cara antes de terminar su gesti\u00f3n\"}]},{\"@type\":\"WebSite\",\"@id\":\"https:\\\/\\\/www.eldiario.net\\\/portal\\\/#website\",\"url\":\"https:\\\/\\\/www.eldiario.net\\\/portal\\\/\",\"name\":\"El Diario - Decano de la prensa nacional\",\"description\":\"El Diario - Decano de la prensa nacional\",\"publisher\":{\"@id\":\"https:\\\/\\\/www.eldiario.net\\\/portal\\\/#organization\"},\"potentialAction\":[{\"@type\":\"SearchAction\",\"target\":{\"@type\":\"EntryPoint\",\"urlTemplate\":\"https:\\\/\\\/www.eldiario.net\\\/portal\\\/?s={search_term_string}\"},\"query-input\":{\"@type\":\"PropertyValueSpecification\",\"valueRequired\":true,\"valueName\":\"search_term_string\"}}],\"inLanguage\":\"es\"},{\"@type\":\"Organization\",\"@id\":\"https:\\\/\\\/www.eldiario.net\\\/portal\\\/#organization\",\"name\":\"El Diario - Decano de la prensa nacional\",\"url\":\"https:\\\/\\\/www.eldiario.net\\\/portal\\\/\",\"logo\":{\"@type\":\"ImageObject\",\"inLanguage\":\"es\",\"@id\":\"https:\\\/\\\/www.eldiario.net\\\/portal\\\/#\\\/schema\\\/logo\\\/image\\\/\",\"url\":\"https:\\\/\\\/www.eldiario.net\\\/portal\\\/wp-content\\\/uploads\\\/2023\\\/07\\\/logo_ED.jpg\",\"contentUrl\":\"https:\\\/\\\/www.eldiario.net\\\/portal\\\/wp-content\\\/uploads\\\/2023\\\/07\\\/logo_ED.jpg\",\"width\":272,\"height\":52,\"caption\":\"El Diario - Decano de la prensa nacional\"},\"image\":{\"@id\":\"https:\\\/\\\/www.eldiario.net\\\/portal\\\/#\\\/schema\\\/logo\\\/image\\\/\"},\"sameAs\":[\"https:\\\/\\\/www.facebook.com\\\/eldiario.bolivia\\\/\",\"https:\\\/\\\/x.com\\\/eldiario_net\"]},{\"@type\":\"Person\",\"@id\":\"https:\\\/\\\/www.eldiario.net\\\/portal\\\/#\\\/schema\\\/person\\\/2c57cf2b7a7ae032e449e4c9b1019eac\",\"name\":\"Jeanette\",\"image\":{\"@type\":\"ImageObject\",\"inLanguage\":\"es\",\"@id\":\"https:\\\/\\\/secure.gravatar.com\\\/avatar\\\/3ea2118a5f7dad2b7138b1187a6b7ee55f160b9968b66013c3a3ef39dd7e5798?s=96&d=mm&r=g\",\"url\":\"https:\\\/\\\/secure.gravatar.com\\\/avatar\\\/3ea2118a5f7dad2b7138b1187a6b7ee55f160b9968b66013c3a3ef39dd7e5798?s=96&d=mm&r=g\",\"contentUrl\":\"https:\\\/\\\/secure.gravatar.com\\\/avatar\\\/3ea2118a5f7dad2b7138b1187a6b7ee55f160b9968b66013c3a3ef39dd7e5798?s=96&d=mm&r=g\",\"caption\":\"Jeanette\"},\"sameAs\":[\"https:\\\/\\\/www.eldiario.net\\\/portal\"],\"url\":\"https:\\\/\\\/www.eldiario.net\\\/portal\\\/author\\\/jeanette\\\/\"}]}<\/script>\n<!-- \/ Yoast SEO plugin. -->","yoast_head_json":{"title":"OBDEFOLK: Viceministro de Patrimonio intenta lavarse la cara antes de terminar su gesti\u00f3n - El Diario - Bolivia","robots":{"index":"index","follow":"follow","max-snippet":"max-snippet:-1","max-image-preview":"max-image-preview:large","max-video-preview":"max-video-preview:-1"},"canonical":"https:\/\/www.eldiario.net\/portal\/2025\/09\/10\/obdefolk-viceministro-de-patrimonio-intenta-lavarse-la-cara-antes-de-terminar-su-gestion\/","og_locale":"es_ES","og_type":"article","og_title":"OBDEFOLK: Viceministro de Patrimonio intenta lavarse la cara antes de terminar su gesti\u00f3n - El Diario - Bolivia","og_description":"El Viceministro de Patrimonio e Industrias Culturales y Creativas, del Ministerio de Culturas, Descolonizaci\u00f3n y Despatriarcalizaci\u00f3n, Juan Carlos Cordero, se ha opuesto a la defensa de las danzas bolivianas y hoy, a poco de concluir su gesti\u00f3n, pretende aparecer como defensor del folklore nacional en un intento por lavarse la cara, denunci\u00f3 la Organizaci\u00f3n Boliviana [&hellip;]","og_url":"https:\/\/www.eldiario.net\/portal\/2025\/09\/10\/obdefolk-viceministro-de-patrimonio-intenta-lavarse-la-cara-antes-de-terminar-su-gestion\/","og_site_name":"El Diario - Bolivia","article_publisher":"https:\/\/www.facebook.com\/eldiario.bolivia\/","article_published_time":"2025-09-10T04:07:40+00:00","og_image":[{"width":1200,"height":659,"url":"https:\/\/www.eldiario.net\/portal\/wp-content\/uploads\/2025\/09\/1-PRINCIPAL-3.webp","type":"image\/webp"}],"author":"Jeanette","twitter_card":"summary_large_image","twitter_creator":"@eldiario_net","twitter_site":"@eldiario_net","twitter_misc":{"Escrito por":"Jeanette","Tiempo de lectura":"5 minutos"},"schema":{"@context":"https:\/\/schema.org","@graph":[{"@type":"Article","@id":"https:\/\/www.eldiario.net\/portal\/2025\/09\/10\/obdefolk-viceministro-de-patrimonio-intenta-lavarse-la-cara-antes-de-terminar-su-gestion\/#article","isPartOf":{"@id":"https:\/\/www.eldiario.net\/portal\/2025\/09\/10\/obdefolk-viceministro-de-patrimonio-intenta-lavarse-la-cara-antes-de-terminar-su-gestion\/"},"author":{"name":"Jeanette","@id":"https:\/\/www.eldiario.net\/portal\/#\/schema\/person\/2c57cf2b7a7ae032e449e4c9b1019eac"},"headline":"OBDEFOLK: Viceministro de Patrimonio intenta lavarse la cara antes de terminar su gesti\u00f3n","datePublished":"2025-09-10T04:07:40+00:00","mainEntityOfPage":{"@id":"https:\/\/www.eldiario.net\/portal\/2025\/09\/10\/obdefolk-viceministro-de-patrimonio-intenta-lavarse-la-cara-antes-de-terminar-su-gestion\/"},"wordCount":1060,"publisher":{"@id":"https:\/\/www.eldiario.net\/portal\/#organization"},"image":{"@id":"https:\/\/www.eldiario.net\/portal\/2025\/09\/10\/obdefolk-viceministro-de-patrimonio-intenta-lavarse-la-cara-antes-de-terminar-su-gestion\/#primaryimage"},"thumbnailUrl":"https:\/\/www.eldiario.net\/portal\/wp-content\/uploads\/2025\/09\/1-PRINCIPAL-3.webp","articleSection":["La Gu\u00eda"],"inLanguage":"es"},{"@type":"WebPage","@id":"https:\/\/www.eldiario.net\/portal\/2025\/09\/10\/obdefolk-viceministro-de-patrimonio-intenta-lavarse-la-cara-antes-de-terminar-su-gestion\/","url":"https:\/\/www.eldiario.net\/portal\/2025\/09\/10\/obdefolk-viceministro-de-patrimonio-intenta-lavarse-la-cara-antes-de-terminar-su-gestion\/","name":"OBDEFOLK: Viceministro de Patrimonio intenta lavarse la cara antes de terminar su gesti\u00f3n - El Diario - Bolivia","isPartOf":{"@id":"https:\/\/www.eldiario.net\/portal\/#website"},"primaryImageOfPage":{"@id":"https:\/\/www.eldiario.net\/portal\/2025\/09\/10\/obdefolk-viceministro-de-patrimonio-intenta-lavarse-la-cara-antes-de-terminar-su-gestion\/#primaryimage"},"image":{"@id":"https:\/\/www.eldiario.net\/portal\/2025\/09\/10\/obdefolk-viceministro-de-patrimonio-intenta-lavarse-la-cara-antes-de-terminar-su-gestion\/#primaryimage"},"thumbnailUrl":"https:\/\/www.eldiario.net\/portal\/wp-content\/uploads\/2025\/09\/1-PRINCIPAL-3.webp","datePublished":"2025-09-10T04:07:40+00:00","breadcrumb":{"@id":"https:\/\/www.eldiario.net\/portal\/2025\/09\/10\/obdefolk-viceministro-de-patrimonio-intenta-lavarse-la-cara-antes-de-terminar-su-gestion\/#breadcrumb"},"inLanguage":"es","potentialAction":[{"@type":"ReadAction","target":["https:\/\/www.eldiario.net\/portal\/2025\/09\/10\/obdefolk-viceministro-de-patrimonio-intenta-lavarse-la-cara-antes-de-terminar-su-gestion\/"]}]},{"@type":"ImageObject","inLanguage":"es","@id":"https:\/\/www.eldiario.net\/portal\/2025\/09\/10\/obdefolk-viceministro-de-patrimonio-intenta-lavarse-la-cara-antes-de-terminar-su-gestion\/#primaryimage","url":"https:\/\/www.eldiario.net\/portal\/wp-content\/uploads\/2025\/09\/1-PRINCIPAL-3.webp","contentUrl":"https:\/\/www.eldiario.net\/portal\/wp-content\/uploads\/2025\/09\/1-PRINCIPAL-3.webp","width":1200,"height":659},{"@type":"BreadcrumbList","@id":"https:\/\/www.eldiario.net\/portal\/2025\/09\/10\/obdefolk-viceministro-de-patrimonio-intenta-lavarse-la-cara-antes-de-terminar-su-gestion\/#breadcrumb","itemListElement":[{"@type":"ListItem","position":1,"name":"Portada","item":"https:\/\/www.eldiario.net\/portal\/"},{"@type":"ListItem","position":2,"name":"OBDEFOLK: Viceministro de Patrimonio intenta lavarse la cara antes de terminar su gesti\u00f3n"}]},{"@type":"WebSite","@id":"https:\/\/www.eldiario.net\/portal\/#website","url":"https:\/\/www.eldiario.net\/portal\/","name":"El Diario - Decano de la prensa nacional","description":"El Diario - Decano de la prensa nacional","publisher":{"@id":"https:\/\/www.eldiario.net\/portal\/#organization"},"potentialAction":[{"@type":"SearchAction","target":{"@type":"EntryPoint","urlTemplate":"https:\/\/www.eldiario.net\/portal\/?s={search_term_string}"},"query-input":{"@type":"PropertyValueSpecification","valueRequired":true,"valueName":"search_term_string"}}],"inLanguage":"es"},{"@type":"Organization","@id":"https:\/\/www.eldiario.net\/portal\/#organization","name":"El Diario - Decano de la prensa nacional","url":"https:\/\/www.eldiario.net\/portal\/","logo":{"@type":"ImageObject","inLanguage":"es","@id":"https:\/\/www.eldiario.net\/portal\/#\/schema\/logo\/image\/","url":"https:\/\/www.eldiario.net\/portal\/wp-content\/uploads\/2023\/07\/logo_ED.jpg","contentUrl":"https:\/\/www.eldiario.net\/portal\/wp-content\/uploads\/2023\/07\/logo_ED.jpg","width":272,"height":52,"caption":"El Diario - Decano de la prensa nacional"},"image":{"@id":"https:\/\/www.eldiario.net\/portal\/#\/schema\/logo\/image\/"},"sameAs":["https:\/\/www.facebook.com\/eldiario.bolivia\/","https:\/\/x.com\/eldiario_net"]},{"@type":"Person","@id":"https:\/\/www.eldiario.net\/portal\/#\/schema\/person\/2c57cf2b7a7ae032e449e4c9b1019eac","name":"Jeanette","image":{"@type":"ImageObject","inLanguage":"es","@id":"https:\/\/secure.gravatar.com\/avatar\/3ea2118a5f7dad2b7138b1187a6b7ee55f160b9968b66013c3a3ef39dd7e5798?s=96&d=mm&r=g","url":"https:\/\/secure.gravatar.com\/avatar\/3ea2118a5f7dad2b7138b1187a6b7ee55f160b9968b66013c3a3ef39dd7e5798?s=96&d=mm&r=g","contentUrl":"https:\/\/secure.gravatar.com\/avatar\/3ea2118a5f7dad2b7138b1187a6b7ee55f160b9968b66013c3a3ef39dd7e5798?s=96&d=mm&r=g","caption":"Jeanette"},"sameAs":["https:\/\/www.eldiario.net\/portal"],"url":"https:\/\/www.eldiario.net\/portal\/author\/jeanette\/"}]}},"_links":{"self":[{"href":"https:\/\/www.eldiario.net\/portal\/wp-json\/wp\/v2\/posts\/330112","targetHints":{"allow":["GET"]}}],"collection":[{"href":"https:\/\/www.eldiario.net\/portal\/wp-json\/wp\/v2\/posts"}],"about":[{"href":"https:\/\/www.eldiario.net\/portal\/wp-json\/wp\/v2\/types\/post"}],"author":[{"embeddable":true,"href":"https:\/\/www.eldiario.net\/portal\/wp-json\/wp\/v2\/users\/1"}],"replies":[{"embeddable":true,"href":"https:\/\/www.eldiario.net\/portal\/wp-json\/wp\/v2\/comments?post=330112"}],"version-history":[{"count":1,"href":"https:\/\/www.eldiario.net\/portal\/wp-json\/wp\/v2\/posts\/330112\/revisions"}],"predecessor-version":[{"id":330119,"href":"https:\/\/www.eldiario.net\/portal\/wp-json\/wp\/v2\/posts\/330112\/revisions\/330119"}],"wp:featuredmedia":[{"embeddable":true,"href":"https:\/\/www.eldiario.net\/portal\/wp-json\/wp\/v2\/media\/330113"}],"wp:attachment":[{"href":"https:\/\/www.eldiario.net\/portal\/wp-json\/wp\/v2\/media?parent=330112"}],"wp:term":[{"taxonomy":"category","embeddable":true,"href":"https:\/\/www.eldiario.net\/portal\/wp-json\/wp\/v2\/categories?post=330112"},{"taxonomy":"post_tag","embeddable":true,"href":"https:\/\/www.eldiario.net\/portal\/wp-json\/wp\/v2\/tags?post=330112"}],"curies":[{"name":"wp","href":"https:\/\/api.w.org\/{rel}","templated":true}]}}