{"id":330092,"date":"2025-09-10T00:02:13","date_gmt":"2025-09-10T04:02:13","guid":{"rendered":"https:\/\/www.eldiario.net\/portal\/?p=330092"},"modified":"2025-09-09T22:03:13","modified_gmt":"2025-09-10T02:03:13","slug":"exbecarios-de-yamagata-comparten-experiencias-con-el-embajador-del-japon-hiroshi-onomura","status":"publish","type":"post","link":"https:\/\/www.eldiario.net\/portal\/2025\/09\/10\/exbecarios-de-yamagata-comparten-experiencias-con-el-embajador-del-japon-hiroshi-onomura\/","title":{"rendered":"Exbecarios de Yamagata comparten experiencias  con el embajador del Jap\u00f3n, Hiroshi Onomura"},"content":{"rendered":"<p>El embajador del Jap\u00f3n, Hiroshi Onomura, comparti\u00f3 una agradable velada con los exbecarios de la Universidad Estatal de Yamagata y su tutor, el profesor Makoto Ayabe.<br \/>\nEl profesor Makoto Ayabe, quien actualmente es profesor de la Universidad Prefectural de Oita (Jap\u00f3n), inici\u00f3 su actividades en Bolivia el a\u00f1o 1995, cuando lleg\u00f3 al pa\u00eds como voluntario de JICA para trabajar en el Servicio Nacional de Caminos. Desde entonces, su cari\u00f1o por Bolivia se acrecienta cada vez m\u00e1s y m\u00e1s; \u00e9l expresa con fervor \u00absoy boliviano, quiero seguir construyendo puentes de amistad entre Bolivia y Jap\u00f3n\u00bb.<br \/>\nSus palabras van de la mano con los hechos, ya que cada a\u00f1o regresa a Bolivia para realizar seminarios y talleres, especialmente con la Universidad Mayor de San Andr\u00e9s, tambi\u00e9n brinda conferencias en las universidades Cat\u00f3lica, Univalle y Domingo Savio; o en institutos como la Escuela Industrial Superior Pedro Domingo Murillo o Infocal El Alto; espacios donde los j\u00f3venes estudiantes despiertan o fomentan su curiosidad por la cultura y tecnolog\u00eda japonesas.<br \/>\nComo fruto de sus muchas actividades, 19 estudiantes tuvieron la oportunidad de alcanzar el grado de Master of Technology (MOT) en la Universidad Estatal de Yamagata, entre 2013 y 2020. De este grupo, 15 retornaron al pa\u00eds y actualmente trabajan en universidades e institutos, son empresarios productores o trabajan en administraci\u00f3n p\u00fablica. Y cuatro de ellos contin\u00faan viviendo en Jap\u00f3n, donde encontraron espacios laborales en diversas \u00e1reas como desarrollo global o la industria de alimentos.<br \/>\nAdem\u00e1s, seis universitarios se beneficiaron de cursos de entrenamiento de corto plazo, para conocer universidades e industrias japonesas, actualmente ellos trabajan en diferentes universidades transmitiendo el conocimiento adquirido.<br \/>\nDurante el encuentro, el embajador Onomura valor\u00f3 el esfuerzo por construir puentes de amistad. Atentamente escuch\u00f3 las experiencias y motiv\u00f3 a los exbecarios a seguir esforz\u00e1ndose para apoyar al desarrollo de Bolivia.y del Jap\u00f3n.<\/p>\n","protected":false},"excerpt":{"rendered":"<p>El embajador del Jap\u00f3n, Hiroshi Onomura, comparti\u00f3 una agradable velada con los exbecarios de la Universidad Estatal de Yamagata y su tutor, el profesor Makoto Ayabe. El profesor Makoto Ayabe, quien actualmente es profesor de la Universidad Prefectural de Oita (Jap\u00f3n), inici\u00f3 su actividades en Bolivia el a\u00f1o 1995, cuando lleg\u00f3 al pa\u00eds como voluntario [&hellip;]<\/p>\n","protected":false},"author":1,"featured_media":330093,"comment_status":"closed","ping_status":"open","sticky":false,"template":"","format":"standard","meta":{"_acf_changed":false,"footnotes":""},"categories":[40],"tags":[],"class_list":["post-330092","post","type-post","status-publish","format-standard","has-post-thumbnail","category-sociales"],"acf":{"antetitulo":""},"yoast_head":"<!-- This site is optimized with the Yoast SEO plugin v28.4 - https:\/\/yoast.com\/product\/yoast-seo-wordpress\/ -->\n<title>Exbecarios de Yamagata comparten experiencias con el embajador del Jap\u00f3n, Hiroshi Onomura - El Diario - Bolivia<\/title>\n<meta name=\"robots\" content=\"index, follow, max-snippet:-1, max-image-preview:large, max-video-preview:-1\" \/>\n<link rel=\"canonical\" href=\"https:\/\/www.eldiario.net\/portal\/2025\/09\/10\/exbecarios-de-yamagata-comparten-experiencias-con-el-embajador-del-japon-hiroshi-onomura\/\" \/>\n<meta property=\"og:locale\" content=\"es_ES\" \/>\n<meta property=\"og:type\" content=\"article\" \/>\n<meta property=\"og:title\" content=\"Exbecarios de Yamagata comparten experiencias con el embajador del Jap\u00f3n, Hiroshi Onomura - El Diario - Bolivia\" \/>\n<meta property=\"og:description\" content=\"El embajador del Jap\u00f3n, Hiroshi Onomura, comparti\u00f3 una agradable velada con los exbecarios de la Universidad Estatal de Yamagata y su tutor, el profesor Makoto Ayabe. El profesor Makoto Ayabe, quien actualmente es profesor de la Universidad Prefectural de Oita (Jap\u00f3n), inici\u00f3 su actividades en Bolivia el a\u00f1o 1995, cuando lleg\u00f3 al pa\u00eds como voluntario [&hellip;]\" \/>\n<meta property=\"og:url\" content=\"https:\/\/www.eldiario.net\/portal\/2025\/09\/10\/exbecarios-de-yamagata-comparten-experiencias-con-el-embajador-del-japon-hiroshi-onomura\/\" \/>\n<meta property=\"og:site_name\" content=\"El Diario - Bolivia\" \/>\n<meta property=\"article:publisher\" content=\"https:\/\/www.facebook.com\/eldiario.bolivia\/\" \/>\n<meta property=\"article:published_time\" content=\"2025-09-10T04:02:13+00:00\" \/>\n<meta property=\"og:image\" content=\"https:\/\/www.eldiario.net\/portal\/wp-content\/uploads\/2025\/09\/JAPON.webp\" \/>\n\t<meta property=\"og:image:width\" content=\"1200\" \/>\n\t<meta property=\"og:image:height\" content=\"900\" \/>\n\t<meta property=\"og:image:type\" content=\"image\/webp\" \/>\n<meta name=\"author\" content=\"Jeanette\" \/>\n<meta name=\"twitter:card\" content=\"summary_large_image\" \/>\n<meta name=\"twitter:creator\" content=\"@eldiario_net\" \/>\n<meta name=\"twitter:site\" content=\"@eldiario_net\" \/>\n<meta name=\"twitter:label1\" content=\"Escrito por\" \/>\n\t<meta name=\"twitter:data1\" content=\"Jeanette\" \/>\n\t<meta name=\"twitter:label2\" content=\"Tiempo de lectura\" \/>\n\t<meta name=\"twitter:data2\" content=\"2 minutos\" \/>\n<script type=\"application\/ld+json\" class=\"yoast-schema-graph\">{\"@context\":\"https:\\\/\\\/schema.org\",\"@graph\":[{\"@type\":\"Article\",\"@id\":\"https:\\\/\\\/www.eldiario.net\\\/portal\\\/2025\\\/09\\\/10\\\/exbecarios-de-yamagata-comparten-experiencias-con-el-embajador-del-japon-hiroshi-onomura\\\/#article\",\"isPartOf\":{\"@id\":\"https:\\\/\\\/www.eldiario.net\\\/portal\\\/2025\\\/09\\\/10\\\/exbecarios-de-yamagata-comparten-experiencias-con-el-embajador-del-japon-hiroshi-onomura\\\/\"},\"author\":{\"name\":\"Jeanette\",\"@id\":\"https:\\\/\\\/www.eldiario.net\\\/portal\\\/#\\\/schema\\\/person\\\/2c57cf2b7a7ae032e449e4c9b1019eac\"},\"headline\":\"Exbecarios de Yamagata comparten experiencias con el embajador del Jap\u00f3n, Hiroshi Onomura\",\"datePublished\":\"2025-09-10T04:02:13+00:00\",\"mainEntityOfPage\":{\"@id\":\"https:\\\/\\\/www.eldiario.net\\\/portal\\\/2025\\\/09\\\/10\\\/exbecarios-de-yamagata-comparten-experiencias-con-el-embajador-del-japon-hiroshi-onomura\\\/\"},\"wordCount\":333,\"publisher\":{\"@id\":\"https:\\\/\\\/www.eldiario.net\\\/portal\\\/#organization\"},\"image\":{\"@id\":\"https:\\\/\\\/www.eldiario.net\\\/portal\\\/2025\\\/09\\\/10\\\/exbecarios-de-yamagata-comparten-experiencias-con-el-embajador-del-japon-hiroshi-onomura\\\/#primaryimage\"},\"thumbnailUrl\":\"https:\\\/\\\/www.eldiario.net\\\/portal\\\/wp-content\\\/uploads\\\/2025\\\/09\\\/JAPON.webp\",\"articleSection\":[\"Sociales\"],\"inLanguage\":\"es\"},{\"@type\":\"WebPage\",\"@id\":\"https:\\\/\\\/www.eldiario.net\\\/portal\\\/2025\\\/09\\\/10\\\/exbecarios-de-yamagata-comparten-experiencias-con-el-embajador-del-japon-hiroshi-onomura\\\/\",\"url\":\"https:\\\/\\\/www.eldiario.net\\\/portal\\\/2025\\\/09\\\/10\\\/exbecarios-de-yamagata-comparten-experiencias-con-el-embajador-del-japon-hiroshi-onomura\\\/\",\"name\":\"Exbecarios de Yamagata comparten experiencias con el embajador del Jap\u00f3n, Hiroshi Onomura - El Diario - Bolivia\",\"isPartOf\":{\"@id\":\"https:\\\/\\\/www.eldiario.net\\\/portal\\\/#website\"},\"primaryImageOfPage\":{\"@id\":\"https:\\\/\\\/www.eldiario.net\\\/portal\\\/2025\\\/09\\\/10\\\/exbecarios-de-yamagata-comparten-experiencias-con-el-embajador-del-japon-hiroshi-onomura\\\/#primaryimage\"},\"image\":{\"@id\":\"https:\\\/\\\/www.eldiario.net\\\/portal\\\/2025\\\/09\\\/10\\\/exbecarios-de-yamagata-comparten-experiencias-con-el-embajador-del-japon-hiroshi-onomura\\\/#primaryimage\"},\"thumbnailUrl\":\"https:\\\/\\\/www.eldiario.net\\\/portal\\\/wp-content\\\/uploads\\\/2025\\\/09\\\/JAPON.webp\",\"datePublished\":\"2025-09-10T04:02:13+00:00\",\"breadcrumb\":{\"@id\":\"https:\\\/\\\/www.eldiario.net\\\/portal\\\/2025\\\/09\\\/10\\\/exbecarios-de-yamagata-comparten-experiencias-con-el-embajador-del-japon-hiroshi-onomura\\\/#breadcrumb\"},\"inLanguage\":\"es\",\"potentialAction\":[{\"@type\":\"ReadAction\",\"target\":[\"https:\\\/\\\/www.eldiario.net\\\/portal\\\/2025\\\/09\\\/10\\\/exbecarios-de-yamagata-comparten-experiencias-con-el-embajador-del-japon-hiroshi-onomura\\\/\"]}]},{\"@type\":\"ImageObject\",\"inLanguage\":\"es\",\"@id\":\"https:\\\/\\\/www.eldiario.net\\\/portal\\\/2025\\\/09\\\/10\\\/exbecarios-de-yamagata-comparten-experiencias-con-el-embajador-del-japon-hiroshi-onomura\\\/#primaryimage\",\"url\":\"https:\\\/\\\/www.eldiario.net\\\/portal\\\/wp-content\\\/uploads\\\/2025\\\/09\\\/JAPON.webp\",\"contentUrl\":\"https:\\\/\\\/www.eldiario.net\\\/portal\\\/wp-content\\\/uploads\\\/2025\\\/09\\\/JAPON.webp\",\"width\":1200,\"height\":900},{\"@type\":\"BreadcrumbList\",\"@id\":\"https:\\\/\\\/www.eldiario.net\\\/portal\\\/2025\\\/09\\\/10\\\/exbecarios-de-yamagata-comparten-experiencias-con-el-embajador-del-japon-hiroshi-onomura\\\/#breadcrumb\",\"itemListElement\":[{\"@type\":\"ListItem\",\"position\":1,\"name\":\"Portada\",\"item\":\"https:\\\/\\\/www.eldiario.net\\\/portal\\\/\"},{\"@type\":\"ListItem\",\"position\":2,\"name\":\"Exbecarios de Yamagata comparten experiencias con el embajador del Jap\u00f3n, Hiroshi Onomura\"}]},{\"@type\":\"WebSite\",\"@id\":\"https:\\\/\\\/www.eldiario.net\\\/portal\\\/#website\",\"url\":\"https:\\\/\\\/www.eldiario.net\\\/portal\\\/\",\"name\":\"El Diario - Decano de la prensa nacional\",\"description\":\"El Diario - Decano de la prensa nacional\",\"publisher\":{\"@id\":\"https:\\\/\\\/www.eldiario.net\\\/portal\\\/#organization\"},\"potentialAction\":[{\"@type\":\"SearchAction\",\"target\":{\"@type\":\"EntryPoint\",\"urlTemplate\":\"https:\\\/\\\/www.eldiario.net\\\/portal\\\/?s={search_term_string}\"},\"query-input\":{\"@type\":\"PropertyValueSpecification\",\"valueRequired\":true,\"valueName\":\"search_term_string\"}}],\"inLanguage\":\"es\"},{\"@type\":\"Organization\",\"@id\":\"https:\\\/\\\/www.eldiario.net\\\/portal\\\/#organization\",\"name\":\"El Diario - Decano de la prensa nacional\",\"url\":\"https:\\\/\\\/www.eldiario.net\\\/portal\\\/\",\"logo\":{\"@type\":\"ImageObject\",\"inLanguage\":\"es\",\"@id\":\"https:\\\/\\\/www.eldiario.net\\\/portal\\\/#\\\/schema\\\/logo\\\/image\\\/\",\"url\":\"https:\\\/\\\/www.eldiario.net\\\/portal\\\/wp-content\\\/uploads\\\/2023\\\/07\\\/logo_ED.jpg\",\"contentUrl\":\"https:\\\/\\\/www.eldiario.net\\\/portal\\\/wp-content\\\/uploads\\\/2023\\\/07\\\/logo_ED.jpg\",\"width\":272,\"height\":52,\"caption\":\"El Diario - Decano de la prensa nacional\"},\"image\":{\"@id\":\"https:\\\/\\\/www.eldiario.net\\\/portal\\\/#\\\/schema\\\/logo\\\/image\\\/\"},\"sameAs\":[\"https:\\\/\\\/www.facebook.com\\\/eldiario.bolivia\\\/\",\"https:\\\/\\\/x.com\\\/eldiario_net\"]},{\"@type\":\"Person\",\"@id\":\"https:\\\/\\\/www.eldiario.net\\\/portal\\\/#\\\/schema\\\/person\\\/2c57cf2b7a7ae032e449e4c9b1019eac\",\"name\":\"Jeanette\",\"image\":{\"@type\":\"ImageObject\",\"inLanguage\":\"es\",\"@id\":\"https:\\\/\\\/secure.gravatar.com\\\/avatar\\\/3ea2118a5f7dad2b7138b1187a6b7ee55f160b9968b66013c3a3ef39dd7e5798?s=96&d=mm&r=g\",\"url\":\"https:\\\/\\\/secure.gravatar.com\\\/avatar\\\/3ea2118a5f7dad2b7138b1187a6b7ee55f160b9968b66013c3a3ef39dd7e5798?s=96&d=mm&r=g\",\"contentUrl\":\"https:\\\/\\\/secure.gravatar.com\\\/avatar\\\/3ea2118a5f7dad2b7138b1187a6b7ee55f160b9968b66013c3a3ef39dd7e5798?s=96&d=mm&r=g\",\"caption\":\"Jeanette\"},\"sameAs\":[\"https:\\\/\\\/www.eldiario.net\\\/portal\"],\"url\":\"https:\\\/\\\/www.eldiario.net\\\/portal\\\/author\\\/jeanette\\\/\"}]}<\/script>\n<!-- \/ Yoast SEO plugin. -->","yoast_head_json":{"title":"Exbecarios de Yamagata comparten experiencias con el embajador del Jap\u00f3n, Hiroshi Onomura - El Diario - Bolivia","robots":{"index":"index","follow":"follow","max-snippet":"max-snippet:-1","max-image-preview":"max-image-preview:large","max-video-preview":"max-video-preview:-1"},"canonical":"https:\/\/www.eldiario.net\/portal\/2025\/09\/10\/exbecarios-de-yamagata-comparten-experiencias-con-el-embajador-del-japon-hiroshi-onomura\/","og_locale":"es_ES","og_type":"article","og_title":"Exbecarios de Yamagata comparten experiencias con el embajador del Jap\u00f3n, Hiroshi Onomura - El Diario - Bolivia","og_description":"El embajador del Jap\u00f3n, Hiroshi Onomura, comparti\u00f3 una agradable velada con los exbecarios de la Universidad Estatal de Yamagata y su tutor, el profesor Makoto Ayabe. El profesor Makoto Ayabe, quien actualmente es profesor de la Universidad Prefectural de Oita (Jap\u00f3n), inici\u00f3 su actividades en Bolivia el a\u00f1o 1995, cuando lleg\u00f3 al pa\u00eds como voluntario [&hellip;]","og_url":"https:\/\/www.eldiario.net\/portal\/2025\/09\/10\/exbecarios-de-yamagata-comparten-experiencias-con-el-embajador-del-japon-hiroshi-onomura\/","og_site_name":"El Diario - Bolivia","article_publisher":"https:\/\/www.facebook.com\/eldiario.bolivia\/","article_published_time":"2025-09-10T04:02:13+00:00","og_image":[{"width":1200,"height":900,"url":"https:\/\/www.eldiario.net\/portal\/wp-content\/uploads\/2025\/09\/JAPON.webp","type":"image\/webp"}],"author":"Jeanette","twitter_card":"summary_large_image","twitter_creator":"@eldiario_net","twitter_site":"@eldiario_net","twitter_misc":{"Escrito por":"Jeanette","Tiempo de lectura":"2 minutos"},"schema":{"@context":"https:\/\/schema.org","@graph":[{"@type":"Article","@id":"https:\/\/www.eldiario.net\/portal\/2025\/09\/10\/exbecarios-de-yamagata-comparten-experiencias-con-el-embajador-del-japon-hiroshi-onomura\/#article","isPartOf":{"@id":"https:\/\/www.eldiario.net\/portal\/2025\/09\/10\/exbecarios-de-yamagata-comparten-experiencias-con-el-embajador-del-japon-hiroshi-onomura\/"},"author":{"name":"Jeanette","@id":"https:\/\/www.eldiario.net\/portal\/#\/schema\/person\/2c57cf2b7a7ae032e449e4c9b1019eac"},"headline":"Exbecarios de Yamagata comparten experiencias con el embajador del Jap\u00f3n, Hiroshi Onomura","datePublished":"2025-09-10T04:02:13+00:00","mainEntityOfPage":{"@id":"https:\/\/www.eldiario.net\/portal\/2025\/09\/10\/exbecarios-de-yamagata-comparten-experiencias-con-el-embajador-del-japon-hiroshi-onomura\/"},"wordCount":333,"publisher":{"@id":"https:\/\/www.eldiario.net\/portal\/#organization"},"image":{"@id":"https:\/\/www.eldiario.net\/portal\/2025\/09\/10\/exbecarios-de-yamagata-comparten-experiencias-con-el-embajador-del-japon-hiroshi-onomura\/#primaryimage"},"thumbnailUrl":"https:\/\/www.eldiario.net\/portal\/wp-content\/uploads\/2025\/09\/JAPON.webp","articleSection":["Sociales"],"inLanguage":"es"},{"@type":"WebPage","@id":"https:\/\/www.eldiario.net\/portal\/2025\/09\/10\/exbecarios-de-yamagata-comparten-experiencias-con-el-embajador-del-japon-hiroshi-onomura\/","url":"https:\/\/www.eldiario.net\/portal\/2025\/09\/10\/exbecarios-de-yamagata-comparten-experiencias-con-el-embajador-del-japon-hiroshi-onomura\/","name":"Exbecarios de Yamagata comparten experiencias con el embajador del Jap\u00f3n, Hiroshi Onomura - El Diario - Bolivia","isPartOf":{"@id":"https:\/\/www.eldiario.net\/portal\/#website"},"primaryImageOfPage":{"@id":"https:\/\/www.eldiario.net\/portal\/2025\/09\/10\/exbecarios-de-yamagata-comparten-experiencias-con-el-embajador-del-japon-hiroshi-onomura\/#primaryimage"},"image":{"@id":"https:\/\/www.eldiario.net\/portal\/2025\/09\/10\/exbecarios-de-yamagata-comparten-experiencias-con-el-embajador-del-japon-hiroshi-onomura\/#primaryimage"},"thumbnailUrl":"https:\/\/www.eldiario.net\/portal\/wp-content\/uploads\/2025\/09\/JAPON.webp","datePublished":"2025-09-10T04:02:13+00:00","breadcrumb":{"@id":"https:\/\/www.eldiario.net\/portal\/2025\/09\/10\/exbecarios-de-yamagata-comparten-experiencias-con-el-embajador-del-japon-hiroshi-onomura\/#breadcrumb"},"inLanguage":"es","potentialAction":[{"@type":"ReadAction","target":["https:\/\/www.eldiario.net\/portal\/2025\/09\/10\/exbecarios-de-yamagata-comparten-experiencias-con-el-embajador-del-japon-hiroshi-onomura\/"]}]},{"@type":"ImageObject","inLanguage":"es","@id":"https:\/\/www.eldiario.net\/portal\/2025\/09\/10\/exbecarios-de-yamagata-comparten-experiencias-con-el-embajador-del-japon-hiroshi-onomura\/#primaryimage","url":"https:\/\/www.eldiario.net\/portal\/wp-content\/uploads\/2025\/09\/JAPON.webp","contentUrl":"https:\/\/www.eldiario.net\/portal\/wp-content\/uploads\/2025\/09\/JAPON.webp","width":1200,"height":900},{"@type":"BreadcrumbList","@id":"https:\/\/www.eldiario.net\/portal\/2025\/09\/10\/exbecarios-de-yamagata-comparten-experiencias-con-el-embajador-del-japon-hiroshi-onomura\/#breadcrumb","itemListElement":[{"@type":"ListItem","position":1,"name":"Portada","item":"https:\/\/www.eldiario.net\/portal\/"},{"@type":"ListItem","position":2,"name":"Exbecarios de Yamagata comparten experiencias con el embajador del Jap\u00f3n, Hiroshi Onomura"}]},{"@type":"WebSite","@id":"https:\/\/www.eldiario.net\/portal\/#website","url":"https:\/\/www.eldiario.net\/portal\/","name":"El Diario - Decano de la prensa nacional","description":"El Diario - Decano de la prensa nacional","publisher":{"@id":"https:\/\/www.eldiario.net\/portal\/#organization"},"potentialAction":[{"@type":"SearchAction","target":{"@type":"EntryPoint","urlTemplate":"https:\/\/www.eldiario.net\/portal\/?s={search_term_string}"},"query-input":{"@type":"PropertyValueSpecification","valueRequired":true,"valueName":"search_term_string"}}],"inLanguage":"es"},{"@type":"Organization","@id":"https:\/\/www.eldiario.net\/portal\/#organization","name":"El Diario - Decano de la prensa nacional","url":"https:\/\/www.eldiario.net\/portal\/","logo":{"@type":"ImageObject","inLanguage":"es","@id":"https:\/\/www.eldiario.net\/portal\/#\/schema\/logo\/image\/","url":"https:\/\/www.eldiario.net\/portal\/wp-content\/uploads\/2023\/07\/logo_ED.jpg","contentUrl":"https:\/\/www.eldiario.net\/portal\/wp-content\/uploads\/2023\/07\/logo_ED.jpg","width":272,"height":52,"caption":"El Diario - Decano de la prensa nacional"},"image":{"@id":"https:\/\/www.eldiario.net\/portal\/#\/schema\/logo\/image\/"},"sameAs":["https:\/\/www.facebook.com\/eldiario.bolivia\/","https:\/\/x.com\/eldiario_net"]},{"@type":"Person","@id":"https:\/\/www.eldiario.net\/portal\/#\/schema\/person\/2c57cf2b7a7ae032e449e4c9b1019eac","name":"Jeanette","image":{"@type":"ImageObject","inLanguage":"es","@id":"https:\/\/secure.gravatar.com\/avatar\/3ea2118a5f7dad2b7138b1187a6b7ee55f160b9968b66013c3a3ef39dd7e5798?s=96&d=mm&r=g","url":"https:\/\/secure.gravatar.com\/avatar\/3ea2118a5f7dad2b7138b1187a6b7ee55f160b9968b66013c3a3ef39dd7e5798?s=96&d=mm&r=g","contentUrl":"https:\/\/secure.gravatar.com\/avatar\/3ea2118a5f7dad2b7138b1187a6b7ee55f160b9968b66013c3a3ef39dd7e5798?s=96&d=mm&r=g","caption":"Jeanette"},"sameAs":["https:\/\/www.eldiario.net\/portal"],"url":"https:\/\/www.eldiario.net\/portal\/author\/jeanette\/"}]}},"_links":{"self":[{"href":"https:\/\/www.eldiario.net\/portal\/wp-json\/wp\/v2\/posts\/330092","targetHints":{"allow":["GET"]}}],"collection":[{"href":"https:\/\/www.eldiario.net\/portal\/wp-json\/wp\/v2\/posts"}],"about":[{"href":"https:\/\/www.eldiario.net\/portal\/wp-json\/wp\/v2\/types\/post"}],"author":[{"embeddable":true,"href":"https:\/\/www.eldiario.net\/portal\/wp-json\/wp\/v2\/users\/1"}],"replies":[{"embeddable":true,"href":"https:\/\/www.eldiario.net\/portal\/wp-json\/wp\/v2\/comments?post=330092"}],"version-history":[{"count":1,"href":"https:\/\/www.eldiario.net\/portal\/wp-json\/wp\/v2\/posts\/330092\/revisions"}],"predecessor-version":[{"id":330094,"href":"https:\/\/www.eldiario.net\/portal\/wp-json\/wp\/v2\/posts\/330092\/revisions\/330094"}],"wp:featuredmedia":[{"embeddable":true,"href":"https:\/\/www.eldiario.net\/portal\/wp-json\/wp\/v2\/media\/330093"}],"wp:attachment":[{"href":"https:\/\/www.eldiario.net\/portal\/wp-json\/wp\/v2\/media?parent=330092"}],"wp:term":[{"taxonomy":"category","embeddable":true,"href":"https:\/\/www.eldiario.net\/portal\/wp-json\/wp\/v2\/categories?post=330092"},{"taxonomy":"post_tag","embeddable":true,"href":"https:\/\/www.eldiario.net\/portal\/wp-json\/wp\/v2\/tags?post=330092"}],"curies":[{"name":"wp","href":"https:\/\/api.w.org\/{rel}","templated":true}]}}