{"id":329695,"date":"2025-09-08T00:58:24","date_gmt":"2025-09-08T04:58:24","guid":{"rendered":"https:\/\/www.eldiario.net\/portal\/?p=329695"},"modified":"2025-09-07T22:00:21","modified_gmt":"2025-09-08T02:00:21","slug":"las-paces-de-una-mujer-llamada-wilde","status":"publish","type":"post","link":"https:\/\/www.eldiario.net\/portal\/2025\/09\/08\/las-paces-de-una-mujer-llamada-wilde\/","title":{"rendered":"Las paces de una mujer llamada Wilde"},"content":{"rendered":"<p><strong><em>Mabel Franco Ortega<\/em><\/strong><\/p>\n<p>La Paz se hab\u00eda convertido en la gran preocupaci\u00f3n de Maritza Wilde. Por eso, en determinado momento de los iniciales del Festival Internacional de Teatro de La Paz (Fitaz), su creadora decidi\u00f3 darle un doble sentido a eso de \u201cla paz\u201d: el de la ciudad, claro, pero tambi\u00e9n el del estado, el sentimiento, la aspiraci\u00f3n humana tan dif\u00edcil de alcanzar y de sostener.<\/p>\n<p>Para Maritza, el teatro \u2013que conoci\u00f3 desde adentro, como actriz, como directora, como dramaturga, como gestora\u2013, pod\u00eda y deb\u00eda ayudar a evitar conflictos que destruyen futuro y que eternizan odios. C\u00f3mo no, se dijo, si en el escenario las personas, aun las de las m\u00e1s diversas ideas, logran encontrarse, logran darle un giro al conflicto y convertirlo en una herramienta para edificar. C\u00f3mo no, seg\u00fan lo comprob\u00f3 una y otra vez, si desde el escenario se proyecta eso que se llama humanidad.<\/p>\n<p>Por eso, el Fitaz \u2013que desde 1999 nos viene acercando el mundo encarnado en actores, actrices, escen\u00f3grafos, m\u00fasicos, titiriteros, bailarines, etc., y sembrando evidencia de que los seres humanos seremos distintos, pero podemos descubrirnos como iguales\u2013 tiene un lema que hay que recordar\u2026 o, mejor, asumir como el mayor legado de Maritza: <em>Teatro por la paz en el mundo.<\/em><\/p>\n<p><strong>UNA AUTOCONSTRUCCI\u00d3N<\/strong><\/p>\n<p>Abro par\u00e9ntesis, respetuosamente.<\/p>\n<p>Qui\u00e9n fue esta mujer de teatro, esta boliviana nacida en Per\u00fa que construy\u00f3 su vida como se construye un personaje. Cu\u00e1ntos a\u00f1os ten\u00eda Maritza. Cu\u00e1l era su nombre de soltera. D\u00f3nde hab\u00eda nacido.<\/p>\n<p>Fue en los \u00faltimos a\u00f1os antes de su muerte, ocurrida el 30 de agosto de 2025, que ella acept\u00f3 ir entregando informaci\u00f3n antes estrat\u00e9gicamente velada.<\/p>\n<p>Me toc\u00f3 entrevistarla muchas veces, incluso charlar como amigas largas horas por el tel\u00e9fono fijo; pero apenas intentaba saber m\u00e1s de su vida pasada, me sal\u00eda con que eso no era importante, que lo que importaba era lo que hac\u00eda en el teatro, que eso era ella. Su paz, sostengo, estuvo en mantener el enigma.<\/p>\n<p>En 2021, luego de la cuarentena por la pandemia de Covid 19 que ella vivi\u00f3 en estricto confinamiento junto a su esposo Agust\u00edn, Maritza tom\u00f3 la decisi\u00f3n de retirarse para siempre de los escenarios. \u201cNo del teatro\u201d, me aclar\u00f3, \u201cpues voy a escribir y quiz\u00e1s haga radioteatro, pero aparecer, nunca m\u00e1s\u201d.<\/p>\n<p>Creo que s\u00f3lo despu\u00e9s de tal decisi\u00f3n pudo decirle a Ricardo Bajo, que la entrevist\u00f3 en 2023, que fue bautizada como Maritza Muyo Urrutia, hija \u00fanica del lime\u00f1o Sergio y la orure\u00f1a Blanca. Que naci\u00f3 en Tacna, vivi\u00f3 en Lima y a los 12 a\u00f1os lleg\u00f3 a La Paz.<\/p>\n<p>Lo que sin embargo no dijo es el a\u00f1o de su nacimiento, dato que supo eludir dando pistas difusas sobre los tiempos de estudio, matrimonio e incorporaci\u00f3n a elencos de danza, de teatro y de viajes al extranjero.<\/p>\n<p>Pero, qu\u00e9 importa ahora si Maritza superaba los 80 a\u00f1os con creces. En su necrol\u00f3gico figura que naci\u00f3 en 1948 y hay que aceptarlo. Ella se ocup\u00f3 todo el tiempo de burlar al tiempo conservando la cabellera larga impecablemente cepillada y te\u00f1ida de rojo. De hecho, un d\u00eda antes de morir y pese a su delicado estado de salud, ella habr\u00eda cumplido el rito de ser peinada y acicalada. Consciente de que el vestuario hace al personaje, se dot\u00f3 de mitones de variados colores para combinar con el resto de su ropa y de paso esconder lo que las manos develan y no se puede maquillar.<\/p>\n<p>Ya quisiera cualquiera cuidarse tanto en la hora de salir a la escena cotidiana. Y, en definitiva, qu\u00e9 importancia puede tener la cronolog\u00eda exterior si ella hizo lo que las grandes actrices. Se sabe que Sarah Bernhardt interpretaba y convenc\u00eda de que era la jovenc\u00edsima Juana de Arco cuando la actriz ten\u00eda ya 46 a\u00f1os. Y Maritza, con m\u00e1s de 60 encarn\u00f3 a una joven Estelle intentando conquistar al cobarde Garcin en <em>A puerta cerrada<\/em>.<\/p>\n<p>Quiz\u00e1s haya que contar los a\u00f1os juveniles de Maritza a partir de su matrimonio con don Agust\u00edn. Porque fue entonces que naci\u00f3 no Maritza Muyo de Wilde, ni siquiera Maritza de Wilde, sino Maritza Wilde. Un sello, una personalidad.<\/p>\n<p><strong>INAGOTABLEMENTE MARITZA<\/strong><\/p>\n<p>Es a Maritza Wilde que se le debe una larga lista de obras actuadas, dirigidas y\/o escritas por ella entre los a\u00f1os 70 del Siglo XX y los 2000: <em>De brujas y alcoviteiras<\/em>, <em>La casa de Bernarda Alba<\/em>, <em>El m\u00e9dico a palos<\/em>, <em>El escudo y la piedra<\/em>, <em>El cofre de selenio, Don Juan, \u2026seis oficios a saber<\/em>, <em>Fuenteovejuna<\/em> (en teatro de objetos), <em>Madre coraje<\/em>, <em>El cerco de Leningrado<\/em>, <em>Los diarios de Ad\u00e1n y Eva<\/em>, etc. etc.<\/p>\n<p>Pero quiz\u00e1s su huella indeleble tiene m\u00e1s que ver con renunciar para multiplicarse. Lo dice en la entrevista que le hizo la productora Nicobis en 2006: hay que elegir, y elegir es tambi\u00e9n renunciar. No es que ella dejase de escribir y actuar, pero el Fitaz le fue reclamando tiempo y seguramente oblig\u00e1ndola a postergar su labor creativa. Lo que s\u00ed, el propio Fitaz le afin\u00f3 la sensibilidad respecto del quehacer de otros y otras, de manera que actores, actrices, dramaturgos\/as, grupos, elencos la tuvieron muy cerca para escuchar su voz de aliento, decisiva en muchos casos para reafirmar vocaciones y conseguir as\u00ed que el teatro en Bolivia se renueve. Siendo de tal modo, calc\u00falese cu\u00e1ntos a\u00f1os concentr\u00f3 esta mujer en una sola vida.<\/p>\n<p>De hecho, en el \u00faltimo a\u00f1o, atestigua Iris Mirabal, gestora cultural y amiga de la pareja Wilde, Maritza pareci\u00f3 haberse recargado de la energ\u00eda que le absorbi\u00f3 la pandemia. Prepar\u00f3 y entreg\u00f3 la memoria del Fitaz, perge\u00f1\u00f3 y gestion\u00f3 la fiesta teatral del Bicentenario que en mayo se concret\u00f3 en Sucre como un Fitaz extraordinario, estaba dirigiendo una obra en la que iba a actuar Fernando Romero, preve\u00eda la publicaci\u00f3n de sus obras dramat\u00fargicas\u2026<\/p>\n<p>Hay que cerrar par\u00e9ntesis nost\u00e1lgicamente.<\/p>\n<p><strong>ESCENA Y VIDA<\/strong><\/p>\n<p>Marzo de 1999; primer Fitaz. Un actor, una mesa, una l\u00e1mpara: <em>Ejecutor 14<\/em> de Teatro Camino (Chile). H\u00e9ctor Noguera, el teatrista que ya antes hab\u00eda llegado a Bolivia con cinco obras gracias a Maritza Wilde (entre ellas, <em>De las consecuencias de mucho leer, Siberia <\/em>y<em> La vida es sue\u00f1o<\/em>), se pone en la piel de una v\u00edctima de la guerra que, tras el trauma, emerge como un victimario, un fan\u00e1tico dispuesto a matar.<\/p>\n<p><em>Ejecutor 14<\/em>, del dramaturgo egipcio Adel Hakim, se present\u00f3 en la sala Modesta Sangin\u00e9s la misma noche en que la OTAN comenzaba una serie de bombardeos contra Yugoslavia. En esos ataques hubo casi 6.000 v\u00edctimas civiles y, ahora lo pregunto pensando tambi\u00e9n en Irak, en Palestina, en Bolivia, qui\u00e9n sabe cu\u00e1ntos nuevos ejecutores. \u00bfCoincidencia? Destino, Maritza: escena y vida.<\/p>\n<p>El teatro es un frente de batalla pac\u00edfica, valga la paradoja, y t\u00fa teatrista y espectadora, que lo asumiste clar\u00edsimamente, nos lo viniste repitiendo en cada Fitaz, incluso el de 2024, el \u00faltimo desde el que, ya como presidenta honor\u00edfica, toda vez que Bernardo Arancibia hab\u00eda asumido la conducci\u00f3n del festival en 2022, nos pediste en un video: no olviden que hay mucha gente sufriendo violencia, que hay demasiadas guerras. \u201cNo olviden\u201d.<\/p>\n<p>No (te) olvidaremos.<\/p>\n<p><strong>MISA DE OCHO D\u00cdAS Y HOMENAJE<\/strong><\/p>\n<p>Hoy, lunes 8 de septiembre, a horas 19:30, se oficiar\u00e1 la misa de 8 d\u00edas del fallecimiento de Maritza Wilde en el Sal\u00f3n de Honor del Teatro Municipal \u201cAlberto Saavedra P\u00e9rez\u201d, donde tambi\u00e9n se le rendir\u00e1 un merecido homenaje p\u00f3stumo.<\/p>\n\r\n                <style type=\"text\/css\">\r\n                    \r\n                    #tdi_1  .td-doubleSlider-2 .td-item1 {\r\n                        background: url(https:\/\/www.eldiario.net\/portal\/wp-content\/uploads\/2025\/09\/7--80x60.webp) 0 0 no-repeat;\r\n                    }\r\n                    #tdi_1  .td-doubleSlider-2 .td-item2 {\r\n                        background: url(https:\/\/www.eldiario.net\/portal\/wp-content\/uploads\/2025\/09\/1-PRINCIPAL-2-80x60.webp) 0 0 no-repeat;\r\n                    }\r\n                    #tdi_1  .td-doubleSlider-2 .td-item3 {\r\n                        background: url(https:\/\/www.eldiario.net\/portal\/wp-content\/uploads\/2025\/09\/2-1-1-80x60.webp) 0 0 no-repeat;\r\n                    }\r\n                    #tdi_1  .td-doubleSlider-2 .td-item4 {\r\n                        background: url(https:\/\/www.eldiario.net\/portal\/wp-content\/uploads\/2025\/09\/3-1-1-80x60.webp) 0 0 no-repeat;\r\n                    }\r\n                    #tdi_1  .td-doubleSlider-2 .td-item5 {\r\n                        background: url(https:\/\/www.eldiario.net\/portal\/wp-content\/uploads\/2025\/09\/4-1-1-80x60.webp) 0 0 no-repeat;\r\n                    }\r\n                    #tdi_1  .td-doubleSlider-2 .td-item6 {\r\n                        background: url(https:\/\/www.eldiario.net\/portal\/wp-content\/uploads\/2025\/09\/5-1-1-80x60.webp) 0 0 no-repeat;\r\n                    }\r\n                    #tdi_1  .td-doubleSlider-2 .td-item7 {\r\n                        background: url(https:\/\/www.eldiario.net\/portal\/wp-content\/uploads\/2025\/09\/6-1-2-80x60.webp) 0 0 no-repeat;\r\n                    }\r\n                <\/style>\r\n\r\n                <div id=\"tdi_1\" class=\"td-gallery td-slide-on-2-columns\">\r\n                    <div class=\"post_td_gallery\">\r\n                        <div class=\"td-gallery-slide-top\">\r\n                           <div class=\"td-gallery-title\"><\/div>\r\n\r\n                            <div class=\"td-gallery-controls-wrapper\">\r\n                                <div class=\"td-gallery-slide-count\"><span class=\"td-gallery-slide-item-focus\">1<\/span> de 7<\/div>\r\n                                <div class=\"td-gallery-slide-prev-next-but\">\r\n                                    <i class = \"td-icon-left doubleSliderPrevButton\"><\/i>\r\n                                    <i class = \"td-icon-right doubleSliderNextButton\"><\/i>\r\n                                <\/div>\r\n                            <\/div>\r\n                        <\/div>\r\n\r\n                        <div class = \"td-doubleSlider-1 \">\r\n                            <div class = \"td-slider\">\r\n                                \r\n                    <div class = \"td-slide-item td-item1\">\r\n                        <figure class=\"td-slide-galery-figure td-slide-popup-gallery\">\r\n                            <a class=\"slide-gallery-image-link\" href=\"https:\/\/www.eldiario.net\/portal\/wp-content\/uploads\/2025\/09\/7-.webp\" title=\"7-\"  data-caption=\"\"  data-description=\"\">\r\n                                <img decoding=\"async\" src=\"https:\/\/www.eldiario.net\/portal\/wp-content\/uploads\/2025\/09\/7--799x420.webp\" srcset=\"https:\/\/www.eldiario.net\/portal\/wp-content\/uploads\/2025\/09\/7--799x420.webp 799w, https:\/\/www.eldiario.net\/portal\/wp-content\/uploads\/2025\/09\/7--300x158.webp 300w, https:\/\/www.eldiario.net\/portal\/wp-content\/uploads\/2025\/09\/7--1024x538.webp 1024w, https:\/\/www.eldiario.net\/portal\/wp-content\/uploads\/2025\/09\/7--768x404.webp 768w, https:\/\/www.eldiario.net\/portal\/wp-content\/uploads\/2025\/09\/7--150x79.webp 150w, https:\/\/www.eldiario.net\/portal\/wp-content\/uploads\/2025\/09\/7--696x366.webp 696w, https:\/\/www.eldiario.net\/portal\/wp-content\/uploads\/2025\/09\/7--1068x562.webp 1068w, https:\/\/www.eldiario.net\/portal\/wp-content\/uploads\/2025\/09\/7-.webp 1200w\" sizes=\"(max-width: 799px) 100vw, 799px\" alt=\"\">\r\n                            <\/a>\r\n                            \r\n                        <\/figure>\r\n                    <\/div>\r\n                    <div class = \"td-slide-item td-item2\">\r\n                        <figure class=\"td-slide-galery-figure td-slide-popup-gallery\">\r\n                            <a class=\"slide-gallery-image-link\" href=\"https:\/\/www.eldiario.net\/portal\/wp-content\/uploads\/2025\/09\/1-PRINCIPAL-2.webp\" title=\"1-PRINCIPAL\"  data-caption=\"\"  data-description=\"\">\r\n                                <img decoding=\"async\" src=\"https:\/\/www.eldiario.net\/portal\/wp-content\/uploads\/2025\/09\/1-PRINCIPAL-2-524x420.webp\" srcset=\"https:\/\/www.eldiario.net\/portal\/wp-content\/uploads\/2025\/09\/1-PRINCIPAL-2-524x420.webp 524w, https:\/\/www.eldiario.net\/portal\/wp-content\/uploads\/2025\/09\/1-PRINCIPAL-2-300x240.webp 300w, https:\/\/www.eldiario.net\/portal\/wp-content\/uploads\/2025\/09\/1-PRINCIPAL-2-150x120.webp 150w, https:\/\/www.eldiario.net\/portal\/wp-content\/uploads\/2025\/09\/1-PRINCIPAL-2-696x558.webp 696w, https:\/\/www.eldiario.net\/portal\/wp-content\/uploads\/2025\/09\/1-PRINCIPAL-2.webp 750w\" sizes=\"(max-width: 524px) 100vw, 524px\" alt=\"\">\r\n                            <\/a>\r\n                            \r\n                        <\/figure>\r\n                    <\/div>\r\n                    <div class = \"td-slide-item td-item3\">\r\n                        <figure class=\"td-slide-galery-figure td-slide-popup-gallery\">\r\n                            <a class=\"slide-gallery-image-link\" href=\"https:\/\/www.eldiario.net\/portal\/wp-content\/uploads\/2025\/09\/2-1-1.webp\" title=\"2-\"  data-caption=\"\"  data-description=\"\">\r\n                                <img decoding=\"async\" src=\"https:\/\/www.eldiario.net\/portal\/wp-content\/uploads\/2025\/09\/2-1-1-627x420.webp\" srcset=\"https:\/\/www.eldiario.net\/portal\/wp-content\/uploads\/2025\/09\/2-1-1-627x420.webp 627w, https:\/\/www.eldiario.net\/portal\/wp-content\/uploads\/2025\/09\/2-1-1-300x201.webp 300w, https:\/\/www.eldiario.net\/portal\/wp-content\/uploads\/2025\/09\/2-1-1-768x515.webp 768w, https:\/\/www.eldiario.net\/portal\/wp-content\/uploads\/2025\/09\/2-1-1-150x101.webp 150w, https:\/\/www.eldiario.net\/portal\/wp-content\/uploads\/2025\/09\/2-1-1-696x466.webp 696w, https:\/\/www.eldiario.net\/portal\/wp-content\/uploads\/2025\/09\/2-1-1.webp 1025w\" sizes=\"(max-width: 627px) 100vw, 627px\" alt=\"\">\r\n                            <\/a>\r\n                            \r\n                        <\/figure>\r\n                    <\/div>\r\n                    <div class = \"td-slide-item td-item4\">\r\n                        <figure class=\"td-slide-galery-figure td-slide-popup-gallery\">\r\n                            <a class=\"slide-gallery-image-link\" href=\"https:\/\/www.eldiario.net\/portal\/wp-content\/uploads\/2025\/09\/3-1-1.webp\" title=\"3-\"  data-caption=\"\"  data-description=\"\">\r\n                                <img decoding=\"async\" src=\"https:\/\/www.eldiario.net\/portal\/wp-content\/uploads\/2025\/09\/3-1-1-287x420.webp\" srcset=\"https:\/\/www.eldiario.net\/portal\/wp-content\/uploads\/2025\/09\/3-1-1-287x420.webp 287w, https:\/\/www.eldiario.net\/portal\/wp-content\/uploads\/2025\/09\/3-1-1-205x300.webp 205w, https:\/\/www.eldiario.net\/portal\/wp-content\/uploads\/2025\/09\/3-1-1-150x219.webp 150w, https:\/\/www.eldiario.net\/portal\/wp-content\/uploads\/2025\/09\/3-1-1-300x439.webp 300w, https:\/\/www.eldiario.net\/portal\/wp-content\/uploads\/2025\/09\/3-1-1.webp 509w\" sizes=\"(max-width: 287px) 100vw, 287px\" alt=\"\">\r\n                            <\/a>\r\n                            \r\n                        <\/figure>\r\n                    <\/div>\r\n                    <div class = \"td-slide-item td-item5\">\r\n                        <figure class=\"td-slide-galery-figure td-slide-popup-gallery\">\r\n                            <a class=\"slide-gallery-image-link\" href=\"https:\/\/www.eldiario.net\/portal\/wp-content\/uploads\/2025\/09\/4-1-1.webp\" title=\"4-\"  data-caption=\"\"  data-description=\"\">\r\n                                <img decoding=\"async\" src=\"https:\/\/www.eldiario.net\/portal\/wp-content\/uploads\/2025\/09\/4-1-1-630x420.webp\" srcset=\"https:\/\/www.eldiario.net\/portal\/wp-content\/uploads\/2025\/09\/4-1-1-630x420.webp 630w, https:\/\/www.eldiario.net\/portal\/wp-content\/uploads\/2025\/09\/4-1-1-300x200.webp 300w, https:\/\/www.eldiario.net\/portal\/wp-content\/uploads\/2025\/09\/4-1-1-1024x683.webp 1024w, https:\/\/www.eldiario.net\/portal\/wp-content\/uploads\/2025\/09\/4-1-1-768x512.webp 768w, https:\/\/www.eldiario.net\/portal\/wp-content\/uploads\/2025\/09\/4-1-1-150x100.webp 150w, https:\/\/www.eldiario.net\/portal\/wp-content\/uploads\/2025\/09\/4-1-1-696x464.webp 696w, https:\/\/www.eldiario.net\/portal\/wp-content\/uploads\/2025\/09\/4-1-1-1068x712.webp 1068w, https:\/\/www.eldiario.net\/portal\/wp-content\/uploads\/2025\/09\/4-1-1.webp 1200w\" sizes=\"(max-width: 630px) 100vw, 630px\" alt=\"\">\r\n                            <\/a>\r\n                            \r\n                        <\/figure>\r\n                    <\/div>\r\n                    <div class = \"td-slide-item td-item6\">\r\n                        <figure class=\"td-slide-galery-figure td-slide-popup-gallery\">\r\n                            <a class=\"slide-gallery-image-link\" href=\"https:\/\/www.eldiario.net\/portal\/wp-content\/uploads\/2025\/09\/5-1-1.webp\" title=\"5-\"  data-caption=\"\"  data-description=\"\">\r\n                                <img decoding=\"async\" src=\"https:\/\/www.eldiario.net\/portal\/wp-content\/uploads\/2025\/09\/5-1-1-691x420.webp\" srcset=\"https:\/\/www.eldiario.net\/portal\/wp-content\/uploads\/2025\/09\/5-1-1-691x420.webp 691w, https:\/\/www.eldiario.net\/portal\/wp-content\/uploads\/2025\/09\/5-1-1-300x182.webp 300w, https:\/\/www.eldiario.net\/portal\/wp-content\/uploads\/2025\/09\/5-1-1-1024x623.webp 1024w, https:\/\/www.eldiario.net\/portal\/wp-content\/uploads\/2025\/09\/5-1-1-768x467.webp 768w, https:\/\/www.eldiario.net\/portal\/wp-content\/uploads\/2025\/09\/5-1-1-150x91.webp 150w, https:\/\/www.eldiario.net\/portal\/wp-content\/uploads\/2025\/09\/5-1-1-696x423.webp 696w, https:\/\/www.eldiario.net\/portal\/wp-content\/uploads\/2025\/09\/5-1-1.webp 1028w\" sizes=\"(max-width: 691px) 100vw, 691px\" alt=\"\">\r\n                            <\/a>\r\n                            \r\n                        <\/figure>\r\n                    <\/div>\r\n                    <div class = \"td-slide-item td-item7\">\r\n                        <figure class=\"td-slide-galery-figure td-slide-popup-gallery\">\r\n                            <a class=\"slide-gallery-image-link\" href=\"https:\/\/www.eldiario.net\/portal\/wp-content\/uploads\/2025\/09\/6-1-2.webp\" title=\"6-\"  data-caption=\"\"  data-description=\"\">\r\n                                <img decoding=\"async\" src=\"https:\/\/www.eldiario.net\/portal\/wp-content\/uploads\/2025\/09\/6-1-2-526x420.webp\" srcset=\"https:\/\/www.eldiario.net\/portal\/wp-content\/uploads\/2025\/09\/6-1-2-526x420.webp 526w, https:\/\/www.eldiario.net\/portal\/wp-content\/uploads\/2025\/09\/6-1-2-300x239.webp 300w, https:\/\/www.eldiario.net\/portal\/wp-content\/uploads\/2025\/09\/6-1-2-1024x817.webp 1024w, https:\/\/www.eldiario.net\/portal\/wp-content\/uploads\/2025\/09\/6-1-2-768x613.webp 768w, https:\/\/www.eldiario.net\/portal\/wp-content\/uploads\/2025\/09\/6-1-2-150x120.webp 150w, https:\/\/www.eldiario.net\/portal\/wp-content\/uploads\/2025\/09\/6-1-2-696x556.webp 696w, https:\/\/www.eldiario.net\/portal\/wp-content\/uploads\/2025\/09\/6-1-2-1068x852.webp 1068w, https:\/\/www.eldiario.net\/portal\/wp-content\/uploads\/2025\/09\/6-1-2.webp 1536w\" sizes=\"(max-width: 526px) 100vw, 526px\" alt=\"\">\r\n                            <\/a>\r\n                            \r\n                        <\/figure>\r\n                    <\/div>\r\n                            <\/div>\r\n                        <\/div>\r\n\r\n                        <div class = \"td-doubleSlider-2\">\r\n                            <div class = \"td-slider\">\r\n                                \r\n                    <div class = \"td-button td-item1\">\r\n                        <div class = \"td-border\"><\/div>\r\n                    <\/div>\r\n                    <div class = \"td-button td-item2\">\r\n                        <div class = \"td-border\"><\/div>\r\n                    <\/div>\r\n                    <div class = \"td-button td-item3\">\r\n                        <div class = \"td-border\"><\/div>\r\n                    <\/div>\r\n                    <div class = \"td-button td-item4\">\r\n                        <div class = \"td-border\"><\/div>\r\n                    <\/div>\r\n                    <div class = \"td-button td-item5\">\r\n                        <div class = \"td-border\"><\/div>\r\n                    <\/div>\r\n                    <div class = \"td-button td-item6\">\r\n                        <div class = \"td-border\"><\/div>\r\n                    <\/div>\r\n                    <div class = \"td-button td-item7\">\r\n                        <div class = \"td-border\"><\/div>\r\n                    <\/div>\r\n                            <\/div>\r\n                        <\/div>\r\n\r\n                    <\/div>\r\n\r\n                <\/div>\r\n                \n","protected":false},"excerpt":{"rendered":"<p>Mabel Franco Ortega La Paz se hab\u00eda convertido en la gran preocupaci\u00f3n de Maritza Wilde. Por eso, en determinado momento de los iniciales del Festival Internacional de Teatro de La Paz (Fitaz), su creadora decidi\u00f3 darle un doble sentido a eso de \u201cla paz\u201d: el de la ciudad, claro, pero tambi\u00e9n el del estado, el [&hellip;]<\/p>\n","protected":false},"author":1,"featured_media":329697,"comment_status":"closed","ping_status":"open","sticky":false,"template":"","format":"standard","meta":{"_acf_changed":false,"footnotes":""},"categories":[41],"tags":[],"class_list":["post-329695","post","type-post","status-publish","format-standard","has-post-thumbnail","category-la-guia"],"acf":{"antetitulo":""},"yoast_head":"<!-- This site is optimized with the Yoast SEO plugin v28.4 - https:\/\/yoast.com\/product\/yoast-seo-wordpress\/ -->\n<title>Las paces de una mujer llamada Wilde - El Diario - Bolivia<\/title>\n<meta name=\"robots\" content=\"index, follow, max-snippet:-1, max-image-preview:large, max-video-preview:-1\" \/>\n<link rel=\"canonical\" href=\"https:\/\/www.eldiario.net\/portal\/2025\/09\/08\/las-paces-de-una-mujer-llamada-wilde\/\" \/>\n<meta property=\"og:locale\" content=\"es_ES\" \/>\n<meta property=\"og:type\" content=\"article\" \/>\n<meta property=\"og:title\" content=\"Las paces de una mujer llamada Wilde - El Diario - Bolivia\" \/>\n<meta property=\"og:description\" content=\"Mabel Franco Ortega La Paz se hab\u00eda convertido en la gran preocupaci\u00f3n de Maritza Wilde. Por eso, en determinado momento de los iniciales del Festival Internacional de Teatro de La Paz (Fitaz), su creadora decidi\u00f3 darle un doble sentido a eso de \u201cla paz\u201d: el de la ciudad, claro, pero tambi\u00e9n el del estado, el [&hellip;]\" \/>\n<meta property=\"og:url\" content=\"https:\/\/www.eldiario.net\/portal\/2025\/09\/08\/las-paces-de-una-mujer-llamada-wilde\/\" \/>\n<meta property=\"og:site_name\" content=\"El Diario - Bolivia\" \/>\n<meta property=\"article:publisher\" content=\"https:\/\/www.facebook.com\/eldiario.bolivia\/\" \/>\n<meta property=\"article:published_time\" content=\"2025-09-08T04:58:24+00:00\" \/>\n<meta property=\"og:image\" content=\"https:\/\/www.eldiario.net\/portal\/wp-content\/uploads\/2025\/09\/1-PRINCIPAL-2.webp\" \/>\n\t<meta property=\"og:image:width\" content=\"750\" \/>\n\t<meta property=\"og:image:height\" content=\"601\" \/>\n\t<meta property=\"og:image:type\" content=\"image\/webp\" \/>\n<meta name=\"author\" content=\"Jeanette\" \/>\n<meta name=\"twitter:card\" content=\"summary_large_image\" \/>\n<meta name=\"twitter:creator\" content=\"@eldiario_net\" \/>\n<meta name=\"twitter:site\" content=\"@eldiario_net\" \/>\n<meta name=\"twitter:label1\" content=\"Escrito por\" \/>\n\t<meta name=\"twitter:data1\" content=\"Jeanette\" \/>\n\t<meta name=\"twitter:label2\" content=\"Tiempo de lectura\" \/>\n\t<meta name=\"twitter:data2\" content=\"6 minutos\" \/>\n<script type=\"application\/ld+json\" class=\"yoast-schema-graph\">{\"@context\":\"https:\\\/\\\/schema.org\",\"@graph\":[{\"@type\":\"Article\",\"@id\":\"https:\\\/\\\/www.eldiario.net\\\/portal\\\/2025\\\/09\\\/08\\\/las-paces-de-una-mujer-llamada-wilde\\\/#article\",\"isPartOf\":{\"@id\":\"https:\\\/\\\/www.eldiario.net\\\/portal\\\/2025\\\/09\\\/08\\\/las-paces-de-una-mujer-llamada-wilde\\\/\"},\"author\":{\"name\":\"Jeanette\",\"@id\":\"https:\\\/\\\/www.eldiario.net\\\/portal\\\/#\\\/schema\\\/person\\\/2c57cf2b7a7ae032e449e4c9b1019eac\"},\"headline\":\"Las paces de una mujer llamada Wilde\",\"datePublished\":\"2025-09-08T04:58:24+00:00\",\"mainEntityOfPage\":{\"@id\":\"https:\\\/\\\/www.eldiario.net\\\/portal\\\/2025\\\/09\\\/08\\\/las-paces-de-una-mujer-llamada-wilde\\\/\"},\"wordCount\":1309,\"publisher\":{\"@id\":\"https:\\\/\\\/www.eldiario.net\\\/portal\\\/#organization\"},\"image\":{\"@id\":\"https:\\\/\\\/www.eldiario.net\\\/portal\\\/2025\\\/09\\\/08\\\/las-paces-de-una-mujer-llamada-wilde\\\/#primaryimage\"},\"thumbnailUrl\":\"https:\\\/\\\/www.eldiario.net\\\/portal\\\/wp-content\\\/uploads\\\/2025\\\/09\\\/1-PRINCIPAL-2.webp\",\"articleSection\":[\"La Gu\u00eda\"],\"inLanguage\":\"es\"},{\"@type\":\"WebPage\",\"@id\":\"https:\\\/\\\/www.eldiario.net\\\/portal\\\/2025\\\/09\\\/08\\\/las-paces-de-una-mujer-llamada-wilde\\\/\",\"url\":\"https:\\\/\\\/www.eldiario.net\\\/portal\\\/2025\\\/09\\\/08\\\/las-paces-de-una-mujer-llamada-wilde\\\/\",\"name\":\"Las paces de una mujer llamada Wilde - El Diario - Bolivia\",\"isPartOf\":{\"@id\":\"https:\\\/\\\/www.eldiario.net\\\/portal\\\/#website\"},\"primaryImageOfPage\":{\"@id\":\"https:\\\/\\\/www.eldiario.net\\\/portal\\\/2025\\\/09\\\/08\\\/las-paces-de-una-mujer-llamada-wilde\\\/#primaryimage\"},\"image\":{\"@id\":\"https:\\\/\\\/www.eldiario.net\\\/portal\\\/2025\\\/09\\\/08\\\/las-paces-de-una-mujer-llamada-wilde\\\/#primaryimage\"},\"thumbnailUrl\":\"https:\\\/\\\/www.eldiario.net\\\/portal\\\/wp-content\\\/uploads\\\/2025\\\/09\\\/1-PRINCIPAL-2.webp\",\"datePublished\":\"2025-09-08T04:58:24+00:00\",\"breadcrumb\":{\"@id\":\"https:\\\/\\\/www.eldiario.net\\\/portal\\\/2025\\\/09\\\/08\\\/las-paces-de-una-mujer-llamada-wilde\\\/#breadcrumb\"},\"inLanguage\":\"es\",\"potentialAction\":[{\"@type\":\"ReadAction\",\"target\":[\"https:\\\/\\\/www.eldiario.net\\\/portal\\\/2025\\\/09\\\/08\\\/las-paces-de-una-mujer-llamada-wilde\\\/\"]}]},{\"@type\":\"ImageObject\",\"inLanguage\":\"es\",\"@id\":\"https:\\\/\\\/www.eldiario.net\\\/portal\\\/2025\\\/09\\\/08\\\/las-paces-de-una-mujer-llamada-wilde\\\/#primaryimage\",\"url\":\"https:\\\/\\\/www.eldiario.net\\\/portal\\\/wp-content\\\/uploads\\\/2025\\\/09\\\/1-PRINCIPAL-2.webp\",\"contentUrl\":\"https:\\\/\\\/www.eldiario.net\\\/portal\\\/wp-content\\\/uploads\\\/2025\\\/09\\\/1-PRINCIPAL-2.webp\",\"width\":750,\"height\":601},{\"@type\":\"BreadcrumbList\",\"@id\":\"https:\\\/\\\/www.eldiario.net\\\/portal\\\/2025\\\/09\\\/08\\\/las-paces-de-una-mujer-llamada-wilde\\\/#breadcrumb\",\"itemListElement\":[{\"@type\":\"ListItem\",\"position\":1,\"name\":\"Portada\",\"item\":\"https:\\\/\\\/www.eldiario.net\\\/portal\\\/\"},{\"@type\":\"ListItem\",\"position\":2,\"name\":\"Las paces de una mujer llamada Wilde\"}]},{\"@type\":\"WebSite\",\"@id\":\"https:\\\/\\\/www.eldiario.net\\\/portal\\\/#website\",\"url\":\"https:\\\/\\\/www.eldiario.net\\\/portal\\\/\",\"name\":\"El Diario - Decano de la prensa nacional\",\"description\":\"El Diario - Decano de la prensa nacional\",\"publisher\":{\"@id\":\"https:\\\/\\\/www.eldiario.net\\\/portal\\\/#organization\"},\"potentialAction\":[{\"@type\":\"SearchAction\",\"target\":{\"@type\":\"EntryPoint\",\"urlTemplate\":\"https:\\\/\\\/www.eldiario.net\\\/portal\\\/?s={search_term_string}\"},\"query-input\":{\"@type\":\"PropertyValueSpecification\",\"valueRequired\":true,\"valueName\":\"search_term_string\"}}],\"inLanguage\":\"es\"},{\"@type\":\"Organization\",\"@id\":\"https:\\\/\\\/www.eldiario.net\\\/portal\\\/#organization\",\"name\":\"El Diario - Decano de la prensa nacional\",\"url\":\"https:\\\/\\\/www.eldiario.net\\\/portal\\\/\",\"logo\":{\"@type\":\"ImageObject\",\"inLanguage\":\"es\",\"@id\":\"https:\\\/\\\/www.eldiario.net\\\/portal\\\/#\\\/schema\\\/logo\\\/image\\\/\",\"url\":\"https:\\\/\\\/www.eldiario.net\\\/portal\\\/wp-content\\\/uploads\\\/2023\\\/07\\\/logo_ED.jpg\",\"contentUrl\":\"https:\\\/\\\/www.eldiario.net\\\/portal\\\/wp-content\\\/uploads\\\/2023\\\/07\\\/logo_ED.jpg\",\"width\":272,\"height\":52,\"caption\":\"El Diario - Decano de la prensa nacional\"},\"image\":{\"@id\":\"https:\\\/\\\/www.eldiario.net\\\/portal\\\/#\\\/schema\\\/logo\\\/image\\\/\"},\"sameAs\":[\"https:\\\/\\\/www.facebook.com\\\/eldiario.bolivia\\\/\",\"https:\\\/\\\/x.com\\\/eldiario_net\"]},{\"@type\":\"Person\",\"@id\":\"https:\\\/\\\/www.eldiario.net\\\/portal\\\/#\\\/schema\\\/person\\\/2c57cf2b7a7ae032e449e4c9b1019eac\",\"name\":\"Jeanette\",\"image\":{\"@type\":\"ImageObject\",\"inLanguage\":\"es\",\"@id\":\"https:\\\/\\\/secure.gravatar.com\\\/avatar\\\/3ea2118a5f7dad2b7138b1187a6b7ee55f160b9968b66013c3a3ef39dd7e5798?s=96&d=mm&r=g\",\"url\":\"https:\\\/\\\/secure.gravatar.com\\\/avatar\\\/3ea2118a5f7dad2b7138b1187a6b7ee55f160b9968b66013c3a3ef39dd7e5798?s=96&d=mm&r=g\",\"contentUrl\":\"https:\\\/\\\/secure.gravatar.com\\\/avatar\\\/3ea2118a5f7dad2b7138b1187a6b7ee55f160b9968b66013c3a3ef39dd7e5798?s=96&d=mm&r=g\",\"caption\":\"Jeanette\"},\"sameAs\":[\"https:\\\/\\\/www.eldiario.net\\\/portal\"],\"url\":\"https:\\\/\\\/www.eldiario.net\\\/portal\\\/author\\\/jeanette\\\/\"}]}<\/script>\n<!-- \/ Yoast SEO plugin. -->","yoast_head_json":{"title":"Las paces de una mujer llamada Wilde - El Diario - Bolivia","robots":{"index":"index","follow":"follow","max-snippet":"max-snippet:-1","max-image-preview":"max-image-preview:large","max-video-preview":"max-video-preview:-1"},"canonical":"https:\/\/www.eldiario.net\/portal\/2025\/09\/08\/las-paces-de-una-mujer-llamada-wilde\/","og_locale":"es_ES","og_type":"article","og_title":"Las paces de una mujer llamada Wilde - El Diario - Bolivia","og_description":"Mabel Franco Ortega La Paz se hab\u00eda convertido en la gran preocupaci\u00f3n de Maritza Wilde. Por eso, en determinado momento de los iniciales del Festival Internacional de Teatro de La Paz (Fitaz), su creadora decidi\u00f3 darle un doble sentido a eso de \u201cla paz\u201d: el de la ciudad, claro, pero tambi\u00e9n el del estado, el [&hellip;]","og_url":"https:\/\/www.eldiario.net\/portal\/2025\/09\/08\/las-paces-de-una-mujer-llamada-wilde\/","og_site_name":"El Diario - Bolivia","article_publisher":"https:\/\/www.facebook.com\/eldiario.bolivia\/","article_published_time":"2025-09-08T04:58:24+00:00","og_image":[{"width":750,"height":601,"url":"https:\/\/www.eldiario.net\/portal\/wp-content\/uploads\/2025\/09\/1-PRINCIPAL-2.webp","type":"image\/webp"}],"author":"Jeanette","twitter_card":"summary_large_image","twitter_creator":"@eldiario_net","twitter_site":"@eldiario_net","twitter_misc":{"Escrito por":"Jeanette","Tiempo de lectura":"6 minutos"},"schema":{"@context":"https:\/\/schema.org","@graph":[{"@type":"Article","@id":"https:\/\/www.eldiario.net\/portal\/2025\/09\/08\/las-paces-de-una-mujer-llamada-wilde\/#article","isPartOf":{"@id":"https:\/\/www.eldiario.net\/portal\/2025\/09\/08\/las-paces-de-una-mujer-llamada-wilde\/"},"author":{"name":"Jeanette","@id":"https:\/\/www.eldiario.net\/portal\/#\/schema\/person\/2c57cf2b7a7ae032e449e4c9b1019eac"},"headline":"Las paces de una mujer llamada Wilde","datePublished":"2025-09-08T04:58:24+00:00","mainEntityOfPage":{"@id":"https:\/\/www.eldiario.net\/portal\/2025\/09\/08\/las-paces-de-una-mujer-llamada-wilde\/"},"wordCount":1309,"publisher":{"@id":"https:\/\/www.eldiario.net\/portal\/#organization"},"image":{"@id":"https:\/\/www.eldiario.net\/portal\/2025\/09\/08\/las-paces-de-una-mujer-llamada-wilde\/#primaryimage"},"thumbnailUrl":"https:\/\/www.eldiario.net\/portal\/wp-content\/uploads\/2025\/09\/1-PRINCIPAL-2.webp","articleSection":["La Gu\u00eda"],"inLanguage":"es"},{"@type":"WebPage","@id":"https:\/\/www.eldiario.net\/portal\/2025\/09\/08\/las-paces-de-una-mujer-llamada-wilde\/","url":"https:\/\/www.eldiario.net\/portal\/2025\/09\/08\/las-paces-de-una-mujer-llamada-wilde\/","name":"Las paces de una mujer llamada Wilde - El Diario - Bolivia","isPartOf":{"@id":"https:\/\/www.eldiario.net\/portal\/#website"},"primaryImageOfPage":{"@id":"https:\/\/www.eldiario.net\/portal\/2025\/09\/08\/las-paces-de-una-mujer-llamada-wilde\/#primaryimage"},"image":{"@id":"https:\/\/www.eldiario.net\/portal\/2025\/09\/08\/las-paces-de-una-mujer-llamada-wilde\/#primaryimage"},"thumbnailUrl":"https:\/\/www.eldiario.net\/portal\/wp-content\/uploads\/2025\/09\/1-PRINCIPAL-2.webp","datePublished":"2025-09-08T04:58:24+00:00","breadcrumb":{"@id":"https:\/\/www.eldiario.net\/portal\/2025\/09\/08\/las-paces-de-una-mujer-llamada-wilde\/#breadcrumb"},"inLanguage":"es","potentialAction":[{"@type":"ReadAction","target":["https:\/\/www.eldiario.net\/portal\/2025\/09\/08\/las-paces-de-una-mujer-llamada-wilde\/"]}]},{"@type":"ImageObject","inLanguage":"es","@id":"https:\/\/www.eldiario.net\/portal\/2025\/09\/08\/las-paces-de-una-mujer-llamada-wilde\/#primaryimage","url":"https:\/\/www.eldiario.net\/portal\/wp-content\/uploads\/2025\/09\/1-PRINCIPAL-2.webp","contentUrl":"https:\/\/www.eldiario.net\/portal\/wp-content\/uploads\/2025\/09\/1-PRINCIPAL-2.webp","width":750,"height":601},{"@type":"BreadcrumbList","@id":"https:\/\/www.eldiario.net\/portal\/2025\/09\/08\/las-paces-de-una-mujer-llamada-wilde\/#breadcrumb","itemListElement":[{"@type":"ListItem","position":1,"name":"Portada","item":"https:\/\/www.eldiario.net\/portal\/"},{"@type":"ListItem","position":2,"name":"Las paces de una mujer llamada Wilde"}]},{"@type":"WebSite","@id":"https:\/\/www.eldiario.net\/portal\/#website","url":"https:\/\/www.eldiario.net\/portal\/","name":"El Diario - Decano de la prensa nacional","description":"El Diario - Decano de la prensa nacional","publisher":{"@id":"https:\/\/www.eldiario.net\/portal\/#organization"},"potentialAction":[{"@type":"SearchAction","target":{"@type":"EntryPoint","urlTemplate":"https:\/\/www.eldiario.net\/portal\/?s={search_term_string}"},"query-input":{"@type":"PropertyValueSpecification","valueRequired":true,"valueName":"search_term_string"}}],"inLanguage":"es"},{"@type":"Organization","@id":"https:\/\/www.eldiario.net\/portal\/#organization","name":"El Diario - Decano de la prensa nacional","url":"https:\/\/www.eldiario.net\/portal\/","logo":{"@type":"ImageObject","inLanguage":"es","@id":"https:\/\/www.eldiario.net\/portal\/#\/schema\/logo\/image\/","url":"https:\/\/www.eldiario.net\/portal\/wp-content\/uploads\/2023\/07\/logo_ED.jpg","contentUrl":"https:\/\/www.eldiario.net\/portal\/wp-content\/uploads\/2023\/07\/logo_ED.jpg","width":272,"height":52,"caption":"El Diario - Decano de la prensa nacional"},"image":{"@id":"https:\/\/www.eldiario.net\/portal\/#\/schema\/logo\/image\/"},"sameAs":["https:\/\/www.facebook.com\/eldiario.bolivia\/","https:\/\/x.com\/eldiario_net"]},{"@type":"Person","@id":"https:\/\/www.eldiario.net\/portal\/#\/schema\/person\/2c57cf2b7a7ae032e449e4c9b1019eac","name":"Jeanette","image":{"@type":"ImageObject","inLanguage":"es","@id":"https:\/\/secure.gravatar.com\/avatar\/3ea2118a5f7dad2b7138b1187a6b7ee55f160b9968b66013c3a3ef39dd7e5798?s=96&d=mm&r=g","url":"https:\/\/secure.gravatar.com\/avatar\/3ea2118a5f7dad2b7138b1187a6b7ee55f160b9968b66013c3a3ef39dd7e5798?s=96&d=mm&r=g","contentUrl":"https:\/\/secure.gravatar.com\/avatar\/3ea2118a5f7dad2b7138b1187a6b7ee55f160b9968b66013c3a3ef39dd7e5798?s=96&d=mm&r=g","caption":"Jeanette"},"sameAs":["https:\/\/www.eldiario.net\/portal"],"url":"https:\/\/www.eldiario.net\/portal\/author\/jeanette\/"}]}},"_links":{"self":[{"href":"https:\/\/www.eldiario.net\/portal\/wp-json\/wp\/v2\/posts\/329695","targetHints":{"allow":["GET"]}}],"collection":[{"href":"https:\/\/www.eldiario.net\/portal\/wp-json\/wp\/v2\/posts"}],"about":[{"href":"https:\/\/www.eldiario.net\/portal\/wp-json\/wp\/v2\/types\/post"}],"author":[{"embeddable":true,"href":"https:\/\/www.eldiario.net\/portal\/wp-json\/wp\/v2\/users\/1"}],"replies":[{"embeddable":true,"href":"https:\/\/www.eldiario.net\/portal\/wp-json\/wp\/v2\/comments?post=329695"}],"version-history":[{"count":1,"href":"https:\/\/www.eldiario.net\/portal\/wp-json\/wp\/v2\/posts\/329695\/revisions"}],"predecessor-version":[{"id":329703,"href":"https:\/\/www.eldiario.net\/portal\/wp-json\/wp\/v2\/posts\/329695\/revisions\/329703"}],"wp:featuredmedia":[{"embeddable":true,"href":"https:\/\/www.eldiario.net\/portal\/wp-json\/wp\/v2\/media\/329697"}],"wp:attachment":[{"href":"https:\/\/www.eldiario.net\/portal\/wp-json\/wp\/v2\/media?parent=329695"}],"wp:term":[{"taxonomy":"category","embeddable":true,"href":"https:\/\/www.eldiario.net\/portal\/wp-json\/wp\/v2\/categories?post=329695"},{"taxonomy":"post_tag","embeddable":true,"href":"https:\/\/www.eldiario.net\/portal\/wp-json\/wp\/v2\/tags?post=329695"}],"curies":[{"name":"wp","href":"https:\/\/api.w.org\/{rel}","templated":true}]}}