{"id":329677,"date":"2025-09-08T00:53:53","date_gmt":"2025-09-08T04:53:53","guid":{"rendered":"https:\/\/www.eldiario.net\/portal\/?p=329677"},"modified":"2025-09-07T21:55:53","modified_gmt":"2025-09-08T01:55:53","slug":"imcruz-inchcape-se-consolida-con-una-inversion-de-clase-mundial","status":"publish","type":"post","link":"https:\/\/www.eldiario.net\/portal\/2025\/09\/08\/imcruz-inchcape-se-consolida-con-una-inversion-de-clase-mundial\/","title":{"rendered":"Imcruz \u2013 Inchcape se consolida con una inversi\u00f3n de clase mundial"},"content":{"rendered":"<p>Con un evento que reuni\u00f3 a ejecutivos, l\u00edderes de opini\u00f3n y otros invitados, Imcruz \u2013 Inchcape Bolivia present\u00f3 la remodelaci\u00f3n integral de su Casa Central en Santa Cruz. La inversi\u00f3n, estrat\u00e9gica para la compa\u00f1\u00eda con 41 a\u00f1os de trayectoria en el pa\u00eds, busca ofrecer una experiencia automotriz de clase mundial a sus clientes.<br \/>\nEl nuevo showroom destaca por su dise\u00f1o multimarca, moderno y funcional, donde conviven armoniosamente las firmas que representa: Suzuki, Mazda, Subaru, Renault, Changan y JAC, incluyendo modelos h\u00edbridos y el\u00e9ctricos.<br \/>\nUna de las principales innovaciones es el \u00abbox de entrega de veh\u00edculos\u00bb, un espacio exclusivo dise\u00f1ado para que cada cliente viva un momento \u00fanico al recibir su autom\u00f3vil, siguiendo los est\u00e1ndares globales de Inchcape. Adem\u00e1s, se optimizaron las \u00e1reas de exhibici\u00f3n y atenci\u00f3n, facilitando el contacto directo con asesores.<br \/>\nLa gerente general de Imcruz, Michelle Noriega, destac\u00f3 que esta renovaci\u00f3n es un paso importante para \u00abfortalecer nuestro liderazgo\u00bb y \u00abbrindar una experiencia superior\u00bb. El evento cont\u00f3 con la presencia de Mike Bowers, CEO Am\u00e9ricas de Inchcape, quien resalt\u00f3 la importancia de Bolivia como mercado clave. Los invitados disfrutaron de un \u00abviaje inmersivo\u00bb por Jap\u00f3n, Francia y China, celebrando la esencia global de la compa\u00f1\u00eda y su compromiso con la movilidad del futuro.<\/p>\n\r\n                <style type=\"text\/css\">\r\n                    \r\n                    #tdi_1  .td-doubleSlider-2 .td-item1 {\r\n                        background: url(https:\/\/www.eldiario.net\/portal\/wp-content\/uploads\/2025\/09\/Diego-Aponte-Bruno-Kettels-y-Diego-Roca-Brand-Manager-Changan-80x60.webp) 0 0 no-repeat;\r\n                    }\r\n                    #tdi_1  .td-doubleSlider-2 .td-item2 {\r\n                        background: url(https:\/\/www.eldiario.net\/portal\/wp-content\/uploads\/2025\/09\/Ejecutivos-Americas-Inchcape-80x60.webp) 0 0 no-repeat;\r\n                    }\r\n                    #tdi_1  .td-doubleSlider-2 .td-item3 {\r\n                        background: url(https:\/\/www.eldiario.net\/portal\/wp-content\/uploads\/2025\/09\/Emilio-Ascarrunz-director-automotriz-de-America-Gabriel-Davalos-y-Oscar-Melgar-80x60.webp) 0 0 no-repeat;\r\n                    }\r\n                    #tdi_1  .td-doubleSlider-2 .td-item4 {\r\n                        background: url(https:\/\/www.eldiario.net\/portal\/wp-content\/uploads\/2025\/09\/Jose-Carlos-Garcia-Brand-Manager-Subaru-y-Moises-Delgado-80x60.webp) 0 0 no-repeat;\r\n                    }\r\n                    #tdi_1  .td-doubleSlider-2 .td-item5 {\r\n                        background: url(https:\/\/www.eldiario.net\/portal\/wp-content\/uploads\/2025\/09\/Mike-Bowers-CEO-Americas-Inchcape-Michelle-Noriega-General-Manager-Imcruz-Inchcape-y-Roberto-Delgado-Director-Cluster-Andino-80x60.webp) 0 0 no-repeat;\r\n                    }\r\n                    #tdi_1  .td-doubleSlider-2 .td-item6 {\r\n                        background: url(https:\/\/www.eldiario.net\/portal\/wp-content\/uploads\/2025\/09\/Raul-Strauss-gerente-general-y-Gustavo-Serrano-gerente-comercial-Fexpocruz-80x60.webp) 0 0 no-repeat;\r\n                    }\r\n                    #tdi_1  .td-doubleSlider-2 .td-item7 {\r\n                        background: url(https:\/\/www.eldiario.net\/portal\/wp-content\/uploads\/2025\/09\/Rolando-Torrejon-Diego-Paredes-Stephen-De-Castro-y-Javier-Jimenez-80x60.webp) 0 0 no-repeat;\r\n                    }\r\n                <\/style>\r\n\r\n                <div id=\"tdi_1\" class=\"td-gallery td-slide-on-2-columns\">\r\n                    <div class=\"post_td_gallery\">\r\n                        <div class=\"td-gallery-slide-top\">\r\n                           <div class=\"td-gallery-title\"><\/div>\r\n\r\n                            <div class=\"td-gallery-controls-wrapper\">\r\n                                <div class=\"td-gallery-slide-count\"><span class=\"td-gallery-slide-item-focus\">1<\/span> de 7<\/div>\r\n                                <div class=\"td-gallery-slide-prev-next-but\">\r\n                                    <i class = \"td-icon-left doubleSliderPrevButton\"><\/i>\r\n                                    <i class = \"td-icon-right doubleSliderNextButton\"><\/i>\r\n                                <\/div>\r\n                            <\/div>\r\n                        <\/div>\r\n\r\n                        <div class = \"td-doubleSlider-1 \">\r\n                            <div class = \"td-slider\">\r\n                                \r\n                    <div class = \"td-slide-item td-item1\">\r\n                        <figure class=\"td-slide-galery-figure td-slide-popup-gallery\">\r\n                            <a class=\"slide-gallery-image-link\" href=\"https:\/\/www.eldiario.net\/portal\/wp-content\/uploads\/2025\/09\/Diego-Aponte-Bruno-Kettels-y-Diego-Roca-Brand-Manager-Changan.webp\" title=\"Diego-Aponte,-Bruno-Kettels-y-Diego-Roca,-Brand-Manager-Changan\"  data-caption=\"\"  data-description=\"\">\r\n                                <img decoding=\"async\" src=\"https:\/\/www.eldiario.net\/portal\/wp-content\/uploads\/2025\/09\/Diego-Aponte-Bruno-Kettels-y-Diego-Roca-Brand-Manager-Changan-630x420.webp\" srcset=\"https:\/\/www.eldiario.net\/portal\/wp-content\/uploads\/2025\/09\/Diego-Aponte-Bruno-Kettels-y-Diego-Roca-Brand-Manager-Changan-630x420.webp 630w, https:\/\/www.eldiario.net\/portal\/wp-content\/uploads\/2025\/09\/Diego-Aponte-Bruno-Kettels-y-Diego-Roca-Brand-Manager-Changan-300x200.webp 300w, https:\/\/www.eldiario.net\/portal\/wp-content\/uploads\/2025\/09\/Diego-Aponte-Bruno-Kettels-y-Diego-Roca-Brand-Manager-Changan-1024x683.webp 1024w, https:\/\/www.eldiario.net\/portal\/wp-content\/uploads\/2025\/09\/Diego-Aponte-Bruno-Kettels-y-Diego-Roca-Brand-Manager-Changan-768x512.webp 768w, https:\/\/www.eldiario.net\/portal\/wp-content\/uploads\/2025\/09\/Diego-Aponte-Bruno-Kettels-y-Diego-Roca-Brand-Manager-Changan-150x100.webp 150w, https:\/\/www.eldiario.net\/portal\/wp-content\/uploads\/2025\/09\/Diego-Aponte-Bruno-Kettels-y-Diego-Roca-Brand-Manager-Changan-696x464.webp 696w, https:\/\/www.eldiario.net\/portal\/wp-content\/uploads\/2025\/09\/Diego-Aponte-Bruno-Kettels-y-Diego-Roca-Brand-Manager-Changan-1068x712.webp 1068w, https:\/\/www.eldiario.net\/portal\/wp-content\/uploads\/2025\/09\/Diego-Aponte-Bruno-Kettels-y-Diego-Roca-Brand-Manager-Changan.webp 1200w\" sizes=\"(max-width: 630px) 100vw, 630px\" alt=\"\">\r\n                            <\/a>\r\n                            \r\n                        <\/figure>\r\n                    <\/div>\r\n                    <div class = \"td-slide-item td-item2\">\r\n                        <figure class=\"td-slide-galery-figure td-slide-popup-gallery\">\r\n                            <a class=\"slide-gallery-image-link\" href=\"https:\/\/www.eldiario.net\/portal\/wp-content\/uploads\/2025\/09\/Ejecutivos-Americas-Inchcape.webp\" title=\"Ejecutivos-Am\u00e9ricas-Inchcape\"  data-caption=\"EJECUTIVOS AM\u00c9RICAS INCHCAPE.\"  data-description=\"\">\r\n                                <img decoding=\"async\" src=\"https:\/\/www.eldiario.net\/portal\/wp-content\/uploads\/2025\/09\/Ejecutivos-Americas-Inchcape-630x420.webp\" srcset=\"https:\/\/www.eldiario.net\/portal\/wp-content\/uploads\/2025\/09\/Ejecutivos-Americas-Inchcape-630x420.webp 630w, https:\/\/www.eldiario.net\/portal\/wp-content\/uploads\/2025\/09\/Ejecutivos-Americas-Inchcape-300x200.webp 300w, https:\/\/www.eldiario.net\/portal\/wp-content\/uploads\/2025\/09\/Ejecutivos-Americas-Inchcape-1024x683.webp 1024w, https:\/\/www.eldiario.net\/portal\/wp-content\/uploads\/2025\/09\/Ejecutivos-Americas-Inchcape-768x512.webp 768w, https:\/\/www.eldiario.net\/portal\/wp-content\/uploads\/2025\/09\/Ejecutivos-Americas-Inchcape-150x100.webp 150w, https:\/\/www.eldiario.net\/portal\/wp-content\/uploads\/2025\/09\/Ejecutivos-Americas-Inchcape-696x464.webp 696w, https:\/\/www.eldiario.net\/portal\/wp-content\/uploads\/2025\/09\/Ejecutivos-Americas-Inchcape-1068x712.webp 1068w, https:\/\/www.eldiario.net\/portal\/wp-content\/uploads\/2025\/09\/Ejecutivos-Americas-Inchcape.webp 1200w\" sizes=\"(max-width: 630px) 100vw, 630px\" alt=\"\">\r\n                            <\/a>\r\n                            <figcaption class = \"td-slide-caption td-gallery-slide-content\"><div class = \"td-gallery-slide-copywrite\">EJECUTIVOS AM\u00c9RICAS INCHCAPE.<\/div><\/figcaption>\r\n                        <\/figure>\r\n                    <\/div>\r\n                    <div class = \"td-slide-item td-item3\">\r\n                        <figure class=\"td-slide-galery-figure td-slide-popup-gallery\">\r\n                            <a class=\"slide-gallery-image-link\" href=\"https:\/\/www.eldiario.net\/portal\/wp-content\/uploads\/2025\/09\/Emilio-Ascarrunz-director-automotriz-de-America-Gabriel-Davalos-y-Oscar-Melgar.webp\" title=\"Emilio-Ascarrunz,-director-automotriz-de-Am\u00e9rica,-Gabriel-D\u00e1valos-y-\u00d3scar-Melgar\"  data-caption=\"EMILIO ASCARRUNZ, DIRECTOR AUTOMOTRIZ DE AM\u00c9RICA, GABRIEL D\u00c1VALOS Y \u00d3SCAR MELGAR.\"  data-description=\"\">\r\n                                <img decoding=\"async\" src=\"https:\/\/www.eldiario.net\/portal\/wp-content\/uploads\/2025\/09\/Emilio-Ascarrunz-director-automotriz-de-America-Gabriel-Davalos-y-Oscar-Melgar-280x420.webp\" srcset=\"https:\/\/www.eldiario.net\/portal\/wp-content\/uploads\/2025\/09\/Emilio-Ascarrunz-director-automotriz-de-America-Gabriel-Davalos-y-Oscar-Melgar-280x420.webp 280w, https:\/\/www.eldiario.net\/portal\/wp-content\/uploads\/2025\/09\/Emilio-Ascarrunz-director-automotriz-de-America-Gabriel-Davalos-y-Oscar-Melgar-200x300.webp 200w, https:\/\/www.eldiario.net\/portal\/wp-content\/uploads\/2025\/09\/Emilio-Ascarrunz-director-automotriz-de-America-Gabriel-Davalos-y-Oscar-Melgar-683x1024.webp 683w, https:\/\/www.eldiario.net\/portal\/wp-content\/uploads\/2025\/09\/Emilio-Ascarrunz-director-automotriz-de-America-Gabriel-Davalos-y-Oscar-Melgar-150x225.webp 150w, https:\/\/www.eldiario.net\/portal\/wp-content\/uploads\/2025\/09\/Emilio-Ascarrunz-director-automotriz-de-America-Gabriel-Davalos-y-Oscar-Melgar-300x450.webp 300w, https:\/\/www.eldiario.net\/portal\/wp-content\/uploads\/2025\/09\/Emilio-Ascarrunz-director-automotriz-de-America-Gabriel-Davalos-y-Oscar-Melgar-696x1044.webp 696w, https:\/\/www.eldiario.net\/portal\/wp-content\/uploads\/2025\/09\/Emilio-Ascarrunz-director-automotriz-de-America-Gabriel-Davalos-y-Oscar-Melgar.webp 720w\" sizes=\"(max-width: 280px) 100vw, 280px\" alt=\"\">\r\n                            <\/a>\r\n                            <figcaption class = \"td-slide-caption td-gallery-slide-content\"><div class = \"td-gallery-slide-copywrite\">EMILIO ASCARRUNZ, DIRECTOR AUTOMOTRIZ DE AM\u00c9RICA, GABRIEL D\u00c1VALOS Y \u00d3SCAR MELGAR.<\/div><\/figcaption>\r\n                        <\/figure>\r\n                    <\/div>\r\n                    <div class = \"td-slide-item td-item4\">\r\n                        <figure class=\"td-slide-galery-figure td-slide-popup-gallery\">\r\n                            <a class=\"slide-gallery-image-link\" href=\"https:\/\/www.eldiario.net\/portal\/wp-content\/uploads\/2025\/09\/Jose-Carlos-Garcia-Brand-Manager-Subaru-y-Moises-Delgado.webp\" title=\"Jose-Carlos-Garc\u00eda,-Brand-Manager-Subaru-y-Mois\u00e9s-Delgado\"  data-caption=\" JOS\u00c9 CARLOS GARC\u00cdA, BRAND MANAGER SUBARU,Y MOIS\u00c9S DELGADO.\"  data-description=\"\">\r\n                                <img decoding=\"async\" src=\"https:\/\/www.eldiario.net\/portal\/wp-content\/uploads\/2025\/09\/Jose-Carlos-Garcia-Brand-Manager-Subaru-y-Moises-Delgado-630x420.webp\" srcset=\"https:\/\/www.eldiario.net\/portal\/wp-content\/uploads\/2025\/09\/Jose-Carlos-Garcia-Brand-Manager-Subaru-y-Moises-Delgado-630x420.webp 630w, https:\/\/www.eldiario.net\/portal\/wp-content\/uploads\/2025\/09\/Jose-Carlos-Garcia-Brand-Manager-Subaru-y-Moises-Delgado-300x200.webp 300w, https:\/\/www.eldiario.net\/portal\/wp-content\/uploads\/2025\/09\/Jose-Carlos-Garcia-Brand-Manager-Subaru-y-Moises-Delgado-1024x683.webp 1024w, https:\/\/www.eldiario.net\/portal\/wp-content\/uploads\/2025\/09\/Jose-Carlos-Garcia-Brand-Manager-Subaru-y-Moises-Delgado-768x512.webp 768w, https:\/\/www.eldiario.net\/portal\/wp-content\/uploads\/2025\/09\/Jose-Carlos-Garcia-Brand-Manager-Subaru-y-Moises-Delgado-150x100.webp 150w, https:\/\/www.eldiario.net\/portal\/wp-content\/uploads\/2025\/09\/Jose-Carlos-Garcia-Brand-Manager-Subaru-y-Moises-Delgado-696x464.webp 696w, https:\/\/www.eldiario.net\/portal\/wp-content\/uploads\/2025\/09\/Jose-Carlos-Garcia-Brand-Manager-Subaru-y-Moises-Delgado-1068x712.webp 1068w, https:\/\/www.eldiario.net\/portal\/wp-content\/uploads\/2025\/09\/Jose-Carlos-Garcia-Brand-Manager-Subaru-y-Moises-Delgado.webp 1200w\" sizes=\"(max-width: 630px) 100vw, 630px\" alt=\"\">\r\n                            <\/a>\r\n                            <figcaption class = \"td-slide-caption td-gallery-slide-content\"><div class = \"td-gallery-slide-copywrite\"> JOS\u00c9 CARLOS GARC\u00cdA, BRAND MANAGER SUBARU,Y MOIS\u00c9S DELGADO.<\/div><\/figcaption>\r\n                        <\/figure>\r\n                    <\/div>\r\n                    <div class = \"td-slide-item td-item5\">\r\n                        <figure class=\"td-slide-galery-figure td-slide-popup-gallery\">\r\n                            <a class=\"slide-gallery-image-link\" href=\"https:\/\/www.eldiario.net\/portal\/wp-content\/uploads\/2025\/09\/Mike-Bowers-CEO-Americas-Inchcape-Michelle-Noriega-General-Manager-Imcruz-Inchcape-y-Roberto-Delgado-Director-Cluster-Andino.webp\" title=\"Mike-Bowers,-CEO-Americas-Inchcape,-Michelle-Noriega,-General-Manager-Imcruz---Inchcape-y-Roberto-Delgado,-Director-Cluster-Andino\"  data-caption=\"MIKE BOWERS, CEO AMERICAS INCHCAPE; MICHELLE NORIEGA, GENERAL MANAGER IMCRUZ - INCHCAPE Y ROBERTO DELGADO, DIRECTOR CLUSTER ANDINO.\"  data-description=\"\">\r\n                                <img decoding=\"async\" src=\"https:\/\/www.eldiario.net\/portal\/wp-content\/uploads\/2025\/09\/Mike-Bowers-CEO-Americas-Inchcape-Michelle-Noriega-General-Manager-Imcruz-Inchcape-y-Roberto-Delgado-Director-Cluster-Andino-630x420.webp\" srcset=\"https:\/\/www.eldiario.net\/portal\/wp-content\/uploads\/2025\/09\/Mike-Bowers-CEO-Americas-Inchcape-Michelle-Noriega-General-Manager-Imcruz-Inchcape-y-Roberto-Delgado-Director-Cluster-Andino-630x420.webp 630w, https:\/\/www.eldiario.net\/portal\/wp-content\/uploads\/2025\/09\/Mike-Bowers-CEO-Americas-Inchcape-Michelle-Noriega-General-Manager-Imcruz-Inchcape-y-Roberto-Delgado-Director-Cluster-Andino-300x200.webp 300w, https:\/\/www.eldiario.net\/portal\/wp-content\/uploads\/2025\/09\/Mike-Bowers-CEO-Americas-Inchcape-Michelle-Noriega-General-Manager-Imcruz-Inchcape-y-Roberto-Delgado-Director-Cluster-Andino-1024x683.webp 1024w, https:\/\/www.eldiario.net\/portal\/wp-content\/uploads\/2025\/09\/Mike-Bowers-CEO-Americas-Inchcape-Michelle-Noriega-General-Manager-Imcruz-Inchcape-y-Roberto-Delgado-Director-Cluster-Andino-768x512.webp 768w, https:\/\/www.eldiario.net\/portal\/wp-content\/uploads\/2025\/09\/Mike-Bowers-CEO-Americas-Inchcape-Michelle-Noriega-General-Manager-Imcruz-Inchcape-y-Roberto-Delgado-Director-Cluster-Andino-150x100.webp 150w, https:\/\/www.eldiario.net\/portal\/wp-content\/uploads\/2025\/09\/Mike-Bowers-CEO-Americas-Inchcape-Michelle-Noriega-General-Manager-Imcruz-Inchcape-y-Roberto-Delgado-Director-Cluster-Andino-696x464.webp 696w, https:\/\/www.eldiario.net\/portal\/wp-content\/uploads\/2025\/09\/Mike-Bowers-CEO-Americas-Inchcape-Michelle-Noriega-General-Manager-Imcruz-Inchcape-y-Roberto-Delgado-Director-Cluster-Andino-1068x712.webp 1068w, https:\/\/www.eldiario.net\/portal\/wp-content\/uploads\/2025\/09\/Mike-Bowers-CEO-Americas-Inchcape-Michelle-Noriega-General-Manager-Imcruz-Inchcape-y-Roberto-Delgado-Director-Cluster-Andino.webp 1200w\" sizes=\"(max-width: 630px) 100vw, 630px\" alt=\"\">\r\n                            <\/a>\r\n                            <figcaption class = \"td-slide-caption td-gallery-slide-content\"><div class = \"td-gallery-slide-copywrite\">MIKE BOWERS, CEO AMERICAS INCHCAPE; MICHELLE NORIEGA, GENERAL MANAGER IMCRUZ - INCHCAPE Y ROBERTO DELGADO, DIRECTOR CLUSTER ANDINO.<\/div><\/figcaption>\r\n                        <\/figure>\r\n                    <\/div>\r\n                    <div class = \"td-slide-item td-item6\">\r\n                        <figure class=\"td-slide-galery-figure td-slide-popup-gallery\">\r\n                            <a class=\"slide-gallery-image-link\" href=\"https:\/\/www.eldiario.net\/portal\/wp-content\/uploads\/2025\/09\/Raul-Strauss-gerente-general-y-Gustavo-Serrano-gerente-comercial-Fexpocruz.webp\" title=\"Raul-Strauss,-gerente-general-y-Gustavo-Serrano,-gerente-comercial-Fexpocruz\"  data-caption=\"RAUL STRAUSS, GERENTE GENERAL Y GUSTAVO SERRANO, GERENTE COMERCIAL FEXPOCRUZ.\"  data-description=\"\">\r\n                                <img decoding=\"async\" src=\"https:\/\/www.eldiario.net\/portal\/wp-content\/uploads\/2025\/09\/Raul-Strauss-gerente-general-y-Gustavo-Serrano-gerente-comercial-Fexpocruz-630x420.webp\" srcset=\"https:\/\/www.eldiario.net\/portal\/wp-content\/uploads\/2025\/09\/Raul-Strauss-gerente-general-y-Gustavo-Serrano-gerente-comercial-Fexpocruz-630x420.webp 630w, https:\/\/www.eldiario.net\/portal\/wp-content\/uploads\/2025\/09\/Raul-Strauss-gerente-general-y-Gustavo-Serrano-gerente-comercial-Fexpocruz-300x200.webp 300w, https:\/\/www.eldiario.net\/portal\/wp-content\/uploads\/2025\/09\/Raul-Strauss-gerente-general-y-Gustavo-Serrano-gerente-comercial-Fexpocruz-1024x683.webp 1024w, https:\/\/www.eldiario.net\/portal\/wp-content\/uploads\/2025\/09\/Raul-Strauss-gerente-general-y-Gustavo-Serrano-gerente-comercial-Fexpocruz-768x512.webp 768w, https:\/\/www.eldiario.net\/portal\/wp-content\/uploads\/2025\/09\/Raul-Strauss-gerente-general-y-Gustavo-Serrano-gerente-comercial-Fexpocruz-150x100.webp 150w, https:\/\/www.eldiario.net\/portal\/wp-content\/uploads\/2025\/09\/Raul-Strauss-gerente-general-y-Gustavo-Serrano-gerente-comercial-Fexpocruz-696x464.webp 696w, https:\/\/www.eldiario.net\/portal\/wp-content\/uploads\/2025\/09\/Raul-Strauss-gerente-general-y-Gustavo-Serrano-gerente-comercial-Fexpocruz-1068x712.webp 1068w, https:\/\/www.eldiario.net\/portal\/wp-content\/uploads\/2025\/09\/Raul-Strauss-gerente-general-y-Gustavo-Serrano-gerente-comercial-Fexpocruz.webp 1200w\" sizes=\"(max-width: 630px) 100vw, 630px\" alt=\"\">\r\n                            <\/a>\r\n                            <figcaption class = \"td-slide-caption td-gallery-slide-content\"><div class = \"td-gallery-slide-copywrite\">RAUL STRAUSS, GERENTE GENERAL Y GUSTAVO SERRANO, GERENTE COMERCIAL FEXPOCRUZ.<\/div><\/figcaption>\r\n                        <\/figure>\r\n                    <\/div>\r\n                    <div class = \"td-slide-item td-item7\">\r\n                        <figure class=\"td-slide-galery-figure td-slide-popup-gallery\">\r\n                            <a class=\"slide-gallery-image-link\" href=\"https:\/\/www.eldiario.net\/portal\/wp-content\/uploads\/2025\/09\/Rolando-Torrejon-Diego-Paredes-Stephen-De-Castro-y-Javier-Jimenez.webp\" title=\"Rolando-Torrej\u00f3n,-Diego-Paredes,-Stephen-De-Castro-y-Javier-Jimenez\"  data-caption=\"ROLANDO TORREJ\u00d3N, DIEGO PAREDES, STEPHEN DE CASTRO Y JAVIER JIM\u00c9NEZ.\"  data-description=\"\">\r\n                                <img decoding=\"async\" src=\"https:\/\/www.eldiario.net\/portal\/wp-content\/uploads\/2025\/09\/Rolando-Torrejon-Diego-Paredes-Stephen-De-Castro-y-Javier-Jimenez-630x420.webp\" srcset=\"https:\/\/www.eldiario.net\/portal\/wp-content\/uploads\/2025\/09\/Rolando-Torrejon-Diego-Paredes-Stephen-De-Castro-y-Javier-Jimenez-630x420.webp 630w, https:\/\/www.eldiario.net\/portal\/wp-content\/uploads\/2025\/09\/Rolando-Torrejon-Diego-Paredes-Stephen-De-Castro-y-Javier-Jimenez-300x200.webp 300w, https:\/\/www.eldiario.net\/portal\/wp-content\/uploads\/2025\/09\/Rolando-Torrejon-Diego-Paredes-Stephen-De-Castro-y-Javier-Jimenez-1024x683.webp 1024w, https:\/\/www.eldiario.net\/portal\/wp-content\/uploads\/2025\/09\/Rolando-Torrejon-Diego-Paredes-Stephen-De-Castro-y-Javier-Jimenez-768x512.webp 768w, https:\/\/www.eldiario.net\/portal\/wp-content\/uploads\/2025\/09\/Rolando-Torrejon-Diego-Paredes-Stephen-De-Castro-y-Javier-Jimenez-150x100.webp 150w, https:\/\/www.eldiario.net\/portal\/wp-content\/uploads\/2025\/09\/Rolando-Torrejon-Diego-Paredes-Stephen-De-Castro-y-Javier-Jimenez-696x464.webp 696w, https:\/\/www.eldiario.net\/portal\/wp-content\/uploads\/2025\/09\/Rolando-Torrejon-Diego-Paredes-Stephen-De-Castro-y-Javier-Jimenez-1068x712.webp 1068w, https:\/\/www.eldiario.net\/portal\/wp-content\/uploads\/2025\/09\/Rolando-Torrejon-Diego-Paredes-Stephen-De-Castro-y-Javier-Jimenez.webp 1200w\" sizes=\"(max-width: 630px) 100vw, 630px\" alt=\"\">\r\n                            <\/a>\r\n                            <figcaption class = \"td-slide-caption td-gallery-slide-content\"><div class = \"td-gallery-slide-copywrite\">ROLANDO TORREJ\u00d3N, DIEGO PAREDES, STEPHEN DE CASTRO Y JAVIER JIM\u00c9NEZ.<\/div><\/figcaption>\r\n                        <\/figure>\r\n                    <\/div>\r\n                            <\/div>\r\n                        <\/div>\r\n\r\n                        <div class = \"td-doubleSlider-2\">\r\n                            <div class = \"td-slider\">\r\n                                \r\n                    <div class = \"td-button td-item1\">\r\n                        <div class = \"td-border\"><\/div>\r\n                    <\/div>\r\n                    <div class = \"td-button td-item2\">\r\n                        <div class = \"td-border\"><\/div>\r\n                    <\/div>\r\n                    <div class = \"td-button td-item3\">\r\n                        <div class = \"td-border\"><\/div>\r\n                    <\/div>\r\n                    <div class = \"td-button td-item4\">\r\n                        <div class = \"td-border\"><\/div>\r\n                    <\/div>\r\n                    <div class = \"td-button td-item5\">\r\n                        <div class = \"td-border\"><\/div>\r\n                    <\/div>\r\n                    <div class = \"td-button td-item6\">\r\n                        <div class = \"td-border\"><\/div>\r\n                    <\/div>\r\n                    <div class = \"td-button td-item7\">\r\n                        <div class = \"td-border\"><\/div>\r\n                    <\/div>\r\n                            <\/div>\r\n                        <\/div>\r\n\r\n                    <\/div>\r\n\r\n                <\/div>\r\n                \n","protected":false},"excerpt":{"rendered":"<p>Con un evento que reuni\u00f3 a ejecutivos, l\u00edderes de opini\u00f3n y otros invitados, Imcruz \u2013 Inchcape Bolivia present\u00f3 la remodelaci\u00f3n integral de su Casa Central en Santa Cruz. La inversi\u00f3n, estrat\u00e9gica para la compa\u00f1\u00eda con 41 a\u00f1os de trayectoria en el pa\u00eds, busca ofrecer una experiencia automotriz de clase mundial a sus clientes. El nuevo [&hellip;]<\/p>\n","protected":false},"author":1,"featured_media":329679,"comment_status":"closed","ping_status":"open","sticky":false,"template":"","format":"standard","meta":{"_acf_changed":false,"footnotes":""},"categories":[40],"tags":[],"class_list":["post-329677","post","type-post","status-publish","format-standard","has-post-thumbnail","category-sociales"],"acf":{"antetitulo":""},"yoast_head":"<!-- This site is optimized with the Yoast SEO plugin v28.4 - https:\/\/yoast.com\/product\/yoast-seo-wordpress\/ -->\n<title>Imcruz \u2013 Inchcape se consolida con una inversi\u00f3n de clase mundial - El Diario - Bolivia<\/title>\n<meta name=\"robots\" content=\"index, follow, max-snippet:-1, max-image-preview:large, max-video-preview:-1\" \/>\n<link rel=\"canonical\" href=\"https:\/\/www.eldiario.net\/portal\/2025\/09\/08\/imcruz-inchcape-se-consolida-con-una-inversion-de-clase-mundial\/\" \/>\n<meta property=\"og:locale\" content=\"es_ES\" \/>\n<meta property=\"og:type\" content=\"article\" \/>\n<meta property=\"og:title\" content=\"Imcruz \u2013 Inchcape se consolida con una inversi\u00f3n de clase mundial - El Diario - Bolivia\" \/>\n<meta property=\"og:description\" content=\"Con un evento que reuni\u00f3 a ejecutivos, l\u00edderes de opini\u00f3n y otros invitados, Imcruz \u2013 Inchcape Bolivia present\u00f3 la remodelaci\u00f3n integral de su Casa Central en Santa Cruz. La inversi\u00f3n, estrat\u00e9gica para la compa\u00f1\u00eda con 41 a\u00f1os de trayectoria en el pa\u00eds, busca ofrecer una experiencia automotriz de clase mundial a sus clientes. El nuevo [&hellip;]\" \/>\n<meta property=\"og:url\" content=\"https:\/\/www.eldiario.net\/portal\/2025\/09\/08\/imcruz-inchcape-se-consolida-con-una-inversion-de-clase-mundial\/\" \/>\n<meta property=\"og:site_name\" content=\"El Diario - Bolivia\" \/>\n<meta property=\"article:publisher\" content=\"https:\/\/www.facebook.com\/eldiario.bolivia\/\" \/>\n<meta property=\"article:published_time\" content=\"2025-09-08T04:53:53+00:00\" \/>\n<meta property=\"og:image\" content=\"https:\/\/www.eldiario.net\/portal\/wp-content\/uploads\/2025\/09\/Ejecutivos-Americas-Inchcape.webp\" \/>\n\t<meta property=\"og:image:width\" content=\"1200\" \/>\n\t<meta property=\"og:image:height\" content=\"800\" \/>\n\t<meta property=\"og:image:type\" content=\"image\/webp\" \/>\n<meta name=\"author\" content=\"Jeanette\" \/>\n<meta name=\"twitter:card\" content=\"summary_large_image\" \/>\n<meta name=\"twitter:creator\" content=\"@eldiario_net\" \/>\n<meta name=\"twitter:site\" content=\"@eldiario_net\" \/>\n<meta name=\"twitter:label1\" content=\"Escrito por\" \/>\n\t<meta name=\"twitter:data1\" content=\"Jeanette\" \/>\n\t<meta name=\"twitter:label2\" content=\"Tiempo de lectura\" \/>\n\t<meta name=\"twitter:data2\" content=\"2 minutos\" \/>\n<script type=\"application\/ld+json\" class=\"yoast-schema-graph\">{\"@context\":\"https:\\\/\\\/schema.org\",\"@graph\":[{\"@type\":\"Article\",\"@id\":\"https:\\\/\\\/www.eldiario.net\\\/portal\\\/2025\\\/09\\\/08\\\/imcruz-inchcape-se-consolida-con-una-inversion-de-clase-mundial\\\/#article\",\"isPartOf\":{\"@id\":\"https:\\\/\\\/www.eldiario.net\\\/portal\\\/2025\\\/09\\\/08\\\/imcruz-inchcape-se-consolida-con-una-inversion-de-clase-mundial\\\/\"},\"author\":{\"name\":\"Jeanette\",\"@id\":\"https:\\\/\\\/www.eldiario.net\\\/portal\\\/#\\\/schema\\\/person\\\/2c57cf2b7a7ae032e449e4c9b1019eac\"},\"headline\":\"Imcruz \u2013 Inchcape se consolida con una inversi\u00f3n de clase mundial\",\"datePublished\":\"2025-09-08T04:53:53+00:00\",\"mainEntityOfPage\":{\"@id\":\"https:\\\/\\\/www.eldiario.net\\\/portal\\\/2025\\\/09\\\/08\\\/imcruz-inchcape-se-consolida-con-una-inversion-de-clase-mundial\\\/\"},\"wordCount\":245,\"publisher\":{\"@id\":\"https:\\\/\\\/www.eldiario.net\\\/portal\\\/#organization\"},\"image\":{\"@id\":\"https:\\\/\\\/www.eldiario.net\\\/portal\\\/2025\\\/09\\\/08\\\/imcruz-inchcape-se-consolida-con-una-inversion-de-clase-mundial\\\/#primaryimage\"},\"thumbnailUrl\":\"https:\\\/\\\/www.eldiario.net\\\/portal\\\/wp-content\\\/uploads\\\/2025\\\/09\\\/Ejecutivos-Americas-Inchcape.webp\",\"articleSection\":[\"Sociales\"],\"inLanguage\":\"es\"},{\"@type\":\"WebPage\",\"@id\":\"https:\\\/\\\/www.eldiario.net\\\/portal\\\/2025\\\/09\\\/08\\\/imcruz-inchcape-se-consolida-con-una-inversion-de-clase-mundial\\\/\",\"url\":\"https:\\\/\\\/www.eldiario.net\\\/portal\\\/2025\\\/09\\\/08\\\/imcruz-inchcape-se-consolida-con-una-inversion-de-clase-mundial\\\/\",\"name\":\"Imcruz \u2013 Inchcape se consolida con una inversi\u00f3n de clase mundial - El Diario - Bolivia\",\"isPartOf\":{\"@id\":\"https:\\\/\\\/www.eldiario.net\\\/portal\\\/#website\"},\"primaryImageOfPage\":{\"@id\":\"https:\\\/\\\/www.eldiario.net\\\/portal\\\/2025\\\/09\\\/08\\\/imcruz-inchcape-se-consolida-con-una-inversion-de-clase-mundial\\\/#primaryimage\"},\"image\":{\"@id\":\"https:\\\/\\\/www.eldiario.net\\\/portal\\\/2025\\\/09\\\/08\\\/imcruz-inchcape-se-consolida-con-una-inversion-de-clase-mundial\\\/#primaryimage\"},\"thumbnailUrl\":\"https:\\\/\\\/www.eldiario.net\\\/portal\\\/wp-content\\\/uploads\\\/2025\\\/09\\\/Ejecutivos-Americas-Inchcape.webp\",\"datePublished\":\"2025-09-08T04:53:53+00:00\",\"breadcrumb\":{\"@id\":\"https:\\\/\\\/www.eldiario.net\\\/portal\\\/2025\\\/09\\\/08\\\/imcruz-inchcape-se-consolida-con-una-inversion-de-clase-mundial\\\/#breadcrumb\"},\"inLanguage\":\"es\",\"potentialAction\":[{\"@type\":\"ReadAction\",\"target\":[\"https:\\\/\\\/www.eldiario.net\\\/portal\\\/2025\\\/09\\\/08\\\/imcruz-inchcape-se-consolida-con-una-inversion-de-clase-mundial\\\/\"]}]},{\"@type\":\"ImageObject\",\"inLanguage\":\"es\",\"@id\":\"https:\\\/\\\/www.eldiario.net\\\/portal\\\/2025\\\/09\\\/08\\\/imcruz-inchcape-se-consolida-con-una-inversion-de-clase-mundial\\\/#primaryimage\",\"url\":\"https:\\\/\\\/www.eldiario.net\\\/portal\\\/wp-content\\\/uploads\\\/2025\\\/09\\\/Ejecutivos-Americas-Inchcape.webp\",\"contentUrl\":\"https:\\\/\\\/www.eldiario.net\\\/portal\\\/wp-content\\\/uploads\\\/2025\\\/09\\\/Ejecutivos-Americas-Inchcape.webp\",\"width\":1200,\"height\":800,\"caption\":\"EJECUTIVOS AM\u00c9RICAS INCHCAPE.\"},{\"@type\":\"BreadcrumbList\",\"@id\":\"https:\\\/\\\/www.eldiario.net\\\/portal\\\/2025\\\/09\\\/08\\\/imcruz-inchcape-se-consolida-con-una-inversion-de-clase-mundial\\\/#breadcrumb\",\"itemListElement\":[{\"@type\":\"ListItem\",\"position\":1,\"name\":\"Portada\",\"item\":\"https:\\\/\\\/www.eldiario.net\\\/portal\\\/\"},{\"@type\":\"ListItem\",\"position\":2,\"name\":\"Imcruz \u2013 Inchcape se consolida con una inversi\u00f3n de clase mundial\"}]},{\"@type\":\"WebSite\",\"@id\":\"https:\\\/\\\/www.eldiario.net\\\/portal\\\/#website\",\"url\":\"https:\\\/\\\/www.eldiario.net\\\/portal\\\/\",\"name\":\"El Diario - Decano de la prensa nacional\",\"description\":\"El Diario - Decano de la prensa nacional\",\"publisher\":{\"@id\":\"https:\\\/\\\/www.eldiario.net\\\/portal\\\/#organization\"},\"potentialAction\":[{\"@type\":\"SearchAction\",\"target\":{\"@type\":\"EntryPoint\",\"urlTemplate\":\"https:\\\/\\\/www.eldiario.net\\\/portal\\\/?s={search_term_string}\"},\"query-input\":{\"@type\":\"PropertyValueSpecification\",\"valueRequired\":true,\"valueName\":\"search_term_string\"}}],\"inLanguage\":\"es\"},{\"@type\":\"Organization\",\"@id\":\"https:\\\/\\\/www.eldiario.net\\\/portal\\\/#organization\",\"name\":\"El Diario - Decano de la prensa nacional\",\"url\":\"https:\\\/\\\/www.eldiario.net\\\/portal\\\/\",\"logo\":{\"@type\":\"ImageObject\",\"inLanguage\":\"es\",\"@id\":\"https:\\\/\\\/www.eldiario.net\\\/portal\\\/#\\\/schema\\\/logo\\\/image\\\/\",\"url\":\"https:\\\/\\\/www.eldiario.net\\\/portal\\\/wp-content\\\/uploads\\\/2023\\\/07\\\/logo_ED.jpg\",\"contentUrl\":\"https:\\\/\\\/www.eldiario.net\\\/portal\\\/wp-content\\\/uploads\\\/2023\\\/07\\\/logo_ED.jpg\",\"width\":272,\"height\":52,\"caption\":\"El Diario - Decano de la prensa nacional\"},\"image\":{\"@id\":\"https:\\\/\\\/www.eldiario.net\\\/portal\\\/#\\\/schema\\\/logo\\\/image\\\/\"},\"sameAs\":[\"https:\\\/\\\/www.facebook.com\\\/eldiario.bolivia\\\/\",\"https:\\\/\\\/x.com\\\/eldiario_net\"]},{\"@type\":\"Person\",\"@id\":\"https:\\\/\\\/www.eldiario.net\\\/portal\\\/#\\\/schema\\\/person\\\/2c57cf2b7a7ae032e449e4c9b1019eac\",\"name\":\"Jeanette\",\"image\":{\"@type\":\"ImageObject\",\"inLanguage\":\"es\",\"@id\":\"https:\\\/\\\/secure.gravatar.com\\\/avatar\\\/3ea2118a5f7dad2b7138b1187a6b7ee55f160b9968b66013c3a3ef39dd7e5798?s=96&d=mm&r=g\",\"url\":\"https:\\\/\\\/secure.gravatar.com\\\/avatar\\\/3ea2118a5f7dad2b7138b1187a6b7ee55f160b9968b66013c3a3ef39dd7e5798?s=96&d=mm&r=g\",\"contentUrl\":\"https:\\\/\\\/secure.gravatar.com\\\/avatar\\\/3ea2118a5f7dad2b7138b1187a6b7ee55f160b9968b66013c3a3ef39dd7e5798?s=96&d=mm&r=g\",\"caption\":\"Jeanette\"},\"sameAs\":[\"https:\\\/\\\/www.eldiario.net\\\/portal\"],\"url\":\"https:\\\/\\\/www.eldiario.net\\\/portal\\\/author\\\/jeanette\\\/\"}]}<\/script>\n<!-- \/ Yoast SEO plugin. -->","yoast_head_json":{"title":"Imcruz \u2013 Inchcape se consolida con una inversi\u00f3n de clase mundial - El Diario - Bolivia","robots":{"index":"index","follow":"follow","max-snippet":"max-snippet:-1","max-image-preview":"max-image-preview:large","max-video-preview":"max-video-preview:-1"},"canonical":"https:\/\/www.eldiario.net\/portal\/2025\/09\/08\/imcruz-inchcape-se-consolida-con-una-inversion-de-clase-mundial\/","og_locale":"es_ES","og_type":"article","og_title":"Imcruz \u2013 Inchcape se consolida con una inversi\u00f3n de clase mundial - El Diario - Bolivia","og_description":"Con un evento que reuni\u00f3 a ejecutivos, l\u00edderes de opini\u00f3n y otros invitados, Imcruz \u2013 Inchcape Bolivia present\u00f3 la remodelaci\u00f3n integral de su Casa Central en Santa Cruz. La inversi\u00f3n, estrat\u00e9gica para la compa\u00f1\u00eda con 41 a\u00f1os de trayectoria en el pa\u00eds, busca ofrecer una experiencia automotriz de clase mundial a sus clientes. El nuevo [&hellip;]","og_url":"https:\/\/www.eldiario.net\/portal\/2025\/09\/08\/imcruz-inchcape-se-consolida-con-una-inversion-de-clase-mundial\/","og_site_name":"El Diario - Bolivia","article_publisher":"https:\/\/www.facebook.com\/eldiario.bolivia\/","article_published_time":"2025-09-08T04:53:53+00:00","og_image":[{"width":1200,"height":800,"url":"https:\/\/www.eldiario.net\/portal\/wp-content\/uploads\/2025\/09\/Ejecutivos-Americas-Inchcape.webp","type":"image\/webp"}],"author":"Jeanette","twitter_card":"summary_large_image","twitter_creator":"@eldiario_net","twitter_site":"@eldiario_net","twitter_misc":{"Escrito por":"Jeanette","Tiempo de lectura":"2 minutos"},"schema":{"@context":"https:\/\/schema.org","@graph":[{"@type":"Article","@id":"https:\/\/www.eldiario.net\/portal\/2025\/09\/08\/imcruz-inchcape-se-consolida-con-una-inversion-de-clase-mundial\/#article","isPartOf":{"@id":"https:\/\/www.eldiario.net\/portal\/2025\/09\/08\/imcruz-inchcape-se-consolida-con-una-inversion-de-clase-mundial\/"},"author":{"name":"Jeanette","@id":"https:\/\/www.eldiario.net\/portal\/#\/schema\/person\/2c57cf2b7a7ae032e449e4c9b1019eac"},"headline":"Imcruz \u2013 Inchcape se consolida con una inversi\u00f3n de clase mundial","datePublished":"2025-09-08T04:53:53+00:00","mainEntityOfPage":{"@id":"https:\/\/www.eldiario.net\/portal\/2025\/09\/08\/imcruz-inchcape-se-consolida-con-una-inversion-de-clase-mundial\/"},"wordCount":245,"publisher":{"@id":"https:\/\/www.eldiario.net\/portal\/#organization"},"image":{"@id":"https:\/\/www.eldiario.net\/portal\/2025\/09\/08\/imcruz-inchcape-se-consolida-con-una-inversion-de-clase-mundial\/#primaryimage"},"thumbnailUrl":"https:\/\/www.eldiario.net\/portal\/wp-content\/uploads\/2025\/09\/Ejecutivos-Americas-Inchcape.webp","articleSection":["Sociales"],"inLanguage":"es"},{"@type":"WebPage","@id":"https:\/\/www.eldiario.net\/portal\/2025\/09\/08\/imcruz-inchcape-se-consolida-con-una-inversion-de-clase-mundial\/","url":"https:\/\/www.eldiario.net\/portal\/2025\/09\/08\/imcruz-inchcape-se-consolida-con-una-inversion-de-clase-mundial\/","name":"Imcruz \u2013 Inchcape se consolida con una inversi\u00f3n de clase mundial - El Diario - Bolivia","isPartOf":{"@id":"https:\/\/www.eldiario.net\/portal\/#website"},"primaryImageOfPage":{"@id":"https:\/\/www.eldiario.net\/portal\/2025\/09\/08\/imcruz-inchcape-se-consolida-con-una-inversion-de-clase-mundial\/#primaryimage"},"image":{"@id":"https:\/\/www.eldiario.net\/portal\/2025\/09\/08\/imcruz-inchcape-se-consolida-con-una-inversion-de-clase-mundial\/#primaryimage"},"thumbnailUrl":"https:\/\/www.eldiario.net\/portal\/wp-content\/uploads\/2025\/09\/Ejecutivos-Americas-Inchcape.webp","datePublished":"2025-09-08T04:53:53+00:00","breadcrumb":{"@id":"https:\/\/www.eldiario.net\/portal\/2025\/09\/08\/imcruz-inchcape-se-consolida-con-una-inversion-de-clase-mundial\/#breadcrumb"},"inLanguage":"es","potentialAction":[{"@type":"ReadAction","target":["https:\/\/www.eldiario.net\/portal\/2025\/09\/08\/imcruz-inchcape-se-consolida-con-una-inversion-de-clase-mundial\/"]}]},{"@type":"ImageObject","inLanguage":"es","@id":"https:\/\/www.eldiario.net\/portal\/2025\/09\/08\/imcruz-inchcape-se-consolida-con-una-inversion-de-clase-mundial\/#primaryimage","url":"https:\/\/www.eldiario.net\/portal\/wp-content\/uploads\/2025\/09\/Ejecutivos-Americas-Inchcape.webp","contentUrl":"https:\/\/www.eldiario.net\/portal\/wp-content\/uploads\/2025\/09\/Ejecutivos-Americas-Inchcape.webp","width":1200,"height":800,"caption":"EJECUTIVOS AM\u00c9RICAS INCHCAPE."},{"@type":"BreadcrumbList","@id":"https:\/\/www.eldiario.net\/portal\/2025\/09\/08\/imcruz-inchcape-se-consolida-con-una-inversion-de-clase-mundial\/#breadcrumb","itemListElement":[{"@type":"ListItem","position":1,"name":"Portada","item":"https:\/\/www.eldiario.net\/portal\/"},{"@type":"ListItem","position":2,"name":"Imcruz \u2013 Inchcape se consolida con una inversi\u00f3n de clase mundial"}]},{"@type":"WebSite","@id":"https:\/\/www.eldiario.net\/portal\/#website","url":"https:\/\/www.eldiario.net\/portal\/","name":"El Diario - Decano de la prensa nacional","description":"El Diario - Decano de la prensa nacional","publisher":{"@id":"https:\/\/www.eldiario.net\/portal\/#organization"},"potentialAction":[{"@type":"SearchAction","target":{"@type":"EntryPoint","urlTemplate":"https:\/\/www.eldiario.net\/portal\/?s={search_term_string}"},"query-input":{"@type":"PropertyValueSpecification","valueRequired":true,"valueName":"search_term_string"}}],"inLanguage":"es"},{"@type":"Organization","@id":"https:\/\/www.eldiario.net\/portal\/#organization","name":"El Diario - Decano de la prensa nacional","url":"https:\/\/www.eldiario.net\/portal\/","logo":{"@type":"ImageObject","inLanguage":"es","@id":"https:\/\/www.eldiario.net\/portal\/#\/schema\/logo\/image\/","url":"https:\/\/www.eldiario.net\/portal\/wp-content\/uploads\/2023\/07\/logo_ED.jpg","contentUrl":"https:\/\/www.eldiario.net\/portal\/wp-content\/uploads\/2023\/07\/logo_ED.jpg","width":272,"height":52,"caption":"El Diario - Decano de la prensa nacional"},"image":{"@id":"https:\/\/www.eldiario.net\/portal\/#\/schema\/logo\/image\/"},"sameAs":["https:\/\/www.facebook.com\/eldiario.bolivia\/","https:\/\/x.com\/eldiario_net"]},{"@type":"Person","@id":"https:\/\/www.eldiario.net\/portal\/#\/schema\/person\/2c57cf2b7a7ae032e449e4c9b1019eac","name":"Jeanette","image":{"@type":"ImageObject","inLanguage":"es","@id":"https:\/\/secure.gravatar.com\/avatar\/3ea2118a5f7dad2b7138b1187a6b7ee55f160b9968b66013c3a3ef39dd7e5798?s=96&d=mm&r=g","url":"https:\/\/secure.gravatar.com\/avatar\/3ea2118a5f7dad2b7138b1187a6b7ee55f160b9968b66013c3a3ef39dd7e5798?s=96&d=mm&r=g","contentUrl":"https:\/\/secure.gravatar.com\/avatar\/3ea2118a5f7dad2b7138b1187a6b7ee55f160b9968b66013c3a3ef39dd7e5798?s=96&d=mm&r=g","caption":"Jeanette"},"sameAs":["https:\/\/www.eldiario.net\/portal"],"url":"https:\/\/www.eldiario.net\/portal\/author\/jeanette\/"}]}},"_links":{"self":[{"href":"https:\/\/www.eldiario.net\/portal\/wp-json\/wp\/v2\/posts\/329677","targetHints":{"allow":["GET"]}}],"collection":[{"href":"https:\/\/www.eldiario.net\/portal\/wp-json\/wp\/v2\/posts"}],"about":[{"href":"https:\/\/www.eldiario.net\/portal\/wp-json\/wp\/v2\/types\/post"}],"author":[{"embeddable":true,"href":"https:\/\/www.eldiario.net\/portal\/wp-json\/wp\/v2\/users\/1"}],"replies":[{"embeddable":true,"href":"https:\/\/www.eldiario.net\/portal\/wp-json\/wp\/v2\/comments?post=329677"}],"version-history":[{"count":1,"href":"https:\/\/www.eldiario.net\/portal\/wp-json\/wp\/v2\/posts\/329677\/revisions"}],"predecessor-version":[{"id":329685,"href":"https:\/\/www.eldiario.net\/portal\/wp-json\/wp\/v2\/posts\/329677\/revisions\/329685"}],"wp:featuredmedia":[{"embeddable":true,"href":"https:\/\/www.eldiario.net\/portal\/wp-json\/wp\/v2\/media\/329679"}],"wp:attachment":[{"href":"https:\/\/www.eldiario.net\/portal\/wp-json\/wp\/v2\/media?parent=329677"}],"wp:term":[{"taxonomy":"category","embeddable":true,"href":"https:\/\/www.eldiario.net\/portal\/wp-json\/wp\/v2\/categories?post=329677"},{"taxonomy":"post_tag","embeddable":true,"href":"https:\/\/www.eldiario.net\/portal\/wp-json\/wp\/v2\/tags?post=329677"}],"curies":[{"name":"wp","href":"https:\/\/api.w.org\/{rel}","templated":true}]}}