{"id":329330,"date":"2025-09-06T10:11:35","date_gmt":"2025-09-06T14:11:35","guid":{"rendered":"https:\/\/www.eldiario.net\/portal\/?p=329330"},"modified":"2025-09-06T10:11:35","modified_gmt":"2025-09-06T14:11:35","slug":"charito-carazas-25-anos-honrando-a-bolivia-y-a-su-folklore","status":"publish","type":"post","link":"https:\/\/www.eldiario.net\/portal\/2025\/09\/06\/charito-carazas-25-anos-honrando-a-bolivia-y-a-su-folklore\/","title":{"rendered":"\u201cCharito Carazas\u201d: 25 a\u00f1os  honrando a Bolivia y a su folklore"},"content":{"rendered":"<p>La Compa\u00f1\u00eda de Bailes Tradicionales \u201cCharito Carazas\u201d cumple 25 a\u00f1os de entrega, disciplina y pasi\u00f3n por el folklore boliviano, dos d\u00e9cadas y media de representar con orgullo a Bolivia.<\/p>\n<p>\u201cHa sido un camino donde hemos trabajado por la preservaci\u00f3n de nuestras ra\u00edces y, al mismo tiempo, hemos innovado con propuestas art\u00edsticas que dialogan con lo moderno sin perder la esencia de lo nuestro\u201d, afirm\u00f3 la maestra Rosario Carazas, directora de la reconocida instituci\u00f3n danc\u00edstica nacional, en la entrevista que le hizo La Gu\u00eda.<\/p>\n<p><strong>LG: <\/strong><strong>\u00bfQu\u00e9 evaluaci\u00f3n haces de estos 25 a\u00f1os de trabajo?<\/strong><\/p>\n<p>R: La evaluaci\u00f3n es positiva porque consolidamos un espacio en el que la danza, la m\u00fasica y la identidad se proyectan con fuerza a nivel nacional e internacional. Cada presentaci\u00f3n ha sido una oportunidad para reafirmar que la cultura boliviana est\u00e1 viva, en constante evoluci\u00f3n, y que nuestra labor ha contribuido a que nuevas generaciones se enamoren del arte y lo mantengan vigente. Estos 25 a\u00f1os son una celebraci\u00f3n de logros, pero tambi\u00e9n un compromiso renovado para seguir construyendo historia a trav\u00e9s del folklore.<\/p>\n<p><strong>LG: <\/strong><strong>\u00bfQu\u00e9 tanto cambi\u00f3 la instituci\u00f3n en este tiempo?<\/strong><\/p>\n<p>R: Vimos pasar varias generaciones que con su talento y entrega fueron construyendo y enriqueciendo nuestro trabajo. Al mismo tiempo, la danza en el mundo tambi\u00e9n atraves\u00f3 constantes transformaciones, y nosotros supimos adaptarnos a ellas sin perder nuestra esencia, respetando el vestuario y rescatando detalles que pusieron un sello seco en la compa\u00f1\u00eda.<\/p>\n<p><strong>LG: <\/strong><strong>\u00bfCu\u00e1l fue el mayor logro en estos 25 a\u00f1os?<\/strong><\/p>\n<p>R: No puede resumirse en un solo logro, porque nuestra historia est\u00e1 construida por muchos hitos (\u2026). Hemos recibido reconocimientos de autoridades, ministerios, secretar\u00edas, personalidades culturales y tambi\u00e9n a nivel internacional, lo que demuestra que nuestro trabajo trasciende fronteras. Cada premio, reconocimiento y aplauso, cada escenario conquistado, representa a la compa\u00f1\u00eda y a la riqueza cultural de todo un pa\u00eds. Por eso, hablar de un \u00fanico logro ser\u00eda limitar la grandeza de lo que juntos hemos construido: una trayectoria s\u00f3lida que honra a Bolivia y a su folklore en cada paso.<\/p>\n<p><strong>LG: <\/strong><strong>\u00bfQu\u00e9 qued\u00f3 pendiente?<\/strong><\/p>\n<p>R: Queda much\u00edsimo por hacer (\u2026). Queremos seguir creando, innovando y mostrando al mundo la grandeza de nuestras tradiciones. Tenemos el compromiso de trabajar con las nuevas generaciones, porque en los ni\u00f1os y j\u00f3venes est\u00e1 el futuro y el relevo de esta herencia invaluable. Como compa\u00f1\u00eda, seguimos con la visi\u00f3n clara de aportar, crecer y dejar una huella m\u00e1s profunda en la historia cultural de nuestro pa\u00eds. Y as\u00ed ser\u00e1.<\/p>\n<p><strong>LG: <\/strong><strong>\u00bfSabes cu\u00e1nta gente pas\u00f3 por la instituci\u00f3n?<\/strong><\/p>\n<p>R: No tenemos un c\u00e1lculo exacto (\u2026), pero s\u00ed tenemos la certeza de que han sido much\u00edsimas personas. Lo m\u00e1s valioso es que no solo se formaron como bailarines, sino que recibieron una formaci\u00f3n tan s\u00f3lida que varios de ellos crearon sus propias compa\u00f1\u00edas, llevando adelante el arte y la cultura con la misma pasi\u00f3n. Eso, para nosotros, es una de las mayores satisfacciones: ver c\u00f3mo la semilla que sembramos contin\u00faa floreciendo en distintos escenarios.<\/p>\n<p><strong>LG: \u00bfQu\u00e9 espect\u00e1culo o gira les marc\u00f3 en estos a\u00f1os?<\/strong><\/p>\n<p>R: No podr\u00edamos hablar de un solo espect\u00e1culo o gira que haya marcado nuestra trayectoria, porque cada presentaci\u00f3n ha tenido un valor \u00fanico y especial. Nunca repetimos repertorio y esa es la esencia de nuestra gesti\u00f3n: la constante investigaci\u00f3n y renovaci\u00f3n art\u00edstica.<\/p>\n<p>Cada escenario nos reta a mostrar algo nuevo, y cada vez que viajamos llevamos con orgullo un abanico de danzas, ritmos y vestuarios que reflejan la inmensa riqueza cultural de Bolivia (\u2026).<\/p>\n<p><strong>LG: \u00bfC\u00f3mo ser\u00e1 la celebraci\u00f3n de este aniversario?<\/strong><\/p>\n<p>R: Ser\u00e1 un momento muy especial. Tendremos la dicha de contar con grupos invitados que nos acompa\u00f1aron todo este tiempo desde nuestra fundaci\u00f3n, como Alaxpacha y Canarios del Chaco, que tambi\u00e9n compartir\u00e1n escenario con un grupo que est\u00e1 de moda y particularmente nos gusta mucho, como es Los Trampa, adem\u00e1s de una cena y un brindis de honor.<\/p>\n<p>Queremos reunir en esta celebraci\u00f3n a todos los que fueron parte de esta gran familia, desde los fundadores hasta las nuevas generaciones, porque estos 25 a\u00f1os son fruto de cada paso, esfuerzo y coraz\u00f3n que hizo posible que la compa\u00f1\u00eda siga viva y creciendo.<\/p>\n<p><strong>LG: \u00bfQu\u00e9 significa para ti la Compa\u00f1\u00eda de Bailes Tradicionales \u201cCharito Carazas\u201d?<\/strong><\/p>\n<p>R: Un sue\u00f1o hecho realidad. Es el fruto de a\u00f1os de esfuerzo, l\u00e1grimas y alegr\u00edas, pero tambi\u00e9n de uni\u00f3n y hermandad con tantas personas que pasaron y siguen siendo parte de este camino. La compa\u00f1\u00eda no es solo un espacio de danza, es una familia que late al ritmo de Bolivia, que transmite identidad y que me ha permitido crecer como persona, artista, maestra y gestora cultural. Es mi orgullo, mi refugio y mi inspiraci\u00f3n diaria para seguir compartiendo con el mundo la riqueza de nuestra tierra.<\/p>\n<p><strong>LG: \u00bfQu\u00e9 planes tienen para este 2025?<\/strong><\/p>\n<p>R: Tenemos nuestra presentaci\u00f3n en el Teatro Municipal \u201cAlberto Saavedra P\u00e9rez\u201d en noviembre y estamos planificando una gira internacional. Tambi\u00e9n realizaremos el cierre de gesti\u00f3n en el Teatro 6 de Agosto, un momento especial para celebrar los logros del a\u00f1o con nuestra compa\u00f1\u00eda. Y, por supuesto, la Fiesta del Rosario en octubre, una tradici\u00f3n muy marcada en nuestra cultura aymara y que me llena de emoci\u00f3n porque nos permitir\u00e1 reunir a toda mi familia, amigos bailarines y artistas en mi pueblo natal, Sapahaqui, ya que soy la preste del pueblo donde nac\u00ed (\u2026).<\/p>\n<p><strong>LG: \u00bfC\u00f3mo resumir\u00edas los 25 a\u00f1os de vida de la Compa\u00f1\u00eda?<\/strong><\/p>\n<p>R: Que dif\u00edcil hacer un resumen. A lo largo de estos 25 a\u00f1os, hemos sido, somos y seguiremos siendo un referente de la danza boliviana en el mundo. Esto no es casualidad: trabajamos de manera honesta, investigamos profundamente nuestras ra\u00edces y formamos a ni\u00f1os desde temprana edad para que tengan una excelente formaci\u00f3n art\u00edstica. Nuestro compromiso incluye el rescate de danzas y vestuario, revitalizando tradiciones que muchas veces se presentaban de manera olvidada o incompleta, y llev\u00e1ndolas al escenario con autenticidad.<\/p>\n<p>Los trabajos de investigaci\u00f3n que realizamos han sido pioneros: limpiamos y reconstruimos danzas en escena por primera vez, y aunque muchos compa\u00f1eros posteriormente copiaron estas ideas, incluso present\u00e1ndolas como propias, podemos decir con orgullo que somos su referente. Ver crecer a bailarines desde los 4 a\u00f1os y ahora integrarlos a los elencos oficiales, es una de nuestras mayores satisfacciones. Incluso algunos de nuestros alumnos regresan con sus hijos para que la \u201cleyenda\u201d contin\u00fae; esa transmisi\u00f3n generacional nos llena de emoci\u00f3n y orgullo.<\/p>\n<p>Hemos tenido la fortuna de viajar y mostrar nuestra danza en muchos pa\u00edses y pa\u00edses lejanos como Jap\u00f3n y Grecia, donde un ballet folkl\u00f3rico boliviano nunca hab\u00eda llegado, presentando una diversidad de danzas m\u00e1s all\u00e1 de Caporal y Morenada.<\/p>\n\r\n                <style type=\"text\/css\">\r\n                    \r\n                    #tdi_1  .td-doubleSlider-2 .td-item1 {\r\n                        background: url(https:\/\/www.eldiario.net\/portal\/wp-content\/uploads\/2025\/09\/1-PRINCIPAL-1-80x60.webp) 0 0 no-repeat;\r\n                    }\r\n                    #tdi_1  .td-doubleSlider-2 .td-item2 {\r\n                        background: url(https:\/\/www.eldiario.net\/portal\/wp-content\/uploads\/2025\/09\/2-1-80x60.webp) 0 0 no-repeat;\r\n                    }\r\n                    #tdi_1  .td-doubleSlider-2 .td-item3 {\r\n                        background: url(https:\/\/www.eldiario.net\/portal\/wp-content\/uploads\/2025\/09\/3-1-80x60.webp) 0 0 no-repeat;\r\n                    }\r\n                    #tdi_1  .td-doubleSlider-2 .td-item4 {\r\n                        background: url(https:\/\/www.eldiario.net\/portal\/wp-content\/uploads\/2025\/09\/4-1-80x60.webp) 0 0 no-repeat;\r\n                    }\r\n                    #tdi_1  .td-doubleSlider-2 .td-item5 {\r\n                        background: url(https:\/\/www.eldiario.net\/portal\/wp-content\/uploads\/2025\/09\/5-1-80x60.webp) 0 0 no-repeat;\r\n                    }\r\n                    #tdi_1  .td-doubleSlider-2 .td-item6 {\r\n                        background: url(https:\/\/www.eldiario.net\/portal\/wp-content\/uploads\/2025\/09\/6-1-1-80x60.webp) 0 0 no-repeat;\r\n                    }\r\n                    #tdi_1  .td-doubleSlider-2 .td-item7 {\r\n                        background: url(https:\/\/www.eldiario.net\/portal\/wp-content\/uploads\/2025\/09\/7-80x60.webp) 0 0 no-repeat;\r\n                    }\r\n                    #tdi_1  .td-doubleSlider-2 .td-item8 {\r\n                        background: url(https:\/\/www.eldiario.net\/portal\/wp-content\/uploads\/2025\/09\/8--80x60.webp) 0 0 no-repeat;\r\n                    }\r\n                    #tdi_1  .td-doubleSlider-2 .td-item9 {\r\n                        background: url(https:\/\/www.eldiario.net\/portal\/wp-content\/uploads\/2025\/09\/9--80x60.webp) 0 0 no-repeat;\r\n                    }\r\n                    #tdi_1  .td-doubleSlider-2 .td-item10 {\r\n                        background: url(https:\/\/www.eldiario.net\/portal\/wp-content\/uploads\/2025\/09\/10-80x60.webp) 0 0 no-repeat;\r\n                    }\r\n                <\/style>\r\n\r\n                <div id=\"tdi_1\" class=\"td-gallery td-slide-on-2-columns\">\r\n                    <div class=\"post_td_gallery\">\r\n                        <div class=\"td-gallery-slide-top\">\r\n                           <div class=\"td-gallery-title\"><\/div>\r\n\r\n                            <div class=\"td-gallery-controls-wrapper\">\r\n                                <div class=\"td-gallery-slide-count\"><span class=\"td-gallery-slide-item-focus\">1<\/span> de 10<\/div>\r\n                                <div class=\"td-gallery-slide-prev-next-but\">\r\n                                    <i class = \"td-icon-left doubleSliderPrevButton\"><\/i>\r\n                                    <i class = \"td-icon-right doubleSliderNextButton\"><\/i>\r\n                                <\/div>\r\n                            <\/div>\r\n                        <\/div>\r\n\r\n                        <div class = \"td-doubleSlider-1 \">\r\n                            <div class = \"td-slider\">\r\n                                \r\n                    <div class = \"td-slide-item td-item1\">\r\n                        <figure class=\"td-slide-galery-figure td-slide-popup-gallery\">\r\n                            <a class=\"slide-gallery-image-link\" href=\"https:\/\/www.eldiario.net\/portal\/wp-content\/uploads\/2025\/09\/1-PRINCIPAL-1.webp\" title=\"1-PRINCIPAL\"  data-caption=\"\"  data-description=\"\">\r\n                                <img decoding=\"async\" src=\"https:\/\/www.eldiario.net\/portal\/wp-content\/uploads\/2025\/09\/1-PRINCIPAL-1-706x420.webp\" srcset=\"https:\/\/www.eldiario.net\/portal\/wp-content\/uploads\/2025\/09\/1-PRINCIPAL-1-706x420.webp 706w, https:\/\/www.eldiario.net\/portal\/wp-content\/uploads\/2025\/09\/1-PRINCIPAL-1-300x178.webp 300w, https:\/\/www.eldiario.net\/portal\/wp-content\/uploads\/2025\/09\/1-PRINCIPAL-1-1024x609.webp 1024w, https:\/\/www.eldiario.net\/portal\/wp-content\/uploads\/2025\/09\/1-PRINCIPAL-1-768x457.webp 768w, https:\/\/www.eldiario.net\/portal\/wp-content\/uploads\/2025\/09\/1-PRINCIPAL-1-150x89.webp 150w, https:\/\/www.eldiario.net\/portal\/wp-content\/uploads\/2025\/09\/1-PRINCIPAL-1-696x414.webp 696w, https:\/\/www.eldiario.net\/portal\/wp-content\/uploads\/2025\/09\/1-PRINCIPAL-1-1068x635.webp 1068w, https:\/\/www.eldiario.net\/portal\/wp-content\/uploads\/2025\/09\/1-PRINCIPAL-1.webp 1525w\" sizes=\"(max-width: 706px) 100vw, 706px\" alt=\"\">\r\n                            <\/a>\r\n                            \r\n                        <\/figure>\r\n                    <\/div>\r\n                    <div class = \"td-slide-item td-item2\">\r\n                        <figure class=\"td-slide-galery-figure td-slide-popup-gallery\">\r\n                            <a class=\"slide-gallery-image-link\" href=\"https:\/\/www.eldiario.net\/portal\/wp-content\/uploads\/2025\/09\/2-1.webp\" title=\"2\"  data-caption=\"\"  data-description=\"\">\r\n                                <img decoding=\"async\" src=\"https:\/\/www.eldiario.net\/portal\/wp-content\/uploads\/2025\/09\/2-1-693x420.webp\" srcset=\"https:\/\/www.eldiario.net\/portal\/wp-content\/uploads\/2025\/09\/2-1-693x420.webp 693w, https:\/\/www.eldiario.net\/portal\/wp-content\/uploads\/2025\/09\/2-1-300x182.webp 300w, https:\/\/www.eldiario.net\/portal\/wp-content\/uploads\/2025\/09\/2-1-1024x620.webp 1024w, https:\/\/www.eldiario.net\/portal\/wp-content\/uploads\/2025\/09\/2-1-768x465.webp 768w, https:\/\/www.eldiario.net\/portal\/wp-content\/uploads\/2025\/09\/2-1-150x91.webp 150w, https:\/\/www.eldiario.net\/portal\/wp-content\/uploads\/2025\/09\/2-1-696x422.webp 696w, https:\/\/www.eldiario.net\/portal\/wp-content\/uploads\/2025\/09\/2-1-1068x647.webp 1068w, https:\/\/www.eldiario.net\/portal\/wp-content\/uploads\/2025\/09\/2-1.webp 1169w\" sizes=\"(max-width: 693px) 100vw, 693px\" alt=\"\">\r\n                            <\/a>\r\n                            \r\n                        <\/figure>\r\n                    <\/div>\r\n                    <div class = \"td-slide-item td-item3\">\r\n                        <figure class=\"td-slide-galery-figure td-slide-popup-gallery\">\r\n                            <a class=\"slide-gallery-image-link\" href=\"https:\/\/www.eldiario.net\/portal\/wp-content\/uploads\/2025\/09\/3-1.webp\" title=\"3\"  data-caption=\"\"  data-description=\"\">\r\n                                <img decoding=\"async\" src=\"https:\/\/www.eldiario.net\/portal\/wp-content\/uploads\/2025\/09\/3-1-634x420.webp\" srcset=\"https:\/\/www.eldiario.net\/portal\/wp-content\/uploads\/2025\/09\/3-1-634x420.webp 634w, https:\/\/www.eldiario.net\/portal\/wp-content\/uploads\/2025\/09\/3-1-300x199.webp 300w, https:\/\/www.eldiario.net\/portal\/wp-content\/uploads\/2025\/09\/3-1-1024x678.webp 1024w, https:\/\/www.eldiario.net\/portal\/wp-content\/uploads\/2025\/09\/3-1-768x509.webp 768w, https:\/\/www.eldiario.net\/portal\/wp-content\/uploads\/2025\/09\/3-1-150x99.webp 150w, https:\/\/www.eldiario.net\/portal\/wp-content\/uploads\/2025\/09\/3-1-696x461.webp 696w, https:\/\/www.eldiario.net\/portal\/wp-content\/uploads\/2025\/09\/3-1-1068x708.webp 1068w, https:\/\/www.eldiario.net\/portal\/wp-content\/uploads\/2025\/09\/3-1.webp 1200w\" sizes=\"(max-width: 634px) 100vw, 634px\" alt=\"\">\r\n                            <\/a>\r\n                            \r\n                        <\/figure>\r\n                    <\/div>\r\n                    <div class = \"td-slide-item td-item4\">\r\n                        <figure class=\"td-slide-galery-figure td-slide-popup-gallery\">\r\n                            <a class=\"slide-gallery-image-link\" href=\"https:\/\/www.eldiario.net\/portal\/wp-content\/uploads\/2025\/09\/4-1.webp\" title=\"4\"  data-caption=\"\"  data-description=\"\">\r\n                                <img decoding=\"async\" src=\"https:\/\/www.eldiario.net\/portal\/wp-content\/uploads\/2025\/09\/4-1-634x420.webp\" srcset=\"https:\/\/www.eldiario.net\/portal\/wp-content\/uploads\/2025\/09\/4-1-634x420.webp 634w, https:\/\/www.eldiario.net\/portal\/wp-content\/uploads\/2025\/09\/4-1-300x199.webp 300w, https:\/\/www.eldiario.net\/portal\/wp-content\/uploads\/2025\/09\/4-1-1024x678.webp 1024w, https:\/\/www.eldiario.net\/portal\/wp-content\/uploads\/2025\/09\/4-1-768x508.webp 768w, https:\/\/www.eldiario.net\/portal\/wp-content\/uploads\/2025\/09\/4-1-150x99.webp 150w, https:\/\/www.eldiario.net\/portal\/wp-content\/uploads\/2025\/09\/4-1-696x461.webp 696w, https:\/\/www.eldiario.net\/portal\/wp-content\/uploads\/2025\/09\/4-1-1068x707.webp 1068w, https:\/\/www.eldiario.net\/portal\/wp-content\/uploads\/2025\/09\/4-1.webp 1080w\" sizes=\"(max-width: 634px) 100vw, 634px\" alt=\"\">\r\n                            <\/a>\r\n                            \r\n                        <\/figure>\r\n                    <\/div>\r\n                    <div class = \"td-slide-item td-item5\">\r\n                        <figure class=\"td-slide-galery-figure td-slide-popup-gallery\">\r\n                            <a class=\"slide-gallery-image-link\" href=\"https:\/\/www.eldiario.net\/portal\/wp-content\/uploads\/2025\/09\/5-1.webp\" title=\"5\"  data-caption=\"\"  data-description=\"\">\r\n                                <img decoding=\"async\" src=\"https:\/\/www.eldiario.net\/portal\/wp-content\/uploads\/2025\/09\/5-1-634x420.webp\" srcset=\"https:\/\/www.eldiario.net\/portal\/wp-content\/uploads\/2025\/09\/5-1-634x420.webp 634w, https:\/\/www.eldiario.net\/portal\/wp-content\/uploads\/2025\/09\/5-1-300x199.webp 300w, https:\/\/www.eldiario.net\/portal\/wp-content\/uploads\/2025\/09\/5-1-1024x678.webp 1024w, https:\/\/www.eldiario.net\/portal\/wp-content\/uploads\/2025\/09\/5-1-768x509.webp 768w, https:\/\/www.eldiario.net\/portal\/wp-content\/uploads\/2025\/09\/5-1-150x99.webp 150w, https:\/\/www.eldiario.net\/portal\/wp-content\/uploads\/2025\/09\/5-1-696x461.webp 696w, https:\/\/www.eldiario.net\/portal\/wp-content\/uploads\/2025\/09\/5-1-1068x708.webp 1068w, https:\/\/www.eldiario.net\/portal\/wp-content\/uploads\/2025\/09\/5-1.webp 1200w\" sizes=\"(max-width: 634px) 100vw, 634px\" alt=\"\">\r\n                            <\/a>\r\n                            \r\n                        <\/figure>\r\n                    <\/div>\r\n                    <div class = \"td-slide-item td-item6\">\r\n                        <figure class=\"td-slide-galery-figure td-slide-popup-gallery\">\r\n                            <a class=\"slide-gallery-image-link\" href=\"https:\/\/www.eldiario.net\/portal\/wp-content\/uploads\/2025\/09\/6-1-1.webp\" title=\"6-\"  data-caption=\"\"  data-description=\"\">\r\n                                <img decoding=\"async\" src=\"https:\/\/www.eldiario.net\/portal\/wp-content\/uploads\/2025\/09\/6-1-1-635x420.webp\" srcset=\"https:\/\/www.eldiario.net\/portal\/wp-content\/uploads\/2025\/09\/6-1-1-635x420.webp 635w, https:\/\/www.eldiario.net\/portal\/wp-content\/uploads\/2025\/09\/6-1-1-300x199.webp 300w, https:\/\/www.eldiario.net\/portal\/wp-content\/uploads\/2025\/09\/6-1-1-1024x678.webp 1024w, https:\/\/www.eldiario.net\/portal\/wp-content\/uploads\/2025\/09\/6-1-1-768x508.webp 768w, https:\/\/www.eldiario.net\/portal\/wp-content\/uploads\/2025\/09\/6-1-1-1536x1017.webp 1536w, https:\/\/www.eldiario.net\/portal\/wp-content\/uploads\/2025\/09\/6-1-1-150x99.webp 150w, https:\/\/www.eldiario.net\/portal\/wp-content\/uploads\/2025\/09\/6-1-1-696x461.webp 696w, https:\/\/www.eldiario.net\/portal\/wp-content\/uploads\/2025\/09\/6-1-1-1068x707.webp 1068w, https:\/\/www.eldiario.net\/portal\/wp-content\/uploads\/2025\/09\/6-1-1.webp 1600w\" sizes=\"(max-width: 635px) 100vw, 635px\" alt=\"\">\r\n                            <\/a>\r\n                            \r\n                        <\/figure>\r\n                    <\/div>\r\n                    <div class = \"td-slide-item td-item7\">\r\n                        <figure class=\"td-slide-galery-figure td-slide-popup-gallery\">\r\n                            <a class=\"slide-gallery-image-link\" href=\"https:\/\/www.eldiario.net\/portal\/wp-content\/uploads\/2025\/09\/7.webp\" title=\"7\"  data-caption=\"\"  data-description=\"\">\r\n                                <img decoding=\"async\" src=\"https:\/\/www.eldiario.net\/portal\/wp-content\/uploads\/2025\/09\/7-613x420.webp\" srcset=\"https:\/\/www.eldiario.net\/portal\/wp-content\/uploads\/2025\/09\/7-613x420.webp 613w, https:\/\/www.eldiario.net\/portal\/wp-content\/uploads\/2025\/09\/7-300x206.webp 300w, https:\/\/www.eldiario.net\/portal\/wp-content\/uploads\/2025\/09\/7-768x526.webp 768w, https:\/\/www.eldiario.net\/portal\/wp-content\/uploads\/2025\/09\/7-150x103.webp 150w, https:\/\/www.eldiario.net\/portal\/wp-content\/uploads\/2025\/09\/7-218x150.webp 218w, https:\/\/www.eldiario.net\/portal\/wp-content\/uploads\/2025\/09\/7-696x477.webp 696w, https:\/\/www.eldiario.net\/portal\/wp-content\/uploads\/2025\/09\/7.webp 893w\" sizes=\"(max-width: 613px) 100vw, 613px\" alt=\"\">\r\n                            <\/a>\r\n                            \r\n                        <\/figure>\r\n                    <\/div>\r\n                    <div class = \"td-slide-item td-item8\">\r\n                        <figure class=\"td-slide-galery-figure td-slide-popup-gallery\">\r\n                            <a class=\"slide-gallery-image-link\" href=\"https:\/\/www.eldiario.net\/portal\/wp-content\/uploads\/2025\/09\/8-.webp\" title=\"8-\"  data-caption=\"\"  data-description=\"\">\r\n                                <img decoding=\"async\" src=\"https:\/\/www.eldiario.net\/portal\/wp-content\/uploads\/2025\/09\/8--630x420.webp\" srcset=\"https:\/\/www.eldiario.net\/portal\/wp-content\/uploads\/2025\/09\/8--630x420.webp 630w, https:\/\/www.eldiario.net\/portal\/wp-content\/uploads\/2025\/09\/8--300x200.webp 300w, https:\/\/www.eldiario.net\/portal\/wp-content\/uploads\/2025\/09\/8--1024x683.webp 1024w, https:\/\/www.eldiario.net\/portal\/wp-content\/uploads\/2025\/09\/8--768x512.webp 768w, https:\/\/www.eldiario.net\/portal\/wp-content\/uploads\/2025\/09\/8--150x100.webp 150w, https:\/\/www.eldiario.net\/portal\/wp-content\/uploads\/2025\/09\/8--696x464.webp 696w, https:\/\/www.eldiario.net\/portal\/wp-content\/uploads\/2025\/09\/8--1068x712.webp 1068w, https:\/\/www.eldiario.net\/portal\/wp-content\/uploads\/2025\/09\/8-.webp 1200w\" sizes=\"(max-width: 630px) 100vw, 630px\" alt=\"\">\r\n                            <\/a>\r\n                            \r\n                        <\/figure>\r\n                    <\/div>\r\n                    <div class = \"td-slide-item td-item9\">\r\n                        <figure class=\"td-slide-galery-figure td-slide-popup-gallery\">\r\n                            <a class=\"slide-gallery-image-link\" href=\"https:\/\/www.eldiario.net\/portal\/wp-content\/uploads\/2025\/09\/9-.webp\" title=\"9-\"  data-caption=\"\"  data-description=\"\">\r\n                                <img decoding=\"async\" src=\"https:\/\/www.eldiario.net\/portal\/wp-content\/uploads\/2025\/09\/9--635x420.webp\" srcset=\"https:\/\/www.eldiario.net\/portal\/wp-content\/uploads\/2025\/09\/9--635x420.webp 635w, https:\/\/www.eldiario.net\/portal\/wp-content\/uploads\/2025\/09\/9--300x199.webp 300w, https:\/\/www.eldiario.net\/portal\/wp-content\/uploads\/2025\/09\/9--1024x678.webp 1024w, https:\/\/www.eldiario.net\/portal\/wp-content\/uploads\/2025\/09\/9--768x508.webp 768w, https:\/\/www.eldiario.net\/portal\/wp-content\/uploads\/2025\/09\/9--1536x1017.webp 1536w, https:\/\/www.eldiario.net\/portal\/wp-content\/uploads\/2025\/09\/9--150x99.webp 150w, https:\/\/www.eldiario.net\/portal\/wp-content\/uploads\/2025\/09\/9--696x461.webp 696w, https:\/\/www.eldiario.net\/portal\/wp-content\/uploads\/2025\/09\/9--1068x707.webp 1068w, https:\/\/www.eldiario.net\/portal\/wp-content\/uploads\/2025\/09\/9-.webp 1600w\" sizes=\"(max-width: 635px) 100vw, 635px\" alt=\"\">\r\n                            <\/a>\r\n                            \r\n                        <\/figure>\r\n                    <\/div>\r\n                    <div class = \"td-slide-item td-item10\">\r\n                        <figure class=\"td-slide-galery-figure td-slide-popup-gallery\">\r\n                            <a class=\"slide-gallery-image-link\" href=\"https:\/\/www.eldiario.net\/portal\/wp-content\/uploads\/2025\/09\/10.webp\" title=\"10\"  data-caption=\"\"  data-description=\"\">\r\n                                <img decoding=\"async\" src=\"https:\/\/www.eldiario.net\/portal\/wp-content\/uploads\/2025\/09\/10-630x420.webp\" srcset=\"https:\/\/www.eldiario.net\/portal\/wp-content\/uploads\/2025\/09\/10-630x420.webp 630w, https:\/\/www.eldiario.net\/portal\/wp-content\/uploads\/2025\/09\/10-300x200.webp 300w, https:\/\/www.eldiario.net\/portal\/wp-content\/uploads\/2025\/09\/10-1024x683.webp 1024w, https:\/\/www.eldiario.net\/portal\/wp-content\/uploads\/2025\/09\/10-768x512.webp 768w, https:\/\/www.eldiario.net\/portal\/wp-content\/uploads\/2025\/09\/10-1536x1024.webp 1536w, https:\/\/www.eldiario.net\/portal\/wp-content\/uploads\/2025\/09\/10-150x100.webp 150w, https:\/\/www.eldiario.net\/portal\/wp-content\/uploads\/2025\/09\/10-696x464.webp 696w, https:\/\/www.eldiario.net\/portal\/wp-content\/uploads\/2025\/09\/10-1068x712.webp 1068w, https:\/\/www.eldiario.net\/portal\/wp-content\/uploads\/2025\/09\/10.webp 1600w\" sizes=\"(max-width: 630px) 100vw, 630px\" alt=\"\">\r\n                            <\/a>\r\n                            \r\n                        <\/figure>\r\n                    <\/div>\r\n                            <\/div>\r\n                        <\/div>\r\n\r\n                        <div class = \"td-doubleSlider-2\">\r\n                            <div class = \"td-slider\">\r\n                                \r\n                    <div class = \"td-button td-item1\">\r\n                        <div class = \"td-border\"><\/div>\r\n                    <\/div>\r\n                    <div class = \"td-button td-item2\">\r\n                        <div class = \"td-border\"><\/div>\r\n                    <\/div>\r\n                    <div class = \"td-button td-item3\">\r\n                        <div class = \"td-border\"><\/div>\r\n                    <\/div>\r\n                    <div class = \"td-button td-item4\">\r\n                        <div class = \"td-border\"><\/div>\r\n                    <\/div>\r\n                    <div class = \"td-button td-item5\">\r\n                        <div class = \"td-border\"><\/div>\r\n                    <\/div>\r\n                    <div class = \"td-button td-item6\">\r\n                        <div class = \"td-border\"><\/div>\r\n                    <\/div>\r\n                    <div class = \"td-button td-item7\">\r\n                        <div class = \"td-border\"><\/div>\r\n                    <\/div>\r\n                    <div class = \"td-button td-item8\">\r\n                        <div class = \"td-border\"><\/div>\r\n                    <\/div>\r\n                    <div class = \"td-button td-item9\">\r\n                        <div class = \"td-border\"><\/div>\r\n                    <\/div>\r\n                    <div class = \"td-button td-item10\">\r\n                        <div class = \"td-border\"><\/div>\r\n                    <\/div>\r\n                            <\/div>\r\n                        <\/div>\r\n\r\n                    <\/div>\r\n\r\n                <\/div>\r\n                \n","protected":false},"excerpt":{"rendered":"<p>La Compa\u00f1\u00eda de Bailes Tradicionales \u201cCharito Carazas\u201d cumple 25 a\u00f1os de entrega, disciplina y pasi\u00f3n por el folklore boliviano, dos d\u00e9cadas y media de representar con orgullo a Bolivia. \u201cHa sido un camino donde hemos trabajado por la preservaci\u00f3n de nuestras ra\u00edces y, al mismo tiempo, hemos innovado con propuestas art\u00edsticas que dialogan con lo [&hellip;]<\/p>\n","protected":false},"author":1,"featured_media":329331,"comment_status":"closed","ping_status":"open","sticky":false,"template":"","format":"standard","meta":{"_acf_changed":false,"footnotes":""},"categories":[41],"tags":[],"class_list":["post-329330","post","type-post","status-publish","format-standard","has-post-thumbnail","category-la-guia"],"acf":{"antetitulo":""},"yoast_head":"<!-- This site is optimized with the Yoast SEO plugin v28.4 - https:\/\/yoast.com\/product\/yoast-seo-wordpress\/ -->\n<title>\u201cCharito Carazas\u201d: 25 a\u00f1os honrando a Bolivia y a su folklore - El Diario - Bolivia<\/title>\n<meta name=\"robots\" content=\"index, follow, max-snippet:-1, max-image-preview:large, max-video-preview:-1\" \/>\n<link rel=\"canonical\" href=\"https:\/\/www.eldiario.net\/portal\/2025\/09\/06\/charito-carazas-25-anos-honrando-a-bolivia-y-a-su-folklore\/\" \/>\n<meta property=\"og:locale\" content=\"es_ES\" \/>\n<meta property=\"og:type\" content=\"article\" \/>\n<meta property=\"og:title\" content=\"\u201cCharito Carazas\u201d: 25 a\u00f1os honrando a Bolivia y a su folklore - El Diario - Bolivia\" \/>\n<meta property=\"og:description\" content=\"La Compa\u00f1\u00eda de Bailes Tradicionales \u201cCharito Carazas\u201d cumple 25 a\u00f1os de entrega, disciplina y pasi\u00f3n por el folklore boliviano, dos d\u00e9cadas y media de representar con orgullo a Bolivia. \u201cHa sido un camino donde hemos trabajado por la preservaci\u00f3n de nuestras ra\u00edces y, al mismo tiempo, hemos innovado con propuestas art\u00edsticas que dialogan con lo [&hellip;]\" \/>\n<meta property=\"og:url\" content=\"https:\/\/www.eldiario.net\/portal\/2025\/09\/06\/charito-carazas-25-anos-honrando-a-bolivia-y-a-su-folklore\/\" \/>\n<meta property=\"og:site_name\" content=\"El Diario - Bolivia\" \/>\n<meta property=\"article:publisher\" content=\"https:\/\/www.facebook.com\/eldiario.bolivia\/\" \/>\n<meta property=\"article:published_time\" content=\"2025-09-06T14:11:35+00:00\" \/>\n<meta property=\"og:image\" content=\"https:\/\/www.eldiario.net\/portal\/wp-content\/uploads\/2025\/09\/1-PRINCIPAL-1.webp\" \/>\n\t<meta property=\"og:image:width\" content=\"1525\" \/>\n\t<meta property=\"og:image:height\" content=\"907\" \/>\n\t<meta property=\"og:image:type\" content=\"image\/webp\" \/>\n<meta name=\"author\" content=\"Jeanette\" \/>\n<meta name=\"twitter:card\" content=\"summary_large_image\" \/>\n<meta name=\"twitter:creator\" content=\"@eldiario_net\" \/>\n<meta name=\"twitter:site\" content=\"@eldiario_net\" \/>\n<meta name=\"twitter:label1\" content=\"Escrito por\" \/>\n\t<meta name=\"twitter:data1\" content=\"Jeanette\" \/>\n\t<meta name=\"twitter:label2\" content=\"Tiempo de lectura\" \/>\n\t<meta name=\"twitter:data2\" content=\"6 minutos\" \/>\n<script type=\"application\/ld+json\" class=\"yoast-schema-graph\">{\"@context\":\"https:\\\/\\\/schema.org\",\"@graph\":[{\"@type\":\"Article\",\"@id\":\"https:\\\/\\\/www.eldiario.net\\\/portal\\\/2025\\\/09\\\/06\\\/charito-carazas-25-anos-honrando-a-bolivia-y-a-su-folklore\\\/#article\",\"isPartOf\":{\"@id\":\"https:\\\/\\\/www.eldiario.net\\\/portal\\\/2025\\\/09\\\/06\\\/charito-carazas-25-anos-honrando-a-bolivia-y-a-su-folklore\\\/\"},\"author\":{\"name\":\"Jeanette\",\"@id\":\"https:\\\/\\\/www.eldiario.net\\\/portal\\\/#\\\/schema\\\/person\\\/2c57cf2b7a7ae032e449e4c9b1019eac\"},\"headline\":\"\u201cCharito Carazas\u201d: 25 a\u00f1os honrando a Bolivia y a su folklore\",\"datePublished\":\"2025-09-06T14:11:35+00:00\",\"mainEntityOfPage\":{\"@id\":\"https:\\\/\\\/www.eldiario.net\\\/portal\\\/2025\\\/09\\\/06\\\/charito-carazas-25-anos-honrando-a-bolivia-y-a-su-folklore\\\/\"},\"wordCount\":1218,\"publisher\":{\"@id\":\"https:\\\/\\\/www.eldiario.net\\\/portal\\\/#organization\"},\"image\":{\"@id\":\"https:\\\/\\\/www.eldiario.net\\\/portal\\\/2025\\\/09\\\/06\\\/charito-carazas-25-anos-honrando-a-bolivia-y-a-su-folklore\\\/#primaryimage\"},\"thumbnailUrl\":\"https:\\\/\\\/www.eldiario.net\\\/portal\\\/wp-content\\\/uploads\\\/2025\\\/09\\\/1-PRINCIPAL-1.webp\",\"articleSection\":[\"La Gu\u00eda\"],\"inLanguage\":\"es\"},{\"@type\":\"WebPage\",\"@id\":\"https:\\\/\\\/www.eldiario.net\\\/portal\\\/2025\\\/09\\\/06\\\/charito-carazas-25-anos-honrando-a-bolivia-y-a-su-folklore\\\/\",\"url\":\"https:\\\/\\\/www.eldiario.net\\\/portal\\\/2025\\\/09\\\/06\\\/charito-carazas-25-anos-honrando-a-bolivia-y-a-su-folklore\\\/\",\"name\":\"\u201cCharito Carazas\u201d: 25 a\u00f1os honrando a Bolivia y a su folklore - El Diario - Bolivia\",\"isPartOf\":{\"@id\":\"https:\\\/\\\/www.eldiario.net\\\/portal\\\/#website\"},\"primaryImageOfPage\":{\"@id\":\"https:\\\/\\\/www.eldiario.net\\\/portal\\\/2025\\\/09\\\/06\\\/charito-carazas-25-anos-honrando-a-bolivia-y-a-su-folklore\\\/#primaryimage\"},\"image\":{\"@id\":\"https:\\\/\\\/www.eldiario.net\\\/portal\\\/2025\\\/09\\\/06\\\/charito-carazas-25-anos-honrando-a-bolivia-y-a-su-folklore\\\/#primaryimage\"},\"thumbnailUrl\":\"https:\\\/\\\/www.eldiario.net\\\/portal\\\/wp-content\\\/uploads\\\/2025\\\/09\\\/1-PRINCIPAL-1.webp\",\"datePublished\":\"2025-09-06T14:11:35+00:00\",\"breadcrumb\":{\"@id\":\"https:\\\/\\\/www.eldiario.net\\\/portal\\\/2025\\\/09\\\/06\\\/charito-carazas-25-anos-honrando-a-bolivia-y-a-su-folklore\\\/#breadcrumb\"},\"inLanguage\":\"es\",\"potentialAction\":[{\"@type\":\"ReadAction\",\"target\":[\"https:\\\/\\\/www.eldiario.net\\\/portal\\\/2025\\\/09\\\/06\\\/charito-carazas-25-anos-honrando-a-bolivia-y-a-su-folklore\\\/\"]}]},{\"@type\":\"ImageObject\",\"inLanguage\":\"es\",\"@id\":\"https:\\\/\\\/www.eldiario.net\\\/portal\\\/2025\\\/09\\\/06\\\/charito-carazas-25-anos-honrando-a-bolivia-y-a-su-folklore\\\/#primaryimage\",\"url\":\"https:\\\/\\\/www.eldiario.net\\\/portal\\\/wp-content\\\/uploads\\\/2025\\\/09\\\/1-PRINCIPAL-1.webp\",\"contentUrl\":\"https:\\\/\\\/www.eldiario.net\\\/portal\\\/wp-content\\\/uploads\\\/2025\\\/09\\\/1-PRINCIPAL-1.webp\",\"width\":1525,\"height\":907},{\"@type\":\"BreadcrumbList\",\"@id\":\"https:\\\/\\\/www.eldiario.net\\\/portal\\\/2025\\\/09\\\/06\\\/charito-carazas-25-anos-honrando-a-bolivia-y-a-su-folklore\\\/#breadcrumb\",\"itemListElement\":[{\"@type\":\"ListItem\",\"position\":1,\"name\":\"Portada\",\"item\":\"https:\\\/\\\/www.eldiario.net\\\/portal\\\/\"},{\"@type\":\"ListItem\",\"position\":2,\"name\":\"\u201cCharito Carazas\u201d: 25 a\u00f1os honrando a Bolivia y a su folklore\"}]},{\"@type\":\"WebSite\",\"@id\":\"https:\\\/\\\/www.eldiario.net\\\/portal\\\/#website\",\"url\":\"https:\\\/\\\/www.eldiario.net\\\/portal\\\/\",\"name\":\"El Diario - Decano de la prensa nacional\",\"description\":\"El Diario - Decano de la prensa nacional\",\"publisher\":{\"@id\":\"https:\\\/\\\/www.eldiario.net\\\/portal\\\/#organization\"},\"potentialAction\":[{\"@type\":\"SearchAction\",\"target\":{\"@type\":\"EntryPoint\",\"urlTemplate\":\"https:\\\/\\\/www.eldiario.net\\\/portal\\\/?s={search_term_string}\"},\"query-input\":{\"@type\":\"PropertyValueSpecification\",\"valueRequired\":true,\"valueName\":\"search_term_string\"}}],\"inLanguage\":\"es\"},{\"@type\":\"Organization\",\"@id\":\"https:\\\/\\\/www.eldiario.net\\\/portal\\\/#organization\",\"name\":\"El Diario - Decano de la prensa nacional\",\"url\":\"https:\\\/\\\/www.eldiario.net\\\/portal\\\/\",\"logo\":{\"@type\":\"ImageObject\",\"inLanguage\":\"es\",\"@id\":\"https:\\\/\\\/www.eldiario.net\\\/portal\\\/#\\\/schema\\\/logo\\\/image\\\/\",\"url\":\"https:\\\/\\\/www.eldiario.net\\\/portal\\\/wp-content\\\/uploads\\\/2023\\\/07\\\/logo_ED.jpg\",\"contentUrl\":\"https:\\\/\\\/www.eldiario.net\\\/portal\\\/wp-content\\\/uploads\\\/2023\\\/07\\\/logo_ED.jpg\",\"width\":272,\"height\":52,\"caption\":\"El Diario - Decano de la prensa nacional\"},\"image\":{\"@id\":\"https:\\\/\\\/www.eldiario.net\\\/portal\\\/#\\\/schema\\\/logo\\\/image\\\/\"},\"sameAs\":[\"https:\\\/\\\/www.facebook.com\\\/eldiario.bolivia\\\/\",\"https:\\\/\\\/x.com\\\/eldiario_net\"]},{\"@type\":\"Person\",\"@id\":\"https:\\\/\\\/www.eldiario.net\\\/portal\\\/#\\\/schema\\\/person\\\/2c57cf2b7a7ae032e449e4c9b1019eac\",\"name\":\"Jeanette\",\"image\":{\"@type\":\"ImageObject\",\"inLanguage\":\"es\",\"@id\":\"https:\\\/\\\/secure.gravatar.com\\\/avatar\\\/3ea2118a5f7dad2b7138b1187a6b7ee55f160b9968b66013c3a3ef39dd7e5798?s=96&d=mm&r=g\",\"url\":\"https:\\\/\\\/secure.gravatar.com\\\/avatar\\\/3ea2118a5f7dad2b7138b1187a6b7ee55f160b9968b66013c3a3ef39dd7e5798?s=96&d=mm&r=g\",\"contentUrl\":\"https:\\\/\\\/secure.gravatar.com\\\/avatar\\\/3ea2118a5f7dad2b7138b1187a6b7ee55f160b9968b66013c3a3ef39dd7e5798?s=96&d=mm&r=g\",\"caption\":\"Jeanette\"},\"sameAs\":[\"https:\\\/\\\/www.eldiario.net\\\/portal\"],\"url\":\"https:\\\/\\\/www.eldiario.net\\\/portal\\\/author\\\/jeanette\\\/\"}]}<\/script>\n<!-- \/ Yoast SEO plugin. -->","yoast_head_json":{"title":"\u201cCharito Carazas\u201d: 25 a\u00f1os honrando a Bolivia y a su folklore - El Diario - Bolivia","robots":{"index":"index","follow":"follow","max-snippet":"max-snippet:-1","max-image-preview":"max-image-preview:large","max-video-preview":"max-video-preview:-1"},"canonical":"https:\/\/www.eldiario.net\/portal\/2025\/09\/06\/charito-carazas-25-anos-honrando-a-bolivia-y-a-su-folklore\/","og_locale":"es_ES","og_type":"article","og_title":"\u201cCharito Carazas\u201d: 25 a\u00f1os honrando a Bolivia y a su folklore - El Diario - Bolivia","og_description":"La Compa\u00f1\u00eda de Bailes Tradicionales \u201cCharito Carazas\u201d cumple 25 a\u00f1os de entrega, disciplina y pasi\u00f3n por el folklore boliviano, dos d\u00e9cadas y media de representar con orgullo a Bolivia. \u201cHa sido un camino donde hemos trabajado por la preservaci\u00f3n de nuestras ra\u00edces y, al mismo tiempo, hemos innovado con propuestas art\u00edsticas que dialogan con lo [&hellip;]","og_url":"https:\/\/www.eldiario.net\/portal\/2025\/09\/06\/charito-carazas-25-anos-honrando-a-bolivia-y-a-su-folklore\/","og_site_name":"El Diario - Bolivia","article_publisher":"https:\/\/www.facebook.com\/eldiario.bolivia\/","article_published_time":"2025-09-06T14:11:35+00:00","og_image":[{"width":1525,"height":907,"url":"https:\/\/www.eldiario.net\/portal\/wp-content\/uploads\/2025\/09\/1-PRINCIPAL-1.webp","type":"image\/webp"}],"author":"Jeanette","twitter_card":"summary_large_image","twitter_creator":"@eldiario_net","twitter_site":"@eldiario_net","twitter_misc":{"Escrito por":"Jeanette","Tiempo de lectura":"6 minutos"},"schema":{"@context":"https:\/\/schema.org","@graph":[{"@type":"Article","@id":"https:\/\/www.eldiario.net\/portal\/2025\/09\/06\/charito-carazas-25-anos-honrando-a-bolivia-y-a-su-folklore\/#article","isPartOf":{"@id":"https:\/\/www.eldiario.net\/portal\/2025\/09\/06\/charito-carazas-25-anos-honrando-a-bolivia-y-a-su-folklore\/"},"author":{"name":"Jeanette","@id":"https:\/\/www.eldiario.net\/portal\/#\/schema\/person\/2c57cf2b7a7ae032e449e4c9b1019eac"},"headline":"\u201cCharito Carazas\u201d: 25 a\u00f1os honrando a Bolivia y a su folklore","datePublished":"2025-09-06T14:11:35+00:00","mainEntityOfPage":{"@id":"https:\/\/www.eldiario.net\/portal\/2025\/09\/06\/charito-carazas-25-anos-honrando-a-bolivia-y-a-su-folklore\/"},"wordCount":1218,"publisher":{"@id":"https:\/\/www.eldiario.net\/portal\/#organization"},"image":{"@id":"https:\/\/www.eldiario.net\/portal\/2025\/09\/06\/charito-carazas-25-anos-honrando-a-bolivia-y-a-su-folklore\/#primaryimage"},"thumbnailUrl":"https:\/\/www.eldiario.net\/portal\/wp-content\/uploads\/2025\/09\/1-PRINCIPAL-1.webp","articleSection":["La Gu\u00eda"],"inLanguage":"es"},{"@type":"WebPage","@id":"https:\/\/www.eldiario.net\/portal\/2025\/09\/06\/charito-carazas-25-anos-honrando-a-bolivia-y-a-su-folklore\/","url":"https:\/\/www.eldiario.net\/portal\/2025\/09\/06\/charito-carazas-25-anos-honrando-a-bolivia-y-a-su-folklore\/","name":"\u201cCharito Carazas\u201d: 25 a\u00f1os honrando a Bolivia y a su folklore - El Diario - Bolivia","isPartOf":{"@id":"https:\/\/www.eldiario.net\/portal\/#website"},"primaryImageOfPage":{"@id":"https:\/\/www.eldiario.net\/portal\/2025\/09\/06\/charito-carazas-25-anos-honrando-a-bolivia-y-a-su-folklore\/#primaryimage"},"image":{"@id":"https:\/\/www.eldiario.net\/portal\/2025\/09\/06\/charito-carazas-25-anos-honrando-a-bolivia-y-a-su-folklore\/#primaryimage"},"thumbnailUrl":"https:\/\/www.eldiario.net\/portal\/wp-content\/uploads\/2025\/09\/1-PRINCIPAL-1.webp","datePublished":"2025-09-06T14:11:35+00:00","breadcrumb":{"@id":"https:\/\/www.eldiario.net\/portal\/2025\/09\/06\/charito-carazas-25-anos-honrando-a-bolivia-y-a-su-folklore\/#breadcrumb"},"inLanguage":"es","potentialAction":[{"@type":"ReadAction","target":["https:\/\/www.eldiario.net\/portal\/2025\/09\/06\/charito-carazas-25-anos-honrando-a-bolivia-y-a-su-folklore\/"]}]},{"@type":"ImageObject","inLanguage":"es","@id":"https:\/\/www.eldiario.net\/portal\/2025\/09\/06\/charito-carazas-25-anos-honrando-a-bolivia-y-a-su-folklore\/#primaryimage","url":"https:\/\/www.eldiario.net\/portal\/wp-content\/uploads\/2025\/09\/1-PRINCIPAL-1.webp","contentUrl":"https:\/\/www.eldiario.net\/portal\/wp-content\/uploads\/2025\/09\/1-PRINCIPAL-1.webp","width":1525,"height":907},{"@type":"BreadcrumbList","@id":"https:\/\/www.eldiario.net\/portal\/2025\/09\/06\/charito-carazas-25-anos-honrando-a-bolivia-y-a-su-folklore\/#breadcrumb","itemListElement":[{"@type":"ListItem","position":1,"name":"Portada","item":"https:\/\/www.eldiario.net\/portal\/"},{"@type":"ListItem","position":2,"name":"\u201cCharito Carazas\u201d: 25 a\u00f1os honrando a Bolivia y a su folklore"}]},{"@type":"WebSite","@id":"https:\/\/www.eldiario.net\/portal\/#website","url":"https:\/\/www.eldiario.net\/portal\/","name":"El Diario - Decano de la prensa nacional","description":"El Diario - Decano de la prensa nacional","publisher":{"@id":"https:\/\/www.eldiario.net\/portal\/#organization"},"potentialAction":[{"@type":"SearchAction","target":{"@type":"EntryPoint","urlTemplate":"https:\/\/www.eldiario.net\/portal\/?s={search_term_string}"},"query-input":{"@type":"PropertyValueSpecification","valueRequired":true,"valueName":"search_term_string"}}],"inLanguage":"es"},{"@type":"Organization","@id":"https:\/\/www.eldiario.net\/portal\/#organization","name":"El Diario - Decano de la prensa nacional","url":"https:\/\/www.eldiario.net\/portal\/","logo":{"@type":"ImageObject","inLanguage":"es","@id":"https:\/\/www.eldiario.net\/portal\/#\/schema\/logo\/image\/","url":"https:\/\/www.eldiario.net\/portal\/wp-content\/uploads\/2023\/07\/logo_ED.jpg","contentUrl":"https:\/\/www.eldiario.net\/portal\/wp-content\/uploads\/2023\/07\/logo_ED.jpg","width":272,"height":52,"caption":"El Diario - Decano de la prensa nacional"},"image":{"@id":"https:\/\/www.eldiario.net\/portal\/#\/schema\/logo\/image\/"},"sameAs":["https:\/\/www.facebook.com\/eldiario.bolivia\/","https:\/\/x.com\/eldiario_net"]},{"@type":"Person","@id":"https:\/\/www.eldiario.net\/portal\/#\/schema\/person\/2c57cf2b7a7ae032e449e4c9b1019eac","name":"Jeanette","image":{"@type":"ImageObject","inLanguage":"es","@id":"https:\/\/secure.gravatar.com\/avatar\/3ea2118a5f7dad2b7138b1187a6b7ee55f160b9968b66013c3a3ef39dd7e5798?s=96&d=mm&r=g","url":"https:\/\/secure.gravatar.com\/avatar\/3ea2118a5f7dad2b7138b1187a6b7ee55f160b9968b66013c3a3ef39dd7e5798?s=96&d=mm&r=g","contentUrl":"https:\/\/secure.gravatar.com\/avatar\/3ea2118a5f7dad2b7138b1187a6b7ee55f160b9968b66013c3a3ef39dd7e5798?s=96&d=mm&r=g","caption":"Jeanette"},"sameAs":["https:\/\/www.eldiario.net\/portal"],"url":"https:\/\/www.eldiario.net\/portal\/author\/jeanette\/"}]}},"_links":{"self":[{"href":"https:\/\/www.eldiario.net\/portal\/wp-json\/wp\/v2\/posts\/329330","targetHints":{"allow":["GET"]}}],"collection":[{"href":"https:\/\/www.eldiario.net\/portal\/wp-json\/wp\/v2\/posts"}],"about":[{"href":"https:\/\/www.eldiario.net\/portal\/wp-json\/wp\/v2\/types\/post"}],"author":[{"embeddable":true,"href":"https:\/\/www.eldiario.net\/portal\/wp-json\/wp\/v2\/users\/1"}],"replies":[{"embeddable":true,"href":"https:\/\/www.eldiario.net\/portal\/wp-json\/wp\/v2\/comments?post=329330"}],"version-history":[{"count":1,"href":"https:\/\/www.eldiario.net\/portal\/wp-json\/wp\/v2\/posts\/329330\/revisions"}],"predecessor-version":[{"id":329341,"href":"https:\/\/www.eldiario.net\/portal\/wp-json\/wp\/v2\/posts\/329330\/revisions\/329341"}],"wp:featuredmedia":[{"embeddable":true,"href":"https:\/\/www.eldiario.net\/portal\/wp-json\/wp\/v2\/media\/329331"}],"wp:attachment":[{"href":"https:\/\/www.eldiario.net\/portal\/wp-json\/wp\/v2\/media?parent=329330"}],"wp:term":[{"taxonomy":"category","embeddable":true,"href":"https:\/\/www.eldiario.net\/portal\/wp-json\/wp\/v2\/categories?post=329330"},{"taxonomy":"post_tag","embeddable":true,"href":"https:\/\/www.eldiario.net\/portal\/wp-json\/wp\/v2\/tags?post=329330"}],"curies":[{"name":"wp","href":"https:\/\/api.w.org\/{rel}","templated":true}]}}