{"id":329110,"date":"2025-09-05T06:15:29","date_gmt":"2025-09-05T10:15:29","guid":{"rendered":"https:\/\/www.eldiario.net\/portal\/?p=329110"},"modified":"2025-09-05T06:15:29","modified_gmt":"2025-09-05T10:15:29","slug":"romer-saucedo-un-llamado-impostergable-a-la-justicia","status":"publish","type":"post","link":"https:\/\/www.eldiario.net\/portal\/2025\/09\/05\/romer-saucedo-un-llamado-impostergable-a-la-justicia\/","title":{"rendered":"Romer Saucedo: un llamado impostergable a la justicia"},"content":{"rendered":"<p>Las recientes declaraciones del presidente Romer Saucedo, en representaci\u00f3n del Tribunal Supremo de Justicia (TSJ), han generado expectativas que trascienden la formalidad de un discurso institucional. No se trata solo de una exhortaci\u00f3n a los jueces y magistrados, sino de un llamado que, de asumirse, puede marcar un punto de inflexi\u00f3n en la crisis estructural de la justicia boliviana.<br \/>\nEl mensaje, cobra relevancia inmediata en un escenario donde la justicia se ha visto instrumentalizada para la persecuci\u00f3n pol\u00edtica. Casos como los de la expresidenta Jeanine \u00c1\u00f1ez, el gobernador Luis Fernando Camacho, el exalcalde Luis Revilla, el c\u00edvico Marco Pumari, la excanciller Karen Longaric, entre muchos otros, han puesto en evidencia algo que ya todos sab\u00edamos, que los tribunales no han actuado bajo la premisa de la independencia judicial, sino bajo presiones y sesgos pol\u00edticos. Estas distorsiones no solo han da\u00f1ado vidas y trayectorias personales, sino que han debilitado la credibilidad de las instituciones y han polarizado a\u00fan m\u00e1s al pa\u00eds.<br \/>\nEl Dr. Saucedo, al hablar en nombre de todo el Tribunal Supremo de Justicia, reconoce impl\u00edcitamente que el sistema se encuentra al borde del colapso \u00e9tico y funcional. Y es precisamente en este punto donde su mensaje puede interpretarse como una voluntad necesaria para rectificar el rumbo de este \u00d3rgano del Estado. Si este llamado se convierte en acci\u00f3n, las consecuencias inmediatas podr\u00edan traducirse en procesos judiciales menos arbitrarios, en el freno a la utilizaci\u00f3n del aparato judicial como herramienta de revancha pol\u00edtica y en el inicio de una recuperaci\u00f3n de la confianza ciudadana en la justicia.<br \/>\nPero el alcance del pronunciamiento va m\u00e1s all\u00e1 de los casos emblem\u00e1ticos de persecuci\u00f3n pol\u00edtica. Toca todos los males cr\u00f3nicos de nuestro sistema judicial. La retardaci\u00f3n de justicia, que condena a miles de ciudadanos a tr\u00e1mites interminables, no solo alimenta la desconfianza, sino tambi\u00e9n la corrupci\u00f3n. La detenci\u00f3n preventiva, que se ha convertido en regla y no en excepci\u00f3n, mantiene a m\u00e1s del 53% de la poblaci\u00f3n carcelaria privada de libertad sin sentencia. Este dato es una verg\u00fcenza para un Estado que se proclama democr\u00e1tico y garantista.<br \/>\nAsimismo, Saucedo parece (o al menos es mi deseo), haber abierto una ventana para atacar las ra\u00edces de la corrupci\u00f3n judicial. La compra de fallos, la manipulaci\u00f3n de plazos y la selectividad en la aplicaci\u00f3n de la ley, que hoy son pr\u00e1cticas que han erosionado la justicia hasta volverla un instrumento funcional al poder pol\u00edtico y econ\u00f3mico, en lugar de un pilar de equilibrio y seguridad jur\u00eddica.<br \/>\nEl desaf\u00edo ahora, es pasar del discurso a la acci\u00f3n. Los jueces y magistrados tienen en sus manos la oportunidad hist\u00f3rica de demostrar que no son simples operadores subordinados, sino garantes de los derechos y libertades de los bolivianos. El pa\u00eds necesita que este mensaje se traduzca en medidas concretas: limitar el abuso de la detenci\u00f3n preventiva, agilizar los procesos con transparencia, sancionar a los corruptos dentro del sistema y, sobre todo, garantizar independencia frente a cualquier injerencia pol\u00edtica.<br \/>\nBolivia no soporta m\u00e1s la falta de justicia. La credibilidad del Estado de Derecho depende de que este llamado no quede en una declaraci\u00f3n, sino que sea la chispa que encienda una verdadera reforma judicial desde adentro. Porque, al final, lo que est\u00e1 en juego no son solo nombres de l\u00edderes perseguidos o cifras de presos preventivos, sino la esencia misma de nuestra democracia y la posibilidad de construir un pa\u00eds donde la justicia deje de ser un privilegio y vuelva a ser un derecho de todos.<\/p>\n<p>El autor es psic\u00f3logo y analista pol\u00edtico.<\/p>\n","protected":false},"excerpt":{"rendered":"<p>Las recientes declaraciones del presidente Romer Saucedo, en representaci\u00f3n del Tribunal Supremo de Justicia (TSJ), han generado expectativas que trascienden la formalidad de un discurso institucional. No se trata solo de una exhortaci\u00f3n a los jueces y magistrados, sino de un llamado que, de asumirse, puede marcar un punto de inflexi\u00f3n en la crisis estructural [&hellip;]<\/p>\n","protected":false},"author":1,"featured_media":194790,"comment_status":"closed","ping_status":"open","sticky":false,"template":"","format":"standard","meta":{"_acf_changed":false,"footnotes":""},"categories":[9],"tags":[],"class_list":["post-329110","post","type-post","status-publish","format-standard","has-post-thumbnail","category-opinion"],"acf":{"antetitulo":""},"yoast_head":"<!-- This site is optimized with the Yoast SEO plugin v28.4 - https:\/\/yoast.com\/product\/yoast-seo-wordpress\/ -->\n<title>Romer Saucedo: un llamado impostergable a la justicia - El Diario - Bolivia<\/title>\n<meta name=\"robots\" content=\"index, follow, max-snippet:-1, max-image-preview:large, max-video-preview:-1\" \/>\n<link rel=\"canonical\" href=\"https:\/\/www.eldiario.net\/portal\/2025\/09\/05\/romer-saucedo-un-llamado-impostergable-a-la-justicia\/\" \/>\n<meta property=\"og:locale\" content=\"es_ES\" \/>\n<meta property=\"og:type\" content=\"article\" \/>\n<meta property=\"og:title\" content=\"Romer Saucedo: un llamado impostergable a la justicia - El Diario - Bolivia\" \/>\n<meta property=\"og:description\" content=\"Las recientes declaraciones del presidente Romer Saucedo, en representaci\u00f3n del Tribunal Supremo de Justicia (TSJ), han generado expectativas que trascienden la formalidad de un discurso institucional. No se trata solo de una exhortaci\u00f3n a los jueces y magistrados, sino de un llamado que, de asumirse, puede marcar un punto de inflexi\u00f3n en la crisis estructural [&hellip;]\" \/>\n<meta property=\"og:url\" content=\"https:\/\/www.eldiario.net\/portal\/2025\/09\/05\/romer-saucedo-un-llamado-impostergable-a-la-justicia\/\" \/>\n<meta property=\"og:site_name\" content=\"El Diario - Bolivia\" \/>\n<meta property=\"article:publisher\" content=\"https:\/\/www.facebook.com\/eldiario.bolivia\/\" \/>\n<meta property=\"article:published_time\" content=\"2025-09-05T10:15:29+00:00\" \/>\n<meta property=\"og:image\" content=\"https:\/\/www.eldiario.net\/portal\/wp-content\/uploads\/2023\/12\/Opinion.jpg\" \/>\n\t<meta property=\"og:image:width\" content=\"800\" \/>\n\t<meta property=\"og:image:height\" content=\"500\" \/>\n\t<meta property=\"og:image:type\" content=\"image\/jpeg\" \/>\n<meta name=\"author\" content=\"Jeanette\" \/>\n<meta name=\"twitter:card\" content=\"summary_large_image\" \/>\n<meta name=\"twitter:creator\" content=\"@eldiario_net\" \/>\n<meta name=\"twitter:site\" content=\"@eldiario_net\" \/>\n<meta name=\"twitter:label1\" content=\"Escrito por\" \/>\n\t<meta name=\"twitter:data1\" content=\"Jeanette\" \/>\n\t<meta name=\"twitter:label2\" content=\"Tiempo de lectura\" \/>\n\t<meta name=\"twitter:data2\" content=\"3 minutos\" \/>\n<script type=\"application\/ld+json\" class=\"yoast-schema-graph\">{\"@context\":\"https:\\\/\\\/schema.org\",\"@graph\":[{\"@type\":\"Article\",\"@id\":\"https:\\\/\\\/www.eldiario.net\\\/portal\\\/2025\\\/09\\\/05\\\/romer-saucedo-un-llamado-impostergable-a-la-justicia\\\/#article\",\"isPartOf\":{\"@id\":\"https:\\\/\\\/www.eldiario.net\\\/portal\\\/2025\\\/09\\\/05\\\/romer-saucedo-un-llamado-impostergable-a-la-justicia\\\/\"},\"author\":{\"name\":\"Jeanette\",\"@id\":\"https:\\\/\\\/www.eldiario.net\\\/portal\\\/#\\\/schema\\\/person\\\/2c57cf2b7a7ae032e449e4c9b1019eac\"},\"headline\":\"Romer Saucedo: un llamado impostergable a la justicia\",\"datePublished\":\"2025-09-05T10:15:29+00:00\",\"mainEntityOfPage\":{\"@id\":\"https:\\\/\\\/www.eldiario.net\\\/portal\\\/2025\\\/09\\\/05\\\/romer-saucedo-un-llamado-impostergable-a-la-justicia\\\/\"},\"wordCount\":644,\"publisher\":{\"@id\":\"https:\\\/\\\/www.eldiario.net\\\/portal\\\/#organization\"},\"image\":{\"@id\":\"https:\\\/\\\/www.eldiario.net\\\/portal\\\/2025\\\/09\\\/05\\\/romer-saucedo-un-llamado-impostergable-a-la-justicia\\\/#primaryimage\"},\"thumbnailUrl\":\"https:\\\/\\\/www.eldiario.net\\\/portal\\\/wp-content\\\/uploads\\\/2023\\\/12\\\/Opinion.jpg\",\"articleSection\":[\"Opini\u00f3n\"],\"inLanguage\":\"es\"},{\"@type\":\"WebPage\",\"@id\":\"https:\\\/\\\/www.eldiario.net\\\/portal\\\/2025\\\/09\\\/05\\\/romer-saucedo-un-llamado-impostergable-a-la-justicia\\\/\",\"url\":\"https:\\\/\\\/www.eldiario.net\\\/portal\\\/2025\\\/09\\\/05\\\/romer-saucedo-un-llamado-impostergable-a-la-justicia\\\/\",\"name\":\"Romer Saucedo: un llamado impostergable a la justicia - El Diario - Bolivia\",\"isPartOf\":{\"@id\":\"https:\\\/\\\/www.eldiario.net\\\/portal\\\/#website\"},\"primaryImageOfPage\":{\"@id\":\"https:\\\/\\\/www.eldiario.net\\\/portal\\\/2025\\\/09\\\/05\\\/romer-saucedo-un-llamado-impostergable-a-la-justicia\\\/#primaryimage\"},\"image\":{\"@id\":\"https:\\\/\\\/www.eldiario.net\\\/portal\\\/2025\\\/09\\\/05\\\/romer-saucedo-un-llamado-impostergable-a-la-justicia\\\/#primaryimage\"},\"thumbnailUrl\":\"https:\\\/\\\/www.eldiario.net\\\/portal\\\/wp-content\\\/uploads\\\/2023\\\/12\\\/Opinion.jpg\",\"datePublished\":\"2025-09-05T10:15:29+00:00\",\"breadcrumb\":{\"@id\":\"https:\\\/\\\/www.eldiario.net\\\/portal\\\/2025\\\/09\\\/05\\\/romer-saucedo-un-llamado-impostergable-a-la-justicia\\\/#breadcrumb\"},\"inLanguage\":\"es\",\"potentialAction\":[{\"@type\":\"ReadAction\",\"target\":[\"https:\\\/\\\/www.eldiario.net\\\/portal\\\/2025\\\/09\\\/05\\\/romer-saucedo-un-llamado-impostergable-a-la-justicia\\\/\"]}]},{\"@type\":\"ImageObject\",\"inLanguage\":\"es\",\"@id\":\"https:\\\/\\\/www.eldiario.net\\\/portal\\\/2025\\\/09\\\/05\\\/romer-saucedo-un-llamado-impostergable-a-la-justicia\\\/#primaryimage\",\"url\":\"https:\\\/\\\/www.eldiario.net\\\/portal\\\/wp-content\\\/uploads\\\/2023\\\/12\\\/Opinion.jpg\",\"contentUrl\":\"https:\\\/\\\/www.eldiario.net\\\/portal\\\/wp-content\\\/uploads\\\/2023\\\/12\\\/Opinion.jpg\",\"width\":800,\"height\":500},{\"@type\":\"BreadcrumbList\",\"@id\":\"https:\\\/\\\/www.eldiario.net\\\/portal\\\/2025\\\/09\\\/05\\\/romer-saucedo-un-llamado-impostergable-a-la-justicia\\\/#breadcrumb\",\"itemListElement\":[{\"@type\":\"ListItem\",\"position\":1,\"name\":\"Portada\",\"item\":\"https:\\\/\\\/www.eldiario.net\\\/portal\\\/\"},{\"@type\":\"ListItem\",\"position\":2,\"name\":\"Romer Saucedo: un llamado impostergable a la justicia\"}]},{\"@type\":\"WebSite\",\"@id\":\"https:\\\/\\\/www.eldiario.net\\\/portal\\\/#website\",\"url\":\"https:\\\/\\\/www.eldiario.net\\\/portal\\\/\",\"name\":\"El Diario - Decano de la prensa nacional\",\"description\":\"El Diario - Decano de la prensa nacional\",\"publisher\":{\"@id\":\"https:\\\/\\\/www.eldiario.net\\\/portal\\\/#organization\"},\"potentialAction\":[{\"@type\":\"SearchAction\",\"target\":{\"@type\":\"EntryPoint\",\"urlTemplate\":\"https:\\\/\\\/www.eldiario.net\\\/portal\\\/?s={search_term_string}\"},\"query-input\":{\"@type\":\"PropertyValueSpecification\",\"valueRequired\":true,\"valueName\":\"search_term_string\"}}],\"inLanguage\":\"es\"},{\"@type\":\"Organization\",\"@id\":\"https:\\\/\\\/www.eldiario.net\\\/portal\\\/#organization\",\"name\":\"El Diario - Decano de la prensa nacional\",\"url\":\"https:\\\/\\\/www.eldiario.net\\\/portal\\\/\",\"logo\":{\"@type\":\"ImageObject\",\"inLanguage\":\"es\",\"@id\":\"https:\\\/\\\/www.eldiario.net\\\/portal\\\/#\\\/schema\\\/logo\\\/image\\\/\",\"url\":\"https:\\\/\\\/www.eldiario.net\\\/portal\\\/wp-content\\\/uploads\\\/2023\\\/07\\\/logo_ED.jpg\",\"contentUrl\":\"https:\\\/\\\/www.eldiario.net\\\/portal\\\/wp-content\\\/uploads\\\/2023\\\/07\\\/logo_ED.jpg\",\"width\":272,\"height\":52,\"caption\":\"El Diario - Decano de la prensa nacional\"},\"image\":{\"@id\":\"https:\\\/\\\/www.eldiario.net\\\/portal\\\/#\\\/schema\\\/logo\\\/image\\\/\"},\"sameAs\":[\"https:\\\/\\\/www.facebook.com\\\/eldiario.bolivia\\\/\",\"https:\\\/\\\/x.com\\\/eldiario_net\"]},{\"@type\":\"Person\",\"@id\":\"https:\\\/\\\/www.eldiario.net\\\/portal\\\/#\\\/schema\\\/person\\\/2c57cf2b7a7ae032e449e4c9b1019eac\",\"name\":\"Jeanette\",\"image\":{\"@type\":\"ImageObject\",\"inLanguage\":\"es\",\"@id\":\"https:\\\/\\\/secure.gravatar.com\\\/avatar\\\/3ea2118a5f7dad2b7138b1187a6b7ee55f160b9968b66013c3a3ef39dd7e5798?s=96&d=mm&r=g\",\"url\":\"https:\\\/\\\/secure.gravatar.com\\\/avatar\\\/3ea2118a5f7dad2b7138b1187a6b7ee55f160b9968b66013c3a3ef39dd7e5798?s=96&d=mm&r=g\",\"contentUrl\":\"https:\\\/\\\/secure.gravatar.com\\\/avatar\\\/3ea2118a5f7dad2b7138b1187a6b7ee55f160b9968b66013c3a3ef39dd7e5798?s=96&d=mm&r=g\",\"caption\":\"Jeanette\"},\"sameAs\":[\"https:\\\/\\\/www.eldiario.net\\\/portal\"],\"url\":\"https:\\\/\\\/www.eldiario.net\\\/portal\\\/author\\\/jeanette\\\/\"}]}<\/script>\n<!-- \/ Yoast SEO plugin. -->","yoast_head_json":{"title":"Romer Saucedo: un llamado impostergable a la justicia - El Diario - Bolivia","robots":{"index":"index","follow":"follow","max-snippet":"max-snippet:-1","max-image-preview":"max-image-preview:large","max-video-preview":"max-video-preview:-1"},"canonical":"https:\/\/www.eldiario.net\/portal\/2025\/09\/05\/romer-saucedo-un-llamado-impostergable-a-la-justicia\/","og_locale":"es_ES","og_type":"article","og_title":"Romer Saucedo: un llamado impostergable a la justicia - El Diario - Bolivia","og_description":"Las recientes declaraciones del presidente Romer Saucedo, en representaci\u00f3n del Tribunal Supremo de Justicia (TSJ), han generado expectativas que trascienden la formalidad de un discurso institucional. No se trata solo de una exhortaci\u00f3n a los jueces y magistrados, sino de un llamado que, de asumirse, puede marcar un punto de inflexi\u00f3n en la crisis estructural [&hellip;]","og_url":"https:\/\/www.eldiario.net\/portal\/2025\/09\/05\/romer-saucedo-un-llamado-impostergable-a-la-justicia\/","og_site_name":"El Diario - Bolivia","article_publisher":"https:\/\/www.facebook.com\/eldiario.bolivia\/","article_published_time":"2025-09-05T10:15:29+00:00","og_image":[{"width":800,"height":500,"url":"https:\/\/www.eldiario.net\/portal\/wp-content\/uploads\/2023\/12\/Opinion.jpg","type":"image\/jpeg"}],"author":"Jeanette","twitter_card":"summary_large_image","twitter_creator":"@eldiario_net","twitter_site":"@eldiario_net","twitter_misc":{"Escrito por":"Jeanette","Tiempo de lectura":"3 minutos"},"schema":{"@context":"https:\/\/schema.org","@graph":[{"@type":"Article","@id":"https:\/\/www.eldiario.net\/portal\/2025\/09\/05\/romer-saucedo-un-llamado-impostergable-a-la-justicia\/#article","isPartOf":{"@id":"https:\/\/www.eldiario.net\/portal\/2025\/09\/05\/romer-saucedo-un-llamado-impostergable-a-la-justicia\/"},"author":{"name":"Jeanette","@id":"https:\/\/www.eldiario.net\/portal\/#\/schema\/person\/2c57cf2b7a7ae032e449e4c9b1019eac"},"headline":"Romer Saucedo: un llamado impostergable a la justicia","datePublished":"2025-09-05T10:15:29+00:00","mainEntityOfPage":{"@id":"https:\/\/www.eldiario.net\/portal\/2025\/09\/05\/romer-saucedo-un-llamado-impostergable-a-la-justicia\/"},"wordCount":644,"publisher":{"@id":"https:\/\/www.eldiario.net\/portal\/#organization"},"image":{"@id":"https:\/\/www.eldiario.net\/portal\/2025\/09\/05\/romer-saucedo-un-llamado-impostergable-a-la-justicia\/#primaryimage"},"thumbnailUrl":"https:\/\/www.eldiario.net\/portal\/wp-content\/uploads\/2023\/12\/Opinion.jpg","articleSection":["Opini\u00f3n"],"inLanguage":"es"},{"@type":"WebPage","@id":"https:\/\/www.eldiario.net\/portal\/2025\/09\/05\/romer-saucedo-un-llamado-impostergable-a-la-justicia\/","url":"https:\/\/www.eldiario.net\/portal\/2025\/09\/05\/romer-saucedo-un-llamado-impostergable-a-la-justicia\/","name":"Romer Saucedo: un llamado impostergable a la justicia - El Diario - Bolivia","isPartOf":{"@id":"https:\/\/www.eldiario.net\/portal\/#website"},"primaryImageOfPage":{"@id":"https:\/\/www.eldiario.net\/portal\/2025\/09\/05\/romer-saucedo-un-llamado-impostergable-a-la-justicia\/#primaryimage"},"image":{"@id":"https:\/\/www.eldiario.net\/portal\/2025\/09\/05\/romer-saucedo-un-llamado-impostergable-a-la-justicia\/#primaryimage"},"thumbnailUrl":"https:\/\/www.eldiario.net\/portal\/wp-content\/uploads\/2023\/12\/Opinion.jpg","datePublished":"2025-09-05T10:15:29+00:00","breadcrumb":{"@id":"https:\/\/www.eldiario.net\/portal\/2025\/09\/05\/romer-saucedo-un-llamado-impostergable-a-la-justicia\/#breadcrumb"},"inLanguage":"es","potentialAction":[{"@type":"ReadAction","target":["https:\/\/www.eldiario.net\/portal\/2025\/09\/05\/romer-saucedo-un-llamado-impostergable-a-la-justicia\/"]}]},{"@type":"ImageObject","inLanguage":"es","@id":"https:\/\/www.eldiario.net\/portal\/2025\/09\/05\/romer-saucedo-un-llamado-impostergable-a-la-justicia\/#primaryimage","url":"https:\/\/www.eldiario.net\/portal\/wp-content\/uploads\/2023\/12\/Opinion.jpg","contentUrl":"https:\/\/www.eldiario.net\/portal\/wp-content\/uploads\/2023\/12\/Opinion.jpg","width":800,"height":500},{"@type":"BreadcrumbList","@id":"https:\/\/www.eldiario.net\/portal\/2025\/09\/05\/romer-saucedo-un-llamado-impostergable-a-la-justicia\/#breadcrumb","itemListElement":[{"@type":"ListItem","position":1,"name":"Portada","item":"https:\/\/www.eldiario.net\/portal\/"},{"@type":"ListItem","position":2,"name":"Romer Saucedo: un llamado impostergable a la justicia"}]},{"@type":"WebSite","@id":"https:\/\/www.eldiario.net\/portal\/#website","url":"https:\/\/www.eldiario.net\/portal\/","name":"El Diario - Decano de la prensa nacional","description":"El Diario - Decano de la prensa nacional","publisher":{"@id":"https:\/\/www.eldiario.net\/portal\/#organization"},"potentialAction":[{"@type":"SearchAction","target":{"@type":"EntryPoint","urlTemplate":"https:\/\/www.eldiario.net\/portal\/?s={search_term_string}"},"query-input":{"@type":"PropertyValueSpecification","valueRequired":true,"valueName":"search_term_string"}}],"inLanguage":"es"},{"@type":"Organization","@id":"https:\/\/www.eldiario.net\/portal\/#organization","name":"El Diario - Decano de la prensa nacional","url":"https:\/\/www.eldiario.net\/portal\/","logo":{"@type":"ImageObject","inLanguage":"es","@id":"https:\/\/www.eldiario.net\/portal\/#\/schema\/logo\/image\/","url":"https:\/\/www.eldiario.net\/portal\/wp-content\/uploads\/2023\/07\/logo_ED.jpg","contentUrl":"https:\/\/www.eldiario.net\/portal\/wp-content\/uploads\/2023\/07\/logo_ED.jpg","width":272,"height":52,"caption":"El Diario - Decano de la prensa nacional"},"image":{"@id":"https:\/\/www.eldiario.net\/portal\/#\/schema\/logo\/image\/"},"sameAs":["https:\/\/www.facebook.com\/eldiario.bolivia\/","https:\/\/x.com\/eldiario_net"]},{"@type":"Person","@id":"https:\/\/www.eldiario.net\/portal\/#\/schema\/person\/2c57cf2b7a7ae032e449e4c9b1019eac","name":"Jeanette","image":{"@type":"ImageObject","inLanguage":"es","@id":"https:\/\/secure.gravatar.com\/avatar\/3ea2118a5f7dad2b7138b1187a6b7ee55f160b9968b66013c3a3ef39dd7e5798?s=96&d=mm&r=g","url":"https:\/\/secure.gravatar.com\/avatar\/3ea2118a5f7dad2b7138b1187a6b7ee55f160b9968b66013c3a3ef39dd7e5798?s=96&d=mm&r=g","contentUrl":"https:\/\/secure.gravatar.com\/avatar\/3ea2118a5f7dad2b7138b1187a6b7ee55f160b9968b66013c3a3ef39dd7e5798?s=96&d=mm&r=g","caption":"Jeanette"},"sameAs":["https:\/\/www.eldiario.net\/portal"],"url":"https:\/\/www.eldiario.net\/portal\/author\/jeanette\/"}]}},"_links":{"self":[{"href":"https:\/\/www.eldiario.net\/portal\/wp-json\/wp\/v2\/posts\/329110","targetHints":{"allow":["GET"]}}],"collection":[{"href":"https:\/\/www.eldiario.net\/portal\/wp-json\/wp\/v2\/posts"}],"about":[{"href":"https:\/\/www.eldiario.net\/portal\/wp-json\/wp\/v2\/types\/post"}],"author":[{"embeddable":true,"href":"https:\/\/www.eldiario.net\/portal\/wp-json\/wp\/v2\/users\/1"}],"replies":[{"embeddable":true,"href":"https:\/\/www.eldiario.net\/portal\/wp-json\/wp\/v2\/comments?post=329110"}],"version-history":[{"count":1,"href":"https:\/\/www.eldiario.net\/portal\/wp-json\/wp\/v2\/posts\/329110\/revisions"}],"predecessor-version":[{"id":329111,"href":"https:\/\/www.eldiario.net\/portal\/wp-json\/wp\/v2\/posts\/329110\/revisions\/329111"}],"wp:featuredmedia":[{"embeddable":true,"href":"https:\/\/www.eldiario.net\/portal\/wp-json\/wp\/v2\/media\/194790"}],"wp:attachment":[{"href":"https:\/\/www.eldiario.net\/portal\/wp-json\/wp\/v2\/media?parent=329110"}],"wp:term":[{"taxonomy":"category","embeddable":true,"href":"https:\/\/www.eldiario.net\/portal\/wp-json\/wp\/v2\/categories?post=329110"},{"taxonomy":"post_tag","embeddable":true,"href":"https:\/\/www.eldiario.net\/portal\/wp-json\/wp\/v2\/tags?post=329110"}],"curies":[{"name":"wp","href":"https:\/\/api.w.org\/{rel}","templated":true}]}}