{"id":329108,"date":"2025-09-05T06:14:40","date_gmt":"2025-09-05T10:14:40","guid":{"rendered":"https:\/\/www.eldiario.net\/portal\/?p=329108"},"modified":"2025-09-05T06:14:40","modified_gmt":"2025-09-05T10:14:40","slug":"breve-relato-de-un-viaje","status":"publish","type":"post","link":"https:\/\/www.eldiario.net\/portal\/2025\/09\/05\/breve-relato-de-un-viaje\/","title":{"rendered":"Breve relato de un viaje"},"content":{"rendered":"<p>Una amiga m\u00eda cuenta por d\u00eda, mes, a\u00f1o cu\u00e1ntos desastres a\u00e9reos ocurren en el planeta, por lo que se deduce que le aterra viajar usando este medio de transporte, cuyos pioneros fueron los hermanos Wright. Pero la historia destaca dos antecesores, en el Siglo XIX, que son los inventores: el franc\u00e9s Cl\u00e9ment Ader y el alem\u00e1n Lilienthal. El primero, inventa lo que denomin\u00f3 \u00abavi\u00f3n\u00bb (el Eole), un elemento m\u00e1s pesado que el aire, cuyo fin era volar. Dicho invento era propulsado por un motor de vapor de dos cilindros, sin embargo, no ten\u00eda cola, ni control lateral.<br \/>\nEn principio vol\u00f3 a una altura de 20 cm, recorriendo unos 50 m. El segundo, Otto Lilienthal, considerado casi con unanimidad el primer hombre que fue lanzado al aire y aterriz\u00f3 con seguridad. El ingeniero alem\u00e1n se interes\u00f3 desde sus primeros momentos por la aviaci\u00f3n, y ya desde joven se parti\u00f3 varias veces las piernas tir\u00e1ndose desde un molino con unas alas atadas a sus brazos.<br \/>\nEn 1891 ya hizo realidad el primer Hang-Glider, aunque los dos primeros aeroplanos fracasaron. El primer vuelo alcanz\u00f3 8.2 pies de altura (2.5 metros), pero los \u00faltimos lleg\u00f3 a alcanzar los 80 pies (25 metros de altura). Los hermanos Wright, (Wilbur y Orville), son considerados como los primeros hombres en hacer un vuelo controlado.<br \/>\nInsertaron al avi\u00f3n su propio motor: de cuatro cilindros en l\u00ednea de 12cV que probaron en 1903. Tambi\u00e9n lograron desarrollar una h\u00e9lice suficientemente eficaz que tuviese un rendimiento aceptable. El 17 de diciembre de 1903, hicieron un vuelo ondulante de unos 36 metros en 12 segundos, despegando en unos 12 metros. Al a\u00f1o consiguieron recorrer 38 Km.<br \/>\nDespu\u00e9s de esta introducci\u00f3n hist\u00f3rica, \u00bfcu\u00e1n confiables son los aviones hoy? En 2022 (seg\u00fan lo investigado), en el mundo hubo 34 accidentes, lo cual nos lleva a un dato interesante: cada 0.093 d\u00edas aproximadamente cae un aeroplano. \u00bfCaen muchos o pocos? El dato que faltar\u00eda para responder es: \u00bfcu\u00e1ntos aviones vuelan diariamente?<br \/>\nPosiblemente el porcentaje sea \u00ednfimo. A pesar de volar con m\u00e1s seguridad, algunos pasajeros, cuando el avi\u00f3n est\u00e1 a punto de despegar, se encomiendan a Dios. El avi\u00f3n asciende (36.000 pies de altura), los objetos animados y no animados se reducen al tama\u00f1o de \u00bfun grano de arroz? hasta desaparecer entre las nubes, algunos estremecimientos hacen zarandear al avi\u00f3n\u2026 Pero inmediatamente el capit\u00e1n anuncia que no se asusten, que ese movimiento no es inusual.<br \/>\n\u00bfY cu\u00e1ndo llegamos al lugar de destino?, algunos aplauden, otros sonr\u00eden. \u00a1Estamos vivos! \u00bfQu\u00e9 falta? La satisfacci\u00f3n del recibimiento de los familiares y estar nuevamente en casa. Para concluir, viaj\u00e9 un d\u00eda 6 y nada pas\u00f3. \u00bfTestigos? Ustedes, \u00bfacaso no estando leyendo esta nota?<\/p>\n","protected":false},"excerpt":{"rendered":"<p>Una amiga m\u00eda cuenta por d\u00eda, mes, a\u00f1o cu\u00e1ntos desastres a\u00e9reos ocurren en el planeta, por lo que se deduce que le aterra viajar usando este medio de transporte, cuyos pioneros fueron los hermanos Wright. Pero la historia destaca dos antecesores, en el Siglo XIX, que son los inventores: el franc\u00e9s Cl\u00e9ment Ader y el [&hellip;]<\/p>\n","protected":false},"author":1,"featured_media":160310,"comment_status":"closed","ping_status":"open","sticky":false,"template":"","format":"standard","meta":{"_acf_changed":false,"footnotes":""},"categories":[9],"tags":[],"class_list":["post-329108","post","type-post","status-publish","format-standard","has-post-thumbnail","category-opinion"],"acf":{"antetitulo":""},"yoast_head":"<!-- This site is optimized with the Yoast SEO plugin v28.4 - https:\/\/yoast.com\/product\/yoast-seo-wordpress\/ -->\n<title>Breve relato de un viaje - El Diario - Bolivia<\/title>\n<meta name=\"robots\" content=\"index, follow, max-snippet:-1, max-image-preview:large, max-video-preview:-1\" \/>\n<link rel=\"canonical\" href=\"https:\/\/www.eldiario.net\/portal\/2025\/09\/05\/breve-relato-de-un-viaje\/\" \/>\n<meta property=\"og:locale\" content=\"es_ES\" \/>\n<meta property=\"og:type\" content=\"article\" \/>\n<meta property=\"og:title\" content=\"Breve relato de un viaje - El Diario - Bolivia\" \/>\n<meta property=\"og:description\" content=\"Una amiga m\u00eda cuenta por d\u00eda, mes, a\u00f1o cu\u00e1ntos desastres a\u00e9reos ocurren en el planeta, por lo que se deduce que le aterra viajar usando este medio de transporte, cuyos pioneros fueron los hermanos Wright. Pero la historia destaca dos antecesores, en el Siglo XIX, que son los inventores: el franc\u00e9s Cl\u00e9ment Ader y el [&hellip;]\" \/>\n<meta property=\"og:url\" content=\"https:\/\/www.eldiario.net\/portal\/2025\/09\/05\/breve-relato-de-un-viaje\/\" \/>\n<meta property=\"og:site_name\" content=\"El Diario - Bolivia\" \/>\n<meta property=\"article:publisher\" content=\"https:\/\/www.facebook.com\/eldiario.bolivia\/\" \/>\n<meta property=\"article:published_time\" content=\"2025-09-05T10:14:40+00:00\" \/>\n<meta property=\"og:image\" content=\"https:\/\/www.eldiario.net\/portal\/wp-content\/uploads\/2023\/06\/Ernesto-Gonzalez-Valdes.jpg\" \/>\n\t<meta property=\"og:image:width\" content=\"1200\" \/>\n\t<meta property=\"og:image:height\" content=\"628\" \/>\n\t<meta property=\"og:image:type\" content=\"image\/jpeg\" \/>\n<meta name=\"author\" content=\"Jeanette\" \/>\n<meta name=\"twitter:card\" content=\"summary_large_image\" \/>\n<meta name=\"twitter:creator\" content=\"@eldiario_net\" \/>\n<meta name=\"twitter:site\" content=\"@eldiario_net\" \/>\n<meta name=\"twitter:label1\" content=\"Escrito por\" \/>\n\t<meta name=\"twitter:data1\" content=\"Jeanette\" \/>\n\t<meta name=\"twitter:label2\" content=\"Tiempo de lectura\" \/>\n\t<meta name=\"twitter:data2\" content=\"3 minutos\" \/>\n<script type=\"application\/ld+json\" class=\"yoast-schema-graph\">{\"@context\":\"https:\\\/\\\/schema.org\",\"@graph\":[{\"@type\":\"Article\",\"@id\":\"https:\\\/\\\/www.eldiario.net\\\/portal\\\/2025\\\/09\\\/05\\\/breve-relato-de-un-viaje\\\/#article\",\"isPartOf\":{\"@id\":\"https:\\\/\\\/www.eldiario.net\\\/portal\\\/2025\\\/09\\\/05\\\/breve-relato-de-un-viaje\\\/\"},\"author\":{\"name\":\"Jeanette\",\"@id\":\"https:\\\/\\\/www.eldiario.net\\\/portal\\\/#\\\/schema\\\/person\\\/2c57cf2b7a7ae032e449e4c9b1019eac\"},\"headline\":\"Breve relato de un viaje\",\"datePublished\":\"2025-09-05T10:14:40+00:00\",\"mainEntityOfPage\":{\"@id\":\"https:\\\/\\\/www.eldiario.net\\\/portal\\\/2025\\\/09\\\/05\\\/breve-relato-de-un-viaje\\\/\"},\"wordCount\":467,\"publisher\":{\"@id\":\"https:\\\/\\\/www.eldiario.net\\\/portal\\\/#organization\"},\"image\":{\"@id\":\"https:\\\/\\\/www.eldiario.net\\\/portal\\\/2025\\\/09\\\/05\\\/breve-relato-de-un-viaje\\\/#primaryimage\"},\"thumbnailUrl\":\"https:\\\/\\\/www.eldiario.net\\\/portal\\\/wp-content\\\/uploads\\\/2023\\\/06\\\/Ernesto-Gonzalez-Valdes.jpg\",\"articleSection\":[\"Opini\u00f3n\"],\"inLanguage\":\"es\"},{\"@type\":\"WebPage\",\"@id\":\"https:\\\/\\\/www.eldiario.net\\\/portal\\\/2025\\\/09\\\/05\\\/breve-relato-de-un-viaje\\\/\",\"url\":\"https:\\\/\\\/www.eldiario.net\\\/portal\\\/2025\\\/09\\\/05\\\/breve-relato-de-un-viaje\\\/\",\"name\":\"Breve relato de un viaje - El Diario - Bolivia\",\"isPartOf\":{\"@id\":\"https:\\\/\\\/www.eldiario.net\\\/portal\\\/#website\"},\"primaryImageOfPage\":{\"@id\":\"https:\\\/\\\/www.eldiario.net\\\/portal\\\/2025\\\/09\\\/05\\\/breve-relato-de-un-viaje\\\/#primaryimage\"},\"image\":{\"@id\":\"https:\\\/\\\/www.eldiario.net\\\/portal\\\/2025\\\/09\\\/05\\\/breve-relato-de-un-viaje\\\/#primaryimage\"},\"thumbnailUrl\":\"https:\\\/\\\/www.eldiario.net\\\/portal\\\/wp-content\\\/uploads\\\/2023\\\/06\\\/Ernesto-Gonzalez-Valdes.jpg\",\"datePublished\":\"2025-09-05T10:14:40+00:00\",\"breadcrumb\":{\"@id\":\"https:\\\/\\\/www.eldiario.net\\\/portal\\\/2025\\\/09\\\/05\\\/breve-relato-de-un-viaje\\\/#breadcrumb\"},\"inLanguage\":\"es\",\"potentialAction\":[{\"@type\":\"ReadAction\",\"target\":[\"https:\\\/\\\/www.eldiario.net\\\/portal\\\/2025\\\/09\\\/05\\\/breve-relato-de-un-viaje\\\/\"]}]},{\"@type\":\"ImageObject\",\"inLanguage\":\"es\",\"@id\":\"https:\\\/\\\/www.eldiario.net\\\/portal\\\/2025\\\/09\\\/05\\\/breve-relato-de-un-viaje\\\/#primaryimage\",\"url\":\"https:\\\/\\\/www.eldiario.net\\\/portal\\\/wp-content\\\/uploads\\\/2023\\\/06\\\/Ernesto-Gonzalez-Valdes.jpg\",\"contentUrl\":\"https:\\\/\\\/www.eldiario.net\\\/portal\\\/wp-content\\\/uploads\\\/2023\\\/06\\\/Ernesto-Gonzalez-Valdes.jpg\",\"width\":1200,\"height\":628,\"caption\":\"Ernesto Gonz\u00e1lez Vald\u00e9s\"},{\"@type\":\"BreadcrumbList\",\"@id\":\"https:\\\/\\\/www.eldiario.net\\\/portal\\\/2025\\\/09\\\/05\\\/breve-relato-de-un-viaje\\\/#breadcrumb\",\"itemListElement\":[{\"@type\":\"ListItem\",\"position\":1,\"name\":\"Portada\",\"item\":\"https:\\\/\\\/www.eldiario.net\\\/portal\\\/\"},{\"@type\":\"ListItem\",\"position\":2,\"name\":\"Breve relato de un viaje\"}]},{\"@type\":\"WebSite\",\"@id\":\"https:\\\/\\\/www.eldiario.net\\\/portal\\\/#website\",\"url\":\"https:\\\/\\\/www.eldiario.net\\\/portal\\\/\",\"name\":\"El Diario - Decano de la prensa nacional\",\"description\":\"El Diario - Decano de la prensa nacional\",\"publisher\":{\"@id\":\"https:\\\/\\\/www.eldiario.net\\\/portal\\\/#organization\"},\"potentialAction\":[{\"@type\":\"SearchAction\",\"target\":{\"@type\":\"EntryPoint\",\"urlTemplate\":\"https:\\\/\\\/www.eldiario.net\\\/portal\\\/?s={search_term_string}\"},\"query-input\":{\"@type\":\"PropertyValueSpecification\",\"valueRequired\":true,\"valueName\":\"search_term_string\"}}],\"inLanguage\":\"es\"},{\"@type\":\"Organization\",\"@id\":\"https:\\\/\\\/www.eldiario.net\\\/portal\\\/#organization\",\"name\":\"El Diario - Decano de la prensa nacional\",\"url\":\"https:\\\/\\\/www.eldiario.net\\\/portal\\\/\",\"logo\":{\"@type\":\"ImageObject\",\"inLanguage\":\"es\",\"@id\":\"https:\\\/\\\/www.eldiario.net\\\/portal\\\/#\\\/schema\\\/logo\\\/image\\\/\",\"url\":\"https:\\\/\\\/www.eldiario.net\\\/portal\\\/wp-content\\\/uploads\\\/2023\\\/07\\\/logo_ED.jpg\",\"contentUrl\":\"https:\\\/\\\/www.eldiario.net\\\/portal\\\/wp-content\\\/uploads\\\/2023\\\/07\\\/logo_ED.jpg\",\"width\":272,\"height\":52,\"caption\":\"El Diario - Decano de la prensa nacional\"},\"image\":{\"@id\":\"https:\\\/\\\/www.eldiario.net\\\/portal\\\/#\\\/schema\\\/logo\\\/image\\\/\"},\"sameAs\":[\"https:\\\/\\\/www.facebook.com\\\/eldiario.bolivia\\\/\",\"https:\\\/\\\/x.com\\\/eldiario_net\"]},{\"@type\":\"Person\",\"@id\":\"https:\\\/\\\/www.eldiario.net\\\/portal\\\/#\\\/schema\\\/person\\\/2c57cf2b7a7ae032e449e4c9b1019eac\",\"name\":\"Jeanette\",\"image\":{\"@type\":\"ImageObject\",\"inLanguage\":\"es\",\"@id\":\"https:\\\/\\\/secure.gravatar.com\\\/avatar\\\/3ea2118a5f7dad2b7138b1187a6b7ee55f160b9968b66013c3a3ef39dd7e5798?s=96&d=mm&r=g\",\"url\":\"https:\\\/\\\/secure.gravatar.com\\\/avatar\\\/3ea2118a5f7dad2b7138b1187a6b7ee55f160b9968b66013c3a3ef39dd7e5798?s=96&d=mm&r=g\",\"contentUrl\":\"https:\\\/\\\/secure.gravatar.com\\\/avatar\\\/3ea2118a5f7dad2b7138b1187a6b7ee55f160b9968b66013c3a3ef39dd7e5798?s=96&d=mm&r=g\",\"caption\":\"Jeanette\"},\"sameAs\":[\"https:\\\/\\\/www.eldiario.net\\\/portal\"],\"url\":\"https:\\\/\\\/www.eldiario.net\\\/portal\\\/author\\\/jeanette\\\/\"}]}<\/script>\n<!-- \/ Yoast SEO plugin. -->","yoast_head_json":{"title":"Breve relato de un viaje - El Diario - Bolivia","robots":{"index":"index","follow":"follow","max-snippet":"max-snippet:-1","max-image-preview":"max-image-preview:large","max-video-preview":"max-video-preview:-1"},"canonical":"https:\/\/www.eldiario.net\/portal\/2025\/09\/05\/breve-relato-de-un-viaje\/","og_locale":"es_ES","og_type":"article","og_title":"Breve relato de un viaje - El Diario - Bolivia","og_description":"Una amiga m\u00eda cuenta por d\u00eda, mes, a\u00f1o cu\u00e1ntos desastres a\u00e9reos ocurren en el planeta, por lo que se deduce que le aterra viajar usando este medio de transporte, cuyos pioneros fueron los hermanos Wright. Pero la historia destaca dos antecesores, en el Siglo XIX, que son los inventores: el franc\u00e9s Cl\u00e9ment Ader y el [&hellip;]","og_url":"https:\/\/www.eldiario.net\/portal\/2025\/09\/05\/breve-relato-de-un-viaje\/","og_site_name":"El Diario - Bolivia","article_publisher":"https:\/\/www.facebook.com\/eldiario.bolivia\/","article_published_time":"2025-09-05T10:14:40+00:00","og_image":[{"width":1200,"height":628,"url":"https:\/\/www.eldiario.net\/portal\/wp-content\/uploads\/2023\/06\/Ernesto-Gonzalez-Valdes.jpg","type":"image\/jpeg"}],"author":"Jeanette","twitter_card":"summary_large_image","twitter_creator":"@eldiario_net","twitter_site":"@eldiario_net","twitter_misc":{"Escrito por":"Jeanette","Tiempo de lectura":"3 minutos"},"schema":{"@context":"https:\/\/schema.org","@graph":[{"@type":"Article","@id":"https:\/\/www.eldiario.net\/portal\/2025\/09\/05\/breve-relato-de-un-viaje\/#article","isPartOf":{"@id":"https:\/\/www.eldiario.net\/portal\/2025\/09\/05\/breve-relato-de-un-viaje\/"},"author":{"name":"Jeanette","@id":"https:\/\/www.eldiario.net\/portal\/#\/schema\/person\/2c57cf2b7a7ae032e449e4c9b1019eac"},"headline":"Breve relato de un viaje","datePublished":"2025-09-05T10:14:40+00:00","mainEntityOfPage":{"@id":"https:\/\/www.eldiario.net\/portal\/2025\/09\/05\/breve-relato-de-un-viaje\/"},"wordCount":467,"publisher":{"@id":"https:\/\/www.eldiario.net\/portal\/#organization"},"image":{"@id":"https:\/\/www.eldiario.net\/portal\/2025\/09\/05\/breve-relato-de-un-viaje\/#primaryimage"},"thumbnailUrl":"https:\/\/www.eldiario.net\/portal\/wp-content\/uploads\/2023\/06\/Ernesto-Gonzalez-Valdes.jpg","articleSection":["Opini\u00f3n"],"inLanguage":"es"},{"@type":"WebPage","@id":"https:\/\/www.eldiario.net\/portal\/2025\/09\/05\/breve-relato-de-un-viaje\/","url":"https:\/\/www.eldiario.net\/portal\/2025\/09\/05\/breve-relato-de-un-viaje\/","name":"Breve relato de un viaje - El Diario - Bolivia","isPartOf":{"@id":"https:\/\/www.eldiario.net\/portal\/#website"},"primaryImageOfPage":{"@id":"https:\/\/www.eldiario.net\/portal\/2025\/09\/05\/breve-relato-de-un-viaje\/#primaryimage"},"image":{"@id":"https:\/\/www.eldiario.net\/portal\/2025\/09\/05\/breve-relato-de-un-viaje\/#primaryimage"},"thumbnailUrl":"https:\/\/www.eldiario.net\/portal\/wp-content\/uploads\/2023\/06\/Ernesto-Gonzalez-Valdes.jpg","datePublished":"2025-09-05T10:14:40+00:00","breadcrumb":{"@id":"https:\/\/www.eldiario.net\/portal\/2025\/09\/05\/breve-relato-de-un-viaje\/#breadcrumb"},"inLanguage":"es","potentialAction":[{"@type":"ReadAction","target":["https:\/\/www.eldiario.net\/portal\/2025\/09\/05\/breve-relato-de-un-viaje\/"]}]},{"@type":"ImageObject","inLanguage":"es","@id":"https:\/\/www.eldiario.net\/portal\/2025\/09\/05\/breve-relato-de-un-viaje\/#primaryimage","url":"https:\/\/www.eldiario.net\/portal\/wp-content\/uploads\/2023\/06\/Ernesto-Gonzalez-Valdes.jpg","contentUrl":"https:\/\/www.eldiario.net\/portal\/wp-content\/uploads\/2023\/06\/Ernesto-Gonzalez-Valdes.jpg","width":1200,"height":628,"caption":"Ernesto Gonz\u00e1lez Vald\u00e9s"},{"@type":"BreadcrumbList","@id":"https:\/\/www.eldiario.net\/portal\/2025\/09\/05\/breve-relato-de-un-viaje\/#breadcrumb","itemListElement":[{"@type":"ListItem","position":1,"name":"Portada","item":"https:\/\/www.eldiario.net\/portal\/"},{"@type":"ListItem","position":2,"name":"Breve relato de un viaje"}]},{"@type":"WebSite","@id":"https:\/\/www.eldiario.net\/portal\/#website","url":"https:\/\/www.eldiario.net\/portal\/","name":"El Diario - Decano de la prensa nacional","description":"El Diario - Decano de la prensa nacional","publisher":{"@id":"https:\/\/www.eldiario.net\/portal\/#organization"},"potentialAction":[{"@type":"SearchAction","target":{"@type":"EntryPoint","urlTemplate":"https:\/\/www.eldiario.net\/portal\/?s={search_term_string}"},"query-input":{"@type":"PropertyValueSpecification","valueRequired":true,"valueName":"search_term_string"}}],"inLanguage":"es"},{"@type":"Organization","@id":"https:\/\/www.eldiario.net\/portal\/#organization","name":"El Diario - Decano de la prensa nacional","url":"https:\/\/www.eldiario.net\/portal\/","logo":{"@type":"ImageObject","inLanguage":"es","@id":"https:\/\/www.eldiario.net\/portal\/#\/schema\/logo\/image\/","url":"https:\/\/www.eldiario.net\/portal\/wp-content\/uploads\/2023\/07\/logo_ED.jpg","contentUrl":"https:\/\/www.eldiario.net\/portal\/wp-content\/uploads\/2023\/07\/logo_ED.jpg","width":272,"height":52,"caption":"El Diario - Decano de la prensa nacional"},"image":{"@id":"https:\/\/www.eldiario.net\/portal\/#\/schema\/logo\/image\/"},"sameAs":["https:\/\/www.facebook.com\/eldiario.bolivia\/","https:\/\/x.com\/eldiario_net"]},{"@type":"Person","@id":"https:\/\/www.eldiario.net\/portal\/#\/schema\/person\/2c57cf2b7a7ae032e449e4c9b1019eac","name":"Jeanette","image":{"@type":"ImageObject","inLanguage":"es","@id":"https:\/\/secure.gravatar.com\/avatar\/3ea2118a5f7dad2b7138b1187a6b7ee55f160b9968b66013c3a3ef39dd7e5798?s=96&d=mm&r=g","url":"https:\/\/secure.gravatar.com\/avatar\/3ea2118a5f7dad2b7138b1187a6b7ee55f160b9968b66013c3a3ef39dd7e5798?s=96&d=mm&r=g","contentUrl":"https:\/\/secure.gravatar.com\/avatar\/3ea2118a5f7dad2b7138b1187a6b7ee55f160b9968b66013c3a3ef39dd7e5798?s=96&d=mm&r=g","caption":"Jeanette"},"sameAs":["https:\/\/www.eldiario.net\/portal"],"url":"https:\/\/www.eldiario.net\/portal\/author\/jeanette\/"}]}},"_links":{"self":[{"href":"https:\/\/www.eldiario.net\/portal\/wp-json\/wp\/v2\/posts\/329108","targetHints":{"allow":["GET"]}}],"collection":[{"href":"https:\/\/www.eldiario.net\/portal\/wp-json\/wp\/v2\/posts"}],"about":[{"href":"https:\/\/www.eldiario.net\/portal\/wp-json\/wp\/v2\/types\/post"}],"author":[{"embeddable":true,"href":"https:\/\/www.eldiario.net\/portal\/wp-json\/wp\/v2\/users\/1"}],"replies":[{"embeddable":true,"href":"https:\/\/www.eldiario.net\/portal\/wp-json\/wp\/v2\/comments?post=329108"}],"version-history":[{"count":1,"href":"https:\/\/www.eldiario.net\/portal\/wp-json\/wp\/v2\/posts\/329108\/revisions"}],"predecessor-version":[{"id":329109,"href":"https:\/\/www.eldiario.net\/portal\/wp-json\/wp\/v2\/posts\/329108\/revisions\/329109"}],"wp:featuredmedia":[{"embeddable":true,"href":"https:\/\/www.eldiario.net\/portal\/wp-json\/wp\/v2\/media\/160310"}],"wp:attachment":[{"href":"https:\/\/www.eldiario.net\/portal\/wp-json\/wp\/v2\/media?parent=329108"}],"wp:term":[{"taxonomy":"category","embeddable":true,"href":"https:\/\/www.eldiario.net\/portal\/wp-json\/wp\/v2\/categories?post=329108"},{"taxonomy":"post_tag","embeddable":true,"href":"https:\/\/www.eldiario.net\/portal\/wp-json\/wp\/v2\/tags?post=329108"}],"curies":[{"name":"wp","href":"https:\/\/api.w.org\/{rel}","templated":true}]}}