{"id":329105,"date":"2025-09-05T06:14:06","date_gmt":"2025-09-05T10:14:06","guid":{"rendered":"https:\/\/www.eldiario.net\/portal\/?p=329105"},"modified":"2025-09-05T06:14:06","modified_gmt":"2025-09-05T10:14:06","slug":"nuevamente-el-dolar-sube-a-mas-de-bs-12","status":"publish","type":"post","link":"https:\/\/www.eldiario.net\/portal\/2025\/09\/05\/nuevamente-el-dolar-sube-a-mas-de-bs-12\/","title":{"rendered":"Nuevamente el d\u00f3lar sube a m\u00e1s de Bs 12"},"content":{"rendered":"<p>El mercado es altamente especulativo y vol\u00e1til, por lo tanto, las predicciones o estimaciones pueden quedar en la nada, ya que se habl\u00f3 mucho de cu\u00e1nto m\u00e1s bajar\u00e1 el d\u00f3lar. Se observa una clara especulaci\u00f3n en el mercado del d\u00f3lar digital, donde las expectativas han variado claramente, haciendo que los vendedores tiendan a jugar con el precio para evitar mayores p\u00e9rdidas, seg\u00fan el economista Fernando Romero.<br \/>\nEl fin de semana, la divisa digital estadounidense mostr\u00f3 una ca\u00edda de 14 a 12 bolivianos y el lunes pasado casi lleg\u00f3 a los 11 bolivianos. Ayer, nuevamente subi\u00f3 a un poco m\u00e1s de 12 bolivianos, lo que muestra la volatilidad del mercado del d\u00f3lar en las diferentes plataformas.<br \/>\nEl pico m\u00e1s alto se registr\u00f3 en mayo de la presente gesti\u00f3n cuando alcanz\u00f3 los 20 bolivianos, y de acuerdo con analistas econ\u00f3micos, fue producto del ingreso de empresas estatales al mercado digital para la compra de una cantidad importante de d\u00f3lares.<br \/>\nRomero, en declaraciones la prensa internacional, indic\u00f3 que la tendencia a la baja del d\u00f3lar paralelo parece un espejismo, porque no es producto de una medida estructural. Sin duda, uno de los grandes retos del nuevo gobierno ser\u00e1 equilibrar el mercado cambiario y revertir la escasez de divisas en la econom\u00eda boliviana.<br \/>\nSu jefe econ\u00f3mico del partido de Jorge Quiroga, Ramiro Cavero, en declaraciones a los medios de comunicaci\u00f3n, anunci\u00f3 que la primera medida ser\u00e1 conseguir d\u00f3lares para garantizar el abastecimiento de combustibles en el mercado nacional, y una parte ingresar divisas a la econom\u00eda nacional, adem\u00e1s propone avanzar en la aplicaci\u00f3n de la pol\u00edtica de un d\u00f3lar flexible a trav\u00e9s del bols\u00edn.<br \/>\nEn su momento, el exdirector del Banco Central de Bolivia (BCB) y ahora asesor econ\u00f3mico del Partido Dem\u00f3crata Cristiano (PDC), Gabriel Espinoza, adelant\u00f3 que el d\u00f3lar oficial a 6,96 bolivianos ya no volver\u00eda y que el paralelo tomar\u00eda fuerza, ya que la falta de divisas en el BCB no le daba espacio para controlar la cotizaci\u00f3n.<br \/>\nAnte las sugerencias de eliminar el tipo de cambio fijo, en ese entonces, se\u00f1al\u00f3 que no era una buena idea, pues la situaci\u00f3n se podr\u00eda complicar m\u00e1s, debido a que para aplicar cualquier medida el BCB debe contar con d\u00f3lares para intervenir en el mercado cambiario.<br \/>\nExpectativas<br \/>\nEl analista econ\u00f3mico Gonzalo Ch\u00e1vez, en sus redes sociales, explic\u00f3 que el bajo precio del d\u00f3lar digital obedece en parte a las expectativas positivas que ve la gente en el nuevo gobierno que salga despu\u00e9s del 19 de octubre, pero tambi\u00e9n se debe a que la gente prioriza sus compras y por ello la demanda cae.<br \/>\nLa mayor\u00eda de los analistas apuntaban a un contexto electoral positivo, con el triunfo de partidos de oposici\u00f3n, y los anuncios de cambiar parte del modelo econ\u00f3mico, adem\u00e1s de las medidas a aplicar para abrir la econom\u00eda boliviana a la inversi\u00f3n internacional.<br \/>\nSin embargo, la volatilidad del mercado cambiario tambi\u00e9n obedece a la especulaci\u00f3n, por lo que nadie asegura que el valor pueda llegar a menor de 11 bolivianos, m\u00e1s bien puede incrementar, aunque depender\u00e1 de lo que pase en el mercado nacional y de los resultados del balotaje.<\/p>\n","protected":false},"excerpt":{"rendered":"<p>El mercado es altamente especulativo y vol\u00e1til, por lo tanto, las predicciones o estimaciones pueden quedar en la nada, ya que se habl\u00f3 mucho de cu\u00e1nto m\u00e1s bajar\u00e1 el d\u00f3lar. Se observa una clara especulaci\u00f3n en el mercado del d\u00f3lar digital, donde las expectativas han variado claramente, haciendo que los vendedores tiendan a jugar con [&hellip;]<\/p>\n","protected":false},"author":1,"featured_media":329106,"comment_status":"closed","ping_status":"open","sticky":false,"template":"","format":"standard","meta":{"_acf_changed":false,"footnotes":""},"categories":[7],"tags":[],"class_list":["post-329105","post","type-post","status-publish","format-standard","has-post-thumbnail","category-economia"],"acf":{"antetitulo":""},"yoast_head":"<!-- This site is optimized with the Yoast SEO plugin v28.4 - https:\/\/yoast.com\/product\/yoast-seo-wordpress\/ -->\n<title>Nuevamente el d\u00f3lar sube a m\u00e1s de Bs 12 - El Diario - Bolivia<\/title>\n<meta name=\"robots\" content=\"index, follow, max-snippet:-1, max-image-preview:large, max-video-preview:-1\" \/>\n<link rel=\"canonical\" href=\"https:\/\/www.eldiario.net\/portal\/2025\/09\/05\/nuevamente-el-dolar-sube-a-mas-de-bs-12\/\" \/>\n<meta property=\"og:locale\" content=\"es_ES\" \/>\n<meta property=\"og:type\" content=\"article\" \/>\n<meta property=\"og:title\" content=\"Nuevamente el d\u00f3lar sube a m\u00e1s de Bs 12 - El Diario - Bolivia\" \/>\n<meta property=\"og:description\" content=\"El mercado es altamente especulativo y vol\u00e1til, por lo tanto, las predicciones o estimaciones pueden quedar en la nada, ya que se habl\u00f3 mucho de cu\u00e1nto m\u00e1s bajar\u00e1 el d\u00f3lar. Se observa una clara especulaci\u00f3n en el mercado del d\u00f3lar digital, donde las expectativas han variado claramente, haciendo que los vendedores tiendan a jugar con [&hellip;]\" \/>\n<meta property=\"og:url\" content=\"https:\/\/www.eldiario.net\/portal\/2025\/09\/05\/nuevamente-el-dolar-sube-a-mas-de-bs-12\/\" \/>\n<meta property=\"og:site_name\" content=\"El Diario - Bolivia\" \/>\n<meta property=\"article:publisher\" content=\"https:\/\/www.facebook.com\/eldiario.bolivia\/\" \/>\n<meta property=\"article:published_time\" content=\"2025-09-05T10:14:06+00:00\" \/>\n<meta property=\"og:image\" content=\"https:\/\/www.eldiario.net\/portal\/wp-content\/uploads\/2025\/09\/dolar.webp\" \/>\n\t<meta property=\"og:image:width\" content=\"1134\" \/>\n\t<meta property=\"og:image:height\" content=\"629\" \/>\n\t<meta property=\"og:image:type\" content=\"image\/webp\" \/>\n<meta name=\"author\" content=\"Jeanette\" \/>\n<meta name=\"twitter:card\" content=\"summary_large_image\" \/>\n<meta name=\"twitter:creator\" content=\"@eldiario_net\" \/>\n<meta name=\"twitter:site\" content=\"@eldiario_net\" \/>\n<meta name=\"twitter:label1\" content=\"Escrito por\" \/>\n\t<meta name=\"twitter:data1\" content=\"Jeanette\" \/>\n\t<meta name=\"twitter:label2\" content=\"Tiempo de lectura\" \/>\n\t<meta name=\"twitter:data2\" content=\"3 minutos\" \/>\n<script type=\"application\/ld+json\" class=\"yoast-schema-graph\">{\"@context\":\"https:\\\/\\\/schema.org\",\"@graph\":[{\"@type\":\"Article\",\"@id\":\"https:\\\/\\\/www.eldiario.net\\\/portal\\\/2025\\\/09\\\/05\\\/nuevamente-el-dolar-sube-a-mas-de-bs-12\\\/#article\",\"isPartOf\":{\"@id\":\"https:\\\/\\\/www.eldiario.net\\\/portal\\\/2025\\\/09\\\/05\\\/nuevamente-el-dolar-sube-a-mas-de-bs-12\\\/\"},\"author\":{\"name\":\"Jeanette\",\"@id\":\"https:\\\/\\\/www.eldiario.net\\\/portal\\\/#\\\/schema\\\/person\\\/2c57cf2b7a7ae032e449e4c9b1019eac\"},\"headline\":\"Nuevamente el d\u00f3lar sube a m\u00e1s de Bs 12\",\"datePublished\":\"2025-09-05T10:14:06+00:00\",\"mainEntityOfPage\":{\"@id\":\"https:\\\/\\\/www.eldiario.net\\\/portal\\\/2025\\\/09\\\/05\\\/nuevamente-el-dolar-sube-a-mas-de-bs-12\\\/\"},\"wordCount\":572,\"publisher\":{\"@id\":\"https:\\\/\\\/www.eldiario.net\\\/portal\\\/#organization\"},\"image\":{\"@id\":\"https:\\\/\\\/www.eldiario.net\\\/portal\\\/2025\\\/09\\\/05\\\/nuevamente-el-dolar-sube-a-mas-de-bs-12\\\/#primaryimage\"},\"thumbnailUrl\":\"https:\\\/\\\/www.eldiario.net\\\/portal\\\/wp-content\\\/uploads\\\/2025\\\/09\\\/dolar.webp\",\"articleSection\":[\"Econom\u00eda\"],\"inLanguage\":\"es\"},{\"@type\":\"WebPage\",\"@id\":\"https:\\\/\\\/www.eldiario.net\\\/portal\\\/2025\\\/09\\\/05\\\/nuevamente-el-dolar-sube-a-mas-de-bs-12\\\/\",\"url\":\"https:\\\/\\\/www.eldiario.net\\\/portal\\\/2025\\\/09\\\/05\\\/nuevamente-el-dolar-sube-a-mas-de-bs-12\\\/\",\"name\":\"Nuevamente el d\u00f3lar sube a m\u00e1s de Bs 12 - El Diario - Bolivia\",\"isPartOf\":{\"@id\":\"https:\\\/\\\/www.eldiario.net\\\/portal\\\/#website\"},\"primaryImageOfPage\":{\"@id\":\"https:\\\/\\\/www.eldiario.net\\\/portal\\\/2025\\\/09\\\/05\\\/nuevamente-el-dolar-sube-a-mas-de-bs-12\\\/#primaryimage\"},\"image\":{\"@id\":\"https:\\\/\\\/www.eldiario.net\\\/portal\\\/2025\\\/09\\\/05\\\/nuevamente-el-dolar-sube-a-mas-de-bs-12\\\/#primaryimage\"},\"thumbnailUrl\":\"https:\\\/\\\/www.eldiario.net\\\/portal\\\/wp-content\\\/uploads\\\/2025\\\/09\\\/dolar.webp\",\"datePublished\":\"2025-09-05T10:14:06+00:00\",\"breadcrumb\":{\"@id\":\"https:\\\/\\\/www.eldiario.net\\\/portal\\\/2025\\\/09\\\/05\\\/nuevamente-el-dolar-sube-a-mas-de-bs-12\\\/#breadcrumb\"},\"inLanguage\":\"es\",\"potentialAction\":[{\"@type\":\"ReadAction\",\"target\":[\"https:\\\/\\\/www.eldiario.net\\\/portal\\\/2025\\\/09\\\/05\\\/nuevamente-el-dolar-sube-a-mas-de-bs-12\\\/\"]}]},{\"@type\":\"ImageObject\",\"inLanguage\":\"es\",\"@id\":\"https:\\\/\\\/www.eldiario.net\\\/portal\\\/2025\\\/09\\\/05\\\/nuevamente-el-dolar-sube-a-mas-de-bs-12\\\/#primaryimage\",\"url\":\"https:\\\/\\\/www.eldiario.net\\\/portal\\\/wp-content\\\/uploads\\\/2025\\\/09\\\/dolar.webp\",\"contentUrl\":\"https:\\\/\\\/www.eldiario.net\\\/portal\\\/wp-content\\\/uploads\\\/2025\\\/09\\\/dolar.webp\",\"width\":1134,\"height\":629},{\"@type\":\"BreadcrumbList\",\"@id\":\"https:\\\/\\\/www.eldiario.net\\\/portal\\\/2025\\\/09\\\/05\\\/nuevamente-el-dolar-sube-a-mas-de-bs-12\\\/#breadcrumb\",\"itemListElement\":[{\"@type\":\"ListItem\",\"position\":1,\"name\":\"Portada\",\"item\":\"https:\\\/\\\/www.eldiario.net\\\/portal\\\/\"},{\"@type\":\"ListItem\",\"position\":2,\"name\":\"Nuevamente el d\u00f3lar sube a m\u00e1s de Bs 12\"}]},{\"@type\":\"WebSite\",\"@id\":\"https:\\\/\\\/www.eldiario.net\\\/portal\\\/#website\",\"url\":\"https:\\\/\\\/www.eldiario.net\\\/portal\\\/\",\"name\":\"El Diario - Decano de la prensa nacional\",\"description\":\"El Diario - Decano de la prensa nacional\",\"publisher\":{\"@id\":\"https:\\\/\\\/www.eldiario.net\\\/portal\\\/#organization\"},\"potentialAction\":[{\"@type\":\"SearchAction\",\"target\":{\"@type\":\"EntryPoint\",\"urlTemplate\":\"https:\\\/\\\/www.eldiario.net\\\/portal\\\/?s={search_term_string}\"},\"query-input\":{\"@type\":\"PropertyValueSpecification\",\"valueRequired\":true,\"valueName\":\"search_term_string\"}}],\"inLanguage\":\"es\"},{\"@type\":\"Organization\",\"@id\":\"https:\\\/\\\/www.eldiario.net\\\/portal\\\/#organization\",\"name\":\"El Diario - Decano de la prensa nacional\",\"url\":\"https:\\\/\\\/www.eldiario.net\\\/portal\\\/\",\"logo\":{\"@type\":\"ImageObject\",\"inLanguage\":\"es\",\"@id\":\"https:\\\/\\\/www.eldiario.net\\\/portal\\\/#\\\/schema\\\/logo\\\/image\\\/\",\"url\":\"https:\\\/\\\/www.eldiario.net\\\/portal\\\/wp-content\\\/uploads\\\/2023\\\/07\\\/logo_ED.jpg\",\"contentUrl\":\"https:\\\/\\\/www.eldiario.net\\\/portal\\\/wp-content\\\/uploads\\\/2023\\\/07\\\/logo_ED.jpg\",\"width\":272,\"height\":52,\"caption\":\"El Diario - Decano de la prensa nacional\"},\"image\":{\"@id\":\"https:\\\/\\\/www.eldiario.net\\\/portal\\\/#\\\/schema\\\/logo\\\/image\\\/\"},\"sameAs\":[\"https:\\\/\\\/www.facebook.com\\\/eldiario.bolivia\\\/\",\"https:\\\/\\\/x.com\\\/eldiario_net\"]},{\"@type\":\"Person\",\"@id\":\"https:\\\/\\\/www.eldiario.net\\\/portal\\\/#\\\/schema\\\/person\\\/2c57cf2b7a7ae032e449e4c9b1019eac\",\"name\":\"Jeanette\",\"image\":{\"@type\":\"ImageObject\",\"inLanguage\":\"es\",\"@id\":\"https:\\\/\\\/secure.gravatar.com\\\/avatar\\\/3ea2118a5f7dad2b7138b1187a6b7ee55f160b9968b66013c3a3ef39dd7e5798?s=96&d=mm&r=g\",\"url\":\"https:\\\/\\\/secure.gravatar.com\\\/avatar\\\/3ea2118a5f7dad2b7138b1187a6b7ee55f160b9968b66013c3a3ef39dd7e5798?s=96&d=mm&r=g\",\"contentUrl\":\"https:\\\/\\\/secure.gravatar.com\\\/avatar\\\/3ea2118a5f7dad2b7138b1187a6b7ee55f160b9968b66013c3a3ef39dd7e5798?s=96&d=mm&r=g\",\"caption\":\"Jeanette\"},\"sameAs\":[\"https:\\\/\\\/www.eldiario.net\\\/portal\"],\"url\":\"https:\\\/\\\/www.eldiario.net\\\/portal\\\/author\\\/jeanette\\\/\"}]}<\/script>\n<!-- \/ Yoast SEO plugin. -->","yoast_head_json":{"title":"Nuevamente el d\u00f3lar sube a m\u00e1s de Bs 12 - El Diario - Bolivia","robots":{"index":"index","follow":"follow","max-snippet":"max-snippet:-1","max-image-preview":"max-image-preview:large","max-video-preview":"max-video-preview:-1"},"canonical":"https:\/\/www.eldiario.net\/portal\/2025\/09\/05\/nuevamente-el-dolar-sube-a-mas-de-bs-12\/","og_locale":"es_ES","og_type":"article","og_title":"Nuevamente el d\u00f3lar sube a m\u00e1s de Bs 12 - El Diario - Bolivia","og_description":"El mercado es altamente especulativo y vol\u00e1til, por lo tanto, las predicciones o estimaciones pueden quedar en la nada, ya que se habl\u00f3 mucho de cu\u00e1nto m\u00e1s bajar\u00e1 el d\u00f3lar. Se observa una clara especulaci\u00f3n en el mercado del d\u00f3lar digital, donde las expectativas han variado claramente, haciendo que los vendedores tiendan a jugar con [&hellip;]","og_url":"https:\/\/www.eldiario.net\/portal\/2025\/09\/05\/nuevamente-el-dolar-sube-a-mas-de-bs-12\/","og_site_name":"El Diario - Bolivia","article_publisher":"https:\/\/www.facebook.com\/eldiario.bolivia\/","article_published_time":"2025-09-05T10:14:06+00:00","og_image":[{"width":1134,"height":629,"url":"https:\/\/www.eldiario.net\/portal\/wp-content\/uploads\/2025\/09\/dolar.webp","type":"image\/webp"}],"author":"Jeanette","twitter_card":"summary_large_image","twitter_creator":"@eldiario_net","twitter_site":"@eldiario_net","twitter_misc":{"Escrito por":"Jeanette","Tiempo de lectura":"3 minutos"},"schema":{"@context":"https:\/\/schema.org","@graph":[{"@type":"Article","@id":"https:\/\/www.eldiario.net\/portal\/2025\/09\/05\/nuevamente-el-dolar-sube-a-mas-de-bs-12\/#article","isPartOf":{"@id":"https:\/\/www.eldiario.net\/portal\/2025\/09\/05\/nuevamente-el-dolar-sube-a-mas-de-bs-12\/"},"author":{"name":"Jeanette","@id":"https:\/\/www.eldiario.net\/portal\/#\/schema\/person\/2c57cf2b7a7ae032e449e4c9b1019eac"},"headline":"Nuevamente el d\u00f3lar sube a m\u00e1s de Bs 12","datePublished":"2025-09-05T10:14:06+00:00","mainEntityOfPage":{"@id":"https:\/\/www.eldiario.net\/portal\/2025\/09\/05\/nuevamente-el-dolar-sube-a-mas-de-bs-12\/"},"wordCount":572,"publisher":{"@id":"https:\/\/www.eldiario.net\/portal\/#organization"},"image":{"@id":"https:\/\/www.eldiario.net\/portal\/2025\/09\/05\/nuevamente-el-dolar-sube-a-mas-de-bs-12\/#primaryimage"},"thumbnailUrl":"https:\/\/www.eldiario.net\/portal\/wp-content\/uploads\/2025\/09\/dolar.webp","articleSection":["Econom\u00eda"],"inLanguage":"es"},{"@type":"WebPage","@id":"https:\/\/www.eldiario.net\/portal\/2025\/09\/05\/nuevamente-el-dolar-sube-a-mas-de-bs-12\/","url":"https:\/\/www.eldiario.net\/portal\/2025\/09\/05\/nuevamente-el-dolar-sube-a-mas-de-bs-12\/","name":"Nuevamente el d\u00f3lar sube a m\u00e1s de Bs 12 - El Diario - Bolivia","isPartOf":{"@id":"https:\/\/www.eldiario.net\/portal\/#website"},"primaryImageOfPage":{"@id":"https:\/\/www.eldiario.net\/portal\/2025\/09\/05\/nuevamente-el-dolar-sube-a-mas-de-bs-12\/#primaryimage"},"image":{"@id":"https:\/\/www.eldiario.net\/portal\/2025\/09\/05\/nuevamente-el-dolar-sube-a-mas-de-bs-12\/#primaryimage"},"thumbnailUrl":"https:\/\/www.eldiario.net\/portal\/wp-content\/uploads\/2025\/09\/dolar.webp","datePublished":"2025-09-05T10:14:06+00:00","breadcrumb":{"@id":"https:\/\/www.eldiario.net\/portal\/2025\/09\/05\/nuevamente-el-dolar-sube-a-mas-de-bs-12\/#breadcrumb"},"inLanguage":"es","potentialAction":[{"@type":"ReadAction","target":["https:\/\/www.eldiario.net\/portal\/2025\/09\/05\/nuevamente-el-dolar-sube-a-mas-de-bs-12\/"]}]},{"@type":"ImageObject","inLanguage":"es","@id":"https:\/\/www.eldiario.net\/portal\/2025\/09\/05\/nuevamente-el-dolar-sube-a-mas-de-bs-12\/#primaryimage","url":"https:\/\/www.eldiario.net\/portal\/wp-content\/uploads\/2025\/09\/dolar.webp","contentUrl":"https:\/\/www.eldiario.net\/portal\/wp-content\/uploads\/2025\/09\/dolar.webp","width":1134,"height":629},{"@type":"BreadcrumbList","@id":"https:\/\/www.eldiario.net\/portal\/2025\/09\/05\/nuevamente-el-dolar-sube-a-mas-de-bs-12\/#breadcrumb","itemListElement":[{"@type":"ListItem","position":1,"name":"Portada","item":"https:\/\/www.eldiario.net\/portal\/"},{"@type":"ListItem","position":2,"name":"Nuevamente el d\u00f3lar sube a m\u00e1s de Bs 12"}]},{"@type":"WebSite","@id":"https:\/\/www.eldiario.net\/portal\/#website","url":"https:\/\/www.eldiario.net\/portal\/","name":"El Diario - Decano de la prensa nacional","description":"El Diario - Decano de la prensa nacional","publisher":{"@id":"https:\/\/www.eldiario.net\/portal\/#organization"},"potentialAction":[{"@type":"SearchAction","target":{"@type":"EntryPoint","urlTemplate":"https:\/\/www.eldiario.net\/portal\/?s={search_term_string}"},"query-input":{"@type":"PropertyValueSpecification","valueRequired":true,"valueName":"search_term_string"}}],"inLanguage":"es"},{"@type":"Organization","@id":"https:\/\/www.eldiario.net\/portal\/#organization","name":"El Diario - Decano de la prensa nacional","url":"https:\/\/www.eldiario.net\/portal\/","logo":{"@type":"ImageObject","inLanguage":"es","@id":"https:\/\/www.eldiario.net\/portal\/#\/schema\/logo\/image\/","url":"https:\/\/www.eldiario.net\/portal\/wp-content\/uploads\/2023\/07\/logo_ED.jpg","contentUrl":"https:\/\/www.eldiario.net\/portal\/wp-content\/uploads\/2023\/07\/logo_ED.jpg","width":272,"height":52,"caption":"El Diario - Decano de la prensa nacional"},"image":{"@id":"https:\/\/www.eldiario.net\/portal\/#\/schema\/logo\/image\/"},"sameAs":["https:\/\/www.facebook.com\/eldiario.bolivia\/","https:\/\/x.com\/eldiario_net"]},{"@type":"Person","@id":"https:\/\/www.eldiario.net\/portal\/#\/schema\/person\/2c57cf2b7a7ae032e449e4c9b1019eac","name":"Jeanette","image":{"@type":"ImageObject","inLanguage":"es","@id":"https:\/\/secure.gravatar.com\/avatar\/3ea2118a5f7dad2b7138b1187a6b7ee55f160b9968b66013c3a3ef39dd7e5798?s=96&d=mm&r=g","url":"https:\/\/secure.gravatar.com\/avatar\/3ea2118a5f7dad2b7138b1187a6b7ee55f160b9968b66013c3a3ef39dd7e5798?s=96&d=mm&r=g","contentUrl":"https:\/\/secure.gravatar.com\/avatar\/3ea2118a5f7dad2b7138b1187a6b7ee55f160b9968b66013c3a3ef39dd7e5798?s=96&d=mm&r=g","caption":"Jeanette"},"sameAs":["https:\/\/www.eldiario.net\/portal"],"url":"https:\/\/www.eldiario.net\/portal\/author\/jeanette\/"}]}},"_links":{"self":[{"href":"https:\/\/www.eldiario.net\/portal\/wp-json\/wp\/v2\/posts\/329105","targetHints":{"allow":["GET"]}}],"collection":[{"href":"https:\/\/www.eldiario.net\/portal\/wp-json\/wp\/v2\/posts"}],"about":[{"href":"https:\/\/www.eldiario.net\/portal\/wp-json\/wp\/v2\/types\/post"}],"author":[{"embeddable":true,"href":"https:\/\/www.eldiario.net\/portal\/wp-json\/wp\/v2\/users\/1"}],"replies":[{"embeddable":true,"href":"https:\/\/www.eldiario.net\/portal\/wp-json\/wp\/v2\/comments?post=329105"}],"version-history":[{"count":1,"href":"https:\/\/www.eldiario.net\/portal\/wp-json\/wp\/v2\/posts\/329105\/revisions"}],"predecessor-version":[{"id":329107,"href":"https:\/\/www.eldiario.net\/portal\/wp-json\/wp\/v2\/posts\/329105\/revisions\/329107"}],"wp:featuredmedia":[{"embeddable":true,"href":"https:\/\/www.eldiario.net\/portal\/wp-json\/wp\/v2\/media\/329106"}],"wp:attachment":[{"href":"https:\/\/www.eldiario.net\/portal\/wp-json\/wp\/v2\/media?parent=329105"}],"wp:term":[{"taxonomy":"category","embeddable":true,"href":"https:\/\/www.eldiario.net\/portal\/wp-json\/wp\/v2\/categories?post=329105"},{"taxonomy":"post_tag","embeddable":true,"href":"https:\/\/www.eldiario.net\/portal\/wp-json\/wp\/v2\/tags?post=329105"}],"curies":[{"name":"wp","href":"https:\/\/api.w.org\/{rel}","templated":true}]}}