{"id":329102,"date":"2025-09-05T06:13:23","date_gmt":"2025-09-05T10:13:23","guid":{"rendered":"https:\/\/www.eldiario.net\/portal\/?p=329102"},"modified":"2025-09-05T06:13:23","modified_gmt":"2025-09-05T10:13:23","slug":"proyecto-de-diferimiento-de-prestamos-amenaza-a-la-estabilidad-financiera","status":"publish","type":"post","link":"https:\/\/www.eldiario.net\/portal\/2025\/09\/05\/proyecto-de-diferimiento-de-prestamos-amenaza-a-la-estabilidad-financiera\/","title":{"rendered":"Proyecto de diferimiento de pr\u00e9stamos   amenaza a la estabilidad financiera"},"content":{"rendered":"<p>La Asociaci\u00f3n de Bancos Privados de Bolivia (Asoban) expresa su profunda preocupaci\u00f3n ante el Proyecto de Ley No. 547\/2024-2025, que plantea un nuevo diferimiento en el pago de cuotas de capital e intereses de los pr\u00e9stamos bancarios. Se\u00f1ala que la misma amenaza la estabilidad del sistema financiero.<br \/>\nEn lo que va del a\u00f1o se implementaron reprogramaciones, debido a los bloqueos registrados en junio de la presente gesti\u00f3n, regulada por la Autoridad de Supervisi\u00f3n del Sistema Financiero (ASFI), ahora el Gobierno quiere ir m\u00e1s all\u00e1, y no s\u00f3lo reprogramaciones, sino diferimientos, cuya medida se implement\u00f3 en el per\u00edodo de la pandemia.<br \/>\n\u201cUna medida como esta comprometer\u00eda la estabilidad del sistema financiero, cuya funci\u00f3n esencial es canalizar, con responsabilidad y criterios t\u00e9cnicos, los recursos de millones de ahorristas hacia actividades productivas y necesidades de las familias\u201d, se\u00f1ala el comunicado de Asoban.<br \/>\nA su vez, no resolver\u00eda los problemas por los que atraviesa la poblaci\u00f3n y forzar\u00eda una inevitable restricci\u00f3n del cr\u00e9dito, especialmente hacia los sectores m\u00e1s vulnerables, en un momento de cr\u00edtica situaci\u00f3n econ\u00f3mica en el que las empresas y familias requieren financiamiento para dar continuidad a sus actividades, asegura la nota.<br \/>\nAsoban hace un llamado a Asamble\u00edstas y Autoridades del Gobierno para evitar medidas que comprometan la estabilidad financiera y reafirma el compromiso del sector bancario con los prestatarios afectados por la actual situaci\u00f3n econ\u00f3mica. Manifiesta su plena disposici\u00f3n para analizar cada caso de manera individual, con el objetivo de encontrar soluciones responsables y sostenibles.<br \/>\nImpacto<br \/>\nEn junio, la Autoridad de Supervisi\u00f3n del Sistema Financiero indic\u00f3 que las reprogramaciones y refinanciamientos de cr\u00e9ditos, como medidas eficaces para apoyar a prestatarios afectados por circunstancias adversas, han sido fundamentales para afrontar consecuencias derivadas de bloqueos, desastres naturales y otro tipo de eventos adversos en los \u00faltimos a\u00f1os, facilitando la recuperaci\u00f3n econ\u00f3mica de los prestatarios afectados, permiti\u00e9ndoles continuar cumpliendo con el pago de sus obligaciones crediticias.<br \/>\nEn el marco de lo dispuesto en el Decreto Supremo N\u00b0 5241 y la normativa emitida por la ASFI, a las entidades financieras se les dio un plazo m\u00e1ximo de 30 d\u00edas calendario para atender las solicitudes de reprogramaci\u00f3n y\/o refinanciamiento, garantizando un trato justo, transparente y oportuno a los prestatarios. En este sentido, se precis\u00f3 que el 80% de las solicitudes de reprogramaci\u00f3n presentadas en el \u00faltimo a\u00f1o, fueron atendidas favorablemente y el 100% de las solicitudes de refinanciamiento recibieron respuesta positiva.<br \/>\nEn su momento, analistas econ\u00f3micos indicaron que las reprogramaciones ayudaron a que la mora no supere el actual porcentaje que se tiene de 3,2%, debajo del promedio regional de 3,3%.<br \/>\n\u00daltimo a\u00f1o<br \/>\nEn junio, la ASFI inform\u00f3 que, en el \u00faltimo a\u00f1o, m\u00e1s de 122 mil cr\u00e9ditos fueron refinanciados, alcanzando un total de 10.883 millones de bolivianos, en tanto que las operaciones reprogramadas llegaron a 78 mil cr\u00e9ditos, por un monto superior a 12.000 millones, brindando un alivio real a personas afectadas por bloqueos, fen\u00f3menos clim\u00e1ticos y otros.<\/p>\n","protected":false},"excerpt":{"rendered":"<p>La Asociaci\u00f3n de Bancos Privados de Bolivia (Asoban) expresa su profunda preocupaci\u00f3n ante el Proyecto de Ley No. 547\/2024-2025, que plantea un nuevo diferimiento en el pago de cuotas de capital e intereses de los pr\u00e9stamos bancarios. Se\u00f1ala que la misma amenaza la estabilidad del sistema financiero. En lo que va del a\u00f1o se implementaron [&hellip;]<\/p>\n","protected":false},"author":1,"featured_media":329103,"comment_status":"closed","ping_status":"open","sticky":false,"template":"","format":"standard","meta":{"_acf_changed":false,"footnotes":""},"categories":[7],"tags":[],"class_list":["post-329102","post","type-post","status-publish","format-standard","has-post-thumbnail","category-economia"],"acf":{"antetitulo":"Asoban"},"yoast_head":"<!-- This site is optimized with the Yoast SEO plugin v28.4 - https:\/\/yoast.com\/product\/yoast-seo-wordpress\/ -->\n<title>Proyecto de diferimiento de pr\u00e9stamos  amenaza a la estabilidad financiera - El Diario - Bolivia<\/title>\n<meta name=\"robots\" content=\"index, follow, max-snippet:-1, max-image-preview:large, max-video-preview:-1\" \/>\n<link rel=\"canonical\" href=\"https:\/\/www.eldiario.net\/portal\/2025\/09\/05\/proyecto-de-diferimiento-de-prestamos-amenaza-a-la-estabilidad-financiera\/\" \/>\n<meta property=\"og:locale\" content=\"es_ES\" \/>\n<meta property=\"og:type\" content=\"article\" \/>\n<meta property=\"og:title\" content=\"Proyecto de diferimiento de pr\u00e9stamos  amenaza a la estabilidad financiera - El Diario - Bolivia\" \/>\n<meta property=\"og:description\" content=\"La Asociaci\u00f3n de Bancos Privados de Bolivia (Asoban) expresa su profunda preocupaci\u00f3n ante el Proyecto de Ley No. 547\/2024-2025, que plantea un nuevo diferimiento en el pago de cuotas de capital e intereses de los pr\u00e9stamos bancarios. Se\u00f1ala que la misma amenaza la estabilidad del sistema financiero. En lo que va del a\u00f1o se implementaron [&hellip;]\" \/>\n<meta property=\"og:url\" content=\"https:\/\/www.eldiario.net\/portal\/2025\/09\/05\/proyecto-de-diferimiento-de-prestamos-amenaza-a-la-estabilidad-financiera\/\" \/>\n<meta property=\"og:site_name\" content=\"El Diario - Bolivia\" \/>\n<meta property=\"article:publisher\" content=\"https:\/\/www.facebook.com\/eldiario.bolivia\/\" \/>\n<meta property=\"article:published_time\" content=\"2025-09-05T10:13:23+00:00\" \/>\n<meta property=\"og:image\" content=\"https:\/\/www.eldiario.net\/portal\/wp-content\/uploads\/2025\/09\/asoban-2.webp\" \/>\n\t<meta property=\"og:image:width\" content=\"271\" \/>\n\t<meta property=\"og:image:height\" content=\"186\" \/>\n\t<meta property=\"og:image:type\" content=\"image\/webp\" \/>\n<meta name=\"author\" content=\"Jeanette\" \/>\n<meta name=\"twitter:card\" content=\"summary_large_image\" \/>\n<meta name=\"twitter:creator\" content=\"@eldiario_net\" \/>\n<meta name=\"twitter:site\" content=\"@eldiario_net\" \/>\n<meta name=\"twitter:label1\" content=\"Escrito por\" \/>\n\t<meta name=\"twitter:data1\" content=\"Jeanette\" \/>\n\t<meta name=\"twitter:label2\" content=\"Tiempo de lectura\" \/>\n\t<meta name=\"twitter:data2\" content=\"3 minutos\" \/>\n<script type=\"application\/ld+json\" class=\"yoast-schema-graph\">{\"@context\":\"https:\\\/\\\/schema.org\",\"@graph\":[{\"@type\":\"Article\",\"@id\":\"https:\\\/\\\/www.eldiario.net\\\/portal\\\/2025\\\/09\\\/05\\\/proyecto-de-diferimiento-de-prestamos-amenaza-a-la-estabilidad-financiera\\\/#article\",\"isPartOf\":{\"@id\":\"https:\\\/\\\/www.eldiario.net\\\/portal\\\/2025\\\/09\\\/05\\\/proyecto-de-diferimiento-de-prestamos-amenaza-a-la-estabilidad-financiera\\\/\"},\"author\":{\"name\":\"Jeanette\",\"@id\":\"https:\\\/\\\/www.eldiario.net\\\/portal\\\/#\\\/schema\\\/person\\\/2c57cf2b7a7ae032e449e4c9b1019eac\"},\"headline\":\"Proyecto de diferimiento de pr\u00e9stamos amenaza a la estabilidad financiera\",\"datePublished\":\"2025-09-05T10:13:23+00:00\",\"mainEntityOfPage\":{\"@id\":\"https:\\\/\\\/www.eldiario.net\\\/portal\\\/2025\\\/09\\\/05\\\/proyecto-de-diferimiento-de-prestamos-amenaza-a-la-estabilidad-financiera\\\/\"},\"wordCount\":531,\"publisher\":{\"@id\":\"https:\\\/\\\/www.eldiario.net\\\/portal\\\/#organization\"},\"image\":{\"@id\":\"https:\\\/\\\/www.eldiario.net\\\/portal\\\/2025\\\/09\\\/05\\\/proyecto-de-diferimiento-de-prestamos-amenaza-a-la-estabilidad-financiera\\\/#primaryimage\"},\"thumbnailUrl\":\"https:\\\/\\\/www.eldiario.net\\\/portal\\\/wp-content\\\/uploads\\\/2025\\\/09\\\/asoban-2.webp\",\"articleSection\":[\"Econom\u00eda\"],\"inLanguage\":\"es\"},{\"@type\":\"WebPage\",\"@id\":\"https:\\\/\\\/www.eldiario.net\\\/portal\\\/2025\\\/09\\\/05\\\/proyecto-de-diferimiento-de-prestamos-amenaza-a-la-estabilidad-financiera\\\/\",\"url\":\"https:\\\/\\\/www.eldiario.net\\\/portal\\\/2025\\\/09\\\/05\\\/proyecto-de-diferimiento-de-prestamos-amenaza-a-la-estabilidad-financiera\\\/\",\"name\":\"Proyecto de diferimiento de pr\u00e9stamos amenaza a la estabilidad financiera - El Diario - Bolivia\",\"isPartOf\":{\"@id\":\"https:\\\/\\\/www.eldiario.net\\\/portal\\\/#website\"},\"primaryImageOfPage\":{\"@id\":\"https:\\\/\\\/www.eldiario.net\\\/portal\\\/2025\\\/09\\\/05\\\/proyecto-de-diferimiento-de-prestamos-amenaza-a-la-estabilidad-financiera\\\/#primaryimage\"},\"image\":{\"@id\":\"https:\\\/\\\/www.eldiario.net\\\/portal\\\/2025\\\/09\\\/05\\\/proyecto-de-diferimiento-de-prestamos-amenaza-a-la-estabilidad-financiera\\\/#primaryimage\"},\"thumbnailUrl\":\"https:\\\/\\\/www.eldiario.net\\\/portal\\\/wp-content\\\/uploads\\\/2025\\\/09\\\/asoban-2.webp\",\"datePublished\":\"2025-09-05T10:13:23+00:00\",\"breadcrumb\":{\"@id\":\"https:\\\/\\\/www.eldiario.net\\\/portal\\\/2025\\\/09\\\/05\\\/proyecto-de-diferimiento-de-prestamos-amenaza-a-la-estabilidad-financiera\\\/#breadcrumb\"},\"inLanguage\":\"es\",\"potentialAction\":[{\"@type\":\"ReadAction\",\"target\":[\"https:\\\/\\\/www.eldiario.net\\\/portal\\\/2025\\\/09\\\/05\\\/proyecto-de-diferimiento-de-prestamos-amenaza-a-la-estabilidad-financiera\\\/\"]}]},{\"@type\":\"ImageObject\",\"inLanguage\":\"es\",\"@id\":\"https:\\\/\\\/www.eldiario.net\\\/portal\\\/2025\\\/09\\\/05\\\/proyecto-de-diferimiento-de-prestamos-amenaza-a-la-estabilidad-financiera\\\/#primaryimage\",\"url\":\"https:\\\/\\\/www.eldiario.net\\\/portal\\\/wp-content\\\/uploads\\\/2025\\\/09\\\/asoban-2.webp\",\"contentUrl\":\"https:\\\/\\\/www.eldiario.net\\\/portal\\\/wp-content\\\/uploads\\\/2025\\\/09\\\/asoban-2.webp\",\"width\":271,\"height\":186,\"caption\":\"logo de la Asociaci\u00f3n de Bancos Privados de Bolivia.\"},{\"@type\":\"BreadcrumbList\",\"@id\":\"https:\\\/\\\/www.eldiario.net\\\/portal\\\/2025\\\/09\\\/05\\\/proyecto-de-diferimiento-de-prestamos-amenaza-a-la-estabilidad-financiera\\\/#breadcrumb\",\"itemListElement\":[{\"@type\":\"ListItem\",\"position\":1,\"name\":\"Portada\",\"item\":\"https:\\\/\\\/www.eldiario.net\\\/portal\\\/\"},{\"@type\":\"ListItem\",\"position\":2,\"name\":\"Proyecto de diferimiento de pr\u00e9stamos amenaza a la estabilidad financiera\"}]},{\"@type\":\"WebSite\",\"@id\":\"https:\\\/\\\/www.eldiario.net\\\/portal\\\/#website\",\"url\":\"https:\\\/\\\/www.eldiario.net\\\/portal\\\/\",\"name\":\"El Diario - Decano de la prensa nacional\",\"description\":\"El Diario - Decano de la prensa nacional\",\"publisher\":{\"@id\":\"https:\\\/\\\/www.eldiario.net\\\/portal\\\/#organization\"},\"potentialAction\":[{\"@type\":\"SearchAction\",\"target\":{\"@type\":\"EntryPoint\",\"urlTemplate\":\"https:\\\/\\\/www.eldiario.net\\\/portal\\\/?s={search_term_string}\"},\"query-input\":{\"@type\":\"PropertyValueSpecification\",\"valueRequired\":true,\"valueName\":\"search_term_string\"}}],\"inLanguage\":\"es\"},{\"@type\":\"Organization\",\"@id\":\"https:\\\/\\\/www.eldiario.net\\\/portal\\\/#organization\",\"name\":\"El Diario - Decano de la prensa nacional\",\"url\":\"https:\\\/\\\/www.eldiario.net\\\/portal\\\/\",\"logo\":{\"@type\":\"ImageObject\",\"inLanguage\":\"es\",\"@id\":\"https:\\\/\\\/www.eldiario.net\\\/portal\\\/#\\\/schema\\\/logo\\\/image\\\/\",\"url\":\"https:\\\/\\\/www.eldiario.net\\\/portal\\\/wp-content\\\/uploads\\\/2023\\\/07\\\/logo_ED.jpg\",\"contentUrl\":\"https:\\\/\\\/www.eldiario.net\\\/portal\\\/wp-content\\\/uploads\\\/2023\\\/07\\\/logo_ED.jpg\",\"width\":272,\"height\":52,\"caption\":\"El Diario - Decano de la prensa nacional\"},\"image\":{\"@id\":\"https:\\\/\\\/www.eldiario.net\\\/portal\\\/#\\\/schema\\\/logo\\\/image\\\/\"},\"sameAs\":[\"https:\\\/\\\/www.facebook.com\\\/eldiario.bolivia\\\/\",\"https:\\\/\\\/x.com\\\/eldiario_net\"]},{\"@type\":\"Person\",\"@id\":\"https:\\\/\\\/www.eldiario.net\\\/portal\\\/#\\\/schema\\\/person\\\/2c57cf2b7a7ae032e449e4c9b1019eac\",\"name\":\"Jeanette\",\"image\":{\"@type\":\"ImageObject\",\"inLanguage\":\"es\",\"@id\":\"https:\\\/\\\/secure.gravatar.com\\\/avatar\\\/3ea2118a5f7dad2b7138b1187a6b7ee55f160b9968b66013c3a3ef39dd7e5798?s=96&d=mm&r=g\",\"url\":\"https:\\\/\\\/secure.gravatar.com\\\/avatar\\\/3ea2118a5f7dad2b7138b1187a6b7ee55f160b9968b66013c3a3ef39dd7e5798?s=96&d=mm&r=g\",\"contentUrl\":\"https:\\\/\\\/secure.gravatar.com\\\/avatar\\\/3ea2118a5f7dad2b7138b1187a6b7ee55f160b9968b66013c3a3ef39dd7e5798?s=96&d=mm&r=g\",\"caption\":\"Jeanette\"},\"sameAs\":[\"https:\\\/\\\/www.eldiario.net\\\/portal\"],\"url\":\"https:\\\/\\\/www.eldiario.net\\\/portal\\\/author\\\/jeanette\\\/\"}]}<\/script>\n<!-- \/ Yoast SEO plugin. -->","yoast_head_json":{"title":"Proyecto de diferimiento de pr\u00e9stamos  amenaza a la estabilidad financiera - El Diario - Bolivia","robots":{"index":"index","follow":"follow","max-snippet":"max-snippet:-1","max-image-preview":"max-image-preview:large","max-video-preview":"max-video-preview:-1"},"canonical":"https:\/\/www.eldiario.net\/portal\/2025\/09\/05\/proyecto-de-diferimiento-de-prestamos-amenaza-a-la-estabilidad-financiera\/","og_locale":"es_ES","og_type":"article","og_title":"Proyecto de diferimiento de pr\u00e9stamos  amenaza a la estabilidad financiera - El Diario - Bolivia","og_description":"La Asociaci\u00f3n de Bancos Privados de Bolivia (Asoban) expresa su profunda preocupaci\u00f3n ante el Proyecto de Ley No. 547\/2024-2025, que plantea un nuevo diferimiento en el pago de cuotas de capital e intereses de los pr\u00e9stamos bancarios. Se\u00f1ala que la misma amenaza la estabilidad del sistema financiero. En lo que va del a\u00f1o se implementaron [&hellip;]","og_url":"https:\/\/www.eldiario.net\/portal\/2025\/09\/05\/proyecto-de-diferimiento-de-prestamos-amenaza-a-la-estabilidad-financiera\/","og_site_name":"El Diario - Bolivia","article_publisher":"https:\/\/www.facebook.com\/eldiario.bolivia\/","article_published_time":"2025-09-05T10:13:23+00:00","og_image":[{"width":271,"height":186,"url":"https:\/\/www.eldiario.net\/portal\/wp-content\/uploads\/2025\/09\/asoban-2.webp","type":"image\/webp"}],"author":"Jeanette","twitter_card":"summary_large_image","twitter_creator":"@eldiario_net","twitter_site":"@eldiario_net","twitter_misc":{"Escrito por":"Jeanette","Tiempo de lectura":"3 minutos"},"schema":{"@context":"https:\/\/schema.org","@graph":[{"@type":"Article","@id":"https:\/\/www.eldiario.net\/portal\/2025\/09\/05\/proyecto-de-diferimiento-de-prestamos-amenaza-a-la-estabilidad-financiera\/#article","isPartOf":{"@id":"https:\/\/www.eldiario.net\/portal\/2025\/09\/05\/proyecto-de-diferimiento-de-prestamos-amenaza-a-la-estabilidad-financiera\/"},"author":{"name":"Jeanette","@id":"https:\/\/www.eldiario.net\/portal\/#\/schema\/person\/2c57cf2b7a7ae032e449e4c9b1019eac"},"headline":"Proyecto de diferimiento de pr\u00e9stamos amenaza a la estabilidad financiera","datePublished":"2025-09-05T10:13:23+00:00","mainEntityOfPage":{"@id":"https:\/\/www.eldiario.net\/portal\/2025\/09\/05\/proyecto-de-diferimiento-de-prestamos-amenaza-a-la-estabilidad-financiera\/"},"wordCount":531,"publisher":{"@id":"https:\/\/www.eldiario.net\/portal\/#organization"},"image":{"@id":"https:\/\/www.eldiario.net\/portal\/2025\/09\/05\/proyecto-de-diferimiento-de-prestamos-amenaza-a-la-estabilidad-financiera\/#primaryimage"},"thumbnailUrl":"https:\/\/www.eldiario.net\/portal\/wp-content\/uploads\/2025\/09\/asoban-2.webp","articleSection":["Econom\u00eda"],"inLanguage":"es"},{"@type":"WebPage","@id":"https:\/\/www.eldiario.net\/portal\/2025\/09\/05\/proyecto-de-diferimiento-de-prestamos-amenaza-a-la-estabilidad-financiera\/","url":"https:\/\/www.eldiario.net\/portal\/2025\/09\/05\/proyecto-de-diferimiento-de-prestamos-amenaza-a-la-estabilidad-financiera\/","name":"Proyecto de diferimiento de pr\u00e9stamos amenaza a la estabilidad financiera - El Diario - Bolivia","isPartOf":{"@id":"https:\/\/www.eldiario.net\/portal\/#website"},"primaryImageOfPage":{"@id":"https:\/\/www.eldiario.net\/portal\/2025\/09\/05\/proyecto-de-diferimiento-de-prestamos-amenaza-a-la-estabilidad-financiera\/#primaryimage"},"image":{"@id":"https:\/\/www.eldiario.net\/portal\/2025\/09\/05\/proyecto-de-diferimiento-de-prestamos-amenaza-a-la-estabilidad-financiera\/#primaryimage"},"thumbnailUrl":"https:\/\/www.eldiario.net\/portal\/wp-content\/uploads\/2025\/09\/asoban-2.webp","datePublished":"2025-09-05T10:13:23+00:00","breadcrumb":{"@id":"https:\/\/www.eldiario.net\/portal\/2025\/09\/05\/proyecto-de-diferimiento-de-prestamos-amenaza-a-la-estabilidad-financiera\/#breadcrumb"},"inLanguage":"es","potentialAction":[{"@type":"ReadAction","target":["https:\/\/www.eldiario.net\/portal\/2025\/09\/05\/proyecto-de-diferimiento-de-prestamos-amenaza-a-la-estabilidad-financiera\/"]}]},{"@type":"ImageObject","inLanguage":"es","@id":"https:\/\/www.eldiario.net\/portal\/2025\/09\/05\/proyecto-de-diferimiento-de-prestamos-amenaza-a-la-estabilidad-financiera\/#primaryimage","url":"https:\/\/www.eldiario.net\/portal\/wp-content\/uploads\/2025\/09\/asoban-2.webp","contentUrl":"https:\/\/www.eldiario.net\/portal\/wp-content\/uploads\/2025\/09\/asoban-2.webp","width":271,"height":186,"caption":"logo de la Asociaci\u00f3n de Bancos Privados de Bolivia."},{"@type":"BreadcrumbList","@id":"https:\/\/www.eldiario.net\/portal\/2025\/09\/05\/proyecto-de-diferimiento-de-prestamos-amenaza-a-la-estabilidad-financiera\/#breadcrumb","itemListElement":[{"@type":"ListItem","position":1,"name":"Portada","item":"https:\/\/www.eldiario.net\/portal\/"},{"@type":"ListItem","position":2,"name":"Proyecto de diferimiento de pr\u00e9stamos amenaza a la estabilidad financiera"}]},{"@type":"WebSite","@id":"https:\/\/www.eldiario.net\/portal\/#website","url":"https:\/\/www.eldiario.net\/portal\/","name":"El Diario - Decano de la prensa nacional","description":"El Diario - Decano de la prensa nacional","publisher":{"@id":"https:\/\/www.eldiario.net\/portal\/#organization"},"potentialAction":[{"@type":"SearchAction","target":{"@type":"EntryPoint","urlTemplate":"https:\/\/www.eldiario.net\/portal\/?s={search_term_string}"},"query-input":{"@type":"PropertyValueSpecification","valueRequired":true,"valueName":"search_term_string"}}],"inLanguage":"es"},{"@type":"Organization","@id":"https:\/\/www.eldiario.net\/portal\/#organization","name":"El Diario - Decano de la prensa nacional","url":"https:\/\/www.eldiario.net\/portal\/","logo":{"@type":"ImageObject","inLanguage":"es","@id":"https:\/\/www.eldiario.net\/portal\/#\/schema\/logo\/image\/","url":"https:\/\/www.eldiario.net\/portal\/wp-content\/uploads\/2023\/07\/logo_ED.jpg","contentUrl":"https:\/\/www.eldiario.net\/portal\/wp-content\/uploads\/2023\/07\/logo_ED.jpg","width":272,"height":52,"caption":"El Diario - Decano de la prensa nacional"},"image":{"@id":"https:\/\/www.eldiario.net\/portal\/#\/schema\/logo\/image\/"},"sameAs":["https:\/\/www.facebook.com\/eldiario.bolivia\/","https:\/\/x.com\/eldiario_net"]},{"@type":"Person","@id":"https:\/\/www.eldiario.net\/portal\/#\/schema\/person\/2c57cf2b7a7ae032e449e4c9b1019eac","name":"Jeanette","image":{"@type":"ImageObject","inLanguage":"es","@id":"https:\/\/secure.gravatar.com\/avatar\/3ea2118a5f7dad2b7138b1187a6b7ee55f160b9968b66013c3a3ef39dd7e5798?s=96&d=mm&r=g","url":"https:\/\/secure.gravatar.com\/avatar\/3ea2118a5f7dad2b7138b1187a6b7ee55f160b9968b66013c3a3ef39dd7e5798?s=96&d=mm&r=g","contentUrl":"https:\/\/secure.gravatar.com\/avatar\/3ea2118a5f7dad2b7138b1187a6b7ee55f160b9968b66013c3a3ef39dd7e5798?s=96&d=mm&r=g","caption":"Jeanette"},"sameAs":["https:\/\/www.eldiario.net\/portal"],"url":"https:\/\/www.eldiario.net\/portal\/author\/jeanette\/"}]}},"_links":{"self":[{"href":"https:\/\/www.eldiario.net\/portal\/wp-json\/wp\/v2\/posts\/329102","targetHints":{"allow":["GET"]}}],"collection":[{"href":"https:\/\/www.eldiario.net\/portal\/wp-json\/wp\/v2\/posts"}],"about":[{"href":"https:\/\/www.eldiario.net\/portal\/wp-json\/wp\/v2\/types\/post"}],"author":[{"embeddable":true,"href":"https:\/\/www.eldiario.net\/portal\/wp-json\/wp\/v2\/users\/1"}],"replies":[{"embeddable":true,"href":"https:\/\/www.eldiario.net\/portal\/wp-json\/wp\/v2\/comments?post=329102"}],"version-history":[{"count":1,"href":"https:\/\/www.eldiario.net\/portal\/wp-json\/wp\/v2\/posts\/329102\/revisions"}],"predecessor-version":[{"id":329104,"href":"https:\/\/www.eldiario.net\/portal\/wp-json\/wp\/v2\/posts\/329102\/revisions\/329104"}],"wp:featuredmedia":[{"embeddable":true,"href":"https:\/\/www.eldiario.net\/portal\/wp-json\/wp\/v2\/media\/329103"}],"wp:attachment":[{"href":"https:\/\/www.eldiario.net\/portal\/wp-json\/wp\/v2\/media?parent=329102"}],"wp:term":[{"taxonomy":"category","embeddable":true,"href":"https:\/\/www.eldiario.net\/portal\/wp-json\/wp\/v2\/categories?post=329102"},{"taxonomy":"post_tag","embeddable":true,"href":"https:\/\/www.eldiario.net\/portal\/wp-json\/wp\/v2\/tags?post=329102"}],"curies":[{"name":"wp","href":"https:\/\/api.w.org\/{rel}","templated":true}]}}