{"id":328979,"date":"2025-09-05T00:21:55","date_gmt":"2025-09-05T04:21:55","guid":{"rendered":"https:\/\/www.eldiario.net\/portal\/?p=328979"},"modified":"2025-09-04T22:23:19","modified_gmt":"2025-09-05T02:23:19","slug":"centro-cultural-museo-marina-nunez-del-prado-homenajea-a-bartolina-sisa","status":"publish","type":"post","link":"https:\/\/www.eldiario.net\/portal\/2025\/09\/05\/centro-cultural-museo-marina-nunez-del-prado-homenajea-a-bartolina-sisa\/","title":{"rendered":"Centro Cultural Museo Marina N\u00fa\u00f1ez  del Prado homenajea a Bartolina Sisa"},"content":{"rendered":"<p>El Centro Cultural Museo Marina N\u00fa\u00f1ez del Prado (CCM-MNP), dependiente de la Fundaci\u00f3n Cultural del Banco Central de Bolivia (FC-BCB), rendir\u00e1 homenaje a Bartolina Sisa, hero\u00edna de la resistencia ind\u00edgena y s\u00edmbolo de lucha por la libertad, este viernes 5 de septiembre, a horas 17:30, en sus instalaciones ubicadas en la zona de Sopocachi. La actividad se enmarca en el primer viernes cultural del mes y contar\u00e1 con ingreso gratuito para toda la ciudadan\u00eda.<\/p>\n<p>Seg\u00fan la nota de prensa del CCM-MNP, el programa contempla una charla art\u00edstica a cargo de la escultora pl\u00e1stica Mar\u00eda Raquel Ver\u00e1stegui Pariamo, quien reflexionar\u00e1 sobre la vigencia de la memoria de Bartolina Sisa en el arte contempor\u00e1neo. Asimismo, el elenco de Peque\u00f1o Teatro ofrecer\u00e1 una lectura dramatizada que recrear\u00e1 pasajes de la vida y el legado de esta l\u00edder aymara, ejecutada en 1782 tras encabezar junto a T\u00fapac Katari el cerco a La Paz.<\/p>\n<p>Cada 5 de septiembre se recuerda el D\u00eda Internacional de la Mujer Ind\u00edgena, instituido en 1983 en conmemoraci\u00f3n a Bartolina Sisa, y en Bolivia, desde 2005, reconocida como hero\u00edna nacional mediante ley. Su ejemplo ha inspirado la creaci\u00f3n de organizaciones como la Confederaci\u00f3n Nacional de Mujeres Campesinas Ind\u00edgenas Originarias de Bolivia \u201cBartolina Sisa\u201d, que contin\u00faa la defensa de los derechos de las mujeres y de los pueblos ind\u00edgenas.<\/p>\n<p>El homenaje se desarrollar\u00e1 en el recientemente reabierto Museo Marina N\u00fa\u00f1ez del Prado, espacio cultural que resguarda el legado de la escultora m\u00e1s importante de Bolivia y que hoy se convierte en un lugar de encuentro para la reflexi\u00f3n art\u00edstica y la memoria hist\u00f3rica.<\/p>\n<p>La actividad busca no solo rendir tributo a Bartolina Sisa, sino tambi\u00e9n promover el di\u00e1logo entre pasado y presente, fortaleciendo la identidad cultural boliviana en el marco del Bicentenario.<\/p>\n<p>El p\u00fablico podr\u00e1, adem\u00e1s, revivir la experiencia de la visita nocturna que caracteriz\u00f3 a la inauguraci\u00f3n del Museo Marina N\u00fa\u00f1ez del Prado, recorriendo sus salas en un ambiente distinto y especial. El recorrido nocturno ser\u00e1 tambi\u00e9n una oportunidad para redescubrir el renovado Museo Marina N\u00fa\u00f1ez del Prado, que abri\u00f3 sus puertas con 12 salas de exposici\u00f3n y m\u00e1s de 500 piezas en colecci\u00f3n, entre esculturas, dibujos, documentos y objetos personales de la artista.<\/p>\n<p>Para esta ocasi\u00f3n, el museo abrir\u00e1 sus puertas en horario extendido hasta las 22:00 horas, invitando a la ciudadan\u00eda a disfrutar de las exposiciones y actividades culturales bajo la atm\u00f3sfera \u00fanica de la noche pace\u00f1a, en su espacio ubicado en la calle Ecuador, final t\u00fanel del Instituto Americano, Sopocachi.<\/p>\n<p><strong>DATOS DE CONTACTO:<\/strong><\/p>\n<p>Centro Cultural Museo Marina N\u00fa\u00f1ez del Prado<\/p>\n<p>Direcci\u00f3n: Calle Ecuador, final T\u00fanel del Instituto Americano, Sopocachi, La Paz<\/p>\n<p>Tel\u00e9fono: +591 2 2424521 &#8211; 60561387<\/p>\n<p>Correo: marinanunez@fundacionculturalbcb.gob.boRedes sociales oficiales:<\/p>\n<p>Instagram | Facebook | TikTok : @marinanunezdelprado<\/p>\n<p>Hashtags: #MarinaNu\u00f1ezDelPrado #LaEscultoraDeLosAndes<\/p>\n<p><strong>PARA RECORDAR<\/strong><\/p>\n<p>Inaugurado el 1 de agosto de este a\u00f1o, el Centro Cultural Museo Marina N\u00fa\u00f1ez del Prado es un tributo vivo a una de las artistas m\u00e1s emblem\u00e1ticas del pa\u00eds y de Am\u00e9rica Latina. En el coraz\u00f3n de la ciudad de La Paz \u2014en la que fuera su casa y taller durante d\u00e9cadas\u2014, el museo renaci\u00f3 como un centro de arte, memoria y proyecci\u00f3n creativa, con la promesa de convertirse en un referente nacional e internacional del pensamiento art\u00edstico contempor\u00e1neo con ra\u00edz andina.<\/p>\n<p>La artista que tall\u00f3 el viento, que model\u00f3 la maternidad como esencia y que transform\u00f3 el bronce, la piedra y la madera en s\u00edmbolos de identidad y humanidad, volvi\u00f3 a hablar a trav\u00e9s de su obra, en un espacio que re\u00fane su legado m\u00e1s \u00edntimo y su visi\u00f3n m\u00e1s universal.<\/p>\n<p>La casa que alberga el CCM-MNP fue construida a mediados del Siglo XX en el barrio de Sopocachi. Su dise\u00f1o responde a una visi\u00f3n integral del espacio art\u00edstico, con una distribuci\u00f3n arm\u00f3nica entre vivienda, taller y galer\u00eda. Este inmueble, declarado patrimonio, fue restaurado por la FC-BCB, respetando su esencia y dot\u00e1ndolo de infraestructura museogr\u00e1fica contempor\u00e1nea, accesible y funcional.<\/p>\n<p>La casa guarda huellas del proceso creativo de Marina N\u00fa\u00f1ez del Prado.<\/p>\n<p>Adem\u00e1s de las doce salas de exposici\u00f3n permanente, llenas de inspiraci\u00f3n, fuerza e identidad, tiene una sala temporal, denominada Tel\u00farico, destinada a muestras contempor\u00e1neas, propuestas curatoriales innovadoras, residencias y actividades pedag\u00f3gicas. Esta sala lleva el nombre de lo tel\u00farico por la conexi\u00f3n de Marina con la tierra y sus elementos y tambi\u00e9n porque representa un arte que nace de la profundidad de los territorios, de las ra\u00edces invisibles que nos conforman.<\/p>\n<p>Una de las joyas del museo es su patio-jard\u00edn, donde algunas esculturas fueron instaladas a cielo abierto, como parte de un di\u00e1logo con la naturaleza, el espacio urbano y la contemplaci\u00f3n. Este jard\u00edn es hoy un lugar para lecturas po\u00e9ticas, encuentros art\u00edsticos y actividades educativas al aire libre.<\/p>\n<p>Otro ambiente que merece tambi\u00e9n ser destacado en el CCM-MNP es su Archivo y Biblioteca, donde la palabra, el pensamiento y la memoria escrita se entrelazan con la obra escult\u00f3rica.<\/p>\n<p>Este espacio ha sido concebido como un repositorio documental y centro de investigaci\u00f3n viva, destinado a investigadores, estudiantes, artistas y p\u00fablico general interesado en conocer en profundidad la trayectoria de Marina N\u00fa\u00f1ez del Prado y el contexto intelectual que la rode\u00f3.<\/p>\n\r\n                <style type=\"text\/css\">\r\n                    \r\n                    #tdi_1  .td-doubleSlider-2 .td-item1 {\r\n                        background: url(https:\/\/www.eldiario.net\/portal\/wp-content\/uploads\/2025\/09\/1-PRINCIPAL-80x60.webp) 0 0 no-repeat;\r\n                    }\r\n                    #tdi_1  .td-doubleSlider-2 .td-item2 {\r\n                        background: url(https:\/\/www.eldiario.net\/portal\/wp-content\/uploads\/2025\/09\/2-80x60.webp) 0 0 no-repeat;\r\n                    }\r\n                    #tdi_1  .td-doubleSlider-2 .td-item3 {\r\n                        background: url(https:\/\/www.eldiario.net\/portal\/wp-content\/uploads\/2025\/09\/3-80x60.webp) 0 0 no-repeat;\r\n                    }\r\n                    #tdi_1  .td-doubleSlider-2 .td-item4 {\r\n                        background: url(https:\/\/www.eldiario.net\/portal\/wp-content\/uploads\/2025\/09\/4-80x60.webp) 0 0 no-repeat;\r\n                    }\r\n                    #tdi_1  .td-doubleSlider-2 .td-item5 {\r\n                        background: url(https:\/\/www.eldiario.net\/portal\/wp-content\/uploads\/2025\/09\/5-80x60.webp) 0 0 no-repeat;\r\n                    }\r\n                <\/style>\r\n\r\n                <div id=\"tdi_1\" class=\"td-gallery td-slide-on-2-columns\">\r\n                    <div class=\"post_td_gallery\">\r\n                        <div class=\"td-gallery-slide-top\">\r\n                           <div class=\"td-gallery-title\"><\/div>\r\n\r\n                            <div class=\"td-gallery-controls-wrapper\">\r\n                                <div class=\"td-gallery-slide-count\"><span class=\"td-gallery-slide-item-focus\">1<\/span> de 5<\/div>\r\n                                <div class=\"td-gallery-slide-prev-next-but\">\r\n                                    <i class = \"td-icon-left doubleSliderPrevButton\"><\/i>\r\n                                    <i class = \"td-icon-right doubleSliderNextButton\"><\/i>\r\n                                <\/div>\r\n                            <\/div>\r\n                        <\/div>\r\n\r\n                        <div class = \"td-doubleSlider-1 \">\r\n                            <div class = \"td-slider\">\r\n                                \r\n                    <div class = \"td-slide-item td-item1\">\r\n                        <figure class=\"td-slide-galery-figure td-slide-popup-gallery\">\r\n                            <a class=\"slide-gallery-image-link\" href=\"https:\/\/www.eldiario.net\/portal\/wp-content\/uploads\/2025\/09\/1-PRINCIPAL.webp\" title=\"1-PRINCIPAL\"  data-caption=\"\"  data-description=\"\">\r\n                                <img decoding=\"async\" src=\"https:\/\/www.eldiario.net\/portal\/wp-content\/uploads\/2025\/09\/1-PRINCIPAL-630x420.webp\" srcset=\"https:\/\/www.eldiario.net\/portal\/wp-content\/uploads\/2025\/09\/1-PRINCIPAL-630x420.webp 630w, https:\/\/www.eldiario.net\/portal\/wp-content\/uploads\/2025\/09\/1-PRINCIPAL-300x200.webp 300w, https:\/\/www.eldiario.net\/portal\/wp-content\/uploads\/2025\/09\/1-PRINCIPAL-1024x683.webp 1024w, https:\/\/www.eldiario.net\/portal\/wp-content\/uploads\/2025\/09\/1-PRINCIPAL-768x512.webp 768w, https:\/\/www.eldiario.net\/portal\/wp-content\/uploads\/2025\/09\/1-PRINCIPAL-150x100.webp 150w, https:\/\/www.eldiario.net\/portal\/wp-content\/uploads\/2025\/09\/1-PRINCIPAL-696x464.webp 696w, https:\/\/www.eldiario.net\/portal\/wp-content\/uploads\/2025\/09\/1-PRINCIPAL-1068x712.webp 1068w, https:\/\/www.eldiario.net\/portal\/wp-content\/uploads\/2025\/09\/1-PRINCIPAL.webp 1200w\" sizes=\"(max-width: 630px) 100vw, 630px\" alt=\"\">\r\n                            <\/a>\r\n                            \r\n                        <\/figure>\r\n                    <\/div>\r\n                    <div class = \"td-slide-item td-item2\">\r\n                        <figure class=\"td-slide-galery-figure td-slide-popup-gallery\">\r\n                            <a class=\"slide-gallery-image-link\" href=\"https:\/\/www.eldiario.net\/portal\/wp-content\/uploads\/2025\/09\/2.webp\" title=\"2\"  data-caption=\"\"  data-description=\"\">\r\n                                <img decoding=\"async\" src=\"https:\/\/www.eldiario.net\/portal\/wp-content\/uploads\/2025\/09\/2-442x420.webp\" srcset=\"https:\/\/www.eldiario.net\/portal\/wp-content\/uploads\/2025\/09\/2-442x420.webp 442w, https:\/\/www.eldiario.net\/portal\/wp-content\/uploads\/2025\/09\/2-300x285.webp 300w, https:\/\/www.eldiario.net\/portal\/wp-content\/uploads\/2025\/09\/2-768x729.webp 768w, https:\/\/www.eldiario.net\/portal\/wp-content\/uploads\/2025\/09\/2-150x142.webp 150w, https:\/\/www.eldiario.net\/portal\/wp-content\/uploads\/2025\/09\/2-696x661.webp 696w, https:\/\/www.eldiario.net\/portal\/wp-content\/uploads\/2025\/09\/2.webp 827w\" sizes=\"(max-width: 442px) 100vw, 442px\" alt=\"\">\r\n                            <\/a>\r\n                            \r\n                        <\/figure>\r\n                    <\/div>\r\n                    <div class = \"td-slide-item td-item3\">\r\n                        <figure class=\"td-slide-galery-figure td-slide-popup-gallery\">\r\n                            <a class=\"slide-gallery-image-link\" href=\"https:\/\/www.eldiario.net\/portal\/wp-content\/uploads\/2025\/09\/3.webp\" title=\"3\"  data-caption=\"\"  data-description=\"\">\r\n                                <img decoding=\"async\" src=\"https:\/\/www.eldiario.net\/portal\/wp-content\/uploads\/2025\/09\/3-307x420.webp\" srcset=\"https:\/\/www.eldiario.net\/portal\/wp-content\/uploads\/2025\/09\/3-307x420.webp 307w, https:\/\/www.eldiario.net\/portal\/wp-content\/uploads\/2025\/09\/3-220x300.webp 220w, https:\/\/www.eldiario.net\/portal\/wp-content\/uploads\/2025\/09\/3-150x205.webp 150w, https:\/\/www.eldiario.net\/portal\/wp-content\/uploads\/2025\/09\/3-300x410.webp 300w, https:\/\/www.eldiario.net\/portal\/wp-content\/uploads\/2025\/09\/3.webp 652w\" sizes=\"(max-width: 307px) 100vw, 307px\" alt=\"\">\r\n                            <\/a>\r\n                            \r\n                        <\/figure>\r\n                    <\/div>\r\n                    <div class = \"td-slide-item td-item4\">\r\n                        <figure class=\"td-slide-galery-figure td-slide-popup-gallery\">\r\n                            <a class=\"slide-gallery-image-link\" href=\"https:\/\/www.eldiario.net\/portal\/wp-content\/uploads\/2025\/09\/4.webp\" title=\"4\"  data-caption=\"\"  data-description=\"\">\r\n                                <img decoding=\"async\" src=\"https:\/\/www.eldiario.net\/portal\/wp-content\/uploads\/2025\/09\/4-630x420.webp\" srcset=\"https:\/\/www.eldiario.net\/portal\/wp-content\/uploads\/2025\/09\/4-630x420.webp 630w, https:\/\/www.eldiario.net\/portal\/wp-content\/uploads\/2025\/09\/4-300x200.webp 300w, https:\/\/www.eldiario.net\/portal\/wp-content\/uploads\/2025\/09\/4-1024x683.webp 1024w, https:\/\/www.eldiario.net\/portal\/wp-content\/uploads\/2025\/09\/4-768x512.webp 768w, https:\/\/www.eldiario.net\/portal\/wp-content\/uploads\/2025\/09\/4-150x100.webp 150w, https:\/\/www.eldiario.net\/portal\/wp-content\/uploads\/2025\/09\/4-696x464.webp 696w, https:\/\/www.eldiario.net\/portal\/wp-content\/uploads\/2025\/09\/4-1068x712.webp 1068w, https:\/\/www.eldiario.net\/portal\/wp-content\/uploads\/2025\/09\/4.webp 1200w\" sizes=\"(max-width: 630px) 100vw, 630px\" alt=\"\">\r\n                            <\/a>\r\n                            \r\n                        <\/figure>\r\n                    <\/div>\r\n                    <div class = \"td-slide-item td-item5\">\r\n                        <figure class=\"td-slide-galery-figure td-slide-popup-gallery\">\r\n                            <a class=\"slide-gallery-image-link\" href=\"https:\/\/www.eldiario.net\/portal\/wp-content\/uploads\/2025\/09\/5.webp\" title=\"5\"  data-caption=\"\"  data-description=\"\">\r\n                                <img decoding=\"async\" src=\"https:\/\/www.eldiario.net\/portal\/wp-content\/uploads\/2025\/09\/5-630x420.webp\" srcset=\"https:\/\/www.eldiario.net\/portal\/wp-content\/uploads\/2025\/09\/5-630x420.webp 630w, https:\/\/www.eldiario.net\/portal\/wp-content\/uploads\/2025\/09\/5-300x200.webp 300w, https:\/\/www.eldiario.net\/portal\/wp-content\/uploads\/2025\/09\/5-1024x683.webp 1024w, https:\/\/www.eldiario.net\/portal\/wp-content\/uploads\/2025\/09\/5-768x512.webp 768w, https:\/\/www.eldiario.net\/portal\/wp-content\/uploads\/2025\/09\/5-150x100.webp 150w, https:\/\/www.eldiario.net\/portal\/wp-content\/uploads\/2025\/09\/5-696x464.webp 696w, https:\/\/www.eldiario.net\/portal\/wp-content\/uploads\/2025\/09\/5-1068x712.webp 1068w, https:\/\/www.eldiario.net\/portal\/wp-content\/uploads\/2025\/09\/5.webp 1200w\" sizes=\"(max-width: 630px) 100vw, 630px\" alt=\"\">\r\n                            <\/a>\r\n                            \r\n                        <\/figure>\r\n                    <\/div>\r\n                            <\/div>\r\n                        <\/div>\r\n\r\n                        <div class = \"td-doubleSlider-2\">\r\n                            <div class = \"td-slider\">\r\n                                \r\n                    <div class = \"td-button td-item1\">\r\n                        <div class = \"td-border\"><\/div>\r\n                    <\/div>\r\n                    <div class = \"td-button td-item2\">\r\n                        <div class = \"td-border\"><\/div>\r\n                    <\/div>\r\n                    <div class = \"td-button td-item3\">\r\n                        <div class = \"td-border\"><\/div>\r\n                    <\/div>\r\n                    <div class = \"td-button td-item4\">\r\n                        <div class = \"td-border\"><\/div>\r\n                    <\/div>\r\n                    <div class = \"td-button td-item5\">\r\n                        <div class = \"td-border\"><\/div>\r\n                    <\/div>\r\n                            <\/div>\r\n                        <\/div>\r\n\r\n                    <\/div>\r\n\r\n                <\/div>\r\n                \n","protected":false},"excerpt":{"rendered":"<p>El Centro Cultural Museo Marina N\u00fa\u00f1ez del Prado (CCM-MNP), dependiente de la Fundaci\u00f3n Cultural del Banco Central de Bolivia (FC-BCB), rendir\u00e1 homenaje a Bartolina Sisa, hero\u00edna de la resistencia ind\u00edgena y s\u00edmbolo de lucha por la libertad, este viernes 5 de septiembre, a horas 17:30, en sus instalaciones ubicadas en la zona de Sopocachi. La [&hellip;]<\/p>\n","protected":false},"author":1,"featured_media":328980,"comment_status":"closed","ping_status":"open","sticky":false,"template":"","format":"standard","meta":{"_acf_changed":false,"footnotes":""},"categories":[41],"tags":[],"class_list":["post-328979","post","type-post","status-publish","format-standard","has-post-thumbnail","category-la-guia"],"acf":{"antetitulo":""},"yoast_head":"<!-- This site is optimized with the Yoast SEO plugin v28.4 - https:\/\/yoast.com\/product\/yoast-seo-wordpress\/ -->\n<title>Centro Cultural Museo Marina N\u00fa\u00f1ez del Prado homenajea a Bartolina Sisa - El Diario - Bolivia<\/title>\n<meta name=\"robots\" content=\"index, follow, max-snippet:-1, max-image-preview:large, max-video-preview:-1\" \/>\n<link rel=\"canonical\" href=\"https:\/\/www.eldiario.net\/portal\/2025\/09\/05\/centro-cultural-museo-marina-nunez-del-prado-homenajea-a-bartolina-sisa\/\" \/>\n<meta property=\"og:locale\" content=\"es_ES\" \/>\n<meta property=\"og:type\" content=\"article\" \/>\n<meta property=\"og:title\" content=\"Centro Cultural Museo Marina N\u00fa\u00f1ez del Prado homenajea a Bartolina Sisa - El Diario - Bolivia\" \/>\n<meta property=\"og:description\" content=\"El Centro Cultural Museo Marina N\u00fa\u00f1ez del Prado (CCM-MNP), dependiente de la Fundaci\u00f3n Cultural del Banco Central de Bolivia (FC-BCB), rendir\u00e1 homenaje a Bartolina Sisa, hero\u00edna de la resistencia ind\u00edgena y s\u00edmbolo de lucha por la libertad, este viernes 5 de septiembre, a horas 17:30, en sus instalaciones ubicadas en la zona de Sopocachi. La [&hellip;]\" \/>\n<meta property=\"og:url\" content=\"https:\/\/www.eldiario.net\/portal\/2025\/09\/05\/centro-cultural-museo-marina-nunez-del-prado-homenajea-a-bartolina-sisa\/\" \/>\n<meta property=\"og:site_name\" content=\"El Diario - Bolivia\" \/>\n<meta property=\"article:publisher\" content=\"https:\/\/www.facebook.com\/eldiario.bolivia\/\" \/>\n<meta property=\"article:published_time\" content=\"2025-09-05T04:21:55+00:00\" \/>\n<meta property=\"og:image\" content=\"https:\/\/www.eldiario.net\/portal\/wp-content\/uploads\/2025\/09\/1-PRINCIPAL.webp\" \/>\n\t<meta property=\"og:image:width\" content=\"1200\" \/>\n\t<meta property=\"og:image:height\" content=\"800\" \/>\n\t<meta property=\"og:image:type\" content=\"image\/webp\" \/>\n<meta name=\"author\" content=\"Jeanette\" \/>\n<meta name=\"twitter:card\" content=\"summary_large_image\" \/>\n<meta name=\"twitter:creator\" content=\"@eldiario_net\" \/>\n<meta name=\"twitter:site\" content=\"@eldiario_net\" \/>\n<meta name=\"twitter:label1\" content=\"Escrito por\" \/>\n\t<meta name=\"twitter:data1\" content=\"Jeanette\" \/>\n\t<meta name=\"twitter:label2\" content=\"Tiempo de lectura\" \/>\n\t<meta name=\"twitter:data2\" content=\"5 minutos\" \/>\n<script type=\"application\/ld+json\" class=\"yoast-schema-graph\">{\"@context\":\"https:\\\/\\\/schema.org\",\"@graph\":[{\"@type\":\"Article\",\"@id\":\"https:\\\/\\\/www.eldiario.net\\\/portal\\\/2025\\\/09\\\/05\\\/centro-cultural-museo-marina-nunez-del-prado-homenajea-a-bartolina-sisa\\\/#article\",\"isPartOf\":{\"@id\":\"https:\\\/\\\/www.eldiario.net\\\/portal\\\/2025\\\/09\\\/05\\\/centro-cultural-museo-marina-nunez-del-prado-homenajea-a-bartolina-sisa\\\/\"},\"author\":{\"name\":\"Jeanette\",\"@id\":\"https:\\\/\\\/www.eldiario.net\\\/portal\\\/#\\\/schema\\\/person\\\/2c57cf2b7a7ae032e449e4c9b1019eac\"},\"headline\":\"Centro Cultural Museo Marina N\u00fa\u00f1ez del Prado homenajea a Bartolina Sisa\",\"datePublished\":\"2025-09-05T04:21:55+00:00\",\"mainEntityOfPage\":{\"@id\":\"https:\\\/\\\/www.eldiario.net\\\/portal\\\/2025\\\/09\\\/05\\\/centro-cultural-museo-marina-nunez-del-prado-homenajea-a-bartolina-sisa\\\/\"},\"wordCount\":953,\"publisher\":{\"@id\":\"https:\\\/\\\/www.eldiario.net\\\/portal\\\/#organization\"},\"image\":{\"@id\":\"https:\\\/\\\/www.eldiario.net\\\/portal\\\/2025\\\/09\\\/05\\\/centro-cultural-museo-marina-nunez-del-prado-homenajea-a-bartolina-sisa\\\/#primaryimage\"},\"thumbnailUrl\":\"https:\\\/\\\/www.eldiario.net\\\/portal\\\/wp-content\\\/uploads\\\/2025\\\/09\\\/1-PRINCIPAL.webp\",\"articleSection\":[\"La Gu\u00eda\"],\"inLanguage\":\"es\"},{\"@type\":\"WebPage\",\"@id\":\"https:\\\/\\\/www.eldiario.net\\\/portal\\\/2025\\\/09\\\/05\\\/centro-cultural-museo-marina-nunez-del-prado-homenajea-a-bartolina-sisa\\\/\",\"url\":\"https:\\\/\\\/www.eldiario.net\\\/portal\\\/2025\\\/09\\\/05\\\/centro-cultural-museo-marina-nunez-del-prado-homenajea-a-bartolina-sisa\\\/\",\"name\":\"Centro Cultural Museo Marina N\u00fa\u00f1ez del Prado homenajea a Bartolina Sisa - El Diario - Bolivia\",\"isPartOf\":{\"@id\":\"https:\\\/\\\/www.eldiario.net\\\/portal\\\/#website\"},\"primaryImageOfPage\":{\"@id\":\"https:\\\/\\\/www.eldiario.net\\\/portal\\\/2025\\\/09\\\/05\\\/centro-cultural-museo-marina-nunez-del-prado-homenajea-a-bartolina-sisa\\\/#primaryimage\"},\"image\":{\"@id\":\"https:\\\/\\\/www.eldiario.net\\\/portal\\\/2025\\\/09\\\/05\\\/centro-cultural-museo-marina-nunez-del-prado-homenajea-a-bartolina-sisa\\\/#primaryimage\"},\"thumbnailUrl\":\"https:\\\/\\\/www.eldiario.net\\\/portal\\\/wp-content\\\/uploads\\\/2025\\\/09\\\/1-PRINCIPAL.webp\",\"datePublished\":\"2025-09-05T04:21:55+00:00\",\"breadcrumb\":{\"@id\":\"https:\\\/\\\/www.eldiario.net\\\/portal\\\/2025\\\/09\\\/05\\\/centro-cultural-museo-marina-nunez-del-prado-homenajea-a-bartolina-sisa\\\/#breadcrumb\"},\"inLanguage\":\"es\",\"potentialAction\":[{\"@type\":\"ReadAction\",\"target\":[\"https:\\\/\\\/www.eldiario.net\\\/portal\\\/2025\\\/09\\\/05\\\/centro-cultural-museo-marina-nunez-del-prado-homenajea-a-bartolina-sisa\\\/\"]}]},{\"@type\":\"ImageObject\",\"inLanguage\":\"es\",\"@id\":\"https:\\\/\\\/www.eldiario.net\\\/portal\\\/2025\\\/09\\\/05\\\/centro-cultural-museo-marina-nunez-del-prado-homenajea-a-bartolina-sisa\\\/#primaryimage\",\"url\":\"https:\\\/\\\/www.eldiario.net\\\/portal\\\/wp-content\\\/uploads\\\/2025\\\/09\\\/1-PRINCIPAL.webp\",\"contentUrl\":\"https:\\\/\\\/www.eldiario.net\\\/portal\\\/wp-content\\\/uploads\\\/2025\\\/09\\\/1-PRINCIPAL.webp\",\"width\":1200,\"height\":800},{\"@type\":\"BreadcrumbList\",\"@id\":\"https:\\\/\\\/www.eldiario.net\\\/portal\\\/2025\\\/09\\\/05\\\/centro-cultural-museo-marina-nunez-del-prado-homenajea-a-bartolina-sisa\\\/#breadcrumb\",\"itemListElement\":[{\"@type\":\"ListItem\",\"position\":1,\"name\":\"Portada\",\"item\":\"https:\\\/\\\/www.eldiario.net\\\/portal\\\/\"},{\"@type\":\"ListItem\",\"position\":2,\"name\":\"Centro Cultural Museo Marina N\u00fa\u00f1ez del Prado homenajea a Bartolina Sisa\"}]},{\"@type\":\"WebSite\",\"@id\":\"https:\\\/\\\/www.eldiario.net\\\/portal\\\/#website\",\"url\":\"https:\\\/\\\/www.eldiario.net\\\/portal\\\/\",\"name\":\"El Diario - Decano de la prensa nacional\",\"description\":\"El Diario - Decano de la prensa nacional\",\"publisher\":{\"@id\":\"https:\\\/\\\/www.eldiario.net\\\/portal\\\/#organization\"},\"potentialAction\":[{\"@type\":\"SearchAction\",\"target\":{\"@type\":\"EntryPoint\",\"urlTemplate\":\"https:\\\/\\\/www.eldiario.net\\\/portal\\\/?s={search_term_string}\"},\"query-input\":{\"@type\":\"PropertyValueSpecification\",\"valueRequired\":true,\"valueName\":\"search_term_string\"}}],\"inLanguage\":\"es\"},{\"@type\":\"Organization\",\"@id\":\"https:\\\/\\\/www.eldiario.net\\\/portal\\\/#organization\",\"name\":\"El Diario - Decano de la prensa nacional\",\"url\":\"https:\\\/\\\/www.eldiario.net\\\/portal\\\/\",\"logo\":{\"@type\":\"ImageObject\",\"inLanguage\":\"es\",\"@id\":\"https:\\\/\\\/www.eldiario.net\\\/portal\\\/#\\\/schema\\\/logo\\\/image\\\/\",\"url\":\"https:\\\/\\\/www.eldiario.net\\\/portal\\\/wp-content\\\/uploads\\\/2023\\\/07\\\/logo_ED.jpg\",\"contentUrl\":\"https:\\\/\\\/www.eldiario.net\\\/portal\\\/wp-content\\\/uploads\\\/2023\\\/07\\\/logo_ED.jpg\",\"width\":272,\"height\":52,\"caption\":\"El Diario - Decano de la prensa nacional\"},\"image\":{\"@id\":\"https:\\\/\\\/www.eldiario.net\\\/portal\\\/#\\\/schema\\\/logo\\\/image\\\/\"},\"sameAs\":[\"https:\\\/\\\/www.facebook.com\\\/eldiario.bolivia\\\/\",\"https:\\\/\\\/x.com\\\/eldiario_net\"]},{\"@type\":\"Person\",\"@id\":\"https:\\\/\\\/www.eldiario.net\\\/portal\\\/#\\\/schema\\\/person\\\/2c57cf2b7a7ae032e449e4c9b1019eac\",\"name\":\"Jeanette\",\"image\":{\"@type\":\"ImageObject\",\"inLanguage\":\"es\",\"@id\":\"https:\\\/\\\/secure.gravatar.com\\\/avatar\\\/3ea2118a5f7dad2b7138b1187a6b7ee55f160b9968b66013c3a3ef39dd7e5798?s=96&d=mm&r=g\",\"url\":\"https:\\\/\\\/secure.gravatar.com\\\/avatar\\\/3ea2118a5f7dad2b7138b1187a6b7ee55f160b9968b66013c3a3ef39dd7e5798?s=96&d=mm&r=g\",\"contentUrl\":\"https:\\\/\\\/secure.gravatar.com\\\/avatar\\\/3ea2118a5f7dad2b7138b1187a6b7ee55f160b9968b66013c3a3ef39dd7e5798?s=96&d=mm&r=g\",\"caption\":\"Jeanette\"},\"sameAs\":[\"https:\\\/\\\/www.eldiario.net\\\/portal\"],\"url\":\"https:\\\/\\\/www.eldiario.net\\\/portal\\\/author\\\/jeanette\\\/\"}]}<\/script>\n<!-- \/ Yoast SEO plugin. -->","yoast_head_json":{"title":"Centro Cultural Museo Marina N\u00fa\u00f1ez del Prado homenajea a Bartolina Sisa - El Diario - Bolivia","robots":{"index":"index","follow":"follow","max-snippet":"max-snippet:-1","max-image-preview":"max-image-preview:large","max-video-preview":"max-video-preview:-1"},"canonical":"https:\/\/www.eldiario.net\/portal\/2025\/09\/05\/centro-cultural-museo-marina-nunez-del-prado-homenajea-a-bartolina-sisa\/","og_locale":"es_ES","og_type":"article","og_title":"Centro Cultural Museo Marina N\u00fa\u00f1ez del Prado homenajea a Bartolina Sisa - El Diario - Bolivia","og_description":"El Centro Cultural Museo Marina N\u00fa\u00f1ez del Prado (CCM-MNP), dependiente de la Fundaci\u00f3n Cultural del Banco Central de Bolivia (FC-BCB), rendir\u00e1 homenaje a Bartolina Sisa, hero\u00edna de la resistencia ind\u00edgena y s\u00edmbolo de lucha por la libertad, este viernes 5 de septiembre, a horas 17:30, en sus instalaciones ubicadas en la zona de Sopocachi. La [&hellip;]","og_url":"https:\/\/www.eldiario.net\/portal\/2025\/09\/05\/centro-cultural-museo-marina-nunez-del-prado-homenajea-a-bartolina-sisa\/","og_site_name":"El Diario - Bolivia","article_publisher":"https:\/\/www.facebook.com\/eldiario.bolivia\/","article_published_time":"2025-09-05T04:21:55+00:00","og_image":[{"width":1200,"height":800,"url":"https:\/\/www.eldiario.net\/portal\/wp-content\/uploads\/2025\/09\/1-PRINCIPAL.webp","type":"image\/webp"}],"author":"Jeanette","twitter_card":"summary_large_image","twitter_creator":"@eldiario_net","twitter_site":"@eldiario_net","twitter_misc":{"Escrito por":"Jeanette","Tiempo de lectura":"5 minutos"},"schema":{"@context":"https:\/\/schema.org","@graph":[{"@type":"Article","@id":"https:\/\/www.eldiario.net\/portal\/2025\/09\/05\/centro-cultural-museo-marina-nunez-del-prado-homenajea-a-bartolina-sisa\/#article","isPartOf":{"@id":"https:\/\/www.eldiario.net\/portal\/2025\/09\/05\/centro-cultural-museo-marina-nunez-del-prado-homenajea-a-bartolina-sisa\/"},"author":{"name":"Jeanette","@id":"https:\/\/www.eldiario.net\/portal\/#\/schema\/person\/2c57cf2b7a7ae032e449e4c9b1019eac"},"headline":"Centro Cultural Museo Marina N\u00fa\u00f1ez del Prado homenajea a Bartolina Sisa","datePublished":"2025-09-05T04:21:55+00:00","mainEntityOfPage":{"@id":"https:\/\/www.eldiario.net\/portal\/2025\/09\/05\/centro-cultural-museo-marina-nunez-del-prado-homenajea-a-bartolina-sisa\/"},"wordCount":953,"publisher":{"@id":"https:\/\/www.eldiario.net\/portal\/#organization"},"image":{"@id":"https:\/\/www.eldiario.net\/portal\/2025\/09\/05\/centro-cultural-museo-marina-nunez-del-prado-homenajea-a-bartolina-sisa\/#primaryimage"},"thumbnailUrl":"https:\/\/www.eldiario.net\/portal\/wp-content\/uploads\/2025\/09\/1-PRINCIPAL.webp","articleSection":["La Gu\u00eda"],"inLanguage":"es"},{"@type":"WebPage","@id":"https:\/\/www.eldiario.net\/portal\/2025\/09\/05\/centro-cultural-museo-marina-nunez-del-prado-homenajea-a-bartolina-sisa\/","url":"https:\/\/www.eldiario.net\/portal\/2025\/09\/05\/centro-cultural-museo-marina-nunez-del-prado-homenajea-a-bartolina-sisa\/","name":"Centro Cultural Museo Marina N\u00fa\u00f1ez del Prado homenajea a Bartolina Sisa - El Diario - Bolivia","isPartOf":{"@id":"https:\/\/www.eldiario.net\/portal\/#website"},"primaryImageOfPage":{"@id":"https:\/\/www.eldiario.net\/portal\/2025\/09\/05\/centro-cultural-museo-marina-nunez-del-prado-homenajea-a-bartolina-sisa\/#primaryimage"},"image":{"@id":"https:\/\/www.eldiario.net\/portal\/2025\/09\/05\/centro-cultural-museo-marina-nunez-del-prado-homenajea-a-bartolina-sisa\/#primaryimage"},"thumbnailUrl":"https:\/\/www.eldiario.net\/portal\/wp-content\/uploads\/2025\/09\/1-PRINCIPAL.webp","datePublished":"2025-09-05T04:21:55+00:00","breadcrumb":{"@id":"https:\/\/www.eldiario.net\/portal\/2025\/09\/05\/centro-cultural-museo-marina-nunez-del-prado-homenajea-a-bartolina-sisa\/#breadcrumb"},"inLanguage":"es","potentialAction":[{"@type":"ReadAction","target":["https:\/\/www.eldiario.net\/portal\/2025\/09\/05\/centro-cultural-museo-marina-nunez-del-prado-homenajea-a-bartolina-sisa\/"]}]},{"@type":"ImageObject","inLanguage":"es","@id":"https:\/\/www.eldiario.net\/portal\/2025\/09\/05\/centro-cultural-museo-marina-nunez-del-prado-homenajea-a-bartolina-sisa\/#primaryimage","url":"https:\/\/www.eldiario.net\/portal\/wp-content\/uploads\/2025\/09\/1-PRINCIPAL.webp","contentUrl":"https:\/\/www.eldiario.net\/portal\/wp-content\/uploads\/2025\/09\/1-PRINCIPAL.webp","width":1200,"height":800},{"@type":"BreadcrumbList","@id":"https:\/\/www.eldiario.net\/portal\/2025\/09\/05\/centro-cultural-museo-marina-nunez-del-prado-homenajea-a-bartolina-sisa\/#breadcrumb","itemListElement":[{"@type":"ListItem","position":1,"name":"Portada","item":"https:\/\/www.eldiario.net\/portal\/"},{"@type":"ListItem","position":2,"name":"Centro Cultural Museo Marina N\u00fa\u00f1ez del Prado homenajea a Bartolina Sisa"}]},{"@type":"WebSite","@id":"https:\/\/www.eldiario.net\/portal\/#website","url":"https:\/\/www.eldiario.net\/portal\/","name":"El Diario - Decano de la prensa nacional","description":"El Diario - Decano de la prensa nacional","publisher":{"@id":"https:\/\/www.eldiario.net\/portal\/#organization"},"potentialAction":[{"@type":"SearchAction","target":{"@type":"EntryPoint","urlTemplate":"https:\/\/www.eldiario.net\/portal\/?s={search_term_string}"},"query-input":{"@type":"PropertyValueSpecification","valueRequired":true,"valueName":"search_term_string"}}],"inLanguage":"es"},{"@type":"Organization","@id":"https:\/\/www.eldiario.net\/portal\/#organization","name":"El Diario - Decano de la prensa nacional","url":"https:\/\/www.eldiario.net\/portal\/","logo":{"@type":"ImageObject","inLanguage":"es","@id":"https:\/\/www.eldiario.net\/portal\/#\/schema\/logo\/image\/","url":"https:\/\/www.eldiario.net\/portal\/wp-content\/uploads\/2023\/07\/logo_ED.jpg","contentUrl":"https:\/\/www.eldiario.net\/portal\/wp-content\/uploads\/2023\/07\/logo_ED.jpg","width":272,"height":52,"caption":"El Diario - Decano de la prensa nacional"},"image":{"@id":"https:\/\/www.eldiario.net\/portal\/#\/schema\/logo\/image\/"},"sameAs":["https:\/\/www.facebook.com\/eldiario.bolivia\/","https:\/\/x.com\/eldiario_net"]},{"@type":"Person","@id":"https:\/\/www.eldiario.net\/portal\/#\/schema\/person\/2c57cf2b7a7ae032e449e4c9b1019eac","name":"Jeanette","image":{"@type":"ImageObject","inLanguage":"es","@id":"https:\/\/secure.gravatar.com\/avatar\/3ea2118a5f7dad2b7138b1187a6b7ee55f160b9968b66013c3a3ef39dd7e5798?s=96&d=mm&r=g","url":"https:\/\/secure.gravatar.com\/avatar\/3ea2118a5f7dad2b7138b1187a6b7ee55f160b9968b66013c3a3ef39dd7e5798?s=96&d=mm&r=g","contentUrl":"https:\/\/secure.gravatar.com\/avatar\/3ea2118a5f7dad2b7138b1187a6b7ee55f160b9968b66013c3a3ef39dd7e5798?s=96&d=mm&r=g","caption":"Jeanette"},"sameAs":["https:\/\/www.eldiario.net\/portal"],"url":"https:\/\/www.eldiario.net\/portal\/author\/jeanette\/"}]}},"_links":{"self":[{"href":"https:\/\/www.eldiario.net\/portal\/wp-json\/wp\/v2\/posts\/328979","targetHints":{"allow":["GET"]}}],"collection":[{"href":"https:\/\/www.eldiario.net\/portal\/wp-json\/wp\/v2\/posts"}],"about":[{"href":"https:\/\/www.eldiario.net\/portal\/wp-json\/wp\/v2\/types\/post"}],"author":[{"embeddable":true,"href":"https:\/\/www.eldiario.net\/portal\/wp-json\/wp\/v2\/users\/1"}],"replies":[{"embeddable":true,"href":"https:\/\/www.eldiario.net\/portal\/wp-json\/wp\/v2\/comments?post=328979"}],"version-history":[{"count":1,"href":"https:\/\/www.eldiario.net\/portal\/wp-json\/wp\/v2\/posts\/328979\/revisions"}],"predecessor-version":[{"id":328985,"href":"https:\/\/www.eldiario.net\/portal\/wp-json\/wp\/v2\/posts\/328979\/revisions\/328985"}],"wp:featuredmedia":[{"embeddable":true,"href":"https:\/\/www.eldiario.net\/portal\/wp-json\/wp\/v2\/media\/328980"}],"wp:attachment":[{"href":"https:\/\/www.eldiario.net\/portal\/wp-json\/wp\/v2\/media?parent=328979"}],"wp:term":[{"taxonomy":"category","embeddable":true,"href":"https:\/\/www.eldiario.net\/portal\/wp-json\/wp\/v2\/categories?post=328979"},{"taxonomy":"post_tag","embeddable":true,"href":"https:\/\/www.eldiario.net\/portal\/wp-json\/wp\/v2\/tags?post=328979"}],"curies":[{"name":"wp","href":"https:\/\/api.w.org\/{rel}","templated":true}]}}