{"id":328499,"date":"2025-09-03T00:05:58","date_gmt":"2025-09-03T04:05:58","guid":{"rendered":"https:\/\/www.eldiario.net\/portal\/?p=328499"},"modified":"2025-09-02T22:06:23","modified_gmt":"2025-09-03T02:06:23","slug":"ayaviri-apunta-a-hacer-cumbre-en-el-nevado-manaslu-en-nepal","status":"publish","type":"post","link":"https:\/\/www.eldiario.net\/portal\/2025\/09\/03\/ayaviri-apunta-a-hacer-cumbre-en-el-nevado-manaslu-en-nepal\/","title":{"rendered":"Ayaviri apunta a hacer cumbre en el nevado Manaslu en Nepal"},"content":{"rendered":"<p>El nevado Manaslu (que se encuentra Nepal y tiene una altura de 8.163 metros) est\u00e1 en la mira del alpinista boliviano Hugo Ayaviri, quien buscar\u00e1 hacer cumbre en su s\u00e9ptimo cerro que forma parte de los \u00ab14 ochomiles\u00bb (nevados que superan los 8.000 metros de altura en el mundo).<br \/>\n\u00abAyaviri viaj\u00f3 el fin de semana al pa\u00eds asi\u00e1tico, donde el lunes lleg\u00f3 a Katmand\u00fa, capital de Nepal, de donde emprender\u00e1 viaje a la monta\u00f1a para empezar a hacer la aclimataci\u00f3n con el objetivo de no tener inconvenientes en su intento de llegar a la cima\u00bb, comunic\u00f3 la Federaci\u00f3n Boliviana de Ski y Andinismo (FEBSA) en una nota de prensa. \u00abEsta ma\u00f1ana (por lunes) llegu\u00e9 a Katmand\u00fa. Calculo que tardar\u00e9 una semana para llegar al campo base, despu\u00e9s empezar\u00e9 la aclimataci\u00f3n, viendo la meteor\u00f3loga, y espero que por el 20 de septiembre estemos haciendo cumbre\u00bb, dijo el alpinista nacional, que tiene el respaldo de la FEBSA. Cuando llegue al nevado estar\u00e1 por unas dos semanas haciendo el respectivo trabajo de aclimatarse. \u00abTengo que subir a 5.000 metros, que es donde est\u00e1 el campo base, luego a 6.000, debo volver a bajar y subir a 6.500, bajar nuevamente y otra vez subir a 7.200, dormir, volver a bajar y luego prepararme para hacer cumbre; es la idea que tenemos\u00bb, explic\u00f3. Ayaviri agreg\u00f3 que \u00abac\u00e1 el clima se ve mucho, si est\u00e1 nevando no se puede hacer nada, es m\u00e1s dif\u00edcil para llegar, pero estoy motivado de que, si hay una ventana para hacer cumbre, lo har\u00e9 en una de las monta\u00f1as m\u00e1s altas del mundo\u00bb.<\/p>\n","protected":false},"excerpt":{"rendered":"<p>El nevado Manaslu (que se encuentra Nepal y tiene una altura de 8.163 metros) est\u00e1 en la mira del alpinista boliviano Hugo Ayaviri, quien buscar\u00e1 hacer cumbre en su s\u00e9ptimo cerro que forma parte de los \u00ab14 ochomiles\u00bb (nevados que superan los 8.000 metros de altura en el mundo). \u00abAyaviri viaj\u00f3 el fin de semana [&hellip;]<\/p>\n","protected":false},"author":1,"featured_media":195132,"comment_status":"closed","ping_status":"open","sticky":false,"template":"","format":"standard","meta":{"_acf_changed":false,"footnotes":""},"categories":[6],"tags":[],"class_list":["post-328499","post","type-post","status-publish","format-standard","has-post-thumbnail","category-deportes"],"acf":{"antetitulo":""},"yoast_head":"<!-- This site is optimized with the Yoast SEO plugin v28.4 - https:\/\/yoast.com\/product\/yoast-seo-wordpress\/ -->\n<title>Ayaviri apunta a hacer cumbre en el nevado Manaslu en Nepal - El Diario - Bolivia<\/title>\n<meta name=\"robots\" content=\"index, follow, max-snippet:-1, max-image-preview:large, max-video-preview:-1\" \/>\n<link rel=\"canonical\" href=\"https:\/\/www.eldiario.net\/portal\/2025\/09\/03\/ayaviri-apunta-a-hacer-cumbre-en-el-nevado-manaslu-en-nepal\/\" \/>\n<meta property=\"og:locale\" content=\"es_ES\" \/>\n<meta property=\"og:type\" content=\"article\" \/>\n<meta property=\"og:title\" content=\"Ayaviri apunta a hacer cumbre en el nevado Manaslu en Nepal - El Diario - Bolivia\" \/>\n<meta property=\"og:description\" content=\"El nevado Manaslu (que se encuentra Nepal y tiene una altura de 8.163 metros) est\u00e1 en la mira del alpinista boliviano Hugo Ayaviri, quien buscar\u00e1 hacer cumbre en su s\u00e9ptimo cerro que forma parte de los \u00ab14 ochomiles\u00bb (nevados que superan los 8.000 metros de altura en el mundo). \u00abAyaviri viaj\u00f3 el fin de semana [&hellip;]\" \/>\n<meta property=\"og:url\" content=\"https:\/\/www.eldiario.net\/portal\/2025\/09\/03\/ayaviri-apunta-a-hacer-cumbre-en-el-nevado-manaslu-en-nepal\/\" \/>\n<meta property=\"og:site_name\" content=\"El Diario - Bolivia\" \/>\n<meta property=\"article:publisher\" content=\"https:\/\/www.facebook.com\/eldiario.bolivia\/\" \/>\n<meta property=\"article:published_time\" content=\"2025-09-03T04:05:58+00:00\" \/>\n<meta property=\"og:image\" content=\"https:\/\/www.eldiario.net\/portal\/wp-content\/uploads\/2023\/12\/Deportes.jpg\" \/>\n\t<meta property=\"og:image:width\" content=\"800\" \/>\n\t<meta property=\"og:image:height\" content=\"500\" \/>\n\t<meta property=\"og:image:type\" content=\"image\/jpeg\" \/>\n<meta name=\"author\" content=\"Jeanette\" \/>\n<meta name=\"twitter:card\" content=\"summary_large_image\" \/>\n<meta name=\"twitter:creator\" content=\"@eldiario_net\" \/>\n<meta name=\"twitter:site\" content=\"@eldiario_net\" \/>\n<meta name=\"twitter:label1\" content=\"Escrito por\" \/>\n\t<meta name=\"twitter:data1\" content=\"Jeanette\" \/>\n\t<meta name=\"twitter:label2\" content=\"Tiempo de lectura\" \/>\n\t<meta name=\"twitter:data2\" content=\"2 minutos\" \/>\n<script type=\"application\/ld+json\" class=\"yoast-schema-graph\">{\"@context\":\"https:\\\/\\\/schema.org\",\"@graph\":[{\"@type\":\"Article\",\"@id\":\"https:\\\/\\\/www.eldiario.net\\\/portal\\\/2025\\\/09\\\/03\\\/ayaviri-apunta-a-hacer-cumbre-en-el-nevado-manaslu-en-nepal\\\/#article\",\"isPartOf\":{\"@id\":\"https:\\\/\\\/www.eldiario.net\\\/portal\\\/2025\\\/09\\\/03\\\/ayaviri-apunta-a-hacer-cumbre-en-el-nevado-manaslu-en-nepal\\\/\"},\"author\":{\"name\":\"Jeanette\",\"@id\":\"https:\\\/\\\/www.eldiario.net\\\/portal\\\/#\\\/schema\\\/person\\\/2c57cf2b7a7ae032e449e4c9b1019eac\"},\"headline\":\"Ayaviri apunta a hacer cumbre en el nevado Manaslu en Nepal\",\"datePublished\":\"2025-09-03T04:05:58+00:00\",\"mainEntityOfPage\":{\"@id\":\"https:\\\/\\\/www.eldiario.net\\\/portal\\\/2025\\\/09\\\/03\\\/ayaviri-apunta-a-hacer-cumbre-en-el-nevado-manaslu-en-nepal\\\/\"},\"wordCount\":280,\"publisher\":{\"@id\":\"https:\\\/\\\/www.eldiario.net\\\/portal\\\/#organization\"},\"image\":{\"@id\":\"https:\\\/\\\/www.eldiario.net\\\/portal\\\/2025\\\/09\\\/03\\\/ayaviri-apunta-a-hacer-cumbre-en-el-nevado-manaslu-en-nepal\\\/#primaryimage\"},\"thumbnailUrl\":\"https:\\\/\\\/www.eldiario.net\\\/portal\\\/wp-content\\\/uploads\\\/2023\\\/12\\\/Deportes.jpg\",\"articleSection\":[\"Deportes\"],\"inLanguage\":\"es\"},{\"@type\":\"WebPage\",\"@id\":\"https:\\\/\\\/www.eldiario.net\\\/portal\\\/2025\\\/09\\\/03\\\/ayaviri-apunta-a-hacer-cumbre-en-el-nevado-manaslu-en-nepal\\\/\",\"url\":\"https:\\\/\\\/www.eldiario.net\\\/portal\\\/2025\\\/09\\\/03\\\/ayaviri-apunta-a-hacer-cumbre-en-el-nevado-manaslu-en-nepal\\\/\",\"name\":\"Ayaviri apunta a hacer cumbre en el nevado Manaslu en Nepal - El Diario - Bolivia\",\"isPartOf\":{\"@id\":\"https:\\\/\\\/www.eldiario.net\\\/portal\\\/#website\"},\"primaryImageOfPage\":{\"@id\":\"https:\\\/\\\/www.eldiario.net\\\/portal\\\/2025\\\/09\\\/03\\\/ayaviri-apunta-a-hacer-cumbre-en-el-nevado-manaslu-en-nepal\\\/#primaryimage\"},\"image\":{\"@id\":\"https:\\\/\\\/www.eldiario.net\\\/portal\\\/2025\\\/09\\\/03\\\/ayaviri-apunta-a-hacer-cumbre-en-el-nevado-manaslu-en-nepal\\\/#primaryimage\"},\"thumbnailUrl\":\"https:\\\/\\\/www.eldiario.net\\\/portal\\\/wp-content\\\/uploads\\\/2023\\\/12\\\/Deportes.jpg\",\"datePublished\":\"2025-09-03T04:05:58+00:00\",\"breadcrumb\":{\"@id\":\"https:\\\/\\\/www.eldiario.net\\\/portal\\\/2025\\\/09\\\/03\\\/ayaviri-apunta-a-hacer-cumbre-en-el-nevado-manaslu-en-nepal\\\/#breadcrumb\"},\"inLanguage\":\"es\",\"potentialAction\":[{\"@type\":\"ReadAction\",\"target\":[\"https:\\\/\\\/www.eldiario.net\\\/portal\\\/2025\\\/09\\\/03\\\/ayaviri-apunta-a-hacer-cumbre-en-el-nevado-manaslu-en-nepal\\\/\"]}]},{\"@type\":\"ImageObject\",\"inLanguage\":\"es\",\"@id\":\"https:\\\/\\\/www.eldiario.net\\\/portal\\\/2025\\\/09\\\/03\\\/ayaviri-apunta-a-hacer-cumbre-en-el-nevado-manaslu-en-nepal\\\/#primaryimage\",\"url\":\"https:\\\/\\\/www.eldiario.net\\\/portal\\\/wp-content\\\/uploads\\\/2023\\\/12\\\/Deportes.jpg\",\"contentUrl\":\"https:\\\/\\\/www.eldiario.net\\\/portal\\\/wp-content\\\/uploads\\\/2023\\\/12\\\/Deportes.jpg\",\"width\":800,\"height\":500},{\"@type\":\"BreadcrumbList\",\"@id\":\"https:\\\/\\\/www.eldiario.net\\\/portal\\\/2025\\\/09\\\/03\\\/ayaviri-apunta-a-hacer-cumbre-en-el-nevado-manaslu-en-nepal\\\/#breadcrumb\",\"itemListElement\":[{\"@type\":\"ListItem\",\"position\":1,\"name\":\"Portada\",\"item\":\"https:\\\/\\\/www.eldiario.net\\\/portal\\\/\"},{\"@type\":\"ListItem\",\"position\":2,\"name\":\"Ayaviri apunta a hacer cumbre en el nevado Manaslu en Nepal\"}]},{\"@type\":\"WebSite\",\"@id\":\"https:\\\/\\\/www.eldiario.net\\\/portal\\\/#website\",\"url\":\"https:\\\/\\\/www.eldiario.net\\\/portal\\\/\",\"name\":\"El Diario - Decano de la prensa nacional\",\"description\":\"El Diario - Decano de la prensa nacional\",\"publisher\":{\"@id\":\"https:\\\/\\\/www.eldiario.net\\\/portal\\\/#organization\"},\"potentialAction\":[{\"@type\":\"SearchAction\",\"target\":{\"@type\":\"EntryPoint\",\"urlTemplate\":\"https:\\\/\\\/www.eldiario.net\\\/portal\\\/?s={search_term_string}\"},\"query-input\":{\"@type\":\"PropertyValueSpecification\",\"valueRequired\":true,\"valueName\":\"search_term_string\"}}],\"inLanguage\":\"es\"},{\"@type\":\"Organization\",\"@id\":\"https:\\\/\\\/www.eldiario.net\\\/portal\\\/#organization\",\"name\":\"El Diario - Decano de la prensa nacional\",\"url\":\"https:\\\/\\\/www.eldiario.net\\\/portal\\\/\",\"logo\":{\"@type\":\"ImageObject\",\"inLanguage\":\"es\",\"@id\":\"https:\\\/\\\/www.eldiario.net\\\/portal\\\/#\\\/schema\\\/logo\\\/image\\\/\",\"url\":\"https:\\\/\\\/www.eldiario.net\\\/portal\\\/wp-content\\\/uploads\\\/2023\\\/07\\\/logo_ED.jpg\",\"contentUrl\":\"https:\\\/\\\/www.eldiario.net\\\/portal\\\/wp-content\\\/uploads\\\/2023\\\/07\\\/logo_ED.jpg\",\"width\":272,\"height\":52,\"caption\":\"El Diario - Decano de la prensa nacional\"},\"image\":{\"@id\":\"https:\\\/\\\/www.eldiario.net\\\/portal\\\/#\\\/schema\\\/logo\\\/image\\\/\"},\"sameAs\":[\"https:\\\/\\\/www.facebook.com\\\/eldiario.bolivia\\\/\",\"https:\\\/\\\/x.com\\\/eldiario_net\"]},{\"@type\":\"Person\",\"@id\":\"https:\\\/\\\/www.eldiario.net\\\/portal\\\/#\\\/schema\\\/person\\\/2c57cf2b7a7ae032e449e4c9b1019eac\",\"name\":\"Jeanette\",\"image\":{\"@type\":\"ImageObject\",\"inLanguage\":\"es\",\"@id\":\"https:\\\/\\\/secure.gravatar.com\\\/avatar\\\/3ea2118a5f7dad2b7138b1187a6b7ee55f160b9968b66013c3a3ef39dd7e5798?s=96&d=mm&r=g\",\"url\":\"https:\\\/\\\/secure.gravatar.com\\\/avatar\\\/3ea2118a5f7dad2b7138b1187a6b7ee55f160b9968b66013c3a3ef39dd7e5798?s=96&d=mm&r=g\",\"contentUrl\":\"https:\\\/\\\/secure.gravatar.com\\\/avatar\\\/3ea2118a5f7dad2b7138b1187a6b7ee55f160b9968b66013c3a3ef39dd7e5798?s=96&d=mm&r=g\",\"caption\":\"Jeanette\"},\"sameAs\":[\"https:\\\/\\\/www.eldiario.net\\\/portal\"],\"url\":\"https:\\\/\\\/www.eldiario.net\\\/portal\\\/author\\\/jeanette\\\/\"}]}<\/script>\n<!-- \/ Yoast SEO plugin. -->","yoast_head_json":{"title":"Ayaviri apunta a hacer cumbre en el nevado Manaslu en Nepal - El Diario - Bolivia","robots":{"index":"index","follow":"follow","max-snippet":"max-snippet:-1","max-image-preview":"max-image-preview:large","max-video-preview":"max-video-preview:-1"},"canonical":"https:\/\/www.eldiario.net\/portal\/2025\/09\/03\/ayaviri-apunta-a-hacer-cumbre-en-el-nevado-manaslu-en-nepal\/","og_locale":"es_ES","og_type":"article","og_title":"Ayaviri apunta a hacer cumbre en el nevado Manaslu en Nepal - El Diario - Bolivia","og_description":"El nevado Manaslu (que se encuentra Nepal y tiene una altura de 8.163 metros) est\u00e1 en la mira del alpinista boliviano Hugo Ayaviri, quien buscar\u00e1 hacer cumbre en su s\u00e9ptimo cerro que forma parte de los \u00ab14 ochomiles\u00bb (nevados que superan los 8.000 metros de altura en el mundo). \u00abAyaviri viaj\u00f3 el fin de semana [&hellip;]","og_url":"https:\/\/www.eldiario.net\/portal\/2025\/09\/03\/ayaviri-apunta-a-hacer-cumbre-en-el-nevado-manaslu-en-nepal\/","og_site_name":"El Diario - Bolivia","article_publisher":"https:\/\/www.facebook.com\/eldiario.bolivia\/","article_published_time":"2025-09-03T04:05:58+00:00","og_image":[{"width":800,"height":500,"url":"https:\/\/www.eldiario.net\/portal\/wp-content\/uploads\/2023\/12\/Deportes.jpg","type":"image\/jpeg"}],"author":"Jeanette","twitter_card":"summary_large_image","twitter_creator":"@eldiario_net","twitter_site":"@eldiario_net","twitter_misc":{"Escrito por":"Jeanette","Tiempo de lectura":"2 minutos"},"schema":{"@context":"https:\/\/schema.org","@graph":[{"@type":"Article","@id":"https:\/\/www.eldiario.net\/portal\/2025\/09\/03\/ayaviri-apunta-a-hacer-cumbre-en-el-nevado-manaslu-en-nepal\/#article","isPartOf":{"@id":"https:\/\/www.eldiario.net\/portal\/2025\/09\/03\/ayaviri-apunta-a-hacer-cumbre-en-el-nevado-manaslu-en-nepal\/"},"author":{"name":"Jeanette","@id":"https:\/\/www.eldiario.net\/portal\/#\/schema\/person\/2c57cf2b7a7ae032e449e4c9b1019eac"},"headline":"Ayaviri apunta a hacer cumbre en el nevado Manaslu en Nepal","datePublished":"2025-09-03T04:05:58+00:00","mainEntityOfPage":{"@id":"https:\/\/www.eldiario.net\/portal\/2025\/09\/03\/ayaviri-apunta-a-hacer-cumbre-en-el-nevado-manaslu-en-nepal\/"},"wordCount":280,"publisher":{"@id":"https:\/\/www.eldiario.net\/portal\/#organization"},"image":{"@id":"https:\/\/www.eldiario.net\/portal\/2025\/09\/03\/ayaviri-apunta-a-hacer-cumbre-en-el-nevado-manaslu-en-nepal\/#primaryimage"},"thumbnailUrl":"https:\/\/www.eldiario.net\/portal\/wp-content\/uploads\/2023\/12\/Deportes.jpg","articleSection":["Deportes"],"inLanguage":"es"},{"@type":"WebPage","@id":"https:\/\/www.eldiario.net\/portal\/2025\/09\/03\/ayaviri-apunta-a-hacer-cumbre-en-el-nevado-manaslu-en-nepal\/","url":"https:\/\/www.eldiario.net\/portal\/2025\/09\/03\/ayaviri-apunta-a-hacer-cumbre-en-el-nevado-manaslu-en-nepal\/","name":"Ayaviri apunta a hacer cumbre en el nevado Manaslu en Nepal - El Diario - Bolivia","isPartOf":{"@id":"https:\/\/www.eldiario.net\/portal\/#website"},"primaryImageOfPage":{"@id":"https:\/\/www.eldiario.net\/portal\/2025\/09\/03\/ayaviri-apunta-a-hacer-cumbre-en-el-nevado-manaslu-en-nepal\/#primaryimage"},"image":{"@id":"https:\/\/www.eldiario.net\/portal\/2025\/09\/03\/ayaviri-apunta-a-hacer-cumbre-en-el-nevado-manaslu-en-nepal\/#primaryimage"},"thumbnailUrl":"https:\/\/www.eldiario.net\/portal\/wp-content\/uploads\/2023\/12\/Deportes.jpg","datePublished":"2025-09-03T04:05:58+00:00","breadcrumb":{"@id":"https:\/\/www.eldiario.net\/portal\/2025\/09\/03\/ayaviri-apunta-a-hacer-cumbre-en-el-nevado-manaslu-en-nepal\/#breadcrumb"},"inLanguage":"es","potentialAction":[{"@type":"ReadAction","target":["https:\/\/www.eldiario.net\/portal\/2025\/09\/03\/ayaviri-apunta-a-hacer-cumbre-en-el-nevado-manaslu-en-nepal\/"]}]},{"@type":"ImageObject","inLanguage":"es","@id":"https:\/\/www.eldiario.net\/portal\/2025\/09\/03\/ayaviri-apunta-a-hacer-cumbre-en-el-nevado-manaslu-en-nepal\/#primaryimage","url":"https:\/\/www.eldiario.net\/portal\/wp-content\/uploads\/2023\/12\/Deportes.jpg","contentUrl":"https:\/\/www.eldiario.net\/portal\/wp-content\/uploads\/2023\/12\/Deportes.jpg","width":800,"height":500},{"@type":"BreadcrumbList","@id":"https:\/\/www.eldiario.net\/portal\/2025\/09\/03\/ayaviri-apunta-a-hacer-cumbre-en-el-nevado-manaslu-en-nepal\/#breadcrumb","itemListElement":[{"@type":"ListItem","position":1,"name":"Portada","item":"https:\/\/www.eldiario.net\/portal\/"},{"@type":"ListItem","position":2,"name":"Ayaviri apunta a hacer cumbre en el nevado Manaslu en Nepal"}]},{"@type":"WebSite","@id":"https:\/\/www.eldiario.net\/portal\/#website","url":"https:\/\/www.eldiario.net\/portal\/","name":"El Diario - Decano de la prensa nacional","description":"El Diario - Decano de la prensa nacional","publisher":{"@id":"https:\/\/www.eldiario.net\/portal\/#organization"},"potentialAction":[{"@type":"SearchAction","target":{"@type":"EntryPoint","urlTemplate":"https:\/\/www.eldiario.net\/portal\/?s={search_term_string}"},"query-input":{"@type":"PropertyValueSpecification","valueRequired":true,"valueName":"search_term_string"}}],"inLanguage":"es"},{"@type":"Organization","@id":"https:\/\/www.eldiario.net\/portal\/#organization","name":"El Diario - Decano de la prensa nacional","url":"https:\/\/www.eldiario.net\/portal\/","logo":{"@type":"ImageObject","inLanguage":"es","@id":"https:\/\/www.eldiario.net\/portal\/#\/schema\/logo\/image\/","url":"https:\/\/www.eldiario.net\/portal\/wp-content\/uploads\/2023\/07\/logo_ED.jpg","contentUrl":"https:\/\/www.eldiario.net\/portal\/wp-content\/uploads\/2023\/07\/logo_ED.jpg","width":272,"height":52,"caption":"El Diario - Decano de la prensa nacional"},"image":{"@id":"https:\/\/www.eldiario.net\/portal\/#\/schema\/logo\/image\/"},"sameAs":["https:\/\/www.facebook.com\/eldiario.bolivia\/","https:\/\/x.com\/eldiario_net"]},{"@type":"Person","@id":"https:\/\/www.eldiario.net\/portal\/#\/schema\/person\/2c57cf2b7a7ae032e449e4c9b1019eac","name":"Jeanette","image":{"@type":"ImageObject","inLanguage":"es","@id":"https:\/\/secure.gravatar.com\/avatar\/3ea2118a5f7dad2b7138b1187a6b7ee55f160b9968b66013c3a3ef39dd7e5798?s=96&d=mm&r=g","url":"https:\/\/secure.gravatar.com\/avatar\/3ea2118a5f7dad2b7138b1187a6b7ee55f160b9968b66013c3a3ef39dd7e5798?s=96&d=mm&r=g","contentUrl":"https:\/\/secure.gravatar.com\/avatar\/3ea2118a5f7dad2b7138b1187a6b7ee55f160b9968b66013c3a3ef39dd7e5798?s=96&d=mm&r=g","caption":"Jeanette"},"sameAs":["https:\/\/www.eldiario.net\/portal"],"url":"https:\/\/www.eldiario.net\/portal\/author\/jeanette\/"}]}},"_links":{"self":[{"href":"https:\/\/www.eldiario.net\/portal\/wp-json\/wp\/v2\/posts\/328499","targetHints":{"allow":["GET"]}}],"collection":[{"href":"https:\/\/www.eldiario.net\/portal\/wp-json\/wp\/v2\/posts"}],"about":[{"href":"https:\/\/www.eldiario.net\/portal\/wp-json\/wp\/v2\/types\/post"}],"author":[{"embeddable":true,"href":"https:\/\/www.eldiario.net\/portal\/wp-json\/wp\/v2\/users\/1"}],"replies":[{"embeddable":true,"href":"https:\/\/www.eldiario.net\/portal\/wp-json\/wp\/v2\/comments?post=328499"}],"version-history":[{"count":1,"href":"https:\/\/www.eldiario.net\/portal\/wp-json\/wp\/v2\/posts\/328499\/revisions"}],"predecessor-version":[{"id":328500,"href":"https:\/\/www.eldiario.net\/portal\/wp-json\/wp\/v2\/posts\/328499\/revisions\/328500"}],"wp:featuredmedia":[{"embeddable":true,"href":"https:\/\/www.eldiario.net\/portal\/wp-json\/wp\/v2\/media\/195132"}],"wp:attachment":[{"href":"https:\/\/www.eldiario.net\/portal\/wp-json\/wp\/v2\/media?parent=328499"}],"wp:term":[{"taxonomy":"category","embeddable":true,"href":"https:\/\/www.eldiario.net\/portal\/wp-json\/wp\/v2\/categories?post=328499"},{"taxonomy":"post_tag","embeddable":true,"href":"https:\/\/www.eldiario.net\/portal\/wp-json\/wp\/v2\/tags?post=328499"}],"curies":[{"name":"wp","href":"https:\/\/api.w.org\/{rel}","templated":true}]}}