{"id":328016,"date":"2025-09-01T01:02:23","date_gmt":"2025-09-01T05:02:23","guid":{"rendered":"https:\/\/www.eldiario.net\/portal\/?p=328016"},"modified":"2025-08-31T22:04:58","modified_gmt":"2025-09-01T02:04:58","slug":"haz-que-regrese-la-nueva-joya-del-terror-psicologico","status":"publish","type":"post","link":"https:\/\/www.eldiario.net\/portal\/2025\/09\/01\/haz-que-regrese-la-nueva-joya-del-terror-psicologico\/","title":{"rendered":"\u00abHaz que Regrese\u00bb, la nueva joya del terror psicol\u00f3gico"},"content":{"rendered":"<p>La adrenalina y el suspenso se apoderaron de las salas de cine en La Paz y Santa Cruz con la esperada avant premier de la pel\u00edcula \u00abHaz que Regrese\u00bb (Bring Her Back). La nueva propuesta de los aclamados cineastas Danny y Michael Philippou, el d\u00fao detr\u00e1s del \u00e9xito de terror \u00abH\u00e1blame\u00bb, lleg\u00f3 a Cine Center para cautivar a periodistas, cr\u00edticos, influencers y amantes del g\u00e9nero.<br \/>\nLos asistentes a la funci\u00f3n especial pudieron ser testigos de una narrativa que, seg\u00fan Fabiana Cabrera, Marketing Manager de Sony Pictures \u2013 Andes Films, destaca por su uso de brujer\u00eda y elementos visuales de la vieja escuela como los VHS para intensificar el miedo. Cabrera tambi\u00e9n resalt\u00f3 el gran trabajo del elenco, en especial la actuaci\u00f3n de Sally Hawkins, quien logra un fascinante contraste entre su carisma y sus oscuras motivaciones.<br \/>\nEl consenso de los cr\u00edticos es evidente: la pel\u00edcula ha sido aclamada en plataformas como Rotten Tomatoes, donde ha alcanzado un impresionante 89%. Las actuaciones de los j\u00f3venes protagonistas Billy Barratt, Sora Wong y Jonah Wren Phillips han sido muy elogiadas por su profundidad y matices, demostrando que el futuro del cine de terror est\u00e1 en buenas manos.<br \/>\nLa noche del preestreno fue un \u00e9xito rotundo, dejando a los asistentes con los nervios de punta y reafirmando que los gemelos Philippou son los nuevos maestros del horror.<\/p>\n\r\n                <style type=\"text\/css\">\r\n                    \r\n                    #tdi_1  .td-doubleSlider-2 .td-item1 {\r\n                        background: url(https:\/\/www.eldiario.net\/portal\/wp-content\/uploads\/2025\/08\/Team-Andes-Films-Cine-Center-80x60.webp) 0 0 no-repeat;\r\n                    }\r\n                    #tdi_1  .td-doubleSlider-2 .td-item2 {\r\n                        background: url(https:\/\/www.eldiario.net\/portal\/wp-content\/uploads\/2025\/08\/Yesi-Tomelic-y-Daniela-Teodovich-80x60.webp) 0 0 no-repeat;\r\n                    }\r\n                    #tdi_1  .td-doubleSlider-2 .td-item3 {\r\n                        background: url(https:\/\/www.eldiario.net\/portal\/wp-content\/uploads\/2025\/08\/Darling-Heredia-Jessy-Taborga-Maria-Jose-Pazmino-y-Claudia-Cespedes-80x60.webp) 0 0 no-repeat;\r\n                    }\r\n                    #tdi_1  .td-doubleSlider-2 .td-item4 {\r\n                        background: url(https:\/\/www.eldiario.net\/portal\/wp-content\/uploads\/2025\/08\/Miguel-Angel-Ortiz-y-Cesar-Daza-80x60.webp) 0 0 no-repeat;\r\n                    }\r\n                    #tdi_1  .td-doubleSlider-2 .td-item5 {\r\n                        background: url(https:\/\/www.eldiario.net\/portal\/wp-content\/uploads\/2025\/08\/Mischa-Heywood-Michael-Philippou-Sally-Anne-Upton-Sora-Wong-y-Danny-Philippou-80x60.webp) 0 0 no-repeat;\r\n                    }\r\n                <\/style>\r\n\r\n                <div id=\"tdi_1\" class=\"td-gallery td-slide-on-2-columns\">\r\n                    <div class=\"post_td_gallery\">\r\n                        <div class=\"td-gallery-slide-top\">\r\n                           <div class=\"td-gallery-title\"><\/div>\r\n\r\n                            <div class=\"td-gallery-controls-wrapper\">\r\n                                <div class=\"td-gallery-slide-count\"><span class=\"td-gallery-slide-item-focus\">1<\/span> de 5<\/div>\r\n                                <div class=\"td-gallery-slide-prev-next-but\">\r\n                                    <i class = \"td-icon-left doubleSliderPrevButton\"><\/i>\r\n                                    <i class = \"td-icon-right doubleSliderNextButton\"><\/i>\r\n                                <\/div>\r\n                            <\/div>\r\n                        <\/div>\r\n\r\n                        <div class = \"td-doubleSlider-1 \">\r\n                            <div class = \"td-slider\">\r\n                                \r\n                    <div class = \"td-slide-item td-item1\">\r\n                        <figure class=\"td-slide-galery-figure td-slide-popup-gallery\">\r\n                            <a class=\"slide-gallery-image-link\" href=\"https:\/\/www.eldiario.net\/portal\/wp-content\/uploads\/2025\/08\/Team-Andes-Films-Cine-Center.webp\" title=\"Team-Andes-Films---Cine-Center\"  data-caption=\"TEAM ANDES FILMS - CINE CENTER.\"  data-description=\"\">\r\n                                <img decoding=\"async\" src=\"https:\/\/www.eldiario.net\/portal\/wp-content\/uploads\/2025\/08\/Team-Andes-Films-Cine-Center-416x420.webp\" srcset=\"https:\/\/www.eldiario.net\/portal\/wp-content\/uploads\/2025\/08\/Team-Andes-Films-Cine-Center-416x420.webp 416w, https:\/\/www.eldiario.net\/portal\/wp-content\/uploads\/2025\/08\/Team-Andes-Films-Cine-Center-297x300.webp 297w, https:\/\/www.eldiario.net\/portal\/wp-content\/uploads\/2025\/08\/Team-Andes-Films-Cine-Center-1015x1024.webp 1015w, https:\/\/www.eldiario.net\/portal\/wp-content\/uploads\/2025\/08\/Team-Andes-Films-Cine-Center-150x151.webp 150w, https:\/\/www.eldiario.net\/portal\/wp-content\/uploads\/2025\/08\/Team-Andes-Films-Cine-Center-768x775.webp 768w, https:\/\/www.eldiario.net\/portal\/wp-content\/uploads\/2025\/08\/Team-Andes-Films-Cine-Center-300x303.webp 300w, https:\/\/www.eldiario.net\/portal\/wp-content\/uploads\/2025\/08\/Team-Andes-Films-Cine-Center-696x702.webp 696w, https:\/\/www.eldiario.net\/portal\/wp-content\/uploads\/2025\/08\/Team-Andes-Films-Cine-Center-1068x1078.webp 1068w, https:\/\/www.eldiario.net\/portal\/wp-content\/uploads\/2025\/08\/Team-Andes-Films-Cine-Center.webp 1200w\" sizes=\"(max-width: 416px) 100vw, 416px\" alt=\"\">\r\n                            <\/a>\r\n                            <figcaption class = \"td-slide-caption td-gallery-slide-content\"><div class = \"td-gallery-slide-copywrite\">TEAM ANDES FILMS - CINE CENTER.<\/div><\/figcaption>\r\n                        <\/figure>\r\n                    <\/div>\r\n                    <div class = \"td-slide-item td-item2\">\r\n                        <figure class=\"td-slide-galery-figure td-slide-popup-gallery\">\r\n                            <a class=\"slide-gallery-image-link\" href=\"https:\/\/www.eldiario.net\/portal\/wp-content\/uploads\/2025\/08\/Yesi-Tomelic-y-Daniela-Teodovich.webp\" title=\"Yesi-Tomel\u00edc-y-Daniela-Teodovich\"  data-caption=\"YESI TOMEL\u00cdC Y DANIELA TEODOVICH.\"  data-description=\"\">\r\n                                <img decoding=\"async\" src=\"https:\/\/www.eldiario.net\/portal\/wp-content\/uploads\/2025\/08\/Yesi-Tomelic-y-Daniela-Teodovich-416x420.webp\" srcset=\"https:\/\/www.eldiario.net\/portal\/wp-content\/uploads\/2025\/08\/Yesi-Tomelic-y-Daniela-Teodovich-416x420.webp 416w, https:\/\/www.eldiario.net\/portal\/wp-content\/uploads\/2025\/08\/Yesi-Tomelic-y-Daniela-Teodovich-297x300.webp 297w, https:\/\/www.eldiario.net\/portal\/wp-content\/uploads\/2025\/08\/Yesi-Tomelic-y-Daniela-Teodovich-1015x1024.webp 1015w, https:\/\/www.eldiario.net\/portal\/wp-content\/uploads\/2025\/08\/Yesi-Tomelic-y-Daniela-Teodovich-150x151.webp 150w, https:\/\/www.eldiario.net\/portal\/wp-content\/uploads\/2025\/08\/Yesi-Tomelic-y-Daniela-Teodovich-768x775.webp 768w, https:\/\/www.eldiario.net\/portal\/wp-content\/uploads\/2025\/08\/Yesi-Tomelic-y-Daniela-Teodovich-300x303.webp 300w, https:\/\/www.eldiario.net\/portal\/wp-content\/uploads\/2025\/08\/Yesi-Tomelic-y-Daniela-Teodovich-696x702.webp 696w, https:\/\/www.eldiario.net\/portal\/wp-content\/uploads\/2025\/08\/Yesi-Tomelic-y-Daniela-Teodovich-1068x1078.webp 1068w, https:\/\/www.eldiario.net\/portal\/wp-content\/uploads\/2025\/08\/Yesi-Tomelic-y-Daniela-Teodovich.webp 1200w\" sizes=\"(max-width: 416px) 100vw, 416px\" alt=\"\">\r\n                            <\/a>\r\n                            <figcaption class = \"td-slide-caption td-gallery-slide-content\"><div class = \"td-gallery-slide-copywrite\">YESI TOMEL\u00cdC Y DANIELA TEODOVICH.<\/div><\/figcaption>\r\n                        <\/figure>\r\n                    <\/div>\r\n                    <div class = \"td-slide-item td-item3\">\r\n                        <figure class=\"td-slide-galery-figure td-slide-popup-gallery\">\r\n                            <a class=\"slide-gallery-image-link\" href=\"https:\/\/www.eldiario.net\/portal\/wp-content\/uploads\/2025\/08\/Darling-Heredia-Jessy-Taborga-Maria-Jose-Pazmino-y-Claudia-Cespedes.webp\" title=\"Darling-Heredia,-Jessy-Taborga,-Mar\u00eda-Jos\u00e9-Pazmi\u00f1o-y-Claudia-C\u00e9spedes\"  data-caption=\"DARLING HEREDIA, JESSY TABORGA, MAR\u00cdA JOS\u00c9 PAZMI\u00d1O Y CLAUDIA C\u00c9SPEDEs.\"  data-description=\"\">\r\n                                <img decoding=\"async\" src=\"https:\/\/www.eldiario.net\/portal\/wp-content\/uploads\/2025\/08\/Darling-Heredia-Jessy-Taborga-Maria-Jose-Pazmino-y-Claudia-Cespedes-440x420.webp\" srcset=\"https:\/\/www.eldiario.net\/portal\/wp-content\/uploads\/2025\/08\/Darling-Heredia-Jessy-Taborga-Maria-Jose-Pazmino-y-Claudia-Cespedes-440x420.webp 440w, https:\/\/www.eldiario.net\/portal\/wp-content\/uploads\/2025\/08\/Darling-Heredia-Jessy-Taborga-Maria-Jose-Pazmino-y-Claudia-Cespedes-300x286.webp 300w, https:\/\/www.eldiario.net\/portal\/wp-content\/uploads\/2025\/08\/Darling-Heredia-Jessy-Taborga-Maria-Jose-Pazmino-y-Claudia-Cespedes-1024x977.webp 1024w, https:\/\/www.eldiario.net\/portal\/wp-content\/uploads\/2025\/08\/Darling-Heredia-Jessy-Taborga-Maria-Jose-Pazmino-y-Claudia-Cespedes-768x733.webp 768w, https:\/\/www.eldiario.net\/portal\/wp-content\/uploads\/2025\/08\/Darling-Heredia-Jessy-Taborga-Maria-Jose-Pazmino-y-Claudia-Cespedes-150x143.webp 150w, https:\/\/www.eldiario.net\/portal\/wp-content\/uploads\/2025\/08\/Darling-Heredia-Jessy-Taborga-Maria-Jose-Pazmino-y-Claudia-Cespedes-696x664.webp 696w, https:\/\/www.eldiario.net\/portal\/wp-content\/uploads\/2025\/08\/Darling-Heredia-Jessy-Taborga-Maria-Jose-Pazmino-y-Claudia-Cespedes-1068x1019.webp 1068w, https:\/\/www.eldiario.net\/portal\/wp-content\/uploads\/2025\/08\/Darling-Heredia-Jessy-Taborga-Maria-Jose-Pazmino-y-Claudia-Cespedes.webp 1200w\" sizes=\"(max-width: 440px) 100vw, 440px\" alt=\"\">\r\n                            <\/a>\r\n                            <figcaption class = \"td-slide-caption td-gallery-slide-content\"><div class = \"td-gallery-slide-copywrite\">DARLING HEREDIA, JESSY TABORGA, MAR\u00cdA JOS\u00c9 PAZMI\u00d1O Y CLAUDIA C\u00c9SPEDEs.<\/div><\/figcaption>\r\n                        <\/figure>\r\n                    <\/div>\r\n                    <div class = \"td-slide-item td-item4\">\r\n                        <figure class=\"td-slide-galery-figure td-slide-popup-gallery\">\r\n                            <a class=\"slide-gallery-image-link\" href=\"https:\/\/www.eldiario.net\/portal\/wp-content\/uploads\/2025\/08\/Miguel-Angel-Ortiz-y-Cesar-Daza.webp\" title=\"Miguel-\u00c1ngel-Ortiz-y-C\u00e9sar-Daza\"  data-caption=\"MIGUEL \u00c1NGEL ORTIZ Y C\u00c9SAR DAZA.\"  data-description=\"\">\r\n                                <img decoding=\"async\" src=\"https:\/\/www.eldiario.net\/portal\/wp-content\/uploads\/2025\/08\/Miguel-Angel-Ortiz-y-Cesar-Daza-398x420.webp\" srcset=\"https:\/\/www.eldiario.net\/portal\/wp-content\/uploads\/2025\/08\/Miguel-Angel-Ortiz-y-Cesar-Daza-398x420.webp 398w, https:\/\/www.eldiario.net\/portal\/wp-content\/uploads\/2025\/08\/Miguel-Angel-Ortiz-y-Cesar-Daza-284x300.webp 284w, https:\/\/www.eldiario.net\/portal\/wp-content\/uploads\/2025\/08\/Miguel-Angel-Ortiz-y-Cesar-Daza-970x1024.webp 970w, https:\/\/www.eldiario.net\/portal\/wp-content\/uploads\/2025\/08\/Miguel-Angel-Ortiz-y-Cesar-Daza-768x811.webp 768w, https:\/\/www.eldiario.net\/portal\/wp-content\/uploads\/2025\/08\/Miguel-Angel-Ortiz-y-Cesar-Daza-150x158.webp 150w, https:\/\/www.eldiario.net\/portal\/wp-content\/uploads\/2025\/08\/Miguel-Angel-Ortiz-y-Cesar-Daza-300x317.webp 300w, https:\/\/www.eldiario.net\/portal\/wp-content\/uploads\/2025\/08\/Miguel-Angel-Ortiz-y-Cesar-Daza-696x735.webp 696w, https:\/\/www.eldiario.net\/portal\/wp-content\/uploads\/2025\/08\/Miguel-Angel-Ortiz-y-Cesar-Daza-1068x1128.webp 1068w, https:\/\/www.eldiario.net\/portal\/wp-content\/uploads\/2025\/08\/Miguel-Angel-Ortiz-y-Cesar-Daza.webp 1200w\" sizes=\"(max-width: 398px) 100vw, 398px\" alt=\"\">\r\n                            <\/a>\r\n                            <figcaption class = \"td-slide-caption td-gallery-slide-content\"><div class = \"td-gallery-slide-copywrite\">MIGUEL \u00c1NGEL ORTIZ Y C\u00c9SAR DAZA.<\/div><\/figcaption>\r\n                        <\/figure>\r\n                    <\/div>\r\n                    <div class = \"td-slide-item td-item5\">\r\n                        <figure class=\"td-slide-galery-figure td-slide-popup-gallery\">\r\n                            <a class=\"slide-gallery-image-link\" href=\"https:\/\/www.eldiario.net\/portal\/wp-content\/uploads\/2025\/08\/Mischa-Heywood-Michael-Philippou-Sally-Anne-Upton-Sora-Wong-y-Danny-Philippou.webp\" title=\"Mischa-Heywood,-Michael-Philippou,-Sally-Anne-Upton,-Sora-Wong-y-Danny-Philippou\"  data-caption=\"MISCHA HEYWOOD, MICHAEL PHILIPPOU, SALLY-ANNE UPTON, SORA WONG Y DANNY PHILIPPOU.\"  data-description=\"\">\r\n                                <img decoding=\"async\" src=\"https:\/\/www.eldiario.net\/portal\/wp-content\/uploads\/2025\/08\/Mischa-Heywood-Michael-Philippou-Sally-Anne-Upton-Sora-Wong-y-Danny-Philippou-336x420.webp\" srcset=\"https:\/\/www.eldiario.net\/portal\/wp-content\/uploads\/2025\/08\/Mischa-Heywood-Michael-Philippou-Sally-Anne-Upton-Sora-Wong-y-Danny-Philippou-336x420.webp 336w, https:\/\/www.eldiario.net\/portal\/wp-content\/uploads\/2025\/08\/Mischa-Heywood-Michael-Philippou-Sally-Anne-Upton-Sora-Wong-y-Danny-Philippou-240x300.webp 240w, https:\/\/www.eldiario.net\/portal\/wp-content\/uploads\/2025\/08\/Mischa-Heywood-Michael-Philippou-Sally-Anne-Upton-Sora-Wong-y-Danny-Philippou-819x1024.webp 819w, https:\/\/www.eldiario.net\/portal\/wp-content\/uploads\/2025\/08\/Mischa-Heywood-Michael-Philippou-Sally-Anne-Upton-Sora-Wong-y-Danny-Philippou-768x960.webp 768w, https:\/\/www.eldiario.net\/portal\/wp-content\/uploads\/2025\/08\/Mischa-Heywood-Michael-Philippou-Sally-Anne-Upton-Sora-Wong-y-Danny-Philippou-150x188.webp 150w, https:\/\/www.eldiario.net\/portal\/wp-content\/uploads\/2025\/08\/Mischa-Heywood-Michael-Philippou-Sally-Anne-Upton-Sora-Wong-y-Danny-Philippou-300x375.webp 300w, https:\/\/www.eldiario.net\/portal\/wp-content\/uploads\/2025\/08\/Mischa-Heywood-Michael-Philippou-Sally-Anne-Upton-Sora-Wong-y-Danny-Philippou-696x870.webp 696w, https:\/\/www.eldiario.net\/portal\/wp-content\/uploads\/2025\/08\/Mischa-Heywood-Michael-Philippou-Sally-Anne-Upton-Sora-Wong-y-Danny-Philippou.webp 976w\" sizes=\"(max-width: 336px) 100vw, 336px\" alt=\"\">\r\n                            <\/a>\r\n                            <figcaption class = \"td-slide-caption td-gallery-slide-content\"><div class = \"td-gallery-slide-copywrite\">MISCHA HEYWOOD, MICHAEL PHILIPPOU, SALLY-ANNE UPTON, SORA WONG Y DANNY PHILIPPOU.<\/div><\/figcaption>\r\n                        <\/figure>\r\n                    <\/div>\r\n                            <\/div>\r\n                        <\/div>\r\n\r\n                        <div class = \"td-doubleSlider-2\">\r\n                            <div class = \"td-slider\">\r\n                                \r\n                    <div class = \"td-button td-item1\">\r\n                        <div class = \"td-border\"><\/div>\r\n                    <\/div>\r\n                    <div class = \"td-button td-item2\">\r\n                        <div class = \"td-border\"><\/div>\r\n                    <\/div>\r\n                    <div class = \"td-button td-item3\">\r\n                        <div class = \"td-border\"><\/div>\r\n                    <\/div>\r\n                    <div class = \"td-button td-item4\">\r\n                        <div class = \"td-border\"><\/div>\r\n                    <\/div>\r\n                    <div class = \"td-button td-item5\">\r\n                        <div class = \"td-border\"><\/div>\r\n                    <\/div>\r\n                            <\/div>\r\n                        <\/div>\r\n\r\n                    <\/div>\r\n\r\n                <\/div>\r\n                \n","protected":false},"excerpt":{"rendered":"<p>La adrenalina y el suspenso se apoderaron de las salas de cine en La Paz y Santa Cruz con la esperada avant premier de la pel\u00edcula \u00abHaz que Regrese\u00bb (Bring Her Back). La nueva propuesta de los aclamados cineastas Danny y Michael Philippou, el d\u00fao detr\u00e1s del \u00e9xito de terror \u00abH\u00e1blame\u00bb, lleg\u00f3 a Cine Center [&hellip;]<\/p>\n","protected":false},"author":1,"featured_media":328017,"comment_status":"closed","ping_status":"open","sticky":false,"template":"","format":"standard","meta":{"_acf_changed":false,"footnotes":""},"categories":[40],"tags":[],"class_list":["post-328016","post","type-post","status-publish","format-standard","has-post-thumbnail","category-sociales"],"acf":{"antetitulo":""},"yoast_head":"<!-- This site is optimized with the Yoast SEO plugin v28.4 - https:\/\/yoast.com\/product\/yoast-seo-wordpress\/ -->\n<title>&quot;Haz que Regrese&quot;, la nueva joya del terror psicol\u00f3gico - El Diario - Bolivia<\/title>\n<meta name=\"robots\" content=\"index, follow, max-snippet:-1, max-image-preview:large, max-video-preview:-1\" \/>\n<link rel=\"canonical\" href=\"https:\/\/www.eldiario.net\/portal\/2025\/09\/01\/haz-que-regrese-la-nueva-joya-del-terror-psicologico\/\" \/>\n<meta property=\"og:locale\" content=\"es_ES\" \/>\n<meta property=\"og:type\" content=\"article\" \/>\n<meta property=\"og:title\" content=\"&quot;Haz que Regrese&quot;, la nueva joya del terror psicol\u00f3gico - El Diario - Bolivia\" \/>\n<meta property=\"og:description\" content=\"La adrenalina y el suspenso se apoderaron de las salas de cine en La Paz y Santa Cruz con la esperada avant premier de la pel\u00edcula \u00abHaz que Regrese\u00bb (Bring Her Back). La nueva propuesta de los aclamados cineastas Danny y Michael Philippou, el d\u00fao detr\u00e1s del \u00e9xito de terror \u00abH\u00e1blame\u00bb, lleg\u00f3 a Cine Center [&hellip;]\" \/>\n<meta property=\"og:url\" content=\"https:\/\/www.eldiario.net\/portal\/2025\/09\/01\/haz-que-regrese-la-nueva-joya-del-terror-psicologico\/\" \/>\n<meta property=\"og:site_name\" content=\"El Diario - Bolivia\" \/>\n<meta property=\"article:publisher\" content=\"https:\/\/www.facebook.com\/eldiario.bolivia\/\" \/>\n<meta property=\"article:published_time\" content=\"2025-09-01T05:02:23+00:00\" \/>\n<meta property=\"og:image\" content=\"https:\/\/www.eldiario.net\/portal\/wp-content\/uploads\/2025\/08\/Team-Andes-Films-Cine-Center.webp\" \/>\n\t<meta property=\"og:image:width\" content=\"1200\" \/>\n\t<meta property=\"og:image:height\" content=\"1211\" \/>\n\t<meta property=\"og:image:type\" content=\"image\/webp\" \/>\n<meta name=\"author\" content=\"Jeanette\" \/>\n<meta name=\"twitter:card\" content=\"summary_large_image\" \/>\n<meta name=\"twitter:creator\" content=\"@eldiario_net\" \/>\n<meta name=\"twitter:site\" content=\"@eldiario_net\" \/>\n<meta name=\"twitter:label1\" content=\"Escrito por\" \/>\n\t<meta name=\"twitter:data1\" content=\"Jeanette\" \/>\n\t<meta name=\"twitter:label2\" content=\"Tiempo de lectura\" \/>\n\t<meta name=\"twitter:data2\" content=\"2 minutos\" \/>\n<script type=\"application\/ld+json\" class=\"yoast-schema-graph\">{\"@context\":\"https:\\\/\\\/schema.org\",\"@graph\":[{\"@type\":\"Article\",\"@id\":\"https:\\\/\\\/www.eldiario.net\\\/portal\\\/2025\\\/09\\\/01\\\/haz-que-regrese-la-nueva-joya-del-terror-psicologico\\\/#article\",\"isPartOf\":{\"@id\":\"https:\\\/\\\/www.eldiario.net\\\/portal\\\/2025\\\/09\\\/01\\\/haz-que-regrese-la-nueva-joya-del-terror-psicologico\\\/\"},\"author\":{\"name\":\"Jeanette\",\"@id\":\"https:\\\/\\\/www.eldiario.net\\\/portal\\\/#\\\/schema\\\/person\\\/2c57cf2b7a7ae032e449e4c9b1019eac\"},\"headline\":\"\u00abHaz que Regrese\u00bb, la nueva joya del terror psicol\u00f3gico\",\"datePublished\":\"2025-09-01T05:02:23+00:00\",\"mainEntityOfPage\":{\"@id\":\"https:\\\/\\\/www.eldiario.net\\\/portal\\\/2025\\\/09\\\/01\\\/haz-que-regrese-la-nueva-joya-del-terror-psicologico\\\/\"},\"wordCount\":254,\"publisher\":{\"@id\":\"https:\\\/\\\/www.eldiario.net\\\/portal\\\/#organization\"},\"image\":{\"@id\":\"https:\\\/\\\/www.eldiario.net\\\/portal\\\/2025\\\/09\\\/01\\\/haz-que-regrese-la-nueva-joya-del-terror-psicologico\\\/#primaryimage\"},\"thumbnailUrl\":\"https:\\\/\\\/www.eldiario.net\\\/portal\\\/wp-content\\\/uploads\\\/2025\\\/08\\\/Team-Andes-Films-Cine-Center.webp\",\"articleSection\":[\"Sociales\"],\"inLanguage\":\"es\"},{\"@type\":\"WebPage\",\"@id\":\"https:\\\/\\\/www.eldiario.net\\\/portal\\\/2025\\\/09\\\/01\\\/haz-que-regrese-la-nueva-joya-del-terror-psicologico\\\/\",\"url\":\"https:\\\/\\\/www.eldiario.net\\\/portal\\\/2025\\\/09\\\/01\\\/haz-que-regrese-la-nueva-joya-del-terror-psicologico\\\/\",\"name\":\"\\\"Haz que Regrese\\\", la nueva joya del terror psicol\u00f3gico - El Diario - Bolivia\",\"isPartOf\":{\"@id\":\"https:\\\/\\\/www.eldiario.net\\\/portal\\\/#website\"},\"primaryImageOfPage\":{\"@id\":\"https:\\\/\\\/www.eldiario.net\\\/portal\\\/2025\\\/09\\\/01\\\/haz-que-regrese-la-nueva-joya-del-terror-psicologico\\\/#primaryimage\"},\"image\":{\"@id\":\"https:\\\/\\\/www.eldiario.net\\\/portal\\\/2025\\\/09\\\/01\\\/haz-que-regrese-la-nueva-joya-del-terror-psicologico\\\/#primaryimage\"},\"thumbnailUrl\":\"https:\\\/\\\/www.eldiario.net\\\/portal\\\/wp-content\\\/uploads\\\/2025\\\/08\\\/Team-Andes-Films-Cine-Center.webp\",\"datePublished\":\"2025-09-01T05:02:23+00:00\",\"breadcrumb\":{\"@id\":\"https:\\\/\\\/www.eldiario.net\\\/portal\\\/2025\\\/09\\\/01\\\/haz-que-regrese-la-nueva-joya-del-terror-psicologico\\\/#breadcrumb\"},\"inLanguage\":\"es\",\"potentialAction\":[{\"@type\":\"ReadAction\",\"target\":[\"https:\\\/\\\/www.eldiario.net\\\/portal\\\/2025\\\/09\\\/01\\\/haz-que-regrese-la-nueva-joya-del-terror-psicologico\\\/\"]}]},{\"@type\":\"ImageObject\",\"inLanguage\":\"es\",\"@id\":\"https:\\\/\\\/www.eldiario.net\\\/portal\\\/2025\\\/09\\\/01\\\/haz-que-regrese-la-nueva-joya-del-terror-psicologico\\\/#primaryimage\",\"url\":\"https:\\\/\\\/www.eldiario.net\\\/portal\\\/wp-content\\\/uploads\\\/2025\\\/08\\\/Team-Andes-Films-Cine-Center.webp\",\"contentUrl\":\"https:\\\/\\\/www.eldiario.net\\\/portal\\\/wp-content\\\/uploads\\\/2025\\\/08\\\/Team-Andes-Films-Cine-Center.webp\",\"width\":1200,\"height\":1211,\"caption\":\"TEAM ANDES FILMS - CINE CENTER.\"},{\"@type\":\"BreadcrumbList\",\"@id\":\"https:\\\/\\\/www.eldiario.net\\\/portal\\\/2025\\\/09\\\/01\\\/haz-que-regrese-la-nueva-joya-del-terror-psicologico\\\/#breadcrumb\",\"itemListElement\":[{\"@type\":\"ListItem\",\"position\":1,\"name\":\"Portada\",\"item\":\"https:\\\/\\\/www.eldiario.net\\\/portal\\\/\"},{\"@type\":\"ListItem\",\"position\":2,\"name\":\"\u00abHaz que Regrese\u00bb, la nueva joya del terror psicol\u00f3gico\"}]},{\"@type\":\"WebSite\",\"@id\":\"https:\\\/\\\/www.eldiario.net\\\/portal\\\/#website\",\"url\":\"https:\\\/\\\/www.eldiario.net\\\/portal\\\/\",\"name\":\"El Diario - Decano de la prensa nacional\",\"description\":\"El Diario - Decano de la prensa nacional\",\"publisher\":{\"@id\":\"https:\\\/\\\/www.eldiario.net\\\/portal\\\/#organization\"},\"potentialAction\":[{\"@type\":\"SearchAction\",\"target\":{\"@type\":\"EntryPoint\",\"urlTemplate\":\"https:\\\/\\\/www.eldiario.net\\\/portal\\\/?s={search_term_string}\"},\"query-input\":{\"@type\":\"PropertyValueSpecification\",\"valueRequired\":true,\"valueName\":\"search_term_string\"}}],\"inLanguage\":\"es\"},{\"@type\":\"Organization\",\"@id\":\"https:\\\/\\\/www.eldiario.net\\\/portal\\\/#organization\",\"name\":\"El Diario - Decano de la prensa nacional\",\"url\":\"https:\\\/\\\/www.eldiario.net\\\/portal\\\/\",\"logo\":{\"@type\":\"ImageObject\",\"inLanguage\":\"es\",\"@id\":\"https:\\\/\\\/www.eldiario.net\\\/portal\\\/#\\\/schema\\\/logo\\\/image\\\/\",\"url\":\"https:\\\/\\\/www.eldiario.net\\\/portal\\\/wp-content\\\/uploads\\\/2023\\\/07\\\/logo_ED.jpg\",\"contentUrl\":\"https:\\\/\\\/www.eldiario.net\\\/portal\\\/wp-content\\\/uploads\\\/2023\\\/07\\\/logo_ED.jpg\",\"width\":272,\"height\":52,\"caption\":\"El Diario - Decano de la prensa nacional\"},\"image\":{\"@id\":\"https:\\\/\\\/www.eldiario.net\\\/portal\\\/#\\\/schema\\\/logo\\\/image\\\/\"},\"sameAs\":[\"https:\\\/\\\/www.facebook.com\\\/eldiario.bolivia\\\/\",\"https:\\\/\\\/x.com\\\/eldiario_net\"]},{\"@type\":\"Person\",\"@id\":\"https:\\\/\\\/www.eldiario.net\\\/portal\\\/#\\\/schema\\\/person\\\/2c57cf2b7a7ae032e449e4c9b1019eac\",\"name\":\"Jeanette\",\"image\":{\"@type\":\"ImageObject\",\"inLanguage\":\"es\",\"@id\":\"https:\\\/\\\/secure.gravatar.com\\\/avatar\\\/3ea2118a5f7dad2b7138b1187a6b7ee55f160b9968b66013c3a3ef39dd7e5798?s=96&d=mm&r=g\",\"url\":\"https:\\\/\\\/secure.gravatar.com\\\/avatar\\\/3ea2118a5f7dad2b7138b1187a6b7ee55f160b9968b66013c3a3ef39dd7e5798?s=96&d=mm&r=g\",\"contentUrl\":\"https:\\\/\\\/secure.gravatar.com\\\/avatar\\\/3ea2118a5f7dad2b7138b1187a6b7ee55f160b9968b66013c3a3ef39dd7e5798?s=96&d=mm&r=g\",\"caption\":\"Jeanette\"},\"sameAs\":[\"https:\\\/\\\/www.eldiario.net\\\/portal\"],\"url\":\"https:\\\/\\\/www.eldiario.net\\\/portal\\\/author\\\/jeanette\\\/\"}]}<\/script>\n<!-- \/ Yoast SEO plugin. -->","yoast_head_json":{"title":"\"Haz que Regrese\", la nueva joya del terror psicol\u00f3gico - El Diario - Bolivia","robots":{"index":"index","follow":"follow","max-snippet":"max-snippet:-1","max-image-preview":"max-image-preview:large","max-video-preview":"max-video-preview:-1"},"canonical":"https:\/\/www.eldiario.net\/portal\/2025\/09\/01\/haz-que-regrese-la-nueva-joya-del-terror-psicologico\/","og_locale":"es_ES","og_type":"article","og_title":"\"Haz que Regrese\", la nueva joya del terror psicol\u00f3gico - El Diario - Bolivia","og_description":"La adrenalina y el suspenso se apoderaron de las salas de cine en La Paz y Santa Cruz con la esperada avant premier de la pel\u00edcula \u00abHaz que Regrese\u00bb (Bring Her Back). La nueva propuesta de los aclamados cineastas Danny y Michael Philippou, el d\u00fao detr\u00e1s del \u00e9xito de terror \u00abH\u00e1blame\u00bb, lleg\u00f3 a Cine Center [&hellip;]","og_url":"https:\/\/www.eldiario.net\/portal\/2025\/09\/01\/haz-que-regrese-la-nueva-joya-del-terror-psicologico\/","og_site_name":"El Diario - Bolivia","article_publisher":"https:\/\/www.facebook.com\/eldiario.bolivia\/","article_published_time":"2025-09-01T05:02:23+00:00","og_image":[{"width":1200,"height":1211,"url":"https:\/\/www.eldiario.net\/portal\/wp-content\/uploads\/2025\/08\/Team-Andes-Films-Cine-Center.webp","type":"image\/webp"}],"author":"Jeanette","twitter_card":"summary_large_image","twitter_creator":"@eldiario_net","twitter_site":"@eldiario_net","twitter_misc":{"Escrito por":"Jeanette","Tiempo de lectura":"2 minutos"},"schema":{"@context":"https:\/\/schema.org","@graph":[{"@type":"Article","@id":"https:\/\/www.eldiario.net\/portal\/2025\/09\/01\/haz-que-regrese-la-nueva-joya-del-terror-psicologico\/#article","isPartOf":{"@id":"https:\/\/www.eldiario.net\/portal\/2025\/09\/01\/haz-que-regrese-la-nueva-joya-del-terror-psicologico\/"},"author":{"name":"Jeanette","@id":"https:\/\/www.eldiario.net\/portal\/#\/schema\/person\/2c57cf2b7a7ae032e449e4c9b1019eac"},"headline":"\u00abHaz que Regrese\u00bb, la nueva joya del terror psicol\u00f3gico","datePublished":"2025-09-01T05:02:23+00:00","mainEntityOfPage":{"@id":"https:\/\/www.eldiario.net\/portal\/2025\/09\/01\/haz-que-regrese-la-nueva-joya-del-terror-psicologico\/"},"wordCount":254,"publisher":{"@id":"https:\/\/www.eldiario.net\/portal\/#organization"},"image":{"@id":"https:\/\/www.eldiario.net\/portal\/2025\/09\/01\/haz-que-regrese-la-nueva-joya-del-terror-psicologico\/#primaryimage"},"thumbnailUrl":"https:\/\/www.eldiario.net\/portal\/wp-content\/uploads\/2025\/08\/Team-Andes-Films-Cine-Center.webp","articleSection":["Sociales"],"inLanguage":"es"},{"@type":"WebPage","@id":"https:\/\/www.eldiario.net\/portal\/2025\/09\/01\/haz-que-regrese-la-nueva-joya-del-terror-psicologico\/","url":"https:\/\/www.eldiario.net\/portal\/2025\/09\/01\/haz-que-regrese-la-nueva-joya-del-terror-psicologico\/","name":"\"Haz que Regrese\", la nueva joya del terror psicol\u00f3gico - El Diario - Bolivia","isPartOf":{"@id":"https:\/\/www.eldiario.net\/portal\/#website"},"primaryImageOfPage":{"@id":"https:\/\/www.eldiario.net\/portal\/2025\/09\/01\/haz-que-regrese-la-nueva-joya-del-terror-psicologico\/#primaryimage"},"image":{"@id":"https:\/\/www.eldiario.net\/portal\/2025\/09\/01\/haz-que-regrese-la-nueva-joya-del-terror-psicologico\/#primaryimage"},"thumbnailUrl":"https:\/\/www.eldiario.net\/portal\/wp-content\/uploads\/2025\/08\/Team-Andes-Films-Cine-Center.webp","datePublished":"2025-09-01T05:02:23+00:00","breadcrumb":{"@id":"https:\/\/www.eldiario.net\/portal\/2025\/09\/01\/haz-que-regrese-la-nueva-joya-del-terror-psicologico\/#breadcrumb"},"inLanguage":"es","potentialAction":[{"@type":"ReadAction","target":["https:\/\/www.eldiario.net\/portal\/2025\/09\/01\/haz-que-regrese-la-nueva-joya-del-terror-psicologico\/"]}]},{"@type":"ImageObject","inLanguage":"es","@id":"https:\/\/www.eldiario.net\/portal\/2025\/09\/01\/haz-que-regrese-la-nueva-joya-del-terror-psicologico\/#primaryimage","url":"https:\/\/www.eldiario.net\/portal\/wp-content\/uploads\/2025\/08\/Team-Andes-Films-Cine-Center.webp","contentUrl":"https:\/\/www.eldiario.net\/portal\/wp-content\/uploads\/2025\/08\/Team-Andes-Films-Cine-Center.webp","width":1200,"height":1211,"caption":"TEAM ANDES FILMS - CINE CENTER."},{"@type":"BreadcrumbList","@id":"https:\/\/www.eldiario.net\/portal\/2025\/09\/01\/haz-que-regrese-la-nueva-joya-del-terror-psicologico\/#breadcrumb","itemListElement":[{"@type":"ListItem","position":1,"name":"Portada","item":"https:\/\/www.eldiario.net\/portal\/"},{"@type":"ListItem","position":2,"name":"\u00abHaz que Regrese\u00bb, la nueva joya del terror psicol\u00f3gico"}]},{"@type":"WebSite","@id":"https:\/\/www.eldiario.net\/portal\/#website","url":"https:\/\/www.eldiario.net\/portal\/","name":"El Diario - Decano de la prensa nacional","description":"El Diario - Decano de la prensa nacional","publisher":{"@id":"https:\/\/www.eldiario.net\/portal\/#organization"},"potentialAction":[{"@type":"SearchAction","target":{"@type":"EntryPoint","urlTemplate":"https:\/\/www.eldiario.net\/portal\/?s={search_term_string}"},"query-input":{"@type":"PropertyValueSpecification","valueRequired":true,"valueName":"search_term_string"}}],"inLanguage":"es"},{"@type":"Organization","@id":"https:\/\/www.eldiario.net\/portal\/#organization","name":"El Diario - Decano de la prensa nacional","url":"https:\/\/www.eldiario.net\/portal\/","logo":{"@type":"ImageObject","inLanguage":"es","@id":"https:\/\/www.eldiario.net\/portal\/#\/schema\/logo\/image\/","url":"https:\/\/www.eldiario.net\/portal\/wp-content\/uploads\/2023\/07\/logo_ED.jpg","contentUrl":"https:\/\/www.eldiario.net\/portal\/wp-content\/uploads\/2023\/07\/logo_ED.jpg","width":272,"height":52,"caption":"El Diario - Decano de la prensa nacional"},"image":{"@id":"https:\/\/www.eldiario.net\/portal\/#\/schema\/logo\/image\/"},"sameAs":["https:\/\/www.facebook.com\/eldiario.bolivia\/","https:\/\/x.com\/eldiario_net"]},{"@type":"Person","@id":"https:\/\/www.eldiario.net\/portal\/#\/schema\/person\/2c57cf2b7a7ae032e449e4c9b1019eac","name":"Jeanette","image":{"@type":"ImageObject","inLanguage":"es","@id":"https:\/\/secure.gravatar.com\/avatar\/3ea2118a5f7dad2b7138b1187a6b7ee55f160b9968b66013c3a3ef39dd7e5798?s=96&d=mm&r=g","url":"https:\/\/secure.gravatar.com\/avatar\/3ea2118a5f7dad2b7138b1187a6b7ee55f160b9968b66013c3a3ef39dd7e5798?s=96&d=mm&r=g","contentUrl":"https:\/\/secure.gravatar.com\/avatar\/3ea2118a5f7dad2b7138b1187a6b7ee55f160b9968b66013c3a3ef39dd7e5798?s=96&d=mm&r=g","caption":"Jeanette"},"sameAs":["https:\/\/www.eldiario.net\/portal"],"url":"https:\/\/www.eldiario.net\/portal\/author\/jeanette\/"}]}},"_links":{"self":[{"href":"https:\/\/www.eldiario.net\/portal\/wp-json\/wp\/v2\/posts\/328016","targetHints":{"allow":["GET"]}}],"collection":[{"href":"https:\/\/www.eldiario.net\/portal\/wp-json\/wp\/v2\/posts"}],"about":[{"href":"https:\/\/www.eldiario.net\/portal\/wp-json\/wp\/v2\/types\/post"}],"author":[{"embeddable":true,"href":"https:\/\/www.eldiario.net\/portal\/wp-json\/wp\/v2\/users\/1"}],"replies":[{"embeddable":true,"href":"https:\/\/www.eldiario.net\/portal\/wp-json\/wp\/v2\/comments?post=328016"}],"version-history":[{"count":1,"href":"https:\/\/www.eldiario.net\/portal\/wp-json\/wp\/v2\/posts\/328016\/revisions"}],"predecessor-version":[{"id":328022,"href":"https:\/\/www.eldiario.net\/portal\/wp-json\/wp\/v2\/posts\/328016\/revisions\/328022"}],"wp:featuredmedia":[{"embeddable":true,"href":"https:\/\/www.eldiario.net\/portal\/wp-json\/wp\/v2\/media\/328017"}],"wp:attachment":[{"href":"https:\/\/www.eldiario.net\/portal\/wp-json\/wp\/v2\/media?parent=328016"}],"wp:term":[{"taxonomy":"category","embeddable":true,"href":"https:\/\/www.eldiario.net\/portal\/wp-json\/wp\/v2\/categories?post=328016"},{"taxonomy":"post_tag","embeddable":true,"href":"https:\/\/www.eldiario.net\/portal\/wp-json\/wp\/v2\/tags?post=328016"}],"curies":[{"name":"wp","href":"https:\/\/api.w.org\/{rel}","templated":true}]}}