{"id":328009,"date":"2025-09-01T00:55:07","date_gmt":"2025-09-01T04:55:07","guid":{"rendered":"https:\/\/www.eldiario.net\/portal\/?p=328009"},"modified":"2025-08-31T21:57:12","modified_gmt":"2025-09-01T01:57:12","slug":"korma-quiere-llegar-a-los-latin-grammy","status":"publish","type":"post","link":"https:\/\/www.eldiario.net\/portal\/2025\/09\/01\/korma-quiere-llegar-a-los-latin-grammy\/","title":{"rendered":"Korma quiere llegar  a los Latin Grammy"},"content":{"rendered":"<p>Korma es un joven talento emergente, de 22 a\u00f1os, franco boliviano, becado y graduado como productor e ingeniero de sonido de la Universidad de Berklee College of Music.<\/p>\n<p>Desde sus 8 a\u00f1os toca acorde\u00f3n, piano y charango. Su innato \u00edmpetu para la m\u00fasica lo llev\u00f3 a estudiar desde corta edad en el Conservatorio de M\u00fasica de la ciudad de La Paz y, gracias a su determinaci\u00f3n y pasi\u00f3n por la m\u00fasica, cumpli\u00f3 el sue\u00f1o de proseguir sus estudios en una de las mejores universidades de m\u00fasica del mundo.<\/p>\n<p>Durante sus a\u00f1os de estudios en Berklee, Korma trabaj\u00f3 como ingeniero de sonido en eventos de reconocidos artistas, como Chucho Vald\u00e9s, Isaac Delgado y Samara Joy, entre otros. Tambi\u00e9n colabor\u00f3 con artistas internacionales de renombre, produciendo, mixeando y masterizando diversos \u00e1lbumes para artistas como Omarito y Diego Herrera. Paralelamente particip\u00f3 en el Festival Ecuador Jazz en Quito, tocando charango con el grupo Yahuar Kedi, viaj\u00f3 a Per\u00fa con el saxofonista Diego Herrera e hizo varias presentaciones en Boston como tecladista con el grupo The William Thomas Orchestra.<\/p>\n<p>En la actualidad radica en Estados Unidos (Miami), donde es parte del equipo del reconocido productor y artista Tony Succar, llevando en alto el talento boliviano.<\/p>\n<p>La Gu\u00eda del peri\u00f3dico EL DIARIO de Bolivia convers\u00f3 con \u00e9l y esto fue lo que nos dijo.<\/p>\n<p><strong>LG: <\/strong><strong>\u00bfQu\u00e9 te motiv\u00f3 a ser productor e ingeniero de sonido?<\/strong><\/p>\n<p>K: Uno al ser expuesto a la industria musical, se da cuenta que hay una variedad de roles en la creaci\u00f3n de una canci\u00f3n o \u00e1lbum. Al descubrir el rol del ingeniero de sonido y productor, me qued\u00e9 fascinado. Siempre tuve inter\u00e9s por el sonido, los micr\u00f3fonos y ese proceso de creaci\u00f3n detr\u00e1s de un tema. Me encanta colaborar con otros artistas, escuchar su propuesta musical, analizarla juntos y llevar su voz al pr\u00f3ximo nivel. El productor es parte del proceso de creaci\u00f3n, es como un gu\u00eda para el artista para que sus ideas resuenen en sus canciones.<\/p>\n<p><strong>LG: \u00bfQu\u00e9 signific\u00f3 para ti graduarte en la Universidad de Berklee?<\/strong><\/p>\n<p>K: Uno de mis mayores logros hasta el momento. Fueron 4 a\u00f1os de intenso trabajo acompa\u00f1ado de los m\u00fasicos m\u00e1s talentosos. Las conexiones que hice en ese lugar son lo m\u00e1s valioso que me llevo junto a la experiencia.<\/p>\n<p><strong>LG: \u00bfCu\u00e1l es el trabajo de un productor y de un ingeniero de sonido?<\/strong><\/p>\n<p>K: El productor es un gu\u00eda para el artista e intenta entender la visi\u00f3n de los compositores. Trae ideas, m\u00fasicos y arreglistas para dar vida a esas composiciones. El ingeniero de sonido va m\u00e1s por el lado t\u00e9cnico. Sabe de micr\u00f3fonos, se\u00f1ales, operar consolas de sonido y entiende c\u00f3mo funcionan las frecuencias sonoras de los instrumentos y las salas, para captar la mejor calidad sonora posible.<\/p>\n<p><strong>LG: \u00bfQu\u00e9 tipo de productor musical y de ingeniero de sonido eres?<\/strong><\/p>\n<p>K: Eficiente. Los artistas con los que trabaj\u00e9, se fueron satisfechos por mi eficiencia. Me defino m\u00e1s por el lado t\u00e9cnico, y me gusta que las cosas se hagan de manera eficaz. Si se pierde tiempo por problemas t\u00e9cnicos o que el productor no entiende la idea del artista, se puede perder la inspiraci\u00f3n o la energ\u00eda que uno tiene para crear una canci\u00f3n. Por eso para m\u00ed es muy importante estar al ritmo en el que trabaja el artista para encajar con \u00e9l y asegurarme de que siempre est\u00e9 c\u00f3modo.<\/p>\n<p><strong>LG: \u00bfQu\u00e9 tal la experiencia de colaborar con Chucho Vald\u00e9s, Isaac Delgado, Samara Joy, Omarito y Diego Herrera?<\/strong><\/p>\n<p>K: Coincid\u00ed con Chucho, Isaac y Samara Joy por trabajar conciertos en vivo y es con quien aprend\u00ed m\u00e1s, y mejor\u00e9 como ingeniero de sonido. Al trabajar con artistas tan grandes en la industria, uno tiene que cumplir con ciertos est\u00e1ndares. Esos artistas me exigieron estar a mi 200% y aun as\u00ed mejorar, para que se puedan ir felices. Ellos est\u00e1n acostumbrados a trabajar con los mejores del mundo, as\u00ed que su experiencia me aport\u00f3 much\u00edsimo.<\/p>\n<p>Con Diego y Omar fueron diferentes ambientes porque ellos antes que clientes son amigos que hice en Berklee. Trabajar con ellos fue un proceso mucho m\u00e1s creativo y aprendimos juntos. Son artistas con una creatividad incre\u00edble y un futuro brillante en la m\u00fasica. Estar en sus proyectos desde sus inicios significa mucho para m\u00ed.<\/p>\n<p><strong>LG: \u00bfEn qu\u00e9 g\u00e9nero musical te desenvuelves mejor?<\/strong><\/p>\n<p>K: En Berklee uno llega a trabajar con tanta gente, que termina trabajando m\u00faltiples estilos de m\u00fasica, desde rock, latin, jazz, hasta country y m\u00e1s. A pesar de eso, el estilo en el que me especializo y trabajo m\u00e1s profundo es el Latin y sus variantes. Me encanta la riqueza r\u00edtmica de la m\u00fasica latina, desde lo tropical o algo m\u00e1s andino. Cada pa\u00eds tiene ritmos y estilos muy complejos. Me encanta tomar esa riqueza y fusionarla con un estilo m\u00e1s urbano, m\u00e1s moderno, y as\u00ed que lleguen a un p\u00fablico m\u00e1s amplio. Unos artistas que me inspiran mucho son Ca7riel y Paco Amoroso, Rusowski, C. Tangana.<\/p>\n<p><strong>LG: \u00bfQu\u00e9 tal tu trabajo con Tony Succar?<\/strong><\/p>\n<p>K: Trabajar con Tony no tiene precio. Estar en la misma sala con un artista que lleva la m\u00fasica latina a lo m\u00e1s alto es incre\u00edble. Estoy aprendiendo much\u00edsimo de su \u00e9tica de trabajo, su visi\u00f3n sobre la m\u00fasica y c\u00f3mo lleva cada proyecto. Cada d\u00eda aprendo m\u00e1s de no solo ser artista, como mover las cosas en toda la industria.<\/p>\n<p><strong>LG: \u00bfQu\u00e9 est\u00e1s haciendo actualmente?<\/strong><\/p>\n<p>K: Me estoy dedicando mucho m\u00e1s a ayudar sobre los proyectos de Tony. Al mismo tiempo trabajo en unas producciones y contenidos que saldr\u00e1n m\u00e1s tarde.<\/p>\n<p><strong>LG: \u00bfQu\u00e9 te has propuesto con tu trabajo?<\/strong><\/p>\n<p>K: En unos a\u00f1os me puse el reto de llegar a los Latin Grammy. La meta es clara, sacar por lo menos una nominaci\u00f3n y as\u00ed seguir creciendo para llegar a la meta final, y tener mi propia productora.<\/p>\n<p><strong>LG: \u00bfQu\u00e9 le prometes a Bolivia?<\/strong><\/p>\n<p>K: Bolivia significa mucho para m\u00ed, es una de mis culturas y es un pa\u00eds que me vio crecer. Veo una gran cantidad de artistas emergentes en Bolivia y quiero contribuir al crecimiento de la industria musical boliviana. Quiero apoyar artistas bolivianos a crecer en la industria y llevar el producto nacional a los prestigiosos premios Grammy.<\/p>\n<p><strong>DE PERFIL<\/strong><\/p>\n<p>Korma Guti\u00e9rrez Lamarque naci\u00f3 el 16 de julio de 2003 en Langon, Francia.<\/p>\n<p><strong>LG: \u00bfCu\u00e1l es tu mayor sue\u00f1o profesional?<\/strong><\/p>\n<p>K: Dir\u00eda que por el momento llegar a ganar un Grammy o Latin Grammy, pero honestamente siempre tengo un nuevo sue\u00f1o y aspiro a m\u00e1s. Cada d\u00eda hay nuevos proyectos que llegan a mi vida, y los sue\u00f1os siempre se hacen m\u00e1s grandes.<\/p>\n<p><strong>LG: \u00bfDeseas agregar algo?<\/strong><\/p>\n<p>K: Quiero invitar a todos los artistas bolivianos a seguir trabajando en sus proyectos, a seguir creyendo y aprendiendo. La m\u00fasica es como cualquier otra disciplina, si uno no para de trabajarla, buscando la constante mejora, al final termina dando sus frutos.<\/p>\n<p>Y para los que quieran trabajar conmigo y llevar su m\u00fasica al pr\u00f3ximo nivel, me pueden contactar por mail: kormag.music@gmail.com o por instagram @korma.music<\/p>\n\r\n                <style type=\"text\/css\">\r\n                    \r\n                    #tdi_1  .td-doubleSlider-2 .td-item1 {\r\n                        background: url(https:\/\/www.eldiario.net\/portal\/wp-content\/uploads\/2025\/08\/5-1-2-80x60.webp) 0 0 no-repeat;\r\n                    }\r\n                    #tdi_1  .td-doubleSlider-2 .td-item2 {\r\n                        background: url(https:\/\/www.eldiario.net\/portal\/wp-content\/uploads\/2025\/08\/1-PRINCIPAL-12-80x60.webp) 0 0 no-repeat;\r\n                    }\r\n                    #tdi_1  .td-doubleSlider-2 .td-item3 {\r\n                        background: url(https:\/\/www.eldiario.net\/portal\/wp-content\/uploads\/2025\/08\/2-1-2-80x60.webp) 0 0 no-repeat;\r\n                    }\r\n                    #tdi_1  .td-doubleSlider-2 .td-item4 {\r\n                        background: url(https:\/\/www.eldiario.net\/portal\/wp-content\/uploads\/2025\/08\/3-1-2-80x60.webp) 0 0 no-repeat;\r\n                    }\r\n                    #tdi_1  .td-doubleSlider-2 .td-item5 {\r\n                        background: url(https:\/\/www.eldiario.net\/portal\/wp-content\/uploads\/2025\/08\/4-1-2-80x60.webp) 0 0 no-repeat;\r\n                    }\r\n                <\/style>\r\n\r\n                <div id=\"tdi_1\" class=\"td-gallery td-slide-on-2-columns\">\r\n                    <div class=\"post_td_gallery\">\r\n                        <div class=\"td-gallery-slide-top\">\r\n                           <div class=\"td-gallery-title\"><\/div>\r\n\r\n                            <div class=\"td-gallery-controls-wrapper\">\r\n                                <div class=\"td-gallery-slide-count\"><span class=\"td-gallery-slide-item-focus\">1<\/span> de 5<\/div>\r\n                                <div class=\"td-gallery-slide-prev-next-but\">\r\n                                    <i class = \"td-icon-left doubleSliderPrevButton\"><\/i>\r\n                                    <i class = \"td-icon-right doubleSliderNextButton\"><\/i>\r\n                                <\/div>\r\n                            <\/div>\r\n                        <\/div>\r\n\r\n                        <div class = \"td-doubleSlider-1 \">\r\n                            <div class = \"td-slider\">\r\n                                \r\n                    <div class = \"td-slide-item td-item1\">\r\n                        <figure class=\"td-slide-galery-figure td-slide-popup-gallery\">\r\n                            <a class=\"slide-gallery-image-link\" href=\"https:\/\/www.eldiario.net\/portal\/wp-content\/uploads\/2025\/08\/5-1-2.webp\" title=\"5-\"  data-caption=\"\"  data-description=\"\">\r\n                                <img decoding=\"async\" src=\"https:\/\/www.eldiario.net\/portal\/wp-content\/uploads\/2025\/08\/5-1-2-340x420.webp\" srcset=\"https:\/\/www.eldiario.net\/portal\/wp-content\/uploads\/2025\/08\/5-1-2-340x420.webp 340w, https:\/\/www.eldiario.net\/portal\/wp-content\/uploads\/2025\/08\/5-1-2-243x300.webp 243w, https:\/\/www.eldiario.net\/portal\/wp-content\/uploads\/2025\/08\/5-1-2-828x1024.webp 828w, https:\/\/www.eldiario.net\/portal\/wp-content\/uploads\/2025\/08\/5-1-2-768x950.webp 768w, https:\/\/www.eldiario.net\/portal\/wp-content\/uploads\/2025\/08\/5-1-2-150x186.webp 150w, https:\/\/www.eldiario.net\/portal\/wp-content\/uploads\/2025\/08\/5-1-2-300x371.webp 300w, https:\/\/www.eldiario.net\/portal\/wp-content\/uploads\/2025\/08\/5-1-2-324x400.webp 324w, https:\/\/www.eldiario.net\/portal\/wp-content\/uploads\/2025\/08\/5-1-2-696x861.webp 696w, https:\/\/www.eldiario.net\/portal\/wp-content\/uploads\/2025\/08\/5-1-2-1068x1321.webp 1068w, https:\/\/www.eldiario.net\/portal\/wp-content\/uploads\/2025\/08\/5-1-2.webp 1080w\" sizes=\"(max-width: 340px) 100vw, 340px\" alt=\"\">\r\n                            <\/a>\r\n                            \r\n                        <\/figure>\r\n                    <\/div>\r\n                    <div class = \"td-slide-item td-item2\">\r\n                        <figure class=\"td-slide-galery-figure td-slide-popup-gallery\">\r\n                            <a class=\"slide-gallery-image-link\" href=\"https:\/\/www.eldiario.net\/portal\/wp-content\/uploads\/2025\/08\/1-PRINCIPAL-12.webp\" title=\"1-PRINCIPAL\"  data-caption=\"\"  data-description=\"\">\r\n                                <img decoding=\"async\" src=\"https:\/\/www.eldiario.net\/portal\/wp-content\/uploads\/2025\/08\/1-PRINCIPAL-12-346x420.webp\" srcset=\"https:\/\/www.eldiario.net\/portal\/wp-content\/uploads\/2025\/08\/1-PRINCIPAL-12-346x420.webp 346w, https:\/\/www.eldiario.net\/portal\/wp-content\/uploads\/2025\/08\/1-PRINCIPAL-12-247x300.webp 247w, https:\/\/www.eldiario.net\/portal\/wp-content\/uploads\/2025\/08\/1-PRINCIPAL-12-844x1024.webp 844w, https:\/\/www.eldiario.net\/portal\/wp-content\/uploads\/2025\/08\/1-PRINCIPAL-12-768x932.webp 768w, https:\/\/www.eldiario.net\/portal\/wp-content\/uploads\/2025\/08\/1-PRINCIPAL-12-150x182.webp 150w, https:\/\/www.eldiario.net\/portal\/wp-content\/uploads\/2025\/08\/1-PRINCIPAL-12-300x364.webp 300w, https:\/\/www.eldiario.net\/portal\/wp-content\/uploads\/2025\/08\/1-PRINCIPAL-12-696x844.webp 696w, https:\/\/www.eldiario.net\/portal\/wp-content\/uploads\/2025\/08\/1-PRINCIPAL-12-1068x1295.webp 1068w, https:\/\/www.eldiario.net\/portal\/wp-content\/uploads\/2025\/08\/1-PRINCIPAL-12.webp 1080w\" sizes=\"(max-width: 346px) 100vw, 346px\" alt=\"\">\r\n                            <\/a>\r\n                            \r\n                        <\/figure>\r\n                    <\/div>\r\n                    <div class = \"td-slide-item td-item3\">\r\n                        <figure class=\"td-slide-galery-figure td-slide-popup-gallery\">\r\n                            <a class=\"slide-gallery-image-link\" href=\"https:\/\/www.eldiario.net\/portal\/wp-content\/uploads\/2025\/08\/2-1-2.webp\" title=\"2-\"  data-caption=\"\"  data-description=\"\">\r\n                                <img decoding=\"async\" src=\"https:\/\/www.eldiario.net\/portal\/wp-content\/uploads\/2025\/08\/2-1-2-280x420.webp\" srcset=\"https:\/\/www.eldiario.net\/portal\/wp-content\/uploads\/2025\/08\/2-1-2-280x420.webp 280w, https:\/\/www.eldiario.net\/portal\/wp-content\/uploads\/2025\/08\/2-1-2-200x300.webp 200w, https:\/\/www.eldiario.net\/portal\/wp-content\/uploads\/2025\/08\/2-1-2-683x1024.webp 683w, https:\/\/www.eldiario.net\/portal\/wp-content\/uploads\/2025\/08\/2-1-2-768x1152.webp 768w, https:\/\/www.eldiario.net\/portal\/wp-content\/uploads\/2025\/08\/2-1-2-1024x1536.webp 1024w, https:\/\/www.eldiario.net\/portal\/wp-content\/uploads\/2025\/08\/2-1-2-150x225.webp 150w, https:\/\/www.eldiario.net\/portal\/wp-content\/uploads\/2025\/08\/2-1-2-300x450.webp 300w, https:\/\/www.eldiario.net\/portal\/wp-content\/uploads\/2025\/08\/2-1-2-696x1044.webp 696w, https:\/\/www.eldiario.net\/portal\/wp-content\/uploads\/2025\/08\/2-1-2-1068x1602.webp 1068w, https:\/\/www.eldiario.net\/portal\/wp-content\/uploads\/2025\/08\/2-1-2.webp 1200w\" sizes=\"(max-width: 280px) 100vw, 280px\" alt=\"\">\r\n                            <\/a>\r\n                            \r\n                        <\/figure>\r\n                    <\/div>\r\n                    <div class = \"td-slide-item td-item4\">\r\n                        <figure class=\"td-slide-galery-figure td-slide-popup-gallery\">\r\n                            <a class=\"slide-gallery-image-link\" href=\"https:\/\/www.eldiario.net\/portal\/wp-content\/uploads\/2025\/08\/3-1-2.webp\" title=\"3-\"  data-caption=\"\"  data-description=\"\">\r\n                                <img decoding=\"async\" src=\"https:\/\/www.eldiario.net\/portal\/wp-content\/uploads\/2025\/08\/3-1-2-361x420.webp\" srcset=\"https:\/\/www.eldiario.net\/portal\/wp-content\/uploads\/2025\/08\/3-1-2-361x420.webp 361w, https:\/\/www.eldiario.net\/portal\/wp-content\/uploads\/2025\/08\/3-1-2-258x300.webp 258w, https:\/\/www.eldiario.net\/portal\/wp-content\/uploads\/2025\/08\/3-1-2-150x175.webp 150w, https:\/\/www.eldiario.net\/portal\/wp-content\/uploads\/2025\/08\/3-1-2-300x349.webp 300w, https:\/\/www.eldiario.net\/portal\/wp-content\/uploads\/2025\/08\/3-1-2.webp 540w\" sizes=\"(max-width: 361px) 100vw, 361px\" alt=\"\">\r\n                            <\/a>\r\n                            \r\n                        <\/figure>\r\n                    <\/div>\r\n                    <div class = \"td-slide-item td-item5\">\r\n                        <figure class=\"td-slide-galery-figure td-slide-popup-gallery\">\r\n                            <a class=\"slide-gallery-image-link\" href=\"https:\/\/www.eldiario.net\/portal\/wp-content\/uploads\/2025\/08\/4-1-2.webp\" title=\"4-\"  data-caption=\"\"  data-description=\"\">\r\n                                <img decoding=\"async\" src=\"https:\/\/www.eldiario.net\/portal\/wp-content\/uploads\/2025\/08\/4-1-2-795x420.webp\" srcset=\"https:\/\/www.eldiario.net\/portal\/wp-content\/uploads\/2025\/08\/4-1-2-795x420.webp 795w, https:\/\/www.eldiario.net\/portal\/wp-content\/uploads\/2025\/08\/4-1-2-300x158.webp 300w, https:\/\/www.eldiario.net\/portal\/wp-content\/uploads\/2025\/08\/4-1-2-768x406.webp 768w, https:\/\/www.eldiario.net\/portal\/wp-content\/uploads\/2025\/08\/4-1-2-150x79.webp 150w, https:\/\/www.eldiario.net\/portal\/wp-content\/uploads\/2025\/08\/4-1-2-696x368.webp 696w, https:\/\/www.eldiario.net\/portal\/wp-content\/uploads\/2025\/08\/4-1-2.webp 939w\" sizes=\"(max-width: 795px) 100vw, 795px\" alt=\"\">\r\n                            <\/a>\r\n                            \r\n                        <\/figure>\r\n                    <\/div>\r\n                            <\/div>\r\n                        <\/div>\r\n\r\n                        <div class = \"td-doubleSlider-2\">\r\n                            <div class = \"td-slider\">\r\n                                \r\n                    <div class = \"td-button td-item1\">\r\n                        <div class = \"td-border\"><\/div>\r\n                    <\/div>\r\n                    <div class = \"td-button td-item2\">\r\n                        <div class = \"td-border\"><\/div>\r\n                    <\/div>\r\n                    <div class = \"td-button td-item3\">\r\n                        <div class = \"td-border\"><\/div>\r\n                    <\/div>\r\n                    <div class = \"td-button td-item4\">\r\n                        <div class = \"td-border\"><\/div>\r\n                    <\/div>\r\n                    <div class = \"td-button td-item5\">\r\n                        <div class = \"td-border\"><\/div>\r\n                    <\/div>\r\n                            <\/div>\r\n                        <\/div>\r\n\r\n                    <\/div>\r\n\r\n                <\/div>\r\n                \n<p>&nbsp;<\/p>\n","protected":false},"excerpt":{"rendered":"<p>Korma es un joven talento emergente, de 22 a\u00f1os, franco boliviano, becado y graduado como productor e ingeniero de sonido de la Universidad de Berklee College of Music. Desde sus 8 a\u00f1os toca acorde\u00f3n, piano y charango. Su innato \u00edmpetu para la m\u00fasica lo llev\u00f3 a estudiar desde corta edad en el Conservatorio de M\u00fasica [&hellip;]<\/p>\n","protected":false},"author":1,"featured_media":328011,"comment_status":"closed","ping_status":"open","sticky":false,"template":"","format":"standard","meta":{"_acf_changed":false,"footnotes":""},"categories":[41],"tags":[],"class_list":["post-328009","post","type-post","status-publish","format-standard","has-post-thumbnail","category-la-guia"],"acf":{"antetitulo":""},"yoast_head":"<!-- This site is optimized with the Yoast SEO plugin v28.4 - https:\/\/yoast.com\/product\/yoast-seo-wordpress\/ -->\n<title>Korma quiere llegar a los Latin Grammy - El Diario - Bolivia<\/title>\n<meta name=\"robots\" content=\"index, follow, max-snippet:-1, max-image-preview:large, max-video-preview:-1\" \/>\n<link rel=\"canonical\" href=\"https:\/\/www.eldiario.net\/portal\/2025\/09\/01\/korma-quiere-llegar-a-los-latin-grammy\/\" \/>\n<meta property=\"og:locale\" content=\"es_ES\" \/>\n<meta property=\"og:type\" content=\"article\" \/>\n<meta property=\"og:title\" content=\"Korma quiere llegar a los Latin Grammy - El Diario - Bolivia\" \/>\n<meta property=\"og:description\" content=\"Korma es un joven talento emergente, de 22 a\u00f1os, franco boliviano, becado y graduado como productor e ingeniero de sonido de la Universidad de Berklee College of Music. Desde sus 8 a\u00f1os toca acorde\u00f3n, piano y charango. Su innato \u00edmpetu para la m\u00fasica lo llev\u00f3 a estudiar desde corta edad en el Conservatorio de M\u00fasica [&hellip;]\" \/>\n<meta property=\"og:url\" content=\"https:\/\/www.eldiario.net\/portal\/2025\/09\/01\/korma-quiere-llegar-a-los-latin-grammy\/\" \/>\n<meta property=\"og:site_name\" content=\"El Diario - Bolivia\" \/>\n<meta property=\"article:publisher\" content=\"https:\/\/www.facebook.com\/eldiario.bolivia\/\" \/>\n<meta property=\"article:published_time\" content=\"2025-09-01T04:55:07+00:00\" \/>\n<meta property=\"og:image\" content=\"https:\/\/www.eldiario.net\/portal\/wp-content\/uploads\/2025\/08\/1-PRINCIPAL-12.webp\" \/>\n\t<meta property=\"og:image:width\" content=\"1080\" \/>\n\t<meta property=\"og:image:height\" content=\"1310\" \/>\n\t<meta property=\"og:image:type\" content=\"image\/webp\" \/>\n<meta name=\"author\" content=\"Jeanette\" \/>\n<meta name=\"twitter:card\" content=\"summary_large_image\" \/>\n<meta name=\"twitter:creator\" content=\"@eldiario_net\" \/>\n<meta name=\"twitter:site\" content=\"@eldiario_net\" \/>\n<meta name=\"twitter:label1\" content=\"Escrito por\" \/>\n\t<meta name=\"twitter:data1\" content=\"Jeanette\" \/>\n\t<meta name=\"twitter:label2\" content=\"Tiempo de lectura\" \/>\n\t<meta name=\"twitter:data2\" content=\"6 minutos\" \/>\n<script type=\"application\/ld+json\" class=\"yoast-schema-graph\">{\"@context\":\"https:\\\/\\\/schema.org\",\"@graph\":[{\"@type\":\"Article\",\"@id\":\"https:\\\/\\\/www.eldiario.net\\\/portal\\\/2025\\\/09\\\/01\\\/korma-quiere-llegar-a-los-latin-grammy\\\/#article\",\"isPartOf\":{\"@id\":\"https:\\\/\\\/www.eldiario.net\\\/portal\\\/2025\\\/09\\\/01\\\/korma-quiere-llegar-a-los-latin-grammy\\\/\"},\"author\":{\"name\":\"Jeanette\",\"@id\":\"https:\\\/\\\/www.eldiario.net\\\/portal\\\/#\\\/schema\\\/person\\\/2c57cf2b7a7ae032e449e4c9b1019eac\"},\"headline\":\"Korma quiere llegar a los Latin Grammy\",\"datePublished\":\"2025-09-01T04:55:07+00:00\",\"mainEntityOfPage\":{\"@id\":\"https:\\\/\\\/www.eldiario.net\\\/portal\\\/2025\\\/09\\\/01\\\/korma-quiere-llegar-a-los-latin-grammy\\\/\"},\"wordCount\":1279,\"publisher\":{\"@id\":\"https:\\\/\\\/www.eldiario.net\\\/portal\\\/#organization\"},\"image\":{\"@id\":\"https:\\\/\\\/www.eldiario.net\\\/portal\\\/2025\\\/09\\\/01\\\/korma-quiere-llegar-a-los-latin-grammy\\\/#primaryimage\"},\"thumbnailUrl\":\"https:\\\/\\\/www.eldiario.net\\\/portal\\\/wp-content\\\/uploads\\\/2025\\\/08\\\/1-PRINCIPAL-12.webp\",\"articleSection\":[\"La Gu\u00eda\"],\"inLanguage\":\"es\"},{\"@type\":\"WebPage\",\"@id\":\"https:\\\/\\\/www.eldiario.net\\\/portal\\\/2025\\\/09\\\/01\\\/korma-quiere-llegar-a-los-latin-grammy\\\/\",\"url\":\"https:\\\/\\\/www.eldiario.net\\\/portal\\\/2025\\\/09\\\/01\\\/korma-quiere-llegar-a-los-latin-grammy\\\/\",\"name\":\"Korma quiere llegar a los Latin Grammy - El Diario - Bolivia\",\"isPartOf\":{\"@id\":\"https:\\\/\\\/www.eldiario.net\\\/portal\\\/#website\"},\"primaryImageOfPage\":{\"@id\":\"https:\\\/\\\/www.eldiario.net\\\/portal\\\/2025\\\/09\\\/01\\\/korma-quiere-llegar-a-los-latin-grammy\\\/#primaryimage\"},\"image\":{\"@id\":\"https:\\\/\\\/www.eldiario.net\\\/portal\\\/2025\\\/09\\\/01\\\/korma-quiere-llegar-a-los-latin-grammy\\\/#primaryimage\"},\"thumbnailUrl\":\"https:\\\/\\\/www.eldiario.net\\\/portal\\\/wp-content\\\/uploads\\\/2025\\\/08\\\/1-PRINCIPAL-12.webp\",\"datePublished\":\"2025-09-01T04:55:07+00:00\",\"breadcrumb\":{\"@id\":\"https:\\\/\\\/www.eldiario.net\\\/portal\\\/2025\\\/09\\\/01\\\/korma-quiere-llegar-a-los-latin-grammy\\\/#breadcrumb\"},\"inLanguage\":\"es\",\"potentialAction\":[{\"@type\":\"ReadAction\",\"target\":[\"https:\\\/\\\/www.eldiario.net\\\/portal\\\/2025\\\/09\\\/01\\\/korma-quiere-llegar-a-los-latin-grammy\\\/\"]}]},{\"@type\":\"ImageObject\",\"inLanguage\":\"es\",\"@id\":\"https:\\\/\\\/www.eldiario.net\\\/portal\\\/2025\\\/09\\\/01\\\/korma-quiere-llegar-a-los-latin-grammy\\\/#primaryimage\",\"url\":\"https:\\\/\\\/www.eldiario.net\\\/portal\\\/wp-content\\\/uploads\\\/2025\\\/08\\\/1-PRINCIPAL-12.webp\",\"contentUrl\":\"https:\\\/\\\/www.eldiario.net\\\/portal\\\/wp-content\\\/uploads\\\/2025\\\/08\\\/1-PRINCIPAL-12.webp\",\"width\":1080,\"height\":1310},{\"@type\":\"BreadcrumbList\",\"@id\":\"https:\\\/\\\/www.eldiario.net\\\/portal\\\/2025\\\/09\\\/01\\\/korma-quiere-llegar-a-los-latin-grammy\\\/#breadcrumb\",\"itemListElement\":[{\"@type\":\"ListItem\",\"position\":1,\"name\":\"Portada\",\"item\":\"https:\\\/\\\/www.eldiario.net\\\/portal\\\/\"},{\"@type\":\"ListItem\",\"position\":2,\"name\":\"Korma quiere llegar a los Latin Grammy\"}]},{\"@type\":\"WebSite\",\"@id\":\"https:\\\/\\\/www.eldiario.net\\\/portal\\\/#website\",\"url\":\"https:\\\/\\\/www.eldiario.net\\\/portal\\\/\",\"name\":\"El Diario - Decano de la prensa nacional\",\"description\":\"El Diario - Decano de la prensa nacional\",\"publisher\":{\"@id\":\"https:\\\/\\\/www.eldiario.net\\\/portal\\\/#organization\"},\"potentialAction\":[{\"@type\":\"SearchAction\",\"target\":{\"@type\":\"EntryPoint\",\"urlTemplate\":\"https:\\\/\\\/www.eldiario.net\\\/portal\\\/?s={search_term_string}\"},\"query-input\":{\"@type\":\"PropertyValueSpecification\",\"valueRequired\":true,\"valueName\":\"search_term_string\"}}],\"inLanguage\":\"es\"},{\"@type\":\"Organization\",\"@id\":\"https:\\\/\\\/www.eldiario.net\\\/portal\\\/#organization\",\"name\":\"El Diario - Decano de la prensa nacional\",\"url\":\"https:\\\/\\\/www.eldiario.net\\\/portal\\\/\",\"logo\":{\"@type\":\"ImageObject\",\"inLanguage\":\"es\",\"@id\":\"https:\\\/\\\/www.eldiario.net\\\/portal\\\/#\\\/schema\\\/logo\\\/image\\\/\",\"url\":\"https:\\\/\\\/www.eldiario.net\\\/portal\\\/wp-content\\\/uploads\\\/2023\\\/07\\\/logo_ED.jpg\",\"contentUrl\":\"https:\\\/\\\/www.eldiario.net\\\/portal\\\/wp-content\\\/uploads\\\/2023\\\/07\\\/logo_ED.jpg\",\"width\":272,\"height\":52,\"caption\":\"El Diario - Decano de la prensa nacional\"},\"image\":{\"@id\":\"https:\\\/\\\/www.eldiario.net\\\/portal\\\/#\\\/schema\\\/logo\\\/image\\\/\"},\"sameAs\":[\"https:\\\/\\\/www.facebook.com\\\/eldiario.bolivia\\\/\",\"https:\\\/\\\/x.com\\\/eldiario_net\"]},{\"@type\":\"Person\",\"@id\":\"https:\\\/\\\/www.eldiario.net\\\/portal\\\/#\\\/schema\\\/person\\\/2c57cf2b7a7ae032e449e4c9b1019eac\",\"name\":\"Jeanette\",\"image\":{\"@type\":\"ImageObject\",\"inLanguage\":\"es\",\"@id\":\"https:\\\/\\\/secure.gravatar.com\\\/avatar\\\/3ea2118a5f7dad2b7138b1187a6b7ee55f160b9968b66013c3a3ef39dd7e5798?s=96&d=mm&r=g\",\"url\":\"https:\\\/\\\/secure.gravatar.com\\\/avatar\\\/3ea2118a5f7dad2b7138b1187a6b7ee55f160b9968b66013c3a3ef39dd7e5798?s=96&d=mm&r=g\",\"contentUrl\":\"https:\\\/\\\/secure.gravatar.com\\\/avatar\\\/3ea2118a5f7dad2b7138b1187a6b7ee55f160b9968b66013c3a3ef39dd7e5798?s=96&d=mm&r=g\",\"caption\":\"Jeanette\"},\"sameAs\":[\"https:\\\/\\\/www.eldiario.net\\\/portal\"],\"url\":\"https:\\\/\\\/www.eldiario.net\\\/portal\\\/author\\\/jeanette\\\/\"}]}<\/script>\n<!-- \/ Yoast SEO plugin. -->","yoast_head_json":{"title":"Korma quiere llegar a los Latin Grammy - El Diario - Bolivia","robots":{"index":"index","follow":"follow","max-snippet":"max-snippet:-1","max-image-preview":"max-image-preview:large","max-video-preview":"max-video-preview:-1"},"canonical":"https:\/\/www.eldiario.net\/portal\/2025\/09\/01\/korma-quiere-llegar-a-los-latin-grammy\/","og_locale":"es_ES","og_type":"article","og_title":"Korma quiere llegar a los Latin Grammy - El Diario - Bolivia","og_description":"Korma es un joven talento emergente, de 22 a\u00f1os, franco boliviano, becado y graduado como productor e ingeniero de sonido de la Universidad de Berklee College of Music. Desde sus 8 a\u00f1os toca acorde\u00f3n, piano y charango. Su innato \u00edmpetu para la m\u00fasica lo llev\u00f3 a estudiar desde corta edad en el Conservatorio de M\u00fasica [&hellip;]","og_url":"https:\/\/www.eldiario.net\/portal\/2025\/09\/01\/korma-quiere-llegar-a-los-latin-grammy\/","og_site_name":"El Diario - Bolivia","article_publisher":"https:\/\/www.facebook.com\/eldiario.bolivia\/","article_published_time":"2025-09-01T04:55:07+00:00","og_image":[{"width":1080,"height":1310,"url":"https:\/\/www.eldiario.net\/portal\/wp-content\/uploads\/2025\/08\/1-PRINCIPAL-12.webp","type":"image\/webp"}],"author":"Jeanette","twitter_card":"summary_large_image","twitter_creator":"@eldiario_net","twitter_site":"@eldiario_net","twitter_misc":{"Escrito por":"Jeanette","Tiempo de lectura":"6 minutos"},"schema":{"@context":"https:\/\/schema.org","@graph":[{"@type":"Article","@id":"https:\/\/www.eldiario.net\/portal\/2025\/09\/01\/korma-quiere-llegar-a-los-latin-grammy\/#article","isPartOf":{"@id":"https:\/\/www.eldiario.net\/portal\/2025\/09\/01\/korma-quiere-llegar-a-los-latin-grammy\/"},"author":{"name":"Jeanette","@id":"https:\/\/www.eldiario.net\/portal\/#\/schema\/person\/2c57cf2b7a7ae032e449e4c9b1019eac"},"headline":"Korma quiere llegar a los Latin Grammy","datePublished":"2025-09-01T04:55:07+00:00","mainEntityOfPage":{"@id":"https:\/\/www.eldiario.net\/portal\/2025\/09\/01\/korma-quiere-llegar-a-los-latin-grammy\/"},"wordCount":1279,"publisher":{"@id":"https:\/\/www.eldiario.net\/portal\/#organization"},"image":{"@id":"https:\/\/www.eldiario.net\/portal\/2025\/09\/01\/korma-quiere-llegar-a-los-latin-grammy\/#primaryimage"},"thumbnailUrl":"https:\/\/www.eldiario.net\/portal\/wp-content\/uploads\/2025\/08\/1-PRINCIPAL-12.webp","articleSection":["La Gu\u00eda"],"inLanguage":"es"},{"@type":"WebPage","@id":"https:\/\/www.eldiario.net\/portal\/2025\/09\/01\/korma-quiere-llegar-a-los-latin-grammy\/","url":"https:\/\/www.eldiario.net\/portal\/2025\/09\/01\/korma-quiere-llegar-a-los-latin-grammy\/","name":"Korma quiere llegar a los Latin Grammy - El Diario - Bolivia","isPartOf":{"@id":"https:\/\/www.eldiario.net\/portal\/#website"},"primaryImageOfPage":{"@id":"https:\/\/www.eldiario.net\/portal\/2025\/09\/01\/korma-quiere-llegar-a-los-latin-grammy\/#primaryimage"},"image":{"@id":"https:\/\/www.eldiario.net\/portal\/2025\/09\/01\/korma-quiere-llegar-a-los-latin-grammy\/#primaryimage"},"thumbnailUrl":"https:\/\/www.eldiario.net\/portal\/wp-content\/uploads\/2025\/08\/1-PRINCIPAL-12.webp","datePublished":"2025-09-01T04:55:07+00:00","breadcrumb":{"@id":"https:\/\/www.eldiario.net\/portal\/2025\/09\/01\/korma-quiere-llegar-a-los-latin-grammy\/#breadcrumb"},"inLanguage":"es","potentialAction":[{"@type":"ReadAction","target":["https:\/\/www.eldiario.net\/portal\/2025\/09\/01\/korma-quiere-llegar-a-los-latin-grammy\/"]}]},{"@type":"ImageObject","inLanguage":"es","@id":"https:\/\/www.eldiario.net\/portal\/2025\/09\/01\/korma-quiere-llegar-a-los-latin-grammy\/#primaryimage","url":"https:\/\/www.eldiario.net\/portal\/wp-content\/uploads\/2025\/08\/1-PRINCIPAL-12.webp","contentUrl":"https:\/\/www.eldiario.net\/portal\/wp-content\/uploads\/2025\/08\/1-PRINCIPAL-12.webp","width":1080,"height":1310},{"@type":"BreadcrumbList","@id":"https:\/\/www.eldiario.net\/portal\/2025\/09\/01\/korma-quiere-llegar-a-los-latin-grammy\/#breadcrumb","itemListElement":[{"@type":"ListItem","position":1,"name":"Portada","item":"https:\/\/www.eldiario.net\/portal\/"},{"@type":"ListItem","position":2,"name":"Korma quiere llegar a los Latin Grammy"}]},{"@type":"WebSite","@id":"https:\/\/www.eldiario.net\/portal\/#website","url":"https:\/\/www.eldiario.net\/portal\/","name":"El Diario - Decano de la prensa nacional","description":"El Diario - Decano de la prensa nacional","publisher":{"@id":"https:\/\/www.eldiario.net\/portal\/#organization"},"potentialAction":[{"@type":"SearchAction","target":{"@type":"EntryPoint","urlTemplate":"https:\/\/www.eldiario.net\/portal\/?s={search_term_string}"},"query-input":{"@type":"PropertyValueSpecification","valueRequired":true,"valueName":"search_term_string"}}],"inLanguage":"es"},{"@type":"Organization","@id":"https:\/\/www.eldiario.net\/portal\/#organization","name":"El Diario - Decano de la prensa nacional","url":"https:\/\/www.eldiario.net\/portal\/","logo":{"@type":"ImageObject","inLanguage":"es","@id":"https:\/\/www.eldiario.net\/portal\/#\/schema\/logo\/image\/","url":"https:\/\/www.eldiario.net\/portal\/wp-content\/uploads\/2023\/07\/logo_ED.jpg","contentUrl":"https:\/\/www.eldiario.net\/portal\/wp-content\/uploads\/2023\/07\/logo_ED.jpg","width":272,"height":52,"caption":"El Diario - Decano de la prensa nacional"},"image":{"@id":"https:\/\/www.eldiario.net\/portal\/#\/schema\/logo\/image\/"},"sameAs":["https:\/\/www.facebook.com\/eldiario.bolivia\/","https:\/\/x.com\/eldiario_net"]},{"@type":"Person","@id":"https:\/\/www.eldiario.net\/portal\/#\/schema\/person\/2c57cf2b7a7ae032e449e4c9b1019eac","name":"Jeanette","image":{"@type":"ImageObject","inLanguage":"es","@id":"https:\/\/secure.gravatar.com\/avatar\/3ea2118a5f7dad2b7138b1187a6b7ee55f160b9968b66013c3a3ef39dd7e5798?s=96&d=mm&r=g","url":"https:\/\/secure.gravatar.com\/avatar\/3ea2118a5f7dad2b7138b1187a6b7ee55f160b9968b66013c3a3ef39dd7e5798?s=96&d=mm&r=g","contentUrl":"https:\/\/secure.gravatar.com\/avatar\/3ea2118a5f7dad2b7138b1187a6b7ee55f160b9968b66013c3a3ef39dd7e5798?s=96&d=mm&r=g","caption":"Jeanette"},"sameAs":["https:\/\/www.eldiario.net\/portal"],"url":"https:\/\/www.eldiario.net\/portal\/author\/jeanette\/"}]}},"_links":{"self":[{"href":"https:\/\/www.eldiario.net\/portal\/wp-json\/wp\/v2\/posts\/328009","targetHints":{"allow":["GET"]}}],"collection":[{"href":"https:\/\/www.eldiario.net\/portal\/wp-json\/wp\/v2\/posts"}],"about":[{"href":"https:\/\/www.eldiario.net\/portal\/wp-json\/wp\/v2\/types\/post"}],"author":[{"embeddable":true,"href":"https:\/\/www.eldiario.net\/portal\/wp-json\/wp\/v2\/users\/1"}],"replies":[{"embeddable":true,"href":"https:\/\/www.eldiario.net\/portal\/wp-json\/wp\/v2\/comments?post=328009"}],"version-history":[{"count":1,"href":"https:\/\/www.eldiario.net\/portal\/wp-json\/wp\/v2\/posts\/328009\/revisions"}],"predecessor-version":[{"id":328015,"href":"https:\/\/www.eldiario.net\/portal\/wp-json\/wp\/v2\/posts\/328009\/revisions\/328015"}],"wp:featuredmedia":[{"embeddable":true,"href":"https:\/\/www.eldiario.net\/portal\/wp-json\/wp\/v2\/media\/328011"}],"wp:attachment":[{"href":"https:\/\/www.eldiario.net\/portal\/wp-json\/wp\/v2\/media?parent=328009"}],"wp:term":[{"taxonomy":"category","embeddable":true,"href":"https:\/\/www.eldiario.net\/portal\/wp-json\/wp\/v2\/categories?post=328009"},{"taxonomy":"post_tag","embeddable":true,"href":"https:\/\/www.eldiario.net\/portal\/wp-json\/wp\/v2\/tags?post=328009"}],"curies":[{"name":"wp","href":"https:\/\/api.w.org\/{rel}","templated":true}]}}