{"id":327935,"date":"2025-08-31T08:18:52","date_gmt":"2025-08-31T12:18:52","guid":{"rendered":"https:\/\/www.eldiario.net\/portal\/?p=327935"},"modified":"2025-08-31T08:18:52","modified_gmt":"2025-08-31T12:18:52","slug":"confirman-dos-casos-positivos-de-coqueluche-en-yacuiba","status":"publish","type":"post","link":"https:\/\/www.eldiario.net\/portal\/2025\/08\/31\/confirman-dos-casos-positivos-de-coqueluche-en-yacuiba\/","title":{"rendered":"Confirman dos casos positivos  de coqueluche en Yacuiba"},"content":{"rendered":"<p>La Red de Salud de Yacuiba, en Tarija, report\u00f3 dos casos de tosferina, denominada tambi\u00e9n coqueluche, en un ni\u00f1o de tres a\u00f1os y una beb\u00e9 de dos meses.<br \/>\n\u201cHemos recibido la confirmaci\u00f3n laboratorial de estos dos casos correspondiente a dos menores de sexo masculino y femenino\u201d, confirm\u00f3 la responsable de Epidemiolog\u00eda, Carmen G\u00f3mez.<br \/>\nLos menores de edad no cuentan con el esquema de vacunaci\u00f3n correspondiente.<br \/>\nLos ni\u00f1os se encuentran internados en establecimientos de salud con evoluci\u00f3n favorable. \u201cLa menor de edad est\u00e1 a la espera del alta m\u00e9dica y estar\u00e1 bajo seguimiento domiciliario\u201d, explic\u00f3.<br \/>\nTras detectarse los casos, se activ\u00f3 el bloqueo epidemiol\u00f3gico con la vacunaci\u00f3n y b\u00fasqueda de casos sospechosos en las casas aleda\u00f1as a las viviendas de los pacientes con coqueluche.<br \/>\nHasta el momento, se determina tres personas con coqueluche en Yacuiba.<br \/>\nLa tosferina o coqueluche es una enfermedad respiratoria altamente contagiosa, causada por la bacteria Bordetella pertussis. Afecta las v\u00edas respiratorias, se caracteriza por ataques de tos severa que dificultan la respiraci\u00f3n y se transmite mediante got\u00edculas salivales expulsadas al toser o estornudar, precisan medios estatales.<br \/>\nEn casos graves, especialmente en lactantes, puede provocar complicaciones como neumon\u00eda, convulsiones o incluso la muerte.<br \/>\nLa vacuna pentavalente protege a los ni\u00f1os contra la tosferina, la difteria, t\u00e9tanos, hepatitis B, neumon\u00edas y meningitis. Se debe aplicar cinco dosis. (Tarija, agencias)<\/p>\n","protected":false},"excerpt":{"rendered":"<p>La Red de Salud de Yacuiba, en Tarija, report\u00f3 dos casos de tosferina, denominada tambi\u00e9n coqueluche, en un ni\u00f1o de tres a\u00f1os y una beb\u00e9 de dos meses. \u201cHemos recibido la confirmaci\u00f3n laboratorial de estos dos casos correspondiente a dos menores de sexo masculino y femenino\u201d, confirm\u00f3 la responsable de Epidemiolog\u00eda, Carmen G\u00f3mez. Los menores [&hellip;]<\/p>\n","protected":false},"author":1,"featured_media":327936,"comment_status":"closed","ping_status":"open","sticky":false,"template":"","format":"standard","meta":{"_acf_changed":false,"footnotes":""},"categories":[12],"tags":[],"class_list":["post-327935","post","type-post","status-publish","format-standard","has-post-thumbnail","category-nacional"],"acf":{"antetitulo":"Tarija"},"yoast_head":"<!-- This site is optimized with the Yoast SEO plugin v28.4 - https:\/\/yoast.com\/product\/yoast-seo-wordpress\/ -->\n<title>Confirman dos casos positivos de coqueluche en Yacuiba - El Diario - Bolivia<\/title>\n<meta name=\"robots\" content=\"index, follow, max-snippet:-1, max-image-preview:large, max-video-preview:-1\" \/>\n<link rel=\"canonical\" href=\"https:\/\/www.eldiario.net\/portal\/2025\/08\/31\/confirman-dos-casos-positivos-de-coqueluche-en-yacuiba\/\" \/>\n<meta property=\"og:locale\" content=\"es_ES\" \/>\n<meta property=\"og:type\" content=\"article\" \/>\n<meta property=\"og:title\" content=\"Confirman dos casos positivos de coqueluche en Yacuiba - El Diario - Bolivia\" \/>\n<meta property=\"og:description\" content=\"La Red de Salud de Yacuiba, en Tarija, report\u00f3 dos casos de tosferina, denominada tambi\u00e9n coqueluche, en un ni\u00f1o de tres a\u00f1os y una beb\u00e9 de dos meses. \u201cHemos recibido la confirmaci\u00f3n laboratorial de estos dos casos correspondiente a dos menores de sexo masculino y femenino\u201d, confirm\u00f3 la responsable de Epidemiolog\u00eda, Carmen G\u00f3mez. Los menores [&hellip;]\" \/>\n<meta property=\"og:url\" content=\"https:\/\/www.eldiario.net\/portal\/2025\/08\/31\/confirman-dos-casos-positivos-de-coqueluche-en-yacuiba\/\" \/>\n<meta property=\"og:site_name\" content=\"El Diario - Bolivia\" \/>\n<meta property=\"article:publisher\" content=\"https:\/\/www.facebook.com\/eldiario.bolivia\/\" \/>\n<meta property=\"article:published_time\" content=\"2025-08-31T12:18:52+00:00\" \/>\n<meta property=\"og:image\" content=\"https:\/\/www.eldiario.net\/portal\/wp-content\/uploads\/2025\/08\/10-NAL-COLOR-11.webp\" \/>\n\t<meta property=\"og:image:width\" content=\"960\" \/>\n\t<meta property=\"og:image:height\" content=\"409\" \/>\n\t<meta property=\"og:image:type\" content=\"image\/webp\" \/>\n<meta name=\"author\" content=\"Jeanette\" \/>\n<meta name=\"twitter:card\" content=\"summary_large_image\" \/>\n<meta name=\"twitter:creator\" content=\"@eldiario_net\" \/>\n<meta name=\"twitter:site\" content=\"@eldiario_net\" \/>\n<meta name=\"twitter:label1\" content=\"Escrito por\" \/>\n\t<meta name=\"twitter:data1\" content=\"Jeanette\" \/>\n\t<meta name=\"twitter:label2\" content=\"Tiempo de lectura\" \/>\n\t<meta name=\"twitter:data2\" content=\"2 minutos\" \/>\n<script type=\"application\/ld+json\" class=\"yoast-schema-graph\">{\"@context\":\"https:\\\/\\\/schema.org\",\"@graph\":[{\"@type\":\"Article\",\"@id\":\"https:\\\/\\\/www.eldiario.net\\\/portal\\\/2025\\\/08\\\/31\\\/confirman-dos-casos-positivos-de-coqueluche-en-yacuiba\\\/#article\",\"isPartOf\":{\"@id\":\"https:\\\/\\\/www.eldiario.net\\\/portal\\\/2025\\\/08\\\/31\\\/confirman-dos-casos-positivos-de-coqueluche-en-yacuiba\\\/\"},\"author\":{\"name\":\"Jeanette\",\"@id\":\"https:\\\/\\\/www.eldiario.net\\\/portal\\\/#\\\/schema\\\/person\\\/2c57cf2b7a7ae032e449e4c9b1019eac\"},\"headline\":\"Confirman dos casos positivos de coqueluche en Yacuiba\",\"datePublished\":\"2025-08-31T12:18:52+00:00\",\"mainEntityOfPage\":{\"@id\":\"https:\\\/\\\/www.eldiario.net\\\/portal\\\/2025\\\/08\\\/31\\\/confirman-dos-casos-positivos-de-coqueluche-en-yacuiba\\\/\"},\"wordCount\":249,\"publisher\":{\"@id\":\"https:\\\/\\\/www.eldiario.net\\\/portal\\\/#organization\"},\"image\":{\"@id\":\"https:\\\/\\\/www.eldiario.net\\\/portal\\\/2025\\\/08\\\/31\\\/confirman-dos-casos-positivos-de-coqueluche-en-yacuiba\\\/#primaryimage\"},\"thumbnailUrl\":\"https:\\\/\\\/www.eldiario.net\\\/portal\\\/wp-content\\\/uploads\\\/2025\\\/08\\\/10-NAL-COLOR-11.webp\",\"articleSection\":[\"Nacional\"],\"inLanguage\":\"es\"},{\"@type\":\"WebPage\",\"@id\":\"https:\\\/\\\/www.eldiario.net\\\/portal\\\/2025\\\/08\\\/31\\\/confirman-dos-casos-positivos-de-coqueluche-en-yacuiba\\\/\",\"url\":\"https:\\\/\\\/www.eldiario.net\\\/portal\\\/2025\\\/08\\\/31\\\/confirman-dos-casos-positivos-de-coqueluche-en-yacuiba\\\/\",\"name\":\"Confirman dos casos positivos de coqueluche en Yacuiba - El Diario - Bolivia\",\"isPartOf\":{\"@id\":\"https:\\\/\\\/www.eldiario.net\\\/portal\\\/#website\"},\"primaryImageOfPage\":{\"@id\":\"https:\\\/\\\/www.eldiario.net\\\/portal\\\/2025\\\/08\\\/31\\\/confirman-dos-casos-positivos-de-coqueluche-en-yacuiba\\\/#primaryimage\"},\"image\":{\"@id\":\"https:\\\/\\\/www.eldiario.net\\\/portal\\\/2025\\\/08\\\/31\\\/confirman-dos-casos-positivos-de-coqueluche-en-yacuiba\\\/#primaryimage\"},\"thumbnailUrl\":\"https:\\\/\\\/www.eldiario.net\\\/portal\\\/wp-content\\\/uploads\\\/2025\\\/08\\\/10-NAL-COLOR-11.webp\",\"datePublished\":\"2025-08-31T12:18:52+00:00\",\"breadcrumb\":{\"@id\":\"https:\\\/\\\/www.eldiario.net\\\/portal\\\/2025\\\/08\\\/31\\\/confirman-dos-casos-positivos-de-coqueluche-en-yacuiba\\\/#breadcrumb\"},\"inLanguage\":\"es\",\"potentialAction\":[{\"@type\":\"ReadAction\",\"target\":[\"https:\\\/\\\/www.eldiario.net\\\/portal\\\/2025\\\/08\\\/31\\\/confirman-dos-casos-positivos-de-coqueluche-en-yacuiba\\\/\"]}]},{\"@type\":\"ImageObject\",\"inLanguage\":\"es\",\"@id\":\"https:\\\/\\\/www.eldiario.net\\\/portal\\\/2025\\\/08\\\/31\\\/confirman-dos-casos-positivos-de-coqueluche-en-yacuiba\\\/#primaryimage\",\"url\":\"https:\\\/\\\/www.eldiario.net\\\/portal\\\/wp-content\\\/uploads\\\/2025\\\/08\\\/10-NAL-COLOR-11.webp\",\"contentUrl\":\"https:\\\/\\\/www.eldiario.net\\\/portal\\\/wp-content\\\/uploads\\\/2025\\\/08\\\/10-NAL-COLOR-11.webp\",\"width\":960,\"height\":409,\"caption\":\"Es imperioso que los ni\u00f1os reciban la vacuna contra la coqueluche.\"},{\"@type\":\"BreadcrumbList\",\"@id\":\"https:\\\/\\\/www.eldiario.net\\\/portal\\\/2025\\\/08\\\/31\\\/confirman-dos-casos-positivos-de-coqueluche-en-yacuiba\\\/#breadcrumb\",\"itemListElement\":[{\"@type\":\"ListItem\",\"position\":1,\"name\":\"Portada\",\"item\":\"https:\\\/\\\/www.eldiario.net\\\/portal\\\/\"},{\"@type\":\"ListItem\",\"position\":2,\"name\":\"Confirman dos casos positivos de coqueluche en Yacuiba\"}]},{\"@type\":\"WebSite\",\"@id\":\"https:\\\/\\\/www.eldiario.net\\\/portal\\\/#website\",\"url\":\"https:\\\/\\\/www.eldiario.net\\\/portal\\\/\",\"name\":\"El Diario - Decano de la prensa nacional\",\"description\":\"El Diario - Decano de la prensa nacional\",\"publisher\":{\"@id\":\"https:\\\/\\\/www.eldiario.net\\\/portal\\\/#organization\"},\"potentialAction\":[{\"@type\":\"SearchAction\",\"target\":{\"@type\":\"EntryPoint\",\"urlTemplate\":\"https:\\\/\\\/www.eldiario.net\\\/portal\\\/?s={search_term_string}\"},\"query-input\":{\"@type\":\"PropertyValueSpecification\",\"valueRequired\":true,\"valueName\":\"search_term_string\"}}],\"inLanguage\":\"es\"},{\"@type\":\"Organization\",\"@id\":\"https:\\\/\\\/www.eldiario.net\\\/portal\\\/#organization\",\"name\":\"El Diario - Decano de la prensa nacional\",\"url\":\"https:\\\/\\\/www.eldiario.net\\\/portal\\\/\",\"logo\":{\"@type\":\"ImageObject\",\"inLanguage\":\"es\",\"@id\":\"https:\\\/\\\/www.eldiario.net\\\/portal\\\/#\\\/schema\\\/logo\\\/image\\\/\",\"url\":\"https:\\\/\\\/www.eldiario.net\\\/portal\\\/wp-content\\\/uploads\\\/2023\\\/07\\\/logo_ED.jpg\",\"contentUrl\":\"https:\\\/\\\/www.eldiario.net\\\/portal\\\/wp-content\\\/uploads\\\/2023\\\/07\\\/logo_ED.jpg\",\"width\":272,\"height\":52,\"caption\":\"El Diario - Decano de la prensa nacional\"},\"image\":{\"@id\":\"https:\\\/\\\/www.eldiario.net\\\/portal\\\/#\\\/schema\\\/logo\\\/image\\\/\"},\"sameAs\":[\"https:\\\/\\\/www.facebook.com\\\/eldiario.bolivia\\\/\",\"https:\\\/\\\/x.com\\\/eldiario_net\"]},{\"@type\":\"Person\",\"@id\":\"https:\\\/\\\/www.eldiario.net\\\/portal\\\/#\\\/schema\\\/person\\\/2c57cf2b7a7ae032e449e4c9b1019eac\",\"name\":\"Jeanette\",\"image\":{\"@type\":\"ImageObject\",\"inLanguage\":\"es\",\"@id\":\"https:\\\/\\\/secure.gravatar.com\\\/avatar\\\/3ea2118a5f7dad2b7138b1187a6b7ee55f160b9968b66013c3a3ef39dd7e5798?s=96&d=mm&r=g\",\"url\":\"https:\\\/\\\/secure.gravatar.com\\\/avatar\\\/3ea2118a5f7dad2b7138b1187a6b7ee55f160b9968b66013c3a3ef39dd7e5798?s=96&d=mm&r=g\",\"contentUrl\":\"https:\\\/\\\/secure.gravatar.com\\\/avatar\\\/3ea2118a5f7dad2b7138b1187a6b7ee55f160b9968b66013c3a3ef39dd7e5798?s=96&d=mm&r=g\",\"caption\":\"Jeanette\"},\"sameAs\":[\"https:\\\/\\\/www.eldiario.net\\\/portal\"],\"url\":\"https:\\\/\\\/www.eldiario.net\\\/portal\\\/author\\\/jeanette\\\/\"}]}<\/script>\n<!-- \/ Yoast SEO plugin. -->","yoast_head_json":{"title":"Confirman dos casos positivos de coqueluche en Yacuiba - El Diario - Bolivia","robots":{"index":"index","follow":"follow","max-snippet":"max-snippet:-1","max-image-preview":"max-image-preview:large","max-video-preview":"max-video-preview:-1"},"canonical":"https:\/\/www.eldiario.net\/portal\/2025\/08\/31\/confirman-dos-casos-positivos-de-coqueluche-en-yacuiba\/","og_locale":"es_ES","og_type":"article","og_title":"Confirman dos casos positivos de coqueluche en Yacuiba - El Diario - Bolivia","og_description":"La Red de Salud de Yacuiba, en Tarija, report\u00f3 dos casos de tosferina, denominada tambi\u00e9n coqueluche, en un ni\u00f1o de tres a\u00f1os y una beb\u00e9 de dos meses. \u201cHemos recibido la confirmaci\u00f3n laboratorial de estos dos casos correspondiente a dos menores de sexo masculino y femenino\u201d, confirm\u00f3 la responsable de Epidemiolog\u00eda, Carmen G\u00f3mez. Los menores [&hellip;]","og_url":"https:\/\/www.eldiario.net\/portal\/2025\/08\/31\/confirman-dos-casos-positivos-de-coqueluche-en-yacuiba\/","og_site_name":"El Diario - Bolivia","article_publisher":"https:\/\/www.facebook.com\/eldiario.bolivia\/","article_published_time":"2025-08-31T12:18:52+00:00","og_image":[{"width":960,"height":409,"url":"https:\/\/www.eldiario.net\/portal\/wp-content\/uploads\/2025\/08\/10-NAL-COLOR-11.webp","type":"image\/webp"}],"author":"Jeanette","twitter_card":"summary_large_image","twitter_creator":"@eldiario_net","twitter_site":"@eldiario_net","twitter_misc":{"Escrito por":"Jeanette","Tiempo de lectura":"2 minutos"},"schema":{"@context":"https:\/\/schema.org","@graph":[{"@type":"Article","@id":"https:\/\/www.eldiario.net\/portal\/2025\/08\/31\/confirman-dos-casos-positivos-de-coqueluche-en-yacuiba\/#article","isPartOf":{"@id":"https:\/\/www.eldiario.net\/portal\/2025\/08\/31\/confirman-dos-casos-positivos-de-coqueluche-en-yacuiba\/"},"author":{"name":"Jeanette","@id":"https:\/\/www.eldiario.net\/portal\/#\/schema\/person\/2c57cf2b7a7ae032e449e4c9b1019eac"},"headline":"Confirman dos casos positivos de coqueluche en Yacuiba","datePublished":"2025-08-31T12:18:52+00:00","mainEntityOfPage":{"@id":"https:\/\/www.eldiario.net\/portal\/2025\/08\/31\/confirman-dos-casos-positivos-de-coqueluche-en-yacuiba\/"},"wordCount":249,"publisher":{"@id":"https:\/\/www.eldiario.net\/portal\/#organization"},"image":{"@id":"https:\/\/www.eldiario.net\/portal\/2025\/08\/31\/confirman-dos-casos-positivos-de-coqueluche-en-yacuiba\/#primaryimage"},"thumbnailUrl":"https:\/\/www.eldiario.net\/portal\/wp-content\/uploads\/2025\/08\/10-NAL-COLOR-11.webp","articleSection":["Nacional"],"inLanguage":"es"},{"@type":"WebPage","@id":"https:\/\/www.eldiario.net\/portal\/2025\/08\/31\/confirman-dos-casos-positivos-de-coqueluche-en-yacuiba\/","url":"https:\/\/www.eldiario.net\/portal\/2025\/08\/31\/confirman-dos-casos-positivos-de-coqueluche-en-yacuiba\/","name":"Confirman dos casos positivos de coqueluche en Yacuiba - El Diario - Bolivia","isPartOf":{"@id":"https:\/\/www.eldiario.net\/portal\/#website"},"primaryImageOfPage":{"@id":"https:\/\/www.eldiario.net\/portal\/2025\/08\/31\/confirman-dos-casos-positivos-de-coqueluche-en-yacuiba\/#primaryimage"},"image":{"@id":"https:\/\/www.eldiario.net\/portal\/2025\/08\/31\/confirman-dos-casos-positivos-de-coqueluche-en-yacuiba\/#primaryimage"},"thumbnailUrl":"https:\/\/www.eldiario.net\/portal\/wp-content\/uploads\/2025\/08\/10-NAL-COLOR-11.webp","datePublished":"2025-08-31T12:18:52+00:00","breadcrumb":{"@id":"https:\/\/www.eldiario.net\/portal\/2025\/08\/31\/confirman-dos-casos-positivos-de-coqueluche-en-yacuiba\/#breadcrumb"},"inLanguage":"es","potentialAction":[{"@type":"ReadAction","target":["https:\/\/www.eldiario.net\/portal\/2025\/08\/31\/confirman-dos-casos-positivos-de-coqueluche-en-yacuiba\/"]}]},{"@type":"ImageObject","inLanguage":"es","@id":"https:\/\/www.eldiario.net\/portal\/2025\/08\/31\/confirman-dos-casos-positivos-de-coqueluche-en-yacuiba\/#primaryimage","url":"https:\/\/www.eldiario.net\/portal\/wp-content\/uploads\/2025\/08\/10-NAL-COLOR-11.webp","contentUrl":"https:\/\/www.eldiario.net\/portal\/wp-content\/uploads\/2025\/08\/10-NAL-COLOR-11.webp","width":960,"height":409,"caption":"Es imperioso que los ni\u00f1os reciban la vacuna contra la coqueluche."},{"@type":"BreadcrumbList","@id":"https:\/\/www.eldiario.net\/portal\/2025\/08\/31\/confirman-dos-casos-positivos-de-coqueluche-en-yacuiba\/#breadcrumb","itemListElement":[{"@type":"ListItem","position":1,"name":"Portada","item":"https:\/\/www.eldiario.net\/portal\/"},{"@type":"ListItem","position":2,"name":"Confirman dos casos positivos de coqueluche en Yacuiba"}]},{"@type":"WebSite","@id":"https:\/\/www.eldiario.net\/portal\/#website","url":"https:\/\/www.eldiario.net\/portal\/","name":"El Diario - Decano de la prensa nacional","description":"El Diario - Decano de la prensa nacional","publisher":{"@id":"https:\/\/www.eldiario.net\/portal\/#organization"},"potentialAction":[{"@type":"SearchAction","target":{"@type":"EntryPoint","urlTemplate":"https:\/\/www.eldiario.net\/portal\/?s={search_term_string}"},"query-input":{"@type":"PropertyValueSpecification","valueRequired":true,"valueName":"search_term_string"}}],"inLanguage":"es"},{"@type":"Organization","@id":"https:\/\/www.eldiario.net\/portal\/#organization","name":"El Diario - Decano de la prensa nacional","url":"https:\/\/www.eldiario.net\/portal\/","logo":{"@type":"ImageObject","inLanguage":"es","@id":"https:\/\/www.eldiario.net\/portal\/#\/schema\/logo\/image\/","url":"https:\/\/www.eldiario.net\/portal\/wp-content\/uploads\/2023\/07\/logo_ED.jpg","contentUrl":"https:\/\/www.eldiario.net\/portal\/wp-content\/uploads\/2023\/07\/logo_ED.jpg","width":272,"height":52,"caption":"El Diario - Decano de la prensa nacional"},"image":{"@id":"https:\/\/www.eldiario.net\/portal\/#\/schema\/logo\/image\/"},"sameAs":["https:\/\/www.facebook.com\/eldiario.bolivia\/","https:\/\/x.com\/eldiario_net"]},{"@type":"Person","@id":"https:\/\/www.eldiario.net\/portal\/#\/schema\/person\/2c57cf2b7a7ae032e449e4c9b1019eac","name":"Jeanette","image":{"@type":"ImageObject","inLanguage":"es","@id":"https:\/\/secure.gravatar.com\/avatar\/3ea2118a5f7dad2b7138b1187a6b7ee55f160b9968b66013c3a3ef39dd7e5798?s=96&d=mm&r=g","url":"https:\/\/secure.gravatar.com\/avatar\/3ea2118a5f7dad2b7138b1187a6b7ee55f160b9968b66013c3a3ef39dd7e5798?s=96&d=mm&r=g","contentUrl":"https:\/\/secure.gravatar.com\/avatar\/3ea2118a5f7dad2b7138b1187a6b7ee55f160b9968b66013c3a3ef39dd7e5798?s=96&d=mm&r=g","caption":"Jeanette"},"sameAs":["https:\/\/www.eldiario.net\/portal"],"url":"https:\/\/www.eldiario.net\/portal\/author\/jeanette\/"}]}},"_links":{"self":[{"href":"https:\/\/www.eldiario.net\/portal\/wp-json\/wp\/v2\/posts\/327935","targetHints":{"allow":["GET"]}}],"collection":[{"href":"https:\/\/www.eldiario.net\/portal\/wp-json\/wp\/v2\/posts"}],"about":[{"href":"https:\/\/www.eldiario.net\/portal\/wp-json\/wp\/v2\/types\/post"}],"author":[{"embeddable":true,"href":"https:\/\/www.eldiario.net\/portal\/wp-json\/wp\/v2\/users\/1"}],"replies":[{"embeddable":true,"href":"https:\/\/www.eldiario.net\/portal\/wp-json\/wp\/v2\/comments?post=327935"}],"version-history":[{"count":1,"href":"https:\/\/www.eldiario.net\/portal\/wp-json\/wp\/v2\/posts\/327935\/revisions"}],"predecessor-version":[{"id":327937,"href":"https:\/\/www.eldiario.net\/portal\/wp-json\/wp\/v2\/posts\/327935\/revisions\/327937"}],"wp:featuredmedia":[{"embeddable":true,"href":"https:\/\/www.eldiario.net\/portal\/wp-json\/wp\/v2\/media\/327936"}],"wp:attachment":[{"href":"https:\/\/www.eldiario.net\/portal\/wp-json\/wp\/v2\/media?parent=327935"}],"wp:term":[{"taxonomy":"category","embeddable":true,"href":"https:\/\/www.eldiario.net\/portal\/wp-json\/wp\/v2\/categories?post=327935"},{"taxonomy":"post_tag","embeddable":true,"href":"https:\/\/www.eldiario.net\/portal\/wp-json\/wp\/v2\/tags?post=327935"}],"curies":[{"name":"wp","href":"https:\/\/api.w.org\/{rel}","templated":true}]}}