{"id":327928,"date":"2025-08-31T08:16:24","date_gmt":"2025-08-31T12:16:24","guid":{"rendered":"https:\/\/www.eldiario.net\/portal\/?p=327928"},"modified":"2025-08-31T08:16:24","modified_gmt":"2025-08-31T12:16:24","slug":"el-caos-y-el-poder-una-mirada-critica-a-la-politica-en-bolivia","status":"publish","type":"post","link":"https:\/\/www.eldiario.net\/portal\/2025\/08\/31\/el-caos-y-el-poder-una-mirada-critica-a-la-politica-en-bolivia\/","title":{"rendered":"El caos y el poder, una mirada cr\u00edtica a la pol\u00edtica en Bolivia"},"content":{"rendered":"<p>La pol\u00edtica boliviana atraviesa un escenario complejo, donde el poder ya no se ejerce \u00fanicamente a trav\u00e9s de las leyes y normas establecidas, sino tambi\u00e9n desde la manipulaci\u00f3n, el caos y el desorden. Quien ignore esta realidad, corre el riesgo de caer en una ingenuidad peligrosa. En el contexto actual, asumir que Evo Morales y el Movimiento al Socialismo han perdido definitivamente la batalla pol\u00edtica ser\u00eda desconocer la naturaleza din\u00e1mica del poder y las estrategias utilizadas para conservarlo.<br \/>\nEl caos, lejos de ser un elemento indeseable para ciertos actores pol\u00edticos, se convierte en una herramienta estrat\u00e9gica. En lugar de buscar estabilidad institucional, algunos sectores encuentran en el desorden una oportunidad para construir narrativas, reorganizar fuerzas y presentarse como v\u00edctimas de un sistema \u201crepresivo\u201d, de esta manera la agitaci\u00f3n social se convierte en un recurso calculado para ganar terreno pol\u00edtico.<br \/>\nLa izquierda, hist\u00f3ricamente, ha sabido manipular las tensiones sociales como un mecanismo de presi\u00f3n. En Am\u00e9rica Latina y, particularmente en Bolivia, los episodios de revuelo, confrontaci\u00f3n y violencia han sido aprovechados para fortalecer proyectos pol\u00edticos de corte populista. El costo humano, lamentablemente, se percibe como un elemento secundario frente al r\u00e9dito pol\u00edtico que se obtiene al controlar el relato de los acontecimientos.<br \/>\nEn esta din\u00e1mica, la manipulaci\u00f3n del lenguaje y del discurso juega un rol fundamental. El MAS, al igual que otros movimientos inspirados en el socialismo del Siglo XXI, utiliza un sistema comunicacional que busca reconfigurar la percepci\u00f3n de la realidad; palabras como \u201cdemocracia\u201d, \u201cpueblo\u201d o \u201cliberaci\u00f3n\u201d son resignificadas para consolidar una narrativa que legitime sus acciones, aun cuando \u00e9stas contradigan los principios que dicen defender.<br \/>\nSin embargo, la eficacia de esta estrategia depende, en gran medida, de la condici\u00f3n de la masa electoral. Una sociedad con escasas bases reflexivas es m\u00e1s vulnerable a la manipulaci\u00f3n ideol\u00f3gica. Cuando el pensamiento cr\u00edtico se reemplaza por consignas y lealtades identitarias, la democracia se debilita, dejando el terreno f\u00e9rtil para el autoritarismo. El fil\u00f3sofo espa\u00f1ol, Jos\u00e9 Ortega y Gasset, en su an\u00e1lisis sobre \u201cel hombre-masa\u201d, describ\u00eda con precisi\u00f3n este fen\u00f3meno. Se trata de un individuo que rechaza la deliberaci\u00f3n, desconf\u00eda de la argumentaci\u00f3n y se ampara en su \u201cverdad\u201d personal, creyendo que no necesita justificar sus posiciones. Este hombre-masa, incapaz de dialogar, encuentra en la violencia y la imposici\u00f3n un medio leg\u00edtimo para resolver conflictos. En Bolivia, la persistencia de esta mentalidad dificulta la construcci\u00f3n de un consenso nacional. Cuando amplios sectores de la poblaci\u00f3n se identifican con l\u00edderes antes que, con ideas, la pol\u00edtica se degrada a un simple enfrentamiento de bandos. La racionalidad cede paso a la emotividad y el debate p\u00fablico se reduce a consignas vac\u00edas que polarizan a\u00fan m\u00e1s a la sociedad.<br \/>\nEl poder que nace del caos es, por naturaleza, inestable; sin embargo, quienes lo controlan saben capitalizarlo para presentarse como salvadores de la crisis que ellos mismos alimentan. De esta manera, el desorden social no es un accidente, sino una estrategia deliberada para consolidar liderazgos autoritarios bajo el pretexto de \u201crepresentar la voz del pueblo\u201d.<br \/>\nLa justicia, en este contexto, juega un papel determinante, pero su falta de independencia ha contribuido a profundizar la crisis. Cuando los responsables de generar caos quedan impunes, se env\u00eda un mensaje peligroso: desestabilizar al pa\u00eds no solo es posible, sino que puede ser pol\u00edticamente rentable. Esta impunidad alimenta un ciclo vicioso. Los actores que se benefician del desorden encuentran incentivos para repetir sus estrategias, mientras que los ciudadanos perciben que las normas no se aplican de manera equitativa. En consecuencia, se erosiona la credibilidad de las instituciones y se incrementa el sentimiento de desconfianza generalizada.<br \/>\nLa tarea no recae \u00fanicamente en las autoridades, sino tambi\u00e9n en la sociedad civil, los medios de comunicaci\u00f3n y el sistema educativo. Cada actor tiene la responsabilidad de contribuir a una ciudadan\u00eda m\u00e1s cr\u00edtica y menos susceptible a los discursos populistas que utilizan el caos como escalera hacia el poder. Bolivia necesita l\u00edderes que propongan proyectos de pa\u00eds s\u00f3lidos, alejados del oportunismo pol\u00edtico y de las estrategias basadas en la confrontaci\u00f3n. Sin una visi\u00f3n de futuro compartida, el pa\u00eds corre el riesgo de permanecer atrapado en un ciclo interminable de crisis que favorece a quienes saben explotar el caos.<br \/>\nEn \u00faltima instancia, es urgente que el caos deje de ser percibido como un camino leg\u00edtimo hacia el poder. S\u00f3lo cuando las instituciones sean lo suficientemente fuertes para sancionar la desestabilizaci\u00f3n y garantizar el Estado de derecho, Bolivia podr\u00e1 avanzar hacia una democracia m\u00e1s madura y estable.<\/p>\n<p>El autor es te\u00f3logo, escritor y educador.<\/p>\n","protected":false},"excerpt":{"rendered":"<p>La pol\u00edtica boliviana atraviesa un escenario complejo, donde el poder ya no se ejerce \u00fanicamente a trav\u00e9s de las leyes y normas establecidas, sino tambi\u00e9n desde la manipulaci\u00f3n, el caos y el desorden. Quien ignore esta realidad, corre el riesgo de caer en una ingenuidad peligrosa. En el contexto actual, asumir que Evo Morales y [&hellip;]<\/p>\n","protected":false},"author":1,"featured_media":161861,"comment_status":"closed","ping_status":"open","sticky":false,"template":"","format":"standard","meta":{"_acf_changed":false,"footnotes":""},"categories":[9],"tags":[],"class_list":["post-327928","post","type-post","status-publish","format-standard","has-post-thumbnail","category-opinion"],"acf":{"antetitulo":""},"yoast_head":"<!-- This site is optimized with the Yoast SEO plugin v28.4 - https:\/\/yoast.com\/product\/yoast-seo-wordpress\/ -->\n<title>El caos y el poder, una mirada cr\u00edtica a la pol\u00edtica en Bolivia - El Diario - Bolivia<\/title>\n<meta name=\"robots\" content=\"index, follow, max-snippet:-1, max-image-preview:large, max-video-preview:-1\" \/>\n<link rel=\"canonical\" href=\"https:\/\/www.eldiario.net\/portal\/2025\/08\/31\/el-caos-y-el-poder-una-mirada-critica-a-la-politica-en-bolivia\/\" \/>\n<meta property=\"og:locale\" content=\"es_ES\" \/>\n<meta property=\"og:type\" content=\"article\" \/>\n<meta property=\"og:title\" content=\"El caos y el poder, una mirada cr\u00edtica a la pol\u00edtica en Bolivia - El Diario - Bolivia\" \/>\n<meta property=\"og:description\" content=\"La pol\u00edtica boliviana atraviesa un escenario complejo, donde el poder ya no se ejerce \u00fanicamente a trav\u00e9s de las leyes y normas establecidas, sino tambi\u00e9n desde la manipulaci\u00f3n, el caos y el desorden. Quien ignore esta realidad, corre el riesgo de caer en una ingenuidad peligrosa. En el contexto actual, asumir que Evo Morales y [&hellip;]\" \/>\n<meta property=\"og:url\" content=\"https:\/\/www.eldiario.net\/portal\/2025\/08\/31\/el-caos-y-el-poder-una-mirada-critica-a-la-politica-en-bolivia\/\" \/>\n<meta property=\"og:site_name\" content=\"El Diario - Bolivia\" \/>\n<meta property=\"article:publisher\" content=\"https:\/\/www.facebook.com\/eldiario.bolivia\/\" \/>\n<meta property=\"article:published_time\" content=\"2025-08-31T12:16:24+00:00\" \/>\n<meta property=\"og:image\" content=\"https:\/\/www.eldiario.net\/portal\/wp-content\/uploads\/2023\/06\/Marcelo-Miranda-Loayza.jpg\" \/>\n\t<meta property=\"og:image:width\" content=\"1200\" \/>\n\t<meta property=\"og:image:height\" content=\"628\" \/>\n\t<meta property=\"og:image:type\" content=\"image\/jpeg\" \/>\n<meta name=\"author\" content=\"Jeanette\" \/>\n<meta name=\"twitter:card\" content=\"summary_large_image\" \/>\n<meta name=\"twitter:creator\" content=\"@eldiario_net\" \/>\n<meta name=\"twitter:site\" content=\"@eldiario_net\" \/>\n<meta name=\"twitter:label1\" content=\"Escrito por\" \/>\n\t<meta name=\"twitter:data1\" content=\"Jeanette\" \/>\n\t<meta name=\"twitter:label2\" content=\"Tiempo de lectura\" \/>\n\t<meta name=\"twitter:data2\" content=\"4 minutos\" \/>\n<script type=\"application\/ld+json\" class=\"yoast-schema-graph\">{\"@context\":\"https:\\\/\\\/schema.org\",\"@graph\":[{\"@type\":\"Article\",\"@id\":\"https:\\\/\\\/www.eldiario.net\\\/portal\\\/2025\\\/08\\\/31\\\/el-caos-y-el-poder-una-mirada-critica-a-la-politica-en-bolivia\\\/#article\",\"isPartOf\":{\"@id\":\"https:\\\/\\\/www.eldiario.net\\\/portal\\\/2025\\\/08\\\/31\\\/el-caos-y-el-poder-una-mirada-critica-a-la-politica-en-bolivia\\\/\"},\"author\":{\"name\":\"Jeanette\",\"@id\":\"https:\\\/\\\/www.eldiario.net\\\/portal\\\/#\\\/schema\\\/person\\\/2c57cf2b7a7ae032e449e4c9b1019eac\"},\"headline\":\"El caos y el poder, una mirada cr\u00edtica a la pol\u00edtica en Bolivia\",\"datePublished\":\"2025-08-31T12:16:24+00:00\",\"mainEntityOfPage\":{\"@id\":\"https:\\\/\\\/www.eldiario.net\\\/portal\\\/2025\\\/08\\\/31\\\/el-caos-y-el-poder-una-mirada-critica-a-la-politica-en-bolivia\\\/\"},\"wordCount\":830,\"publisher\":{\"@id\":\"https:\\\/\\\/www.eldiario.net\\\/portal\\\/#organization\"},\"image\":{\"@id\":\"https:\\\/\\\/www.eldiario.net\\\/portal\\\/2025\\\/08\\\/31\\\/el-caos-y-el-poder-una-mirada-critica-a-la-politica-en-bolivia\\\/#primaryimage\"},\"thumbnailUrl\":\"https:\\\/\\\/www.eldiario.net\\\/portal\\\/wp-content\\\/uploads\\\/2023\\\/06\\\/Marcelo-Miranda-Loayza.jpg\",\"articleSection\":[\"Opini\u00f3n\"],\"inLanguage\":\"es\"},{\"@type\":\"WebPage\",\"@id\":\"https:\\\/\\\/www.eldiario.net\\\/portal\\\/2025\\\/08\\\/31\\\/el-caos-y-el-poder-una-mirada-critica-a-la-politica-en-bolivia\\\/\",\"url\":\"https:\\\/\\\/www.eldiario.net\\\/portal\\\/2025\\\/08\\\/31\\\/el-caos-y-el-poder-una-mirada-critica-a-la-politica-en-bolivia\\\/\",\"name\":\"El caos y el poder, una mirada cr\u00edtica a la pol\u00edtica en Bolivia - El Diario - Bolivia\",\"isPartOf\":{\"@id\":\"https:\\\/\\\/www.eldiario.net\\\/portal\\\/#website\"},\"primaryImageOfPage\":{\"@id\":\"https:\\\/\\\/www.eldiario.net\\\/portal\\\/2025\\\/08\\\/31\\\/el-caos-y-el-poder-una-mirada-critica-a-la-politica-en-bolivia\\\/#primaryimage\"},\"image\":{\"@id\":\"https:\\\/\\\/www.eldiario.net\\\/portal\\\/2025\\\/08\\\/31\\\/el-caos-y-el-poder-una-mirada-critica-a-la-politica-en-bolivia\\\/#primaryimage\"},\"thumbnailUrl\":\"https:\\\/\\\/www.eldiario.net\\\/portal\\\/wp-content\\\/uploads\\\/2023\\\/06\\\/Marcelo-Miranda-Loayza.jpg\",\"datePublished\":\"2025-08-31T12:16:24+00:00\",\"breadcrumb\":{\"@id\":\"https:\\\/\\\/www.eldiario.net\\\/portal\\\/2025\\\/08\\\/31\\\/el-caos-y-el-poder-una-mirada-critica-a-la-politica-en-bolivia\\\/#breadcrumb\"},\"inLanguage\":\"es\",\"potentialAction\":[{\"@type\":\"ReadAction\",\"target\":[\"https:\\\/\\\/www.eldiario.net\\\/portal\\\/2025\\\/08\\\/31\\\/el-caos-y-el-poder-una-mirada-critica-a-la-politica-en-bolivia\\\/\"]}]},{\"@type\":\"ImageObject\",\"inLanguage\":\"es\",\"@id\":\"https:\\\/\\\/www.eldiario.net\\\/portal\\\/2025\\\/08\\\/31\\\/el-caos-y-el-poder-una-mirada-critica-a-la-politica-en-bolivia\\\/#primaryimage\",\"url\":\"https:\\\/\\\/www.eldiario.net\\\/portal\\\/wp-content\\\/uploads\\\/2023\\\/06\\\/Marcelo-Miranda-Loayza.jpg\",\"contentUrl\":\"https:\\\/\\\/www.eldiario.net\\\/portal\\\/wp-content\\\/uploads\\\/2023\\\/06\\\/Marcelo-Miranda-Loayza.jpg\",\"width\":1200,\"height\":628,\"caption\":\"Marcelo Miranda Loayza\"},{\"@type\":\"BreadcrumbList\",\"@id\":\"https:\\\/\\\/www.eldiario.net\\\/portal\\\/2025\\\/08\\\/31\\\/el-caos-y-el-poder-una-mirada-critica-a-la-politica-en-bolivia\\\/#breadcrumb\",\"itemListElement\":[{\"@type\":\"ListItem\",\"position\":1,\"name\":\"Portada\",\"item\":\"https:\\\/\\\/www.eldiario.net\\\/portal\\\/\"},{\"@type\":\"ListItem\",\"position\":2,\"name\":\"El caos y el poder, una mirada cr\u00edtica a la pol\u00edtica en Bolivia\"}]},{\"@type\":\"WebSite\",\"@id\":\"https:\\\/\\\/www.eldiario.net\\\/portal\\\/#website\",\"url\":\"https:\\\/\\\/www.eldiario.net\\\/portal\\\/\",\"name\":\"El Diario - Decano de la prensa nacional\",\"description\":\"El Diario - Decano de la prensa nacional\",\"publisher\":{\"@id\":\"https:\\\/\\\/www.eldiario.net\\\/portal\\\/#organization\"},\"potentialAction\":[{\"@type\":\"SearchAction\",\"target\":{\"@type\":\"EntryPoint\",\"urlTemplate\":\"https:\\\/\\\/www.eldiario.net\\\/portal\\\/?s={search_term_string}\"},\"query-input\":{\"@type\":\"PropertyValueSpecification\",\"valueRequired\":true,\"valueName\":\"search_term_string\"}}],\"inLanguage\":\"es\"},{\"@type\":\"Organization\",\"@id\":\"https:\\\/\\\/www.eldiario.net\\\/portal\\\/#organization\",\"name\":\"El Diario - Decano de la prensa nacional\",\"url\":\"https:\\\/\\\/www.eldiario.net\\\/portal\\\/\",\"logo\":{\"@type\":\"ImageObject\",\"inLanguage\":\"es\",\"@id\":\"https:\\\/\\\/www.eldiario.net\\\/portal\\\/#\\\/schema\\\/logo\\\/image\\\/\",\"url\":\"https:\\\/\\\/www.eldiario.net\\\/portal\\\/wp-content\\\/uploads\\\/2023\\\/07\\\/logo_ED.jpg\",\"contentUrl\":\"https:\\\/\\\/www.eldiario.net\\\/portal\\\/wp-content\\\/uploads\\\/2023\\\/07\\\/logo_ED.jpg\",\"width\":272,\"height\":52,\"caption\":\"El Diario - Decano de la prensa nacional\"},\"image\":{\"@id\":\"https:\\\/\\\/www.eldiario.net\\\/portal\\\/#\\\/schema\\\/logo\\\/image\\\/\"},\"sameAs\":[\"https:\\\/\\\/www.facebook.com\\\/eldiario.bolivia\\\/\",\"https:\\\/\\\/x.com\\\/eldiario_net\"]},{\"@type\":\"Person\",\"@id\":\"https:\\\/\\\/www.eldiario.net\\\/portal\\\/#\\\/schema\\\/person\\\/2c57cf2b7a7ae032e449e4c9b1019eac\",\"name\":\"Jeanette\",\"image\":{\"@type\":\"ImageObject\",\"inLanguage\":\"es\",\"@id\":\"https:\\\/\\\/secure.gravatar.com\\\/avatar\\\/3ea2118a5f7dad2b7138b1187a6b7ee55f160b9968b66013c3a3ef39dd7e5798?s=96&d=mm&r=g\",\"url\":\"https:\\\/\\\/secure.gravatar.com\\\/avatar\\\/3ea2118a5f7dad2b7138b1187a6b7ee55f160b9968b66013c3a3ef39dd7e5798?s=96&d=mm&r=g\",\"contentUrl\":\"https:\\\/\\\/secure.gravatar.com\\\/avatar\\\/3ea2118a5f7dad2b7138b1187a6b7ee55f160b9968b66013c3a3ef39dd7e5798?s=96&d=mm&r=g\",\"caption\":\"Jeanette\"},\"sameAs\":[\"https:\\\/\\\/www.eldiario.net\\\/portal\"],\"url\":\"https:\\\/\\\/www.eldiario.net\\\/portal\\\/author\\\/jeanette\\\/\"}]}<\/script>\n<!-- \/ Yoast SEO plugin. -->","yoast_head_json":{"title":"El caos y el poder, una mirada cr\u00edtica a la pol\u00edtica en Bolivia - El Diario - Bolivia","robots":{"index":"index","follow":"follow","max-snippet":"max-snippet:-1","max-image-preview":"max-image-preview:large","max-video-preview":"max-video-preview:-1"},"canonical":"https:\/\/www.eldiario.net\/portal\/2025\/08\/31\/el-caos-y-el-poder-una-mirada-critica-a-la-politica-en-bolivia\/","og_locale":"es_ES","og_type":"article","og_title":"El caos y el poder, una mirada cr\u00edtica a la pol\u00edtica en Bolivia - El Diario - Bolivia","og_description":"La pol\u00edtica boliviana atraviesa un escenario complejo, donde el poder ya no se ejerce \u00fanicamente a trav\u00e9s de las leyes y normas establecidas, sino tambi\u00e9n desde la manipulaci\u00f3n, el caos y el desorden. Quien ignore esta realidad, corre el riesgo de caer en una ingenuidad peligrosa. En el contexto actual, asumir que Evo Morales y [&hellip;]","og_url":"https:\/\/www.eldiario.net\/portal\/2025\/08\/31\/el-caos-y-el-poder-una-mirada-critica-a-la-politica-en-bolivia\/","og_site_name":"El Diario - Bolivia","article_publisher":"https:\/\/www.facebook.com\/eldiario.bolivia\/","article_published_time":"2025-08-31T12:16:24+00:00","og_image":[{"width":1200,"height":628,"url":"https:\/\/www.eldiario.net\/portal\/wp-content\/uploads\/2023\/06\/Marcelo-Miranda-Loayza.jpg","type":"image\/jpeg"}],"author":"Jeanette","twitter_card":"summary_large_image","twitter_creator":"@eldiario_net","twitter_site":"@eldiario_net","twitter_misc":{"Escrito por":"Jeanette","Tiempo de lectura":"4 minutos"},"schema":{"@context":"https:\/\/schema.org","@graph":[{"@type":"Article","@id":"https:\/\/www.eldiario.net\/portal\/2025\/08\/31\/el-caos-y-el-poder-una-mirada-critica-a-la-politica-en-bolivia\/#article","isPartOf":{"@id":"https:\/\/www.eldiario.net\/portal\/2025\/08\/31\/el-caos-y-el-poder-una-mirada-critica-a-la-politica-en-bolivia\/"},"author":{"name":"Jeanette","@id":"https:\/\/www.eldiario.net\/portal\/#\/schema\/person\/2c57cf2b7a7ae032e449e4c9b1019eac"},"headline":"El caos y el poder, una mirada cr\u00edtica a la pol\u00edtica en Bolivia","datePublished":"2025-08-31T12:16:24+00:00","mainEntityOfPage":{"@id":"https:\/\/www.eldiario.net\/portal\/2025\/08\/31\/el-caos-y-el-poder-una-mirada-critica-a-la-politica-en-bolivia\/"},"wordCount":830,"publisher":{"@id":"https:\/\/www.eldiario.net\/portal\/#organization"},"image":{"@id":"https:\/\/www.eldiario.net\/portal\/2025\/08\/31\/el-caos-y-el-poder-una-mirada-critica-a-la-politica-en-bolivia\/#primaryimage"},"thumbnailUrl":"https:\/\/www.eldiario.net\/portal\/wp-content\/uploads\/2023\/06\/Marcelo-Miranda-Loayza.jpg","articleSection":["Opini\u00f3n"],"inLanguage":"es"},{"@type":"WebPage","@id":"https:\/\/www.eldiario.net\/portal\/2025\/08\/31\/el-caos-y-el-poder-una-mirada-critica-a-la-politica-en-bolivia\/","url":"https:\/\/www.eldiario.net\/portal\/2025\/08\/31\/el-caos-y-el-poder-una-mirada-critica-a-la-politica-en-bolivia\/","name":"El caos y el poder, una mirada cr\u00edtica a la pol\u00edtica en Bolivia - El Diario - Bolivia","isPartOf":{"@id":"https:\/\/www.eldiario.net\/portal\/#website"},"primaryImageOfPage":{"@id":"https:\/\/www.eldiario.net\/portal\/2025\/08\/31\/el-caos-y-el-poder-una-mirada-critica-a-la-politica-en-bolivia\/#primaryimage"},"image":{"@id":"https:\/\/www.eldiario.net\/portal\/2025\/08\/31\/el-caos-y-el-poder-una-mirada-critica-a-la-politica-en-bolivia\/#primaryimage"},"thumbnailUrl":"https:\/\/www.eldiario.net\/portal\/wp-content\/uploads\/2023\/06\/Marcelo-Miranda-Loayza.jpg","datePublished":"2025-08-31T12:16:24+00:00","breadcrumb":{"@id":"https:\/\/www.eldiario.net\/portal\/2025\/08\/31\/el-caos-y-el-poder-una-mirada-critica-a-la-politica-en-bolivia\/#breadcrumb"},"inLanguage":"es","potentialAction":[{"@type":"ReadAction","target":["https:\/\/www.eldiario.net\/portal\/2025\/08\/31\/el-caos-y-el-poder-una-mirada-critica-a-la-politica-en-bolivia\/"]}]},{"@type":"ImageObject","inLanguage":"es","@id":"https:\/\/www.eldiario.net\/portal\/2025\/08\/31\/el-caos-y-el-poder-una-mirada-critica-a-la-politica-en-bolivia\/#primaryimage","url":"https:\/\/www.eldiario.net\/portal\/wp-content\/uploads\/2023\/06\/Marcelo-Miranda-Loayza.jpg","contentUrl":"https:\/\/www.eldiario.net\/portal\/wp-content\/uploads\/2023\/06\/Marcelo-Miranda-Loayza.jpg","width":1200,"height":628,"caption":"Marcelo Miranda Loayza"},{"@type":"BreadcrumbList","@id":"https:\/\/www.eldiario.net\/portal\/2025\/08\/31\/el-caos-y-el-poder-una-mirada-critica-a-la-politica-en-bolivia\/#breadcrumb","itemListElement":[{"@type":"ListItem","position":1,"name":"Portada","item":"https:\/\/www.eldiario.net\/portal\/"},{"@type":"ListItem","position":2,"name":"El caos y el poder, una mirada cr\u00edtica a la pol\u00edtica en Bolivia"}]},{"@type":"WebSite","@id":"https:\/\/www.eldiario.net\/portal\/#website","url":"https:\/\/www.eldiario.net\/portal\/","name":"El Diario - Decano de la prensa nacional","description":"El Diario - Decano de la prensa nacional","publisher":{"@id":"https:\/\/www.eldiario.net\/portal\/#organization"},"potentialAction":[{"@type":"SearchAction","target":{"@type":"EntryPoint","urlTemplate":"https:\/\/www.eldiario.net\/portal\/?s={search_term_string}"},"query-input":{"@type":"PropertyValueSpecification","valueRequired":true,"valueName":"search_term_string"}}],"inLanguage":"es"},{"@type":"Organization","@id":"https:\/\/www.eldiario.net\/portal\/#organization","name":"El Diario - Decano de la prensa nacional","url":"https:\/\/www.eldiario.net\/portal\/","logo":{"@type":"ImageObject","inLanguage":"es","@id":"https:\/\/www.eldiario.net\/portal\/#\/schema\/logo\/image\/","url":"https:\/\/www.eldiario.net\/portal\/wp-content\/uploads\/2023\/07\/logo_ED.jpg","contentUrl":"https:\/\/www.eldiario.net\/portal\/wp-content\/uploads\/2023\/07\/logo_ED.jpg","width":272,"height":52,"caption":"El Diario - Decano de la prensa nacional"},"image":{"@id":"https:\/\/www.eldiario.net\/portal\/#\/schema\/logo\/image\/"},"sameAs":["https:\/\/www.facebook.com\/eldiario.bolivia\/","https:\/\/x.com\/eldiario_net"]},{"@type":"Person","@id":"https:\/\/www.eldiario.net\/portal\/#\/schema\/person\/2c57cf2b7a7ae032e449e4c9b1019eac","name":"Jeanette","image":{"@type":"ImageObject","inLanguage":"es","@id":"https:\/\/secure.gravatar.com\/avatar\/3ea2118a5f7dad2b7138b1187a6b7ee55f160b9968b66013c3a3ef39dd7e5798?s=96&d=mm&r=g","url":"https:\/\/secure.gravatar.com\/avatar\/3ea2118a5f7dad2b7138b1187a6b7ee55f160b9968b66013c3a3ef39dd7e5798?s=96&d=mm&r=g","contentUrl":"https:\/\/secure.gravatar.com\/avatar\/3ea2118a5f7dad2b7138b1187a6b7ee55f160b9968b66013c3a3ef39dd7e5798?s=96&d=mm&r=g","caption":"Jeanette"},"sameAs":["https:\/\/www.eldiario.net\/portal"],"url":"https:\/\/www.eldiario.net\/portal\/author\/jeanette\/"}]}},"_links":{"self":[{"href":"https:\/\/www.eldiario.net\/portal\/wp-json\/wp\/v2\/posts\/327928","targetHints":{"allow":["GET"]}}],"collection":[{"href":"https:\/\/www.eldiario.net\/portal\/wp-json\/wp\/v2\/posts"}],"about":[{"href":"https:\/\/www.eldiario.net\/portal\/wp-json\/wp\/v2\/types\/post"}],"author":[{"embeddable":true,"href":"https:\/\/www.eldiario.net\/portal\/wp-json\/wp\/v2\/users\/1"}],"replies":[{"embeddable":true,"href":"https:\/\/www.eldiario.net\/portal\/wp-json\/wp\/v2\/comments?post=327928"}],"version-history":[{"count":1,"href":"https:\/\/www.eldiario.net\/portal\/wp-json\/wp\/v2\/posts\/327928\/revisions"}],"predecessor-version":[{"id":327929,"href":"https:\/\/www.eldiario.net\/portal\/wp-json\/wp\/v2\/posts\/327928\/revisions\/327929"}],"wp:featuredmedia":[{"embeddable":true,"href":"https:\/\/www.eldiario.net\/portal\/wp-json\/wp\/v2\/media\/161861"}],"wp:attachment":[{"href":"https:\/\/www.eldiario.net\/portal\/wp-json\/wp\/v2\/media?parent=327928"}],"wp:term":[{"taxonomy":"category","embeddable":true,"href":"https:\/\/www.eldiario.net\/portal\/wp-json\/wp\/v2\/categories?post=327928"},{"taxonomy":"post_tag","embeddable":true,"href":"https:\/\/www.eldiario.net\/portal\/wp-json\/wp\/v2\/tags?post=327928"}],"curies":[{"name":"wp","href":"https:\/\/api.w.org\/{rel}","templated":true}]}}