{"id":327926,"date":"2025-08-31T08:15:55","date_gmt":"2025-08-31T12:15:55","guid":{"rendered":"https:\/\/www.eldiario.net\/portal\/?p=327926"},"modified":"2025-08-31T08:15:55","modified_gmt":"2025-08-31T12:15:55","slug":"insoslayable-juicio-de-responsabilidades-a-evo-morales","status":"publish","type":"post","link":"https:\/\/www.eldiario.net\/portal\/2025\/08\/31\/insoslayable-juicio-de-responsabilidades-a-evo-morales\/","title":{"rendered":"Insoslayable Juicio de Responsabilidades a Evo Morales"},"content":{"rendered":"<p>El Juicio de Responsabilidades contra Jeanine A\u00f1ez abrir\u00e1 las puertas al insoslayable Juicio de Responsabilidades a Evo Morales, por delitos cometidos en el ejercicio de la Presidencia, que abarcan aspectos tan sensibles como la violaci\u00f3n del Referendo Constitucional del 21 de febrero de 2016, la masacre en el Hotel Las Am\u00e9ricas, la quema de la Chiquitania, hasta la Gran Estafa del Fondo Ind\u00edgena, entre otros.<br \/>\nEn la actualidad existen tres aspectos importantes que viabilizan esta acci\u00f3n de justicia, gracias al voto ciudadano que ha cambiado la correlaci\u00f3n de fuerzas en el escenario pol\u00edtico y en la misma organizaci\u00f3n del Estado:<br \/>\nEn primer lugar, un Fiscal General del Estado electo por dos tercios en la Asamblea Legislativa Plurinacional, no se trata de un funcionario interino, tampoco fue elegido durante el mandato del expresidente Evo Morales. Se supone que actuar\u00e1 con imparcialidad, y cuya obligaci\u00f3n es, con base en la proposici\u00f3n acusatoria recibida y con los antecedentes que pudiera acumular, en el plazo m\u00e1ximo de 30 d\u00edas h\u00e1biles, formular el requerimiento acusatorio.<br \/>\nEn segundo lugar, se tiene una nueva Asamblea Legislativa, donde las fuerzas que representan al masismo son minor\u00eda, 10 diputados, mientras que el evismo no tiene representaci\u00f3n. Es necesario destacar, que desde el a\u00f1o 2002 el MAS, y de manera muy particular, la regi\u00f3n del Chapare, tuvo una representaci\u00f3n parlamentaria muy significativa en senadores y diputados. Resulta, que el nuevo parlamento tendr\u00e1 que autorizar el Juicio de Responsabilidades contra Morales, donde existe una mayor\u00eda notable de fuerzas pol\u00edticas ajenas al MAS. La Comisi\u00f3n Mixta de Justicia Plural, Ministerio P\u00fablico y Defensa Legal del Estado, conocer\u00e1 el requerimiento acusatorio e informar\u00e1 al Pleno de la Asamblea Legislativa a efectos de la autorizaci\u00f3n legislativa. El Legislativo, por decisi\u00f3n de al menos dos tercios de los miembros presentes, conceder\u00e1 la autorizaci\u00f3n de juzgamiento y remitir\u00e1 todos los antecedentes a la Sala Plena del Tribunal Supremo de Justicia (TSJ).<br \/>\nEn tercer lugar, se tiene conformado &#8211;por voto ciudadano&#8211; a los nuevos magistrados del TSJ, que se constituir\u00e1 como tribunal colegiado en pleno y en \u00fanica instancia para juzgar al ex presidente Evo Morales y sus colaboradores, sin recurso ulterior.<br \/>\nEs importante, que los nuevos legisladores puedan despachar los antiguos Juicios de Responsabilidades acumulados en la Comisi\u00f3n Mixta de Justicia Plural desde hace a\u00f1os, ya que muchos de ellos se encuentran con contenidos de prescripci\u00f3n por el tiempo transcurrido, otros por ser declarados en rebeld\u00eda muchos de los imputados, de manera que cualquier nuevo Juicio de Responsabilidades no quede a la espera de la resoluci\u00f3n de estos casos previos. Considerando que esta es una deuda pendiente que tiene la Asamblea Legislativa con la justicia y con el pa\u00eds, es menester que asuma su responsabilidad.<br \/>\nTres aspectos m\u00e1s a considerar:<br \/>\nEl juicio se sustanciar\u00e1 en forma oral, p\u00fablica, continua y contradictoria hasta que se dicte sentencia.<br \/>\nLa acusaci\u00f3n ser\u00e1 planteada y sostenida por el Fiscal General del Estado.<br \/>\nLa Sentencia ser\u00e1 pronunciada por dos tercios de los miembros del Tribunal Supremo de Justicia, nuevos magistrados electos por voto ciudadano el 15 de diciembre de 2024, es decir, son magistrados que no le deben favores a ning\u00fan partido.<br \/>\nEste es un momento importante para la vida pol\u00edtica del pa\u00eds, el Juicio de Responsabilidades contra Evo Morales es una oportunidad para mantener viva la memoria colectiva, para que la justicia sea realidad y para evitar otros procesos o v\u00edas que no son legales ni pertinentes.<\/p>\n<p>El autor es analista pol\u00edtico e investigador.<\/p>\n","protected":false},"excerpt":{"rendered":"<p>El Juicio de Responsabilidades contra Jeanine A\u00f1ez abrir\u00e1 las puertas al insoslayable Juicio de Responsabilidades a Evo Morales, por delitos cometidos en el ejercicio de la Presidencia, que abarcan aspectos tan sensibles como la violaci\u00f3n del Referendo Constitucional del 21 de febrero de 2016, la masacre en el Hotel Las Am\u00e9ricas, la quema de la [&hellip;]<\/p>\n","protected":false},"author":1,"featured_media":326272,"comment_status":"closed","ping_status":"open","sticky":false,"template":"","format":"standard","meta":{"_acf_changed":false,"footnotes":""},"categories":[9],"tags":[],"class_list":["post-327926","post","type-post","status-publish","format-standard","has-post-thumbnail","category-opinion"],"acf":{"antetitulo":""},"yoast_head":"<!-- This site is optimized with the Yoast SEO plugin v28.4 - https:\/\/yoast.com\/product\/yoast-seo-wordpress\/ -->\n<title>Insoslayable Juicio de Responsabilidades a Evo Morales - El Diario - Bolivia<\/title>\n<meta name=\"robots\" content=\"index, follow, max-snippet:-1, max-image-preview:large, max-video-preview:-1\" \/>\n<link rel=\"canonical\" href=\"https:\/\/www.eldiario.net\/portal\/2025\/08\/31\/insoslayable-juicio-de-responsabilidades-a-evo-morales\/\" \/>\n<meta property=\"og:locale\" content=\"es_ES\" \/>\n<meta property=\"og:type\" content=\"article\" \/>\n<meta property=\"og:title\" content=\"Insoslayable Juicio de Responsabilidades a Evo Morales - El Diario - Bolivia\" \/>\n<meta property=\"og:description\" content=\"El Juicio de Responsabilidades contra Jeanine A\u00f1ez abrir\u00e1 las puertas al insoslayable Juicio de Responsabilidades a Evo Morales, por delitos cometidos en el ejercicio de la Presidencia, que abarcan aspectos tan sensibles como la violaci\u00f3n del Referendo Constitucional del 21 de febrero de 2016, la masacre en el Hotel Las Am\u00e9ricas, la quema de la [&hellip;]\" \/>\n<meta property=\"og:url\" content=\"https:\/\/www.eldiario.net\/portal\/2025\/08\/31\/insoslayable-juicio-de-responsabilidades-a-evo-morales\/\" \/>\n<meta property=\"og:site_name\" content=\"El Diario - Bolivia\" \/>\n<meta property=\"article:publisher\" content=\"https:\/\/www.facebook.com\/eldiario.bolivia\/\" \/>\n<meta property=\"article:published_time\" content=\"2025-08-31T12:15:55+00:00\" \/>\n<meta property=\"og:image\" content=\"https:\/\/www.eldiario.net\/portal\/wp-content\/uploads\/2025\/08\/Manuel-Morales-Alvarez.webp\" \/>\n\t<meta property=\"og:image:width\" content=\"1200\" \/>\n\t<meta property=\"og:image:height\" content=\"628\" \/>\n\t<meta property=\"og:image:type\" content=\"image\/webp\" \/>\n<meta name=\"author\" content=\"Jeanette\" \/>\n<meta name=\"twitter:card\" content=\"summary_large_image\" \/>\n<meta name=\"twitter:creator\" content=\"@eldiario_net\" \/>\n<meta name=\"twitter:site\" content=\"@eldiario_net\" \/>\n<meta name=\"twitter:label1\" content=\"Escrito por\" \/>\n\t<meta name=\"twitter:data1\" content=\"Jeanette\" \/>\n\t<meta name=\"twitter:label2\" content=\"Tiempo de lectura\" \/>\n\t<meta name=\"twitter:data2\" content=\"3 minutos\" \/>\n<script type=\"application\/ld+json\" class=\"yoast-schema-graph\">{\"@context\":\"https:\\\/\\\/schema.org\",\"@graph\":[{\"@type\":\"Article\",\"@id\":\"https:\\\/\\\/www.eldiario.net\\\/portal\\\/2025\\\/08\\\/31\\\/insoslayable-juicio-de-responsabilidades-a-evo-morales\\\/#article\",\"isPartOf\":{\"@id\":\"https:\\\/\\\/www.eldiario.net\\\/portal\\\/2025\\\/08\\\/31\\\/insoslayable-juicio-de-responsabilidades-a-evo-morales\\\/\"},\"author\":{\"name\":\"Jeanette\",\"@id\":\"https:\\\/\\\/www.eldiario.net\\\/portal\\\/#\\\/schema\\\/person\\\/2c57cf2b7a7ae032e449e4c9b1019eac\"},\"headline\":\"Insoslayable Juicio de Responsabilidades a Evo Morales\",\"datePublished\":\"2025-08-31T12:15:55+00:00\",\"mainEntityOfPage\":{\"@id\":\"https:\\\/\\\/www.eldiario.net\\\/portal\\\/2025\\\/08\\\/31\\\/insoslayable-juicio-de-responsabilidades-a-evo-morales\\\/\"},\"wordCount\":613,\"publisher\":{\"@id\":\"https:\\\/\\\/www.eldiario.net\\\/portal\\\/#organization\"},\"image\":{\"@id\":\"https:\\\/\\\/www.eldiario.net\\\/portal\\\/2025\\\/08\\\/31\\\/insoslayable-juicio-de-responsabilidades-a-evo-morales\\\/#primaryimage\"},\"thumbnailUrl\":\"https:\\\/\\\/www.eldiario.net\\\/portal\\\/wp-content\\\/uploads\\\/2025\\\/08\\\/Manuel-Morales-Alvarez.webp\",\"articleSection\":[\"Opini\u00f3n\"],\"inLanguage\":\"es\"},{\"@type\":\"WebPage\",\"@id\":\"https:\\\/\\\/www.eldiario.net\\\/portal\\\/2025\\\/08\\\/31\\\/insoslayable-juicio-de-responsabilidades-a-evo-morales\\\/\",\"url\":\"https:\\\/\\\/www.eldiario.net\\\/portal\\\/2025\\\/08\\\/31\\\/insoslayable-juicio-de-responsabilidades-a-evo-morales\\\/\",\"name\":\"Insoslayable Juicio de Responsabilidades a Evo Morales - El Diario - Bolivia\",\"isPartOf\":{\"@id\":\"https:\\\/\\\/www.eldiario.net\\\/portal\\\/#website\"},\"primaryImageOfPage\":{\"@id\":\"https:\\\/\\\/www.eldiario.net\\\/portal\\\/2025\\\/08\\\/31\\\/insoslayable-juicio-de-responsabilidades-a-evo-morales\\\/#primaryimage\"},\"image\":{\"@id\":\"https:\\\/\\\/www.eldiario.net\\\/portal\\\/2025\\\/08\\\/31\\\/insoslayable-juicio-de-responsabilidades-a-evo-morales\\\/#primaryimage\"},\"thumbnailUrl\":\"https:\\\/\\\/www.eldiario.net\\\/portal\\\/wp-content\\\/uploads\\\/2025\\\/08\\\/Manuel-Morales-Alvarez.webp\",\"datePublished\":\"2025-08-31T12:15:55+00:00\",\"breadcrumb\":{\"@id\":\"https:\\\/\\\/www.eldiario.net\\\/portal\\\/2025\\\/08\\\/31\\\/insoslayable-juicio-de-responsabilidades-a-evo-morales\\\/#breadcrumb\"},\"inLanguage\":\"es\",\"potentialAction\":[{\"@type\":\"ReadAction\",\"target\":[\"https:\\\/\\\/www.eldiario.net\\\/portal\\\/2025\\\/08\\\/31\\\/insoslayable-juicio-de-responsabilidades-a-evo-morales\\\/\"]}]},{\"@type\":\"ImageObject\",\"inLanguage\":\"es\",\"@id\":\"https:\\\/\\\/www.eldiario.net\\\/portal\\\/2025\\\/08\\\/31\\\/insoslayable-juicio-de-responsabilidades-a-evo-morales\\\/#primaryimage\",\"url\":\"https:\\\/\\\/www.eldiario.net\\\/portal\\\/wp-content\\\/uploads\\\/2025\\\/08\\\/Manuel-Morales-Alvarez.webp\",\"contentUrl\":\"https:\\\/\\\/www.eldiario.net\\\/portal\\\/wp-content\\\/uploads\\\/2025\\\/08\\\/Manuel-Morales-Alvarez.webp\",\"width\":1200,\"height\":628,\"caption\":\"Manuel Morales \u00c1lvarez\"},{\"@type\":\"BreadcrumbList\",\"@id\":\"https:\\\/\\\/www.eldiario.net\\\/portal\\\/2025\\\/08\\\/31\\\/insoslayable-juicio-de-responsabilidades-a-evo-morales\\\/#breadcrumb\",\"itemListElement\":[{\"@type\":\"ListItem\",\"position\":1,\"name\":\"Portada\",\"item\":\"https:\\\/\\\/www.eldiario.net\\\/portal\\\/\"},{\"@type\":\"ListItem\",\"position\":2,\"name\":\"Insoslayable Juicio de Responsabilidades a Evo Morales\"}]},{\"@type\":\"WebSite\",\"@id\":\"https:\\\/\\\/www.eldiario.net\\\/portal\\\/#website\",\"url\":\"https:\\\/\\\/www.eldiario.net\\\/portal\\\/\",\"name\":\"El Diario - Decano de la prensa nacional\",\"description\":\"El Diario - Decano de la prensa nacional\",\"publisher\":{\"@id\":\"https:\\\/\\\/www.eldiario.net\\\/portal\\\/#organization\"},\"potentialAction\":[{\"@type\":\"SearchAction\",\"target\":{\"@type\":\"EntryPoint\",\"urlTemplate\":\"https:\\\/\\\/www.eldiario.net\\\/portal\\\/?s={search_term_string}\"},\"query-input\":{\"@type\":\"PropertyValueSpecification\",\"valueRequired\":true,\"valueName\":\"search_term_string\"}}],\"inLanguage\":\"es\"},{\"@type\":\"Organization\",\"@id\":\"https:\\\/\\\/www.eldiario.net\\\/portal\\\/#organization\",\"name\":\"El Diario - Decano de la prensa nacional\",\"url\":\"https:\\\/\\\/www.eldiario.net\\\/portal\\\/\",\"logo\":{\"@type\":\"ImageObject\",\"inLanguage\":\"es\",\"@id\":\"https:\\\/\\\/www.eldiario.net\\\/portal\\\/#\\\/schema\\\/logo\\\/image\\\/\",\"url\":\"https:\\\/\\\/www.eldiario.net\\\/portal\\\/wp-content\\\/uploads\\\/2023\\\/07\\\/logo_ED.jpg\",\"contentUrl\":\"https:\\\/\\\/www.eldiario.net\\\/portal\\\/wp-content\\\/uploads\\\/2023\\\/07\\\/logo_ED.jpg\",\"width\":272,\"height\":52,\"caption\":\"El Diario - Decano de la prensa nacional\"},\"image\":{\"@id\":\"https:\\\/\\\/www.eldiario.net\\\/portal\\\/#\\\/schema\\\/logo\\\/image\\\/\"},\"sameAs\":[\"https:\\\/\\\/www.facebook.com\\\/eldiario.bolivia\\\/\",\"https:\\\/\\\/x.com\\\/eldiario_net\"]},{\"@type\":\"Person\",\"@id\":\"https:\\\/\\\/www.eldiario.net\\\/portal\\\/#\\\/schema\\\/person\\\/2c57cf2b7a7ae032e449e4c9b1019eac\",\"name\":\"Jeanette\",\"image\":{\"@type\":\"ImageObject\",\"inLanguage\":\"es\",\"@id\":\"https:\\\/\\\/secure.gravatar.com\\\/avatar\\\/3ea2118a5f7dad2b7138b1187a6b7ee55f160b9968b66013c3a3ef39dd7e5798?s=96&d=mm&r=g\",\"url\":\"https:\\\/\\\/secure.gravatar.com\\\/avatar\\\/3ea2118a5f7dad2b7138b1187a6b7ee55f160b9968b66013c3a3ef39dd7e5798?s=96&d=mm&r=g\",\"contentUrl\":\"https:\\\/\\\/secure.gravatar.com\\\/avatar\\\/3ea2118a5f7dad2b7138b1187a6b7ee55f160b9968b66013c3a3ef39dd7e5798?s=96&d=mm&r=g\",\"caption\":\"Jeanette\"},\"sameAs\":[\"https:\\\/\\\/www.eldiario.net\\\/portal\"],\"url\":\"https:\\\/\\\/www.eldiario.net\\\/portal\\\/author\\\/jeanette\\\/\"}]}<\/script>\n<!-- \/ Yoast SEO plugin. -->","yoast_head_json":{"title":"Insoslayable Juicio de Responsabilidades a Evo Morales - El Diario - Bolivia","robots":{"index":"index","follow":"follow","max-snippet":"max-snippet:-1","max-image-preview":"max-image-preview:large","max-video-preview":"max-video-preview:-1"},"canonical":"https:\/\/www.eldiario.net\/portal\/2025\/08\/31\/insoslayable-juicio-de-responsabilidades-a-evo-morales\/","og_locale":"es_ES","og_type":"article","og_title":"Insoslayable Juicio de Responsabilidades a Evo Morales - El Diario - Bolivia","og_description":"El Juicio de Responsabilidades contra Jeanine A\u00f1ez abrir\u00e1 las puertas al insoslayable Juicio de Responsabilidades a Evo Morales, por delitos cometidos en el ejercicio de la Presidencia, que abarcan aspectos tan sensibles como la violaci\u00f3n del Referendo Constitucional del 21 de febrero de 2016, la masacre en el Hotel Las Am\u00e9ricas, la quema de la [&hellip;]","og_url":"https:\/\/www.eldiario.net\/portal\/2025\/08\/31\/insoslayable-juicio-de-responsabilidades-a-evo-morales\/","og_site_name":"El Diario - Bolivia","article_publisher":"https:\/\/www.facebook.com\/eldiario.bolivia\/","article_published_time":"2025-08-31T12:15:55+00:00","og_image":[{"width":1200,"height":628,"url":"https:\/\/www.eldiario.net\/portal\/wp-content\/uploads\/2025\/08\/Manuel-Morales-Alvarez.webp","type":"image\/webp"}],"author":"Jeanette","twitter_card":"summary_large_image","twitter_creator":"@eldiario_net","twitter_site":"@eldiario_net","twitter_misc":{"Escrito por":"Jeanette","Tiempo de lectura":"3 minutos"},"schema":{"@context":"https:\/\/schema.org","@graph":[{"@type":"Article","@id":"https:\/\/www.eldiario.net\/portal\/2025\/08\/31\/insoslayable-juicio-de-responsabilidades-a-evo-morales\/#article","isPartOf":{"@id":"https:\/\/www.eldiario.net\/portal\/2025\/08\/31\/insoslayable-juicio-de-responsabilidades-a-evo-morales\/"},"author":{"name":"Jeanette","@id":"https:\/\/www.eldiario.net\/portal\/#\/schema\/person\/2c57cf2b7a7ae032e449e4c9b1019eac"},"headline":"Insoslayable Juicio de Responsabilidades a Evo Morales","datePublished":"2025-08-31T12:15:55+00:00","mainEntityOfPage":{"@id":"https:\/\/www.eldiario.net\/portal\/2025\/08\/31\/insoslayable-juicio-de-responsabilidades-a-evo-morales\/"},"wordCount":613,"publisher":{"@id":"https:\/\/www.eldiario.net\/portal\/#organization"},"image":{"@id":"https:\/\/www.eldiario.net\/portal\/2025\/08\/31\/insoslayable-juicio-de-responsabilidades-a-evo-morales\/#primaryimage"},"thumbnailUrl":"https:\/\/www.eldiario.net\/portal\/wp-content\/uploads\/2025\/08\/Manuel-Morales-Alvarez.webp","articleSection":["Opini\u00f3n"],"inLanguage":"es"},{"@type":"WebPage","@id":"https:\/\/www.eldiario.net\/portal\/2025\/08\/31\/insoslayable-juicio-de-responsabilidades-a-evo-morales\/","url":"https:\/\/www.eldiario.net\/portal\/2025\/08\/31\/insoslayable-juicio-de-responsabilidades-a-evo-morales\/","name":"Insoslayable Juicio de Responsabilidades a Evo Morales - El Diario - Bolivia","isPartOf":{"@id":"https:\/\/www.eldiario.net\/portal\/#website"},"primaryImageOfPage":{"@id":"https:\/\/www.eldiario.net\/portal\/2025\/08\/31\/insoslayable-juicio-de-responsabilidades-a-evo-morales\/#primaryimage"},"image":{"@id":"https:\/\/www.eldiario.net\/portal\/2025\/08\/31\/insoslayable-juicio-de-responsabilidades-a-evo-morales\/#primaryimage"},"thumbnailUrl":"https:\/\/www.eldiario.net\/portal\/wp-content\/uploads\/2025\/08\/Manuel-Morales-Alvarez.webp","datePublished":"2025-08-31T12:15:55+00:00","breadcrumb":{"@id":"https:\/\/www.eldiario.net\/portal\/2025\/08\/31\/insoslayable-juicio-de-responsabilidades-a-evo-morales\/#breadcrumb"},"inLanguage":"es","potentialAction":[{"@type":"ReadAction","target":["https:\/\/www.eldiario.net\/portal\/2025\/08\/31\/insoslayable-juicio-de-responsabilidades-a-evo-morales\/"]}]},{"@type":"ImageObject","inLanguage":"es","@id":"https:\/\/www.eldiario.net\/portal\/2025\/08\/31\/insoslayable-juicio-de-responsabilidades-a-evo-morales\/#primaryimage","url":"https:\/\/www.eldiario.net\/portal\/wp-content\/uploads\/2025\/08\/Manuel-Morales-Alvarez.webp","contentUrl":"https:\/\/www.eldiario.net\/portal\/wp-content\/uploads\/2025\/08\/Manuel-Morales-Alvarez.webp","width":1200,"height":628,"caption":"Manuel Morales \u00c1lvarez"},{"@type":"BreadcrumbList","@id":"https:\/\/www.eldiario.net\/portal\/2025\/08\/31\/insoslayable-juicio-de-responsabilidades-a-evo-morales\/#breadcrumb","itemListElement":[{"@type":"ListItem","position":1,"name":"Portada","item":"https:\/\/www.eldiario.net\/portal\/"},{"@type":"ListItem","position":2,"name":"Insoslayable Juicio de Responsabilidades a Evo Morales"}]},{"@type":"WebSite","@id":"https:\/\/www.eldiario.net\/portal\/#website","url":"https:\/\/www.eldiario.net\/portal\/","name":"El Diario - Decano de la prensa nacional","description":"El Diario - Decano de la prensa nacional","publisher":{"@id":"https:\/\/www.eldiario.net\/portal\/#organization"},"potentialAction":[{"@type":"SearchAction","target":{"@type":"EntryPoint","urlTemplate":"https:\/\/www.eldiario.net\/portal\/?s={search_term_string}"},"query-input":{"@type":"PropertyValueSpecification","valueRequired":true,"valueName":"search_term_string"}}],"inLanguage":"es"},{"@type":"Organization","@id":"https:\/\/www.eldiario.net\/portal\/#organization","name":"El Diario - Decano de la prensa nacional","url":"https:\/\/www.eldiario.net\/portal\/","logo":{"@type":"ImageObject","inLanguage":"es","@id":"https:\/\/www.eldiario.net\/portal\/#\/schema\/logo\/image\/","url":"https:\/\/www.eldiario.net\/portal\/wp-content\/uploads\/2023\/07\/logo_ED.jpg","contentUrl":"https:\/\/www.eldiario.net\/portal\/wp-content\/uploads\/2023\/07\/logo_ED.jpg","width":272,"height":52,"caption":"El Diario - Decano de la prensa nacional"},"image":{"@id":"https:\/\/www.eldiario.net\/portal\/#\/schema\/logo\/image\/"},"sameAs":["https:\/\/www.facebook.com\/eldiario.bolivia\/","https:\/\/x.com\/eldiario_net"]},{"@type":"Person","@id":"https:\/\/www.eldiario.net\/portal\/#\/schema\/person\/2c57cf2b7a7ae032e449e4c9b1019eac","name":"Jeanette","image":{"@type":"ImageObject","inLanguage":"es","@id":"https:\/\/secure.gravatar.com\/avatar\/3ea2118a5f7dad2b7138b1187a6b7ee55f160b9968b66013c3a3ef39dd7e5798?s=96&d=mm&r=g","url":"https:\/\/secure.gravatar.com\/avatar\/3ea2118a5f7dad2b7138b1187a6b7ee55f160b9968b66013c3a3ef39dd7e5798?s=96&d=mm&r=g","contentUrl":"https:\/\/secure.gravatar.com\/avatar\/3ea2118a5f7dad2b7138b1187a6b7ee55f160b9968b66013c3a3ef39dd7e5798?s=96&d=mm&r=g","caption":"Jeanette"},"sameAs":["https:\/\/www.eldiario.net\/portal"],"url":"https:\/\/www.eldiario.net\/portal\/author\/jeanette\/"}]}},"_links":{"self":[{"href":"https:\/\/www.eldiario.net\/portal\/wp-json\/wp\/v2\/posts\/327926","targetHints":{"allow":["GET"]}}],"collection":[{"href":"https:\/\/www.eldiario.net\/portal\/wp-json\/wp\/v2\/posts"}],"about":[{"href":"https:\/\/www.eldiario.net\/portal\/wp-json\/wp\/v2\/types\/post"}],"author":[{"embeddable":true,"href":"https:\/\/www.eldiario.net\/portal\/wp-json\/wp\/v2\/users\/1"}],"replies":[{"embeddable":true,"href":"https:\/\/www.eldiario.net\/portal\/wp-json\/wp\/v2\/comments?post=327926"}],"version-history":[{"count":1,"href":"https:\/\/www.eldiario.net\/portal\/wp-json\/wp\/v2\/posts\/327926\/revisions"}],"predecessor-version":[{"id":327927,"href":"https:\/\/www.eldiario.net\/portal\/wp-json\/wp\/v2\/posts\/327926\/revisions\/327927"}],"wp:featuredmedia":[{"embeddable":true,"href":"https:\/\/www.eldiario.net\/portal\/wp-json\/wp\/v2\/media\/326272"}],"wp:attachment":[{"href":"https:\/\/www.eldiario.net\/portal\/wp-json\/wp\/v2\/media?parent=327926"}],"wp:term":[{"taxonomy":"category","embeddable":true,"href":"https:\/\/www.eldiario.net\/portal\/wp-json\/wp\/v2\/categories?post=327926"},{"taxonomy":"post_tag","embeddable":true,"href":"https:\/\/www.eldiario.net\/portal\/wp-json\/wp\/v2\/tags?post=327926"}],"curies":[{"name":"wp","href":"https:\/\/api.w.org\/{rel}","templated":true}]}}