{"id":327919,"date":"2025-08-31T08:14:52","date_gmt":"2025-08-31T12:14:52","guid":{"rendered":"https:\/\/www.eldiario.net\/portal\/?p=327919"},"modified":"2025-08-31T08:14:52","modified_gmt":"2025-08-31T12:14:52","slug":"pobreza-y-necesidades-basicas-insatisfechas-van-en-aumento","status":"publish","type":"post","link":"https:\/\/www.eldiario.net\/portal\/2025\/08\/31\/pobreza-y-necesidades-basicas-insatisfechas-van-en-aumento\/","title":{"rendered":"Pobreza y necesidades b\u00e1sicas  insatisfechas van en aumento"},"content":{"rendered":"<p>La pobreza en Bolivia va en aumento debido a las pol\u00edticas err\u00f3neas implementadas por la actual administraci\u00f3n del Estado, el Movimiento al Socialismo (MAS) que sigue anunciando que mejoraron la calidad de vida, pero los datos del Censo muestran retroceso en la lucha contra la pobreza, as\u00ed como en las necesidades b\u00e1sicas satisfechas. A pesar de la bonanza econ\u00f3mica, Bolivia no dio el salto a la diversificaci\u00f3n de productos y tampoco pudo hacer despegar el litio, ahora espera por tecnolog\u00eda nueva para avanzar en su industrializaci\u00f3n.<br \/>\nLa primera impresi\u00f3n del economista y docente de la Universidad T\u00e9cnica de Oruro (UTO), Ernesto Bernal, respecto a la presentaci\u00f3n de los datos del Censo, es la diferencia en relaci\u00f3n con la muestra preliminar realizada, y cree que obedece a algunos ajustes de datos que no lo ten\u00edan claro o no quer\u00edan mostrar.<br \/>\nDe entrada, se\u00f1ala que la informaci\u00f3n presentada muestra a los departamentos con mayor poblaci\u00f3n, en donde Santa Cruz lidera, seguido de La Paz y luego Cochabamba, sin embargo, pone \u00e9nfasis en la poblaci\u00f3n en edad de trabajar de 15 a 75 a\u00f1os.<br \/>\nPara el analista econ\u00f3mico, eso se denomina bono demogr\u00e1fico, es decir hay mayor cantidad de gente que puede contribuir al desarrollo del pa\u00eds, mediante su fuerza laboral, y es un plus para impulsar la econom\u00eda nacional, a comparaci\u00f3n de otros pa\u00edses, como los europeos, en donde su poblaci\u00f3n ya es mayor de edad.<br \/>\nPero muestra preocupaci\u00f3n por el incremento de la pobreza en los \u00faltimos a\u00f1os y lament\u00f3 que no se tenga informaci\u00f3n de la encuesta de hogares de datos de este indicador, de 2022 y 2023, que en principio fueron publicados por el Instituto Nacional de Estad\u00edstica (INE), luego fue retirado.<br \/>\n\u201c(El INE) pone lo que le conviene y saca lo que no le conviene\u201d, apunt\u00f3 y respecto al bono demogr\u00e1fico, afirm\u00f3 que no hay pol\u00edticas claras, eficientes para aprovechar este indicador al 100%, y generar empleos, ante el nivel de desempleo alto en el pa\u00eds, por lo que llama a las nuevas autoridades a tomar esos datos para crear pol\u00edticas en favor de los j\u00f3venes.<br \/>\nBernal es claro al indicar que el pa\u00eds debe aprovechar el bono demogr\u00e1fico, as\u00ed como lo hacen otras naciones, para que, llegado el momento, los nuevos recursos humanos podr\u00e1n mantener a las personas de mayor edad con su fuerza de trabajo.<\/p>\n<p>Necesidades<br \/>\ninsatisfechas<br \/>\n\u201cBolivia pas\u00f3 del 2012 al 2024 de tener 45% de su poblaci\u00f3n con necesidades b\u00e1sicas insatisfechas a 70%\u201d, critica en su cuenta @andrespucci, Andr\u00e9s Pucci.<br \/>\nLamentan que 20 a\u00f1os de populismo de izquierda, liderizado por el Movimiento al Socialismo, haya provocado que 7 de cada 10 bolivianos vivan en la pobreza, pobreza moderada, indigencia o marginalidad, a pesar de los recursos que ingresaron por la venta de gas natural a mercados de Brasil y Argentina.<br \/>\nSeg\u00fan los datos oficiales del Censo 2024 presentado por el INE, s\u00f3lo el 30% de la poblaci\u00f3n en Bolivia tiene las necesidades b\u00e1sicas satisfechas, el 70% restante se encuentra en el umbral de la pobreza, pobreza moderada, indigencia y marginalidad, se\u00f1ala la ANF en su cuenta de X.<\/p>\n<p>Datos del Censo<br \/>\npara planificar<br \/>\nPor su parte, el presidente del Colegio Departamental de Economistas de Tarija, Fernando Romero, destac\u00f3 el informe presentado por el INE, aunque un poco a destiempo, \u201cel nuevo gobierno podr\u00e1 utilizar toda esa informaci\u00f3n para reestructurar y planificar de una mejor manera su plan de gobierno, en lo econ\u00f3mico y social\u201d.<br \/>\nMientras Bernal sostiene que los datos del Censo tienen que servir para hacer pol\u00edticas de desarrollo, ya que con los mismos se puede plantear una nueva distribuci\u00f3n de recursos, as\u00ed como avanzar en el pacto fiscal, por ello hace eco de las recomendaciones de organismos internacionales que se\u00f1alan el Censo se debe realizar cada 10 a\u00f1os para tener informaci\u00f3n y aplicar en las pol\u00edticas p\u00fablicas.<\/p>\n<p>Datos<br \/>\nTambi\u00e9n Romero destaca, al igual que Bernal, sobre la casi paridad de g\u00e9nero, 50%-50%, adem\u00e1s subraya que 7 de 10 ciudadanos viven en el \u00e1rea urbana, lo que muestra que poco a poco las manchas urbanas van avanzando y absorben al \u00e1rea rural.<br \/>\nExplic\u00f3 que ya hay ciudades devoradas demogr\u00e1ficamente, como ocurre en Cochabamba con Quillacolo o en Tarija con San Lorenzo. Otro detalle de los datos del Censo, es que las necesidades no satisfechas y el \u00edndice de pobreza, son altos, de acuerdo con el INE.<br \/>\nRomero reiter\u00f3 que la informaci\u00f3n es importante para la planificaci\u00f3n de corto y largo plazo, as\u00ed como para optimizar recursos. \u201cLa elaboraci\u00f3n de un plan estrat\u00e9gico nos indicar\u00e1 en d\u00f3nde estamos y saber a d\u00f3nde ir. La informaci\u00f3n tambi\u00e9n puede ser utilizada por los municipios, universidades, empresarios y el Gobierno Central\u201d, sostuvo.<br \/>\nEl consultor financiero Jaime Dunn, en entrevista con medios de prensa, puntualiz\u00f3 que los anuncios de m\u00e1s bonos, s\u00f3lo indica que buscan mayor pobreza y no su liberaci\u00f3n econ\u00f3mica.<br \/>\nComo se recordar\u00e1, el Gobierno aplica la redistribuci\u00f3n de los ingresos del gas a trav\u00e9s de la entrega de bonos a las familias y, recientemente, candidatos a la presidencia anunciaron incrementar los montos para satisfacer sus necesidades.<\/p>\n\r\n                <style type=\"text\/css\">\r\n                    \r\n                    #tdi_1  .td-doubleSlider-2 .td-item1 {\r\n                        background: url(https:\/\/www.eldiario.net\/portal\/wp-content\/uploads\/2025\/08\/censo-3-80x60.webp) 0 0 no-repeat;\r\n                    }\r\n                    #tdi_1  .td-doubleSlider-2 .td-item2 {\r\n                        background: url(https:\/\/www.eldiario.net\/portal\/wp-content\/uploads\/2025\/08\/censo-1-80x60.webp) 0 0 no-repeat;\r\n                    }\r\n                    #tdi_1  .td-doubleSlider-2 .td-item3 {\r\n                        background: url(https:\/\/www.eldiario.net\/portal\/wp-content\/uploads\/2025\/08\/censo-2-80x60.webp) 0 0 no-repeat;\r\n                    }\r\n                <\/style>\r\n\r\n                <div id=\"tdi_1\" class=\"td-gallery td-slide-on-2-columns\">\r\n                    <div class=\"post_td_gallery\">\r\n                        <div class=\"td-gallery-slide-top\">\r\n                           <div class=\"td-gallery-title\"><\/div>\r\n\r\n                            <div class=\"td-gallery-controls-wrapper\">\r\n                                <div class=\"td-gallery-slide-count\"><span class=\"td-gallery-slide-item-focus\">1<\/span> de 3<\/div>\r\n                                <div class=\"td-gallery-slide-prev-next-but\">\r\n                                    <i class = \"td-icon-left doubleSliderPrevButton\"><\/i>\r\n                                    <i class = \"td-icon-right doubleSliderNextButton\"><\/i>\r\n                                <\/div>\r\n                            <\/div>\r\n                        <\/div>\r\n\r\n                        <div class = \"td-doubleSlider-1 \">\r\n                            <div class = \"td-slider\">\r\n                                \r\n                    <div class = \"td-slide-item td-item1\">\r\n                        <figure class=\"td-slide-galery-figure td-slide-popup-gallery\">\r\n                            <a class=\"slide-gallery-image-link\" href=\"https:\/\/www.eldiario.net\/portal\/wp-content\/uploads\/2025\/08\/censo-3.webp\" title=\"censo 3\"  data-caption=\"\"  data-description=\"\">\r\n                                <img decoding=\"async\" src=\"https:\/\/www.eldiario.net\/portal\/wp-content\/uploads\/2025\/08\/censo-3-240x420.webp\" srcset=\"https:\/\/www.eldiario.net\/portal\/wp-content\/uploads\/2025\/08\/censo-3-240x420.webp 240w, https:\/\/www.eldiario.net\/portal\/wp-content\/uploads\/2025\/08\/censo-3-171x300.webp 171w, https:\/\/www.eldiario.net\/portal\/wp-content\/uploads\/2025\/08\/censo-3-150x263.webp 150w, https:\/\/www.eldiario.net\/portal\/wp-content\/uploads\/2025\/08\/censo-3-300x525.webp 300w, https:\/\/www.eldiario.net\/portal\/wp-content\/uploads\/2025\/08\/censo-3.webp 313w\" sizes=\"(max-width: 240px) 100vw, 240px\" alt=\"\">\r\n                            <\/a>\r\n                            \r\n                        <\/figure>\r\n                    <\/div>\r\n                    <div class = \"td-slide-item td-item2\">\r\n                        <figure class=\"td-slide-galery-figure td-slide-popup-gallery\">\r\n                            <a class=\"slide-gallery-image-link\" href=\"https:\/\/www.eldiario.net\/portal\/wp-content\/uploads\/2025\/08\/censo-1.webp\" title=\"censo 1\"  data-caption=\"\"  data-description=\"\">\r\n                                <img decoding=\"async\" src=\"https:\/\/www.eldiario.net\/portal\/wp-content\/uploads\/2025\/08\/censo-1-1014x420.webp\" srcset=\"https:\/\/www.eldiario.net\/portal\/wp-content\/uploads\/2025\/08\/censo-1-1014x420.webp 1014w, https:\/\/www.eldiario.net\/portal\/wp-content\/uploads\/2025\/08\/censo-1-300x124.webp 300w, https:\/\/www.eldiario.net\/portal\/wp-content\/uploads\/2025\/08\/censo-1-1024x424.webp 1024w, https:\/\/www.eldiario.net\/portal\/wp-content\/uploads\/2025\/08\/censo-1-768x318.webp 768w, https:\/\/www.eldiario.net\/portal\/wp-content\/uploads\/2025\/08\/censo-1-150x62.webp 150w, https:\/\/www.eldiario.net\/portal\/wp-content\/uploads\/2025\/08\/censo-1-696x288.webp 696w, https:\/\/www.eldiario.net\/portal\/wp-content\/uploads\/2025\/08\/censo-1.webp 1038w\" sizes=\"(max-width: 1014px) 100vw, 1014px\" alt=\"\">\r\n                            <\/a>\r\n                            \r\n                        <\/figure>\r\n                    <\/div>\r\n                    <div class = \"td-slide-item td-item3\">\r\n                        <figure class=\"td-slide-galery-figure td-slide-popup-gallery\">\r\n                            <a class=\"slide-gallery-image-link\" href=\"https:\/\/www.eldiario.net\/portal\/wp-content\/uploads\/2025\/08\/censo-2.webp\" title=\"censo 2\"  data-caption=\"\"  data-description=\"\">\r\n                                <img decoding=\"async\" src=\"https:\/\/www.eldiario.net\/portal\/wp-content\/uploads\/2025\/08\/censo-2-694x420.webp\" srcset=\"https:\/\/www.eldiario.net\/portal\/wp-content\/uploads\/2025\/08\/censo-2-694x420.webp 694w, https:\/\/www.eldiario.net\/portal\/wp-content\/uploads\/2025\/08\/censo-2-300x181.webp 300w, https:\/\/www.eldiario.net\/portal\/wp-content\/uploads\/2025\/08\/censo-2-1024x619.webp 1024w, https:\/\/www.eldiario.net\/portal\/wp-content\/uploads\/2025\/08\/censo-2-768x465.webp 768w, https:\/\/www.eldiario.net\/portal\/wp-content\/uploads\/2025\/08\/censo-2-150x91.webp 150w, https:\/\/www.eldiario.net\/portal\/wp-content\/uploads\/2025\/08\/censo-2-696x421.webp 696w, https:\/\/www.eldiario.net\/portal\/wp-content\/uploads\/2025\/08\/censo-2-1068x646.webp 1068w, https:\/\/www.eldiario.net\/portal\/wp-content\/uploads\/2025\/08\/censo-2.webp 1177w\" sizes=\"(max-width: 694px) 100vw, 694px\" alt=\"\">\r\n                            <\/a>\r\n                            \r\n                        <\/figure>\r\n                    <\/div>\r\n                            <\/div>\r\n                        <\/div>\r\n\r\n                        <div class = \"td-doubleSlider-2\">\r\n                            <div class = \"td-slider\">\r\n                                \r\n                    <div class = \"td-button td-item1\">\r\n                        <div class = \"td-border\"><\/div>\r\n                    <\/div>\r\n                    <div class = \"td-button td-item2\">\r\n                        <div class = \"td-border\"><\/div>\r\n                    <\/div>\r\n                    <div class = \"td-button td-item3\">\r\n                        <div class = \"td-border\"><\/div>\r\n                    <\/div>\r\n                            <\/div>\r\n                        <\/div>\r\n\r\n                    <\/div>\r\n\r\n                <\/div>\r\n                \n","protected":false},"excerpt":{"rendered":"<p>La pobreza en Bolivia va en aumento debido a las pol\u00edticas err\u00f3neas implementadas por la actual administraci\u00f3n del Estado, el Movimiento al Socialismo (MAS) que sigue anunciando que mejoraron la calidad de vida, pero los datos del Censo muestran retroceso en la lucha contra la pobreza, as\u00ed como en las necesidades b\u00e1sicas satisfechas. A pesar [&hellip;]<\/p>\n","protected":false},"author":1,"featured_media":327922,"comment_status":"closed","ping_status":"open","sticky":false,"template":"","format":"standard","meta":{"_acf_changed":false,"footnotes":""},"categories":[7],"tags":[],"class_list":["post-327919","post","type-post","status-publish","format-standard","has-post-thumbnail","category-economia"],"acf":{"antetitulo":"Por pol\u00edticas gubernamentales err\u00f3neas   "},"yoast_head":"<!-- This site is optimized with the Yoast SEO plugin v28.4 - https:\/\/yoast.com\/product\/yoast-seo-wordpress\/ -->\n<title>Pobreza y necesidades b\u00e1sicas insatisfechas van en aumento - El Diario - Bolivia<\/title>\n<meta name=\"robots\" content=\"index, follow, max-snippet:-1, max-image-preview:large, max-video-preview:-1\" \/>\n<link rel=\"canonical\" href=\"https:\/\/www.eldiario.net\/portal\/2025\/08\/31\/pobreza-y-necesidades-basicas-insatisfechas-van-en-aumento\/\" \/>\n<meta property=\"og:locale\" content=\"es_ES\" \/>\n<meta property=\"og:type\" content=\"article\" \/>\n<meta property=\"og:title\" content=\"Pobreza y necesidades b\u00e1sicas insatisfechas van en aumento - El Diario - Bolivia\" \/>\n<meta property=\"og:description\" content=\"La pobreza en Bolivia va en aumento debido a las pol\u00edticas err\u00f3neas implementadas por la actual administraci\u00f3n del Estado, el Movimiento al Socialismo (MAS) que sigue anunciando que mejoraron la calidad de vida, pero los datos del Censo muestran retroceso en la lucha contra la pobreza, as\u00ed como en las necesidades b\u00e1sicas satisfechas. A pesar [&hellip;]\" \/>\n<meta property=\"og:url\" content=\"https:\/\/www.eldiario.net\/portal\/2025\/08\/31\/pobreza-y-necesidades-basicas-insatisfechas-van-en-aumento\/\" \/>\n<meta property=\"og:site_name\" content=\"El Diario - Bolivia\" \/>\n<meta property=\"article:publisher\" content=\"https:\/\/www.facebook.com\/eldiario.bolivia\/\" \/>\n<meta property=\"article:published_time\" content=\"2025-08-31T12:14:52+00:00\" \/>\n<meta property=\"og:image\" content=\"https:\/\/www.eldiario.net\/portal\/wp-content\/uploads\/2025\/08\/censo-2.webp\" \/>\n\t<meta property=\"og:image:width\" content=\"1177\" \/>\n\t<meta property=\"og:image:height\" content=\"712\" \/>\n\t<meta property=\"og:image:type\" content=\"image\/webp\" \/>\n<meta name=\"author\" content=\"Jeanette\" \/>\n<meta name=\"twitter:card\" content=\"summary_large_image\" \/>\n<meta name=\"twitter:creator\" content=\"@eldiario_net\" \/>\n<meta name=\"twitter:site\" content=\"@eldiario_net\" \/>\n<meta name=\"twitter:label1\" content=\"Escrito por\" \/>\n\t<meta name=\"twitter:data1\" content=\"Jeanette\" \/>\n\t<meta name=\"twitter:label2\" content=\"Tiempo de lectura\" \/>\n\t<meta name=\"twitter:data2\" content=\"5 minutos\" \/>\n<script type=\"application\/ld+json\" class=\"yoast-schema-graph\">{\"@context\":\"https:\\\/\\\/schema.org\",\"@graph\":[{\"@type\":\"Article\",\"@id\":\"https:\\\/\\\/www.eldiario.net\\\/portal\\\/2025\\\/08\\\/31\\\/pobreza-y-necesidades-basicas-insatisfechas-van-en-aumento\\\/#article\",\"isPartOf\":{\"@id\":\"https:\\\/\\\/www.eldiario.net\\\/portal\\\/2025\\\/08\\\/31\\\/pobreza-y-necesidades-basicas-insatisfechas-van-en-aumento\\\/\"},\"author\":{\"name\":\"Jeanette\",\"@id\":\"https:\\\/\\\/www.eldiario.net\\\/portal\\\/#\\\/schema\\\/person\\\/2c57cf2b7a7ae032e449e4c9b1019eac\"},\"headline\":\"Pobreza y necesidades b\u00e1sicas insatisfechas van en aumento\",\"datePublished\":\"2025-08-31T12:14:52+00:00\",\"mainEntityOfPage\":{\"@id\":\"https:\\\/\\\/www.eldiario.net\\\/portal\\\/2025\\\/08\\\/31\\\/pobreza-y-necesidades-basicas-insatisfechas-van-en-aumento\\\/\"},\"wordCount\":915,\"publisher\":{\"@id\":\"https:\\\/\\\/www.eldiario.net\\\/portal\\\/#organization\"},\"image\":{\"@id\":\"https:\\\/\\\/www.eldiario.net\\\/portal\\\/2025\\\/08\\\/31\\\/pobreza-y-necesidades-basicas-insatisfechas-van-en-aumento\\\/#primaryimage\"},\"thumbnailUrl\":\"https:\\\/\\\/www.eldiario.net\\\/portal\\\/wp-content\\\/uploads\\\/2025\\\/08\\\/censo-2.webp\",\"articleSection\":[\"Econom\u00eda\"],\"inLanguage\":\"es\"},{\"@type\":\"WebPage\",\"@id\":\"https:\\\/\\\/www.eldiario.net\\\/portal\\\/2025\\\/08\\\/31\\\/pobreza-y-necesidades-basicas-insatisfechas-van-en-aumento\\\/\",\"url\":\"https:\\\/\\\/www.eldiario.net\\\/portal\\\/2025\\\/08\\\/31\\\/pobreza-y-necesidades-basicas-insatisfechas-van-en-aumento\\\/\",\"name\":\"Pobreza y necesidades b\u00e1sicas insatisfechas van en aumento - El Diario - Bolivia\",\"isPartOf\":{\"@id\":\"https:\\\/\\\/www.eldiario.net\\\/portal\\\/#website\"},\"primaryImageOfPage\":{\"@id\":\"https:\\\/\\\/www.eldiario.net\\\/portal\\\/2025\\\/08\\\/31\\\/pobreza-y-necesidades-basicas-insatisfechas-van-en-aumento\\\/#primaryimage\"},\"image\":{\"@id\":\"https:\\\/\\\/www.eldiario.net\\\/portal\\\/2025\\\/08\\\/31\\\/pobreza-y-necesidades-basicas-insatisfechas-van-en-aumento\\\/#primaryimage\"},\"thumbnailUrl\":\"https:\\\/\\\/www.eldiario.net\\\/portal\\\/wp-content\\\/uploads\\\/2025\\\/08\\\/censo-2.webp\",\"datePublished\":\"2025-08-31T12:14:52+00:00\",\"breadcrumb\":{\"@id\":\"https:\\\/\\\/www.eldiario.net\\\/portal\\\/2025\\\/08\\\/31\\\/pobreza-y-necesidades-basicas-insatisfechas-van-en-aumento\\\/#breadcrumb\"},\"inLanguage\":\"es\",\"potentialAction\":[{\"@type\":\"ReadAction\",\"target\":[\"https:\\\/\\\/www.eldiario.net\\\/portal\\\/2025\\\/08\\\/31\\\/pobreza-y-necesidades-basicas-insatisfechas-van-en-aumento\\\/\"]}]},{\"@type\":\"ImageObject\",\"inLanguage\":\"es\",\"@id\":\"https:\\\/\\\/www.eldiario.net\\\/portal\\\/2025\\\/08\\\/31\\\/pobreza-y-necesidades-basicas-insatisfechas-van-en-aumento\\\/#primaryimage\",\"url\":\"https:\\\/\\\/www.eldiario.net\\\/portal\\\/wp-content\\\/uploads\\\/2025\\\/08\\\/censo-2.webp\",\"contentUrl\":\"https:\\\/\\\/www.eldiario.net\\\/portal\\\/wp-content\\\/uploads\\\/2025\\\/08\\\/censo-2.webp\",\"width\":1177,\"height\":712},{\"@type\":\"BreadcrumbList\",\"@id\":\"https:\\\/\\\/www.eldiario.net\\\/portal\\\/2025\\\/08\\\/31\\\/pobreza-y-necesidades-basicas-insatisfechas-van-en-aumento\\\/#breadcrumb\",\"itemListElement\":[{\"@type\":\"ListItem\",\"position\":1,\"name\":\"Portada\",\"item\":\"https:\\\/\\\/www.eldiario.net\\\/portal\\\/\"},{\"@type\":\"ListItem\",\"position\":2,\"name\":\"Pobreza y necesidades b\u00e1sicas insatisfechas van en aumento\"}]},{\"@type\":\"WebSite\",\"@id\":\"https:\\\/\\\/www.eldiario.net\\\/portal\\\/#website\",\"url\":\"https:\\\/\\\/www.eldiario.net\\\/portal\\\/\",\"name\":\"El Diario - Decano de la prensa nacional\",\"description\":\"El Diario - Decano de la prensa nacional\",\"publisher\":{\"@id\":\"https:\\\/\\\/www.eldiario.net\\\/portal\\\/#organization\"},\"potentialAction\":[{\"@type\":\"SearchAction\",\"target\":{\"@type\":\"EntryPoint\",\"urlTemplate\":\"https:\\\/\\\/www.eldiario.net\\\/portal\\\/?s={search_term_string}\"},\"query-input\":{\"@type\":\"PropertyValueSpecification\",\"valueRequired\":true,\"valueName\":\"search_term_string\"}}],\"inLanguage\":\"es\"},{\"@type\":\"Organization\",\"@id\":\"https:\\\/\\\/www.eldiario.net\\\/portal\\\/#organization\",\"name\":\"El Diario - Decano de la prensa nacional\",\"url\":\"https:\\\/\\\/www.eldiario.net\\\/portal\\\/\",\"logo\":{\"@type\":\"ImageObject\",\"inLanguage\":\"es\",\"@id\":\"https:\\\/\\\/www.eldiario.net\\\/portal\\\/#\\\/schema\\\/logo\\\/image\\\/\",\"url\":\"https:\\\/\\\/www.eldiario.net\\\/portal\\\/wp-content\\\/uploads\\\/2023\\\/07\\\/logo_ED.jpg\",\"contentUrl\":\"https:\\\/\\\/www.eldiario.net\\\/portal\\\/wp-content\\\/uploads\\\/2023\\\/07\\\/logo_ED.jpg\",\"width\":272,\"height\":52,\"caption\":\"El Diario - Decano de la prensa nacional\"},\"image\":{\"@id\":\"https:\\\/\\\/www.eldiario.net\\\/portal\\\/#\\\/schema\\\/logo\\\/image\\\/\"},\"sameAs\":[\"https:\\\/\\\/www.facebook.com\\\/eldiario.bolivia\\\/\",\"https:\\\/\\\/x.com\\\/eldiario_net\"]},{\"@type\":\"Person\",\"@id\":\"https:\\\/\\\/www.eldiario.net\\\/portal\\\/#\\\/schema\\\/person\\\/2c57cf2b7a7ae032e449e4c9b1019eac\",\"name\":\"Jeanette\",\"image\":{\"@type\":\"ImageObject\",\"inLanguage\":\"es\",\"@id\":\"https:\\\/\\\/secure.gravatar.com\\\/avatar\\\/3ea2118a5f7dad2b7138b1187a6b7ee55f160b9968b66013c3a3ef39dd7e5798?s=96&d=mm&r=g\",\"url\":\"https:\\\/\\\/secure.gravatar.com\\\/avatar\\\/3ea2118a5f7dad2b7138b1187a6b7ee55f160b9968b66013c3a3ef39dd7e5798?s=96&d=mm&r=g\",\"contentUrl\":\"https:\\\/\\\/secure.gravatar.com\\\/avatar\\\/3ea2118a5f7dad2b7138b1187a6b7ee55f160b9968b66013c3a3ef39dd7e5798?s=96&d=mm&r=g\",\"caption\":\"Jeanette\"},\"sameAs\":[\"https:\\\/\\\/www.eldiario.net\\\/portal\"],\"url\":\"https:\\\/\\\/www.eldiario.net\\\/portal\\\/author\\\/jeanette\\\/\"}]}<\/script>\n<!-- \/ Yoast SEO plugin. -->","yoast_head_json":{"title":"Pobreza y necesidades b\u00e1sicas insatisfechas van en aumento - El Diario - Bolivia","robots":{"index":"index","follow":"follow","max-snippet":"max-snippet:-1","max-image-preview":"max-image-preview:large","max-video-preview":"max-video-preview:-1"},"canonical":"https:\/\/www.eldiario.net\/portal\/2025\/08\/31\/pobreza-y-necesidades-basicas-insatisfechas-van-en-aumento\/","og_locale":"es_ES","og_type":"article","og_title":"Pobreza y necesidades b\u00e1sicas insatisfechas van en aumento - El Diario - Bolivia","og_description":"La pobreza en Bolivia va en aumento debido a las pol\u00edticas err\u00f3neas implementadas por la actual administraci\u00f3n del Estado, el Movimiento al Socialismo (MAS) que sigue anunciando que mejoraron la calidad de vida, pero los datos del Censo muestran retroceso en la lucha contra la pobreza, as\u00ed como en las necesidades b\u00e1sicas satisfechas. A pesar [&hellip;]","og_url":"https:\/\/www.eldiario.net\/portal\/2025\/08\/31\/pobreza-y-necesidades-basicas-insatisfechas-van-en-aumento\/","og_site_name":"El Diario - Bolivia","article_publisher":"https:\/\/www.facebook.com\/eldiario.bolivia\/","article_published_time":"2025-08-31T12:14:52+00:00","og_image":[{"width":1177,"height":712,"url":"https:\/\/www.eldiario.net\/portal\/wp-content\/uploads\/2025\/08\/censo-2.webp","type":"image\/webp"}],"author":"Jeanette","twitter_card":"summary_large_image","twitter_creator":"@eldiario_net","twitter_site":"@eldiario_net","twitter_misc":{"Escrito por":"Jeanette","Tiempo de lectura":"5 minutos"},"schema":{"@context":"https:\/\/schema.org","@graph":[{"@type":"Article","@id":"https:\/\/www.eldiario.net\/portal\/2025\/08\/31\/pobreza-y-necesidades-basicas-insatisfechas-van-en-aumento\/#article","isPartOf":{"@id":"https:\/\/www.eldiario.net\/portal\/2025\/08\/31\/pobreza-y-necesidades-basicas-insatisfechas-van-en-aumento\/"},"author":{"name":"Jeanette","@id":"https:\/\/www.eldiario.net\/portal\/#\/schema\/person\/2c57cf2b7a7ae032e449e4c9b1019eac"},"headline":"Pobreza y necesidades b\u00e1sicas insatisfechas van en aumento","datePublished":"2025-08-31T12:14:52+00:00","mainEntityOfPage":{"@id":"https:\/\/www.eldiario.net\/portal\/2025\/08\/31\/pobreza-y-necesidades-basicas-insatisfechas-van-en-aumento\/"},"wordCount":915,"publisher":{"@id":"https:\/\/www.eldiario.net\/portal\/#organization"},"image":{"@id":"https:\/\/www.eldiario.net\/portal\/2025\/08\/31\/pobreza-y-necesidades-basicas-insatisfechas-van-en-aumento\/#primaryimage"},"thumbnailUrl":"https:\/\/www.eldiario.net\/portal\/wp-content\/uploads\/2025\/08\/censo-2.webp","articleSection":["Econom\u00eda"],"inLanguage":"es"},{"@type":"WebPage","@id":"https:\/\/www.eldiario.net\/portal\/2025\/08\/31\/pobreza-y-necesidades-basicas-insatisfechas-van-en-aumento\/","url":"https:\/\/www.eldiario.net\/portal\/2025\/08\/31\/pobreza-y-necesidades-basicas-insatisfechas-van-en-aumento\/","name":"Pobreza y necesidades b\u00e1sicas insatisfechas van en aumento - El Diario - Bolivia","isPartOf":{"@id":"https:\/\/www.eldiario.net\/portal\/#website"},"primaryImageOfPage":{"@id":"https:\/\/www.eldiario.net\/portal\/2025\/08\/31\/pobreza-y-necesidades-basicas-insatisfechas-van-en-aumento\/#primaryimage"},"image":{"@id":"https:\/\/www.eldiario.net\/portal\/2025\/08\/31\/pobreza-y-necesidades-basicas-insatisfechas-van-en-aumento\/#primaryimage"},"thumbnailUrl":"https:\/\/www.eldiario.net\/portal\/wp-content\/uploads\/2025\/08\/censo-2.webp","datePublished":"2025-08-31T12:14:52+00:00","breadcrumb":{"@id":"https:\/\/www.eldiario.net\/portal\/2025\/08\/31\/pobreza-y-necesidades-basicas-insatisfechas-van-en-aumento\/#breadcrumb"},"inLanguage":"es","potentialAction":[{"@type":"ReadAction","target":["https:\/\/www.eldiario.net\/portal\/2025\/08\/31\/pobreza-y-necesidades-basicas-insatisfechas-van-en-aumento\/"]}]},{"@type":"ImageObject","inLanguage":"es","@id":"https:\/\/www.eldiario.net\/portal\/2025\/08\/31\/pobreza-y-necesidades-basicas-insatisfechas-van-en-aumento\/#primaryimage","url":"https:\/\/www.eldiario.net\/portal\/wp-content\/uploads\/2025\/08\/censo-2.webp","contentUrl":"https:\/\/www.eldiario.net\/portal\/wp-content\/uploads\/2025\/08\/censo-2.webp","width":1177,"height":712},{"@type":"BreadcrumbList","@id":"https:\/\/www.eldiario.net\/portal\/2025\/08\/31\/pobreza-y-necesidades-basicas-insatisfechas-van-en-aumento\/#breadcrumb","itemListElement":[{"@type":"ListItem","position":1,"name":"Portada","item":"https:\/\/www.eldiario.net\/portal\/"},{"@type":"ListItem","position":2,"name":"Pobreza y necesidades b\u00e1sicas insatisfechas van en aumento"}]},{"@type":"WebSite","@id":"https:\/\/www.eldiario.net\/portal\/#website","url":"https:\/\/www.eldiario.net\/portal\/","name":"El Diario - Decano de la prensa nacional","description":"El Diario - Decano de la prensa nacional","publisher":{"@id":"https:\/\/www.eldiario.net\/portal\/#organization"},"potentialAction":[{"@type":"SearchAction","target":{"@type":"EntryPoint","urlTemplate":"https:\/\/www.eldiario.net\/portal\/?s={search_term_string}"},"query-input":{"@type":"PropertyValueSpecification","valueRequired":true,"valueName":"search_term_string"}}],"inLanguage":"es"},{"@type":"Organization","@id":"https:\/\/www.eldiario.net\/portal\/#organization","name":"El Diario - Decano de la prensa nacional","url":"https:\/\/www.eldiario.net\/portal\/","logo":{"@type":"ImageObject","inLanguage":"es","@id":"https:\/\/www.eldiario.net\/portal\/#\/schema\/logo\/image\/","url":"https:\/\/www.eldiario.net\/portal\/wp-content\/uploads\/2023\/07\/logo_ED.jpg","contentUrl":"https:\/\/www.eldiario.net\/portal\/wp-content\/uploads\/2023\/07\/logo_ED.jpg","width":272,"height":52,"caption":"El Diario - Decano de la prensa nacional"},"image":{"@id":"https:\/\/www.eldiario.net\/portal\/#\/schema\/logo\/image\/"},"sameAs":["https:\/\/www.facebook.com\/eldiario.bolivia\/","https:\/\/x.com\/eldiario_net"]},{"@type":"Person","@id":"https:\/\/www.eldiario.net\/portal\/#\/schema\/person\/2c57cf2b7a7ae032e449e4c9b1019eac","name":"Jeanette","image":{"@type":"ImageObject","inLanguage":"es","@id":"https:\/\/secure.gravatar.com\/avatar\/3ea2118a5f7dad2b7138b1187a6b7ee55f160b9968b66013c3a3ef39dd7e5798?s=96&d=mm&r=g","url":"https:\/\/secure.gravatar.com\/avatar\/3ea2118a5f7dad2b7138b1187a6b7ee55f160b9968b66013c3a3ef39dd7e5798?s=96&d=mm&r=g","contentUrl":"https:\/\/secure.gravatar.com\/avatar\/3ea2118a5f7dad2b7138b1187a6b7ee55f160b9968b66013c3a3ef39dd7e5798?s=96&d=mm&r=g","caption":"Jeanette"},"sameAs":["https:\/\/www.eldiario.net\/portal"],"url":"https:\/\/www.eldiario.net\/portal\/author\/jeanette\/"}]}},"_links":{"self":[{"href":"https:\/\/www.eldiario.net\/portal\/wp-json\/wp\/v2\/posts\/327919","targetHints":{"allow":["GET"]}}],"collection":[{"href":"https:\/\/www.eldiario.net\/portal\/wp-json\/wp\/v2\/posts"}],"about":[{"href":"https:\/\/www.eldiario.net\/portal\/wp-json\/wp\/v2\/types\/post"}],"author":[{"embeddable":true,"href":"https:\/\/www.eldiario.net\/portal\/wp-json\/wp\/v2\/users\/1"}],"replies":[{"embeddable":true,"href":"https:\/\/www.eldiario.net\/portal\/wp-json\/wp\/v2\/comments?post=327919"}],"version-history":[{"count":1,"href":"https:\/\/www.eldiario.net\/portal\/wp-json\/wp\/v2\/posts\/327919\/revisions"}],"predecessor-version":[{"id":327923,"href":"https:\/\/www.eldiario.net\/portal\/wp-json\/wp\/v2\/posts\/327919\/revisions\/327923"}],"wp:featuredmedia":[{"embeddable":true,"href":"https:\/\/www.eldiario.net\/portal\/wp-json\/wp\/v2\/media\/327922"}],"wp:attachment":[{"href":"https:\/\/www.eldiario.net\/portal\/wp-json\/wp\/v2\/media?parent=327919"}],"wp:term":[{"taxonomy":"category","embeddable":true,"href":"https:\/\/www.eldiario.net\/portal\/wp-json\/wp\/v2\/categories?post=327919"},{"taxonomy":"post_tag","embeddable":true,"href":"https:\/\/www.eldiario.net\/portal\/wp-json\/wp\/v2\/tags?post=327919"}],"curies":[{"name":"wp","href":"https:\/\/api.w.org\/{rel}","templated":true}]}}