{"id":327916,"date":"2025-08-31T08:13:40","date_gmt":"2025-08-31T12:13:40","guid":{"rendered":"https:\/\/www.eldiario.net\/portal\/?p=327916"},"modified":"2025-08-31T08:13:40","modified_gmt":"2025-08-31T12:13:40","slug":"ferroviaria-andina-denuncia-robo-de-rieles-en-quillacas","status":"publish","type":"post","link":"https:\/\/www.eldiario.net\/portal\/2025\/08\/31\/ferroviaria-andina-denuncia-robo-de-rieles-en-quillacas\/","title":{"rendered":"Ferroviaria Andina denuncia  robo de rieles en Quillacas"},"content":{"rendered":"<p>Ferroviaria Andina S.A. informa a la opini\u00f3n p\u00fablica y a las autoridades competentes, que se detect\u00f3 el robo de rieles ferroviarios en la zona de operaciones de Quillacas (Oruro), afectando la infraestructura concesionada por el Estado boliviano, provocando el descarrilamiento de una de sus locomotoras.<br \/>\n\u201cEste hecho constituye un atentado contra la integridad f\u00edsica de nuestros ferroviarios y la seguridad del transporte ferroviario y del patrimonio del pa\u00eds. Se han presentado denuncias formales ante la Polic\u00eda y el Ministerio P\u00fablico para que las investigaciones den con los culpables del hecho\u201d, se\u00f1ala el comunicado de la compa\u00f1\u00eda.<br \/>\nLa empresa resalt\u00f3 que existen personas sentenciadas por hechos similares en el pasado y advirti\u00f3 que en este caso suceder\u00e1 lo mismo.<br \/>\nEn junio del a\u00f1o pasado, la Ferroviaria Andina report\u00f3 que logr\u00f3 una condena contra un implicado en el robo de m\u00e1s de un kil\u00f3metro de rieles en Carbajal, zona Maranni Toko, a 40 kil\u00f3metros aproximadamente de la ciudad de Sucre.<br \/>\nLa compa\u00f1\u00eda pidi\u00f3 a las autoridades municipales establecer mayores controles y medidas de seguridad.<br \/>\n\u201cFerroviaria Andina ratifica su compromiso con la seguridad, la legalidad y la defensa de los bienes que forman parte del contrato de concesi\u00f3n suscrito con el Estado boliviano\u201d, indica otra parte del documento.<br \/>\nEl robo de rieles es una pr\u00e1ctica promovida por el precio que pagan las fundidoras por este material, sin embargo, tiene un alto riesgo para las personas, que van en tren a destinos tur\u00edsticos.<br \/>\nAvasallamiento<br \/>\nPero no s\u00f3lo sufre de robo de rieles, sino que en mayo denunci\u00f3 p\u00fablicamente el avasallamiento ilegal de \u00e1reas operativas bajo su responsabilidad en el municipio de Viacha, por parte de grupos de loteadores que han iniciado acciones para apropiarse indebidamente de terrenos que pertenecen al Estado boliviano y forman parte del contrato de concesi\u00f3n de la ferroviaria.<br \/>\n\u201cNo permitiremos que se vulnere el contrato de concesi\u00f3n ni que se atente contra terrenos que pertenecen al Estado. Defenderemos estos espacios con todos los mecanismos legales disponibles\u201d, advirti\u00f3 Javier Villegas, vocero de la empresa, en esa oportunidad.<\/p>\n","protected":false},"excerpt":{"rendered":"<p>Ferroviaria Andina S.A. informa a la opini\u00f3n p\u00fablica y a las autoridades competentes, que se detect\u00f3 el robo de rieles ferroviarios en la zona de operaciones de Quillacas (Oruro), afectando la infraestructura concesionada por el Estado boliviano, provocando el descarrilamiento de una de sus locomotoras. \u201cEste hecho constituye un atentado contra la integridad f\u00edsica de [&hellip;]<\/p>\n","protected":false},"author":1,"featured_media":327917,"comment_status":"closed","ping_status":"open","sticky":false,"template":"","format":"standard","meta":{"_acf_changed":false,"footnotes":""},"categories":[7],"tags":[],"class_list":["post-327916","post","type-post","status-publish","format-standard","has-post-thumbnail","category-economia"],"acf":{"antetitulo":""},"yoast_head":"<!-- This site is optimized with the Yoast SEO plugin v28.4 - https:\/\/yoast.com\/product\/yoast-seo-wordpress\/ -->\n<title>Ferroviaria Andina denuncia robo de rieles en Quillacas - El Diario - Bolivia<\/title>\n<meta name=\"robots\" content=\"index, follow, max-snippet:-1, max-image-preview:large, max-video-preview:-1\" \/>\n<link rel=\"canonical\" href=\"https:\/\/www.eldiario.net\/portal\/2025\/08\/31\/ferroviaria-andina-denuncia-robo-de-rieles-en-quillacas\/\" \/>\n<meta property=\"og:locale\" content=\"es_ES\" \/>\n<meta property=\"og:type\" content=\"article\" \/>\n<meta property=\"og:title\" content=\"Ferroviaria Andina denuncia robo de rieles en Quillacas - El Diario - Bolivia\" \/>\n<meta property=\"og:description\" content=\"Ferroviaria Andina S.A. informa a la opini\u00f3n p\u00fablica y a las autoridades competentes, que se detect\u00f3 el robo de rieles ferroviarios en la zona de operaciones de Quillacas (Oruro), afectando la infraestructura concesionada por el Estado boliviano, provocando el descarrilamiento de una de sus locomotoras. \u201cEste hecho constituye un atentado contra la integridad f\u00edsica de [&hellip;]\" \/>\n<meta property=\"og:url\" content=\"https:\/\/www.eldiario.net\/portal\/2025\/08\/31\/ferroviaria-andina-denuncia-robo-de-rieles-en-quillacas\/\" \/>\n<meta property=\"og:site_name\" content=\"El Diario - Bolivia\" \/>\n<meta property=\"article:publisher\" content=\"https:\/\/www.facebook.com\/eldiario.bolivia\/\" \/>\n<meta property=\"article:published_time\" content=\"2025-08-31T12:13:40+00:00\" \/>\n<meta property=\"og:image\" content=\"https:\/\/www.eldiario.net\/portal\/wp-content\/uploads\/2025\/08\/andina.webp\" \/>\n\t<meta property=\"og:image:width\" content=\"1200\" \/>\n\t<meta property=\"og:image:height\" content=\"1432\" \/>\n\t<meta property=\"og:image:type\" content=\"image\/webp\" \/>\n<meta name=\"author\" content=\"Jeanette\" \/>\n<meta name=\"twitter:card\" content=\"summary_large_image\" \/>\n<meta name=\"twitter:creator\" content=\"@eldiario_net\" \/>\n<meta name=\"twitter:site\" content=\"@eldiario_net\" \/>\n<meta name=\"twitter:label1\" content=\"Escrito por\" \/>\n\t<meta name=\"twitter:data1\" content=\"Jeanette\" \/>\n\t<meta name=\"twitter:label2\" content=\"Tiempo de lectura\" \/>\n\t<meta name=\"twitter:data2\" content=\"2 minutos\" \/>\n<script type=\"application\/ld+json\" class=\"yoast-schema-graph\">{\"@context\":\"https:\\\/\\\/schema.org\",\"@graph\":[{\"@type\":\"Article\",\"@id\":\"https:\\\/\\\/www.eldiario.net\\\/portal\\\/2025\\\/08\\\/31\\\/ferroviaria-andina-denuncia-robo-de-rieles-en-quillacas\\\/#article\",\"isPartOf\":{\"@id\":\"https:\\\/\\\/www.eldiario.net\\\/portal\\\/2025\\\/08\\\/31\\\/ferroviaria-andina-denuncia-robo-de-rieles-en-quillacas\\\/\"},\"author\":{\"name\":\"Jeanette\",\"@id\":\"https:\\\/\\\/www.eldiario.net\\\/portal\\\/#\\\/schema\\\/person\\\/2c57cf2b7a7ae032e449e4c9b1019eac\"},\"headline\":\"Ferroviaria Andina denuncia robo de rieles en Quillacas\",\"datePublished\":\"2025-08-31T12:13:40+00:00\",\"mainEntityOfPage\":{\"@id\":\"https:\\\/\\\/www.eldiario.net\\\/portal\\\/2025\\\/08\\\/31\\\/ferroviaria-andina-denuncia-robo-de-rieles-en-quillacas\\\/\"},\"wordCount\":364,\"publisher\":{\"@id\":\"https:\\\/\\\/www.eldiario.net\\\/portal\\\/#organization\"},\"image\":{\"@id\":\"https:\\\/\\\/www.eldiario.net\\\/portal\\\/2025\\\/08\\\/31\\\/ferroviaria-andina-denuncia-robo-de-rieles-en-quillacas\\\/#primaryimage\"},\"thumbnailUrl\":\"https:\\\/\\\/www.eldiario.net\\\/portal\\\/wp-content\\\/uploads\\\/2025\\\/08\\\/andina.webp\",\"articleSection\":[\"Econom\u00eda\"],\"inLanguage\":\"es\"},{\"@type\":\"WebPage\",\"@id\":\"https:\\\/\\\/www.eldiario.net\\\/portal\\\/2025\\\/08\\\/31\\\/ferroviaria-andina-denuncia-robo-de-rieles-en-quillacas\\\/\",\"url\":\"https:\\\/\\\/www.eldiario.net\\\/portal\\\/2025\\\/08\\\/31\\\/ferroviaria-andina-denuncia-robo-de-rieles-en-quillacas\\\/\",\"name\":\"Ferroviaria Andina denuncia robo de rieles en Quillacas - El Diario - Bolivia\",\"isPartOf\":{\"@id\":\"https:\\\/\\\/www.eldiario.net\\\/portal\\\/#website\"},\"primaryImageOfPage\":{\"@id\":\"https:\\\/\\\/www.eldiario.net\\\/portal\\\/2025\\\/08\\\/31\\\/ferroviaria-andina-denuncia-robo-de-rieles-en-quillacas\\\/#primaryimage\"},\"image\":{\"@id\":\"https:\\\/\\\/www.eldiario.net\\\/portal\\\/2025\\\/08\\\/31\\\/ferroviaria-andina-denuncia-robo-de-rieles-en-quillacas\\\/#primaryimage\"},\"thumbnailUrl\":\"https:\\\/\\\/www.eldiario.net\\\/portal\\\/wp-content\\\/uploads\\\/2025\\\/08\\\/andina.webp\",\"datePublished\":\"2025-08-31T12:13:40+00:00\",\"breadcrumb\":{\"@id\":\"https:\\\/\\\/www.eldiario.net\\\/portal\\\/2025\\\/08\\\/31\\\/ferroviaria-andina-denuncia-robo-de-rieles-en-quillacas\\\/#breadcrumb\"},\"inLanguage\":\"es\",\"potentialAction\":[{\"@type\":\"ReadAction\",\"target\":[\"https:\\\/\\\/www.eldiario.net\\\/portal\\\/2025\\\/08\\\/31\\\/ferroviaria-andina-denuncia-robo-de-rieles-en-quillacas\\\/\"]}]},{\"@type\":\"ImageObject\",\"inLanguage\":\"es\",\"@id\":\"https:\\\/\\\/www.eldiario.net\\\/portal\\\/2025\\\/08\\\/31\\\/ferroviaria-andina-denuncia-robo-de-rieles-en-quillacas\\\/#primaryimage\",\"url\":\"https:\\\/\\\/www.eldiario.net\\\/portal\\\/wp-content\\\/uploads\\\/2025\\\/08\\\/andina.webp\",\"contentUrl\":\"https:\\\/\\\/www.eldiario.net\\\/portal\\\/wp-content\\\/uploads\\\/2025\\\/08\\\/andina.webp\",\"width\":1200,\"height\":1432,\"caption\":\"La Locomotora afectada en Quillacas, Oruro.\"},{\"@type\":\"BreadcrumbList\",\"@id\":\"https:\\\/\\\/www.eldiario.net\\\/portal\\\/2025\\\/08\\\/31\\\/ferroviaria-andina-denuncia-robo-de-rieles-en-quillacas\\\/#breadcrumb\",\"itemListElement\":[{\"@type\":\"ListItem\",\"position\":1,\"name\":\"Portada\",\"item\":\"https:\\\/\\\/www.eldiario.net\\\/portal\\\/\"},{\"@type\":\"ListItem\",\"position\":2,\"name\":\"Ferroviaria Andina denuncia robo de rieles en Quillacas\"}]},{\"@type\":\"WebSite\",\"@id\":\"https:\\\/\\\/www.eldiario.net\\\/portal\\\/#website\",\"url\":\"https:\\\/\\\/www.eldiario.net\\\/portal\\\/\",\"name\":\"El Diario - Decano de la prensa nacional\",\"description\":\"El Diario - Decano de la prensa nacional\",\"publisher\":{\"@id\":\"https:\\\/\\\/www.eldiario.net\\\/portal\\\/#organization\"},\"potentialAction\":[{\"@type\":\"SearchAction\",\"target\":{\"@type\":\"EntryPoint\",\"urlTemplate\":\"https:\\\/\\\/www.eldiario.net\\\/portal\\\/?s={search_term_string}\"},\"query-input\":{\"@type\":\"PropertyValueSpecification\",\"valueRequired\":true,\"valueName\":\"search_term_string\"}}],\"inLanguage\":\"es\"},{\"@type\":\"Organization\",\"@id\":\"https:\\\/\\\/www.eldiario.net\\\/portal\\\/#organization\",\"name\":\"El Diario - Decano de la prensa nacional\",\"url\":\"https:\\\/\\\/www.eldiario.net\\\/portal\\\/\",\"logo\":{\"@type\":\"ImageObject\",\"inLanguage\":\"es\",\"@id\":\"https:\\\/\\\/www.eldiario.net\\\/portal\\\/#\\\/schema\\\/logo\\\/image\\\/\",\"url\":\"https:\\\/\\\/www.eldiario.net\\\/portal\\\/wp-content\\\/uploads\\\/2023\\\/07\\\/logo_ED.jpg\",\"contentUrl\":\"https:\\\/\\\/www.eldiario.net\\\/portal\\\/wp-content\\\/uploads\\\/2023\\\/07\\\/logo_ED.jpg\",\"width\":272,\"height\":52,\"caption\":\"El Diario - Decano de la prensa nacional\"},\"image\":{\"@id\":\"https:\\\/\\\/www.eldiario.net\\\/portal\\\/#\\\/schema\\\/logo\\\/image\\\/\"},\"sameAs\":[\"https:\\\/\\\/www.facebook.com\\\/eldiario.bolivia\\\/\",\"https:\\\/\\\/x.com\\\/eldiario_net\"]},{\"@type\":\"Person\",\"@id\":\"https:\\\/\\\/www.eldiario.net\\\/portal\\\/#\\\/schema\\\/person\\\/2c57cf2b7a7ae032e449e4c9b1019eac\",\"name\":\"Jeanette\",\"image\":{\"@type\":\"ImageObject\",\"inLanguage\":\"es\",\"@id\":\"https:\\\/\\\/secure.gravatar.com\\\/avatar\\\/3ea2118a5f7dad2b7138b1187a6b7ee55f160b9968b66013c3a3ef39dd7e5798?s=96&d=mm&r=g\",\"url\":\"https:\\\/\\\/secure.gravatar.com\\\/avatar\\\/3ea2118a5f7dad2b7138b1187a6b7ee55f160b9968b66013c3a3ef39dd7e5798?s=96&d=mm&r=g\",\"contentUrl\":\"https:\\\/\\\/secure.gravatar.com\\\/avatar\\\/3ea2118a5f7dad2b7138b1187a6b7ee55f160b9968b66013c3a3ef39dd7e5798?s=96&d=mm&r=g\",\"caption\":\"Jeanette\"},\"sameAs\":[\"https:\\\/\\\/www.eldiario.net\\\/portal\"],\"url\":\"https:\\\/\\\/www.eldiario.net\\\/portal\\\/author\\\/jeanette\\\/\"}]}<\/script>\n<!-- \/ Yoast SEO plugin. -->","yoast_head_json":{"title":"Ferroviaria Andina denuncia robo de rieles en Quillacas - El Diario - Bolivia","robots":{"index":"index","follow":"follow","max-snippet":"max-snippet:-1","max-image-preview":"max-image-preview:large","max-video-preview":"max-video-preview:-1"},"canonical":"https:\/\/www.eldiario.net\/portal\/2025\/08\/31\/ferroviaria-andina-denuncia-robo-de-rieles-en-quillacas\/","og_locale":"es_ES","og_type":"article","og_title":"Ferroviaria Andina denuncia robo de rieles en Quillacas - El Diario - Bolivia","og_description":"Ferroviaria Andina S.A. informa a la opini\u00f3n p\u00fablica y a las autoridades competentes, que se detect\u00f3 el robo de rieles ferroviarios en la zona de operaciones de Quillacas (Oruro), afectando la infraestructura concesionada por el Estado boliviano, provocando el descarrilamiento de una de sus locomotoras. \u201cEste hecho constituye un atentado contra la integridad f\u00edsica de [&hellip;]","og_url":"https:\/\/www.eldiario.net\/portal\/2025\/08\/31\/ferroviaria-andina-denuncia-robo-de-rieles-en-quillacas\/","og_site_name":"El Diario - Bolivia","article_publisher":"https:\/\/www.facebook.com\/eldiario.bolivia\/","article_published_time":"2025-08-31T12:13:40+00:00","og_image":[{"width":1200,"height":1432,"url":"https:\/\/www.eldiario.net\/portal\/wp-content\/uploads\/2025\/08\/andina.webp","type":"image\/webp"}],"author":"Jeanette","twitter_card":"summary_large_image","twitter_creator":"@eldiario_net","twitter_site":"@eldiario_net","twitter_misc":{"Escrito por":"Jeanette","Tiempo de lectura":"2 minutos"},"schema":{"@context":"https:\/\/schema.org","@graph":[{"@type":"Article","@id":"https:\/\/www.eldiario.net\/portal\/2025\/08\/31\/ferroviaria-andina-denuncia-robo-de-rieles-en-quillacas\/#article","isPartOf":{"@id":"https:\/\/www.eldiario.net\/portal\/2025\/08\/31\/ferroviaria-andina-denuncia-robo-de-rieles-en-quillacas\/"},"author":{"name":"Jeanette","@id":"https:\/\/www.eldiario.net\/portal\/#\/schema\/person\/2c57cf2b7a7ae032e449e4c9b1019eac"},"headline":"Ferroviaria Andina denuncia robo de rieles en Quillacas","datePublished":"2025-08-31T12:13:40+00:00","mainEntityOfPage":{"@id":"https:\/\/www.eldiario.net\/portal\/2025\/08\/31\/ferroviaria-andina-denuncia-robo-de-rieles-en-quillacas\/"},"wordCount":364,"publisher":{"@id":"https:\/\/www.eldiario.net\/portal\/#organization"},"image":{"@id":"https:\/\/www.eldiario.net\/portal\/2025\/08\/31\/ferroviaria-andina-denuncia-robo-de-rieles-en-quillacas\/#primaryimage"},"thumbnailUrl":"https:\/\/www.eldiario.net\/portal\/wp-content\/uploads\/2025\/08\/andina.webp","articleSection":["Econom\u00eda"],"inLanguage":"es"},{"@type":"WebPage","@id":"https:\/\/www.eldiario.net\/portal\/2025\/08\/31\/ferroviaria-andina-denuncia-robo-de-rieles-en-quillacas\/","url":"https:\/\/www.eldiario.net\/portal\/2025\/08\/31\/ferroviaria-andina-denuncia-robo-de-rieles-en-quillacas\/","name":"Ferroviaria Andina denuncia robo de rieles en Quillacas - El Diario - Bolivia","isPartOf":{"@id":"https:\/\/www.eldiario.net\/portal\/#website"},"primaryImageOfPage":{"@id":"https:\/\/www.eldiario.net\/portal\/2025\/08\/31\/ferroviaria-andina-denuncia-robo-de-rieles-en-quillacas\/#primaryimage"},"image":{"@id":"https:\/\/www.eldiario.net\/portal\/2025\/08\/31\/ferroviaria-andina-denuncia-robo-de-rieles-en-quillacas\/#primaryimage"},"thumbnailUrl":"https:\/\/www.eldiario.net\/portal\/wp-content\/uploads\/2025\/08\/andina.webp","datePublished":"2025-08-31T12:13:40+00:00","breadcrumb":{"@id":"https:\/\/www.eldiario.net\/portal\/2025\/08\/31\/ferroviaria-andina-denuncia-robo-de-rieles-en-quillacas\/#breadcrumb"},"inLanguage":"es","potentialAction":[{"@type":"ReadAction","target":["https:\/\/www.eldiario.net\/portal\/2025\/08\/31\/ferroviaria-andina-denuncia-robo-de-rieles-en-quillacas\/"]}]},{"@type":"ImageObject","inLanguage":"es","@id":"https:\/\/www.eldiario.net\/portal\/2025\/08\/31\/ferroviaria-andina-denuncia-robo-de-rieles-en-quillacas\/#primaryimage","url":"https:\/\/www.eldiario.net\/portal\/wp-content\/uploads\/2025\/08\/andina.webp","contentUrl":"https:\/\/www.eldiario.net\/portal\/wp-content\/uploads\/2025\/08\/andina.webp","width":1200,"height":1432,"caption":"La Locomotora afectada en Quillacas, Oruro."},{"@type":"BreadcrumbList","@id":"https:\/\/www.eldiario.net\/portal\/2025\/08\/31\/ferroviaria-andina-denuncia-robo-de-rieles-en-quillacas\/#breadcrumb","itemListElement":[{"@type":"ListItem","position":1,"name":"Portada","item":"https:\/\/www.eldiario.net\/portal\/"},{"@type":"ListItem","position":2,"name":"Ferroviaria Andina denuncia robo de rieles en Quillacas"}]},{"@type":"WebSite","@id":"https:\/\/www.eldiario.net\/portal\/#website","url":"https:\/\/www.eldiario.net\/portal\/","name":"El Diario - Decano de la prensa nacional","description":"El Diario - Decano de la prensa nacional","publisher":{"@id":"https:\/\/www.eldiario.net\/portal\/#organization"},"potentialAction":[{"@type":"SearchAction","target":{"@type":"EntryPoint","urlTemplate":"https:\/\/www.eldiario.net\/portal\/?s={search_term_string}"},"query-input":{"@type":"PropertyValueSpecification","valueRequired":true,"valueName":"search_term_string"}}],"inLanguage":"es"},{"@type":"Organization","@id":"https:\/\/www.eldiario.net\/portal\/#organization","name":"El Diario - Decano de la prensa nacional","url":"https:\/\/www.eldiario.net\/portal\/","logo":{"@type":"ImageObject","inLanguage":"es","@id":"https:\/\/www.eldiario.net\/portal\/#\/schema\/logo\/image\/","url":"https:\/\/www.eldiario.net\/portal\/wp-content\/uploads\/2023\/07\/logo_ED.jpg","contentUrl":"https:\/\/www.eldiario.net\/portal\/wp-content\/uploads\/2023\/07\/logo_ED.jpg","width":272,"height":52,"caption":"El Diario - Decano de la prensa nacional"},"image":{"@id":"https:\/\/www.eldiario.net\/portal\/#\/schema\/logo\/image\/"},"sameAs":["https:\/\/www.facebook.com\/eldiario.bolivia\/","https:\/\/x.com\/eldiario_net"]},{"@type":"Person","@id":"https:\/\/www.eldiario.net\/portal\/#\/schema\/person\/2c57cf2b7a7ae032e449e4c9b1019eac","name":"Jeanette","image":{"@type":"ImageObject","inLanguage":"es","@id":"https:\/\/secure.gravatar.com\/avatar\/3ea2118a5f7dad2b7138b1187a6b7ee55f160b9968b66013c3a3ef39dd7e5798?s=96&d=mm&r=g","url":"https:\/\/secure.gravatar.com\/avatar\/3ea2118a5f7dad2b7138b1187a6b7ee55f160b9968b66013c3a3ef39dd7e5798?s=96&d=mm&r=g","contentUrl":"https:\/\/secure.gravatar.com\/avatar\/3ea2118a5f7dad2b7138b1187a6b7ee55f160b9968b66013c3a3ef39dd7e5798?s=96&d=mm&r=g","caption":"Jeanette"},"sameAs":["https:\/\/www.eldiario.net\/portal"],"url":"https:\/\/www.eldiario.net\/portal\/author\/jeanette\/"}]}},"_links":{"self":[{"href":"https:\/\/www.eldiario.net\/portal\/wp-json\/wp\/v2\/posts\/327916","targetHints":{"allow":["GET"]}}],"collection":[{"href":"https:\/\/www.eldiario.net\/portal\/wp-json\/wp\/v2\/posts"}],"about":[{"href":"https:\/\/www.eldiario.net\/portal\/wp-json\/wp\/v2\/types\/post"}],"author":[{"embeddable":true,"href":"https:\/\/www.eldiario.net\/portal\/wp-json\/wp\/v2\/users\/1"}],"replies":[{"embeddable":true,"href":"https:\/\/www.eldiario.net\/portal\/wp-json\/wp\/v2\/comments?post=327916"}],"version-history":[{"count":1,"href":"https:\/\/www.eldiario.net\/portal\/wp-json\/wp\/v2\/posts\/327916\/revisions"}],"predecessor-version":[{"id":327918,"href":"https:\/\/www.eldiario.net\/portal\/wp-json\/wp\/v2\/posts\/327916\/revisions\/327918"}],"wp:featuredmedia":[{"embeddable":true,"href":"https:\/\/www.eldiario.net\/portal\/wp-json\/wp\/v2\/media\/327917"}],"wp:attachment":[{"href":"https:\/\/www.eldiario.net\/portal\/wp-json\/wp\/v2\/media?parent=327916"}],"wp:term":[{"taxonomy":"category","embeddable":true,"href":"https:\/\/www.eldiario.net\/portal\/wp-json\/wp\/v2\/categories?post=327916"},{"taxonomy":"post_tag","embeddable":true,"href":"https:\/\/www.eldiario.net\/portal\/wp-json\/wp\/v2\/tags?post=327916"}],"curies":[{"name":"wp","href":"https:\/\/api.w.org\/{rel}","templated":true}]}}