{"id":327911,"date":"2025-08-31T08:11:06","date_gmt":"2025-08-31T12:11:06","guid":{"rendered":"https:\/\/www.eldiario.net\/portal\/?p=327911"},"modified":"2025-08-31T08:11:06","modified_gmt":"2025-08-31T12:11:06","slug":"el-paso-del-tiempo-y-el-arte-de-vivir","status":"publish","type":"post","link":"https:\/\/www.eldiario.net\/portal\/2025\/08\/31\/el-paso-del-tiempo-y-el-arte-de-vivir\/","title":{"rendered":"El paso del tiempo y el arte de vivir"},"content":{"rendered":"<p>En uno de los d\u00edas de la Feria del Libro, el 6 de agosto, Bicentenario de Bolivia, luego de dar una conferencia sobre Franz Tamayo, me acerqu\u00e9 junto con mi mam\u00e1 al estand de Yachaywasi y compr\u00e9 un libro que desde hac\u00eda mucho quer\u00eda leer: Tiempo: La dimensi\u00f3n temporal y el arte de vivir (Tusquets, 2017), del fil\u00f3sofo y bi\u00f3grafo alem\u00e1n R\u00fcdiger Safranski, autor de varias biograf\u00edas, entre las que se cuentan una de Schopenhauer, una de Schiller o una de Goethe. Acabo de terminar de leerlo y me pareci\u00f3 fascinante. Se trata de un ensayo dividido en 10 cap\u00edtulos, de lo que el c\u00e9lebre escritor nacido en Rottweil cree que es el tiempo, desde varias perspectivas.<br \/>\nDado que el tiempo es uno de los t\u00f3picos que m\u00e1s obsesi\u00f3n causan en los esp\u00edritus que se preguntan sobre las cuestiones fundamentales de la existencia y la vida, cabe \u2014sobre todo ahora, que tenemos un mundo que parece girar cada vez m\u00e1s r\u00e1pido\u2014 detenernos un momento para reflexionar sobre lo que creemos que es y lo que en realidad es. \u00bfA qui\u00e9n no se le ocurri\u00f3 en alg\u00fan momento de ansiedad o extrema fatiga decirle al mundo: \u201c\u00a1Detente un momento!\u201d? El tiempo es implacable y es una de esas pocas cosas que pasan sin posibilidad de retorno. Por eso los m\u00e1s sabios no dejan que se escurra sin aprovecharlo. Por eso los tontos viven vegetando sin pensar que se va escurriendo por entre las grietas de lo que no ser\u00e1 m\u00e1s. Como no vuelve jam\u00e1s, raz\u00f3n tienen aquellos aforismos que, como el de Lennon, dicen que la verdadera vida es esa que pasa mientras estamos ocupados en los trajines prosaicos de la vida cotidiana.<br \/>\nVarios acad\u00e9micos e intelectuales, como Hartmut Rosa, han trabajado y reflexionado sobre la aceleraci\u00f3n en la vida moderna. En esta obra, Safranski se embarca en un proyecto parecido, sirvi\u00e9ndose de las ideas de cient\u00edficos y fil\u00f3sofos como Albert Einstein o Immanuel Kant.<br \/>\n\u00bfC\u00f3mo habr\u00e1 sido la vida hace unas decenas de miles de a\u00f1os, cuando los seres humanos viv\u00edamos mucho menos tiempo, pero tambi\u00e9n cuando ese tiempo era tal vez el \u201csuficiente\u201d? Me refiero a que, as\u00ed como la naturaleza regula las funciones de los seres en niveles micro y macro, puede que la subjetividad humana de hace miles de a\u00f1os asumiera la breve existencia como la suficiente para una vida m\u00e1s o menos plena. Ciertamente ese tictac que ahora lo marcan las notificaciones de nuestros tel\u00e9fonos o las muchas ocupaciones cotidianas, no exist\u00eda; por ende, debi\u00f3 existir m\u00e1s tiempo de ocio y la reducida dimensi\u00f3n temporal de la vida debi\u00f3 compensarse con aquel.<br \/>\nLas complejas y multiformes maneras de relacionarnos con el tiempo est\u00e1n en nuestra vida cotidiana. No solo fil\u00f3sofos y artistas se cuestionan sobre su paso implacable. Aunque tal vez no con tanta obsesi\u00f3n, tambi\u00e9n lo hace la gente del vulgo. Los j\u00f3venes se deprimen porque envejecen. Los viejos se ponen melanc\u00f3licos porque ven la muerte cada vez m\u00e1s cerca. Como dice Safranski casi al final del libro, nos preocupa nuestra propia ausencia de cuando ya no seamos m\u00e1s. Por lo que sabemos, ni los m\u00e1s sabios ni los m\u00e1s grandes cient\u00edficos pudieron aceptar aquello de que somos polvo y al polvo volveremos, o aquello de que, como dec\u00eda Kant, cuando morimos solo entregaremos a la tierra y al universo eso que estos nos prestaron moment\u00e1neamente. Es dif\u00edcil aceptar tales ideas porque todos tenemos algo muy dentro que ans\u00eda seguir viviendo, que pretende que las cosas no se terminen\u2026 Pero \u00bfc\u00f3mo podemos sufrir si, siendo cristianos, estamos seguros de que hay algo m\u00e1s all\u00e1 todav\u00eda, o si, siendo ateos, sabemos que ya nada m\u00e1s habr\u00e1? No importa: el abismo del no-ser-m\u00e1s-en-el-mundo nos estremece y preocupa.<br \/>\nLo m\u00e1s probable es que con el tiempo la sensaci\u00f3n de escasez de tiempo se vaya incrementando debido a la creciente aceleraci\u00f3n de la vida, por la t\u00e9cnica y la ciencia. Y los sistemas pol\u00edticos y la misma ciencia tendr\u00e1n que lidiar con patolog\u00edas de histeria, depresi\u00f3n y ansiedad, entre otras. Pero ello no deber\u00eda acongojarnos, ya que es posible que la naturaleza compense esto con otras cosas que hoy ni imaginamos. De todos modos, para Safranski, la tensi\u00f3n entre la conciencia subjetiva del temor al paso del tiempo y la conciencia objetiva de que nada deber\u00eda atemorizarnos porque el mundo se mantiene imp\u00e1vido ante nuestra muerte, se mantendr\u00e1 hasta que descubramos ese paso definitivo hacia el no-ser-en-el-mundo. Lo \u00fanico que podemos hacer es tolerarlo y tratar de disfrutar el viaje.<\/p>\n<p>Ignacio Vera de Rada es polit\u00f3logo y comunicador social.<\/p>\n","protected":false},"excerpt":{"rendered":"<p>En uno de los d\u00edas de la Feria del Libro, el 6 de agosto, Bicentenario de Bolivia, luego de dar una conferencia sobre Franz Tamayo, me acerqu\u00e9 junto con mi mam\u00e1 al estand de Yachaywasi y compr\u00e9 un libro que desde hac\u00eda mucho quer\u00eda leer: Tiempo: La dimensi\u00f3n temporal y el arte de vivir (Tusquets, [&hellip;]<\/p>\n","protected":false},"author":1,"featured_media":158964,"comment_status":"closed","ping_status":"open","sticky":false,"template":"","format":"standard","meta":{"_acf_changed":false,"footnotes":""},"categories":[9],"tags":[],"class_list":["post-327911","post","type-post","status-publish","format-standard","has-post-thumbnail","category-opinion"],"acf":{"antetitulo":"La espada en la palabra"},"yoast_head":"<!-- This site is optimized with the Yoast SEO plugin v28.4 - https:\/\/yoast.com\/product\/yoast-seo-wordpress\/ -->\n<title>El paso del tiempo y el arte de vivir - El Diario - Bolivia<\/title>\n<meta name=\"robots\" content=\"index, follow, max-snippet:-1, max-image-preview:large, max-video-preview:-1\" \/>\n<link rel=\"canonical\" href=\"https:\/\/www.eldiario.net\/portal\/2025\/08\/31\/el-paso-del-tiempo-y-el-arte-de-vivir\/\" \/>\n<meta property=\"og:locale\" content=\"es_ES\" \/>\n<meta property=\"og:type\" content=\"article\" \/>\n<meta property=\"og:title\" content=\"El paso del tiempo y el arte de vivir - El Diario - Bolivia\" \/>\n<meta property=\"og:description\" content=\"En uno de los d\u00edas de la Feria del Libro, el 6 de agosto, Bicentenario de Bolivia, luego de dar una conferencia sobre Franz Tamayo, me acerqu\u00e9 junto con mi mam\u00e1 al estand de Yachaywasi y compr\u00e9 un libro que desde hac\u00eda mucho quer\u00eda leer: Tiempo: La dimensi\u00f3n temporal y el arte de vivir (Tusquets, [&hellip;]\" \/>\n<meta property=\"og:url\" content=\"https:\/\/www.eldiario.net\/portal\/2025\/08\/31\/el-paso-del-tiempo-y-el-arte-de-vivir\/\" \/>\n<meta property=\"og:site_name\" content=\"El Diario - Bolivia\" \/>\n<meta property=\"article:publisher\" content=\"https:\/\/www.facebook.com\/eldiario.bolivia\/\" \/>\n<meta property=\"article:published_time\" content=\"2025-08-31T12:11:06+00:00\" \/>\n<meta property=\"og:image\" content=\"https:\/\/www.eldiario.net\/portal\/wp-content\/uploads\/2023\/06\/Ignacio-Vera-de-Rada-1.jpg\" \/>\n\t<meta property=\"og:image:width\" content=\"1200\" \/>\n\t<meta property=\"og:image:height\" content=\"628\" \/>\n\t<meta property=\"og:image:type\" content=\"image\/jpeg\" \/>\n<meta name=\"author\" content=\"Jeanette\" \/>\n<meta name=\"twitter:card\" content=\"summary_large_image\" \/>\n<meta name=\"twitter:creator\" content=\"@eldiario_net\" \/>\n<meta name=\"twitter:site\" content=\"@eldiario_net\" \/>\n<meta name=\"twitter:label1\" content=\"Escrito por\" \/>\n\t<meta name=\"twitter:data1\" content=\"Jeanette\" \/>\n\t<meta name=\"twitter:label2\" content=\"Tiempo de lectura\" \/>\n\t<meta name=\"twitter:data2\" content=\"4 minutos\" \/>\n<script type=\"application\/ld+json\" class=\"yoast-schema-graph\">{\"@context\":\"https:\\\/\\\/schema.org\",\"@graph\":[{\"@type\":\"Article\",\"@id\":\"https:\\\/\\\/www.eldiario.net\\\/portal\\\/2025\\\/08\\\/31\\\/el-paso-del-tiempo-y-el-arte-de-vivir\\\/#article\",\"isPartOf\":{\"@id\":\"https:\\\/\\\/www.eldiario.net\\\/portal\\\/2025\\\/08\\\/31\\\/el-paso-del-tiempo-y-el-arte-de-vivir\\\/\"},\"author\":{\"name\":\"Jeanette\",\"@id\":\"https:\\\/\\\/www.eldiario.net\\\/portal\\\/#\\\/schema\\\/person\\\/2c57cf2b7a7ae032e449e4c9b1019eac\"},\"headline\":\"El paso del tiempo y el arte de vivir\",\"datePublished\":\"2025-08-31T12:11:06+00:00\",\"mainEntityOfPage\":{\"@id\":\"https:\\\/\\\/www.eldiario.net\\\/portal\\\/2025\\\/08\\\/31\\\/el-paso-del-tiempo-y-el-arte-de-vivir\\\/\"},\"wordCount\":837,\"publisher\":{\"@id\":\"https:\\\/\\\/www.eldiario.net\\\/portal\\\/#organization\"},\"image\":{\"@id\":\"https:\\\/\\\/www.eldiario.net\\\/portal\\\/2025\\\/08\\\/31\\\/el-paso-del-tiempo-y-el-arte-de-vivir\\\/#primaryimage\"},\"thumbnailUrl\":\"https:\\\/\\\/www.eldiario.net\\\/portal\\\/wp-content\\\/uploads\\\/2023\\\/06\\\/Ignacio-Vera-de-Rada-1.jpg\",\"articleSection\":[\"Opini\u00f3n\"],\"inLanguage\":\"es\"},{\"@type\":\"WebPage\",\"@id\":\"https:\\\/\\\/www.eldiario.net\\\/portal\\\/2025\\\/08\\\/31\\\/el-paso-del-tiempo-y-el-arte-de-vivir\\\/\",\"url\":\"https:\\\/\\\/www.eldiario.net\\\/portal\\\/2025\\\/08\\\/31\\\/el-paso-del-tiempo-y-el-arte-de-vivir\\\/\",\"name\":\"El paso del tiempo y el arte de vivir - El Diario - Bolivia\",\"isPartOf\":{\"@id\":\"https:\\\/\\\/www.eldiario.net\\\/portal\\\/#website\"},\"primaryImageOfPage\":{\"@id\":\"https:\\\/\\\/www.eldiario.net\\\/portal\\\/2025\\\/08\\\/31\\\/el-paso-del-tiempo-y-el-arte-de-vivir\\\/#primaryimage\"},\"image\":{\"@id\":\"https:\\\/\\\/www.eldiario.net\\\/portal\\\/2025\\\/08\\\/31\\\/el-paso-del-tiempo-y-el-arte-de-vivir\\\/#primaryimage\"},\"thumbnailUrl\":\"https:\\\/\\\/www.eldiario.net\\\/portal\\\/wp-content\\\/uploads\\\/2023\\\/06\\\/Ignacio-Vera-de-Rada-1.jpg\",\"datePublished\":\"2025-08-31T12:11:06+00:00\",\"breadcrumb\":{\"@id\":\"https:\\\/\\\/www.eldiario.net\\\/portal\\\/2025\\\/08\\\/31\\\/el-paso-del-tiempo-y-el-arte-de-vivir\\\/#breadcrumb\"},\"inLanguage\":\"es\",\"potentialAction\":[{\"@type\":\"ReadAction\",\"target\":[\"https:\\\/\\\/www.eldiario.net\\\/portal\\\/2025\\\/08\\\/31\\\/el-paso-del-tiempo-y-el-arte-de-vivir\\\/\"]}]},{\"@type\":\"ImageObject\",\"inLanguage\":\"es\",\"@id\":\"https:\\\/\\\/www.eldiario.net\\\/portal\\\/2025\\\/08\\\/31\\\/el-paso-del-tiempo-y-el-arte-de-vivir\\\/#primaryimage\",\"url\":\"https:\\\/\\\/www.eldiario.net\\\/portal\\\/wp-content\\\/uploads\\\/2023\\\/06\\\/Ignacio-Vera-de-Rada-1.jpg\",\"contentUrl\":\"https:\\\/\\\/www.eldiario.net\\\/portal\\\/wp-content\\\/uploads\\\/2023\\\/06\\\/Ignacio-Vera-de-Rada-1.jpg\",\"width\":1200,\"height\":628,\"caption\":\"Ignacio Vera de Rada\"},{\"@type\":\"BreadcrumbList\",\"@id\":\"https:\\\/\\\/www.eldiario.net\\\/portal\\\/2025\\\/08\\\/31\\\/el-paso-del-tiempo-y-el-arte-de-vivir\\\/#breadcrumb\",\"itemListElement\":[{\"@type\":\"ListItem\",\"position\":1,\"name\":\"Portada\",\"item\":\"https:\\\/\\\/www.eldiario.net\\\/portal\\\/\"},{\"@type\":\"ListItem\",\"position\":2,\"name\":\"El paso del tiempo y el arte de vivir\"}]},{\"@type\":\"WebSite\",\"@id\":\"https:\\\/\\\/www.eldiario.net\\\/portal\\\/#website\",\"url\":\"https:\\\/\\\/www.eldiario.net\\\/portal\\\/\",\"name\":\"El Diario - Decano de la prensa nacional\",\"description\":\"El Diario - Decano de la prensa nacional\",\"publisher\":{\"@id\":\"https:\\\/\\\/www.eldiario.net\\\/portal\\\/#organization\"},\"potentialAction\":[{\"@type\":\"SearchAction\",\"target\":{\"@type\":\"EntryPoint\",\"urlTemplate\":\"https:\\\/\\\/www.eldiario.net\\\/portal\\\/?s={search_term_string}\"},\"query-input\":{\"@type\":\"PropertyValueSpecification\",\"valueRequired\":true,\"valueName\":\"search_term_string\"}}],\"inLanguage\":\"es\"},{\"@type\":\"Organization\",\"@id\":\"https:\\\/\\\/www.eldiario.net\\\/portal\\\/#organization\",\"name\":\"El Diario - Decano de la prensa nacional\",\"url\":\"https:\\\/\\\/www.eldiario.net\\\/portal\\\/\",\"logo\":{\"@type\":\"ImageObject\",\"inLanguage\":\"es\",\"@id\":\"https:\\\/\\\/www.eldiario.net\\\/portal\\\/#\\\/schema\\\/logo\\\/image\\\/\",\"url\":\"https:\\\/\\\/www.eldiario.net\\\/portal\\\/wp-content\\\/uploads\\\/2023\\\/07\\\/logo_ED.jpg\",\"contentUrl\":\"https:\\\/\\\/www.eldiario.net\\\/portal\\\/wp-content\\\/uploads\\\/2023\\\/07\\\/logo_ED.jpg\",\"width\":272,\"height\":52,\"caption\":\"El Diario - Decano de la prensa nacional\"},\"image\":{\"@id\":\"https:\\\/\\\/www.eldiario.net\\\/portal\\\/#\\\/schema\\\/logo\\\/image\\\/\"},\"sameAs\":[\"https:\\\/\\\/www.facebook.com\\\/eldiario.bolivia\\\/\",\"https:\\\/\\\/x.com\\\/eldiario_net\"]},{\"@type\":\"Person\",\"@id\":\"https:\\\/\\\/www.eldiario.net\\\/portal\\\/#\\\/schema\\\/person\\\/2c57cf2b7a7ae032e449e4c9b1019eac\",\"name\":\"Jeanette\",\"image\":{\"@type\":\"ImageObject\",\"inLanguage\":\"es\",\"@id\":\"https:\\\/\\\/secure.gravatar.com\\\/avatar\\\/3ea2118a5f7dad2b7138b1187a6b7ee55f160b9968b66013c3a3ef39dd7e5798?s=96&d=mm&r=g\",\"url\":\"https:\\\/\\\/secure.gravatar.com\\\/avatar\\\/3ea2118a5f7dad2b7138b1187a6b7ee55f160b9968b66013c3a3ef39dd7e5798?s=96&d=mm&r=g\",\"contentUrl\":\"https:\\\/\\\/secure.gravatar.com\\\/avatar\\\/3ea2118a5f7dad2b7138b1187a6b7ee55f160b9968b66013c3a3ef39dd7e5798?s=96&d=mm&r=g\",\"caption\":\"Jeanette\"},\"sameAs\":[\"https:\\\/\\\/www.eldiario.net\\\/portal\"],\"url\":\"https:\\\/\\\/www.eldiario.net\\\/portal\\\/author\\\/jeanette\\\/\"}]}<\/script>\n<!-- \/ Yoast SEO plugin. -->","yoast_head_json":{"title":"El paso del tiempo y el arte de vivir - El Diario - Bolivia","robots":{"index":"index","follow":"follow","max-snippet":"max-snippet:-1","max-image-preview":"max-image-preview:large","max-video-preview":"max-video-preview:-1"},"canonical":"https:\/\/www.eldiario.net\/portal\/2025\/08\/31\/el-paso-del-tiempo-y-el-arte-de-vivir\/","og_locale":"es_ES","og_type":"article","og_title":"El paso del tiempo y el arte de vivir - El Diario - Bolivia","og_description":"En uno de los d\u00edas de la Feria del Libro, el 6 de agosto, Bicentenario de Bolivia, luego de dar una conferencia sobre Franz Tamayo, me acerqu\u00e9 junto con mi mam\u00e1 al estand de Yachaywasi y compr\u00e9 un libro que desde hac\u00eda mucho quer\u00eda leer: Tiempo: La dimensi\u00f3n temporal y el arte de vivir (Tusquets, [&hellip;]","og_url":"https:\/\/www.eldiario.net\/portal\/2025\/08\/31\/el-paso-del-tiempo-y-el-arte-de-vivir\/","og_site_name":"El Diario - Bolivia","article_publisher":"https:\/\/www.facebook.com\/eldiario.bolivia\/","article_published_time":"2025-08-31T12:11:06+00:00","og_image":[{"width":1200,"height":628,"url":"https:\/\/www.eldiario.net\/portal\/wp-content\/uploads\/2023\/06\/Ignacio-Vera-de-Rada-1.jpg","type":"image\/jpeg"}],"author":"Jeanette","twitter_card":"summary_large_image","twitter_creator":"@eldiario_net","twitter_site":"@eldiario_net","twitter_misc":{"Escrito por":"Jeanette","Tiempo de lectura":"4 minutos"},"schema":{"@context":"https:\/\/schema.org","@graph":[{"@type":"Article","@id":"https:\/\/www.eldiario.net\/portal\/2025\/08\/31\/el-paso-del-tiempo-y-el-arte-de-vivir\/#article","isPartOf":{"@id":"https:\/\/www.eldiario.net\/portal\/2025\/08\/31\/el-paso-del-tiempo-y-el-arte-de-vivir\/"},"author":{"name":"Jeanette","@id":"https:\/\/www.eldiario.net\/portal\/#\/schema\/person\/2c57cf2b7a7ae032e449e4c9b1019eac"},"headline":"El paso del tiempo y el arte de vivir","datePublished":"2025-08-31T12:11:06+00:00","mainEntityOfPage":{"@id":"https:\/\/www.eldiario.net\/portal\/2025\/08\/31\/el-paso-del-tiempo-y-el-arte-de-vivir\/"},"wordCount":837,"publisher":{"@id":"https:\/\/www.eldiario.net\/portal\/#organization"},"image":{"@id":"https:\/\/www.eldiario.net\/portal\/2025\/08\/31\/el-paso-del-tiempo-y-el-arte-de-vivir\/#primaryimage"},"thumbnailUrl":"https:\/\/www.eldiario.net\/portal\/wp-content\/uploads\/2023\/06\/Ignacio-Vera-de-Rada-1.jpg","articleSection":["Opini\u00f3n"],"inLanguage":"es"},{"@type":"WebPage","@id":"https:\/\/www.eldiario.net\/portal\/2025\/08\/31\/el-paso-del-tiempo-y-el-arte-de-vivir\/","url":"https:\/\/www.eldiario.net\/portal\/2025\/08\/31\/el-paso-del-tiempo-y-el-arte-de-vivir\/","name":"El paso del tiempo y el arte de vivir - El Diario - Bolivia","isPartOf":{"@id":"https:\/\/www.eldiario.net\/portal\/#website"},"primaryImageOfPage":{"@id":"https:\/\/www.eldiario.net\/portal\/2025\/08\/31\/el-paso-del-tiempo-y-el-arte-de-vivir\/#primaryimage"},"image":{"@id":"https:\/\/www.eldiario.net\/portal\/2025\/08\/31\/el-paso-del-tiempo-y-el-arte-de-vivir\/#primaryimage"},"thumbnailUrl":"https:\/\/www.eldiario.net\/portal\/wp-content\/uploads\/2023\/06\/Ignacio-Vera-de-Rada-1.jpg","datePublished":"2025-08-31T12:11:06+00:00","breadcrumb":{"@id":"https:\/\/www.eldiario.net\/portal\/2025\/08\/31\/el-paso-del-tiempo-y-el-arte-de-vivir\/#breadcrumb"},"inLanguage":"es","potentialAction":[{"@type":"ReadAction","target":["https:\/\/www.eldiario.net\/portal\/2025\/08\/31\/el-paso-del-tiempo-y-el-arte-de-vivir\/"]}]},{"@type":"ImageObject","inLanguage":"es","@id":"https:\/\/www.eldiario.net\/portal\/2025\/08\/31\/el-paso-del-tiempo-y-el-arte-de-vivir\/#primaryimage","url":"https:\/\/www.eldiario.net\/portal\/wp-content\/uploads\/2023\/06\/Ignacio-Vera-de-Rada-1.jpg","contentUrl":"https:\/\/www.eldiario.net\/portal\/wp-content\/uploads\/2023\/06\/Ignacio-Vera-de-Rada-1.jpg","width":1200,"height":628,"caption":"Ignacio Vera de Rada"},{"@type":"BreadcrumbList","@id":"https:\/\/www.eldiario.net\/portal\/2025\/08\/31\/el-paso-del-tiempo-y-el-arte-de-vivir\/#breadcrumb","itemListElement":[{"@type":"ListItem","position":1,"name":"Portada","item":"https:\/\/www.eldiario.net\/portal\/"},{"@type":"ListItem","position":2,"name":"El paso del tiempo y el arte de vivir"}]},{"@type":"WebSite","@id":"https:\/\/www.eldiario.net\/portal\/#website","url":"https:\/\/www.eldiario.net\/portal\/","name":"El Diario - Decano de la prensa nacional","description":"El Diario - Decano de la prensa nacional","publisher":{"@id":"https:\/\/www.eldiario.net\/portal\/#organization"},"potentialAction":[{"@type":"SearchAction","target":{"@type":"EntryPoint","urlTemplate":"https:\/\/www.eldiario.net\/portal\/?s={search_term_string}"},"query-input":{"@type":"PropertyValueSpecification","valueRequired":true,"valueName":"search_term_string"}}],"inLanguage":"es"},{"@type":"Organization","@id":"https:\/\/www.eldiario.net\/portal\/#organization","name":"El Diario - Decano de la prensa nacional","url":"https:\/\/www.eldiario.net\/portal\/","logo":{"@type":"ImageObject","inLanguage":"es","@id":"https:\/\/www.eldiario.net\/portal\/#\/schema\/logo\/image\/","url":"https:\/\/www.eldiario.net\/portal\/wp-content\/uploads\/2023\/07\/logo_ED.jpg","contentUrl":"https:\/\/www.eldiario.net\/portal\/wp-content\/uploads\/2023\/07\/logo_ED.jpg","width":272,"height":52,"caption":"El Diario - Decano de la prensa nacional"},"image":{"@id":"https:\/\/www.eldiario.net\/portal\/#\/schema\/logo\/image\/"},"sameAs":["https:\/\/www.facebook.com\/eldiario.bolivia\/","https:\/\/x.com\/eldiario_net"]},{"@type":"Person","@id":"https:\/\/www.eldiario.net\/portal\/#\/schema\/person\/2c57cf2b7a7ae032e449e4c9b1019eac","name":"Jeanette","image":{"@type":"ImageObject","inLanguage":"es","@id":"https:\/\/secure.gravatar.com\/avatar\/3ea2118a5f7dad2b7138b1187a6b7ee55f160b9968b66013c3a3ef39dd7e5798?s=96&d=mm&r=g","url":"https:\/\/secure.gravatar.com\/avatar\/3ea2118a5f7dad2b7138b1187a6b7ee55f160b9968b66013c3a3ef39dd7e5798?s=96&d=mm&r=g","contentUrl":"https:\/\/secure.gravatar.com\/avatar\/3ea2118a5f7dad2b7138b1187a6b7ee55f160b9968b66013c3a3ef39dd7e5798?s=96&d=mm&r=g","caption":"Jeanette"},"sameAs":["https:\/\/www.eldiario.net\/portal"],"url":"https:\/\/www.eldiario.net\/portal\/author\/jeanette\/"}]}},"_links":{"self":[{"href":"https:\/\/www.eldiario.net\/portal\/wp-json\/wp\/v2\/posts\/327911","targetHints":{"allow":["GET"]}}],"collection":[{"href":"https:\/\/www.eldiario.net\/portal\/wp-json\/wp\/v2\/posts"}],"about":[{"href":"https:\/\/www.eldiario.net\/portal\/wp-json\/wp\/v2\/types\/post"}],"author":[{"embeddable":true,"href":"https:\/\/www.eldiario.net\/portal\/wp-json\/wp\/v2\/users\/1"}],"replies":[{"embeddable":true,"href":"https:\/\/www.eldiario.net\/portal\/wp-json\/wp\/v2\/comments?post=327911"}],"version-history":[{"count":1,"href":"https:\/\/www.eldiario.net\/portal\/wp-json\/wp\/v2\/posts\/327911\/revisions"}],"predecessor-version":[{"id":327912,"href":"https:\/\/www.eldiario.net\/portal\/wp-json\/wp\/v2\/posts\/327911\/revisions\/327912"}],"wp:featuredmedia":[{"embeddable":true,"href":"https:\/\/www.eldiario.net\/portal\/wp-json\/wp\/v2\/media\/158964"}],"wp:attachment":[{"href":"https:\/\/www.eldiario.net\/portal\/wp-json\/wp\/v2\/media?parent=327911"}],"wp:term":[{"taxonomy":"category","embeddable":true,"href":"https:\/\/www.eldiario.net\/portal\/wp-json\/wp\/v2\/categories?post=327911"},{"taxonomy":"post_tag","embeddable":true,"href":"https:\/\/www.eldiario.net\/portal\/wp-json\/wp\/v2\/tags?post=327911"}],"curies":[{"name":"wp","href":"https:\/\/api.w.org\/{rel}","templated":true}]}}