{"id":327909,"date":"2025-08-31T08:10:27","date_gmt":"2025-08-31T12:10:27","guid":{"rendered":"https:\/\/www.eldiario.net\/portal\/?p=327909"},"modified":"2025-08-31T08:10:27","modified_gmt":"2025-08-31T12:10:27","slug":"sera-una-tarea-dificil","status":"publish","type":"post","link":"https:\/\/www.eldiario.net\/portal\/2025\/08\/31\/sera-una-tarea-dificil\/","title":{"rendered":"Ser\u00e1 una tarea dif\u00edcil"},"content":{"rendered":"<p>La tarea de reordenar la econom\u00eda ser\u00e1 muy dif\u00edcil. Lo saben qui\u00e9nes asumir\u00e1n el pr\u00f3ximo gobierno. Posiblemente estudian, analizan y proyectan medidas, que la coyuntura exige. La situaci\u00f3n no se solucionar\u00e1 de la noche a la ma\u00f1ana. Ni en 100 d\u00edas como se propon\u00eda hacerlo el l\u00edder de la extinta UDP. Fracas\u00f3 rotundamente en ese prop\u00f3sito y le acortaron su mandato constitucional. Con ese alto costo pol\u00edtico pag\u00f3 su imprevisi\u00f3n. El reordenamiento econ\u00f3mico requerir\u00e1 compromiso, comprensi\u00f3n y unidad. El legado desastroso de los gobiernos de turno repercutir\u00e1 a\u00fan por mucho tiempo. No se librar\u00e1 tan f\u00e1cilmente de ello Bolivia.<br \/>\nLos millonarios recursos que gener\u00f3 el auge del gas fueron despilfarrados por quienes pretend\u00edan perpetuarse en el Poder. La opini\u00f3n publica sabe de qui\u00e9nes estamos hablando. Una vez que se agot\u00f3 el \u201cmilagro boliviano\u201d, hoy estamos inmersos en profunda crisis econ\u00f3mica. Hecho que nos impide satisfacer la demanda por el di\u00e9sel. Bolivia para el colmo importar\u00e1 gas en los pr\u00f3ximos a\u00f1os, seg\u00fan expertos. Quiz\u00e1 de la naci\u00f3n a quien prove\u00edamos ese producto. Nuestros vecinos cuentan con recursos naturales igual que el nuestro. En diferentes rubros y quiz\u00e1 en cantidades mayores. Lo bueno de ellos es que aprovecharon tales recursos para su crecimiento econ\u00f3mico. Sus monedas gozan de envidiable solidez.<br \/>\nEl costo de vida ha subido, a ra\u00edz de la galopante inflaci\u00f3n. El transporte p\u00fablico aument\u00f3 sus tarifas. En los \u00faltimos tiempos ha ca\u00eddo el poder adquisitivo de la poblaci\u00f3n. Los deteriorados sueldos y salarios no cubren los requerimientos mensuales. Son irrisorias las rentas de los jubilados, quienes en su juventud contribuyeron con sus aportes al erario nacional. Pero los gobiernos de turno, agobiados por la funesta crisis econ\u00f3mica, se vieron imposibilitados de atender el clamor ciudadano, de mejores condiciones de vida.<br \/>\nAnte esta situaci\u00f3n surgieron los \u201csalvadores\u201d. Son los mismos, con excepci\u00f3n de algunos, con otro antifaz, quienes provocaron esta realidad econ\u00f3mica adversa. Con discursos y actitudes que tratan de confundir a la ciudadan\u00eda. Con ofrecimientos electorales demag\u00f3gicos. Pero con posturas de esta naturaleza no se construye pa\u00eds, sino con hechos que puedan ser constatados por ojos, manos y est\u00f3magos. Ah\u00ed radicar\u00e1 la verdad que redundar\u00e1 siempre por el crecimiento nacional sostenible. Lo dem\u00e1s ser\u00e1 parte de la desesperaci\u00f3n por medrar bajo el cobijo del saqueado Estado Plurinacional.<br \/>\n\u00bfQui\u00e9n se llev\u00f3 el dinero para que hoy estemos en crisis?, esa es la pregunta del mill\u00f3n. Unos dicen que la derecha se lo ha robado. Algunos sostienen que el gobierno de la se\u00f1ora que est\u00e1 recluida se aprovech\u00f3 de tales recursos. Otros que la izquierda lo despilfarr\u00f3 con intereses particulares. Pero desde que se agot\u00f3 el gas en el ciclo de los gobiernos de turno, el erario nacional se fue reduciendo al extremo que se impuso la devastadora crisis econ\u00f3mica.<br \/>\nEn suma: la alternativa hoy es el cambio inmediato del sistema pol\u00edtico, por el bien com\u00fan.<\/p>\n","protected":false},"excerpt":{"rendered":"<p>La tarea de reordenar la econom\u00eda ser\u00e1 muy dif\u00edcil. Lo saben qui\u00e9nes asumir\u00e1n el pr\u00f3ximo gobierno. Posiblemente estudian, analizan y proyectan medidas, que la coyuntura exige. La situaci\u00f3n no se solucionar\u00e1 de la noche a la ma\u00f1ana. Ni en 100 d\u00edas como se propon\u00eda hacerlo el l\u00edder de la extinta UDP. Fracas\u00f3 rotundamente en ese [&hellip;]<\/p>\n","protected":false},"author":1,"featured_media":158618,"comment_status":"closed","ping_status":"open","sticky":false,"template":"","format":"standard","meta":{"_acf_changed":false,"footnotes":""},"categories":[9],"tags":[],"class_list":["post-327909","post","type-post","status-publish","format-standard","has-post-thumbnail","category-opinion"],"acf":{"antetitulo":""},"yoast_head":"<!-- This site is optimized with the Yoast SEO plugin v28.4 - https:\/\/yoast.com\/product\/yoast-seo-wordpress\/ -->\n<title>Ser\u00e1 una tarea dif\u00edcil - El Diario - Bolivia<\/title>\n<meta name=\"robots\" content=\"index, follow, max-snippet:-1, max-image-preview:large, max-video-preview:-1\" \/>\n<link rel=\"canonical\" href=\"https:\/\/www.eldiario.net\/portal\/2025\/08\/31\/sera-una-tarea-dificil\/\" \/>\n<meta property=\"og:locale\" content=\"es_ES\" \/>\n<meta property=\"og:type\" content=\"article\" \/>\n<meta property=\"og:title\" content=\"Ser\u00e1 una tarea dif\u00edcil - El Diario - Bolivia\" \/>\n<meta property=\"og:description\" content=\"La tarea de reordenar la econom\u00eda ser\u00e1 muy dif\u00edcil. Lo saben qui\u00e9nes asumir\u00e1n el pr\u00f3ximo gobierno. Posiblemente estudian, analizan y proyectan medidas, que la coyuntura exige. La situaci\u00f3n no se solucionar\u00e1 de la noche a la ma\u00f1ana. Ni en 100 d\u00edas como se propon\u00eda hacerlo el l\u00edder de la extinta UDP. Fracas\u00f3 rotundamente en ese [&hellip;]\" \/>\n<meta property=\"og:url\" content=\"https:\/\/www.eldiario.net\/portal\/2025\/08\/31\/sera-una-tarea-dificil\/\" \/>\n<meta property=\"og:site_name\" content=\"El Diario - Bolivia\" \/>\n<meta property=\"article:publisher\" content=\"https:\/\/www.facebook.com\/eldiario.bolivia\/\" \/>\n<meta property=\"article:published_time\" content=\"2025-08-31T12:10:27+00:00\" \/>\n<meta property=\"og:image\" content=\"https:\/\/www.eldiario.net\/portal\/wp-content\/uploads\/2023\/06\/Severo-Cruz-1.jpg\" \/>\n\t<meta property=\"og:image:width\" content=\"1200\" \/>\n\t<meta property=\"og:image:height\" content=\"628\" \/>\n\t<meta property=\"og:image:type\" content=\"image\/jpeg\" \/>\n<meta name=\"author\" content=\"Jeanette\" \/>\n<meta name=\"twitter:card\" content=\"summary_large_image\" \/>\n<meta name=\"twitter:creator\" content=\"@eldiario_net\" \/>\n<meta name=\"twitter:site\" content=\"@eldiario_net\" \/>\n<meta name=\"twitter:label1\" content=\"Escrito por\" \/>\n\t<meta name=\"twitter:data1\" content=\"Jeanette\" \/>\n\t<meta name=\"twitter:label2\" content=\"Tiempo de lectura\" \/>\n\t<meta name=\"twitter:data2\" content=\"3 minutos\" \/>\n<script type=\"application\/ld+json\" class=\"yoast-schema-graph\">{\"@context\":\"https:\\\/\\\/schema.org\",\"@graph\":[{\"@type\":\"Article\",\"@id\":\"https:\\\/\\\/www.eldiario.net\\\/portal\\\/2025\\\/08\\\/31\\\/sera-una-tarea-dificil\\\/#article\",\"isPartOf\":{\"@id\":\"https:\\\/\\\/www.eldiario.net\\\/portal\\\/2025\\\/08\\\/31\\\/sera-una-tarea-dificil\\\/\"},\"author\":{\"name\":\"Jeanette\",\"@id\":\"https:\\\/\\\/www.eldiario.net\\\/portal\\\/#\\\/schema\\\/person\\\/2c57cf2b7a7ae032e449e4c9b1019eac\"},\"headline\":\"Ser\u00e1 una tarea dif\u00edcil\",\"datePublished\":\"2025-08-31T12:10:27+00:00\",\"mainEntityOfPage\":{\"@id\":\"https:\\\/\\\/www.eldiario.net\\\/portal\\\/2025\\\/08\\\/31\\\/sera-una-tarea-dificil\\\/\"},\"wordCount\":527,\"publisher\":{\"@id\":\"https:\\\/\\\/www.eldiario.net\\\/portal\\\/#organization\"},\"image\":{\"@id\":\"https:\\\/\\\/www.eldiario.net\\\/portal\\\/2025\\\/08\\\/31\\\/sera-una-tarea-dificil\\\/#primaryimage\"},\"thumbnailUrl\":\"https:\\\/\\\/www.eldiario.net\\\/portal\\\/wp-content\\\/uploads\\\/2023\\\/06\\\/Severo-Cruz-1.jpg\",\"articleSection\":[\"Opini\u00f3n\"],\"inLanguage\":\"es\"},{\"@type\":\"WebPage\",\"@id\":\"https:\\\/\\\/www.eldiario.net\\\/portal\\\/2025\\\/08\\\/31\\\/sera-una-tarea-dificil\\\/\",\"url\":\"https:\\\/\\\/www.eldiario.net\\\/portal\\\/2025\\\/08\\\/31\\\/sera-una-tarea-dificil\\\/\",\"name\":\"Ser\u00e1 una tarea dif\u00edcil - El Diario - Bolivia\",\"isPartOf\":{\"@id\":\"https:\\\/\\\/www.eldiario.net\\\/portal\\\/#website\"},\"primaryImageOfPage\":{\"@id\":\"https:\\\/\\\/www.eldiario.net\\\/portal\\\/2025\\\/08\\\/31\\\/sera-una-tarea-dificil\\\/#primaryimage\"},\"image\":{\"@id\":\"https:\\\/\\\/www.eldiario.net\\\/portal\\\/2025\\\/08\\\/31\\\/sera-una-tarea-dificil\\\/#primaryimage\"},\"thumbnailUrl\":\"https:\\\/\\\/www.eldiario.net\\\/portal\\\/wp-content\\\/uploads\\\/2023\\\/06\\\/Severo-Cruz-1.jpg\",\"datePublished\":\"2025-08-31T12:10:27+00:00\",\"breadcrumb\":{\"@id\":\"https:\\\/\\\/www.eldiario.net\\\/portal\\\/2025\\\/08\\\/31\\\/sera-una-tarea-dificil\\\/#breadcrumb\"},\"inLanguage\":\"es\",\"potentialAction\":[{\"@type\":\"ReadAction\",\"target\":[\"https:\\\/\\\/www.eldiario.net\\\/portal\\\/2025\\\/08\\\/31\\\/sera-una-tarea-dificil\\\/\"]}]},{\"@type\":\"ImageObject\",\"inLanguage\":\"es\",\"@id\":\"https:\\\/\\\/www.eldiario.net\\\/portal\\\/2025\\\/08\\\/31\\\/sera-una-tarea-dificil\\\/#primaryimage\",\"url\":\"https:\\\/\\\/www.eldiario.net\\\/portal\\\/wp-content\\\/uploads\\\/2023\\\/06\\\/Severo-Cruz-1.jpg\",\"contentUrl\":\"https:\\\/\\\/www.eldiario.net\\\/portal\\\/wp-content\\\/uploads\\\/2023\\\/06\\\/Severo-Cruz-1.jpg\",\"width\":1200,\"height\":628,\"caption\":\"Severo Cruz Selaez\"},{\"@type\":\"BreadcrumbList\",\"@id\":\"https:\\\/\\\/www.eldiario.net\\\/portal\\\/2025\\\/08\\\/31\\\/sera-una-tarea-dificil\\\/#breadcrumb\",\"itemListElement\":[{\"@type\":\"ListItem\",\"position\":1,\"name\":\"Portada\",\"item\":\"https:\\\/\\\/www.eldiario.net\\\/portal\\\/\"},{\"@type\":\"ListItem\",\"position\":2,\"name\":\"Ser\u00e1 una tarea dif\u00edcil\"}]},{\"@type\":\"WebSite\",\"@id\":\"https:\\\/\\\/www.eldiario.net\\\/portal\\\/#website\",\"url\":\"https:\\\/\\\/www.eldiario.net\\\/portal\\\/\",\"name\":\"El Diario - Decano de la prensa nacional\",\"description\":\"El Diario - Decano de la prensa nacional\",\"publisher\":{\"@id\":\"https:\\\/\\\/www.eldiario.net\\\/portal\\\/#organization\"},\"potentialAction\":[{\"@type\":\"SearchAction\",\"target\":{\"@type\":\"EntryPoint\",\"urlTemplate\":\"https:\\\/\\\/www.eldiario.net\\\/portal\\\/?s={search_term_string}\"},\"query-input\":{\"@type\":\"PropertyValueSpecification\",\"valueRequired\":true,\"valueName\":\"search_term_string\"}}],\"inLanguage\":\"es\"},{\"@type\":\"Organization\",\"@id\":\"https:\\\/\\\/www.eldiario.net\\\/portal\\\/#organization\",\"name\":\"El Diario - Decano de la prensa nacional\",\"url\":\"https:\\\/\\\/www.eldiario.net\\\/portal\\\/\",\"logo\":{\"@type\":\"ImageObject\",\"inLanguage\":\"es\",\"@id\":\"https:\\\/\\\/www.eldiario.net\\\/portal\\\/#\\\/schema\\\/logo\\\/image\\\/\",\"url\":\"https:\\\/\\\/www.eldiario.net\\\/portal\\\/wp-content\\\/uploads\\\/2023\\\/07\\\/logo_ED.jpg\",\"contentUrl\":\"https:\\\/\\\/www.eldiario.net\\\/portal\\\/wp-content\\\/uploads\\\/2023\\\/07\\\/logo_ED.jpg\",\"width\":272,\"height\":52,\"caption\":\"El Diario - Decano de la prensa nacional\"},\"image\":{\"@id\":\"https:\\\/\\\/www.eldiario.net\\\/portal\\\/#\\\/schema\\\/logo\\\/image\\\/\"},\"sameAs\":[\"https:\\\/\\\/www.facebook.com\\\/eldiario.bolivia\\\/\",\"https:\\\/\\\/x.com\\\/eldiario_net\"]},{\"@type\":\"Person\",\"@id\":\"https:\\\/\\\/www.eldiario.net\\\/portal\\\/#\\\/schema\\\/person\\\/2c57cf2b7a7ae032e449e4c9b1019eac\",\"name\":\"Jeanette\",\"image\":{\"@type\":\"ImageObject\",\"inLanguage\":\"es\",\"@id\":\"https:\\\/\\\/secure.gravatar.com\\\/avatar\\\/3ea2118a5f7dad2b7138b1187a6b7ee55f160b9968b66013c3a3ef39dd7e5798?s=96&d=mm&r=g\",\"url\":\"https:\\\/\\\/secure.gravatar.com\\\/avatar\\\/3ea2118a5f7dad2b7138b1187a6b7ee55f160b9968b66013c3a3ef39dd7e5798?s=96&d=mm&r=g\",\"contentUrl\":\"https:\\\/\\\/secure.gravatar.com\\\/avatar\\\/3ea2118a5f7dad2b7138b1187a6b7ee55f160b9968b66013c3a3ef39dd7e5798?s=96&d=mm&r=g\",\"caption\":\"Jeanette\"},\"sameAs\":[\"https:\\\/\\\/www.eldiario.net\\\/portal\"],\"url\":\"https:\\\/\\\/www.eldiario.net\\\/portal\\\/author\\\/jeanette\\\/\"}]}<\/script>\n<!-- \/ Yoast SEO plugin. -->","yoast_head_json":{"title":"Ser\u00e1 una tarea dif\u00edcil - El Diario - Bolivia","robots":{"index":"index","follow":"follow","max-snippet":"max-snippet:-1","max-image-preview":"max-image-preview:large","max-video-preview":"max-video-preview:-1"},"canonical":"https:\/\/www.eldiario.net\/portal\/2025\/08\/31\/sera-una-tarea-dificil\/","og_locale":"es_ES","og_type":"article","og_title":"Ser\u00e1 una tarea dif\u00edcil - El Diario - Bolivia","og_description":"La tarea de reordenar la econom\u00eda ser\u00e1 muy dif\u00edcil. Lo saben qui\u00e9nes asumir\u00e1n el pr\u00f3ximo gobierno. Posiblemente estudian, analizan y proyectan medidas, que la coyuntura exige. La situaci\u00f3n no se solucionar\u00e1 de la noche a la ma\u00f1ana. Ni en 100 d\u00edas como se propon\u00eda hacerlo el l\u00edder de la extinta UDP. Fracas\u00f3 rotundamente en ese [&hellip;]","og_url":"https:\/\/www.eldiario.net\/portal\/2025\/08\/31\/sera-una-tarea-dificil\/","og_site_name":"El Diario - Bolivia","article_publisher":"https:\/\/www.facebook.com\/eldiario.bolivia\/","article_published_time":"2025-08-31T12:10:27+00:00","og_image":[{"width":1200,"height":628,"url":"https:\/\/www.eldiario.net\/portal\/wp-content\/uploads\/2023\/06\/Severo-Cruz-1.jpg","type":"image\/jpeg"}],"author":"Jeanette","twitter_card":"summary_large_image","twitter_creator":"@eldiario_net","twitter_site":"@eldiario_net","twitter_misc":{"Escrito por":"Jeanette","Tiempo de lectura":"3 minutos"},"schema":{"@context":"https:\/\/schema.org","@graph":[{"@type":"Article","@id":"https:\/\/www.eldiario.net\/portal\/2025\/08\/31\/sera-una-tarea-dificil\/#article","isPartOf":{"@id":"https:\/\/www.eldiario.net\/portal\/2025\/08\/31\/sera-una-tarea-dificil\/"},"author":{"name":"Jeanette","@id":"https:\/\/www.eldiario.net\/portal\/#\/schema\/person\/2c57cf2b7a7ae032e449e4c9b1019eac"},"headline":"Ser\u00e1 una tarea dif\u00edcil","datePublished":"2025-08-31T12:10:27+00:00","mainEntityOfPage":{"@id":"https:\/\/www.eldiario.net\/portal\/2025\/08\/31\/sera-una-tarea-dificil\/"},"wordCount":527,"publisher":{"@id":"https:\/\/www.eldiario.net\/portal\/#organization"},"image":{"@id":"https:\/\/www.eldiario.net\/portal\/2025\/08\/31\/sera-una-tarea-dificil\/#primaryimage"},"thumbnailUrl":"https:\/\/www.eldiario.net\/portal\/wp-content\/uploads\/2023\/06\/Severo-Cruz-1.jpg","articleSection":["Opini\u00f3n"],"inLanguage":"es"},{"@type":"WebPage","@id":"https:\/\/www.eldiario.net\/portal\/2025\/08\/31\/sera-una-tarea-dificil\/","url":"https:\/\/www.eldiario.net\/portal\/2025\/08\/31\/sera-una-tarea-dificil\/","name":"Ser\u00e1 una tarea dif\u00edcil - El Diario - Bolivia","isPartOf":{"@id":"https:\/\/www.eldiario.net\/portal\/#website"},"primaryImageOfPage":{"@id":"https:\/\/www.eldiario.net\/portal\/2025\/08\/31\/sera-una-tarea-dificil\/#primaryimage"},"image":{"@id":"https:\/\/www.eldiario.net\/portal\/2025\/08\/31\/sera-una-tarea-dificil\/#primaryimage"},"thumbnailUrl":"https:\/\/www.eldiario.net\/portal\/wp-content\/uploads\/2023\/06\/Severo-Cruz-1.jpg","datePublished":"2025-08-31T12:10:27+00:00","breadcrumb":{"@id":"https:\/\/www.eldiario.net\/portal\/2025\/08\/31\/sera-una-tarea-dificil\/#breadcrumb"},"inLanguage":"es","potentialAction":[{"@type":"ReadAction","target":["https:\/\/www.eldiario.net\/portal\/2025\/08\/31\/sera-una-tarea-dificil\/"]}]},{"@type":"ImageObject","inLanguage":"es","@id":"https:\/\/www.eldiario.net\/portal\/2025\/08\/31\/sera-una-tarea-dificil\/#primaryimage","url":"https:\/\/www.eldiario.net\/portal\/wp-content\/uploads\/2023\/06\/Severo-Cruz-1.jpg","contentUrl":"https:\/\/www.eldiario.net\/portal\/wp-content\/uploads\/2023\/06\/Severo-Cruz-1.jpg","width":1200,"height":628,"caption":"Severo Cruz Selaez"},{"@type":"BreadcrumbList","@id":"https:\/\/www.eldiario.net\/portal\/2025\/08\/31\/sera-una-tarea-dificil\/#breadcrumb","itemListElement":[{"@type":"ListItem","position":1,"name":"Portada","item":"https:\/\/www.eldiario.net\/portal\/"},{"@type":"ListItem","position":2,"name":"Ser\u00e1 una tarea dif\u00edcil"}]},{"@type":"WebSite","@id":"https:\/\/www.eldiario.net\/portal\/#website","url":"https:\/\/www.eldiario.net\/portal\/","name":"El Diario - Decano de la prensa nacional","description":"El Diario - Decano de la prensa nacional","publisher":{"@id":"https:\/\/www.eldiario.net\/portal\/#organization"},"potentialAction":[{"@type":"SearchAction","target":{"@type":"EntryPoint","urlTemplate":"https:\/\/www.eldiario.net\/portal\/?s={search_term_string}"},"query-input":{"@type":"PropertyValueSpecification","valueRequired":true,"valueName":"search_term_string"}}],"inLanguage":"es"},{"@type":"Organization","@id":"https:\/\/www.eldiario.net\/portal\/#organization","name":"El Diario - Decano de la prensa nacional","url":"https:\/\/www.eldiario.net\/portal\/","logo":{"@type":"ImageObject","inLanguage":"es","@id":"https:\/\/www.eldiario.net\/portal\/#\/schema\/logo\/image\/","url":"https:\/\/www.eldiario.net\/portal\/wp-content\/uploads\/2023\/07\/logo_ED.jpg","contentUrl":"https:\/\/www.eldiario.net\/portal\/wp-content\/uploads\/2023\/07\/logo_ED.jpg","width":272,"height":52,"caption":"El Diario - Decano de la prensa nacional"},"image":{"@id":"https:\/\/www.eldiario.net\/portal\/#\/schema\/logo\/image\/"},"sameAs":["https:\/\/www.facebook.com\/eldiario.bolivia\/","https:\/\/x.com\/eldiario_net"]},{"@type":"Person","@id":"https:\/\/www.eldiario.net\/portal\/#\/schema\/person\/2c57cf2b7a7ae032e449e4c9b1019eac","name":"Jeanette","image":{"@type":"ImageObject","inLanguage":"es","@id":"https:\/\/secure.gravatar.com\/avatar\/3ea2118a5f7dad2b7138b1187a6b7ee55f160b9968b66013c3a3ef39dd7e5798?s=96&d=mm&r=g","url":"https:\/\/secure.gravatar.com\/avatar\/3ea2118a5f7dad2b7138b1187a6b7ee55f160b9968b66013c3a3ef39dd7e5798?s=96&d=mm&r=g","contentUrl":"https:\/\/secure.gravatar.com\/avatar\/3ea2118a5f7dad2b7138b1187a6b7ee55f160b9968b66013c3a3ef39dd7e5798?s=96&d=mm&r=g","caption":"Jeanette"},"sameAs":["https:\/\/www.eldiario.net\/portal"],"url":"https:\/\/www.eldiario.net\/portal\/author\/jeanette\/"}]}},"_links":{"self":[{"href":"https:\/\/www.eldiario.net\/portal\/wp-json\/wp\/v2\/posts\/327909","targetHints":{"allow":["GET"]}}],"collection":[{"href":"https:\/\/www.eldiario.net\/portal\/wp-json\/wp\/v2\/posts"}],"about":[{"href":"https:\/\/www.eldiario.net\/portal\/wp-json\/wp\/v2\/types\/post"}],"author":[{"embeddable":true,"href":"https:\/\/www.eldiario.net\/portal\/wp-json\/wp\/v2\/users\/1"}],"replies":[{"embeddable":true,"href":"https:\/\/www.eldiario.net\/portal\/wp-json\/wp\/v2\/comments?post=327909"}],"version-history":[{"count":1,"href":"https:\/\/www.eldiario.net\/portal\/wp-json\/wp\/v2\/posts\/327909\/revisions"}],"predecessor-version":[{"id":327910,"href":"https:\/\/www.eldiario.net\/portal\/wp-json\/wp\/v2\/posts\/327909\/revisions\/327910"}],"wp:featuredmedia":[{"embeddable":true,"href":"https:\/\/www.eldiario.net\/portal\/wp-json\/wp\/v2\/media\/158618"}],"wp:attachment":[{"href":"https:\/\/www.eldiario.net\/portal\/wp-json\/wp\/v2\/media?parent=327909"}],"wp:term":[{"taxonomy":"category","embeddable":true,"href":"https:\/\/www.eldiario.net\/portal\/wp-json\/wp\/v2\/categories?post=327909"},{"taxonomy":"post_tag","embeddable":true,"href":"https:\/\/www.eldiario.net\/portal\/wp-json\/wp\/v2\/tags?post=327909"}],"curies":[{"name":"wp","href":"https:\/\/api.w.org\/{rel}","templated":true}]}}