{"id":327647,"date":"2025-08-30T07:29:11","date_gmt":"2025-08-30T11:29:11","guid":{"rendered":"https:\/\/www.eldiario.net\/portal\/?p=327647"},"modified":"2025-08-30T07:29:11","modified_gmt":"2025-08-30T11:29:11","slug":"bonanza-festejara-sus-35-anos-con-invitados-de-lujo","status":"publish","type":"post","link":"https:\/\/www.eldiario.net\/portal\/2025\/08\/30\/bonanza-festejara-sus-35-anos-con-invitados-de-lujo\/","title":{"rendered":"Bonanza festejar\u00e1 sus 35  a\u00f1os con invitados de lujo"},"content":{"rendered":"<p>El viernes 5 de septiembre, el Teatro al Aire Libre \u201cJaime Laredo\u201d de la ciudad de La Paz ser\u00e1 escenario de un gran espect\u00e1culo para celebrar los 35 a\u00f1os de trayectoria de Bonanza, la agrupaci\u00f3n que ha dejado una huella imborrable en la m\u00fasica boliviana y latinoamericana.<\/p>\n<p>Con un legado que fusiona la riqueza de los ritmos nacionales con arreglos modernos y proyecci\u00f3n internacional, Bonanza ha conquistado escenarios de Bolivia, Latinoam\u00e9rica y Europa, llevando en alto la identidad cultural del pa\u00eds.<\/p>\n<p>Para este aniversario, la banda ha preparado un show sin precedentes, donde las luces, el sonido y la emoci\u00f3n se unir\u00e1n para crear una noche inolvidable.<\/p>\n<p><strong>INVITADOS ESTELARES<\/strong><\/p>\n<p>A esta cita se unir\u00e1n grandes artistas para presentar junto a Bonanza un espect\u00e1culo de primer nivel. Ellos son:<\/p>\n<ul>\n<li>Yuri Ortu\u00f1o \u2013 Voz legendaria de la m\u00fasica boliviana, con m\u00e1s de cuatro d\u00e9cadas de carrera y un repertorio que es patrimonio sonoro del pa\u00eds.<\/li>\n<li>Esther Marisol \u2013 \u201cLa voz de oro de Bolivia\u201d, reconocida por su potencia interpretativa y su aporte a la m\u00fasica folkl\u00f3rica.<\/li>\n<li>Grupo Histeria \u2013 Una de las agrupaciones m\u00e1s queridas por el p\u00fablico, con un estilo moderno que fusiona energ\u00eda y sentimiento.<\/li>\n<li>Lita Pezo (Per\u00fa) \u2013 Finalista de La Voz Per\u00fa y una de las voces m\u00e1s impactantes del vecino pa\u00eds, que llega para conquistar el coraz\u00f3n del p\u00fablico pace\u00f1o.<\/li>\n<li>Vero P\u00e9rez \u2013 Cantante y compositora boliviana, destacada por su versatilidad y calidad vocal.<\/li>\n<li>Yuri Mijail, Edgar Jr. y D\u00fao Consagrado \u2013 Artistas que sumar\u00e1n su talento para hacer de esta noche una verdadera constelaci\u00f3n musical.<\/li>\n<\/ul>\n<p>\u201cEl escenario perfecto: el Teatro al Aire Libre \u201cJaime Laredo\u201d, ubicado en el coraz\u00f3n de La Paz y que ha sido testigo de presentaciones hist\u00f3ricas. Su capacidad para albergar a miles de espectadores y su atm\u00f3sfera \u00fanica bajo las estrellas lo convierten en el lugar ideal para un concierto de esta magnitud\u201d, menciona la nota de prensa del evento.<\/p>\n<p><strong>ENTRADAS Y PUNTOS DE VENTA<\/strong><\/p>\n<p>Las entradas est\u00e1n disponibles en venta f\u00edsica en el Teatro 16 de Julio y a trav\u00e9s de la plataforma digital todotix.com.<\/p>\n<p>Precios en preventa:<\/p>\n<ul>\n<li>VIP: 250 Bs<\/li>\n<li>Preferencia: 150 Bs<\/li>\n<li>General: 100 Bs<\/li>\n<\/ul>\n<p><strong>UNA NOCHE PARA LA HISTORIA<\/strong><\/p>\n<p>\u201cQueremos que esta celebraci\u00f3n sea un viaje por nuestra historia, pero tambi\u00e9n una promesa hacia el futuro. Este concierto es para todo el pueblo pace\u00f1o, que nos ha acompa\u00f1ado desde el primer d\u00eda\u201d, expres\u00f3 Edgar Rojas, vocalista y l\u00edder de Bonanza.<\/p>\n<p>La invitaci\u00f3n est\u00e1 hecha. El 5 de septiembre, La Paz cantar\u00e1, recordar\u00e1 y vibrar\u00e1 con las canciones que han acompa\u00f1ado la vida de miles de personas. Bonanza y sus invitados encender\u00e1n el cielo pace\u00f1o en una noche donde la m\u00fasica se convertir\u00e1 en el puente entre generaciones.<\/p>\n<p>Informes: +591 62522492.<\/p>\n<p><strong>PARA RECORDAR<\/strong><\/p>\n<p>Bonanza naci\u00f3 como d\u00fao y luego como grupo en 1990. \u201cSon dos cunas que tiene Bonanza, Sucre (Chuquisaca) y Potos\u00ed. Estos dos departamentos, que nos acunaron y empujaron al \u00e9xito, vivir\u00e1n\u00a0 eternamente en nuestros corazones\u201d, recuerda a La Gu\u00eda su fundador y director, Edgar Rojas.<\/p>\n<p>El nombre de Bonanza es sin\u00f3nimo de buenos tiempos, paz y prosperidad.<\/p>\n<p>La filosof\u00eda del grupo es dar al p\u00fablico nuevas propuestas, pero con un buen pensamiento, mensaje y hablando verdades. \u201cSi vas a hablar de amor, hablar de un amor verdadero y si vas a cantar temas por el pueblo, hacerlo cuando est\u00e9s con el pueblo. El nombre del grupo tambi\u00e9n tiene que ver con esa filosof\u00eda, porque Bonanza significa la llegada de buenos tiempos\u201d, afirma.<\/p>\n<p>\u00bfQu\u00e9 significa para Bonanza celebrar 35 a\u00f1os de trayectoria?, le preguntamos a Edgar Rojas, a lo que respondi\u00f3: \u201cToda una vida, significa el compromiso con nuestro p\u00fablico, el aguante y la alegr\u00eda de estar de pie vigentes\u201d.<\/p>\n<p>El m\u00fasico confiesa que cuando el grupo daba sus primeros pasos era muy dif\u00edcil pensar en llegar al nivel que tiene ahora. \u201cEra subsistir, mantenerse de pie, lograr objetivos, equivocarse lo menos posible, madurar cada d\u00eda como artistas y personas y lograr cada d\u00eda objetivos y as\u00ed pasaron tantos a\u00f1os. Vali\u00f3 la pena porque estamos vigentes y con un \u00e9xito imparable\u201d, destaca.<\/p>\n<p>\u00bfCu\u00e1les fueron los mayores logros de la agrupaci\u00f3n? \u201c\u00bfDiscogr\u00e1ficos? Muchos. Agosto 21, que marc\u00f3 nuestro estilo, y luego Adolescente amor, Madre ausente, Mi viejo amigo, Se termin\u00f3, Cuando est\u00e9s con \u00e9l, Costumbre, Amor eterno, El caracol, Nadie como t\u00fa y, l\u00f3gicamente, la morenada La Promesa\u201d, rememora.<\/p>\n<p>Muchas de esas canciones nacieron de la pluma de Edgar Rojas Casazola, quien dice ser \u201cun poeta a la medida del pueblo y para el pueblo\u201d. \u201cSin temor a equivocarme, me defino en la voz como un artista diferente que siempre cant\u00f3 con el alma y el coraz\u00f3n. Romp\u00ed los esquemas, dando a mi gente una voz sin maquillaje. Les regal\u00e9 a un Edgar Rojas sin la c\u00e1scara, les di y doy mi alma en cada canci\u00f3n\u201d, resalt\u00f3.<\/p>\n<p>El l\u00edder de Bonanza prefiere dejar los momentos tristes del grupo en el olvido. \u201cLo m\u00e1s alegre es estar de pie y con el \u00e9xito, por haber conquistado a nuestro p\u00fablico\u201d, subraya.<\/p>\n<p>Los integrantes del grupo son: Edgar Rojas, Beto Justiniano, Erik Torrico, Kike Rojas, Ludwin Rojas, Brian Fuentes, Roger Herrera, Hugo Alarc\u00f3n y Yerko Justiniano.<\/p>\n\r\n                <style type=\"text\/css\">\r\n                    \r\n                    #tdi_1  .td-doubleSlider-2 .td-item1 {\r\n                        background: url(https:\/\/www.eldiario.net\/portal\/wp-content\/uploads\/2025\/08\/1-PRINCIPAL-11-80x60.webp) 0 0 no-repeat;\r\n                    }\r\n                    #tdi_1  .td-doubleSlider-2 .td-item2 {\r\n                        background: url(https:\/\/www.eldiario.net\/portal\/wp-content\/uploads\/2025\/08\/2-8-80x60.webp) 0 0 no-repeat;\r\n                    }\r\n                    #tdi_1  .td-doubleSlider-2 .td-item3 {\r\n                        background: url(https:\/\/www.eldiario.net\/portal\/wp-content\/uploads\/2025\/08\/3-10-80x60.webp) 0 0 no-repeat;\r\n                    }\r\n                    #tdi_1  .td-doubleSlider-2 .td-item4 {\r\n                        background: url(https:\/\/www.eldiario.net\/portal\/wp-content\/uploads\/2025\/08\/4-10-80x60.webp) 0 0 no-repeat;\r\n                    }\r\n                    #tdi_1  .td-doubleSlider-2 .td-item5 {\r\n                        background: url(https:\/\/www.eldiario.net\/portal\/wp-content\/uploads\/2025\/08\/5-6-80x60.webp) 0 0 no-repeat;\r\n                    }\r\n                    #tdi_1  .td-doubleSlider-2 .td-item6 {\r\n                        background: url(https:\/\/www.eldiario.net\/portal\/wp-content\/uploads\/2025\/08\/6-6-80x60.webp) 0 0 no-repeat;\r\n                    }\r\n                <\/style>\r\n\r\n                <div id=\"tdi_1\" class=\"td-gallery td-slide-on-2-columns\">\r\n                    <div class=\"post_td_gallery\">\r\n                        <div class=\"td-gallery-slide-top\">\r\n                           <div class=\"td-gallery-title\"><\/div>\r\n\r\n                            <div class=\"td-gallery-controls-wrapper\">\r\n                                <div class=\"td-gallery-slide-count\"><span class=\"td-gallery-slide-item-focus\">1<\/span> de 6<\/div>\r\n                                <div class=\"td-gallery-slide-prev-next-but\">\r\n                                    <i class = \"td-icon-left doubleSliderPrevButton\"><\/i>\r\n                                    <i class = \"td-icon-right doubleSliderNextButton\"><\/i>\r\n                                <\/div>\r\n                            <\/div>\r\n                        <\/div>\r\n\r\n                        <div class = \"td-doubleSlider-1 \">\r\n                            <div class = \"td-slider\">\r\n                                \r\n                    <div class = \"td-slide-item td-item1\">\r\n                        <figure class=\"td-slide-galery-figure td-slide-popup-gallery\">\r\n                            <a class=\"slide-gallery-image-link\" href=\"https:\/\/www.eldiario.net\/portal\/wp-content\/uploads\/2025\/08\/1-PRINCIPAL-11.webp\" title=\"1-PRINCIPAL\"  data-caption=\"\"  data-description=\"\">\r\n                                <img decoding=\"async\" src=\"https:\/\/www.eldiario.net\/portal\/wp-content\/uploads\/2025\/08\/1-PRINCIPAL-11-707x420.webp\" srcset=\"https:\/\/www.eldiario.net\/portal\/wp-content\/uploads\/2025\/08\/1-PRINCIPAL-11-707x420.webp 707w, https:\/\/www.eldiario.net\/portal\/wp-content\/uploads\/2025\/08\/1-PRINCIPAL-11-300x178.webp 300w, https:\/\/www.eldiario.net\/portal\/wp-content\/uploads\/2025\/08\/1-PRINCIPAL-11-1024x608.webp 1024w, https:\/\/www.eldiario.net\/portal\/wp-content\/uploads\/2025\/08\/1-PRINCIPAL-11-768x456.webp 768w, https:\/\/www.eldiario.net\/portal\/wp-content\/uploads\/2025\/08\/1-PRINCIPAL-11-150x89.webp 150w, https:\/\/www.eldiario.net\/portal\/wp-content\/uploads\/2025\/08\/1-PRINCIPAL-11-696x413.webp 696w, https:\/\/www.eldiario.net\/portal\/wp-content\/uploads\/2025\/08\/1-PRINCIPAL-11-1068x635.webp 1068w, https:\/\/www.eldiario.net\/portal\/wp-content\/uploads\/2025\/08\/1-PRINCIPAL-11.webp 1153w\" sizes=\"(max-width: 707px) 100vw, 707px\" alt=\"\">\r\n                            <\/a>\r\n                            \r\n                        <\/figure>\r\n                    <\/div>\r\n                    <div class = \"td-slide-item td-item2\">\r\n                        <figure class=\"td-slide-galery-figure td-slide-popup-gallery\">\r\n                            <a class=\"slide-gallery-image-link\" href=\"https:\/\/www.eldiario.net\/portal\/wp-content\/uploads\/2025\/08\/2-8.webp\" title=\"2\"  data-caption=\"\"  data-description=\"\">\r\n                                <img decoding=\"async\" src=\"https:\/\/www.eldiario.net\/portal\/wp-content\/uploads\/2025\/08\/2-8-216x420.webp\" srcset=\"https:\/\/www.eldiario.net\/portal\/wp-content\/uploads\/2025\/08\/2-8-216x420.webp 216w, https:\/\/www.eldiario.net\/portal\/wp-content\/uploads\/2025\/08\/2-8-154x300.webp 154w, https:\/\/www.eldiario.net\/portal\/wp-content\/uploads\/2025\/08\/2-8-526x1024.webp 526w, https:\/\/www.eldiario.net\/portal\/wp-content\/uploads\/2025\/08\/2-8-768x1495.webp 768w, https:\/\/www.eldiario.net\/portal\/wp-content\/uploads\/2025\/08\/2-8-789x1536.webp 789w, https:\/\/www.eldiario.net\/portal\/wp-content\/uploads\/2025\/08\/2-8-1052x2048.webp 1052w, https:\/\/www.eldiario.net\/portal\/wp-content\/uploads\/2025\/08\/2-8-150x292.webp 150w, https:\/\/www.eldiario.net\/portal\/wp-content\/uploads\/2025\/08\/2-8-300x584.webp 300w, https:\/\/www.eldiario.net\/portal\/wp-content\/uploads\/2025\/08\/2-8-696x1355.webp 696w, https:\/\/www.eldiario.net\/portal\/wp-content\/uploads\/2025\/08\/2-8-1068x2079.webp 1068w, https:\/\/www.eldiario.net\/portal\/wp-content\/uploads\/2025\/08\/2-8.webp 1150w\" sizes=\"(max-width: 216px) 100vw, 216px\" alt=\"\">\r\n                            <\/a>\r\n                            \r\n                        <\/figure>\r\n                    <\/div>\r\n                    <div class = \"td-slide-item td-item3\">\r\n                        <figure class=\"td-slide-galery-figure td-slide-popup-gallery\">\r\n                            <a class=\"slide-gallery-image-link\" href=\"https:\/\/www.eldiario.net\/portal\/wp-content\/uploads\/2025\/08\/3-10-scaled.webp\" title=\"3\"  data-caption=\"\"  data-description=\"\">\r\n                                <img decoding=\"async\" src=\"https:\/\/www.eldiario.net\/portal\/wp-content\/uploads\/2025\/08\/3-10-195x420.webp\" srcset=\"https:\/\/www.eldiario.net\/portal\/wp-content\/uploads\/2025\/08\/3-10-195x420.webp 195w, https:\/\/www.eldiario.net\/portal\/wp-content\/uploads\/2025\/08\/3-10-476x1024.webp 476w, https:\/\/www.eldiario.net\/portal\/wp-content\/uploads\/2025\/08\/3-10-768x1651.webp 768w, https:\/\/www.eldiario.net\/portal\/wp-content\/uploads\/2025\/08\/3-10-714x1536.webp 714w, https:\/\/www.eldiario.net\/portal\/wp-content\/uploads\/2025\/08\/3-10-953x2048.webp 953w, https:\/\/www.eldiario.net\/portal\/wp-content\/uploads\/2025\/08\/3-10-150x323.webp 150w, https:\/\/www.eldiario.net\/portal\/wp-content\/uploads\/2025\/08\/3-10-300x645.webp 300w, https:\/\/www.eldiario.net\/portal\/wp-content\/uploads\/2025\/08\/3-10-696x1496.webp 696w, https:\/\/www.eldiario.net\/portal\/wp-content\/uploads\/2025\/08\/3-10-1068x2296.webp 1068w, https:\/\/www.eldiario.net\/portal\/wp-content\/uploads\/2025\/08\/3-10-scaled.webp 1191w\" sizes=\"(max-width: 195px) 100vw, 195px\" alt=\"\">\r\n                            <\/a>\r\n                            \r\n                        <\/figure>\r\n                    <\/div>\r\n                    <div class = \"td-slide-item td-item4\">\r\n                        <figure class=\"td-slide-galery-figure td-slide-popup-gallery\">\r\n                            <a class=\"slide-gallery-image-link\" href=\"https:\/\/www.eldiario.net\/portal\/wp-content\/uploads\/2025\/08\/4-10.webp\" title=\"4\"  data-caption=\"\"  data-description=\"\">\r\n                                <img decoding=\"async\" src=\"https:\/\/www.eldiario.net\/portal\/wp-content\/uploads\/2025\/08\/4-10-735x420.webp\" srcset=\"https:\/\/www.eldiario.net\/portal\/wp-content\/uploads\/2025\/08\/4-10-735x420.webp 735w, https:\/\/www.eldiario.net\/portal\/wp-content\/uploads\/2025\/08\/4-10-300x172.webp 300w, https:\/\/www.eldiario.net\/portal\/wp-content\/uploads\/2025\/08\/4-10-1024x585.webp 1024w, https:\/\/www.eldiario.net\/portal\/wp-content\/uploads\/2025\/08\/4-10-768x439.webp 768w, https:\/\/www.eldiario.net\/portal\/wp-content\/uploads\/2025\/08\/4-10-150x86.webp 150w, https:\/\/www.eldiario.net\/portal\/wp-content\/uploads\/2025\/08\/4-10-696x398.webp 696w, https:\/\/www.eldiario.net\/portal\/wp-content\/uploads\/2025\/08\/4-10-1068x611.webp 1068w, https:\/\/www.eldiario.net\/portal\/wp-content\/uploads\/2025\/08\/4-10.webp 1200w\" sizes=\"(max-width: 735px) 100vw, 735px\" alt=\"\">\r\n                            <\/a>\r\n                            \r\n                        <\/figure>\r\n                    <\/div>\r\n                    <div class = \"td-slide-item td-item5\">\r\n                        <figure class=\"td-slide-galery-figure td-slide-popup-gallery\">\r\n                            <a class=\"slide-gallery-image-link\" href=\"https:\/\/www.eldiario.net\/portal\/wp-content\/uploads\/2025\/08\/5-6.webp\" title=\"5\"  data-caption=\"\"  data-description=\"\">\r\n                                <img decoding=\"async\" src=\"https:\/\/www.eldiario.net\/portal\/wp-content\/uploads\/2025\/08\/5-6-279x420.webp\" srcset=\"https:\/\/www.eldiario.net\/portal\/wp-content\/uploads\/2025\/08\/5-6-279x420.webp 279w, https:\/\/www.eldiario.net\/portal\/wp-content\/uploads\/2025\/08\/5-6-199x300.webp 199w, https:\/\/www.eldiario.net\/portal\/wp-content\/uploads\/2025\/08\/5-6-680x1024.webp 680w, https:\/\/www.eldiario.net\/portal\/wp-content\/uploads\/2025\/08\/5-6-768x1156.webp 768w, https:\/\/www.eldiario.net\/portal\/wp-content\/uploads\/2025\/08\/5-6-1020x1536.webp 1020w, https:\/\/www.eldiario.net\/portal\/wp-content\/uploads\/2025\/08\/5-6-150x226.webp 150w, https:\/\/www.eldiario.net\/portal\/wp-content\/uploads\/2025\/08\/5-6-300x452.webp 300w, https:\/\/www.eldiario.net\/portal\/wp-content\/uploads\/2025\/08\/5-6-696x1048.webp 696w, https:\/\/www.eldiario.net\/portal\/wp-content\/uploads\/2025\/08\/5-6-1068x1608.webp 1068w, https:\/\/www.eldiario.net\/portal\/wp-content\/uploads\/2025\/08\/5-6.webp 1200w\" sizes=\"(max-width: 279px) 100vw, 279px\" alt=\"\">\r\n                            <\/a>\r\n                            \r\n                        <\/figure>\r\n                    <\/div>\r\n                    <div class = \"td-slide-item td-item6\">\r\n                        <figure class=\"td-slide-galery-figure td-slide-popup-gallery\">\r\n                            <a class=\"slide-gallery-image-link\" href=\"https:\/\/www.eldiario.net\/portal\/wp-content\/uploads\/2025\/08\/6-6.webp\" title=\"6\"  data-caption=\"\"  data-description=\"\">\r\n                                <img decoding=\"async\" src=\"https:\/\/www.eldiario.net\/portal\/wp-content\/uploads\/2025\/08\/6-6-280x420.webp\" srcset=\"https:\/\/www.eldiario.net\/portal\/wp-content\/uploads\/2025\/08\/6-6-280x420.webp 280w, https:\/\/www.eldiario.net\/portal\/wp-content\/uploads\/2025\/08\/6-6-200x300.webp 200w, https:\/\/www.eldiario.net\/portal\/wp-content\/uploads\/2025\/08\/6-6-683x1024.webp 683w, https:\/\/www.eldiario.net\/portal\/wp-content\/uploads\/2025\/08\/6-6-768x1152.webp 768w, https:\/\/www.eldiario.net\/portal\/wp-content\/uploads\/2025\/08\/6-6-1024x1536.webp 1024w, https:\/\/www.eldiario.net\/portal\/wp-content\/uploads\/2025\/08\/6-6-150x225.webp 150w, https:\/\/www.eldiario.net\/portal\/wp-content\/uploads\/2025\/08\/6-6-300x450.webp 300w, https:\/\/www.eldiario.net\/portal\/wp-content\/uploads\/2025\/08\/6-6-696x1044.webp 696w, https:\/\/www.eldiario.net\/portal\/wp-content\/uploads\/2025\/08\/6-6-1068x1602.webp 1068w, https:\/\/www.eldiario.net\/portal\/wp-content\/uploads\/2025\/08\/6-6.webp 1200w\" sizes=\"(max-width: 280px) 100vw, 280px\" alt=\"\">\r\n                            <\/a>\r\n                            \r\n                        <\/figure>\r\n                    <\/div>\r\n                            <\/div>\r\n                        <\/div>\r\n\r\n                        <div class = \"td-doubleSlider-2\">\r\n                            <div class = \"td-slider\">\r\n                                \r\n                    <div class = \"td-button td-item1\">\r\n                        <div class = \"td-border\"><\/div>\r\n                    <\/div>\r\n                    <div class = \"td-button td-item2\">\r\n                        <div class = \"td-border\"><\/div>\r\n                    <\/div>\r\n                    <div class = \"td-button td-item3\">\r\n                        <div class = \"td-border\"><\/div>\r\n                    <\/div>\r\n                    <div class = \"td-button td-item4\">\r\n                        <div class = \"td-border\"><\/div>\r\n                    <\/div>\r\n                    <div class = \"td-button td-item5\">\r\n                        <div class = \"td-border\"><\/div>\r\n                    <\/div>\r\n                    <div class = \"td-button td-item6\">\r\n                        <div class = \"td-border\"><\/div>\r\n                    <\/div>\r\n                            <\/div>\r\n                        <\/div>\r\n\r\n                    <\/div>\r\n\r\n                <\/div>\r\n                \n","protected":false},"excerpt":{"rendered":"<p>El viernes 5 de septiembre, el Teatro al Aire Libre \u201cJaime Laredo\u201d de la ciudad de La Paz ser\u00e1 escenario de un gran espect\u00e1culo para celebrar los 35 a\u00f1os de trayectoria de Bonanza, la agrupaci\u00f3n que ha dejado una huella imborrable en la m\u00fasica boliviana y latinoamericana. Con un legado que fusiona la riqueza de [&hellip;]<\/p>\n","protected":false},"author":1,"featured_media":327648,"comment_status":"closed","ping_status":"open","sticky":false,"template":"","format":"standard","meta":{"_acf_changed":false,"footnotes":""},"categories":[41],"tags":[],"class_list":["post-327647","post","type-post","status-publish","format-standard","has-post-thumbnail","category-la-guia"],"acf":{"antetitulo":""},"yoast_head":"<!-- This site is optimized with the Yoast SEO plugin v28.4 - https:\/\/yoast.com\/product\/yoast-seo-wordpress\/ -->\n<title>Bonanza festejar\u00e1 sus 35 a\u00f1os con invitados de lujo - El Diario - Bolivia<\/title>\n<meta name=\"robots\" content=\"index, follow, max-snippet:-1, max-image-preview:large, max-video-preview:-1\" \/>\n<link rel=\"canonical\" href=\"https:\/\/www.eldiario.net\/portal\/2025\/08\/30\/bonanza-festejara-sus-35-anos-con-invitados-de-lujo\/\" \/>\n<meta property=\"og:locale\" content=\"es_ES\" \/>\n<meta property=\"og:type\" content=\"article\" \/>\n<meta property=\"og:title\" content=\"Bonanza festejar\u00e1 sus 35 a\u00f1os con invitados de lujo - El Diario - Bolivia\" \/>\n<meta property=\"og:description\" content=\"El viernes 5 de septiembre, el Teatro al Aire Libre \u201cJaime Laredo\u201d de la ciudad de La Paz ser\u00e1 escenario de un gran espect\u00e1culo para celebrar los 35 a\u00f1os de trayectoria de Bonanza, la agrupaci\u00f3n que ha dejado una huella imborrable en la m\u00fasica boliviana y latinoamericana. Con un legado que fusiona la riqueza de [&hellip;]\" \/>\n<meta property=\"og:url\" content=\"https:\/\/www.eldiario.net\/portal\/2025\/08\/30\/bonanza-festejara-sus-35-anos-con-invitados-de-lujo\/\" \/>\n<meta property=\"og:site_name\" content=\"El Diario - Bolivia\" \/>\n<meta property=\"article:publisher\" content=\"https:\/\/www.facebook.com\/eldiario.bolivia\/\" \/>\n<meta property=\"article:published_time\" content=\"2025-08-30T11:29:11+00:00\" \/>\n<meta property=\"og:image\" content=\"https:\/\/www.eldiario.net\/portal\/wp-content\/uploads\/2025\/08\/1-PRINCIPAL-11.webp\" \/>\n\t<meta property=\"og:image:width\" content=\"1153\" \/>\n\t<meta property=\"og:image:height\" content=\"685\" \/>\n\t<meta property=\"og:image:type\" content=\"image\/webp\" \/>\n<meta name=\"author\" content=\"Jeanette\" \/>\n<meta name=\"twitter:card\" content=\"summary_large_image\" \/>\n<meta name=\"twitter:creator\" content=\"@eldiario_net\" \/>\n<meta name=\"twitter:site\" content=\"@eldiario_net\" \/>\n<meta name=\"twitter:label1\" content=\"Escrito por\" \/>\n\t<meta name=\"twitter:data1\" content=\"Jeanette\" \/>\n\t<meta name=\"twitter:label2\" content=\"Tiempo de lectura\" \/>\n\t<meta name=\"twitter:data2\" content=\"5 minutos\" \/>\n<script type=\"application\/ld+json\" class=\"yoast-schema-graph\">{\"@context\":\"https:\\\/\\\/schema.org\",\"@graph\":[{\"@type\":\"Article\",\"@id\":\"https:\\\/\\\/www.eldiario.net\\\/portal\\\/2025\\\/08\\\/30\\\/bonanza-festejara-sus-35-anos-con-invitados-de-lujo\\\/#article\",\"isPartOf\":{\"@id\":\"https:\\\/\\\/www.eldiario.net\\\/portal\\\/2025\\\/08\\\/30\\\/bonanza-festejara-sus-35-anos-con-invitados-de-lujo\\\/\"},\"author\":{\"name\":\"Jeanette\",\"@id\":\"https:\\\/\\\/www.eldiario.net\\\/portal\\\/#\\\/schema\\\/person\\\/2c57cf2b7a7ae032e449e4c9b1019eac\"},\"headline\":\"Bonanza festejar\u00e1 sus 35 a\u00f1os con invitados de lujo\",\"datePublished\":\"2025-08-30T11:29:11+00:00\",\"mainEntityOfPage\":{\"@id\":\"https:\\\/\\\/www.eldiario.net\\\/portal\\\/2025\\\/08\\\/30\\\/bonanza-festejara-sus-35-anos-con-invitados-de-lujo\\\/\"},\"wordCount\":932,\"publisher\":{\"@id\":\"https:\\\/\\\/www.eldiario.net\\\/portal\\\/#organization\"},\"image\":{\"@id\":\"https:\\\/\\\/www.eldiario.net\\\/portal\\\/2025\\\/08\\\/30\\\/bonanza-festejara-sus-35-anos-con-invitados-de-lujo\\\/#primaryimage\"},\"thumbnailUrl\":\"https:\\\/\\\/www.eldiario.net\\\/portal\\\/wp-content\\\/uploads\\\/2025\\\/08\\\/1-PRINCIPAL-11.webp\",\"articleSection\":[\"La Gu\u00eda\"],\"inLanguage\":\"es\"},{\"@type\":\"WebPage\",\"@id\":\"https:\\\/\\\/www.eldiario.net\\\/portal\\\/2025\\\/08\\\/30\\\/bonanza-festejara-sus-35-anos-con-invitados-de-lujo\\\/\",\"url\":\"https:\\\/\\\/www.eldiario.net\\\/portal\\\/2025\\\/08\\\/30\\\/bonanza-festejara-sus-35-anos-con-invitados-de-lujo\\\/\",\"name\":\"Bonanza festejar\u00e1 sus 35 a\u00f1os con invitados de lujo - El Diario - Bolivia\",\"isPartOf\":{\"@id\":\"https:\\\/\\\/www.eldiario.net\\\/portal\\\/#website\"},\"primaryImageOfPage\":{\"@id\":\"https:\\\/\\\/www.eldiario.net\\\/portal\\\/2025\\\/08\\\/30\\\/bonanza-festejara-sus-35-anos-con-invitados-de-lujo\\\/#primaryimage\"},\"image\":{\"@id\":\"https:\\\/\\\/www.eldiario.net\\\/portal\\\/2025\\\/08\\\/30\\\/bonanza-festejara-sus-35-anos-con-invitados-de-lujo\\\/#primaryimage\"},\"thumbnailUrl\":\"https:\\\/\\\/www.eldiario.net\\\/portal\\\/wp-content\\\/uploads\\\/2025\\\/08\\\/1-PRINCIPAL-11.webp\",\"datePublished\":\"2025-08-30T11:29:11+00:00\",\"breadcrumb\":{\"@id\":\"https:\\\/\\\/www.eldiario.net\\\/portal\\\/2025\\\/08\\\/30\\\/bonanza-festejara-sus-35-anos-con-invitados-de-lujo\\\/#breadcrumb\"},\"inLanguage\":\"es\",\"potentialAction\":[{\"@type\":\"ReadAction\",\"target\":[\"https:\\\/\\\/www.eldiario.net\\\/portal\\\/2025\\\/08\\\/30\\\/bonanza-festejara-sus-35-anos-con-invitados-de-lujo\\\/\"]}]},{\"@type\":\"ImageObject\",\"inLanguage\":\"es\",\"@id\":\"https:\\\/\\\/www.eldiario.net\\\/portal\\\/2025\\\/08\\\/30\\\/bonanza-festejara-sus-35-anos-con-invitados-de-lujo\\\/#primaryimage\",\"url\":\"https:\\\/\\\/www.eldiario.net\\\/portal\\\/wp-content\\\/uploads\\\/2025\\\/08\\\/1-PRINCIPAL-11.webp\",\"contentUrl\":\"https:\\\/\\\/www.eldiario.net\\\/portal\\\/wp-content\\\/uploads\\\/2025\\\/08\\\/1-PRINCIPAL-11.webp\",\"width\":1153,\"height\":685},{\"@type\":\"BreadcrumbList\",\"@id\":\"https:\\\/\\\/www.eldiario.net\\\/portal\\\/2025\\\/08\\\/30\\\/bonanza-festejara-sus-35-anos-con-invitados-de-lujo\\\/#breadcrumb\",\"itemListElement\":[{\"@type\":\"ListItem\",\"position\":1,\"name\":\"Portada\",\"item\":\"https:\\\/\\\/www.eldiario.net\\\/portal\\\/\"},{\"@type\":\"ListItem\",\"position\":2,\"name\":\"Bonanza festejar\u00e1 sus 35 a\u00f1os con invitados de lujo\"}]},{\"@type\":\"WebSite\",\"@id\":\"https:\\\/\\\/www.eldiario.net\\\/portal\\\/#website\",\"url\":\"https:\\\/\\\/www.eldiario.net\\\/portal\\\/\",\"name\":\"El Diario - Decano de la prensa nacional\",\"description\":\"El Diario - Decano de la prensa nacional\",\"publisher\":{\"@id\":\"https:\\\/\\\/www.eldiario.net\\\/portal\\\/#organization\"},\"potentialAction\":[{\"@type\":\"SearchAction\",\"target\":{\"@type\":\"EntryPoint\",\"urlTemplate\":\"https:\\\/\\\/www.eldiario.net\\\/portal\\\/?s={search_term_string}\"},\"query-input\":{\"@type\":\"PropertyValueSpecification\",\"valueRequired\":true,\"valueName\":\"search_term_string\"}}],\"inLanguage\":\"es\"},{\"@type\":\"Organization\",\"@id\":\"https:\\\/\\\/www.eldiario.net\\\/portal\\\/#organization\",\"name\":\"El Diario - Decano de la prensa nacional\",\"url\":\"https:\\\/\\\/www.eldiario.net\\\/portal\\\/\",\"logo\":{\"@type\":\"ImageObject\",\"inLanguage\":\"es\",\"@id\":\"https:\\\/\\\/www.eldiario.net\\\/portal\\\/#\\\/schema\\\/logo\\\/image\\\/\",\"url\":\"https:\\\/\\\/www.eldiario.net\\\/portal\\\/wp-content\\\/uploads\\\/2023\\\/07\\\/logo_ED.jpg\",\"contentUrl\":\"https:\\\/\\\/www.eldiario.net\\\/portal\\\/wp-content\\\/uploads\\\/2023\\\/07\\\/logo_ED.jpg\",\"width\":272,\"height\":52,\"caption\":\"El Diario - Decano de la prensa nacional\"},\"image\":{\"@id\":\"https:\\\/\\\/www.eldiario.net\\\/portal\\\/#\\\/schema\\\/logo\\\/image\\\/\"},\"sameAs\":[\"https:\\\/\\\/www.facebook.com\\\/eldiario.bolivia\\\/\",\"https:\\\/\\\/x.com\\\/eldiario_net\"]},{\"@type\":\"Person\",\"@id\":\"https:\\\/\\\/www.eldiario.net\\\/portal\\\/#\\\/schema\\\/person\\\/2c57cf2b7a7ae032e449e4c9b1019eac\",\"name\":\"Jeanette\",\"image\":{\"@type\":\"ImageObject\",\"inLanguage\":\"es\",\"@id\":\"https:\\\/\\\/secure.gravatar.com\\\/avatar\\\/3ea2118a5f7dad2b7138b1187a6b7ee55f160b9968b66013c3a3ef39dd7e5798?s=96&d=mm&r=g\",\"url\":\"https:\\\/\\\/secure.gravatar.com\\\/avatar\\\/3ea2118a5f7dad2b7138b1187a6b7ee55f160b9968b66013c3a3ef39dd7e5798?s=96&d=mm&r=g\",\"contentUrl\":\"https:\\\/\\\/secure.gravatar.com\\\/avatar\\\/3ea2118a5f7dad2b7138b1187a6b7ee55f160b9968b66013c3a3ef39dd7e5798?s=96&d=mm&r=g\",\"caption\":\"Jeanette\"},\"sameAs\":[\"https:\\\/\\\/www.eldiario.net\\\/portal\"],\"url\":\"https:\\\/\\\/www.eldiario.net\\\/portal\\\/author\\\/jeanette\\\/\"}]}<\/script>\n<!-- \/ Yoast SEO plugin. -->","yoast_head_json":{"title":"Bonanza festejar\u00e1 sus 35 a\u00f1os con invitados de lujo - El Diario - Bolivia","robots":{"index":"index","follow":"follow","max-snippet":"max-snippet:-1","max-image-preview":"max-image-preview:large","max-video-preview":"max-video-preview:-1"},"canonical":"https:\/\/www.eldiario.net\/portal\/2025\/08\/30\/bonanza-festejara-sus-35-anos-con-invitados-de-lujo\/","og_locale":"es_ES","og_type":"article","og_title":"Bonanza festejar\u00e1 sus 35 a\u00f1os con invitados de lujo - El Diario - Bolivia","og_description":"El viernes 5 de septiembre, el Teatro al Aire Libre \u201cJaime Laredo\u201d de la ciudad de La Paz ser\u00e1 escenario de un gran espect\u00e1culo para celebrar los 35 a\u00f1os de trayectoria de Bonanza, la agrupaci\u00f3n que ha dejado una huella imborrable en la m\u00fasica boliviana y latinoamericana. Con un legado que fusiona la riqueza de [&hellip;]","og_url":"https:\/\/www.eldiario.net\/portal\/2025\/08\/30\/bonanza-festejara-sus-35-anos-con-invitados-de-lujo\/","og_site_name":"El Diario - Bolivia","article_publisher":"https:\/\/www.facebook.com\/eldiario.bolivia\/","article_published_time":"2025-08-30T11:29:11+00:00","og_image":[{"width":1153,"height":685,"url":"https:\/\/www.eldiario.net\/portal\/wp-content\/uploads\/2025\/08\/1-PRINCIPAL-11.webp","type":"image\/webp"}],"author":"Jeanette","twitter_card":"summary_large_image","twitter_creator":"@eldiario_net","twitter_site":"@eldiario_net","twitter_misc":{"Escrito por":"Jeanette","Tiempo de lectura":"5 minutos"},"schema":{"@context":"https:\/\/schema.org","@graph":[{"@type":"Article","@id":"https:\/\/www.eldiario.net\/portal\/2025\/08\/30\/bonanza-festejara-sus-35-anos-con-invitados-de-lujo\/#article","isPartOf":{"@id":"https:\/\/www.eldiario.net\/portal\/2025\/08\/30\/bonanza-festejara-sus-35-anos-con-invitados-de-lujo\/"},"author":{"name":"Jeanette","@id":"https:\/\/www.eldiario.net\/portal\/#\/schema\/person\/2c57cf2b7a7ae032e449e4c9b1019eac"},"headline":"Bonanza festejar\u00e1 sus 35 a\u00f1os con invitados de lujo","datePublished":"2025-08-30T11:29:11+00:00","mainEntityOfPage":{"@id":"https:\/\/www.eldiario.net\/portal\/2025\/08\/30\/bonanza-festejara-sus-35-anos-con-invitados-de-lujo\/"},"wordCount":932,"publisher":{"@id":"https:\/\/www.eldiario.net\/portal\/#organization"},"image":{"@id":"https:\/\/www.eldiario.net\/portal\/2025\/08\/30\/bonanza-festejara-sus-35-anos-con-invitados-de-lujo\/#primaryimage"},"thumbnailUrl":"https:\/\/www.eldiario.net\/portal\/wp-content\/uploads\/2025\/08\/1-PRINCIPAL-11.webp","articleSection":["La Gu\u00eda"],"inLanguage":"es"},{"@type":"WebPage","@id":"https:\/\/www.eldiario.net\/portal\/2025\/08\/30\/bonanza-festejara-sus-35-anos-con-invitados-de-lujo\/","url":"https:\/\/www.eldiario.net\/portal\/2025\/08\/30\/bonanza-festejara-sus-35-anos-con-invitados-de-lujo\/","name":"Bonanza festejar\u00e1 sus 35 a\u00f1os con invitados de lujo - El Diario - Bolivia","isPartOf":{"@id":"https:\/\/www.eldiario.net\/portal\/#website"},"primaryImageOfPage":{"@id":"https:\/\/www.eldiario.net\/portal\/2025\/08\/30\/bonanza-festejara-sus-35-anos-con-invitados-de-lujo\/#primaryimage"},"image":{"@id":"https:\/\/www.eldiario.net\/portal\/2025\/08\/30\/bonanza-festejara-sus-35-anos-con-invitados-de-lujo\/#primaryimage"},"thumbnailUrl":"https:\/\/www.eldiario.net\/portal\/wp-content\/uploads\/2025\/08\/1-PRINCIPAL-11.webp","datePublished":"2025-08-30T11:29:11+00:00","breadcrumb":{"@id":"https:\/\/www.eldiario.net\/portal\/2025\/08\/30\/bonanza-festejara-sus-35-anos-con-invitados-de-lujo\/#breadcrumb"},"inLanguage":"es","potentialAction":[{"@type":"ReadAction","target":["https:\/\/www.eldiario.net\/portal\/2025\/08\/30\/bonanza-festejara-sus-35-anos-con-invitados-de-lujo\/"]}]},{"@type":"ImageObject","inLanguage":"es","@id":"https:\/\/www.eldiario.net\/portal\/2025\/08\/30\/bonanza-festejara-sus-35-anos-con-invitados-de-lujo\/#primaryimage","url":"https:\/\/www.eldiario.net\/portal\/wp-content\/uploads\/2025\/08\/1-PRINCIPAL-11.webp","contentUrl":"https:\/\/www.eldiario.net\/portal\/wp-content\/uploads\/2025\/08\/1-PRINCIPAL-11.webp","width":1153,"height":685},{"@type":"BreadcrumbList","@id":"https:\/\/www.eldiario.net\/portal\/2025\/08\/30\/bonanza-festejara-sus-35-anos-con-invitados-de-lujo\/#breadcrumb","itemListElement":[{"@type":"ListItem","position":1,"name":"Portada","item":"https:\/\/www.eldiario.net\/portal\/"},{"@type":"ListItem","position":2,"name":"Bonanza festejar\u00e1 sus 35 a\u00f1os con invitados de lujo"}]},{"@type":"WebSite","@id":"https:\/\/www.eldiario.net\/portal\/#website","url":"https:\/\/www.eldiario.net\/portal\/","name":"El Diario - Decano de la prensa nacional","description":"El Diario - Decano de la prensa nacional","publisher":{"@id":"https:\/\/www.eldiario.net\/portal\/#organization"},"potentialAction":[{"@type":"SearchAction","target":{"@type":"EntryPoint","urlTemplate":"https:\/\/www.eldiario.net\/portal\/?s={search_term_string}"},"query-input":{"@type":"PropertyValueSpecification","valueRequired":true,"valueName":"search_term_string"}}],"inLanguage":"es"},{"@type":"Organization","@id":"https:\/\/www.eldiario.net\/portal\/#organization","name":"El Diario - Decano de la prensa nacional","url":"https:\/\/www.eldiario.net\/portal\/","logo":{"@type":"ImageObject","inLanguage":"es","@id":"https:\/\/www.eldiario.net\/portal\/#\/schema\/logo\/image\/","url":"https:\/\/www.eldiario.net\/portal\/wp-content\/uploads\/2023\/07\/logo_ED.jpg","contentUrl":"https:\/\/www.eldiario.net\/portal\/wp-content\/uploads\/2023\/07\/logo_ED.jpg","width":272,"height":52,"caption":"El Diario - Decano de la prensa nacional"},"image":{"@id":"https:\/\/www.eldiario.net\/portal\/#\/schema\/logo\/image\/"},"sameAs":["https:\/\/www.facebook.com\/eldiario.bolivia\/","https:\/\/x.com\/eldiario_net"]},{"@type":"Person","@id":"https:\/\/www.eldiario.net\/portal\/#\/schema\/person\/2c57cf2b7a7ae032e449e4c9b1019eac","name":"Jeanette","image":{"@type":"ImageObject","inLanguage":"es","@id":"https:\/\/secure.gravatar.com\/avatar\/3ea2118a5f7dad2b7138b1187a6b7ee55f160b9968b66013c3a3ef39dd7e5798?s=96&d=mm&r=g","url":"https:\/\/secure.gravatar.com\/avatar\/3ea2118a5f7dad2b7138b1187a6b7ee55f160b9968b66013c3a3ef39dd7e5798?s=96&d=mm&r=g","contentUrl":"https:\/\/secure.gravatar.com\/avatar\/3ea2118a5f7dad2b7138b1187a6b7ee55f160b9968b66013c3a3ef39dd7e5798?s=96&d=mm&r=g","caption":"Jeanette"},"sameAs":["https:\/\/www.eldiario.net\/portal"],"url":"https:\/\/www.eldiario.net\/portal\/author\/jeanette\/"}]}},"_links":{"self":[{"href":"https:\/\/www.eldiario.net\/portal\/wp-json\/wp\/v2\/posts\/327647","targetHints":{"allow":["GET"]}}],"collection":[{"href":"https:\/\/www.eldiario.net\/portal\/wp-json\/wp\/v2\/posts"}],"about":[{"href":"https:\/\/www.eldiario.net\/portal\/wp-json\/wp\/v2\/types\/post"}],"author":[{"embeddable":true,"href":"https:\/\/www.eldiario.net\/portal\/wp-json\/wp\/v2\/users\/1"}],"replies":[{"embeddable":true,"href":"https:\/\/www.eldiario.net\/portal\/wp-json\/wp\/v2\/comments?post=327647"}],"version-history":[{"count":1,"href":"https:\/\/www.eldiario.net\/portal\/wp-json\/wp\/v2\/posts\/327647\/revisions"}],"predecessor-version":[{"id":327654,"href":"https:\/\/www.eldiario.net\/portal\/wp-json\/wp\/v2\/posts\/327647\/revisions\/327654"}],"wp:featuredmedia":[{"embeddable":true,"href":"https:\/\/www.eldiario.net\/portal\/wp-json\/wp\/v2\/media\/327648"}],"wp:attachment":[{"href":"https:\/\/www.eldiario.net\/portal\/wp-json\/wp\/v2\/media?parent=327647"}],"wp:term":[{"taxonomy":"category","embeddable":true,"href":"https:\/\/www.eldiario.net\/portal\/wp-json\/wp\/v2\/categories?post=327647"},{"taxonomy":"post_tag","embeddable":true,"href":"https:\/\/www.eldiario.net\/portal\/wp-json\/wp\/v2\/tags?post=327647"}],"curies":[{"name":"wp","href":"https:\/\/api.w.org\/{rel}","templated":true}]}}