{"id":327514,"date":"2025-08-29T19:12:20","date_gmt":"2025-08-29T23:12:20","guid":{"rendered":"https:\/\/www.eldiario.net\/portal\/?p=327514"},"modified":"2025-08-29T19:12:20","modified_gmt":"2025-08-29T23:12:20","slug":"estados-unidos-niega-visas-a-diplomaticos-palestinos-1912","status":"publish","type":"post","link":"https:\/\/www.eldiario.net\/portal\/2025\/08\/29\/estados-unidos-niega-visas-a-diplomaticos-palestinos-1912\/","title":{"rendered":"Estados Unidos niega visas a diplom\u00e1ticos palestinos (19:12)"},"content":{"rendered":"<p>El gobierno de Estados Unidos ha anunciado que revocar\u00e1 y negar\u00e1 los visados de diplom\u00e1ticos palestinos que ten\u00edan previsto participar en la pr\u00f3xima Asamblea General de la ONU, programada para fines de septiembre.<\/p>\n<p>La medida afecta a la misi\u00f3n diplom\u00e1tica palestina en su totalidad, incluyendo a miembros de la Organizaci\u00f3n de Liberaci\u00f3n de Palestina y la Autoridad Palestina.<\/p>\n<p>La decisi\u00f3n se produce en un contexto de tensiones entre Estados Unidos y Palestina, y se suma a las sanciones impuestas a funcionarios palestinos en julio.<\/p>\n<p>A pesar de las restricciones, el presidente de la Autoridad Palestina, Mahmud Ab\u00e1s, tiene previsto asistir a la Asamblea General y tomar la palabra.<\/p>\n<p>Las autoridades palestinas han solicitado a Estados Unidos que reconsidere su decisi\u00f3n, consider\u00e1ndola \u00abcontraria al derecho internacional\u00bb.<\/p>\n","protected":false},"excerpt":{"rendered":"<p>El gobierno de Estados Unidos ha anunciado que revocar\u00e1 y negar\u00e1 los visados de diplom\u00e1ticos palestinos que ten\u00edan previsto participar en la pr\u00f3xima Asamblea General de la ONU, programada para fines de septiembre. La medida afecta a la misi\u00f3n diplom\u00e1tica palestina en su totalidad, incluyendo a miembros de la Organizaci\u00f3n de Liberaci\u00f3n de Palestina y [&hellip;]<\/p>\n","protected":false},"author":7,"featured_media":327515,"comment_status":"closed","ping_status":"open","sticky":false,"template":"","format":"standard","meta":{"_acf_changed":false,"footnotes":""},"categories":[51],"tags":[],"class_list":["post-327514","post","type-post","status-publish","format-standard","has-post-thumbnail","category-ultima-hora"],"acf":{"antetitulo":""},"yoast_head":"<!-- This site is optimized with the Yoast SEO plugin v28.3 - https:\/\/yoast.com\/product\/yoast-seo-wordpress\/ -->\n<title>Estados Unidos niega visas a diplom\u00e1ticos palestinos (19:12) - El Diario - Bolivia<\/title>\n<meta name=\"robots\" content=\"index, follow, max-snippet:-1, max-image-preview:large, max-video-preview:-1\" \/>\n<link rel=\"canonical\" href=\"https:\/\/www.eldiario.net\/portal\/2025\/08\/29\/estados-unidos-niega-visas-a-diplomaticos-palestinos-1912\/\" \/>\n<meta property=\"og:locale\" content=\"es_ES\" \/>\n<meta property=\"og:type\" content=\"article\" \/>\n<meta property=\"og:title\" content=\"Estados Unidos niega visas a diplom\u00e1ticos palestinos (19:12) - El Diario - Bolivia\" \/>\n<meta property=\"og:description\" content=\"El gobierno de Estados Unidos ha anunciado que revocar\u00e1 y negar\u00e1 los visados de diplom\u00e1ticos palestinos que ten\u00edan previsto participar en la pr\u00f3xima Asamblea General de la ONU, programada para fines de septiembre. La medida afecta a la misi\u00f3n diplom\u00e1tica palestina en su totalidad, incluyendo a miembros de la Organizaci\u00f3n de Liberaci\u00f3n de Palestina y [&hellip;]\" \/>\n<meta property=\"og:url\" content=\"https:\/\/www.eldiario.net\/portal\/2025\/08\/29\/estados-unidos-niega-visas-a-diplomaticos-palestinos-1912\/\" \/>\n<meta property=\"og:site_name\" content=\"El Diario - Bolivia\" \/>\n<meta property=\"article:publisher\" content=\"https:\/\/www.facebook.com\/eldiario.bolivia\/\" \/>\n<meta property=\"article:published_time\" content=\"2025-08-29T23:12:20+00:00\" \/>\n<meta property=\"og:image\" content=\"https:\/\/www.eldiario.net\/portal\/wp-content\/uploads\/2025\/08\/visas-canceladas-2-e1756509126521.png\" \/>\n\t<meta property=\"og:image:width\" content=\"300\" \/>\n\t<meta property=\"og:image:height\" content=\"262\" \/>\n\t<meta property=\"og:image:type\" content=\"image\/png\" \/>\n<meta name=\"author\" content=\"Viviana Monrroy\" \/>\n<meta name=\"twitter:card\" content=\"summary_large_image\" \/>\n<meta name=\"twitter:creator\" content=\"@eldiario_net\" \/>\n<meta name=\"twitter:site\" content=\"@eldiario_net\" \/>\n<meta name=\"twitter:label1\" content=\"Escrito por\" \/>\n\t<meta name=\"twitter:data1\" content=\"Viviana Monrroy\" \/>\n\t<meta name=\"twitter:label2\" content=\"Tiempo de lectura\" \/>\n\t<meta name=\"twitter:data2\" content=\"1 minuto\" \/>\n<script type=\"application\/ld+json\" class=\"yoast-schema-graph\">{\"@context\":\"https:\\\/\\\/schema.org\",\"@graph\":[{\"@type\":\"Article\",\"@id\":\"https:\\\/\\\/www.eldiario.net\\\/portal\\\/2025\\\/08\\\/29\\\/estados-unidos-niega-visas-a-diplomaticos-palestinos-1912\\\/#article\",\"isPartOf\":{\"@id\":\"https:\\\/\\\/www.eldiario.net\\\/portal\\\/2025\\\/08\\\/29\\\/estados-unidos-niega-visas-a-diplomaticos-palestinos-1912\\\/\"},\"author\":{\"name\":\"Viviana Monrroy\",\"@id\":\"https:\\\/\\\/www.eldiario.net\\\/portal\\\/#\\\/schema\\\/person\\\/ba370d92d160f4d3574381f6d9b78fab\"},\"headline\":\"Estados Unidos niega visas a diplom\u00e1ticos palestinos (19:12)\",\"datePublished\":\"2025-08-29T23:12:20+00:00\",\"mainEntityOfPage\":{\"@id\":\"https:\\\/\\\/www.eldiario.net\\\/portal\\\/2025\\\/08\\\/29\\\/estados-unidos-niega-visas-a-diplomaticos-palestinos-1912\\\/\"},\"wordCount\":144,\"publisher\":{\"@id\":\"https:\\\/\\\/www.eldiario.net\\\/portal\\\/#organization\"},\"image\":{\"@id\":\"https:\\\/\\\/www.eldiario.net\\\/portal\\\/2025\\\/08\\\/29\\\/estados-unidos-niega-visas-a-diplomaticos-palestinos-1912\\\/#primaryimage\"},\"thumbnailUrl\":\"https:\\\/\\\/www.eldiario.net\\\/portal\\\/wp-content\\\/uploads\\\/2025\\\/08\\\/visas-canceladas-2-e1756509126521.png\",\"articleSection\":[\"\u00daltima Hora\"],\"inLanguage\":\"es\"},{\"@type\":\"WebPage\",\"@id\":\"https:\\\/\\\/www.eldiario.net\\\/portal\\\/2025\\\/08\\\/29\\\/estados-unidos-niega-visas-a-diplomaticos-palestinos-1912\\\/\",\"url\":\"https:\\\/\\\/www.eldiario.net\\\/portal\\\/2025\\\/08\\\/29\\\/estados-unidos-niega-visas-a-diplomaticos-palestinos-1912\\\/\",\"name\":\"Estados Unidos niega visas a diplom\u00e1ticos palestinos (19:12) - El Diario - Bolivia\",\"isPartOf\":{\"@id\":\"https:\\\/\\\/www.eldiario.net\\\/portal\\\/#website\"},\"primaryImageOfPage\":{\"@id\":\"https:\\\/\\\/www.eldiario.net\\\/portal\\\/2025\\\/08\\\/29\\\/estados-unidos-niega-visas-a-diplomaticos-palestinos-1912\\\/#primaryimage\"},\"image\":{\"@id\":\"https:\\\/\\\/www.eldiario.net\\\/portal\\\/2025\\\/08\\\/29\\\/estados-unidos-niega-visas-a-diplomaticos-palestinos-1912\\\/#primaryimage\"},\"thumbnailUrl\":\"https:\\\/\\\/www.eldiario.net\\\/portal\\\/wp-content\\\/uploads\\\/2025\\\/08\\\/visas-canceladas-2-e1756509126521.png\",\"datePublished\":\"2025-08-29T23:12:20+00:00\",\"breadcrumb\":{\"@id\":\"https:\\\/\\\/www.eldiario.net\\\/portal\\\/2025\\\/08\\\/29\\\/estados-unidos-niega-visas-a-diplomaticos-palestinos-1912\\\/#breadcrumb\"},\"inLanguage\":\"es\",\"potentialAction\":[{\"@type\":\"ReadAction\",\"target\":[\"https:\\\/\\\/www.eldiario.net\\\/portal\\\/2025\\\/08\\\/29\\\/estados-unidos-niega-visas-a-diplomaticos-palestinos-1912\\\/\"]}]},{\"@type\":\"ImageObject\",\"inLanguage\":\"es\",\"@id\":\"https:\\\/\\\/www.eldiario.net\\\/portal\\\/2025\\\/08\\\/29\\\/estados-unidos-niega-visas-a-diplomaticos-palestinos-1912\\\/#primaryimage\",\"url\":\"https:\\\/\\\/www.eldiario.net\\\/portal\\\/wp-content\\\/uploads\\\/2025\\\/08\\\/visas-canceladas-2-e1756509126521.png\",\"contentUrl\":\"https:\\\/\\\/www.eldiario.net\\\/portal\\\/wp-content\\\/uploads\\\/2025\\\/08\\\/visas-canceladas-2-e1756509126521.png\",\"width\":300,\"height\":262},{\"@type\":\"BreadcrumbList\",\"@id\":\"https:\\\/\\\/www.eldiario.net\\\/portal\\\/2025\\\/08\\\/29\\\/estados-unidos-niega-visas-a-diplomaticos-palestinos-1912\\\/#breadcrumb\",\"itemListElement\":[{\"@type\":\"ListItem\",\"position\":1,\"name\":\"Portada\",\"item\":\"https:\\\/\\\/www.eldiario.net\\\/portal\\\/\"},{\"@type\":\"ListItem\",\"position\":2,\"name\":\"Estados Unidos niega visas a diplom\u00e1ticos palestinos (19:12)\"}]},{\"@type\":\"WebSite\",\"@id\":\"https:\\\/\\\/www.eldiario.net\\\/portal\\\/#website\",\"url\":\"https:\\\/\\\/www.eldiario.net\\\/portal\\\/\",\"name\":\"El Diario - Decano de la prensa nacional\",\"description\":\"El Diario - Decano de la prensa nacional\",\"publisher\":{\"@id\":\"https:\\\/\\\/www.eldiario.net\\\/portal\\\/#organization\"},\"potentialAction\":[{\"@type\":\"SearchAction\",\"target\":{\"@type\":\"EntryPoint\",\"urlTemplate\":\"https:\\\/\\\/www.eldiario.net\\\/portal\\\/?s={search_term_string}\"},\"query-input\":{\"@type\":\"PropertyValueSpecification\",\"valueRequired\":true,\"valueName\":\"search_term_string\"}}],\"inLanguage\":\"es\"},{\"@type\":\"Organization\",\"@id\":\"https:\\\/\\\/www.eldiario.net\\\/portal\\\/#organization\",\"name\":\"El Diario - Decano de la prensa nacional\",\"url\":\"https:\\\/\\\/www.eldiario.net\\\/portal\\\/\",\"logo\":{\"@type\":\"ImageObject\",\"inLanguage\":\"es\",\"@id\":\"https:\\\/\\\/www.eldiario.net\\\/portal\\\/#\\\/schema\\\/logo\\\/image\\\/\",\"url\":\"https:\\\/\\\/www.eldiario.net\\\/portal\\\/wp-content\\\/uploads\\\/2023\\\/07\\\/logo_ED.jpg\",\"contentUrl\":\"https:\\\/\\\/www.eldiario.net\\\/portal\\\/wp-content\\\/uploads\\\/2023\\\/07\\\/logo_ED.jpg\",\"width\":272,\"height\":52,\"caption\":\"El Diario - Decano de la prensa nacional\"},\"image\":{\"@id\":\"https:\\\/\\\/www.eldiario.net\\\/portal\\\/#\\\/schema\\\/logo\\\/image\\\/\"},\"sameAs\":[\"https:\\\/\\\/www.facebook.com\\\/eldiario.bolivia\\\/\",\"https:\\\/\\\/x.com\\\/eldiario_net\"]},{\"@type\":\"Person\",\"@id\":\"https:\\\/\\\/www.eldiario.net\\\/portal\\\/#\\\/schema\\\/person\\\/ba370d92d160f4d3574381f6d9b78fab\",\"name\":\"Viviana Monrroy\",\"image\":{\"@type\":\"ImageObject\",\"inLanguage\":\"es\",\"@id\":\"https:\\\/\\\/secure.gravatar.com\\\/avatar\\\/dfd1611ed5600959a0e5a9754503b6c05d1dcf190010998e0363aee2ad98afca?s=96&d=mm&r=g\",\"url\":\"https:\\\/\\\/secure.gravatar.com\\\/avatar\\\/dfd1611ed5600959a0e5a9754503b6c05d1dcf190010998e0363aee2ad98afca?s=96&d=mm&r=g\",\"contentUrl\":\"https:\\\/\\\/secure.gravatar.com\\\/avatar\\\/dfd1611ed5600959a0e5a9754503b6c05d1dcf190010998e0363aee2ad98afca?s=96&d=mm&r=g\",\"caption\":\"Viviana Monrroy\"},\"sameAs\":[\"http:\\\/\\\/www.eldiario.net\"],\"url\":\"https:\\\/\\\/www.eldiario.net\\\/portal\\\/author\\\/vivianamonrroy\\\/\"}]}<\/script>\n<!-- \/ Yoast SEO plugin. -->","yoast_head_json":{"title":"Estados Unidos niega visas a diplom\u00e1ticos palestinos (19:12) - El Diario - Bolivia","robots":{"index":"index","follow":"follow","max-snippet":"max-snippet:-1","max-image-preview":"max-image-preview:large","max-video-preview":"max-video-preview:-1"},"canonical":"https:\/\/www.eldiario.net\/portal\/2025\/08\/29\/estados-unidos-niega-visas-a-diplomaticos-palestinos-1912\/","og_locale":"es_ES","og_type":"article","og_title":"Estados Unidos niega visas a diplom\u00e1ticos palestinos (19:12) - El Diario - Bolivia","og_description":"El gobierno de Estados Unidos ha anunciado que revocar\u00e1 y negar\u00e1 los visados de diplom\u00e1ticos palestinos que ten\u00edan previsto participar en la pr\u00f3xima Asamblea General de la ONU, programada para fines de septiembre. La medida afecta a la misi\u00f3n diplom\u00e1tica palestina en su totalidad, incluyendo a miembros de la Organizaci\u00f3n de Liberaci\u00f3n de Palestina y [&hellip;]","og_url":"https:\/\/www.eldiario.net\/portal\/2025\/08\/29\/estados-unidos-niega-visas-a-diplomaticos-palestinos-1912\/","og_site_name":"El Diario - Bolivia","article_publisher":"https:\/\/www.facebook.com\/eldiario.bolivia\/","article_published_time":"2025-08-29T23:12:20+00:00","og_image":[{"width":300,"height":262,"url":"https:\/\/www.eldiario.net\/portal\/wp-content\/uploads\/2025\/08\/visas-canceladas-2-e1756509126521.png","type":"image\/png"}],"author":"Viviana Monrroy","twitter_card":"summary_large_image","twitter_creator":"@eldiario_net","twitter_site":"@eldiario_net","twitter_misc":{"Escrito por":"Viviana Monrroy","Tiempo de lectura":"1 minuto"},"schema":{"@context":"https:\/\/schema.org","@graph":[{"@type":"Article","@id":"https:\/\/www.eldiario.net\/portal\/2025\/08\/29\/estados-unidos-niega-visas-a-diplomaticos-palestinos-1912\/#article","isPartOf":{"@id":"https:\/\/www.eldiario.net\/portal\/2025\/08\/29\/estados-unidos-niega-visas-a-diplomaticos-palestinos-1912\/"},"author":{"name":"Viviana Monrroy","@id":"https:\/\/www.eldiario.net\/portal\/#\/schema\/person\/ba370d92d160f4d3574381f6d9b78fab"},"headline":"Estados Unidos niega visas a diplom\u00e1ticos palestinos (19:12)","datePublished":"2025-08-29T23:12:20+00:00","mainEntityOfPage":{"@id":"https:\/\/www.eldiario.net\/portal\/2025\/08\/29\/estados-unidos-niega-visas-a-diplomaticos-palestinos-1912\/"},"wordCount":144,"publisher":{"@id":"https:\/\/www.eldiario.net\/portal\/#organization"},"image":{"@id":"https:\/\/www.eldiario.net\/portal\/2025\/08\/29\/estados-unidos-niega-visas-a-diplomaticos-palestinos-1912\/#primaryimage"},"thumbnailUrl":"https:\/\/www.eldiario.net\/portal\/wp-content\/uploads\/2025\/08\/visas-canceladas-2-e1756509126521.png","articleSection":["\u00daltima Hora"],"inLanguage":"es"},{"@type":"WebPage","@id":"https:\/\/www.eldiario.net\/portal\/2025\/08\/29\/estados-unidos-niega-visas-a-diplomaticos-palestinos-1912\/","url":"https:\/\/www.eldiario.net\/portal\/2025\/08\/29\/estados-unidos-niega-visas-a-diplomaticos-palestinos-1912\/","name":"Estados Unidos niega visas a diplom\u00e1ticos palestinos (19:12) - El Diario - Bolivia","isPartOf":{"@id":"https:\/\/www.eldiario.net\/portal\/#website"},"primaryImageOfPage":{"@id":"https:\/\/www.eldiario.net\/portal\/2025\/08\/29\/estados-unidos-niega-visas-a-diplomaticos-palestinos-1912\/#primaryimage"},"image":{"@id":"https:\/\/www.eldiario.net\/portal\/2025\/08\/29\/estados-unidos-niega-visas-a-diplomaticos-palestinos-1912\/#primaryimage"},"thumbnailUrl":"https:\/\/www.eldiario.net\/portal\/wp-content\/uploads\/2025\/08\/visas-canceladas-2-e1756509126521.png","datePublished":"2025-08-29T23:12:20+00:00","breadcrumb":{"@id":"https:\/\/www.eldiario.net\/portal\/2025\/08\/29\/estados-unidos-niega-visas-a-diplomaticos-palestinos-1912\/#breadcrumb"},"inLanguage":"es","potentialAction":[{"@type":"ReadAction","target":["https:\/\/www.eldiario.net\/portal\/2025\/08\/29\/estados-unidos-niega-visas-a-diplomaticos-palestinos-1912\/"]}]},{"@type":"ImageObject","inLanguage":"es","@id":"https:\/\/www.eldiario.net\/portal\/2025\/08\/29\/estados-unidos-niega-visas-a-diplomaticos-palestinos-1912\/#primaryimage","url":"https:\/\/www.eldiario.net\/portal\/wp-content\/uploads\/2025\/08\/visas-canceladas-2-e1756509126521.png","contentUrl":"https:\/\/www.eldiario.net\/portal\/wp-content\/uploads\/2025\/08\/visas-canceladas-2-e1756509126521.png","width":300,"height":262},{"@type":"BreadcrumbList","@id":"https:\/\/www.eldiario.net\/portal\/2025\/08\/29\/estados-unidos-niega-visas-a-diplomaticos-palestinos-1912\/#breadcrumb","itemListElement":[{"@type":"ListItem","position":1,"name":"Portada","item":"https:\/\/www.eldiario.net\/portal\/"},{"@type":"ListItem","position":2,"name":"Estados Unidos niega visas a diplom\u00e1ticos palestinos (19:12)"}]},{"@type":"WebSite","@id":"https:\/\/www.eldiario.net\/portal\/#website","url":"https:\/\/www.eldiario.net\/portal\/","name":"El Diario - Decano de la prensa nacional","description":"El Diario - Decano de la prensa nacional","publisher":{"@id":"https:\/\/www.eldiario.net\/portal\/#organization"},"potentialAction":[{"@type":"SearchAction","target":{"@type":"EntryPoint","urlTemplate":"https:\/\/www.eldiario.net\/portal\/?s={search_term_string}"},"query-input":{"@type":"PropertyValueSpecification","valueRequired":true,"valueName":"search_term_string"}}],"inLanguage":"es"},{"@type":"Organization","@id":"https:\/\/www.eldiario.net\/portal\/#organization","name":"El Diario - Decano de la prensa nacional","url":"https:\/\/www.eldiario.net\/portal\/","logo":{"@type":"ImageObject","inLanguage":"es","@id":"https:\/\/www.eldiario.net\/portal\/#\/schema\/logo\/image\/","url":"https:\/\/www.eldiario.net\/portal\/wp-content\/uploads\/2023\/07\/logo_ED.jpg","contentUrl":"https:\/\/www.eldiario.net\/portal\/wp-content\/uploads\/2023\/07\/logo_ED.jpg","width":272,"height":52,"caption":"El Diario - Decano de la prensa nacional"},"image":{"@id":"https:\/\/www.eldiario.net\/portal\/#\/schema\/logo\/image\/"},"sameAs":["https:\/\/www.facebook.com\/eldiario.bolivia\/","https:\/\/x.com\/eldiario_net"]},{"@type":"Person","@id":"https:\/\/www.eldiario.net\/portal\/#\/schema\/person\/ba370d92d160f4d3574381f6d9b78fab","name":"Viviana Monrroy","image":{"@type":"ImageObject","inLanguage":"es","@id":"https:\/\/secure.gravatar.com\/avatar\/dfd1611ed5600959a0e5a9754503b6c05d1dcf190010998e0363aee2ad98afca?s=96&d=mm&r=g","url":"https:\/\/secure.gravatar.com\/avatar\/dfd1611ed5600959a0e5a9754503b6c05d1dcf190010998e0363aee2ad98afca?s=96&d=mm&r=g","contentUrl":"https:\/\/secure.gravatar.com\/avatar\/dfd1611ed5600959a0e5a9754503b6c05d1dcf190010998e0363aee2ad98afca?s=96&d=mm&r=g","caption":"Viviana Monrroy"},"sameAs":["http:\/\/www.eldiario.net"],"url":"https:\/\/www.eldiario.net\/portal\/author\/vivianamonrroy\/"}]}},"_links":{"self":[{"href":"https:\/\/www.eldiario.net\/portal\/wp-json\/wp\/v2\/posts\/327514","targetHints":{"allow":["GET"]}}],"collection":[{"href":"https:\/\/www.eldiario.net\/portal\/wp-json\/wp\/v2\/posts"}],"about":[{"href":"https:\/\/www.eldiario.net\/portal\/wp-json\/wp\/v2\/types\/post"}],"author":[{"embeddable":true,"href":"https:\/\/www.eldiario.net\/portal\/wp-json\/wp\/v2\/users\/7"}],"replies":[{"embeddable":true,"href":"https:\/\/www.eldiario.net\/portal\/wp-json\/wp\/v2\/comments?post=327514"}],"version-history":[{"count":1,"href":"https:\/\/www.eldiario.net\/portal\/wp-json\/wp\/v2\/posts\/327514\/revisions"}],"predecessor-version":[{"id":327516,"href":"https:\/\/www.eldiario.net\/portal\/wp-json\/wp\/v2\/posts\/327514\/revisions\/327516"}],"wp:featuredmedia":[{"embeddable":true,"href":"https:\/\/www.eldiario.net\/portal\/wp-json\/wp\/v2\/media\/327515"}],"wp:attachment":[{"href":"https:\/\/www.eldiario.net\/portal\/wp-json\/wp\/v2\/media?parent=327514"}],"wp:term":[{"taxonomy":"category","embeddable":true,"href":"https:\/\/www.eldiario.net\/portal\/wp-json\/wp\/v2\/categories?post=327514"},{"taxonomy":"post_tag","embeddable":true,"href":"https:\/\/www.eldiario.net\/portal\/wp-json\/wp\/v2\/tags?post=327514"}],"curies":[{"name":"wp","href":"https:\/\/api.w.org\/{rel}","templated":true}]}}