{"id":327465,"date":"2025-08-29T11:51:58","date_gmt":"2025-08-29T15:51:58","guid":{"rendered":"https:\/\/www.eldiario.net\/portal\/?p=327465"},"modified":"2025-08-29T11:51:58","modified_gmt":"2025-08-29T15:51:58","slug":"ficos-show-regresa-a-la-paz-con-su-aplaudido-espectaculo-el-candidato","status":"publish","type":"post","link":"https:\/\/www.eldiario.net\/portal\/2025\/08\/29\/ficos-show-regresa-a-la-paz-con-su-aplaudido-espectaculo-el-candidato\/","title":{"rendered":"Fico\u00b4s Show regresa a La Paz con su aplaudido espect\u00e1culo \u201cEl candidato\u201d"},"content":{"rendered":"<p>Con 23 a\u00f1os al frente de Fico\u00b4s Show y 33 sobre los escenarios, Fico \u00c1vila anuncia el retorno a la ciudad de La Paz de su exitoso espect\u00e1culo\u00a0 \u201cEl candidato\u201d.<\/p>\n<p>El humor m\u00e1s esperado del pa\u00eds vuelve a los escenarios pace\u00f1os, para deleitarnos con esta espectacular puesta en escena.<\/p>\n<p>\u201cEl candidato\u201d ha estado presente en los escenarios m\u00e1s grandes e importantes del pa\u00eds, llev\u00e1ndose el aplauso del p\u00fablico nacional. Los mejores personajes de la pol\u00edtica boliviana, adem\u00e1s de personificaciones fascinantes, como de Donald Trump, Bukele y muchos m\u00e1s, junto a un grandioso cuerpo de baile y despliegue t\u00e9cnico, har\u00e1n una propuesta \u00fanica en La Paz\u201d, destac\u00f3 Fico \u00c1vila, actor y director de la compa\u00f1\u00eda humor\u00edstica cochabambina.<\/p>\n<p>Las funciones se realizar\u00e1n este viernes 29, s\u00e1bado 30 y domingo 31 de agosto en el Teatro 16 de Julio, uno de los escenarios m\u00e1s emblem\u00e1ticos de la denominada Ciudad Maravilla, donde los espectadores podr\u00e1n disfrutar de una propuesta cargada de humor, s\u00e1tira pol\u00edtica y el inconfundible sello de Fico\u00b4s Show.<\/p>\n<p>\u201cPrep\u00e1rate para re\u00edr como nunca con las ocurrencias m\u00e1s c\u00f3micas de Fico\u2019s Show. Lo que vas a ver&#8230; \u00a1no lo vas a creer!<\/p>\n<p>Estar\u00e1n personajes totalmente actuales, en una puesta en escena espectacular. Y humor fresquito sobre la actualidad del pa\u00eds. Ven a re\u00edr, aplaudir y disfrutar con nosotros los d\u00edas\u201d, resalt\u00f3 Fico.<\/p>\n<p>Seg\u00fan \u00c1vila, \u201cEl candidato volte\u00f3 taquilla en sus anteriores presentaciones en la sede de gobierno y su regreso promete convertirse en uno de los eventos m\u00e1s esperados del a\u00f1o\u201d.<\/p>\n<p>Las entradas est\u00e1n disponibles a trav\u00e9s de la p\u00e1gina oficial www.ficosshow.com o mediante el n\u00famero 76403194.<\/p>\n<p>\u201cCompra ya tus entradas y no te quedes sin ver esta locura de humor\u201d, invit\u00f3 \u00c1vila.<\/p>\n<p><strong>PARA RECORDAR<\/strong><\/p>\n<p>Fico\u00b4Show naci\u00f3 en 2002. Ya lleva 23 a\u00f1os de una exitosa carrera art\u00edstica humor\u00edstica. Su fundador y director, Fico \u00c1vila, es alguien que ama lo que hace y que lo que m\u00e1s quiere es compartir su trabajo. \u201cEs algo que tengo como objetivo de vida\u201d, dijo el experimentado comediante en una anterior entrevista con La Gu\u00eda.<\/p>\n<p>Acerca de las m\u00e1s de dos d\u00e9cadas de trabajo del elenco nacional, Fico destac\u00f3 la continuidad. \u201cSin la continuidad, Fico\u00b4s Show no ser\u00eda lo que es hoy y creo adem\u00e1s que nuestro show ha ido madurando, ha ido tomando quilates cada a\u00f1o que pasa y es un desaf\u00edo siempre para nosotros hacer las cosas de mejor forma\u201d, resalt\u00f3.<\/p>\n<div id='gallery-1' class='gallery galleryid-327465 gallery-columns-3 gallery-size-thumbnail'><figure class='gallery-item'>\n\t\t\t<div class='gallery-icon portrait'>\n\t\t\t\t<a href='https:\/\/www.eldiario.net\/portal\/7-fico\/'><img loading=\"lazy\" decoding=\"async\" width=\"150\" height=\"150\" src=\"https:\/\/www.eldiario.net\/portal\/wp-content\/uploads\/2025\/08\/7-fico-150x150.webp\" class=\"attachment-thumbnail size-thumbnail\" alt=\"\" \/><\/a>\n\t\t\t<\/div><\/figure><figure class='gallery-item'>\n\t\t\t<div class='gallery-icon portrait'>\n\t\t\t\t<a href='https:\/\/www.eldiario.net\/portal\/6-fico\/'><img loading=\"lazy\" decoding=\"async\" width=\"150\" height=\"150\" src=\"https:\/\/www.eldiario.net\/portal\/wp-content\/uploads\/2025\/08\/6-fico-150x150.webp\" class=\"attachment-thumbnail size-thumbnail\" alt=\"\" \/><\/a>\n\t\t\t<\/div><\/figure><figure class='gallery-item'>\n\t\t\t<div class='gallery-icon landscape'>\n\t\t\t\t<a href='https:\/\/www.eldiario.net\/portal\/5-fico\/'><img loading=\"lazy\" decoding=\"async\" width=\"150\" height=\"150\" src=\"https:\/\/www.eldiario.net\/portal\/wp-content\/uploads\/2025\/08\/5-fico-150x150.webp\" class=\"attachment-thumbnail size-thumbnail\" alt=\"\" \/><\/a>\n\t\t\t<\/div><\/figure><figure class='gallery-item'>\n\t\t\t<div class='gallery-icon portrait'>\n\t\t\t\t<a href='https:\/\/www.eldiario.net\/portal\/4-fico\/'><img loading=\"lazy\" decoding=\"async\" width=\"150\" height=\"150\" src=\"https:\/\/www.eldiario.net\/portal\/wp-content\/uploads\/2025\/08\/4-fico-150x150.webp\" class=\"attachment-thumbnail size-thumbnail\" alt=\"\" \/><\/a>\n\t\t\t<\/div><\/figure><figure class='gallery-item'>\n\t\t\t<div class='gallery-icon portrait'>\n\t\t\t\t<a href='https:\/\/www.eldiario.net\/portal\/3-fico\/'><img loading=\"lazy\" decoding=\"async\" width=\"150\" height=\"150\" src=\"https:\/\/www.eldiario.net\/portal\/wp-content\/uploads\/2025\/08\/3-fico-150x150.webp\" class=\"attachment-thumbnail size-thumbnail\" alt=\"\" \/><\/a>\n\t\t\t<\/div><\/figure><figure class='gallery-item'>\n\t\t\t<div class='gallery-icon portrait'>\n\t\t\t\t<a href='https:\/\/www.eldiario.net\/portal\/2-fico\/'><img loading=\"lazy\" decoding=\"async\" width=\"150\" height=\"150\" src=\"https:\/\/www.eldiario.net\/portal\/wp-content\/uploads\/2025\/08\/2-fico-150x150.webp\" class=\"attachment-thumbnail size-thumbnail\" alt=\"\" \/><\/a>\n\t\t\t<\/div><\/figure><figure class='gallery-item'>\n\t\t\t<div class='gallery-icon landscape'>\n\t\t\t\t<a href='https:\/\/www.eldiario.net\/portal\/1-fico-principal\/'><img loading=\"lazy\" decoding=\"async\" width=\"150\" height=\"150\" src=\"https:\/\/www.eldiario.net\/portal\/wp-content\/uploads\/2025\/08\/1-fico-PRINCIPAL-150x150.webp\" class=\"attachment-thumbnail size-thumbnail\" alt=\"\" \/><\/a>\n\t\t\t<\/div><\/figure><figure class='gallery-item'>\n\t\t\t<div class='gallery-icon landscape'>\n\t\t\t\t<a href='https:\/\/www.eldiario.net\/portal\/8-fico\/'><img loading=\"lazy\" decoding=\"async\" width=\"150\" height=\"150\" src=\"https:\/\/www.eldiario.net\/portal\/wp-content\/uploads\/2025\/08\/8-fico-150x150.webp\" class=\"attachment-thumbnail size-thumbnail\" alt=\"\" \/><\/a>\n\t\t\t<\/div><\/figure>\n\t\t<\/div>\n\n","protected":false},"excerpt":{"rendered":"<p>Con 23 a\u00f1os al frente de Fico\u00b4s Show y 33 sobre los escenarios, Fico \u00c1vila anuncia el retorno a la ciudad de La Paz de su exitoso espect\u00e1culo\u00a0 \u201cEl candidato\u201d. El humor m\u00e1s esperado del pa\u00eds vuelve a los escenarios pace\u00f1os, para deleitarnos con esta espectacular puesta en escena. \u201cEl candidato\u201d ha estado presente en [&hellip;]<\/p>\n","protected":false},"author":2,"featured_media":327293,"comment_status":"closed","ping_status":"open","sticky":false,"template":"","format":"standard","meta":{"_acf_changed":false,"footnotes":""},"categories":[41],"tags":[],"class_list":["post-327465","post","type-post","status-publish","format-standard","has-post-thumbnail","category-la-guia"],"acf":{"antetitulo":""},"yoast_head":"<!-- This site is optimized with the Yoast SEO plugin v28.3 - https:\/\/yoast.com\/product\/yoast-seo-wordpress\/ -->\n<title>Fico\u00b4s Show regresa a La Paz con su aplaudido espect\u00e1culo \u201cEl candidato\u201d - El Diario - Bolivia<\/title>\n<meta name=\"robots\" content=\"index, follow, max-snippet:-1, max-image-preview:large, max-video-preview:-1\" \/>\n<link rel=\"canonical\" href=\"https:\/\/www.eldiario.net\/portal\/2025\/08\/29\/ficos-show-regresa-a-la-paz-con-su-aplaudido-espectaculo-el-candidato\/\" \/>\n<meta property=\"og:locale\" content=\"es_ES\" \/>\n<meta property=\"og:type\" content=\"article\" \/>\n<meta property=\"og:title\" content=\"Fico\u00b4s Show regresa a La Paz con su aplaudido espect\u00e1culo \u201cEl candidato\u201d - El Diario - Bolivia\" \/>\n<meta property=\"og:description\" content=\"Con 23 a\u00f1os al frente de Fico\u00b4s Show y 33 sobre los escenarios, Fico \u00c1vila anuncia el retorno a la ciudad de La Paz de su exitoso espect\u00e1culo\u00a0 \u201cEl candidato\u201d. El humor m\u00e1s esperado del pa\u00eds vuelve a los escenarios pace\u00f1os, para deleitarnos con esta espectacular puesta en escena. \u201cEl candidato\u201d ha estado presente en [&hellip;]\" \/>\n<meta property=\"og:url\" content=\"https:\/\/www.eldiario.net\/portal\/2025\/08\/29\/ficos-show-regresa-a-la-paz-con-su-aplaudido-espectaculo-el-candidato\/\" \/>\n<meta property=\"og:site_name\" content=\"El Diario - Bolivia\" \/>\n<meta property=\"article:publisher\" content=\"https:\/\/www.facebook.com\/eldiario.bolivia\/\" \/>\n<meta property=\"article:published_time\" content=\"2025-08-29T15:51:58+00:00\" \/>\n<meta property=\"og:image\" content=\"https:\/\/www.eldiario.net\/portal\/wp-content\/uploads\/2025\/08\/1-fico-PRINCIPAL.webp\" \/>\n\t<meta property=\"og:image:width\" content=\"1200\" \/>\n\t<meta property=\"og:image:height\" content=\"684\" \/>\n\t<meta property=\"og:image:type\" content=\"image\/webp\" \/>\n<meta name=\"author\" content=\"luis Camacho\" \/>\n<meta name=\"twitter:card\" content=\"summary_large_image\" \/>\n<meta name=\"twitter:creator\" content=\"@eldiario_net\" \/>\n<meta name=\"twitter:site\" content=\"@eldiario_net\" \/>\n<meta name=\"twitter:label1\" content=\"Escrito por\" \/>\n\t<meta name=\"twitter:data1\" content=\"luis Camacho\" \/>\n\t<meta name=\"twitter:label2\" content=\"Tiempo de lectura\" \/>\n\t<meta name=\"twitter:data2\" content=\"3 minutos\" \/>\n<script type=\"application\/ld+json\" class=\"yoast-schema-graph\">{\"@context\":\"https:\\\/\\\/schema.org\",\"@graph\":[{\"@type\":\"Article\",\"@id\":\"https:\\\/\\\/www.eldiario.net\\\/portal\\\/2025\\\/08\\\/29\\\/ficos-show-regresa-a-la-paz-con-su-aplaudido-espectaculo-el-candidato\\\/#article\",\"isPartOf\":{\"@id\":\"https:\\\/\\\/www.eldiario.net\\\/portal\\\/2025\\\/08\\\/29\\\/ficos-show-regresa-a-la-paz-con-su-aplaudido-espectaculo-el-candidato\\\/\"},\"author\":{\"name\":\"luis Camacho\",\"@id\":\"https:\\\/\\\/www.eldiario.net\\\/portal\\\/#\\\/schema\\\/person\\\/cab1ae4db27e5f008a62cbffb05fbfee\"},\"headline\":\"Fico\u00b4s Show regresa a La Paz con su aplaudido espect\u00e1culo \u201cEl candidato\u201d\",\"datePublished\":\"2025-08-29T15:51:58+00:00\",\"mainEntityOfPage\":{\"@id\":\"https:\\\/\\\/www.eldiario.net\\\/portal\\\/2025\\\/08\\\/29\\\/ficos-show-regresa-a-la-paz-con-su-aplaudido-espectaculo-el-candidato\\\/\"},\"wordCount\":460,\"publisher\":{\"@id\":\"https:\\\/\\\/www.eldiario.net\\\/portal\\\/#organization\"},\"image\":{\"@id\":\"https:\\\/\\\/www.eldiario.net\\\/portal\\\/2025\\\/08\\\/29\\\/ficos-show-regresa-a-la-paz-con-su-aplaudido-espectaculo-el-candidato\\\/#primaryimage\"},\"thumbnailUrl\":\"https:\\\/\\\/www.eldiario.net\\\/portal\\\/wp-content\\\/uploads\\\/2025\\\/08\\\/1-fico-PRINCIPAL.webp\",\"articleSection\":[\"La Gu\u00eda\"],\"inLanguage\":\"es\"},{\"@type\":\"WebPage\",\"@id\":\"https:\\\/\\\/www.eldiario.net\\\/portal\\\/2025\\\/08\\\/29\\\/ficos-show-regresa-a-la-paz-con-su-aplaudido-espectaculo-el-candidato\\\/\",\"url\":\"https:\\\/\\\/www.eldiario.net\\\/portal\\\/2025\\\/08\\\/29\\\/ficos-show-regresa-a-la-paz-con-su-aplaudido-espectaculo-el-candidato\\\/\",\"name\":\"Fico\u00b4s Show regresa a La Paz con su aplaudido espect\u00e1culo \u201cEl candidato\u201d - El Diario - Bolivia\",\"isPartOf\":{\"@id\":\"https:\\\/\\\/www.eldiario.net\\\/portal\\\/#website\"},\"primaryImageOfPage\":{\"@id\":\"https:\\\/\\\/www.eldiario.net\\\/portal\\\/2025\\\/08\\\/29\\\/ficos-show-regresa-a-la-paz-con-su-aplaudido-espectaculo-el-candidato\\\/#primaryimage\"},\"image\":{\"@id\":\"https:\\\/\\\/www.eldiario.net\\\/portal\\\/2025\\\/08\\\/29\\\/ficos-show-regresa-a-la-paz-con-su-aplaudido-espectaculo-el-candidato\\\/#primaryimage\"},\"thumbnailUrl\":\"https:\\\/\\\/www.eldiario.net\\\/portal\\\/wp-content\\\/uploads\\\/2025\\\/08\\\/1-fico-PRINCIPAL.webp\",\"datePublished\":\"2025-08-29T15:51:58+00:00\",\"breadcrumb\":{\"@id\":\"https:\\\/\\\/www.eldiario.net\\\/portal\\\/2025\\\/08\\\/29\\\/ficos-show-regresa-a-la-paz-con-su-aplaudido-espectaculo-el-candidato\\\/#breadcrumb\"},\"inLanguage\":\"es\",\"potentialAction\":[{\"@type\":\"ReadAction\",\"target\":[\"https:\\\/\\\/www.eldiario.net\\\/portal\\\/2025\\\/08\\\/29\\\/ficos-show-regresa-a-la-paz-con-su-aplaudido-espectaculo-el-candidato\\\/\"]}]},{\"@type\":\"ImageObject\",\"inLanguage\":\"es\",\"@id\":\"https:\\\/\\\/www.eldiario.net\\\/portal\\\/2025\\\/08\\\/29\\\/ficos-show-regresa-a-la-paz-con-su-aplaudido-espectaculo-el-candidato\\\/#primaryimage\",\"url\":\"https:\\\/\\\/www.eldiario.net\\\/portal\\\/wp-content\\\/uploads\\\/2025\\\/08\\\/1-fico-PRINCIPAL.webp\",\"contentUrl\":\"https:\\\/\\\/www.eldiario.net\\\/portal\\\/wp-content\\\/uploads\\\/2025\\\/08\\\/1-fico-PRINCIPAL.webp\",\"width\":1200,\"height\":684},{\"@type\":\"BreadcrumbList\",\"@id\":\"https:\\\/\\\/www.eldiario.net\\\/portal\\\/2025\\\/08\\\/29\\\/ficos-show-regresa-a-la-paz-con-su-aplaudido-espectaculo-el-candidato\\\/#breadcrumb\",\"itemListElement\":[{\"@type\":\"ListItem\",\"position\":1,\"name\":\"Portada\",\"item\":\"https:\\\/\\\/www.eldiario.net\\\/portal\\\/\"},{\"@type\":\"ListItem\",\"position\":2,\"name\":\"Fico\u00b4s Show regresa a La Paz con su aplaudido espect\u00e1culo \u201cEl candidato\u201d\"}]},{\"@type\":\"WebSite\",\"@id\":\"https:\\\/\\\/www.eldiario.net\\\/portal\\\/#website\",\"url\":\"https:\\\/\\\/www.eldiario.net\\\/portal\\\/\",\"name\":\"El Diario - Decano de la prensa nacional\",\"description\":\"El Diario - Decano de la prensa nacional\",\"publisher\":{\"@id\":\"https:\\\/\\\/www.eldiario.net\\\/portal\\\/#organization\"},\"potentialAction\":[{\"@type\":\"SearchAction\",\"target\":{\"@type\":\"EntryPoint\",\"urlTemplate\":\"https:\\\/\\\/www.eldiario.net\\\/portal\\\/?s={search_term_string}\"},\"query-input\":{\"@type\":\"PropertyValueSpecification\",\"valueRequired\":true,\"valueName\":\"search_term_string\"}}],\"inLanguage\":\"es\"},{\"@type\":\"Organization\",\"@id\":\"https:\\\/\\\/www.eldiario.net\\\/portal\\\/#organization\",\"name\":\"El Diario - Decano de la prensa nacional\",\"url\":\"https:\\\/\\\/www.eldiario.net\\\/portal\\\/\",\"logo\":{\"@type\":\"ImageObject\",\"inLanguage\":\"es\",\"@id\":\"https:\\\/\\\/www.eldiario.net\\\/portal\\\/#\\\/schema\\\/logo\\\/image\\\/\",\"url\":\"https:\\\/\\\/www.eldiario.net\\\/portal\\\/wp-content\\\/uploads\\\/2023\\\/07\\\/logo_ED.jpg\",\"contentUrl\":\"https:\\\/\\\/www.eldiario.net\\\/portal\\\/wp-content\\\/uploads\\\/2023\\\/07\\\/logo_ED.jpg\",\"width\":272,\"height\":52,\"caption\":\"El Diario - Decano de la prensa nacional\"},\"image\":{\"@id\":\"https:\\\/\\\/www.eldiario.net\\\/portal\\\/#\\\/schema\\\/logo\\\/image\\\/\"},\"sameAs\":[\"https:\\\/\\\/www.facebook.com\\\/eldiario.bolivia\\\/\",\"https:\\\/\\\/x.com\\\/eldiario_net\"]},{\"@type\":\"Person\",\"@id\":\"https:\\\/\\\/www.eldiario.net\\\/portal\\\/#\\\/schema\\\/person\\\/cab1ae4db27e5f008a62cbffb05fbfee\",\"name\":\"luis Camacho\",\"image\":{\"@type\":\"ImageObject\",\"inLanguage\":\"es\",\"@id\":\"https:\\\/\\\/secure.gravatar.com\\\/avatar\\\/69ecb836b3826d5a2501bf06ab2a2f2c8ab211cc846758f395df21684cb38313?s=96&d=mm&r=g\",\"url\":\"https:\\\/\\\/secure.gravatar.com\\\/avatar\\\/69ecb836b3826d5a2501bf06ab2a2f2c8ab211cc846758f395df21684cb38313?s=96&d=mm&r=g\",\"contentUrl\":\"https:\\\/\\\/secure.gravatar.com\\\/avatar\\\/69ecb836b3826d5a2501bf06ab2a2f2c8ab211cc846758f395df21684cb38313?s=96&d=mm&r=g\",\"caption\":\"luis Camacho\"},\"url\":\"https:\\\/\\\/www.eldiario.net\\\/portal\\\/author\\\/luis\\\/\"}]}<\/script>\n<!-- \/ Yoast SEO plugin. -->","yoast_head_json":{"title":"Fico\u00b4s Show regresa a La Paz con su aplaudido espect\u00e1culo \u201cEl candidato\u201d - El Diario - Bolivia","robots":{"index":"index","follow":"follow","max-snippet":"max-snippet:-1","max-image-preview":"max-image-preview:large","max-video-preview":"max-video-preview:-1"},"canonical":"https:\/\/www.eldiario.net\/portal\/2025\/08\/29\/ficos-show-regresa-a-la-paz-con-su-aplaudido-espectaculo-el-candidato\/","og_locale":"es_ES","og_type":"article","og_title":"Fico\u00b4s Show regresa a La Paz con su aplaudido espect\u00e1culo \u201cEl candidato\u201d - El Diario - Bolivia","og_description":"Con 23 a\u00f1os al frente de Fico\u00b4s Show y 33 sobre los escenarios, Fico \u00c1vila anuncia el retorno a la ciudad de La Paz de su exitoso espect\u00e1culo\u00a0 \u201cEl candidato\u201d. El humor m\u00e1s esperado del pa\u00eds vuelve a los escenarios pace\u00f1os, para deleitarnos con esta espectacular puesta en escena. \u201cEl candidato\u201d ha estado presente en [&hellip;]","og_url":"https:\/\/www.eldiario.net\/portal\/2025\/08\/29\/ficos-show-regresa-a-la-paz-con-su-aplaudido-espectaculo-el-candidato\/","og_site_name":"El Diario - Bolivia","article_publisher":"https:\/\/www.facebook.com\/eldiario.bolivia\/","article_published_time":"2025-08-29T15:51:58+00:00","og_image":[{"width":1200,"height":684,"url":"https:\/\/www.eldiario.net\/portal\/wp-content\/uploads\/2025\/08\/1-fico-PRINCIPAL.webp","type":"image\/webp"}],"author":"luis Camacho","twitter_card":"summary_large_image","twitter_creator":"@eldiario_net","twitter_site":"@eldiario_net","twitter_misc":{"Escrito por":"luis Camacho","Tiempo de lectura":"3 minutos"},"schema":{"@context":"https:\/\/schema.org","@graph":[{"@type":"Article","@id":"https:\/\/www.eldiario.net\/portal\/2025\/08\/29\/ficos-show-regresa-a-la-paz-con-su-aplaudido-espectaculo-el-candidato\/#article","isPartOf":{"@id":"https:\/\/www.eldiario.net\/portal\/2025\/08\/29\/ficos-show-regresa-a-la-paz-con-su-aplaudido-espectaculo-el-candidato\/"},"author":{"name":"luis Camacho","@id":"https:\/\/www.eldiario.net\/portal\/#\/schema\/person\/cab1ae4db27e5f008a62cbffb05fbfee"},"headline":"Fico\u00b4s Show regresa a La Paz con su aplaudido espect\u00e1culo \u201cEl candidato\u201d","datePublished":"2025-08-29T15:51:58+00:00","mainEntityOfPage":{"@id":"https:\/\/www.eldiario.net\/portal\/2025\/08\/29\/ficos-show-regresa-a-la-paz-con-su-aplaudido-espectaculo-el-candidato\/"},"wordCount":460,"publisher":{"@id":"https:\/\/www.eldiario.net\/portal\/#organization"},"image":{"@id":"https:\/\/www.eldiario.net\/portal\/2025\/08\/29\/ficos-show-regresa-a-la-paz-con-su-aplaudido-espectaculo-el-candidato\/#primaryimage"},"thumbnailUrl":"https:\/\/www.eldiario.net\/portal\/wp-content\/uploads\/2025\/08\/1-fico-PRINCIPAL.webp","articleSection":["La Gu\u00eda"],"inLanguage":"es"},{"@type":"WebPage","@id":"https:\/\/www.eldiario.net\/portal\/2025\/08\/29\/ficos-show-regresa-a-la-paz-con-su-aplaudido-espectaculo-el-candidato\/","url":"https:\/\/www.eldiario.net\/portal\/2025\/08\/29\/ficos-show-regresa-a-la-paz-con-su-aplaudido-espectaculo-el-candidato\/","name":"Fico\u00b4s Show regresa a La Paz con su aplaudido espect\u00e1culo \u201cEl candidato\u201d - El Diario - Bolivia","isPartOf":{"@id":"https:\/\/www.eldiario.net\/portal\/#website"},"primaryImageOfPage":{"@id":"https:\/\/www.eldiario.net\/portal\/2025\/08\/29\/ficos-show-regresa-a-la-paz-con-su-aplaudido-espectaculo-el-candidato\/#primaryimage"},"image":{"@id":"https:\/\/www.eldiario.net\/portal\/2025\/08\/29\/ficos-show-regresa-a-la-paz-con-su-aplaudido-espectaculo-el-candidato\/#primaryimage"},"thumbnailUrl":"https:\/\/www.eldiario.net\/portal\/wp-content\/uploads\/2025\/08\/1-fico-PRINCIPAL.webp","datePublished":"2025-08-29T15:51:58+00:00","breadcrumb":{"@id":"https:\/\/www.eldiario.net\/portal\/2025\/08\/29\/ficos-show-regresa-a-la-paz-con-su-aplaudido-espectaculo-el-candidato\/#breadcrumb"},"inLanguage":"es","potentialAction":[{"@type":"ReadAction","target":["https:\/\/www.eldiario.net\/portal\/2025\/08\/29\/ficos-show-regresa-a-la-paz-con-su-aplaudido-espectaculo-el-candidato\/"]}]},{"@type":"ImageObject","inLanguage":"es","@id":"https:\/\/www.eldiario.net\/portal\/2025\/08\/29\/ficos-show-regresa-a-la-paz-con-su-aplaudido-espectaculo-el-candidato\/#primaryimage","url":"https:\/\/www.eldiario.net\/portal\/wp-content\/uploads\/2025\/08\/1-fico-PRINCIPAL.webp","contentUrl":"https:\/\/www.eldiario.net\/portal\/wp-content\/uploads\/2025\/08\/1-fico-PRINCIPAL.webp","width":1200,"height":684},{"@type":"BreadcrumbList","@id":"https:\/\/www.eldiario.net\/portal\/2025\/08\/29\/ficos-show-regresa-a-la-paz-con-su-aplaudido-espectaculo-el-candidato\/#breadcrumb","itemListElement":[{"@type":"ListItem","position":1,"name":"Portada","item":"https:\/\/www.eldiario.net\/portal\/"},{"@type":"ListItem","position":2,"name":"Fico\u00b4s Show regresa a La Paz con su aplaudido espect\u00e1culo \u201cEl candidato\u201d"}]},{"@type":"WebSite","@id":"https:\/\/www.eldiario.net\/portal\/#website","url":"https:\/\/www.eldiario.net\/portal\/","name":"El Diario - Decano de la prensa nacional","description":"El Diario - Decano de la prensa nacional","publisher":{"@id":"https:\/\/www.eldiario.net\/portal\/#organization"},"potentialAction":[{"@type":"SearchAction","target":{"@type":"EntryPoint","urlTemplate":"https:\/\/www.eldiario.net\/portal\/?s={search_term_string}"},"query-input":{"@type":"PropertyValueSpecification","valueRequired":true,"valueName":"search_term_string"}}],"inLanguage":"es"},{"@type":"Organization","@id":"https:\/\/www.eldiario.net\/portal\/#organization","name":"El Diario - Decano de la prensa nacional","url":"https:\/\/www.eldiario.net\/portal\/","logo":{"@type":"ImageObject","inLanguage":"es","@id":"https:\/\/www.eldiario.net\/portal\/#\/schema\/logo\/image\/","url":"https:\/\/www.eldiario.net\/portal\/wp-content\/uploads\/2023\/07\/logo_ED.jpg","contentUrl":"https:\/\/www.eldiario.net\/portal\/wp-content\/uploads\/2023\/07\/logo_ED.jpg","width":272,"height":52,"caption":"El Diario - Decano de la prensa nacional"},"image":{"@id":"https:\/\/www.eldiario.net\/portal\/#\/schema\/logo\/image\/"},"sameAs":["https:\/\/www.facebook.com\/eldiario.bolivia\/","https:\/\/x.com\/eldiario_net"]},{"@type":"Person","@id":"https:\/\/www.eldiario.net\/portal\/#\/schema\/person\/cab1ae4db27e5f008a62cbffb05fbfee","name":"luis Camacho","image":{"@type":"ImageObject","inLanguage":"es","@id":"https:\/\/secure.gravatar.com\/avatar\/69ecb836b3826d5a2501bf06ab2a2f2c8ab211cc846758f395df21684cb38313?s=96&d=mm&r=g","url":"https:\/\/secure.gravatar.com\/avatar\/69ecb836b3826d5a2501bf06ab2a2f2c8ab211cc846758f395df21684cb38313?s=96&d=mm&r=g","contentUrl":"https:\/\/secure.gravatar.com\/avatar\/69ecb836b3826d5a2501bf06ab2a2f2c8ab211cc846758f395df21684cb38313?s=96&d=mm&r=g","caption":"luis Camacho"},"url":"https:\/\/www.eldiario.net\/portal\/author\/luis\/"}]}},"_links":{"self":[{"href":"https:\/\/www.eldiario.net\/portal\/wp-json\/wp\/v2\/posts\/327465","targetHints":{"allow":["GET"]}}],"collection":[{"href":"https:\/\/www.eldiario.net\/portal\/wp-json\/wp\/v2\/posts"}],"about":[{"href":"https:\/\/www.eldiario.net\/portal\/wp-json\/wp\/v2\/types\/post"}],"author":[{"embeddable":true,"href":"https:\/\/www.eldiario.net\/portal\/wp-json\/wp\/v2\/users\/2"}],"replies":[{"embeddable":true,"href":"https:\/\/www.eldiario.net\/portal\/wp-json\/wp\/v2\/comments?post=327465"}],"version-history":[{"count":1,"href":"https:\/\/www.eldiario.net\/portal\/wp-json\/wp\/v2\/posts\/327465\/revisions"}],"predecessor-version":[{"id":327467,"href":"https:\/\/www.eldiario.net\/portal\/wp-json\/wp\/v2\/posts\/327465\/revisions\/327467"}],"wp:featuredmedia":[{"embeddable":true,"href":"https:\/\/www.eldiario.net\/portal\/wp-json\/wp\/v2\/media\/327293"}],"wp:attachment":[{"href":"https:\/\/www.eldiario.net\/portal\/wp-json\/wp\/v2\/media?parent=327465"}],"wp:term":[{"taxonomy":"category","embeddable":true,"href":"https:\/\/www.eldiario.net\/portal\/wp-json\/wp\/v2\/categories?post=327465"},{"taxonomy":"post_tag","embeddable":true,"href":"https:\/\/www.eldiario.net\/portal\/wp-json\/wp\/v2\/tags?post=327465"}],"curies":[{"name":"wp","href":"https:\/\/api.w.org\/{rel}","templated":true}]}}