{"id":327307,"date":"2025-08-29T00:42:23","date_gmt":"2025-08-29T04:42:23","guid":{"rendered":"https:\/\/www.eldiario.net\/portal\/?p=327307"},"modified":"2025-08-28T22:42:59","modified_gmt":"2025-08-29T02:42:59","slug":"encuentran-cuerpos-de-familia-entera-asesinada-en-entre-rios","status":"publish","type":"post","link":"https:\/\/www.eldiario.net\/portal\/2025\/08\/29\/encuentran-cuerpos-de-familia-entera-asesinada-en-entre-rios\/","title":{"rendered":"Encuentran cuerpos de familia entera asesinada en Entre R\u00edos"},"content":{"rendered":"<p>Los cad\u00e1veres en descomposici\u00f3n de cuatro personas, todas miembros de una familia, fueron encontrados en bolsas de yute en un chaco de Entre R\u00edos, en el tr\u00f3pico de Cochabamba. Dos autores confesos fueron identificados como L\u00edmber M. A. (25 a\u00f1os)\u00a0y Yimer C. O. (25) y fueron aprehendidos, mientras un tercer sospechoso est\u00e1 pr\u00f3fugo.<\/p>\n<p>Las v\u00edctimas fueron identificadas como Gregorio Vela Torres (37 a\u00f1os), la esposa, Griselda Acarapi Mamani (29 a\u00f1os); y dos menores de 11 y ocho a\u00f1os. Todos murieron por golpes contundentes en la cabeza, pero el padre tambi\u00e9n fue asfixiado y la madre recibi\u00f3 un disparo letal. Se presume que pudieron ser desvividos en otra locaci\u00f3n y dejados en el lugar.<\/p>\n<p>El hallazgo fue reportado por comunarios de Sindicato Volc\u00e1n Primero, en la comunidad R\u00edo Blanco, quienes dieron parte a la agencia anticrimen de la Polic\u00eda para el levantamiento de cuerpos y el inicio de investigaciones. La Fiscal\u00eda inform\u00f3 que el caso es investigado como asesinato, feminicidio e infanticidio, en tanto que el veh\u00edculo est\u00e1 desaparecido.<\/p>\n<p>La familia hab\u00eda desaparecido el 5 de julio, cuando sali\u00f3 de su casa en Cruce Andino en su camioneta Hilux, con Bs 120.000 para la compra de un terreno. Medios locales reflejaron que los familiares sospechan del presunto vendedor, quien habr\u00eda recibido un adelanto de $us 6.000 por el inmueble. (Cochabamba, EL DIARIO y agencias)<\/p>\n","protected":false},"excerpt":{"rendered":"<p>Los cad\u00e1veres en descomposici\u00f3n de cuatro personas, todas miembros de una familia, fueron encontrados en bolsas de yute en un chaco de Entre R\u00edos, en el tr\u00f3pico de Cochabamba. Dos autores confesos fueron identificados como L\u00edmber M. A. (25 a\u00f1os)\u00a0y Yimer C. O. (25) y fueron aprehendidos, mientras un tercer sospechoso est\u00e1 pr\u00f3fugo. Las v\u00edctimas [&hellip;]<\/p>\n","protected":false},"author":1,"featured_media":327308,"comment_status":"closed","ping_status":"open","sticky":false,"template":"","format":"standard","meta":{"_acf_changed":false,"footnotes":""},"categories":[39],"tags":[],"class_list":["post-327307","post","type-post","status-publish","format-standard","has-post-thumbnail","category-sociedad"],"acf":{"antetitulo":"Dos aprehendidos y un pr\u00f3fugo"},"yoast_head":"<!-- This site is optimized with the Yoast SEO plugin v28.4 - https:\/\/yoast.com\/product\/yoast-seo-wordpress\/ -->\n<title>Encuentran cuerpos de familia entera asesinada en Entre R\u00edos - El Diario - Bolivia<\/title>\n<meta name=\"robots\" content=\"index, follow, max-snippet:-1, max-image-preview:large, max-video-preview:-1\" \/>\n<link rel=\"canonical\" href=\"https:\/\/www.eldiario.net\/portal\/2025\/08\/29\/encuentran-cuerpos-de-familia-entera-asesinada-en-entre-rios\/\" \/>\n<meta property=\"og:locale\" content=\"es_ES\" \/>\n<meta property=\"og:type\" content=\"article\" \/>\n<meta property=\"og:title\" content=\"Encuentran cuerpos de familia entera asesinada en Entre R\u00edos - El Diario - Bolivia\" \/>\n<meta property=\"og:description\" content=\"Los cad\u00e1veres en descomposici\u00f3n de cuatro personas, todas miembros de una familia, fueron encontrados en bolsas de yute en un chaco de Entre R\u00edos, en el tr\u00f3pico de Cochabamba. Dos autores confesos fueron identificados como L\u00edmber M. A. (25 a\u00f1os)\u00a0y Yimer C. O. (25) y fueron aprehendidos, mientras un tercer sospechoso est\u00e1 pr\u00f3fugo. Las v\u00edctimas [&hellip;]\" \/>\n<meta property=\"og:url\" content=\"https:\/\/www.eldiario.net\/portal\/2025\/08\/29\/encuentran-cuerpos-de-familia-entera-asesinada-en-entre-rios\/\" \/>\n<meta property=\"og:site_name\" content=\"El Diario - Bolivia\" \/>\n<meta property=\"article:publisher\" content=\"https:\/\/www.facebook.com\/eldiario.bolivia\/\" \/>\n<meta property=\"article:published_time\" content=\"2025-08-29T04:42:23+00:00\" \/>\n<meta property=\"og:image\" content=\"https:\/\/www.eldiario.net\/portal\/wp-content\/uploads\/2025\/08\/29-CUERPOS.webp\" \/>\n\t<meta property=\"og:image:width\" content=\"1185\" \/>\n\t<meta property=\"og:image:height\" content=\"581\" \/>\n\t<meta property=\"og:image:type\" content=\"image\/webp\" \/>\n<meta name=\"author\" content=\"Jeanette\" \/>\n<meta name=\"twitter:card\" content=\"summary_large_image\" \/>\n<meta name=\"twitter:creator\" content=\"@eldiario_net\" \/>\n<meta name=\"twitter:site\" content=\"@eldiario_net\" \/>\n<meta name=\"twitter:label1\" content=\"Escrito por\" \/>\n\t<meta name=\"twitter:data1\" content=\"Jeanette\" \/>\n\t<meta name=\"twitter:label2\" content=\"Tiempo de lectura\" \/>\n\t<meta name=\"twitter:data2\" content=\"2 minutos\" \/>\n<script type=\"application\/ld+json\" class=\"yoast-schema-graph\">{\"@context\":\"https:\\\/\\\/schema.org\",\"@graph\":[{\"@type\":\"Article\",\"@id\":\"https:\\\/\\\/www.eldiario.net\\\/portal\\\/2025\\\/08\\\/29\\\/encuentran-cuerpos-de-familia-entera-asesinada-en-entre-rios\\\/#article\",\"isPartOf\":{\"@id\":\"https:\\\/\\\/www.eldiario.net\\\/portal\\\/2025\\\/08\\\/29\\\/encuentran-cuerpos-de-familia-entera-asesinada-en-entre-rios\\\/\"},\"author\":{\"name\":\"Jeanette\",\"@id\":\"https:\\\/\\\/www.eldiario.net\\\/portal\\\/#\\\/schema\\\/person\\\/2c57cf2b7a7ae032e449e4c9b1019eac\"},\"headline\":\"Encuentran cuerpos de familia entera asesinada en Entre R\u00edos\",\"datePublished\":\"2025-08-29T04:42:23+00:00\",\"mainEntityOfPage\":{\"@id\":\"https:\\\/\\\/www.eldiario.net\\\/portal\\\/2025\\\/08\\\/29\\\/encuentran-cuerpos-de-familia-entera-asesinada-en-entre-rios\\\/\"},\"wordCount\":246,\"publisher\":{\"@id\":\"https:\\\/\\\/www.eldiario.net\\\/portal\\\/#organization\"},\"image\":{\"@id\":\"https:\\\/\\\/www.eldiario.net\\\/portal\\\/2025\\\/08\\\/29\\\/encuentran-cuerpos-de-familia-entera-asesinada-en-entre-rios\\\/#primaryimage\"},\"thumbnailUrl\":\"https:\\\/\\\/www.eldiario.net\\\/portal\\\/wp-content\\\/uploads\\\/2025\\\/08\\\/29-CUERPOS.webp\",\"articleSection\":[\"Sociedad - Seguridad\"],\"inLanguage\":\"es\"},{\"@type\":\"WebPage\",\"@id\":\"https:\\\/\\\/www.eldiario.net\\\/portal\\\/2025\\\/08\\\/29\\\/encuentran-cuerpos-de-familia-entera-asesinada-en-entre-rios\\\/\",\"url\":\"https:\\\/\\\/www.eldiario.net\\\/portal\\\/2025\\\/08\\\/29\\\/encuentran-cuerpos-de-familia-entera-asesinada-en-entre-rios\\\/\",\"name\":\"Encuentran cuerpos de familia entera asesinada en Entre R\u00edos - El Diario - Bolivia\",\"isPartOf\":{\"@id\":\"https:\\\/\\\/www.eldiario.net\\\/portal\\\/#website\"},\"primaryImageOfPage\":{\"@id\":\"https:\\\/\\\/www.eldiario.net\\\/portal\\\/2025\\\/08\\\/29\\\/encuentran-cuerpos-de-familia-entera-asesinada-en-entre-rios\\\/#primaryimage\"},\"image\":{\"@id\":\"https:\\\/\\\/www.eldiario.net\\\/portal\\\/2025\\\/08\\\/29\\\/encuentran-cuerpos-de-familia-entera-asesinada-en-entre-rios\\\/#primaryimage\"},\"thumbnailUrl\":\"https:\\\/\\\/www.eldiario.net\\\/portal\\\/wp-content\\\/uploads\\\/2025\\\/08\\\/29-CUERPOS.webp\",\"datePublished\":\"2025-08-29T04:42:23+00:00\",\"breadcrumb\":{\"@id\":\"https:\\\/\\\/www.eldiario.net\\\/portal\\\/2025\\\/08\\\/29\\\/encuentran-cuerpos-de-familia-entera-asesinada-en-entre-rios\\\/#breadcrumb\"},\"inLanguage\":\"es\",\"potentialAction\":[{\"@type\":\"ReadAction\",\"target\":[\"https:\\\/\\\/www.eldiario.net\\\/portal\\\/2025\\\/08\\\/29\\\/encuentran-cuerpos-de-familia-entera-asesinada-en-entre-rios\\\/\"]}]},{\"@type\":\"ImageObject\",\"inLanguage\":\"es\",\"@id\":\"https:\\\/\\\/www.eldiario.net\\\/portal\\\/2025\\\/08\\\/29\\\/encuentran-cuerpos-de-familia-entera-asesinada-en-entre-rios\\\/#primaryimage\",\"url\":\"https:\\\/\\\/www.eldiario.net\\\/portal\\\/wp-content\\\/uploads\\\/2025\\\/08\\\/29-CUERPOS.webp\",\"contentUrl\":\"https:\\\/\\\/www.eldiario.net\\\/portal\\\/wp-content\\\/uploads\\\/2025\\\/08\\\/29-CUERPOS.webp\",\"width\":1185,\"height\":581,\"caption\":\"Uno de los restos. Foto: RRSS\"},{\"@type\":\"BreadcrumbList\",\"@id\":\"https:\\\/\\\/www.eldiario.net\\\/portal\\\/2025\\\/08\\\/29\\\/encuentran-cuerpos-de-familia-entera-asesinada-en-entre-rios\\\/#breadcrumb\",\"itemListElement\":[{\"@type\":\"ListItem\",\"position\":1,\"name\":\"Portada\",\"item\":\"https:\\\/\\\/www.eldiario.net\\\/portal\\\/\"},{\"@type\":\"ListItem\",\"position\":2,\"name\":\"Encuentran cuerpos de familia entera asesinada en Entre R\u00edos\"}]},{\"@type\":\"WebSite\",\"@id\":\"https:\\\/\\\/www.eldiario.net\\\/portal\\\/#website\",\"url\":\"https:\\\/\\\/www.eldiario.net\\\/portal\\\/\",\"name\":\"El Diario - Decano de la prensa nacional\",\"description\":\"El Diario - Decano de la prensa nacional\",\"publisher\":{\"@id\":\"https:\\\/\\\/www.eldiario.net\\\/portal\\\/#organization\"},\"potentialAction\":[{\"@type\":\"SearchAction\",\"target\":{\"@type\":\"EntryPoint\",\"urlTemplate\":\"https:\\\/\\\/www.eldiario.net\\\/portal\\\/?s={search_term_string}\"},\"query-input\":{\"@type\":\"PropertyValueSpecification\",\"valueRequired\":true,\"valueName\":\"search_term_string\"}}],\"inLanguage\":\"es\"},{\"@type\":\"Organization\",\"@id\":\"https:\\\/\\\/www.eldiario.net\\\/portal\\\/#organization\",\"name\":\"El Diario - Decano de la prensa nacional\",\"url\":\"https:\\\/\\\/www.eldiario.net\\\/portal\\\/\",\"logo\":{\"@type\":\"ImageObject\",\"inLanguage\":\"es\",\"@id\":\"https:\\\/\\\/www.eldiario.net\\\/portal\\\/#\\\/schema\\\/logo\\\/image\\\/\",\"url\":\"https:\\\/\\\/www.eldiario.net\\\/portal\\\/wp-content\\\/uploads\\\/2023\\\/07\\\/logo_ED.jpg\",\"contentUrl\":\"https:\\\/\\\/www.eldiario.net\\\/portal\\\/wp-content\\\/uploads\\\/2023\\\/07\\\/logo_ED.jpg\",\"width\":272,\"height\":52,\"caption\":\"El Diario - Decano de la prensa nacional\"},\"image\":{\"@id\":\"https:\\\/\\\/www.eldiario.net\\\/portal\\\/#\\\/schema\\\/logo\\\/image\\\/\"},\"sameAs\":[\"https:\\\/\\\/www.facebook.com\\\/eldiario.bolivia\\\/\",\"https:\\\/\\\/x.com\\\/eldiario_net\"]},{\"@type\":\"Person\",\"@id\":\"https:\\\/\\\/www.eldiario.net\\\/portal\\\/#\\\/schema\\\/person\\\/2c57cf2b7a7ae032e449e4c9b1019eac\",\"name\":\"Jeanette\",\"image\":{\"@type\":\"ImageObject\",\"inLanguage\":\"es\",\"@id\":\"https:\\\/\\\/secure.gravatar.com\\\/avatar\\\/3ea2118a5f7dad2b7138b1187a6b7ee55f160b9968b66013c3a3ef39dd7e5798?s=96&d=mm&r=g\",\"url\":\"https:\\\/\\\/secure.gravatar.com\\\/avatar\\\/3ea2118a5f7dad2b7138b1187a6b7ee55f160b9968b66013c3a3ef39dd7e5798?s=96&d=mm&r=g\",\"contentUrl\":\"https:\\\/\\\/secure.gravatar.com\\\/avatar\\\/3ea2118a5f7dad2b7138b1187a6b7ee55f160b9968b66013c3a3ef39dd7e5798?s=96&d=mm&r=g\",\"caption\":\"Jeanette\"},\"sameAs\":[\"https:\\\/\\\/www.eldiario.net\\\/portal\"],\"url\":\"https:\\\/\\\/www.eldiario.net\\\/portal\\\/author\\\/jeanette\\\/\"}]}<\/script>\n<!-- \/ Yoast SEO plugin. -->","yoast_head_json":{"title":"Encuentran cuerpos de familia entera asesinada en Entre R\u00edos - El Diario - Bolivia","robots":{"index":"index","follow":"follow","max-snippet":"max-snippet:-1","max-image-preview":"max-image-preview:large","max-video-preview":"max-video-preview:-1"},"canonical":"https:\/\/www.eldiario.net\/portal\/2025\/08\/29\/encuentran-cuerpos-de-familia-entera-asesinada-en-entre-rios\/","og_locale":"es_ES","og_type":"article","og_title":"Encuentran cuerpos de familia entera asesinada en Entre R\u00edos - El Diario - Bolivia","og_description":"Los cad\u00e1veres en descomposici\u00f3n de cuatro personas, todas miembros de una familia, fueron encontrados en bolsas de yute en un chaco de Entre R\u00edos, en el tr\u00f3pico de Cochabamba. Dos autores confesos fueron identificados como L\u00edmber M. A. (25 a\u00f1os)\u00a0y Yimer C. O. (25) y fueron aprehendidos, mientras un tercer sospechoso est\u00e1 pr\u00f3fugo. Las v\u00edctimas [&hellip;]","og_url":"https:\/\/www.eldiario.net\/portal\/2025\/08\/29\/encuentran-cuerpos-de-familia-entera-asesinada-en-entre-rios\/","og_site_name":"El Diario - Bolivia","article_publisher":"https:\/\/www.facebook.com\/eldiario.bolivia\/","article_published_time":"2025-08-29T04:42:23+00:00","og_image":[{"width":1185,"height":581,"url":"https:\/\/www.eldiario.net\/portal\/wp-content\/uploads\/2025\/08\/29-CUERPOS.webp","type":"image\/webp"}],"author":"Jeanette","twitter_card":"summary_large_image","twitter_creator":"@eldiario_net","twitter_site":"@eldiario_net","twitter_misc":{"Escrito por":"Jeanette","Tiempo de lectura":"2 minutos"},"schema":{"@context":"https:\/\/schema.org","@graph":[{"@type":"Article","@id":"https:\/\/www.eldiario.net\/portal\/2025\/08\/29\/encuentran-cuerpos-de-familia-entera-asesinada-en-entre-rios\/#article","isPartOf":{"@id":"https:\/\/www.eldiario.net\/portal\/2025\/08\/29\/encuentran-cuerpos-de-familia-entera-asesinada-en-entre-rios\/"},"author":{"name":"Jeanette","@id":"https:\/\/www.eldiario.net\/portal\/#\/schema\/person\/2c57cf2b7a7ae032e449e4c9b1019eac"},"headline":"Encuentran cuerpos de familia entera asesinada en Entre R\u00edos","datePublished":"2025-08-29T04:42:23+00:00","mainEntityOfPage":{"@id":"https:\/\/www.eldiario.net\/portal\/2025\/08\/29\/encuentran-cuerpos-de-familia-entera-asesinada-en-entre-rios\/"},"wordCount":246,"publisher":{"@id":"https:\/\/www.eldiario.net\/portal\/#organization"},"image":{"@id":"https:\/\/www.eldiario.net\/portal\/2025\/08\/29\/encuentran-cuerpos-de-familia-entera-asesinada-en-entre-rios\/#primaryimage"},"thumbnailUrl":"https:\/\/www.eldiario.net\/portal\/wp-content\/uploads\/2025\/08\/29-CUERPOS.webp","articleSection":["Sociedad - Seguridad"],"inLanguage":"es"},{"@type":"WebPage","@id":"https:\/\/www.eldiario.net\/portal\/2025\/08\/29\/encuentran-cuerpos-de-familia-entera-asesinada-en-entre-rios\/","url":"https:\/\/www.eldiario.net\/portal\/2025\/08\/29\/encuentran-cuerpos-de-familia-entera-asesinada-en-entre-rios\/","name":"Encuentran cuerpos de familia entera asesinada en Entre R\u00edos - El Diario - Bolivia","isPartOf":{"@id":"https:\/\/www.eldiario.net\/portal\/#website"},"primaryImageOfPage":{"@id":"https:\/\/www.eldiario.net\/portal\/2025\/08\/29\/encuentran-cuerpos-de-familia-entera-asesinada-en-entre-rios\/#primaryimage"},"image":{"@id":"https:\/\/www.eldiario.net\/portal\/2025\/08\/29\/encuentran-cuerpos-de-familia-entera-asesinada-en-entre-rios\/#primaryimage"},"thumbnailUrl":"https:\/\/www.eldiario.net\/portal\/wp-content\/uploads\/2025\/08\/29-CUERPOS.webp","datePublished":"2025-08-29T04:42:23+00:00","breadcrumb":{"@id":"https:\/\/www.eldiario.net\/portal\/2025\/08\/29\/encuentran-cuerpos-de-familia-entera-asesinada-en-entre-rios\/#breadcrumb"},"inLanguage":"es","potentialAction":[{"@type":"ReadAction","target":["https:\/\/www.eldiario.net\/portal\/2025\/08\/29\/encuentran-cuerpos-de-familia-entera-asesinada-en-entre-rios\/"]}]},{"@type":"ImageObject","inLanguage":"es","@id":"https:\/\/www.eldiario.net\/portal\/2025\/08\/29\/encuentran-cuerpos-de-familia-entera-asesinada-en-entre-rios\/#primaryimage","url":"https:\/\/www.eldiario.net\/portal\/wp-content\/uploads\/2025\/08\/29-CUERPOS.webp","contentUrl":"https:\/\/www.eldiario.net\/portal\/wp-content\/uploads\/2025\/08\/29-CUERPOS.webp","width":1185,"height":581,"caption":"Uno de los restos. Foto: RRSS"},{"@type":"BreadcrumbList","@id":"https:\/\/www.eldiario.net\/portal\/2025\/08\/29\/encuentran-cuerpos-de-familia-entera-asesinada-en-entre-rios\/#breadcrumb","itemListElement":[{"@type":"ListItem","position":1,"name":"Portada","item":"https:\/\/www.eldiario.net\/portal\/"},{"@type":"ListItem","position":2,"name":"Encuentran cuerpos de familia entera asesinada en Entre R\u00edos"}]},{"@type":"WebSite","@id":"https:\/\/www.eldiario.net\/portal\/#website","url":"https:\/\/www.eldiario.net\/portal\/","name":"El Diario - Decano de la prensa nacional","description":"El Diario - Decano de la prensa nacional","publisher":{"@id":"https:\/\/www.eldiario.net\/portal\/#organization"},"potentialAction":[{"@type":"SearchAction","target":{"@type":"EntryPoint","urlTemplate":"https:\/\/www.eldiario.net\/portal\/?s={search_term_string}"},"query-input":{"@type":"PropertyValueSpecification","valueRequired":true,"valueName":"search_term_string"}}],"inLanguage":"es"},{"@type":"Organization","@id":"https:\/\/www.eldiario.net\/portal\/#organization","name":"El Diario - Decano de la prensa nacional","url":"https:\/\/www.eldiario.net\/portal\/","logo":{"@type":"ImageObject","inLanguage":"es","@id":"https:\/\/www.eldiario.net\/portal\/#\/schema\/logo\/image\/","url":"https:\/\/www.eldiario.net\/portal\/wp-content\/uploads\/2023\/07\/logo_ED.jpg","contentUrl":"https:\/\/www.eldiario.net\/portal\/wp-content\/uploads\/2023\/07\/logo_ED.jpg","width":272,"height":52,"caption":"El Diario - Decano de la prensa nacional"},"image":{"@id":"https:\/\/www.eldiario.net\/portal\/#\/schema\/logo\/image\/"},"sameAs":["https:\/\/www.facebook.com\/eldiario.bolivia\/","https:\/\/x.com\/eldiario_net"]},{"@type":"Person","@id":"https:\/\/www.eldiario.net\/portal\/#\/schema\/person\/2c57cf2b7a7ae032e449e4c9b1019eac","name":"Jeanette","image":{"@type":"ImageObject","inLanguage":"es","@id":"https:\/\/secure.gravatar.com\/avatar\/3ea2118a5f7dad2b7138b1187a6b7ee55f160b9968b66013c3a3ef39dd7e5798?s=96&d=mm&r=g","url":"https:\/\/secure.gravatar.com\/avatar\/3ea2118a5f7dad2b7138b1187a6b7ee55f160b9968b66013c3a3ef39dd7e5798?s=96&d=mm&r=g","contentUrl":"https:\/\/secure.gravatar.com\/avatar\/3ea2118a5f7dad2b7138b1187a6b7ee55f160b9968b66013c3a3ef39dd7e5798?s=96&d=mm&r=g","caption":"Jeanette"},"sameAs":["https:\/\/www.eldiario.net\/portal"],"url":"https:\/\/www.eldiario.net\/portal\/author\/jeanette\/"}]}},"_links":{"self":[{"href":"https:\/\/www.eldiario.net\/portal\/wp-json\/wp\/v2\/posts\/327307","targetHints":{"allow":["GET"]}}],"collection":[{"href":"https:\/\/www.eldiario.net\/portal\/wp-json\/wp\/v2\/posts"}],"about":[{"href":"https:\/\/www.eldiario.net\/portal\/wp-json\/wp\/v2\/types\/post"}],"author":[{"embeddable":true,"href":"https:\/\/www.eldiario.net\/portal\/wp-json\/wp\/v2\/users\/1"}],"replies":[{"embeddable":true,"href":"https:\/\/www.eldiario.net\/portal\/wp-json\/wp\/v2\/comments?post=327307"}],"version-history":[{"count":1,"href":"https:\/\/www.eldiario.net\/portal\/wp-json\/wp\/v2\/posts\/327307\/revisions"}],"predecessor-version":[{"id":327309,"href":"https:\/\/www.eldiario.net\/portal\/wp-json\/wp\/v2\/posts\/327307\/revisions\/327309"}],"wp:featuredmedia":[{"embeddable":true,"href":"https:\/\/www.eldiario.net\/portal\/wp-json\/wp\/v2\/media\/327308"}],"wp:attachment":[{"href":"https:\/\/www.eldiario.net\/portal\/wp-json\/wp\/v2\/media?parent=327307"}],"wp:term":[{"taxonomy":"category","embeddable":true,"href":"https:\/\/www.eldiario.net\/portal\/wp-json\/wp\/v2\/categories?post=327307"},{"taxonomy":"post_tag","embeddable":true,"href":"https:\/\/www.eldiario.net\/portal\/wp-json\/wp\/v2\/tags?post=327307"}],"curies":[{"name":"wp","href":"https:\/\/api.w.org\/{rel}","templated":true}]}}