{"id":327301,"date":"2025-08-29T00:39:41","date_gmt":"2025-08-29T04:39:41","guid":{"rendered":"https:\/\/www.eldiario.net\/portal\/?p=327301"},"modified":"2025-08-28T22:41:10","modified_gmt":"2025-08-29T02:41:10","slug":"diarios-y-periodistas-denuncian-agresion-a-periodista-de-el-deber","status":"publish","type":"post","link":"https:\/\/www.eldiario.net\/portal\/2025\/08\/29\/diarios-y-periodistas-denuncian-agresion-a-periodista-de-el-deber\/","title":{"rendered":"Diarios y periodistas denuncian agresi\u00f3n a periodista de El Deber"},"content":{"rendered":"<p>Los peri\u00f3dicos bolivianos representados por la Asociaci\u00f3n Nacional de la Prensa (ANP) y organizaciones de periodistas denunciaron la agresi\u00f3n al cronista del rotativo cruce\u00f1o El Deber, Guider Arancibia, y demandaron la actuaci\u00f3n de la Fiscal\u00eda ante la comisi\u00f3n de, al menos, seis delitos contra el comunicador.<\/p>\n<p>En un mensaje emitido por la ANP, se denuncia que los delitos cometidos contra Arancibia son de orden p\u00fablico y est\u00e1n tipificados en el C\u00f3digo Penal: atentado contra la libertad de trabajo, atentado contra la libertad de prensa, amenazas, da\u00f1o simple; y los delitos de acci\u00f3n privada que incluyen la calumnia e injuria.<\/p>\n<p>La Asociaci\u00f3n Nacional de Periodistas de Bolivia (ANPB) y la Asociaci\u00f3n de Periodistas de Santa Cruz (APSC) condenaron la acci\u00f3n del capit\u00e1n de aviaci\u00f3n Jaime Rodr\u00edguez, al que se responsabiliza de agresi\u00f3n y destrucci\u00f3n de equipos de trabajo del periodista el d\u00eda s\u00e1bado 25 de agosto de 2025, en el aeropuerto de El Trompillo de la ciudad de Santa Cruz de la Sierra.<\/p>\n<p>Los peri\u00f3dicos asociados exigieron la actuaci\u00f3n de la Fiscal\u00eda y la apertura de proceso por el caso denunciado porque esta acci\u00f3n violenta representa una vulneraci\u00f3n a las garant\u00edas otorgadas por la Constituci\u00f3n Pol\u00edtica del Estado (CPE) a los trabajadores de la prensa y est\u00e1 se\u00f1alado en el par\u00e1grafo tercero del art\u00edculo 106 de la Carta Magna.<\/p>\n<p>Guider Arancibia es un reconocido periodista y abogado que realiza la cobertura e investigaci\u00f3n de temas de seguridad para el peri\u00f3dico El Deber, y su labor fue reconocida por organizaciones period\u00edsticas, se\u00f1ala la ANP. (Santa Cruz, ANP)<\/p>\n","protected":false},"excerpt":{"rendered":"<p>Los peri\u00f3dicos bolivianos representados por la Asociaci\u00f3n Nacional de la Prensa (ANP) y organizaciones de periodistas denunciaron la agresi\u00f3n al cronista del rotativo cruce\u00f1o El Deber, Guider Arancibia, y demandaron la actuaci\u00f3n de la Fiscal\u00eda ante la comisi\u00f3n de, al menos, seis delitos contra el comunicador. En un mensaje emitido por la ANP, se denuncia [&hellip;]<\/p>\n","protected":false},"author":1,"featured_media":327302,"comment_status":"closed","ping_status":"open","sticky":false,"template":"","format":"standard","meta":{"_acf_changed":false,"footnotes":""},"categories":[39],"tags":[],"class_list":["post-327301","post","type-post","status-publish","format-standard","has-post-thumbnail","category-sociedad"],"acf":{"antetitulo":"Guider Arancibia"},"yoast_head":"<!-- This site is optimized with the Yoast SEO plugin v28.4 - https:\/\/yoast.com\/product\/yoast-seo-wordpress\/ -->\n<title>Diarios y periodistas denuncian agresi\u00f3n a periodista de El Deber - El Diario - Bolivia<\/title>\n<meta name=\"robots\" content=\"index, follow, max-snippet:-1, max-image-preview:large, max-video-preview:-1\" \/>\n<link rel=\"canonical\" href=\"https:\/\/www.eldiario.net\/portal\/2025\/08\/29\/diarios-y-periodistas-denuncian-agresion-a-periodista-de-el-deber\/\" \/>\n<meta property=\"og:locale\" content=\"es_ES\" \/>\n<meta property=\"og:type\" content=\"article\" \/>\n<meta property=\"og:title\" content=\"Diarios y periodistas denuncian agresi\u00f3n a periodista de El Deber - El Diario - Bolivia\" \/>\n<meta property=\"og:description\" content=\"Los peri\u00f3dicos bolivianos representados por la Asociaci\u00f3n Nacional de la Prensa (ANP) y organizaciones de periodistas denunciaron la agresi\u00f3n al cronista del rotativo cruce\u00f1o El Deber, Guider Arancibia, y demandaron la actuaci\u00f3n de la Fiscal\u00eda ante la comisi\u00f3n de, al menos, seis delitos contra el comunicador. En un mensaje emitido por la ANP, se denuncia [&hellip;]\" \/>\n<meta property=\"og:url\" content=\"https:\/\/www.eldiario.net\/portal\/2025\/08\/29\/diarios-y-periodistas-denuncian-agresion-a-periodista-de-el-deber\/\" \/>\n<meta property=\"og:site_name\" content=\"El Diario - Bolivia\" \/>\n<meta property=\"article:publisher\" content=\"https:\/\/www.facebook.com\/eldiario.bolivia\/\" \/>\n<meta property=\"article:published_time\" content=\"2025-08-29T04:39:41+00:00\" \/>\n<meta property=\"og:image\" content=\"https:\/\/www.eldiario.net\/portal\/wp-content\/uploads\/2025\/08\/29-ANP.webp\" \/>\n\t<meta property=\"og:image:width\" content=\"1280\" \/>\n\t<meta property=\"og:image:height\" content=\"864\" \/>\n\t<meta property=\"og:image:type\" content=\"image\/webp\" \/>\n<meta name=\"author\" content=\"Jeanette\" \/>\n<meta name=\"twitter:card\" content=\"summary_large_image\" \/>\n<meta name=\"twitter:creator\" content=\"@eldiario_net\" \/>\n<meta name=\"twitter:site\" content=\"@eldiario_net\" \/>\n<meta name=\"twitter:label1\" content=\"Escrito por\" \/>\n\t<meta name=\"twitter:data1\" content=\"Jeanette\" \/>\n\t<meta name=\"twitter:label2\" content=\"Tiempo de lectura\" \/>\n\t<meta name=\"twitter:data2\" content=\"2 minutos\" \/>\n<script type=\"application\/ld+json\" class=\"yoast-schema-graph\">{\"@context\":\"https:\\\/\\\/schema.org\",\"@graph\":[{\"@type\":\"Article\",\"@id\":\"https:\\\/\\\/www.eldiario.net\\\/portal\\\/2025\\\/08\\\/29\\\/diarios-y-periodistas-denuncian-agresion-a-periodista-de-el-deber\\\/#article\",\"isPartOf\":{\"@id\":\"https:\\\/\\\/www.eldiario.net\\\/portal\\\/2025\\\/08\\\/29\\\/diarios-y-periodistas-denuncian-agresion-a-periodista-de-el-deber\\\/\"},\"author\":{\"name\":\"Jeanette\",\"@id\":\"https:\\\/\\\/www.eldiario.net\\\/portal\\\/#\\\/schema\\\/person\\\/2c57cf2b7a7ae032e449e4c9b1019eac\"},\"headline\":\"Diarios y periodistas denuncian agresi\u00f3n a periodista de El Deber\",\"datePublished\":\"2025-08-29T04:39:41+00:00\",\"mainEntityOfPage\":{\"@id\":\"https:\\\/\\\/www.eldiario.net\\\/portal\\\/2025\\\/08\\\/29\\\/diarios-y-periodistas-denuncian-agresion-a-periodista-de-el-deber\\\/\"},\"wordCount\":300,\"publisher\":{\"@id\":\"https:\\\/\\\/www.eldiario.net\\\/portal\\\/#organization\"},\"image\":{\"@id\":\"https:\\\/\\\/www.eldiario.net\\\/portal\\\/2025\\\/08\\\/29\\\/diarios-y-periodistas-denuncian-agresion-a-periodista-de-el-deber\\\/#primaryimage\"},\"thumbnailUrl\":\"https:\\\/\\\/www.eldiario.net\\\/portal\\\/wp-content\\\/uploads\\\/2025\\\/08\\\/29-ANP.webp\",\"articleSection\":[\"Sociedad - Seguridad\"],\"inLanguage\":\"es\"},{\"@type\":\"WebPage\",\"@id\":\"https:\\\/\\\/www.eldiario.net\\\/portal\\\/2025\\\/08\\\/29\\\/diarios-y-periodistas-denuncian-agresion-a-periodista-de-el-deber\\\/\",\"url\":\"https:\\\/\\\/www.eldiario.net\\\/portal\\\/2025\\\/08\\\/29\\\/diarios-y-periodistas-denuncian-agresion-a-periodista-de-el-deber\\\/\",\"name\":\"Diarios y periodistas denuncian agresi\u00f3n a periodista de El Deber - El Diario - Bolivia\",\"isPartOf\":{\"@id\":\"https:\\\/\\\/www.eldiario.net\\\/portal\\\/#website\"},\"primaryImageOfPage\":{\"@id\":\"https:\\\/\\\/www.eldiario.net\\\/portal\\\/2025\\\/08\\\/29\\\/diarios-y-periodistas-denuncian-agresion-a-periodista-de-el-deber\\\/#primaryimage\"},\"image\":{\"@id\":\"https:\\\/\\\/www.eldiario.net\\\/portal\\\/2025\\\/08\\\/29\\\/diarios-y-periodistas-denuncian-agresion-a-periodista-de-el-deber\\\/#primaryimage\"},\"thumbnailUrl\":\"https:\\\/\\\/www.eldiario.net\\\/portal\\\/wp-content\\\/uploads\\\/2025\\\/08\\\/29-ANP.webp\",\"datePublished\":\"2025-08-29T04:39:41+00:00\",\"breadcrumb\":{\"@id\":\"https:\\\/\\\/www.eldiario.net\\\/portal\\\/2025\\\/08\\\/29\\\/diarios-y-periodistas-denuncian-agresion-a-periodista-de-el-deber\\\/#breadcrumb\"},\"inLanguage\":\"es\",\"potentialAction\":[{\"@type\":\"ReadAction\",\"target\":[\"https:\\\/\\\/www.eldiario.net\\\/portal\\\/2025\\\/08\\\/29\\\/diarios-y-periodistas-denuncian-agresion-a-periodista-de-el-deber\\\/\"]}]},{\"@type\":\"ImageObject\",\"inLanguage\":\"es\",\"@id\":\"https:\\\/\\\/www.eldiario.net\\\/portal\\\/2025\\\/08\\\/29\\\/diarios-y-periodistas-denuncian-agresion-a-periodista-de-el-deber\\\/#primaryimage\",\"url\":\"https:\\\/\\\/www.eldiario.net\\\/portal\\\/wp-content\\\/uploads\\\/2025\\\/08\\\/29-ANP.webp\",\"contentUrl\":\"https:\\\/\\\/www.eldiario.net\\\/portal\\\/wp-content\\\/uploads\\\/2025\\\/08\\\/29-ANP.webp\",\"width\":1280,\"height\":864,\"caption\":\"El periodista Guider Arancibia en una foto de archivo. Cr\u00e9dito: Redes sociales\"},{\"@type\":\"BreadcrumbList\",\"@id\":\"https:\\\/\\\/www.eldiario.net\\\/portal\\\/2025\\\/08\\\/29\\\/diarios-y-periodistas-denuncian-agresion-a-periodista-de-el-deber\\\/#breadcrumb\",\"itemListElement\":[{\"@type\":\"ListItem\",\"position\":1,\"name\":\"Portada\",\"item\":\"https:\\\/\\\/www.eldiario.net\\\/portal\\\/\"},{\"@type\":\"ListItem\",\"position\":2,\"name\":\"Diarios y periodistas denuncian agresi\u00f3n a periodista de El Deber\"}]},{\"@type\":\"WebSite\",\"@id\":\"https:\\\/\\\/www.eldiario.net\\\/portal\\\/#website\",\"url\":\"https:\\\/\\\/www.eldiario.net\\\/portal\\\/\",\"name\":\"El Diario - Decano de la prensa nacional\",\"description\":\"El Diario - Decano de la prensa nacional\",\"publisher\":{\"@id\":\"https:\\\/\\\/www.eldiario.net\\\/portal\\\/#organization\"},\"potentialAction\":[{\"@type\":\"SearchAction\",\"target\":{\"@type\":\"EntryPoint\",\"urlTemplate\":\"https:\\\/\\\/www.eldiario.net\\\/portal\\\/?s={search_term_string}\"},\"query-input\":{\"@type\":\"PropertyValueSpecification\",\"valueRequired\":true,\"valueName\":\"search_term_string\"}}],\"inLanguage\":\"es\"},{\"@type\":\"Organization\",\"@id\":\"https:\\\/\\\/www.eldiario.net\\\/portal\\\/#organization\",\"name\":\"El Diario - Decano de la prensa nacional\",\"url\":\"https:\\\/\\\/www.eldiario.net\\\/portal\\\/\",\"logo\":{\"@type\":\"ImageObject\",\"inLanguage\":\"es\",\"@id\":\"https:\\\/\\\/www.eldiario.net\\\/portal\\\/#\\\/schema\\\/logo\\\/image\\\/\",\"url\":\"https:\\\/\\\/www.eldiario.net\\\/portal\\\/wp-content\\\/uploads\\\/2023\\\/07\\\/logo_ED.jpg\",\"contentUrl\":\"https:\\\/\\\/www.eldiario.net\\\/portal\\\/wp-content\\\/uploads\\\/2023\\\/07\\\/logo_ED.jpg\",\"width\":272,\"height\":52,\"caption\":\"El Diario - Decano de la prensa nacional\"},\"image\":{\"@id\":\"https:\\\/\\\/www.eldiario.net\\\/portal\\\/#\\\/schema\\\/logo\\\/image\\\/\"},\"sameAs\":[\"https:\\\/\\\/www.facebook.com\\\/eldiario.bolivia\\\/\",\"https:\\\/\\\/x.com\\\/eldiario_net\"]},{\"@type\":\"Person\",\"@id\":\"https:\\\/\\\/www.eldiario.net\\\/portal\\\/#\\\/schema\\\/person\\\/2c57cf2b7a7ae032e449e4c9b1019eac\",\"name\":\"Jeanette\",\"image\":{\"@type\":\"ImageObject\",\"inLanguage\":\"es\",\"@id\":\"https:\\\/\\\/secure.gravatar.com\\\/avatar\\\/3ea2118a5f7dad2b7138b1187a6b7ee55f160b9968b66013c3a3ef39dd7e5798?s=96&d=mm&r=g\",\"url\":\"https:\\\/\\\/secure.gravatar.com\\\/avatar\\\/3ea2118a5f7dad2b7138b1187a6b7ee55f160b9968b66013c3a3ef39dd7e5798?s=96&d=mm&r=g\",\"contentUrl\":\"https:\\\/\\\/secure.gravatar.com\\\/avatar\\\/3ea2118a5f7dad2b7138b1187a6b7ee55f160b9968b66013c3a3ef39dd7e5798?s=96&d=mm&r=g\",\"caption\":\"Jeanette\"},\"sameAs\":[\"https:\\\/\\\/www.eldiario.net\\\/portal\"],\"url\":\"https:\\\/\\\/www.eldiario.net\\\/portal\\\/author\\\/jeanette\\\/\"}]}<\/script>\n<!-- \/ Yoast SEO plugin. -->","yoast_head_json":{"title":"Diarios y periodistas denuncian agresi\u00f3n a periodista de El Deber - El Diario - Bolivia","robots":{"index":"index","follow":"follow","max-snippet":"max-snippet:-1","max-image-preview":"max-image-preview:large","max-video-preview":"max-video-preview:-1"},"canonical":"https:\/\/www.eldiario.net\/portal\/2025\/08\/29\/diarios-y-periodistas-denuncian-agresion-a-periodista-de-el-deber\/","og_locale":"es_ES","og_type":"article","og_title":"Diarios y periodistas denuncian agresi\u00f3n a periodista de El Deber - El Diario - Bolivia","og_description":"Los peri\u00f3dicos bolivianos representados por la Asociaci\u00f3n Nacional de la Prensa (ANP) y organizaciones de periodistas denunciaron la agresi\u00f3n al cronista del rotativo cruce\u00f1o El Deber, Guider Arancibia, y demandaron la actuaci\u00f3n de la Fiscal\u00eda ante la comisi\u00f3n de, al menos, seis delitos contra el comunicador. En un mensaje emitido por la ANP, se denuncia [&hellip;]","og_url":"https:\/\/www.eldiario.net\/portal\/2025\/08\/29\/diarios-y-periodistas-denuncian-agresion-a-periodista-de-el-deber\/","og_site_name":"El Diario - Bolivia","article_publisher":"https:\/\/www.facebook.com\/eldiario.bolivia\/","article_published_time":"2025-08-29T04:39:41+00:00","og_image":[{"width":1280,"height":864,"url":"https:\/\/www.eldiario.net\/portal\/wp-content\/uploads\/2025\/08\/29-ANP.webp","type":"image\/webp"}],"author":"Jeanette","twitter_card":"summary_large_image","twitter_creator":"@eldiario_net","twitter_site":"@eldiario_net","twitter_misc":{"Escrito por":"Jeanette","Tiempo de lectura":"2 minutos"},"schema":{"@context":"https:\/\/schema.org","@graph":[{"@type":"Article","@id":"https:\/\/www.eldiario.net\/portal\/2025\/08\/29\/diarios-y-periodistas-denuncian-agresion-a-periodista-de-el-deber\/#article","isPartOf":{"@id":"https:\/\/www.eldiario.net\/portal\/2025\/08\/29\/diarios-y-periodistas-denuncian-agresion-a-periodista-de-el-deber\/"},"author":{"name":"Jeanette","@id":"https:\/\/www.eldiario.net\/portal\/#\/schema\/person\/2c57cf2b7a7ae032e449e4c9b1019eac"},"headline":"Diarios y periodistas denuncian agresi\u00f3n a periodista de El Deber","datePublished":"2025-08-29T04:39:41+00:00","mainEntityOfPage":{"@id":"https:\/\/www.eldiario.net\/portal\/2025\/08\/29\/diarios-y-periodistas-denuncian-agresion-a-periodista-de-el-deber\/"},"wordCount":300,"publisher":{"@id":"https:\/\/www.eldiario.net\/portal\/#organization"},"image":{"@id":"https:\/\/www.eldiario.net\/portal\/2025\/08\/29\/diarios-y-periodistas-denuncian-agresion-a-periodista-de-el-deber\/#primaryimage"},"thumbnailUrl":"https:\/\/www.eldiario.net\/portal\/wp-content\/uploads\/2025\/08\/29-ANP.webp","articleSection":["Sociedad - Seguridad"],"inLanguage":"es"},{"@type":"WebPage","@id":"https:\/\/www.eldiario.net\/portal\/2025\/08\/29\/diarios-y-periodistas-denuncian-agresion-a-periodista-de-el-deber\/","url":"https:\/\/www.eldiario.net\/portal\/2025\/08\/29\/diarios-y-periodistas-denuncian-agresion-a-periodista-de-el-deber\/","name":"Diarios y periodistas denuncian agresi\u00f3n a periodista de El Deber - El Diario - Bolivia","isPartOf":{"@id":"https:\/\/www.eldiario.net\/portal\/#website"},"primaryImageOfPage":{"@id":"https:\/\/www.eldiario.net\/portal\/2025\/08\/29\/diarios-y-periodistas-denuncian-agresion-a-periodista-de-el-deber\/#primaryimage"},"image":{"@id":"https:\/\/www.eldiario.net\/portal\/2025\/08\/29\/diarios-y-periodistas-denuncian-agresion-a-periodista-de-el-deber\/#primaryimage"},"thumbnailUrl":"https:\/\/www.eldiario.net\/portal\/wp-content\/uploads\/2025\/08\/29-ANP.webp","datePublished":"2025-08-29T04:39:41+00:00","breadcrumb":{"@id":"https:\/\/www.eldiario.net\/portal\/2025\/08\/29\/diarios-y-periodistas-denuncian-agresion-a-periodista-de-el-deber\/#breadcrumb"},"inLanguage":"es","potentialAction":[{"@type":"ReadAction","target":["https:\/\/www.eldiario.net\/portal\/2025\/08\/29\/diarios-y-periodistas-denuncian-agresion-a-periodista-de-el-deber\/"]}]},{"@type":"ImageObject","inLanguage":"es","@id":"https:\/\/www.eldiario.net\/portal\/2025\/08\/29\/diarios-y-periodistas-denuncian-agresion-a-periodista-de-el-deber\/#primaryimage","url":"https:\/\/www.eldiario.net\/portal\/wp-content\/uploads\/2025\/08\/29-ANP.webp","contentUrl":"https:\/\/www.eldiario.net\/portal\/wp-content\/uploads\/2025\/08\/29-ANP.webp","width":1280,"height":864,"caption":"El periodista Guider Arancibia en una foto de archivo. Cr\u00e9dito: Redes sociales"},{"@type":"BreadcrumbList","@id":"https:\/\/www.eldiario.net\/portal\/2025\/08\/29\/diarios-y-periodistas-denuncian-agresion-a-periodista-de-el-deber\/#breadcrumb","itemListElement":[{"@type":"ListItem","position":1,"name":"Portada","item":"https:\/\/www.eldiario.net\/portal\/"},{"@type":"ListItem","position":2,"name":"Diarios y periodistas denuncian agresi\u00f3n a periodista de El Deber"}]},{"@type":"WebSite","@id":"https:\/\/www.eldiario.net\/portal\/#website","url":"https:\/\/www.eldiario.net\/portal\/","name":"El Diario - Decano de la prensa nacional","description":"El Diario - Decano de la prensa nacional","publisher":{"@id":"https:\/\/www.eldiario.net\/portal\/#organization"},"potentialAction":[{"@type":"SearchAction","target":{"@type":"EntryPoint","urlTemplate":"https:\/\/www.eldiario.net\/portal\/?s={search_term_string}"},"query-input":{"@type":"PropertyValueSpecification","valueRequired":true,"valueName":"search_term_string"}}],"inLanguage":"es"},{"@type":"Organization","@id":"https:\/\/www.eldiario.net\/portal\/#organization","name":"El Diario - Decano de la prensa nacional","url":"https:\/\/www.eldiario.net\/portal\/","logo":{"@type":"ImageObject","inLanguage":"es","@id":"https:\/\/www.eldiario.net\/portal\/#\/schema\/logo\/image\/","url":"https:\/\/www.eldiario.net\/portal\/wp-content\/uploads\/2023\/07\/logo_ED.jpg","contentUrl":"https:\/\/www.eldiario.net\/portal\/wp-content\/uploads\/2023\/07\/logo_ED.jpg","width":272,"height":52,"caption":"El Diario - Decano de la prensa nacional"},"image":{"@id":"https:\/\/www.eldiario.net\/portal\/#\/schema\/logo\/image\/"},"sameAs":["https:\/\/www.facebook.com\/eldiario.bolivia\/","https:\/\/x.com\/eldiario_net"]},{"@type":"Person","@id":"https:\/\/www.eldiario.net\/portal\/#\/schema\/person\/2c57cf2b7a7ae032e449e4c9b1019eac","name":"Jeanette","image":{"@type":"ImageObject","inLanguage":"es","@id":"https:\/\/secure.gravatar.com\/avatar\/3ea2118a5f7dad2b7138b1187a6b7ee55f160b9968b66013c3a3ef39dd7e5798?s=96&d=mm&r=g","url":"https:\/\/secure.gravatar.com\/avatar\/3ea2118a5f7dad2b7138b1187a6b7ee55f160b9968b66013c3a3ef39dd7e5798?s=96&d=mm&r=g","contentUrl":"https:\/\/secure.gravatar.com\/avatar\/3ea2118a5f7dad2b7138b1187a6b7ee55f160b9968b66013c3a3ef39dd7e5798?s=96&d=mm&r=g","caption":"Jeanette"},"sameAs":["https:\/\/www.eldiario.net\/portal"],"url":"https:\/\/www.eldiario.net\/portal\/author\/jeanette\/"}]}},"_links":{"self":[{"href":"https:\/\/www.eldiario.net\/portal\/wp-json\/wp\/v2\/posts\/327301","targetHints":{"allow":["GET"]}}],"collection":[{"href":"https:\/\/www.eldiario.net\/portal\/wp-json\/wp\/v2\/posts"}],"about":[{"href":"https:\/\/www.eldiario.net\/portal\/wp-json\/wp\/v2\/types\/post"}],"author":[{"embeddable":true,"href":"https:\/\/www.eldiario.net\/portal\/wp-json\/wp\/v2\/users\/1"}],"replies":[{"embeddable":true,"href":"https:\/\/www.eldiario.net\/portal\/wp-json\/wp\/v2\/comments?post=327301"}],"version-history":[{"count":1,"href":"https:\/\/www.eldiario.net\/portal\/wp-json\/wp\/v2\/posts\/327301\/revisions"}],"predecessor-version":[{"id":327303,"href":"https:\/\/www.eldiario.net\/portal\/wp-json\/wp\/v2\/posts\/327301\/revisions\/327303"}],"wp:featuredmedia":[{"embeddable":true,"href":"https:\/\/www.eldiario.net\/portal\/wp-json\/wp\/v2\/media\/327302"}],"wp:attachment":[{"href":"https:\/\/www.eldiario.net\/portal\/wp-json\/wp\/v2\/media?parent=327301"}],"wp:term":[{"taxonomy":"category","embeddable":true,"href":"https:\/\/www.eldiario.net\/portal\/wp-json\/wp\/v2\/categories?post=327301"},{"taxonomy":"post_tag","embeddable":true,"href":"https:\/\/www.eldiario.net\/portal\/wp-json\/wp\/v2\/tags?post=327301"}],"curies":[{"name":"wp","href":"https:\/\/api.w.org\/{rel}","templated":true}]}}