{"id":327287,"date":"2025-08-29T00:29:45","date_gmt":"2025-08-29T04:29:45","guid":{"rendered":"https:\/\/www.eldiario.net\/portal\/?p=327287"},"modified":"2025-08-28T22:30:48","modified_gmt":"2025-08-29T02:30:48","slug":"a-seis-anos-de-la-partida-de-hernan-ponce-el-maestro-de-la-percusion","status":"publish","type":"post","link":"https:\/\/www.eldiario.net\/portal\/2025\/08\/29\/a-seis-anos-de-la-partida-de-hernan-ponce-el-maestro-de-la-percusion\/","title":{"rendered":"A seis a\u00f1os de la partida de Hern\u00e1n  Ponce, el maestro de la percusi\u00f3n"},"content":{"rendered":"<p>Ya son seis a\u00f1os de la partida del m\u00fasico boliviano Hern\u00e1n Ponce, quien hizo de la percusi\u00f3n su bandera art\u00edstica.<\/p>\n<p>Ponce falleci\u00f3 en La Paz el 19 de agosto de 2019, pero dej\u00f3 como legado algo m\u00e1s de 90 discos de m\u00fasica nacional producidos en el pa\u00eds.<\/p>\n<p>Hern\u00e1n siempre dec\u00eda ser artista y no m\u00fasico. \u201cHay que diferenciarlos. Hoy el m\u00fasico se ha dedicado a hacer servicios prestados. Son aquellos ejecutantes que hacen covers, pero el artista es el que genera y plantea propuestas, como yo, por ejemplo, hice con la percusi\u00f3n: adaptar este instrumento a diferentes ritmos y adem\u00e1s componer. Cuando entro al estudio, no me dicen: Quiero esto, quiero aquello\u2026 Me dicen: escucha, \u00bfc\u00f3mo vas hacer esto? Y ah\u00ed empiezo a componer, porque en mi trabajo de percusi\u00f3n se escucha bombos, platos, efectos de sonorizaci\u00f3n, entonces ah\u00ed es donde pienso que he hecho algo\u201d, comentaba a La Gu\u00eda el tambi\u00e9n director del grupo Ensamble Andino.<\/p>\n<p>Ponce se consideraba el innovador de la percusi\u00f3n andina boliviana \u201cporque grabar casi 90 discos es un logro ac\u00e1 en Bolivia\u201d. \u201cLo m\u00edo fue novedoso. Tal vez no soy millonario, pero s\u00ed tengo la conciencia limpia y puedo decir que le puse el hombro al pa\u00eds para proteger el patrimonio intangible de Bolivia\u201d, afirmaba.<\/p>\n<p>El m\u00fasico debut\u00f3 en 1982 en la pe\u00f1a Wara. \u201cTen\u00eda mi grupo que para ese entonces era Tiempo y Distancia. Los integrantes \u00e9ramos j\u00f3venes estudiantes. Luego fui a la pe\u00f1a Naira y ah\u00ed tuve el contacto con el maestro (Ernesto) Cavour, Luis Rico, Jenny C\u00e1rdenas, Gerardo Arias, Zulma Yugar, era el lugar de encuentro de artistas\u201d, rememoraba.<\/p>\n<p>Su primer instrumento fue la quena. Empez\u00f3 a tocarla a sus 8 a\u00f1os de edad. Pero luego, desde sus 20 a\u00f1os, Hern\u00e1n se apoder\u00f3 de la percusi\u00f3n. \u201cEs que en esa \u00e9poca hab\u00eda tanto quenista como Lucho Cavour, Julio C\u00e9spedes, Johnny Pacheco y otros, que dec\u00eda, qu\u00e9 voy a hacer con estos maestros. Tengo que tocar un instrumento que nadie toque y justo ve\u00eda en la pe\u00f1a que el bombo tocaban los que no pod\u00edan tocar otros instrumentos, era la \u00faltima opci\u00f3n. Y ese ha sido un reto para m\u00ed, porque cuando me anim\u00e9 a agarrar este instrumento dije que quer\u00eda ser artista y el artista puede manejar cualquier instrumento, como ahora, que soy polifac\u00e9tico. Entonces agarr\u00e9 la percusi\u00f3n y me encerr\u00e9 un a\u00f1o (\u2026). Con la percusi\u00f3n he tenido m\u00e1s \u00e9xitos y la posibilidad de tocar con los grupos m\u00e1s cotizados\u201d, contaba Ponce, quien naci\u00f3 en La Paz el 2 de junio de 1963.<\/p>\n<p>En sus m\u00e1s de 35 a\u00f1os de carrera art\u00edstica, Hern\u00e1n no solo aprendi\u00f3 mucho sobre la m\u00fasica folkl\u00f3rica, sino que tuvo el privilegio de tocar con grandes maestros, como Jenny C\u00e1rdenas, Zulma Yugar, Yayo Joffr\u00e9, Wara, Rafael Arias, Ernesto Cavour, Luis Rico y Jach\u00b4a Mallku.<\/p>\n\r\n                <style type=\"text\/css\">\r\n                    \r\n                    #tdi_1  .td-doubleSlider-2 .td-item1 {\r\n                        background: url(https:\/\/www.eldiario.net\/portal\/wp-content\/uploads\/2025\/08\/10-hernan-80x60.webp) 0 0 no-repeat;\r\n                    }\r\n                    #tdi_1  .td-doubleSlider-2 .td-item2 {\r\n                        background: url(https:\/\/www.eldiario.net\/portal\/wp-content\/uploads\/2025\/08\/9-hernan-80x60.webp) 0 0 no-repeat;\r\n                    }\r\n                <\/style>\r\n\r\n                <div id=\"tdi_1\" class=\"td-gallery td-slide-on-2-columns\">\r\n                    <div class=\"post_td_gallery\">\r\n                        <div class=\"td-gallery-slide-top\">\r\n                           <div class=\"td-gallery-title\"><\/div>\r\n\r\n                            <div class=\"td-gallery-controls-wrapper\">\r\n                                <div class=\"td-gallery-slide-count\"><span class=\"td-gallery-slide-item-focus\">1<\/span> de 2<\/div>\r\n                                <div class=\"td-gallery-slide-prev-next-but\">\r\n                                    <i class = \"td-icon-left doubleSliderPrevButton\"><\/i>\r\n                                    <i class = \"td-icon-right doubleSliderNextButton\"><\/i>\r\n                                <\/div>\r\n                            <\/div>\r\n                        <\/div>\r\n\r\n                        <div class = \"td-doubleSlider-1 \">\r\n                            <div class = \"td-slider\">\r\n                                \r\n                    <div class = \"td-slide-item td-item1\">\r\n                        <figure class=\"td-slide-galery-figure td-slide-popup-gallery\">\r\n                            <a class=\"slide-gallery-image-link\" href=\"https:\/\/www.eldiario.net\/portal\/wp-content\/uploads\/2025\/08\/10-hernan.webp\" title=\"10,-hernan\"  data-caption=\"\"  data-description=\"\">\r\n                                <img decoding=\"async\" src=\"https:\/\/www.eldiario.net\/portal\/wp-content\/uploads\/2025\/08\/10-hernan-628x420.webp\" srcset=\"https:\/\/www.eldiario.net\/portal\/wp-content\/uploads\/2025\/08\/10-hernan-628x420.webp 628w, https:\/\/www.eldiario.net\/portal\/wp-content\/uploads\/2025\/08\/10-hernan-300x201.webp 300w, https:\/\/www.eldiario.net\/portal\/wp-content\/uploads\/2025\/08\/10-hernan-1024x685.webp 1024w, https:\/\/www.eldiario.net\/portal\/wp-content\/uploads\/2025\/08\/10-hernan-768x514.webp 768w, https:\/\/www.eldiario.net\/portal\/wp-content\/uploads\/2025\/08\/10-hernan-150x100.webp 150w, https:\/\/www.eldiario.net\/portal\/wp-content\/uploads\/2025\/08\/10-hernan-696x466.webp 696w, https:\/\/www.eldiario.net\/portal\/wp-content\/uploads\/2025\/08\/10-hernan-1068x715.webp 1068w, https:\/\/www.eldiario.net\/portal\/wp-content\/uploads\/2025\/08\/10-hernan.webp 1200w\" sizes=\"(max-width: 628px) 100vw, 628px\" alt=\"\">\r\n                            <\/a>\r\n                            \r\n                        <\/figure>\r\n                    <\/div>\r\n                    <div class = \"td-slide-item td-item2\">\r\n                        <figure class=\"td-slide-galery-figure td-slide-popup-gallery\">\r\n                            <a class=\"slide-gallery-image-link\" href=\"https:\/\/www.eldiario.net\/portal\/wp-content\/uploads\/2025\/08\/9-hernan.webp\" title=\"9-hernan\"  data-caption=\"\"  data-description=\"\">\r\n                                <img decoding=\"async\" src=\"https:\/\/www.eldiario.net\/portal\/wp-content\/uploads\/2025\/08\/9-hernan-628x420.webp\" srcset=\"https:\/\/www.eldiario.net\/portal\/wp-content\/uploads\/2025\/08\/9-hernan-628x420.webp 628w, https:\/\/www.eldiario.net\/portal\/wp-content\/uploads\/2025\/08\/9-hernan-300x201.webp 300w, https:\/\/www.eldiario.net\/portal\/wp-content\/uploads\/2025\/08\/9-hernan-1024x685.webp 1024w, https:\/\/www.eldiario.net\/portal\/wp-content\/uploads\/2025\/08\/9-hernan-768x514.webp 768w, https:\/\/www.eldiario.net\/portal\/wp-content\/uploads\/2025\/08\/9-hernan-150x100.webp 150w, https:\/\/www.eldiario.net\/portal\/wp-content\/uploads\/2025\/08\/9-hernan-696x466.webp 696w, https:\/\/www.eldiario.net\/portal\/wp-content\/uploads\/2025\/08\/9-hernan-1068x715.webp 1068w, https:\/\/www.eldiario.net\/portal\/wp-content\/uploads\/2025\/08\/9-hernan.webp 1200w\" sizes=\"(max-width: 628px) 100vw, 628px\" alt=\"\">\r\n                            <\/a>\r\n                            \r\n                        <\/figure>\r\n                    <\/div>\r\n                            <\/div>\r\n                        <\/div>\r\n\r\n                        <div class = \"td-doubleSlider-2\">\r\n                            <div class = \"td-slider\">\r\n                                \r\n                    <div class = \"td-button td-item1\">\r\n                        <div class = \"td-border\"><\/div>\r\n                    <\/div>\r\n                    <div class = \"td-button td-item2\">\r\n                        <div class = \"td-border\"><\/div>\r\n                    <\/div>\r\n                            <\/div>\r\n                        <\/div>\r\n\r\n                    <\/div>\r\n\r\n                <\/div>\r\n                \n","protected":false},"excerpt":{"rendered":"<p>Ya son seis a\u00f1os de la partida del m\u00fasico boliviano Hern\u00e1n Ponce, quien hizo de la percusi\u00f3n su bandera art\u00edstica. Ponce falleci\u00f3 en La Paz el 19 de agosto de 2019, pero dej\u00f3 como legado algo m\u00e1s de 90 discos de m\u00fasica nacional producidos en el pa\u00eds. Hern\u00e1n siempre dec\u00eda ser artista y no m\u00fasico. [&hellip;]<\/p>\n","protected":false},"author":1,"featured_media":327288,"comment_status":"closed","ping_status":"open","sticky":false,"template":"","format":"standard","meta":{"_acf_changed":false,"footnotes":""},"categories":[41],"tags":[],"class_list":["post-327287","post","type-post","status-publish","format-standard","has-post-thumbnail","category-la-guia"],"acf":{"antetitulo":""},"yoast_head":"<!-- This site is optimized with the Yoast SEO plugin v28.4 - https:\/\/yoast.com\/product\/yoast-seo-wordpress\/ -->\n<title>A seis a\u00f1os de la partida de Hern\u00e1n Ponce, el maestro de la percusi\u00f3n - El Diario - Bolivia<\/title>\n<meta name=\"robots\" content=\"index, follow, max-snippet:-1, max-image-preview:large, max-video-preview:-1\" \/>\n<link rel=\"canonical\" href=\"https:\/\/www.eldiario.net\/portal\/2025\/08\/29\/a-seis-anos-de-la-partida-de-hernan-ponce-el-maestro-de-la-percusion\/\" \/>\n<meta property=\"og:locale\" content=\"es_ES\" \/>\n<meta property=\"og:type\" content=\"article\" \/>\n<meta property=\"og:title\" content=\"A seis a\u00f1os de la partida de Hern\u00e1n Ponce, el maestro de la percusi\u00f3n - El Diario - Bolivia\" \/>\n<meta property=\"og:description\" content=\"Ya son seis a\u00f1os de la partida del m\u00fasico boliviano Hern\u00e1n Ponce, quien hizo de la percusi\u00f3n su bandera art\u00edstica. Ponce falleci\u00f3 en La Paz el 19 de agosto de 2019, pero dej\u00f3 como legado algo m\u00e1s de 90 discos de m\u00fasica nacional producidos en el pa\u00eds. Hern\u00e1n siempre dec\u00eda ser artista y no m\u00fasico. [&hellip;]\" \/>\n<meta property=\"og:url\" content=\"https:\/\/www.eldiario.net\/portal\/2025\/08\/29\/a-seis-anos-de-la-partida-de-hernan-ponce-el-maestro-de-la-percusion\/\" \/>\n<meta property=\"og:site_name\" content=\"El Diario - Bolivia\" \/>\n<meta property=\"article:publisher\" content=\"https:\/\/www.facebook.com\/eldiario.bolivia\/\" \/>\n<meta property=\"article:published_time\" content=\"2025-08-29T04:29:45+00:00\" \/>\n<meta property=\"og:image\" content=\"https:\/\/www.eldiario.net\/portal\/wp-content\/uploads\/2025\/08\/10-hernan.webp\" \/>\n\t<meta property=\"og:image:width\" content=\"1200\" \/>\n\t<meta property=\"og:image:height\" content=\"803\" \/>\n\t<meta property=\"og:image:type\" content=\"image\/webp\" \/>\n<meta name=\"author\" content=\"Jeanette\" \/>\n<meta name=\"twitter:card\" content=\"summary_large_image\" \/>\n<meta name=\"twitter:creator\" content=\"@eldiario_net\" \/>\n<meta name=\"twitter:site\" content=\"@eldiario_net\" \/>\n<meta name=\"twitter:label1\" content=\"Escrito por\" \/>\n\t<meta name=\"twitter:data1\" content=\"Jeanette\" \/>\n\t<meta name=\"twitter:label2\" content=\"Tiempo de lectura\" \/>\n\t<meta name=\"twitter:data2\" content=\"3 minutos\" \/>\n<script type=\"application\/ld+json\" class=\"yoast-schema-graph\">{\"@context\":\"https:\\\/\\\/schema.org\",\"@graph\":[{\"@type\":\"Article\",\"@id\":\"https:\\\/\\\/www.eldiario.net\\\/portal\\\/2025\\\/08\\\/29\\\/a-seis-anos-de-la-partida-de-hernan-ponce-el-maestro-de-la-percusion\\\/#article\",\"isPartOf\":{\"@id\":\"https:\\\/\\\/www.eldiario.net\\\/portal\\\/2025\\\/08\\\/29\\\/a-seis-anos-de-la-partida-de-hernan-ponce-el-maestro-de-la-percusion\\\/\"},\"author\":{\"name\":\"Jeanette\",\"@id\":\"https:\\\/\\\/www.eldiario.net\\\/portal\\\/#\\\/schema\\\/person\\\/2c57cf2b7a7ae032e449e4c9b1019eac\"},\"headline\":\"A seis a\u00f1os de la partida de Hern\u00e1n Ponce, el maestro de la percusi\u00f3n\",\"datePublished\":\"2025-08-29T04:29:45+00:00\",\"mainEntityOfPage\":{\"@id\":\"https:\\\/\\\/www.eldiario.net\\\/portal\\\/2025\\\/08\\\/29\\\/a-seis-anos-de-la-partida-de-hernan-ponce-el-maestro-de-la-percusion\\\/\"},\"wordCount\":537,\"publisher\":{\"@id\":\"https:\\\/\\\/www.eldiario.net\\\/portal\\\/#organization\"},\"image\":{\"@id\":\"https:\\\/\\\/www.eldiario.net\\\/portal\\\/2025\\\/08\\\/29\\\/a-seis-anos-de-la-partida-de-hernan-ponce-el-maestro-de-la-percusion\\\/#primaryimage\"},\"thumbnailUrl\":\"https:\\\/\\\/www.eldiario.net\\\/portal\\\/wp-content\\\/uploads\\\/2025\\\/08\\\/10-hernan.webp\",\"articleSection\":[\"La Gu\u00eda\"],\"inLanguage\":\"es\"},{\"@type\":\"WebPage\",\"@id\":\"https:\\\/\\\/www.eldiario.net\\\/portal\\\/2025\\\/08\\\/29\\\/a-seis-anos-de-la-partida-de-hernan-ponce-el-maestro-de-la-percusion\\\/\",\"url\":\"https:\\\/\\\/www.eldiario.net\\\/portal\\\/2025\\\/08\\\/29\\\/a-seis-anos-de-la-partida-de-hernan-ponce-el-maestro-de-la-percusion\\\/\",\"name\":\"A seis a\u00f1os de la partida de Hern\u00e1n Ponce, el maestro de la percusi\u00f3n - El Diario - Bolivia\",\"isPartOf\":{\"@id\":\"https:\\\/\\\/www.eldiario.net\\\/portal\\\/#website\"},\"primaryImageOfPage\":{\"@id\":\"https:\\\/\\\/www.eldiario.net\\\/portal\\\/2025\\\/08\\\/29\\\/a-seis-anos-de-la-partida-de-hernan-ponce-el-maestro-de-la-percusion\\\/#primaryimage\"},\"image\":{\"@id\":\"https:\\\/\\\/www.eldiario.net\\\/portal\\\/2025\\\/08\\\/29\\\/a-seis-anos-de-la-partida-de-hernan-ponce-el-maestro-de-la-percusion\\\/#primaryimage\"},\"thumbnailUrl\":\"https:\\\/\\\/www.eldiario.net\\\/portal\\\/wp-content\\\/uploads\\\/2025\\\/08\\\/10-hernan.webp\",\"datePublished\":\"2025-08-29T04:29:45+00:00\",\"breadcrumb\":{\"@id\":\"https:\\\/\\\/www.eldiario.net\\\/portal\\\/2025\\\/08\\\/29\\\/a-seis-anos-de-la-partida-de-hernan-ponce-el-maestro-de-la-percusion\\\/#breadcrumb\"},\"inLanguage\":\"es\",\"potentialAction\":[{\"@type\":\"ReadAction\",\"target\":[\"https:\\\/\\\/www.eldiario.net\\\/portal\\\/2025\\\/08\\\/29\\\/a-seis-anos-de-la-partida-de-hernan-ponce-el-maestro-de-la-percusion\\\/\"]}]},{\"@type\":\"ImageObject\",\"inLanguage\":\"es\",\"@id\":\"https:\\\/\\\/www.eldiario.net\\\/portal\\\/2025\\\/08\\\/29\\\/a-seis-anos-de-la-partida-de-hernan-ponce-el-maestro-de-la-percusion\\\/#primaryimage\",\"url\":\"https:\\\/\\\/www.eldiario.net\\\/portal\\\/wp-content\\\/uploads\\\/2025\\\/08\\\/10-hernan.webp\",\"contentUrl\":\"https:\\\/\\\/www.eldiario.net\\\/portal\\\/wp-content\\\/uploads\\\/2025\\\/08\\\/10-hernan.webp\",\"width\":1200,\"height\":803},{\"@type\":\"BreadcrumbList\",\"@id\":\"https:\\\/\\\/www.eldiario.net\\\/portal\\\/2025\\\/08\\\/29\\\/a-seis-anos-de-la-partida-de-hernan-ponce-el-maestro-de-la-percusion\\\/#breadcrumb\",\"itemListElement\":[{\"@type\":\"ListItem\",\"position\":1,\"name\":\"Portada\",\"item\":\"https:\\\/\\\/www.eldiario.net\\\/portal\\\/\"},{\"@type\":\"ListItem\",\"position\":2,\"name\":\"A seis a\u00f1os de la partida de Hern\u00e1n Ponce, el maestro de la percusi\u00f3n\"}]},{\"@type\":\"WebSite\",\"@id\":\"https:\\\/\\\/www.eldiario.net\\\/portal\\\/#website\",\"url\":\"https:\\\/\\\/www.eldiario.net\\\/portal\\\/\",\"name\":\"El Diario - Decano de la prensa nacional\",\"description\":\"El Diario - Decano de la prensa nacional\",\"publisher\":{\"@id\":\"https:\\\/\\\/www.eldiario.net\\\/portal\\\/#organization\"},\"potentialAction\":[{\"@type\":\"SearchAction\",\"target\":{\"@type\":\"EntryPoint\",\"urlTemplate\":\"https:\\\/\\\/www.eldiario.net\\\/portal\\\/?s={search_term_string}\"},\"query-input\":{\"@type\":\"PropertyValueSpecification\",\"valueRequired\":true,\"valueName\":\"search_term_string\"}}],\"inLanguage\":\"es\"},{\"@type\":\"Organization\",\"@id\":\"https:\\\/\\\/www.eldiario.net\\\/portal\\\/#organization\",\"name\":\"El Diario - Decano de la prensa nacional\",\"url\":\"https:\\\/\\\/www.eldiario.net\\\/portal\\\/\",\"logo\":{\"@type\":\"ImageObject\",\"inLanguage\":\"es\",\"@id\":\"https:\\\/\\\/www.eldiario.net\\\/portal\\\/#\\\/schema\\\/logo\\\/image\\\/\",\"url\":\"https:\\\/\\\/www.eldiario.net\\\/portal\\\/wp-content\\\/uploads\\\/2023\\\/07\\\/logo_ED.jpg\",\"contentUrl\":\"https:\\\/\\\/www.eldiario.net\\\/portal\\\/wp-content\\\/uploads\\\/2023\\\/07\\\/logo_ED.jpg\",\"width\":272,\"height\":52,\"caption\":\"El Diario - Decano de la prensa nacional\"},\"image\":{\"@id\":\"https:\\\/\\\/www.eldiario.net\\\/portal\\\/#\\\/schema\\\/logo\\\/image\\\/\"},\"sameAs\":[\"https:\\\/\\\/www.facebook.com\\\/eldiario.bolivia\\\/\",\"https:\\\/\\\/x.com\\\/eldiario_net\"]},{\"@type\":\"Person\",\"@id\":\"https:\\\/\\\/www.eldiario.net\\\/portal\\\/#\\\/schema\\\/person\\\/2c57cf2b7a7ae032e449e4c9b1019eac\",\"name\":\"Jeanette\",\"image\":{\"@type\":\"ImageObject\",\"inLanguage\":\"es\",\"@id\":\"https:\\\/\\\/secure.gravatar.com\\\/avatar\\\/3ea2118a5f7dad2b7138b1187a6b7ee55f160b9968b66013c3a3ef39dd7e5798?s=96&d=mm&r=g\",\"url\":\"https:\\\/\\\/secure.gravatar.com\\\/avatar\\\/3ea2118a5f7dad2b7138b1187a6b7ee55f160b9968b66013c3a3ef39dd7e5798?s=96&d=mm&r=g\",\"contentUrl\":\"https:\\\/\\\/secure.gravatar.com\\\/avatar\\\/3ea2118a5f7dad2b7138b1187a6b7ee55f160b9968b66013c3a3ef39dd7e5798?s=96&d=mm&r=g\",\"caption\":\"Jeanette\"},\"sameAs\":[\"https:\\\/\\\/www.eldiario.net\\\/portal\"],\"url\":\"https:\\\/\\\/www.eldiario.net\\\/portal\\\/author\\\/jeanette\\\/\"}]}<\/script>\n<!-- \/ Yoast SEO plugin. -->","yoast_head_json":{"title":"A seis a\u00f1os de la partida de Hern\u00e1n Ponce, el maestro de la percusi\u00f3n - El Diario - Bolivia","robots":{"index":"index","follow":"follow","max-snippet":"max-snippet:-1","max-image-preview":"max-image-preview:large","max-video-preview":"max-video-preview:-1"},"canonical":"https:\/\/www.eldiario.net\/portal\/2025\/08\/29\/a-seis-anos-de-la-partida-de-hernan-ponce-el-maestro-de-la-percusion\/","og_locale":"es_ES","og_type":"article","og_title":"A seis a\u00f1os de la partida de Hern\u00e1n Ponce, el maestro de la percusi\u00f3n - El Diario - Bolivia","og_description":"Ya son seis a\u00f1os de la partida del m\u00fasico boliviano Hern\u00e1n Ponce, quien hizo de la percusi\u00f3n su bandera art\u00edstica. Ponce falleci\u00f3 en La Paz el 19 de agosto de 2019, pero dej\u00f3 como legado algo m\u00e1s de 90 discos de m\u00fasica nacional producidos en el pa\u00eds. Hern\u00e1n siempre dec\u00eda ser artista y no m\u00fasico. [&hellip;]","og_url":"https:\/\/www.eldiario.net\/portal\/2025\/08\/29\/a-seis-anos-de-la-partida-de-hernan-ponce-el-maestro-de-la-percusion\/","og_site_name":"El Diario - Bolivia","article_publisher":"https:\/\/www.facebook.com\/eldiario.bolivia\/","article_published_time":"2025-08-29T04:29:45+00:00","og_image":[{"width":1200,"height":803,"url":"https:\/\/www.eldiario.net\/portal\/wp-content\/uploads\/2025\/08\/10-hernan.webp","type":"image\/webp"}],"author":"Jeanette","twitter_card":"summary_large_image","twitter_creator":"@eldiario_net","twitter_site":"@eldiario_net","twitter_misc":{"Escrito por":"Jeanette","Tiempo de lectura":"3 minutos"},"schema":{"@context":"https:\/\/schema.org","@graph":[{"@type":"Article","@id":"https:\/\/www.eldiario.net\/portal\/2025\/08\/29\/a-seis-anos-de-la-partida-de-hernan-ponce-el-maestro-de-la-percusion\/#article","isPartOf":{"@id":"https:\/\/www.eldiario.net\/portal\/2025\/08\/29\/a-seis-anos-de-la-partida-de-hernan-ponce-el-maestro-de-la-percusion\/"},"author":{"name":"Jeanette","@id":"https:\/\/www.eldiario.net\/portal\/#\/schema\/person\/2c57cf2b7a7ae032e449e4c9b1019eac"},"headline":"A seis a\u00f1os de la partida de Hern\u00e1n Ponce, el maestro de la percusi\u00f3n","datePublished":"2025-08-29T04:29:45+00:00","mainEntityOfPage":{"@id":"https:\/\/www.eldiario.net\/portal\/2025\/08\/29\/a-seis-anos-de-la-partida-de-hernan-ponce-el-maestro-de-la-percusion\/"},"wordCount":537,"publisher":{"@id":"https:\/\/www.eldiario.net\/portal\/#organization"},"image":{"@id":"https:\/\/www.eldiario.net\/portal\/2025\/08\/29\/a-seis-anos-de-la-partida-de-hernan-ponce-el-maestro-de-la-percusion\/#primaryimage"},"thumbnailUrl":"https:\/\/www.eldiario.net\/portal\/wp-content\/uploads\/2025\/08\/10-hernan.webp","articleSection":["La Gu\u00eda"],"inLanguage":"es"},{"@type":"WebPage","@id":"https:\/\/www.eldiario.net\/portal\/2025\/08\/29\/a-seis-anos-de-la-partida-de-hernan-ponce-el-maestro-de-la-percusion\/","url":"https:\/\/www.eldiario.net\/portal\/2025\/08\/29\/a-seis-anos-de-la-partida-de-hernan-ponce-el-maestro-de-la-percusion\/","name":"A seis a\u00f1os de la partida de Hern\u00e1n Ponce, el maestro de la percusi\u00f3n - El Diario - Bolivia","isPartOf":{"@id":"https:\/\/www.eldiario.net\/portal\/#website"},"primaryImageOfPage":{"@id":"https:\/\/www.eldiario.net\/portal\/2025\/08\/29\/a-seis-anos-de-la-partida-de-hernan-ponce-el-maestro-de-la-percusion\/#primaryimage"},"image":{"@id":"https:\/\/www.eldiario.net\/portal\/2025\/08\/29\/a-seis-anos-de-la-partida-de-hernan-ponce-el-maestro-de-la-percusion\/#primaryimage"},"thumbnailUrl":"https:\/\/www.eldiario.net\/portal\/wp-content\/uploads\/2025\/08\/10-hernan.webp","datePublished":"2025-08-29T04:29:45+00:00","breadcrumb":{"@id":"https:\/\/www.eldiario.net\/portal\/2025\/08\/29\/a-seis-anos-de-la-partida-de-hernan-ponce-el-maestro-de-la-percusion\/#breadcrumb"},"inLanguage":"es","potentialAction":[{"@type":"ReadAction","target":["https:\/\/www.eldiario.net\/portal\/2025\/08\/29\/a-seis-anos-de-la-partida-de-hernan-ponce-el-maestro-de-la-percusion\/"]}]},{"@type":"ImageObject","inLanguage":"es","@id":"https:\/\/www.eldiario.net\/portal\/2025\/08\/29\/a-seis-anos-de-la-partida-de-hernan-ponce-el-maestro-de-la-percusion\/#primaryimage","url":"https:\/\/www.eldiario.net\/portal\/wp-content\/uploads\/2025\/08\/10-hernan.webp","contentUrl":"https:\/\/www.eldiario.net\/portal\/wp-content\/uploads\/2025\/08\/10-hernan.webp","width":1200,"height":803},{"@type":"BreadcrumbList","@id":"https:\/\/www.eldiario.net\/portal\/2025\/08\/29\/a-seis-anos-de-la-partida-de-hernan-ponce-el-maestro-de-la-percusion\/#breadcrumb","itemListElement":[{"@type":"ListItem","position":1,"name":"Portada","item":"https:\/\/www.eldiario.net\/portal\/"},{"@type":"ListItem","position":2,"name":"A seis a\u00f1os de la partida de Hern\u00e1n Ponce, el maestro de la percusi\u00f3n"}]},{"@type":"WebSite","@id":"https:\/\/www.eldiario.net\/portal\/#website","url":"https:\/\/www.eldiario.net\/portal\/","name":"El Diario - Decano de la prensa nacional","description":"El Diario - Decano de la prensa nacional","publisher":{"@id":"https:\/\/www.eldiario.net\/portal\/#organization"},"potentialAction":[{"@type":"SearchAction","target":{"@type":"EntryPoint","urlTemplate":"https:\/\/www.eldiario.net\/portal\/?s={search_term_string}"},"query-input":{"@type":"PropertyValueSpecification","valueRequired":true,"valueName":"search_term_string"}}],"inLanguage":"es"},{"@type":"Organization","@id":"https:\/\/www.eldiario.net\/portal\/#organization","name":"El Diario - Decano de la prensa nacional","url":"https:\/\/www.eldiario.net\/portal\/","logo":{"@type":"ImageObject","inLanguage":"es","@id":"https:\/\/www.eldiario.net\/portal\/#\/schema\/logo\/image\/","url":"https:\/\/www.eldiario.net\/portal\/wp-content\/uploads\/2023\/07\/logo_ED.jpg","contentUrl":"https:\/\/www.eldiario.net\/portal\/wp-content\/uploads\/2023\/07\/logo_ED.jpg","width":272,"height":52,"caption":"El Diario - Decano de la prensa nacional"},"image":{"@id":"https:\/\/www.eldiario.net\/portal\/#\/schema\/logo\/image\/"},"sameAs":["https:\/\/www.facebook.com\/eldiario.bolivia\/","https:\/\/x.com\/eldiario_net"]},{"@type":"Person","@id":"https:\/\/www.eldiario.net\/portal\/#\/schema\/person\/2c57cf2b7a7ae032e449e4c9b1019eac","name":"Jeanette","image":{"@type":"ImageObject","inLanguage":"es","@id":"https:\/\/secure.gravatar.com\/avatar\/3ea2118a5f7dad2b7138b1187a6b7ee55f160b9968b66013c3a3ef39dd7e5798?s=96&d=mm&r=g","url":"https:\/\/secure.gravatar.com\/avatar\/3ea2118a5f7dad2b7138b1187a6b7ee55f160b9968b66013c3a3ef39dd7e5798?s=96&d=mm&r=g","contentUrl":"https:\/\/secure.gravatar.com\/avatar\/3ea2118a5f7dad2b7138b1187a6b7ee55f160b9968b66013c3a3ef39dd7e5798?s=96&d=mm&r=g","caption":"Jeanette"},"sameAs":["https:\/\/www.eldiario.net\/portal"],"url":"https:\/\/www.eldiario.net\/portal\/author\/jeanette\/"}]}},"_links":{"self":[{"href":"https:\/\/www.eldiario.net\/portal\/wp-json\/wp\/v2\/posts\/327287","targetHints":{"allow":["GET"]}}],"collection":[{"href":"https:\/\/www.eldiario.net\/portal\/wp-json\/wp\/v2\/posts"}],"about":[{"href":"https:\/\/www.eldiario.net\/portal\/wp-json\/wp\/v2\/types\/post"}],"author":[{"embeddable":true,"href":"https:\/\/www.eldiario.net\/portal\/wp-json\/wp\/v2\/users\/1"}],"replies":[{"embeddable":true,"href":"https:\/\/www.eldiario.net\/portal\/wp-json\/wp\/v2\/comments?post=327287"}],"version-history":[{"count":1,"href":"https:\/\/www.eldiario.net\/portal\/wp-json\/wp\/v2\/posts\/327287\/revisions"}],"predecessor-version":[{"id":327290,"href":"https:\/\/www.eldiario.net\/portal\/wp-json\/wp\/v2\/posts\/327287\/revisions\/327290"}],"wp:featuredmedia":[{"embeddable":true,"href":"https:\/\/www.eldiario.net\/portal\/wp-json\/wp\/v2\/media\/327288"}],"wp:attachment":[{"href":"https:\/\/www.eldiario.net\/portal\/wp-json\/wp\/v2\/media?parent=327287"}],"wp:term":[{"taxonomy":"category","embeddable":true,"href":"https:\/\/www.eldiario.net\/portal\/wp-json\/wp\/v2\/categories?post=327287"},{"taxonomy":"post_tag","embeddable":true,"href":"https:\/\/www.eldiario.net\/portal\/wp-json\/wp\/v2\/tags?post=327287"}],"curies":[{"name":"wp","href":"https:\/\/api.w.org\/{rel}","templated":true}]}}