{"id":326848,"date":"2025-08-27T01:57:04","date_gmt":"2025-08-27T05:57:04","guid":{"rendered":"https:\/\/www.eldiario.net\/portal\/?p=326848"},"modified":"2025-08-26T21:59:01","modified_gmt":"2025-08-27T01:59:01","slug":"grecia-gon-hace-musica-urbana-femenina-energetica-y-autentica","status":"publish","type":"post","link":"https:\/\/www.eldiario.net\/portal\/2025\/08\/27\/grecia-gon-hace-musica-urbana-femenina-energetica-y-autentica\/","title":{"rendered":"Grecia Gon hace m\u00fasica urbana  femenina, energ\u00e9tica y aut\u00e9ntica"},"content":{"rendered":"<p>Su pasi\u00f3n por la m\u00fasica naci\u00f3 a los 13 a\u00f1os, cuando vio tocar la guitarra a su t\u00edo, un artista mariachi, y qued\u00f3 maravillada. Ah\u00ed dio sus primeros pasos, hasta que el 14 de febrero de 2022 recibi\u00f3 la invitaci\u00f3n del cantante potosino Yarit para hacer una colaboraci\u00f3n con la canci\u00f3n \u201cTBT\u201d. Ese fue el inicio de su carrera art\u00edstica.<\/p>\n<p>Hoy Grecia Gon ya tiene 20 a\u00f1os y es una gran promesa boliviana en la m\u00fasica urbana. Tiene talento, una preciosa voz y estilo \u00fanico, pero tambi\u00e9n es compositora y bailarina. Naci\u00f3 en La Paz, Bolivia, el 6 de marzo del a\u00f1o 2005.<\/p>\n<p>Nominada a \u201cMejor Nueva Artista\u201d, \u201cMejor Artista Urbana\u201d y \u201cMejor colaboraci\u00f3n\u201d en los Bolivia Music Awards 2023 y 2024, es coautora junto al grupo Uno 70 de la exitosa canci\u00f3n \u201cNo se enamora\u201d, actualmente pasando los 11 millones de vistas en YouTube.<\/p>\n<p>Tambi\u00e9n comparti\u00f3 escenario junto al gran exponente de hip hop urbano en Latinoam\u00e9rica, el artista argentino Trueno, en La Paz, y fue invitada para abrir los conciertos de Mar\u00eda Becerra, Luck Ra, Nico Hern\u00e1ndez, \u00c1ngela Leiva y Luis Vega.<\/p>\n<p>Este a\u00f1o, abri\u00f3 La Verbena Pace\u00f1a 2025 y tuvo su primera presentaci\u00f3n internacional en Buenos Aires, Argentina.<\/p>\n<p>Sumando a la fecha m\u00e1s de 500 mil seguidores en todas sus redes sociales, la joven cantautora se prepara d\u00eda a d\u00eda para cumplir el sue\u00f1o de representar internacionalmente a Bolivia en la m\u00fasica urbana.<\/p>\n<p>\u201cLa canci\u00f3n TBT y el p\u00fablico me hicieron notar que yo ten\u00eda ese saborcito que tiene el g\u00e9nero urbano\u2026 y tambi\u00e9n reconoc\u00ed que en Bolivia no tenemos referentes en el urbano, pero s\u00ed hay p\u00fablico que escucha a Karol G, Mar\u00eda Becerra, entonces dije que ser\u00eda lindo incursionar y apuntar a eso\u201d, cont\u00f3 Grecia Gon en la entrevista que le hizo La Gu\u00eda.<\/p>\n<p><strong>LG: \u00bfC\u00f3mo etiquetar\u00edas tu propuesta musical?<\/strong><\/p>\n<p>G: Creo que se la podr\u00eda considerar m\u00fasica urbana femenina, energ\u00e9tica, aut\u00e9ntica y de empoderamiento para la mujer.<\/p>\n<p><strong>LG: \u00bfC\u00f3mo definir\u00edas tu voz?<\/strong><\/p>\n<p>G: La relaci\u00f3n con mi voz en estos \u00faltimos a\u00f1os ha sido muy, muy loca, la definir\u00eda como dulce y vers\u00e1til al mismo tiempo.<\/p>\n<p><strong>LG: \u00bfCu\u00e1les fueron tus mayores logros hasta el momento?<\/strong><\/p>\n<p>G: Voy a mencionar tres: El primero fue la gran presentaci\u00f3n que hice en La Verbena Pace\u00f1a 2025, una de las m\u00e1s importantes de mi vida, por no decir la mejor. El segundo: La colaboraci\u00f3n de la canci\u00f3n <em>No se enamora<\/em>, que ha sido una locura, pues ya ha pasado los 11 millones de vistas. Y el tercero, un poco m\u00e1s personal, que es el poder ayudar a mi familia econ\u00f3micamente, generar ingresos mediante la m\u00fasica y reinvertirlos en mi carrera tambi\u00e9n.<\/p>\n<p><strong>LG: \u00bfPor qu\u00e9 es especial para ti la canci\u00f3n \u201cNo se enamora\u201d?<\/strong><\/p>\n<p>G: Es una canci\u00f3n original, in\u00e9dita, que me cambi\u00f3 la vida, nos ha cambiado la vida a todos, creo. No ten\u00edamos expectativas ni buenas ni malas. Yo soy s\u00faper fan de los chicos (de Uno 70) \u2026 les hice un cover hace seis a\u00f1os y mira, qu\u00e9 loca es la vida.<\/p>\n<p><strong>LG: \u00bfImaginaste que tendr\u00eda tanto \u00e9xito?<\/strong><\/p>\n<p>G: No, creo que nadie, pero la verdad, es muy lindo c\u00f3mo conect\u00f3 tanto con la gente. Y creo que el baile, el trend, fue clave y muy importante. Lo hicimos con Pipo de forma virtual.<\/p>\n<p><strong>LG: \u00bfQu\u00e9 quieres lograr con tu m\u00fasica?<\/strong><\/p>\n<p>G: Creo que impactar a la mayor gente posible para poder cambiarles su d\u00eda, sus vidas, compartiendo un poco mi energ\u00eda, que puedan sentirse identificados. Lo que yo dec\u00eda: A m\u00ed la m\u00fasica me ha salvado la vida. Soy una persona muy ansiosa, me llevaron a consultar al psic\u00f3logo muchas veces y era porque no entend\u00eda qu\u00e9 me pasaba y la m\u00fasica ha sido la raz\u00f3n, me ha salvado la vida y espero que alguien pueda decir lo mismo con mi m\u00fasica.<\/p>\n<p><strong>LG: \u00bfQu\u00e9 se viene ahora en tu carrera art\u00edstica?<\/strong><\/p>\n<p>G: Estamos entrando a una nueva etapa, de reinvenci\u00f3n. Estoy armando con mi equipo nuevos conceptos. Nos vamos a manejar mucho m\u00e1s profesionalmente porque ha sido toda una locura desde que empec\u00e9. Reci\u00e9n tuve la oportunidad de conocer Argentina, tuve mi primer show internacional en Buenos Aires, y fue un abrir de ojos. Hay mucho trabajo por hacer en Bolivia y hay que aprovechar nuestra densidad poblacional, que no es bastante. Si nos proponemos hacer algo de calidad en el pa\u00eds, resalta.<\/p>\n<p><strong>DE PERFIL <\/strong><\/p>\n<p>Grecia Fabiana Gonzales Jemio estudi\u00f3 ballet cl\u00e1sico, folkl\u00f3rico, strip dance, guitarra cl\u00e1sica y canto. Es t\u00e9cnico medio en administraci\u00f3n de empresas y estaba estudiando publicidad y marketing en la Unifranz. \u201cPero el a\u00f1o pasado tom\u00e9 la decisi\u00f3n de pausarlo para dedicarme netamente a la m\u00fasica y, bueno, tuve los resultados que me propuse\u201d, cont\u00f3 la joven artista.<\/p>\n<p><strong>LG: \u00bfQu\u00e9 significa el baile en tu vida?<\/strong><\/p>\n<p>G: Es mi diferenciador como artista. Nos pregunt\u00e1bamos por qu\u00e9 el \u201cNo se enamora\u201d hab\u00eda conectado y es tambi\u00e9n porque hemos llegado a ese p\u00fablico que le encanta bailar, sin la necesidad de tomar algo, digamos un p\u00fablico m\u00e1s juvenil. Me encanta armar el show de cero y tener todo coreografiado. Ensayamos tres veces por semana con mis chicos para los shows. Mi team lo conforman ocho bailarines.<\/p>\n<p><strong>LG: \u00bfCu\u00e1l es tu mayor sue\u00f1o art\u00edstico?<\/strong><\/p>\n<p>G: Creo que son muchos sue\u00f1os, muchas etapas que me faltan por aprender, por cumplir. Una de las m\u00e1s grandes, obviamente, es alg\u00fan d\u00eda llenar el Teatro al Aire Libre con mi m\u00fasica.<\/p>\n<p><strong>LG: \u00bfQui\u00e9n es hoy Grecia Gon?<\/strong><\/p>\n<p>G: Grecia est\u00e1 convirti\u00e9ndose en una mujer madura, estoy aprendiendo y creciendo. Tengo los objetivos mucho m\u00e1s claros y no voy a descansar hasta lograrlo\u2026 estoy muy decidida.<\/p>\n<p><strong>LG: \u00bfDeseas agregar algo?<\/strong><\/p>\n<p>G: Este a\u00f1o me invitaron al concierto de \u00c1ngela Leiva y fue incre\u00edble porque justo ah\u00ed la canci\u00f3n \u201cNo se enamora\u201d estuvo en su pico y qued\u00e9 muda. Todos estaban cantando, casi me mor\u00ed, me puse a llorar ese rato, y tambi\u00e9n en La Verbena y el Respira Bolivia.<\/p>\n<p>Aclaro que ahora trabajo con tres managers: Una de ellas es mi mam\u00e1 (Evelyn Jemio Fern\u00e1ndez), Alejandra Rivero y Cinthia Onofre. Estamos construyendo todo con un equipo base de mujeres y eso me pone muy feliz. Ahorita mis shows son con DJ y pista, pero quiero brindar show con m\u00fasicos en vivo tambi\u00e9n, entonces estamos apuntando a eso\u2026 y no pienso parar, este es solo el inicio.<\/p>\n<p><strong>CANCIONES<\/strong><\/p>\n<p>\u201cTBT\u201d, \u00abSi me llamas\u00bb, \u00abOtra vez\u00bb, \u00abCacer\u00eda\u00bb, \u201cConfiesa\u201d, \u201cPa mi ex\u201d, \u201cNo se enamora\u201d y \u201cHoy voy a salir\u201d son algunas de las canciones que grab\u00f3 Grecia Gon.<\/p>\n\r\n                <style type=\"text\/css\">\r\n                    \r\n                    #tdi_1  .td-doubleSlider-2 .td-item1 {\r\n                        background: url(https:\/\/www.eldiario.net\/portal\/wp-content\/uploads\/2025\/08\/1-PRINCIPAL-10-80x60.webp) 0 0 no-repeat;\r\n                    }\r\n                    #tdi_1  .td-doubleSlider-2 .td-item2 {\r\n                        background: url(https:\/\/www.eldiario.net\/portal\/wp-content\/uploads\/2025\/08\/2-7-80x60.webp) 0 0 no-repeat;\r\n                    }\r\n                    #tdi_1  .td-doubleSlider-2 .td-item3 {\r\n                        background: url(https:\/\/www.eldiario.net\/portal\/wp-content\/uploads\/2025\/08\/3-9-80x60.webp) 0 0 no-repeat;\r\n                    }\r\n                    #tdi_1  .td-doubleSlider-2 .td-item4 {\r\n                        background: url(https:\/\/www.eldiario.net\/portal\/wp-content\/uploads\/2025\/08\/4-9-80x60.webp) 0 0 no-repeat;\r\n                    }\r\n                    #tdi_1  .td-doubleSlider-2 .td-item5 {\r\n                        background: url(https:\/\/www.eldiario.net\/portal\/wp-content\/uploads\/2025\/08\/5-5-80x60.webp) 0 0 no-repeat;\r\n                    }\r\n                    #tdi_1  .td-doubleSlider-2 .td-item6 {\r\n                        background: url(https:\/\/www.eldiario.net\/portal\/wp-content\/uploads\/2025\/08\/6-5-80x60.webp) 0 0 no-repeat;\r\n                    }\r\n                    #tdi_1  .td-doubleSlider-2 .td-item7 {\r\n                        background: url(https:\/\/www.eldiario.net\/portal\/wp-content\/uploads\/2025\/08\/7-2-80x60.webp) 0 0 no-repeat;\r\n                    }\r\n                <\/style>\r\n\r\n                <div id=\"tdi_1\" class=\"td-gallery td-slide-on-2-columns\">\r\n                    <div class=\"post_td_gallery\">\r\n                        <div class=\"td-gallery-slide-top\">\r\n                           <div class=\"td-gallery-title\"><\/div>\r\n\r\n                            <div class=\"td-gallery-controls-wrapper\">\r\n                                <div class=\"td-gallery-slide-count\"><span class=\"td-gallery-slide-item-focus\">1<\/span> de 7<\/div>\r\n                                <div class=\"td-gallery-slide-prev-next-but\">\r\n                                    <i class = \"td-icon-left doubleSliderPrevButton\"><\/i>\r\n                                    <i class = \"td-icon-right doubleSliderNextButton\"><\/i>\r\n                                <\/div>\r\n                            <\/div>\r\n                        <\/div>\r\n\r\n                        <div class = \"td-doubleSlider-1 \">\r\n                            <div class = \"td-slider\">\r\n                                \r\n                    <div class = \"td-slide-item td-item1\">\r\n                        <figure class=\"td-slide-galery-figure td-slide-popup-gallery\">\r\n                            <a class=\"slide-gallery-image-link\" href=\"https:\/\/www.eldiario.net\/portal\/wp-content\/uploads\/2025\/08\/1-PRINCIPAL-10.webp\" title=\"1-PRINCIPAL\"  data-caption=\"\"  data-description=\"\">\r\n                                <img decoding=\"async\" src=\"https:\/\/www.eldiario.net\/portal\/wp-content\/uploads\/2025\/08\/1-PRINCIPAL-10-280x420.webp\" srcset=\"https:\/\/www.eldiario.net\/portal\/wp-content\/uploads\/2025\/08\/1-PRINCIPAL-10-280x420.webp 280w, https:\/\/www.eldiario.net\/portal\/wp-content\/uploads\/2025\/08\/1-PRINCIPAL-10-200x300.webp 200w, https:\/\/www.eldiario.net\/portal\/wp-content\/uploads\/2025\/08\/1-PRINCIPAL-10-683x1024.webp 683w, https:\/\/www.eldiario.net\/portal\/wp-content\/uploads\/2025\/08\/1-PRINCIPAL-10-768x1152.webp 768w, https:\/\/www.eldiario.net\/portal\/wp-content\/uploads\/2025\/08\/1-PRINCIPAL-10-1024x1536.webp 1024w, https:\/\/www.eldiario.net\/portal\/wp-content\/uploads\/2025\/08\/1-PRINCIPAL-10-150x225.webp 150w, https:\/\/www.eldiario.net\/portal\/wp-content\/uploads\/2025\/08\/1-PRINCIPAL-10-300x450.webp 300w, https:\/\/www.eldiario.net\/portal\/wp-content\/uploads\/2025\/08\/1-PRINCIPAL-10-696x1044.webp 696w, https:\/\/www.eldiario.net\/portal\/wp-content\/uploads\/2025\/08\/1-PRINCIPAL-10-1068x1602.webp 1068w, https:\/\/www.eldiario.net\/portal\/wp-content\/uploads\/2025\/08\/1-PRINCIPAL-10.webp 1200w\" sizes=\"(max-width: 280px) 100vw, 280px\" alt=\"\">\r\n                            <\/a>\r\n                            \r\n                        <\/figure>\r\n                    <\/div>\r\n                    <div class = \"td-slide-item td-item2\">\r\n                        <figure class=\"td-slide-galery-figure td-slide-popup-gallery\">\r\n                            <a class=\"slide-gallery-image-link\" href=\"https:\/\/www.eldiario.net\/portal\/wp-content\/uploads\/2025\/08\/2-7.webp\" title=\"2\"  data-caption=\"\"  data-description=\"\">\r\n                                <img decoding=\"async\" src=\"https:\/\/www.eldiario.net\/portal\/wp-content\/uploads\/2025\/08\/2-7-336x420.webp\" srcset=\"https:\/\/www.eldiario.net\/portal\/wp-content\/uploads\/2025\/08\/2-7-336x420.webp 336w, https:\/\/www.eldiario.net\/portal\/wp-content\/uploads\/2025\/08\/2-7-240x300.webp 240w, https:\/\/www.eldiario.net\/portal\/wp-content\/uploads\/2025\/08\/2-7-819x1024.webp 819w, https:\/\/www.eldiario.net\/portal\/wp-content\/uploads\/2025\/08\/2-7-768x960.webp 768w, https:\/\/www.eldiario.net\/portal\/wp-content\/uploads\/2025\/08\/2-7-150x188.webp 150w, https:\/\/www.eldiario.net\/portal\/wp-content\/uploads\/2025\/08\/2-7-300x375.webp 300w, https:\/\/www.eldiario.net\/portal\/wp-content\/uploads\/2025\/08\/2-7-696x870.webp 696w, https:\/\/www.eldiario.net\/portal\/wp-content\/uploads\/2025\/08\/2-7-1068x1335.webp 1068w, https:\/\/www.eldiario.net\/portal\/wp-content\/uploads\/2025\/08\/2-7.webp 1200w\" sizes=\"(max-width: 336px) 100vw, 336px\" alt=\"\">\r\n                            <\/a>\r\n                            \r\n                        <\/figure>\r\n                    <\/div>\r\n                    <div class = \"td-slide-item td-item3\">\r\n                        <figure class=\"td-slide-galery-figure td-slide-popup-gallery\">\r\n                            <a class=\"slide-gallery-image-link\" href=\"https:\/\/www.eldiario.net\/portal\/wp-content\/uploads\/2025\/08\/3-9.webp\" title=\"3\"  data-caption=\"\"  data-description=\"\">\r\n                                <img decoding=\"async\" src=\"https:\/\/www.eldiario.net\/portal\/wp-content\/uploads\/2025\/08\/3-9-336x420.webp\" srcset=\"https:\/\/www.eldiario.net\/portal\/wp-content\/uploads\/2025\/08\/3-9-336x420.webp 336w, https:\/\/www.eldiario.net\/portal\/wp-content\/uploads\/2025\/08\/3-9-240x300.webp 240w, https:\/\/www.eldiario.net\/portal\/wp-content\/uploads\/2025\/08\/3-9-819x1024.webp 819w, https:\/\/www.eldiario.net\/portal\/wp-content\/uploads\/2025\/08\/3-9-768x960.webp 768w, https:\/\/www.eldiario.net\/portal\/wp-content\/uploads\/2025\/08\/3-9-150x188.webp 150w, https:\/\/www.eldiario.net\/portal\/wp-content\/uploads\/2025\/08\/3-9-300x375.webp 300w, https:\/\/www.eldiario.net\/portal\/wp-content\/uploads\/2025\/08\/3-9-696x870.webp 696w, https:\/\/www.eldiario.net\/portal\/wp-content\/uploads\/2025\/08\/3-9-1068x1335.webp 1068w, https:\/\/www.eldiario.net\/portal\/wp-content\/uploads\/2025\/08\/3-9.webp 1200w\" sizes=\"(max-width: 336px) 100vw, 336px\" alt=\"\">\r\n                            <\/a>\r\n                            \r\n                        <\/figure>\r\n                    <\/div>\r\n                    <div class = \"td-slide-item td-item4\">\r\n                        <figure class=\"td-slide-galery-figure td-slide-popup-gallery\">\r\n                            <a class=\"slide-gallery-image-link\" href=\"https:\/\/www.eldiario.net\/portal\/wp-content\/uploads\/2025\/08\/4-9.webp\" title=\"4\"  data-caption=\"\"  data-description=\"\">\r\n                                <img decoding=\"async\" src=\"https:\/\/www.eldiario.net\/portal\/wp-content\/uploads\/2025\/08\/4-9-747x420.webp\" srcset=\"https:\/\/www.eldiario.net\/portal\/wp-content\/uploads\/2025\/08\/4-9-747x420.webp 747w, https:\/\/www.eldiario.net\/portal\/wp-content\/uploads\/2025\/08\/4-9-300x169.webp 300w, https:\/\/www.eldiario.net\/portal\/wp-content\/uploads\/2025\/08\/4-9-1024x576.webp 1024w, https:\/\/www.eldiario.net\/portal\/wp-content\/uploads\/2025\/08\/4-9-768x432.webp 768w, https:\/\/www.eldiario.net\/portal\/wp-content\/uploads\/2025\/08\/4-9-150x84.webp 150w, https:\/\/www.eldiario.net\/portal\/wp-content\/uploads\/2025\/08\/4-9-696x392.webp 696w, https:\/\/www.eldiario.net\/portal\/wp-content\/uploads\/2025\/08\/4-9-1068x601.webp 1068w, https:\/\/www.eldiario.net\/portal\/wp-content\/uploads\/2025\/08\/4-9.webp 1200w\" sizes=\"(max-width: 747px) 100vw, 747px\" alt=\"\">\r\n                            <\/a>\r\n                            \r\n                        <\/figure>\r\n                    <\/div>\r\n                    <div class = \"td-slide-item td-item5\">\r\n                        <figure class=\"td-slide-galery-figure td-slide-popup-gallery\">\r\n                            <a class=\"slide-gallery-image-link\" href=\"https:\/\/www.eldiario.net\/portal\/wp-content\/uploads\/2025\/08\/5-5.webp\" title=\"5\"  data-caption=\"\"  data-description=\"\">\r\n                                <img decoding=\"async\" src=\"https:\/\/www.eldiario.net\/portal\/wp-content\/uploads\/2025\/08\/5-5-280x420.webp\" srcset=\"https:\/\/www.eldiario.net\/portal\/wp-content\/uploads\/2025\/08\/5-5-280x420.webp 280w, https:\/\/www.eldiario.net\/portal\/wp-content\/uploads\/2025\/08\/5-5-200x300.webp 200w, https:\/\/www.eldiario.net\/portal\/wp-content\/uploads\/2025\/08\/5-5-683x1024.webp 683w, https:\/\/www.eldiario.net\/portal\/wp-content\/uploads\/2025\/08\/5-5-768x1152.webp 768w, https:\/\/www.eldiario.net\/portal\/wp-content\/uploads\/2025\/08\/5-5-1024x1536.webp 1024w, https:\/\/www.eldiario.net\/portal\/wp-content\/uploads\/2025\/08\/5-5-150x225.webp 150w, https:\/\/www.eldiario.net\/portal\/wp-content\/uploads\/2025\/08\/5-5-300x450.webp 300w, https:\/\/www.eldiario.net\/portal\/wp-content\/uploads\/2025\/08\/5-5-696x1044.webp 696w, https:\/\/www.eldiario.net\/portal\/wp-content\/uploads\/2025\/08\/5-5-1068x1602.webp 1068w, https:\/\/www.eldiario.net\/portal\/wp-content\/uploads\/2025\/08\/5-5.webp 1200w\" sizes=\"(max-width: 280px) 100vw, 280px\" alt=\"\">\r\n                            <\/a>\r\n                            \r\n                        <\/figure>\r\n                    <\/div>\r\n                    <div class = \"td-slide-item td-item6\">\r\n                        <figure class=\"td-slide-galery-figure td-slide-popup-gallery\">\r\n                            <a class=\"slide-gallery-image-link\" href=\"https:\/\/www.eldiario.net\/portal\/wp-content\/uploads\/2025\/08\/6-5.webp\" title=\"6\"  data-caption=\"\"  data-description=\"\">\r\n                                <img decoding=\"async\" src=\"https:\/\/www.eldiario.net\/portal\/wp-content\/uploads\/2025\/08\/6-5-336x420.webp\" srcset=\"https:\/\/www.eldiario.net\/portal\/wp-content\/uploads\/2025\/08\/6-5-336x420.webp 336w, https:\/\/www.eldiario.net\/portal\/wp-content\/uploads\/2025\/08\/6-5-240x300.webp 240w, https:\/\/www.eldiario.net\/portal\/wp-content\/uploads\/2025\/08\/6-5-819x1024.webp 819w, https:\/\/www.eldiario.net\/portal\/wp-content\/uploads\/2025\/08\/6-5-768x960.webp 768w, https:\/\/www.eldiario.net\/portal\/wp-content\/uploads\/2025\/08\/6-5-150x188.webp 150w, https:\/\/www.eldiario.net\/portal\/wp-content\/uploads\/2025\/08\/6-5-300x375.webp 300w, https:\/\/www.eldiario.net\/portal\/wp-content\/uploads\/2025\/08\/6-5-696x870.webp 696w, https:\/\/www.eldiario.net\/portal\/wp-content\/uploads\/2025\/08\/6-5-1068x1335.webp 1068w, https:\/\/www.eldiario.net\/portal\/wp-content\/uploads\/2025\/08\/6-5.webp 1200w\" sizes=\"(max-width: 336px) 100vw, 336px\" alt=\"\">\r\n                            <\/a>\r\n                            \r\n                        <\/figure>\r\n                    <\/div>\r\n                    <div class = \"td-slide-item td-item7\">\r\n                        <figure class=\"td-slide-galery-figure td-slide-popup-gallery\">\r\n                            <a class=\"slide-gallery-image-link\" href=\"https:\/\/www.eldiario.net\/portal\/wp-content\/uploads\/2025\/08\/7-2.webp\" title=\"7\"  data-caption=\"\"  data-description=\"\">\r\n                                <img decoding=\"async\" src=\"https:\/\/www.eldiario.net\/portal\/wp-content\/uploads\/2025\/08\/7-2-336x420.webp\" srcset=\"https:\/\/www.eldiario.net\/portal\/wp-content\/uploads\/2025\/08\/7-2-336x420.webp 336w, https:\/\/www.eldiario.net\/portal\/wp-content\/uploads\/2025\/08\/7-2-240x300.webp 240w, https:\/\/www.eldiario.net\/portal\/wp-content\/uploads\/2025\/08\/7-2-819x1024.webp 819w, https:\/\/www.eldiario.net\/portal\/wp-content\/uploads\/2025\/08\/7-2-768x960.webp 768w, https:\/\/www.eldiario.net\/portal\/wp-content\/uploads\/2025\/08\/7-2-150x188.webp 150w, https:\/\/www.eldiario.net\/portal\/wp-content\/uploads\/2025\/08\/7-2-300x375.webp 300w, https:\/\/www.eldiario.net\/portal\/wp-content\/uploads\/2025\/08\/7-2-696x870.webp 696w, https:\/\/www.eldiario.net\/portal\/wp-content\/uploads\/2025\/08\/7-2-1068x1335.webp 1068w, https:\/\/www.eldiario.net\/portal\/wp-content\/uploads\/2025\/08\/7-2.webp 1200w\" sizes=\"(max-width: 336px) 100vw, 336px\" alt=\"\">\r\n                            <\/a>\r\n                            \r\n                        <\/figure>\r\n                    <\/div>\r\n                            <\/div>\r\n                        <\/div>\r\n\r\n                        <div class = \"td-doubleSlider-2\">\r\n                            <div class = \"td-slider\">\r\n                                \r\n                    <div class = \"td-button td-item1\">\r\n                        <div class = \"td-border\"><\/div>\r\n                    <\/div>\r\n                    <div class = \"td-button td-item2\">\r\n                        <div class = \"td-border\"><\/div>\r\n                    <\/div>\r\n                    <div class = \"td-button td-item3\">\r\n                        <div class = \"td-border\"><\/div>\r\n                    <\/div>\r\n                    <div class = \"td-button td-item4\">\r\n                        <div class = \"td-border\"><\/div>\r\n                    <\/div>\r\n                    <div class = \"td-button td-item5\">\r\n                        <div class = \"td-border\"><\/div>\r\n                    <\/div>\r\n                    <div class = \"td-button td-item6\">\r\n                        <div class = \"td-border\"><\/div>\r\n                    <\/div>\r\n                    <div class = \"td-button td-item7\">\r\n                        <div class = \"td-border\"><\/div>\r\n                    <\/div>\r\n                            <\/div>\r\n                        <\/div>\r\n\r\n                    <\/div>\r\n\r\n                <\/div>\r\n                \n","protected":false},"excerpt":{"rendered":"<p>Su pasi\u00f3n por la m\u00fasica naci\u00f3 a los 13 a\u00f1os, cuando vio tocar la guitarra a su t\u00edo, un artista mariachi, y qued\u00f3 maravillada. Ah\u00ed dio sus primeros pasos, hasta que el 14 de febrero de 2022 recibi\u00f3 la invitaci\u00f3n del cantante potosino Yarit para hacer una colaboraci\u00f3n con la canci\u00f3n \u201cTBT\u201d. Ese fue el [&hellip;]<\/p>\n","protected":false},"author":1,"featured_media":326849,"comment_status":"closed","ping_status":"open","sticky":false,"template":"","format":"standard","meta":{"_acf_changed":false,"footnotes":""},"categories":[41],"tags":[],"class_list":["post-326848","post","type-post","status-publish","format-standard","has-post-thumbnail","category-la-guia"],"acf":{"antetitulo":""},"yoast_head":"<!-- This site is optimized with the Yoast SEO plugin v28.4 - https:\/\/yoast.com\/product\/yoast-seo-wordpress\/ -->\n<title>Grecia Gon hace m\u00fasica urbana femenina, energ\u00e9tica y aut\u00e9ntica - El Diario - Bolivia<\/title>\n<meta name=\"robots\" content=\"index, follow, max-snippet:-1, max-image-preview:large, max-video-preview:-1\" \/>\n<link rel=\"canonical\" href=\"https:\/\/www.eldiario.net\/portal\/2025\/08\/27\/grecia-gon-hace-musica-urbana-femenina-energetica-y-autentica\/\" \/>\n<meta property=\"og:locale\" content=\"es_ES\" \/>\n<meta property=\"og:type\" content=\"article\" \/>\n<meta property=\"og:title\" content=\"Grecia Gon hace m\u00fasica urbana femenina, energ\u00e9tica y aut\u00e9ntica - El Diario - Bolivia\" \/>\n<meta property=\"og:description\" content=\"Su pasi\u00f3n por la m\u00fasica naci\u00f3 a los 13 a\u00f1os, cuando vio tocar la guitarra a su t\u00edo, un artista mariachi, y qued\u00f3 maravillada. Ah\u00ed dio sus primeros pasos, hasta que el 14 de febrero de 2022 recibi\u00f3 la invitaci\u00f3n del cantante potosino Yarit para hacer una colaboraci\u00f3n con la canci\u00f3n \u201cTBT\u201d. Ese fue el [&hellip;]\" \/>\n<meta property=\"og:url\" content=\"https:\/\/www.eldiario.net\/portal\/2025\/08\/27\/grecia-gon-hace-musica-urbana-femenina-energetica-y-autentica\/\" \/>\n<meta property=\"og:site_name\" content=\"El Diario - Bolivia\" \/>\n<meta property=\"article:publisher\" content=\"https:\/\/www.facebook.com\/eldiario.bolivia\/\" \/>\n<meta property=\"article:published_time\" content=\"2025-08-27T05:57:04+00:00\" \/>\n<meta property=\"og:image\" content=\"https:\/\/www.eldiario.net\/portal\/wp-content\/uploads\/2025\/08\/1-PRINCIPAL-10.webp\" \/>\n\t<meta property=\"og:image:width\" content=\"1200\" \/>\n\t<meta property=\"og:image:height\" content=\"1800\" \/>\n\t<meta property=\"og:image:type\" content=\"image\/webp\" \/>\n<meta name=\"author\" content=\"Jeanette\" \/>\n<meta name=\"twitter:card\" content=\"summary_large_image\" \/>\n<meta name=\"twitter:creator\" content=\"@eldiario_net\" \/>\n<meta name=\"twitter:site\" content=\"@eldiario_net\" \/>\n<meta name=\"twitter:label1\" content=\"Escrito por\" \/>\n\t<meta name=\"twitter:data1\" content=\"Jeanette\" \/>\n\t<meta name=\"twitter:label2\" content=\"Tiempo de lectura\" \/>\n\t<meta name=\"twitter:data2\" content=\"6 minutos\" \/>\n<script type=\"application\/ld+json\" class=\"yoast-schema-graph\">{\"@context\":\"https:\\\/\\\/schema.org\",\"@graph\":[{\"@type\":\"Article\",\"@id\":\"https:\\\/\\\/www.eldiario.net\\\/portal\\\/2025\\\/08\\\/27\\\/grecia-gon-hace-musica-urbana-femenina-energetica-y-autentica\\\/#article\",\"isPartOf\":{\"@id\":\"https:\\\/\\\/www.eldiario.net\\\/portal\\\/2025\\\/08\\\/27\\\/grecia-gon-hace-musica-urbana-femenina-energetica-y-autentica\\\/\"},\"author\":{\"name\":\"Jeanette\",\"@id\":\"https:\\\/\\\/www.eldiario.net\\\/portal\\\/#\\\/schema\\\/person\\\/2c57cf2b7a7ae032e449e4c9b1019eac\"},\"headline\":\"Grecia Gon hace m\u00fasica urbana femenina, energ\u00e9tica y aut\u00e9ntica\",\"datePublished\":\"2025-08-27T05:57:04+00:00\",\"mainEntityOfPage\":{\"@id\":\"https:\\\/\\\/www.eldiario.net\\\/portal\\\/2025\\\/08\\\/27\\\/grecia-gon-hace-musica-urbana-femenina-energetica-y-autentica\\\/\"},\"wordCount\":1204,\"publisher\":{\"@id\":\"https:\\\/\\\/www.eldiario.net\\\/portal\\\/#organization\"},\"image\":{\"@id\":\"https:\\\/\\\/www.eldiario.net\\\/portal\\\/2025\\\/08\\\/27\\\/grecia-gon-hace-musica-urbana-femenina-energetica-y-autentica\\\/#primaryimage\"},\"thumbnailUrl\":\"https:\\\/\\\/www.eldiario.net\\\/portal\\\/wp-content\\\/uploads\\\/2025\\\/08\\\/1-PRINCIPAL-10.webp\",\"articleSection\":[\"La Gu\u00eda\"],\"inLanguage\":\"es\"},{\"@type\":\"WebPage\",\"@id\":\"https:\\\/\\\/www.eldiario.net\\\/portal\\\/2025\\\/08\\\/27\\\/grecia-gon-hace-musica-urbana-femenina-energetica-y-autentica\\\/\",\"url\":\"https:\\\/\\\/www.eldiario.net\\\/portal\\\/2025\\\/08\\\/27\\\/grecia-gon-hace-musica-urbana-femenina-energetica-y-autentica\\\/\",\"name\":\"Grecia Gon hace m\u00fasica urbana femenina, energ\u00e9tica y aut\u00e9ntica - El Diario - Bolivia\",\"isPartOf\":{\"@id\":\"https:\\\/\\\/www.eldiario.net\\\/portal\\\/#website\"},\"primaryImageOfPage\":{\"@id\":\"https:\\\/\\\/www.eldiario.net\\\/portal\\\/2025\\\/08\\\/27\\\/grecia-gon-hace-musica-urbana-femenina-energetica-y-autentica\\\/#primaryimage\"},\"image\":{\"@id\":\"https:\\\/\\\/www.eldiario.net\\\/portal\\\/2025\\\/08\\\/27\\\/grecia-gon-hace-musica-urbana-femenina-energetica-y-autentica\\\/#primaryimage\"},\"thumbnailUrl\":\"https:\\\/\\\/www.eldiario.net\\\/portal\\\/wp-content\\\/uploads\\\/2025\\\/08\\\/1-PRINCIPAL-10.webp\",\"datePublished\":\"2025-08-27T05:57:04+00:00\",\"breadcrumb\":{\"@id\":\"https:\\\/\\\/www.eldiario.net\\\/portal\\\/2025\\\/08\\\/27\\\/grecia-gon-hace-musica-urbana-femenina-energetica-y-autentica\\\/#breadcrumb\"},\"inLanguage\":\"es\",\"potentialAction\":[{\"@type\":\"ReadAction\",\"target\":[\"https:\\\/\\\/www.eldiario.net\\\/portal\\\/2025\\\/08\\\/27\\\/grecia-gon-hace-musica-urbana-femenina-energetica-y-autentica\\\/\"]}]},{\"@type\":\"ImageObject\",\"inLanguage\":\"es\",\"@id\":\"https:\\\/\\\/www.eldiario.net\\\/portal\\\/2025\\\/08\\\/27\\\/grecia-gon-hace-musica-urbana-femenina-energetica-y-autentica\\\/#primaryimage\",\"url\":\"https:\\\/\\\/www.eldiario.net\\\/portal\\\/wp-content\\\/uploads\\\/2025\\\/08\\\/1-PRINCIPAL-10.webp\",\"contentUrl\":\"https:\\\/\\\/www.eldiario.net\\\/portal\\\/wp-content\\\/uploads\\\/2025\\\/08\\\/1-PRINCIPAL-10.webp\",\"width\":1200,\"height\":1800},{\"@type\":\"BreadcrumbList\",\"@id\":\"https:\\\/\\\/www.eldiario.net\\\/portal\\\/2025\\\/08\\\/27\\\/grecia-gon-hace-musica-urbana-femenina-energetica-y-autentica\\\/#breadcrumb\",\"itemListElement\":[{\"@type\":\"ListItem\",\"position\":1,\"name\":\"Portada\",\"item\":\"https:\\\/\\\/www.eldiario.net\\\/portal\\\/\"},{\"@type\":\"ListItem\",\"position\":2,\"name\":\"Grecia Gon hace m\u00fasica urbana femenina, energ\u00e9tica y aut\u00e9ntica\"}]},{\"@type\":\"WebSite\",\"@id\":\"https:\\\/\\\/www.eldiario.net\\\/portal\\\/#website\",\"url\":\"https:\\\/\\\/www.eldiario.net\\\/portal\\\/\",\"name\":\"El Diario - Decano de la prensa nacional\",\"description\":\"El Diario - Decano de la prensa nacional\",\"publisher\":{\"@id\":\"https:\\\/\\\/www.eldiario.net\\\/portal\\\/#organization\"},\"potentialAction\":[{\"@type\":\"SearchAction\",\"target\":{\"@type\":\"EntryPoint\",\"urlTemplate\":\"https:\\\/\\\/www.eldiario.net\\\/portal\\\/?s={search_term_string}\"},\"query-input\":{\"@type\":\"PropertyValueSpecification\",\"valueRequired\":true,\"valueName\":\"search_term_string\"}}],\"inLanguage\":\"es\"},{\"@type\":\"Organization\",\"@id\":\"https:\\\/\\\/www.eldiario.net\\\/portal\\\/#organization\",\"name\":\"El Diario - Decano de la prensa nacional\",\"url\":\"https:\\\/\\\/www.eldiario.net\\\/portal\\\/\",\"logo\":{\"@type\":\"ImageObject\",\"inLanguage\":\"es\",\"@id\":\"https:\\\/\\\/www.eldiario.net\\\/portal\\\/#\\\/schema\\\/logo\\\/image\\\/\",\"url\":\"https:\\\/\\\/www.eldiario.net\\\/portal\\\/wp-content\\\/uploads\\\/2023\\\/07\\\/logo_ED.jpg\",\"contentUrl\":\"https:\\\/\\\/www.eldiario.net\\\/portal\\\/wp-content\\\/uploads\\\/2023\\\/07\\\/logo_ED.jpg\",\"width\":272,\"height\":52,\"caption\":\"El Diario - Decano de la prensa nacional\"},\"image\":{\"@id\":\"https:\\\/\\\/www.eldiario.net\\\/portal\\\/#\\\/schema\\\/logo\\\/image\\\/\"},\"sameAs\":[\"https:\\\/\\\/www.facebook.com\\\/eldiario.bolivia\\\/\",\"https:\\\/\\\/x.com\\\/eldiario_net\"]},{\"@type\":\"Person\",\"@id\":\"https:\\\/\\\/www.eldiario.net\\\/portal\\\/#\\\/schema\\\/person\\\/2c57cf2b7a7ae032e449e4c9b1019eac\",\"name\":\"Jeanette\",\"image\":{\"@type\":\"ImageObject\",\"inLanguage\":\"es\",\"@id\":\"https:\\\/\\\/secure.gravatar.com\\\/avatar\\\/3ea2118a5f7dad2b7138b1187a6b7ee55f160b9968b66013c3a3ef39dd7e5798?s=96&d=mm&r=g\",\"url\":\"https:\\\/\\\/secure.gravatar.com\\\/avatar\\\/3ea2118a5f7dad2b7138b1187a6b7ee55f160b9968b66013c3a3ef39dd7e5798?s=96&d=mm&r=g\",\"contentUrl\":\"https:\\\/\\\/secure.gravatar.com\\\/avatar\\\/3ea2118a5f7dad2b7138b1187a6b7ee55f160b9968b66013c3a3ef39dd7e5798?s=96&d=mm&r=g\",\"caption\":\"Jeanette\"},\"sameAs\":[\"https:\\\/\\\/www.eldiario.net\\\/portal\"],\"url\":\"https:\\\/\\\/www.eldiario.net\\\/portal\\\/author\\\/jeanette\\\/\"}]}<\/script>\n<!-- \/ Yoast SEO plugin. -->","yoast_head_json":{"title":"Grecia Gon hace m\u00fasica urbana femenina, energ\u00e9tica y aut\u00e9ntica - El Diario - Bolivia","robots":{"index":"index","follow":"follow","max-snippet":"max-snippet:-1","max-image-preview":"max-image-preview:large","max-video-preview":"max-video-preview:-1"},"canonical":"https:\/\/www.eldiario.net\/portal\/2025\/08\/27\/grecia-gon-hace-musica-urbana-femenina-energetica-y-autentica\/","og_locale":"es_ES","og_type":"article","og_title":"Grecia Gon hace m\u00fasica urbana femenina, energ\u00e9tica y aut\u00e9ntica - El Diario - Bolivia","og_description":"Su pasi\u00f3n por la m\u00fasica naci\u00f3 a los 13 a\u00f1os, cuando vio tocar la guitarra a su t\u00edo, un artista mariachi, y qued\u00f3 maravillada. Ah\u00ed dio sus primeros pasos, hasta que el 14 de febrero de 2022 recibi\u00f3 la invitaci\u00f3n del cantante potosino Yarit para hacer una colaboraci\u00f3n con la canci\u00f3n \u201cTBT\u201d. Ese fue el [&hellip;]","og_url":"https:\/\/www.eldiario.net\/portal\/2025\/08\/27\/grecia-gon-hace-musica-urbana-femenina-energetica-y-autentica\/","og_site_name":"El Diario - Bolivia","article_publisher":"https:\/\/www.facebook.com\/eldiario.bolivia\/","article_published_time":"2025-08-27T05:57:04+00:00","og_image":[{"width":1200,"height":1800,"url":"https:\/\/www.eldiario.net\/portal\/wp-content\/uploads\/2025\/08\/1-PRINCIPAL-10.webp","type":"image\/webp"}],"author":"Jeanette","twitter_card":"summary_large_image","twitter_creator":"@eldiario_net","twitter_site":"@eldiario_net","twitter_misc":{"Escrito por":"Jeanette","Tiempo de lectura":"6 minutos"},"schema":{"@context":"https:\/\/schema.org","@graph":[{"@type":"Article","@id":"https:\/\/www.eldiario.net\/portal\/2025\/08\/27\/grecia-gon-hace-musica-urbana-femenina-energetica-y-autentica\/#article","isPartOf":{"@id":"https:\/\/www.eldiario.net\/portal\/2025\/08\/27\/grecia-gon-hace-musica-urbana-femenina-energetica-y-autentica\/"},"author":{"name":"Jeanette","@id":"https:\/\/www.eldiario.net\/portal\/#\/schema\/person\/2c57cf2b7a7ae032e449e4c9b1019eac"},"headline":"Grecia Gon hace m\u00fasica urbana femenina, energ\u00e9tica y aut\u00e9ntica","datePublished":"2025-08-27T05:57:04+00:00","mainEntityOfPage":{"@id":"https:\/\/www.eldiario.net\/portal\/2025\/08\/27\/grecia-gon-hace-musica-urbana-femenina-energetica-y-autentica\/"},"wordCount":1204,"publisher":{"@id":"https:\/\/www.eldiario.net\/portal\/#organization"},"image":{"@id":"https:\/\/www.eldiario.net\/portal\/2025\/08\/27\/grecia-gon-hace-musica-urbana-femenina-energetica-y-autentica\/#primaryimage"},"thumbnailUrl":"https:\/\/www.eldiario.net\/portal\/wp-content\/uploads\/2025\/08\/1-PRINCIPAL-10.webp","articleSection":["La Gu\u00eda"],"inLanguage":"es"},{"@type":"WebPage","@id":"https:\/\/www.eldiario.net\/portal\/2025\/08\/27\/grecia-gon-hace-musica-urbana-femenina-energetica-y-autentica\/","url":"https:\/\/www.eldiario.net\/portal\/2025\/08\/27\/grecia-gon-hace-musica-urbana-femenina-energetica-y-autentica\/","name":"Grecia Gon hace m\u00fasica urbana femenina, energ\u00e9tica y aut\u00e9ntica - El Diario - Bolivia","isPartOf":{"@id":"https:\/\/www.eldiario.net\/portal\/#website"},"primaryImageOfPage":{"@id":"https:\/\/www.eldiario.net\/portal\/2025\/08\/27\/grecia-gon-hace-musica-urbana-femenina-energetica-y-autentica\/#primaryimage"},"image":{"@id":"https:\/\/www.eldiario.net\/portal\/2025\/08\/27\/grecia-gon-hace-musica-urbana-femenina-energetica-y-autentica\/#primaryimage"},"thumbnailUrl":"https:\/\/www.eldiario.net\/portal\/wp-content\/uploads\/2025\/08\/1-PRINCIPAL-10.webp","datePublished":"2025-08-27T05:57:04+00:00","breadcrumb":{"@id":"https:\/\/www.eldiario.net\/portal\/2025\/08\/27\/grecia-gon-hace-musica-urbana-femenina-energetica-y-autentica\/#breadcrumb"},"inLanguage":"es","potentialAction":[{"@type":"ReadAction","target":["https:\/\/www.eldiario.net\/portal\/2025\/08\/27\/grecia-gon-hace-musica-urbana-femenina-energetica-y-autentica\/"]}]},{"@type":"ImageObject","inLanguage":"es","@id":"https:\/\/www.eldiario.net\/portal\/2025\/08\/27\/grecia-gon-hace-musica-urbana-femenina-energetica-y-autentica\/#primaryimage","url":"https:\/\/www.eldiario.net\/portal\/wp-content\/uploads\/2025\/08\/1-PRINCIPAL-10.webp","contentUrl":"https:\/\/www.eldiario.net\/portal\/wp-content\/uploads\/2025\/08\/1-PRINCIPAL-10.webp","width":1200,"height":1800},{"@type":"BreadcrumbList","@id":"https:\/\/www.eldiario.net\/portal\/2025\/08\/27\/grecia-gon-hace-musica-urbana-femenina-energetica-y-autentica\/#breadcrumb","itemListElement":[{"@type":"ListItem","position":1,"name":"Portada","item":"https:\/\/www.eldiario.net\/portal\/"},{"@type":"ListItem","position":2,"name":"Grecia Gon hace m\u00fasica urbana femenina, energ\u00e9tica y aut\u00e9ntica"}]},{"@type":"WebSite","@id":"https:\/\/www.eldiario.net\/portal\/#website","url":"https:\/\/www.eldiario.net\/portal\/","name":"El Diario - Decano de la prensa nacional","description":"El Diario - Decano de la prensa nacional","publisher":{"@id":"https:\/\/www.eldiario.net\/portal\/#organization"},"potentialAction":[{"@type":"SearchAction","target":{"@type":"EntryPoint","urlTemplate":"https:\/\/www.eldiario.net\/portal\/?s={search_term_string}"},"query-input":{"@type":"PropertyValueSpecification","valueRequired":true,"valueName":"search_term_string"}}],"inLanguage":"es"},{"@type":"Organization","@id":"https:\/\/www.eldiario.net\/portal\/#organization","name":"El Diario - Decano de la prensa nacional","url":"https:\/\/www.eldiario.net\/portal\/","logo":{"@type":"ImageObject","inLanguage":"es","@id":"https:\/\/www.eldiario.net\/portal\/#\/schema\/logo\/image\/","url":"https:\/\/www.eldiario.net\/portal\/wp-content\/uploads\/2023\/07\/logo_ED.jpg","contentUrl":"https:\/\/www.eldiario.net\/portal\/wp-content\/uploads\/2023\/07\/logo_ED.jpg","width":272,"height":52,"caption":"El Diario - Decano de la prensa nacional"},"image":{"@id":"https:\/\/www.eldiario.net\/portal\/#\/schema\/logo\/image\/"},"sameAs":["https:\/\/www.facebook.com\/eldiario.bolivia\/","https:\/\/x.com\/eldiario_net"]},{"@type":"Person","@id":"https:\/\/www.eldiario.net\/portal\/#\/schema\/person\/2c57cf2b7a7ae032e449e4c9b1019eac","name":"Jeanette","image":{"@type":"ImageObject","inLanguage":"es","@id":"https:\/\/secure.gravatar.com\/avatar\/3ea2118a5f7dad2b7138b1187a6b7ee55f160b9968b66013c3a3ef39dd7e5798?s=96&d=mm&r=g","url":"https:\/\/secure.gravatar.com\/avatar\/3ea2118a5f7dad2b7138b1187a6b7ee55f160b9968b66013c3a3ef39dd7e5798?s=96&d=mm&r=g","contentUrl":"https:\/\/secure.gravatar.com\/avatar\/3ea2118a5f7dad2b7138b1187a6b7ee55f160b9968b66013c3a3ef39dd7e5798?s=96&d=mm&r=g","caption":"Jeanette"},"sameAs":["https:\/\/www.eldiario.net\/portal"],"url":"https:\/\/www.eldiario.net\/portal\/author\/jeanette\/"}]}},"_links":{"self":[{"href":"https:\/\/www.eldiario.net\/portal\/wp-json\/wp\/v2\/posts\/326848","targetHints":{"allow":["GET"]}}],"collection":[{"href":"https:\/\/www.eldiario.net\/portal\/wp-json\/wp\/v2\/posts"}],"about":[{"href":"https:\/\/www.eldiario.net\/portal\/wp-json\/wp\/v2\/types\/post"}],"author":[{"embeddable":true,"href":"https:\/\/www.eldiario.net\/portal\/wp-json\/wp\/v2\/users\/1"}],"replies":[{"embeddable":true,"href":"https:\/\/www.eldiario.net\/portal\/wp-json\/wp\/v2\/comments?post=326848"}],"version-history":[{"count":1,"href":"https:\/\/www.eldiario.net\/portal\/wp-json\/wp\/v2\/posts\/326848\/revisions"}],"predecessor-version":[{"id":326856,"href":"https:\/\/www.eldiario.net\/portal\/wp-json\/wp\/v2\/posts\/326848\/revisions\/326856"}],"wp:featuredmedia":[{"embeddable":true,"href":"https:\/\/www.eldiario.net\/portal\/wp-json\/wp\/v2\/media\/326849"}],"wp:attachment":[{"href":"https:\/\/www.eldiario.net\/portal\/wp-json\/wp\/v2\/media?parent=326848"}],"wp:term":[{"taxonomy":"category","embeddable":true,"href":"https:\/\/www.eldiario.net\/portal\/wp-json\/wp\/v2\/categories?post=326848"},{"taxonomy":"post_tag","embeddable":true,"href":"https:\/\/www.eldiario.net\/portal\/wp-json\/wp\/v2\/tags?post=326848"}],"curies":[{"name":"wp","href":"https:\/\/api.w.org\/{rel}","templated":true}]}}