{"id":326817,"date":"2025-08-27T00:46:06","date_gmt":"2025-08-27T04:46:06","guid":{"rendered":"https:\/\/www.eldiario.net\/portal\/?p=326817"},"modified":"2025-08-26T20:46:56","modified_gmt":"2025-08-27T00:46:56","slug":"batalla-contra-los-atracones-cuando-la-comida-se-convierte-en-un-desafio","status":"publish","type":"post","link":"https:\/\/www.eldiario.net\/portal\/2025\/08\/27\/batalla-contra-los-atracones-cuando-la-comida-se-convierte-en-un-desafio\/","title":{"rendered":"Batalla contra los atracones: cuando la comida se convierte en un desaf\u00edo"},"content":{"rendered":"<p>Por Jos\u00e9 Padilla<\/p>\n<p>En la vida, hay momentos especiales cuando es normal comer de m\u00e1s: cumplea\u00f1os, bodas, fiestas de fin de a\u00f1o. Estos excesos ocasionales no suelen tener un impacto grave. El problema surge cuando perdemos el control y la ingesta compulsiva de comida se convierte en un patr\u00f3n recurrente que afecta nuestro bienestar. Aqu\u00ed es cuando enfrentamos el riesgo de un trastorno por atrac\u00f3n.<\/p>\n<p>Este trastorno se caracteriza por episodios recurrentes de ingesta desproporcionada de alimentos, acompa\u00f1ada de una sensaci\u00f3n de p\u00e9rdida de control, culpa y verg\u00fcenza. Si bien un diagn\u00f3stico formal debe ser realizado por un profesional, es importante reconocer las posibles causas y los s\u00edntomas asociados, como comer de forma acelerada, hasta sentirse excesivamente lleno, o ingerir grandes cantidades de comida sin sentir hambre.<\/p>\n<p><strong>Las ra\u00edces del problema: \u00bfPor qu\u00e9 no puedo parar de comer?<\/strong><\/p>\n<p>La alimentaci\u00f3n compulsiva es una condici\u00f3n compleja con ra\u00edces en factores psicol\u00f3gicos, sociales, culturales y biol\u00f3gicos. El perfeccionismo, las distorsiones de la imagen corporal, conflictos familiares, e incluso problemas de salud mental pueden contribuir a este comportamiento. Las consecuencias no se limitan a la salud mental: tambi\u00e9n pueden manifestarse como obesidad, diabetes, hipertensi\u00f3n y otros problemas m\u00e9dicos.<\/p>\n<p><strong>Diez trucos para recuperar el control<\/strong><\/p>\n<p>Superar los atracones requiere un enfoque integral y, en muchos casos, el apoyo de un profesional. La psicoterapia es el tratamiento principal, pero existen h\u00e1bitos y estrategias que, con la aprobaci\u00f3n de un especialista, pueden ser de gran ayuda en el proceso:<\/p>\n<ol>\n<li><strong> Regula tus emociones y reduce el estr\u00e9s:<\/strong> Las emociones negativas como la rabia, la tristeza o la soledad a menudo desencadenan los atracones. Aprender a aceptar y manejar estas emociones sin recurrir a la comida es fundamental. Practica la autoconciencia y la autocompasi\u00f3n para enfrentar el malestar emocional de forma adaptativa.<\/li>\n<li><strong> Duerme bien:<\/strong> La falta de sue\u00f1o est\u00e1 directamente relacionada con los atracones. Dormir las horas adecuadas es una pieza clave para regular el apetito y mejorar el autocontrol.<\/li>\n<li><strong> Practica la alimentaci\u00f3n consciente:<\/strong> Conectar con tu comida y prestar atenci\u00f3n a las se\u00f1ales de tu cuerpo, como la saciedad, puede ayudarte a reducir los atracones y mejorar tu autocontrol.<\/li>\n<li><strong> Planifica tu nutrici\u00f3n:<\/strong> Incluir snacks saludables a lo largo del d\u00eda previene el hambre extrema que puede llevar a comer en exceso. Consultar a un nutricionista puede ser muy \u00fatil para crear un plan adaptado a tus necesidades.<\/li>\n<li><strong> Ejerc\u00edtate:<\/strong> El ejercicio f\u00edsico no solo mejora tu salud y peso, sino tambi\u00e9n tu estado de \u00e1nimo. Sentirte bien con tu cuerpo y contigo mismo puede reducir la necesidad de comer para llenar un vac\u00edo emocional.<\/li>\n<li><strong> Busca apoyo social:<\/strong> El respaldo de amigos y familiares es invaluable. Compartir tiempo de calidad y disfrutar de la compa\u00f1\u00eda de tus seres queridos puede reducir la probabilidad de atracones.<\/li>\n<li><strong> Haz yoga:<\/strong> Esta pr\u00e1ctica combina meditaci\u00f3n, posturas f\u00edsicas y ejercicios de respiraci\u00f3n que contribuyen a la flexibilidad y el equilibrio, mejorando tu bienestar general y ayudando a reducir los atracones.<\/li>\n<li><strong> Hidr\u00e1tate:<\/strong> Beber suficiente agua puede ayudarte a sentirte m\u00e1s lleno y a comer menos. Una buena hidrataci\u00f3n es una estrategia simple y efectiva para controlar la ingesta de alimentos.<\/li>\n<li><strong> Consume m\u00e1s fibra:<\/strong> Alimentos ricos en fibra te ayudar\u00e1n a sentirte saciado por m\u00e1s tiempo, reduciendo el hambre y el consumo de energ\u00eda en general.<\/li>\n<li><strong> Aplica la autocompasi\u00f3n:<\/strong> S\u00e9 amable contigo mismo. En lugar de criticarte, acepta tu sufrimiento y recon\u00f3cete el esfuerzo. La autocompasi\u00f3n es una herramienta poderosa que puede disminuir la autocr\u00edtica y la angustia psicol\u00f3gica, facilitando el proceso de recuperaci\u00f3n.<\/li>\n<\/ol>\n<p><strong>\u00bfC\u00f3mo saber si sufro de trastorno por atrac\u00f3n?<\/strong><\/p>\n<p>Seg\u00fan la Asociaci\u00f3n Estadounidense de Psiquiatr\u00eda (APA), el diagn\u00f3stico de trastorno por atrac\u00f3n requiere que los episodios de consumo excesivo de comida, acompa\u00f1ados de una sensaci\u00f3n de falta de control, ocurran al menos una vez por semana durante tres meses. La p\u00e9rdida de control se manifiesta como la dificultad para contenerse o la incapacidad de parar una vez que se ha empezado a comer.<\/p>\n<p>Es crucial recordar que el diagn\u00f3stico oficial debe ser realizado por un profesional de la salud mental. Evita los autodiagn\u00f3sticos y los tratamientos derivados de ellos. En su lugar, busca el apoyo de un experto que pueda dise\u00f1ar la mejor ruta de intervenci\u00f3n para tu problema.<\/p>\n<p>Recuperar el control de tu alimentaci\u00f3n es posible. Afronta este proceso con paciencia y aceptaci\u00f3n, acompa\u00f1\u00e1ndote a ti mismo con la misma amabilidad que le ofrecer\u00edas a un buen amigo. El camino hacia una relaci\u00f3n m\u00e1s sana con la comida comienza con un paso, y ese paso es buscar ayuda y comprometerse con el cambio.<\/p>\n<p>&nbsp;<\/p>\n","protected":false},"excerpt":{"rendered":"<p>Por Jos\u00e9 Padilla En la vida, hay momentos especiales cuando es normal comer de m\u00e1s: cumplea\u00f1os, bodas, fiestas de fin de a\u00f1o. Estos excesos ocasionales no suelen tener un impacto grave. El problema surge cuando perdemos el control y la ingesta compulsiva de comida se convierte en un patr\u00f3n recurrente que afecta nuestro bienestar. Aqu\u00ed [&hellip;]<\/p>\n","protected":false},"author":1,"featured_media":326818,"comment_status":"closed","ping_status":"open","sticky":false,"template":"","format":"standard","meta":{"_acf_changed":false,"footnotes":""},"categories":[42],"tags":[],"class_list":["post-326817","post","type-post","status-publish","format-standard","has-post-thumbnail","category-femenina"],"acf":{"antetitulo":"Psicolog\u00eda "},"yoast_head":"<!-- This site is optimized with the Yoast SEO plugin v28.4 - https:\/\/yoast.com\/product\/yoast-seo-wordpress\/ -->\n<title>Batalla contra los atracones: cuando la comida se convierte en un desaf\u00edo - El Diario - Bolivia<\/title>\n<meta name=\"robots\" content=\"index, follow, max-snippet:-1, max-image-preview:large, max-video-preview:-1\" \/>\n<link rel=\"canonical\" href=\"https:\/\/www.eldiario.net\/portal\/2025\/08\/27\/batalla-contra-los-atracones-cuando-la-comida-se-convierte-en-un-desafio\/\" \/>\n<meta property=\"og:locale\" content=\"es_ES\" \/>\n<meta property=\"og:type\" content=\"article\" \/>\n<meta property=\"og:title\" content=\"Batalla contra los atracones: cuando la comida se convierte en un desaf\u00edo - El Diario - Bolivia\" \/>\n<meta property=\"og:description\" content=\"Por Jos\u00e9 Padilla En la vida, hay momentos especiales cuando es normal comer de m\u00e1s: cumplea\u00f1os, bodas, fiestas de fin de a\u00f1o. Estos excesos ocasionales no suelen tener un impacto grave. El problema surge cuando perdemos el control y la ingesta compulsiva de comida se convierte en un patr\u00f3n recurrente que afecta nuestro bienestar. Aqu\u00ed [&hellip;]\" \/>\n<meta property=\"og:url\" content=\"https:\/\/www.eldiario.net\/portal\/2025\/08\/27\/batalla-contra-los-atracones-cuando-la-comida-se-convierte-en-un-desafio\/\" \/>\n<meta property=\"og:site_name\" content=\"El Diario - Bolivia\" \/>\n<meta property=\"article:publisher\" content=\"https:\/\/www.facebook.com\/eldiario.bolivia\/\" \/>\n<meta property=\"article:published_time\" content=\"2025-08-27T04:46:06+00:00\" \/>\n<meta property=\"og:image\" content=\"https:\/\/www.eldiario.net\/portal\/wp-content\/uploads\/2025\/08\/NOTA-3-FOTO-4.webp\" \/>\n\t<meta property=\"og:image:width\" content=\"600\" \/>\n\t<meta property=\"og:image:height\" content=\"400\" \/>\n\t<meta property=\"og:image:type\" content=\"image\/webp\" \/>\n<meta name=\"author\" content=\"Jeanette\" \/>\n<meta name=\"twitter:card\" content=\"summary_large_image\" \/>\n<meta name=\"twitter:creator\" content=\"@eldiario_net\" \/>\n<meta name=\"twitter:site\" content=\"@eldiario_net\" \/>\n<meta name=\"twitter:label1\" content=\"Escrito por\" \/>\n\t<meta name=\"twitter:data1\" content=\"Jeanette\" \/>\n\t<meta name=\"twitter:label2\" content=\"Tiempo de lectura\" \/>\n\t<meta name=\"twitter:data2\" content=\"4 minutos\" \/>\n<script type=\"application\/ld+json\" class=\"yoast-schema-graph\">{\"@context\":\"https:\\\/\\\/schema.org\",\"@graph\":[{\"@type\":\"Article\",\"@id\":\"https:\\\/\\\/www.eldiario.net\\\/portal\\\/2025\\\/08\\\/27\\\/batalla-contra-los-atracones-cuando-la-comida-se-convierte-en-un-desafio\\\/#article\",\"isPartOf\":{\"@id\":\"https:\\\/\\\/www.eldiario.net\\\/portal\\\/2025\\\/08\\\/27\\\/batalla-contra-los-atracones-cuando-la-comida-se-convierte-en-un-desafio\\\/\"},\"author\":{\"name\":\"Jeanette\",\"@id\":\"https:\\\/\\\/www.eldiario.net\\\/portal\\\/#\\\/schema\\\/person\\\/2c57cf2b7a7ae032e449e4c9b1019eac\"},\"headline\":\"Batalla contra los atracones: cuando la comida se convierte en un desaf\u00edo\",\"datePublished\":\"2025-08-27T04:46:06+00:00\",\"mainEntityOfPage\":{\"@id\":\"https:\\\/\\\/www.eldiario.net\\\/portal\\\/2025\\\/08\\\/27\\\/batalla-contra-los-atracones-cuando-la-comida-se-convierte-en-un-desafio\\\/\"},\"wordCount\":837,\"publisher\":{\"@id\":\"https:\\\/\\\/www.eldiario.net\\\/portal\\\/#organization\"},\"image\":{\"@id\":\"https:\\\/\\\/www.eldiario.net\\\/portal\\\/2025\\\/08\\\/27\\\/batalla-contra-los-atracones-cuando-la-comida-se-convierte-en-un-desafio\\\/#primaryimage\"},\"thumbnailUrl\":\"https:\\\/\\\/www.eldiario.net\\\/portal\\\/wp-content\\\/uploads\\\/2025\\\/08\\\/NOTA-3-FOTO-4.webp\",\"articleSection\":[\"Femenina\"],\"inLanguage\":\"es\"},{\"@type\":\"WebPage\",\"@id\":\"https:\\\/\\\/www.eldiario.net\\\/portal\\\/2025\\\/08\\\/27\\\/batalla-contra-los-atracones-cuando-la-comida-se-convierte-en-un-desafio\\\/\",\"url\":\"https:\\\/\\\/www.eldiario.net\\\/portal\\\/2025\\\/08\\\/27\\\/batalla-contra-los-atracones-cuando-la-comida-se-convierte-en-un-desafio\\\/\",\"name\":\"Batalla contra los atracones: cuando la comida se convierte en un desaf\u00edo - El Diario - Bolivia\",\"isPartOf\":{\"@id\":\"https:\\\/\\\/www.eldiario.net\\\/portal\\\/#website\"},\"primaryImageOfPage\":{\"@id\":\"https:\\\/\\\/www.eldiario.net\\\/portal\\\/2025\\\/08\\\/27\\\/batalla-contra-los-atracones-cuando-la-comida-se-convierte-en-un-desafio\\\/#primaryimage\"},\"image\":{\"@id\":\"https:\\\/\\\/www.eldiario.net\\\/portal\\\/2025\\\/08\\\/27\\\/batalla-contra-los-atracones-cuando-la-comida-se-convierte-en-un-desafio\\\/#primaryimage\"},\"thumbnailUrl\":\"https:\\\/\\\/www.eldiario.net\\\/portal\\\/wp-content\\\/uploads\\\/2025\\\/08\\\/NOTA-3-FOTO-4.webp\",\"datePublished\":\"2025-08-27T04:46:06+00:00\",\"breadcrumb\":{\"@id\":\"https:\\\/\\\/www.eldiario.net\\\/portal\\\/2025\\\/08\\\/27\\\/batalla-contra-los-atracones-cuando-la-comida-se-convierte-en-un-desafio\\\/#breadcrumb\"},\"inLanguage\":\"es\",\"potentialAction\":[{\"@type\":\"ReadAction\",\"target\":[\"https:\\\/\\\/www.eldiario.net\\\/portal\\\/2025\\\/08\\\/27\\\/batalla-contra-los-atracones-cuando-la-comida-se-convierte-en-un-desafio\\\/\"]}]},{\"@type\":\"ImageObject\",\"inLanguage\":\"es\",\"@id\":\"https:\\\/\\\/www.eldiario.net\\\/portal\\\/2025\\\/08\\\/27\\\/batalla-contra-los-atracones-cuando-la-comida-se-convierte-en-un-desafio\\\/#primaryimage\",\"url\":\"https:\\\/\\\/www.eldiario.net\\\/portal\\\/wp-content\\\/uploads\\\/2025\\\/08\\\/NOTA-3-FOTO-4.webp\",\"contentUrl\":\"https:\\\/\\\/www.eldiario.net\\\/portal\\\/wp-content\\\/uploads\\\/2025\\\/08\\\/NOTA-3-FOTO-4.webp\",\"width\":600,\"height\":400,\"caption\":\"LA PSICOTERAPIA ES LA OPCI\u00d3N DE TRATAMIENTO PRIMARIA PARA INTERVENIR EN PROBLEMAS ALIMENTICIOS.\"},{\"@type\":\"BreadcrumbList\",\"@id\":\"https:\\\/\\\/www.eldiario.net\\\/portal\\\/2025\\\/08\\\/27\\\/batalla-contra-los-atracones-cuando-la-comida-se-convierte-en-un-desafio\\\/#breadcrumb\",\"itemListElement\":[{\"@type\":\"ListItem\",\"position\":1,\"name\":\"Portada\",\"item\":\"https:\\\/\\\/www.eldiario.net\\\/portal\\\/\"},{\"@type\":\"ListItem\",\"position\":2,\"name\":\"Batalla contra los atracones: cuando la comida se convierte en un desaf\u00edo\"}]},{\"@type\":\"WebSite\",\"@id\":\"https:\\\/\\\/www.eldiario.net\\\/portal\\\/#website\",\"url\":\"https:\\\/\\\/www.eldiario.net\\\/portal\\\/\",\"name\":\"El Diario - Decano de la prensa nacional\",\"description\":\"El Diario - Decano de la prensa nacional\",\"publisher\":{\"@id\":\"https:\\\/\\\/www.eldiario.net\\\/portal\\\/#organization\"},\"potentialAction\":[{\"@type\":\"SearchAction\",\"target\":{\"@type\":\"EntryPoint\",\"urlTemplate\":\"https:\\\/\\\/www.eldiario.net\\\/portal\\\/?s={search_term_string}\"},\"query-input\":{\"@type\":\"PropertyValueSpecification\",\"valueRequired\":true,\"valueName\":\"search_term_string\"}}],\"inLanguage\":\"es\"},{\"@type\":\"Organization\",\"@id\":\"https:\\\/\\\/www.eldiario.net\\\/portal\\\/#organization\",\"name\":\"El Diario - Decano de la prensa nacional\",\"url\":\"https:\\\/\\\/www.eldiario.net\\\/portal\\\/\",\"logo\":{\"@type\":\"ImageObject\",\"inLanguage\":\"es\",\"@id\":\"https:\\\/\\\/www.eldiario.net\\\/portal\\\/#\\\/schema\\\/logo\\\/image\\\/\",\"url\":\"https:\\\/\\\/www.eldiario.net\\\/portal\\\/wp-content\\\/uploads\\\/2023\\\/07\\\/logo_ED.jpg\",\"contentUrl\":\"https:\\\/\\\/www.eldiario.net\\\/portal\\\/wp-content\\\/uploads\\\/2023\\\/07\\\/logo_ED.jpg\",\"width\":272,\"height\":52,\"caption\":\"El Diario - Decano de la prensa nacional\"},\"image\":{\"@id\":\"https:\\\/\\\/www.eldiario.net\\\/portal\\\/#\\\/schema\\\/logo\\\/image\\\/\"},\"sameAs\":[\"https:\\\/\\\/www.facebook.com\\\/eldiario.bolivia\\\/\",\"https:\\\/\\\/x.com\\\/eldiario_net\"]},{\"@type\":\"Person\",\"@id\":\"https:\\\/\\\/www.eldiario.net\\\/portal\\\/#\\\/schema\\\/person\\\/2c57cf2b7a7ae032e449e4c9b1019eac\",\"name\":\"Jeanette\",\"image\":{\"@type\":\"ImageObject\",\"inLanguage\":\"es\",\"@id\":\"https:\\\/\\\/secure.gravatar.com\\\/avatar\\\/3ea2118a5f7dad2b7138b1187a6b7ee55f160b9968b66013c3a3ef39dd7e5798?s=96&d=mm&r=g\",\"url\":\"https:\\\/\\\/secure.gravatar.com\\\/avatar\\\/3ea2118a5f7dad2b7138b1187a6b7ee55f160b9968b66013c3a3ef39dd7e5798?s=96&d=mm&r=g\",\"contentUrl\":\"https:\\\/\\\/secure.gravatar.com\\\/avatar\\\/3ea2118a5f7dad2b7138b1187a6b7ee55f160b9968b66013c3a3ef39dd7e5798?s=96&d=mm&r=g\",\"caption\":\"Jeanette\"},\"sameAs\":[\"https:\\\/\\\/www.eldiario.net\\\/portal\"],\"url\":\"https:\\\/\\\/www.eldiario.net\\\/portal\\\/author\\\/jeanette\\\/\"}]}<\/script>\n<!-- \/ Yoast SEO plugin. -->","yoast_head_json":{"title":"Batalla contra los atracones: cuando la comida se convierte en un desaf\u00edo - El Diario - Bolivia","robots":{"index":"index","follow":"follow","max-snippet":"max-snippet:-1","max-image-preview":"max-image-preview:large","max-video-preview":"max-video-preview:-1"},"canonical":"https:\/\/www.eldiario.net\/portal\/2025\/08\/27\/batalla-contra-los-atracones-cuando-la-comida-se-convierte-en-un-desafio\/","og_locale":"es_ES","og_type":"article","og_title":"Batalla contra los atracones: cuando la comida se convierte en un desaf\u00edo - El Diario - Bolivia","og_description":"Por Jos\u00e9 Padilla En la vida, hay momentos especiales cuando es normal comer de m\u00e1s: cumplea\u00f1os, bodas, fiestas de fin de a\u00f1o. Estos excesos ocasionales no suelen tener un impacto grave. El problema surge cuando perdemos el control y la ingesta compulsiva de comida se convierte en un patr\u00f3n recurrente que afecta nuestro bienestar. Aqu\u00ed [&hellip;]","og_url":"https:\/\/www.eldiario.net\/portal\/2025\/08\/27\/batalla-contra-los-atracones-cuando-la-comida-se-convierte-en-un-desafio\/","og_site_name":"El Diario - Bolivia","article_publisher":"https:\/\/www.facebook.com\/eldiario.bolivia\/","article_published_time":"2025-08-27T04:46:06+00:00","og_image":[{"width":600,"height":400,"url":"https:\/\/www.eldiario.net\/portal\/wp-content\/uploads\/2025\/08\/NOTA-3-FOTO-4.webp","type":"image\/webp"}],"author":"Jeanette","twitter_card":"summary_large_image","twitter_creator":"@eldiario_net","twitter_site":"@eldiario_net","twitter_misc":{"Escrito por":"Jeanette","Tiempo de lectura":"4 minutos"},"schema":{"@context":"https:\/\/schema.org","@graph":[{"@type":"Article","@id":"https:\/\/www.eldiario.net\/portal\/2025\/08\/27\/batalla-contra-los-atracones-cuando-la-comida-se-convierte-en-un-desafio\/#article","isPartOf":{"@id":"https:\/\/www.eldiario.net\/portal\/2025\/08\/27\/batalla-contra-los-atracones-cuando-la-comida-se-convierte-en-un-desafio\/"},"author":{"name":"Jeanette","@id":"https:\/\/www.eldiario.net\/portal\/#\/schema\/person\/2c57cf2b7a7ae032e449e4c9b1019eac"},"headline":"Batalla contra los atracones: cuando la comida se convierte en un desaf\u00edo","datePublished":"2025-08-27T04:46:06+00:00","mainEntityOfPage":{"@id":"https:\/\/www.eldiario.net\/portal\/2025\/08\/27\/batalla-contra-los-atracones-cuando-la-comida-se-convierte-en-un-desafio\/"},"wordCount":837,"publisher":{"@id":"https:\/\/www.eldiario.net\/portal\/#organization"},"image":{"@id":"https:\/\/www.eldiario.net\/portal\/2025\/08\/27\/batalla-contra-los-atracones-cuando-la-comida-se-convierte-en-un-desafio\/#primaryimage"},"thumbnailUrl":"https:\/\/www.eldiario.net\/portal\/wp-content\/uploads\/2025\/08\/NOTA-3-FOTO-4.webp","articleSection":["Femenina"],"inLanguage":"es"},{"@type":"WebPage","@id":"https:\/\/www.eldiario.net\/portal\/2025\/08\/27\/batalla-contra-los-atracones-cuando-la-comida-se-convierte-en-un-desafio\/","url":"https:\/\/www.eldiario.net\/portal\/2025\/08\/27\/batalla-contra-los-atracones-cuando-la-comida-se-convierte-en-un-desafio\/","name":"Batalla contra los atracones: cuando la comida se convierte en un desaf\u00edo - El Diario - Bolivia","isPartOf":{"@id":"https:\/\/www.eldiario.net\/portal\/#website"},"primaryImageOfPage":{"@id":"https:\/\/www.eldiario.net\/portal\/2025\/08\/27\/batalla-contra-los-atracones-cuando-la-comida-se-convierte-en-un-desafio\/#primaryimage"},"image":{"@id":"https:\/\/www.eldiario.net\/portal\/2025\/08\/27\/batalla-contra-los-atracones-cuando-la-comida-se-convierte-en-un-desafio\/#primaryimage"},"thumbnailUrl":"https:\/\/www.eldiario.net\/portal\/wp-content\/uploads\/2025\/08\/NOTA-3-FOTO-4.webp","datePublished":"2025-08-27T04:46:06+00:00","breadcrumb":{"@id":"https:\/\/www.eldiario.net\/portal\/2025\/08\/27\/batalla-contra-los-atracones-cuando-la-comida-se-convierte-en-un-desafio\/#breadcrumb"},"inLanguage":"es","potentialAction":[{"@type":"ReadAction","target":["https:\/\/www.eldiario.net\/portal\/2025\/08\/27\/batalla-contra-los-atracones-cuando-la-comida-se-convierte-en-un-desafio\/"]}]},{"@type":"ImageObject","inLanguage":"es","@id":"https:\/\/www.eldiario.net\/portal\/2025\/08\/27\/batalla-contra-los-atracones-cuando-la-comida-se-convierte-en-un-desafio\/#primaryimage","url":"https:\/\/www.eldiario.net\/portal\/wp-content\/uploads\/2025\/08\/NOTA-3-FOTO-4.webp","contentUrl":"https:\/\/www.eldiario.net\/portal\/wp-content\/uploads\/2025\/08\/NOTA-3-FOTO-4.webp","width":600,"height":400,"caption":"LA PSICOTERAPIA ES LA OPCI\u00d3N DE TRATAMIENTO PRIMARIA PARA INTERVENIR EN PROBLEMAS ALIMENTICIOS."},{"@type":"BreadcrumbList","@id":"https:\/\/www.eldiario.net\/portal\/2025\/08\/27\/batalla-contra-los-atracones-cuando-la-comida-se-convierte-en-un-desafio\/#breadcrumb","itemListElement":[{"@type":"ListItem","position":1,"name":"Portada","item":"https:\/\/www.eldiario.net\/portal\/"},{"@type":"ListItem","position":2,"name":"Batalla contra los atracones: cuando la comida se convierte en un desaf\u00edo"}]},{"@type":"WebSite","@id":"https:\/\/www.eldiario.net\/portal\/#website","url":"https:\/\/www.eldiario.net\/portal\/","name":"El Diario - Decano de la prensa nacional","description":"El Diario - Decano de la prensa nacional","publisher":{"@id":"https:\/\/www.eldiario.net\/portal\/#organization"},"potentialAction":[{"@type":"SearchAction","target":{"@type":"EntryPoint","urlTemplate":"https:\/\/www.eldiario.net\/portal\/?s={search_term_string}"},"query-input":{"@type":"PropertyValueSpecification","valueRequired":true,"valueName":"search_term_string"}}],"inLanguage":"es"},{"@type":"Organization","@id":"https:\/\/www.eldiario.net\/portal\/#organization","name":"El Diario - Decano de la prensa nacional","url":"https:\/\/www.eldiario.net\/portal\/","logo":{"@type":"ImageObject","inLanguage":"es","@id":"https:\/\/www.eldiario.net\/portal\/#\/schema\/logo\/image\/","url":"https:\/\/www.eldiario.net\/portal\/wp-content\/uploads\/2023\/07\/logo_ED.jpg","contentUrl":"https:\/\/www.eldiario.net\/portal\/wp-content\/uploads\/2023\/07\/logo_ED.jpg","width":272,"height":52,"caption":"El Diario - Decano de la prensa nacional"},"image":{"@id":"https:\/\/www.eldiario.net\/portal\/#\/schema\/logo\/image\/"},"sameAs":["https:\/\/www.facebook.com\/eldiario.bolivia\/","https:\/\/x.com\/eldiario_net"]},{"@type":"Person","@id":"https:\/\/www.eldiario.net\/portal\/#\/schema\/person\/2c57cf2b7a7ae032e449e4c9b1019eac","name":"Jeanette","image":{"@type":"ImageObject","inLanguage":"es","@id":"https:\/\/secure.gravatar.com\/avatar\/3ea2118a5f7dad2b7138b1187a6b7ee55f160b9968b66013c3a3ef39dd7e5798?s=96&d=mm&r=g","url":"https:\/\/secure.gravatar.com\/avatar\/3ea2118a5f7dad2b7138b1187a6b7ee55f160b9968b66013c3a3ef39dd7e5798?s=96&d=mm&r=g","contentUrl":"https:\/\/secure.gravatar.com\/avatar\/3ea2118a5f7dad2b7138b1187a6b7ee55f160b9968b66013c3a3ef39dd7e5798?s=96&d=mm&r=g","caption":"Jeanette"},"sameAs":["https:\/\/www.eldiario.net\/portal"],"url":"https:\/\/www.eldiario.net\/portal\/author\/jeanette\/"}]}},"_links":{"self":[{"href":"https:\/\/www.eldiario.net\/portal\/wp-json\/wp\/v2\/posts\/326817","targetHints":{"allow":["GET"]}}],"collection":[{"href":"https:\/\/www.eldiario.net\/portal\/wp-json\/wp\/v2\/posts"}],"about":[{"href":"https:\/\/www.eldiario.net\/portal\/wp-json\/wp\/v2\/types\/post"}],"author":[{"embeddable":true,"href":"https:\/\/www.eldiario.net\/portal\/wp-json\/wp\/v2\/users\/1"}],"replies":[{"embeddable":true,"href":"https:\/\/www.eldiario.net\/portal\/wp-json\/wp\/v2\/comments?post=326817"}],"version-history":[{"count":1,"href":"https:\/\/www.eldiario.net\/portal\/wp-json\/wp\/v2\/posts\/326817\/revisions"}],"predecessor-version":[{"id":326819,"href":"https:\/\/www.eldiario.net\/portal\/wp-json\/wp\/v2\/posts\/326817\/revisions\/326819"}],"wp:featuredmedia":[{"embeddable":true,"href":"https:\/\/www.eldiario.net\/portal\/wp-json\/wp\/v2\/media\/326818"}],"wp:attachment":[{"href":"https:\/\/www.eldiario.net\/portal\/wp-json\/wp\/v2\/media?parent=326817"}],"wp:term":[{"taxonomy":"category","embeddable":true,"href":"https:\/\/www.eldiario.net\/portal\/wp-json\/wp\/v2\/categories?post=326817"},{"taxonomy":"post_tag","embeddable":true,"href":"https:\/\/www.eldiario.net\/portal\/wp-json\/wp\/v2\/tags?post=326817"}],"curies":[{"name":"wp","href":"https:\/\/api.w.org\/{rel}","templated":true}]}}