{"id":326813,"date":"2025-08-27T00:44:49","date_gmt":"2025-08-27T04:44:49","guid":{"rendered":"https:\/\/www.eldiario.net\/portal\/?p=326813"},"modified":"2025-08-26T20:45:51","modified_gmt":"2025-08-27T00:45:51","slug":"calma-mental-infusion-nocturna","status":"publish","type":"post","link":"https:\/\/www.eldiario.net\/portal\/2025\/08\/27\/calma-mental-infusion-nocturna\/","title":{"rendered":"CALMA MENTAL: INFUSION NOCTURNA"},"content":{"rendered":"<p>Queridos lectores, continuamos nuestro viaje a la paz y calma mental, siendo asiduo consumidor de infusiones, tisanas y mates, soy agradecido con las plantas de mi huerto urbano que permiten acceder a sus propiedades, es por eso que comparto con ustedes la informaci\u00f3n adecuada y la receta que es un arte el aliviar la mente en una taza.<\/p>\n<p>De generaci\u00f3n en generaci\u00f3n, los pueblos de los Andes y los valles bolivianos han encontrado en las plantas no solo sustento, sino consuelo y equilibrio. La naturaleza, vasta y generosa, era entendida como una botica viva donde cada hierba, cada ra\u00edz y cada flor guardaba un poder. Entre ellas, algunas ten\u00edan un prop\u00f3sito especial: ofrecer paz al esp\u00edritu y descanso a la mente. De esa sabidur\u00eda popular nace la costumbre de preparar infusiones con cedr\u00f3n, manzanilla y an\u00eds, una combinaci\u00f3n que a\u00fan hoy sobrevive en cocinas humildes y en mesas familiares, como un legado de cuidado integral.<\/p>\n<p>El cedr\u00f3n (<em>Aloysia citrodora<\/em>), con su perfume fresco y c\u00edtrico, ha sido conocido en la herbolaria tradicional como un ansiol\u00edtico natural. Sus hojas no solo calman el est\u00f3mago agitado, sino tambi\u00e9n los pensamientos que corren con prisa. La manzanilla (<em>Matricaria chamomilla<\/em>), llegada desde Europa, pero abrazada r\u00e1pidamente por las comunidades bolivianas, es una de las flores m\u00e1s consumidas en el mundo por su capacidad de inducir relajaci\u00f3n, disminuir la tensi\u00f3n muscular y preparar al organismo para un sue\u00f1o profundo. El an\u00eds (<em>Pimpinella anisum<\/em>), cultivado en varias regiones bolivianas, complementa este d\u00fao aportando dulzura, mejorando la digesti\u00f3n y ayudando a evitar el malestar que suele ser enemigo del descanso nocturno.<\/p>\n<p>La ciencia moderna ha confirmado lo que la tradici\u00f3n ya sab\u00eda. El cedr\u00f3n contiene compuestos como el citral, asociados a efectos sedantes, la manzanilla posee apigenina, flavonoide que interact\u00faa con los receptores cerebrales del GABA, favoreciendo la calma y el an\u00eds ofrece aceites esenciales que reducen la inflamaci\u00f3n y promueven un estado de bienestar general. En conjunto, forman una sinfon\u00eda natural que invita a bajar la guardia, soltar el cansancio y abrirse al reposo.<\/p>\n<p>Pero preparar una infusi\u00f3n no es solo un acto fisiol\u00f3gico, es tambi\u00e9n un ritual mental y emocional. Encender el fuego, esperar que el agua hierva, oler el vapor que se eleva al contacto con las hierbas, y tomar el tiempo de beberla a sorbos lentos, es en s\u00ed mismo un ejercicio de atenci\u00f3n plena. En un mundo que corre al comp\u00e1s de la urgencia y la ansiedad, una simple taza se convierte en refugio, en pausa y en gesto de autocuidado.<\/p>\n<p>La infusi\u00f3n de cedr\u00f3n, manzanilla y an\u00eds es, queridos lectores, un recordatorio de que la salud mental no siempre depende de grandes soluciones externas. A veces, se encuentra en la calidez de lo sencillo, en la sabidur\u00eda heredada y en el di\u00e1logo silencioso con la naturaleza. Beberla es, al mismo tiempo, honrar a quienes nos precedieron y tender un puente hacia un descanso m\u00e1s humano, m\u00e1s consciente, m\u00e1s necesario que nunca.<\/p>\n<p>\u00a1Buen descanso!<\/p>\n<p>&nbsp;<\/p>\n<p><strong><u>CALMA MENTAL: INFUSION NOCTURNA<\/u><\/strong><\/p>\n<p><strong>(calmante, digestiva y ansiol\u00edtica, ideal antes de dormir)<\/strong><\/p>\n<p><strong>Ingredientes:<\/strong><\/p>\n<p><strong>(Para 1 taza)<\/strong><\/p>\n<p>1 cucharilla de semillas de an\u00eds<\/p>\n<p>4\u20135 hojas de cedr\u00f3n frescas o secas<\/p>\n<p>1 cucharilla de flores de manzanilla<\/p>\n<p>1 taza de agua caliente<\/p>\n<p>Miel de abeja al gusto<\/p>\n<p>&nbsp;<\/p>\n<p><strong>Preparaci\u00f3n:<\/strong><\/p>\n<p>Hervir el agua y verter sobre las hierbas y semillas.<\/p>\n<p>Dejar reposar 8\u201310 minutos tapado.<\/p>\n<p>Colar<\/p>\n<p><strong>Servir:<\/strong><\/p>\n<p>Endulzar con miel y beber lentamente antes de dormir.<\/p>\n<p><strong>Beneficios para la salud mental<\/strong><\/p>\n<p>El cedr\u00f3n ayuda a calmar la ansiedad, la manzanilla relaja el sistema nervioso y el an\u00eds mejora la digesti\u00f3n, favoreciendo un descanso profundo.<\/p>\n<p>Queridos lectores hasta la pr\u00f3xima cucharada de sabidur\u00eda gastron\u00f3mica y no olviden que:<\/p>\n<p>&nbsp;<\/p>\n<p>\u201cLa gastronom\u00eda hecha con amor, f\u00edsica, qu\u00edmica y biol\u00f3gicamente sabe mejor\u201d<\/p>\n<p>Chef Franz R. Arandia Belmonte<\/p>\n<p>Gastr\u00f3nomo Profesional e Investigador Gastron\u00f3mico<\/p>\n<p>Facebook Fan Page: Chef Ara\u00f1a<\/p>\n<p>Facebook: Paladar Mundial Un Gusto Surreal<\/p>\n<p>Blog: Gastrobiologia.wordpress.com<\/p>\n<p>Instagram: Arana_del_monte<\/p>\n<p>Tik tok: chef.aranha<\/p>\n<figure id=\"attachment_326814\" aria-describedby=\"caption-attachment-326814\" style=\"width: 612px\" class=\"wp-caption aligncenter\"><img loading=\"lazy\" decoding=\"async\" class=\"size-full wp-image-326814\" src=\"https:\/\/www.eldiario.net\/portal\/wp-content\/uploads\/2025\/08\/NOTA-4-FOTO-2-2.webp\" alt=\"\" width=\"612\" height=\"612\" srcset=\"https:\/\/www.eldiario.net\/portal\/wp-content\/uploads\/2025\/08\/NOTA-4-FOTO-2-2.webp 612w, https:\/\/www.eldiario.net\/portal\/wp-content\/uploads\/2025\/08\/NOTA-4-FOTO-2-2-300x300.webp 300w, https:\/\/www.eldiario.net\/portal\/wp-content\/uploads\/2025\/08\/NOTA-4-FOTO-2-2-150x150.webp 150w, https:\/\/www.eldiario.net\/portal\/wp-content\/uploads\/2025\/08\/NOTA-4-FOTO-2-2-420x420.webp 420w\" sizes=\"auto, (max-width: 612px) 100vw, 612px\" \/><figcaption id=\"caption-attachment-326814\" class=\"wp-caption-text\">CHEF FRANZ ARANDIA<\/figcaption><\/figure>\n","protected":false},"excerpt":{"rendered":"<p>Queridos lectores, continuamos nuestro viaje a la paz y calma mental, siendo asiduo consumidor de infusiones, tisanas y mates, soy agradecido con las plantas de mi huerto urbano que permiten acceder a sus propiedades, es por eso que comparto con ustedes la informaci\u00f3n adecuada y la receta que es un arte el aliviar la mente [&hellip;]<\/p>\n","protected":false},"author":1,"featured_media":326815,"comment_status":"closed","ping_status":"open","sticky":false,"template":"","format":"standard","meta":{"_acf_changed":false,"footnotes":""},"categories":[42],"tags":[],"class_list":["post-326813","post","type-post","status-publish","format-standard","has-post-thumbnail","category-femenina"],"acf":{"antetitulo":"Gastronom\u00eda"},"yoast_head":"<!-- This site is optimized with the Yoast SEO plugin v28.4 - https:\/\/yoast.com\/product\/yoast-seo-wordpress\/ -->\n<title>CALMA MENTAL: INFUSION NOCTURNA - El Diario - Bolivia<\/title>\n<meta name=\"robots\" content=\"index, follow, max-snippet:-1, max-image-preview:large, max-video-preview:-1\" \/>\n<link rel=\"canonical\" href=\"https:\/\/www.eldiario.net\/portal\/2025\/08\/27\/calma-mental-infusion-nocturna\/\" \/>\n<meta property=\"og:locale\" content=\"es_ES\" \/>\n<meta property=\"og:type\" content=\"article\" \/>\n<meta property=\"og:title\" content=\"CALMA MENTAL: INFUSION NOCTURNA - El Diario - Bolivia\" \/>\n<meta property=\"og:description\" content=\"Queridos lectores, continuamos nuestro viaje a la paz y calma mental, siendo asiduo consumidor de infusiones, tisanas y mates, soy agradecido con las plantas de mi huerto urbano que permiten acceder a sus propiedades, es por eso que comparto con ustedes la informaci\u00f3n adecuada y la receta que es un arte el aliviar la mente [&hellip;]\" \/>\n<meta property=\"og:url\" content=\"https:\/\/www.eldiario.net\/portal\/2025\/08\/27\/calma-mental-infusion-nocturna\/\" \/>\n<meta property=\"og:site_name\" content=\"El Diario - Bolivia\" \/>\n<meta property=\"article:publisher\" content=\"https:\/\/www.facebook.com\/eldiario.bolivia\/\" \/>\n<meta property=\"article:published_time\" content=\"2025-08-27T04:44:49+00:00\" \/>\n<meta property=\"og:image\" content=\"https:\/\/www.eldiario.net\/portal\/wp-content\/uploads\/2025\/08\/NOTA-4-FOTO-1-2.webp\" \/>\n\t<meta property=\"og:image:width\" content=\"275\" \/>\n\t<meta property=\"og:image:height\" content=\"183\" \/>\n\t<meta property=\"og:image:type\" content=\"image\/webp\" \/>\n<meta name=\"author\" content=\"Jeanette\" \/>\n<meta name=\"twitter:card\" content=\"summary_large_image\" \/>\n<meta name=\"twitter:creator\" content=\"@eldiario_net\" \/>\n<meta name=\"twitter:site\" content=\"@eldiario_net\" \/>\n<meta name=\"twitter:label1\" content=\"Escrito por\" \/>\n\t<meta name=\"twitter:data1\" content=\"Jeanette\" \/>\n\t<meta name=\"twitter:label2\" content=\"Tiempo de lectura\" \/>\n\t<meta name=\"twitter:data2\" content=\"4 minutos\" \/>\n<script type=\"application\/ld+json\" class=\"yoast-schema-graph\">{\"@context\":\"https:\\\/\\\/schema.org\",\"@graph\":[{\"@type\":\"Article\",\"@id\":\"https:\\\/\\\/www.eldiario.net\\\/portal\\\/2025\\\/08\\\/27\\\/calma-mental-infusion-nocturna\\\/#article\",\"isPartOf\":{\"@id\":\"https:\\\/\\\/www.eldiario.net\\\/portal\\\/2025\\\/08\\\/27\\\/calma-mental-infusion-nocturna\\\/\"},\"author\":{\"name\":\"Jeanette\",\"@id\":\"https:\\\/\\\/www.eldiario.net\\\/portal\\\/#\\\/schema\\\/person\\\/2c57cf2b7a7ae032e449e4c9b1019eac\"},\"headline\":\"CALMA MENTAL: INFUSION NOCTURNA\",\"datePublished\":\"2025-08-27T04:44:49+00:00\",\"mainEntityOfPage\":{\"@id\":\"https:\\\/\\\/www.eldiario.net\\\/portal\\\/2025\\\/08\\\/27\\\/calma-mental-infusion-nocturna\\\/\"},\"wordCount\":722,\"publisher\":{\"@id\":\"https:\\\/\\\/www.eldiario.net\\\/portal\\\/#organization\"},\"image\":{\"@id\":\"https:\\\/\\\/www.eldiario.net\\\/portal\\\/2025\\\/08\\\/27\\\/calma-mental-infusion-nocturna\\\/#primaryimage\"},\"thumbnailUrl\":\"https:\\\/\\\/www.eldiario.net\\\/portal\\\/wp-content\\\/uploads\\\/2025\\\/08\\\/NOTA-4-FOTO-1-2.webp\",\"articleSection\":[\"Femenina\"],\"inLanguage\":\"es\"},{\"@type\":\"WebPage\",\"@id\":\"https:\\\/\\\/www.eldiario.net\\\/portal\\\/2025\\\/08\\\/27\\\/calma-mental-infusion-nocturna\\\/\",\"url\":\"https:\\\/\\\/www.eldiario.net\\\/portal\\\/2025\\\/08\\\/27\\\/calma-mental-infusion-nocturna\\\/\",\"name\":\"CALMA MENTAL: INFUSION NOCTURNA - El Diario - Bolivia\",\"isPartOf\":{\"@id\":\"https:\\\/\\\/www.eldiario.net\\\/portal\\\/#website\"},\"primaryImageOfPage\":{\"@id\":\"https:\\\/\\\/www.eldiario.net\\\/portal\\\/2025\\\/08\\\/27\\\/calma-mental-infusion-nocturna\\\/#primaryimage\"},\"image\":{\"@id\":\"https:\\\/\\\/www.eldiario.net\\\/portal\\\/2025\\\/08\\\/27\\\/calma-mental-infusion-nocturna\\\/#primaryimage\"},\"thumbnailUrl\":\"https:\\\/\\\/www.eldiario.net\\\/portal\\\/wp-content\\\/uploads\\\/2025\\\/08\\\/NOTA-4-FOTO-1-2.webp\",\"datePublished\":\"2025-08-27T04:44:49+00:00\",\"breadcrumb\":{\"@id\":\"https:\\\/\\\/www.eldiario.net\\\/portal\\\/2025\\\/08\\\/27\\\/calma-mental-infusion-nocturna\\\/#breadcrumb\"},\"inLanguage\":\"es\",\"potentialAction\":[{\"@type\":\"ReadAction\",\"target\":[\"https:\\\/\\\/www.eldiario.net\\\/portal\\\/2025\\\/08\\\/27\\\/calma-mental-infusion-nocturna\\\/\"]}]},{\"@type\":\"ImageObject\",\"inLanguage\":\"es\",\"@id\":\"https:\\\/\\\/www.eldiario.net\\\/portal\\\/2025\\\/08\\\/27\\\/calma-mental-infusion-nocturna\\\/#primaryimage\",\"url\":\"https:\\\/\\\/www.eldiario.net\\\/portal\\\/wp-content\\\/uploads\\\/2025\\\/08\\\/NOTA-4-FOTO-1-2.webp\",\"contentUrl\":\"https:\\\/\\\/www.eldiario.net\\\/portal\\\/wp-content\\\/uploads\\\/2025\\\/08\\\/NOTA-4-FOTO-1-2.webp\",\"width\":275,\"height\":183,\"caption\":\"INFUSI\u00d3N NOCTURNA (CALMANTE, DIGESTIVA Y ANSIOL\u00cdTICA)\"},{\"@type\":\"BreadcrumbList\",\"@id\":\"https:\\\/\\\/www.eldiario.net\\\/portal\\\/2025\\\/08\\\/27\\\/calma-mental-infusion-nocturna\\\/#breadcrumb\",\"itemListElement\":[{\"@type\":\"ListItem\",\"position\":1,\"name\":\"Portada\",\"item\":\"https:\\\/\\\/www.eldiario.net\\\/portal\\\/\"},{\"@type\":\"ListItem\",\"position\":2,\"name\":\"CALMA MENTAL: INFUSION NOCTURNA\"}]},{\"@type\":\"WebSite\",\"@id\":\"https:\\\/\\\/www.eldiario.net\\\/portal\\\/#website\",\"url\":\"https:\\\/\\\/www.eldiario.net\\\/portal\\\/\",\"name\":\"El Diario - Decano de la prensa nacional\",\"description\":\"El Diario - Decano de la prensa nacional\",\"publisher\":{\"@id\":\"https:\\\/\\\/www.eldiario.net\\\/portal\\\/#organization\"},\"potentialAction\":[{\"@type\":\"SearchAction\",\"target\":{\"@type\":\"EntryPoint\",\"urlTemplate\":\"https:\\\/\\\/www.eldiario.net\\\/portal\\\/?s={search_term_string}\"},\"query-input\":{\"@type\":\"PropertyValueSpecification\",\"valueRequired\":true,\"valueName\":\"search_term_string\"}}],\"inLanguage\":\"es\"},{\"@type\":\"Organization\",\"@id\":\"https:\\\/\\\/www.eldiario.net\\\/portal\\\/#organization\",\"name\":\"El Diario - Decano de la prensa nacional\",\"url\":\"https:\\\/\\\/www.eldiario.net\\\/portal\\\/\",\"logo\":{\"@type\":\"ImageObject\",\"inLanguage\":\"es\",\"@id\":\"https:\\\/\\\/www.eldiario.net\\\/portal\\\/#\\\/schema\\\/logo\\\/image\\\/\",\"url\":\"https:\\\/\\\/www.eldiario.net\\\/portal\\\/wp-content\\\/uploads\\\/2023\\\/07\\\/logo_ED.jpg\",\"contentUrl\":\"https:\\\/\\\/www.eldiario.net\\\/portal\\\/wp-content\\\/uploads\\\/2023\\\/07\\\/logo_ED.jpg\",\"width\":272,\"height\":52,\"caption\":\"El Diario - Decano de la prensa nacional\"},\"image\":{\"@id\":\"https:\\\/\\\/www.eldiario.net\\\/portal\\\/#\\\/schema\\\/logo\\\/image\\\/\"},\"sameAs\":[\"https:\\\/\\\/www.facebook.com\\\/eldiario.bolivia\\\/\",\"https:\\\/\\\/x.com\\\/eldiario_net\"]},{\"@type\":\"Person\",\"@id\":\"https:\\\/\\\/www.eldiario.net\\\/portal\\\/#\\\/schema\\\/person\\\/2c57cf2b7a7ae032e449e4c9b1019eac\",\"name\":\"Jeanette\",\"image\":{\"@type\":\"ImageObject\",\"inLanguage\":\"es\",\"@id\":\"https:\\\/\\\/secure.gravatar.com\\\/avatar\\\/3ea2118a5f7dad2b7138b1187a6b7ee55f160b9968b66013c3a3ef39dd7e5798?s=96&d=mm&r=g\",\"url\":\"https:\\\/\\\/secure.gravatar.com\\\/avatar\\\/3ea2118a5f7dad2b7138b1187a6b7ee55f160b9968b66013c3a3ef39dd7e5798?s=96&d=mm&r=g\",\"contentUrl\":\"https:\\\/\\\/secure.gravatar.com\\\/avatar\\\/3ea2118a5f7dad2b7138b1187a6b7ee55f160b9968b66013c3a3ef39dd7e5798?s=96&d=mm&r=g\",\"caption\":\"Jeanette\"},\"sameAs\":[\"https:\\\/\\\/www.eldiario.net\\\/portal\"],\"url\":\"https:\\\/\\\/www.eldiario.net\\\/portal\\\/author\\\/jeanette\\\/\"}]}<\/script>\n<!-- \/ Yoast SEO plugin. -->","yoast_head_json":{"title":"CALMA MENTAL: INFUSION NOCTURNA - El Diario - Bolivia","robots":{"index":"index","follow":"follow","max-snippet":"max-snippet:-1","max-image-preview":"max-image-preview:large","max-video-preview":"max-video-preview:-1"},"canonical":"https:\/\/www.eldiario.net\/portal\/2025\/08\/27\/calma-mental-infusion-nocturna\/","og_locale":"es_ES","og_type":"article","og_title":"CALMA MENTAL: INFUSION NOCTURNA - El Diario - Bolivia","og_description":"Queridos lectores, continuamos nuestro viaje a la paz y calma mental, siendo asiduo consumidor de infusiones, tisanas y mates, soy agradecido con las plantas de mi huerto urbano que permiten acceder a sus propiedades, es por eso que comparto con ustedes la informaci\u00f3n adecuada y la receta que es un arte el aliviar la mente [&hellip;]","og_url":"https:\/\/www.eldiario.net\/portal\/2025\/08\/27\/calma-mental-infusion-nocturna\/","og_site_name":"El Diario - Bolivia","article_publisher":"https:\/\/www.facebook.com\/eldiario.bolivia\/","article_published_time":"2025-08-27T04:44:49+00:00","og_image":[{"width":275,"height":183,"url":"https:\/\/www.eldiario.net\/portal\/wp-content\/uploads\/2025\/08\/NOTA-4-FOTO-1-2.webp","type":"image\/webp"}],"author":"Jeanette","twitter_card":"summary_large_image","twitter_creator":"@eldiario_net","twitter_site":"@eldiario_net","twitter_misc":{"Escrito por":"Jeanette","Tiempo de lectura":"4 minutos"},"schema":{"@context":"https:\/\/schema.org","@graph":[{"@type":"Article","@id":"https:\/\/www.eldiario.net\/portal\/2025\/08\/27\/calma-mental-infusion-nocturna\/#article","isPartOf":{"@id":"https:\/\/www.eldiario.net\/portal\/2025\/08\/27\/calma-mental-infusion-nocturna\/"},"author":{"name":"Jeanette","@id":"https:\/\/www.eldiario.net\/portal\/#\/schema\/person\/2c57cf2b7a7ae032e449e4c9b1019eac"},"headline":"CALMA MENTAL: INFUSION NOCTURNA","datePublished":"2025-08-27T04:44:49+00:00","mainEntityOfPage":{"@id":"https:\/\/www.eldiario.net\/portal\/2025\/08\/27\/calma-mental-infusion-nocturna\/"},"wordCount":722,"publisher":{"@id":"https:\/\/www.eldiario.net\/portal\/#organization"},"image":{"@id":"https:\/\/www.eldiario.net\/portal\/2025\/08\/27\/calma-mental-infusion-nocturna\/#primaryimage"},"thumbnailUrl":"https:\/\/www.eldiario.net\/portal\/wp-content\/uploads\/2025\/08\/NOTA-4-FOTO-1-2.webp","articleSection":["Femenina"],"inLanguage":"es"},{"@type":"WebPage","@id":"https:\/\/www.eldiario.net\/portal\/2025\/08\/27\/calma-mental-infusion-nocturna\/","url":"https:\/\/www.eldiario.net\/portal\/2025\/08\/27\/calma-mental-infusion-nocturna\/","name":"CALMA MENTAL: INFUSION NOCTURNA - El Diario - Bolivia","isPartOf":{"@id":"https:\/\/www.eldiario.net\/portal\/#website"},"primaryImageOfPage":{"@id":"https:\/\/www.eldiario.net\/portal\/2025\/08\/27\/calma-mental-infusion-nocturna\/#primaryimage"},"image":{"@id":"https:\/\/www.eldiario.net\/portal\/2025\/08\/27\/calma-mental-infusion-nocturna\/#primaryimage"},"thumbnailUrl":"https:\/\/www.eldiario.net\/portal\/wp-content\/uploads\/2025\/08\/NOTA-4-FOTO-1-2.webp","datePublished":"2025-08-27T04:44:49+00:00","breadcrumb":{"@id":"https:\/\/www.eldiario.net\/portal\/2025\/08\/27\/calma-mental-infusion-nocturna\/#breadcrumb"},"inLanguage":"es","potentialAction":[{"@type":"ReadAction","target":["https:\/\/www.eldiario.net\/portal\/2025\/08\/27\/calma-mental-infusion-nocturna\/"]}]},{"@type":"ImageObject","inLanguage":"es","@id":"https:\/\/www.eldiario.net\/portal\/2025\/08\/27\/calma-mental-infusion-nocturna\/#primaryimage","url":"https:\/\/www.eldiario.net\/portal\/wp-content\/uploads\/2025\/08\/NOTA-4-FOTO-1-2.webp","contentUrl":"https:\/\/www.eldiario.net\/portal\/wp-content\/uploads\/2025\/08\/NOTA-4-FOTO-1-2.webp","width":275,"height":183,"caption":"INFUSI\u00d3N NOCTURNA (CALMANTE, DIGESTIVA Y ANSIOL\u00cdTICA)"},{"@type":"BreadcrumbList","@id":"https:\/\/www.eldiario.net\/portal\/2025\/08\/27\/calma-mental-infusion-nocturna\/#breadcrumb","itemListElement":[{"@type":"ListItem","position":1,"name":"Portada","item":"https:\/\/www.eldiario.net\/portal\/"},{"@type":"ListItem","position":2,"name":"CALMA MENTAL: INFUSION NOCTURNA"}]},{"@type":"WebSite","@id":"https:\/\/www.eldiario.net\/portal\/#website","url":"https:\/\/www.eldiario.net\/portal\/","name":"El Diario - Decano de la prensa nacional","description":"El Diario - Decano de la prensa nacional","publisher":{"@id":"https:\/\/www.eldiario.net\/portal\/#organization"},"potentialAction":[{"@type":"SearchAction","target":{"@type":"EntryPoint","urlTemplate":"https:\/\/www.eldiario.net\/portal\/?s={search_term_string}"},"query-input":{"@type":"PropertyValueSpecification","valueRequired":true,"valueName":"search_term_string"}}],"inLanguage":"es"},{"@type":"Organization","@id":"https:\/\/www.eldiario.net\/portal\/#organization","name":"El Diario - Decano de la prensa nacional","url":"https:\/\/www.eldiario.net\/portal\/","logo":{"@type":"ImageObject","inLanguage":"es","@id":"https:\/\/www.eldiario.net\/portal\/#\/schema\/logo\/image\/","url":"https:\/\/www.eldiario.net\/portal\/wp-content\/uploads\/2023\/07\/logo_ED.jpg","contentUrl":"https:\/\/www.eldiario.net\/portal\/wp-content\/uploads\/2023\/07\/logo_ED.jpg","width":272,"height":52,"caption":"El Diario - Decano de la prensa nacional"},"image":{"@id":"https:\/\/www.eldiario.net\/portal\/#\/schema\/logo\/image\/"},"sameAs":["https:\/\/www.facebook.com\/eldiario.bolivia\/","https:\/\/x.com\/eldiario_net"]},{"@type":"Person","@id":"https:\/\/www.eldiario.net\/portal\/#\/schema\/person\/2c57cf2b7a7ae032e449e4c9b1019eac","name":"Jeanette","image":{"@type":"ImageObject","inLanguage":"es","@id":"https:\/\/secure.gravatar.com\/avatar\/3ea2118a5f7dad2b7138b1187a6b7ee55f160b9968b66013c3a3ef39dd7e5798?s=96&d=mm&r=g","url":"https:\/\/secure.gravatar.com\/avatar\/3ea2118a5f7dad2b7138b1187a6b7ee55f160b9968b66013c3a3ef39dd7e5798?s=96&d=mm&r=g","contentUrl":"https:\/\/secure.gravatar.com\/avatar\/3ea2118a5f7dad2b7138b1187a6b7ee55f160b9968b66013c3a3ef39dd7e5798?s=96&d=mm&r=g","caption":"Jeanette"},"sameAs":["https:\/\/www.eldiario.net\/portal"],"url":"https:\/\/www.eldiario.net\/portal\/author\/jeanette\/"}]}},"_links":{"self":[{"href":"https:\/\/www.eldiario.net\/portal\/wp-json\/wp\/v2\/posts\/326813","targetHints":{"allow":["GET"]}}],"collection":[{"href":"https:\/\/www.eldiario.net\/portal\/wp-json\/wp\/v2\/posts"}],"about":[{"href":"https:\/\/www.eldiario.net\/portal\/wp-json\/wp\/v2\/types\/post"}],"author":[{"embeddable":true,"href":"https:\/\/www.eldiario.net\/portal\/wp-json\/wp\/v2\/users\/1"}],"replies":[{"embeddable":true,"href":"https:\/\/www.eldiario.net\/portal\/wp-json\/wp\/v2\/comments?post=326813"}],"version-history":[{"count":1,"href":"https:\/\/www.eldiario.net\/portal\/wp-json\/wp\/v2\/posts\/326813\/revisions"}],"predecessor-version":[{"id":326816,"href":"https:\/\/www.eldiario.net\/portal\/wp-json\/wp\/v2\/posts\/326813\/revisions\/326816"}],"wp:featuredmedia":[{"embeddable":true,"href":"https:\/\/www.eldiario.net\/portal\/wp-json\/wp\/v2\/media\/326815"}],"wp:attachment":[{"href":"https:\/\/www.eldiario.net\/portal\/wp-json\/wp\/v2\/media?parent=326813"}],"wp:term":[{"taxonomy":"category","embeddable":true,"href":"https:\/\/www.eldiario.net\/portal\/wp-json\/wp\/v2\/categories?post=326813"},{"taxonomy":"post_tag","embeddable":true,"href":"https:\/\/www.eldiario.net\/portal\/wp-json\/wp\/v2\/tags?post=326813"}],"curies":[{"name":"wp","href":"https:\/\/api.w.org\/{rel}","templated":true}]}}