{"id":326810,"date":"2025-08-27T00:43:47","date_gmt":"2025-08-27T04:43:47","guid":{"rendered":"https:\/\/www.eldiario.net\/portal\/?p=326810"},"modified":"2025-08-26T20:44:33","modified_gmt":"2025-08-27T00:44:33","slug":"la-ciberseguridad-en-la-era-de-la-ia-y-las-amenazas-inteligentes","status":"publish","type":"post","link":"https:\/\/www.eldiario.net\/portal\/2025\/08\/27\/la-ciberseguridad-en-la-era-de-la-ia-y-las-amenazas-inteligentes\/","title":{"rendered":"La ciberseguridad en la era de la IA y las amenazas inteligentes."},"content":{"rendered":"<p>Los ciberatacantes ahora trabajan de un modo m\u00e1s inteligente. En lugar de lanzar campa\u00f1as indiscriminadas, actualmente invierten en reconocimiento, escaneando redes a un ritmo de 36.000 intentos por segundo. Entre enero y junio de 2025, se detect\u00f3 77 millones de escaneos activos en Bolivia; y se usa herramientas basadas en inteligencia artificial (IA) que identifican servicios vulnerables, para automatizar el camino desde la intrusi\u00f3n hasta la explotaci\u00f3n.<\/p>\n<p>El \u00faltimo reporte del laboratorio de inteligencia y an\u00e1lisis de amenazas de Fortinet, multinacional que desarrolla y comercializa soluciones de ciberseguridad para proteger redes, dispositivos y la nube contra amenazas, revela que, durante la primera mitad de este a\u00f1o, Bolivia fue v\u00edctima de 155,5 millones de intentos de ciberataques. Y cabe apuntar que, como regi\u00f3n, Latinoam\u00e9rica represent\u00f3 el 25% del total de detecciones a nivel global.<\/p>\n<p>Los ambientes de tecnolog\u00eda de informaci\u00f3n (TI) y tecnolog\u00eda operacional (OT), que respaldan la infraestructura cr\u00edtica de nuestra regi\u00f3n enfrentan un panorama urgente y riesgoso debido a ciberamenazas cada vez m\u00e1s focalizadas, persistentes y automatizadas.<\/p>\n<p>De acuerdo con el Reporte Global de Amenazas 2025 de Fortinet, los entornos de OT hoy ya no son da\u00f1o colateral, sino que han empezado a convertirse en objetivos primarios. El documento indica que \u201clos cibercriminales est\u00e1n utilizando amenazas persistentes avanzadas (APTs) dirigidas a las redes industriales no solo para robar datos, sino tambi\u00e9n para interrumpir servicios cr\u00edticos, exigir rescates o incrustarse para una futura explotaci\u00f3n\u201d.<\/p>\n<p>Las redes de infraestructura cr\u00edtica son, sobre todo, atractivas para los grupos de ransomware. \u201cSe est\u00e1 viendo un cambio de secuestro de datos a secuestro de servicios. La industria manufacturera es, por segundo a\u00f1o consecutivo, la vertical m\u00e1s atacada\u201d, apunta el Reporte.<\/p>\n<p>Los atacantes ahora determinan exactamente cu\u00e1nto da\u00f1o causar\u00eda un retraso en la l\u00ednea de producci\u00f3n, e incorporando esa informaci\u00f3n en sus manuales de extorsi\u00f3n. Las industrias de manufactura, telecomunicaciones, salud y servicios financieros contin\u00faan experimentando un surgimiento en ciberataques personalizados, con adversarios desplegando explotaciones espec\u00edficas por sector.<\/p>\n<p><strong>La IA es un arma de doble filo<\/strong><\/p>\n<p>Fortinet explica c\u00f3mo la IA est\u00e1 siendo usada para reformar el panorama de amenazas en ambos lados del espectro. Del lado ofensivo, los atacantes utilizan hoy herramientas personalizadas como FraudGPT y WormGPT para generar correos de phishing, mapear superficies de ataque y automatizar campa\u00f1as sumamente realistas de ingenier\u00eda social a una velocidad espeluznante.<\/p>\n<p>Por el lado defensivo, soluciones como las de Fortinet integran hoy en su estructura de seguridad tanto IA discriminativa para detectar malware nuevo, como IA generativa (GenAI) para resumir y priorizar alertas. La IA generativa impulsa el desarrollo de los analistas, reduce el agotamiento y ayuda a disminuir el tiempo medio de respuesta. Es decir, donde el personal cualificado suele ser limitado, la inteligencia de amenazas basada en IA, combinada con el contexto espec\u00edfico del dominio, puede tener un impacto significativo en la detecci\u00f3n y la respuesta.<\/p>\n<p><strong>Qu\u00e9 deben hacer las organizaciones<\/strong><\/p>\n<p>La modernizaci\u00f3n en entornos industriales agrava a\u00fan m\u00e1s el riesgo cibern\u00e9tico. Con el continuo crecimiento de la IT industrial, el 5G, las redes celulares privadas y los modelos de gesti\u00f3n directa a la nube, hay m\u00e1s dispositivos conectados que nunca y su exposici\u00f3n es cada vez mayor.<\/p>\n<p>En ese sentido, las tres prioridades para los defensores son cerrar las brechas b\u00e1sicas de seguridad, invertir en SecOps informada contra amenazas y planear para lo inevitable.<\/p>\n<p>A medida que los actores de amenazas se vuelven m\u00e1s r\u00e1pidos, sigilosos e ingeniosos, la defensa de las infraestructuras cr\u00edticas requiere m\u00e1s que las medidas de seguridad tradicionales. Exige conocimiento de la situaci\u00f3n, b\u00fasqueda activa de amenazas y la madurez operativa para actuar con base en la inteligencia, no solo recopilarla.<\/p>\n<p>Fortinet se compromete a ayudar a las organizaciones a dar el siguiente paso, con herramientas dise\u00f1adas espec\u00edficamente, informaci\u00f3n en tiempo real y un enfoque unificado para proteger los sistemas de los que dependen la industria moderna y las infraestructuras cr\u00edticas.<\/p>\n","protected":false},"excerpt":{"rendered":"<p>Los ciberatacantes ahora trabajan de un modo m\u00e1s inteligente. En lugar de lanzar campa\u00f1as indiscriminadas, actualmente invierten en reconocimiento, escaneando redes a un ritmo de 36.000 intentos por segundo. Entre enero y junio de 2025, se detect\u00f3 77 millones de escaneos activos en Bolivia; y se usa herramientas basadas en inteligencia artificial (IA) que identifican [&hellip;]<\/p>\n","protected":false},"author":1,"featured_media":326811,"comment_status":"closed","ping_status":"open","sticky":false,"template":"","format":"standard","meta":{"_acf_changed":false,"footnotes":""},"categories":[42],"tags":[],"class_list":["post-326810","post","type-post","status-publish","format-standard","has-post-thumbnail","category-femenina"],"acf":{"antetitulo":"Fortinet advierte"},"yoast_head":"<!-- This site is optimized with the Yoast SEO plugin v28.4 - https:\/\/yoast.com\/product\/yoast-seo-wordpress\/ -->\n<title>La ciberseguridad en la era de la IA y las amenazas inteligentes. - El Diario - Bolivia<\/title>\n<meta name=\"robots\" content=\"index, follow, max-snippet:-1, max-image-preview:large, max-video-preview:-1\" \/>\n<link rel=\"canonical\" href=\"https:\/\/www.eldiario.net\/portal\/2025\/08\/27\/la-ciberseguridad-en-la-era-de-la-ia-y-las-amenazas-inteligentes\/\" \/>\n<meta property=\"og:locale\" content=\"es_ES\" \/>\n<meta property=\"og:type\" content=\"article\" \/>\n<meta property=\"og:title\" content=\"La ciberseguridad en la era de la IA y las amenazas inteligentes. - El Diario - Bolivia\" \/>\n<meta property=\"og:description\" content=\"Los ciberatacantes ahora trabajan de un modo m\u00e1s inteligente. En lugar de lanzar campa\u00f1as indiscriminadas, actualmente invierten en reconocimiento, escaneando redes a un ritmo de 36.000 intentos por segundo. Entre enero y junio de 2025, se detect\u00f3 77 millones de escaneos activos en Bolivia; y se usa herramientas basadas en inteligencia artificial (IA) que identifican [&hellip;]\" \/>\n<meta property=\"og:url\" content=\"https:\/\/www.eldiario.net\/portal\/2025\/08\/27\/la-ciberseguridad-en-la-era-de-la-ia-y-las-amenazas-inteligentes\/\" \/>\n<meta property=\"og:site_name\" content=\"El Diario - Bolivia\" \/>\n<meta property=\"article:publisher\" content=\"https:\/\/www.facebook.com\/eldiario.bolivia\/\" \/>\n<meta property=\"article:published_time\" content=\"2025-08-27T04:43:47+00:00\" \/>\n<meta property=\"og:image\" content=\"https:\/\/www.eldiario.net\/portal\/wp-content\/uploads\/2025\/08\/NOTA-5-FOTO.webp\" \/>\n\t<meta property=\"og:image:width\" content=\"1280\" \/>\n\t<meta property=\"og:image:height\" content=\"720\" \/>\n\t<meta property=\"og:image:type\" content=\"image\/webp\" \/>\n<meta name=\"author\" content=\"Jeanette\" \/>\n<meta name=\"twitter:card\" content=\"summary_large_image\" \/>\n<meta name=\"twitter:creator\" content=\"@eldiario_net\" \/>\n<meta name=\"twitter:site\" content=\"@eldiario_net\" \/>\n<meta name=\"twitter:label1\" content=\"Escrito por\" \/>\n\t<meta name=\"twitter:data1\" content=\"Jeanette\" \/>\n\t<meta name=\"twitter:label2\" content=\"Tiempo de lectura\" \/>\n\t<meta name=\"twitter:data2\" content=\"4 minutos\" \/>\n<script type=\"application\/ld+json\" class=\"yoast-schema-graph\">{\"@context\":\"https:\\\/\\\/schema.org\",\"@graph\":[{\"@type\":\"Article\",\"@id\":\"https:\\\/\\\/www.eldiario.net\\\/portal\\\/2025\\\/08\\\/27\\\/la-ciberseguridad-en-la-era-de-la-ia-y-las-amenazas-inteligentes\\\/#article\",\"isPartOf\":{\"@id\":\"https:\\\/\\\/www.eldiario.net\\\/portal\\\/2025\\\/08\\\/27\\\/la-ciberseguridad-en-la-era-de-la-ia-y-las-amenazas-inteligentes\\\/\"},\"author\":{\"name\":\"Jeanette\",\"@id\":\"https:\\\/\\\/www.eldiario.net\\\/portal\\\/#\\\/schema\\\/person\\\/2c57cf2b7a7ae032e449e4c9b1019eac\"},\"headline\":\"La ciberseguridad en la era de la IA y las amenazas inteligentes.\",\"datePublished\":\"2025-08-27T04:43:47+00:00\",\"mainEntityOfPage\":{\"@id\":\"https:\\\/\\\/www.eldiario.net\\\/portal\\\/2025\\\/08\\\/27\\\/la-ciberseguridad-en-la-era-de-la-ia-y-las-amenazas-inteligentes\\\/\"},\"wordCount\":702,\"publisher\":{\"@id\":\"https:\\\/\\\/www.eldiario.net\\\/portal\\\/#organization\"},\"image\":{\"@id\":\"https:\\\/\\\/www.eldiario.net\\\/portal\\\/2025\\\/08\\\/27\\\/la-ciberseguridad-en-la-era-de-la-ia-y-las-amenazas-inteligentes\\\/#primaryimage\"},\"thumbnailUrl\":\"https:\\\/\\\/www.eldiario.net\\\/portal\\\/wp-content\\\/uploads\\\/2025\\\/08\\\/NOTA-5-FOTO.webp\",\"articleSection\":[\"Femenina\"],\"inLanguage\":\"es\"},{\"@type\":\"WebPage\",\"@id\":\"https:\\\/\\\/www.eldiario.net\\\/portal\\\/2025\\\/08\\\/27\\\/la-ciberseguridad-en-la-era-de-la-ia-y-las-amenazas-inteligentes\\\/\",\"url\":\"https:\\\/\\\/www.eldiario.net\\\/portal\\\/2025\\\/08\\\/27\\\/la-ciberseguridad-en-la-era-de-la-ia-y-las-amenazas-inteligentes\\\/\",\"name\":\"La ciberseguridad en la era de la IA y las amenazas inteligentes. - El Diario - Bolivia\",\"isPartOf\":{\"@id\":\"https:\\\/\\\/www.eldiario.net\\\/portal\\\/#website\"},\"primaryImageOfPage\":{\"@id\":\"https:\\\/\\\/www.eldiario.net\\\/portal\\\/2025\\\/08\\\/27\\\/la-ciberseguridad-en-la-era-de-la-ia-y-las-amenazas-inteligentes\\\/#primaryimage\"},\"image\":{\"@id\":\"https:\\\/\\\/www.eldiario.net\\\/portal\\\/2025\\\/08\\\/27\\\/la-ciberseguridad-en-la-era-de-la-ia-y-las-amenazas-inteligentes\\\/#primaryimage\"},\"thumbnailUrl\":\"https:\\\/\\\/www.eldiario.net\\\/portal\\\/wp-content\\\/uploads\\\/2025\\\/08\\\/NOTA-5-FOTO.webp\",\"datePublished\":\"2025-08-27T04:43:47+00:00\",\"breadcrumb\":{\"@id\":\"https:\\\/\\\/www.eldiario.net\\\/portal\\\/2025\\\/08\\\/27\\\/la-ciberseguridad-en-la-era-de-la-ia-y-las-amenazas-inteligentes\\\/#breadcrumb\"},\"inLanguage\":\"es\",\"potentialAction\":[{\"@type\":\"ReadAction\",\"target\":[\"https:\\\/\\\/www.eldiario.net\\\/portal\\\/2025\\\/08\\\/27\\\/la-ciberseguridad-en-la-era-de-la-ia-y-las-amenazas-inteligentes\\\/\"]}]},{\"@type\":\"ImageObject\",\"inLanguage\":\"es\",\"@id\":\"https:\\\/\\\/www.eldiario.net\\\/portal\\\/2025\\\/08\\\/27\\\/la-ciberseguridad-en-la-era-de-la-ia-y-las-amenazas-inteligentes\\\/#primaryimage\",\"url\":\"https:\\\/\\\/www.eldiario.net\\\/portal\\\/wp-content\\\/uploads\\\/2025\\\/08\\\/NOTA-5-FOTO.webp\",\"contentUrl\":\"https:\\\/\\\/www.eldiario.net\\\/portal\\\/wp-content\\\/uploads\\\/2025\\\/08\\\/NOTA-5-FOTO.webp\",\"width\":1280,\"height\":720,\"caption\":\"LA CIBERSEGURIDAD EN BOLIVIA, UN DESAF\u00cdO EN LA ERA DE LOS ATAQUES INTELIGENTES Y LA INTELIGENCIA ARTIFICIAL.\"},{\"@type\":\"BreadcrumbList\",\"@id\":\"https:\\\/\\\/www.eldiario.net\\\/portal\\\/2025\\\/08\\\/27\\\/la-ciberseguridad-en-la-era-de-la-ia-y-las-amenazas-inteligentes\\\/#breadcrumb\",\"itemListElement\":[{\"@type\":\"ListItem\",\"position\":1,\"name\":\"Portada\",\"item\":\"https:\\\/\\\/www.eldiario.net\\\/portal\\\/\"},{\"@type\":\"ListItem\",\"position\":2,\"name\":\"La ciberseguridad en la era de la IA y las amenazas inteligentes.\"}]},{\"@type\":\"WebSite\",\"@id\":\"https:\\\/\\\/www.eldiario.net\\\/portal\\\/#website\",\"url\":\"https:\\\/\\\/www.eldiario.net\\\/portal\\\/\",\"name\":\"El Diario - Decano de la prensa nacional\",\"description\":\"El Diario - Decano de la prensa nacional\",\"publisher\":{\"@id\":\"https:\\\/\\\/www.eldiario.net\\\/portal\\\/#organization\"},\"potentialAction\":[{\"@type\":\"SearchAction\",\"target\":{\"@type\":\"EntryPoint\",\"urlTemplate\":\"https:\\\/\\\/www.eldiario.net\\\/portal\\\/?s={search_term_string}\"},\"query-input\":{\"@type\":\"PropertyValueSpecification\",\"valueRequired\":true,\"valueName\":\"search_term_string\"}}],\"inLanguage\":\"es\"},{\"@type\":\"Organization\",\"@id\":\"https:\\\/\\\/www.eldiario.net\\\/portal\\\/#organization\",\"name\":\"El Diario - Decano de la prensa nacional\",\"url\":\"https:\\\/\\\/www.eldiario.net\\\/portal\\\/\",\"logo\":{\"@type\":\"ImageObject\",\"inLanguage\":\"es\",\"@id\":\"https:\\\/\\\/www.eldiario.net\\\/portal\\\/#\\\/schema\\\/logo\\\/image\\\/\",\"url\":\"https:\\\/\\\/www.eldiario.net\\\/portal\\\/wp-content\\\/uploads\\\/2023\\\/07\\\/logo_ED.jpg\",\"contentUrl\":\"https:\\\/\\\/www.eldiario.net\\\/portal\\\/wp-content\\\/uploads\\\/2023\\\/07\\\/logo_ED.jpg\",\"width\":272,\"height\":52,\"caption\":\"El Diario - Decano de la prensa nacional\"},\"image\":{\"@id\":\"https:\\\/\\\/www.eldiario.net\\\/portal\\\/#\\\/schema\\\/logo\\\/image\\\/\"},\"sameAs\":[\"https:\\\/\\\/www.facebook.com\\\/eldiario.bolivia\\\/\",\"https:\\\/\\\/x.com\\\/eldiario_net\"]},{\"@type\":\"Person\",\"@id\":\"https:\\\/\\\/www.eldiario.net\\\/portal\\\/#\\\/schema\\\/person\\\/2c57cf2b7a7ae032e449e4c9b1019eac\",\"name\":\"Jeanette\",\"image\":{\"@type\":\"ImageObject\",\"inLanguage\":\"es\",\"@id\":\"https:\\\/\\\/secure.gravatar.com\\\/avatar\\\/3ea2118a5f7dad2b7138b1187a6b7ee55f160b9968b66013c3a3ef39dd7e5798?s=96&d=mm&r=g\",\"url\":\"https:\\\/\\\/secure.gravatar.com\\\/avatar\\\/3ea2118a5f7dad2b7138b1187a6b7ee55f160b9968b66013c3a3ef39dd7e5798?s=96&d=mm&r=g\",\"contentUrl\":\"https:\\\/\\\/secure.gravatar.com\\\/avatar\\\/3ea2118a5f7dad2b7138b1187a6b7ee55f160b9968b66013c3a3ef39dd7e5798?s=96&d=mm&r=g\",\"caption\":\"Jeanette\"},\"sameAs\":[\"https:\\\/\\\/www.eldiario.net\\\/portal\"],\"url\":\"https:\\\/\\\/www.eldiario.net\\\/portal\\\/author\\\/jeanette\\\/\"}]}<\/script>\n<!-- \/ Yoast SEO plugin. -->","yoast_head_json":{"title":"La ciberseguridad en la era de la IA y las amenazas inteligentes. - El Diario - Bolivia","robots":{"index":"index","follow":"follow","max-snippet":"max-snippet:-1","max-image-preview":"max-image-preview:large","max-video-preview":"max-video-preview:-1"},"canonical":"https:\/\/www.eldiario.net\/portal\/2025\/08\/27\/la-ciberseguridad-en-la-era-de-la-ia-y-las-amenazas-inteligentes\/","og_locale":"es_ES","og_type":"article","og_title":"La ciberseguridad en la era de la IA y las amenazas inteligentes. - El Diario - Bolivia","og_description":"Los ciberatacantes ahora trabajan de un modo m\u00e1s inteligente. En lugar de lanzar campa\u00f1as indiscriminadas, actualmente invierten en reconocimiento, escaneando redes a un ritmo de 36.000 intentos por segundo. Entre enero y junio de 2025, se detect\u00f3 77 millones de escaneos activos en Bolivia; y se usa herramientas basadas en inteligencia artificial (IA) que identifican [&hellip;]","og_url":"https:\/\/www.eldiario.net\/portal\/2025\/08\/27\/la-ciberseguridad-en-la-era-de-la-ia-y-las-amenazas-inteligentes\/","og_site_name":"El Diario - Bolivia","article_publisher":"https:\/\/www.facebook.com\/eldiario.bolivia\/","article_published_time":"2025-08-27T04:43:47+00:00","og_image":[{"width":1280,"height":720,"url":"https:\/\/www.eldiario.net\/portal\/wp-content\/uploads\/2025\/08\/NOTA-5-FOTO.webp","type":"image\/webp"}],"author":"Jeanette","twitter_card":"summary_large_image","twitter_creator":"@eldiario_net","twitter_site":"@eldiario_net","twitter_misc":{"Escrito por":"Jeanette","Tiempo de lectura":"4 minutos"},"schema":{"@context":"https:\/\/schema.org","@graph":[{"@type":"Article","@id":"https:\/\/www.eldiario.net\/portal\/2025\/08\/27\/la-ciberseguridad-en-la-era-de-la-ia-y-las-amenazas-inteligentes\/#article","isPartOf":{"@id":"https:\/\/www.eldiario.net\/portal\/2025\/08\/27\/la-ciberseguridad-en-la-era-de-la-ia-y-las-amenazas-inteligentes\/"},"author":{"name":"Jeanette","@id":"https:\/\/www.eldiario.net\/portal\/#\/schema\/person\/2c57cf2b7a7ae032e449e4c9b1019eac"},"headline":"La ciberseguridad en la era de la IA y las amenazas inteligentes.","datePublished":"2025-08-27T04:43:47+00:00","mainEntityOfPage":{"@id":"https:\/\/www.eldiario.net\/portal\/2025\/08\/27\/la-ciberseguridad-en-la-era-de-la-ia-y-las-amenazas-inteligentes\/"},"wordCount":702,"publisher":{"@id":"https:\/\/www.eldiario.net\/portal\/#organization"},"image":{"@id":"https:\/\/www.eldiario.net\/portal\/2025\/08\/27\/la-ciberseguridad-en-la-era-de-la-ia-y-las-amenazas-inteligentes\/#primaryimage"},"thumbnailUrl":"https:\/\/www.eldiario.net\/portal\/wp-content\/uploads\/2025\/08\/NOTA-5-FOTO.webp","articleSection":["Femenina"],"inLanguage":"es"},{"@type":"WebPage","@id":"https:\/\/www.eldiario.net\/portal\/2025\/08\/27\/la-ciberseguridad-en-la-era-de-la-ia-y-las-amenazas-inteligentes\/","url":"https:\/\/www.eldiario.net\/portal\/2025\/08\/27\/la-ciberseguridad-en-la-era-de-la-ia-y-las-amenazas-inteligentes\/","name":"La ciberseguridad en la era de la IA y las amenazas inteligentes. - El Diario - Bolivia","isPartOf":{"@id":"https:\/\/www.eldiario.net\/portal\/#website"},"primaryImageOfPage":{"@id":"https:\/\/www.eldiario.net\/portal\/2025\/08\/27\/la-ciberseguridad-en-la-era-de-la-ia-y-las-amenazas-inteligentes\/#primaryimage"},"image":{"@id":"https:\/\/www.eldiario.net\/portal\/2025\/08\/27\/la-ciberseguridad-en-la-era-de-la-ia-y-las-amenazas-inteligentes\/#primaryimage"},"thumbnailUrl":"https:\/\/www.eldiario.net\/portal\/wp-content\/uploads\/2025\/08\/NOTA-5-FOTO.webp","datePublished":"2025-08-27T04:43:47+00:00","breadcrumb":{"@id":"https:\/\/www.eldiario.net\/portal\/2025\/08\/27\/la-ciberseguridad-en-la-era-de-la-ia-y-las-amenazas-inteligentes\/#breadcrumb"},"inLanguage":"es","potentialAction":[{"@type":"ReadAction","target":["https:\/\/www.eldiario.net\/portal\/2025\/08\/27\/la-ciberseguridad-en-la-era-de-la-ia-y-las-amenazas-inteligentes\/"]}]},{"@type":"ImageObject","inLanguage":"es","@id":"https:\/\/www.eldiario.net\/portal\/2025\/08\/27\/la-ciberseguridad-en-la-era-de-la-ia-y-las-amenazas-inteligentes\/#primaryimage","url":"https:\/\/www.eldiario.net\/portal\/wp-content\/uploads\/2025\/08\/NOTA-5-FOTO.webp","contentUrl":"https:\/\/www.eldiario.net\/portal\/wp-content\/uploads\/2025\/08\/NOTA-5-FOTO.webp","width":1280,"height":720,"caption":"LA CIBERSEGURIDAD EN BOLIVIA, UN DESAF\u00cdO EN LA ERA DE LOS ATAQUES INTELIGENTES Y LA INTELIGENCIA ARTIFICIAL."},{"@type":"BreadcrumbList","@id":"https:\/\/www.eldiario.net\/portal\/2025\/08\/27\/la-ciberseguridad-en-la-era-de-la-ia-y-las-amenazas-inteligentes\/#breadcrumb","itemListElement":[{"@type":"ListItem","position":1,"name":"Portada","item":"https:\/\/www.eldiario.net\/portal\/"},{"@type":"ListItem","position":2,"name":"La ciberseguridad en la era de la IA y las amenazas inteligentes."}]},{"@type":"WebSite","@id":"https:\/\/www.eldiario.net\/portal\/#website","url":"https:\/\/www.eldiario.net\/portal\/","name":"El Diario - Decano de la prensa nacional","description":"El Diario - Decano de la prensa nacional","publisher":{"@id":"https:\/\/www.eldiario.net\/portal\/#organization"},"potentialAction":[{"@type":"SearchAction","target":{"@type":"EntryPoint","urlTemplate":"https:\/\/www.eldiario.net\/portal\/?s={search_term_string}"},"query-input":{"@type":"PropertyValueSpecification","valueRequired":true,"valueName":"search_term_string"}}],"inLanguage":"es"},{"@type":"Organization","@id":"https:\/\/www.eldiario.net\/portal\/#organization","name":"El Diario - Decano de la prensa nacional","url":"https:\/\/www.eldiario.net\/portal\/","logo":{"@type":"ImageObject","inLanguage":"es","@id":"https:\/\/www.eldiario.net\/portal\/#\/schema\/logo\/image\/","url":"https:\/\/www.eldiario.net\/portal\/wp-content\/uploads\/2023\/07\/logo_ED.jpg","contentUrl":"https:\/\/www.eldiario.net\/portal\/wp-content\/uploads\/2023\/07\/logo_ED.jpg","width":272,"height":52,"caption":"El Diario - Decano de la prensa nacional"},"image":{"@id":"https:\/\/www.eldiario.net\/portal\/#\/schema\/logo\/image\/"},"sameAs":["https:\/\/www.facebook.com\/eldiario.bolivia\/","https:\/\/x.com\/eldiario_net"]},{"@type":"Person","@id":"https:\/\/www.eldiario.net\/portal\/#\/schema\/person\/2c57cf2b7a7ae032e449e4c9b1019eac","name":"Jeanette","image":{"@type":"ImageObject","inLanguage":"es","@id":"https:\/\/secure.gravatar.com\/avatar\/3ea2118a5f7dad2b7138b1187a6b7ee55f160b9968b66013c3a3ef39dd7e5798?s=96&d=mm&r=g","url":"https:\/\/secure.gravatar.com\/avatar\/3ea2118a5f7dad2b7138b1187a6b7ee55f160b9968b66013c3a3ef39dd7e5798?s=96&d=mm&r=g","contentUrl":"https:\/\/secure.gravatar.com\/avatar\/3ea2118a5f7dad2b7138b1187a6b7ee55f160b9968b66013c3a3ef39dd7e5798?s=96&d=mm&r=g","caption":"Jeanette"},"sameAs":["https:\/\/www.eldiario.net\/portal"],"url":"https:\/\/www.eldiario.net\/portal\/author\/jeanette\/"}]}},"_links":{"self":[{"href":"https:\/\/www.eldiario.net\/portal\/wp-json\/wp\/v2\/posts\/326810","targetHints":{"allow":["GET"]}}],"collection":[{"href":"https:\/\/www.eldiario.net\/portal\/wp-json\/wp\/v2\/posts"}],"about":[{"href":"https:\/\/www.eldiario.net\/portal\/wp-json\/wp\/v2\/types\/post"}],"author":[{"embeddable":true,"href":"https:\/\/www.eldiario.net\/portal\/wp-json\/wp\/v2\/users\/1"}],"replies":[{"embeddable":true,"href":"https:\/\/www.eldiario.net\/portal\/wp-json\/wp\/v2\/comments?post=326810"}],"version-history":[{"count":1,"href":"https:\/\/www.eldiario.net\/portal\/wp-json\/wp\/v2\/posts\/326810\/revisions"}],"predecessor-version":[{"id":326812,"href":"https:\/\/www.eldiario.net\/portal\/wp-json\/wp\/v2\/posts\/326810\/revisions\/326812"}],"wp:featuredmedia":[{"embeddable":true,"href":"https:\/\/www.eldiario.net\/portal\/wp-json\/wp\/v2\/media\/326811"}],"wp:attachment":[{"href":"https:\/\/www.eldiario.net\/portal\/wp-json\/wp\/v2\/media?parent=326810"}],"wp:term":[{"taxonomy":"category","embeddable":true,"href":"https:\/\/www.eldiario.net\/portal\/wp-json\/wp\/v2\/categories?post=326810"},{"taxonomy":"post_tag","embeddable":true,"href":"https:\/\/www.eldiario.net\/portal\/wp-json\/wp\/v2\/tags?post=326810"}],"curies":[{"name":"wp","href":"https:\/\/api.w.org\/{rel}","templated":true}]}}