{"id":326407,"date":"2025-08-25T05:49:26","date_gmt":"2025-08-25T09:49:26","guid":{"rendered":"https:\/\/www.eldiario.net\/portal\/?p=326407"},"modified":"2025-08-25T05:49:26","modified_gmt":"2025-08-25T09:49:26","slug":"always-somete-a-fc-astor-2-1-y-esta-cerca-del-titulo","status":"publish","type":"post","link":"https:\/\/www.eldiario.net\/portal\/2025\/08\/25\/always-somete-a-fc-astor-2-1-y-esta-cerca-del-titulo\/","title":{"rendered":"Always somete a FC Astor (2-1) y est\u00e1 cerca del t\u00edtulo"},"content":{"rendered":"<p>El plantel femenino de f\u00fatbol de Always Ready logr\u00f3 vencer (2-1) a FC Astor, en el partido de ida por la final del torneo oficial de la categor\u00eda.<br \/>\nEn juego disputado la ma\u00f1ana de ayer domingo en el Centro de Alto Rendimiento (CAR) de la localidad de Huarina, se vio un encuentro equilibrado por ambos bandos, sin embargo, la experiencia de las \u00abmillonarias\u00bb pes\u00f3 durante el transcurso de las acciones.<br \/>\nSin embargo, el primer tanto fue para el equipo cochabambino a los 13&#8242; a trav\u00e9s de una jugada inteligente que fue concretada por Jennifer Cuba tras un remate potente de tiro libre que no pudo ser sostenido por la arquera Lizeth Limachi.<br \/>\nCon la m\u00ednima diferencia, los equipos se fueron al descanso y en el segundo tiempo, Always Ready ingres\u00f3 con mayor \u00edmpetu y fue claro dominador, aunque estaba perdiendo.<br \/>\nEn el minuto 67&#8242; de ese parcial , las locales lograron empatar el marcador despu\u00e9s de varios intentos. Constanza Molina luego de un tiro de esquina, consigui\u00f3 el 1-1, cuando el esfuerzo de Paola Rojas por alcanzar el disparo fue vano.<br \/>\nEl minuto 87&#8242; fue definitivo tras una llegada de Ilsen Rodr\u00edguez quien desde la derecha empalm\u00f3 un disparo para conseguir el 2-1 definitivo.<br \/>\nEl pr\u00f3ximo mi\u00e9rcoles se juega el partido de vuelta en Cochabamba, siendo el plantel de El Alto, favorito para hacerse de la corona de este a\u00f1o tambi\u00e9n, ya que desde cuatro gestiones anteriores ning\u00fan equipo lo puede destronar. (AGENCIAS)<\/p>\n<p><img loading=\"lazy\" decoding=\"async\" class=\"aligncenter size-full wp-image-326409\" src=\"https:\/\/www.eldiario.net\/portal\/wp-content\/uploads\/2025\/08\/FOTO-75-2.webp\" alt=\"\" width=\"540\" height=\"350\" srcset=\"https:\/\/www.eldiario.net\/portal\/wp-content\/uploads\/2025\/08\/FOTO-75-2.webp 540w, https:\/\/www.eldiario.net\/portal\/wp-content\/uploads\/2025\/08\/FOTO-75-2-300x194.webp 300w, https:\/\/www.eldiario.net\/portal\/wp-content\/uploads\/2025\/08\/FOTO-75-2-150x97.webp 150w\" sizes=\"auto, (max-width: 540px) 100vw, 540px\" \/><\/p>\n","protected":false},"excerpt":{"rendered":"<p>El plantel femenino de f\u00fatbol de Always Ready logr\u00f3 vencer (2-1) a FC Astor, en el partido de ida por la final del torneo oficial de la categor\u00eda. En juego disputado la ma\u00f1ana de ayer domingo en el Centro de Alto Rendimiento (CAR) de la localidad de Huarina, se vio un encuentro equilibrado por ambos [&hellip;]<\/p>\n","protected":false},"author":1,"featured_media":326408,"comment_status":"closed","ping_status":"open","sticky":false,"template":"","format":"standard","meta":{"_acf_changed":false,"footnotes":""},"categories":[6],"tags":[],"class_list":["post-326407","post","type-post","status-publish","format-standard","has-post-thumbnail","category-deportes"],"acf":{"antetitulo":"LIGA FEMENINA"},"yoast_head":"<!-- This site is optimized with the Yoast SEO plugin v28.4 - https:\/\/yoast.com\/product\/yoast-seo-wordpress\/ -->\n<title>Always somete a FC Astor (2-1) y est\u00e1 cerca del t\u00edtulo - El Diario - Bolivia<\/title>\n<meta name=\"robots\" content=\"index, follow, max-snippet:-1, max-image-preview:large, max-video-preview:-1\" \/>\n<link rel=\"canonical\" href=\"https:\/\/www.eldiario.net\/portal\/2025\/08\/25\/always-somete-a-fc-astor-2-1-y-esta-cerca-del-titulo\/\" \/>\n<meta property=\"og:locale\" content=\"es_ES\" \/>\n<meta property=\"og:type\" content=\"article\" \/>\n<meta property=\"og:title\" content=\"Always somete a FC Astor (2-1) y est\u00e1 cerca del t\u00edtulo - El Diario - Bolivia\" \/>\n<meta property=\"og:description\" content=\"El plantel femenino de f\u00fatbol de Always Ready logr\u00f3 vencer (2-1) a FC Astor, en el partido de ida por la final del torneo oficial de la categor\u00eda. En juego disputado la ma\u00f1ana de ayer domingo en el Centro de Alto Rendimiento (CAR) de la localidad de Huarina, se vio un encuentro equilibrado por ambos [&hellip;]\" \/>\n<meta property=\"og:url\" content=\"https:\/\/www.eldiario.net\/portal\/2025\/08\/25\/always-somete-a-fc-astor-2-1-y-esta-cerca-del-titulo\/\" \/>\n<meta property=\"og:site_name\" content=\"El Diario - Bolivia\" \/>\n<meta property=\"article:publisher\" content=\"https:\/\/www.facebook.com\/eldiario.bolivia\/\" \/>\n<meta property=\"article:published_time\" content=\"2025-08-25T09:49:26+00:00\" \/>\n<meta property=\"og:image\" content=\"https:\/\/www.eldiario.net\/portal\/wp-content\/uploads\/2025\/08\/FOTO-74-4.webp\" \/>\n\t<meta property=\"og:image:width\" content=\"540\" \/>\n\t<meta property=\"og:image:height\" content=\"335\" \/>\n\t<meta property=\"og:image:type\" content=\"image\/webp\" \/>\n<meta name=\"author\" content=\"Jeanette\" \/>\n<meta name=\"twitter:card\" content=\"summary_large_image\" \/>\n<meta name=\"twitter:creator\" content=\"@eldiario_net\" \/>\n<meta name=\"twitter:site\" content=\"@eldiario_net\" \/>\n<meta name=\"twitter:label1\" content=\"Escrito por\" \/>\n\t<meta name=\"twitter:data1\" content=\"Jeanette\" \/>\n\t<meta name=\"twitter:label2\" content=\"Tiempo de lectura\" \/>\n\t<meta name=\"twitter:data2\" content=\"2 minutos\" \/>\n<script type=\"application\/ld+json\" class=\"yoast-schema-graph\">{\"@context\":\"https:\\\/\\\/schema.org\",\"@graph\":[{\"@type\":\"Article\",\"@id\":\"https:\\\/\\\/www.eldiario.net\\\/portal\\\/2025\\\/08\\\/25\\\/always-somete-a-fc-astor-2-1-y-esta-cerca-del-titulo\\\/#article\",\"isPartOf\":{\"@id\":\"https:\\\/\\\/www.eldiario.net\\\/portal\\\/2025\\\/08\\\/25\\\/always-somete-a-fc-astor-2-1-y-esta-cerca-del-titulo\\\/\"},\"author\":{\"name\":\"Jeanette\",\"@id\":\"https:\\\/\\\/www.eldiario.net\\\/portal\\\/#\\\/schema\\\/person\\\/2c57cf2b7a7ae032e449e4c9b1019eac\"},\"headline\":\"Always somete a FC Astor (2-1) y est\u00e1 cerca del t\u00edtulo\",\"datePublished\":\"2025-08-25T09:49:26+00:00\",\"mainEntityOfPage\":{\"@id\":\"https:\\\/\\\/www.eldiario.net\\\/portal\\\/2025\\\/08\\\/25\\\/always-somete-a-fc-astor-2-1-y-esta-cerca-del-titulo\\\/\"},\"wordCount\":263,\"publisher\":{\"@id\":\"https:\\\/\\\/www.eldiario.net\\\/portal\\\/#organization\"},\"image\":{\"@id\":\"https:\\\/\\\/www.eldiario.net\\\/portal\\\/2025\\\/08\\\/25\\\/always-somete-a-fc-astor-2-1-y-esta-cerca-del-titulo\\\/#primaryimage\"},\"thumbnailUrl\":\"https:\\\/\\\/www.eldiario.net\\\/portal\\\/wp-content\\\/uploads\\\/2025\\\/08\\\/FOTO-74-4.webp\",\"articleSection\":[\"Deportes\"],\"inLanguage\":\"es\"},{\"@type\":\"WebPage\",\"@id\":\"https:\\\/\\\/www.eldiario.net\\\/portal\\\/2025\\\/08\\\/25\\\/always-somete-a-fc-astor-2-1-y-esta-cerca-del-titulo\\\/\",\"url\":\"https:\\\/\\\/www.eldiario.net\\\/portal\\\/2025\\\/08\\\/25\\\/always-somete-a-fc-astor-2-1-y-esta-cerca-del-titulo\\\/\",\"name\":\"Always somete a FC Astor (2-1) y est\u00e1 cerca del t\u00edtulo - El Diario - Bolivia\",\"isPartOf\":{\"@id\":\"https:\\\/\\\/www.eldiario.net\\\/portal\\\/#website\"},\"primaryImageOfPage\":{\"@id\":\"https:\\\/\\\/www.eldiario.net\\\/portal\\\/2025\\\/08\\\/25\\\/always-somete-a-fc-astor-2-1-y-esta-cerca-del-titulo\\\/#primaryimage\"},\"image\":{\"@id\":\"https:\\\/\\\/www.eldiario.net\\\/portal\\\/2025\\\/08\\\/25\\\/always-somete-a-fc-astor-2-1-y-esta-cerca-del-titulo\\\/#primaryimage\"},\"thumbnailUrl\":\"https:\\\/\\\/www.eldiario.net\\\/portal\\\/wp-content\\\/uploads\\\/2025\\\/08\\\/FOTO-74-4.webp\",\"datePublished\":\"2025-08-25T09:49:26+00:00\",\"breadcrumb\":{\"@id\":\"https:\\\/\\\/www.eldiario.net\\\/portal\\\/2025\\\/08\\\/25\\\/always-somete-a-fc-astor-2-1-y-esta-cerca-del-titulo\\\/#breadcrumb\"},\"inLanguage\":\"es\",\"potentialAction\":[{\"@type\":\"ReadAction\",\"target\":[\"https:\\\/\\\/www.eldiario.net\\\/portal\\\/2025\\\/08\\\/25\\\/always-somete-a-fc-astor-2-1-y-esta-cerca-del-titulo\\\/\"]}]},{\"@type\":\"ImageObject\",\"inLanguage\":\"es\",\"@id\":\"https:\\\/\\\/www.eldiario.net\\\/portal\\\/2025\\\/08\\\/25\\\/always-somete-a-fc-astor-2-1-y-esta-cerca-del-titulo\\\/#primaryimage\",\"url\":\"https:\\\/\\\/www.eldiario.net\\\/portal\\\/wp-content\\\/uploads\\\/2025\\\/08\\\/FOTO-74-4.webp\",\"contentUrl\":\"https:\\\/\\\/www.eldiario.net\\\/portal\\\/wp-content\\\/uploads\\\/2025\\\/08\\\/FOTO-74-4.webp\",\"width\":540,\"height\":335},{\"@type\":\"BreadcrumbList\",\"@id\":\"https:\\\/\\\/www.eldiario.net\\\/portal\\\/2025\\\/08\\\/25\\\/always-somete-a-fc-astor-2-1-y-esta-cerca-del-titulo\\\/#breadcrumb\",\"itemListElement\":[{\"@type\":\"ListItem\",\"position\":1,\"name\":\"Portada\",\"item\":\"https:\\\/\\\/www.eldiario.net\\\/portal\\\/\"},{\"@type\":\"ListItem\",\"position\":2,\"name\":\"Always somete a FC Astor (2-1) y est\u00e1 cerca del t\u00edtulo\"}]},{\"@type\":\"WebSite\",\"@id\":\"https:\\\/\\\/www.eldiario.net\\\/portal\\\/#website\",\"url\":\"https:\\\/\\\/www.eldiario.net\\\/portal\\\/\",\"name\":\"El Diario - Decano de la prensa nacional\",\"description\":\"El Diario - Decano de la prensa nacional\",\"publisher\":{\"@id\":\"https:\\\/\\\/www.eldiario.net\\\/portal\\\/#organization\"},\"potentialAction\":[{\"@type\":\"SearchAction\",\"target\":{\"@type\":\"EntryPoint\",\"urlTemplate\":\"https:\\\/\\\/www.eldiario.net\\\/portal\\\/?s={search_term_string}\"},\"query-input\":{\"@type\":\"PropertyValueSpecification\",\"valueRequired\":true,\"valueName\":\"search_term_string\"}}],\"inLanguage\":\"es\"},{\"@type\":\"Organization\",\"@id\":\"https:\\\/\\\/www.eldiario.net\\\/portal\\\/#organization\",\"name\":\"El Diario - Decano de la prensa nacional\",\"url\":\"https:\\\/\\\/www.eldiario.net\\\/portal\\\/\",\"logo\":{\"@type\":\"ImageObject\",\"inLanguage\":\"es\",\"@id\":\"https:\\\/\\\/www.eldiario.net\\\/portal\\\/#\\\/schema\\\/logo\\\/image\\\/\",\"url\":\"https:\\\/\\\/www.eldiario.net\\\/portal\\\/wp-content\\\/uploads\\\/2023\\\/07\\\/logo_ED.jpg\",\"contentUrl\":\"https:\\\/\\\/www.eldiario.net\\\/portal\\\/wp-content\\\/uploads\\\/2023\\\/07\\\/logo_ED.jpg\",\"width\":272,\"height\":52,\"caption\":\"El Diario - Decano de la prensa nacional\"},\"image\":{\"@id\":\"https:\\\/\\\/www.eldiario.net\\\/portal\\\/#\\\/schema\\\/logo\\\/image\\\/\"},\"sameAs\":[\"https:\\\/\\\/www.facebook.com\\\/eldiario.bolivia\\\/\",\"https:\\\/\\\/x.com\\\/eldiario_net\"]},{\"@type\":\"Person\",\"@id\":\"https:\\\/\\\/www.eldiario.net\\\/portal\\\/#\\\/schema\\\/person\\\/2c57cf2b7a7ae032e449e4c9b1019eac\",\"name\":\"Jeanette\",\"image\":{\"@type\":\"ImageObject\",\"inLanguage\":\"es\",\"@id\":\"https:\\\/\\\/secure.gravatar.com\\\/avatar\\\/3ea2118a5f7dad2b7138b1187a6b7ee55f160b9968b66013c3a3ef39dd7e5798?s=96&d=mm&r=g\",\"url\":\"https:\\\/\\\/secure.gravatar.com\\\/avatar\\\/3ea2118a5f7dad2b7138b1187a6b7ee55f160b9968b66013c3a3ef39dd7e5798?s=96&d=mm&r=g\",\"contentUrl\":\"https:\\\/\\\/secure.gravatar.com\\\/avatar\\\/3ea2118a5f7dad2b7138b1187a6b7ee55f160b9968b66013c3a3ef39dd7e5798?s=96&d=mm&r=g\",\"caption\":\"Jeanette\"},\"sameAs\":[\"https:\\\/\\\/www.eldiario.net\\\/portal\"],\"url\":\"https:\\\/\\\/www.eldiario.net\\\/portal\\\/author\\\/jeanette\\\/\"}]}<\/script>\n<!-- \/ Yoast SEO plugin. -->","yoast_head_json":{"title":"Always somete a FC Astor (2-1) y est\u00e1 cerca del t\u00edtulo - El Diario - Bolivia","robots":{"index":"index","follow":"follow","max-snippet":"max-snippet:-1","max-image-preview":"max-image-preview:large","max-video-preview":"max-video-preview:-1"},"canonical":"https:\/\/www.eldiario.net\/portal\/2025\/08\/25\/always-somete-a-fc-astor-2-1-y-esta-cerca-del-titulo\/","og_locale":"es_ES","og_type":"article","og_title":"Always somete a FC Astor (2-1) y est\u00e1 cerca del t\u00edtulo - El Diario - Bolivia","og_description":"El plantel femenino de f\u00fatbol de Always Ready logr\u00f3 vencer (2-1) a FC Astor, en el partido de ida por la final del torneo oficial de la categor\u00eda. En juego disputado la ma\u00f1ana de ayer domingo en el Centro de Alto Rendimiento (CAR) de la localidad de Huarina, se vio un encuentro equilibrado por ambos [&hellip;]","og_url":"https:\/\/www.eldiario.net\/portal\/2025\/08\/25\/always-somete-a-fc-astor-2-1-y-esta-cerca-del-titulo\/","og_site_name":"El Diario - Bolivia","article_publisher":"https:\/\/www.facebook.com\/eldiario.bolivia\/","article_published_time":"2025-08-25T09:49:26+00:00","og_image":[{"width":540,"height":335,"url":"https:\/\/www.eldiario.net\/portal\/wp-content\/uploads\/2025\/08\/FOTO-74-4.webp","type":"image\/webp"}],"author":"Jeanette","twitter_card":"summary_large_image","twitter_creator":"@eldiario_net","twitter_site":"@eldiario_net","twitter_misc":{"Escrito por":"Jeanette","Tiempo de lectura":"2 minutos"},"schema":{"@context":"https:\/\/schema.org","@graph":[{"@type":"Article","@id":"https:\/\/www.eldiario.net\/portal\/2025\/08\/25\/always-somete-a-fc-astor-2-1-y-esta-cerca-del-titulo\/#article","isPartOf":{"@id":"https:\/\/www.eldiario.net\/portal\/2025\/08\/25\/always-somete-a-fc-astor-2-1-y-esta-cerca-del-titulo\/"},"author":{"name":"Jeanette","@id":"https:\/\/www.eldiario.net\/portal\/#\/schema\/person\/2c57cf2b7a7ae032e449e4c9b1019eac"},"headline":"Always somete a FC Astor (2-1) y est\u00e1 cerca del t\u00edtulo","datePublished":"2025-08-25T09:49:26+00:00","mainEntityOfPage":{"@id":"https:\/\/www.eldiario.net\/portal\/2025\/08\/25\/always-somete-a-fc-astor-2-1-y-esta-cerca-del-titulo\/"},"wordCount":263,"publisher":{"@id":"https:\/\/www.eldiario.net\/portal\/#organization"},"image":{"@id":"https:\/\/www.eldiario.net\/portal\/2025\/08\/25\/always-somete-a-fc-astor-2-1-y-esta-cerca-del-titulo\/#primaryimage"},"thumbnailUrl":"https:\/\/www.eldiario.net\/portal\/wp-content\/uploads\/2025\/08\/FOTO-74-4.webp","articleSection":["Deportes"],"inLanguage":"es"},{"@type":"WebPage","@id":"https:\/\/www.eldiario.net\/portal\/2025\/08\/25\/always-somete-a-fc-astor-2-1-y-esta-cerca-del-titulo\/","url":"https:\/\/www.eldiario.net\/portal\/2025\/08\/25\/always-somete-a-fc-astor-2-1-y-esta-cerca-del-titulo\/","name":"Always somete a FC Astor (2-1) y est\u00e1 cerca del t\u00edtulo - El Diario - Bolivia","isPartOf":{"@id":"https:\/\/www.eldiario.net\/portal\/#website"},"primaryImageOfPage":{"@id":"https:\/\/www.eldiario.net\/portal\/2025\/08\/25\/always-somete-a-fc-astor-2-1-y-esta-cerca-del-titulo\/#primaryimage"},"image":{"@id":"https:\/\/www.eldiario.net\/portal\/2025\/08\/25\/always-somete-a-fc-astor-2-1-y-esta-cerca-del-titulo\/#primaryimage"},"thumbnailUrl":"https:\/\/www.eldiario.net\/portal\/wp-content\/uploads\/2025\/08\/FOTO-74-4.webp","datePublished":"2025-08-25T09:49:26+00:00","breadcrumb":{"@id":"https:\/\/www.eldiario.net\/portal\/2025\/08\/25\/always-somete-a-fc-astor-2-1-y-esta-cerca-del-titulo\/#breadcrumb"},"inLanguage":"es","potentialAction":[{"@type":"ReadAction","target":["https:\/\/www.eldiario.net\/portal\/2025\/08\/25\/always-somete-a-fc-astor-2-1-y-esta-cerca-del-titulo\/"]}]},{"@type":"ImageObject","inLanguage":"es","@id":"https:\/\/www.eldiario.net\/portal\/2025\/08\/25\/always-somete-a-fc-astor-2-1-y-esta-cerca-del-titulo\/#primaryimage","url":"https:\/\/www.eldiario.net\/portal\/wp-content\/uploads\/2025\/08\/FOTO-74-4.webp","contentUrl":"https:\/\/www.eldiario.net\/portal\/wp-content\/uploads\/2025\/08\/FOTO-74-4.webp","width":540,"height":335},{"@type":"BreadcrumbList","@id":"https:\/\/www.eldiario.net\/portal\/2025\/08\/25\/always-somete-a-fc-astor-2-1-y-esta-cerca-del-titulo\/#breadcrumb","itemListElement":[{"@type":"ListItem","position":1,"name":"Portada","item":"https:\/\/www.eldiario.net\/portal\/"},{"@type":"ListItem","position":2,"name":"Always somete a FC Astor (2-1) y est\u00e1 cerca del t\u00edtulo"}]},{"@type":"WebSite","@id":"https:\/\/www.eldiario.net\/portal\/#website","url":"https:\/\/www.eldiario.net\/portal\/","name":"El Diario - Decano de la prensa nacional","description":"El Diario - Decano de la prensa nacional","publisher":{"@id":"https:\/\/www.eldiario.net\/portal\/#organization"},"potentialAction":[{"@type":"SearchAction","target":{"@type":"EntryPoint","urlTemplate":"https:\/\/www.eldiario.net\/portal\/?s={search_term_string}"},"query-input":{"@type":"PropertyValueSpecification","valueRequired":true,"valueName":"search_term_string"}}],"inLanguage":"es"},{"@type":"Organization","@id":"https:\/\/www.eldiario.net\/portal\/#organization","name":"El Diario - Decano de la prensa nacional","url":"https:\/\/www.eldiario.net\/portal\/","logo":{"@type":"ImageObject","inLanguage":"es","@id":"https:\/\/www.eldiario.net\/portal\/#\/schema\/logo\/image\/","url":"https:\/\/www.eldiario.net\/portal\/wp-content\/uploads\/2023\/07\/logo_ED.jpg","contentUrl":"https:\/\/www.eldiario.net\/portal\/wp-content\/uploads\/2023\/07\/logo_ED.jpg","width":272,"height":52,"caption":"El Diario - Decano de la prensa nacional"},"image":{"@id":"https:\/\/www.eldiario.net\/portal\/#\/schema\/logo\/image\/"},"sameAs":["https:\/\/www.facebook.com\/eldiario.bolivia\/","https:\/\/x.com\/eldiario_net"]},{"@type":"Person","@id":"https:\/\/www.eldiario.net\/portal\/#\/schema\/person\/2c57cf2b7a7ae032e449e4c9b1019eac","name":"Jeanette","image":{"@type":"ImageObject","inLanguage":"es","@id":"https:\/\/secure.gravatar.com\/avatar\/3ea2118a5f7dad2b7138b1187a6b7ee55f160b9968b66013c3a3ef39dd7e5798?s=96&d=mm&r=g","url":"https:\/\/secure.gravatar.com\/avatar\/3ea2118a5f7dad2b7138b1187a6b7ee55f160b9968b66013c3a3ef39dd7e5798?s=96&d=mm&r=g","contentUrl":"https:\/\/secure.gravatar.com\/avatar\/3ea2118a5f7dad2b7138b1187a6b7ee55f160b9968b66013c3a3ef39dd7e5798?s=96&d=mm&r=g","caption":"Jeanette"},"sameAs":["https:\/\/www.eldiario.net\/portal"],"url":"https:\/\/www.eldiario.net\/portal\/author\/jeanette\/"}]}},"_links":{"self":[{"href":"https:\/\/www.eldiario.net\/portal\/wp-json\/wp\/v2\/posts\/326407","targetHints":{"allow":["GET"]}}],"collection":[{"href":"https:\/\/www.eldiario.net\/portal\/wp-json\/wp\/v2\/posts"}],"about":[{"href":"https:\/\/www.eldiario.net\/portal\/wp-json\/wp\/v2\/types\/post"}],"author":[{"embeddable":true,"href":"https:\/\/www.eldiario.net\/portal\/wp-json\/wp\/v2\/users\/1"}],"replies":[{"embeddable":true,"href":"https:\/\/www.eldiario.net\/portal\/wp-json\/wp\/v2\/comments?post=326407"}],"version-history":[{"count":1,"href":"https:\/\/www.eldiario.net\/portal\/wp-json\/wp\/v2\/posts\/326407\/revisions"}],"predecessor-version":[{"id":326410,"href":"https:\/\/www.eldiario.net\/portal\/wp-json\/wp\/v2\/posts\/326407\/revisions\/326410"}],"wp:featuredmedia":[{"embeddable":true,"href":"https:\/\/www.eldiario.net\/portal\/wp-json\/wp\/v2\/media\/326408"}],"wp:attachment":[{"href":"https:\/\/www.eldiario.net\/portal\/wp-json\/wp\/v2\/media?parent=326407"}],"wp:term":[{"taxonomy":"category","embeddable":true,"href":"https:\/\/www.eldiario.net\/portal\/wp-json\/wp\/v2\/categories?post=326407"},{"taxonomy":"post_tag","embeddable":true,"href":"https:\/\/www.eldiario.net\/portal\/wp-json\/wp\/v2\/tags?post=326407"}],"curies":[{"name":"wp","href":"https:\/\/api.w.org\/{rel}","templated":true}]}}