{"id":326396,"date":"2025-08-25T00:58:31","date_gmt":"2025-08-25T04:58:31","guid":{"rendered":"https:\/\/www.eldiario.net\/portal\/?p=326396"},"modified":"2025-08-24T22:00:32","modified_gmt":"2025-08-25T02:00:32","slug":"verty-bracamonte-presenta-cuecas-fundamentales","status":"publish","type":"post","link":"https:\/\/www.eldiario.net\/portal\/2025\/08\/25\/verty-bracamonte-presenta-cuecas-fundamentales\/","title":{"rendered":"Verty Bracamonte presenta  \u00abCuecas fundamentales\u201d"},"content":{"rendered":"<p>Verty Bracamonte presenta su proyecto \u00abCuecas Fundamentales\u00bb, un homenaje a la m\u00fasica folkl\u00f3rica boliviana que busca acercar las cuecas m\u00e1s importantes a nuevas est\u00e9ticas musicales y garantizar su preservaci\u00f3n para futuras generaciones.<\/p>\n<p>Bracamonte es un m\u00fasico y comunicador audiovisual con una amplia trayectoria en la producci\u00f3n audiovisual y m\u00fasical. Naci\u00f3 en Villa Montes, provincia Gran Chaco del departamento de Tarija, y ha vivido en diferentes lugares, incluyendo Santa Cruz de la Sierra y C\u00f3rdoba, Argentina. Ha participado en diversas producciones cinematogr\u00e1ficas y televisivas, y ha colaborado con artistas y organizaciones culturales en Bolivia y Argentina.<\/p>\n<p>El Proyecto \u00abCuecas Fundamentales\u00bb naci\u00f3 en 2019, durante la pandemia, con la idea de recopilar y reinterpretar 100 cuecas bolivianas importantes. El proyecto cuenta con la colaboraci\u00f3n de m\u00fasicos consagrados, como Mart\u00edn Tincho Castillo, Gustavo Orihuela, Diego Ball\u00f3n, Pablo I\u00f1iguez y Marcelo Murillo, entre otros.<\/p>\n<p>El objetivo del proyecto es publicar un cancionero de \u00abCuecas Fundamentales\u00bb con el comentario del Investigador\/Historiador Marco Montellano, con las letras y acordes correspondientes, como as\u00ed tambi\u00e9n la partitura completa y una versi\u00f3n estandarizada en tres tonalidades, para poder ser estudiado y practicado por entusiastas y estudiosos de la m\u00fasica.<\/p>\n<p><strong>EL CONCIERTO <\/strong><\/p>\n<p>El concierto \u00abCuecas Fundamentales &#8211; Resonancias de Bolivia\u00bb se efectuar\u00e1 este jueves 28 de agosto, a las 20:00 horas, en el Teatro Nuna (Calle 21 de Calacoto, parada PumaKatari). El evento contar\u00e1 con la participaci\u00f3n de un equipo de m\u00fasicos consagrados, incluyendo a:<\/p>\n<ul>\n<li>Mart\u00edn Tincho Castillo (guitarra)<\/li>\n<li>Gustavo Orihuela (viol\u00edn)<\/li>\n<li>Diego Ball\u00f3n (teclados)<\/li>\n<li>Pablo I\u00f1iguez<\/li>\n<li>Marcelo Murillo (percusi\u00f3n)<\/li>\n<li>Carlos R\u00edos (arreglista)<\/li>\n<li>Invitado especial: Bladimir Morales (bajo)<\/li>\n<\/ul>\n<p><strong>LA PRODUCCI\u00d3N AUDIOVISUAL <\/strong><\/p>\n<p>La producci\u00f3n audiovisual del proyecto fue realizada en la ciudad de Sucre, donde se recibi\u00f3 todo el apoyo de la Direcci\u00f3n de Cultura y Turismo del municipio de Sucre y del Museo de Etnograf\u00eda y Folklore. Fueron grabados diez videoclips en la azotea de la MANSARDA (Gobernaci\u00f3n de Sucre) y el patio del MUSEF Sucre.<\/p>\n<p><strong>ENTRADAS Y M\u00c1S INFORMACI\u00d3N <\/strong><\/p>\n<p>Las entradas se las puede adquirir en el siguiente enlace:<\/p>\n<p>https:\/\/www.nunaespacioarte.com\/&#8230;\/722_cuecas&#8230;<\/p>\n<p>Tambi\u00e9n en boleter\u00eda del teatro de 16:30 a 20:30 horas de mi\u00e9rcoles a domingo. Para obtener m\u00e1s informaci\u00f3n, se pueden contactar con el n\u00famero 77765337.<\/p>\n<p><strong>IMPORTANCIA DEL PROYECTO \u00abCUECAS FUNDAMENTALES\u00bb <\/strong><\/p>\n<p>La importancia de este proyecto es que rescata las cuecas m\u00e1s importantes, acerc\u00e1ndolas a las nuevas generaciones con un lenguaje musical contempor\u00e1neo. Es un homenaje a la m\u00fasica folkl\u00f3rica boliviana y un esfuerzo por preservar la herencia cultural del pa\u00eds.<\/p>\n<p>Con la presentaci\u00f3n de este proyecto, Verty Bracamonte y su equipo de m\u00fasicos consagrados buscan acercar las cuecas m\u00e1s importantes a nuevas est\u00e9ticas musicales y garantizar su preservaci\u00f3n para futuras generaciones. La cita con las\u00a0 \u201cCuecas Fundamentales &#8211; Resonancias de Bolivia\u201d es el jueves 28 de agosto en el Teatro Nuna.<\/p>\n<p><strong>ALGO DE LOS M\u00daSICOS<\/strong><\/p>\n<p>Mart\u00edn \u201cTincho\u201d Castillo es un polifac\u00e9tico y genial guitarrista.<\/p>\n<p>Gustavo Orihuela es violinista, musicoterapeuta y psic\u00f3logo. Su trabajo se basa en recoger la esencia de la m\u00fasica popular boliviana, investigar las envolturas sonoras de culturas desde tierras bajas, valles y altiplano y crear una nueva sonoridad en el viol\u00edn.<\/p>\n<p>Tiene cuatro \u00e1lbumes musicales como solista: \u201cCuerdas Alien\u00edgenas\u201d (2012), grabado y lanzado en Valencia, Espa\u00f1a, con la banda Gypsy Jazz \u201cLe Petit Manouche\u201d, elenco pionero de jazz manouche en Espa\u00f1a. En Bolivia con el elenco \u201cGustavo Orihuela Quartet\u201d produce el \u00e1lbum \u201cBolivian Violin\u201d, 2013, trabajo de m\u00fasica boliviana en lenguajes modernos. En 2019 lanza el \u00e1lbum \u201cTerra\u201d en CD y Vinilo Single, dedicado a la naturaleza, conservaci\u00f3n y diversidad, y en 2022 \u201cEf\u00edmera\u201d, \u00e1lbum en vivo dedicado a la memoria del contrabajista Randolph R\u00edos.<\/p>\n<p>El \u00e1lbum \u201cBolivian Violin\u201d fue el comienzo para que Orihuela selle su nombre junto al del viol\u00edn y rescate este instrumento universal, pero con la capacidad de adecuarse a los sonidos bolivianos y del mundo. Se debe destacar que este trabajo es pionero en desarrollar la m\u00fasica popular boliviana y fusiones en jazz con el viol\u00edn.<\/p>\n<p>Diego f. Ball\u00f3n C\u00e1rdenas es pianista, compositor, productor musical y arreglista de Efecto Mandarina, Vinilo54, Gustavo Orihuela Quartet, QuenaPiano y de Gian-Carla Tisera. Fue tecladista de Llegas, Luzmila Carpio, Rodrigo Rojas y el Papirri.<\/p>\n<p>Pablo I\u00f1iguez y Marcelo Murillo son dos sobresalientes maestros de la percusi\u00f3n.<\/p>\n<p>Bladimir Morales es un destacado bajista, gestor, docente y productor musical, creador de la agrupaci\u00f3n boliviana Efecto Mandarina, productor del Festijazz Internacional y creador del programa de aprendizaje musical GO MUSIC, que se enfoca en promocionar a los talentos j\u00f3venes del pa\u00eds. Tuvo la oportunidad de tocar junto a muchos artistas reconocidos en Bolivia y a nivel mundial, como Nelson Latif y Bosco Oliveira (guitarra-Brasil), Erick Byrd (pianista-USA) y Mike del Ferro (pianista-Pa\u00edses Bajos), grabando un DVD llamado \u201cRhapsody\u201d con Del Ferro.<\/p>\n<p>Morales es conocido por muchos por su gran versatilidad en el bajo. Tambi\u00e9n por participar como bajista latino m\u00e1s influyente de Latinoam\u00e9rica en festivales y mercados culturales de EEUU.<\/p>\n<p>Desde 2014, es endorser de las marcas internacionales: Mtd Kingston, Mtd-usa, Gruv Gear, Bartolini Audio 64 y Tec Amp.<\/p>\n\r\n                <style type=\"text\/css\">\r\n                    \r\n                    #tdi_1  .td-doubleSlider-2 .td-item1 {\r\n                        background: url(https:\/\/www.eldiario.net\/portal\/wp-content\/uploads\/2025\/08\/9--80x60.webp) 0 0 no-repeat;\r\n                    }\r\n                    #tdi_1  .td-doubleSlider-2 .td-item2 {\r\n                        background: url(https:\/\/www.eldiario.net\/portal\/wp-content\/uploads\/2025\/08\/1-PRINCIPAL-9-80x60.webp) 0 0 no-repeat;\r\n                    }\r\n                    #tdi_1  .td-doubleSlider-2 .td-item3 {\r\n                        background: url(https:\/\/www.eldiario.net\/portal\/wp-content\/uploads\/2025\/08\/2-1-1-80x60.webp) 0 0 no-repeat;\r\n                    }\r\n                    #tdi_1  .td-doubleSlider-2 .td-item4 {\r\n                        background: url(https:\/\/www.eldiario.net\/portal\/wp-content\/uploads\/2025\/08\/3-1-1-80x60.webp) 0 0 no-repeat;\r\n                    }\r\n                    #tdi_1  .td-doubleSlider-2 .td-item5 {\r\n                        background: url(https:\/\/www.eldiario.net\/portal\/wp-content\/uploads\/2025\/08\/4-1-1-80x60.webp) 0 0 no-repeat;\r\n                    }\r\n                    #tdi_1  .td-doubleSlider-2 .td-item6 {\r\n                        background: url(https:\/\/www.eldiario.net\/portal\/wp-content\/uploads\/2025\/08\/5-1-1-80x60.webp) 0 0 no-repeat;\r\n                    }\r\n                    #tdi_1  .td-doubleSlider-2 .td-item7 {\r\n                        background: url(https:\/\/www.eldiario.net\/portal\/wp-content\/uploads\/2025\/08\/6-1-1-80x60.webp) 0 0 no-repeat;\r\n                    }\r\n                    #tdi_1  .td-doubleSlider-2 .td-item8 {\r\n                        background: url(https:\/\/www.eldiario.net\/portal\/wp-content\/uploads\/2025\/08\/7--80x60.webp) 0 0 no-repeat;\r\n                    }\r\n                    #tdi_1  .td-doubleSlider-2 .td-item9 {\r\n                        background: url(https:\/\/www.eldiario.net\/portal\/wp-content\/uploads\/2025\/08\/8--80x60.webp) 0 0 no-repeat;\r\n                    }\r\n                <\/style>\r\n\r\n                <div id=\"tdi_1\" class=\"td-gallery td-slide-on-2-columns\">\r\n                    <div class=\"post_td_gallery\">\r\n                        <div class=\"td-gallery-slide-top\">\r\n                           <div class=\"td-gallery-title\"><\/div>\r\n\r\n                            <div class=\"td-gallery-controls-wrapper\">\r\n                                <div class=\"td-gallery-slide-count\"><span class=\"td-gallery-slide-item-focus\">1<\/span> de 9<\/div>\r\n                                <div class=\"td-gallery-slide-prev-next-but\">\r\n                                    <i class = \"td-icon-left doubleSliderPrevButton\"><\/i>\r\n                                    <i class = \"td-icon-right doubleSliderNextButton\"><\/i>\r\n                                <\/div>\r\n                            <\/div>\r\n                        <\/div>\r\n\r\n                        <div class = \"td-doubleSlider-1 \">\r\n                            <div class = \"td-slider\">\r\n                                \r\n                    <div class = \"td-slide-item td-item1\">\r\n                        <figure class=\"td-slide-galery-figure td-slide-popup-gallery\">\r\n                            <a class=\"slide-gallery-image-link\" href=\"https:\/\/www.eldiario.net\/portal\/wp-content\/uploads\/2025\/08\/9-.webp\" title=\"9-\"  data-caption=\"\"  data-description=\"\">\r\n                                <img decoding=\"async\" src=\"https:\/\/www.eldiario.net\/portal\/wp-content\/uploads\/2025\/08\/9--420x420.webp\" srcset=\"https:\/\/www.eldiario.net\/portal\/wp-content\/uploads\/2025\/08\/9--420x420.webp 420w, https:\/\/www.eldiario.net\/portal\/wp-content\/uploads\/2025\/08\/9--300x300.webp 300w, https:\/\/www.eldiario.net\/portal\/wp-content\/uploads\/2025\/08\/9--150x150.webp 150w, https:\/\/www.eldiario.net\/portal\/wp-content\/uploads\/2025\/08\/9-.webp 675w\" sizes=\"(max-width: 420px) 100vw, 420px\" alt=\"\">\r\n                            <\/a>\r\n                            \r\n                        <\/figure>\r\n                    <\/div>\r\n                    <div class = \"td-slide-item td-item2\">\r\n                        <figure class=\"td-slide-galery-figure td-slide-popup-gallery\">\r\n                            <a class=\"slide-gallery-image-link\" href=\"https:\/\/www.eldiario.net\/portal\/wp-content\/uploads\/2025\/08\/1-PRINCIPAL-9.webp\" title=\"1-PRINCIPAL\"  data-caption=\"\"  data-description=\"\">\r\n                                <img decoding=\"async\" src=\"https:\/\/www.eldiario.net\/portal\/wp-content\/uploads\/2025\/08\/1-PRINCIPAL-9-236x420.webp\" srcset=\"https:\/\/www.eldiario.net\/portal\/wp-content\/uploads\/2025\/08\/1-PRINCIPAL-9-236x420.webp 236w, https:\/\/www.eldiario.net\/portal\/wp-content\/uploads\/2025\/08\/1-PRINCIPAL-9-169x300.webp 169w, https:\/\/www.eldiario.net\/portal\/wp-content\/uploads\/2025\/08\/1-PRINCIPAL-9-576x1024.webp 576w, https:\/\/www.eldiario.net\/portal\/wp-content\/uploads\/2025\/08\/1-PRINCIPAL-9-768x1365.webp 768w, https:\/\/www.eldiario.net\/portal\/wp-content\/uploads\/2025\/08\/1-PRINCIPAL-9-150x267.webp 150w, https:\/\/www.eldiario.net\/portal\/wp-content\/uploads\/2025\/08\/1-PRINCIPAL-9-300x533.webp 300w, https:\/\/www.eldiario.net\/portal\/wp-content\/uploads\/2025\/08\/1-PRINCIPAL-9-696x1237.webp 696w, https:\/\/www.eldiario.net\/portal\/wp-content\/uploads\/2025\/08\/1-PRINCIPAL-9.webp 864w\" sizes=\"(max-width: 236px) 100vw, 236px\" alt=\"\">\r\n                            <\/a>\r\n                            \r\n                        <\/figure>\r\n                    <\/div>\r\n                    <div class = \"td-slide-item td-item3\">\r\n                        <figure class=\"td-slide-galery-figure td-slide-popup-gallery\">\r\n                            <a class=\"slide-gallery-image-link\" href=\"https:\/\/www.eldiario.net\/portal\/wp-content\/uploads\/2025\/08\/2-1-1.webp\" title=\"2-\"  data-caption=\"\"  data-description=\"\">\r\n                                <img decoding=\"async\" src=\"https:\/\/www.eldiario.net\/portal\/wp-content\/uploads\/2025\/08\/2-1-1-724x420.webp\" srcset=\"https:\/\/www.eldiario.net\/portal\/wp-content\/uploads\/2025\/08\/2-1-1-724x420.webp 724w, https:\/\/www.eldiario.net\/portal\/wp-content\/uploads\/2025\/08\/2-1-1-300x174.webp 300w, https:\/\/www.eldiario.net\/portal\/wp-content\/uploads\/2025\/08\/2-1-1-768x446.webp 768w, https:\/\/www.eldiario.net\/portal\/wp-content\/uploads\/2025\/08\/2-1-1-150x87.webp 150w, https:\/\/www.eldiario.net\/portal\/wp-content\/uploads\/2025\/08\/2-1-1-696x404.webp 696w, https:\/\/www.eldiario.net\/portal\/wp-content\/uploads\/2025\/08\/2-1-1.webp 810w\" sizes=\"(max-width: 724px) 100vw, 724px\" alt=\"\">\r\n                            <\/a>\r\n                            \r\n                        <\/figure>\r\n                    <\/div>\r\n                    <div class = \"td-slide-item td-item4\">\r\n                        <figure class=\"td-slide-galery-figure td-slide-popup-gallery\">\r\n                            <a class=\"slide-gallery-image-link\" href=\"https:\/\/www.eldiario.net\/portal\/wp-content\/uploads\/2025\/08\/3-1-1.webp\" title=\"3-\"  data-caption=\"\"  data-description=\"\">\r\n                                <img decoding=\"async\" src=\"https:\/\/www.eldiario.net\/portal\/wp-content\/uploads\/2025\/08\/3-1-1-747x420.webp\" srcset=\"https:\/\/www.eldiario.net\/portal\/wp-content\/uploads\/2025\/08\/3-1-1-747x420.webp 747w, https:\/\/www.eldiario.net\/portal\/wp-content\/uploads\/2025\/08\/3-1-1-300x169.webp 300w, https:\/\/www.eldiario.net\/portal\/wp-content\/uploads\/2025\/08\/3-1-1-1024x576.webp 1024w, https:\/\/www.eldiario.net\/portal\/wp-content\/uploads\/2025\/08\/3-1-1-768x432.webp 768w, https:\/\/www.eldiario.net\/portal\/wp-content\/uploads\/2025\/08\/3-1-1-150x84.webp 150w, https:\/\/www.eldiario.net\/portal\/wp-content\/uploads\/2025\/08\/3-1-1-696x391.webp 696w, https:\/\/www.eldiario.net\/portal\/wp-content\/uploads\/2025\/08\/3-1-1-1068x600.webp 1068w, https:\/\/www.eldiario.net\/portal\/wp-content\/uploads\/2025\/08\/3-1-1.webp 1199w\" sizes=\"(max-width: 747px) 100vw, 747px\" alt=\"\">\r\n                            <\/a>\r\n                            \r\n                        <\/figure>\r\n                    <\/div>\r\n                    <div class = \"td-slide-item td-item5\">\r\n                        <figure class=\"td-slide-galery-figure td-slide-popup-gallery\">\r\n                            <a class=\"slide-gallery-image-link\" href=\"https:\/\/www.eldiario.net\/portal\/wp-content\/uploads\/2025\/08\/4-1-1.webp\" title=\"4-\"  data-caption=\"\"  data-description=\"\">\r\n                                <img decoding=\"async\" src=\"https:\/\/www.eldiario.net\/portal\/wp-content\/uploads\/2025\/08\/4-1-1-747x420.webp\" srcset=\"https:\/\/www.eldiario.net\/portal\/wp-content\/uploads\/2025\/08\/4-1-1-747x420.webp 747w, https:\/\/www.eldiario.net\/portal\/wp-content\/uploads\/2025\/08\/4-1-1-300x169.webp 300w, https:\/\/www.eldiario.net\/portal\/wp-content\/uploads\/2025\/08\/4-1-1-1024x576.webp 1024w, https:\/\/www.eldiario.net\/portal\/wp-content\/uploads\/2025\/08\/4-1-1-768x432.webp 768w, https:\/\/www.eldiario.net\/portal\/wp-content\/uploads\/2025\/08\/4-1-1-150x84.webp 150w, https:\/\/www.eldiario.net\/portal\/wp-content\/uploads\/2025\/08\/4-1-1-696x391.webp 696w, https:\/\/www.eldiario.net\/portal\/wp-content\/uploads\/2025\/08\/4-1-1-1068x600.webp 1068w, https:\/\/www.eldiario.net\/portal\/wp-content\/uploads\/2025\/08\/4-1-1.webp 1199w\" sizes=\"(max-width: 747px) 100vw, 747px\" alt=\"\">\r\n                            <\/a>\r\n                            \r\n                        <\/figure>\r\n                    <\/div>\r\n                    <div class = \"td-slide-item td-item6\">\r\n                        <figure class=\"td-slide-galery-figure td-slide-popup-gallery\">\r\n                            <a class=\"slide-gallery-image-link\" href=\"https:\/\/www.eldiario.net\/portal\/wp-content\/uploads\/2025\/08\/5-1-1.webp\" title=\"5-\"  data-caption=\"\"  data-description=\"\">\r\n                                <img decoding=\"async\" src=\"https:\/\/www.eldiario.net\/portal\/wp-content\/uploads\/2025\/08\/5-1-1-747x420.webp\" srcset=\"https:\/\/www.eldiario.net\/portal\/wp-content\/uploads\/2025\/08\/5-1-1-747x420.webp 747w, https:\/\/www.eldiario.net\/portal\/wp-content\/uploads\/2025\/08\/5-1-1-300x169.webp 300w, https:\/\/www.eldiario.net\/portal\/wp-content\/uploads\/2025\/08\/5-1-1-1024x576.webp 1024w, https:\/\/www.eldiario.net\/portal\/wp-content\/uploads\/2025\/08\/5-1-1-768x432.webp 768w, https:\/\/www.eldiario.net\/portal\/wp-content\/uploads\/2025\/08\/5-1-1-150x84.webp 150w, https:\/\/www.eldiario.net\/portal\/wp-content\/uploads\/2025\/08\/5-1-1-696x391.webp 696w, https:\/\/www.eldiario.net\/portal\/wp-content\/uploads\/2025\/08\/5-1-1-1068x600.webp 1068w, https:\/\/www.eldiario.net\/portal\/wp-content\/uploads\/2025\/08\/5-1-1.webp 1199w\" sizes=\"(max-width: 747px) 100vw, 747px\" alt=\"\">\r\n                            <\/a>\r\n                            \r\n                        <\/figure>\r\n                    <\/div>\r\n                    <div class = \"td-slide-item td-item7\">\r\n                        <figure class=\"td-slide-galery-figure td-slide-popup-gallery\">\r\n                            <a class=\"slide-gallery-image-link\" href=\"https:\/\/www.eldiario.net\/portal\/wp-content\/uploads\/2025\/08\/6-1-1.webp\" title=\"6-\"  data-caption=\"\"  data-description=\"\">\r\n                                <img decoding=\"async\" src=\"https:\/\/www.eldiario.net\/portal\/wp-content\/uploads\/2025\/08\/6-1-1-747x420.webp\" srcset=\"https:\/\/www.eldiario.net\/portal\/wp-content\/uploads\/2025\/08\/6-1-1-747x420.webp 747w, https:\/\/www.eldiario.net\/portal\/wp-content\/uploads\/2025\/08\/6-1-1-300x169.webp 300w, https:\/\/www.eldiario.net\/portal\/wp-content\/uploads\/2025\/08\/6-1-1-1024x576.webp 1024w, https:\/\/www.eldiario.net\/portal\/wp-content\/uploads\/2025\/08\/6-1-1-768x432.webp 768w, https:\/\/www.eldiario.net\/portal\/wp-content\/uploads\/2025\/08\/6-1-1-150x84.webp 150w, https:\/\/www.eldiario.net\/portal\/wp-content\/uploads\/2025\/08\/6-1-1-696x391.webp 696w, https:\/\/www.eldiario.net\/portal\/wp-content\/uploads\/2025\/08\/6-1-1-1068x600.webp 1068w, https:\/\/www.eldiario.net\/portal\/wp-content\/uploads\/2025\/08\/6-1-1.webp 1199w\" sizes=\"(max-width: 747px) 100vw, 747px\" alt=\"\">\r\n                            <\/a>\r\n                            \r\n                        <\/figure>\r\n                    <\/div>\r\n                    <div class = \"td-slide-item td-item8\">\r\n                        <figure class=\"td-slide-galery-figure td-slide-popup-gallery\">\r\n                            <a class=\"slide-gallery-image-link\" href=\"https:\/\/www.eldiario.net\/portal\/wp-content\/uploads\/2025\/08\/7-.webp\" title=\"7-\"  data-caption=\"\"  data-description=\"\">\r\n                                <img decoding=\"async\" src=\"https:\/\/www.eldiario.net\/portal\/wp-content\/uploads\/2025\/08\/7--747x420.webp\" srcset=\"https:\/\/www.eldiario.net\/portal\/wp-content\/uploads\/2025\/08\/7--747x420.webp 747w, https:\/\/www.eldiario.net\/portal\/wp-content\/uploads\/2025\/08\/7--300x169.webp 300w, https:\/\/www.eldiario.net\/portal\/wp-content\/uploads\/2025\/08\/7--1024x576.webp 1024w, https:\/\/www.eldiario.net\/portal\/wp-content\/uploads\/2025\/08\/7--768x432.webp 768w, https:\/\/www.eldiario.net\/portal\/wp-content\/uploads\/2025\/08\/7--150x84.webp 150w, https:\/\/www.eldiario.net\/portal\/wp-content\/uploads\/2025\/08\/7--696x391.webp 696w, https:\/\/www.eldiario.net\/portal\/wp-content\/uploads\/2025\/08\/7--1068x600.webp 1068w, https:\/\/www.eldiario.net\/portal\/wp-content\/uploads\/2025\/08\/7-.webp 1199w\" sizes=\"(max-width: 747px) 100vw, 747px\" alt=\"\">\r\n                            <\/a>\r\n                            \r\n                        <\/figure>\r\n                    <\/div>\r\n                    <div class = \"td-slide-item td-item9\">\r\n                        <figure class=\"td-slide-galery-figure td-slide-popup-gallery\">\r\n                            <a class=\"slide-gallery-image-link\" href=\"https:\/\/www.eldiario.net\/portal\/wp-content\/uploads\/2025\/08\/8-.webp\" title=\"8-\"  data-caption=\"\"  data-description=\"\">\r\n                                <img decoding=\"async\" src=\"https:\/\/www.eldiario.net\/portal\/wp-content\/uploads\/2025\/08\/8--747x420.webp\" srcset=\"https:\/\/www.eldiario.net\/portal\/wp-content\/uploads\/2025\/08\/8--747x420.webp 747w, https:\/\/www.eldiario.net\/portal\/wp-content\/uploads\/2025\/08\/8--300x169.webp 300w, https:\/\/www.eldiario.net\/portal\/wp-content\/uploads\/2025\/08\/8--1024x576.webp 1024w, https:\/\/www.eldiario.net\/portal\/wp-content\/uploads\/2025\/08\/8--768x432.webp 768w, https:\/\/www.eldiario.net\/portal\/wp-content\/uploads\/2025\/08\/8--150x84.webp 150w, https:\/\/www.eldiario.net\/portal\/wp-content\/uploads\/2025\/08\/8--696x391.webp 696w, https:\/\/www.eldiario.net\/portal\/wp-content\/uploads\/2025\/08\/8--1068x600.webp 1068w, https:\/\/www.eldiario.net\/portal\/wp-content\/uploads\/2025\/08\/8-.webp 1199w\" sizes=\"(max-width: 747px) 100vw, 747px\" alt=\"\">\r\n                            <\/a>\r\n                            \r\n                        <\/figure>\r\n                    <\/div>\r\n                            <\/div>\r\n                        <\/div>\r\n\r\n                        <div class = \"td-doubleSlider-2\">\r\n                            <div class = \"td-slider\">\r\n                                \r\n                    <div class = \"td-button td-item1\">\r\n                        <div class = \"td-border\"><\/div>\r\n                    <\/div>\r\n                    <div class = \"td-button td-item2\">\r\n                        <div class = \"td-border\"><\/div>\r\n                    <\/div>\r\n                    <div class = \"td-button td-item3\">\r\n                        <div class = \"td-border\"><\/div>\r\n                    <\/div>\r\n                    <div class = \"td-button td-item4\">\r\n                        <div class = \"td-border\"><\/div>\r\n                    <\/div>\r\n                    <div class = \"td-button td-item5\">\r\n                        <div class = \"td-border\"><\/div>\r\n                    <\/div>\r\n                    <div class = \"td-button td-item6\">\r\n                        <div class = \"td-border\"><\/div>\r\n                    <\/div>\r\n                    <div class = \"td-button td-item7\">\r\n                        <div class = \"td-border\"><\/div>\r\n                    <\/div>\r\n                    <div class = \"td-button td-item8\">\r\n                        <div class = \"td-border\"><\/div>\r\n                    <\/div>\r\n                    <div class = \"td-button td-item9\">\r\n                        <div class = \"td-border\"><\/div>\r\n                    <\/div>\r\n                            <\/div>\r\n                        <\/div>\r\n\r\n                    <\/div>\r\n\r\n                <\/div>\r\n                \n","protected":false},"excerpt":{"rendered":"<p>Verty Bracamonte presenta su proyecto \u00abCuecas Fundamentales\u00bb, un homenaje a la m\u00fasica folkl\u00f3rica boliviana que busca acercar las cuecas m\u00e1s importantes a nuevas est\u00e9ticas musicales y garantizar su preservaci\u00f3n para futuras generaciones. Bracamonte es un m\u00fasico y comunicador audiovisual con una amplia trayectoria en la producci\u00f3n audiovisual y m\u00fasical. Naci\u00f3 en Villa Montes, provincia Gran [&hellip;]<\/p>\n","protected":false},"author":1,"featured_media":326398,"comment_status":"closed","ping_status":"open","sticky":false,"template":"","format":"standard","meta":{"_acf_changed":false,"footnotes":""},"categories":[41],"tags":[],"class_list":["post-326396","post","type-post","status-publish","format-standard","has-post-thumbnail","category-la-guia"],"acf":{"antetitulo":""},"yoast_head":"<!-- This site is optimized with the Yoast SEO plugin v28.4 - https:\/\/yoast.com\/product\/yoast-seo-wordpress\/ -->\n<title>Verty Bracamonte presenta &quot;Cuecas fundamentales\u201d - El Diario - Bolivia<\/title>\n<meta name=\"robots\" content=\"index, follow, max-snippet:-1, max-image-preview:large, max-video-preview:-1\" \/>\n<link rel=\"canonical\" href=\"https:\/\/www.eldiario.net\/portal\/2025\/08\/25\/verty-bracamonte-presenta-cuecas-fundamentales\/\" \/>\n<meta property=\"og:locale\" content=\"es_ES\" \/>\n<meta property=\"og:type\" content=\"article\" \/>\n<meta property=\"og:title\" content=\"Verty Bracamonte presenta &quot;Cuecas fundamentales\u201d - El Diario - Bolivia\" \/>\n<meta property=\"og:description\" content=\"Verty Bracamonte presenta su proyecto \u00abCuecas Fundamentales\u00bb, un homenaje a la m\u00fasica folkl\u00f3rica boliviana que busca acercar las cuecas m\u00e1s importantes a nuevas est\u00e9ticas musicales y garantizar su preservaci\u00f3n para futuras generaciones. Bracamonte es un m\u00fasico y comunicador audiovisual con una amplia trayectoria en la producci\u00f3n audiovisual y m\u00fasical. Naci\u00f3 en Villa Montes, provincia Gran [&hellip;]\" \/>\n<meta property=\"og:url\" content=\"https:\/\/www.eldiario.net\/portal\/2025\/08\/25\/verty-bracamonte-presenta-cuecas-fundamentales\/\" \/>\n<meta property=\"og:site_name\" content=\"El Diario - Bolivia\" \/>\n<meta property=\"article:publisher\" content=\"https:\/\/www.facebook.com\/eldiario.bolivia\/\" \/>\n<meta property=\"article:published_time\" content=\"2025-08-25T04:58:31+00:00\" \/>\n<meta property=\"og:image\" content=\"https:\/\/www.eldiario.net\/portal\/wp-content\/uploads\/2025\/08\/1-PRINCIPAL-9.webp\" \/>\n\t<meta property=\"og:image:width\" content=\"864\" \/>\n\t<meta property=\"og:image:height\" content=\"1536\" \/>\n\t<meta property=\"og:image:type\" content=\"image\/webp\" \/>\n<meta name=\"author\" content=\"Jeanette\" \/>\n<meta name=\"twitter:card\" content=\"summary_large_image\" \/>\n<meta name=\"twitter:creator\" content=\"@eldiario_net\" \/>\n<meta name=\"twitter:site\" content=\"@eldiario_net\" \/>\n<meta name=\"twitter:label1\" content=\"Escrito por\" \/>\n\t<meta name=\"twitter:data1\" content=\"Jeanette\" \/>\n\t<meta name=\"twitter:label2\" content=\"Tiempo de lectura\" \/>\n\t<meta name=\"twitter:data2\" content=\"4 minutos\" \/>\n<script type=\"application\/ld+json\" class=\"yoast-schema-graph\">{\"@context\":\"https:\\\/\\\/schema.org\",\"@graph\":[{\"@type\":\"Article\",\"@id\":\"https:\\\/\\\/www.eldiario.net\\\/portal\\\/2025\\\/08\\\/25\\\/verty-bracamonte-presenta-cuecas-fundamentales\\\/#article\",\"isPartOf\":{\"@id\":\"https:\\\/\\\/www.eldiario.net\\\/portal\\\/2025\\\/08\\\/25\\\/verty-bracamonte-presenta-cuecas-fundamentales\\\/\"},\"author\":{\"name\":\"Jeanette\",\"@id\":\"https:\\\/\\\/www.eldiario.net\\\/portal\\\/#\\\/schema\\\/person\\\/2c57cf2b7a7ae032e449e4c9b1019eac\"},\"headline\":\"Verty Bracamonte presenta \u00abCuecas fundamentales\u201d\",\"datePublished\":\"2025-08-25T04:58:31+00:00\",\"mainEntityOfPage\":{\"@id\":\"https:\\\/\\\/www.eldiario.net\\\/portal\\\/2025\\\/08\\\/25\\\/verty-bracamonte-presenta-cuecas-fundamentales\\\/\"},\"wordCount\":902,\"publisher\":{\"@id\":\"https:\\\/\\\/www.eldiario.net\\\/portal\\\/#organization\"},\"image\":{\"@id\":\"https:\\\/\\\/www.eldiario.net\\\/portal\\\/2025\\\/08\\\/25\\\/verty-bracamonte-presenta-cuecas-fundamentales\\\/#primaryimage\"},\"thumbnailUrl\":\"https:\\\/\\\/www.eldiario.net\\\/portal\\\/wp-content\\\/uploads\\\/2025\\\/08\\\/1-PRINCIPAL-9.webp\",\"articleSection\":[\"La Gu\u00eda\"],\"inLanguage\":\"es\"},{\"@type\":\"WebPage\",\"@id\":\"https:\\\/\\\/www.eldiario.net\\\/portal\\\/2025\\\/08\\\/25\\\/verty-bracamonte-presenta-cuecas-fundamentales\\\/\",\"url\":\"https:\\\/\\\/www.eldiario.net\\\/portal\\\/2025\\\/08\\\/25\\\/verty-bracamonte-presenta-cuecas-fundamentales\\\/\",\"name\":\"Verty Bracamonte presenta \\\"Cuecas fundamentales\u201d - El Diario - Bolivia\",\"isPartOf\":{\"@id\":\"https:\\\/\\\/www.eldiario.net\\\/portal\\\/#website\"},\"primaryImageOfPage\":{\"@id\":\"https:\\\/\\\/www.eldiario.net\\\/portal\\\/2025\\\/08\\\/25\\\/verty-bracamonte-presenta-cuecas-fundamentales\\\/#primaryimage\"},\"image\":{\"@id\":\"https:\\\/\\\/www.eldiario.net\\\/portal\\\/2025\\\/08\\\/25\\\/verty-bracamonte-presenta-cuecas-fundamentales\\\/#primaryimage\"},\"thumbnailUrl\":\"https:\\\/\\\/www.eldiario.net\\\/portal\\\/wp-content\\\/uploads\\\/2025\\\/08\\\/1-PRINCIPAL-9.webp\",\"datePublished\":\"2025-08-25T04:58:31+00:00\",\"breadcrumb\":{\"@id\":\"https:\\\/\\\/www.eldiario.net\\\/portal\\\/2025\\\/08\\\/25\\\/verty-bracamonte-presenta-cuecas-fundamentales\\\/#breadcrumb\"},\"inLanguage\":\"es\",\"potentialAction\":[{\"@type\":\"ReadAction\",\"target\":[\"https:\\\/\\\/www.eldiario.net\\\/portal\\\/2025\\\/08\\\/25\\\/verty-bracamonte-presenta-cuecas-fundamentales\\\/\"]}]},{\"@type\":\"ImageObject\",\"inLanguage\":\"es\",\"@id\":\"https:\\\/\\\/www.eldiario.net\\\/portal\\\/2025\\\/08\\\/25\\\/verty-bracamonte-presenta-cuecas-fundamentales\\\/#primaryimage\",\"url\":\"https:\\\/\\\/www.eldiario.net\\\/portal\\\/wp-content\\\/uploads\\\/2025\\\/08\\\/1-PRINCIPAL-9.webp\",\"contentUrl\":\"https:\\\/\\\/www.eldiario.net\\\/portal\\\/wp-content\\\/uploads\\\/2025\\\/08\\\/1-PRINCIPAL-9.webp\",\"width\":864,\"height\":1536},{\"@type\":\"BreadcrumbList\",\"@id\":\"https:\\\/\\\/www.eldiario.net\\\/portal\\\/2025\\\/08\\\/25\\\/verty-bracamonte-presenta-cuecas-fundamentales\\\/#breadcrumb\",\"itemListElement\":[{\"@type\":\"ListItem\",\"position\":1,\"name\":\"Portada\",\"item\":\"https:\\\/\\\/www.eldiario.net\\\/portal\\\/\"},{\"@type\":\"ListItem\",\"position\":2,\"name\":\"Verty Bracamonte presenta \u00abCuecas fundamentales\u201d\"}]},{\"@type\":\"WebSite\",\"@id\":\"https:\\\/\\\/www.eldiario.net\\\/portal\\\/#website\",\"url\":\"https:\\\/\\\/www.eldiario.net\\\/portal\\\/\",\"name\":\"El Diario - Decano de la prensa nacional\",\"description\":\"El Diario - Decano de la prensa nacional\",\"publisher\":{\"@id\":\"https:\\\/\\\/www.eldiario.net\\\/portal\\\/#organization\"},\"potentialAction\":[{\"@type\":\"SearchAction\",\"target\":{\"@type\":\"EntryPoint\",\"urlTemplate\":\"https:\\\/\\\/www.eldiario.net\\\/portal\\\/?s={search_term_string}\"},\"query-input\":{\"@type\":\"PropertyValueSpecification\",\"valueRequired\":true,\"valueName\":\"search_term_string\"}}],\"inLanguage\":\"es\"},{\"@type\":\"Organization\",\"@id\":\"https:\\\/\\\/www.eldiario.net\\\/portal\\\/#organization\",\"name\":\"El Diario - Decano de la prensa nacional\",\"url\":\"https:\\\/\\\/www.eldiario.net\\\/portal\\\/\",\"logo\":{\"@type\":\"ImageObject\",\"inLanguage\":\"es\",\"@id\":\"https:\\\/\\\/www.eldiario.net\\\/portal\\\/#\\\/schema\\\/logo\\\/image\\\/\",\"url\":\"https:\\\/\\\/www.eldiario.net\\\/portal\\\/wp-content\\\/uploads\\\/2023\\\/07\\\/logo_ED.jpg\",\"contentUrl\":\"https:\\\/\\\/www.eldiario.net\\\/portal\\\/wp-content\\\/uploads\\\/2023\\\/07\\\/logo_ED.jpg\",\"width\":272,\"height\":52,\"caption\":\"El Diario - Decano de la prensa nacional\"},\"image\":{\"@id\":\"https:\\\/\\\/www.eldiario.net\\\/portal\\\/#\\\/schema\\\/logo\\\/image\\\/\"},\"sameAs\":[\"https:\\\/\\\/www.facebook.com\\\/eldiario.bolivia\\\/\",\"https:\\\/\\\/x.com\\\/eldiario_net\"]},{\"@type\":\"Person\",\"@id\":\"https:\\\/\\\/www.eldiario.net\\\/portal\\\/#\\\/schema\\\/person\\\/2c57cf2b7a7ae032e449e4c9b1019eac\",\"name\":\"Jeanette\",\"image\":{\"@type\":\"ImageObject\",\"inLanguage\":\"es\",\"@id\":\"https:\\\/\\\/secure.gravatar.com\\\/avatar\\\/3ea2118a5f7dad2b7138b1187a6b7ee55f160b9968b66013c3a3ef39dd7e5798?s=96&d=mm&r=g\",\"url\":\"https:\\\/\\\/secure.gravatar.com\\\/avatar\\\/3ea2118a5f7dad2b7138b1187a6b7ee55f160b9968b66013c3a3ef39dd7e5798?s=96&d=mm&r=g\",\"contentUrl\":\"https:\\\/\\\/secure.gravatar.com\\\/avatar\\\/3ea2118a5f7dad2b7138b1187a6b7ee55f160b9968b66013c3a3ef39dd7e5798?s=96&d=mm&r=g\",\"caption\":\"Jeanette\"},\"sameAs\":[\"https:\\\/\\\/www.eldiario.net\\\/portal\"],\"url\":\"https:\\\/\\\/www.eldiario.net\\\/portal\\\/author\\\/jeanette\\\/\"}]}<\/script>\n<!-- \/ Yoast SEO plugin. -->","yoast_head_json":{"title":"Verty Bracamonte presenta \"Cuecas fundamentales\u201d - El Diario - Bolivia","robots":{"index":"index","follow":"follow","max-snippet":"max-snippet:-1","max-image-preview":"max-image-preview:large","max-video-preview":"max-video-preview:-1"},"canonical":"https:\/\/www.eldiario.net\/portal\/2025\/08\/25\/verty-bracamonte-presenta-cuecas-fundamentales\/","og_locale":"es_ES","og_type":"article","og_title":"Verty Bracamonte presenta \"Cuecas fundamentales\u201d - El Diario - Bolivia","og_description":"Verty Bracamonte presenta su proyecto \u00abCuecas Fundamentales\u00bb, un homenaje a la m\u00fasica folkl\u00f3rica boliviana que busca acercar las cuecas m\u00e1s importantes a nuevas est\u00e9ticas musicales y garantizar su preservaci\u00f3n para futuras generaciones. Bracamonte es un m\u00fasico y comunicador audiovisual con una amplia trayectoria en la producci\u00f3n audiovisual y m\u00fasical. Naci\u00f3 en Villa Montes, provincia Gran [&hellip;]","og_url":"https:\/\/www.eldiario.net\/portal\/2025\/08\/25\/verty-bracamonte-presenta-cuecas-fundamentales\/","og_site_name":"El Diario - Bolivia","article_publisher":"https:\/\/www.facebook.com\/eldiario.bolivia\/","article_published_time":"2025-08-25T04:58:31+00:00","og_image":[{"width":864,"height":1536,"url":"https:\/\/www.eldiario.net\/portal\/wp-content\/uploads\/2025\/08\/1-PRINCIPAL-9.webp","type":"image\/webp"}],"author":"Jeanette","twitter_card":"summary_large_image","twitter_creator":"@eldiario_net","twitter_site":"@eldiario_net","twitter_misc":{"Escrito por":"Jeanette","Tiempo de lectura":"4 minutos"},"schema":{"@context":"https:\/\/schema.org","@graph":[{"@type":"Article","@id":"https:\/\/www.eldiario.net\/portal\/2025\/08\/25\/verty-bracamonte-presenta-cuecas-fundamentales\/#article","isPartOf":{"@id":"https:\/\/www.eldiario.net\/portal\/2025\/08\/25\/verty-bracamonte-presenta-cuecas-fundamentales\/"},"author":{"name":"Jeanette","@id":"https:\/\/www.eldiario.net\/portal\/#\/schema\/person\/2c57cf2b7a7ae032e449e4c9b1019eac"},"headline":"Verty Bracamonte presenta \u00abCuecas fundamentales\u201d","datePublished":"2025-08-25T04:58:31+00:00","mainEntityOfPage":{"@id":"https:\/\/www.eldiario.net\/portal\/2025\/08\/25\/verty-bracamonte-presenta-cuecas-fundamentales\/"},"wordCount":902,"publisher":{"@id":"https:\/\/www.eldiario.net\/portal\/#organization"},"image":{"@id":"https:\/\/www.eldiario.net\/portal\/2025\/08\/25\/verty-bracamonte-presenta-cuecas-fundamentales\/#primaryimage"},"thumbnailUrl":"https:\/\/www.eldiario.net\/portal\/wp-content\/uploads\/2025\/08\/1-PRINCIPAL-9.webp","articleSection":["La Gu\u00eda"],"inLanguage":"es"},{"@type":"WebPage","@id":"https:\/\/www.eldiario.net\/portal\/2025\/08\/25\/verty-bracamonte-presenta-cuecas-fundamentales\/","url":"https:\/\/www.eldiario.net\/portal\/2025\/08\/25\/verty-bracamonte-presenta-cuecas-fundamentales\/","name":"Verty Bracamonte presenta \"Cuecas fundamentales\u201d - El Diario - Bolivia","isPartOf":{"@id":"https:\/\/www.eldiario.net\/portal\/#website"},"primaryImageOfPage":{"@id":"https:\/\/www.eldiario.net\/portal\/2025\/08\/25\/verty-bracamonte-presenta-cuecas-fundamentales\/#primaryimage"},"image":{"@id":"https:\/\/www.eldiario.net\/portal\/2025\/08\/25\/verty-bracamonte-presenta-cuecas-fundamentales\/#primaryimage"},"thumbnailUrl":"https:\/\/www.eldiario.net\/portal\/wp-content\/uploads\/2025\/08\/1-PRINCIPAL-9.webp","datePublished":"2025-08-25T04:58:31+00:00","breadcrumb":{"@id":"https:\/\/www.eldiario.net\/portal\/2025\/08\/25\/verty-bracamonte-presenta-cuecas-fundamentales\/#breadcrumb"},"inLanguage":"es","potentialAction":[{"@type":"ReadAction","target":["https:\/\/www.eldiario.net\/portal\/2025\/08\/25\/verty-bracamonte-presenta-cuecas-fundamentales\/"]}]},{"@type":"ImageObject","inLanguage":"es","@id":"https:\/\/www.eldiario.net\/portal\/2025\/08\/25\/verty-bracamonte-presenta-cuecas-fundamentales\/#primaryimage","url":"https:\/\/www.eldiario.net\/portal\/wp-content\/uploads\/2025\/08\/1-PRINCIPAL-9.webp","contentUrl":"https:\/\/www.eldiario.net\/portal\/wp-content\/uploads\/2025\/08\/1-PRINCIPAL-9.webp","width":864,"height":1536},{"@type":"BreadcrumbList","@id":"https:\/\/www.eldiario.net\/portal\/2025\/08\/25\/verty-bracamonte-presenta-cuecas-fundamentales\/#breadcrumb","itemListElement":[{"@type":"ListItem","position":1,"name":"Portada","item":"https:\/\/www.eldiario.net\/portal\/"},{"@type":"ListItem","position":2,"name":"Verty Bracamonte presenta \u00abCuecas fundamentales\u201d"}]},{"@type":"WebSite","@id":"https:\/\/www.eldiario.net\/portal\/#website","url":"https:\/\/www.eldiario.net\/portal\/","name":"El Diario - Decano de la prensa nacional","description":"El Diario - Decano de la prensa nacional","publisher":{"@id":"https:\/\/www.eldiario.net\/portal\/#organization"},"potentialAction":[{"@type":"SearchAction","target":{"@type":"EntryPoint","urlTemplate":"https:\/\/www.eldiario.net\/portal\/?s={search_term_string}"},"query-input":{"@type":"PropertyValueSpecification","valueRequired":true,"valueName":"search_term_string"}}],"inLanguage":"es"},{"@type":"Organization","@id":"https:\/\/www.eldiario.net\/portal\/#organization","name":"El Diario - Decano de la prensa nacional","url":"https:\/\/www.eldiario.net\/portal\/","logo":{"@type":"ImageObject","inLanguage":"es","@id":"https:\/\/www.eldiario.net\/portal\/#\/schema\/logo\/image\/","url":"https:\/\/www.eldiario.net\/portal\/wp-content\/uploads\/2023\/07\/logo_ED.jpg","contentUrl":"https:\/\/www.eldiario.net\/portal\/wp-content\/uploads\/2023\/07\/logo_ED.jpg","width":272,"height":52,"caption":"El Diario - Decano de la prensa nacional"},"image":{"@id":"https:\/\/www.eldiario.net\/portal\/#\/schema\/logo\/image\/"},"sameAs":["https:\/\/www.facebook.com\/eldiario.bolivia\/","https:\/\/x.com\/eldiario_net"]},{"@type":"Person","@id":"https:\/\/www.eldiario.net\/portal\/#\/schema\/person\/2c57cf2b7a7ae032e449e4c9b1019eac","name":"Jeanette","image":{"@type":"ImageObject","inLanguage":"es","@id":"https:\/\/secure.gravatar.com\/avatar\/3ea2118a5f7dad2b7138b1187a6b7ee55f160b9968b66013c3a3ef39dd7e5798?s=96&d=mm&r=g","url":"https:\/\/secure.gravatar.com\/avatar\/3ea2118a5f7dad2b7138b1187a6b7ee55f160b9968b66013c3a3ef39dd7e5798?s=96&d=mm&r=g","contentUrl":"https:\/\/secure.gravatar.com\/avatar\/3ea2118a5f7dad2b7138b1187a6b7ee55f160b9968b66013c3a3ef39dd7e5798?s=96&d=mm&r=g","caption":"Jeanette"},"sameAs":["https:\/\/www.eldiario.net\/portal"],"url":"https:\/\/www.eldiario.net\/portal\/author\/jeanette\/"}]}},"_links":{"self":[{"href":"https:\/\/www.eldiario.net\/portal\/wp-json\/wp\/v2\/posts\/326396","targetHints":{"allow":["GET"]}}],"collection":[{"href":"https:\/\/www.eldiario.net\/portal\/wp-json\/wp\/v2\/posts"}],"about":[{"href":"https:\/\/www.eldiario.net\/portal\/wp-json\/wp\/v2\/types\/post"}],"author":[{"embeddable":true,"href":"https:\/\/www.eldiario.net\/portal\/wp-json\/wp\/v2\/users\/1"}],"replies":[{"embeddable":true,"href":"https:\/\/www.eldiario.net\/portal\/wp-json\/wp\/v2\/comments?post=326396"}],"version-history":[{"count":1,"href":"https:\/\/www.eldiario.net\/portal\/wp-json\/wp\/v2\/posts\/326396\/revisions"}],"predecessor-version":[{"id":326406,"href":"https:\/\/www.eldiario.net\/portal\/wp-json\/wp\/v2\/posts\/326396\/revisions\/326406"}],"wp:featuredmedia":[{"embeddable":true,"href":"https:\/\/www.eldiario.net\/portal\/wp-json\/wp\/v2\/media\/326398"}],"wp:attachment":[{"href":"https:\/\/www.eldiario.net\/portal\/wp-json\/wp\/v2\/media?parent=326396"}],"wp:term":[{"taxonomy":"category","embeddable":true,"href":"https:\/\/www.eldiario.net\/portal\/wp-json\/wp\/v2\/categories?post=326396"},{"taxonomy":"post_tag","embeddable":true,"href":"https:\/\/www.eldiario.net\/portal\/wp-json\/wp\/v2\/tags?post=326396"}],"curies":[{"name":"wp","href":"https:\/\/api.w.org\/{rel}","templated":true}]}}