{"id":326381,"date":"2025-08-25T00:55:08","date_gmt":"2025-08-25T04:55:08","guid":{"rendered":"https:\/\/www.eldiario.net\/portal\/?p=326381"},"modified":"2025-08-24T21:58:14","modified_gmt":"2025-08-25T01:58:14","slug":"emotiva-despedida-en-la-residencia-diplomatica-del-peru","status":"publish","type":"post","link":"https:\/\/www.eldiario.net\/portal\/2025\/08\/25\/emotiva-despedida-en-la-residencia-diplomatica-del-peru\/","title":{"rendered":"Emotiva despedida en la residencia diplom\u00e1tica del Per\u00fa"},"content":{"rendered":"<p>La residencia del encargado de Negocios en ejercicio del Per\u00fa, Carlos Montoya Montero, se llen\u00f3 de calidez y camarader\u00eda para despedir a un miembro de la familia diplom\u00e1tica. El motivo: la culminaci\u00f3n de funciones del segundo secretario Daniel Fern\u00e1ndez, quien, tras poco m\u00e1s de tres a\u00f1os de servicio, emprende un nuevo destino en Espa\u00f1a.<br \/>\nLa recepci\u00f3n, celebrada en La Florida, no fue solo un evento formal, sino un sincero adi\u00f3s a un colega y amigo que deja una huella profunda. Fern\u00e1ndez, visiblemente conmovido, comparti\u00f3 con los presentes la importancia de su paso por Bolivia, un pa\u00eds que se convirti\u00f3 en el escenario de hitos personales y profesionales. \u00abBolivia ha sido mi primer destino como diplom\u00e1tico, y como he escuchado a otros colegas, el primer destino marca para el futuro\u00bb, expres\u00f3.<br \/>\nY es que su carrera despeg\u00f3, marcando momentos trascendentales: \u00abAqu\u00ed tuve mi primer ascenso, naci\u00f3 mi hija, me cas\u00e9\u00bb. Adem\u00e1s de estos logros personales, tuvo el privilegio de trabajar en distintas \u00e1reas de la misi\u00f3n, lo que le permiti\u00f3 adquirir una visi\u00f3n integral del servicio diplom\u00e1tico. Sin embargo, lo m\u00e1s valioso que se lleva, asegur\u00f3, son las personas que conoci\u00f3 en el camino.<br \/>\nEl anfitri\u00f3n Carlos Montoya dedic\u00f3 emotivas palabras a su colega, destacando su profesionalismo y habilidad. \u00abHe podido comprobar de primera mano el profesionalismo y la sagacidad con la que ha desempe\u00f1ado las labores que le fueron asignadas\u00bb, dijo Montoya. Resalt\u00f3 la constancia y la predisposici\u00f3n de Fern\u00e1ndez para enfrentar tareas complejas en \u00e1reas como la cultura, los recursos h\u00eddricos, la cooperaci\u00f3n judicial y los asuntos sociales. \u00abDejas la valla bastante alta para los pr\u00f3ximos funcionarios\u00bb, concluy\u00f3, dese\u00e1ndole un futuro lleno de \u00e9xitos.<br \/>\nComo muestra de su aprecio, los colegas de Fern\u00e1ndez le entregaron varios presentes, sellando la velada con gestos de gratitud y buenos deseos. As\u00ed, entre an\u00e9cdotas, agradecimientos y promesas de reencuentro, Daniel Fern\u00e1ndez cerr\u00f3 un cap\u00edtulo en su vida, llevando consigo no solo recuerdos, sino tambi\u00e9n la certeza de que Bolivia, m\u00e1s que un destino, es una parte indeleble de su historia.<\/p>\n\r\n                <style type=\"text\/css\">\r\n                    \r\n                    #tdi_1  .td-doubleSlider-2 .td-item1 {\r\n                        background: url(https:\/\/www.eldiario.net\/portal\/wp-content\/uploads\/2025\/08\/DSC_4512-80x60.webp) 0 0 no-repeat;\r\n                    }\r\n                    #tdi_1  .td-doubleSlider-2 .td-item2 {\r\n                        background: url(https:\/\/www.eldiario.net\/portal\/wp-content\/uploads\/2025\/08\/DSC_4517-80x60.webp) 0 0 no-repeat;\r\n                    }\r\n                    #tdi_1  .td-doubleSlider-2 .td-item3 {\r\n                        background: url(https:\/\/www.eldiario.net\/portal\/wp-content\/uploads\/2025\/08\/DSC_4519-80x60.webp) 0 0 no-repeat;\r\n                    }\r\n                    #tdi_1  .td-doubleSlider-2 .td-item4 {\r\n                        background: url(https:\/\/www.eldiario.net\/portal\/wp-content\/uploads\/2025\/08\/DSC_4523-80x60.webp) 0 0 no-repeat;\r\n                    }\r\n                    #tdi_1  .td-doubleSlider-2 .td-item5 {\r\n                        background: url(https:\/\/www.eldiario.net\/portal\/wp-content\/uploads\/2025\/08\/DSC_4528-80x60.webp) 0 0 no-repeat;\r\n                    }\r\n                    #tdi_1  .td-doubleSlider-2 .td-item6 {\r\n                        background: url(https:\/\/www.eldiario.net\/portal\/wp-content\/uploads\/2025\/08\/DSC_4540-80x60.webp) 0 0 no-repeat;\r\n                    }\r\n                    #tdi_1  .td-doubleSlider-2 .td-item7 {\r\n                        background: url(https:\/\/www.eldiario.net\/portal\/wp-content\/uploads\/2025\/08\/DSC_4555-80x60.webp) 0 0 no-repeat;\r\n                    }\r\n                    #tdi_1  .td-doubleSlider-2 .td-item8 {\r\n                        background: url(https:\/\/www.eldiario.net\/portal\/wp-content\/uploads\/2025\/08\/DSC_4572-80x60.webp) 0 0 no-repeat;\r\n                    }\r\n                    #tdi_1  .td-doubleSlider-2 .td-item9 {\r\n                        background: url(https:\/\/www.eldiario.net\/portal\/wp-content\/uploads\/2025\/08\/DSC_4582-80x60.webp) 0 0 no-repeat;\r\n                    }\r\n                    #tdi_1  .td-doubleSlider-2 .td-item10 {\r\n                        background: url(https:\/\/www.eldiario.net\/portal\/wp-content\/uploads\/2025\/08\/DSC_4588-80x60.webp) 0 0 no-repeat;\r\n                    }\r\n                    #tdi_1  .td-doubleSlider-2 .td-item11 {\r\n                        background: url(https:\/\/www.eldiario.net\/portal\/wp-content\/uploads\/2025\/08\/DSC_4605-80x60.webp) 0 0 no-repeat;\r\n                    }\r\n                    #tdi_1  .td-doubleSlider-2 .td-item12 {\r\n                        background: url(https:\/\/www.eldiario.net\/portal\/wp-content\/uploads\/2025\/08\/DSC_4613-80x60.webp) 0 0 no-repeat;\r\n                    }\r\n                    #tdi_1  .td-doubleSlider-2 .td-item13 {\r\n                        background: url(https:\/\/www.eldiario.net\/portal\/wp-content\/uploads\/2025\/08\/DSC_4625-80x60.webp) 0 0 no-repeat;\r\n                    }\r\n                <\/style>\r\n\r\n                <div id=\"tdi_1\" class=\"td-gallery td-slide-on-2-columns\">\r\n                    <div class=\"post_td_gallery\">\r\n                        <div class=\"td-gallery-slide-top\">\r\n                           <div class=\"td-gallery-title\"><\/div>\r\n\r\n                            <div class=\"td-gallery-controls-wrapper\">\r\n                                <div class=\"td-gallery-slide-count\"><span class=\"td-gallery-slide-item-focus\">1<\/span> de 13<\/div>\r\n                                <div class=\"td-gallery-slide-prev-next-but\">\r\n                                    <i class = \"td-icon-left doubleSliderPrevButton\"><\/i>\r\n                                    <i class = \"td-icon-right doubleSliderNextButton\"><\/i>\r\n                                <\/div>\r\n                            <\/div>\r\n                        <\/div>\r\n\r\n                        <div class = \"td-doubleSlider-1 \">\r\n                            <div class = \"td-slider\">\r\n                                \r\n                    <div class = \"td-slide-item td-item1\">\r\n                        <figure class=\"td-slide-galery-figure td-slide-popup-gallery\">\r\n                            <a class=\"slide-gallery-image-link\" href=\"https:\/\/www.eldiario.net\/portal\/wp-content\/uploads\/2025\/08\/DSC_4512.webp\" title=\"DSC_4512\"  data-caption=\"ALFREDO BARBOZA, SARAH MAG\u00c1N, ROLANDO J. VARGAS Y FRANK MAG\u00c1N.\"  data-description=\"\">\r\n                                <img decoding=\"async\" src=\"https:\/\/www.eldiario.net\/portal\/wp-content\/uploads\/2025\/08\/DSC_4512-629x420.webp\" srcset=\"https:\/\/www.eldiario.net\/portal\/wp-content\/uploads\/2025\/08\/DSC_4512-629x420.webp 629w, https:\/\/www.eldiario.net\/portal\/wp-content\/uploads\/2025\/08\/DSC_4512-300x200.webp 300w, https:\/\/www.eldiario.net\/portal\/wp-content\/uploads\/2025\/08\/DSC_4512-1024x684.webp 1024w, https:\/\/www.eldiario.net\/portal\/wp-content\/uploads\/2025\/08\/DSC_4512-768x513.webp 768w, https:\/\/www.eldiario.net\/portal\/wp-content\/uploads\/2025\/08\/DSC_4512-150x100.webp 150w, https:\/\/www.eldiario.net\/portal\/wp-content\/uploads\/2025\/08\/DSC_4512-696x465.webp 696w, https:\/\/www.eldiario.net\/portal\/wp-content\/uploads\/2025\/08\/DSC_4512-1068x713.webp 1068w, https:\/\/www.eldiario.net\/portal\/wp-content\/uploads\/2025\/08\/DSC_4512.webp 1200w\" sizes=\"(max-width: 629px) 100vw, 629px\" alt=\"\">\r\n                            <\/a>\r\n                            <figcaption class = \"td-slide-caption td-gallery-slide-content\"><div class = \"td-gallery-slide-copywrite\">ALFREDO BARBOZA, SARAH MAG\u00c1N, ROLANDO J. VARGAS Y FRANK MAG\u00c1N.<\/div><\/figcaption>\r\n                        <\/figure>\r\n                    <\/div>\r\n                    <div class = \"td-slide-item td-item2\">\r\n                        <figure class=\"td-slide-galery-figure td-slide-popup-gallery\">\r\n                            <a class=\"slide-gallery-image-link\" href=\"https:\/\/www.eldiario.net\/portal\/wp-content\/uploads\/2025\/08\/DSC_4517.webp\" title=\"DSC_4517\"  data-caption=\"ARTURO PAREDES, SANTIAGO MORAT\u00d3, CARMEN PAREDES, CLAUDIA PAREDES, IRIS D\u00cdAZ DE FERN\u00c1NDEZ, DANIEL FERN\u00c1NDEZ Y LUNA FERN\u00c1NDEZ.\"  data-description=\"\">\r\n                                <img decoding=\"async\" src=\"https:\/\/www.eldiario.net\/portal\/wp-content\/uploads\/2025\/08\/DSC_4517-629x420.webp\" srcset=\"https:\/\/www.eldiario.net\/portal\/wp-content\/uploads\/2025\/08\/DSC_4517-629x420.webp 629w, https:\/\/www.eldiario.net\/portal\/wp-content\/uploads\/2025\/08\/DSC_4517-300x200.webp 300w, https:\/\/www.eldiario.net\/portal\/wp-content\/uploads\/2025\/08\/DSC_4517-1024x684.webp 1024w, https:\/\/www.eldiario.net\/portal\/wp-content\/uploads\/2025\/08\/DSC_4517-768x513.webp 768w, https:\/\/www.eldiario.net\/portal\/wp-content\/uploads\/2025\/08\/DSC_4517-150x100.webp 150w, https:\/\/www.eldiario.net\/portal\/wp-content\/uploads\/2025\/08\/DSC_4517-696x465.webp 696w, https:\/\/www.eldiario.net\/portal\/wp-content\/uploads\/2025\/08\/DSC_4517-1068x713.webp 1068w, https:\/\/www.eldiario.net\/portal\/wp-content\/uploads\/2025\/08\/DSC_4517.webp 1200w\" sizes=\"(max-width: 629px) 100vw, 629px\" alt=\"\">\r\n                            <\/a>\r\n                            <figcaption class = \"td-slide-caption td-gallery-slide-content\"><div class = \"td-gallery-slide-copywrite\">ARTURO PAREDES, SANTIAGO MORAT\u00d3, CARMEN PAREDES, CLAUDIA PAREDES, IRIS D\u00cdAZ DE FERN\u00c1NDEZ, DANIEL FERN\u00c1NDEZ Y LUNA FERN\u00c1NDEZ.<\/div><\/figcaption>\r\n                        <\/figure>\r\n                    <\/div>\r\n                    <div class = \"td-slide-item td-item3\">\r\n                        <figure class=\"td-slide-galery-figure td-slide-popup-gallery\">\r\n                            <a class=\"slide-gallery-image-link\" href=\"https:\/\/www.eldiario.net\/portal\/wp-content\/uploads\/2025\/08\/DSC_4519.webp\" title=\"DSC_4519\"  data-caption=\"ANA RIVAS, MOIRA TOLEDO Y JUAN FERN\u00c1NDEZ.\"  data-description=\"\">\r\n                                <img decoding=\"async\" src=\"https:\/\/www.eldiario.net\/portal\/wp-content\/uploads\/2025\/08\/DSC_4519-629x420.webp\" srcset=\"https:\/\/www.eldiario.net\/portal\/wp-content\/uploads\/2025\/08\/DSC_4519-629x420.webp 629w, https:\/\/www.eldiario.net\/portal\/wp-content\/uploads\/2025\/08\/DSC_4519-300x200.webp 300w, https:\/\/www.eldiario.net\/portal\/wp-content\/uploads\/2025\/08\/DSC_4519-1024x684.webp 1024w, https:\/\/www.eldiario.net\/portal\/wp-content\/uploads\/2025\/08\/DSC_4519-768x513.webp 768w, https:\/\/www.eldiario.net\/portal\/wp-content\/uploads\/2025\/08\/DSC_4519-150x100.webp 150w, https:\/\/www.eldiario.net\/portal\/wp-content\/uploads\/2025\/08\/DSC_4519-696x465.webp 696w, https:\/\/www.eldiario.net\/portal\/wp-content\/uploads\/2025\/08\/DSC_4519-1068x713.webp 1068w, https:\/\/www.eldiario.net\/portal\/wp-content\/uploads\/2025\/08\/DSC_4519.webp 1200w\" sizes=\"(max-width: 629px) 100vw, 629px\" alt=\"\">\r\n                            <\/a>\r\n                            <figcaption class = \"td-slide-caption td-gallery-slide-content\"><div class = \"td-gallery-slide-copywrite\">ANA RIVAS, MOIRA TOLEDO Y JUAN FERN\u00c1NDEZ.<\/div><\/figcaption>\r\n                        <\/figure>\r\n                    <\/div>\r\n                    <div class = \"td-slide-item td-item4\">\r\n                        <figure class=\"td-slide-galery-figure td-slide-popup-gallery\">\r\n                            <a class=\"slide-gallery-image-link\" href=\"https:\/\/www.eldiario.net\/portal\/wp-content\/uploads\/2025\/08\/DSC_4523.webp\" title=\"DSC_4523\"  data-caption=\"\"  data-description=\"\">\r\n                                <img decoding=\"async\" src=\"https:\/\/www.eldiario.net\/portal\/wp-content\/uploads\/2025\/08\/DSC_4523-629x420.webp\" srcset=\"https:\/\/www.eldiario.net\/portal\/wp-content\/uploads\/2025\/08\/DSC_4523-629x420.webp 629w, https:\/\/www.eldiario.net\/portal\/wp-content\/uploads\/2025\/08\/DSC_4523-300x200.webp 300w, https:\/\/www.eldiario.net\/portal\/wp-content\/uploads\/2025\/08\/DSC_4523-1024x684.webp 1024w, https:\/\/www.eldiario.net\/portal\/wp-content\/uploads\/2025\/08\/DSC_4523-768x513.webp 768w, https:\/\/www.eldiario.net\/portal\/wp-content\/uploads\/2025\/08\/DSC_4523-150x100.webp 150w, https:\/\/www.eldiario.net\/portal\/wp-content\/uploads\/2025\/08\/DSC_4523-696x465.webp 696w, https:\/\/www.eldiario.net\/portal\/wp-content\/uploads\/2025\/08\/DSC_4523-1068x713.webp 1068w, https:\/\/www.eldiario.net\/portal\/wp-content\/uploads\/2025\/08\/DSC_4523.webp 1200w\" sizes=\"(max-width: 629px) 100vw, 629px\" alt=\"\">\r\n                            <\/a>\r\n                            \r\n                        <\/figure>\r\n                    <\/div>\r\n                    <div class = \"td-slide-item td-item5\">\r\n                        <figure class=\"td-slide-galery-figure td-slide-popup-gallery\">\r\n                            <a class=\"slide-gallery-image-link\" href=\"https:\/\/www.eldiario.net\/portal\/wp-content\/uploads\/2025\/08\/DSC_4528.webp\" title=\"DSC_4528\"  data-caption=\" DANIEL  FERN\u00c1NDEZ DURANTE SUS  PALABRAS DE  DESPEDIDA.\"  data-description=\"\">\r\n                                <img decoding=\"async\" src=\"https:\/\/www.eldiario.net\/portal\/wp-content\/uploads\/2025\/08\/DSC_4528-629x420.webp\" srcset=\"https:\/\/www.eldiario.net\/portal\/wp-content\/uploads\/2025\/08\/DSC_4528-629x420.webp 629w, https:\/\/www.eldiario.net\/portal\/wp-content\/uploads\/2025\/08\/DSC_4528-300x200.webp 300w, https:\/\/www.eldiario.net\/portal\/wp-content\/uploads\/2025\/08\/DSC_4528-1024x684.webp 1024w, https:\/\/www.eldiario.net\/portal\/wp-content\/uploads\/2025\/08\/DSC_4528-768x513.webp 768w, https:\/\/www.eldiario.net\/portal\/wp-content\/uploads\/2025\/08\/DSC_4528-150x100.webp 150w, https:\/\/www.eldiario.net\/portal\/wp-content\/uploads\/2025\/08\/DSC_4528-696x465.webp 696w, https:\/\/www.eldiario.net\/portal\/wp-content\/uploads\/2025\/08\/DSC_4528-1068x713.webp 1068w, https:\/\/www.eldiario.net\/portal\/wp-content\/uploads\/2025\/08\/DSC_4528.webp 1200w\" sizes=\"(max-width: 629px) 100vw, 629px\" alt=\"\">\r\n                            <\/a>\r\n                            <figcaption class = \"td-slide-caption td-gallery-slide-content\"><div class = \"td-gallery-slide-copywrite\"> DANIEL  FERN\u00c1NDEZ DURANTE SUS  PALABRAS DE  DESPEDIDA.<\/div><\/figcaption>\r\n                        <\/figure>\r\n                    <\/div>\r\n                    <div class = \"td-slide-item td-item6\">\r\n                        <figure class=\"td-slide-galery-figure td-slide-popup-gallery\">\r\n                            <a class=\"slide-gallery-image-link\" href=\"https:\/\/www.eldiario.net\/portal\/wp-content\/uploads\/2025\/08\/DSC_4540.webp\" title=\"DSC_4540\"  data-caption=\"CARLOS MONTOYA, ENCARGADO DE NEGOCIOS DEL PER\u00da.\"  data-description=\"\">\r\n                                <img decoding=\"async\" src=\"https:\/\/www.eldiario.net\/portal\/wp-content\/uploads\/2025\/08\/DSC_4540-629x420.webp\" srcset=\"https:\/\/www.eldiario.net\/portal\/wp-content\/uploads\/2025\/08\/DSC_4540-629x420.webp 629w, https:\/\/www.eldiario.net\/portal\/wp-content\/uploads\/2025\/08\/DSC_4540-300x200.webp 300w, https:\/\/www.eldiario.net\/portal\/wp-content\/uploads\/2025\/08\/DSC_4540-1024x684.webp 1024w, https:\/\/www.eldiario.net\/portal\/wp-content\/uploads\/2025\/08\/DSC_4540-768x513.webp 768w, https:\/\/www.eldiario.net\/portal\/wp-content\/uploads\/2025\/08\/DSC_4540-150x100.webp 150w, https:\/\/www.eldiario.net\/portal\/wp-content\/uploads\/2025\/08\/DSC_4540-696x465.webp 696w, https:\/\/www.eldiario.net\/portal\/wp-content\/uploads\/2025\/08\/DSC_4540-1068x713.webp 1068w, https:\/\/www.eldiario.net\/portal\/wp-content\/uploads\/2025\/08\/DSC_4540.webp 1200w\" sizes=\"(max-width: 629px) 100vw, 629px\" alt=\"\">\r\n                            <\/a>\r\n                            <figcaption class = \"td-slide-caption td-gallery-slide-content\"><div class = \"td-gallery-slide-copywrite\">CARLOS MONTOYA, ENCARGADO DE NEGOCIOS DEL PER\u00da.<\/div><\/figcaption>\r\n                        <\/figure>\r\n                    <\/div>\r\n                    <div class = \"td-slide-item td-item7\">\r\n                        <figure class=\"td-slide-galery-figure td-slide-popup-gallery\">\r\n                            <a class=\"slide-gallery-image-link\" href=\"https:\/\/www.eldiario.net\/portal\/wp-content\/uploads\/2025\/08\/DSC_4555.webp\" title=\"DSC_4555\"  data-caption=\"CARLOS MONTOYA, DANIEL FERN\u00c1NDEZ Y DANIEL SANDOVAL.\"  data-description=\"\">\r\n                                <img decoding=\"async\" src=\"https:\/\/www.eldiario.net\/portal\/wp-content\/uploads\/2025\/08\/DSC_4555-629x420.webp\" srcset=\"https:\/\/www.eldiario.net\/portal\/wp-content\/uploads\/2025\/08\/DSC_4555-629x420.webp 629w, https:\/\/www.eldiario.net\/portal\/wp-content\/uploads\/2025\/08\/DSC_4555-300x200.webp 300w, https:\/\/www.eldiario.net\/portal\/wp-content\/uploads\/2025\/08\/DSC_4555-1024x684.webp 1024w, https:\/\/www.eldiario.net\/portal\/wp-content\/uploads\/2025\/08\/DSC_4555-768x513.webp 768w, https:\/\/www.eldiario.net\/portal\/wp-content\/uploads\/2025\/08\/DSC_4555-150x100.webp 150w, https:\/\/www.eldiario.net\/portal\/wp-content\/uploads\/2025\/08\/DSC_4555-696x465.webp 696w, https:\/\/www.eldiario.net\/portal\/wp-content\/uploads\/2025\/08\/DSC_4555-1068x713.webp 1068w, https:\/\/www.eldiario.net\/portal\/wp-content\/uploads\/2025\/08\/DSC_4555.webp 1200w\" sizes=\"(max-width: 629px) 100vw, 629px\" alt=\"\">\r\n                            <\/a>\r\n                            <figcaption class = \"td-slide-caption td-gallery-slide-content\"><div class = \"td-gallery-slide-copywrite\">CARLOS MONTOYA, DANIEL FERN\u00c1NDEZ Y DANIEL SANDOVAL.<\/div><\/figcaption>\r\n                        <\/figure>\r\n                    <\/div>\r\n                    <div class = \"td-slide-item td-item8\">\r\n                        <figure class=\"td-slide-galery-figure td-slide-popup-gallery\">\r\n                            <a class=\"slide-gallery-image-link\" href=\"https:\/\/www.eldiario.net\/portal\/wp-content\/uploads\/2025\/08\/DSC_4572.webp\" title=\"DSC_4572\"  data-caption=\" UN PRESENTE PARA DANIEL FERN\u00c1NDEZ DE LA AUTORIDAD BINACIONAL AUT\u00d3NOMA DEL LAGO TITICACA.\"  data-description=\"\">\r\n                                <img decoding=\"async\" src=\"https:\/\/www.eldiario.net\/portal\/wp-content\/uploads\/2025\/08\/DSC_4572-629x420.webp\" srcset=\"https:\/\/www.eldiario.net\/portal\/wp-content\/uploads\/2025\/08\/DSC_4572-629x420.webp 629w, https:\/\/www.eldiario.net\/portal\/wp-content\/uploads\/2025\/08\/DSC_4572-300x200.webp 300w, https:\/\/www.eldiario.net\/portal\/wp-content\/uploads\/2025\/08\/DSC_4572-1024x684.webp 1024w, https:\/\/www.eldiario.net\/portal\/wp-content\/uploads\/2025\/08\/DSC_4572-768x513.webp 768w, https:\/\/www.eldiario.net\/portal\/wp-content\/uploads\/2025\/08\/DSC_4572-150x100.webp 150w, https:\/\/www.eldiario.net\/portal\/wp-content\/uploads\/2025\/08\/DSC_4572-696x465.webp 696w, https:\/\/www.eldiario.net\/portal\/wp-content\/uploads\/2025\/08\/DSC_4572-1068x713.webp 1068w, https:\/\/www.eldiario.net\/portal\/wp-content\/uploads\/2025\/08\/DSC_4572.webp 1200w\" sizes=\"(max-width: 629px) 100vw, 629px\" alt=\"\">\r\n                            <\/a>\r\n                            <figcaption class = \"td-slide-caption td-gallery-slide-content\"><div class = \"td-gallery-slide-copywrite\"> UN PRESENTE PARA DANIEL FERN\u00c1NDEZ DE LA AUTORIDAD BINACIONAL AUT\u00d3NOMA DEL LAGO TITICACA.<\/div><\/figcaption>\r\n                        <\/figure>\r\n                    <\/div>\r\n                    <div class = \"td-slide-item td-item9\">\r\n                        <figure class=\"td-slide-galery-figure td-slide-popup-gallery\">\r\n                            <a class=\"slide-gallery-image-link\" href=\"https:\/\/www.eldiario.net\/portal\/wp-content\/uploads\/2025\/08\/DSC_4582.webp\" title=\"DSC_4582\"  data-caption=\"JOSELINE AGUILAR, DANIEL OIE, CARLOS MONTOYA, DANIEL FERN\u00c1NDEZ, ELVIS OJEDA Y DANIEL  SAND\u00d3VAL.\"  data-description=\"\">\r\n                                <img decoding=\"async\" src=\"https:\/\/www.eldiario.net\/portal\/wp-content\/uploads\/2025\/08\/DSC_4582-629x420.webp\" srcset=\"https:\/\/www.eldiario.net\/portal\/wp-content\/uploads\/2025\/08\/DSC_4582-629x420.webp 629w, https:\/\/www.eldiario.net\/portal\/wp-content\/uploads\/2025\/08\/DSC_4582-300x200.webp 300w, https:\/\/www.eldiario.net\/portal\/wp-content\/uploads\/2025\/08\/DSC_4582-1024x684.webp 1024w, https:\/\/www.eldiario.net\/portal\/wp-content\/uploads\/2025\/08\/DSC_4582-768x513.webp 768w, https:\/\/www.eldiario.net\/portal\/wp-content\/uploads\/2025\/08\/DSC_4582-150x100.webp 150w, https:\/\/www.eldiario.net\/portal\/wp-content\/uploads\/2025\/08\/DSC_4582-696x465.webp 696w, https:\/\/www.eldiario.net\/portal\/wp-content\/uploads\/2025\/08\/DSC_4582-1068x713.webp 1068w, https:\/\/www.eldiario.net\/portal\/wp-content\/uploads\/2025\/08\/DSC_4582.webp 1200w\" sizes=\"(max-width: 629px) 100vw, 629px\" alt=\"\">\r\n                            <\/a>\r\n                            <figcaption class = \"td-slide-caption td-gallery-slide-content\"><div class = \"td-gallery-slide-copywrite\">JOSELINE AGUILAR, DANIEL OIE, CARLOS MONTOYA, DANIEL FERN\u00c1NDEZ, ELVIS OJEDA Y DANIEL  SAND\u00d3VAL.<\/div><\/figcaption>\r\n                        <\/figure>\r\n                    <\/div>\r\n                    <div class = \"td-slide-item td-item10\">\r\n                        <figure class=\"td-slide-galery-figure td-slide-popup-gallery\">\r\n                            <a class=\"slide-gallery-image-link\" href=\"https:\/\/www.eldiario.net\/portal\/wp-content\/uploads\/2025\/08\/DSC_4588.webp\" title=\"DSC_4588\"  data-caption=\"MIEMBROS DE LA MISI\u00d3N PERUANA.\"  data-description=\"\">\r\n                                <img decoding=\"async\" src=\"https:\/\/www.eldiario.net\/portal\/wp-content\/uploads\/2025\/08\/DSC_4588-629x420.webp\" srcset=\"https:\/\/www.eldiario.net\/portal\/wp-content\/uploads\/2025\/08\/DSC_4588-629x420.webp 629w, https:\/\/www.eldiario.net\/portal\/wp-content\/uploads\/2025\/08\/DSC_4588-300x200.webp 300w, https:\/\/www.eldiario.net\/portal\/wp-content\/uploads\/2025\/08\/DSC_4588-1024x684.webp 1024w, https:\/\/www.eldiario.net\/portal\/wp-content\/uploads\/2025\/08\/DSC_4588-768x513.webp 768w, https:\/\/www.eldiario.net\/portal\/wp-content\/uploads\/2025\/08\/DSC_4588-150x100.webp 150w, https:\/\/www.eldiario.net\/portal\/wp-content\/uploads\/2025\/08\/DSC_4588-696x465.webp 696w, https:\/\/www.eldiario.net\/portal\/wp-content\/uploads\/2025\/08\/DSC_4588-1068x713.webp 1068w, https:\/\/www.eldiario.net\/portal\/wp-content\/uploads\/2025\/08\/DSC_4588.webp 1200w\" sizes=\"(max-width: 629px) 100vw, 629px\" alt=\"\">\r\n                            <\/a>\r\n                            <figcaption class = \"td-slide-caption td-gallery-slide-content\"><div class = \"td-gallery-slide-copywrite\">MIEMBROS DE LA MISI\u00d3N PERUANA.<\/div><\/figcaption>\r\n                        <\/figure>\r\n                    <\/div>\r\n                    <div class = \"td-slide-item td-item11\">\r\n                        <figure class=\"td-slide-galery-figure td-slide-popup-gallery\">\r\n                            <a class=\"slide-gallery-image-link\" href=\"https:\/\/www.eldiario.net\/portal\/wp-content\/uploads\/2025\/08\/DSC_4605.webp\" title=\"DSC_4605\"  data-caption=\"JUAN CARLOS FERN\u00c1NDEZ, MARITZA ESPINOZA, CARLOS MONTOYA Y JOS\u00c9 MIGUEL CONCHA.\"  data-description=\"\">\r\n                                <img decoding=\"async\" src=\"https:\/\/www.eldiario.net\/portal\/wp-content\/uploads\/2025\/08\/DSC_4605-629x420.webp\" srcset=\"https:\/\/www.eldiario.net\/portal\/wp-content\/uploads\/2025\/08\/DSC_4605-629x420.webp 629w, https:\/\/www.eldiario.net\/portal\/wp-content\/uploads\/2025\/08\/DSC_4605-300x200.webp 300w, https:\/\/www.eldiario.net\/portal\/wp-content\/uploads\/2025\/08\/DSC_4605-1024x684.webp 1024w, https:\/\/www.eldiario.net\/portal\/wp-content\/uploads\/2025\/08\/DSC_4605-768x513.webp 768w, https:\/\/www.eldiario.net\/portal\/wp-content\/uploads\/2025\/08\/DSC_4605-150x100.webp 150w, https:\/\/www.eldiario.net\/portal\/wp-content\/uploads\/2025\/08\/DSC_4605-696x465.webp 696w, https:\/\/www.eldiario.net\/portal\/wp-content\/uploads\/2025\/08\/DSC_4605-1068x713.webp 1068w, https:\/\/www.eldiario.net\/portal\/wp-content\/uploads\/2025\/08\/DSC_4605.webp 1200w\" sizes=\"(max-width: 629px) 100vw, 629px\" alt=\"\">\r\n                            <\/a>\r\n                            <figcaption class = \"td-slide-caption td-gallery-slide-content\"><div class = \"td-gallery-slide-copywrite\">JUAN CARLOS FERN\u00c1NDEZ, MARITZA ESPINOZA, CARLOS MONTOYA Y JOS\u00c9 MIGUEL CONCHA.<\/div><\/figcaption>\r\n                        <\/figure>\r\n                    <\/div>\r\n                    <div class = \"td-slide-item td-item12\">\r\n                        <figure class=\"td-slide-galery-figure td-slide-popup-gallery\">\r\n                            <a class=\"slide-gallery-image-link\" href=\"https:\/\/www.eldiario.net\/portal\/wp-content\/uploads\/2025\/08\/DSC_4613.webp\" title=\"DSC_4613\"  data-caption=\"JUAN FERN\u00c1NDEZ, P. IV\u00c1N MARTIS, MONS. FERM\u00cdN SOSA Y RAM\u00d3N GRULL\u00d3N.\"  data-description=\"\">\r\n                                <img decoding=\"async\" src=\"https:\/\/www.eldiario.net\/portal\/wp-content\/uploads\/2025\/08\/DSC_4613-629x420.webp\" srcset=\"https:\/\/www.eldiario.net\/portal\/wp-content\/uploads\/2025\/08\/DSC_4613-629x420.webp 629w, https:\/\/www.eldiario.net\/portal\/wp-content\/uploads\/2025\/08\/DSC_4613-300x200.webp 300w, https:\/\/www.eldiario.net\/portal\/wp-content\/uploads\/2025\/08\/DSC_4613-1024x684.webp 1024w, https:\/\/www.eldiario.net\/portal\/wp-content\/uploads\/2025\/08\/DSC_4613-768x513.webp 768w, https:\/\/www.eldiario.net\/portal\/wp-content\/uploads\/2025\/08\/DSC_4613-150x100.webp 150w, https:\/\/www.eldiario.net\/portal\/wp-content\/uploads\/2025\/08\/DSC_4613-696x465.webp 696w, https:\/\/www.eldiario.net\/portal\/wp-content\/uploads\/2025\/08\/DSC_4613-1068x713.webp 1068w, https:\/\/www.eldiario.net\/portal\/wp-content\/uploads\/2025\/08\/DSC_4613.webp 1200w\" sizes=\"(max-width: 629px) 100vw, 629px\" alt=\"\">\r\n                            <\/a>\r\n                            <figcaption class = \"td-slide-caption td-gallery-slide-content\"><div class = \"td-gallery-slide-copywrite\">JUAN FERN\u00c1NDEZ, P. IV\u00c1N MARTIS, MONS. FERM\u00cdN SOSA Y RAM\u00d3N GRULL\u00d3N.<\/div><\/figcaption>\r\n                        <\/figure>\r\n                    <\/div>\r\n                    <div class = \"td-slide-item td-item13\">\r\n                        <figure class=\"td-slide-galery-figure td-slide-popup-gallery\">\r\n                            <a class=\"slide-gallery-image-link\" href=\"https:\/\/www.eldiario.net\/portal\/wp-content\/uploads\/2025\/08\/DSC_4625.webp\" title=\"DSC_4625\"  data-caption=\"L\u00cdA RODR\u00cdGUEZ, GABRIELA CHOQUE, ANDRES MALDONADO Y WILFREDO MIRANDA. \"  data-description=\"\">\r\n                                <img decoding=\"async\" src=\"https:\/\/www.eldiario.net\/portal\/wp-content\/uploads\/2025\/08\/DSC_4625-629x420.webp\" srcset=\"https:\/\/www.eldiario.net\/portal\/wp-content\/uploads\/2025\/08\/DSC_4625-629x420.webp 629w, https:\/\/www.eldiario.net\/portal\/wp-content\/uploads\/2025\/08\/DSC_4625-300x200.webp 300w, https:\/\/www.eldiario.net\/portal\/wp-content\/uploads\/2025\/08\/DSC_4625-1024x684.webp 1024w, https:\/\/www.eldiario.net\/portal\/wp-content\/uploads\/2025\/08\/DSC_4625-768x513.webp 768w, https:\/\/www.eldiario.net\/portal\/wp-content\/uploads\/2025\/08\/DSC_4625-150x100.webp 150w, https:\/\/www.eldiario.net\/portal\/wp-content\/uploads\/2025\/08\/DSC_4625-696x465.webp 696w, https:\/\/www.eldiario.net\/portal\/wp-content\/uploads\/2025\/08\/DSC_4625-1068x713.webp 1068w, https:\/\/www.eldiario.net\/portal\/wp-content\/uploads\/2025\/08\/DSC_4625.webp 1200w\" sizes=\"(max-width: 629px) 100vw, 629px\" alt=\"\">\r\n                            <\/a>\r\n                            <figcaption class = \"td-slide-caption td-gallery-slide-content\"><div class = \"td-gallery-slide-copywrite\">L\u00cdA RODR\u00cdGUEZ, GABRIELA CHOQUE, ANDRES MALDONADO Y WILFREDO MIRANDA. <\/div><\/figcaption>\r\n                        <\/figure>\r\n                    <\/div>\r\n                            <\/div>\r\n                        <\/div>\r\n\r\n                        <div class = \"td-doubleSlider-2\">\r\n                            <div class = \"td-slider\">\r\n                                \r\n                    <div class = \"td-button td-item1\">\r\n                        <div class = \"td-border\"><\/div>\r\n                    <\/div>\r\n                    <div class = \"td-button td-item2\">\r\n                        <div class = \"td-border\"><\/div>\r\n                    <\/div>\r\n                    <div class = \"td-button td-item3\">\r\n                        <div class = \"td-border\"><\/div>\r\n                    <\/div>\r\n                    <div class = \"td-button td-item4\">\r\n                        <div class = \"td-border\"><\/div>\r\n                    <\/div>\r\n                    <div class = \"td-button td-item5\">\r\n                        <div class = \"td-border\"><\/div>\r\n                    <\/div>\r\n                    <div class = \"td-button td-item6\">\r\n                        <div class = \"td-border\"><\/div>\r\n                    <\/div>\r\n                    <div class = \"td-button td-item7\">\r\n                        <div class = \"td-border\"><\/div>\r\n                    <\/div>\r\n                    <div class = \"td-button td-item8\">\r\n                        <div class = \"td-border\"><\/div>\r\n                    <\/div>\r\n                    <div class = \"td-button td-item9\">\r\n                        <div class = \"td-border\"><\/div>\r\n                    <\/div>\r\n                    <div class = \"td-button td-item10\">\r\n                        <div class = \"td-border\"><\/div>\r\n                    <\/div>\r\n                    <div class = \"td-button td-item11\">\r\n                        <div class = \"td-border\"><\/div>\r\n                    <\/div>\r\n                    <div class = \"td-button td-item12\">\r\n                        <div class = \"td-border\"><\/div>\r\n                    <\/div>\r\n                    <div class = \"td-button td-item13\">\r\n                        <div class = \"td-border\"><\/div>\r\n                    <\/div>\r\n                            <\/div>\r\n                        <\/div>\r\n\r\n                    <\/div>\r\n\r\n                <\/div>\r\n                \n","protected":false},"excerpt":{"rendered":"<p>La residencia del encargado de Negocios en ejercicio del Per\u00fa, Carlos Montoya Montero, se llen\u00f3 de calidez y camarader\u00eda para despedir a un miembro de la familia diplom\u00e1tica. El motivo: la culminaci\u00f3n de funciones del segundo secretario Daniel Fern\u00e1ndez, quien, tras poco m\u00e1s de tres a\u00f1os de servicio, emprende un nuevo destino en Espa\u00f1a. La [&hellip;]<\/p>\n","protected":false},"author":1,"featured_media":326390,"comment_status":"closed","ping_status":"open","sticky":false,"template":"","format":"standard","meta":{"_acf_changed":false,"footnotes":""},"categories":[40],"tags":[],"class_list":["post-326381","post","type-post","status-publish","format-standard","has-post-thumbnail","category-sociales"],"acf":{"antetitulo":""},"yoast_head":"<!-- This site is optimized with the Yoast SEO plugin v28.4 - https:\/\/yoast.com\/product\/yoast-seo-wordpress\/ -->\n<title>Emotiva despedida en la residencia diplom\u00e1tica del Per\u00fa - El Diario - Bolivia<\/title>\n<meta name=\"robots\" content=\"index, follow, max-snippet:-1, max-image-preview:large, max-video-preview:-1\" \/>\n<link rel=\"canonical\" href=\"https:\/\/www.eldiario.net\/portal\/2025\/08\/25\/emotiva-despedida-en-la-residencia-diplomatica-del-peru\/\" \/>\n<meta property=\"og:locale\" content=\"es_ES\" \/>\n<meta property=\"og:type\" content=\"article\" \/>\n<meta property=\"og:title\" content=\"Emotiva despedida en la residencia diplom\u00e1tica del Per\u00fa - El Diario - Bolivia\" \/>\n<meta property=\"og:description\" content=\"La residencia del encargado de Negocios en ejercicio del Per\u00fa, Carlos Montoya Montero, se llen\u00f3 de calidez y camarader\u00eda para despedir a un miembro de la familia diplom\u00e1tica. El motivo: la culminaci\u00f3n de funciones del segundo secretario Daniel Fern\u00e1ndez, quien, tras poco m\u00e1s de tres a\u00f1os de servicio, emprende un nuevo destino en Espa\u00f1a. La [&hellip;]\" \/>\n<meta property=\"og:url\" content=\"https:\/\/www.eldiario.net\/portal\/2025\/08\/25\/emotiva-despedida-en-la-residencia-diplomatica-del-peru\/\" \/>\n<meta property=\"og:site_name\" content=\"El Diario - Bolivia\" \/>\n<meta property=\"article:publisher\" content=\"https:\/\/www.facebook.com\/eldiario.bolivia\/\" \/>\n<meta property=\"article:published_time\" content=\"2025-08-25T04:55:08+00:00\" \/>\n<meta property=\"og:image\" content=\"https:\/\/www.eldiario.net\/portal\/wp-content\/uploads\/2025\/08\/DSC_4582.webp\" \/>\n\t<meta property=\"og:image:width\" content=\"1200\" \/>\n\t<meta property=\"og:image:height\" content=\"801\" \/>\n\t<meta property=\"og:image:type\" content=\"image\/webp\" \/>\n<meta name=\"author\" content=\"Jeanette\" \/>\n<meta name=\"twitter:card\" content=\"summary_large_image\" \/>\n<meta name=\"twitter:creator\" content=\"@eldiario_net\" \/>\n<meta name=\"twitter:site\" content=\"@eldiario_net\" \/>\n<meta name=\"twitter:label1\" content=\"Escrito por\" \/>\n\t<meta name=\"twitter:data1\" content=\"Jeanette\" \/>\n\t<meta name=\"twitter:label2\" content=\"Tiempo de lectura\" \/>\n\t<meta name=\"twitter:data2\" content=\"2 minutos\" \/>\n<script type=\"application\/ld+json\" class=\"yoast-schema-graph\">{\"@context\":\"https:\\\/\\\/schema.org\",\"@graph\":[{\"@type\":\"Article\",\"@id\":\"https:\\\/\\\/www.eldiario.net\\\/portal\\\/2025\\\/08\\\/25\\\/emotiva-despedida-en-la-residencia-diplomatica-del-peru\\\/#article\",\"isPartOf\":{\"@id\":\"https:\\\/\\\/www.eldiario.net\\\/portal\\\/2025\\\/08\\\/25\\\/emotiva-despedida-en-la-residencia-diplomatica-del-peru\\\/\"},\"author\":{\"name\":\"Jeanette\",\"@id\":\"https:\\\/\\\/www.eldiario.net\\\/portal\\\/#\\\/schema\\\/person\\\/2c57cf2b7a7ae032e449e4c9b1019eac\"},\"headline\":\"Emotiva despedida en la residencia diplom\u00e1tica del Per\u00fa\",\"datePublished\":\"2025-08-25T04:55:08+00:00\",\"mainEntityOfPage\":{\"@id\":\"https:\\\/\\\/www.eldiario.net\\\/portal\\\/2025\\\/08\\\/25\\\/emotiva-despedida-en-la-residencia-diplomatica-del-peru\\\/\"},\"wordCount\":386,\"publisher\":{\"@id\":\"https:\\\/\\\/www.eldiario.net\\\/portal\\\/#organization\"},\"image\":{\"@id\":\"https:\\\/\\\/www.eldiario.net\\\/portal\\\/2025\\\/08\\\/25\\\/emotiva-despedida-en-la-residencia-diplomatica-del-peru\\\/#primaryimage\"},\"thumbnailUrl\":\"https:\\\/\\\/www.eldiario.net\\\/portal\\\/wp-content\\\/uploads\\\/2025\\\/08\\\/DSC_4582.webp\",\"articleSection\":[\"Sociales\"],\"inLanguage\":\"es\"},{\"@type\":\"WebPage\",\"@id\":\"https:\\\/\\\/www.eldiario.net\\\/portal\\\/2025\\\/08\\\/25\\\/emotiva-despedida-en-la-residencia-diplomatica-del-peru\\\/\",\"url\":\"https:\\\/\\\/www.eldiario.net\\\/portal\\\/2025\\\/08\\\/25\\\/emotiva-despedida-en-la-residencia-diplomatica-del-peru\\\/\",\"name\":\"Emotiva despedida en la residencia diplom\u00e1tica del Per\u00fa - El Diario - Bolivia\",\"isPartOf\":{\"@id\":\"https:\\\/\\\/www.eldiario.net\\\/portal\\\/#website\"},\"primaryImageOfPage\":{\"@id\":\"https:\\\/\\\/www.eldiario.net\\\/portal\\\/2025\\\/08\\\/25\\\/emotiva-despedida-en-la-residencia-diplomatica-del-peru\\\/#primaryimage\"},\"image\":{\"@id\":\"https:\\\/\\\/www.eldiario.net\\\/portal\\\/2025\\\/08\\\/25\\\/emotiva-despedida-en-la-residencia-diplomatica-del-peru\\\/#primaryimage\"},\"thumbnailUrl\":\"https:\\\/\\\/www.eldiario.net\\\/portal\\\/wp-content\\\/uploads\\\/2025\\\/08\\\/DSC_4582.webp\",\"datePublished\":\"2025-08-25T04:55:08+00:00\",\"breadcrumb\":{\"@id\":\"https:\\\/\\\/www.eldiario.net\\\/portal\\\/2025\\\/08\\\/25\\\/emotiva-despedida-en-la-residencia-diplomatica-del-peru\\\/#breadcrumb\"},\"inLanguage\":\"es\",\"potentialAction\":[{\"@type\":\"ReadAction\",\"target\":[\"https:\\\/\\\/www.eldiario.net\\\/portal\\\/2025\\\/08\\\/25\\\/emotiva-despedida-en-la-residencia-diplomatica-del-peru\\\/\"]}]},{\"@type\":\"ImageObject\",\"inLanguage\":\"es\",\"@id\":\"https:\\\/\\\/www.eldiario.net\\\/portal\\\/2025\\\/08\\\/25\\\/emotiva-despedida-en-la-residencia-diplomatica-del-peru\\\/#primaryimage\",\"url\":\"https:\\\/\\\/www.eldiario.net\\\/portal\\\/wp-content\\\/uploads\\\/2025\\\/08\\\/DSC_4582.webp\",\"contentUrl\":\"https:\\\/\\\/www.eldiario.net\\\/portal\\\/wp-content\\\/uploads\\\/2025\\\/08\\\/DSC_4582.webp\",\"width\":1200,\"height\":801,\"caption\":\"JOSELINE AGUILAR, DANIEL OIE, CARLOS MONTOYA, DANIEL FERN\u00c1NDEZ, ELVIS OJEDA Y DANIEL SAND\u00d3VAL.\"},{\"@type\":\"BreadcrumbList\",\"@id\":\"https:\\\/\\\/www.eldiario.net\\\/portal\\\/2025\\\/08\\\/25\\\/emotiva-despedida-en-la-residencia-diplomatica-del-peru\\\/#breadcrumb\",\"itemListElement\":[{\"@type\":\"ListItem\",\"position\":1,\"name\":\"Portada\",\"item\":\"https:\\\/\\\/www.eldiario.net\\\/portal\\\/\"},{\"@type\":\"ListItem\",\"position\":2,\"name\":\"Emotiva despedida en la residencia diplom\u00e1tica del Per\u00fa\"}]},{\"@type\":\"WebSite\",\"@id\":\"https:\\\/\\\/www.eldiario.net\\\/portal\\\/#website\",\"url\":\"https:\\\/\\\/www.eldiario.net\\\/portal\\\/\",\"name\":\"El Diario - Decano de la prensa nacional\",\"description\":\"El Diario - Decano de la prensa nacional\",\"publisher\":{\"@id\":\"https:\\\/\\\/www.eldiario.net\\\/portal\\\/#organization\"},\"potentialAction\":[{\"@type\":\"SearchAction\",\"target\":{\"@type\":\"EntryPoint\",\"urlTemplate\":\"https:\\\/\\\/www.eldiario.net\\\/portal\\\/?s={search_term_string}\"},\"query-input\":{\"@type\":\"PropertyValueSpecification\",\"valueRequired\":true,\"valueName\":\"search_term_string\"}}],\"inLanguage\":\"es\"},{\"@type\":\"Organization\",\"@id\":\"https:\\\/\\\/www.eldiario.net\\\/portal\\\/#organization\",\"name\":\"El Diario - Decano de la prensa nacional\",\"url\":\"https:\\\/\\\/www.eldiario.net\\\/portal\\\/\",\"logo\":{\"@type\":\"ImageObject\",\"inLanguage\":\"es\",\"@id\":\"https:\\\/\\\/www.eldiario.net\\\/portal\\\/#\\\/schema\\\/logo\\\/image\\\/\",\"url\":\"https:\\\/\\\/www.eldiario.net\\\/portal\\\/wp-content\\\/uploads\\\/2023\\\/07\\\/logo_ED.jpg\",\"contentUrl\":\"https:\\\/\\\/www.eldiario.net\\\/portal\\\/wp-content\\\/uploads\\\/2023\\\/07\\\/logo_ED.jpg\",\"width\":272,\"height\":52,\"caption\":\"El Diario - Decano de la prensa nacional\"},\"image\":{\"@id\":\"https:\\\/\\\/www.eldiario.net\\\/portal\\\/#\\\/schema\\\/logo\\\/image\\\/\"},\"sameAs\":[\"https:\\\/\\\/www.facebook.com\\\/eldiario.bolivia\\\/\",\"https:\\\/\\\/x.com\\\/eldiario_net\"]},{\"@type\":\"Person\",\"@id\":\"https:\\\/\\\/www.eldiario.net\\\/portal\\\/#\\\/schema\\\/person\\\/2c57cf2b7a7ae032e449e4c9b1019eac\",\"name\":\"Jeanette\",\"image\":{\"@type\":\"ImageObject\",\"inLanguage\":\"es\",\"@id\":\"https:\\\/\\\/secure.gravatar.com\\\/avatar\\\/3ea2118a5f7dad2b7138b1187a6b7ee55f160b9968b66013c3a3ef39dd7e5798?s=96&d=mm&r=g\",\"url\":\"https:\\\/\\\/secure.gravatar.com\\\/avatar\\\/3ea2118a5f7dad2b7138b1187a6b7ee55f160b9968b66013c3a3ef39dd7e5798?s=96&d=mm&r=g\",\"contentUrl\":\"https:\\\/\\\/secure.gravatar.com\\\/avatar\\\/3ea2118a5f7dad2b7138b1187a6b7ee55f160b9968b66013c3a3ef39dd7e5798?s=96&d=mm&r=g\",\"caption\":\"Jeanette\"},\"sameAs\":[\"https:\\\/\\\/www.eldiario.net\\\/portal\"],\"url\":\"https:\\\/\\\/www.eldiario.net\\\/portal\\\/author\\\/jeanette\\\/\"}]}<\/script>\n<!-- \/ Yoast SEO plugin. -->","yoast_head_json":{"title":"Emotiva despedida en la residencia diplom\u00e1tica del Per\u00fa - El Diario - Bolivia","robots":{"index":"index","follow":"follow","max-snippet":"max-snippet:-1","max-image-preview":"max-image-preview:large","max-video-preview":"max-video-preview:-1"},"canonical":"https:\/\/www.eldiario.net\/portal\/2025\/08\/25\/emotiva-despedida-en-la-residencia-diplomatica-del-peru\/","og_locale":"es_ES","og_type":"article","og_title":"Emotiva despedida en la residencia diplom\u00e1tica del Per\u00fa - El Diario - Bolivia","og_description":"La residencia del encargado de Negocios en ejercicio del Per\u00fa, Carlos Montoya Montero, se llen\u00f3 de calidez y camarader\u00eda para despedir a un miembro de la familia diplom\u00e1tica. El motivo: la culminaci\u00f3n de funciones del segundo secretario Daniel Fern\u00e1ndez, quien, tras poco m\u00e1s de tres a\u00f1os de servicio, emprende un nuevo destino en Espa\u00f1a. La [&hellip;]","og_url":"https:\/\/www.eldiario.net\/portal\/2025\/08\/25\/emotiva-despedida-en-la-residencia-diplomatica-del-peru\/","og_site_name":"El Diario - Bolivia","article_publisher":"https:\/\/www.facebook.com\/eldiario.bolivia\/","article_published_time":"2025-08-25T04:55:08+00:00","og_image":[{"width":1200,"height":801,"url":"https:\/\/www.eldiario.net\/portal\/wp-content\/uploads\/2025\/08\/DSC_4582.webp","type":"image\/webp"}],"author":"Jeanette","twitter_card":"summary_large_image","twitter_creator":"@eldiario_net","twitter_site":"@eldiario_net","twitter_misc":{"Escrito por":"Jeanette","Tiempo de lectura":"2 minutos"},"schema":{"@context":"https:\/\/schema.org","@graph":[{"@type":"Article","@id":"https:\/\/www.eldiario.net\/portal\/2025\/08\/25\/emotiva-despedida-en-la-residencia-diplomatica-del-peru\/#article","isPartOf":{"@id":"https:\/\/www.eldiario.net\/portal\/2025\/08\/25\/emotiva-despedida-en-la-residencia-diplomatica-del-peru\/"},"author":{"name":"Jeanette","@id":"https:\/\/www.eldiario.net\/portal\/#\/schema\/person\/2c57cf2b7a7ae032e449e4c9b1019eac"},"headline":"Emotiva despedida en la residencia diplom\u00e1tica del Per\u00fa","datePublished":"2025-08-25T04:55:08+00:00","mainEntityOfPage":{"@id":"https:\/\/www.eldiario.net\/portal\/2025\/08\/25\/emotiva-despedida-en-la-residencia-diplomatica-del-peru\/"},"wordCount":386,"publisher":{"@id":"https:\/\/www.eldiario.net\/portal\/#organization"},"image":{"@id":"https:\/\/www.eldiario.net\/portal\/2025\/08\/25\/emotiva-despedida-en-la-residencia-diplomatica-del-peru\/#primaryimage"},"thumbnailUrl":"https:\/\/www.eldiario.net\/portal\/wp-content\/uploads\/2025\/08\/DSC_4582.webp","articleSection":["Sociales"],"inLanguage":"es"},{"@type":"WebPage","@id":"https:\/\/www.eldiario.net\/portal\/2025\/08\/25\/emotiva-despedida-en-la-residencia-diplomatica-del-peru\/","url":"https:\/\/www.eldiario.net\/portal\/2025\/08\/25\/emotiva-despedida-en-la-residencia-diplomatica-del-peru\/","name":"Emotiva despedida en la residencia diplom\u00e1tica del Per\u00fa - El Diario - Bolivia","isPartOf":{"@id":"https:\/\/www.eldiario.net\/portal\/#website"},"primaryImageOfPage":{"@id":"https:\/\/www.eldiario.net\/portal\/2025\/08\/25\/emotiva-despedida-en-la-residencia-diplomatica-del-peru\/#primaryimage"},"image":{"@id":"https:\/\/www.eldiario.net\/portal\/2025\/08\/25\/emotiva-despedida-en-la-residencia-diplomatica-del-peru\/#primaryimage"},"thumbnailUrl":"https:\/\/www.eldiario.net\/portal\/wp-content\/uploads\/2025\/08\/DSC_4582.webp","datePublished":"2025-08-25T04:55:08+00:00","breadcrumb":{"@id":"https:\/\/www.eldiario.net\/portal\/2025\/08\/25\/emotiva-despedida-en-la-residencia-diplomatica-del-peru\/#breadcrumb"},"inLanguage":"es","potentialAction":[{"@type":"ReadAction","target":["https:\/\/www.eldiario.net\/portal\/2025\/08\/25\/emotiva-despedida-en-la-residencia-diplomatica-del-peru\/"]}]},{"@type":"ImageObject","inLanguage":"es","@id":"https:\/\/www.eldiario.net\/portal\/2025\/08\/25\/emotiva-despedida-en-la-residencia-diplomatica-del-peru\/#primaryimage","url":"https:\/\/www.eldiario.net\/portal\/wp-content\/uploads\/2025\/08\/DSC_4582.webp","contentUrl":"https:\/\/www.eldiario.net\/portal\/wp-content\/uploads\/2025\/08\/DSC_4582.webp","width":1200,"height":801,"caption":"JOSELINE AGUILAR, DANIEL OIE, CARLOS MONTOYA, DANIEL FERN\u00c1NDEZ, ELVIS OJEDA Y DANIEL SAND\u00d3VAL."},{"@type":"BreadcrumbList","@id":"https:\/\/www.eldiario.net\/portal\/2025\/08\/25\/emotiva-despedida-en-la-residencia-diplomatica-del-peru\/#breadcrumb","itemListElement":[{"@type":"ListItem","position":1,"name":"Portada","item":"https:\/\/www.eldiario.net\/portal\/"},{"@type":"ListItem","position":2,"name":"Emotiva despedida en la residencia diplom\u00e1tica del Per\u00fa"}]},{"@type":"WebSite","@id":"https:\/\/www.eldiario.net\/portal\/#website","url":"https:\/\/www.eldiario.net\/portal\/","name":"El Diario - Decano de la prensa nacional","description":"El Diario - Decano de la prensa nacional","publisher":{"@id":"https:\/\/www.eldiario.net\/portal\/#organization"},"potentialAction":[{"@type":"SearchAction","target":{"@type":"EntryPoint","urlTemplate":"https:\/\/www.eldiario.net\/portal\/?s={search_term_string}"},"query-input":{"@type":"PropertyValueSpecification","valueRequired":true,"valueName":"search_term_string"}}],"inLanguage":"es"},{"@type":"Organization","@id":"https:\/\/www.eldiario.net\/portal\/#organization","name":"El Diario - Decano de la prensa nacional","url":"https:\/\/www.eldiario.net\/portal\/","logo":{"@type":"ImageObject","inLanguage":"es","@id":"https:\/\/www.eldiario.net\/portal\/#\/schema\/logo\/image\/","url":"https:\/\/www.eldiario.net\/portal\/wp-content\/uploads\/2023\/07\/logo_ED.jpg","contentUrl":"https:\/\/www.eldiario.net\/portal\/wp-content\/uploads\/2023\/07\/logo_ED.jpg","width":272,"height":52,"caption":"El Diario - Decano de la prensa nacional"},"image":{"@id":"https:\/\/www.eldiario.net\/portal\/#\/schema\/logo\/image\/"},"sameAs":["https:\/\/www.facebook.com\/eldiario.bolivia\/","https:\/\/x.com\/eldiario_net"]},{"@type":"Person","@id":"https:\/\/www.eldiario.net\/portal\/#\/schema\/person\/2c57cf2b7a7ae032e449e4c9b1019eac","name":"Jeanette","image":{"@type":"ImageObject","inLanguage":"es","@id":"https:\/\/secure.gravatar.com\/avatar\/3ea2118a5f7dad2b7138b1187a6b7ee55f160b9968b66013c3a3ef39dd7e5798?s=96&d=mm&r=g","url":"https:\/\/secure.gravatar.com\/avatar\/3ea2118a5f7dad2b7138b1187a6b7ee55f160b9968b66013c3a3ef39dd7e5798?s=96&d=mm&r=g","contentUrl":"https:\/\/secure.gravatar.com\/avatar\/3ea2118a5f7dad2b7138b1187a6b7ee55f160b9968b66013c3a3ef39dd7e5798?s=96&d=mm&r=g","caption":"Jeanette"},"sameAs":["https:\/\/www.eldiario.net\/portal"],"url":"https:\/\/www.eldiario.net\/portal\/author\/jeanette\/"}]}},"_links":{"self":[{"href":"https:\/\/www.eldiario.net\/portal\/wp-json\/wp\/v2\/posts\/326381","targetHints":{"allow":["GET"]}}],"collection":[{"href":"https:\/\/www.eldiario.net\/portal\/wp-json\/wp\/v2\/posts"}],"about":[{"href":"https:\/\/www.eldiario.net\/portal\/wp-json\/wp\/v2\/types\/post"}],"author":[{"embeddable":true,"href":"https:\/\/www.eldiario.net\/portal\/wp-json\/wp\/v2\/users\/1"}],"replies":[{"embeddable":true,"href":"https:\/\/www.eldiario.net\/portal\/wp-json\/wp\/v2\/comments?post=326381"}],"version-history":[{"count":1,"href":"https:\/\/www.eldiario.net\/portal\/wp-json\/wp\/v2\/posts\/326381\/revisions"}],"predecessor-version":[{"id":326395,"href":"https:\/\/www.eldiario.net\/portal\/wp-json\/wp\/v2\/posts\/326381\/revisions\/326395"}],"wp:featuredmedia":[{"embeddable":true,"href":"https:\/\/www.eldiario.net\/portal\/wp-json\/wp\/v2\/media\/326390"}],"wp:attachment":[{"href":"https:\/\/www.eldiario.net\/portal\/wp-json\/wp\/v2\/media?parent=326381"}],"wp:term":[{"taxonomy":"category","embeddable":true,"href":"https:\/\/www.eldiario.net\/portal\/wp-json\/wp\/v2\/categories?post=326381"},{"taxonomy":"post_tag","embeddable":true,"href":"https:\/\/www.eldiario.net\/portal\/wp-json\/wp\/v2\/tags?post=326381"}],"curies":[{"name":"wp","href":"https:\/\/api.w.org\/{rel}","templated":true}]}}