{"id":326334,"date":"2025-08-25T00:39:10","date_gmt":"2025-08-25T04:39:10","guid":{"rendered":"https:\/\/www.eldiario.net\/portal\/?p=326334"},"modified":"2025-08-24T21:40:05","modified_gmt":"2025-08-25T01:40:05","slug":"samsung-presenta-a-alana-la-primera-artista-boliviana-creada-con-ia-para-la-nueva-campana-de-la-serie-galaxy-a","status":"publish","type":"post","link":"https:\/\/www.eldiario.net\/portal\/2025\/08\/25\/samsung-presenta-a-alana-la-primera-artista-boliviana-creada-con-ia-para-la-nueva-campana-de-la-serie-galaxy-a\/","title":{"rendered":"Samsung presenta a Alana, la primera artista boliviana creada con IA, para la nueva campa\u00f1a de la Serie Galaxy A"},"content":{"rendered":"<p><strong>Agosto 2025 \u2013 <\/strong>Con la energ\u00eda de un lanzamiento art\u00edstico y el respaldo de la inteligencia artificial, Samsung presenta oficialmente a Alana, la primera artista boliviana creada con IA, quien llega para anunciar una noticia \u201cAAAsombrosa\u201d: la baja de precios en los modelos de la serie Galaxy A, junto con combos especiales para los usuarios.<\/p>\n<p>La campa\u00f1a, bajo el lema \u201cEl celu que querIA, al precio que querIA\u201d, incluye a los modelos Galaxy A05, A05s, A06, A16 y, ahora, tambi\u00e9n a los nuevos Galaxy A26, A36 y A56. La propuesta combina precios m\u00e1s accesibles, especificaciones de buen rendimiento y combos que var\u00edan desde poleras y mantas, hasta morrales exclusivos. La campa\u00f1a es v\u00e1lida hasta agotar stock.<\/p>\n<p>\u201cCon esta iniciativa, queremos que m\u00e1s personas puedan acceder a esta tecnolog\u00eda y aprovechar el poder de la inteligencia artificial en su d\u00eda a d\u00eda. Alana es el reflejo de c\u00f3mo esta tecnolog\u00eda puede conectar y acercar el ecosistema Galaxy AI a todos los bolivianos\u201d, afirma la gerente de Marketing de Samsung Bolivia, Stephani Berza\u00edn.<\/p>\n<p>Por su parte, la artista digital Alana, que protagoniza la campa\u00f1a de Samsung, inicia su camino a los escenarios bolivianos con la letra: \u201cAI, algo asombroso para ti, bajamos el precio de tu nuevo Galaxy. El celu que querIA, al precio que querIA. Full tecnolog\u00eda, c\u00e1mara y garant\u00eda\u201d.<\/p>\n<p>Los equipos de la serie Galaxy A ofrecen caracter\u00edsticas que van desde pantallas de ultra definici\u00f3n, c\u00e1maras de hasta 50 MP, bater\u00edas de 5.000 mAh con carga s\u00faper r\u00e1pida, certificaciones de resistencia al agua y al polvo, hasta funciones potenciadas por Galaxy AI como Circle to Search, Object Eraser, filtros personalizados y sugerencias de edici\u00f3n autom\u00e1ticas.<\/p>\n<p>Adem\u00e1s, los dispositivos de la Serie Galaxy A incluyen Samsung Knox Vault para mayor seguridad, y hasta seis generaciones de actualizaciones de sistema operativo y de seguridad, garantizando una experiencia duradera y confiable.<\/p>\n<p>Con este anuncio, Samsung refuerza su liderazgo en el mercado boliviano. \u201cRatifica nuestro compromiso de acercar la innovaci\u00f3n a todos los segmentos, combinando tecnolog\u00eda, creatividad y beneficios tangibles para los bolivianos\u201d, finaliza la ejecutiva de Samsung.<\/p>\n","protected":false},"excerpt":{"rendered":"<p>Agosto 2025 \u2013 Con la energ\u00eda de un lanzamiento art\u00edstico y el respaldo de la inteligencia artificial, Samsung presenta oficialmente a Alana, la primera artista boliviana creada con IA, quien llega para anunciar una noticia \u201cAAAsombrosa\u201d: la baja de precios en los modelos de la serie Galaxy A, junto con combos especiales para los usuarios. [&hellip;]<\/p>\n","protected":false},"author":1,"featured_media":326335,"comment_status":"closed","ping_status":"open","sticky":false,"template":"","format":"standard","meta":{"_acf_changed":false,"footnotes":""},"categories":[46],"tags":[],"class_list":["post-326334","post","type-post","status-publish","format-standard","has-post-thumbnail","category-ciencia-computacion"],"acf":{"antetitulo":""},"yoast_head":"<!-- This site is optimized with the Yoast SEO plugin v28.4 - https:\/\/yoast.com\/product\/yoast-seo-wordpress\/ -->\n<title>Samsung presenta a Alana, la primera artista boliviana creada con IA, para la nueva campa\u00f1a de la Serie Galaxy A - El Diario - Bolivia<\/title>\n<meta name=\"robots\" content=\"index, follow, max-snippet:-1, max-image-preview:large, max-video-preview:-1\" \/>\n<link rel=\"canonical\" href=\"https:\/\/www.eldiario.net\/portal\/2025\/08\/25\/samsung-presenta-a-alana-la-primera-artista-boliviana-creada-con-ia-para-la-nueva-campana-de-la-serie-galaxy-a\/\" \/>\n<meta property=\"og:locale\" content=\"es_ES\" \/>\n<meta property=\"og:type\" content=\"article\" \/>\n<meta property=\"og:title\" content=\"Samsung presenta a Alana, la primera artista boliviana creada con IA, para la nueva campa\u00f1a de la Serie Galaxy A - El Diario - Bolivia\" \/>\n<meta property=\"og:description\" content=\"Agosto 2025 \u2013 Con la energ\u00eda de un lanzamiento art\u00edstico y el respaldo de la inteligencia artificial, Samsung presenta oficialmente a Alana, la primera artista boliviana creada con IA, quien llega para anunciar una noticia \u201cAAAsombrosa\u201d: la baja de precios en los modelos de la serie Galaxy A, junto con combos especiales para los usuarios. [&hellip;]\" \/>\n<meta property=\"og:url\" content=\"https:\/\/www.eldiario.net\/portal\/2025\/08\/25\/samsung-presenta-a-alana-la-primera-artista-boliviana-creada-con-ia-para-la-nueva-campana-de-la-serie-galaxy-a\/\" \/>\n<meta property=\"og:site_name\" content=\"El Diario - Bolivia\" \/>\n<meta property=\"article:publisher\" content=\"https:\/\/www.facebook.com\/eldiario.bolivia\/\" \/>\n<meta property=\"article:published_time\" content=\"2025-08-25T04:39:10+00:00\" \/>\n<meta property=\"og:image\" content=\"https:\/\/www.eldiario.net\/portal\/wp-content\/uploads\/2025\/08\/8-B-.webp\" \/>\n\t<meta property=\"og:image:width\" content=\"1200\" \/>\n\t<meta property=\"og:image:height\" content=\"675\" \/>\n\t<meta property=\"og:image:type\" content=\"image\/webp\" \/>\n<meta name=\"author\" content=\"Jeanette\" \/>\n<meta name=\"twitter:card\" content=\"summary_large_image\" \/>\n<meta name=\"twitter:creator\" content=\"@eldiario_net\" \/>\n<meta name=\"twitter:site\" content=\"@eldiario_net\" \/>\n<meta name=\"twitter:label1\" content=\"Escrito por\" \/>\n\t<meta name=\"twitter:data1\" content=\"Jeanette\" \/>\n\t<meta name=\"twitter:label2\" content=\"Tiempo de lectura\" \/>\n\t<meta name=\"twitter:data2\" content=\"2 minutos\" \/>\n<script type=\"application\/ld+json\" class=\"yoast-schema-graph\">{\"@context\":\"https:\\\/\\\/schema.org\",\"@graph\":[{\"@type\":\"Article\",\"@id\":\"https:\\\/\\\/www.eldiario.net\\\/portal\\\/2025\\\/08\\\/25\\\/samsung-presenta-a-alana-la-primera-artista-boliviana-creada-con-ia-para-la-nueva-campana-de-la-serie-galaxy-a\\\/#article\",\"isPartOf\":{\"@id\":\"https:\\\/\\\/www.eldiario.net\\\/portal\\\/2025\\\/08\\\/25\\\/samsung-presenta-a-alana-la-primera-artista-boliviana-creada-con-ia-para-la-nueva-campana-de-la-serie-galaxy-a\\\/\"},\"author\":{\"name\":\"Jeanette\",\"@id\":\"https:\\\/\\\/www.eldiario.net\\\/portal\\\/#\\\/schema\\\/person\\\/2c57cf2b7a7ae032e449e4c9b1019eac\"},\"headline\":\"Samsung presenta a Alana, la primera artista boliviana creada con IA, para la nueva campa\u00f1a de la Serie Galaxy A\",\"datePublished\":\"2025-08-25T04:39:10+00:00\",\"mainEntityOfPage\":{\"@id\":\"https:\\\/\\\/www.eldiario.net\\\/portal\\\/2025\\\/08\\\/25\\\/samsung-presenta-a-alana-la-primera-artista-boliviana-creada-con-ia-para-la-nueva-campana-de-la-serie-galaxy-a\\\/\"},\"wordCount\":392,\"publisher\":{\"@id\":\"https:\\\/\\\/www.eldiario.net\\\/portal\\\/#organization\"},\"image\":{\"@id\":\"https:\\\/\\\/www.eldiario.net\\\/portal\\\/2025\\\/08\\\/25\\\/samsung-presenta-a-alana-la-primera-artista-boliviana-creada-con-ia-para-la-nueva-campana-de-la-serie-galaxy-a\\\/#primaryimage\"},\"thumbnailUrl\":\"https:\\\/\\\/www.eldiario.net\\\/portal\\\/wp-content\\\/uploads\\\/2025\\\/08\\\/8-B-.webp\",\"articleSection\":[\"Ciencia y Computaci\u00f3n\"],\"inLanguage\":\"es\"},{\"@type\":\"WebPage\",\"@id\":\"https:\\\/\\\/www.eldiario.net\\\/portal\\\/2025\\\/08\\\/25\\\/samsung-presenta-a-alana-la-primera-artista-boliviana-creada-con-ia-para-la-nueva-campana-de-la-serie-galaxy-a\\\/\",\"url\":\"https:\\\/\\\/www.eldiario.net\\\/portal\\\/2025\\\/08\\\/25\\\/samsung-presenta-a-alana-la-primera-artista-boliviana-creada-con-ia-para-la-nueva-campana-de-la-serie-galaxy-a\\\/\",\"name\":\"Samsung presenta a Alana, la primera artista boliviana creada con IA, para la nueva campa\u00f1a de la Serie Galaxy A - El Diario - Bolivia\",\"isPartOf\":{\"@id\":\"https:\\\/\\\/www.eldiario.net\\\/portal\\\/#website\"},\"primaryImageOfPage\":{\"@id\":\"https:\\\/\\\/www.eldiario.net\\\/portal\\\/2025\\\/08\\\/25\\\/samsung-presenta-a-alana-la-primera-artista-boliviana-creada-con-ia-para-la-nueva-campana-de-la-serie-galaxy-a\\\/#primaryimage\"},\"image\":{\"@id\":\"https:\\\/\\\/www.eldiario.net\\\/portal\\\/2025\\\/08\\\/25\\\/samsung-presenta-a-alana-la-primera-artista-boliviana-creada-con-ia-para-la-nueva-campana-de-la-serie-galaxy-a\\\/#primaryimage\"},\"thumbnailUrl\":\"https:\\\/\\\/www.eldiario.net\\\/portal\\\/wp-content\\\/uploads\\\/2025\\\/08\\\/8-B-.webp\",\"datePublished\":\"2025-08-25T04:39:10+00:00\",\"breadcrumb\":{\"@id\":\"https:\\\/\\\/www.eldiario.net\\\/portal\\\/2025\\\/08\\\/25\\\/samsung-presenta-a-alana-la-primera-artista-boliviana-creada-con-ia-para-la-nueva-campana-de-la-serie-galaxy-a\\\/#breadcrumb\"},\"inLanguage\":\"es\",\"potentialAction\":[{\"@type\":\"ReadAction\",\"target\":[\"https:\\\/\\\/www.eldiario.net\\\/portal\\\/2025\\\/08\\\/25\\\/samsung-presenta-a-alana-la-primera-artista-boliviana-creada-con-ia-para-la-nueva-campana-de-la-serie-galaxy-a\\\/\"]}]},{\"@type\":\"ImageObject\",\"inLanguage\":\"es\",\"@id\":\"https:\\\/\\\/www.eldiario.net\\\/portal\\\/2025\\\/08\\\/25\\\/samsung-presenta-a-alana-la-primera-artista-boliviana-creada-con-ia-para-la-nueva-campana-de-la-serie-galaxy-a\\\/#primaryimage\",\"url\":\"https:\\\/\\\/www.eldiario.net\\\/portal\\\/wp-content\\\/uploads\\\/2025\\\/08\\\/8-B-.webp\",\"contentUrl\":\"https:\\\/\\\/www.eldiario.net\\\/portal\\\/wp-content\\\/uploads\\\/2025\\\/08\\\/8-B-.webp\",\"width\":1200,\"height\":675},{\"@type\":\"BreadcrumbList\",\"@id\":\"https:\\\/\\\/www.eldiario.net\\\/portal\\\/2025\\\/08\\\/25\\\/samsung-presenta-a-alana-la-primera-artista-boliviana-creada-con-ia-para-la-nueva-campana-de-la-serie-galaxy-a\\\/#breadcrumb\",\"itemListElement\":[{\"@type\":\"ListItem\",\"position\":1,\"name\":\"Portada\",\"item\":\"https:\\\/\\\/www.eldiario.net\\\/portal\\\/\"},{\"@type\":\"ListItem\",\"position\":2,\"name\":\"Samsung presenta a Alana, la primera artista boliviana creada con IA, para la nueva campa\u00f1a de la Serie Galaxy A\"}]},{\"@type\":\"WebSite\",\"@id\":\"https:\\\/\\\/www.eldiario.net\\\/portal\\\/#website\",\"url\":\"https:\\\/\\\/www.eldiario.net\\\/portal\\\/\",\"name\":\"El Diario - Decano de la prensa nacional\",\"description\":\"El Diario - Decano de la prensa nacional\",\"publisher\":{\"@id\":\"https:\\\/\\\/www.eldiario.net\\\/portal\\\/#organization\"},\"potentialAction\":[{\"@type\":\"SearchAction\",\"target\":{\"@type\":\"EntryPoint\",\"urlTemplate\":\"https:\\\/\\\/www.eldiario.net\\\/portal\\\/?s={search_term_string}\"},\"query-input\":{\"@type\":\"PropertyValueSpecification\",\"valueRequired\":true,\"valueName\":\"search_term_string\"}}],\"inLanguage\":\"es\"},{\"@type\":\"Organization\",\"@id\":\"https:\\\/\\\/www.eldiario.net\\\/portal\\\/#organization\",\"name\":\"El Diario - Decano de la prensa nacional\",\"url\":\"https:\\\/\\\/www.eldiario.net\\\/portal\\\/\",\"logo\":{\"@type\":\"ImageObject\",\"inLanguage\":\"es\",\"@id\":\"https:\\\/\\\/www.eldiario.net\\\/portal\\\/#\\\/schema\\\/logo\\\/image\\\/\",\"url\":\"https:\\\/\\\/www.eldiario.net\\\/portal\\\/wp-content\\\/uploads\\\/2023\\\/07\\\/logo_ED.jpg\",\"contentUrl\":\"https:\\\/\\\/www.eldiario.net\\\/portal\\\/wp-content\\\/uploads\\\/2023\\\/07\\\/logo_ED.jpg\",\"width\":272,\"height\":52,\"caption\":\"El Diario - Decano de la prensa nacional\"},\"image\":{\"@id\":\"https:\\\/\\\/www.eldiario.net\\\/portal\\\/#\\\/schema\\\/logo\\\/image\\\/\"},\"sameAs\":[\"https:\\\/\\\/www.facebook.com\\\/eldiario.bolivia\\\/\",\"https:\\\/\\\/x.com\\\/eldiario_net\"]},{\"@type\":\"Person\",\"@id\":\"https:\\\/\\\/www.eldiario.net\\\/portal\\\/#\\\/schema\\\/person\\\/2c57cf2b7a7ae032e449e4c9b1019eac\",\"name\":\"Jeanette\",\"image\":{\"@type\":\"ImageObject\",\"inLanguage\":\"es\",\"@id\":\"https:\\\/\\\/secure.gravatar.com\\\/avatar\\\/3ea2118a5f7dad2b7138b1187a6b7ee55f160b9968b66013c3a3ef39dd7e5798?s=96&d=mm&r=g\",\"url\":\"https:\\\/\\\/secure.gravatar.com\\\/avatar\\\/3ea2118a5f7dad2b7138b1187a6b7ee55f160b9968b66013c3a3ef39dd7e5798?s=96&d=mm&r=g\",\"contentUrl\":\"https:\\\/\\\/secure.gravatar.com\\\/avatar\\\/3ea2118a5f7dad2b7138b1187a6b7ee55f160b9968b66013c3a3ef39dd7e5798?s=96&d=mm&r=g\",\"caption\":\"Jeanette\"},\"sameAs\":[\"https:\\\/\\\/www.eldiario.net\\\/portal\"],\"url\":\"https:\\\/\\\/www.eldiario.net\\\/portal\\\/author\\\/jeanette\\\/\"}]}<\/script>\n<!-- \/ Yoast SEO plugin. -->","yoast_head_json":{"title":"Samsung presenta a Alana, la primera artista boliviana creada con IA, para la nueva campa\u00f1a de la Serie Galaxy A - El Diario - Bolivia","robots":{"index":"index","follow":"follow","max-snippet":"max-snippet:-1","max-image-preview":"max-image-preview:large","max-video-preview":"max-video-preview:-1"},"canonical":"https:\/\/www.eldiario.net\/portal\/2025\/08\/25\/samsung-presenta-a-alana-la-primera-artista-boliviana-creada-con-ia-para-la-nueva-campana-de-la-serie-galaxy-a\/","og_locale":"es_ES","og_type":"article","og_title":"Samsung presenta a Alana, la primera artista boliviana creada con IA, para la nueva campa\u00f1a de la Serie Galaxy A - El Diario - Bolivia","og_description":"Agosto 2025 \u2013 Con la energ\u00eda de un lanzamiento art\u00edstico y el respaldo de la inteligencia artificial, Samsung presenta oficialmente a Alana, la primera artista boliviana creada con IA, quien llega para anunciar una noticia \u201cAAAsombrosa\u201d: la baja de precios en los modelos de la serie Galaxy A, junto con combos especiales para los usuarios. [&hellip;]","og_url":"https:\/\/www.eldiario.net\/portal\/2025\/08\/25\/samsung-presenta-a-alana-la-primera-artista-boliviana-creada-con-ia-para-la-nueva-campana-de-la-serie-galaxy-a\/","og_site_name":"El Diario - Bolivia","article_publisher":"https:\/\/www.facebook.com\/eldiario.bolivia\/","article_published_time":"2025-08-25T04:39:10+00:00","og_image":[{"width":1200,"height":675,"url":"https:\/\/www.eldiario.net\/portal\/wp-content\/uploads\/2025\/08\/8-B-.webp","type":"image\/webp"}],"author":"Jeanette","twitter_card":"summary_large_image","twitter_creator":"@eldiario_net","twitter_site":"@eldiario_net","twitter_misc":{"Escrito por":"Jeanette","Tiempo de lectura":"2 minutos"},"schema":{"@context":"https:\/\/schema.org","@graph":[{"@type":"Article","@id":"https:\/\/www.eldiario.net\/portal\/2025\/08\/25\/samsung-presenta-a-alana-la-primera-artista-boliviana-creada-con-ia-para-la-nueva-campana-de-la-serie-galaxy-a\/#article","isPartOf":{"@id":"https:\/\/www.eldiario.net\/portal\/2025\/08\/25\/samsung-presenta-a-alana-la-primera-artista-boliviana-creada-con-ia-para-la-nueva-campana-de-la-serie-galaxy-a\/"},"author":{"name":"Jeanette","@id":"https:\/\/www.eldiario.net\/portal\/#\/schema\/person\/2c57cf2b7a7ae032e449e4c9b1019eac"},"headline":"Samsung presenta a Alana, la primera artista boliviana creada con IA, para la nueva campa\u00f1a de la Serie Galaxy A","datePublished":"2025-08-25T04:39:10+00:00","mainEntityOfPage":{"@id":"https:\/\/www.eldiario.net\/portal\/2025\/08\/25\/samsung-presenta-a-alana-la-primera-artista-boliviana-creada-con-ia-para-la-nueva-campana-de-la-serie-galaxy-a\/"},"wordCount":392,"publisher":{"@id":"https:\/\/www.eldiario.net\/portal\/#organization"},"image":{"@id":"https:\/\/www.eldiario.net\/portal\/2025\/08\/25\/samsung-presenta-a-alana-la-primera-artista-boliviana-creada-con-ia-para-la-nueva-campana-de-la-serie-galaxy-a\/#primaryimage"},"thumbnailUrl":"https:\/\/www.eldiario.net\/portal\/wp-content\/uploads\/2025\/08\/8-B-.webp","articleSection":["Ciencia y Computaci\u00f3n"],"inLanguage":"es"},{"@type":"WebPage","@id":"https:\/\/www.eldiario.net\/portal\/2025\/08\/25\/samsung-presenta-a-alana-la-primera-artista-boliviana-creada-con-ia-para-la-nueva-campana-de-la-serie-galaxy-a\/","url":"https:\/\/www.eldiario.net\/portal\/2025\/08\/25\/samsung-presenta-a-alana-la-primera-artista-boliviana-creada-con-ia-para-la-nueva-campana-de-la-serie-galaxy-a\/","name":"Samsung presenta a Alana, la primera artista boliviana creada con IA, para la nueva campa\u00f1a de la Serie Galaxy A - El Diario - Bolivia","isPartOf":{"@id":"https:\/\/www.eldiario.net\/portal\/#website"},"primaryImageOfPage":{"@id":"https:\/\/www.eldiario.net\/portal\/2025\/08\/25\/samsung-presenta-a-alana-la-primera-artista-boliviana-creada-con-ia-para-la-nueva-campana-de-la-serie-galaxy-a\/#primaryimage"},"image":{"@id":"https:\/\/www.eldiario.net\/portal\/2025\/08\/25\/samsung-presenta-a-alana-la-primera-artista-boliviana-creada-con-ia-para-la-nueva-campana-de-la-serie-galaxy-a\/#primaryimage"},"thumbnailUrl":"https:\/\/www.eldiario.net\/portal\/wp-content\/uploads\/2025\/08\/8-B-.webp","datePublished":"2025-08-25T04:39:10+00:00","breadcrumb":{"@id":"https:\/\/www.eldiario.net\/portal\/2025\/08\/25\/samsung-presenta-a-alana-la-primera-artista-boliviana-creada-con-ia-para-la-nueva-campana-de-la-serie-galaxy-a\/#breadcrumb"},"inLanguage":"es","potentialAction":[{"@type":"ReadAction","target":["https:\/\/www.eldiario.net\/portal\/2025\/08\/25\/samsung-presenta-a-alana-la-primera-artista-boliviana-creada-con-ia-para-la-nueva-campana-de-la-serie-galaxy-a\/"]}]},{"@type":"ImageObject","inLanguage":"es","@id":"https:\/\/www.eldiario.net\/portal\/2025\/08\/25\/samsung-presenta-a-alana-la-primera-artista-boliviana-creada-con-ia-para-la-nueva-campana-de-la-serie-galaxy-a\/#primaryimage","url":"https:\/\/www.eldiario.net\/portal\/wp-content\/uploads\/2025\/08\/8-B-.webp","contentUrl":"https:\/\/www.eldiario.net\/portal\/wp-content\/uploads\/2025\/08\/8-B-.webp","width":1200,"height":675},{"@type":"BreadcrumbList","@id":"https:\/\/www.eldiario.net\/portal\/2025\/08\/25\/samsung-presenta-a-alana-la-primera-artista-boliviana-creada-con-ia-para-la-nueva-campana-de-la-serie-galaxy-a\/#breadcrumb","itemListElement":[{"@type":"ListItem","position":1,"name":"Portada","item":"https:\/\/www.eldiario.net\/portal\/"},{"@type":"ListItem","position":2,"name":"Samsung presenta a Alana, la primera artista boliviana creada con IA, para la nueva campa\u00f1a de la Serie Galaxy A"}]},{"@type":"WebSite","@id":"https:\/\/www.eldiario.net\/portal\/#website","url":"https:\/\/www.eldiario.net\/portal\/","name":"El Diario - Decano de la prensa nacional","description":"El Diario - Decano de la prensa nacional","publisher":{"@id":"https:\/\/www.eldiario.net\/portal\/#organization"},"potentialAction":[{"@type":"SearchAction","target":{"@type":"EntryPoint","urlTemplate":"https:\/\/www.eldiario.net\/portal\/?s={search_term_string}"},"query-input":{"@type":"PropertyValueSpecification","valueRequired":true,"valueName":"search_term_string"}}],"inLanguage":"es"},{"@type":"Organization","@id":"https:\/\/www.eldiario.net\/portal\/#organization","name":"El Diario - Decano de la prensa nacional","url":"https:\/\/www.eldiario.net\/portal\/","logo":{"@type":"ImageObject","inLanguage":"es","@id":"https:\/\/www.eldiario.net\/portal\/#\/schema\/logo\/image\/","url":"https:\/\/www.eldiario.net\/portal\/wp-content\/uploads\/2023\/07\/logo_ED.jpg","contentUrl":"https:\/\/www.eldiario.net\/portal\/wp-content\/uploads\/2023\/07\/logo_ED.jpg","width":272,"height":52,"caption":"El Diario - Decano de la prensa nacional"},"image":{"@id":"https:\/\/www.eldiario.net\/portal\/#\/schema\/logo\/image\/"},"sameAs":["https:\/\/www.facebook.com\/eldiario.bolivia\/","https:\/\/x.com\/eldiario_net"]},{"@type":"Person","@id":"https:\/\/www.eldiario.net\/portal\/#\/schema\/person\/2c57cf2b7a7ae032e449e4c9b1019eac","name":"Jeanette","image":{"@type":"ImageObject","inLanguage":"es","@id":"https:\/\/secure.gravatar.com\/avatar\/3ea2118a5f7dad2b7138b1187a6b7ee55f160b9968b66013c3a3ef39dd7e5798?s=96&d=mm&r=g","url":"https:\/\/secure.gravatar.com\/avatar\/3ea2118a5f7dad2b7138b1187a6b7ee55f160b9968b66013c3a3ef39dd7e5798?s=96&d=mm&r=g","contentUrl":"https:\/\/secure.gravatar.com\/avatar\/3ea2118a5f7dad2b7138b1187a6b7ee55f160b9968b66013c3a3ef39dd7e5798?s=96&d=mm&r=g","caption":"Jeanette"},"sameAs":["https:\/\/www.eldiario.net\/portal"],"url":"https:\/\/www.eldiario.net\/portal\/author\/jeanette\/"}]}},"_links":{"self":[{"href":"https:\/\/www.eldiario.net\/portal\/wp-json\/wp\/v2\/posts\/326334","targetHints":{"allow":["GET"]}}],"collection":[{"href":"https:\/\/www.eldiario.net\/portal\/wp-json\/wp\/v2\/posts"}],"about":[{"href":"https:\/\/www.eldiario.net\/portal\/wp-json\/wp\/v2\/types\/post"}],"author":[{"embeddable":true,"href":"https:\/\/www.eldiario.net\/portal\/wp-json\/wp\/v2\/users\/1"}],"replies":[{"embeddable":true,"href":"https:\/\/www.eldiario.net\/portal\/wp-json\/wp\/v2\/comments?post=326334"}],"version-history":[{"count":1,"href":"https:\/\/www.eldiario.net\/portal\/wp-json\/wp\/v2\/posts\/326334\/revisions"}],"predecessor-version":[{"id":326336,"href":"https:\/\/www.eldiario.net\/portal\/wp-json\/wp\/v2\/posts\/326334\/revisions\/326336"}],"wp:featuredmedia":[{"embeddable":true,"href":"https:\/\/www.eldiario.net\/portal\/wp-json\/wp\/v2\/media\/326335"}],"wp:attachment":[{"href":"https:\/\/www.eldiario.net\/portal\/wp-json\/wp\/v2\/media?parent=326334"}],"wp:term":[{"taxonomy":"category","embeddable":true,"href":"https:\/\/www.eldiario.net\/portal\/wp-json\/wp\/v2\/categories?post=326334"},{"taxonomy":"post_tag","embeddable":true,"href":"https:\/\/www.eldiario.net\/portal\/wp-json\/wp\/v2\/tags?post=326334"}],"curies":[{"name":"wp","href":"https:\/\/api.w.org\/{rel}","templated":true}]}}