{"id":326271,"date":"2025-08-24T07:12:11","date_gmt":"2025-08-24T11:12:11","guid":{"rendered":"https:\/\/www.eldiario.net\/portal\/?p=326271"},"modified":"2025-08-24T07:12:11","modified_gmt":"2025-08-24T11:12:11","slug":"luis-arce-debe-ser-sometido-a-juicio-de-responsabilidades","status":"publish","type":"post","link":"https:\/\/www.eldiario.net\/portal\/2025\/08\/24\/luis-arce-debe-ser-sometido-a-juicio-de-responsabilidades\/","title":{"rendered":"Luis Arce debe ser sometido a Juicio de Responsabilidades"},"content":{"rendered":"<p>El gobierno de Luis Arce ha cometido varios delitos en el ejercicio de sus funciones junto a sus colaboradores, aspecto que deber\u00e1 ser investigado y posteriormente procesado conforme a ley. Es evidente que este proces\u00f3 podr\u00e1 iniciarse y sustanciarse una vez que el actual Presidente deje su cargo el 8 de noviembre de 2025.<br \/>\n\u00bfCu\u00e1les son las razones para este anuncio? \u00bfY cu\u00e1l es el procedimiento?<br \/>\nLuis Arce ha vulnerado la Constituci\u00f3n Pol\u00edtica del Estado y varias normas, de las cuales destacan el levantamiento militar del 26 de junio de 2024, cuando el general Z\u00fa\u00f1iga declara al presidente como autor intelectual de ese autogolpe. Seg\u00fan sus declaraciones, el traslado de varias tanquetas se hizo con \u201corden presidencial\u201d.<br \/>\nEl Art\u00edculo 124 de la CPE, dispone que:<br \/>\n\u201cI. Comete delito de traici\u00f3n a la patria la boliviana o el boliviano que incurra en los siguientes hechos:<br \/>\n2. Que viole el r\u00e9gimen constitucional de recursos naturales\u201d.<br \/>\nResulta que, en el caso del litio y los contratos con las empresas china y rusa, se viol\u00f3 el r\u00e9gimen constitucional de recursos naturales, pues el litio es propiedad y dominio directo del pueblo boliviano, con el objetivo de garantizar el desarrollo sustentable del pa\u00eds y el bienestar de las generaciones presentes y futuras. Este r\u00e9gimen lo define como \u201cestrat\u00e9gico\u201d y de inter\u00e9s p\u00fablico, y establece que su aprovechamiento debe ser responsable, planificado e industrializado, promoviendo la conservaci\u00f3n ambiental y la soberan\u00eda del Estado sobre ellos. Los contratos son entreguistas y traicionan a la patria.<br \/>\nEl da\u00f1o causado al patrimonio de los bolivianos es tambi\u00e9n objeto de Juicio de Responsabilidades: \u201cII. Los delitos cometidos por servidores p\u00fablicos que atenten contra el patrimonio del Estado y causen grave da\u00f1o econ\u00f3mico, son imprescriptibles y no admiten r\u00e9gimen de inmunidad\u201d. (Ley N\u00b0 044, Ley para el juzgamiento de la presidenta o presidente \u2026).<br \/>\nEl ecocidio, por la quema de m\u00e1s de 12.6 millones de hect\u00e1reas de bosques y \u00e1reas no boscosas, tampoco puede quedar en la impunidad.<br \/>\nRespecto al procedimiento, es fundamental aclarar que el gobierno de Luis Arce realiz\u00f3 una persecuci\u00f3n pol\u00edtica penal a los funcionarios del gobierno transitorio a la cabeza de Jeanine A\u00f1ez, vulnerando la CPE, normas, el debido proceso, el juicio justo e imponiendo una detenci\u00f3n preventiva reiteradamente ampliada y sin fundamento jur\u00eddico. Para el caso de Luis Arce, corresponde no cometer semejante aberraci\u00f3n jur\u00eddica.<br \/>\nCualquier persona puede presentar una \u201cproposici\u00f3n acusatoria\u201d en la Fiscal\u00eda General del Estado, seg\u00fan el art\u00edculo 13 de la Ley 044. Con la proposici\u00f3n acusatoria, en un plazo de 30 d\u00edas h\u00e1biles, la Fiscal\u00eda debe formular el requerimiento de acusaci\u00f3n o el rechazo. Desde el inicio del proceso debe existir, seg\u00fan la normativa, un control jurisdiccional de la Sala Penal del Tribunal Supremo de Justicia. En caso de existir materia \u201cjusticiable\u201d, la Fiscal\u00eda General del Estado requerir\u00e1 ante el Tribunal Supremo de Justicia el enjuiciamiento. El ente judicial deber\u00e1 remitir el proceso a la Asamblea Legislativa Plurinacional, de forma que d\u00e9 o no su autorizaci\u00f3n. La Comisi\u00f3n Mixta de Justicia Plural es la que recibe el requerimiento y la encargada de hacer conocer al pleno. Para dar aval al proceso, la Asamblea requiere la aprobaci\u00f3n de los 2\/3 de los miembros presentes. De tener el apoyo esperado, el Legislativo permitir\u00e1 el juzgamiento, remitiendo todo el material colectado en su investigaci\u00f3n al Tribunal Supremo de Justicia.<br \/>\nHoy, merced al voto ciudadano se tiene nuevos Magistrados en el Tribunal Supremo de Justicia, que deben cumplir con sus obligaciones. Tambi\u00e9n se tiene una nueva Asamblea Legislativa Plurinacional, sin ning\u00fan impedimento para tramitar el inicio de un juicio de responsabilidades, siempre y cuando la \u201cproporci\u00f3n acusatoria\u201d sea clara y con evidencia s\u00f3lida.<br \/>\nCreo que ahora, la justicia deber\u00e1 actuar con solvencia y responsabilidad hist\u00f3rica.<\/p>\n<p>El autor es analista pol\u00edtico e investigador.<\/p>\n","protected":false},"excerpt":{"rendered":"<p>El gobierno de Luis Arce ha cometido varios delitos en el ejercicio de sus funciones junto a sus colaboradores, aspecto que deber\u00e1 ser investigado y posteriormente procesado conforme a ley. Es evidente que este proces\u00f3 podr\u00e1 iniciarse y sustanciarse una vez que el actual Presidente deje su cargo el 8 de noviembre de 2025. \u00bfCu\u00e1les [&hellip;]<\/p>\n","protected":false},"author":1,"featured_media":326272,"comment_status":"closed","ping_status":"open","sticky":false,"template":"","format":"standard","meta":{"_acf_changed":false,"footnotes":""},"categories":[9],"tags":[],"class_list":["post-326271","post","type-post","status-publish","format-standard","has-post-thumbnail","category-opinion"],"acf":{"antetitulo":""},"yoast_head":"<!-- This site is optimized with the Yoast SEO plugin v28.4 - https:\/\/yoast.com\/product\/yoast-seo-wordpress\/ -->\n<title>Luis Arce debe ser sometido a Juicio de Responsabilidades - El Diario - Bolivia<\/title>\n<meta name=\"robots\" content=\"index, follow, max-snippet:-1, max-image-preview:large, max-video-preview:-1\" \/>\n<link rel=\"canonical\" href=\"https:\/\/www.eldiario.net\/portal\/2025\/08\/24\/luis-arce-debe-ser-sometido-a-juicio-de-responsabilidades\/\" \/>\n<meta property=\"og:locale\" content=\"es_ES\" \/>\n<meta property=\"og:type\" content=\"article\" \/>\n<meta property=\"og:title\" content=\"Luis Arce debe ser sometido a Juicio de Responsabilidades - El Diario - Bolivia\" \/>\n<meta property=\"og:description\" content=\"El gobierno de Luis Arce ha cometido varios delitos en el ejercicio de sus funciones junto a sus colaboradores, aspecto que deber\u00e1 ser investigado y posteriormente procesado conforme a ley. Es evidente que este proces\u00f3 podr\u00e1 iniciarse y sustanciarse una vez que el actual Presidente deje su cargo el 8 de noviembre de 2025. \u00bfCu\u00e1les [&hellip;]\" \/>\n<meta property=\"og:url\" content=\"https:\/\/www.eldiario.net\/portal\/2025\/08\/24\/luis-arce-debe-ser-sometido-a-juicio-de-responsabilidades\/\" \/>\n<meta property=\"og:site_name\" content=\"El Diario - Bolivia\" \/>\n<meta property=\"article:publisher\" content=\"https:\/\/www.facebook.com\/eldiario.bolivia\/\" \/>\n<meta property=\"article:published_time\" content=\"2025-08-24T11:12:11+00:00\" \/>\n<meta property=\"og:image\" content=\"https:\/\/www.eldiario.net\/portal\/wp-content\/uploads\/2025\/08\/Manuel-Morales-Alvarez.webp\" \/>\n\t<meta property=\"og:image:width\" content=\"1200\" \/>\n\t<meta property=\"og:image:height\" content=\"628\" \/>\n\t<meta property=\"og:image:type\" content=\"image\/webp\" \/>\n<meta name=\"author\" content=\"Jeanette\" \/>\n<meta name=\"twitter:card\" content=\"summary_large_image\" \/>\n<meta name=\"twitter:creator\" content=\"@eldiario_net\" \/>\n<meta name=\"twitter:site\" content=\"@eldiario_net\" \/>\n<meta name=\"twitter:label1\" content=\"Escrito por\" \/>\n\t<meta name=\"twitter:data1\" content=\"Jeanette\" \/>\n\t<meta name=\"twitter:label2\" content=\"Tiempo de lectura\" \/>\n\t<meta name=\"twitter:data2\" content=\"4 minutos\" \/>\n<script type=\"application\/ld+json\" class=\"yoast-schema-graph\">{\"@context\":\"https:\\\/\\\/schema.org\",\"@graph\":[{\"@type\":\"Article\",\"@id\":\"https:\\\/\\\/www.eldiario.net\\\/portal\\\/2025\\\/08\\\/24\\\/luis-arce-debe-ser-sometido-a-juicio-de-responsabilidades\\\/#article\",\"isPartOf\":{\"@id\":\"https:\\\/\\\/www.eldiario.net\\\/portal\\\/2025\\\/08\\\/24\\\/luis-arce-debe-ser-sometido-a-juicio-de-responsabilidades\\\/\"},\"author\":{\"name\":\"Jeanette\",\"@id\":\"https:\\\/\\\/www.eldiario.net\\\/portal\\\/#\\\/schema\\\/person\\\/2c57cf2b7a7ae032e449e4c9b1019eac\"},\"headline\":\"Luis Arce debe ser sometido a Juicio de Responsabilidades\",\"datePublished\":\"2025-08-24T11:12:11+00:00\",\"mainEntityOfPage\":{\"@id\":\"https:\\\/\\\/www.eldiario.net\\\/portal\\\/2025\\\/08\\\/24\\\/luis-arce-debe-ser-sometido-a-juicio-de-responsabilidades\\\/\"},\"wordCount\":675,\"publisher\":{\"@id\":\"https:\\\/\\\/www.eldiario.net\\\/portal\\\/#organization\"},\"image\":{\"@id\":\"https:\\\/\\\/www.eldiario.net\\\/portal\\\/2025\\\/08\\\/24\\\/luis-arce-debe-ser-sometido-a-juicio-de-responsabilidades\\\/#primaryimage\"},\"thumbnailUrl\":\"https:\\\/\\\/www.eldiario.net\\\/portal\\\/wp-content\\\/uploads\\\/2025\\\/08\\\/Manuel-Morales-Alvarez.webp\",\"articleSection\":[\"Opini\u00f3n\"],\"inLanguage\":\"es\"},{\"@type\":\"WebPage\",\"@id\":\"https:\\\/\\\/www.eldiario.net\\\/portal\\\/2025\\\/08\\\/24\\\/luis-arce-debe-ser-sometido-a-juicio-de-responsabilidades\\\/\",\"url\":\"https:\\\/\\\/www.eldiario.net\\\/portal\\\/2025\\\/08\\\/24\\\/luis-arce-debe-ser-sometido-a-juicio-de-responsabilidades\\\/\",\"name\":\"Luis Arce debe ser sometido a Juicio de Responsabilidades - El Diario - Bolivia\",\"isPartOf\":{\"@id\":\"https:\\\/\\\/www.eldiario.net\\\/portal\\\/#website\"},\"primaryImageOfPage\":{\"@id\":\"https:\\\/\\\/www.eldiario.net\\\/portal\\\/2025\\\/08\\\/24\\\/luis-arce-debe-ser-sometido-a-juicio-de-responsabilidades\\\/#primaryimage\"},\"image\":{\"@id\":\"https:\\\/\\\/www.eldiario.net\\\/portal\\\/2025\\\/08\\\/24\\\/luis-arce-debe-ser-sometido-a-juicio-de-responsabilidades\\\/#primaryimage\"},\"thumbnailUrl\":\"https:\\\/\\\/www.eldiario.net\\\/portal\\\/wp-content\\\/uploads\\\/2025\\\/08\\\/Manuel-Morales-Alvarez.webp\",\"datePublished\":\"2025-08-24T11:12:11+00:00\",\"breadcrumb\":{\"@id\":\"https:\\\/\\\/www.eldiario.net\\\/portal\\\/2025\\\/08\\\/24\\\/luis-arce-debe-ser-sometido-a-juicio-de-responsabilidades\\\/#breadcrumb\"},\"inLanguage\":\"es\",\"potentialAction\":[{\"@type\":\"ReadAction\",\"target\":[\"https:\\\/\\\/www.eldiario.net\\\/portal\\\/2025\\\/08\\\/24\\\/luis-arce-debe-ser-sometido-a-juicio-de-responsabilidades\\\/\"]}]},{\"@type\":\"ImageObject\",\"inLanguage\":\"es\",\"@id\":\"https:\\\/\\\/www.eldiario.net\\\/portal\\\/2025\\\/08\\\/24\\\/luis-arce-debe-ser-sometido-a-juicio-de-responsabilidades\\\/#primaryimage\",\"url\":\"https:\\\/\\\/www.eldiario.net\\\/portal\\\/wp-content\\\/uploads\\\/2025\\\/08\\\/Manuel-Morales-Alvarez.webp\",\"contentUrl\":\"https:\\\/\\\/www.eldiario.net\\\/portal\\\/wp-content\\\/uploads\\\/2025\\\/08\\\/Manuel-Morales-Alvarez.webp\",\"width\":1200,\"height\":628,\"caption\":\"Manuel Morales \u00c1lvarez\"},{\"@type\":\"BreadcrumbList\",\"@id\":\"https:\\\/\\\/www.eldiario.net\\\/portal\\\/2025\\\/08\\\/24\\\/luis-arce-debe-ser-sometido-a-juicio-de-responsabilidades\\\/#breadcrumb\",\"itemListElement\":[{\"@type\":\"ListItem\",\"position\":1,\"name\":\"Portada\",\"item\":\"https:\\\/\\\/www.eldiario.net\\\/portal\\\/\"},{\"@type\":\"ListItem\",\"position\":2,\"name\":\"Luis Arce debe ser sometido a Juicio de Responsabilidades\"}]},{\"@type\":\"WebSite\",\"@id\":\"https:\\\/\\\/www.eldiario.net\\\/portal\\\/#website\",\"url\":\"https:\\\/\\\/www.eldiario.net\\\/portal\\\/\",\"name\":\"El Diario - Decano de la prensa nacional\",\"description\":\"El Diario - Decano de la prensa nacional\",\"publisher\":{\"@id\":\"https:\\\/\\\/www.eldiario.net\\\/portal\\\/#organization\"},\"potentialAction\":[{\"@type\":\"SearchAction\",\"target\":{\"@type\":\"EntryPoint\",\"urlTemplate\":\"https:\\\/\\\/www.eldiario.net\\\/portal\\\/?s={search_term_string}\"},\"query-input\":{\"@type\":\"PropertyValueSpecification\",\"valueRequired\":true,\"valueName\":\"search_term_string\"}}],\"inLanguage\":\"es\"},{\"@type\":\"Organization\",\"@id\":\"https:\\\/\\\/www.eldiario.net\\\/portal\\\/#organization\",\"name\":\"El Diario - Decano de la prensa nacional\",\"url\":\"https:\\\/\\\/www.eldiario.net\\\/portal\\\/\",\"logo\":{\"@type\":\"ImageObject\",\"inLanguage\":\"es\",\"@id\":\"https:\\\/\\\/www.eldiario.net\\\/portal\\\/#\\\/schema\\\/logo\\\/image\\\/\",\"url\":\"https:\\\/\\\/www.eldiario.net\\\/portal\\\/wp-content\\\/uploads\\\/2023\\\/07\\\/logo_ED.jpg\",\"contentUrl\":\"https:\\\/\\\/www.eldiario.net\\\/portal\\\/wp-content\\\/uploads\\\/2023\\\/07\\\/logo_ED.jpg\",\"width\":272,\"height\":52,\"caption\":\"El Diario - Decano de la prensa nacional\"},\"image\":{\"@id\":\"https:\\\/\\\/www.eldiario.net\\\/portal\\\/#\\\/schema\\\/logo\\\/image\\\/\"},\"sameAs\":[\"https:\\\/\\\/www.facebook.com\\\/eldiario.bolivia\\\/\",\"https:\\\/\\\/x.com\\\/eldiario_net\"]},{\"@type\":\"Person\",\"@id\":\"https:\\\/\\\/www.eldiario.net\\\/portal\\\/#\\\/schema\\\/person\\\/2c57cf2b7a7ae032e449e4c9b1019eac\",\"name\":\"Jeanette\",\"image\":{\"@type\":\"ImageObject\",\"inLanguage\":\"es\",\"@id\":\"https:\\\/\\\/secure.gravatar.com\\\/avatar\\\/3ea2118a5f7dad2b7138b1187a6b7ee55f160b9968b66013c3a3ef39dd7e5798?s=96&d=mm&r=g\",\"url\":\"https:\\\/\\\/secure.gravatar.com\\\/avatar\\\/3ea2118a5f7dad2b7138b1187a6b7ee55f160b9968b66013c3a3ef39dd7e5798?s=96&d=mm&r=g\",\"contentUrl\":\"https:\\\/\\\/secure.gravatar.com\\\/avatar\\\/3ea2118a5f7dad2b7138b1187a6b7ee55f160b9968b66013c3a3ef39dd7e5798?s=96&d=mm&r=g\",\"caption\":\"Jeanette\"},\"sameAs\":[\"https:\\\/\\\/www.eldiario.net\\\/portal\"],\"url\":\"https:\\\/\\\/www.eldiario.net\\\/portal\\\/author\\\/jeanette\\\/\"}]}<\/script>\n<!-- \/ Yoast SEO plugin. -->","yoast_head_json":{"title":"Luis Arce debe ser sometido a Juicio de Responsabilidades - El Diario - Bolivia","robots":{"index":"index","follow":"follow","max-snippet":"max-snippet:-1","max-image-preview":"max-image-preview:large","max-video-preview":"max-video-preview:-1"},"canonical":"https:\/\/www.eldiario.net\/portal\/2025\/08\/24\/luis-arce-debe-ser-sometido-a-juicio-de-responsabilidades\/","og_locale":"es_ES","og_type":"article","og_title":"Luis Arce debe ser sometido a Juicio de Responsabilidades - El Diario - Bolivia","og_description":"El gobierno de Luis Arce ha cometido varios delitos en el ejercicio de sus funciones junto a sus colaboradores, aspecto que deber\u00e1 ser investigado y posteriormente procesado conforme a ley. Es evidente que este proces\u00f3 podr\u00e1 iniciarse y sustanciarse una vez que el actual Presidente deje su cargo el 8 de noviembre de 2025. \u00bfCu\u00e1les [&hellip;]","og_url":"https:\/\/www.eldiario.net\/portal\/2025\/08\/24\/luis-arce-debe-ser-sometido-a-juicio-de-responsabilidades\/","og_site_name":"El Diario - Bolivia","article_publisher":"https:\/\/www.facebook.com\/eldiario.bolivia\/","article_published_time":"2025-08-24T11:12:11+00:00","og_image":[{"width":1200,"height":628,"url":"https:\/\/www.eldiario.net\/portal\/wp-content\/uploads\/2025\/08\/Manuel-Morales-Alvarez.webp","type":"image\/webp"}],"author":"Jeanette","twitter_card":"summary_large_image","twitter_creator":"@eldiario_net","twitter_site":"@eldiario_net","twitter_misc":{"Escrito por":"Jeanette","Tiempo de lectura":"4 minutos"},"schema":{"@context":"https:\/\/schema.org","@graph":[{"@type":"Article","@id":"https:\/\/www.eldiario.net\/portal\/2025\/08\/24\/luis-arce-debe-ser-sometido-a-juicio-de-responsabilidades\/#article","isPartOf":{"@id":"https:\/\/www.eldiario.net\/portal\/2025\/08\/24\/luis-arce-debe-ser-sometido-a-juicio-de-responsabilidades\/"},"author":{"name":"Jeanette","@id":"https:\/\/www.eldiario.net\/portal\/#\/schema\/person\/2c57cf2b7a7ae032e449e4c9b1019eac"},"headline":"Luis Arce debe ser sometido a Juicio de Responsabilidades","datePublished":"2025-08-24T11:12:11+00:00","mainEntityOfPage":{"@id":"https:\/\/www.eldiario.net\/portal\/2025\/08\/24\/luis-arce-debe-ser-sometido-a-juicio-de-responsabilidades\/"},"wordCount":675,"publisher":{"@id":"https:\/\/www.eldiario.net\/portal\/#organization"},"image":{"@id":"https:\/\/www.eldiario.net\/portal\/2025\/08\/24\/luis-arce-debe-ser-sometido-a-juicio-de-responsabilidades\/#primaryimage"},"thumbnailUrl":"https:\/\/www.eldiario.net\/portal\/wp-content\/uploads\/2025\/08\/Manuel-Morales-Alvarez.webp","articleSection":["Opini\u00f3n"],"inLanguage":"es"},{"@type":"WebPage","@id":"https:\/\/www.eldiario.net\/portal\/2025\/08\/24\/luis-arce-debe-ser-sometido-a-juicio-de-responsabilidades\/","url":"https:\/\/www.eldiario.net\/portal\/2025\/08\/24\/luis-arce-debe-ser-sometido-a-juicio-de-responsabilidades\/","name":"Luis Arce debe ser sometido a Juicio de Responsabilidades - El Diario - Bolivia","isPartOf":{"@id":"https:\/\/www.eldiario.net\/portal\/#website"},"primaryImageOfPage":{"@id":"https:\/\/www.eldiario.net\/portal\/2025\/08\/24\/luis-arce-debe-ser-sometido-a-juicio-de-responsabilidades\/#primaryimage"},"image":{"@id":"https:\/\/www.eldiario.net\/portal\/2025\/08\/24\/luis-arce-debe-ser-sometido-a-juicio-de-responsabilidades\/#primaryimage"},"thumbnailUrl":"https:\/\/www.eldiario.net\/portal\/wp-content\/uploads\/2025\/08\/Manuel-Morales-Alvarez.webp","datePublished":"2025-08-24T11:12:11+00:00","breadcrumb":{"@id":"https:\/\/www.eldiario.net\/portal\/2025\/08\/24\/luis-arce-debe-ser-sometido-a-juicio-de-responsabilidades\/#breadcrumb"},"inLanguage":"es","potentialAction":[{"@type":"ReadAction","target":["https:\/\/www.eldiario.net\/portal\/2025\/08\/24\/luis-arce-debe-ser-sometido-a-juicio-de-responsabilidades\/"]}]},{"@type":"ImageObject","inLanguage":"es","@id":"https:\/\/www.eldiario.net\/portal\/2025\/08\/24\/luis-arce-debe-ser-sometido-a-juicio-de-responsabilidades\/#primaryimage","url":"https:\/\/www.eldiario.net\/portal\/wp-content\/uploads\/2025\/08\/Manuel-Morales-Alvarez.webp","contentUrl":"https:\/\/www.eldiario.net\/portal\/wp-content\/uploads\/2025\/08\/Manuel-Morales-Alvarez.webp","width":1200,"height":628,"caption":"Manuel Morales \u00c1lvarez"},{"@type":"BreadcrumbList","@id":"https:\/\/www.eldiario.net\/portal\/2025\/08\/24\/luis-arce-debe-ser-sometido-a-juicio-de-responsabilidades\/#breadcrumb","itemListElement":[{"@type":"ListItem","position":1,"name":"Portada","item":"https:\/\/www.eldiario.net\/portal\/"},{"@type":"ListItem","position":2,"name":"Luis Arce debe ser sometido a Juicio de Responsabilidades"}]},{"@type":"WebSite","@id":"https:\/\/www.eldiario.net\/portal\/#website","url":"https:\/\/www.eldiario.net\/portal\/","name":"El Diario - Decano de la prensa nacional","description":"El Diario - Decano de la prensa nacional","publisher":{"@id":"https:\/\/www.eldiario.net\/portal\/#organization"},"potentialAction":[{"@type":"SearchAction","target":{"@type":"EntryPoint","urlTemplate":"https:\/\/www.eldiario.net\/portal\/?s={search_term_string}"},"query-input":{"@type":"PropertyValueSpecification","valueRequired":true,"valueName":"search_term_string"}}],"inLanguage":"es"},{"@type":"Organization","@id":"https:\/\/www.eldiario.net\/portal\/#organization","name":"El Diario - Decano de la prensa nacional","url":"https:\/\/www.eldiario.net\/portal\/","logo":{"@type":"ImageObject","inLanguage":"es","@id":"https:\/\/www.eldiario.net\/portal\/#\/schema\/logo\/image\/","url":"https:\/\/www.eldiario.net\/portal\/wp-content\/uploads\/2023\/07\/logo_ED.jpg","contentUrl":"https:\/\/www.eldiario.net\/portal\/wp-content\/uploads\/2023\/07\/logo_ED.jpg","width":272,"height":52,"caption":"El Diario - Decano de la prensa nacional"},"image":{"@id":"https:\/\/www.eldiario.net\/portal\/#\/schema\/logo\/image\/"},"sameAs":["https:\/\/www.facebook.com\/eldiario.bolivia\/","https:\/\/x.com\/eldiario_net"]},{"@type":"Person","@id":"https:\/\/www.eldiario.net\/portal\/#\/schema\/person\/2c57cf2b7a7ae032e449e4c9b1019eac","name":"Jeanette","image":{"@type":"ImageObject","inLanguage":"es","@id":"https:\/\/secure.gravatar.com\/avatar\/3ea2118a5f7dad2b7138b1187a6b7ee55f160b9968b66013c3a3ef39dd7e5798?s=96&d=mm&r=g","url":"https:\/\/secure.gravatar.com\/avatar\/3ea2118a5f7dad2b7138b1187a6b7ee55f160b9968b66013c3a3ef39dd7e5798?s=96&d=mm&r=g","contentUrl":"https:\/\/secure.gravatar.com\/avatar\/3ea2118a5f7dad2b7138b1187a6b7ee55f160b9968b66013c3a3ef39dd7e5798?s=96&d=mm&r=g","caption":"Jeanette"},"sameAs":["https:\/\/www.eldiario.net\/portal"],"url":"https:\/\/www.eldiario.net\/portal\/author\/jeanette\/"}]}},"_links":{"self":[{"href":"https:\/\/www.eldiario.net\/portal\/wp-json\/wp\/v2\/posts\/326271","targetHints":{"allow":["GET"]}}],"collection":[{"href":"https:\/\/www.eldiario.net\/portal\/wp-json\/wp\/v2\/posts"}],"about":[{"href":"https:\/\/www.eldiario.net\/portal\/wp-json\/wp\/v2\/types\/post"}],"author":[{"embeddable":true,"href":"https:\/\/www.eldiario.net\/portal\/wp-json\/wp\/v2\/users\/1"}],"replies":[{"embeddable":true,"href":"https:\/\/www.eldiario.net\/portal\/wp-json\/wp\/v2\/comments?post=326271"}],"version-history":[{"count":1,"href":"https:\/\/www.eldiario.net\/portal\/wp-json\/wp\/v2\/posts\/326271\/revisions"}],"predecessor-version":[{"id":326273,"href":"https:\/\/www.eldiario.net\/portal\/wp-json\/wp\/v2\/posts\/326271\/revisions\/326273"}],"wp:featuredmedia":[{"embeddable":true,"href":"https:\/\/www.eldiario.net\/portal\/wp-json\/wp\/v2\/media\/326272"}],"wp:attachment":[{"href":"https:\/\/www.eldiario.net\/portal\/wp-json\/wp\/v2\/media?parent=326271"}],"wp:term":[{"taxonomy":"category","embeddable":true,"href":"https:\/\/www.eldiario.net\/portal\/wp-json\/wp\/v2\/categories?post=326271"},{"taxonomy":"post_tag","embeddable":true,"href":"https:\/\/www.eldiario.net\/portal\/wp-json\/wp\/v2\/tags?post=326271"}],"curies":[{"name":"wp","href":"https:\/\/api.w.org\/{rel}","templated":true}]}}