{"id":326269,"date":"2025-08-24T07:09:19","date_gmt":"2025-08-24T11:09:19","guid":{"rendered":"https:\/\/www.eldiario.net\/portal\/?p=326269"},"modified":"2025-08-24T07:09:19","modified_gmt":"2025-08-24T11:09:19","slug":"teleferico-amazonico-binacional","status":"publish","type":"post","link":"https:\/\/www.eldiario.net\/portal\/2025\/08\/24\/teleferico-amazonico-binacional\/","title":{"rendered":"Telef\u00e9rico amaz\u00f3nico binacional"},"content":{"rendered":"<p>Imaginen elevarse suavemente sobre el r\u00edo Mamor\u00e9, sintiendo la brisa c\u00e1lida mientras la mirada se pierde en un horizonte infinito de verde selva amaz\u00f3nica y aguas caudalosas radiantes, contemplando desde arriba la frontera entre Guayaramer\u00edn Bolivia y Guajar\u00e1-Mirim Brasil. No es solo una l\u00ednea divisoria fronteriza, sino un abrazo de integraci\u00f3n, costumbres comerciales consuetudinarias y belleza natural, que impulsa una idea fascinante que compart\u00ed, en una amigable charla, con la Uni\u00f3n C\u00edvica Hijos de Guayaramer\u00edn, construir un telef\u00e9rico binacional que una a nuestros pueblos.<br \/>\nSe preguntar\u00e1n por qu\u00e9 un telef\u00e9rico si ya se inicia pronto la construcci\u00f3n del puente internacional y tambi\u00e9n ya contamos con el din\u00e1mico transporte fluvial. Justamente esa es la magia, convertirnos en el \u00fanico lugar con tres medios de conexi\u00f3n tan distintos, el puente para el comercio robusto, las emblem\u00e1ticas catrayas y lanchas para la tradici\u00f3n viva y el telef\u00e9rico para el turismo y la experiencia \u00fanica, imponi\u00e9ndose como un s\u00edmbolo de progreso, una postal de modernidad en medio de la naturaleza desbordante, excepcional del lugar, complementando y potenciando todo lo que ya somos como pueblos tradicionalmente unidos.<br \/>\nPor eso, hacemos un llamado a todas las empresas privadas y p\u00fablicas nacionales y extranjeras especializadas en la construcci\u00f3n de telef\u00e9ricos, invit\u00e1ndolas a conocer esta idea, a estudiar nuestro terreno y a presentar sus propuestas para hacer realidad este sue\u00f1o. Tenemos la oportunidad de crear algo extraordinario, de regalar a la frontera una joya de ingenier\u00eda que se funda con el paisaje y que una a las personas no solo para cruzar sino para volar juntas hacia un futuro de mayor integraci\u00f3n y amistad. Guayaramer\u00edn y Guajar\u00e1-Mirim lo merecen y juntos podemos lograrlo. \u00a1La uni\u00f3n es la fuerza!<\/p>\n<p>El autor es Abogado.<\/p>\n","protected":false},"excerpt":{"rendered":"<p>Imaginen elevarse suavemente sobre el r\u00edo Mamor\u00e9, sintiendo la brisa c\u00e1lida mientras la mirada se pierde en un horizonte infinito de verde selva amaz\u00f3nica y aguas caudalosas radiantes, contemplando desde arriba la frontera entre Guayaramer\u00edn Bolivia y Guajar\u00e1-Mirim Brasil. No es solo una l\u00ednea divisoria fronteriza, sino un abrazo de integraci\u00f3n, costumbres comerciales consuetudinarias y [&hellip;]<\/p>\n","protected":false},"author":1,"featured_media":169888,"comment_status":"closed","ping_status":"open","sticky":false,"template":"","format":"standard","meta":{"_acf_changed":false,"footnotes":""},"categories":[9],"tags":[],"class_list":["post-326269","post","type-post","status-publish","format-standard","has-post-thumbnail","category-opinion"],"acf":{"antetitulo":""},"yoast_head":"<!-- This site is optimized with the Yoast SEO plugin v28.4 - https:\/\/yoast.com\/product\/yoast-seo-wordpress\/ -->\n<title>Telef\u00e9rico amaz\u00f3nico binacional - El Diario - Bolivia<\/title>\n<meta name=\"robots\" content=\"index, follow, max-snippet:-1, max-image-preview:large, max-video-preview:-1\" \/>\n<link rel=\"canonical\" href=\"https:\/\/www.eldiario.net\/portal\/2025\/08\/24\/teleferico-amazonico-binacional\/\" \/>\n<meta property=\"og:locale\" content=\"es_ES\" \/>\n<meta property=\"og:type\" content=\"article\" \/>\n<meta property=\"og:title\" content=\"Telef\u00e9rico amaz\u00f3nico binacional - El Diario - Bolivia\" \/>\n<meta property=\"og:description\" content=\"Imaginen elevarse suavemente sobre el r\u00edo Mamor\u00e9, sintiendo la brisa c\u00e1lida mientras la mirada se pierde en un horizonte infinito de verde selva amaz\u00f3nica y aguas caudalosas radiantes, contemplando desde arriba la frontera entre Guayaramer\u00edn Bolivia y Guajar\u00e1-Mirim Brasil. No es solo una l\u00ednea divisoria fronteriza, sino un abrazo de integraci\u00f3n, costumbres comerciales consuetudinarias y [&hellip;]\" \/>\n<meta property=\"og:url\" content=\"https:\/\/www.eldiario.net\/portal\/2025\/08\/24\/teleferico-amazonico-binacional\/\" \/>\n<meta property=\"og:site_name\" content=\"El Diario - Bolivia\" \/>\n<meta property=\"article:publisher\" content=\"https:\/\/www.facebook.com\/eldiario.bolivia\/\" \/>\n<meta property=\"article:published_time\" content=\"2025-08-24T11:09:19+00:00\" \/>\n<meta property=\"og:image\" content=\"https:\/\/www.eldiario.net\/portal\/wp-content\/uploads\/2023\/08\/Raul-Ruiz-Roca.jpg\" \/>\n\t<meta property=\"og:image:width\" content=\"1200\" \/>\n\t<meta property=\"og:image:height\" content=\"628\" \/>\n\t<meta property=\"og:image:type\" content=\"image\/jpeg\" \/>\n<meta name=\"author\" content=\"Jeanette\" \/>\n<meta name=\"twitter:card\" content=\"summary_large_image\" \/>\n<meta name=\"twitter:creator\" content=\"@eldiario_net\" \/>\n<meta name=\"twitter:site\" content=\"@eldiario_net\" \/>\n<meta name=\"twitter:label1\" content=\"Escrito por\" \/>\n\t<meta name=\"twitter:data1\" content=\"Jeanette\" \/>\n\t<meta name=\"twitter:label2\" content=\"Tiempo de lectura\" \/>\n\t<meta name=\"twitter:data2\" content=\"2 minutos\" \/>\n<script type=\"application\/ld+json\" class=\"yoast-schema-graph\">{\"@context\":\"https:\\\/\\\/schema.org\",\"@graph\":[{\"@type\":\"Article\",\"@id\":\"https:\\\/\\\/www.eldiario.net\\\/portal\\\/2025\\\/08\\\/24\\\/teleferico-amazonico-binacional\\\/#article\",\"isPartOf\":{\"@id\":\"https:\\\/\\\/www.eldiario.net\\\/portal\\\/2025\\\/08\\\/24\\\/teleferico-amazonico-binacional\\\/\"},\"author\":{\"name\":\"Jeanette\",\"@id\":\"https:\\\/\\\/www.eldiario.net\\\/portal\\\/#\\\/schema\\\/person\\\/2c57cf2b7a7ae032e449e4c9b1019eac\"},\"headline\":\"Telef\u00e9rico amaz\u00f3nico binacional\",\"datePublished\":\"2025-08-24T11:09:19+00:00\",\"mainEntityOfPage\":{\"@id\":\"https:\\\/\\\/www.eldiario.net\\\/portal\\\/2025\\\/08\\\/24\\\/teleferico-amazonico-binacional\\\/\"},\"wordCount\":321,\"publisher\":{\"@id\":\"https:\\\/\\\/www.eldiario.net\\\/portal\\\/#organization\"},\"image\":{\"@id\":\"https:\\\/\\\/www.eldiario.net\\\/portal\\\/2025\\\/08\\\/24\\\/teleferico-amazonico-binacional\\\/#primaryimage\"},\"thumbnailUrl\":\"https:\\\/\\\/www.eldiario.net\\\/portal\\\/wp-content\\\/uploads\\\/2023\\\/08\\\/Raul-Ruiz-Roca.jpg\",\"articleSection\":[\"Opini\u00f3n\"],\"inLanguage\":\"es\"},{\"@type\":\"WebPage\",\"@id\":\"https:\\\/\\\/www.eldiario.net\\\/portal\\\/2025\\\/08\\\/24\\\/teleferico-amazonico-binacional\\\/\",\"url\":\"https:\\\/\\\/www.eldiario.net\\\/portal\\\/2025\\\/08\\\/24\\\/teleferico-amazonico-binacional\\\/\",\"name\":\"Telef\u00e9rico amaz\u00f3nico binacional - El Diario - Bolivia\",\"isPartOf\":{\"@id\":\"https:\\\/\\\/www.eldiario.net\\\/portal\\\/#website\"},\"primaryImageOfPage\":{\"@id\":\"https:\\\/\\\/www.eldiario.net\\\/portal\\\/2025\\\/08\\\/24\\\/teleferico-amazonico-binacional\\\/#primaryimage\"},\"image\":{\"@id\":\"https:\\\/\\\/www.eldiario.net\\\/portal\\\/2025\\\/08\\\/24\\\/teleferico-amazonico-binacional\\\/#primaryimage\"},\"thumbnailUrl\":\"https:\\\/\\\/www.eldiario.net\\\/portal\\\/wp-content\\\/uploads\\\/2023\\\/08\\\/Raul-Ruiz-Roca.jpg\",\"datePublished\":\"2025-08-24T11:09:19+00:00\",\"breadcrumb\":{\"@id\":\"https:\\\/\\\/www.eldiario.net\\\/portal\\\/2025\\\/08\\\/24\\\/teleferico-amazonico-binacional\\\/#breadcrumb\"},\"inLanguage\":\"es\",\"potentialAction\":[{\"@type\":\"ReadAction\",\"target\":[\"https:\\\/\\\/www.eldiario.net\\\/portal\\\/2025\\\/08\\\/24\\\/teleferico-amazonico-binacional\\\/\"]}]},{\"@type\":\"ImageObject\",\"inLanguage\":\"es\",\"@id\":\"https:\\\/\\\/www.eldiario.net\\\/portal\\\/2025\\\/08\\\/24\\\/teleferico-amazonico-binacional\\\/#primaryimage\",\"url\":\"https:\\\/\\\/www.eldiario.net\\\/portal\\\/wp-content\\\/uploads\\\/2023\\\/08\\\/Raul-Ruiz-Roca.jpg\",\"contentUrl\":\"https:\\\/\\\/www.eldiario.net\\\/portal\\\/wp-content\\\/uploads\\\/2023\\\/08\\\/Raul-Ruiz-Roca.jpg\",\"width\":1200,\"height\":628},{\"@type\":\"BreadcrumbList\",\"@id\":\"https:\\\/\\\/www.eldiario.net\\\/portal\\\/2025\\\/08\\\/24\\\/teleferico-amazonico-binacional\\\/#breadcrumb\",\"itemListElement\":[{\"@type\":\"ListItem\",\"position\":1,\"name\":\"Portada\",\"item\":\"https:\\\/\\\/www.eldiario.net\\\/portal\\\/\"},{\"@type\":\"ListItem\",\"position\":2,\"name\":\"Telef\u00e9rico amaz\u00f3nico binacional\"}]},{\"@type\":\"WebSite\",\"@id\":\"https:\\\/\\\/www.eldiario.net\\\/portal\\\/#website\",\"url\":\"https:\\\/\\\/www.eldiario.net\\\/portal\\\/\",\"name\":\"El Diario - Decano de la prensa nacional\",\"description\":\"El Diario - Decano de la prensa nacional\",\"publisher\":{\"@id\":\"https:\\\/\\\/www.eldiario.net\\\/portal\\\/#organization\"},\"potentialAction\":[{\"@type\":\"SearchAction\",\"target\":{\"@type\":\"EntryPoint\",\"urlTemplate\":\"https:\\\/\\\/www.eldiario.net\\\/portal\\\/?s={search_term_string}\"},\"query-input\":{\"@type\":\"PropertyValueSpecification\",\"valueRequired\":true,\"valueName\":\"search_term_string\"}}],\"inLanguage\":\"es\"},{\"@type\":\"Organization\",\"@id\":\"https:\\\/\\\/www.eldiario.net\\\/portal\\\/#organization\",\"name\":\"El Diario - Decano de la prensa nacional\",\"url\":\"https:\\\/\\\/www.eldiario.net\\\/portal\\\/\",\"logo\":{\"@type\":\"ImageObject\",\"inLanguage\":\"es\",\"@id\":\"https:\\\/\\\/www.eldiario.net\\\/portal\\\/#\\\/schema\\\/logo\\\/image\\\/\",\"url\":\"https:\\\/\\\/www.eldiario.net\\\/portal\\\/wp-content\\\/uploads\\\/2023\\\/07\\\/logo_ED.jpg\",\"contentUrl\":\"https:\\\/\\\/www.eldiario.net\\\/portal\\\/wp-content\\\/uploads\\\/2023\\\/07\\\/logo_ED.jpg\",\"width\":272,\"height\":52,\"caption\":\"El Diario - Decano de la prensa nacional\"},\"image\":{\"@id\":\"https:\\\/\\\/www.eldiario.net\\\/portal\\\/#\\\/schema\\\/logo\\\/image\\\/\"},\"sameAs\":[\"https:\\\/\\\/www.facebook.com\\\/eldiario.bolivia\\\/\",\"https:\\\/\\\/x.com\\\/eldiario_net\"]},{\"@type\":\"Person\",\"@id\":\"https:\\\/\\\/www.eldiario.net\\\/portal\\\/#\\\/schema\\\/person\\\/2c57cf2b7a7ae032e449e4c9b1019eac\",\"name\":\"Jeanette\",\"image\":{\"@type\":\"ImageObject\",\"inLanguage\":\"es\",\"@id\":\"https:\\\/\\\/secure.gravatar.com\\\/avatar\\\/3ea2118a5f7dad2b7138b1187a6b7ee55f160b9968b66013c3a3ef39dd7e5798?s=96&d=mm&r=g\",\"url\":\"https:\\\/\\\/secure.gravatar.com\\\/avatar\\\/3ea2118a5f7dad2b7138b1187a6b7ee55f160b9968b66013c3a3ef39dd7e5798?s=96&d=mm&r=g\",\"contentUrl\":\"https:\\\/\\\/secure.gravatar.com\\\/avatar\\\/3ea2118a5f7dad2b7138b1187a6b7ee55f160b9968b66013c3a3ef39dd7e5798?s=96&d=mm&r=g\",\"caption\":\"Jeanette\"},\"sameAs\":[\"https:\\\/\\\/www.eldiario.net\\\/portal\"],\"url\":\"https:\\\/\\\/www.eldiario.net\\\/portal\\\/author\\\/jeanette\\\/\"}]}<\/script>\n<!-- \/ Yoast SEO plugin. -->","yoast_head_json":{"title":"Telef\u00e9rico amaz\u00f3nico binacional - El Diario - Bolivia","robots":{"index":"index","follow":"follow","max-snippet":"max-snippet:-1","max-image-preview":"max-image-preview:large","max-video-preview":"max-video-preview:-1"},"canonical":"https:\/\/www.eldiario.net\/portal\/2025\/08\/24\/teleferico-amazonico-binacional\/","og_locale":"es_ES","og_type":"article","og_title":"Telef\u00e9rico amaz\u00f3nico binacional - El Diario - Bolivia","og_description":"Imaginen elevarse suavemente sobre el r\u00edo Mamor\u00e9, sintiendo la brisa c\u00e1lida mientras la mirada se pierde en un horizonte infinito de verde selva amaz\u00f3nica y aguas caudalosas radiantes, contemplando desde arriba la frontera entre Guayaramer\u00edn Bolivia y Guajar\u00e1-Mirim Brasil. No es solo una l\u00ednea divisoria fronteriza, sino un abrazo de integraci\u00f3n, costumbres comerciales consuetudinarias y [&hellip;]","og_url":"https:\/\/www.eldiario.net\/portal\/2025\/08\/24\/teleferico-amazonico-binacional\/","og_site_name":"El Diario - Bolivia","article_publisher":"https:\/\/www.facebook.com\/eldiario.bolivia\/","article_published_time":"2025-08-24T11:09:19+00:00","og_image":[{"width":1200,"height":628,"url":"https:\/\/www.eldiario.net\/portal\/wp-content\/uploads\/2023\/08\/Raul-Ruiz-Roca.jpg","type":"image\/jpeg"}],"author":"Jeanette","twitter_card":"summary_large_image","twitter_creator":"@eldiario_net","twitter_site":"@eldiario_net","twitter_misc":{"Escrito por":"Jeanette","Tiempo de lectura":"2 minutos"},"schema":{"@context":"https:\/\/schema.org","@graph":[{"@type":"Article","@id":"https:\/\/www.eldiario.net\/portal\/2025\/08\/24\/teleferico-amazonico-binacional\/#article","isPartOf":{"@id":"https:\/\/www.eldiario.net\/portal\/2025\/08\/24\/teleferico-amazonico-binacional\/"},"author":{"name":"Jeanette","@id":"https:\/\/www.eldiario.net\/portal\/#\/schema\/person\/2c57cf2b7a7ae032e449e4c9b1019eac"},"headline":"Telef\u00e9rico amaz\u00f3nico binacional","datePublished":"2025-08-24T11:09:19+00:00","mainEntityOfPage":{"@id":"https:\/\/www.eldiario.net\/portal\/2025\/08\/24\/teleferico-amazonico-binacional\/"},"wordCount":321,"publisher":{"@id":"https:\/\/www.eldiario.net\/portal\/#organization"},"image":{"@id":"https:\/\/www.eldiario.net\/portal\/2025\/08\/24\/teleferico-amazonico-binacional\/#primaryimage"},"thumbnailUrl":"https:\/\/www.eldiario.net\/portal\/wp-content\/uploads\/2023\/08\/Raul-Ruiz-Roca.jpg","articleSection":["Opini\u00f3n"],"inLanguage":"es"},{"@type":"WebPage","@id":"https:\/\/www.eldiario.net\/portal\/2025\/08\/24\/teleferico-amazonico-binacional\/","url":"https:\/\/www.eldiario.net\/portal\/2025\/08\/24\/teleferico-amazonico-binacional\/","name":"Telef\u00e9rico amaz\u00f3nico binacional - El Diario - Bolivia","isPartOf":{"@id":"https:\/\/www.eldiario.net\/portal\/#website"},"primaryImageOfPage":{"@id":"https:\/\/www.eldiario.net\/portal\/2025\/08\/24\/teleferico-amazonico-binacional\/#primaryimage"},"image":{"@id":"https:\/\/www.eldiario.net\/portal\/2025\/08\/24\/teleferico-amazonico-binacional\/#primaryimage"},"thumbnailUrl":"https:\/\/www.eldiario.net\/portal\/wp-content\/uploads\/2023\/08\/Raul-Ruiz-Roca.jpg","datePublished":"2025-08-24T11:09:19+00:00","breadcrumb":{"@id":"https:\/\/www.eldiario.net\/portal\/2025\/08\/24\/teleferico-amazonico-binacional\/#breadcrumb"},"inLanguage":"es","potentialAction":[{"@type":"ReadAction","target":["https:\/\/www.eldiario.net\/portal\/2025\/08\/24\/teleferico-amazonico-binacional\/"]}]},{"@type":"ImageObject","inLanguage":"es","@id":"https:\/\/www.eldiario.net\/portal\/2025\/08\/24\/teleferico-amazonico-binacional\/#primaryimage","url":"https:\/\/www.eldiario.net\/portal\/wp-content\/uploads\/2023\/08\/Raul-Ruiz-Roca.jpg","contentUrl":"https:\/\/www.eldiario.net\/portal\/wp-content\/uploads\/2023\/08\/Raul-Ruiz-Roca.jpg","width":1200,"height":628},{"@type":"BreadcrumbList","@id":"https:\/\/www.eldiario.net\/portal\/2025\/08\/24\/teleferico-amazonico-binacional\/#breadcrumb","itemListElement":[{"@type":"ListItem","position":1,"name":"Portada","item":"https:\/\/www.eldiario.net\/portal\/"},{"@type":"ListItem","position":2,"name":"Telef\u00e9rico amaz\u00f3nico binacional"}]},{"@type":"WebSite","@id":"https:\/\/www.eldiario.net\/portal\/#website","url":"https:\/\/www.eldiario.net\/portal\/","name":"El Diario - Decano de la prensa nacional","description":"El Diario - Decano de la prensa nacional","publisher":{"@id":"https:\/\/www.eldiario.net\/portal\/#organization"},"potentialAction":[{"@type":"SearchAction","target":{"@type":"EntryPoint","urlTemplate":"https:\/\/www.eldiario.net\/portal\/?s={search_term_string}"},"query-input":{"@type":"PropertyValueSpecification","valueRequired":true,"valueName":"search_term_string"}}],"inLanguage":"es"},{"@type":"Organization","@id":"https:\/\/www.eldiario.net\/portal\/#organization","name":"El Diario - Decano de la prensa nacional","url":"https:\/\/www.eldiario.net\/portal\/","logo":{"@type":"ImageObject","inLanguage":"es","@id":"https:\/\/www.eldiario.net\/portal\/#\/schema\/logo\/image\/","url":"https:\/\/www.eldiario.net\/portal\/wp-content\/uploads\/2023\/07\/logo_ED.jpg","contentUrl":"https:\/\/www.eldiario.net\/portal\/wp-content\/uploads\/2023\/07\/logo_ED.jpg","width":272,"height":52,"caption":"El Diario - Decano de la prensa nacional"},"image":{"@id":"https:\/\/www.eldiario.net\/portal\/#\/schema\/logo\/image\/"},"sameAs":["https:\/\/www.facebook.com\/eldiario.bolivia\/","https:\/\/x.com\/eldiario_net"]},{"@type":"Person","@id":"https:\/\/www.eldiario.net\/portal\/#\/schema\/person\/2c57cf2b7a7ae032e449e4c9b1019eac","name":"Jeanette","image":{"@type":"ImageObject","inLanguage":"es","@id":"https:\/\/secure.gravatar.com\/avatar\/3ea2118a5f7dad2b7138b1187a6b7ee55f160b9968b66013c3a3ef39dd7e5798?s=96&d=mm&r=g","url":"https:\/\/secure.gravatar.com\/avatar\/3ea2118a5f7dad2b7138b1187a6b7ee55f160b9968b66013c3a3ef39dd7e5798?s=96&d=mm&r=g","contentUrl":"https:\/\/secure.gravatar.com\/avatar\/3ea2118a5f7dad2b7138b1187a6b7ee55f160b9968b66013c3a3ef39dd7e5798?s=96&d=mm&r=g","caption":"Jeanette"},"sameAs":["https:\/\/www.eldiario.net\/portal"],"url":"https:\/\/www.eldiario.net\/portal\/author\/jeanette\/"}]}},"_links":{"self":[{"href":"https:\/\/www.eldiario.net\/portal\/wp-json\/wp\/v2\/posts\/326269","targetHints":{"allow":["GET"]}}],"collection":[{"href":"https:\/\/www.eldiario.net\/portal\/wp-json\/wp\/v2\/posts"}],"about":[{"href":"https:\/\/www.eldiario.net\/portal\/wp-json\/wp\/v2\/types\/post"}],"author":[{"embeddable":true,"href":"https:\/\/www.eldiario.net\/portal\/wp-json\/wp\/v2\/users\/1"}],"replies":[{"embeddable":true,"href":"https:\/\/www.eldiario.net\/portal\/wp-json\/wp\/v2\/comments?post=326269"}],"version-history":[{"count":1,"href":"https:\/\/www.eldiario.net\/portal\/wp-json\/wp\/v2\/posts\/326269\/revisions"}],"predecessor-version":[{"id":326270,"href":"https:\/\/www.eldiario.net\/portal\/wp-json\/wp\/v2\/posts\/326269\/revisions\/326270"}],"wp:featuredmedia":[{"embeddable":true,"href":"https:\/\/www.eldiario.net\/portal\/wp-json\/wp\/v2\/media\/169888"}],"wp:attachment":[{"href":"https:\/\/www.eldiario.net\/portal\/wp-json\/wp\/v2\/media?parent=326269"}],"wp:term":[{"taxonomy":"category","embeddable":true,"href":"https:\/\/www.eldiario.net\/portal\/wp-json\/wp\/v2\/categories?post=326269"},{"taxonomy":"post_tag","embeddable":true,"href":"https:\/\/www.eldiario.net\/portal\/wp-json\/wp\/v2\/tags?post=326269"}],"curies":[{"name":"wp","href":"https:\/\/api.w.org\/{rel}","templated":true}]}}