{"id":326266,"date":"2025-08-24T07:08:46","date_gmt":"2025-08-24T11:08:46","guid":{"rendered":"https:\/\/www.eldiario.net\/portal\/?p=326266"},"modified":"2025-08-24T07:08:46","modified_gmt":"2025-08-24T11:08:46","slug":"esperan-una-transicion-ordenada-presupuesto-consensuado-y-frenar-ofrecimientos-populistas","status":"publish","type":"post","link":"https:\/\/www.eldiario.net\/portal\/2025\/08\/24\/esperan-una-transicion-ordenada-presupuesto-consensuado-y-frenar-ofrecimientos-populistas\/","title":{"rendered":"Esperan una transici\u00f3n ordenada, presupuesto  consensuado y frenar ofrecimientos populistas"},"content":{"rendered":"<p>La mayor\u00eda de la poblaci\u00f3n espera que el nuevo gobierno llegue con una transici\u00f3n ordenada, un presupuesto 2026 consensuado y frenar los ofrecimientos populares de bonos para no decepcionar a las personas de la tercera edad. Economistas sostienen que el Presupuesto General del Estado (PGE) 2026 deber\u00e1 ser fruto de un an\u00e1lisis de ingresos y gastos, que permitan el funcionamiento del Estado, sin endeudarse y aumentar el d\u00e9ficit fiscal.<br \/>\nLos economistas, Fernando Romero y Dar\u00edo Monasterio, coinciden por separado, que el presupuesto depender\u00e1 de los ingresos y egresos que tendr\u00e1 el nuevo gobierno, para ello se requiere un an\u00e1lisis de la situaci\u00f3n econ\u00f3mica y financiera del pa\u00eds.<br \/>\nRomero va primero por el an\u00e1lisis de la situaci\u00f3n econ\u00f3mica y financiera para encarar un verdadero presupuesto a implementar, aunque reconoce que la tendencia en los \u00faltimos a\u00f1os fue incrementar el mismo, a pesar del deterioro de la econom\u00eda nacional.<br \/>\nAdem\u00e1s, se financi\u00f3 con mayor deuda interna y emisi\u00f3n monetaria, pese al incremento, los resultados fueron poco eficientes, como muestra est\u00e1 el crecimiento que registr\u00f3 Bolivia en 2024, de 0,73%, que se lo atribuy\u00f3 a los bloqueos en carreteras y en la Asamblea Legislativa Plurinacional (ALP), con los cr\u00e9ditos, as\u00ed como el clima.<br \/>\nRomero reflexion\u00f3 al indicar que la situaci\u00f3n econ\u00f3mica no necesariamente requiere una mayor suma de recursos, sino lo que se tenga a disposici\u00f3n, y ser \u00f3ptimo y eficiente en la administraci\u00f3n de estos.<br \/>\nPor ello, en base a ese an\u00e1lisis se debe elaborar un presupuesto mesurado, coherente, sensato y pragm\u00e1tico a la realidad econ\u00f3mica y social del pa\u00eds, en funci\u00f3n a las demandas del Gobierno central y subnacionales, sostuvo.<br \/>\nEs partidario de que deber\u00edan comenzar a trabajar los candidatos que ir\u00e1n al balotaje, y asistan a la convocatoria del presidente Luis Arce, para armar el presupuesto acorde a las necesidades, demandas y posibilidades de la econom\u00eda boliviana.<br \/>\nEquilibrio<br \/>\nPor su parte, Monasterio explic\u00f3 que el presupuesto est\u00e1 en base a ingresos y gastos, ahora m\u00e1s que nunca se debe equilibrar, esta deber\u00eda ser la primera medida del nuevo gobierno que asuma en noviembre pr\u00f3ximo.<br \/>\nIndependientemente que se pueda aprobar el presupuesto y el nuevo gobierno sea posesionado en noviembre, la nueva administraci\u00f3n tiene el desaf\u00edo de equilibrar el mismo para frenar el d\u00e9ficit fiscal, registrado en los \u00faltimos a\u00f1os.<br \/>\nIndic\u00f3 que Bolivia recibir\u00e1 menos ingresos por la baja oferta de gas a mercados vecinos, y reducida recaudaci\u00f3n impositiva por los derivados de los hidrocarburos, por lo que el gasto debe cuadrar con los ingresos.<br \/>\nEspera que el nuevo gobierno logre un super\u00e1vit primario, es decir m\u00e1s ingresos que gastos, sin el pago de la deuda externa que tambi\u00e9n se tendr\u00e1 que renegociar posteriormente.<br \/>\n\u201cEstamos hablando de menos ingresos y menos gastos. (EL PGE 2026) tiene que ser menor el a\u00f1o que viene\u201d, apunt\u00f3.<br \/>\n\u201cEl 17 de agosto, Bolivia dio un show de democracia. Ahora toca que los pol\u00edticos hagan su parte: transici\u00f3n ordenada, presupuesto consensuado y menos c\u00e1lculo barato. La crisis no espera\u2026 aunque ellos s\u00ed, sean expertos en perder el tiempo\u201d, escribi\u00f3 Gonzalo Ch\u00e1vez \u00c1lvarez en su cuenta @GonzaloCHavezA.<br \/>\nMientras el gerente general del Instituto Boliviano de Comercio Exterior (IBCE), Gary Rodr\u00edguez, se\u00f1al\u00f3 a EFE que el pr\u00f3ximo Gobierno recibir\u00e1 un pa\u00eds \u201ccon bajo crecimiento y alta inflaci\u00f3n\u201d, es decir, con \u201cestanflaci\u00f3n, un fen\u00f3meno temido por los economistas, ya que la soluci\u00f3n del primer problema suele contraponerse a la soluci\u00f3n del segundo\u201d.<br \/>\nPara el economista, \u201cotra grave situaci\u00f3n es la alta informalidad, lo que lleva a una baja recaudaci\u00f3n que, ante un alto nivel de gasto p\u00fablico, provoca un d\u00e9ficit fiscal cr\u00f3nico\u201d, a lo que se suman la \u201cbaja inversi\u00f3n privada\u201d y la \u201calta deuda interna y externa\u201d, se\u00f1ala el medio.<br \/>\n\u201cEl Movimiento al Socialismo (MAS) deja al pa\u00eds en la ruina y al borde la bancarrota. Las reservas internacionales en d\u00f3lares hab\u00edan llegado a 15 mil millones en 2014, hoy tenemos menos de 2 mil millones de d\u00f3lares. El pa\u00eds no tiene d\u00f3lares y no tiene como importar combustibles\u201d, dijo el director del Centro para el Estudio de la Econom\u00eda y la Libertad de la Universidad Mercer, Antonio Saravia, a NTN24, en su an\u00e1lisis despu\u00e9s de las elecciones.<br \/>\n\u201cDeja un pa\u00eds quebrado, sin d\u00f3lares, sin gasolina y sin medicamentos, con una inflaci\u00f3n que est\u00e1 bordeando el 25% anualizada\u201d, expres\u00f3.<br \/>\n\u201cLa olla est\u00e1 raspada, lo que queda es un ajuste\u201d, subray\u00f3 e indic\u00f3 que \u201cel pr\u00f3ximo gobierno va a tener que ajustar el gasto y eso va a ser doloroso y generar recesi\u00f3n\u201d.<br \/>\nAsimismo, el economista y docente de la Universidad T\u00e9cnica de Oruro (UTO), Ernesto Bernal, puntualiz\u00f3 que el presupuesto para el pr\u00f3ximo a\u00f1o deber\u00e1 ser austero porque se tiene que reducir el d\u00e9ficit fiscal.<br \/>\nPresupuesto<br \/>\nEn un an\u00e1lisis realizado por la Fundaci\u00f3n Jubileo en 2021, ya indicaba un deterioro de las finanzas p\u00fablicas, desde 2015, que se profundiz\u00f3 con la crisis del coronavirus. El presupuesto consolidado alcanz\u00f3 a 228.357 millones de bolivianos.<br \/>\nEn tanto, el consolidado de 2022 subi\u00f3 a 235.090 millones de bolivianos, en 2023 se increment\u00f3 a 243.950 millones, de 2024 aument\u00f3 a 265.558 millones y en 2025 nuevamente registr\u00f3 un alza, 296.566 millones.<br \/>\nPopulismo<br \/>\nPor otra parte, el ofrecimiento del candidato a vicepresidente del Partido Dem\u00f3crata Cristiano (PDC), Edman Lara, de subir la Renta Dignidad a 2.000 bolivianos, ya recibi\u00f3 cr\u00edticas y solicitudes de explicaciones, pues un pa\u00eds con una aguda crisis econ\u00f3mica y energ\u00e9tica, ofrecer aumentos, requiere de un an\u00e1lisis t\u00e9cnico y no anuncios populares para ganar votos.<br \/>\nEn varias entrevistas con medios de comunicaci\u00f3n, el analista financiero Jaime Dunn explic\u00f3 que el mejor gobierno no es el que da bonos. Es el que hace que los bonos ya no sean necesarios.<br \/>\n\u201cCuando un gobierno se\u00f1ala que se dar\u00e1 bonos, simplemente te indica que te quiere pobre y no tu independencia econ\u00f3mica\u201d, reflexion\u00f3.<\/p>\n","protected":false},"excerpt":{"rendered":"<p>La mayor\u00eda de la poblaci\u00f3n espera que el nuevo gobierno llegue con una transici\u00f3n ordenada, un presupuesto 2026 consensuado y frenar los ofrecimientos populares de bonos para no decepcionar a las personas de la tercera edad. Economistas sostienen que el Presupuesto General del Estado (PGE) 2026 deber\u00e1 ser fruto de un an\u00e1lisis de ingresos y [&hellip;]<\/p>\n","protected":false},"author":1,"featured_media":326267,"comment_status":"closed","ping_status":"open","sticky":false,"template":"","format":"standard","meta":{"_acf_changed":false,"footnotes":""},"categories":[7],"tags":[],"class_list":["post-326266","post","type-post","status-publish","format-standard","has-post-thumbnail","category-economia"],"acf":{"antetitulo":"Deber\u00e1 primar la austeridad "},"yoast_head":"<!-- This site is optimized with the Yoast SEO plugin v28.4 - https:\/\/yoast.com\/product\/yoast-seo-wordpress\/ -->\n<title>Esperan una transici\u00f3n ordenada, presupuesto consensuado y frenar ofrecimientos populistas - El Diario - Bolivia<\/title>\n<meta name=\"robots\" content=\"index, follow, max-snippet:-1, max-image-preview:large, max-video-preview:-1\" \/>\n<link rel=\"canonical\" href=\"https:\/\/www.eldiario.net\/portal\/2025\/08\/24\/esperan-una-transicion-ordenada-presupuesto-consensuado-y-frenar-ofrecimientos-populistas\/\" \/>\n<meta property=\"og:locale\" content=\"es_ES\" \/>\n<meta property=\"og:type\" content=\"article\" \/>\n<meta property=\"og:title\" content=\"Esperan una transici\u00f3n ordenada, presupuesto consensuado y frenar ofrecimientos populistas - El Diario - Bolivia\" \/>\n<meta property=\"og:description\" content=\"La mayor\u00eda de la poblaci\u00f3n espera que el nuevo gobierno llegue con una transici\u00f3n ordenada, un presupuesto 2026 consensuado y frenar los ofrecimientos populares de bonos para no decepcionar a las personas de la tercera edad. Economistas sostienen que el Presupuesto General del Estado (PGE) 2026 deber\u00e1 ser fruto de un an\u00e1lisis de ingresos y [&hellip;]\" \/>\n<meta property=\"og:url\" content=\"https:\/\/www.eldiario.net\/portal\/2025\/08\/24\/esperan-una-transicion-ordenada-presupuesto-consensuado-y-frenar-ofrecimientos-populistas\/\" \/>\n<meta property=\"og:site_name\" content=\"El Diario - Bolivia\" \/>\n<meta property=\"article:publisher\" content=\"https:\/\/www.facebook.com\/eldiario.bolivia\/\" \/>\n<meta property=\"article:published_time\" content=\"2025-08-24T11:08:46+00:00\" \/>\n<meta property=\"og:image\" content=\"https:\/\/www.eldiario.net\/portal\/wp-content\/uploads\/2025\/08\/presu-2.webp\" \/>\n\t<meta property=\"og:image:width\" content=\"980\" \/>\n\t<meta property=\"og:image:height\" content=\"551\" \/>\n\t<meta property=\"og:image:type\" content=\"image\/webp\" \/>\n<meta name=\"author\" content=\"Jeanette\" \/>\n<meta name=\"twitter:card\" content=\"summary_large_image\" \/>\n<meta name=\"twitter:creator\" content=\"@eldiario_net\" \/>\n<meta name=\"twitter:site\" content=\"@eldiario_net\" \/>\n<meta name=\"twitter:label1\" content=\"Escrito por\" \/>\n\t<meta name=\"twitter:data1\" content=\"Jeanette\" \/>\n\t<meta name=\"twitter:label2\" content=\"Tiempo de lectura\" \/>\n\t<meta name=\"twitter:data2\" content=\"5 minutos\" \/>\n<script type=\"application\/ld+json\" class=\"yoast-schema-graph\">{\"@context\":\"https:\\\/\\\/schema.org\",\"@graph\":[{\"@type\":\"Article\",\"@id\":\"https:\\\/\\\/www.eldiario.net\\\/portal\\\/2025\\\/08\\\/24\\\/esperan-una-transicion-ordenada-presupuesto-consensuado-y-frenar-ofrecimientos-populistas\\\/#article\",\"isPartOf\":{\"@id\":\"https:\\\/\\\/www.eldiario.net\\\/portal\\\/2025\\\/08\\\/24\\\/esperan-una-transicion-ordenada-presupuesto-consensuado-y-frenar-ofrecimientos-populistas\\\/\"},\"author\":{\"name\":\"Jeanette\",\"@id\":\"https:\\\/\\\/www.eldiario.net\\\/portal\\\/#\\\/schema\\\/person\\\/2c57cf2b7a7ae032e449e4c9b1019eac\"},\"headline\":\"Esperan una transici\u00f3n ordenada, presupuesto consensuado y frenar ofrecimientos populistas\",\"datePublished\":\"2025-08-24T11:08:46+00:00\",\"mainEntityOfPage\":{\"@id\":\"https:\\\/\\\/www.eldiario.net\\\/portal\\\/2025\\\/08\\\/24\\\/esperan-una-transicion-ordenada-presupuesto-consensuado-y-frenar-ofrecimientos-populistas\\\/\"},\"wordCount\":1042,\"publisher\":{\"@id\":\"https:\\\/\\\/www.eldiario.net\\\/portal\\\/#organization\"},\"image\":{\"@id\":\"https:\\\/\\\/www.eldiario.net\\\/portal\\\/2025\\\/08\\\/24\\\/esperan-una-transicion-ordenada-presupuesto-consensuado-y-frenar-ofrecimientos-populistas\\\/#primaryimage\"},\"thumbnailUrl\":\"https:\\\/\\\/www.eldiario.net\\\/portal\\\/wp-content\\\/uploads\\\/2025\\\/08\\\/presu-2.webp\",\"articleSection\":[\"Econom\u00eda\"],\"inLanguage\":\"es\"},{\"@type\":\"WebPage\",\"@id\":\"https:\\\/\\\/www.eldiario.net\\\/portal\\\/2025\\\/08\\\/24\\\/esperan-una-transicion-ordenada-presupuesto-consensuado-y-frenar-ofrecimientos-populistas\\\/\",\"url\":\"https:\\\/\\\/www.eldiario.net\\\/portal\\\/2025\\\/08\\\/24\\\/esperan-una-transicion-ordenada-presupuesto-consensuado-y-frenar-ofrecimientos-populistas\\\/\",\"name\":\"Esperan una transici\u00f3n ordenada, presupuesto consensuado y frenar ofrecimientos populistas - El Diario - Bolivia\",\"isPartOf\":{\"@id\":\"https:\\\/\\\/www.eldiario.net\\\/portal\\\/#website\"},\"primaryImageOfPage\":{\"@id\":\"https:\\\/\\\/www.eldiario.net\\\/portal\\\/2025\\\/08\\\/24\\\/esperan-una-transicion-ordenada-presupuesto-consensuado-y-frenar-ofrecimientos-populistas\\\/#primaryimage\"},\"image\":{\"@id\":\"https:\\\/\\\/www.eldiario.net\\\/portal\\\/2025\\\/08\\\/24\\\/esperan-una-transicion-ordenada-presupuesto-consensuado-y-frenar-ofrecimientos-populistas\\\/#primaryimage\"},\"thumbnailUrl\":\"https:\\\/\\\/www.eldiario.net\\\/portal\\\/wp-content\\\/uploads\\\/2025\\\/08\\\/presu-2.webp\",\"datePublished\":\"2025-08-24T11:08:46+00:00\",\"breadcrumb\":{\"@id\":\"https:\\\/\\\/www.eldiario.net\\\/portal\\\/2025\\\/08\\\/24\\\/esperan-una-transicion-ordenada-presupuesto-consensuado-y-frenar-ofrecimientos-populistas\\\/#breadcrumb\"},\"inLanguage\":\"es\",\"potentialAction\":[{\"@type\":\"ReadAction\",\"target\":[\"https:\\\/\\\/www.eldiario.net\\\/portal\\\/2025\\\/08\\\/24\\\/esperan-una-transicion-ordenada-presupuesto-consensuado-y-frenar-ofrecimientos-populistas\\\/\"]}]},{\"@type\":\"ImageObject\",\"inLanguage\":\"es\",\"@id\":\"https:\\\/\\\/www.eldiario.net\\\/portal\\\/2025\\\/08\\\/24\\\/esperan-una-transicion-ordenada-presupuesto-consensuado-y-frenar-ofrecimientos-populistas\\\/#primaryimage\",\"url\":\"https:\\\/\\\/www.eldiario.net\\\/portal\\\/wp-content\\\/uploads\\\/2025\\\/08\\\/presu-2.webp\",\"contentUrl\":\"https:\\\/\\\/www.eldiario.net\\\/portal\\\/wp-content\\\/uploads\\\/2025\\\/08\\\/presu-2.webp\",\"width\":980,\"height\":551,\"caption\":\"La informalidad va en aumento, por ello las acciones de la nueva administraci\u00f3n de gobierno deber\u00e1 aplicar pol\u00edticas que reviertan esta situaci\u00f3n.\"},{\"@type\":\"BreadcrumbList\",\"@id\":\"https:\\\/\\\/www.eldiario.net\\\/portal\\\/2025\\\/08\\\/24\\\/esperan-una-transicion-ordenada-presupuesto-consensuado-y-frenar-ofrecimientos-populistas\\\/#breadcrumb\",\"itemListElement\":[{\"@type\":\"ListItem\",\"position\":1,\"name\":\"Portada\",\"item\":\"https:\\\/\\\/www.eldiario.net\\\/portal\\\/\"},{\"@type\":\"ListItem\",\"position\":2,\"name\":\"Esperan una transici\u00f3n ordenada, presupuesto consensuado y frenar ofrecimientos populistas\"}]},{\"@type\":\"WebSite\",\"@id\":\"https:\\\/\\\/www.eldiario.net\\\/portal\\\/#website\",\"url\":\"https:\\\/\\\/www.eldiario.net\\\/portal\\\/\",\"name\":\"El Diario - Decano de la prensa nacional\",\"description\":\"El Diario - Decano de la prensa nacional\",\"publisher\":{\"@id\":\"https:\\\/\\\/www.eldiario.net\\\/portal\\\/#organization\"},\"potentialAction\":[{\"@type\":\"SearchAction\",\"target\":{\"@type\":\"EntryPoint\",\"urlTemplate\":\"https:\\\/\\\/www.eldiario.net\\\/portal\\\/?s={search_term_string}\"},\"query-input\":{\"@type\":\"PropertyValueSpecification\",\"valueRequired\":true,\"valueName\":\"search_term_string\"}}],\"inLanguage\":\"es\"},{\"@type\":\"Organization\",\"@id\":\"https:\\\/\\\/www.eldiario.net\\\/portal\\\/#organization\",\"name\":\"El Diario - Decano de la prensa nacional\",\"url\":\"https:\\\/\\\/www.eldiario.net\\\/portal\\\/\",\"logo\":{\"@type\":\"ImageObject\",\"inLanguage\":\"es\",\"@id\":\"https:\\\/\\\/www.eldiario.net\\\/portal\\\/#\\\/schema\\\/logo\\\/image\\\/\",\"url\":\"https:\\\/\\\/www.eldiario.net\\\/portal\\\/wp-content\\\/uploads\\\/2023\\\/07\\\/logo_ED.jpg\",\"contentUrl\":\"https:\\\/\\\/www.eldiario.net\\\/portal\\\/wp-content\\\/uploads\\\/2023\\\/07\\\/logo_ED.jpg\",\"width\":272,\"height\":52,\"caption\":\"El Diario - Decano de la prensa nacional\"},\"image\":{\"@id\":\"https:\\\/\\\/www.eldiario.net\\\/portal\\\/#\\\/schema\\\/logo\\\/image\\\/\"},\"sameAs\":[\"https:\\\/\\\/www.facebook.com\\\/eldiario.bolivia\\\/\",\"https:\\\/\\\/x.com\\\/eldiario_net\"]},{\"@type\":\"Person\",\"@id\":\"https:\\\/\\\/www.eldiario.net\\\/portal\\\/#\\\/schema\\\/person\\\/2c57cf2b7a7ae032e449e4c9b1019eac\",\"name\":\"Jeanette\",\"image\":{\"@type\":\"ImageObject\",\"inLanguage\":\"es\",\"@id\":\"https:\\\/\\\/secure.gravatar.com\\\/avatar\\\/3ea2118a5f7dad2b7138b1187a6b7ee55f160b9968b66013c3a3ef39dd7e5798?s=96&d=mm&r=g\",\"url\":\"https:\\\/\\\/secure.gravatar.com\\\/avatar\\\/3ea2118a5f7dad2b7138b1187a6b7ee55f160b9968b66013c3a3ef39dd7e5798?s=96&d=mm&r=g\",\"contentUrl\":\"https:\\\/\\\/secure.gravatar.com\\\/avatar\\\/3ea2118a5f7dad2b7138b1187a6b7ee55f160b9968b66013c3a3ef39dd7e5798?s=96&d=mm&r=g\",\"caption\":\"Jeanette\"},\"sameAs\":[\"https:\\\/\\\/www.eldiario.net\\\/portal\"],\"url\":\"https:\\\/\\\/www.eldiario.net\\\/portal\\\/author\\\/jeanette\\\/\"}]}<\/script>\n<!-- \/ Yoast SEO plugin. -->","yoast_head_json":{"title":"Esperan una transici\u00f3n ordenada, presupuesto consensuado y frenar ofrecimientos populistas - El Diario - Bolivia","robots":{"index":"index","follow":"follow","max-snippet":"max-snippet:-1","max-image-preview":"max-image-preview:large","max-video-preview":"max-video-preview:-1"},"canonical":"https:\/\/www.eldiario.net\/portal\/2025\/08\/24\/esperan-una-transicion-ordenada-presupuesto-consensuado-y-frenar-ofrecimientos-populistas\/","og_locale":"es_ES","og_type":"article","og_title":"Esperan una transici\u00f3n ordenada, presupuesto consensuado y frenar ofrecimientos populistas - El Diario - Bolivia","og_description":"La mayor\u00eda de la poblaci\u00f3n espera que el nuevo gobierno llegue con una transici\u00f3n ordenada, un presupuesto 2026 consensuado y frenar los ofrecimientos populares de bonos para no decepcionar a las personas de la tercera edad. Economistas sostienen que el Presupuesto General del Estado (PGE) 2026 deber\u00e1 ser fruto de un an\u00e1lisis de ingresos y [&hellip;]","og_url":"https:\/\/www.eldiario.net\/portal\/2025\/08\/24\/esperan-una-transicion-ordenada-presupuesto-consensuado-y-frenar-ofrecimientos-populistas\/","og_site_name":"El Diario - Bolivia","article_publisher":"https:\/\/www.facebook.com\/eldiario.bolivia\/","article_published_time":"2025-08-24T11:08:46+00:00","og_image":[{"width":980,"height":551,"url":"https:\/\/www.eldiario.net\/portal\/wp-content\/uploads\/2025\/08\/presu-2.webp","type":"image\/webp"}],"author":"Jeanette","twitter_card":"summary_large_image","twitter_creator":"@eldiario_net","twitter_site":"@eldiario_net","twitter_misc":{"Escrito por":"Jeanette","Tiempo de lectura":"5 minutos"},"schema":{"@context":"https:\/\/schema.org","@graph":[{"@type":"Article","@id":"https:\/\/www.eldiario.net\/portal\/2025\/08\/24\/esperan-una-transicion-ordenada-presupuesto-consensuado-y-frenar-ofrecimientos-populistas\/#article","isPartOf":{"@id":"https:\/\/www.eldiario.net\/portal\/2025\/08\/24\/esperan-una-transicion-ordenada-presupuesto-consensuado-y-frenar-ofrecimientos-populistas\/"},"author":{"name":"Jeanette","@id":"https:\/\/www.eldiario.net\/portal\/#\/schema\/person\/2c57cf2b7a7ae032e449e4c9b1019eac"},"headline":"Esperan una transici\u00f3n ordenada, presupuesto consensuado y frenar ofrecimientos populistas","datePublished":"2025-08-24T11:08:46+00:00","mainEntityOfPage":{"@id":"https:\/\/www.eldiario.net\/portal\/2025\/08\/24\/esperan-una-transicion-ordenada-presupuesto-consensuado-y-frenar-ofrecimientos-populistas\/"},"wordCount":1042,"publisher":{"@id":"https:\/\/www.eldiario.net\/portal\/#organization"},"image":{"@id":"https:\/\/www.eldiario.net\/portal\/2025\/08\/24\/esperan-una-transicion-ordenada-presupuesto-consensuado-y-frenar-ofrecimientos-populistas\/#primaryimage"},"thumbnailUrl":"https:\/\/www.eldiario.net\/portal\/wp-content\/uploads\/2025\/08\/presu-2.webp","articleSection":["Econom\u00eda"],"inLanguage":"es"},{"@type":"WebPage","@id":"https:\/\/www.eldiario.net\/portal\/2025\/08\/24\/esperan-una-transicion-ordenada-presupuesto-consensuado-y-frenar-ofrecimientos-populistas\/","url":"https:\/\/www.eldiario.net\/portal\/2025\/08\/24\/esperan-una-transicion-ordenada-presupuesto-consensuado-y-frenar-ofrecimientos-populistas\/","name":"Esperan una transici\u00f3n ordenada, presupuesto consensuado y frenar ofrecimientos populistas - El Diario - Bolivia","isPartOf":{"@id":"https:\/\/www.eldiario.net\/portal\/#website"},"primaryImageOfPage":{"@id":"https:\/\/www.eldiario.net\/portal\/2025\/08\/24\/esperan-una-transicion-ordenada-presupuesto-consensuado-y-frenar-ofrecimientos-populistas\/#primaryimage"},"image":{"@id":"https:\/\/www.eldiario.net\/portal\/2025\/08\/24\/esperan-una-transicion-ordenada-presupuesto-consensuado-y-frenar-ofrecimientos-populistas\/#primaryimage"},"thumbnailUrl":"https:\/\/www.eldiario.net\/portal\/wp-content\/uploads\/2025\/08\/presu-2.webp","datePublished":"2025-08-24T11:08:46+00:00","breadcrumb":{"@id":"https:\/\/www.eldiario.net\/portal\/2025\/08\/24\/esperan-una-transicion-ordenada-presupuesto-consensuado-y-frenar-ofrecimientos-populistas\/#breadcrumb"},"inLanguage":"es","potentialAction":[{"@type":"ReadAction","target":["https:\/\/www.eldiario.net\/portal\/2025\/08\/24\/esperan-una-transicion-ordenada-presupuesto-consensuado-y-frenar-ofrecimientos-populistas\/"]}]},{"@type":"ImageObject","inLanguage":"es","@id":"https:\/\/www.eldiario.net\/portal\/2025\/08\/24\/esperan-una-transicion-ordenada-presupuesto-consensuado-y-frenar-ofrecimientos-populistas\/#primaryimage","url":"https:\/\/www.eldiario.net\/portal\/wp-content\/uploads\/2025\/08\/presu-2.webp","contentUrl":"https:\/\/www.eldiario.net\/portal\/wp-content\/uploads\/2025\/08\/presu-2.webp","width":980,"height":551,"caption":"La informalidad va en aumento, por ello las acciones de la nueva administraci\u00f3n de gobierno deber\u00e1 aplicar pol\u00edticas que reviertan esta situaci\u00f3n."},{"@type":"BreadcrumbList","@id":"https:\/\/www.eldiario.net\/portal\/2025\/08\/24\/esperan-una-transicion-ordenada-presupuesto-consensuado-y-frenar-ofrecimientos-populistas\/#breadcrumb","itemListElement":[{"@type":"ListItem","position":1,"name":"Portada","item":"https:\/\/www.eldiario.net\/portal\/"},{"@type":"ListItem","position":2,"name":"Esperan una transici\u00f3n ordenada, presupuesto consensuado y frenar ofrecimientos populistas"}]},{"@type":"WebSite","@id":"https:\/\/www.eldiario.net\/portal\/#website","url":"https:\/\/www.eldiario.net\/portal\/","name":"El Diario - Decano de la prensa nacional","description":"El Diario - Decano de la prensa nacional","publisher":{"@id":"https:\/\/www.eldiario.net\/portal\/#organization"},"potentialAction":[{"@type":"SearchAction","target":{"@type":"EntryPoint","urlTemplate":"https:\/\/www.eldiario.net\/portal\/?s={search_term_string}"},"query-input":{"@type":"PropertyValueSpecification","valueRequired":true,"valueName":"search_term_string"}}],"inLanguage":"es"},{"@type":"Organization","@id":"https:\/\/www.eldiario.net\/portal\/#organization","name":"El Diario - Decano de la prensa nacional","url":"https:\/\/www.eldiario.net\/portal\/","logo":{"@type":"ImageObject","inLanguage":"es","@id":"https:\/\/www.eldiario.net\/portal\/#\/schema\/logo\/image\/","url":"https:\/\/www.eldiario.net\/portal\/wp-content\/uploads\/2023\/07\/logo_ED.jpg","contentUrl":"https:\/\/www.eldiario.net\/portal\/wp-content\/uploads\/2023\/07\/logo_ED.jpg","width":272,"height":52,"caption":"El Diario - Decano de la prensa nacional"},"image":{"@id":"https:\/\/www.eldiario.net\/portal\/#\/schema\/logo\/image\/"},"sameAs":["https:\/\/www.facebook.com\/eldiario.bolivia\/","https:\/\/x.com\/eldiario_net"]},{"@type":"Person","@id":"https:\/\/www.eldiario.net\/portal\/#\/schema\/person\/2c57cf2b7a7ae032e449e4c9b1019eac","name":"Jeanette","image":{"@type":"ImageObject","inLanguage":"es","@id":"https:\/\/secure.gravatar.com\/avatar\/3ea2118a5f7dad2b7138b1187a6b7ee55f160b9968b66013c3a3ef39dd7e5798?s=96&d=mm&r=g","url":"https:\/\/secure.gravatar.com\/avatar\/3ea2118a5f7dad2b7138b1187a6b7ee55f160b9968b66013c3a3ef39dd7e5798?s=96&d=mm&r=g","contentUrl":"https:\/\/secure.gravatar.com\/avatar\/3ea2118a5f7dad2b7138b1187a6b7ee55f160b9968b66013c3a3ef39dd7e5798?s=96&d=mm&r=g","caption":"Jeanette"},"sameAs":["https:\/\/www.eldiario.net\/portal"],"url":"https:\/\/www.eldiario.net\/portal\/author\/jeanette\/"}]}},"_links":{"self":[{"href":"https:\/\/www.eldiario.net\/portal\/wp-json\/wp\/v2\/posts\/326266","targetHints":{"allow":["GET"]}}],"collection":[{"href":"https:\/\/www.eldiario.net\/portal\/wp-json\/wp\/v2\/posts"}],"about":[{"href":"https:\/\/www.eldiario.net\/portal\/wp-json\/wp\/v2\/types\/post"}],"author":[{"embeddable":true,"href":"https:\/\/www.eldiario.net\/portal\/wp-json\/wp\/v2\/users\/1"}],"replies":[{"embeddable":true,"href":"https:\/\/www.eldiario.net\/portal\/wp-json\/wp\/v2\/comments?post=326266"}],"version-history":[{"count":1,"href":"https:\/\/www.eldiario.net\/portal\/wp-json\/wp\/v2\/posts\/326266\/revisions"}],"predecessor-version":[{"id":326268,"href":"https:\/\/www.eldiario.net\/portal\/wp-json\/wp\/v2\/posts\/326266\/revisions\/326268"}],"wp:featuredmedia":[{"embeddable":true,"href":"https:\/\/www.eldiario.net\/portal\/wp-json\/wp\/v2\/media\/326267"}],"wp:attachment":[{"href":"https:\/\/www.eldiario.net\/portal\/wp-json\/wp\/v2\/media?parent=326266"}],"wp:term":[{"taxonomy":"category","embeddable":true,"href":"https:\/\/www.eldiario.net\/portal\/wp-json\/wp\/v2\/categories?post=326266"},{"taxonomy":"post_tag","embeddable":true,"href":"https:\/\/www.eldiario.net\/portal\/wp-json\/wp\/v2\/tags?post=326266"}],"curies":[{"name":"wp","href":"https:\/\/api.w.org\/{rel}","templated":true}]}}