{"id":326263,"date":"2025-08-24T07:08:08","date_gmt":"2025-08-24T11:08:08","guid":{"rendered":"https:\/\/www.eldiario.net\/portal\/?p=326263"},"modified":"2025-08-24T07:08:08","modified_gmt":"2025-08-24T11:08:08","slug":"proyecto-turismo-sostenible-en-tierras-altas-de-bolivia-fortalece-emprendimientos-comunitarios","status":"publish","type":"post","link":"https:\/\/www.eldiario.net\/portal\/2025\/08\/24\/proyecto-turismo-sostenible-en-tierras-altas-de-bolivia-fortalece-emprendimientos-comunitarios\/","title":{"rendered":"Proyecto \u201cTurismo Sostenible en Tierras Altas de  Bolivia\u201d fortalece emprendimientos comunitarios"},"content":{"rendered":"<p>Con el objetivo de mejorar la calidad de servicios tur\u00edsticos en destinos piloto a trav\u00e9s de la implementaci\u00f3n aut\u00f3noma de acciones para reactivar el turismo comunitario, el Proyecto \u201cTurismo Sostenible en Tierras Altas de Bolivia\u201d, impulsado por el Viceministerio de Turismo y la Agencia de Cooperaci\u00f3n Internacional del Jap\u00f3n (JICA), contin\u00faa avanzando en municipios estrat\u00e9gicos del altiplano boliviano. Esta iniciativa, basada en el enfoque SHEP (Small Horticulture Empowerment and Promotion), busca fortalecer las capacidades locales en destinos tur\u00edsticos como Uyuni, Sajama y el Lago Titicaca.<br \/>\nLa oficial de programas de JICA, Mariko Watanabe, destac\u00f3 que el proyecto se ejecutar\u00e1 hasta octubre de 2027 y se est\u00e1 trabajando de forma activa con autoridades y emprendedores de cuatro municipios: Sorata, Tiwanaku, Copacabana y Guaqui.<br \/>\n\u201cHay una gran fuerza, especialmente de mujeres emprendedoras, que quieren llevar el turismo a otro nivel. El enfoque del proyecto es concebir un turismo sostenible pensado desde la persona y con la persona\u201d, se\u00f1al\u00f3.<br \/>\nWatanabe remarc\u00f3 que, si bien Bolivia cuenta con una riqueza natural y cultural impresionante, muchos destinos a\u00fan carecen de servicios tur\u00edsticos adecuados, productos definidos y marcas territoriales consolidadas. En ese sentido, enfatiz\u00f3 que el desarrollo sostenible solo es posible si la comunidad anfitriona tambi\u00e9n se beneficia y se siente parte del proceso.<br \/>\n\u201cEl proyecto no entrega donaciones ni dinero en efectivo. Todo se basa en el desarrollo de capacidades. Lo sostenible es que, cuando JICA se retire, los emprendedores puedan continuar por s\u00ed mismos\u201d, subray\u00f3.<br \/>\nEl viceministro de Turismo, Hiver Flores, indic\u00f3 que el fortalecimiento del turismo comunitario es una pol\u00edtica estrat\u00e9gica impulsada por el Gobierno. \u201cBolivia tiene un potencial tur\u00edstico enorme y estamos convencidos de que, con el apoyo del pa\u00eds m\u00e1s hospitalario del mundo, Jap\u00f3n, podemos lograr una transformaci\u00f3n real\u201d, asever\u00f3.<br \/>\nFlores destac\u00f3 que Bolivia es el primer pa\u00eds en aplicar el enfoque SHEP al turismo y que se espera beneficiar al menos a 80 emprendimientos comunitarios durante la ejecuci\u00f3n del proyecto. \u201cEl objetivo principal es mejorar la calidad de los servicios tur\u00edsticos para garantizar experiencias memorables y seguras a quienes visitan nuestro pa\u00eds\u201d, a\u00f1adi\u00f3.<br \/>\nDurante el primer a\u00f1o de ejecuci\u00f3n del convenio suscrito el 23 de agosto de 2024, se han desarrollado acciones orientadas al fortalecimiento de la hospitalidad, salubridad, manipulaci\u00f3n de alimentos y seguridad tur\u00edstica. \u201cOrdenar la casa es fundamental. Agradecemos a JICA por apostar por la formaci\u00f3n, la sensibilizaci\u00f3n y el desarrollo de capacidades locales\u201d, expres\u00f3 el viceministro.<br \/>\nCon este proyecto, seg\u00fan Flores, Bolivia no solo busca mejorar su competitividad como destino tur\u00edstico a nivel internacional, sino tambi\u00e9n construir un modelo sostenible que pueda ser replicado en otras regiones del pa\u00eds, apostando por lo propio, sin copiar, pero con est\u00e1ndares de calidad internacional. El proyecto tur\u00edstico fortalecer\u00e1 emprendimientos comunitarios.<br \/>\nCon el objetivo de mejorar la calidad de servicios tur\u00edsticos en destinos piloto a trav\u00e9s de la implementaci\u00f3n aut\u00f3noma de acciones para reactivar la actividad comunitaria. El Proyecto \u201cTurismo Sostenible en Tierras Altas de Bolivia\u201d, impulsado por el Viceministerio de Turismo y la Agencia de Cooperaci\u00f3n Internacional del Jap\u00f3n, contin\u00faa avanzando en municipios estrat\u00e9gicos del altiplano boliviano.<br \/>\nEsta iniciativa, basada en el enfoque SHEP, busca fortalecer las capacidades locales en destinos tur\u00edsticos como Uyuni, Sajama y el Lago Titicaca, con el apoyo de la cooperaci\u00f3n JICA de Jap\u00f3n.<\/p>\n","protected":false},"excerpt":{"rendered":"<p>Con el objetivo de mejorar la calidad de servicios tur\u00edsticos en destinos piloto a trav\u00e9s de la implementaci\u00f3n aut\u00f3noma de acciones para reactivar el turismo comunitario, el Proyecto \u201cTurismo Sostenible en Tierras Altas de Bolivia\u201d, impulsado por el Viceministerio de Turismo y la Agencia de Cooperaci\u00f3n Internacional del Jap\u00f3n (JICA), contin\u00faa avanzando en municipios estrat\u00e9gicos [&hellip;]<\/p>\n","protected":false},"author":1,"featured_media":326264,"comment_status":"closed","ping_status":"open","sticky":false,"template":"","format":"standard","meta":{"_acf_changed":false,"footnotes":""},"categories":[7],"tags":[],"class_list":["post-326263","post","type-post","status-publish","format-standard","has-post-thumbnail","category-economia"],"acf":{"antetitulo":""},"yoast_head":"<!-- This site is optimized with the Yoast SEO plugin v28.4 - https:\/\/yoast.com\/product\/yoast-seo-wordpress\/ -->\n<title>Proyecto \u201cTurismo Sostenible en Tierras Altas de Bolivia\u201d fortalece emprendimientos comunitarios - El Diario - Bolivia<\/title>\n<meta name=\"robots\" content=\"index, follow, max-snippet:-1, max-image-preview:large, max-video-preview:-1\" \/>\n<link rel=\"canonical\" href=\"https:\/\/www.eldiario.net\/portal\/2025\/08\/24\/proyecto-turismo-sostenible-en-tierras-altas-de-bolivia-fortalece-emprendimientos-comunitarios\/\" \/>\n<meta property=\"og:locale\" content=\"es_ES\" \/>\n<meta property=\"og:type\" content=\"article\" \/>\n<meta property=\"og:title\" content=\"Proyecto \u201cTurismo Sostenible en Tierras Altas de Bolivia\u201d fortalece emprendimientos comunitarios - El Diario - Bolivia\" \/>\n<meta property=\"og:description\" content=\"Con el objetivo de mejorar la calidad de servicios tur\u00edsticos en destinos piloto a trav\u00e9s de la implementaci\u00f3n aut\u00f3noma de acciones para reactivar el turismo comunitario, el Proyecto \u201cTurismo Sostenible en Tierras Altas de Bolivia\u201d, impulsado por el Viceministerio de Turismo y la Agencia de Cooperaci\u00f3n Internacional del Jap\u00f3n (JICA), contin\u00faa avanzando en municipios estrat\u00e9gicos [&hellip;]\" \/>\n<meta property=\"og:url\" content=\"https:\/\/www.eldiario.net\/portal\/2025\/08\/24\/proyecto-turismo-sostenible-en-tierras-altas-de-bolivia-fortalece-emprendimientos-comunitarios\/\" \/>\n<meta property=\"og:site_name\" content=\"El Diario - Bolivia\" \/>\n<meta property=\"article:publisher\" content=\"https:\/\/www.facebook.com\/eldiario.bolivia\/\" \/>\n<meta property=\"article:published_time\" content=\"2025-08-24T11:08:08+00:00\" \/>\n<meta property=\"og:image\" content=\"https:\/\/www.eldiario.net\/portal\/wp-content\/uploads\/2025\/08\/turis.webp\" \/>\n\t<meta property=\"og:image:width\" content=\"1200\" \/>\n\t<meta property=\"og:image:height\" content=\"800\" \/>\n\t<meta property=\"og:image:type\" content=\"image\/webp\" \/>\n<meta name=\"author\" content=\"Jeanette\" \/>\n<meta name=\"twitter:card\" content=\"summary_large_image\" \/>\n<meta name=\"twitter:creator\" content=\"@eldiario_net\" \/>\n<meta name=\"twitter:site\" content=\"@eldiario_net\" \/>\n<meta name=\"twitter:label1\" content=\"Escrito por\" \/>\n\t<meta name=\"twitter:data1\" content=\"Jeanette\" \/>\n\t<meta name=\"twitter:label2\" content=\"Tiempo de lectura\" \/>\n\t<meta name=\"twitter:data2\" content=\"3 minutos\" \/>\n<script type=\"application\/ld+json\" class=\"yoast-schema-graph\">{\"@context\":\"https:\\\/\\\/schema.org\",\"@graph\":[{\"@type\":\"Article\",\"@id\":\"https:\\\/\\\/www.eldiario.net\\\/portal\\\/2025\\\/08\\\/24\\\/proyecto-turismo-sostenible-en-tierras-altas-de-bolivia-fortalece-emprendimientos-comunitarios\\\/#article\",\"isPartOf\":{\"@id\":\"https:\\\/\\\/www.eldiario.net\\\/portal\\\/2025\\\/08\\\/24\\\/proyecto-turismo-sostenible-en-tierras-altas-de-bolivia-fortalece-emprendimientos-comunitarios\\\/\"},\"author\":{\"name\":\"Jeanette\",\"@id\":\"https:\\\/\\\/www.eldiario.net\\\/portal\\\/#\\\/schema\\\/person\\\/2c57cf2b7a7ae032e449e4c9b1019eac\"},\"headline\":\"Proyecto \u201cTurismo Sostenible en Tierras Altas de Bolivia\u201d fortalece emprendimientos comunitarios\",\"datePublished\":\"2025-08-24T11:08:08+00:00\",\"mainEntityOfPage\":{\"@id\":\"https:\\\/\\\/www.eldiario.net\\\/portal\\\/2025\\\/08\\\/24\\\/proyecto-turismo-sostenible-en-tierras-altas-de-bolivia-fortalece-emprendimientos-comunitarios\\\/\"},\"wordCount\":593,\"publisher\":{\"@id\":\"https:\\\/\\\/www.eldiario.net\\\/portal\\\/#organization\"},\"image\":{\"@id\":\"https:\\\/\\\/www.eldiario.net\\\/portal\\\/2025\\\/08\\\/24\\\/proyecto-turismo-sostenible-en-tierras-altas-de-bolivia-fortalece-emprendimientos-comunitarios\\\/#primaryimage\"},\"thumbnailUrl\":\"https:\\\/\\\/www.eldiario.net\\\/portal\\\/wp-content\\\/uploads\\\/2025\\\/08\\\/turis.webp\",\"articleSection\":[\"Econom\u00eda\"],\"inLanguage\":\"es\"},{\"@type\":\"WebPage\",\"@id\":\"https:\\\/\\\/www.eldiario.net\\\/portal\\\/2025\\\/08\\\/24\\\/proyecto-turismo-sostenible-en-tierras-altas-de-bolivia-fortalece-emprendimientos-comunitarios\\\/\",\"url\":\"https:\\\/\\\/www.eldiario.net\\\/portal\\\/2025\\\/08\\\/24\\\/proyecto-turismo-sostenible-en-tierras-altas-de-bolivia-fortalece-emprendimientos-comunitarios\\\/\",\"name\":\"Proyecto \u201cTurismo Sostenible en Tierras Altas de Bolivia\u201d fortalece emprendimientos comunitarios - El Diario - Bolivia\",\"isPartOf\":{\"@id\":\"https:\\\/\\\/www.eldiario.net\\\/portal\\\/#website\"},\"primaryImageOfPage\":{\"@id\":\"https:\\\/\\\/www.eldiario.net\\\/portal\\\/2025\\\/08\\\/24\\\/proyecto-turismo-sostenible-en-tierras-altas-de-bolivia-fortalece-emprendimientos-comunitarios\\\/#primaryimage\"},\"image\":{\"@id\":\"https:\\\/\\\/www.eldiario.net\\\/portal\\\/2025\\\/08\\\/24\\\/proyecto-turismo-sostenible-en-tierras-altas-de-bolivia-fortalece-emprendimientos-comunitarios\\\/#primaryimage\"},\"thumbnailUrl\":\"https:\\\/\\\/www.eldiario.net\\\/portal\\\/wp-content\\\/uploads\\\/2025\\\/08\\\/turis.webp\",\"datePublished\":\"2025-08-24T11:08:08+00:00\",\"breadcrumb\":{\"@id\":\"https:\\\/\\\/www.eldiario.net\\\/portal\\\/2025\\\/08\\\/24\\\/proyecto-turismo-sostenible-en-tierras-altas-de-bolivia-fortalece-emprendimientos-comunitarios\\\/#breadcrumb\"},\"inLanguage\":\"es\",\"potentialAction\":[{\"@type\":\"ReadAction\",\"target\":[\"https:\\\/\\\/www.eldiario.net\\\/portal\\\/2025\\\/08\\\/24\\\/proyecto-turismo-sostenible-en-tierras-altas-de-bolivia-fortalece-emprendimientos-comunitarios\\\/\"]}]},{\"@type\":\"ImageObject\",\"inLanguage\":\"es\",\"@id\":\"https:\\\/\\\/www.eldiario.net\\\/portal\\\/2025\\\/08\\\/24\\\/proyecto-turismo-sostenible-en-tierras-altas-de-bolivia-fortalece-emprendimientos-comunitarios\\\/#primaryimage\",\"url\":\"https:\\\/\\\/www.eldiario.net\\\/portal\\\/wp-content\\\/uploads\\\/2025\\\/08\\\/turis.webp\",\"contentUrl\":\"https:\\\/\\\/www.eldiario.net\\\/portal\\\/wp-content\\\/uploads\\\/2025\\\/08\\\/turis.webp\",\"width\":1200,\"height\":800,\"caption\":\"autoridades y representantes de JICA.\"},{\"@type\":\"BreadcrumbList\",\"@id\":\"https:\\\/\\\/www.eldiario.net\\\/portal\\\/2025\\\/08\\\/24\\\/proyecto-turismo-sostenible-en-tierras-altas-de-bolivia-fortalece-emprendimientos-comunitarios\\\/#breadcrumb\",\"itemListElement\":[{\"@type\":\"ListItem\",\"position\":1,\"name\":\"Portada\",\"item\":\"https:\\\/\\\/www.eldiario.net\\\/portal\\\/\"},{\"@type\":\"ListItem\",\"position\":2,\"name\":\"Proyecto \u201cTurismo Sostenible en Tierras Altas de Bolivia\u201d fortalece emprendimientos comunitarios\"}]},{\"@type\":\"WebSite\",\"@id\":\"https:\\\/\\\/www.eldiario.net\\\/portal\\\/#website\",\"url\":\"https:\\\/\\\/www.eldiario.net\\\/portal\\\/\",\"name\":\"El Diario - Decano de la prensa nacional\",\"description\":\"El Diario - Decano de la prensa nacional\",\"publisher\":{\"@id\":\"https:\\\/\\\/www.eldiario.net\\\/portal\\\/#organization\"},\"potentialAction\":[{\"@type\":\"SearchAction\",\"target\":{\"@type\":\"EntryPoint\",\"urlTemplate\":\"https:\\\/\\\/www.eldiario.net\\\/portal\\\/?s={search_term_string}\"},\"query-input\":{\"@type\":\"PropertyValueSpecification\",\"valueRequired\":true,\"valueName\":\"search_term_string\"}}],\"inLanguage\":\"es\"},{\"@type\":\"Organization\",\"@id\":\"https:\\\/\\\/www.eldiario.net\\\/portal\\\/#organization\",\"name\":\"El Diario - Decano de la prensa nacional\",\"url\":\"https:\\\/\\\/www.eldiario.net\\\/portal\\\/\",\"logo\":{\"@type\":\"ImageObject\",\"inLanguage\":\"es\",\"@id\":\"https:\\\/\\\/www.eldiario.net\\\/portal\\\/#\\\/schema\\\/logo\\\/image\\\/\",\"url\":\"https:\\\/\\\/www.eldiario.net\\\/portal\\\/wp-content\\\/uploads\\\/2023\\\/07\\\/logo_ED.jpg\",\"contentUrl\":\"https:\\\/\\\/www.eldiario.net\\\/portal\\\/wp-content\\\/uploads\\\/2023\\\/07\\\/logo_ED.jpg\",\"width\":272,\"height\":52,\"caption\":\"El Diario - Decano de la prensa nacional\"},\"image\":{\"@id\":\"https:\\\/\\\/www.eldiario.net\\\/portal\\\/#\\\/schema\\\/logo\\\/image\\\/\"},\"sameAs\":[\"https:\\\/\\\/www.facebook.com\\\/eldiario.bolivia\\\/\",\"https:\\\/\\\/x.com\\\/eldiario_net\"]},{\"@type\":\"Person\",\"@id\":\"https:\\\/\\\/www.eldiario.net\\\/portal\\\/#\\\/schema\\\/person\\\/2c57cf2b7a7ae032e449e4c9b1019eac\",\"name\":\"Jeanette\",\"image\":{\"@type\":\"ImageObject\",\"inLanguage\":\"es\",\"@id\":\"https:\\\/\\\/secure.gravatar.com\\\/avatar\\\/3ea2118a5f7dad2b7138b1187a6b7ee55f160b9968b66013c3a3ef39dd7e5798?s=96&d=mm&r=g\",\"url\":\"https:\\\/\\\/secure.gravatar.com\\\/avatar\\\/3ea2118a5f7dad2b7138b1187a6b7ee55f160b9968b66013c3a3ef39dd7e5798?s=96&d=mm&r=g\",\"contentUrl\":\"https:\\\/\\\/secure.gravatar.com\\\/avatar\\\/3ea2118a5f7dad2b7138b1187a6b7ee55f160b9968b66013c3a3ef39dd7e5798?s=96&d=mm&r=g\",\"caption\":\"Jeanette\"},\"sameAs\":[\"https:\\\/\\\/www.eldiario.net\\\/portal\"],\"url\":\"https:\\\/\\\/www.eldiario.net\\\/portal\\\/author\\\/jeanette\\\/\"}]}<\/script>\n<!-- \/ Yoast SEO plugin. -->","yoast_head_json":{"title":"Proyecto \u201cTurismo Sostenible en Tierras Altas de Bolivia\u201d fortalece emprendimientos comunitarios - El Diario - Bolivia","robots":{"index":"index","follow":"follow","max-snippet":"max-snippet:-1","max-image-preview":"max-image-preview:large","max-video-preview":"max-video-preview:-1"},"canonical":"https:\/\/www.eldiario.net\/portal\/2025\/08\/24\/proyecto-turismo-sostenible-en-tierras-altas-de-bolivia-fortalece-emprendimientos-comunitarios\/","og_locale":"es_ES","og_type":"article","og_title":"Proyecto \u201cTurismo Sostenible en Tierras Altas de Bolivia\u201d fortalece emprendimientos comunitarios - El Diario - Bolivia","og_description":"Con el objetivo de mejorar la calidad de servicios tur\u00edsticos en destinos piloto a trav\u00e9s de la implementaci\u00f3n aut\u00f3noma de acciones para reactivar el turismo comunitario, el Proyecto \u201cTurismo Sostenible en Tierras Altas de Bolivia\u201d, impulsado por el Viceministerio de Turismo y la Agencia de Cooperaci\u00f3n Internacional del Jap\u00f3n (JICA), contin\u00faa avanzando en municipios estrat\u00e9gicos [&hellip;]","og_url":"https:\/\/www.eldiario.net\/portal\/2025\/08\/24\/proyecto-turismo-sostenible-en-tierras-altas-de-bolivia-fortalece-emprendimientos-comunitarios\/","og_site_name":"El Diario - Bolivia","article_publisher":"https:\/\/www.facebook.com\/eldiario.bolivia\/","article_published_time":"2025-08-24T11:08:08+00:00","og_image":[{"width":1200,"height":800,"url":"https:\/\/www.eldiario.net\/portal\/wp-content\/uploads\/2025\/08\/turis.webp","type":"image\/webp"}],"author":"Jeanette","twitter_card":"summary_large_image","twitter_creator":"@eldiario_net","twitter_site":"@eldiario_net","twitter_misc":{"Escrito por":"Jeanette","Tiempo de lectura":"3 minutos"},"schema":{"@context":"https:\/\/schema.org","@graph":[{"@type":"Article","@id":"https:\/\/www.eldiario.net\/portal\/2025\/08\/24\/proyecto-turismo-sostenible-en-tierras-altas-de-bolivia-fortalece-emprendimientos-comunitarios\/#article","isPartOf":{"@id":"https:\/\/www.eldiario.net\/portal\/2025\/08\/24\/proyecto-turismo-sostenible-en-tierras-altas-de-bolivia-fortalece-emprendimientos-comunitarios\/"},"author":{"name":"Jeanette","@id":"https:\/\/www.eldiario.net\/portal\/#\/schema\/person\/2c57cf2b7a7ae032e449e4c9b1019eac"},"headline":"Proyecto \u201cTurismo Sostenible en Tierras Altas de Bolivia\u201d fortalece emprendimientos comunitarios","datePublished":"2025-08-24T11:08:08+00:00","mainEntityOfPage":{"@id":"https:\/\/www.eldiario.net\/portal\/2025\/08\/24\/proyecto-turismo-sostenible-en-tierras-altas-de-bolivia-fortalece-emprendimientos-comunitarios\/"},"wordCount":593,"publisher":{"@id":"https:\/\/www.eldiario.net\/portal\/#organization"},"image":{"@id":"https:\/\/www.eldiario.net\/portal\/2025\/08\/24\/proyecto-turismo-sostenible-en-tierras-altas-de-bolivia-fortalece-emprendimientos-comunitarios\/#primaryimage"},"thumbnailUrl":"https:\/\/www.eldiario.net\/portal\/wp-content\/uploads\/2025\/08\/turis.webp","articleSection":["Econom\u00eda"],"inLanguage":"es"},{"@type":"WebPage","@id":"https:\/\/www.eldiario.net\/portal\/2025\/08\/24\/proyecto-turismo-sostenible-en-tierras-altas-de-bolivia-fortalece-emprendimientos-comunitarios\/","url":"https:\/\/www.eldiario.net\/portal\/2025\/08\/24\/proyecto-turismo-sostenible-en-tierras-altas-de-bolivia-fortalece-emprendimientos-comunitarios\/","name":"Proyecto \u201cTurismo Sostenible en Tierras Altas de Bolivia\u201d fortalece emprendimientos comunitarios - El Diario - Bolivia","isPartOf":{"@id":"https:\/\/www.eldiario.net\/portal\/#website"},"primaryImageOfPage":{"@id":"https:\/\/www.eldiario.net\/portal\/2025\/08\/24\/proyecto-turismo-sostenible-en-tierras-altas-de-bolivia-fortalece-emprendimientos-comunitarios\/#primaryimage"},"image":{"@id":"https:\/\/www.eldiario.net\/portal\/2025\/08\/24\/proyecto-turismo-sostenible-en-tierras-altas-de-bolivia-fortalece-emprendimientos-comunitarios\/#primaryimage"},"thumbnailUrl":"https:\/\/www.eldiario.net\/portal\/wp-content\/uploads\/2025\/08\/turis.webp","datePublished":"2025-08-24T11:08:08+00:00","breadcrumb":{"@id":"https:\/\/www.eldiario.net\/portal\/2025\/08\/24\/proyecto-turismo-sostenible-en-tierras-altas-de-bolivia-fortalece-emprendimientos-comunitarios\/#breadcrumb"},"inLanguage":"es","potentialAction":[{"@type":"ReadAction","target":["https:\/\/www.eldiario.net\/portal\/2025\/08\/24\/proyecto-turismo-sostenible-en-tierras-altas-de-bolivia-fortalece-emprendimientos-comunitarios\/"]}]},{"@type":"ImageObject","inLanguage":"es","@id":"https:\/\/www.eldiario.net\/portal\/2025\/08\/24\/proyecto-turismo-sostenible-en-tierras-altas-de-bolivia-fortalece-emprendimientos-comunitarios\/#primaryimage","url":"https:\/\/www.eldiario.net\/portal\/wp-content\/uploads\/2025\/08\/turis.webp","contentUrl":"https:\/\/www.eldiario.net\/portal\/wp-content\/uploads\/2025\/08\/turis.webp","width":1200,"height":800,"caption":"autoridades y representantes de JICA."},{"@type":"BreadcrumbList","@id":"https:\/\/www.eldiario.net\/portal\/2025\/08\/24\/proyecto-turismo-sostenible-en-tierras-altas-de-bolivia-fortalece-emprendimientos-comunitarios\/#breadcrumb","itemListElement":[{"@type":"ListItem","position":1,"name":"Portada","item":"https:\/\/www.eldiario.net\/portal\/"},{"@type":"ListItem","position":2,"name":"Proyecto \u201cTurismo Sostenible en Tierras Altas de Bolivia\u201d fortalece emprendimientos comunitarios"}]},{"@type":"WebSite","@id":"https:\/\/www.eldiario.net\/portal\/#website","url":"https:\/\/www.eldiario.net\/portal\/","name":"El Diario - Decano de la prensa nacional","description":"El Diario - Decano de la prensa nacional","publisher":{"@id":"https:\/\/www.eldiario.net\/portal\/#organization"},"potentialAction":[{"@type":"SearchAction","target":{"@type":"EntryPoint","urlTemplate":"https:\/\/www.eldiario.net\/portal\/?s={search_term_string}"},"query-input":{"@type":"PropertyValueSpecification","valueRequired":true,"valueName":"search_term_string"}}],"inLanguage":"es"},{"@type":"Organization","@id":"https:\/\/www.eldiario.net\/portal\/#organization","name":"El Diario - Decano de la prensa nacional","url":"https:\/\/www.eldiario.net\/portal\/","logo":{"@type":"ImageObject","inLanguage":"es","@id":"https:\/\/www.eldiario.net\/portal\/#\/schema\/logo\/image\/","url":"https:\/\/www.eldiario.net\/portal\/wp-content\/uploads\/2023\/07\/logo_ED.jpg","contentUrl":"https:\/\/www.eldiario.net\/portal\/wp-content\/uploads\/2023\/07\/logo_ED.jpg","width":272,"height":52,"caption":"El Diario - Decano de la prensa nacional"},"image":{"@id":"https:\/\/www.eldiario.net\/portal\/#\/schema\/logo\/image\/"},"sameAs":["https:\/\/www.facebook.com\/eldiario.bolivia\/","https:\/\/x.com\/eldiario_net"]},{"@type":"Person","@id":"https:\/\/www.eldiario.net\/portal\/#\/schema\/person\/2c57cf2b7a7ae032e449e4c9b1019eac","name":"Jeanette","image":{"@type":"ImageObject","inLanguage":"es","@id":"https:\/\/secure.gravatar.com\/avatar\/3ea2118a5f7dad2b7138b1187a6b7ee55f160b9968b66013c3a3ef39dd7e5798?s=96&d=mm&r=g","url":"https:\/\/secure.gravatar.com\/avatar\/3ea2118a5f7dad2b7138b1187a6b7ee55f160b9968b66013c3a3ef39dd7e5798?s=96&d=mm&r=g","contentUrl":"https:\/\/secure.gravatar.com\/avatar\/3ea2118a5f7dad2b7138b1187a6b7ee55f160b9968b66013c3a3ef39dd7e5798?s=96&d=mm&r=g","caption":"Jeanette"},"sameAs":["https:\/\/www.eldiario.net\/portal"],"url":"https:\/\/www.eldiario.net\/portal\/author\/jeanette\/"}]}},"_links":{"self":[{"href":"https:\/\/www.eldiario.net\/portal\/wp-json\/wp\/v2\/posts\/326263","targetHints":{"allow":["GET"]}}],"collection":[{"href":"https:\/\/www.eldiario.net\/portal\/wp-json\/wp\/v2\/posts"}],"about":[{"href":"https:\/\/www.eldiario.net\/portal\/wp-json\/wp\/v2\/types\/post"}],"author":[{"embeddable":true,"href":"https:\/\/www.eldiario.net\/portal\/wp-json\/wp\/v2\/users\/1"}],"replies":[{"embeddable":true,"href":"https:\/\/www.eldiario.net\/portal\/wp-json\/wp\/v2\/comments?post=326263"}],"version-history":[{"count":1,"href":"https:\/\/www.eldiario.net\/portal\/wp-json\/wp\/v2\/posts\/326263\/revisions"}],"predecessor-version":[{"id":326265,"href":"https:\/\/www.eldiario.net\/portal\/wp-json\/wp\/v2\/posts\/326263\/revisions\/326265"}],"wp:featuredmedia":[{"embeddable":true,"href":"https:\/\/www.eldiario.net\/portal\/wp-json\/wp\/v2\/media\/326264"}],"wp:attachment":[{"href":"https:\/\/www.eldiario.net\/portal\/wp-json\/wp\/v2\/media?parent=326263"}],"wp:term":[{"taxonomy":"category","embeddable":true,"href":"https:\/\/www.eldiario.net\/portal\/wp-json\/wp\/v2\/categories?post=326263"},{"taxonomy":"post_tag","embeddable":true,"href":"https:\/\/www.eldiario.net\/portal\/wp-json\/wp\/v2\/tags?post=326263"}],"curies":[{"name":"wp","href":"https:\/\/api.w.org\/{rel}","templated":true}]}}