{"id":326068,"date":"2025-08-23T07:32:39","date_gmt":"2025-08-23T11:32:39","guid":{"rendered":"https:\/\/www.eldiario.net\/portal\/?p=326068"},"modified":"2025-08-23T07:32:39","modified_gmt":"2025-08-23T11:32:39","slug":"pk-dos-celebrara-sus-30-anos-en-una-noche-magica","status":"publish","type":"post","link":"https:\/\/www.eldiario.net\/portal\/2025\/08\/23\/pk-dos-celebrara-sus-30-anos-en-una-noche-magica\/","title":{"rendered":"PK DOS celebrar\u00e1 sus 30  a\u00f1os en una noche m\u00e1gica"},"content":{"rendered":"<p>PK DOS celebrar\u00e1 sus 30 a\u00f1os de vida art\u00edstica en una prometedora noche m\u00e1gica, llena de historia, recuerdos y energ\u00eda, en la que har\u00e1 un repaso de sus grandes \u00e9xitos.<\/p>\n<p>La fiesta ser\u00e1 el viernes 29 de agosto, a partir de las 20:00 horas, en el Teatro Al Aire Libre \u201cJaime Laredo\u201d, con invitados de lujo. Estar\u00e1n el grupo Veneno y desde Venezuela Los Adolescentes. El evento es organizado por Macro Galas Group.<\/p>\n<p>\u201cPK DOS nace oficialmente con las primeras presentaciones en eventos privados y algunos boliches de la \u00e9poca, cantando junto a quienes fundamos este proyecto, Paola y mi persona a la cabeza, junto a Oscar Valera en la bater\u00eda y otros m\u00fasicos que fuimos cambiando hasta llegar a la alineaci\u00f3n con la que grabamos nuestro primer LP para Santa Fe Records en el a\u00f1o 1994\u201d, record\u00f3 Wally Zeballos, fundador y l\u00edder del grupo de cumbia pop m\u00e1s ic\u00f3nico de Bolivia, en la entrevista que le hizo La Gu\u00eda.<\/p>\n<p><strong>LG: \u00bfQu\u00e9 significa para PK DOS celebrar 30 a\u00f1os de trayectoria art\u00edstica?<\/strong><\/p>\n<p>W: Ver cumplir a PK DOS 30 a\u00f1os de vida es para m\u00ed ver la realizaci\u00f3n de un proyecto que comenz\u00f3 como un sue\u00f1o, pero que con mucho amor por lo que hacemos, trabajo y perseverancia en seguir adelante a pesar de los problemas, que hubo muchos debo decirlo, logramos convertirlo en una realidad y que hoy el grupo sea uno de los referentes de la m\u00fasica boliviana en el g\u00e9nero tropical.<\/p>\n<p><strong>LG: \u00bfCu\u00e1les fueron los mayores logros de la banda?<\/strong><\/p>\n<p>W: Entre los logros m\u00e1s importantes podr\u00eda destacar: El haber roto la brecha que exist\u00eda a finales de los 90 para la m\u00fasica tropical, que no se presentaba en discotecas o pubs y estaba relegada solo para lo que se llamaba las \u201cclases populares\u201d. Nosotros fuimos pioneros en la apertura de estos espacios con un repertorio que llegaba a la juventud de ese entonces y hac\u00eda que cada show nuestro sea un lleno total en donde nos present\u00e1bamos.<\/p>\n<p>Segundo: PK DOS es el \u00fanico grupo boliviano que ha pertenecido a los dos sellos gigantes de la industria musical: BMG ARIOLA en el 97 y nuestro traspaso a SONY MUSIC en el a\u00f1o 99. Actualmente continuamos trabajando con editoras internacionales y somos parte de Alternativa Representa de M\u00e9xico.<\/p>\n<p>Finalmente y no menos importante, somos una de las pocas bandas en Bolivia que por sexto a\u00f1o consecutivo es parte de la Academia de la M\u00fasica Internacional, Latin Grammys. Estos 6 a\u00f1os hemos estado en carrera para las nominaciones a este tan importante premio en la industria de la m\u00fasica.<\/p>\n<p><strong>LG: \u00bfCu\u00e1ntas presentaciones hicieron y cu\u00e1ntos discos sacaron?<\/strong><\/p>\n<p>W: Tenemos 8 \u00e1lbumes de estudio, m\u00e1s de 15 sencillos como colaboraciones, un Blue Ray de concierto grabado en vivo y actualmente estamos en la etapa final de la producci\u00f3n de nuestro noveno \u00e1lbum de estudio que llevar\u00e1 el nombre de \u201cMeraki\u201d. Hemos grabado m\u00e1s de 130 canciones, de las cuales aproximadamente el 70% de ellas son composiciones propias de la banda.<\/p>\n<p>En cuanto a presentaciones, es una pregunta muy dif\u00edcil de responder. Sin embargo, como referencia podr\u00edamos utilizar los datos estad\u00edsticos del a\u00f1o 2018, cuando recibimos el Premio Maya a la mejor gira de conciertos, que englobaba 162 presentaciones a nivel nacional e internacional, logrando acumular en ese periodo de tiempo una asistencia de aproximadamente 2 millones 563 mil espectadores.<\/p>\n<p><strong>LG: \u00bfCu\u00e1l fue el mejor momento de PK DOS en estos 30 a\u00f1os y el cu\u00e1l el momento m\u00e1s triste?<\/strong><\/p>\n<p>W: Hubo muchos momentos inolvidables en la banda. Pero siento que uno de los momentos m\u00e1s importantes del grupo empezaba a ocurrir antes de la pandemia, ya que el \u00e1lbum \u201cPor Siempre\u2026\u201d logr\u00f3 una penetraci\u00f3n importante en el mercado mexicano y esto comenzaba a pintar una gira de promoci\u00f3n en el pa\u00eds del norte con las expectativas muy altas para ingresar al mercado latino internacional.<\/p>\n<p>El momento m\u00e1s triste para m\u00ed, y por consecuencia, vino despu\u00e9s de la pandemia, tras la decisi\u00f3n de Paola de abandonar la m\u00fasica comercial para dedicar su vida y su voz a Dios y dejar la banda. Eso marc\u00f3 para m\u00ed una etapa de profunda reflexi\u00f3n sobre el destino de la banda y de mi carrera musical. Y tambi\u00e9n marc\u00f3 el inicio de una nueva etapa en la vida de PK DOS con una nueva generaci\u00f3n de integrantes que se sum\u00f3 al proyecto.<\/p>\n<p><strong>LG: \u00bfQu\u00e9 canciones los marcaron en estas tres d\u00e9cadas?<\/strong><\/p>\n<p>W: Las canciones m\u00e1s emblem\u00e1ticas de nuestra carrera son: \u201cPorque el amor se va\u201d, \u201cPiensa en m\u00ed\u201d, \u201cEl Compromiso\u201d, \u201cSi tu no est\u00e1s\u201d, \u201cMorena\u201d, \u201cYo sin \u00e9l\u201d y tantas m\u00e1s, que es dif\u00edcil nombrarlas a todas.<\/p>\n<p><strong>LG: \u00bfCu\u00e1l fue la f\u00f3rmula para mantenerse vigentes?<\/strong><\/p>\n<p>W: Solo amar lo que uno hace y jam\u00e1s quedarse en una zona de confort, porque el mercado se mueve y cambia constantemente y un artista debe saber volverse un surfista, para mantenerse sobre las olas de las tendencias, sin perder adem\u00e1s la esencia de ese estilo \u00fanico que hace de cada artista algo tan aut\u00e9ntico.<\/p>\n<p><strong>LG: \u00bfC\u00f3mo est\u00e1 hoy PK DOS?<\/strong><\/p>\n<p>W: PK DOS se encuentra hoy gozando nuevamente de buena salud, respaldado en nuestra delantera, que une el estilo de nuestras nuevas cantantes Wendy y Nadina, con mi experiencia y el conocimiento de la esencia de PK DOS y logrando seguir entre los primeros grupos en preferencia de nuestro p\u00fablico, con un estilo denominado cumbia pop, que hemos sabido perfeccionar a lo largo del tiempo y que nos separa de la gran mayor\u00eda que comparte hoy un estilo m\u00e1s sure\u00f1o en la cumbia nacional.<\/p>\n<p><strong>LG: \u00bfQui\u00e9nes son los integrantes?<\/strong><\/p>\n<p>W: PK DOS est\u00e1 conformado por las voces de Wally Zeballos (La Paz), Wendy Obertti (Santa Cruz), Nadina Blanco (Oruro), y nuestra banda integrada por el tecladista Walton Rivera \u201cPato Lucas\u201d (Chile), la bater\u00eda y secus de Oscar Valera (La Paz), guitarra el\u00e9ctrica Michael Flores (La Paz), el bajo de Israel Zurita \u201cEl Chino\u201d (Cochabamba) y la trompeta de Israel Cadena (La Paz).<\/p>\n<p><strong>LG: \u00bfC\u00f3mo ser\u00e1 el show que presentar\u00e1n en su celebraci\u00f3n en el Teatro al Aire Libre?<\/strong><\/p>\n<p>W: Tendremos una noche m\u00e1gica, porque adem\u00e1s nos acompa\u00f1aran tremendos artistas invitados, como son nuestros hermanos del grupo Veneno y la visita desde Venezuela de los Internacionales Salseros Los Adolescentes Orquesta.<\/p>\n<p>En cuanto a nuestra presentaci\u00f3n, el p\u00fablico podr\u00e1 disfrutar de un paseo por aproximadamente 40 canciones que forman parte de nuestra historia musical, desde nuestros inicios hasta los lanzamientos m\u00e1s recientes, en una puesta en escena muy \u00e1gil, con arreglos, mixes y enganchados que permitan a los asistentes un viaje muy grato, c\u00e1lido y din\u00e1mico de emociones, recuerdos y, por supuesto, mucho baile y diversi\u00f3n. Todo combinado con una producci\u00f3n con lo \u00faltimo en tecnolog\u00eda digital, en cuanto a iluminaci\u00f3n, pirotecnia y pantallas se refiere.<\/p>\n<p><strong>LG: \u00bfQu\u00e9 le prometes al p\u00fablico pace\u00f1o?<\/strong><\/p>\n<p>W: Una fiesta, donde ellos ser\u00e1n los protagonistas principales, porque es el p\u00fablico el que ha hecho posible que esta banda cumpla estos 30 a\u00f1os y los proyecte a sue\u00f1os y metas m\u00e1s ambiciosos a partir de esta gira.<\/p>\n\r\n                <style type=\"text\/css\">\r\n                    \r\n                    #tdi_1  .td-doubleSlider-2 .td-item1 {\r\n                        background: url(https:\/\/www.eldiario.net\/portal\/wp-content\/uploads\/2025\/08\/1-PRINCIPAL-8-80x60.webp) 0 0 no-repeat;\r\n                    }\r\n                    #tdi_1  .td-doubleSlider-2 .td-item2 {\r\n                        background: url(https:\/\/www.eldiario.net\/portal\/wp-content\/uploads\/2025\/08\/2-6-80x60.webp) 0 0 no-repeat;\r\n                    }\r\n                    #tdi_1  .td-doubleSlider-2 .td-item3 {\r\n                        background: url(https:\/\/www.eldiario.net\/portal\/wp-content\/uploads\/2025\/08\/3-8-80x60.webp) 0 0 no-repeat;\r\n                    }\r\n                    #tdi_1  .td-doubleSlider-2 .td-item4 {\r\n                        background: url(https:\/\/www.eldiario.net\/portal\/wp-content\/uploads\/2025\/08\/4-8-80x60.webp) 0 0 no-repeat;\r\n                    }\r\n                <\/style>\r\n\r\n                <div id=\"tdi_1\" class=\"td-gallery td-slide-on-2-columns\">\r\n                    <div class=\"post_td_gallery\">\r\n                        <div class=\"td-gallery-slide-top\">\r\n                           <div class=\"td-gallery-title\"><\/div>\r\n\r\n                            <div class=\"td-gallery-controls-wrapper\">\r\n                                <div class=\"td-gallery-slide-count\"><span class=\"td-gallery-slide-item-focus\">1<\/span> de 4<\/div>\r\n                                <div class=\"td-gallery-slide-prev-next-but\">\r\n                                    <i class = \"td-icon-left doubleSliderPrevButton\"><\/i>\r\n                                    <i class = \"td-icon-right doubleSliderNextButton\"><\/i>\r\n                                <\/div>\r\n                            <\/div>\r\n                        <\/div>\r\n\r\n                        <div class = \"td-doubleSlider-1 \">\r\n                            <div class = \"td-slider\">\r\n                                \r\n                    <div class = \"td-slide-item td-item1\">\r\n                        <figure class=\"td-slide-galery-figure td-slide-popup-gallery\">\r\n                            <a class=\"slide-gallery-image-link\" href=\"https:\/\/www.eldiario.net\/portal\/wp-content\/uploads\/2025\/08\/1-PRINCIPAL-8.webp\" title=\"1-PRINCIPAL\"  data-caption=\"\"  data-description=\"\">\r\n                                <img decoding=\"async\" src=\"https:\/\/www.eldiario.net\/portal\/wp-content\/uploads\/2025\/08\/1-PRINCIPAL-8-630x420.webp\" srcset=\"https:\/\/www.eldiario.net\/portal\/wp-content\/uploads\/2025\/08\/1-PRINCIPAL-8-630x420.webp 630w, https:\/\/www.eldiario.net\/portal\/wp-content\/uploads\/2025\/08\/1-PRINCIPAL-8-300x200.webp 300w, https:\/\/www.eldiario.net\/portal\/wp-content\/uploads\/2025\/08\/1-PRINCIPAL-8-1024x683.webp 1024w, https:\/\/www.eldiario.net\/portal\/wp-content\/uploads\/2025\/08\/1-PRINCIPAL-8-768x512.webp 768w, https:\/\/www.eldiario.net\/portal\/wp-content\/uploads\/2025\/08\/1-PRINCIPAL-8-150x100.webp 150w, https:\/\/www.eldiario.net\/portal\/wp-content\/uploads\/2025\/08\/1-PRINCIPAL-8-696x464.webp 696w, https:\/\/www.eldiario.net\/portal\/wp-content\/uploads\/2025\/08\/1-PRINCIPAL-8-1068x712.webp 1068w, https:\/\/www.eldiario.net\/portal\/wp-content\/uploads\/2025\/08\/1-PRINCIPAL-8.webp 1200w\" sizes=\"(max-width: 630px) 100vw, 630px\" alt=\"\">\r\n                            <\/a>\r\n                            \r\n                        <\/figure>\r\n                    <\/div>\r\n                    <div class = \"td-slide-item td-item2\">\r\n                        <figure class=\"td-slide-galery-figure td-slide-popup-gallery\">\r\n                            <a class=\"slide-gallery-image-link\" href=\"https:\/\/www.eldiario.net\/portal\/wp-content\/uploads\/2025\/08\/2-6.webp\" title=\"2\"  data-caption=\"\"  data-description=\"\">\r\n                                <img decoding=\"async\" src=\"https:\/\/www.eldiario.net\/portal\/wp-content\/uploads\/2025\/08\/2-6-560x420.webp\" srcset=\"https:\/\/www.eldiario.net\/portal\/wp-content\/uploads\/2025\/08\/2-6-560x420.webp 560w, https:\/\/www.eldiario.net\/portal\/wp-content\/uploads\/2025\/08\/2-6-300x225.webp 300w, https:\/\/www.eldiario.net\/portal\/wp-content\/uploads\/2025\/08\/2-6-1024x768.webp 1024w, https:\/\/www.eldiario.net\/portal\/wp-content\/uploads\/2025\/08\/2-6-768x576.webp 768w, https:\/\/www.eldiario.net\/portal\/wp-content\/uploads\/2025\/08\/2-6-80x60.webp 80w, https:\/\/www.eldiario.net\/portal\/wp-content\/uploads\/2025\/08\/2-6-150x113.webp 150w, https:\/\/www.eldiario.net\/portal\/wp-content\/uploads\/2025\/08\/2-6-696x522.webp 696w, https:\/\/www.eldiario.net\/portal\/wp-content\/uploads\/2025\/08\/2-6-1068x801.webp 1068w, https:\/\/www.eldiario.net\/portal\/wp-content\/uploads\/2025\/08\/2-6.webp 1200w\" sizes=\"(max-width: 560px) 100vw, 560px\" alt=\"\">\r\n                            <\/a>\r\n                            \r\n                        <\/figure>\r\n                    <\/div>\r\n                    <div class = \"td-slide-item td-item3\">\r\n                        <figure class=\"td-slide-galery-figure td-slide-popup-gallery\">\r\n                            <a class=\"slide-gallery-image-link\" href=\"https:\/\/www.eldiario.net\/portal\/wp-content\/uploads\/2025\/08\/3-8.webp\" title=\"3\"  data-caption=\"\"  data-description=\"\">\r\n                                <img decoding=\"async\" src=\"https:\/\/www.eldiario.net\/portal\/wp-content\/uploads\/2025\/08\/3-8-280x420.webp\" srcset=\"https:\/\/www.eldiario.net\/portal\/wp-content\/uploads\/2025\/08\/3-8-280x420.webp 280w, https:\/\/www.eldiario.net\/portal\/wp-content\/uploads\/2025\/08\/3-8-200x300.webp 200w, https:\/\/www.eldiario.net\/portal\/wp-content\/uploads\/2025\/08\/3-8-683x1024.webp 683w, https:\/\/www.eldiario.net\/portal\/wp-content\/uploads\/2025\/08\/3-8-768x1152.webp 768w, https:\/\/www.eldiario.net\/portal\/wp-content\/uploads\/2025\/08\/3-8-1024x1536.webp 1024w, https:\/\/www.eldiario.net\/portal\/wp-content\/uploads\/2025\/08\/3-8-150x225.webp 150w, https:\/\/www.eldiario.net\/portal\/wp-content\/uploads\/2025\/08\/3-8-300x450.webp 300w, https:\/\/www.eldiario.net\/portal\/wp-content\/uploads\/2025\/08\/3-8-696x1044.webp 696w, https:\/\/www.eldiario.net\/portal\/wp-content\/uploads\/2025\/08\/3-8-1068x1602.webp 1068w, https:\/\/www.eldiario.net\/portal\/wp-content\/uploads\/2025\/08\/3-8.webp 1200w\" sizes=\"(max-width: 280px) 100vw, 280px\" alt=\"\">\r\n                            <\/a>\r\n                            \r\n                        <\/figure>\r\n                    <\/div>\r\n                    <div class = \"td-slide-item td-item4\">\r\n                        <figure class=\"td-slide-galery-figure td-slide-popup-gallery\">\r\n                            <a class=\"slide-gallery-image-link\" href=\"https:\/\/www.eldiario.net\/portal\/wp-content\/uploads\/2025\/08\/4-8.webp\" title=\"4\"  data-caption=\"\"  data-description=\"\">\r\n                                <img decoding=\"async\" src=\"https:\/\/www.eldiario.net\/portal\/wp-content\/uploads\/2025\/08\/4-8-280x420.webp\" srcset=\"https:\/\/www.eldiario.net\/portal\/wp-content\/uploads\/2025\/08\/4-8-280x420.webp 280w, https:\/\/www.eldiario.net\/portal\/wp-content\/uploads\/2025\/08\/4-8-200x300.webp 200w, https:\/\/www.eldiario.net\/portal\/wp-content\/uploads\/2025\/08\/4-8-683x1024.webp 683w, https:\/\/www.eldiario.net\/portal\/wp-content\/uploads\/2025\/08\/4-8-768x1152.webp 768w, https:\/\/www.eldiario.net\/portal\/wp-content\/uploads\/2025\/08\/4-8-1024x1536.webp 1024w, https:\/\/www.eldiario.net\/portal\/wp-content\/uploads\/2025\/08\/4-8-150x225.webp 150w, https:\/\/www.eldiario.net\/portal\/wp-content\/uploads\/2025\/08\/4-8-300x450.webp 300w, https:\/\/www.eldiario.net\/portal\/wp-content\/uploads\/2025\/08\/4-8-696x1044.webp 696w, https:\/\/www.eldiario.net\/portal\/wp-content\/uploads\/2025\/08\/4-8-1068x1602.webp 1068w, https:\/\/www.eldiario.net\/portal\/wp-content\/uploads\/2025\/08\/4-8.webp 1200w\" sizes=\"(max-width: 280px) 100vw, 280px\" alt=\"\">\r\n                            <\/a>\r\n                            \r\n                        <\/figure>\r\n                    <\/div>\r\n                            <\/div>\r\n                        <\/div>\r\n\r\n                        <div class = \"td-doubleSlider-2\">\r\n                            <div class = \"td-slider\">\r\n                                \r\n                    <div class = \"td-button td-item1\">\r\n                        <div class = \"td-border\"><\/div>\r\n                    <\/div>\r\n                    <div class = \"td-button td-item2\">\r\n                        <div class = \"td-border\"><\/div>\r\n                    <\/div>\r\n                    <div class = \"td-button td-item3\">\r\n                        <div class = \"td-border\"><\/div>\r\n                    <\/div>\r\n                    <div class = \"td-button td-item4\">\r\n                        <div class = \"td-border\"><\/div>\r\n                    <\/div>\r\n                            <\/div>\r\n                        <\/div>\r\n\r\n                    <\/div>\r\n\r\n                <\/div>\r\n                \n","protected":false},"excerpt":{"rendered":"<p>PK DOS celebrar\u00e1 sus 30 a\u00f1os de vida art\u00edstica en una prometedora noche m\u00e1gica, llena de historia, recuerdos y energ\u00eda, en la que har\u00e1 un repaso de sus grandes \u00e9xitos. La fiesta ser\u00e1 el viernes 29 de agosto, a partir de las 20:00 horas, en el Teatro Al Aire Libre \u201cJaime Laredo\u201d, con invitados de [&hellip;]<\/p>\n","protected":false},"author":1,"featured_media":326069,"comment_status":"closed","ping_status":"open","sticky":false,"template":"","format":"standard","meta":{"_acf_changed":false,"footnotes":""},"categories":[41],"tags":[],"class_list":["post-326068","post","type-post","status-publish","format-standard","has-post-thumbnail","category-la-guia"],"acf":{"antetitulo":""},"yoast_head":"<!-- This site is optimized with the Yoast SEO plugin v28.4 - https:\/\/yoast.com\/product\/yoast-seo-wordpress\/ -->\n<title>PK DOS celebrar\u00e1 sus 30 a\u00f1os en una noche m\u00e1gica - El Diario - Bolivia<\/title>\n<meta name=\"robots\" content=\"index, follow, max-snippet:-1, max-image-preview:large, max-video-preview:-1\" \/>\n<link rel=\"canonical\" href=\"https:\/\/www.eldiario.net\/portal\/2025\/08\/23\/pk-dos-celebrara-sus-30-anos-en-una-noche-magica\/\" \/>\n<meta property=\"og:locale\" content=\"es_ES\" \/>\n<meta property=\"og:type\" content=\"article\" \/>\n<meta property=\"og:title\" content=\"PK DOS celebrar\u00e1 sus 30 a\u00f1os en una noche m\u00e1gica - El Diario - Bolivia\" \/>\n<meta property=\"og:description\" content=\"PK DOS celebrar\u00e1 sus 30 a\u00f1os de vida art\u00edstica en una prometedora noche m\u00e1gica, llena de historia, recuerdos y energ\u00eda, en la que har\u00e1 un repaso de sus grandes \u00e9xitos. La fiesta ser\u00e1 el viernes 29 de agosto, a partir de las 20:00 horas, en el Teatro Al Aire Libre \u201cJaime Laredo\u201d, con invitados de [&hellip;]\" \/>\n<meta property=\"og:url\" content=\"https:\/\/www.eldiario.net\/portal\/2025\/08\/23\/pk-dos-celebrara-sus-30-anos-en-una-noche-magica\/\" \/>\n<meta property=\"og:site_name\" content=\"El Diario - Bolivia\" \/>\n<meta property=\"article:publisher\" content=\"https:\/\/www.facebook.com\/eldiario.bolivia\/\" \/>\n<meta property=\"article:published_time\" content=\"2025-08-23T11:32:39+00:00\" \/>\n<meta property=\"og:image\" content=\"https:\/\/www.eldiario.net\/portal\/wp-content\/uploads\/2025\/08\/1-PRINCIPAL-8.webp\" \/>\n\t<meta property=\"og:image:width\" content=\"1200\" \/>\n\t<meta property=\"og:image:height\" content=\"800\" \/>\n\t<meta property=\"og:image:type\" content=\"image\/webp\" \/>\n<meta name=\"author\" content=\"Jeanette\" \/>\n<meta name=\"twitter:card\" content=\"summary_large_image\" \/>\n<meta name=\"twitter:creator\" content=\"@eldiario_net\" \/>\n<meta name=\"twitter:site\" content=\"@eldiario_net\" \/>\n<meta name=\"twitter:label1\" content=\"Escrito por\" \/>\n\t<meta name=\"twitter:data1\" content=\"Jeanette\" \/>\n\t<meta name=\"twitter:label2\" content=\"Tiempo de lectura\" \/>\n\t<meta name=\"twitter:data2\" content=\"6 minutos\" \/>\n<script type=\"application\/ld+json\" class=\"yoast-schema-graph\">{\"@context\":\"https:\\\/\\\/schema.org\",\"@graph\":[{\"@type\":\"Article\",\"@id\":\"https:\\\/\\\/www.eldiario.net\\\/portal\\\/2025\\\/08\\\/23\\\/pk-dos-celebrara-sus-30-anos-en-una-noche-magica\\\/#article\",\"isPartOf\":{\"@id\":\"https:\\\/\\\/www.eldiario.net\\\/portal\\\/2025\\\/08\\\/23\\\/pk-dos-celebrara-sus-30-anos-en-una-noche-magica\\\/\"},\"author\":{\"name\":\"Jeanette\",\"@id\":\"https:\\\/\\\/www.eldiario.net\\\/portal\\\/#\\\/schema\\\/person\\\/2c57cf2b7a7ae032e449e4c9b1019eac\"},\"headline\":\"PK DOS celebrar\u00e1 sus 30 a\u00f1os en una noche m\u00e1gica\",\"datePublished\":\"2025-08-23T11:32:39+00:00\",\"mainEntityOfPage\":{\"@id\":\"https:\\\/\\\/www.eldiario.net\\\/portal\\\/2025\\\/08\\\/23\\\/pk-dos-celebrara-sus-30-anos-en-una-noche-magica\\\/\"},\"wordCount\":1269,\"publisher\":{\"@id\":\"https:\\\/\\\/www.eldiario.net\\\/portal\\\/#organization\"},\"image\":{\"@id\":\"https:\\\/\\\/www.eldiario.net\\\/portal\\\/2025\\\/08\\\/23\\\/pk-dos-celebrara-sus-30-anos-en-una-noche-magica\\\/#primaryimage\"},\"thumbnailUrl\":\"https:\\\/\\\/www.eldiario.net\\\/portal\\\/wp-content\\\/uploads\\\/2025\\\/08\\\/1-PRINCIPAL-8.webp\",\"articleSection\":[\"La Gu\u00eda\"],\"inLanguage\":\"es\"},{\"@type\":\"WebPage\",\"@id\":\"https:\\\/\\\/www.eldiario.net\\\/portal\\\/2025\\\/08\\\/23\\\/pk-dos-celebrara-sus-30-anos-en-una-noche-magica\\\/\",\"url\":\"https:\\\/\\\/www.eldiario.net\\\/portal\\\/2025\\\/08\\\/23\\\/pk-dos-celebrara-sus-30-anos-en-una-noche-magica\\\/\",\"name\":\"PK DOS celebrar\u00e1 sus 30 a\u00f1os en una noche m\u00e1gica - El Diario - Bolivia\",\"isPartOf\":{\"@id\":\"https:\\\/\\\/www.eldiario.net\\\/portal\\\/#website\"},\"primaryImageOfPage\":{\"@id\":\"https:\\\/\\\/www.eldiario.net\\\/portal\\\/2025\\\/08\\\/23\\\/pk-dos-celebrara-sus-30-anos-en-una-noche-magica\\\/#primaryimage\"},\"image\":{\"@id\":\"https:\\\/\\\/www.eldiario.net\\\/portal\\\/2025\\\/08\\\/23\\\/pk-dos-celebrara-sus-30-anos-en-una-noche-magica\\\/#primaryimage\"},\"thumbnailUrl\":\"https:\\\/\\\/www.eldiario.net\\\/portal\\\/wp-content\\\/uploads\\\/2025\\\/08\\\/1-PRINCIPAL-8.webp\",\"datePublished\":\"2025-08-23T11:32:39+00:00\",\"breadcrumb\":{\"@id\":\"https:\\\/\\\/www.eldiario.net\\\/portal\\\/2025\\\/08\\\/23\\\/pk-dos-celebrara-sus-30-anos-en-una-noche-magica\\\/#breadcrumb\"},\"inLanguage\":\"es\",\"potentialAction\":[{\"@type\":\"ReadAction\",\"target\":[\"https:\\\/\\\/www.eldiario.net\\\/portal\\\/2025\\\/08\\\/23\\\/pk-dos-celebrara-sus-30-anos-en-una-noche-magica\\\/\"]}]},{\"@type\":\"ImageObject\",\"inLanguage\":\"es\",\"@id\":\"https:\\\/\\\/www.eldiario.net\\\/portal\\\/2025\\\/08\\\/23\\\/pk-dos-celebrara-sus-30-anos-en-una-noche-magica\\\/#primaryimage\",\"url\":\"https:\\\/\\\/www.eldiario.net\\\/portal\\\/wp-content\\\/uploads\\\/2025\\\/08\\\/1-PRINCIPAL-8.webp\",\"contentUrl\":\"https:\\\/\\\/www.eldiario.net\\\/portal\\\/wp-content\\\/uploads\\\/2025\\\/08\\\/1-PRINCIPAL-8.webp\",\"width\":1200,\"height\":800},{\"@type\":\"BreadcrumbList\",\"@id\":\"https:\\\/\\\/www.eldiario.net\\\/portal\\\/2025\\\/08\\\/23\\\/pk-dos-celebrara-sus-30-anos-en-una-noche-magica\\\/#breadcrumb\",\"itemListElement\":[{\"@type\":\"ListItem\",\"position\":1,\"name\":\"Portada\",\"item\":\"https:\\\/\\\/www.eldiario.net\\\/portal\\\/\"},{\"@type\":\"ListItem\",\"position\":2,\"name\":\"PK DOS celebrar\u00e1 sus 30 a\u00f1os en una noche m\u00e1gica\"}]},{\"@type\":\"WebSite\",\"@id\":\"https:\\\/\\\/www.eldiario.net\\\/portal\\\/#website\",\"url\":\"https:\\\/\\\/www.eldiario.net\\\/portal\\\/\",\"name\":\"El Diario - Decano de la prensa nacional\",\"description\":\"El Diario - Decano de la prensa nacional\",\"publisher\":{\"@id\":\"https:\\\/\\\/www.eldiario.net\\\/portal\\\/#organization\"},\"potentialAction\":[{\"@type\":\"SearchAction\",\"target\":{\"@type\":\"EntryPoint\",\"urlTemplate\":\"https:\\\/\\\/www.eldiario.net\\\/portal\\\/?s={search_term_string}\"},\"query-input\":{\"@type\":\"PropertyValueSpecification\",\"valueRequired\":true,\"valueName\":\"search_term_string\"}}],\"inLanguage\":\"es\"},{\"@type\":\"Organization\",\"@id\":\"https:\\\/\\\/www.eldiario.net\\\/portal\\\/#organization\",\"name\":\"El Diario - Decano de la prensa nacional\",\"url\":\"https:\\\/\\\/www.eldiario.net\\\/portal\\\/\",\"logo\":{\"@type\":\"ImageObject\",\"inLanguage\":\"es\",\"@id\":\"https:\\\/\\\/www.eldiario.net\\\/portal\\\/#\\\/schema\\\/logo\\\/image\\\/\",\"url\":\"https:\\\/\\\/www.eldiario.net\\\/portal\\\/wp-content\\\/uploads\\\/2023\\\/07\\\/logo_ED.jpg\",\"contentUrl\":\"https:\\\/\\\/www.eldiario.net\\\/portal\\\/wp-content\\\/uploads\\\/2023\\\/07\\\/logo_ED.jpg\",\"width\":272,\"height\":52,\"caption\":\"El Diario - Decano de la prensa nacional\"},\"image\":{\"@id\":\"https:\\\/\\\/www.eldiario.net\\\/portal\\\/#\\\/schema\\\/logo\\\/image\\\/\"},\"sameAs\":[\"https:\\\/\\\/www.facebook.com\\\/eldiario.bolivia\\\/\",\"https:\\\/\\\/x.com\\\/eldiario_net\"]},{\"@type\":\"Person\",\"@id\":\"https:\\\/\\\/www.eldiario.net\\\/portal\\\/#\\\/schema\\\/person\\\/2c57cf2b7a7ae032e449e4c9b1019eac\",\"name\":\"Jeanette\",\"image\":{\"@type\":\"ImageObject\",\"inLanguage\":\"es\",\"@id\":\"https:\\\/\\\/secure.gravatar.com\\\/avatar\\\/3ea2118a5f7dad2b7138b1187a6b7ee55f160b9968b66013c3a3ef39dd7e5798?s=96&d=mm&r=g\",\"url\":\"https:\\\/\\\/secure.gravatar.com\\\/avatar\\\/3ea2118a5f7dad2b7138b1187a6b7ee55f160b9968b66013c3a3ef39dd7e5798?s=96&d=mm&r=g\",\"contentUrl\":\"https:\\\/\\\/secure.gravatar.com\\\/avatar\\\/3ea2118a5f7dad2b7138b1187a6b7ee55f160b9968b66013c3a3ef39dd7e5798?s=96&d=mm&r=g\",\"caption\":\"Jeanette\"},\"sameAs\":[\"https:\\\/\\\/www.eldiario.net\\\/portal\"],\"url\":\"https:\\\/\\\/www.eldiario.net\\\/portal\\\/author\\\/jeanette\\\/\"}]}<\/script>\n<!-- \/ Yoast SEO plugin. -->","yoast_head_json":{"title":"PK DOS celebrar\u00e1 sus 30 a\u00f1os en una noche m\u00e1gica - El Diario - Bolivia","robots":{"index":"index","follow":"follow","max-snippet":"max-snippet:-1","max-image-preview":"max-image-preview:large","max-video-preview":"max-video-preview:-1"},"canonical":"https:\/\/www.eldiario.net\/portal\/2025\/08\/23\/pk-dos-celebrara-sus-30-anos-en-una-noche-magica\/","og_locale":"es_ES","og_type":"article","og_title":"PK DOS celebrar\u00e1 sus 30 a\u00f1os en una noche m\u00e1gica - El Diario - Bolivia","og_description":"PK DOS celebrar\u00e1 sus 30 a\u00f1os de vida art\u00edstica en una prometedora noche m\u00e1gica, llena de historia, recuerdos y energ\u00eda, en la que har\u00e1 un repaso de sus grandes \u00e9xitos. La fiesta ser\u00e1 el viernes 29 de agosto, a partir de las 20:00 horas, en el Teatro Al Aire Libre \u201cJaime Laredo\u201d, con invitados de [&hellip;]","og_url":"https:\/\/www.eldiario.net\/portal\/2025\/08\/23\/pk-dos-celebrara-sus-30-anos-en-una-noche-magica\/","og_site_name":"El Diario - Bolivia","article_publisher":"https:\/\/www.facebook.com\/eldiario.bolivia\/","article_published_time":"2025-08-23T11:32:39+00:00","og_image":[{"width":1200,"height":800,"url":"https:\/\/www.eldiario.net\/portal\/wp-content\/uploads\/2025\/08\/1-PRINCIPAL-8.webp","type":"image\/webp"}],"author":"Jeanette","twitter_card":"summary_large_image","twitter_creator":"@eldiario_net","twitter_site":"@eldiario_net","twitter_misc":{"Escrito por":"Jeanette","Tiempo de lectura":"6 minutos"},"schema":{"@context":"https:\/\/schema.org","@graph":[{"@type":"Article","@id":"https:\/\/www.eldiario.net\/portal\/2025\/08\/23\/pk-dos-celebrara-sus-30-anos-en-una-noche-magica\/#article","isPartOf":{"@id":"https:\/\/www.eldiario.net\/portal\/2025\/08\/23\/pk-dos-celebrara-sus-30-anos-en-una-noche-magica\/"},"author":{"name":"Jeanette","@id":"https:\/\/www.eldiario.net\/portal\/#\/schema\/person\/2c57cf2b7a7ae032e449e4c9b1019eac"},"headline":"PK DOS celebrar\u00e1 sus 30 a\u00f1os en una noche m\u00e1gica","datePublished":"2025-08-23T11:32:39+00:00","mainEntityOfPage":{"@id":"https:\/\/www.eldiario.net\/portal\/2025\/08\/23\/pk-dos-celebrara-sus-30-anos-en-una-noche-magica\/"},"wordCount":1269,"publisher":{"@id":"https:\/\/www.eldiario.net\/portal\/#organization"},"image":{"@id":"https:\/\/www.eldiario.net\/portal\/2025\/08\/23\/pk-dos-celebrara-sus-30-anos-en-una-noche-magica\/#primaryimage"},"thumbnailUrl":"https:\/\/www.eldiario.net\/portal\/wp-content\/uploads\/2025\/08\/1-PRINCIPAL-8.webp","articleSection":["La Gu\u00eda"],"inLanguage":"es"},{"@type":"WebPage","@id":"https:\/\/www.eldiario.net\/portal\/2025\/08\/23\/pk-dos-celebrara-sus-30-anos-en-una-noche-magica\/","url":"https:\/\/www.eldiario.net\/portal\/2025\/08\/23\/pk-dos-celebrara-sus-30-anos-en-una-noche-magica\/","name":"PK DOS celebrar\u00e1 sus 30 a\u00f1os en una noche m\u00e1gica - El Diario - Bolivia","isPartOf":{"@id":"https:\/\/www.eldiario.net\/portal\/#website"},"primaryImageOfPage":{"@id":"https:\/\/www.eldiario.net\/portal\/2025\/08\/23\/pk-dos-celebrara-sus-30-anos-en-una-noche-magica\/#primaryimage"},"image":{"@id":"https:\/\/www.eldiario.net\/portal\/2025\/08\/23\/pk-dos-celebrara-sus-30-anos-en-una-noche-magica\/#primaryimage"},"thumbnailUrl":"https:\/\/www.eldiario.net\/portal\/wp-content\/uploads\/2025\/08\/1-PRINCIPAL-8.webp","datePublished":"2025-08-23T11:32:39+00:00","breadcrumb":{"@id":"https:\/\/www.eldiario.net\/portal\/2025\/08\/23\/pk-dos-celebrara-sus-30-anos-en-una-noche-magica\/#breadcrumb"},"inLanguage":"es","potentialAction":[{"@type":"ReadAction","target":["https:\/\/www.eldiario.net\/portal\/2025\/08\/23\/pk-dos-celebrara-sus-30-anos-en-una-noche-magica\/"]}]},{"@type":"ImageObject","inLanguage":"es","@id":"https:\/\/www.eldiario.net\/portal\/2025\/08\/23\/pk-dos-celebrara-sus-30-anos-en-una-noche-magica\/#primaryimage","url":"https:\/\/www.eldiario.net\/portal\/wp-content\/uploads\/2025\/08\/1-PRINCIPAL-8.webp","contentUrl":"https:\/\/www.eldiario.net\/portal\/wp-content\/uploads\/2025\/08\/1-PRINCIPAL-8.webp","width":1200,"height":800},{"@type":"BreadcrumbList","@id":"https:\/\/www.eldiario.net\/portal\/2025\/08\/23\/pk-dos-celebrara-sus-30-anos-en-una-noche-magica\/#breadcrumb","itemListElement":[{"@type":"ListItem","position":1,"name":"Portada","item":"https:\/\/www.eldiario.net\/portal\/"},{"@type":"ListItem","position":2,"name":"PK DOS celebrar\u00e1 sus 30 a\u00f1os en una noche m\u00e1gica"}]},{"@type":"WebSite","@id":"https:\/\/www.eldiario.net\/portal\/#website","url":"https:\/\/www.eldiario.net\/portal\/","name":"El Diario - Decano de la prensa nacional","description":"El Diario - Decano de la prensa nacional","publisher":{"@id":"https:\/\/www.eldiario.net\/portal\/#organization"},"potentialAction":[{"@type":"SearchAction","target":{"@type":"EntryPoint","urlTemplate":"https:\/\/www.eldiario.net\/portal\/?s={search_term_string}"},"query-input":{"@type":"PropertyValueSpecification","valueRequired":true,"valueName":"search_term_string"}}],"inLanguage":"es"},{"@type":"Organization","@id":"https:\/\/www.eldiario.net\/portal\/#organization","name":"El Diario - Decano de la prensa nacional","url":"https:\/\/www.eldiario.net\/portal\/","logo":{"@type":"ImageObject","inLanguage":"es","@id":"https:\/\/www.eldiario.net\/portal\/#\/schema\/logo\/image\/","url":"https:\/\/www.eldiario.net\/portal\/wp-content\/uploads\/2023\/07\/logo_ED.jpg","contentUrl":"https:\/\/www.eldiario.net\/portal\/wp-content\/uploads\/2023\/07\/logo_ED.jpg","width":272,"height":52,"caption":"El Diario - Decano de la prensa nacional"},"image":{"@id":"https:\/\/www.eldiario.net\/portal\/#\/schema\/logo\/image\/"},"sameAs":["https:\/\/www.facebook.com\/eldiario.bolivia\/","https:\/\/x.com\/eldiario_net"]},{"@type":"Person","@id":"https:\/\/www.eldiario.net\/portal\/#\/schema\/person\/2c57cf2b7a7ae032e449e4c9b1019eac","name":"Jeanette","image":{"@type":"ImageObject","inLanguage":"es","@id":"https:\/\/secure.gravatar.com\/avatar\/3ea2118a5f7dad2b7138b1187a6b7ee55f160b9968b66013c3a3ef39dd7e5798?s=96&d=mm&r=g","url":"https:\/\/secure.gravatar.com\/avatar\/3ea2118a5f7dad2b7138b1187a6b7ee55f160b9968b66013c3a3ef39dd7e5798?s=96&d=mm&r=g","contentUrl":"https:\/\/secure.gravatar.com\/avatar\/3ea2118a5f7dad2b7138b1187a6b7ee55f160b9968b66013c3a3ef39dd7e5798?s=96&d=mm&r=g","caption":"Jeanette"},"sameAs":["https:\/\/www.eldiario.net\/portal"],"url":"https:\/\/www.eldiario.net\/portal\/author\/jeanette\/"}]}},"_links":{"self":[{"href":"https:\/\/www.eldiario.net\/portal\/wp-json\/wp\/v2\/posts\/326068","targetHints":{"allow":["GET"]}}],"collection":[{"href":"https:\/\/www.eldiario.net\/portal\/wp-json\/wp\/v2\/posts"}],"about":[{"href":"https:\/\/www.eldiario.net\/portal\/wp-json\/wp\/v2\/types\/post"}],"author":[{"embeddable":true,"href":"https:\/\/www.eldiario.net\/portal\/wp-json\/wp\/v2\/users\/1"}],"replies":[{"embeddable":true,"href":"https:\/\/www.eldiario.net\/portal\/wp-json\/wp\/v2\/comments?post=326068"}],"version-history":[{"count":1,"href":"https:\/\/www.eldiario.net\/portal\/wp-json\/wp\/v2\/posts\/326068\/revisions"}],"predecessor-version":[{"id":326073,"href":"https:\/\/www.eldiario.net\/portal\/wp-json\/wp\/v2\/posts\/326068\/revisions\/326073"}],"wp:featuredmedia":[{"embeddable":true,"href":"https:\/\/www.eldiario.net\/portal\/wp-json\/wp\/v2\/media\/326069"}],"wp:attachment":[{"href":"https:\/\/www.eldiario.net\/portal\/wp-json\/wp\/v2\/media?parent=326068"}],"wp:term":[{"taxonomy":"category","embeddable":true,"href":"https:\/\/www.eldiario.net\/portal\/wp-json\/wp\/v2\/categories?post=326068"},{"taxonomy":"post_tag","embeddable":true,"href":"https:\/\/www.eldiario.net\/portal\/wp-json\/wp\/v2\/tags?post=326068"}],"curies":[{"name":"wp","href":"https:\/\/api.w.org\/{rel}","templated":true}]}}