{"id":326065,"date":"2025-08-23T07:29:49","date_gmt":"2025-08-23T11:29:49","guid":{"rendered":"https:\/\/www.eldiario.net\/portal\/?p=326065"},"modified":"2025-08-23T07:29:49","modified_gmt":"2025-08-23T11:29:49","slug":"always-ready-vuelve-a-la-punta-2","status":"publish","type":"post","link":"https:\/\/www.eldiario.net\/portal\/2025\/08\/23\/always-ready-vuelve-a-la-punta-2\/","title":{"rendered":"Always Ready vuelve a la punta"},"content":{"rendered":"<p>Always Ready recuper\u00f3 su sitio en la punta del Campeonato de la Divisi\u00f3n Profesional, con un marcador de 2-0, resultado que qued\u00f3 servido en el estadio Municipal de El Alto en el segundo tiempo, cuando Oriente Petrolero tuvo que jugar con un hombre menos y qued\u00f3 desgastado f\u00edsicamente para buscar cambiar la cifra.<br \/>\nLos millonarios cumplieron con su trabajo, ganando en El Alto e igualando con The Strongest en el primer sitio, con 40 puntos, esperando que el cuadro de Achumani tropiece este s\u00e1bado (11:00) frente a Gualberto Villarroel San Jos\u00e9, en el estadio Hernando Siles.<br \/>\nLa banda roja tuvo el partido controlado, pero necesitaba el gol para marchar suelto de cuerpo, reci\u00e9n a los 45 minutos fue anotado el 1-0, con un cabezazo de H\u00e9ctor Bobadilla, ante un centro en el cual los zagueros orientistas descuidaron la marcaci\u00f3n.<br \/>\nTres minutos despu\u00e9s, Rashid Nacif fue expulsado, dejando a los verdolagas en inferioridad num\u00e9rica y esta diferencia en el campo se sinti\u00f3 en el complemento. Luego de aguantar la presi\u00f3n, Oriente Petrolero ingres\u00f3 a la segunda mitad con el \u00e1nimo por el suelo y con las fuerzas agotadas, pese a que el entrenador Guillermo Pe\u00f1a trabaj\u00f3 esta semana en el fortalecimiento f\u00edsico.<br \/>\nPe\u00f1a confi\u00f3 en que Maximiliano Caire, Henry Vaca, Ricardo Centuri\u00f3n y Daniel Rojas equilibrar\u00edan la balanza con su experiencia, pero sucedi\u00f3 todo lo contrario, porque los cuatro demostraron estar fuera de condici\u00f3n f\u00edsica y hubo momentos en los cuales se perdieron en el terreno, restando vigor a Oriente Petrolero. El \u00fanico intento de los visitantes por descontar vino con remates de Centuri\u00f3n y Rodrigo Amaral que encontraron respuesta de parte del arquero Ala\u00edn Baroja.<br \/>\nEn el lado de los millonarios hubo aproximaci\u00f3n a la segunda conquista; sin embargo, Enrique Triverio est\u00e1 pasando una mala racha, desperdiciando jugadas de peligro y colocando en riesgo la estabilidad futbol\u00edstica del equipo.<br \/>\nEl 2-0 fue anotado reci\u00e9n a los 82 minutos con definici\u00f3n de H\u00e9ctor Cuellar, quien recibi\u00f3 la pelota dentro del \u00e1rea, se quit\u00f3 la marcaci\u00f3n de Caire y con la cara interna del bot\u00edn venci\u00f3 al arquero Jorge Ara\u00faz.<br \/>\nEste fue el peor inicio para Pe\u00f1a como entrenador de los albiverdes, que tuvieron una semana de transici\u00f3n de la cual parece salieron agotados y sin una idea de juego visible para revertir los anteriores resultados.<\/p>\n<p><em>ERWIN QUISPE PERCA<\/em><\/p>\n","protected":false},"excerpt":{"rendered":"<p>Always Ready recuper\u00f3 su sitio en la punta del Campeonato de la Divisi\u00f3n Profesional, con un marcador de 2-0, resultado que qued\u00f3 servido en el estadio Municipal de El Alto en el segundo tiempo, cuando Oriente Petrolero tuvo que jugar con un hombre menos y qued\u00f3 desgastado f\u00edsicamente para buscar cambiar la cifra. Los millonarios [&hellip;]<\/p>\n","protected":false},"author":1,"featured_media":326066,"comment_status":"closed","ping_status":"open","sticky":false,"template":"","format":"standard","meta":{"_acf_changed":false,"footnotes":""},"categories":[6],"tags":[],"class_list":["post-326065","post","type-post","status-publish","format-standard","has-post-thumbnail","category-deportes"],"acf":{"antetitulo":""},"yoast_head":"<!-- This site is optimized with the Yoast SEO plugin v28.4 - https:\/\/yoast.com\/product\/yoast-seo-wordpress\/ -->\n<title>Always Ready vuelve a la punta - El Diario - Bolivia<\/title>\n<meta name=\"robots\" content=\"index, follow, max-snippet:-1, max-image-preview:large, max-video-preview:-1\" \/>\n<link rel=\"canonical\" href=\"https:\/\/www.eldiario.net\/portal\/2025\/08\/23\/always-ready-vuelve-a-la-punta-2\/\" \/>\n<meta property=\"og:locale\" content=\"es_ES\" \/>\n<meta property=\"og:type\" content=\"article\" \/>\n<meta property=\"og:title\" content=\"Always Ready vuelve a la punta - El Diario - Bolivia\" \/>\n<meta property=\"og:description\" content=\"Always Ready recuper\u00f3 su sitio en la punta del Campeonato de la Divisi\u00f3n Profesional, con un marcador de 2-0, resultado que qued\u00f3 servido en el estadio Municipal de El Alto en el segundo tiempo, cuando Oriente Petrolero tuvo que jugar con un hombre menos y qued\u00f3 desgastado f\u00edsicamente para buscar cambiar la cifra. Los millonarios [&hellip;]\" \/>\n<meta property=\"og:url\" content=\"https:\/\/www.eldiario.net\/portal\/2025\/08\/23\/always-ready-vuelve-a-la-punta-2\/\" \/>\n<meta property=\"og:site_name\" content=\"El Diario - Bolivia\" \/>\n<meta property=\"article:publisher\" content=\"https:\/\/www.facebook.com\/eldiario.bolivia\/\" \/>\n<meta property=\"article:published_time\" content=\"2025-08-23T11:29:49+00:00\" \/>\n<meta property=\"og:image\" content=\"https:\/\/www.eldiario.net\/portal\/wp-content\/uploads\/2025\/08\/principal-9.webp\" \/>\n\t<meta property=\"og:image:width\" content=\"1200\" \/>\n\t<meta property=\"og:image:height\" content=\"800\" \/>\n\t<meta property=\"og:image:type\" content=\"image\/webp\" \/>\n<meta name=\"author\" content=\"Jeanette\" \/>\n<meta name=\"twitter:card\" content=\"summary_large_image\" \/>\n<meta name=\"twitter:creator\" content=\"@eldiario_net\" \/>\n<meta name=\"twitter:site\" content=\"@eldiario_net\" \/>\n<meta name=\"twitter:label1\" content=\"Escrito por\" \/>\n\t<meta name=\"twitter:data1\" content=\"Jeanette\" \/>\n\t<meta name=\"twitter:label2\" content=\"Tiempo de lectura\" \/>\n\t<meta name=\"twitter:data2\" content=\"2 minutos\" \/>\n<script type=\"application\/ld+json\" class=\"yoast-schema-graph\">{\"@context\":\"https:\\\/\\\/schema.org\",\"@graph\":[{\"@type\":\"Article\",\"@id\":\"https:\\\/\\\/www.eldiario.net\\\/portal\\\/2025\\\/08\\\/23\\\/always-ready-vuelve-a-la-punta-2\\\/#article\",\"isPartOf\":{\"@id\":\"https:\\\/\\\/www.eldiario.net\\\/portal\\\/2025\\\/08\\\/23\\\/always-ready-vuelve-a-la-punta-2\\\/\"},\"author\":{\"name\":\"Jeanette\",\"@id\":\"https:\\\/\\\/www.eldiario.net\\\/portal\\\/#\\\/schema\\\/person\\\/2c57cf2b7a7ae032e449e4c9b1019eac\"},\"headline\":\"Always Ready vuelve a la punta\",\"datePublished\":\"2025-08-23T11:29:49+00:00\",\"mainEntityOfPage\":{\"@id\":\"https:\\\/\\\/www.eldiario.net\\\/portal\\\/2025\\\/08\\\/23\\\/always-ready-vuelve-a-la-punta-2\\\/\"},\"wordCount\":417,\"publisher\":{\"@id\":\"https:\\\/\\\/www.eldiario.net\\\/portal\\\/#organization\"},\"image\":{\"@id\":\"https:\\\/\\\/www.eldiario.net\\\/portal\\\/2025\\\/08\\\/23\\\/always-ready-vuelve-a-la-punta-2\\\/#primaryimage\"},\"thumbnailUrl\":\"https:\\\/\\\/www.eldiario.net\\\/portal\\\/wp-content\\\/uploads\\\/2025\\\/08\\\/principal-9.webp\",\"articleSection\":[\"Deportes\"],\"inLanguage\":\"es\"},{\"@type\":\"WebPage\",\"@id\":\"https:\\\/\\\/www.eldiario.net\\\/portal\\\/2025\\\/08\\\/23\\\/always-ready-vuelve-a-la-punta-2\\\/\",\"url\":\"https:\\\/\\\/www.eldiario.net\\\/portal\\\/2025\\\/08\\\/23\\\/always-ready-vuelve-a-la-punta-2\\\/\",\"name\":\"Always Ready vuelve a la punta - El Diario - Bolivia\",\"isPartOf\":{\"@id\":\"https:\\\/\\\/www.eldiario.net\\\/portal\\\/#website\"},\"primaryImageOfPage\":{\"@id\":\"https:\\\/\\\/www.eldiario.net\\\/portal\\\/2025\\\/08\\\/23\\\/always-ready-vuelve-a-la-punta-2\\\/#primaryimage\"},\"image\":{\"@id\":\"https:\\\/\\\/www.eldiario.net\\\/portal\\\/2025\\\/08\\\/23\\\/always-ready-vuelve-a-la-punta-2\\\/#primaryimage\"},\"thumbnailUrl\":\"https:\\\/\\\/www.eldiario.net\\\/portal\\\/wp-content\\\/uploads\\\/2025\\\/08\\\/principal-9.webp\",\"datePublished\":\"2025-08-23T11:29:49+00:00\",\"breadcrumb\":{\"@id\":\"https:\\\/\\\/www.eldiario.net\\\/portal\\\/2025\\\/08\\\/23\\\/always-ready-vuelve-a-la-punta-2\\\/#breadcrumb\"},\"inLanguage\":\"es\",\"potentialAction\":[{\"@type\":\"ReadAction\",\"target\":[\"https:\\\/\\\/www.eldiario.net\\\/portal\\\/2025\\\/08\\\/23\\\/always-ready-vuelve-a-la-punta-2\\\/\"]}]},{\"@type\":\"ImageObject\",\"inLanguage\":\"es\",\"@id\":\"https:\\\/\\\/www.eldiario.net\\\/portal\\\/2025\\\/08\\\/23\\\/always-ready-vuelve-a-la-punta-2\\\/#primaryimage\",\"url\":\"https:\\\/\\\/www.eldiario.net\\\/portal\\\/wp-content\\\/uploads\\\/2025\\\/08\\\/principal-9.webp\",\"contentUrl\":\"https:\\\/\\\/www.eldiario.net\\\/portal\\\/wp-content\\\/uploads\\\/2025\\\/08\\\/principal-9.webp\",\"width\":1200,\"height\":800},{\"@type\":\"BreadcrumbList\",\"@id\":\"https:\\\/\\\/www.eldiario.net\\\/portal\\\/2025\\\/08\\\/23\\\/always-ready-vuelve-a-la-punta-2\\\/#breadcrumb\",\"itemListElement\":[{\"@type\":\"ListItem\",\"position\":1,\"name\":\"Portada\",\"item\":\"https:\\\/\\\/www.eldiario.net\\\/portal\\\/\"},{\"@type\":\"ListItem\",\"position\":2,\"name\":\"Always Ready vuelve a la punta\"}]},{\"@type\":\"WebSite\",\"@id\":\"https:\\\/\\\/www.eldiario.net\\\/portal\\\/#website\",\"url\":\"https:\\\/\\\/www.eldiario.net\\\/portal\\\/\",\"name\":\"El Diario - Decano de la prensa nacional\",\"description\":\"El Diario - Decano de la prensa nacional\",\"publisher\":{\"@id\":\"https:\\\/\\\/www.eldiario.net\\\/portal\\\/#organization\"},\"potentialAction\":[{\"@type\":\"SearchAction\",\"target\":{\"@type\":\"EntryPoint\",\"urlTemplate\":\"https:\\\/\\\/www.eldiario.net\\\/portal\\\/?s={search_term_string}\"},\"query-input\":{\"@type\":\"PropertyValueSpecification\",\"valueRequired\":true,\"valueName\":\"search_term_string\"}}],\"inLanguage\":\"es\"},{\"@type\":\"Organization\",\"@id\":\"https:\\\/\\\/www.eldiario.net\\\/portal\\\/#organization\",\"name\":\"El Diario - Decano de la prensa nacional\",\"url\":\"https:\\\/\\\/www.eldiario.net\\\/portal\\\/\",\"logo\":{\"@type\":\"ImageObject\",\"inLanguage\":\"es\",\"@id\":\"https:\\\/\\\/www.eldiario.net\\\/portal\\\/#\\\/schema\\\/logo\\\/image\\\/\",\"url\":\"https:\\\/\\\/www.eldiario.net\\\/portal\\\/wp-content\\\/uploads\\\/2023\\\/07\\\/logo_ED.jpg\",\"contentUrl\":\"https:\\\/\\\/www.eldiario.net\\\/portal\\\/wp-content\\\/uploads\\\/2023\\\/07\\\/logo_ED.jpg\",\"width\":272,\"height\":52,\"caption\":\"El Diario - Decano de la prensa nacional\"},\"image\":{\"@id\":\"https:\\\/\\\/www.eldiario.net\\\/portal\\\/#\\\/schema\\\/logo\\\/image\\\/\"},\"sameAs\":[\"https:\\\/\\\/www.facebook.com\\\/eldiario.bolivia\\\/\",\"https:\\\/\\\/x.com\\\/eldiario_net\"]},{\"@type\":\"Person\",\"@id\":\"https:\\\/\\\/www.eldiario.net\\\/portal\\\/#\\\/schema\\\/person\\\/2c57cf2b7a7ae032e449e4c9b1019eac\",\"name\":\"Jeanette\",\"image\":{\"@type\":\"ImageObject\",\"inLanguage\":\"es\",\"@id\":\"https:\\\/\\\/secure.gravatar.com\\\/avatar\\\/3ea2118a5f7dad2b7138b1187a6b7ee55f160b9968b66013c3a3ef39dd7e5798?s=96&d=mm&r=g\",\"url\":\"https:\\\/\\\/secure.gravatar.com\\\/avatar\\\/3ea2118a5f7dad2b7138b1187a6b7ee55f160b9968b66013c3a3ef39dd7e5798?s=96&d=mm&r=g\",\"contentUrl\":\"https:\\\/\\\/secure.gravatar.com\\\/avatar\\\/3ea2118a5f7dad2b7138b1187a6b7ee55f160b9968b66013c3a3ef39dd7e5798?s=96&d=mm&r=g\",\"caption\":\"Jeanette\"},\"sameAs\":[\"https:\\\/\\\/www.eldiario.net\\\/portal\"],\"url\":\"https:\\\/\\\/www.eldiario.net\\\/portal\\\/author\\\/jeanette\\\/\"}]}<\/script>\n<!-- \/ Yoast SEO plugin. -->","yoast_head_json":{"title":"Always Ready vuelve a la punta - El Diario - Bolivia","robots":{"index":"index","follow":"follow","max-snippet":"max-snippet:-1","max-image-preview":"max-image-preview:large","max-video-preview":"max-video-preview:-1"},"canonical":"https:\/\/www.eldiario.net\/portal\/2025\/08\/23\/always-ready-vuelve-a-la-punta-2\/","og_locale":"es_ES","og_type":"article","og_title":"Always Ready vuelve a la punta - El Diario - Bolivia","og_description":"Always Ready recuper\u00f3 su sitio en la punta del Campeonato de la Divisi\u00f3n Profesional, con un marcador de 2-0, resultado que qued\u00f3 servido en el estadio Municipal de El Alto en el segundo tiempo, cuando Oriente Petrolero tuvo que jugar con un hombre menos y qued\u00f3 desgastado f\u00edsicamente para buscar cambiar la cifra. Los millonarios [&hellip;]","og_url":"https:\/\/www.eldiario.net\/portal\/2025\/08\/23\/always-ready-vuelve-a-la-punta-2\/","og_site_name":"El Diario - Bolivia","article_publisher":"https:\/\/www.facebook.com\/eldiario.bolivia\/","article_published_time":"2025-08-23T11:29:49+00:00","og_image":[{"width":1200,"height":800,"url":"https:\/\/www.eldiario.net\/portal\/wp-content\/uploads\/2025\/08\/principal-9.webp","type":"image\/webp"}],"author":"Jeanette","twitter_card":"summary_large_image","twitter_creator":"@eldiario_net","twitter_site":"@eldiario_net","twitter_misc":{"Escrito por":"Jeanette","Tiempo de lectura":"2 minutos"},"schema":{"@context":"https:\/\/schema.org","@graph":[{"@type":"Article","@id":"https:\/\/www.eldiario.net\/portal\/2025\/08\/23\/always-ready-vuelve-a-la-punta-2\/#article","isPartOf":{"@id":"https:\/\/www.eldiario.net\/portal\/2025\/08\/23\/always-ready-vuelve-a-la-punta-2\/"},"author":{"name":"Jeanette","@id":"https:\/\/www.eldiario.net\/portal\/#\/schema\/person\/2c57cf2b7a7ae032e449e4c9b1019eac"},"headline":"Always Ready vuelve a la punta","datePublished":"2025-08-23T11:29:49+00:00","mainEntityOfPage":{"@id":"https:\/\/www.eldiario.net\/portal\/2025\/08\/23\/always-ready-vuelve-a-la-punta-2\/"},"wordCount":417,"publisher":{"@id":"https:\/\/www.eldiario.net\/portal\/#organization"},"image":{"@id":"https:\/\/www.eldiario.net\/portal\/2025\/08\/23\/always-ready-vuelve-a-la-punta-2\/#primaryimage"},"thumbnailUrl":"https:\/\/www.eldiario.net\/portal\/wp-content\/uploads\/2025\/08\/principal-9.webp","articleSection":["Deportes"],"inLanguage":"es"},{"@type":"WebPage","@id":"https:\/\/www.eldiario.net\/portal\/2025\/08\/23\/always-ready-vuelve-a-la-punta-2\/","url":"https:\/\/www.eldiario.net\/portal\/2025\/08\/23\/always-ready-vuelve-a-la-punta-2\/","name":"Always Ready vuelve a la punta - El Diario - Bolivia","isPartOf":{"@id":"https:\/\/www.eldiario.net\/portal\/#website"},"primaryImageOfPage":{"@id":"https:\/\/www.eldiario.net\/portal\/2025\/08\/23\/always-ready-vuelve-a-la-punta-2\/#primaryimage"},"image":{"@id":"https:\/\/www.eldiario.net\/portal\/2025\/08\/23\/always-ready-vuelve-a-la-punta-2\/#primaryimage"},"thumbnailUrl":"https:\/\/www.eldiario.net\/portal\/wp-content\/uploads\/2025\/08\/principal-9.webp","datePublished":"2025-08-23T11:29:49+00:00","breadcrumb":{"@id":"https:\/\/www.eldiario.net\/portal\/2025\/08\/23\/always-ready-vuelve-a-la-punta-2\/#breadcrumb"},"inLanguage":"es","potentialAction":[{"@type":"ReadAction","target":["https:\/\/www.eldiario.net\/portal\/2025\/08\/23\/always-ready-vuelve-a-la-punta-2\/"]}]},{"@type":"ImageObject","inLanguage":"es","@id":"https:\/\/www.eldiario.net\/portal\/2025\/08\/23\/always-ready-vuelve-a-la-punta-2\/#primaryimage","url":"https:\/\/www.eldiario.net\/portal\/wp-content\/uploads\/2025\/08\/principal-9.webp","contentUrl":"https:\/\/www.eldiario.net\/portal\/wp-content\/uploads\/2025\/08\/principal-9.webp","width":1200,"height":800},{"@type":"BreadcrumbList","@id":"https:\/\/www.eldiario.net\/portal\/2025\/08\/23\/always-ready-vuelve-a-la-punta-2\/#breadcrumb","itemListElement":[{"@type":"ListItem","position":1,"name":"Portada","item":"https:\/\/www.eldiario.net\/portal\/"},{"@type":"ListItem","position":2,"name":"Always Ready vuelve a la punta"}]},{"@type":"WebSite","@id":"https:\/\/www.eldiario.net\/portal\/#website","url":"https:\/\/www.eldiario.net\/portal\/","name":"El Diario - Decano de la prensa nacional","description":"El Diario - Decano de la prensa nacional","publisher":{"@id":"https:\/\/www.eldiario.net\/portal\/#organization"},"potentialAction":[{"@type":"SearchAction","target":{"@type":"EntryPoint","urlTemplate":"https:\/\/www.eldiario.net\/portal\/?s={search_term_string}"},"query-input":{"@type":"PropertyValueSpecification","valueRequired":true,"valueName":"search_term_string"}}],"inLanguage":"es"},{"@type":"Organization","@id":"https:\/\/www.eldiario.net\/portal\/#organization","name":"El Diario - Decano de la prensa nacional","url":"https:\/\/www.eldiario.net\/portal\/","logo":{"@type":"ImageObject","inLanguage":"es","@id":"https:\/\/www.eldiario.net\/portal\/#\/schema\/logo\/image\/","url":"https:\/\/www.eldiario.net\/portal\/wp-content\/uploads\/2023\/07\/logo_ED.jpg","contentUrl":"https:\/\/www.eldiario.net\/portal\/wp-content\/uploads\/2023\/07\/logo_ED.jpg","width":272,"height":52,"caption":"El Diario - Decano de la prensa nacional"},"image":{"@id":"https:\/\/www.eldiario.net\/portal\/#\/schema\/logo\/image\/"},"sameAs":["https:\/\/www.facebook.com\/eldiario.bolivia\/","https:\/\/x.com\/eldiario_net"]},{"@type":"Person","@id":"https:\/\/www.eldiario.net\/portal\/#\/schema\/person\/2c57cf2b7a7ae032e449e4c9b1019eac","name":"Jeanette","image":{"@type":"ImageObject","inLanguage":"es","@id":"https:\/\/secure.gravatar.com\/avatar\/3ea2118a5f7dad2b7138b1187a6b7ee55f160b9968b66013c3a3ef39dd7e5798?s=96&d=mm&r=g","url":"https:\/\/secure.gravatar.com\/avatar\/3ea2118a5f7dad2b7138b1187a6b7ee55f160b9968b66013c3a3ef39dd7e5798?s=96&d=mm&r=g","contentUrl":"https:\/\/secure.gravatar.com\/avatar\/3ea2118a5f7dad2b7138b1187a6b7ee55f160b9968b66013c3a3ef39dd7e5798?s=96&d=mm&r=g","caption":"Jeanette"},"sameAs":["https:\/\/www.eldiario.net\/portal"],"url":"https:\/\/www.eldiario.net\/portal\/author\/jeanette\/"}]}},"_links":{"self":[{"href":"https:\/\/www.eldiario.net\/portal\/wp-json\/wp\/v2\/posts\/326065","targetHints":{"allow":["GET"]}}],"collection":[{"href":"https:\/\/www.eldiario.net\/portal\/wp-json\/wp\/v2\/posts"}],"about":[{"href":"https:\/\/www.eldiario.net\/portal\/wp-json\/wp\/v2\/types\/post"}],"author":[{"embeddable":true,"href":"https:\/\/www.eldiario.net\/portal\/wp-json\/wp\/v2\/users\/1"}],"replies":[{"embeddable":true,"href":"https:\/\/www.eldiario.net\/portal\/wp-json\/wp\/v2\/comments?post=326065"}],"version-history":[{"count":1,"href":"https:\/\/www.eldiario.net\/portal\/wp-json\/wp\/v2\/posts\/326065\/revisions"}],"predecessor-version":[{"id":326067,"href":"https:\/\/www.eldiario.net\/portal\/wp-json\/wp\/v2\/posts\/326065\/revisions\/326067"}],"wp:featuredmedia":[{"embeddable":true,"href":"https:\/\/www.eldiario.net\/portal\/wp-json\/wp\/v2\/media\/326066"}],"wp:attachment":[{"href":"https:\/\/www.eldiario.net\/portal\/wp-json\/wp\/v2\/media?parent=326065"}],"wp:term":[{"taxonomy":"category","embeddable":true,"href":"https:\/\/www.eldiario.net\/portal\/wp-json\/wp\/v2\/categories?post=326065"},{"taxonomy":"post_tag","embeddable":true,"href":"https:\/\/www.eldiario.net\/portal\/wp-json\/wp\/v2\/tags?post=326065"}],"curies":[{"name":"wp","href":"https:\/\/api.w.org\/{rel}","templated":true}]}}