{"id":325724,"date":"2025-08-22T05:49:07","date_gmt":"2025-08-22T09:49:07","guid":{"rendered":"https:\/\/www.eldiario.net\/portal\/?p=325724"},"modified":"2025-08-22T05:49:07","modified_gmt":"2025-08-22T09:49:07","slug":"defensa-de-bolsonaro-rechaza-intento-de-fuga","status":"publish","type":"post","link":"https:\/\/www.eldiario.net\/portal\/2025\/08\/22\/defensa-de-bolsonaro-rechaza-intento-de-fuga\/","title":{"rendered":"Defensa de Bolsonaro  rechaza intento de fuga"},"content":{"rendered":"<p class=\"v1MsoNormal\">La defensa del expresidente Jair Bolsonaro (Partido Liberal) neg\u00f3 que haya incumplido las medidas cautelares impuestas por el ministro Alexandre de Moraes, del Supremo Tribunal Federal (STF), como la sospecha de intento de fuga a Argentina o contacto con el general Braga Netto, imputado en la acci\u00f3n penal del intento de golpe de Estado.<\/p>\n<p class=\"v1MsoNormal\">En un comunicado, los abogados tambi\u00e9n manifestaron su \u00absorpresa\u00bb al recibir la acusaci\u00f3n contra el expresidente por coacci\u00f3n durante el juicio y abolici\u00f3n violenta del Estado de derecho democr\u00e1tico. Su hijo, el diputado federal Eduardo Bolsonaro (PL-SP), tambi\u00e9n fue imputado. Seg\u00fan la Polic\u00eda Federal, ambos presionaron al Supremo Tribunal Federal (STF) durante el juicio a Bolsonaro por intento de golpe de Estado, con el objetivo de liberarlo.<\/p>\n<p class=\"v1MsoNormal\">Los elementos resaltados en la decisi\u00f3n ser\u00e1n debidamente aclarados dentro del plazo que fije el Ministro informante, constatando, desde el principio, que nunca hubo incumplimiento de medida cautelar alguna previamente impuesta\u00bb, afirm\u00f3 la defensa del expresidente en un comunicado.<\/p>\n<p class=\"v1MsoNormal\">\u00abLa Polic\u00eda Federal incaut\u00f3 una solicitud de asilo pol\u00edtico del presidente argentino Javier Milei en el tel\u00e9fono celular de Bolsonaro. El documento est\u00e1 incluido en el acta de acusaci\u00f3n por coacci\u00f3n. La polic\u00eda identific\u00f3 el archivo de texto como modificado por \u00faltima vez el 12 de febrero de 2024 y declar\u00f3 que su contenido revela que Bolsonaro \u00abcometi\u00f3 actos para obtener asilo pol\u00edtico en Argentina\u00bb.<\/p>\n<p class=\"v1MsoNormal\">Aunque se trata de un documento \u00fanico en formato editable, sin fecha ni firma, su contenido revela que el acusado, desde el inicio de la Operaci\u00f3n Tempus Veritatis (que investiga un intento de golpe de Estado), estuvo planeando actos para huir del pa\u00eds, con el objetivo de evitar la aplicaci\u00f3n de la ley penal, se\u00f1al\u00f3 la polic\u00eda.<\/p>\n<p class=\"v1MsoNormal\">Adem\u00e1s, la Polic\u00eda Federal identific\u00f3 que, en febrero de 2024, el general Braga Netto contact\u00f3 a Bolsonaro por SMS. Ambos est\u00e1n acusados en relaci\u00f3n con un intento de golpe de Estado y se les prohibi\u00f3 mantener contacto.<\/p>\n<p class=\"v1MsoNormal\">\u00abTengo este n\u00famero prepago para cualquier emergencia. Nada de WhatsApp. Solo Facebook. Saludos cordiales, Braga Netto\u00bb, escribi\u00f3 el exministro.<\/p>\n<p class=\"v1MsoNormal\">El an\u00e1lisis del tel\u00e9fono celular de Bolsonaro tambi\u00e9n revel\u00f3 violaciones de la medida cautelar que proh\u00edbe el uso de redes sociales, incluyendo la difusi\u00f3n de videos relacionados con las sanciones impuestas por Estados Unidos al ministro Alexandre de Moraes, as\u00ed como la promoci\u00f3n de eventos. La Polic\u00eda Federal tambi\u00e9n destac\u00f3 conversaciones entre el expresidente y el fiscal federal Martin de Luca, representante de Trump Media &amp; Technology Group y de la plataforma Rumble, que present\u00f3 demandas contra Moraes en Estados Unidos alegando censura.<\/p>\n<p class=\"v1MsoNormal\">\n<p class=\"v1MsoNormal\">CITACI\u00d3N<\/p>\n<p class=\"v1MsoNormal\">El mi\u00e9rcoles pasado, el ministro Alexandre de Moraes orden\u00f3 que Bolsonaro compareciera en un plazo de 48 horas, tras recibir un informe de la Polic\u00eda Federal que se\u00f1ala delitos atribuidos al expresidente y al diputado Eduardo Bolsonaro, en un intento de interferir en el juicio penal que se lleva a cabo en el Supremo Tribunal Federal por el intento de golpe de Estado tras las elecciones de 2022. La defensa fue citada a declarar a las 20:34 del mi\u00e9rcoles y el plazo vence el viernes.<\/p>\n<p class=\"v1MsoNormal\">En la sentencia, Moraes enfatiz\u00f3 que Bolsonaro debe aclarar su incumplimiento de las medidas cautelares, su reiterada conducta il\u00edcita y el riesgo de fuga. El documento tambi\u00e9n cita la participaci\u00f3n del pastor Silas Malafaia y del comentarista Paulo Figueiredo, quienes, seg\u00fan la Polic\u00eda Federal, participaron en estrategias de presi\u00f3n, difundieron informaci\u00f3n falsa y participaron en colaboraciones internacionales para socavar las instituciones democr\u00e1ticas brasile\u00f1as.<\/p>\n<p class=\"v1MsoNormal\">Seg\u00fan los investigadores, Eduardo Bolsonaro y Paulo Figueiredo buscaron el apoyo de las autoridades estadounidenses para imponer sanciones contra funcionarios brasile\u00f1os bajo el supuesto de persecuci\u00f3n pol\u00edtica. Malafaia, a su vez, presuntamente presion\u00f3 a los magistrados del Tribunal Supremo y particip\u00f3 en la difusi\u00f3n de narrativas falsas.(O Globo)<\/p>\n","protected":false},"excerpt":{"rendered":"<p>La defensa del expresidente Jair Bolsonaro (Partido Liberal) neg\u00f3 que haya incumplido las medidas cautelares impuestas por el ministro Alexandre de Moraes, del Supremo Tribunal Federal (STF), como la sospecha de intento de fuga a Argentina o contacto con el general Braga Netto, imputado en la acci\u00f3n penal del intento de golpe de Estado. En [&hellip;]<\/p>\n","protected":false},"author":1,"featured_media":325727,"comment_status":"closed","ping_status":"open","sticky":false,"template":"","format":"standard","meta":{"_acf_changed":false,"footnotes":""},"categories":[3],"tags":[],"class_list":["post-325724","post","type-post","status-publish","format-standard","has-post-thumbnail","category-internacional"],"acf":{"antetitulo":"Brasil"},"yoast_head":"<!-- This site is optimized with the Yoast SEO plugin v28.4 - https:\/\/yoast.com\/product\/yoast-seo-wordpress\/ -->\n<title>Defensa de Bolsonaro rechaza intento de fuga - El Diario - Bolivia<\/title>\n<meta name=\"robots\" content=\"index, follow, max-snippet:-1, max-image-preview:large, max-video-preview:-1\" \/>\n<link rel=\"canonical\" href=\"https:\/\/www.eldiario.net\/portal\/2025\/08\/22\/defensa-de-bolsonaro-rechaza-intento-de-fuga\/\" \/>\n<meta property=\"og:locale\" content=\"es_ES\" \/>\n<meta property=\"og:type\" content=\"article\" \/>\n<meta property=\"og:title\" content=\"Defensa de Bolsonaro rechaza intento de fuga - El Diario - Bolivia\" \/>\n<meta property=\"og:description\" content=\"La defensa del expresidente Jair Bolsonaro (Partido Liberal) neg\u00f3 que haya incumplido las medidas cautelares impuestas por el ministro Alexandre de Moraes, del Supremo Tribunal Federal (STF), como la sospecha de intento de fuga a Argentina o contacto con el general Braga Netto, imputado en la acci\u00f3n penal del intento de golpe de Estado. En [&hellip;]\" \/>\n<meta property=\"og:url\" content=\"https:\/\/www.eldiario.net\/portal\/2025\/08\/22\/defensa-de-bolsonaro-rechaza-intento-de-fuga\/\" \/>\n<meta property=\"og:site_name\" content=\"El Diario - Bolivia\" \/>\n<meta property=\"article:publisher\" content=\"https:\/\/www.facebook.com\/eldiario.bolivia\/\" \/>\n<meta property=\"article:published_time\" content=\"2025-08-22T09:49:07+00:00\" \/>\n<meta property=\"og:image\" content=\"https:\/\/www.eldiario.net\/portal\/wp-content\/uploads\/2025\/08\/BOLSONARO-EPA.webp\" \/>\n\t<meta property=\"og:image:width\" content=\"620\" \/>\n\t<meta property=\"og:image:height\" content=\"496\" \/>\n\t<meta property=\"og:image:type\" content=\"image\/webp\" \/>\n<meta name=\"author\" content=\"Jeanette\" \/>\n<meta name=\"twitter:card\" content=\"summary_large_image\" \/>\n<meta name=\"twitter:creator\" content=\"@eldiario_net\" \/>\n<meta name=\"twitter:site\" content=\"@eldiario_net\" \/>\n<meta name=\"twitter:label1\" content=\"Escrito por\" \/>\n\t<meta name=\"twitter:data1\" content=\"Jeanette\" \/>\n\t<meta name=\"twitter:label2\" content=\"Tiempo de lectura\" \/>\n\t<meta name=\"twitter:data2\" content=\"4 minutos\" \/>\n<script type=\"application\/ld+json\" class=\"yoast-schema-graph\">{\"@context\":\"https:\\\/\\\/schema.org\",\"@graph\":[{\"@type\":\"Article\",\"@id\":\"https:\\\/\\\/www.eldiario.net\\\/portal\\\/2025\\\/08\\\/22\\\/defensa-de-bolsonaro-rechaza-intento-de-fuga\\\/#article\",\"isPartOf\":{\"@id\":\"https:\\\/\\\/www.eldiario.net\\\/portal\\\/2025\\\/08\\\/22\\\/defensa-de-bolsonaro-rechaza-intento-de-fuga\\\/\"},\"author\":{\"name\":\"Jeanette\",\"@id\":\"https:\\\/\\\/www.eldiario.net\\\/portal\\\/#\\\/schema\\\/person\\\/2c57cf2b7a7ae032e449e4c9b1019eac\"},\"headline\":\"Defensa de Bolsonaro rechaza intento de fuga\",\"datePublished\":\"2025-08-22T09:49:07+00:00\",\"mainEntityOfPage\":{\"@id\":\"https:\\\/\\\/www.eldiario.net\\\/portal\\\/2025\\\/08\\\/22\\\/defensa-de-bolsonaro-rechaza-intento-de-fuga\\\/\"},\"wordCount\":675,\"publisher\":{\"@id\":\"https:\\\/\\\/www.eldiario.net\\\/portal\\\/#organization\"},\"image\":{\"@id\":\"https:\\\/\\\/www.eldiario.net\\\/portal\\\/2025\\\/08\\\/22\\\/defensa-de-bolsonaro-rechaza-intento-de-fuga\\\/#primaryimage\"},\"thumbnailUrl\":\"https:\\\/\\\/www.eldiario.net\\\/portal\\\/wp-content\\\/uploads\\\/2025\\\/08\\\/BOLSONARO-EPA.webp\",\"articleSection\":[\"Internacional\"],\"inLanguage\":\"es\"},{\"@type\":\"WebPage\",\"@id\":\"https:\\\/\\\/www.eldiario.net\\\/portal\\\/2025\\\/08\\\/22\\\/defensa-de-bolsonaro-rechaza-intento-de-fuga\\\/\",\"url\":\"https:\\\/\\\/www.eldiario.net\\\/portal\\\/2025\\\/08\\\/22\\\/defensa-de-bolsonaro-rechaza-intento-de-fuga\\\/\",\"name\":\"Defensa de Bolsonaro rechaza intento de fuga - El Diario - Bolivia\",\"isPartOf\":{\"@id\":\"https:\\\/\\\/www.eldiario.net\\\/portal\\\/#website\"},\"primaryImageOfPage\":{\"@id\":\"https:\\\/\\\/www.eldiario.net\\\/portal\\\/2025\\\/08\\\/22\\\/defensa-de-bolsonaro-rechaza-intento-de-fuga\\\/#primaryimage\"},\"image\":{\"@id\":\"https:\\\/\\\/www.eldiario.net\\\/portal\\\/2025\\\/08\\\/22\\\/defensa-de-bolsonaro-rechaza-intento-de-fuga\\\/#primaryimage\"},\"thumbnailUrl\":\"https:\\\/\\\/www.eldiario.net\\\/portal\\\/wp-content\\\/uploads\\\/2025\\\/08\\\/BOLSONARO-EPA.webp\",\"datePublished\":\"2025-08-22T09:49:07+00:00\",\"breadcrumb\":{\"@id\":\"https:\\\/\\\/www.eldiario.net\\\/portal\\\/2025\\\/08\\\/22\\\/defensa-de-bolsonaro-rechaza-intento-de-fuga\\\/#breadcrumb\"},\"inLanguage\":\"es\",\"potentialAction\":[{\"@type\":\"ReadAction\",\"target\":[\"https:\\\/\\\/www.eldiario.net\\\/portal\\\/2025\\\/08\\\/22\\\/defensa-de-bolsonaro-rechaza-intento-de-fuga\\\/\"]}]},{\"@type\":\"ImageObject\",\"inLanguage\":\"es\",\"@id\":\"https:\\\/\\\/www.eldiario.net\\\/portal\\\/2025\\\/08\\\/22\\\/defensa-de-bolsonaro-rechaza-intento-de-fuga\\\/#primaryimage\",\"url\":\"https:\\\/\\\/www.eldiario.net\\\/portal\\\/wp-content\\\/uploads\\\/2025\\\/08\\\/BOLSONARO-EPA.webp\",\"contentUrl\":\"https:\\\/\\\/www.eldiario.net\\\/portal\\\/wp-content\\\/uploads\\\/2025\\\/08\\\/BOLSONARO-EPA.webp\",\"width\":620,\"height\":496,\"caption\":\"El expresidente de Brasil, Jair Bolsonaro. CREDITO: EPA\"},{\"@type\":\"BreadcrumbList\",\"@id\":\"https:\\\/\\\/www.eldiario.net\\\/portal\\\/2025\\\/08\\\/22\\\/defensa-de-bolsonaro-rechaza-intento-de-fuga\\\/#breadcrumb\",\"itemListElement\":[{\"@type\":\"ListItem\",\"position\":1,\"name\":\"Portada\",\"item\":\"https:\\\/\\\/www.eldiario.net\\\/portal\\\/\"},{\"@type\":\"ListItem\",\"position\":2,\"name\":\"Defensa de Bolsonaro rechaza intento de fuga\"}]},{\"@type\":\"WebSite\",\"@id\":\"https:\\\/\\\/www.eldiario.net\\\/portal\\\/#website\",\"url\":\"https:\\\/\\\/www.eldiario.net\\\/portal\\\/\",\"name\":\"El Diario - Decano de la prensa nacional\",\"description\":\"El Diario - Decano de la prensa nacional\",\"publisher\":{\"@id\":\"https:\\\/\\\/www.eldiario.net\\\/portal\\\/#organization\"},\"potentialAction\":[{\"@type\":\"SearchAction\",\"target\":{\"@type\":\"EntryPoint\",\"urlTemplate\":\"https:\\\/\\\/www.eldiario.net\\\/portal\\\/?s={search_term_string}\"},\"query-input\":{\"@type\":\"PropertyValueSpecification\",\"valueRequired\":true,\"valueName\":\"search_term_string\"}}],\"inLanguage\":\"es\"},{\"@type\":\"Organization\",\"@id\":\"https:\\\/\\\/www.eldiario.net\\\/portal\\\/#organization\",\"name\":\"El Diario - Decano de la prensa nacional\",\"url\":\"https:\\\/\\\/www.eldiario.net\\\/portal\\\/\",\"logo\":{\"@type\":\"ImageObject\",\"inLanguage\":\"es\",\"@id\":\"https:\\\/\\\/www.eldiario.net\\\/portal\\\/#\\\/schema\\\/logo\\\/image\\\/\",\"url\":\"https:\\\/\\\/www.eldiario.net\\\/portal\\\/wp-content\\\/uploads\\\/2023\\\/07\\\/logo_ED.jpg\",\"contentUrl\":\"https:\\\/\\\/www.eldiario.net\\\/portal\\\/wp-content\\\/uploads\\\/2023\\\/07\\\/logo_ED.jpg\",\"width\":272,\"height\":52,\"caption\":\"El Diario - Decano de la prensa nacional\"},\"image\":{\"@id\":\"https:\\\/\\\/www.eldiario.net\\\/portal\\\/#\\\/schema\\\/logo\\\/image\\\/\"},\"sameAs\":[\"https:\\\/\\\/www.facebook.com\\\/eldiario.bolivia\\\/\",\"https:\\\/\\\/x.com\\\/eldiario_net\"]},{\"@type\":\"Person\",\"@id\":\"https:\\\/\\\/www.eldiario.net\\\/portal\\\/#\\\/schema\\\/person\\\/2c57cf2b7a7ae032e449e4c9b1019eac\",\"name\":\"Jeanette\",\"image\":{\"@type\":\"ImageObject\",\"inLanguage\":\"es\",\"@id\":\"https:\\\/\\\/secure.gravatar.com\\\/avatar\\\/3ea2118a5f7dad2b7138b1187a6b7ee55f160b9968b66013c3a3ef39dd7e5798?s=96&d=mm&r=g\",\"url\":\"https:\\\/\\\/secure.gravatar.com\\\/avatar\\\/3ea2118a5f7dad2b7138b1187a6b7ee55f160b9968b66013c3a3ef39dd7e5798?s=96&d=mm&r=g\",\"contentUrl\":\"https:\\\/\\\/secure.gravatar.com\\\/avatar\\\/3ea2118a5f7dad2b7138b1187a6b7ee55f160b9968b66013c3a3ef39dd7e5798?s=96&d=mm&r=g\",\"caption\":\"Jeanette\"},\"sameAs\":[\"https:\\\/\\\/www.eldiario.net\\\/portal\"],\"url\":\"https:\\\/\\\/www.eldiario.net\\\/portal\\\/author\\\/jeanette\\\/\"}]}<\/script>\n<!-- \/ Yoast SEO plugin. -->","yoast_head_json":{"title":"Defensa de Bolsonaro rechaza intento de fuga - El Diario - Bolivia","robots":{"index":"index","follow":"follow","max-snippet":"max-snippet:-1","max-image-preview":"max-image-preview:large","max-video-preview":"max-video-preview:-1"},"canonical":"https:\/\/www.eldiario.net\/portal\/2025\/08\/22\/defensa-de-bolsonaro-rechaza-intento-de-fuga\/","og_locale":"es_ES","og_type":"article","og_title":"Defensa de Bolsonaro rechaza intento de fuga - El Diario - Bolivia","og_description":"La defensa del expresidente Jair Bolsonaro (Partido Liberal) neg\u00f3 que haya incumplido las medidas cautelares impuestas por el ministro Alexandre de Moraes, del Supremo Tribunal Federal (STF), como la sospecha de intento de fuga a Argentina o contacto con el general Braga Netto, imputado en la acci\u00f3n penal del intento de golpe de Estado. En [&hellip;]","og_url":"https:\/\/www.eldiario.net\/portal\/2025\/08\/22\/defensa-de-bolsonaro-rechaza-intento-de-fuga\/","og_site_name":"El Diario - Bolivia","article_publisher":"https:\/\/www.facebook.com\/eldiario.bolivia\/","article_published_time":"2025-08-22T09:49:07+00:00","og_image":[{"width":620,"height":496,"url":"https:\/\/www.eldiario.net\/portal\/wp-content\/uploads\/2025\/08\/BOLSONARO-EPA.webp","type":"image\/webp"}],"author":"Jeanette","twitter_card":"summary_large_image","twitter_creator":"@eldiario_net","twitter_site":"@eldiario_net","twitter_misc":{"Escrito por":"Jeanette","Tiempo de lectura":"4 minutos"},"schema":{"@context":"https:\/\/schema.org","@graph":[{"@type":"Article","@id":"https:\/\/www.eldiario.net\/portal\/2025\/08\/22\/defensa-de-bolsonaro-rechaza-intento-de-fuga\/#article","isPartOf":{"@id":"https:\/\/www.eldiario.net\/portal\/2025\/08\/22\/defensa-de-bolsonaro-rechaza-intento-de-fuga\/"},"author":{"name":"Jeanette","@id":"https:\/\/www.eldiario.net\/portal\/#\/schema\/person\/2c57cf2b7a7ae032e449e4c9b1019eac"},"headline":"Defensa de Bolsonaro rechaza intento de fuga","datePublished":"2025-08-22T09:49:07+00:00","mainEntityOfPage":{"@id":"https:\/\/www.eldiario.net\/portal\/2025\/08\/22\/defensa-de-bolsonaro-rechaza-intento-de-fuga\/"},"wordCount":675,"publisher":{"@id":"https:\/\/www.eldiario.net\/portal\/#organization"},"image":{"@id":"https:\/\/www.eldiario.net\/portal\/2025\/08\/22\/defensa-de-bolsonaro-rechaza-intento-de-fuga\/#primaryimage"},"thumbnailUrl":"https:\/\/www.eldiario.net\/portal\/wp-content\/uploads\/2025\/08\/BOLSONARO-EPA.webp","articleSection":["Internacional"],"inLanguage":"es"},{"@type":"WebPage","@id":"https:\/\/www.eldiario.net\/portal\/2025\/08\/22\/defensa-de-bolsonaro-rechaza-intento-de-fuga\/","url":"https:\/\/www.eldiario.net\/portal\/2025\/08\/22\/defensa-de-bolsonaro-rechaza-intento-de-fuga\/","name":"Defensa de Bolsonaro rechaza intento de fuga - El Diario - Bolivia","isPartOf":{"@id":"https:\/\/www.eldiario.net\/portal\/#website"},"primaryImageOfPage":{"@id":"https:\/\/www.eldiario.net\/portal\/2025\/08\/22\/defensa-de-bolsonaro-rechaza-intento-de-fuga\/#primaryimage"},"image":{"@id":"https:\/\/www.eldiario.net\/portal\/2025\/08\/22\/defensa-de-bolsonaro-rechaza-intento-de-fuga\/#primaryimage"},"thumbnailUrl":"https:\/\/www.eldiario.net\/portal\/wp-content\/uploads\/2025\/08\/BOLSONARO-EPA.webp","datePublished":"2025-08-22T09:49:07+00:00","breadcrumb":{"@id":"https:\/\/www.eldiario.net\/portal\/2025\/08\/22\/defensa-de-bolsonaro-rechaza-intento-de-fuga\/#breadcrumb"},"inLanguage":"es","potentialAction":[{"@type":"ReadAction","target":["https:\/\/www.eldiario.net\/portal\/2025\/08\/22\/defensa-de-bolsonaro-rechaza-intento-de-fuga\/"]}]},{"@type":"ImageObject","inLanguage":"es","@id":"https:\/\/www.eldiario.net\/portal\/2025\/08\/22\/defensa-de-bolsonaro-rechaza-intento-de-fuga\/#primaryimage","url":"https:\/\/www.eldiario.net\/portal\/wp-content\/uploads\/2025\/08\/BOLSONARO-EPA.webp","contentUrl":"https:\/\/www.eldiario.net\/portal\/wp-content\/uploads\/2025\/08\/BOLSONARO-EPA.webp","width":620,"height":496,"caption":"El expresidente de Brasil, Jair Bolsonaro. CREDITO: EPA"},{"@type":"BreadcrumbList","@id":"https:\/\/www.eldiario.net\/portal\/2025\/08\/22\/defensa-de-bolsonaro-rechaza-intento-de-fuga\/#breadcrumb","itemListElement":[{"@type":"ListItem","position":1,"name":"Portada","item":"https:\/\/www.eldiario.net\/portal\/"},{"@type":"ListItem","position":2,"name":"Defensa de Bolsonaro rechaza intento de fuga"}]},{"@type":"WebSite","@id":"https:\/\/www.eldiario.net\/portal\/#website","url":"https:\/\/www.eldiario.net\/portal\/","name":"El Diario - Decano de la prensa nacional","description":"El Diario - Decano de la prensa nacional","publisher":{"@id":"https:\/\/www.eldiario.net\/portal\/#organization"},"potentialAction":[{"@type":"SearchAction","target":{"@type":"EntryPoint","urlTemplate":"https:\/\/www.eldiario.net\/portal\/?s={search_term_string}"},"query-input":{"@type":"PropertyValueSpecification","valueRequired":true,"valueName":"search_term_string"}}],"inLanguage":"es"},{"@type":"Organization","@id":"https:\/\/www.eldiario.net\/portal\/#organization","name":"El Diario - Decano de la prensa nacional","url":"https:\/\/www.eldiario.net\/portal\/","logo":{"@type":"ImageObject","inLanguage":"es","@id":"https:\/\/www.eldiario.net\/portal\/#\/schema\/logo\/image\/","url":"https:\/\/www.eldiario.net\/portal\/wp-content\/uploads\/2023\/07\/logo_ED.jpg","contentUrl":"https:\/\/www.eldiario.net\/portal\/wp-content\/uploads\/2023\/07\/logo_ED.jpg","width":272,"height":52,"caption":"El Diario - Decano de la prensa nacional"},"image":{"@id":"https:\/\/www.eldiario.net\/portal\/#\/schema\/logo\/image\/"},"sameAs":["https:\/\/www.facebook.com\/eldiario.bolivia\/","https:\/\/x.com\/eldiario_net"]},{"@type":"Person","@id":"https:\/\/www.eldiario.net\/portal\/#\/schema\/person\/2c57cf2b7a7ae032e449e4c9b1019eac","name":"Jeanette","image":{"@type":"ImageObject","inLanguage":"es","@id":"https:\/\/secure.gravatar.com\/avatar\/3ea2118a5f7dad2b7138b1187a6b7ee55f160b9968b66013c3a3ef39dd7e5798?s=96&d=mm&r=g","url":"https:\/\/secure.gravatar.com\/avatar\/3ea2118a5f7dad2b7138b1187a6b7ee55f160b9968b66013c3a3ef39dd7e5798?s=96&d=mm&r=g","contentUrl":"https:\/\/secure.gravatar.com\/avatar\/3ea2118a5f7dad2b7138b1187a6b7ee55f160b9968b66013c3a3ef39dd7e5798?s=96&d=mm&r=g","caption":"Jeanette"},"sameAs":["https:\/\/www.eldiario.net\/portal"],"url":"https:\/\/www.eldiario.net\/portal\/author\/jeanette\/"}]}},"_links":{"self":[{"href":"https:\/\/www.eldiario.net\/portal\/wp-json\/wp\/v2\/posts\/325724","targetHints":{"allow":["GET"]}}],"collection":[{"href":"https:\/\/www.eldiario.net\/portal\/wp-json\/wp\/v2\/posts"}],"about":[{"href":"https:\/\/www.eldiario.net\/portal\/wp-json\/wp\/v2\/types\/post"}],"author":[{"embeddable":true,"href":"https:\/\/www.eldiario.net\/portal\/wp-json\/wp\/v2\/users\/1"}],"replies":[{"embeddable":true,"href":"https:\/\/www.eldiario.net\/portal\/wp-json\/wp\/v2\/comments?post=325724"}],"version-history":[{"count":1,"href":"https:\/\/www.eldiario.net\/portal\/wp-json\/wp\/v2\/posts\/325724\/revisions"}],"predecessor-version":[{"id":325728,"href":"https:\/\/www.eldiario.net\/portal\/wp-json\/wp\/v2\/posts\/325724\/revisions\/325728"}],"wp:featuredmedia":[{"embeddable":true,"href":"https:\/\/www.eldiario.net\/portal\/wp-json\/wp\/v2\/media\/325727"}],"wp:attachment":[{"href":"https:\/\/www.eldiario.net\/portal\/wp-json\/wp\/v2\/media?parent=325724"}],"wp:term":[{"taxonomy":"category","embeddable":true,"href":"https:\/\/www.eldiario.net\/portal\/wp-json\/wp\/v2\/categories?post=325724"},{"taxonomy":"post_tag","embeddable":true,"href":"https:\/\/www.eldiario.net\/portal\/wp-json\/wp\/v2\/tags?post=325724"}],"curies":[{"name":"wp","href":"https:\/\/api.w.org\/{rel}","templated":true}]}}