{"id":325721,"date":"2025-08-22T05:47:52","date_gmt":"2025-08-22T09:47:52","guid":{"rendered":"https:\/\/www.eldiario.net\/portal\/?p=325721"},"modified":"2025-08-22T05:47:52","modified_gmt":"2025-08-22T09:47:52","slug":"paneles-solares-en-el-espacio-cubriran-80-de-energia-renovable-en-europa","status":"publish","type":"post","link":"https:\/\/www.eldiario.net\/portal\/2025\/08\/22\/paneles-solares-en-el-espacio-cubriran-80-de-energia-renovable-en-europa\/","title":{"rendered":"Paneles solares en el espacio cubrir\u00e1n  80% de energ\u00eda renovable en Europa"},"content":{"rendered":"<p class=\"v1MsoNormal\">Los paneles solares en el espacio podr\u00edan reducir las necesidades de energ\u00eda renovable terrestre de Europa en un 80% para 2050, seg\u00fan un estudio.<\/p>\n<p class=\"v1MsoNormal\">Utilizando un modelo inform\u00e1tico detallado de la futura red el\u00e9ctrica del continente, los investigadores descubrieron que un sistema de paneles espaciales dise\u00f1ado por la NASA podr\u00eda reducir el coste de todo el sistema el\u00e9ctrico europeo hasta en un 15 %. Tambi\u00e9n podr\u00eda reducir el consumo de bater\u00edas en m\u00e1s de dos tercios.<\/p>\n<p class=\"v1MsoNormal\">El estudio, dirigido por investigadores del King&#8217;s College de Londres, es el primero en evaluar el posible impacto de la energ\u00eda solar espacial en Europa. Los paneles de energ\u00eda solar espacial (SBSP) que arrojaron resultados positivos utilizan un dise\u00f1o de heli\u00f3stato. Este dise\u00f1o, que imita el sistema, utiliza reflectores tipo espejo para captar la luz solar en \u00f3rbita. La luz solar se transmite a estaciones en la Tierra y se convierte en electricidad antes de ser suministrada a la red el\u00e9ctrica.<\/p>\n<p class=\"v1MsoNormal\">El modelo inform\u00e1tico de la red el\u00e9ctrica del continente abarca 33 pa\u00edses y simula la demanda, la generaci\u00f3n y el almacenamiento de electricidad para identificar la opci\u00f3n de menor costo para satisfacer las necesidades de electricidad de Europa.<\/p>\n<p class=\"v1MsoNormal\">Cuando los investigadores integraron el concepto SBSP en el modelo basado en las predicciones de la NASA sobre su capacidad energ\u00e9tica potencial, los resultados mostraron que podr\u00eda reemplazar hasta el 80% de la energ\u00eda renovable terrestre de Europa.<\/p>\n<p class=\"v1MsoNormal\">La energ\u00eda renovable terrestre es irregular y dependiente del clima, lo que dificulta un suministro fiable, y tiene costes variables, se\u00f1alan los investigadores. Los SBSP podr\u00edan ser una fuente de energ\u00eda centralizada alternativa que opera por encima de la atm\u00f3sfera con una potencia continua a escala de gigavatios.<\/p>\n<p class=\"v1MsoNormal\">Los autores se\u00f1alan que el modelo no tiene en cuenta los posibles impactos de los desaf\u00edos espec\u00edficos del espacio, como la congesti\u00f3n orbital, las interrupciones de la transmisi\u00f3n o la variabilidad del haz, que podr\u00edan influir en la confiabilidad y el rendimiento operativo del SBSP.<\/p>\n<p class=\"v1MsoNormal\">Tampoco se podr\u00eda materializar la rentabilidad potencial del SBSP hasta 2050 porque su construcci\u00f3n, lanzamiento y mantenimiento ser\u00edan demasiado caros a menos que el crecimiento tecnol\u00f3gico redujera sus costos.<\/p>\n<p class=\"v1MsoNormal\">El Dr. Wei He, profesor titular del departamento de ingenier\u00eda del KCL y autor principal del estudio, publicado en Joule, afirm\u00f3: \u00abExisten algunos riesgos a considerar, como que el sat\u00e9lite en el espacio podr\u00eda tener demasiados paneles solares. \u00bfPodr\u00eda causar colisiones o resultar da\u00f1ado por los desechos espaciales?\u00bb.<\/p>\n<p class=\"v1MsoNormal\">A pesar de estos riesgos, Wei cree que la investigaci\u00f3n demuestra que el SBSP tiene el potencial de ayudar a los pa\u00edses a alcanzar el cero neto. \u00abLa energ\u00eda renovable para reemplazar los combustibles f\u00f3siles es la acci\u00f3n m\u00e1s importante que estamos tomando como seres humanos. La energ\u00eda solar espacial es una tecnolog\u00eda con potencial y puede proporcionar energ\u00eda solar continua como fuente de energ\u00eda renovable\u00bb, afirm\u00f3.<\/p>\n<p class=\"v1MsoNormal\">Jap\u00f3n ya est\u00e1 desarrollando el SBSP y lo est\u00e1 integrando en su estrategia espacial y de cero emisiones netas, afirm\u00f3 Wei.<\/p>\n<p class=\"v1MsoNormal\">Europa podr\u00eda seguir el ejemplo, sugiere el documento, mencionando la larga tradici\u00f3n del continente de cooperaci\u00f3n multinacional en el intercambio transfronterizo de electricidad y en proyectos satelitales bajo la Agencia Espacial Europea.<\/p>\n<p class=\"v1MsoNormal\">Los autores creen que Europa podr\u00eda aprovechar su cooperaci\u00f3n multinacional para desarrollar y operar una infraestructura centralizada de SBSP. De esta manera, podr\u00eda crear una soluci\u00f3n a escala continental para proporcionar un suministro renovable estable y de carga base, reduciendo as\u00ed la dependencia del continente de la energ\u00eda a gas.<\/p>\n<p class=\"v1MsoNormal\">\u00abAhora es el momento\u00bb, sostuvo Wei.(The Guardian)<\/p>\n","protected":false},"excerpt":{"rendered":"<p>Los paneles solares en el espacio podr\u00edan reducir las necesidades de energ\u00eda renovable terrestre de Europa en un 80% para 2050, seg\u00fan un estudio. Utilizando un modelo inform\u00e1tico detallado de la futura red el\u00e9ctrica del continente, los investigadores descubrieron que un sistema de paneles espaciales dise\u00f1ado por la NASA podr\u00eda reducir el coste de todo [&hellip;]<\/p>\n","protected":false},"author":1,"featured_media":325722,"comment_status":"closed","ping_status":"open","sticky":false,"template":"","format":"standard","meta":{"_acf_changed":false,"footnotes":""},"categories":[3],"tags":[],"class_list":["post-325721","post","type-post","status-publish","format-standard","has-post-thumbnail","category-internacional"],"acf":{"antetitulo":""},"yoast_head":"<!-- This site is optimized with the Yoast SEO plugin v28.4 - https:\/\/yoast.com\/product\/yoast-seo-wordpress\/ -->\n<title>Paneles solares en el espacio cubrir\u00e1n 80% de energ\u00eda renovable en Europa - El Diario - Bolivia<\/title>\n<meta name=\"robots\" content=\"index, follow, max-snippet:-1, max-image-preview:large, max-video-preview:-1\" \/>\n<link rel=\"canonical\" href=\"https:\/\/www.eldiario.net\/portal\/2025\/08\/22\/paneles-solares-en-el-espacio-cubriran-80-de-energia-renovable-en-europa\/\" \/>\n<meta property=\"og:locale\" content=\"es_ES\" \/>\n<meta property=\"og:type\" content=\"article\" \/>\n<meta property=\"og:title\" content=\"Paneles solares en el espacio cubrir\u00e1n 80% de energ\u00eda renovable en Europa - El Diario - Bolivia\" \/>\n<meta property=\"og:description\" content=\"Los paneles solares en el espacio podr\u00edan reducir las necesidades de energ\u00eda renovable terrestre de Europa en un 80% para 2050, seg\u00fan un estudio. Utilizando un modelo inform\u00e1tico detallado de la futura red el\u00e9ctrica del continente, los investigadores descubrieron que un sistema de paneles espaciales dise\u00f1ado por la NASA podr\u00eda reducir el coste de todo [&hellip;]\" \/>\n<meta property=\"og:url\" content=\"https:\/\/www.eldiario.net\/portal\/2025\/08\/22\/paneles-solares-en-el-espacio-cubriran-80-de-energia-renovable-en-europa\/\" \/>\n<meta property=\"og:site_name\" content=\"El Diario - Bolivia\" \/>\n<meta property=\"article:publisher\" content=\"https:\/\/www.facebook.com\/eldiario.bolivia\/\" \/>\n<meta property=\"article:published_time\" content=\"2025-08-22T09:47:52+00:00\" \/>\n<meta property=\"og:image\" content=\"https:\/\/www.eldiario.net\/portal\/wp-content\/uploads\/2025\/08\/PANELES-Getty-Images.webp\" \/>\n\t<meta property=\"og:image:width\" content=\"620\" \/>\n\t<meta property=\"og:image:height\" content=\"496\" \/>\n\t<meta property=\"og:image:type\" content=\"image\/webp\" \/>\n<meta name=\"author\" content=\"Jeanette\" \/>\n<meta name=\"twitter:card\" content=\"summary_large_image\" \/>\n<meta name=\"twitter:creator\" content=\"@eldiario_net\" \/>\n<meta name=\"twitter:site\" content=\"@eldiario_net\" \/>\n<meta name=\"twitter:label1\" content=\"Escrito por\" \/>\n\t<meta name=\"twitter:data1\" content=\"Jeanette\" \/>\n\t<meta name=\"twitter:label2\" content=\"Tiempo de lectura\" \/>\n\t<meta name=\"twitter:data2\" content=\"3 minutos\" \/>\n<script type=\"application\/ld+json\" class=\"yoast-schema-graph\">{\"@context\":\"https:\\\/\\\/schema.org\",\"@graph\":[{\"@type\":\"Article\",\"@id\":\"https:\\\/\\\/www.eldiario.net\\\/portal\\\/2025\\\/08\\\/22\\\/paneles-solares-en-el-espacio-cubriran-80-de-energia-renovable-en-europa\\\/#article\",\"isPartOf\":{\"@id\":\"https:\\\/\\\/www.eldiario.net\\\/portal\\\/2025\\\/08\\\/22\\\/paneles-solares-en-el-espacio-cubriran-80-de-energia-renovable-en-europa\\\/\"},\"author\":{\"name\":\"Jeanette\",\"@id\":\"https:\\\/\\\/www.eldiario.net\\\/portal\\\/#\\\/schema\\\/person\\\/2c57cf2b7a7ae032e449e4c9b1019eac\"},\"headline\":\"Paneles solares en el espacio cubrir\u00e1n 80% de energ\u00eda renovable en Europa\",\"datePublished\":\"2025-08-22T09:47:52+00:00\",\"mainEntityOfPage\":{\"@id\":\"https:\\\/\\\/www.eldiario.net\\\/portal\\\/2025\\\/08\\\/22\\\/paneles-solares-en-el-espacio-cubriran-80-de-energia-renovable-en-europa\\\/\"},\"wordCount\":653,\"publisher\":{\"@id\":\"https:\\\/\\\/www.eldiario.net\\\/portal\\\/#organization\"},\"image\":{\"@id\":\"https:\\\/\\\/www.eldiario.net\\\/portal\\\/2025\\\/08\\\/22\\\/paneles-solares-en-el-espacio-cubriran-80-de-energia-renovable-en-europa\\\/#primaryimage\"},\"thumbnailUrl\":\"https:\\\/\\\/www.eldiario.net\\\/portal\\\/wp-content\\\/uploads\\\/2025\\\/08\\\/PANELES-Getty-Images.webp\",\"articleSection\":[\"Internacional\"],\"inLanguage\":\"es\"},{\"@type\":\"WebPage\",\"@id\":\"https:\\\/\\\/www.eldiario.net\\\/portal\\\/2025\\\/08\\\/22\\\/paneles-solares-en-el-espacio-cubriran-80-de-energia-renovable-en-europa\\\/\",\"url\":\"https:\\\/\\\/www.eldiario.net\\\/portal\\\/2025\\\/08\\\/22\\\/paneles-solares-en-el-espacio-cubriran-80-de-energia-renovable-en-europa\\\/\",\"name\":\"Paneles solares en el espacio cubrir\u00e1n 80% de energ\u00eda renovable en Europa - El Diario - Bolivia\",\"isPartOf\":{\"@id\":\"https:\\\/\\\/www.eldiario.net\\\/portal\\\/#website\"},\"primaryImageOfPage\":{\"@id\":\"https:\\\/\\\/www.eldiario.net\\\/portal\\\/2025\\\/08\\\/22\\\/paneles-solares-en-el-espacio-cubriran-80-de-energia-renovable-en-europa\\\/#primaryimage\"},\"image\":{\"@id\":\"https:\\\/\\\/www.eldiario.net\\\/portal\\\/2025\\\/08\\\/22\\\/paneles-solares-en-el-espacio-cubriran-80-de-energia-renovable-en-europa\\\/#primaryimage\"},\"thumbnailUrl\":\"https:\\\/\\\/www.eldiario.net\\\/portal\\\/wp-content\\\/uploads\\\/2025\\\/08\\\/PANELES-Getty-Images.webp\",\"datePublished\":\"2025-08-22T09:47:52+00:00\",\"breadcrumb\":{\"@id\":\"https:\\\/\\\/www.eldiario.net\\\/portal\\\/2025\\\/08\\\/22\\\/paneles-solares-en-el-espacio-cubriran-80-de-energia-renovable-en-europa\\\/#breadcrumb\"},\"inLanguage\":\"es\",\"potentialAction\":[{\"@type\":\"ReadAction\",\"target\":[\"https:\\\/\\\/www.eldiario.net\\\/portal\\\/2025\\\/08\\\/22\\\/paneles-solares-en-el-espacio-cubriran-80-de-energia-renovable-en-europa\\\/\"]}]},{\"@type\":\"ImageObject\",\"inLanguage\":\"es\",\"@id\":\"https:\\\/\\\/www.eldiario.net\\\/portal\\\/2025\\\/08\\\/22\\\/paneles-solares-en-el-espacio-cubriran-80-de-energia-renovable-en-europa\\\/#primaryimage\",\"url\":\"https:\\\/\\\/www.eldiario.net\\\/portal\\\/wp-content\\\/uploads\\\/2025\\\/08\\\/PANELES-Getty-Images.webp\",\"contentUrl\":\"https:\\\/\\\/www.eldiario.net\\\/portal\\\/wp-content\\\/uploads\\\/2025\\\/08\\\/PANELES-Getty-Images.webp\",\"width\":620,\"height\":496,\"caption\":\"El estudio sugiere que la energ\u00eda solar espacial podr\u00eda reducir el coste el\u00e9ctrico en 15 % CREDITO: Getty Images\"},{\"@type\":\"BreadcrumbList\",\"@id\":\"https:\\\/\\\/www.eldiario.net\\\/portal\\\/2025\\\/08\\\/22\\\/paneles-solares-en-el-espacio-cubriran-80-de-energia-renovable-en-europa\\\/#breadcrumb\",\"itemListElement\":[{\"@type\":\"ListItem\",\"position\":1,\"name\":\"Portada\",\"item\":\"https:\\\/\\\/www.eldiario.net\\\/portal\\\/\"},{\"@type\":\"ListItem\",\"position\":2,\"name\":\"Paneles solares en el espacio cubrir\u00e1n 80% de energ\u00eda renovable en Europa\"}]},{\"@type\":\"WebSite\",\"@id\":\"https:\\\/\\\/www.eldiario.net\\\/portal\\\/#website\",\"url\":\"https:\\\/\\\/www.eldiario.net\\\/portal\\\/\",\"name\":\"El Diario - Decano de la prensa nacional\",\"description\":\"El Diario - Decano de la prensa nacional\",\"publisher\":{\"@id\":\"https:\\\/\\\/www.eldiario.net\\\/portal\\\/#organization\"},\"potentialAction\":[{\"@type\":\"SearchAction\",\"target\":{\"@type\":\"EntryPoint\",\"urlTemplate\":\"https:\\\/\\\/www.eldiario.net\\\/portal\\\/?s={search_term_string}\"},\"query-input\":{\"@type\":\"PropertyValueSpecification\",\"valueRequired\":true,\"valueName\":\"search_term_string\"}}],\"inLanguage\":\"es\"},{\"@type\":\"Organization\",\"@id\":\"https:\\\/\\\/www.eldiario.net\\\/portal\\\/#organization\",\"name\":\"El Diario - Decano de la prensa nacional\",\"url\":\"https:\\\/\\\/www.eldiario.net\\\/portal\\\/\",\"logo\":{\"@type\":\"ImageObject\",\"inLanguage\":\"es\",\"@id\":\"https:\\\/\\\/www.eldiario.net\\\/portal\\\/#\\\/schema\\\/logo\\\/image\\\/\",\"url\":\"https:\\\/\\\/www.eldiario.net\\\/portal\\\/wp-content\\\/uploads\\\/2023\\\/07\\\/logo_ED.jpg\",\"contentUrl\":\"https:\\\/\\\/www.eldiario.net\\\/portal\\\/wp-content\\\/uploads\\\/2023\\\/07\\\/logo_ED.jpg\",\"width\":272,\"height\":52,\"caption\":\"El Diario - Decano de la prensa nacional\"},\"image\":{\"@id\":\"https:\\\/\\\/www.eldiario.net\\\/portal\\\/#\\\/schema\\\/logo\\\/image\\\/\"},\"sameAs\":[\"https:\\\/\\\/www.facebook.com\\\/eldiario.bolivia\\\/\",\"https:\\\/\\\/x.com\\\/eldiario_net\"]},{\"@type\":\"Person\",\"@id\":\"https:\\\/\\\/www.eldiario.net\\\/portal\\\/#\\\/schema\\\/person\\\/2c57cf2b7a7ae032e449e4c9b1019eac\",\"name\":\"Jeanette\",\"image\":{\"@type\":\"ImageObject\",\"inLanguage\":\"es\",\"@id\":\"https:\\\/\\\/secure.gravatar.com\\\/avatar\\\/3ea2118a5f7dad2b7138b1187a6b7ee55f160b9968b66013c3a3ef39dd7e5798?s=96&d=mm&r=g\",\"url\":\"https:\\\/\\\/secure.gravatar.com\\\/avatar\\\/3ea2118a5f7dad2b7138b1187a6b7ee55f160b9968b66013c3a3ef39dd7e5798?s=96&d=mm&r=g\",\"contentUrl\":\"https:\\\/\\\/secure.gravatar.com\\\/avatar\\\/3ea2118a5f7dad2b7138b1187a6b7ee55f160b9968b66013c3a3ef39dd7e5798?s=96&d=mm&r=g\",\"caption\":\"Jeanette\"},\"sameAs\":[\"https:\\\/\\\/www.eldiario.net\\\/portal\"],\"url\":\"https:\\\/\\\/www.eldiario.net\\\/portal\\\/author\\\/jeanette\\\/\"}]}<\/script>\n<!-- \/ Yoast SEO plugin. -->","yoast_head_json":{"title":"Paneles solares en el espacio cubrir\u00e1n 80% de energ\u00eda renovable en Europa - El Diario - Bolivia","robots":{"index":"index","follow":"follow","max-snippet":"max-snippet:-1","max-image-preview":"max-image-preview:large","max-video-preview":"max-video-preview:-1"},"canonical":"https:\/\/www.eldiario.net\/portal\/2025\/08\/22\/paneles-solares-en-el-espacio-cubriran-80-de-energia-renovable-en-europa\/","og_locale":"es_ES","og_type":"article","og_title":"Paneles solares en el espacio cubrir\u00e1n 80% de energ\u00eda renovable en Europa - El Diario - Bolivia","og_description":"Los paneles solares en el espacio podr\u00edan reducir las necesidades de energ\u00eda renovable terrestre de Europa en un 80% para 2050, seg\u00fan un estudio. Utilizando un modelo inform\u00e1tico detallado de la futura red el\u00e9ctrica del continente, los investigadores descubrieron que un sistema de paneles espaciales dise\u00f1ado por la NASA podr\u00eda reducir el coste de todo [&hellip;]","og_url":"https:\/\/www.eldiario.net\/portal\/2025\/08\/22\/paneles-solares-en-el-espacio-cubriran-80-de-energia-renovable-en-europa\/","og_site_name":"El Diario - Bolivia","article_publisher":"https:\/\/www.facebook.com\/eldiario.bolivia\/","article_published_time":"2025-08-22T09:47:52+00:00","og_image":[{"width":620,"height":496,"url":"https:\/\/www.eldiario.net\/portal\/wp-content\/uploads\/2025\/08\/PANELES-Getty-Images.webp","type":"image\/webp"}],"author":"Jeanette","twitter_card":"summary_large_image","twitter_creator":"@eldiario_net","twitter_site":"@eldiario_net","twitter_misc":{"Escrito por":"Jeanette","Tiempo de lectura":"3 minutos"},"schema":{"@context":"https:\/\/schema.org","@graph":[{"@type":"Article","@id":"https:\/\/www.eldiario.net\/portal\/2025\/08\/22\/paneles-solares-en-el-espacio-cubriran-80-de-energia-renovable-en-europa\/#article","isPartOf":{"@id":"https:\/\/www.eldiario.net\/portal\/2025\/08\/22\/paneles-solares-en-el-espacio-cubriran-80-de-energia-renovable-en-europa\/"},"author":{"name":"Jeanette","@id":"https:\/\/www.eldiario.net\/portal\/#\/schema\/person\/2c57cf2b7a7ae032e449e4c9b1019eac"},"headline":"Paneles solares en el espacio cubrir\u00e1n 80% de energ\u00eda renovable en Europa","datePublished":"2025-08-22T09:47:52+00:00","mainEntityOfPage":{"@id":"https:\/\/www.eldiario.net\/portal\/2025\/08\/22\/paneles-solares-en-el-espacio-cubriran-80-de-energia-renovable-en-europa\/"},"wordCount":653,"publisher":{"@id":"https:\/\/www.eldiario.net\/portal\/#organization"},"image":{"@id":"https:\/\/www.eldiario.net\/portal\/2025\/08\/22\/paneles-solares-en-el-espacio-cubriran-80-de-energia-renovable-en-europa\/#primaryimage"},"thumbnailUrl":"https:\/\/www.eldiario.net\/portal\/wp-content\/uploads\/2025\/08\/PANELES-Getty-Images.webp","articleSection":["Internacional"],"inLanguage":"es"},{"@type":"WebPage","@id":"https:\/\/www.eldiario.net\/portal\/2025\/08\/22\/paneles-solares-en-el-espacio-cubriran-80-de-energia-renovable-en-europa\/","url":"https:\/\/www.eldiario.net\/portal\/2025\/08\/22\/paneles-solares-en-el-espacio-cubriran-80-de-energia-renovable-en-europa\/","name":"Paneles solares en el espacio cubrir\u00e1n 80% de energ\u00eda renovable en Europa - El Diario - Bolivia","isPartOf":{"@id":"https:\/\/www.eldiario.net\/portal\/#website"},"primaryImageOfPage":{"@id":"https:\/\/www.eldiario.net\/portal\/2025\/08\/22\/paneles-solares-en-el-espacio-cubriran-80-de-energia-renovable-en-europa\/#primaryimage"},"image":{"@id":"https:\/\/www.eldiario.net\/portal\/2025\/08\/22\/paneles-solares-en-el-espacio-cubriran-80-de-energia-renovable-en-europa\/#primaryimage"},"thumbnailUrl":"https:\/\/www.eldiario.net\/portal\/wp-content\/uploads\/2025\/08\/PANELES-Getty-Images.webp","datePublished":"2025-08-22T09:47:52+00:00","breadcrumb":{"@id":"https:\/\/www.eldiario.net\/portal\/2025\/08\/22\/paneles-solares-en-el-espacio-cubriran-80-de-energia-renovable-en-europa\/#breadcrumb"},"inLanguage":"es","potentialAction":[{"@type":"ReadAction","target":["https:\/\/www.eldiario.net\/portal\/2025\/08\/22\/paneles-solares-en-el-espacio-cubriran-80-de-energia-renovable-en-europa\/"]}]},{"@type":"ImageObject","inLanguage":"es","@id":"https:\/\/www.eldiario.net\/portal\/2025\/08\/22\/paneles-solares-en-el-espacio-cubriran-80-de-energia-renovable-en-europa\/#primaryimage","url":"https:\/\/www.eldiario.net\/portal\/wp-content\/uploads\/2025\/08\/PANELES-Getty-Images.webp","contentUrl":"https:\/\/www.eldiario.net\/portal\/wp-content\/uploads\/2025\/08\/PANELES-Getty-Images.webp","width":620,"height":496,"caption":"El estudio sugiere que la energ\u00eda solar espacial podr\u00eda reducir el coste el\u00e9ctrico en 15 % CREDITO: Getty Images"},{"@type":"BreadcrumbList","@id":"https:\/\/www.eldiario.net\/portal\/2025\/08\/22\/paneles-solares-en-el-espacio-cubriran-80-de-energia-renovable-en-europa\/#breadcrumb","itemListElement":[{"@type":"ListItem","position":1,"name":"Portada","item":"https:\/\/www.eldiario.net\/portal\/"},{"@type":"ListItem","position":2,"name":"Paneles solares en el espacio cubrir\u00e1n 80% de energ\u00eda renovable en Europa"}]},{"@type":"WebSite","@id":"https:\/\/www.eldiario.net\/portal\/#website","url":"https:\/\/www.eldiario.net\/portal\/","name":"El Diario - Decano de la prensa nacional","description":"El Diario - Decano de la prensa nacional","publisher":{"@id":"https:\/\/www.eldiario.net\/portal\/#organization"},"potentialAction":[{"@type":"SearchAction","target":{"@type":"EntryPoint","urlTemplate":"https:\/\/www.eldiario.net\/portal\/?s={search_term_string}"},"query-input":{"@type":"PropertyValueSpecification","valueRequired":true,"valueName":"search_term_string"}}],"inLanguage":"es"},{"@type":"Organization","@id":"https:\/\/www.eldiario.net\/portal\/#organization","name":"El Diario - Decano de la prensa nacional","url":"https:\/\/www.eldiario.net\/portal\/","logo":{"@type":"ImageObject","inLanguage":"es","@id":"https:\/\/www.eldiario.net\/portal\/#\/schema\/logo\/image\/","url":"https:\/\/www.eldiario.net\/portal\/wp-content\/uploads\/2023\/07\/logo_ED.jpg","contentUrl":"https:\/\/www.eldiario.net\/portal\/wp-content\/uploads\/2023\/07\/logo_ED.jpg","width":272,"height":52,"caption":"El Diario - Decano de la prensa nacional"},"image":{"@id":"https:\/\/www.eldiario.net\/portal\/#\/schema\/logo\/image\/"},"sameAs":["https:\/\/www.facebook.com\/eldiario.bolivia\/","https:\/\/x.com\/eldiario_net"]},{"@type":"Person","@id":"https:\/\/www.eldiario.net\/portal\/#\/schema\/person\/2c57cf2b7a7ae032e449e4c9b1019eac","name":"Jeanette","image":{"@type":"ImageObject","inLanguage":"es","@id":"https:\/\/secure.gravatar.com\/avatar\/3ea2118a5f7dad2b7138b1187a6b7ee55f160b9968b66013c3a3ef39dd7e5798?s=96&d=mm&r=g","url":"https:\/\/secure.gravatar.com\/avatar\/3ea2118a5f7dad2b7138b1187a6b7ee55f160b9968b66013c3a3ef39dd7e5798?s=96&d=mm&r=g","contentUrl":"https:\/\/secure.gravatar.com\/avatar\/3ea2118a5f7dad2b7138b1187a6b7ee55f160b9968b66013c3a3ef39dd7e5798?s=96&d=mm&r=g","caption":"Jeanette"},"sameAs":["https:\/\/www.eldiario.net\/portal"],"url":"https:\/\/www.eldiario.net\/portal\/author\/jeanette\/"}]}},"_links":{"self":[{"href":"https:\/\/www.eldiario.net\/portal\/wp-json\/wp\/v2\/posts\/325721","targetHints":{"allow":["GET"]}}],"collection":[{"href":"https:\/\/www.eldiario.net\/portal\/wp-json\/wp\/v2\/posts"}],"about":[{"href":"https:\/\/www.eldiario.net\/portal\/wp-json\/wp\/v2\/types\/post"}],"author":[{"embeddable":true,"href":"https:\/\/www.eldiario.net\/portal\/wp-json\/wp\/v2\/users\/1"}],"replies":[{"embeddable":true,"href":"https:\/\/www.eldiario.net\/portal\/wp-json\/wp\/v2\/comments?post=325721"}],"version-history":[{"count":1,"href":"https:\/\/www.eldiario.net\/portal\/wp-json\/wp\/v2\/posts\/325721\/revisions"}],"predecessor-version":[{"id":325723,"href":"https:\/\/www.eldiario.net\/portal\/wp-json\/wp\/v2\/posts\/325721\/revisions\/325723"}],"wp:featuredmedia":[{"embeddable":true,"href":"https:\/\/www.eldiario.net\/portal\/wp-json\/wp\/v2\/media\/325722"}],"wp:attachment":[{"href":"https:\/\/www.eldiario.net\/portal\/wp-json\/wp\/v2\/media?parent=325721"}],"wp:term":[{"taxonomy":"category","embeddable":true,"href":"https:\/\/www.eldiario.net\/portal\/wp-json\/wp\/v2\/categories?post=325721"},{"taxonomy":"post_tag","embeddable":true,"href":"https:\/\/www.eldiario.net\/portal\/wp-json\/wp\/v2\/tags?post=325721"}],"curies":[{"name":"wp","href":"https:\/\/api.w.org\/{rel}","templated":true}]}}