{"id":325718,"date":"2025-08-22T05:47:11","date_gmt":"2025-08-22T09:47:11","guid":{"rendered":"https:\/\/www.eldiario.net\/portal\/?p=325718"},"modified":"2025-08-22T05:47:11","modified_gmt":"2025-08-22T09:47:11","slug":"ucrania-recupera-6-localidades-de-donetsk-ocupadas-por-rusia","status":"publish","type":"post","link":"https:\/\/www.eldiario.net\/portal\/2025\/08\/22\/ucrania-recupera-6-localidades-de-donetsk-ocupadas-por-rusia\/","title":{"rendered":"Ucrania recupera 6 localidades  de Donetsk ocupadas por Rusia"},"content":{"rendered":"<p class=\"v1MsoNormal\">El jefe del Estado Mayor de las Fuerzas Armadas de Ucrania, Oleksander Sirski, afirm\u00f3 que las tropas ucranianas avanzan \u00abcon \u00e9xito\u00bb en una contraofensiva en la zona este y lograron \u00abdespejar\u00bb seis localidades de la regi\u00f3n de Donetsk tomadas por los militares rusos.<\/p>\n<p class=\"v1MsoNormal\">En concreto, seg\u00fan Sirski, se trata de seis \u00e1reas vinculadas al frente de Pokrovsk, uno de los objetivos estrat\u00e9gicos de Rusia en la zona para mermar la capacidad de reposici\u00f3n log\u00edstica de las fuerzas ucranianas. Mosc\u00fa asegur\u00f3 en estos \u00faltimos d\u00edas que logr\u00f3 precisamente avances en este mismo frente.<\/p>\n<p class=\"v1MsoNormal\">El jefe de las Fuerzas Armadas de Ucrania explicaron en un mensaje en Telegram que examin\u00f3 con otros oficiales la evoluci\u00f3n del conflicto en las zonas \u00abm\u00e1s dif\u00edciles\u00bb, donde admite que el \u00abenemigo\u00bb cuenta con superioridad num\u00e9rica. Seg\u00fan Sirski, Rusia contar\u00eda por \u00abcientos\u00bb las bajas en sus filas.<\/p>\n<p class=\"v1MsoNormal\">\u00abLa tarea clave es responder de manera eficaz a los cambios en las t\u00e1cticas del enemigo mientras preservamos la vida de los defensores de Ucrania en la medida de lo posible\u00bb, enfatiz\u00f3, en un mensaje en el que ha aplaudido la \u00abvalent\u00eda\u00bb y la \u00abdedicaci\u00f3n\u00bb de las tropas.(EP)<\/p>\n<p class=\"v1MsoNormal\">\n","protected":false},"excerpt":{"rendered":"<p>El jefe del Estado Mayor de las Fuerzas Armadas de Ucrania, Oleksander Sirski, afirm\u00f3 que las tropas ucranianas avanzan \u00abcon \u00e9xito\u00bb en una contraofensiva en la zona este y lograron \u00abdespejar\u00bb seis localidades de la regi\u00f3n de Donetsk tomadas por los militares rusos. En concreto, seg\u00fan Sirski, se trata de seis \u00e1reas vinculadas al frente [&hellip;]<\/p>\n","protected":false},"author":1,"featured_media":325719,"comment_status":"closed","ping_status":"open","sticky":false,"template":"","format":"standard","meta":{"_acf_changed":false,"footnotes":""},"categories":[3],"tags":[],"class_list":["post-325718","post","type-post","status-publish","format-standard","has-post-thumbnail","category-internacional"],"acf":{"antetitulo":""},"yoast_head":"<!-- This site is optimized with the Yoast SEO plugin v28.4 - https:\/\/yoast.com\/product\/yoast-seo-wordpress\/ -->\n<title>Ucrania recupera 6 localidades de Donetsk ocupadas por Rusia - El Diario - Bolivia<\/title>\n<meta name=\"robots\" content=\"index, follow, max-snippet:-1, max-image-preview:large, max-video-preview:-1\" \/>\n<link rel=\"canonical\" href=\"https:\/\/www.eldiario.net\/portal\/2025\/08\/22\/ucrania-recupera-6-localidades-de-donetsk-ocupadas-por-rusia\/\" \/>\n<meta property=\"og:locale\" content=\"es_ES\" \/>\n<meta property=\"og:type\" content=\"article\" \/>\n<meta property=\"og:title\" content=\"Ucrania recupera 6 localidades de Donetsk ocupadas por Rusia - El Diario - Bolivia\" \/>\n<meta property=\"og:description\" content=\"El jefe del Estado Mayor de las Fuerzas Armadas de Ucrania, Oleksander Sirski, afirm\u00f3 que las tropas ucranianas avanzan \u00abcon \u00e9xito\u00bb en una contraofensiva en la zona este y lograron \u00abdespejar\u00bb seis localidades de la regi\u00f3n de Donetsk tomadas por los militares rusos. En concreto, seg\u00fan Sirski, se trata de seis \u00e1reas vinculadas al frente [&hellip;]\" \/>\n<meta property=\"og:url\" content=\"https:\/\/www.eldiario.net\/portal\/2025\/08\/22\/ucrania-recupera-6-localidades-de-donetsk-ocupadas-por-rusia\/\" \/>\n<meta property=\"og:site_name\" content=\"El Diario - Bolivia\" \/>\n<meta property=\"article:publisher\" content=\"https:\/\/www.facebook.com\/eldiario.bolivia\/\" \/>\n<meta property=\"article:published_time\" content=\"2025-08-22T09:47:11+00:00\" \/>\n<meta property=\"og:image\" content=\"https:\/\/www.eldiario.net\/portal\/wp-content\/uploads\/2025\/08\/LOCALIDAD-Reuters.webp\" \/>\n\t<meta property=\"og:image:width\" content=\"992\" \/>\n\t<meta property=\"og:image:height\" content=\"662\" \/>\n\t<meta property=\"og:image:type\" content=\"image\/webp\" \/>\n<meta name=\"author\" content=\"Jeanette\" \/>\n<meta name=\"twitter:card\" content=\"summary_large_image\" \/>\n<meta name=\"twitter:creator\" content=\"@eldiario_net\" \/>\n<meta name=\"twitter:site\" content=\"@eldiario_net\" \/>\n<meta name=\"twitter:label1\" content=\"Escrito por\" \/>\n\t<meta name=\"twitter:data1\" content=\"Jeanette\" \/>\n\t<meta name=\"twitter:label2\" content=\"Tiempo de lectura\" \/>\n\t<meta name=\"twitter:data2\" content=\"2 minutos\" \/>\n<script type=\"application\/ld+json\" class=\"yoast-schema-graph\">{\"@context\":\"https:\\\/\\\/schema.org\",\"@graph\":[{\"@type\":\"Article\",\"@id\":\"https:\\\/\\\/www.eldiario.net\\\/portal\\\/2025\\\/08\\\/22\\\/ucrania-recupera-6-localidades-de-donetsk-ocupadas-por-rusia\\\/#article\",\"isPartOf\":{\"@id\":\"https:\\\/\\\/www.eldiario.net\\\/portal\\\/2025\\\/08\\\/22\\\/ucrania-recupera-6-localidades-de-donetsk-ocupadas-por-rusia\\\/\"},\"author\":{\"name\":\"Jeanette\",\"@id\":\"https:\\\/\\\/www.eldiario.net\\\/portal\\\/#\\\/schema\\\/person\\\/2c57cf2b7a7ae032e449e4c9b1019eac\"},\"headline\":\"Ucrania recupera 6 localidades de Donetsk ocupadas por Rusia\",\"datePublished\":\"2025-08-22T09:47:11+00:00\",\"mainEntityOfPage\":{\"@id\":\"https:\\\/\\\/www.eldiario.net\\\/portal\\\/2025\\\/08\\\/22\\\/ucrania-recupera-6-localidades-de-donetsk-ocupadas-por-rusia\\\/\"},\"wordCount\":212,\"publisher\":{\"@id\":\"https:\\\/\\\/www.eldiario.net\\\/portal\\\/#organization\"},\"image\":{\"@id\":\"https:\\\/\\\/www.eldiario.net\\\/portal\\\/2025\\\/08\\\/22\\\/ucrania-recupera-6-localidades-de-donetsk-ocupadas-por-rusia\\\/#primaryimage\"},\"thumbnailUrl\":\"https:\\\/\\\/www.eldiario.net\\\/portal\\\/wp-content\\\/uploads\\\/2025\\\/08\\\/LOCALIDAD-Reuters.webp\",\"articleSection\":[\"Internacional\"],\"inLanguage\":\"es\"},{\"@type\":\"WebPage\",\"@id\":\"https:\\\/\\\/www.eldiario.net\\\/portal\\\/2025\\\/08\\\/22\\\/ucrania-recupera-6-localidades-de-donetsk-ocupadas-por-rusia\\\/\",\"url\":\"https:\\\/\\\/www.eldiario.net\\\/portal\\\/2025\\\/08\\\/22\\\/ucrania-recupera-6-localidades-de-donetsk-ocupadas-por-rusia\\\/\",\"name\":\"Ucrania recupera 6 localidades de Donetsk ocupadas por Rusia - El Diario - Bolivia\",\"isPartOf\":{\"@id\":\"https:\\\/\\\/www.eldiario.net\\\/portal\\\/#website\"},\"primaryImageOfPage\":{\"@id\":\"https:\\\/\\\/www.eldiario.net\\\/portal\\\/2025\\\/08\\\/22\\\/ucrania-recupera-6-localidades-de-donetsk-ocupadas-por-rusia\\\/#primaryimage\"},\"image\":{\"@id\":\"https:\\\/\\\/www.eldiario.net\\\/portal\\\/2025\\\/08\\\/22\\\/ucrania-recupera-6-localidades-de-donetsk-ocupadas-por-rusia\\\/#primaryimage\"},\"thumbnailUrl\":\"https:\\\/\\\/www.eldiario.net\\\/portal\\\/wp-content\\\/uploads\\\/2025\\\/08\\\/LOCALIDAD-Reuters.webp\",\"datePublished\":\"2025-08-22T09:47:11+00:00\",\"breadcrumb\":{\"@id\":\"https:\\\/\\\/www.eldiario.net\\\/portal\\\/2025\\\/08\\\/22\\\/ucrania-recupera-6-localidades-de-donetsk-ocupadas-por-rusia\\\/#breadcrumb\"},\"inLanguage\":\"es\",\"potentialAction\":[{\"@type\":\"ReadAction\",\"target\":[\"https:\\\/\\\/www.eldiario.net\\\/portal\\\/2025\\\/08\\\/22\\\/ucrania-recupera-6-localidades-de-donetsk-ocupadas-por-rusia\\\/\"]}]},{\"@type\":\"ImageObject\",\"inLanguage\":\"es\",\"@id\":\"https:\\\/\\\/www.eldiario.net\\\/portal\\\/2025\\\/08\\\/22\\\/ucrania-recupera-6-localidades-de-donetsk-ocupadas-por-rusia\\\/#primaryimage\",\"url\":\"https:\\\/\\\/www.eldiario.net\\\/portal\\\/wp-content\\\/uploads\\\/2025\\\/08\\\/LOCALIDAD-Reuters.webp\",\"contentUrl\":\"https:\\\/\\\/www.eldiario.net\\\/portal\\\/wp-content\\\/uploads\\\/2025\\\/08\\\/LOCALIDAD-Reuters.webp\",\"width\":992,\"height\":662},{\"@type\":\"BreadcrumbList\",\"@id\":\"https:\\\/\\\/www.eldiario.net\\\/portal\\\/2025\\\/08\\\/22\\\/ucrania-recupera-6-localidades-de-donetsk-ocupadas-por-rusia\\\/#breadcrumb\",\"itemListElement\":[{\"@type\":\"ListItem\",\"position\":1,\"name\":\"Portada\",\"item\":\"https:\\\/\\\/www.eldiario.net\\\/portal\\\/\"},{\"@type\":\"ListItem\",\"position\":2,\"name\":\"Ucrania recupera 6 localidades de Donetsk ocupadas por Rusia\"}]},{\"@type\":\"WebSite\",\"@id\":\"https:\\\/\\\/www.eldiario.net\\\/portal\\\/#website\",\"url\":\"https:\\\/\\\/www.eldiario.net\\\/portal\\\/\",\"name\":\"El Diario - Decano de la prensa nacional\",\"description\":\"El Diario - Decano de la prensa nacional\",\"publisher\":{\"@id\":\"https:\\\/\\\/www.eldiario.net\\\/portal\\\/#organization\"},\"potentialAction\":[{\"@type\":\"SearchAction\",\"target\":{\"@type\":\"EntryPoint\",\"urlTemplate\":\"https:\\\/\\\/www.eldiario.net\\\/portal\\\/?s={search_term_string}\"},\"query-input\":{\"@type\":\"PropertyValueSpecification\",\"valueRequired\":true,\"valueName\":\"search_term_string\"}}],\"inLanguage\":\"es\"},{\"@type\":\"Organization\",\"@id\":\"https:\\\/\\\/www.eldiario.net\\\/portal\\\/#organization\",\"name\":\"El Diario - Decano de la prensa nacional\",\"url\":\"https:\\\/\\\/www.eldiario.net\\\/portal\\\/\",\"logo\":{\"@type\":\"ImageObject\",\"inLanguage\":\"es\",\"@id\":\"https:\\\/\\\/www.eldiario.net\\\/portal\\\/#\\\/schema\\\/logo\\\/image\\\/\",\"url\":\"https:\\\/\\\/www.eldiario.net\\\/portal\\\/wp-content\\\/uploads\\\/2023\\\/07\\\/logo_ED.jpg\",\"contentUrl\":\"https:\\\/\\\/www.eldiario.net\\\/portal\\\/wp-content\\\/uploads\\\/2023\\\/07\\\/logo_ED.jpg\",\"width\":272,\"height\":52,\"caption\":\"El Diario - Decano de la prensa nacional\"},\"image\":{\"@id\":\"https:\\\/\\\/www.eldiario.net\\\/portal\\\/#\\\/schema\\\/logo\\\/image\\\/\"},\"sameAs\":[\"https:\\\/\\\/www.facebook.com\\\/eldiario.bolivia\\\/\",\"https:\\\/\\\/x.com\\\/eldiario_net\"]},{\"@type\":\"Person\",\"@id\":\"https:\\\/\\\/www.eldiario.net\\\/portal\\\/#\\\/schema\\\/person\\\/2c57cf2b7a7ae032e449e4c9b1019eac\",\"name\":\"Jeanette\",\"image\":{\"@type\":\"ImageObject\",\"inLanguage\":\"es\",\"@id\":\"https:\\\/\\\/secure.gravatar.com\\\/avatar\\\/3ea2118a5f7dad2b7138b1187a6b7ee55f160b9968b66013c3a3ef39dd7e5798?s=96&d=mm&r=g\",\"url\":\"https:\\\/\\\/secure.gravatar.com\\\/avatar\\\/3ea2118a5f7dad2b7138b1187a6b7ee55f160b9968b66013c3a3ef39dd7e5798?s=96&d=mm&r=g\",\"contentUrl\":\"https:\\\/\\\/secure.gravatar.com\\\/avatar\\\/3ea2118a5f7dad2b7138b1187a6b7ee55f160b9968b66013c3a3ef39dd7e5798?s=96&d=mm&r=g\",\"caption\":\"Jeanette\"},\"sameAs\":[\"https:\\\/\\\/www.eldiario.net\\\/portal\"],\"url\":\"https:\\\/\\\/www.eldiario.net\\\/portal\\\/author\\\/jeanette\\\/\"}]}<\/script>\n<!-- \/ Yoast SEO plugin. -->","yoast_head_json":{"title":"Ucrania recupera 6 localidades de Donetsk ocupadas por Rusia - El Diario - Bolivia","robots":{"index":"index","follow":"follow","max-snippet":"max-snippet:-1","max-image-preview":"max-image-preview:large","max-video-preview":"max-video-preview:-1"},"canonical":"https:\/\/www.eldiario.net\/portal\/2025\/08\/22\/ucrania-recupera-6-localidades-de-donetsk-ocupadas-por-rusia\/","og_locale":"es_ES","og_type":"article","og_title":"Ucrania recupera 6 localidades de Donetsk ocupadas por Rusia - El Diario - Bolivia","og_description":"El jefe del Estado Mayor de las Fuerzas Armadas de Ucrania, Oleksander Sirski, afirm\u00f3 que las tropas ucranianas avanzan \u00abcon \u00e9xito\u00bb en una contraofensiva en la zona este y lograron \u00abdespejar\u00bb seis localidades de la regi\u00f3n de Donetsk tomadas por los militares rusos. En concreto, seg\u00fan Sirski, se trata de seis \u00e1reas vinculadas al frente [&hellip;]","og_url":"https:\/\/www.eldiario.net\/portal\/2025\/08\/22\/ucrania-recupera-6-localidades-de-donetsk-ocupadas-por-rusia\/","og_site_name":"El Diario - Bolivia","article_publisher":"https:\/\/www.facebook.com\/eldiario.bolivia\/","article_published_time":"2025-08-22T09:47:11+00:00","og_image":[{"width":992,"height":662,"url":"https:\/\/www.eldiario.net\/portal\/wp-content\/uploads\/2025\/08\/LOCALIDAD-Reuters.webp","type":"image\/webp"}],"author":"Jeanette","twitter_card":"summary_large_image","twitter_creator":"@eldiario_net","twitter_site":"@eldiario_net","twitter_misc":{"Escrito por":"Jeanette","Tiempo de lectura":"2 minutos"},"schema":{"@context":"https:\/\/schema.org","@graph":[{"@type":"Article","@id":"https:\/\/www.eldiario.net\/portal\/2025\/08\/22\/ucrania-recupera-6-localidades-de-donetsk-ocupadas-por-rusia\/#article","isPartOf":{"@id":"https:\/\/www.eldiario.net\/portal\/2025\/08\/22\/ucrania-recupera-6-localidades-de-donetsk-ocupadas-por-rusia\/"},"author":{"name":"Jeanette","@id":"https:\/\/www.eldiario.net\/portal\/#\/schema\/person\/2c57cf2b7a7ae032e449e4c9b1019eac"},"headline":"Ucrania recupera 6 localidades de Donetsk ocupadas por Rusia","datePublished":"2025-08-22T09:47:11+00:00","mainEntityOfPage":{"@id":"https:\/\/www.eldiario.net\/portal\/2025\/08\/22\/ucrania-recupera-6-localidades-de-donetsk-ocupadas-por-rusia\/"},"wordCount":212,"publisher":{"@id":"https:\/\/www.eldiario.net\/portal\/#organization"},"image":{"@id":"https:\/\/www.eldiario.net\/portal\/2025\/08\/22\/ucrania-recupera-6-localidades-de-donetsk-ocupadas-por-rusia\/#primaryimage"},"thumbnailUrl":"https:\/\/www.eldiario.net\/portal\/wp-content\/uploads\/2025\/08\/LOCALIDAD-Reuters.webp","articleSection":["Internacional"],"inLanguage":"es"},{"@type":"WebPage","@id":"https:\/\/www.eldiario.net\/portal\/2025\/08\/22\/ucrania-recupera-6-localidades-de-donetsk-ocupadas-por-rusia\/","url":"https:\/\/www.eldiario.net\/portal\/2025\/08\/22\/ucrania-recupera-6-localidades-de-donetsk-ocupadas-por-rusia\/","name":"Ucrania recupera 6 localidades de Donetsk ocupadas por Rusia - El Diario - Bolivia","isPartOf":{"@id":"https:\/\/www.eldiario.net\/portal\/#website"},"primaryImageOfPage":{"@id":"https:\/\/www.eldiario.net\/portal\/2025\/08\/22\/ucrania-recupera-6-localidades-de-donetsk-ocupadas-por-rusia\/#primaryimage"},"image":{"@id":"https:\/\/www.eldiario.net\/portal\/2025\/08\/22\/ucrania-recupera-6-localidades-de-donetsk-ocupadas-por-rusia\/#primaryimage"},"thumbnailUrl":"https:\/\/www.eldiario.net\/portal\/wp-content\/uploads\/2025\/08\/LOCALIDAD-Reuters.webp","datePublished":"2025-08-22T09:47:11+00:00","breadcrumb":{"@id":"https:\/\/www.eldiario.net\/portal\/2025\/08\/22\/ucrania-recupera-6-localidades-de-donetsk-ocupadas-por-rusia\/#breadcrumb"},"inLanguage":"es","potentialAction":[{"@type":"ReadAction","target":["https:\/\/www.eldiario.net\/portal\/2025\/08\/22\/ucrania-recupera-6-localidades-de-donetsk-ocupadas-por-rusia\/"]}]},{"@type":"ImageObject","inLanguage":"es","@id":"https:\/\/www.eldiario.net\/portal\/2025\/08\/22\/ucrania-recupera-6-localidades-de-donetsk-ocupadas-por-rusia\/#primaryimage","url":"https:\/\/www.eldiario.net\/portal\/wp-content\/uploads\/2025\/08\/LOCALIDAD-Reuters.webp","contentUrl":"https:\/\/www.eldiario.net\/portal\/wp-content\/uploads\/2025\/08\/LOCALIDAD-Reuters.webp","width":992,"height":662},{"@type":"BreadcrumbList","@id":"https:\/\/www.eldiario.net\/portal\/2025\/08\/22\/ucrania-recupera-6-localidades-de-donetsk-ocupadas-por-rusia\/#breadcrumb","itemListElement":[{"@type":"ListItem","position":1,"name":"Portada","item":"https:\/\/www.eldiario.net\/portal\/"},{"@type":"ListItem","position":2,"name":"Ucrania recupera 6 localidades de Donetsk ocupadas por Rusia"}]},{"@type":"WebSite","@id":"https:\/\/www.eldiario.net\/portal\/#website","url":"https:\/\/www.eldiario.net\/portal\/","name":"El Diario - Decano de la prensa nacional","description":"El Diario - Decano de la prensa nacional","publisher":{"@id":"https:\/\/www.eldiario.net\/portal\/#organization"},"potentialAction":[{"@type":"SearchAction","target":{"@type":"EntryPoint","urlTemplate":"https:\/\/www.eldiario.net\/portal\/?s={search_term_string}"},"query-input":{"@type":"PropertyValueSpecification","valueRequired":true,"valueName":"search_term_string"}}],"inLanguage":"es"},{"@type":"Organization","@id":"https:\/\/www.eldiario.net\/portal\/#organization","name":"El Diario - Decano de la prensa nacional","url":"https:\/\/www.eldiario.net\/portal\/","logo":{"@type":"ImageObject","inLanguage":"es","@id":"https:\/\/www.eldiario.net\/portal\/#\/schema\/logo\/image\/","url":"https:\/\/www.eldiario.net\/portal\/wp-content\/uploads\/2023\/07\/logo_ED.jpg","contentUrl":"https:\/\/www.eldiario.net\/portal\/wp-content\/uploads\/2023\/07\/logo_ED.jpg","width":272,"height":52,"caption":"El Diario - Decano de la prensa nacional"},"image":{"@id":"https:\/\/www.eldiario.net\/portal\/#\/schema\/logo\/image\/"},"sameAs":["https:\/\/www.facebook.com\/eldiario.bolivia\/","https:\/\/x.com\/eldiario_net"]},{"@type":"Person","@id":"https:\/\/www.eldiario.net\/portal\/#\/schema\/person\/2c57cf2b7a7ae032e449e4c9b1019eac","name":"Jeanette","image":{"@type":"ImageObject","inLanguage":"es","@id":"https:\/\/secure.gravatar.com\/avatar\/3ea2118a5f7dad2b7138b1187a6b7ee55f160b9968b66013c3a3ef39dd7e5798?s=96&d=mm&r=g","url":"https:\/\/secure.gravatar.com\/avatar\/3ea2118a5f7dad2b7138b1187a6b7ee55f160b9968b66013c3a3ef39dd7e5798?s=96&d=mm&r=g","contentUrl":"https:\/\/secure.gravatar.com\/avatar\/3ea2118a5f7dad2b7138b1187a6b7ee55f160b9968b66013c3a3ef39dd7e5798?s=96&d=mm&r=g","caption":"Jeanette"},"sameAs":["https:\/\/www.eldiario.net\/portal"],"url":"https:\/\/www.eldiario.net\/portal\/author\/jeanette\/"}]}},"_links":{"self":[{"href":"https:\/\/www.eldiario.net\/portal\/wp-json\/wp\/v2\/posts\/325718","targetHints":{"allow":["GET"]}}],"collection":[{"href":"https:\/\/www.eldiario.net\/portal\/wp-json\/wp\/v2\/posts"}],"about":[{"href":"https:\/\/www.eldiario.net\/portal\/wp-json\/wp\/v2\/types\/post"}],"author":[{"embeddable":true,"href":"https:\/\/www.eldiario.net\/portal\/wp-json\/wp\/v2\/users\/1"}],"replies":[{"embeddable":true,"href":"https:\/\/www.eldiario.net\/portal\/wp-json\/wp\/v2\/comments?post=325718"}],"version-history":[{"count":1,"href":"https:\/\/www.eldiario.net\/portal\/wp-json\/wp\/v2\/posts\/325718\/revisions"}],"predecessor-version":[{"id":325720,"href":"https:\/\/www.eldiario.net\/portal\/wp-json\/wp\/v2\/posts\/325718\/revisions\/325720"}],"wp:featuredmedia":[{"embeddable":true,"href":"https:\/\/www.eldiario.net\/portal\/wp-json\/wp\/v2\/media\/325719"}],"wp:attachment":[{"href":"https:\/\/www.eldiario.net\/portal\/wp-json\/wp\/v2\/media?parent=325718"}],"wp:term":[{"taxonomy":"category","embeddable":true,"href":"https:\/\/www.eldiario.net\/portal\/wp-json\/wp\/v2\/categories?post=325718"},{"taxonomy":"post_tag","embeddable":true,"href":"https:\/\/www.eldiario.net\/portal\/wp-json\/wp\/v2\/tags?post=325718"}],"curies":[{"name":"wp","href":"https:\/\/api.w.org\/{rel}","templated":true}]}}