{"id":325703,"date":"2025-08-22T00:32:07","date_gmt":"2025-08-22T04:32:07","guid":{"rendered":"https:\/\/www.eldiario.net\/portal\/?p=325703"},"modified":"2025-08-21T22:34:13","modified_gmt":"2025-08-22T02:34:13","slug":"quirquina-lleva-su-exitoso-living-room-al-teatro-municipal","status":"publish","type":"post","link":"https:\/\/www.eldiario.net\/portal\/2025\/08\/22\/quirquina-lleva-su-exitoso-living-room-al-teatro-municipal\/","title":{"rendered":"Quirqui\u00f1a lleva su exitoso Living Room al Teatro Municipal"},"content":{"rendered":"<p>A pedido del p\u00fablico, vuelve a escena el Living Room de Quirqui\u00f1a. S\u00ed, el exitoso show ac\u00fastico de la destacada banda boliviana ser\u00e1 presentado este viernes 22 y s\u00e1bado 23 de agosto en el Teatro Municipal \u201cAlberto Saavedra P\u00e9rez\u201d.<\/p>\n<p>El show tendr\u00e1 nuevas canciones y nuevas versiones, con la gran energ\u00eda y la calidad musical a las que nos tiene acostumbrado Quirqui\u00f1a.<\/p>\n<p>A pocas horas de ser parte de este renovado Living Room, La Gu\u00eda convers\u00f3 con Alejandro Delius, l\u00edder de la agrupaci\u00f3n nacional, y esto fue lo que nos cont\u00f3.<\/p>\n<p><strong>LG: \u00bfCu\u00e1ndo y c\u00f3mo naci\u00f3 el Living Room de Quirqui\u00f1a?<\/strong><\/p>\n<p>A: El Living Room naci\u00f3 a mediados de 2024. La idea fue simple desde un principio: llevar el Living de nuestra sala de ensayo a un Teatro con la intenci\u00f3n de presentar versiones ac\u00fasticas de nuestras canciones. La opci\u00f3n original que hicimos en Teatro Nuna se trataba de un escenario 360 grados, con la banda al centro y el p\u00fablico alrededor. En este nuevo Living Room presentaremos un show con la disposici\u00f3n standard en un teatro: la banda en escenario y el p\u00fablico al frente.<\/p>\n<p><strong>LG \u00bfC\u00f3mo lo recibi\u00f3 el p\u00fablico?<\/strong><\/p>\n<p>A: Hemos lanzado el primer set del primer Living Room, se encuentra en todas las plataformas digitales. Fue un \u00e9xito rotundo y lo m\u00e1s importante es que nos gust\u00f3 demasiado hacerlo. Por eso hemos decidido darle un sello y hacer del concepto Living Room una marca propia en la escena musical.<\/p>\n<p><strong>LG: \u00bfQu\u00e9 condimento especial tiene para Quirqui\u00f1a hacer un show ac\u00fastico?<\/strong><\/p>\n<p>A: Somos 4 m\u00fasicos en escenario, pero tocando varios instrumentos diferentes y experimentando con sonidos poco usuales en un concierto normal de Quirqui\u00f1a. En el Living Room podemos comunicarnos con un lenguaje musical vers\u00e1til y maduro.<\/p>\n<p><strong>LG: \u00bfCu\u00e1l ser\u00e1 el repertorio que presentar\u00e1n en el Teatro Municipal este 22 y 23 de agosto?<\/strong><\/p>\n<p>A: Nuestro repertorio consiste en dos actos de obras propias. 20 temas en total, 10 temas en cada salida. La gente podr\u00e1 entrar en un nuevo mundo en cuanto a nuestras canciones y captar\u00e1 la sensibilidad de nuestra m\u00fasica. Para nosotros son 20 obras muy distintas unas de otras.<\/p>\n<p><strong>LG: \u00bfCu\u00e1nto tiempo vienen ensayando para estos conciertos?<\/strong><\/p>\n<p>A: Hemos hecho 7 ensayos, de 5 horas cada uno. Un total de 35 horas ensayando, en un periodo de 2 semanas, para encontrar un lenguaje \u00edntimo en los 20 temas propios que interpretaremos. Tomamos muy en serio la calidad de nuestro sonido.<\/p>\n<p><strong>LG: \u00bfC\u00f3mo anda la log\u00edstica para la grabaci\u00f3n y filmaci\u00f3n del espect\u00e1culo?<\/strong><\/p>\n<p>A: La log\u00edstica perfecta y bien planificada. Tenemos 20 personas trabajando afuera del escenario para que todo salga perfecto y sea un show memorable. Grabaremos y filmaremos todo; lanzaremos otro \u00e1lbum con ese material.<\/p>\n<p><strong>LG: \u00bfQui\u00e9nes son los integrantes de Quirqui\u00f1a?<\/strong><\/p>\n<p>A: Los 4 m\u00fasicos de Quirqui\u00f1a somos: Alejandro Delius, \u2060Alejandro De Ugarte, \u2060Mateo Caballero y \u2060Sergio De Ugarte.<\/p>\n<p><strong>LG: \u00bfC\u00f3mo est\u00e1 la voz de Alejandro Delius?<\/strong><\/p>\n<p>A: Mucho mejor que hace 20 a\u00f1os, cada d\u00eda canto mejor.<\/p>\n<p><strong>LG: Quirqui\u00f1a se reencontr\u00f3 en 2022, \u00bfqu\u00e9 balance haces hasta el momento? \u00a0<\/strong><\/p>\n<p>A: Desde 2022 hasta ahora hemos hecho casi 300 conciertos en todo el pa\u00eds. Estamos pasando la mejor etapa de nuestra carrera como banda, sin lugar a dudas.<\/p>\n<p><strong>LG: \u00bfPor qu\u00e9 crees que el p\u00fablico sigue teniendo un cari\u00f1o especial a la banda?<\/strong><\/p>\n<p>A: La principal raz\u00f3n es porque somos totalmente aut\u00e9nticos; estamos fundamentalmente lejos de la far\u00e1ndula y el show de la falsa humildad. Llenamos todos nuestros conciertos sin tener que ir a la televisi\u00f3n a peregrinar por un espacio y sin que nuestra m\u00fasica suene en las radios. Quirqui\u00f1a definitivamente es una banda real, una banda boliviana, una banda 100% pace\u00f1a, una banda de culto. Una banda libre.<\/p>\n<p><strong>LG: \u00bfEst\u00e1n viviendo uno de sus mejores momentos?<\/strong><\/p>\n<p>A: Estamos viviendo nuestro mejor momento musicalmente, espiritualmente, econ\u00f3micamente, art\u00edsticamente. Sentimos que reci\u00e9n estamos comenzando. Nuestro objetivo es ser una banda grande a nivel mundial. Vamos a lograrlo con trabajo, disciplina y honestidad.<\/p>\n<ol>\n<li><strong> \u00bfQu\u00e9 se viene para Quirqui\u00f1a despu\u00e9s de estos shows ac\u00fasticos?<\/strong><\/li>\n<\/ol>\n<p>A: Tenemos una agenda con muchos conciertos. Todo lleno hasta marzo de 2026. Vamos a lanzar, adem\u00e1s, alrededor de 17 nuevos sencillos in\u00e9ditos entre 2025 y 2027. Estamos trabajando duro y sin pausa. A la gente no le va a volver a faltar Quirqui\u00f1a.<\/p>\n<p><strong>LG: \u00bfQu\u00e9 le prometen al p\u00fablico de La Paz?<\/strong><\/p>\n<p>A: Prometemos lealtad, amor, buena m\u00fasica, arte por encima de la far\u00e1ndula. Nada de reguet\u00f3n, por supuesto. Prometemos hacer siempre nuevas canciones. Pero debo puntualizar que nuestra m\u00fasica primero nos tiene que gustar y emocionar a nosotros cuatro, antes que nada, luego ya depende del p\u00fablico si se engancha o no. Hacer hits no es un par\u00e1metro, nos interesa hacer obras musicales de buena calidad y con un sonido propio.<\/p>\n<p><strong>LG: \u00bfDeseas agregar algo?<\/strong><\/p>\n<p>A: Solamente agregar que lo \u00fanico que nos puede salvar es y ser\u00e1 siempre el arte. Nada puede estar por encima del arte. Nosotros somos arte, la vida es para vivirla con arte. Dile s\u00ed al arte y dile no a la far\u00e1ndula.<\/p>\n\r\n                <style type=\"text\/css\">\r\n                    \r\n                    #tdi_1  .td-doubleSlider-2 .td-item1 {\r\n                        background: url(https:\/\/www.eldiario.net\/portal\/wp-content\/uploads\/2025\/08\/4-7-80x60.webp) 0 0 no-repeat;\r\n                    }\r\n                    #tdi_1  .td-doubleSlider-2 .td-item2 {\r\n                        background: url(https:\/\/www.eldiario.net\/portal\/wp-content\/uploads\/2025\/08\/5-4-80x60.webp) 0 0 no-repeat;\r\n                    }\r\n                    #tdi_1  .td-doubleSlider-2 .td-item3 {\r\n                        background: url(https:\/\/www.eldiario.net\/portal\/wp-content\/uploads\/2025\/08\/6-4-80x60.webp) 0 0 no-repeat;\r\n                    }\r\n                    #tdi_1  .td-doubleSlider-2 .td-item4 {\r\n                        background: url(https:\/\/www.eldiario.net\/portal\/wp-content\/uploads\/2025\/08\/7-1-80x60.webp) 0 0 no-repeat;\r\n                    }\r\n                    #tdi_1  .td-doubleSlider-2 .td-item5 {\r\n                        background: url(https:\/\/www.eldiario.net\/portal\/wp-content\/uploads\/2025\/08\/8-80x60.webp) 0 0 no-repeat;\r\n                    }\r\n                    #tdi_1  .td-doubleSlider-2 .td-item6 {\r\n                        background: url(https:\/\/www.eldiario.net\/portal\/wp-content\/uploads\/2025\/08\/9-80x60.webp) 0 0 no-repeat;\r\n                    }\r\n                    #tdi_1  .td-doubleSlider-2 .td-item7 {\r\n                        background: url(https:\/\/www.eldiario.net\/portal\/wp-content\/uploads\/2025\/08\/10-80x60.webp) 0 0 no-repeat;\r\n                    }\r\n                    #tdi_1  .td-doubleSlider-2 .td-item8 {\r\n                        background: url(https:\/\/www.eldiario.net\/portal\/wp-content\/uploads\/2025\/08\/1-PRINCIPAL-7-80x60.webp) 0 0 no-repeat;\r\n                    }\r\n                    #tdi_1  .td-doubleSlider-2 .td-item9 {\r\n                        background: url(https:\/\/www.eldiario.net\/portal\/wp-content\/uploads\/2025\/08\/2-5-80x60.webp) 0 0 no-repeat;\r\n                    }\r\n                    #tdi_1  .td-doubleSlider-2 .td-item10 {\r\n                        background: url(https:\/\/www.eldiario.net\/portal\/wp-content\/uploads\/2025\/08\/3-7-80x60.webp) 0 0 no-repeat;\r\n                    }\r\n                <\/style>\r\n\r\n                <div id=\"tdi_1\" class=\"td-gallery td-slide-on-2-columns\">\r\n                    <div class=\"post_td_gallery\">\r\n                        <div class=\"td-gallery-slide-top\">\r\n                           <div class=\"td-gallery-title\"><\/div>\r\n\r\n                            <div class=\"td-gallery-controls-wrapper\">\r\n                                <div class=\"td-gallery-slide-count\"><span class=\"td-gallery-slide-item-focus\">1<\/span> de 10<\/div>\r\n                                <div class=\"td-gallery-slide-prev-next-but\">\r\n                                    <i class = \"td-icon-left doubleSliderPrevButton\"><\/i>\r\n                                    <i class = \"td-icon-right doubleSliderNextButton\"><\/i>\r\n                                <\/div>\r\n                            <\/div>\r\n                        <\/div>\r\n\r\n                        <div class = \"td-doubleSlider-1 \">\r\n                            <div class = \"td-slider\">\r\n                                \r\n                    <div class = \"td-slide-item td-item1\">\r\n                        <figure class=\"td-slide-galery-figure td-slide-popup-gallery\">\r\n                            <a class=\"slide-gallery-image-link\" href=\"https:\/\/www.eldiario.net\/portal\/wp-content\/uploads\/2025\/08\/4-7.webp\" title=\"4\"  data-caption=\"\"  data-description=\"\">\r\n                                <img decoding=\"async\" src=\"https:\/\/www.eldiario.net\/portal\/wp-content\/uploads\/2025\/08\/4-7-631x420.webp\" srcset=\"https:\/\/www.eldiario.net\/portal\/wp-content\/uploads\/2025\/08\/4-7-631x420.webp 631w, https:\/\/www.eldiario.net\/portal\/wp-content\/uploads\/2025\/08\/4-7-300x200.webp 300w, https:\/\/www.eldiario.net\/portal\/wp-content\/uploads\/2025\/08\/4-7-1024x682.webp 1024w, https:\/\/www.eldiario.net\/portal\/wp-content\/uploads\/2025\/08\/4-7-768x511.webp 768w, https:\/\/www.eldiario.net\/portal\/wp-content\/uploads\/2025\/08\/4-7-150x100.webp 150w, https:\/\/www.eldiario.net\/portal\/wp-content\/uploads\/2025\/08\/4-7-696x463.webp 696w, https:\/\/www.eldiario.net\/portal\/wp-content\/uploads\/2025\/08\/4-7-1068x711.webp 1068w, https:\/\/www.eldiario.net\/portal\/wp-content\/uploads\/2025\/08\/4-7.webp 1200w\" sizes=\"(max-width: 631px) 100vw, 631px\" alt=\"\">\r\n                            <\/a>\r\n                            \r\n                        <\/figure>\r\n                    <\/div>\r\n                    <div class = \"td-slide-item td-item2\">\r\n                        <figure class=\"td-slide-galery-figure td-slide-popup-gallery\">\r\n                            <a class=\"slide-gallery-image-link\" href=\"https:\/\/www.eldiario.net\/portal\/wp-content\/uploads\/2025\/08\/5-4.webp\" title=\"5\"  data-caption=\"\"  data-description=\"\">\r\n                                <img decoding=\"async\" src=\"https:\/\/www.eldiario.net\/portal\/wp-content\/uploads\/2025\/08\/5-4-496x420.webp\" srcset=\"https:\/\/www.eldiario.net\/portal\/wp-content\/uploads\/2025\/08\/5-4-496x420.webp 496w, https:\/\/www.eldiario.net\/portal\/wp-content\/uploads\/2025\/08\/5-4-300x254.webp 300w, https:\/\/www.eldiario.net\/portal\/wp-content\/uploads\/2025\/08\/5-4-1024x867.webp 1024w, https:\/\/www.eldiario.net\/portal\/wp-content\/uploads\/2025\/08\/5-4-768x650.webp 768w, https:\/\/www.eldiario.net\/portal\/wp-content\/uploads\/2025\/08\/5-4-150x127.webp 150w, https:\/\/www.eldiario.net\/portal\/wp-content\/uploads\/2025\/08\/5-4-696x589.webp 696w, https:\/\/www.eldiario.net\/portal\/wp-content\/uploads\/2025\/08\/5-4-1068x904.webp 1068w, https:\/\/www.eldiario.net\/portal\/wp-content\/uploads\/2025\/08\/5-4.webp 1200w\" sizes=\"(max-width: 496px) 100vw, 496px\" alt=\"\">\r\n                            <\/a>\r\n                            \r\n                        <\/figure>\r\n                    <\/div>\r\n                    <div class = \"td-slide-item td-item3\">\r\n                        <figure class=\"td-slide-galery-figure td-slide-popup-gallery\">\r\n                            <a class=\"slide-gallery-image-link\" href=\"https:\/\/www.eldiario.net\/portal\/wp-content\/uploads\/2025\/08\/6-4.webp\" title=\"6\"  data-caption=\"\"  data-description=\"\">\r\n                                <img decoding=\"async\" src=\"https:\/\/www.eldiario.net\/portal\/wp-content\/uploads\/2025\/08\/6-4-630x420.webp\" srcset=\"https:\/\/www.eldiario.net\/portal\/wp-content\/uploads\/2025\/08\/6-4-630x420.webp 630w, https:\/\/www.eldiario.net\/portal\/wp-content\/uploads\/2025\/08\/6-4-300x200.webp 300w, https:\/\/www.eldiario.net\/portal\/wp-content\/uploads\/2025\/08\/6-4-1024x683.webp 1024w, https:\/\/www.eldiario.net\/portal\/wp-content\/uploads\/2025\/08\/6-4-768x512.webp 768w, https:\/\/www.eldiario.net\/portal\/wp-content\/uploads\/2025\/08\/6-4-150x100.webp 150w, https:\/\/www.eldiario.net\/portal\/wp-content\/uploads\/2025\/08\/6-4-696x464.webp 696w, https:\/\/www.eldiario.net\/portal\/wp-content\/uploads\/2025\/08\/6-4-1068x712.webp 1068w, https:\/\/www.eldiario.net\/portal\/wp-content\/uploads\/2025\/08\/6-4.webp 1200w\" sizes=\"(max-width: 630px) 100vw, 630px\" alt=\"\">\r\n                            <\/a>\r\n                            \r\n                        <\/figure>\r\n                    <\/div>\r\n                    <div class = \"td-slide-item td-item4\">\r\n                        <figure class=\"td-slide-galery-figure td-slide-popup-gallery\">\r\n                            <a class=\"slide-gallery-image-link\" href=\"https:\/\/www.eldiario.net\/portal\/wp-content\/uploads\/2025\/08\/7-1.webp\" title=\"7\"  data-caption=\"\"  data-description=\"\">\r\n                                <img decoding=\"async\" src=\"https:\/\/www.eldiario.net\/portal\/wp-content\/uploads\/2025\/08\/7-1-630x420.webp\" srcset=\"https:\/\/www.eldiario.net\/portal\/wp-content\/uploads\/2025\/08\/7-1-630x420.webp 630w, https:\/\/www.eldiario.net\/portal\/wp-content\/uploads\/2025\/08\/7-1-300x200.webp 300w, https:\/\/www.eldiario.net\/portal\/wp-content\/uploads\/2025\/08\/7-1-1024x683.webp 1024w, https:\/\/www.eldiario.net\/portal\/wp-content\/uploads\/2025\/08\/7-1-768x512.webp 768w, https:\/\/www.eldiario.net\/portal\/wp-content\/uploads\/2025\/08\/7-1-150x100.webp 150w, https:\/\/www.eldiario.net\/portal\/wp-content\/uploads\/2025\/08\/7-1-696x464.webp 696w, https:\/\/www.eldiario.net\/portal\/wp-content\/uploads\/2025\/08\/7-1-1068x712.webp 1068w, https:\/\/www.eldiario.net\/portal\/wp-content\/uploads\/2025\/08\/7-1.webp 1200w\" sizes=\"(max-width: 630px) 100vw, 630px\" alt=\"\">\r\n                            <\/a>\r\n                            \r\n                        <\/figure>\r\n                    <\/div>\r\n                    <div class = \"td-slide-item td-item5\">\r\n                        <figure class=\"td-slide-galery-figure td-slide-popup-gallery\">\r\n                            <a class=\"slide-gallery-image-link\" href=\"https:\/\/www.eldiario.net\/portal\/wp-content\/uploads\/2025\/08\/8.webp\" title=\"8\"  data-caption=\"\"  data-description=\"\">\r\n                                <img decoding=\"async\" src=\"https:\/\/www.eldiario.net\/portal\/wp-content\/uploads\/2025\/08\/8-630x420.webp\" srcset=\"https:\/\/www.eldiario.net\/portal\/wp-content\/uploads\/2025\/08\/8-630x420.webp 630w, https:\/\/www.eldiario.net\/portal\/wp-content\/uploads\/2025\/08\/8-300x200.webp 300w, https:\/\/www.eldiario.net\/portal\/wp-content\/uploads\/2025\/08\/8-1024x683.webp 1024w, https:\/\/www.eldiario.net\/portal\/wp-content\/uploads\/2025\/08\/8-768x512.webp 768w, https:\/\/www.eldiario.net\/portal\/wp-content\/uploads\/2025\/08\/8-150x100.webp 150w, https:\/\/www.eldiario.net\/portal\/wp-content\/uploads\/2025\/08\/8-696x464.webp 696w, https:\/\/www.eldiario.net\/portal\/wp-content\/uploads\/2025\/08\/8-1068x712.webp 1068w, https:\/\/www.eldiario.net\/portal\/wp-content\/uploads\/2025\/08\/8.webp 1200w\" sizes=\"(max-width: 630px) 100vw, 630px\" alt=\"\">\r\n                            <\/a>\r\n                            \r\n                        <\/figure>\r\n                    <\/div>\r\n                    <div class = \"td-slide-item td-item6\">\r\n                        <figure class=\"td-slide-galery-figure td-slide-popup-gallery\">\r\n                            <a class=\"slide-gallery-image-link\" href=\"https:\/\/www.eldiario.net\/portal\/wp-content\/uploads\/2025\/08\/9.webp\" title=\"9\"  data-caption=\"\"  data-description=\"\">\r\n                                <img decoding=\"async\" src=\"https:\/\/www.eldiario.net\/portal\/wp-content\/uploads\/2025\/08\/9-630x420.webp\" srcset=\"https:\/\/www.eldiario.net\/portal\/wp-content\/uploads\/2025\/08\/9-630x420.webp 630w, https:\/\/www.eldiario.net\/portal\/wp-content\/uploads\/2025\/08\/9-300x200.webp 300w, https:\/\/www.eldiario.net\/portal\/wp-content\/uploads\/2025\/08\/9-1024x683.webp 1024w, https:\/\/www.eldiario.net\/portal\/wp-content\/uploads\/2025\/08\/9-768x512.webp 768w, https:\/\/www.eldiario.net\/portal\/wp-content\/uploads\/2025\/08\/9-150x100.webp 150w, https:\/\/www.eldiario.net\/portal\/wp-content\/uploads\/2025\/08\/9-696x464.webp 696w, https:\/\/www.eldiario.net\/portal\/wp-content\/uploads\/2025\/08\/9-1068x712.webp 1068w, https:\/\/www.eldiario.net\/portal\/wp-content\/uploads\/2025\/08\/9.webp 1200w\" sizes=\"(max-width: 630px) 100vw, 630px\" alt=\"\">\r\n                            <\/a>\r\n                            \r\n                        <\/figure>\r\n                    <\/div>\r\n                    <div class = \"td-slide-item td-item7\">\r\n                        <figure class=\"td-slide-galery-figure td-slide-popup-gallery\">\r\n                            <a class=\"slide-gallery-image-link\" href=\"https:\/\/www.eldiario.net\/portal\/wp-content\/uploads\/2025\/08\/10.webp\" title=\"10\"  data-caption=\"\"  data-description=\"\">\r\n                                <img decoding=\"async\" src=\"https:\/\/www.eldiario.net\/portal\/wp-content\/uploads\/2025\/08\/10-630x420.webp\" srcset=\"https:\/\/www.eldiario.net\/portal\/wp-content\/uploads\/2025\/08\/10-630x420.webp 630w, https:\/\/www.eldiario.net\/portal\/wp-content\/uploads\/2025\/08\/10-300x200.webp 300w, https:\/\/www.eldiario.net\/portal\/wp-content\/uploads\/2025\/08\/10-1024x683.webp 1024w, https:\/\/www.eldiario.net\/portal\/wp-content\/uploads\/2025\/08\/10-768x512.webp 768w, https:\/\/www.eldiario.net\/portal\/wp-content\/uploads\/2025\/08\/10-150x100.webp 150w, https:\/\/www.eldiario.net\/portal\/wp-content\/uploads\/2025\/08\/10-696x464.webp 696w, https:\/\/www.eldiario.net\/portal\/wp-content\/uploads\/2025\/08\/10-1068x712.webp 1068w, https:\/\/www.eldiario.net\/portal\/wp-content\/uploads\/2025\/08\/10.webp 1200w\" sizes=\"(max-width: 630px) 100vw, 630px\" alt=\"\">\r\n                            <\/a>\r\n                            \r\n                        <\/figure>\r\n                    <\/div>\r\n                    <div class = \"td-slide-item td-item8\">\r\n                        <figure class=\"td-slide-galery-figure td-slide-popup-gallery\">\r\n                            <a class=\"slide-gallery-image-link\" href=\"https:\/\/www.eldiario.net\/portal\/wp-content\/uploads\/2025\/08\/1-PRINCIPAL-7.webp\" title=\"1-PRINCIPAL\"  data-caption=\"\"  data-description=\"\">\r\n                                <img decoding=\"async\" src=\"https:\/\/www.eldiario.net\/portal\/wp-content\/uploads\/2025\/08\/1-PRINCIPAL-7-631x420.webp\" srcset=\"https:\/\/www.eldiario.net\/portal\/wp-content\/uploads\/2025\/08\/1-PRINCIPAL-7-631x420.webp 631w, https:\/\/www.eldiario.net\/portal\/wp-content\/uploads\/2025\/08\/1-PRINCIPAL-7-300x200.webp 300w, https:\/\/www.eldiario.net\/portal\/wp-content\/uploads\/2025\/08\/1-PRINCIPAL-7-1024x682.webp 1024w, https:\/\/www.eldiario.net\/portal\/wp-content\/uploads\/2025\/08\/1-PRINCIPAL-7-768x511.webp 768w, https:\/\/www.eldiario.net\/portal\/wp-content\/uploads\/2025\/08\/1-PRINCIPAL-7-150x100.webp 150w, https:\/\/www.eldiario.net\/portal\/wp-content\/uploads\/2025\/08\/1-PRINCIPAL-7-696x463.webp 696w, https:\/\/www.eldiario.net\/portal\/wp-content\/uploads\/2025\/08\/1-PRINCIPAL-7-1068x711.webp 1068w, https:\/\/www.eldiario.net\/portal\/wp-content\/uploads\/2025\/08\/1-PRINCIPAL-7.webp 1200w\" sizes=\"(max-width: 631px) 100vw, 631px\" alt=\"\">\r\n                            <\/a>\r\n                            \r\n                        <\/figure>\r\n                    <\/div>\r\n                    <div class = \"td-slide-item td-item9\">\r\n                        <figure class=\"td-slide-galery-figure td-slide-popup-gallery\">\r\n                            <a class=\"slide-gallery-image-link\" href=\"https:\/\/www.eldiario.net\/portal\/wp-content\/uploads\/2025\/08\/2-5.webp\" title=\"2\"  data-caption=\"\"  data-description=\"\">\r\n                                <img decoding=\"async\" src=\"https:\/\/www.eldiario.net\/portal\/wp-content\/uploads\/2025\/08\/2-5-741x420.webp\" srcset=\"https:\/\/www.eldiario.net\/portal\/wp-content\/uploads\/2025\/08\/2-5-741x420.webp 741w, https:\/\/www.eldiario.net\/portal\/wp-content\/uploads\/2025\/08\/2-5-300x170.webp 300w, https:\/\/www.eldiario.net\/portal\/wp-content\/uploads\/2025\/08\/2-5-1024x580.webp 1024w, https:\/\/www.eldiario.net\/portal\/wp-content\/uploads\/2025\/08\/2-5-768x435.webp 768w, https:\/\/www.eldiario.net\/portal\/wp-content\/uploads\/2025\/08\/2-5-150x85.webp 150w, https:\/\/www.eldiario.net\/portal\/wp-content\/uploads\/2025\/08\/2-5-696x394.webp 696w, https:\/\/www.eldiario.net\/portal\/wp-content\/uploads\/2025\/08\/2-5-1068x605.webp 1068w, https:\/\/www.eldiario.net\/portal\/wp-content\/uploads\/2025\/08\/2-5.webp 1200w\" sizes=\"(max-width: 741px) 100vw, 741px\" alt=\"\">\r\n                            <\/a>\r\n                            \r\n                        <\/figure>\r\n                    <\/div>\r\n                    <div class = \"td-slide-item td-item10\">\r\n                        <figure class=\"td-slide-galery-figure td-slide-popup-gallery\">\r\n                            <a class=\"slide-gallery-image-link\" href=\"https:\/\/www.eldiario.net\/portal\/wp-content\/uploads\/2025\/08\/3-7.webp\" title=\"3\"  data-caption=\"\"  data-description=\"\">\r\n                                <img decoding=\"async\" src=\"https:\/\/www.eldiario.net\/portal\/wp-content\/uploads\/2025\/08\/3-7-659x420.webp\" srcset=\"https:\/\/www.eldiario.net\/portal\/wp-content\/uploads\/2025\/08\/3-7-659x420.webp 659w, https:\/\/www.eldiario.net\/portal\/wp-content\/uploads\/2025\/08\/3-7-300x191.webp 300w, https:\/\/www.eldiario.net\/portal\/wp-content\/uploads\/2025\/08\/3-7-1024x653.webp 1024w, https:\/\/www.eldiario.net\/portal\/wp-content\/uploads\/2025\/08\/3-7-768x490.webp 768w, https:\/\/www.eldiario.net\/portal\/wp-content\/uploads\/2025\/08\/3-7-150x96.webp 150w, https:\/\/www.eldiario.net\/portal\/wp-content\/uploads\/2025\/08\/3-7-696x444.webp 696w, https:\/\/www.eldiario.net\/portal\/wp-content\/uploads\/2025\/08\/3-7-1068x681.webp 1068w, https:\/\/www.eldiario.net\/portal\/wp-content\/uploads\/2025\/08\/3-7.webp 1200w\" sizes=\"(max-width: 659px) 100vw, 659px\" alt=\"\">\r\n                            <\/a>\r\n                            \r\n                        <\/figure>\r\n                    <\/div>\r\n                            <\/div>\r\n                        <\/div>\r\n\r\n                        <div class = \"td-doubleSlider-2\">\r\n                            <div class = \"td-slider\">\r\n                                \r\n                    <div class = \"td-button td-item1\">\r\n                        <div class = \"td-border\"><\/div>\r\n                    <\/div>\r\n                    <div class = \"td-button td-item2\">\r\n                        <div class = \"td-border\"><\/div>\r\n                    <\/div>\r\n                    <div class = \"td-button td-item3\">\r\n                        <div class = \"td-border\"><\/div>\r\n                    <\/div>\r\n                    <div class = \"td-button td-item4\">\r\n                        <div class = \"td-border\"><\/div>\r\n                    <\/div>\r\n                    <div class = \"td-button td-item5\">\r\n                        <div class = \"td-border\"><\/div>\r\n                    <\/div>\r\n                    <div class = \"td-button td-item6\">\r\n                        <div class = \"td-border\"><\/div>\r\n                    <\/div>\r\n                    <div class = \"td-button td-item7\">\r\n                        <div class = \"td-border\"><\/div>\r\n                    <\/div>\r\n                    <div class = \"td-button td-item8\">\r\n                        <div class = \"td-border\"><\/div>\r\n                    <\/div>\r\n                    <div class = \"td-button td-item9\">\r\n                        <div class = \"td-border\"><\/div>\r\n                    <\/div>\r\n                    <div class = \"td-button td-item10\">\r\n                        <div class = \"td-border\"><\/div>\r\n                    <\/div>\r\n                            <\/div>\r\n                        <\/div>\r\n\r\n                    <\/div>\r\n\r\n                <\/div>\r\n                \n","protected":false},"excerpt":{"rendered":"<p>A pedido del p\u00fablico, vuelve a escena el Living Room de Quirqui\u00f1a. S\u00ed, el exitoso show ac\u00fastico de la destacada banda boliviana ser\u00e1 presentado este viernes 22 y s\u00e1bado 23 de agosto en el Teatro Municipal \u201cAlberto Saavedra P\u00e9rez\u201d. El show tendr\u00e1 nuevas canciones y nuevas versiones, con la gran energ\u00eda y la calidad musical [&hellip;]<\/p>\n","protected":false},"author":1,"featured_media":325711,"comment_status":"closed","ping_status":"open","sticky":false,"template":"","format":"standard","meta":{"_acf_changed":false,"footnotes":""},"categories":[41],"tags":[],"class_list":["post-325703","post","type-post","status-publish","format-standard","has-post-thumbnail","category-la-guia"],"acf":{"antetitulo":""},"yoast_head":"<!-- This site is optimized with the Yoast SEO plugin v28.4 - https:\/\/yoast.com\/product\/yoast-seo-wordpress\/ -->\n<title>Quirqui\u00f1a lleva su exitoso Living Room al Teatro Municipal - El Diario - Bolivia<\/title>\n<meta name=\"robots\" content=\"index, follow, max-snippet:-1, max-image-preview:large, max-video-preview:-1\" \/>\n<link rel=\"canonical\" href=\"https:\/\/www.eldiario.net\/portal\/2025\/08\/22\/quirquina-lleva-su-exitoso-living-room-al-teatro-municipal\/\" \/>\n<meta property=\"og:locale\" content=\"es_ES\" \/>\n<meta property=\"og:type\" content=\"article\" \/>\n<meta property=\"og:title\" content=\"Quirqui\u00f1a lleva su exitoso Living Room al Teatro Municipal - El Diario - Bolivia\" \/>\n<meta property=\"og:description\" content=\"A pedido del p\u00fablico, vuelve a escena el Living Room de Quirqui\u00f1a. S\u00ed, el exitoso show ac\u00fastico de la destacada banda boliviana ser\u00e1 presentado este viernes 22 y s\u00e1bado 23 de agosto en el Teatro Municipal \u201cAlberto Saavedra P\u00e9rez\u201d. El show tendr\u00e1 nuevas canciones y nuevas versiones, con la gran energ\u00eda y la calidad musical [&hellip;]\" \/>\n<meta property=\"og:url\" content=\"https:\/\/www.eldiario.net\/portal\/2025\/08\/22\/quirquina-lleva-su-exitoso-living-room-al-teatro-municipal\/\" \/>\n<meta property=\"og:site_name\" content=\"El Diario - Bolivia\" \/>\n<meta property=\"article:publisher\" content=\"https:\/\/www.facebook.com\/eldiario.bolivia\/\" \/>\n<meta property=\"article:published_time\" content=\"2025-08-22T04:32:07+00:00\" \/>\n<meta property=\"og:image\" content=\"https:\/\/www.eldiario.net\/portal\/wp-content\/uploads\/2025\/08\/1-PRINCIPAL-7.webp\" \/>\n\t<meta property=\"og:image:width\" content=\"1200\" \/>\n\t<meta property=\"og:image:height\" content=\"799\" \/>\n\t<meta property=\"og:image:type\" content=\"image\/webp\" \/>\n<meta name=\"author\" content=\"Jeanette\" \/>\n<meta name=\"twitter:card\" content=\"summary_large_image\" \/>\n<meta name=\"twitter:creator\" content=\"@eldiario_net\" \/>\n<meta name=\"twitter:site\" content=\"@eldiario_net\" \/>\n<meta name=\"twitter:label1\" content=\"Escrito por\" \/>\n\t<meta name=\"twitter:data1\" content=\"Jeanette\" \/>\n\t<meta name=\"twitter:label2\" content=\"Tiempo de lectura\" \/>\n\t<meta name=\"twitter:data2\" content=\"5 minutos\" \/>\n<script type=\"application\/ld+json\" class=\"yoast-schema-graph\">{\"@context\":\"https:\\\/\\\/schema.org\",\"@graph\":[{\"@type\":\"Article\",\"@id\":\"https:\\\/\\\/www.eldiario.net\\\/portal\\\/2025\\\/08\\\/22\\\/quirquina-lleva-su-exitoso-living-room-al-teatro-municipal\\\/#article\",\"isPartOf\":{\"@id\":\"https:\\\/\\\/www.eldiario.net\\\/portal\\\/2025\\\/08\\\/22\\\/quirquina-lleva-su-exitoso-living-room-al-teatro-municipal\\\/\"},\"author\":{\"name\":\"Jeanette\",\"@id\":\"https:\\\/\\\/www.eldiario.net\\\/portal\\\/#\\\/schema\\\/person\\\/2c57cf2b7a7ae032e449e4c9b1019eac\"},\"headline\":\"Quirqui\u00f1a lleva su exitoso Living Room al Teatro Municipal\",\"datePublished\":\"2025-08-22T04:32:07+00:00\",\"mainEntityOfPage\":{\"@id\":\"https:\\\/\\\/www.eldiario.net\\\/portal\\\/2025\\\/08\\\/22\\\/quirquina-lleva-su-exitoso-living-room-al-teatro-municipal\\\/\"},\"wordCount\":906,\"publisher\":{\"@id\":\"https:\\\/\\\/www.eldiario.net\\\/portal\\\/#organization\"},\"image\":{\"@id\":\"https:\\\/\\\/www.eldiario.net\\\/portal\\\/2025\\\/08\\\/22\\\/quirquina-lleva-su-exitoso-living-room-al-teatro-municipal\\\/#primaryimage\"},\"thumbnailUrl\":\"https:\\\/\\\/www.eldiario.net\\\/portal\\\/wp-content\\\/uploads\\\/2025\\\/08\\\/1-PRINCIPAL-7.webp\",\"articleSection\":[\"La Gu\u00eda\"],\"inLanguage\":\"es\"},{\"@type\":\"WebPage\",\"@id\":\"https:\\\/\\\/www.eldiario.net\\\/portal\\\/2025\\\/08\\\/22\\\/quirquina-lleva-su-exitoso-living-room-al-teatro-municipal\\\/\",\"url\":\"https:\\\/\\\/www.eldiario.net\\\/portal\\\/2025\\\/08\\\/22\\\/quirquina-lleva-su-exitoso-living-room-al-teatro-municipal\\\/\",\"name\":\"Quirqui\u00f1a lleva su exitoso Living Room al Teatro Municipal - El Diario - Bolivia\",\"isPartOf\":{\"@id\":\"https:\\\/\\\/www.eldiario.net\\\/portal\\\/#website\"},\"primaryImageOfPage\":{\"@id\":\"https:\\\/\\\/www.eldiario.net\\\/portal\\\/2025\\\/08\\\/22\\\/quirquina-lleva-su-exitoso-living-room-al-teatro-municipal\\\/#primaryimage\"},\"image\":{\"@id\":\"https:\\\/\\\/www.eldiario.net\\\/portal\\\/2025\\\/08\\\/22\\\/quirquina-lleva-su-exitoso-living-room-al-teatro-municipal\\\/#primaryimage\"},\"thumbnailUrl\":\"https:\\\/\\\/www.eldiario.net\\\/portal\\\/wp-content\\\/uploads\\\/2025\\\/08\\\/1-PRINCIPAL-7.webp\",\"datePublished\":\"2025-08-22T04:32:07+00:00\",\"breadcrumb\":{\"@id\":\"https:\\\/\\\/www.eldiario.net\\\/portal\\\/2025\\\/08\\\/22\\\/quirquina-lleva-su-exitoso-living-room-al-teatro-municipal\\\/#breadcrumb\"},\"inLanguage\":\"es\",\"potentialAction\":[{\"@type\":\"ReadAction\",\"target\":[\"https:\\\/\\\/www.eldiario.net\\\/portal\\\/2025\\\/08\\\/22\\\/quirquina-lleva-su-exitoso-living-room-al-teatro-municipal\\\/\"]}]},{\"@type\":\"ImageObject\",\"inLanguage\":\"es\",\"@id\":\"https:\\\/\\\/www.eldiario.net\\\/portal\\\/2025\\\/08\\\/22\\\/quirquina-lleva-su-exitoso-living-room-al-teatro-municipal\\\/#primaryimage\",\"url\":\"https:\\\/\\\/www.eldiario.net\\\/portal\\\/wp-content\\\/uploads\\\/2025\\\/08\\\/1-PRINCIPAL-7.webp\",\"contentUrl\":\"https:\\\/\\\/www.eldiario.net\\\/portal\\\/wp-content\\\/uploads\\\/2025\\\/08\\\/1-PRINCIPAL-7.webp\",\"width\":1200,\"height\":799},{\"@type\":\"BreadcrumbList\",\"@id\":\"https:\\\/\\\/www.eldiario.net\\\/portal\\\/2025\\\/08\\\/22\\\/quirquina-lleva-su-exitoso-living-room-al-teatro-municipal\\\/#breadcrumb\",\"itemListElement\":[{\"@type\":\"ListItem\",\"position\":1,\"name\":\"Portada\",\"item\":\"https:\\\/\\\/www.eldiario.net\\\/portal\\\/\"},{\"@type\":\"ListItem\",\"position\":2,\"name\":\"Quirqui\u00f1a lleva su exitoso Living Room al Teatro Municipal\"}]},{\"@type\":\"WebSite\",\"@id\":\"https:\\\/\\\/www.eldiario.net\\\/portal\\\/#website\",\"url\":\"https:\\\/\\\/www.eldiario.net\\\/portal\\\/\",\"name\":\"El Diario - Decano de la prensa nacional\",\"description\":\"El Diario - Decano de la prensa nacional\",\"publisher\":{\"@id\":\"https:\\\/\\\/www.eldiario.net\\\/portal\\\/#organization\"},\"potentialAction\":[{\"@type\":\"SearchAction\",\"target\":{\"@type\":\"EntryPoint\",\"urlTemplate\":\"https:\\\/\\\/www.eldiario.net\\\/portal\\\/?s={search_term_string}\"},\"query-input\":{\"@type\":\"PropertyValueSpecification\",\"valueRequired\":true,\"valueName\":\"search_term_string\"}}],\"inLanguage\":\"es\"},{\"@type\":\"Organization\",\"@id\":\"https:\\\/\\\/www.eldiario.net\\\/portal\\\/#organization\",\"name\":\"El Diario - Decano de la prensa nacional\",\"url\":\"https:\\\/\\\/www.eldiario.net\\\/portal\\\/\",\"logo\":{\"@type\":\"ImageObject\",\"inLanguage\":\"es\",\"@id\":\"https:\\\/\\\/www.eldiario.net\\\/portal\\\/#\\\/schema\\\/logo\\\/image\\\/\",\"url\":\"https:\\\/\\\/www.eldiario.net\\\/portal\\\/wp-content\\\/uploads\\\/2023\\\/07\\\/logo_ED.jpg\",\"contentUrl\":\"https:\\\/\\\/www.eldiario.net\\\/portal\\\/wp-content\\\/uploads\\\/2023\\\/07\\\/logo_ED.jpg\",\"width\":272,\"height\":52,\"caption\":\"El Diario - Decano de la prensa nacional\"},\"image\":{\"@id\":\"https:\\\/\\\/www.eldiario.net\\\/portal\\\/#\\\/schema\\\/logo\\\/image\\\/\"},\"sameAs\":[\"https:\\\/\\\/www.facebook.com\\\/eldiario.bolivia\\\/\",\"https:\\\/\\\/x.com\\\/eldiario_net\"]},{\"@type\":\"Person\",\"@id\":\"https:\\\/\\\/www.eldiario.net\\\/portal\\\/#\\\/schema\\\/person\\\/2c57cf2b7a7ae032e449e4c9b1019eac\",\"name\":\"Jeanette\",\"image\":{\"@type\":\"ImageObject\",\"inLanguage\":\"es\",\"@id\":\"https:\\\/\\\/secure.gravatar.com\\\/avatar\\\/3ea2118a5f7dad2b7138b1187a6b7ee55f160b9968b66013c3a3ef39dd7e5798?s=96&d=mm&r=g\",\"url\":\"https:\\\/\\\/secure.gravatar.com\\\/avatar\\\/3ea2118a5f7dad2b7138b1187a6b7ee55f160b9968b66013c3a3ef39dd7e5798?s=96&d=mm&r=g\",\"contentUrl\":\"https:\\\/\\\/secure.gravatar.com\\\/avatar\\\/3ea2118a5f7dad2b7138b1187a6b7ee55f160b9968b66013c3a3ef39dd7e5798?s=96&d=mm&r=g\",\"caption\":\"Jeanette\"},\"sameAs\":[\"https:\\\/\\\/www.eldiario.net\\\/portal\"],\"url\":\"https:\\\/\\\/www.eldiario.net\\\/portal\\\/author\\\/jeanette\\\/\"}]}<\/script>\n<!-- \/ Yoast SEO plugin. -->","yoast_head_json":{"title":"Quirqui\u00f1a lleva su exitoso Living Room al Teatro Municipal - El Diario - Bolivia","robots":{"index":"index","follow":"follow","max-snippet":"max-snippet:-1","max-image-preview":"max-image-preview:large","max-video-preview":"max-video-preview:-1"},"canonical":"https:\/\/www.eldiario.net\/portal\/2025\/08\/22\/quirquina-lleva-su-exitoso-living-room-al-teatro-municipal\/","og_locale":"es_ES","og_type":"article","og_title":"Quirqui\u00f1a lleva su exitoso Living Room al Teatro Municipal - El Diario - Bolivia","og_description":"A pedido del p\u00fablico, vuelve a escena el Living Room de Quirqui\u00f1a. S\u00ed, el exitoso show ac\u00fastico de la destacada banda boliviana ser\u00e1 presentado este viernes 22 y s\u00e1bado 23 de agosto en el Teatro Municipal \u201cAlberto Saavedra P\u00e9rez\u201d. El show tendr\u00e1 nuevas canciones y nuevas versiones, con la gran energ\u00eda y la calidad musical [&hellip;]","og_url":"https:\/\/www.eldiario.net\/portal\/2025\/08\/22\/quirquina-lleva-su-exitoso-living-room-al-teatro-municipal\/","og_site_name":"El Diario - Bolivia","article_publisher":"https:\/\/www.facebook.com\/eldiario.bolivia\/","article_published_time":"2025-08-22T04:32:07+00:00","og_image":[{"width":1200,"height":799,"url":"https:\/\/www.eldiario.net\/portal\/wp-content\/uploads\/2025\/08\/1-PRINCIPAL-7.webp","type":"image\/webp"}],"author":"Jeanette","twitter_card":"summary_large_image","twitter_creator":"@eldiario_net","twitter_site":"@eldiario_net","twitter_misc":{"Escrito por":"Jeanette","Tiempo de lectura":"5 minutos"},"schema":{"@context":"https:\/\/schema.org","@graph":[{"@type":"Article","@id":"https:\/\/www.eldiario.net\/portal\/2025\/08\/22\/quirquina-lleva-su-exitoso-living-room-al-teatro-municipal\/#article","isPartOf":{"@id":"https:\/\/www.eldiario.net\/portal\/2025\/08\/22\/quirquina-lleva-su-exitoso-living-room-al-teatro-municipal\/"},"author":{"name":"Jeanette","@id":"https:\/\/www.eldiario.net\/portal\/#\/schema\/person\/2c57cf2b7a7ae032e449e4c9b1019eac"},"headline":"Quirqui\u00f1a lleva su exitoso Living Room al Teatro Municipal","datePublished":"2025-08-22T04:32:07+00:00","mainEntityOfPage":{"@id":"https:\/\/www.eldiario.net\/portal\/2025\/08\/22\/quirquina-lleva-su-exitoso-living-room-al-teatro-municipal\/"},"wordCount":906,"publisher":{"@id":"https:\/\/www.eldiario.net\/portal\/#organization"},"image":{"@id":"https:\/\/www.eldiario.net\/portal\/2025\/08\/22\/quirquina-lleva-su-exitoso-living-room-al-teatro-municipal\/#primaryimage"},"thumbnailUrl":"https:\/\/www.eldiario.net\/portal\/wp-content\/uploads\/2025\/08\/1-PRINCIPAL-7.webp","articleSection":["La Gu\u00eda"],"inLanguage":"es"},{"@type":"WebPage","@id":"https:\/\/www.eldiario.net\/portal\/2025\/08\/22\/quirquina-lleva-su-exitoso-living-room-al-teatro-municipal\/","url":"https:\/\/www.eldiario.net\/portal\/2025\/08\/22\/quirquina-lleva-su-exitoso-living-room-al-teatro-municipal\/","name":"Quirqui\u00f1a lleva su exitoso Living Room al Teatro Municipal - El Diario - Bolivia","isPartOf":{"@id":"https:\/\/www.eldiario.net\/portal\/#website"},"primaryImageOfPage":{"@id":"https:\/\/www.eldiario.net\/portal\/2025\/08\/22\/quirquina-lleva-su-exitoso-living-room-al-teatro-municipal\/#primaryimage"},"image":{"@id":"https:\/\/www.eldiario.net\/portal\/2025\/08\/22\/quirquina-lleva-su-exitoso-living-room-al-teatro-municipal\/#primaryimage"},"thumbnailUrl":"https:\/\/www.eldiario.net\/portal\/wp-content\/uploads\/2025\/08\/1-PRINCIPAL-7.webp","datePublished":"2025-08-22T04:32:07+00:00","breadcrumb":{"@id":"https:\/\/www.eldiario.net\/portal\/2025\/08\/22\/quirquina-lleva-su-exitoso-living-room-al-teatro-municipal\/#breadcrumb"},"inLanguage":"es","potentialAction":[{"@type":"ReadAction","target":["https:\/\/www.eldiario.net\/portal\/2025\/08\/22\/quirquina-lleva-su-exitoso-living-room-al-teatro-municipal\/"]}]},{"@type":"ImageObject","inLanguage":"es","@id":"https:\/\/www.eldiario.net\/portal\/2025\/08\/22\/quirquina-lleva-su-exitoso-living-room-al-teatro-municipal\/#primaryimage","url":"https:\/\/www.eldiario.net\/portal\/wp-content\/uploads\/2025\/08\/1-PRINCIPAL-7.webp","contentUrl":"https:\/\/www.eldiario.net\/portal\/wp-content\/uploads\/2025\/08\/1-PRINCIPAL-7.webp","width":1200,"height":799},{"@type":"BreadcrumbList","@id":"https:\/\/www.eldiario.net\/portal\/2025\/08\/22\/quirquina-lleva-su-exitoso-living-room-al-teatro-municipal\/#breadcrumb","itemListElement":[{"@type":"ListItem","position":1,"name":"Portada","item":"https:\/\/www.eldiario.net\/portal\/"},{"@type":"ListItem","position":2,"name":"Quirqui\u00f1a lleva su exitoso Living Room al Teatro Municipal"}]},{"@type":"WebSite","@id":"https:\/\/www.eldiario.net\/portal\/#website","url":"https:\/\/www.eldiario.net\/portal\/","name":"El Diario - Decano de la prensa nacional","description":"El Diario - Decano de la prensa nacional","publisher":{"@id":"https:\/\/www.eldiario.net\/portal\/#organization"},"potentialAction":[{"@type":"SearchAction","target":{"@type":"EntryPoint","urlTemplate":"https:\/\/www.eldiario.net\/portal\/?s={search_term_string}"},"query-input":{"@type":"PropertyValueSpecification","valueRequired":true,"valueName":"search_term_string"}}],"inLanguage":"es"},{"@type":"Organization","@id":"https:\/\/www.eldiario.net\/portal\/#organization","name":"El Diario - Decano de la prensa nacional","url":"https:\/\/www.eldiario.net\/portal\/","logo":{"@type":"ImageObject","inLanguage":"es","@id":"https:\/\/www.eldiario.net\/portal\/#\/schema\/logo\/image\/","url":"https:\/\/www.eldiario.net\/portal\/wp-content\/uploads\/2023\/07\/logo_ED.jpg","contentUrl":"https:\/\/www.eldiario.net\/portal\/wp-content\/uploads\/2023\/07\/logo_ED.jpg","width":272,"height":52,"caption":"El Diario - Decano de la prensa nacional"},"image":{"@id":"https:\/\/www.eldiario.net\/portal\/#\/schema\/logo\/image\/"},"sameAs":["https:\/\/www.facebook.com\/eldiario.bolivia\/","https:\/\/x.com\/eldiario_net"]},{"@type":"Person","@id":"https:\/\/www.eldiario.net\/portal\/#\/schema\/person\/2c57cf2b7a7ae032e449e4c9b1019eac","name":"Jeanette","image":{"@type":"ImageObject","inLanguage":"es","@id":"https:\/\/secure.gravatar.com\/avatar\/3ea2118a5f7dad2b7138b1187a6b7ee55f160b9968b66013c3a3ef39dd7e5798?s=96&d=mm&r=g","url":"https:\/\/secure.gravatar.com\/avatar\/3ea2118a5f7dad2b7138b1187a6b7ee55f160b9968b66013c3a3ef39dd7e5798?s=96&d=mm&r=g","contentUrl":"https:\/\/secure.gravatar.com\/avatar\/3ea2118a5f7dad2b7138b1187a6b7ee55f160b9968b66013c3a3ef39dd7e5798?s=96&d=mm&r=g","caption":"Jeanette"},"sameAs":["https:\/\/www.eldiario.net\/portal"],"url":"https:\/\/www.eldiario.net\/portal\/author\/jeanette\/"}]}},"_links":{"self":[{"href":"https:\/\/www.eldiario.net\/portal\/wp-json\/wp\/v2\/posts\/325703","targetHints":{"allow":["GET"]}}],"collection":[{"href":"https:\/\/www.eldiario.net\/portal\/wp-json\/wp\/v2\/posts"}],"about":[{"href":"https:\/\/www.eldiario.net\/portal\/wp-json\/wp\/v2\/types\/post"}],"author":[{"embeddable":true,"href":"https:\/\/www.eldiario.net\/portal\/wp-json\/wp\/v2\/users\/1"}],"replies":[{"embeddable":true,"href":"https:\/\/www.eldiario.net\/portal\/wp-json\/wp\/v2\/comments?post=325703"}],"version-history":[{"count":1,"href":"https:\/\/www.eldiario.net\/portal\/wp-json\/wp\/v2\/posts\/325703\/revisions"}],"predecessor-version":[{"id":325714,"href":"https:\/\/www.eldiario.net\/portal\/wp-json\/wp\/v2\/posts\/325703\/revisions\/325714"}],"wp:featuredmedia":[{"embeddable":true,"href":"https:\/\/www.eldiario.net\/portal\/wp-json\/wp\/v2\/media\/325711"}],"wp:attachment":[{"href":"https:\/\/www.eldiario.net\/portal\/wp-json\/wp\/v2\/media?parent=325703"}],"wp:term":[{"taxonomy":"category","embeddable":true,"href":"https:\/\/www.eldiario.net\/portal\/wp-json\/wp\/v2\/categories?post=325703"},{"taxonomy":"post_tag","embeddable":true,"href":"https:\/\/www.eldiario.net\/portal\/wp-json\/wp\/v2\/tags?post=325703"}],"curies":[{"name":"wp","href":"https:\/\/api.w.org\/{rel}","templated":true}]}}