{"id":325693,"date":"2025-08-22T00:30:15","date_gmt":"2025-08-22T04:30:15","guid":{"rendered":"https:\/\/www.eldiario.net\/portal\/?p=325693"},"modified":"2025-08-21T22:25:57","modified_gmt":"2025-08-22T02:25:57","slug":"defensoria-observo-falta-de-accesibilidad-y-espacios-para-ejercicio-del-voto-asistido","status":"publish","type":"post","link":"https:\/\/www.eldiario.net\/portal\/2025\/08\/22\/defensoria-observo-falta-de-accesibilidad-y-espacios-para-ejercicio-del-voto-asistido\/","title":{"rendered":"Defensor\u00eda observ\u00f3 falta de accesibilidad y espacios para ejercicio del voto asistido"},"content":{"rendered":"<p>En su Informe de Monitoreo de Derechos Humanos de las Elecciones Generales 2025, la Defensor\u00eda del Pueblo (DPB) revel\u00f3 falta de condiciones de acceso para personas con dificultades de movilidad y\u00a0ausencia de espacios espec\u00edficos para ejercer el voto asistido en el 28% de recintos electorales monitoreados.<\/p>\n<p>\u201cDel total de recintos electorales monitoreados por la DPB, se verific\u00f3 que el 28% no eran accesibles para personas con dificultades de movilizaci\u00f3n, con edificios de varios pisos o la inexistencia de ramplas, entre otros aspectos\u201d, se\u00f1ala el informe defensorial difundido ayer.<\/p>\n<p>Este documento, elaborado despu\u00e9s de la jornada electoral del 17 de agosto, fue entregado a delegaciones del Centro Europeo de Asistencia Electoral (CEAE) y del Programa de las Naciones Unidas para el Desarrollo (PNUD), con informaci\u00f3n recabada de 904 recintos electorales y 1.056 mesas de sufragio en 89 municipios del pa\u00eds, de acuerdo con una nota de prensa institucional.<\/p>\n<p>Respecto al voto asistido, la entidad defensorial advirti\u00f3 que encontr\u00f3 que tambi\u00e9n un 28% de los recintos monitoreados no llegaron a habilitar este tipo de espacio para los votantes con dificultades de movilizaci\u00f3n.<\/p>\n<p>\u201cSe verific\u00f3 que, en el 72% del total de recintos electorales monitoreados, se habilit\u00f3 un espacio espec\u00edfico para el voto asistido en un lugar accesible para personas con dificultades de movilizaci\u00f3n (en planta baja, cerca de la puerta de ingreso u otros). Sin embargo, en un 28%, no se lleg\u00f3 a habilitar este tipo de espacio\u201d, agrega el reporte.<\/p>\n<p>Como otro dato relevante, el defensor del Pueblo, Pedro Callisaya, inform\u00f3 que, en el 53% de las mesas, los jurados electorales reportaron haber recibido solicitudes de voto asistido y preferente, lo cual refleja la indispensabilidad de implementar condiciones de accesibilidad y espacios para que personas adultas mayores y con movilidad reducida puedan ejercer su derecho al sufragio.<\/p>\n<p>Entre sus principales conclusiones, la DPB remarc\u00f3 la necesidad de reforzar mecanismos de capacitaci\u00f3n y difusi\u00f3n en manos del \u00d3rgano Electoral Plurinacional (OEP); sin embargo, destac\u00f3 un desarrollo normal de los comicios con \u201cniveles adecuados\u201d de orden, paz y transparencia, aunque con algunos incidentes aislados de conflictividad y violencia electoral.<\/p>\n<p>&nbsp;<\/p>\n<p>RECOMIENDAN MEJORAR INFRAESTRUCTURAS<\/p>\n<p>Como recomendaciones para mejorar estas limitaciones, la Defensor\u00eda exhort\u00f3 al OEP \u201cincrementar el porcentaje de recintos electorales con espacios espec\u00edficos para el voto asistido (72%) en lugares accesibles para personas con dificultades de movilizaci\u00f3n\u201d, as\u00ed como \u201cmejorar la infraestructura de los recintos electorales para garantizar accesibilidad universal\u201d.<\/p>\n<p>La DPB recomend\u00f3 al poder electoral \u201creforzar los mecanismos de evaluaci\u00f3n de la capacitaci\u00f3n de jurados electorales en materia de voto asistido, voto preferente y accesibilidad, para mejorar su desempe\u00f1o en la jornada electoral, considerando que, en el 15% de las mesas observadas, los jurados aplicaron la normativa sobre el tema de manera parcial o incorrecta\u201d.<\/p>\n<figure id=\"attachment_325695\" aria-describedby=\"caption-attachment-325695\" style=\"width: 665px\" class=\"wp-caption alignleft\"><img loading=\"lazy\" decoding=\"async\" class=\"wp-image-325695 size-full\" src=\"https:\/\/www.eldiario.net\/portal\/wp-content\/uploads\/2025\/08\/22-ACCESO-2.webp\" alt=\"\" width=\"665\" height=\"420\" srcset=\"https:\/\/www.eldiario.net\/portal\/wp-content\/uploads\/2025\/08\/22-ACCESO-2.webp 665w, https:\/\/www.eldiario.net\/portal\/wp-content\/uploads\/2025\/08\/22-ACCESO-2-300x189.webp 300w, https:\/\/www.eldiario.net\/portal\/wp-content\/uploads\/2025\/08\/22-ACCESO-2-150x95.webp 150w\" sizes=\"auto, (max-width: 665px) 100vw, 665px\" \/><figcaption id=\"caption-attachment-325695\" class=\"wp-caption-text\">Imagen referencial.<br \/>Foto: Archivo ANF<\/figcaption><\/figure>\n","protected":false},"excerpt":{"rendered":"<p>En su Informe de Monitoreo de Derechos Humanos de las Elecciones Generales 2025, la Defensor\u00eda del Pueblo (DPB) revel\u00f3 falta de condiciones de acceso para personas con dificultades de movilidad y\u00a0ausencia de espacios espec\u00edficos para ejercer el voto asistido en el 28% de recintos electorales monitoreados. \u201cDel total de recintos electorales monitoreados por la DPB, [&hellip;]<\/p>\n","protected":false},"author":1,"featured_media":325694,"comment_status":"closed","ping_status":"open","sticky":false,"template":"","format":"standard","meta":{"_acf_changed":false,"footnotes":""},"categories":[39],"tags":[],"class_list":["post-325693","post","type-post","status-publish","format-standard","has-post-thumbnail","category-sociedad"],"acf":{"antetitulo":"Durante elecciones"},"yoast_head":"<!-- This site is optimized with the Yoast SEO plugin v28.4 - https:\/\/yoast.com\/product\/yoast-seo-wordpress\/ -->\n<title>Defensor\u00eda observ\u00f3 falta de accesibilidad y espacios para ejercicio del voto asistido - El Diario - Bolivia<\/title>\n<meta name=\"robots\" content=\"index, follow, max-snippet:-1, max-image-preview:large, max-video-preview:-1\" \/>\n<link rel=\"canonical\" href=\"https:\/\/www.eldiario.net\/portal\/2025\/08\/22\/defensoria-observo-falta-de-accesibilidad-y-espacios-para-ejercicio-del-voto-asistido\/\" \/>\n<meta property=\"og:locale\" content=\"es_ES\" \/>\n<meta property=\"og:type\" content=\"article\" \/>\n<meta property=\"og:title\" content=\"Defensor\u00eda observ\u00f3 falta de accesibilidad y espacios para ejercicio del voto asistido - El Diario - Bolivia\" \/>\n<meta property=\"og:description\" content=\"En su Informe de Monitoreo de Derechos Humanos de las Elecciones Generales 2025, la Defensor\u00eda del Pueblo (DPB) revel\u00f3 falta de condiciones de acceso para personas con dificultades de movilidad y\u00a0ausencia de espacios espec\u00edficos para ejercer el voto asistido en el 28% de recintos electorales monitoreados. \u201cDel total de recintos electorales monitoreados por la DPB, [&hellip;]\" \/>\n<meta property=\"og:url\" content=\"https:\/\/www.eldiario.net\/portal\/2025\/08\/22\/defensoria-observo-falta-de-accesibilidad-y-espacios-para-ejercicio-del-voto-asistido\/\" \/>\n<meta property=\"og:site_name\" content=\"El Diario - Bolivia\" \/>\n<meta property=\"article:publisher\" content=\"https:\/\/www.facebook.com\/eldiario.bolivia\/\" \/>\n<meta property=\"article:published_time\" content=\"2025-08-22T04:30:15+00:00\" \/>\n<meta property=\"og:image\" content=\"https:\/\/www.eldiario.net\/portal\/wp-content\/uploads\/2025\/08\/22-ACCESO-1.webp\" \/>\n\t<meta property=\"og:image:width\" content=\"1600\" \/>\n\t<meta property=\"og:image:height\" content=\"1066\" \/>\n\t<meta property=\"og:image:type\" content=\"image\/webp\" \/>\n<meta name=\"author\" content=\"Jeanette\" \/>\n<meta name=\"twitter:card\" content=\"summary_large_image\" \/>\n<meta name=\"twitter:creator\" content=\"@eldiario_net\" \/>\n<meta name=\"twitter:site\" content=\"@eldiario_net\" \/>\n<meta name=\"twitter:label1\" content=\"Escrito por\" \/>\n\t<meta name=\"twitter:data1\" content=\"Jeanette\" \/>\n\t<meta name=\"twitter:label2\" content=\"Tiempo de lectura\" \/>\n\t<meta name=\"twitter:data2\" content=\"3 minutos\" \/>\n<script type=\"application\/ld+json\" class=\"yoast-schema-graph\">{\"@context\":\"https:\\\/\\\/schema.org\",\"@graph\":[{\"@type\":\"Article\",\"@id\":\"https:\\\/\\\/www.eldiario.net\\\/portal\\\/2025\\\/08\\\/22\\\/defensoria-observo-falta-de-accesibilidad-y-espacios-para-ejercicio-del-voto-asistido\\\/#article\",\"isPartOf\":{\"@id\":\"https:\\\/\\\/www.eldiario.net\\\/portal\\\/2025\\\/08\\\/22\\\/defensoria-observo-falta-de-accesibilidad-y-espacios-para-ejercicio-del-voto-asistido\\\/\"},\"author\":{\"name\":\"Jeanette\",\"@id\":\"https:\\\/\\\/www.eldiario.net\\\/portal\\\/#\\\/schema\\\/person\\\/2c57cf2b7a7ae032e449e4c9b1019eac\"},\"headline\":\"Defensor\u00eda observ\u00f3 falta de accesibilidad y espacios para ejercicio del voto asistido\",\"datePublished\":\"2025-08-22T04:30:15+00:00\",\"mainEntityOfPage\":{\"@id\":\"https:\\\/\\\/www.eldiario.net\\\/portal\\\/2025\\\/08\\\/22\\\/defensoria-observo-falta-de-accesibilidad-y-espacios-para-ejercicio-del-voto-asistido\\\/\"},\"wordCount\":485,\"publisher\":{\"@id\":\"https:\\\/\\\/www.eldiario.net\\\/portal\\\/#organization\"},\"image\":{\"@id\":\"https:\\\/\\\/www.eldiario.net\\\/portal\\\/2025\\\/08\\\/22\\\/defensoria-observo-falta-de-accesibilidad-y-espacios-para-ejercicio-del-voto-asistido\\\/#primaryimage\"},\"thumbnailUrl\":\"https:\\\/\\\/www.eldiario.net\\\/portal\\\/wp-content\\\/uploads\\\/2025\\\/08\\\/22-ACCESO-1.webp\",\"articleSection\":[\"Sociedad - Seguridad\"],\"inLanguage\":\"es\"},{\"@type\":\"WebPage\",\"@id\":\"https:\\\/\\\/www.eldiario.net\\\/portal\\\/2025\\\/08\\\/22\\\/defensoria-observo-falta-de-accesibilidad-y-espacios-para-ejercicio-del-voto-asistido\\\/\",\"url\":\"https:\\\/\\\/www.eldiario.net\\\/portal\\\/2025\\\/08\\\/22\\\/defensoria-observo-falta-de-accesibilidad-y-espacios-para-ejercicio-del-voto-asistido\\\/\",\"name\":\"Defensor\u00eda observ\u00f3 falta de accesibilidad y espacios para ejercicio del voto asistido - El Diario - Bolivia\",\"isPartOf\":{\"@id\":\"https:\\\/\\\/www.eldiario.net\\\/portal\\\/#website\"},\"primaryImageOfPage\":{\"@id\":\"https:\\\/\\\/www.eldiario.net\\\/portal\\\/2025\\\/08\\\/22\\\/defensoria-observo-falta-de-accesibilidad-y-espacios-para-ejercicio-del-voto-asistido\\\/#primaryimage\"},\"image\":{\"@id\":\"https:\\\/\\\/www.eldiario.net\\\/portal\\\/2025\\\/08\\\/22\\\/defensoria-observo-falta-de-accesibilidad-y-espacios-para-ejercicio-del-voto-asistido\\\/#primaryimage\"},\"thumbnailUrl\":\"https:\\\/\\\/www.eldiario.net\\\/portal\\\/wp-content\\\/uploads\\\/2025\\\/08\\\/22-ACCESO-1.webp\",\"datePublished\":\"2025-08-22T04:30:15+00:00\",\"breadcrumb\":{\"@id\":\"https:\\\/\\\/www.eldiario.net\\\/portal\\\/2025\\\/08\\\/22\\\/defensoria-observo-falta-de-accesibilidad-y-espacios-para-ejercicio-del-voto-asistido\\\/#breadcrumb\"},\"inLanguage\":\"es\",\"potentialAction\":[{\"@type\":\"ReadAction\",\"target\":[\"https:\\\/\\\/www.eldiario.net\\\/portal\\\/2025\\\/08\\\/22\\\/defensoria-observo-falta-de-accesibilidad-y-espacios-para-ejercicio-del-voto-asistido\\\/\"]}]},{\"@type\":\"ImageObject\",\"inLanguage\":\"es\",\"@id\":\"https:\\\/\\\/www.eldiario.net\\\/portal\\\/2025\\\/08\\\/22\\\/defensoria-observo-falta-de-accesibilidad-y-espacios-para-ejercicio-del-voto-asistido\\\/#primaryimage\",\"url\":\"https:\\\/\\\/www.eldiario.net\\\/portal\\\/wp-content\\\/uploads\\\/2025\\\/08\\\/22-ACCESO-1.webp\",\"contentUrl\":\"https:\\\/\\\/www.eldiario.net\\\/portal\\\/wp-content\\\/uploads\\\/2025\\\/08\\\/22-ACCESO-1.webp\",\"width\":1600,\"height\":1066,\"caption\":\"Defensor del Pueblo, Pedro Callisaya. Foto: DPB\"},{\"@type\":\"BreadcrumbList\",\"@id\":\"https:\\\/\\\/www.eldiario.net\\\/portal\\\/2025\\\/08\\\/22\\\/defensoria-observo-falta-de-accesibilidad-y-espacios-para-ejercicio-del-voto-asistido\\\/#breadcrumb\",\"itemListElement\":[{\"@type\":\"ListItem\",\"position\":1,\"name\":\"Portada\",\"item\":\"https:\\\/\\\/www.eldiario.net\\\/portal\\\/\"},{\"@type\":\"ListItem\",\"position\":2,\"name\":\"Defensor\u00eda observ\u00f3 falta de accesibilidad y espacios para ejercicio del voto asistido\"}]},{\"@type\":\"WebSite\",\"@id\":\"https:\\\/\\\/www.eldiario.net\\\/portal\\\/#website\",\"url\":\"https:\\\/\\\/www.eldiario.net\\\/portal\\\/\",\"name\":\"El Diario - Decano de la prensa nacional\",\"description\":\"El Diario - Decano de la prensa nacional\",\"publisher\":{\"@id\":\"https:\\\/\\\/www.eldiario.net\\\/portal\\\/#organization\"},\"potentialAction\":[{\"@type\":\"SearchAction\",\"target\":{\"@type\":\"EntryPoint\",\"urlTemplate\":\"https:\\\/\\\/www.eldiario.net\\\/portal\\\/?s={search_term_string}\"},\"query-input\":{\"@type\":\"PropertyValueSpecification\",\"valueRequired\":true,\"valueName\":\"search_term_string\"}}],\"inLanguage\":\"es\"},{\"@type\":\"Organization\",\"@id\":\"https:\\\/\\\/www.eldiario.net\\\/portal\\\/#organization\",\"name\":\"El Diario - Decano de la prensa nacional\",\"url\":\"https:\\\/\\\/www.eldiario.net\\\/portal\\\/\",\"logo\":{\"@type\":\"ImageObject\",\"inLanguage\":\"es\",\"@id\":\"https:\\\/\\\/www.eldiario.net\\\/portal\\\/#\\\/schema\\\/logo\\\/image\\\/\",\"url\":\"https:\\\/\\\/www.eldiario.net\\\/portal\\\/wp-content\\\/uploads\\\/2023\\\/07\\\/logo_ED.jpg\",\"contentUrl\":\"https:\\\/\\\/www.eldiario.net\\\/portal\\\/wp-content\\\/uploads\\\/2023\\\/07\\\/logo_ED.jpg\",\"width\":272,\"height\":52,\"caption\":\"El Diario - Decano de la prensa nacional\"},\"image\":{\"@id\":\"https:\\\/\\\/www.eldiario.net\\\/portal\\\/#\\\/schema\\\/logo\\\/image\\\/\"},\"sameAs\":[\"https:\\\/\\\/www.facebook.com\\\/eldiario.bolivia\\\/\",\"https:\\\/\\\/x.com\\\/eldiario_net\"]},{\"@type\":\"Person\",\"@id\":\"https:\\\/\\\/www.eldiario.net\\\/portal\\\/#\\\/schema\\\/person\\\/2c57cf2b7a7ae032e449e4c9b1019eac\",\"name\":\"Jeanette\",\"image\":{\"@type\":\"ImageObject\",\"inLanguage\":\"es\",\"@id\":\"https:\\\/\\\/secure.gravatar.com\\\/avatar\\\/3ea2118a5f7dad2b7138b1187a6b7ee55f160b9968b66013c3a3ef39dd7e5798?s=96&d=mm&r=g\",\"url\":\"https:\\\/\\\/secure.gravatar.com\\\/avatar\\\/3ea2118a5f7dad2b7138b1187a6b7ee55f160b9968b66013c3a3ef39dd7e5798?s=96&d=mm&r=g\",\"contentUrl\":\"https:\\\/\\\/secure.gravatar.com\\\/avatar\\\/3ea2118a5f7dad2b7138b1187a6b7ee55f160b9968b66013c3a3ef39dd7e5798?s=96&d=mm&r=g\",\"caption\":\"Jeanette\"},\"sameAs\":[\"https:\\\/\\\/www.eldiario.net\\\/portal\"],\"url\":\"https:\\\/\\\/www.eldiario.net\\\/portal\\\/author\\\/jeanette\\\/\"}]}<\/script>\n<!-- \/ Yoast SEO plugin. -->","yoast_head_json":{"title":"Defensor\u00eda observ\u00f3 falta de accesibilidad y espacios para ejercicio del voto asistido - El Diario - Bolivia","robots":{"index":"index","follow":"follow","max-snippet":"max-snippet:-1","max-image-preview":"max-image-preview:large","max-video-preview":"max-video-preview:-1"},"canonical":"https:\/\/www.eldiario.net\/portal\/2025\/08\/22\/defensoria-observo-falta-de-accesibilidad-y-espacios-para-ejercicio-del-voto-asistido\/","og_locale":"es_ES","og_type":"article","og_title":"Defensor\u00eda observ\u00f3 falta de accesibilidad y espacios para ejercicio del voto asistido - El Diario - Bolivia","og_description":"En su Informe de Monitoreo de Derechos Humanos de las Elecciones Generales 2025, la Defensor\u00eda del Pueblo (DPB) revel\u00f3 falta de condiciones de acceso para personas con dificultades de movilidad y\u00a0ausencia de espacios espec\u00edficos para ejercer el voto asistido en el 28% de recintos electorales monitoreados. \u201cDel total de recintos electorales monitoreados por la DPB, [&hellip;]","og_url":"https:\/\/www.eldiario.net\/portal\/2025\/08\/22\/defensoria-observo-falta-de-accesibilidad-y-espacios-para-ejercicio-del-voto-asistido\/","og_site_name":"El Diario - Bolivia","article_publisher":"https:\/\/www.facebook.com\/eldiario.bolivia\/","article_published_time":"2025-08-22T04:30:15+00:00","og_image":[{"width":1600,"height":1066,"url":"https:\/\/www.eldiario.net\/portal\/wp-content\/uploads\/2025\/08\/22-ACCESO-1.webp","type":"image\/webp"}],"author":"Jeanette","twitter_card":"summary_large_image","twitter_creator":"@eldiario_net","twitter_site":"@eldiario_net","twitter_misc":{"Escrito por":"Jeanette","Tiempo de lectura":"3 minutos"},"schema":{"@context":"https:\/\/schema.org","@graph":[{"@type":"Article","@id":"https:\/\/www.eldiario.net\/portal\/2025\/08\/22\/defensoria-observo-falta-de-accesibilidad-y-espacios-para-ejercicio-del-voto-asistido\/#article","isPartOf":{"@id":"https:\/\/www.eldiario.net\/portal\/2025\/08\/22\/defensoria-observo-falta-de-accesibilidad-y-espacios-para-ejercicio-del-voto-asistido\/"},"author":{"name":"Jeanette","@id":"https:\/\/www.eldiario.net\/portal\/#\/schema\/person\/2c57cf2b7a7ae032e449e4c9b1019eac"},"headline":"Defensor\u00eda observ\u00f3 falta de accesibilidad y espacios para ejercicio del voto asistido","datePublished":"2025-08-22T04:30:15+00:00","mainEntityOfPage":{"@id":"https:\/\/www.eldiario.net\/portal\/2025\/08\/22\/defensoria-observo-falta-de-accesibilidad-y-espacios-para-ejercicio-del-voto-asistido\/"},"wordCount":485,"publisher":{"@id":"https:\/\/www.eldiario.net\/portal\/#organization"},"image":{"@id":"https:\/\/www.eldiario.net\/portal\/2025\/08\/22\/defensoria-observo-falta-de-accesibilidad-y-espacios-para-ejercicio-del-voto-asistido\/#primaryimage"},"thumbnailUrl":"https:\/\/www.eldiario.net\/portal\/wp-content\/uploads\/2025\/08\/22-ACCESO-1.webp","articleSection":["Sociedad - Seguridad"],"inLanguage":"es"},{"@type":"WebPage","@id":"https:\/\/www.eldiario.net\/portal\/2025\/08\/22\/defensoria-observo-falta-de-accesibilidad-y-espacios-para-ejercicio-del-voto-asistido\/","url":"https:\/\/www.eldiario.net\/portal\/2025\/08\/22\/defensoria-observo-falta-de-accesibilidad-y-espacios-para-ejercicio-del-voto-asistido\/","name":"Defensor\u00eda observ\u00f3 falta de accesibilidad y espacios para ejercicio del voto asistido - El Diario - Bolivia","isPartOf":{"@id":"https:\/\/www.eldiario.net\/portal\/#website"},"primaryImageOfPage":{"@id":"https:\/\/www.eldiario.net\/portal\/2025\/08\/22\/defensoria-observo-falta-de-accesibilidad-y-espacios-para-ejercicio-del-voto-asistido\/#primaryimage"},"image":{"@id":"https:\/\/www.eldiario.net\/portal\/2025\/08\/22\/defensoria-observo-falta-de-accesibilidad-y-espacios-para-ejercicio-del-voto-asistido\/#primaryimage"},"thumbnailUrl":"https:\/\/www.eldiario.net\/portal\/wp-content\/uploads\/2025\/08\/22-ACCESO-1.webp","datePublished":"2025-08-22T04:30:15+00:00","breadcrumb":{"@id":"https:\/\/www.eldiario.net\/portal\/2025\/08\/22\/defensoria-observo-falta-de-accesibilidad-y-espacios-para-ejercicio-del-voto-asistido\/#breadcrumb"},"inLanguage":"es","potentialAction":[{"@type":"ReadAction","target":["https:\/\/www.eldiario.net\/portal\/2025\/08\/22\/defensoria-observo-falta-de-accesibilidad-y-espacios-para-ejercicio-del-voto-asistido\/"]}]},{"@type":"ImageObject","inLanguage":"es","@id":"https:\/\/www.eldiario.net\/portal\/2025\/08\/22\/defensoria-observo-falta-de-accesibilidad-y-espacios-para-ejercicio-del-voto-asistido\/#primaryimage","url":"https:\/\/www.eldiario.net\/portal\/wp-content\/uploads\/2025\/08\/22-ACCESO-1.webp","contentUrl":"https:\/\/www.eldiario.net\/portal\/wp-content\/uploads\/2025\/08\/22-ACCESO-1.webp","width":1600,"height":1066,"caption":"Defensor del Pueblo, Pedro Callisaya. Foto: DPB"},{"@type":"BreadcrumbList","@id":"https:\/\/www.eldiario.net\/portal\/2025\/08\/22\/defensoria-observo-falta-de-accesibilidad-y-espacios-para-ejercicio-del-voto-asistido\/#breadcrumb","itemListElement":[{"@type":"ListItem","position":1,"name":"Portada","item":"https:\/\/www.eldiario.net\/portal\/"},{"@type":"ListItem","position":2,"name":"Defensor\u00eda observ\u00f3 falta de accesibilidad y espacios para ejercicio del voto asistido"}]},{"@type":"WebSite","@id":"https:\/\/www.eldiario.net\/portal\/#website","url":"https:\/\/www.eldiario.net\/portal\/","name":"El Diario - Decano de la prensa nacional","description":"El Diario - Decano de la prensa nacional","publisher":{"@id":"https:\/\/www.eldiario.net\/portal\/#organization"},"potentialAction":[{"@type":"SearchAction","target":{"@type":"EntryPoint","urlTemplate":"https:\/\/www.eldiario.net\/portal\/?s={search_term_string}"},"query-input":{"@type":"PropertyValueSpecification","valueRequired":true,"valueName":"search_term_string"}}],"inLanguage":"es"},{"@type":"Organization","@id":"https:\/\/www.eldiario.net\/portal\/#organization","name":"El Diario - Decano de la prensa nacional","url":"https:\/\/www.eldiario.net\/portal\/","logo":{"@type":"ImageObject","inLanguage":"es","@id":"https:\/\/www.eldiario.net\/portal\/#\/schema\/logo\/image\/","url":"https:\/\/www.eldiario.net\/portal\/wp-content\/uploads\/2023\/07\/logo_ED.jpg","contentUrl":"https:\/\/www.eldiario.net\/portal\/wp-content\/uploads\/2023\/07\/logo_ED.jpg","width":272,"height":52,"caption":"El Diario - Decano de la prensa nacional"},"image":{"@id":"https:\/\/www.eldiario.net\/portal\/#\/schema\/logo\/image\/"},"sameAs":["https:\/\/www.facebook.com\/eldiario.bolivia\/","https:\/\/x.com\/eldiario_net"]},{"@type":"Person","@id":"https:\/\/www.eldiario.net\/portal\/#\/schema\/person\/2c57cf2b7a7ae032e449e4c9b1019eac","name":"Jeanette","image":{"@type":"ImageObject","inLanguage":"es","@id":"https:\/\/secure.gravatar.com\/avatar\/3ea2118a5f7dad2b7138b1187a6b7ee55f160b9968b66013c3a3ef39dd7e5798?s=96&d=mm&r=g","url":"https:\/\/secure.gravatar.com\/avatar\/3ea2118a5f7dad2b7138b1187a6b7ee55f160b9968b66013c3a3ef39dd7e5798?s=96&d=mm&r=g","contentUrl":"https:\/\/secure.gravatar.com\/avatar\/3ea2118a5f7dad2b7138b1187a6b7ee55f160b9968b66013c3a3ef39dd7e5798?s=96&d=mm&r=g","caption":"Jeanette"},"sameAs":["https:\/\/www.eldiario.net\/portal"],"url":"https:\/\/www.eldiario.net\/portal\/author\/jeanette\/"}]}},"_links":{"self":[{"href":"https:\/\/www.eldiario.net\/portal\/wp-json\/wp\/v2\/posts\/325693","targetHints":{"allow":["GET"]}}],"collection":[{"href":"https:\/\/www.eldiario.net\/portal\/wp-json\/wp\/v2\/posts"}],"about":[{"href":"https:\/\/www.eldiario.net\/portal\/wp-json\/wp\/v2\/types\/post"}],"author":[{"embeddable":true,"href":"https:\/\/www.eldiario.net\/portal\/wp-json\/wp\/v2\/users\/1"}],"replies":[{"embeddable":true,"href":"https:\/\/www.eldiario.net\/portal\/wp-json\/wp\/v2\/comments?post=325693"}],"version-history":[{"count":1,"href":"https:\/\/www.eldiario.net\/portal\/wp-json\/wp\/v2\/posts\/325693\/revisions"}],"predecessor-version":[{"id":325696,"href":"https:\/\/www.eldiario.net\/portal\/wp-json\/wp\/v2\/posts\/325693\/revisions\/325696"}],"wp:featuredmedia":[{"embeddable":true,"href":"https:\/\/www.eldiario.net\/portal\/wp-json\/wp\/v2\/media\/325694"}],"wp:attachment":[{"href":"https:\/\/www.eldiario.net\/portal\/wp-json\/wp\/v2\/media?parent=325693"}],"wp:term":[{"taxonomy":"category","embeddable":true,"href":"https:\/\/www.eldiario.net\/portal\/wp-json\/wp\/v2\/categories?post=325693"},{"taxonomy":"post_tag","embeddable":true,"href":"https:\/\/www.eldiario.net\/portal\/wp-json\/wp\/v2\/tags?post=325693"}],"curies":[{"name":"wp","href":"https:\/\/api.w.org\/{rel}","templated":true}]}}