{"id":3256,"date":"2021-05-12T05:00:43","date_gmt":"2021-05-12T09:00:43","guid":{"rendered":"https:\/\/www.eldiario.net\/portal\/?p=3256"},"modified":"2021-05-12T05:00:43","modified_gmt":"2021-05-12T09:00:43","slug":"el-city-logra-el-titulo-tras-una-caida-del-united","status":"publish","type":"post","link":"https:\/\/www.eldiario.net\/portal\/2021\/05\/12\/el-city-logra-el-titulo-tras-una-caida-del-united\/","title":{"rendered":"El City logra el t\u00edtulo   tras una ca\u00edda del United"},"content":{"rendered":"<p>Manchester United perdi\u00f3 ayer 2-1 con Leicester City en Old Trafford, en un adelanto de la fecha 36 de la Premier League, y cedi\u00f3 el t\u00edtulo de campe\u00f3n al Manchester City, quien festej\u00f3 sin jugar. Los Ciudadanos quedaron 10 puntos por delante de su ac\u00e9rrimo rival cuando restar\u00e1n 9 puntos en juego. De esta manera el cuadro conducido por Josep Guardiola logr\u00f3 dos t\u00edtulos esta temporada y apunta al triplete con la Champions League.<br \/>\nLuego de la frustraci\u00f3n generada por la derrota como local del pasado s\u00e1bado ante Chelsea, que lo priv\u00f3 de celebrar y gritar campe\u00f3n en el estadio Etihad, el conjunto de Pep se dio el gran gusto de gritar campe\u00f3n por duplicado a trav\u00e9s de la televisi\u00f3n.<br \/>\nDentro del cotejo, los \u2018red devils\u2019, cayeron con goles de Luke Thomas, a los diez minutos de partido y Caglar Soyuncu (70\u2019). Los locales contestaron al cuarto de hora con un disparo cruzado de Mason Greenwood.<br \/>\nHay que recordar que el mes pasado se hab\u00eda coronado en la Copa de la Liga inglesa frente al Tottenham en Wembley. Y ahora va por m\u00e1s: el s\u00e1bado 29 de mayo buscar\u00e1 el triplete en la Liga de Campeones contra los Blues (se jugar\u00eda con p\u00fablico en Portugal).<br \/>\nLos n\u00fameros de la campa\u00f1a del elenco mancuniano fueron indiscutibles: 25 ganados, 5 empatados y 5 perdidos cuando le queda jugar contra Newcastle (este viernes), Brighton and Hove Albion (el martes 18\/5) y Everton.<br \/>\nAl mismo tiempo, los de Guardiola ostentan la ofensiva con m\u00e1s goles en lo que va del certamen (llevan un total de 72) y la valla menos vencida (apenas 26).<br \/>\nEl estratega catal\u00e1n cosech\u00f3 su tercera Premier en cinco temporadas al frente del equipo y luce en su vitrina personal nada menos que 31 trofeos (10 de ellos con el Manchester City, n\u00famero que se podr\u00eda ampliar si es que conquista la Champions). Adem\u00e1s, el argentino Sergio Ag\u00fcero se ubic\u00f3 en el Top 10 de futbolistas de su pa\u00eds con m\u00e1s t\u00edtulos de la historia.<br \/>\nCon este t\u00edtulo, el City sum\u00f3 el s\u00e9ptimo de su historia (5 de ellos fueron con el actual formato de la Premier League), alcanzando en la tabla al Aston Villa y recortando la diferencia con el m\u00e1ximo exponente, Manchester United (acumula 20 y no lo gana desde el a\u00f1o 2013). Ahora tratar\u00e1 de apoderarse de lo que obsesiona hace varias temporadas a los due\u00f1os del club: la Champions League.<\/p>\n<p>3 partidos solo quedan tres partidos para el final del torneo. El Manchester City jugar\u00e1 ya con el t\u00edtulo el viernes ante el Newcastle<\/p>\n","protected":false},"excerpt":{"rendered":"<p>Manchester United perdi\u00f3 ayer 2-1 con Leicester City en Old Trafford, en un adelanto de la fecha 36 de la Premier League, y cedi\u00f3 el t\u00edtulo de campe\u00f3n al Manchester City, quien festej\u00f3 sin jugar. Los Ciudadanos quedaron 10 puntos por delante de su ac\u00e9rrimo rival cuando restar\u00e1n 9 puntos en juego. De esta manera [&hellip;]<\/p>\n","protected":false},"author":1,"featured_media":3257,"comment_status":"closed","ping_status":"closed","sticky":false,"template":"","format":"standard","meta":{"_acf_changed":false,"footnotes":""},"categories":[6],"tags":[],"class_list":["post-3256","post","type-post","status-publish","format-standard","has-post-thumbnail","category-deportes"],"acf":{"antetitulo":""},"yoast_head":"<!-- This site is optimized with the Yoast SEO plugin v28.3 - https:\/\/yoast.com\/product\/yoast-seo-wordpress\/ -->\n<title>El City logra el t\u00edtulo  tras una ca\u00edda del United - El Diario - Bolivia<\/title>\n<meta name=\"robots\" content=\"index, follow, max-snippet:-1, max-image-preview:large, max-video-preview:-1\" \/>\n<link rel=\"canonical\" href=\"https:\/\/www.eldiario.net\/portal\/2021\/05\/12\/el-city-logra-el-titulo-tras-una-caida-del-united\/\" \/>\n<meta property=\"og:locale\" content=\"es_ES\" \/>\n<meta property=\"og:type\" content=\"article\" \/>\n<meta property=\"og:title\" content=\"El City logra el t\u00edtulo  tras una ca\u00edda del United - El Diario - Bolivia\" \/>\n<meta property=\"og:description\" content=\"Manchester United perdi\u00f3 ayer 2-1 con Leicester City en Old Trafford, en un adelanto de la fecha 36 de la Premier League, y cedi\u00f3 el t\u00edtulo de campe\u00f3n al Manchester City, quien festej\u00f3 sin jugar. Los Ciudadanos quedaron 10 puntos por delante de su ac\u00e9rrimo rival cuando restar\u00e1n 9 puntos en juego. De esta manera [&hellip;]\" \/>\n<meta property=\"og:url\" content=\"https:\/\/www.eldiario.net\/portal\/2021\/05\/12\/el-city-logra-el-titulo-tras-una-caida-del-united\/\" \/>\n<meta property=\"og:site_name\" content=\"El Diario - Bolivia\" \/>\n<meta property=\"article:publisher\" content=\"https:\/\/www.facebook.com\/eldiario.bolivia\/\" \/>\n<meta property=\"article:published_time\" content=\"2021-05-12T09:00:43+00:00\" \/>\n<meta property=\"og:image\" content=\"https:\/\/www.eldiario.net\/portal\/wp-content\/uploads\/2021\/05\/FOTO-1-CITY.jpg\" \/>\n\t<meta property=\"og:image:width\" content=\"720\" \/>\n\t<meta property=\"og:image:height\" content=\"479\" \/>\n\t<meta property=\"og:image:type\" content=\"image\/jpeg\" \/>\n<meta name=\"author\" content=\"Jeanette\" \/>\n<meta name=\"twitter:card\" content=\"summary_large_image\" \/>\n<meta name=\"twitter:creator\" content=\"@eldiario_net\" \/>\n<meta name=\"twitter:site\" content=\"@eldiario_net\" \/>\n<meta name=\"twitter:label1\" content=\"Escrito por\" \/>\n\t<meta name=\"twitter:data1\" content=\"Jeanette\" \/>\n\t<meta name=\"twitter:label2\" content=\"Tiempo de lectura\" \/>\n\t<meta name=\"twitter:data2\" content=\"2 minutos\" \/>\n<script type=\"application\/ld+json\" class=\"yoast-schema-graph\">{\"@context\":\"https:\\\/\\\/schema.org\",\"@graph\":[{\"@type\":\"Article\",\"@id\":\"https:\\\/\\\/www.eldiario.net\\\/portal\\\/2021\\\/05\\\/12\\\/el-city-logra-el-titulo-tras-una-caida-del-united\\\/#article\",\"isPartOf\":{\"@id\":\"https:\\\/\\\/www.eldiario.net\\\/portal\\\/2021\\\/05\\\/12\\\/el-city-logra-el-titulo-tras-una-caida-del-united\\\/\"},\"author\":{\"name\":\"Jeanette\",\"@id\":\"https:\\\/\\\/www.eldiario.net\\\/portal\\\/#\\\/schema\\\/person\\\/f46445640444750d7d753ccd04ae01b7\"},\"headline\":\"El City logra el t\u00edtulo tras una ca\u00edda del United\",\"datePublished\":\"2021-05-12T09:00:43+00:00\",\"mainEntityOfPage\":{\"@id\":\"https:\\\/\\\/www.eldiario.net\\\/portal\\\/2021\\\/05\\\/12\\\/el-city-logra-el-titulo-tras-una-caida-del-united\\\/\"},\"wordCount\":454,\"publisher\":{\"@id\":\"https:\\\/\\\/www.eldiario.net\\\/portal\\\/#organization\"},\"image\":{\"@id\":\"https:\\\/\\\/www.eldiario.net\\\/portal\\\/2021\\\/05\\\/12\\\/el-city-logra-el-titulo-tras-una-caida-del-united\\\/#primaryimage\"},\"thumbnailUrl\":\"https:\\\/\\\/www.eldiario.net\\\/portal\\\/wp-content\\\/uploads\\\/2021\\\/05\\\/FOTO-1-CITY.jpg\",\"articleSection\":[\"Deportes\"],\"inLanguage\":\"es\"},{\"@type\":\"WebPage\",\"@id\":\"https:\\\/\\\/www.eldiario.net\\\/portal\\\/2021\\\/05\\\/12\\\/el-city-logra-el-titulo-tras-una-caida-del-united\\\/\",\"url\":\"https:\\\/\\\/www.eldiario.net\\\/portal\\\/2021\\\/05\\\/12\\\/el-city-logra-el-titulo-tras-una-caida-del-united\\\/\",\"name\":\"El City logra el t\u00edtulo tras una ca\u00edda del United - El Diario - Bolivia\",\"isPartOf\":{\"@id\":\"https:\\\/\\\/www.eldiario.net\\\/portal\\\/#website\"},\"primaryImageOfPage\":{\"@id\":\"https:\\\/\\\/www.eldiario.net\\\/portal\\\/2021\\\/05\\\/12\\\/el-city-logra-el-titulo-tras-una-caida-del-united\\\/#primaryimage\"},\"image\":{\"@id\":\"https:\\\/\\\/www.eldiario.net\\\/portal\\\/2021\\\/05\\\/12\\\/el-city-logra-el-titulo-tras-una-caida-del-united\\\/#primaryimage\"},\"thumbnailUrl\":\"https:\\\/\\\/www.eldiario.net\\\/portal\\\/wp-content\\\/uploads\\\/2021\\\/05\\\/FOTO-1-CITY.jpg\",\"datePublished\":\"2021-05-12T09:00:43+00:00\",\"breadcrumb\":{\"@id\":\"https:\\\/\\\/www.eldiario.net\\\/portal\\\/2021\\\/05\\\/12\\\/el-city-logra-el-titulo-tras-una-caida-del-united\\\/#breadcrumb\"},\"inLanguage\":\"es\",\"potentialAction\":[{\"@type\":\"ReadAction\",\"target\":[\"https:\\\/\\\/www.eldiario.net\\\/portal\\\/2021\\\/05\\\/12\\\/el-city-logra-el-titulo-tras-una-caida-del-united\\\/\"]}]},{\"@type\":\"ImageObject\",\"inLanguage\":\"es\",\"@id\":\"https:\\\/\\\/www.eldiario.net\\\/portal\\\/2021\\\/05\\\/12\\\/el-city-logra-el-titulo-tras-una-caida-del-united\\\/#primaryimage\",\"url\":\"https:\\\/\\\/www.eldiario.net\\\/portal\\\/wp-content\\\/uploads\\\/2021\\\/05\\\/FOTO-1-CITY.jpg\",\"contentUrl\":\"https:\\\/\\\/www.eldiario.net\\\/portal\\\/wp-content\\\/uploads\\\/2021\\\/05\\\/FOTO-1-CITY.jpg\",\"width\":720,\"height\":479},{\"@type\":\"BreadcrumbList\",\"@id\":\"https:\\\/\\\/www.eldiario.net\\\/portal\\\/2021\\\/05\\\/12\\\/el-city-logra-el-titulo-tras-una-caida-del-united\\\/#breadcrumb\",\"itemListElement\":[{\"@type\":\"ListItem\",\"position\":1,\"name\":\"Portada\",\"item\":\"https:\\\/\\\/www.eldiario.net\\\/portal\\\/\"},{\"@type\":\"ListItem\",\"position\":2,\"name\":\"El City logra el t\u00edtulo tras una ca\u00edda del United\"}]},{\"@type\":\"WebSite\",\"@id\":\"https:\\\/\\\/www.eldiario.net\\\/portal\\\/#website\",\"url\":\"https:\\\/\\\/www.eldiario.net\\\/portal\\\/\",\"name\":\"El Diario - Decano de la prensa nacional\",\"description\":\"El Diario - Decano de la prensa nacional\",\"publisher\":{\"@id\":\"https:\\\/\\\/www.eldiario.net\\\/portal\\\/#organization\"},\"potentialAction\":[{\"@type\":\"SearchAction\",\"target\":{\"@type\":\"EntryPoint\",\"urlTemplate\":\"https:\\\/\\\/www.eldiario.net\\\/portal\\\/?s={search_term_string}\"},\"query-input\":{\"@type\":\"PropertyValueSpecification\",\"valueRequired\":true,\"valueName\":\"search_term_string\"}}],\"inLanguage\":\"es\"},{\"@type\":\"Organization\",\"@id\":\"https:\\\/\\\/www.eldiario.net\\\/portal\\\/#organization\",\"name\":\"El Diario - Decano de la prensa nacional\",\"url\":\"https:\\\/\\\/www.eldiario.net\\\/portal\\\/\",\"logo\":{\"@type\":\"ImageObject\",\"inLanguage\":\"es\",\"@id\":\"https:\\\/\\\/www.eldiario.net\\\/portal\\\/#\\\/schema\\\/logo\\\/image\\\/\",\"url\":\"https:\\\/\\\/www.eldiario.net\\\/portal\\\/wp-content\\\/uploads\\\/2023\\\/07\\\/logo_ED.jpg\",\"contentUrl\":\"https:\\\/\\\/www.eldiario.net\\\/portal\\\/wp-content\\\/uploads\\\/2023\\\/07\\\/logo_ED.jpg\",\"width\":272,\"height\":52,\"caption\":\"El Diario - Decano de la prensa nacional\"},\"image\":{\"@id\":\"https:\\\/\\\/www.eldiario.net\\\/portal\\\/#\\\/schema\\\/logo\\\/image\\\/\"},\"sameAs\":[\"https:\\\/\\\/www.facebook.com\\\/eldiario.bolivia\\\/\",\"https:\\\/\\\/x.com\\\/eldiario_net\"]},{\"@type\":\"Person\",\"@id\":\"https:\\\/\\\/www.eldiario.net\\\/portal\\\/#\\\/schema\\\/person\\\/f46445640444750d7d753ccd04ae01b7\",\"name\":\"Jeanette\",\"image\":{\"@type\":\"ImageObject\",\"inLanguage\":\"es\",\"@id\":\"https:\\\/\\\/secure.gravatar.com\\\/avatar\\\/3ea2118a5f7dad2b7138b1187a6b7ee55f160b9968b66013c3a3ef39dd7e5798?s=96&d=mm&r=g\",\"url\":\"https:\\\/\\\/secure.gravatar.com\\\/avatar\\\/3ea2118a5f7dad2b7138b1187a6b7ee55f160b9968b66013c3a3ef39dd7e5798?s=96&d=mm&r=g\",\"contentUrl\":\"https:\\\/\\\/secure.gravatar.com\\\/avatar\\\/3ea2118a5f7dad2b7138b1187a6b7ee55f160b9968b66013c3a3ef39dd7e5798?s=96&d=mm&r=g\",\"caption\":\"Jeanette\"},\"sameAs\":[\"https:\\\/\\\/www.eldiario.net\\\/portal\"],\"url\":\"https:\\\/\\\/www.eldiario.net\\\/portal\\\/author\\\/jeanette\\\/\"}]}<\/script>\n<!-- \/ Yoast SEO plugin. -->","yoast_head_json":{"title":"El City logra el t\u00edtulo  tras una ca\u00edda del United - El Diario - Bolivia","robots":{"index":"index","follow":"follow","max-snippet":"max-snippet:-1","max-image-preview":"max-image-preview:large","max-video-preview":"max-video-preview:-1"},"canonical":"https:\/\/www.eldiario.net\/portal\/2021\/05\/12\/el-city-logra-el-titulo-tras-una-caida-del-united\/","og_locale":"es_ES","og_type":"article","og_title":"El City logra el t\u00edtulo  tras una ca\u00edda del United - El Diario - Bolivia","og_description":"Manchester United perdi\u00f3 ayer 2-1 con Leicester City en Old Trafford, en un adelanto de la fecha 36 de la Premier League, y cedi\u00f3 el t\u00edtulo de campe\u00f3n al Manchester City, quien festej\u00f3 sin jugar. Los Ciudadanos quedaron 10 puntos por delante de su ac\u00e9rrimo rival cuando restar\u00e1n 9 puntos en juego. De esta manera [&hellip;]","og_url":"https:\/\/www.eldiario.net\/portal\/2021\/05\/12\/el-city-logra-el-titulo-tras-una-caida-del-united\/","og_site_name":"El Diario - Bolivia","article_publisher":"https:\/\/www.facebook.com\/eldiario.bolivia\/","article_published_time":"2021-05-12T09:00:43+00:00","og_image":[{"width":720,"height":479,"url":"https:\/\/www.eldiario.net\/portal\/wp-content\/uploads\/2021\/05\/FOTO-1-CITY.jpg","type":"image\/jpeg"}],"author":"Jeanette","twitter_card":"summary_large_image","twitter_creator":"@eldiario_net","twitter_site":"@eldiario_net","twitter_misc":{"Escrito por":"Jeanette","Tiempo de lectura":"2 minutos"},"schema":{"@context":"https:\/\/schema.org","@graph":[{"@type":"Article","@id":"https:\/\/www.eldiario.net\/portal\/2021\/05\/12\/el-city-logra-el-titulo-tras-una-caida-del-united\/#article","isPartOf":{"@id":"https:\/\/www.eldiario.net\/portal\/2021\/05\/12\/el-city-logra-el-titulo-tras-una-caida-del-united\/"},"author":{"name":"Jeanette","@id":"https:\/\/www.eldiario.net\/portal\/#\/schema\/person\/f46445640444750d7d753ccd04ae01b7"},"headline":"El City logra el t\u00edtulo tras una ca\u00edda del United","datePublished":"2021-05-12T09:00:43+00:00","mainEntityOfPage":{"@id":"https:\/\/www.eldiario.net\/portal\/2021\/05\/12\/el-city-logra-el-titulo-tras-una-caida-del-united\/"},"wordCount":454,"publisher":{"@id":"https:\/\/www.eldiario.net\/portal\/#organization"},"image":{"@id":"https:\/\/www.eldiario.net\/portal\/2021\/05\/12\/el-city-logra-el-titulo-tras-una-caida-del-united\/#primaryimage"},"thumbnailUrl":"https:\/\/www.eldiario.net\/portal\/wp-content\/uploads\/2021\/05\/FOTO-1-CITY.jpg","articleSection":["Deportes"],"inLanguage":"es"},{"@type":"WebPage","@id":"https:\/\/www.eldiario.net\/portal\/2021\/05\/12\/el-city-logra-el-titulo-tras-una-caida-del-united\/","url":"https:\/\/www.eldiario.net\/portal\/2021\/05\/12\/el-city-logra-el-titulo-tras-una-caida-del-united\/","name":"El City logra el t\u00edtulo tras una ca\u00edda del United - El Diario - Bolivia","isPartOf":{"@id":"https:\/\/www.eldiario.net\/portal\/#website"},"primaryImageOfPage":{"@id":"https:\/\/www.eldiario.net\/portal\/2021\/05\/12\/el-city-logra-el-titulo-tras-una-caida-del-united\/#primaryimage"},"image":{"@id":"https:\/\/www.eldiario.net\/portal\/2021\/05\/12\/el-city-logra-el-titulo-tras-una-caida-del-united\/#primaryimage"},"thumbnailUrl":"https:\/\/www.eldiario.net\/portal\/wp-content\/uploads\/2021\/05\/FOTO-1-CITY.jpg","datePublished":"2021-05-12T09:00:43+00:00","breadcrumb":{"@id":"https:\/\/www.eldiario.net\/portal\/2021\/05\/12\/el-city-logra-el-titulo-tras-una-caida-del-united\/#breadcrumb"},"inLanguage":"es","potentialAction":[{"@type":"ReadAction","target":["https:\/\/www.eldiario.net\/portal\/2021\/05\/12\/el-city-logra-el-titulo-tras-una-caida-del-united\/"]}]},{"@type":"ImageObject","inLanguage":"es","@id":"https:\/\/www.eldiario.net\/portal\/2021\/05\/12\/el-city-logra-el-titulo-tras-una-caida-del-united\/#primaryimage","url":"https:\/\/www.eldiario.net\/portal\/wp-content\/uploads\/2021\/05\/FOTO-1-CITY.jpg","contentUrl":"https:\/\/www.eldiario.net\/portal\/wp-content\/uploads\/2021\/05\/FOTO-1-CITY.jpg","width":720,"height":479},{"@type":"BreadcrumbList","@id":"https:\/\/www.eldiario.net\/portal\/2021\/05\/12\/el-city-logra-el-titulo-tras-una-caida-del-united\/#breadcrumb","itemListElement":[{"@type":"ListItem","position":1,"name":"Portada","item":"https:\/\/www.eldiario.net\/portal\/"},{"@type":"ListItem","position":2,"name":"El City logra el t\u00edtulo tras una ca\u00edda del United"}]},{"@type":"WebSite","@id":"https:\/\/www.eldiario.net\/portal\/#website","url":"https:\/\/www.eldiario.net\/portal\/","name":"El Diario - Decano de la prensa nacional","description":"El Diario - Decano de la prensa nacional","publisher":{"@id":"https:\/\/www.eldiario.net\/portal\/#organization"},"potentialAction":[{"@type":"SearchAction","target":{"@type":"EntryPoint","urlTemplate":"https:\/\/www.eldiario.net\/portal\/?s={search_term_string}"},"query-input":{"@type":"PropertyValueSpecification","valueRequired":true,"valueName":"search_term_string"}}],"inLanguage":"es"},{"@type":"Organization","@id":"https:\/\/www.eldiario.net\/portal\/#organization","name":"El Diario - Decano de la prensa nacional","url":"https:\/\/www.eldiario.net\/portal\/","logo":{"@type":"ImageObject","inLanguage":"es","@id":"https:\/\/www.eldiario.net\/portal\/#\/schema\/logo\/image\/","url":"https:\/\/www.eldiario.net\/portal\/wp-content\/uploads\/2023\/07\/logo_ED.jpg","contentUrl":"https:\/\/www.eldiario.net\/portal\/wp-content\/uploads\/2023\/07\/logo_ED.jpg","width":272,"height":52,"caption":"El Diario - Decano de la prensa nacional"},"image":{"@id":"https:\/\/www.eldiario.net\/portal\/#\/schema\/logo\/image\/"},"sameAs":["https:\/\/www.facebook.com\/eldiario.bolivia\/","https:\/\/x.com\/eldiario_net"]},{"@type":"Person","@id":"https:\/\/www.eldiario.net\/portal\/#\/schema\/person\/f46445640444750d7d753ccd04ae01b7","name":"Jeanette","image":{"@type":"ImageObject","inLanguage":"es","@id":"https:\/\/secure.gravatar.com\/avatar\/3ea2118a5f7dad2b7138b1187a6b7ee55f160b9968b66013c3a3ef39dd7e5798?s=96&d=mm&r=g","url":"https:\/\/secure.gravatar.com\/avatar\/3ea2118a5f7dad2b7138b1187a6b7ee55f160b9968b66013c3a3ef39dd7e5798?s=96&d=mm&r=g","contentUrl":"https:\/\/secure.gravatar.com\/avatar\/3ea2118a5f7dad2b7138b1187a6b7ee55f160b9968b66013c3a3ef39dd7e5798?s=96&d=mm&r=g","caption":"Jeanette"},"sameAs":["https:\/\/www.eldiario.net\/portal"],"url":"https:\/\/www.eldiario.net\/portal\/author\/jeanette\/"}]}},"_links":{"self":[{"href":"https:\/\/www.eldiario.net\/portal\/wp-json\/wp\/v2\/posts\/3256","targetHints":{"allow":["GET"]}}],"collection":[{"href":"https:\/\/www.eldiario.net\/portal\/wp-json\/wp\/v2\/posts"}],"about":[{"href":"https:\/\/www.eldiario.net\/portal\/wp-json\/wp\/v2\/types\/post"}],"author":[{"embeddable":true,"href":"https:\/\/www.eldiario.net\/portal\/wp-json\/wp\/v2\/users\/1"}],"replies":[{"embeddable":true,"href":"https:\/\/www.eldiario.net\/portal\/wp-json\/wp\/v2\/comments?post=3256"}],"version-history":[{"count":0,"href":"https:\/\/www.eldiario.net\/portal\/wp-json\/wp\/v2\/posts\/3256\/revisions"}],"wp:featuredmedia":[{"embeddable":true,"href":"https:\/\/www.eldiario.net\/portal\/wp-json\/wp\/v2\/media\/3257"}],"wp:attachment":[{"href":"https:\/\/www.eldiario.net\/portal\/wp-json\/wp\/v2\/media?parent=3256"}],"wp:term":[{"taxonomy":"category","embeddable":true,"href":"https:\/\/www.eldiario.net\/portal\/wp-json\/wp\/v2\/categories?post=3256"},{"taxonomy":"post_tag","embeddable":true,"href":"https:\/\/www.eldiario.net\/portal\/wp-json\/wp\/v2\/tags?post=3256"}],"curies":[{"name":"wp","href":"https:\/\/api.w.org\/{rel}","templated":true}]}}