{"id":325200,"date":"2025-08-20T01:34:08","date_gmt":"2025-08-20T05:34:08","guid":{"rendered":"https:\/\/www.eldiario.net\/portal\/?p=325200"},"modified":"2025-08-19T23:42:44","modified_gmt":"2025-08-20T03:42:44","slug":"el-negro-palma-en-exclusiva-en-la-paz","status":"publish","type":"post","link":"https:\/\/www.eldiario.net\/portal\/2025\/08\/20\/el-negro-palma-en-exclusiva-en-la-paz\/","title":{"rendered":"El Negro Palma en  exclusiva en La Paz"},"content":{"rendered":"<p>Desde Villa Montes llega a la ciudad de La Paz la voz m\u00e1gica de El Negro Palma, consagrado m\u00fasico boliviano que logr\u00f3 unir generaciones con su carisma, talento y singular timbre de voz.<\/p>\n<p>\u00c9l se presentar\u00e1 con toda su agrupaci\u00f3n este viernes 22 de agosto, a partir de las 20:00 horas, en el Teatro 16 de Julio.<\/p>\n<p>Las entradas ya est\u00e1n a disposici\u00f3n a trav\u00e9s del n\u00famero 712-86906.<\/p>\n<p>En la esperada y prometedora velada musical, El Negro Palma rendir\u00e1 homenaje al 149 aniversario de la Regi\u00f3n Aut\u00f3noma del Gran Chaco, antes Provincia Gran Chaco. El evento es organizado por AR Gala Show de Alex Rodr\u00edguez.<\/p>\n<p>Carlos Miguel Palma, m\u00e1s conocido en el ambiente art\u00edstico como El Negro Palma, es una de las voces coplera m\u00e1s reconocidas del Chaco Boliviano.<\/p>\n<p>Sus melod\u00edas dedicadas al amor, la pasi\u00f3n y la vida del Chaco han enriquecido, sin lugar a dudas, la cultura musical de Bolivia.<\/p>\n<p>Su esp\u00edritu chaque\u00f1o criollo y sus coplas chaque\u00f1as han hecho de El Negro Palma una destacada figura a nivel nacional e internacional, con un rotundo \u00e9xito y varios reconocimientos, como Artista del A\u00f1o en casi todos los departamentos del pa\u00eds en distintas gestiones.<\/p>\n<p><strong>PARA RECORDAR<\/strong><\/p>\n<p>El artista naci\u00f3 el 14 de octubre de 1969 en \u201cEl Porvenir\u201d, Villa Montes, provincia Gran Chaco del departamento de Tarija. Sus comienzos en la m\u00fasica se remontan a los primeros a\u00f1os de la infancia. Luego conform\u00f3 junto a Jorge Alcoreza el grupo Sangre Chaque\u00f1a. Posteriormente pas\u00f3 a Los Changos del Pilcomayo, donde tambi\u00e9n estaban Santos L\u00f3pez, Jorge Remonth y Kilila Camacho, un grupo que tuvo mucho \u00e9xito, llegando a grabar un casete. En 1996, El Negro Palma decide lanzarse como solista y r\u00e1pidamente grab\u00f3 dos trabajos discogr\u00e1ficos: \u201cRecuerdos de mi infancia\u201d y \u201cFlor Chaque\u00f1a\u201d, ambos grabados en cinta. En el 2000, el m\u00fasico caus\u00f3 mucha expectativa de sus seguidores, tanto por la calidad interpretativa como tambi\u00e9n por sus letras. De esa manera llega \u201cTiempos de changos\u201d, donde por segunda vez invita a Juan Enrique Jurado a grabar un tema con \u00e9l.<\/p>\n<p>Su repunte art\u00edstico fue en los a\u00f1os 2001 y 2002 gracias a su variado repertorio de cuecas, chacareras, gatos, polkas y escondidos, lo que le permiti\u00f3 recorrer Bolivia y el exterior.<\/p>\n<p>A finales del a\u00f1o 2001 grab\u00f3 \u201cCoplas de mi pago\u201d y en 2002 el gran Chaque\u00f1o Palavecino, que hab\u00eda participado de esa grabaci\u00f3n, decide llevarlo a Jes\u00fas Mar\u00eda, en C\u00f3rdoba, el segundo festival en importancia en Argentina y una de las vidrieras m\u00e1s importantes para el folklore.<\/p>\n<p>Sus temas \u201cPor qu\u00e9 ser\u00e1\u201d y \u201cSin ti no valgo nada\u201d fueron el despegue para el cantautor. En el a\u00f1o 2005 grab\u00f3 en Salta, Argentina, el trabajo discogr\u00e1fico \u201cPuro Chaco\u201d, por el cual recibi\u00f3 muchos premios y le permiti\u00f3 traspasar las fronteras.<\/p>\n<p>En el a\u00f1o 2007 sali\u00f3 su disco \u201cCoraz\u00f3n de Palma\u201d y en el a\u00f1o 2009 el \u00e1lbum \u201cSabor a Chaco\u201d. A esos trabajos se debe agregar otros t\u00edtulos, como \u201cAs\u00ed me pari\u00f3 mi madre\u201d.<\/p>\n<p><strong>AHORA EN LA PAZ<\/strong><\/p>\n<p>\u201cEl Negro Palma es el gran valor de la m\u00fasica chaque\u00f1a, es el canto reflejado del sentimiento, la vivencia neta del hombre chaque\u00f1o que vive en el monte mismo\u201d, destac\u00f3 el productor Alex Rodr\u00edguez.<\/p>\n<p>El concierto del viernes 22 en el Teatro 16 de Julio ser\u00e1 un evento espectacular y emotivo, con un gran despliegue escenogr\u00e1fico que permitir\u00e1 al p\u00fablico pace\u00f1o disfrutar cada una de sus interpretaciones musicales.<\/p>\n<p>\u201cEl Negro Palma llegar\u00e1 a La Paz acompa\u00f1ado de su banda oficial, conformada por talentosos m\u00fasicos que coadyuvan al profesionalismo que siempre ha caracterizado a este consagrado y notable cantautor chaque\u00f1o. El objetivo es brindar al p\u00fablico un ramillete de sentidas canciones con ritmos de polkas, chacareras, cuecas, escondidos, chamames, etc., que es la caracter\u00edstica profesional de El Negro Palma, que ha sabido conquistar a destacados m\u00fasicos de Latinoam\u00e9rica, con quienes ha realizado una serie de grabaciones que le dan el sitial que hoy ostenta.<\/p>\n<p>AR Gala Show Producciones destaca de esta manera la gran trayectoria de El Negro Palma, artista que, de seguro, brindar\u00e1 un espect\u00e1culo inolvidable. El evento tendr\u00e1 adem\u00e1s la actuaci\u00f3n del ballet de la Fraternidad Chaque\u00f1os de Ley. Ser\u00e1 una cita imperdible\u201d, resalt\u00f3 Rodr\u00edguez.<\/p>\n<p><strong>SIN TI IGUAL PODR\u00c9 VIVIR<\/strong><\/p>\n<p>A continuaci\u00f3n, uno de los mayores \u00e9xitos de El Negro Palma, el emotivo y sentimental carnaval cruce\u00f1o <em>Sin ti igual podr\u00e9 vivir<\/em>, su creaci\u00f3n en letra y m\u00fasica, que el p\u00fablico de La Paz corear\u00e1 este viernes 22 de agosto en el Teatro 16 de Julio.<\/p>\n<p><strong>LA LETRA<\/strong><\/p>\n<p>Quiero embriagarme esta noche<\/p>\n<p>para calmar mi dolor<\/p>\n<p>tengo una espina en el pecho<\/p>\n<p>c\u00f3mo duele una traici\u00f3n<\/p>\n<p>Tengo una espina en el pecho<\/p>\n<p>c\u00f3mo duele una traici\u00f3n<\/p>\n<p>Yo te di todo mi amor<\/p>\n<p>sin ninguna condici\u00f3n<\/p>\n<p>sin saber que eras ajena<\/p>\n<p>ten\u00eda due\u00f1o tu coraz\u00f3n<\/p>\n<p>Sin saber que eras ajena<\/p>\n<p>ten\u00eda due\u00f1o tu coraz\u00f3n<\/p>\n<p>Por qu\u00e9 me has dicho que s\u00ed<\/p>\n<p>sin sentir el mismo amor<\/p>\n<p>por qu\u00e9 tuve que ser yo<\/p>\n<p>la presa de tu traici\u00f3n<\/p>\n<p>Vete pronto, coraz\u00f3n,<\/p>\n<p>lleg\u00f3 la hora de partir<\/p>\n<p>Yo ya no te necesito<\/p>\n<p>sin ti igual podr\u00e9 vivir<\/p>\n<p>Puedes irte con quien quieras<\/p>\n<p>no quiero verte nunca m\u00e1s<\/p>\n<p>Me has causado un desenga\u00f1o<\/p>\n<p>para qu\u00e9 volverte a amar<\/p>\n<p>Me has causado un desenga\u00f1o<\/p>\n<p>para qu\u00e9 volverte a amar<\/p>\n<p>Es muy cierto que te quise<\/p>\n<p>yo no lo voy a negar<\/p>\n<p>echar\u00e9 todo al olvido,<\/p>\n<p>besos y todo lo dem\u00e1s<\/p>\n<p>Echar\u00e9 todo al olvido,<\/p>\n<p>besos y todo lo dem\u00e1s<\/p>\n<p>Por qu\u00e9 me has dicho que s\u00ed<\/p>\n<p>sin sentir el mismo amor<\/p>\n<p>Por qu\u00e9 tuve que ser yo<\/p>\n<p>la presa de tu traici\u00f3n<\/p>\n<p>Vete pronto, coraz\u00f3n,<\/p>\n<p>lleg\u00f3 la hora de partir<\/p>\n<p>Yo ya no te necesito,<\/p>\n<p>sin ti igual podr\u00e9 vivir<\/p>\n<p>Yo ya no te necesito,<\/p>\n<p>sin ti igual podr\u00e9 vivir.<\/p>\n\r\n                <style type=\"text\/css\">\r\n                    \r\n                    #tdi_1  .td-doubleSlider-2 .td-item1 {\r\n                        background: url(https:\/\/www.eldiario.net\/portal\/wp-content\/uploads\/2025\/08\/1-PRINCIPAL-6-80x60.webp) 0 0 no-repeat;\r\n                    }\r\n                    #tdi_1  .td-doubleSlider-2 .td-item2 {\r\n                        background: url(https:\/\/www.eldiario.net\/portal\/wp-content\/uploads\/2025\/08\/2--80x60.webp) 0 0 no-repeat;\r\n                    }\r\n                    #tdi_1  .td-doubleSlider-2 .td-item3 {\r\n                        background: url(https:\/\/www.eldiario.net\/portal\/wp-content\/uploads\/2025\/08\/3--80x60.webp) 0 0 no-repeat;\r\n                    }\r\n                    #tdi_1  .td-doubleSlider-2 .td-item4 {\r\n                        background: url(https:\/\/www.eldiario.net\/portal\/wp-content\/uploads\/2025\/08\/4--80x60.webp) 0 0 no-repeat;\r\n                    }\r\n                    #tdi_1  .td-doubleSlider-2 .td-item5 {\r\n                        background: url(https:\/\/www.eldiario.net\/portal\/wp-content\/uploads\/2025\/08\/5--80x60.webp) 0 0 no-repeat;\r\n                    }\r\n                    #tdi_1  .td-doubleSlider-2 .td-item6 {\r\n                        background: url(https:\/\/www.eldiario.net\/portal\/wp-content\/uploads\/2025\/08\/6--80x60.webp) 0 0 no-repeat;\r\n                    }\r\n                <\/style>\r\n\r\n                <div id=\"tdi_1\" class=\"td-gallery td-slide-on-2-columns\">\r\n                    <div class=\"post_td_gallery\">\r\n                        <div class=\"td-gallery-slide-top\">\r\n                           <div class=\"td-gallery-title\"><\/div>\r\n\r\n                            <div class=\"td-gallery-controls-wrapper\">\r\n                                <div class=\"td-gallery-slide-count\"><span class=\"td-gallery-slide-item-focus\">1<\/span> de 6<\/div>\r\n                                <div class=\"td-gallery-slide-prev-next-but\">\r\n                                    <i class = \"td-icon-left doubleSliderPrevButton\"><\/i>\r\n                                    <i class = \"td-icon-right doubleSliderNextButton\"><\/i>\r\n                                <\/div>\r\n                            <\/div>\r\n                        <\/div>\r\n\r\n                        <div class = \"td-doubleSlider-1 \">\r\n                            <div class = \"td-slider\">\r\n                                \r\n                    <div class = \"td-slide-item td-item1\">\r\n                        <figure class=\"td-slide-galery-figure td-slide-popup-gallery\">\r\n                            <a class=\"slide-gallery-image-link\" href=\"https:\/\/www.eldiario.net\/portal\/wp-content\/uploads\/2025\/08\/1-PRINCIPAL-6.webp\" title=\"1-PRINCIPAL\"  data-caption=\"\"  data-description=\"\">\r\n                                <img decoding=\"async\" src=\"https:\/\/www.eldiario.net\/portal\/wp-content\/uploads\/2025\/08\/1-PRINCIPAL-6-630x420.webp\" srcset=\"https:\/\/www.eldiario.net\/portal\/wp-content\/uploads\/2025\/08\/1-PRINCIPAL-6-630x420.webp 630w, https:\/\/www.eldiario.net\/portal\/wp-content\/uploads\/2025\/08\/1-PRINCIPAL-6-300x200.webp 300w, https:\/\/www.eldiario.net\/portal\/wp-content\/uploads\/2025\/08\/1-PRINCIPAL-6-768x512.webp 768w, https:\/\/www.eldiario.net\/portal\/wp-content\/uploads\/2025\/08\/1-PRINCIPAL-6-150x100.webp 150w, https:\/\/www.eldiario.net\/portal\/wp-content\/uploads\/2025\/08\/1-PRINCIPAL-6-696x464.webp 696w, https:\/\/www.eldiario.net\/portal\/wp-content\/uploads\/2025\/08\/1-PRINCIPAL-6.webp 972w\" sizes=\"(max-width: 630px) 100vw, 630px\" alt=\"\">\r\n                            <\/a>\r\n                            \r\n                        <\/figure>\r\n                    <\/div>\r\n                    <div class = \"td-slide-item td-item2\">\r\n                        <figure class=\"td-slide-galery-figure td-slide-popup-gallery\">\r\n                            <a class=\"slide-gallery-image-link\" href=\"https:\/\/www.eldiario.net\/portal\/wp-content\/uploads\/2025\/08\/2-.webp\" title=\"2-\"  data-caption=\"\"  data-description=\"\">\r\n                                <img decoding=\"async\" src=\"https:\/\/www.eldiario.net\/portal\/wp-content\/uploads\/2025\/08\/2--630x420.webp\" srcset=\"https:\/\/www.eldiario.net\/portal\/wp-content\/uploads\/2025\/08\/2--630x420.webp 630w, https:\/\/www.eldiario.net\/portal\/wp-content\/uploads\/2025\/08\/2--300x200.webp 300w, https:\/\/www.eldiario.net\/portal\/wp-content\/uploads\/2025\/08\/2--768x512.webp 768w, https:\/\/www.eldiario.net\/portal\/wp-content\/uploads\/2025\/08\/2--150x100.webp 150w, https:\/\/www.eldiario.net\/portal\/wp-content\/uploads\/2025\/08\/2--696x464.webp 696w, https:\/\/www.eldiario.net\/portal\/wp-content\/uploads\/2025\/08\/2-.webp 972w\" sizes=\"(max-width: 630px) 100vw, 630px\" alt=\"\">\r\n                            <\/a>\r\n                            \r\n                        <\/figure>\r\n                    <\/div>\r\n                    <div class = \"td-slide-item td-item3\">\r\n                        <figure class=\"td-slide-galery-figure td-slide-popup-gallery\">\r\n                            <a class=\"slide-gallery-image-link\" href=\"https:\/\/www.eldiario.net\/portal\/wp-content\/uploads\/2025\/08\/3-.webp\" title=\"3-\"  data-caption=\"\"  data-description=\"\">\r\n                                <img decoding=\"async\" src=\"https:\/\/www.eldiario.net\/portal\/wp-content\/uploads\/2025\/08\/3--630x420.webp\" srcset=\"https:\/\/www.eldiario.net\/portal\/wp-content\/uploads\/2025\/08\/3--630x420.webp 630w, https:\/\/www.eldiario.net\/portal\/wp-content\/uploads\/2025\/08\/3--300x200.webp 300w, https:\/\/www.eldiario.net\/portal\/wp-content\/uploads\/2025\/08\/3--768x512.webp 768w, https:\/\/www.eldiario.net\/portal\/wp-content\/uploads\/2025\/08\/3--150x100.webp 150w, https:\/\/www.eldiario.net\/portal\/wp-content\/uploads\/2025\/08\/3--696x464.webp 696w, https:\/\/www.eldiario.net\/portal\/wp-content\/uploads\/2025\/08\/3-.webp 972w\" sizes=\"(max-width: 630px) 100vw, 630px\" alt=\"\">\r\n                            <\/a>\r\n                            \r\n                        <\/figure>\r\n                    <\/div>\r\n                    <div class = \"td-slide-item td-item4\">\r\n                        <figure class=\"td-slide-galery-figure td-slide-popup-gallery\">\r\n                            <a class=\"slide-gallery-image-link\" href=\"https:\/\/www.eldiario.net\/portal\/wp-content\/uploads\/2025\/08\/4-.webp\" title=\"4-\"  data-caption=\"\"  data-description=\"\">\r\n                                <img decoding=\"async\" src=\"https:\/\/www.eldiario.net\/portal\/wp-content\/uploads\/2025\/08\/4--280x420.webp\" srcset=\"https:\/\/www.eldiario.net\/portal\/wp-content\/uploads\/2025\/08\/4--280x420.webp 280w, https:\/\/www.eldiario.net\/portal\/wp-content\/uploads\/2025\/08\/4--200x300.webp 200w, https:\/\/www.eldiario.net\/portal\/wp-content\/uploads\/2025\/08\/4--150x225.webp 150w, https:\/\/www.eldiario.net\/portal\/wp-content\/uploads\/2025\/08\/4--300x450.webp 300w, https:\/\/www.eldiario.net\/portal\/wp-content\/uploads\/2025\/08\/4-.webp 648w\" sizes=\"(max-width: 280px) 100vw, 280px\" alt=\"\">\r\n                            <\/a>\r\n                            \r\n                        <\/figure>\r\n                    <\/div>\r\n                    <div class = \"td-slide-item td-item5\">\r\n                        <figure class=\"td-slide-galery-figure td-slide-popup-gallery\">\r\n                            <a class=\"slide-gallery-image-link\" href=\"https:\/\/www.eldiario.net\/portal\/wp-content\/uploads\/2025\/08\/5-.webp\" title=\"5-\"  data-caption=\"\"  data-description=\"\">\r\n                                <img decoding=\"async\" src=\"https:\/\/www.eldiario.net\/portal\/wp-content\/uploads\/2025\/08\/5--280x420.webp\" srcset=\"https:\/\/www.eldiario.net\/portal\/wp-content\/uploads\/2025\/08\/5--280x420.webp 280w, https:\/\/www.eldiario.net\/portal\/wp-content\/uploads\/2025\/08\/5--200x300.webp 200w, https:\/\/www.eldiario.net\/portal\/wp-content\/uploads\/2025\/08\/5--150x225.webp 150w, https:\/\/www.eldiario.net\/portal\/wp-content\/uploads\/2025\/08\/5--300x450.webp 300w, https:\/\/www.eldiario.net\/portal\/wp-content\/uploads\/2025\/08\/5-.webp 648w\" sizes=\"(max-width: 280px) 100vw, 280px\" alt=\"\">\r\n                            <\/a>\r\n                            \r\n                        <\/figure>\r\n                    <\/div>\r\n                    <div class = \"td-slide-item td-item6\">\r\n                        <figure class=\"td-slide-galery-figure td-slide-popup-gallery\">\r\n                            <a class=\"slide-gallery-image-link\" href=\"https:\/\/www.eldiario.net\/portal\/wp-content\/uploads\/2025\/08\/6-.webp\" title=\"6-\"  data-caption=\"\"  data-description=\"\">\r\n                                <img decoding=\"async\" src=\"https:\/\/www.eldiario.net\/portal\/wp-content\/uploads\/2025\/08\/6--280x420.webp\" srcset=\"https:\/\/www.eldiario.net\/portal\/wp-content\/uploads\/2025\/08\/6--280x420.webp 280w, https:\/\/www.eldiario.net\/portal\/wp-content\/uploads\/2025\/08\/6--200x300.webp 200w, https:\/\/www.eldiario.net\/portal\/wp-content\/uploads\/2025\/08\/6--150x225.webp 150w, https:\/\/www.eldiario.net\/portal\/wp-content\/uploads\/2025\/08\/6--300x450.webp 300w, https:\/\/www.eldiario.net\/portal\/wp-content\/uploads\/2025\/08\/6-.webp 648w\" sizes=\"(max-width: 280px) 100vw, 280px\" alt=\"\">\r\n                            <\/a>\r\n                            \r\n                        <\/figure>\r\n                    <\/div>\r\n                            <\/div>\r\n                        <\/div>\r\n\r\n                        <div class = \"td-doubleSlider-2\">\r\n                            <div class = \"td-slider\">\r\n                                \r\n                    <div class = \"td-button td-item1\">\r\n                        <div class = \"td-border\"><\/div>\r\n                    <\/div>\r\n                    <div class = \"td-button td-item2\">\r\n                        <div class = \"td-border\"><\/div>\r\n                    <\/div>\r\n                    <div class = \"td-button td-item3\">\r\n                        <div class = \"td-border\"><\/div>\r\n                    <\/div>\r\n                    <div class = \"td-button td-item4\">\r\n                        <div class = \"td-border\"><\/div>\r\n                    <\/div>\r\n                    <div class = \"td-button td-item5\">\r\n                        <div class = \"td-border\"><\/div>\r\n                    <\/div>\r\n                    <div class = \"td-button td-item6\">\r\n                        <div class = \"td-border\"><\/div>\r\n                    <\/div>\r\n                            <\/div>\r\n                        <\/div>\r\n\r\n                    <\/div>\r\n\r\n                <\/div>\r\n                \n","protected":false},"excerpt":{"rendered":"<p>Desde Villa Montes llega a la ciudad de La Paz la voz m\u00e1gica de El Negro Palma, consagrado m\u00fasico boliviano que logr\u00f3 unir generaciones con su carisma, talento y singular timbre de voz. \u00c9l se presentar\u00e1 con toda su agrupaci\u00f3n este viernes 22 de agosto, a partir de las 20:00 horas, en el Teatro 16 [&hellip;]<\/p>\n","protected":false},"author":1,"featured_media":325201,"comment_status":"closed","ping_status":"open","sticky":false,"template":"","format":"standard","meta":{"_acf_changed":false,"footnotes":""},"categories":[41],"tags":[],"class_list":["post-325200","post","type-post","status-publish","format-standard","has-post-thumbnail","category-la-guia"],"acf":{"antetitulo":""},"yoast_head":"<!-- This site is optimized with the Yoast SEO plugin v28.4 - https:\/\/yoast.com\/product\/yoast-seo-wordpress\/ -->\n<title>El Negro Palma en exclusiva en La Paz - El Diario - Bolivia<\/title>\n<meta name=\"robots\" content=\"index, follow, max-snippet:-1, max-image-preview:large, max-video-preview:-1\" \/>\n<link rel=\"canonical\" href=\"https:\/\/www.eldiario.net\/portal\/2025\/08\/20\/el-negro-palma-en-exclusiva-en-la-paz\/\" \/>\n<meta property=\"og:locale\" content=\"es_ES\" \/>\n<meta property=\"og:type\" content=\"article\" \/>\n<meta property=\"og:title\" content=\"El Negro Palma en exclusiva en La Paz - El Diario - Bolivia\" \/>\n<meta property=\"og:description\" content=\"Desde Villa Montes llega a la ciudad de La Paz la voz m\u00e1gica de El Negro Palma, consagrado m\u00fasico boliviano que logr\u00f3 unir generaciones con su carisma, talento y singular timbre de voz. \u00c9l se presentar\u00e1 con toda su agrupaci\u00f3n este viernes 22 de agosto, a partir de las 20:00 horas, en el Teatro 16 [&hellip;]\" \/>\n<meta property=\"og:url\" content=\"https:\/\/www.eldiario.net\/portal\/2025\/08\/20\/el-negro-palma-en-exclusiva-en-la-paz\/\" \/>\n<meta property=\"og:site_name\" content=\"El Diario - Bolivia\" \/>\n<meta property=\"article:publisher\" content=\"https:\/\/www.facebook.com\/eldiario.bolivia\/\" \/>\n<meta property=\"article:published_time\" content=\"2025-08-20T05:34:08+00:00\" \/>\n<meta property=\"og:image\" content=\"https:\/\/www.eldiario.net\/portal\/wp-content\/uploads\/2025\/08\/1-PRINCIPAL-6.webp\" \/>\n\t<meta property=\"og:image:width\" content=\"972\" \/>\n\t<meta property=\"og:image:height\" content=\"648\" \/>\n\t<meta property=\"og:image:type\" content=\"image\/webp\" \/>\n<meta name=\"author\" content=\"Jeanette\" \/>\n<meta name=\"twitter:card\" content=\"summary_large_image\" \/>\n<meta name=\"twitter:creator\" content=\"@eldiario_net\" \/>\n<meta name=\"twitter:site\" content=\"@eldiario_net\" \/>\n<meta name=\"twitter:label1\" content=\"Escrito por\" \/>\n\t<meta name=\"twitter:data1\" content=\"Jeanette\" \/>\n\t<meta name=\"twitter:label2\" content=\"Tiempo de lectura\" \/>\n\t<meta name=\"twitter:data2\" content=\"5 minutos\" \/>\n<script type=\"application\/ld+json\" class=\"yoast-schema-graph\">{\"@context\":\"https:\\\/\\\/schema.org\",\"@graph\":[{\"@type\":\"Article\",\"@id\":\"https:\\\/\\\/www.eldiario.net\\\/portal\\\/2025\\\/08\\\/20\\\/el-negro-palma-en-exclusiva-en-la-paz\\\/#article\",\"isPartOf\":{\"@id\":\"https:\\\/\\\/www.eldiario.net\\\/portal\\\/2025\\\/08\\\/20\\\/el-negro-palma-en-exclusiva-en-la-paz\\\/\"},\"author\":{\"name\":\"Jeanette\",\"@id\":\"https:\\\/\\\/www.eldiario.net\\\/portal\\\/#\\\/schema\\\/person\\\/2c57cf2b7a7ae032e449e4c9b1019eac\"},\"headline\":\"El Negro Palma en exclusiva en La Paz\",\"datePublished\":\"2025-08-20T05:34:08+00:00\",\"mainEntityOfPage\":{\"@id\":\"https:\\\/\\\/www.eldiario.net\\\/portal\\\/2025\\\/08\\\/20\\\/el-negro-palma-en-exclusiva-en-la-paz\\\/\"},\"wordCount\":1041,\"publisher\":{\"@id\":\"https:\\\/\\\/www.eldiario.net\\\/portal\\\/#organization\"},\"image\":{\"@id\":\"https:\\\/\\\/www.eldiario.net\\\/portal\\\/2025\\\/08\\\/20\\\/el-negro-palma-en-exclusiva-en-la-paz\\\/#primaryimage\"},\"thumbnailUrl\":\"https:\\\/\\\/www.eldiario.net\\\/portal\\\/wp-content\\\/uploads\\\/2025\\\/08\\\/1-PRINCIPAL-6.webp\",\"articleSection\":[\"La Gu\u00eda\"],\"inLanguage\":\"es\"},{\"@type\":\"WebPage\",\"@id\":\"https:\\\/\\\/www.eldiario.net\\\/portal\\\/2025\\\/08\\\/20\\\/el-negro-palma-en-exclusiva-en-la-paz\\\/\",\"url\":\"https:\\\/\\\/www.eldiario.net\\\/portal\\\/2025\\\/08\\\/20\\\/el-negro-palma-en-exclusiva-en-la-paz\\\/\",\"name\":\"El Negro Palma en exclusiva en La Paz - El Diario - Bolivia\",\"isPartOf\":{\"@id\":\"https:\\\/\\\/www.eldiario.net\\\/portal\\\/#website\"},\"primaryImageOfPage\":{\"@id\":\"https:\\\/\\\/www.eldiario.net\\\/portal\\\/2025\\\/08\\\/20\\\/el-negro-palma-en-exclusiva-en-la-paz\\\/#primaryimage\"},\"image\":{\"@id\":\"https:\\\/\\\/www.eldiario.net\\\/portal\\\/2025\\\/08\\\/20\\\/el-negro-palma-en-exclusiva-en-la-paz\\\/#primaryimage\"},\"thumbnailUrl\":\"https:\\\/\\\/www.eldiario.net\\\/portal\\\/wp-content\\\/uploads\\\/2025\\\/08\\\/1-PRINCIPAL-6.webp\",\"datePublished\":\"2025-08-20T05:34:08+00:00\",\"breadcrumb\":{\"@id\":\"https:\\\/\\\/www.eldiario.net\\\/portal\\\/2025\\\/08\\\/20\\\/el-negro-palma-en-exclusiva-en-la-paz\\\/#breadcrumb\"},\"inLanguage\":\"es\",\"potentialAction\":[{\"@type\":\"ReadAction\",\"target\":[\"https:\\\/\\\/www.eldiario.net\\\/portal\\\/2025\\\/08\\\/20\\\/el-negro-palma-en-exclusiva-en-la-paz\\\/\"]}]},{\"@type\":\"ImageObject\",\"inLanguage\":\"es\",\"@id\":\"https:\\\/\\\/www.eldiario.net\\\/portal\\\/2025\\\/08\\\/20\\\/el-negro-palma-en-exclusiva-en-la-paz\\\/#primaryimage\",\"url\":\"https:\\\/\\\/www.eldiario.net\\\/portal\\\/wp-content\\\/uploads\\\/2025\\\/08\\\/1-PRINCIPAL-6.webp\",\"contentUrl\":\"https:\\\/\\\/www.eldiario.net\\\/portal\\\/wp-content\\\/uploads\\\/2025\\\/08\\\/1-PRINCIPAL-6.webp\",\"width\":972,\"height\":648},{\"@type\":\"BreadcrumbList\",\"@id\":\"https:\\\/\\\/www.eldiario.net\\\/portal\\\/2025\\\/08\\\/20\\\/el-negro-palma-en-exclusiva-en-la-paz\\\/#breadcrumb\",\"itemListElement\":[{\"@type\":\"ListItem\",\"position\":1,\"name\":\"Portada\",\"item\":\"https:\\\/\\\/www.eldiario.net\\\/portal\\\/\"},{\"@type\":\"ListItem\",\"position\":2,\"name\":\"El Negro Palma en exclusiva en La Paz\"}]},{\"@type\":\"WebSite\",\"@id\":\"https:\\\/\\\/www.eldiario.net\\\/portal\\\/#website\",\"url\":\"https:\\\/\\\/www.eldiario.net\\\/portal\\\/\",\"name\":\"El Diario - Decano de la prensa nacional\",\"description\":\"El Diario - Decano de la prensa nacional\",\"publisher\":{\"@id\":\"https:\\\/\\\/www.eldiario.net\\\/portal\\\/#organization\"},\"potentialAction\":[{\"@type\":\"SearchAction\",\"target\":{\"@type\":\"EntryPoint\",\"urlTemplate\":\"https:\\\/\\\/www.eldiario.net\\\/portal\\\/?s={search_term_string}\"},\"query-input\":{\"@type\":\"PropertyValueSpecification\",\"valueRequired\":true,\"valueName\":\"search_term_string\"}}],\"inLanguage\":\"es\"},{\"@type\":\"Organization\",\"@id\":\"https:\\\/\\\/www.eldiario.net\\\/portal\\\/#organization\",\"name\":\"El Diario - Decano de la prensa nacional\",\"url\":\"https:\\\/\\\/www.eldiario.net\\\/portal\\\/\",\"logo\":{\"@type\":\"ImageObject\",\"inLanguage\":\"es\",\"@id\":\"https:\\\/\\\/www.eldiario.net\\\/portal\\\/#\\\/schema\\\/logo\\\/image\\\/\",\"url\":\"https:\\\/\\\/www.eldiario.net\\\/portal\\\/wp-content\\\/uploads\\\/2023\\\/07\\\/logo_ED.jpg\",\"contentUrl\":\"https:\\\/\\\/www.eldiario.net\\\/portal\\\/wp-content\\\/uploads\\\/2023\\\/07\\\/logo_ED.jpg\",\"width\":272,\"height\":52,\"caption\":\"El Diario - Decano de la prensa nacional\"},\"image\":{\"@id\":\"https:\\\/\\\/www.eldiario.net\\\/portal\\\/#\\\/schema\\\/logo\\\/image\\\/\"},\"sameAs\":[\"https:\\\/\\\/www.facebook.com\\\/eldiario.bolivia\\\/\",\"https:\\\/\\\/x.com\\\/eldiario_net\"]},{\"@type\":\"Person\",\"@id\":\"https:\\\/\\\/www.eldiario.net\\\/portal\\\/#\\\/schema\\\/person\\\/2c57cf2b7a7ae032e449e4c9b1019eac\",\"name\":\"Jeanette\",\"image\":{\"@type\":\"ImageObject\",\"inLanguage\":\"es\",\"@id\":\"https:\\\/\\\/secure.gravatar.com\\\/avatar\\\/3ea2118a5f7dad2b7138b1187a6b7ee55f160b9968b66013c3a3ef39dd7e5798?s=96&d=mm&r=g\",\"url\":\"https:\\\/\\\/secure.gravatar.com\\\/avatar\\\/3ea2118a5f7dad2b7138b1187a6b7ee55f160b9968b66013c3a3ef39dd7e5798?s=96&d=mm&r=g\",\"contentUrl\":\"https:\\\/\\\/secure.gravatar.com\\\/avatar\\\/3ea2118a5f7dad2b7138b1187a6b7ee55f160b9968b66013c3a3ef39dd7e5798?s=96&d=mm&r=g\",\"caption\":\"Jeanette\"},\"sameAs\":[\"https:\\\/\\\/www.eldiario.net\\\/portal\"],\"url\":\"https:\\\/\\\/www.eldiario.net\\\/portal\\\/author\\\/jeanette\\\/\"}]}<\/script>\n<!-- \/ Yoast SEO plugin. -->","yoast_head_json":{"title":"El Negro Palma en exclusiva en La Paz - El Diario - Bolivia","robots":{"index":"index","follow":"follow","max-snippet":"max-snippet:-1","max-image-preview":"max-image-preview:large","max-video-preview":"max-video-preview:-1"},"canonical":"https:\/\/www.eldiario.net\/portal\/2025\/08\/20\/el-negro-palma-en-exclusiva-en-la-paz\/","og_locale":"es_ES","og_type":"article","og_title":"El Negro Palma en exclusiva en La Paz - El Diario - Bolivia","og_description":"Desde Villa Montes llega a la ciudad de La Paz la voz m\u00e1gica de El Negro Palma, consagrado m\u00fasico boliviano que logr\u00f3 unir generaciones con su carisma, talento y singular timbre de voz. \u00c9l se presentar\u00e1 con toda su agrupaci\u00f3n este viernes 22 de agosto, a partir de las 20:00 horas, en el Teatro 16 [&hellip;]","og_url":"https:\/\/www.eldiario.net\/portal\/2025\/08\/20\/el-negro-palma-en-exclusiva-en-la-paz\/","og_site_name":"El Diario - Bolivia","article_publisher":"https:\/\/www.facebook.com\/eldiario.bolivia\/","article_published_time":"2025-08-20T05:34:08+00:00","og_image":[{"width":972,"height":648,"url":"https:\/\/www.eldiario.net\/portal\/wp-content\/uploads\/2025\/08\/1-PRINCIPAL-6.webp","type":"image\/webp"}],"author":"Jeanette","twitter_card":"summary_large_image","twitter_creator":"@eldiario_net","twitter_site":"@eldiario_net","twitter_misc":{"Escrito por":"Jeanette","Tiempo de lectura":"5 minutos"},"schema":{"@context":"https:\/\/schema.org","@graph":[{"@type":"Article","@id":"https:\/\/www.eldiario.net\/portal\/2025\/08\/20\/el-negro-palma-en-exclusiva-en-la-paz\/#article","isPartOf":{"@id":"https:\/\/www.eldiario.net\/portal\/2025\/08\/20\/el-negro-palma-en-exclusiva-en-la-paz\/"},"author":{"name":"Jeanette","@id":"https:\/\/www.eldiario.net\/portal\/#\/schema\/person\/2c57cf2b7a7ae032e449e4c9b1019eac"},"headline":"El Negro Palma en exclusiva en La Paz","datePublished":"2025-08-20T05:34:08+00:00","mainEntityOfPage":{"@id":"https:\/\/www.eldiario.net\/portal\/2025\/08\/20\/el-negro-palma-en-exclusiva-en-la-paz\/"},"wordCount":1041,"publisher":{"@id":"https:\/\/www.eldiario.net\/portal\/#organization"},"image":{"@id":"https:\/\/www.eldiario.net\/portal\/2025\/08\/20\/el-negro-palma-en-exclusiva-en-la-paz\/#primaryimage"},"thumbnailUrl":"https:\/\/www.eldiario.net\/portal\/wp-content\/uploads\/2025\/08\/1-PRINCIPAL-6.webp","articleSection":["La Gu\u00eda"],"inLanguage":"es"},{"@type":"WebPage","@id":"https:\/\/www.eldiario.net\/portal\/2025\/08\/20\/el-negro-palma-en-exclusiva-en-la-paz\/","url":"https:\/\/www.eldiario.net\/portal\/2025\/08\/20\/el-negro-palma-en-exclusiva-en-la-paz\/","name":"El Negro Palma en exclusiva en La Paz - El Diario - Bolivia","isPartOf":{"@id":"https:\/\/www.eldiario.net\/portal\/#website"},"primaryImageOfPage":{"@id":"https:\/\/www.eldiario.net\/portal\/2025\/08\/20\/el-negro-palma-en-exclusiva-en-la-paz\/#primaryimage"},"image":{"@id":"https:\/\/www.eldiario.net\/portal\/2025\/08\/20\/el-negro-palma-en-exclusiva-en-la-paz\/#primaryimage"},"thumbnailUrl":"https:\/\/www.eldiario.net\/portal\/wp-content\/uploads\/2025\/08\/1-PRINCIPAL-6.webp","datePublished":"2025-08-20T05:34:08+00:00","breadcrumb":{"@id":"https:\/\/www.eldiario.net\/portal\/2025\/08\/20\/el-negro-palma-en-exclusiva-en-la-paz\/#breadcrumb"},"inLanguage":"es","potentialAction":[{"@type":"ReadAction","target":["https:\/\/www.eldiario.net\/portal\/2025\/08\/20\/el-negro-palma-en-exclusiva-en-la-paz\/"]}]},{"@type":"ImageObject","inLanguage":"es","@id":"https:\/\/www.eldiario.net\/portal\/2025\/08\/20\/el-negro-palma-en-exclusiva-en-la-paz\/#primaryimage","url":"https:\/\/www.eldiario.net\/portal\/wp-content\/uploads\/2025\/08\/1-PRINCIPAL-6.webp","contentUrl":"https:\/\/www.eldiario.net\/portal\/wp-content\/uploads\/2025\/08\/1-PRINCIPAL-6.webp","width":972,"height":648},{"@type":"BreadcrumbList","@id":"https:\/\/www.eldiario.net\/portal\/2025\/08\/20\/el-negro-palma-en-exclusiva-en-la-paz\/#breadcrumb","itemListElement":[{"@type":"ListItem","position":1,"name":"Portada","item":"https:\/\/www.eldiario.net\/portal\/"},{"@type":"ListItem","position":2,"name":"El Negro Palma en exclusiva en La Paz"}]},{"@type":"WebSite","@id":"https:\/\/www.eldiario.net\/portal\/#website","url":"https:\/\/www.eldiario.net\/portal\/","name":"El Diario - Decano de la prensa nacional","description":"El Diario - Decano de la prensa nacional","publisher":{"@id":"https:\/\/www.eldiario.net\/portal\/#organization"},"potentialAction":[{"@type":"SearchAction","target":{"@type":"EntryPoint","urlTemplate":"https:\/\/www.eldiario.net\/portal\/?s={search_term_string}"},"query-input":{"@type":"PropertyValueSpecification","valueRequired":true,"valueName":"search_term_string"}}],"inLanguage":"es"},{"@type":"Organization","@id":"https:\/\/www.eldiario.net\/portal\/#organization","name":"El Diario - Decano de la prensa nacional","url":"https:\/\/www.eldiario.net\/portal\/","logo":{"@type":"ImageObject","inLanguage":"es","@id":"https:\/\/www.eldiario.net\/portal\/#\/schema\/logo\/image\/","url":"https:\/\/www.eldiario.net\/portal\/wp-content\/uploads\/2023\/07\/logo_ED.jpg","contentUrl":"https:\/\/www.eldiario.net\/portal\/wp-content\/uploads\/2023\/07\/logo_ED.jpg","width":272,"height":52,"caption":"El Diario - Decano de la prensa nacional"},"image":{"@id":"https:\/\/www.eldiario.net\/portal\/#\/schema\/logo\/image\/"},"sameAs":["https:\/\/www.facebook.com\/eldiario.bolivia\/","https:\/\/x.com\/eldiario_net"]},{"@type":"Person","@id":"https:\/\/www.eldiario.net\/portal\/#\/schema\/person\/2c57cf2b7a7ae032e449e4c9b1019eac","name":"Jeanette","image":{"@type":"ImageObject","inLanguage":"es","@id":"https:\/\/secure.gravatar.com\/avatar\/3ea2118a5f7dad2b7138b1187a6b7ee55f160b9968b66013c3a3ef39dd7e5798?s=96&d=mm&r=g","url":"https:\/\/secure.gravatar.com\/avatar\/3ea2118a5f7dad2b7138b1187a6b7ee55f160b9968b66013c3a3ef39dd7e5798?s=96&d=mm&r=g","contentUrl":"https:\/\/secure.gravatar.com\/avatar\/3ea2118a5f7dad2b7138b1187a6b7ee55f160b9968b66013c3a3ef39dd7e5798?s=96&d=mm&r=g","caption":"Jeanette"},"sameAs":["https:\/\/www.eldiario.net\/portal"],"url":"https:\/\/www.eldiario.net\/portal\/author\/jeanette\/"}]}},"_links":{"self":[{"href":"https:\/\/www.eldiario.net\/portal\/wp-json\/wp\/v2\/posts\/325200","targetHints":{"allow":["GET"]}}],"collection":[{"href":"https:\/\/www.eldiario.net\/portal\/wp-json\/wp\/v2\/posts"}],"about":[{"href":"https:\/\/www.eldiario.net\/portal\/wp-json\/wp\/v2\/types\/post"}],"author":[{"embeddable":true,"href":"https:\/\/www.eldiario.net\/portal\/wp-json\/wp\/v2\/users\/1"}],"replies":[{"embeddable":true,"href":"https:\/\/www.eldiario.net\/portal\/wp-json\/wp\/v2\/comments?post=325200"}],"version-history":[{"count":1,"href":"https:\/\/www.eldiario.net\/portal\/wp-json\/wp\/v2\/posts\/325200\/revisions"}],"predecessor-version":[{"id":325207,"href":"https:\/\/www.eldiario.net\/portal\/wp-json\/wp\/v2\/posts\/325200\/revisions\/325207"}],"wp:featuredmedia":[{"embeddable":true,"href":"https:\/\/www.eldiario.net\/portal\/wp-json\/wp\/v2\/media\/325201"}],"wp:attachment":[{"href":"https:\/\/www.eldiario.net\/portal\/wp-json\/wp\/v2\/media?parent=325200"}],"wp:term":[{"taxonomy":"category","embeddable":true,"href":"https:\/\/www.eldiario.net\/portal\/wp-json\/wp\/v2\/categories?post=325200"},{"taxonomy":"post_tag","embeddable":true,"href":"https:\/\/www.eldiario.net\/portal\/wp-json\/wp\/v2\/tags?post=325200"}],"curies":[{"name":"wp","href":"https:\/\/api.w.org\/{rel}","templated":true}]}}