{"id":325179,"date":"2025-08-20T01:41:13","date_gmt":"2025-08-20T05:41:13","guid":{"rendered":"https:\/\/www.eldiario.net\/portal\/?p=325179"},"modified":"2025-08-19T23:47:31","modified_gmt":"2025-08-20T03:47:31","slug":"inchcape-americas-supera-las-expectativas-del-mercado","status":"publish","type":"post","link":"https:\/\/www.eldiario.net\/portal\/2025\/08\/20\/inchcape-americas-supera-las-expectativas-del-mercado\/","title":{"rendered":"Inchcape Am\u00e9ricas supera las expectativas del mercado"},"content":{"rendered":"<p>El distribuidor automotriz independiente m\u00e1s grande del mundo, Inchcape, ha anunciado un s\u00f3lido desempe\u00f1o en el primer semestre de 2025. Los resultados globales presentados en la Bolsa de Comercio de Londres reflejan la resiliencia y el crecimiento de la compa\u00f1\u00eda, destacando el rol estrat\u00e9gico de la regi\u00f3n de Am\u00e9ricas como el principal motor de crecimiento del Grupo a nivel mundial.<\/p>\n<p>A pesar de un escenario global con ca\u00eddas en los vol\u00famenes de la industria, Inchcape Am\u00e9ricas, que incluye a Imcruz \u2013 Inchcape Bolivia, se destac\u00f3 por su s\u00f3lido desempe\u00f1o comercial y financiero. La regi\u00f3n contribuy\u00f3 con un 46% del beneficio antes de impuestos del Grupo y demostr\u00f3 su liderazgo en la expansi\u00f3n de veh\u00edculos de nuevas energ\u00edas (NEV), con un 17% de participaci\u00f3n de mercado.<\/p>\n<p><strong>Resultados clave en la regi\u00f3n<\/strong><\/p>\n<p>El dinamismo de Inchcape se reflej\u00f3 en un crecimiento org\u00e1nico de 3%, impulsado por una gesti\u00f3n de inventarios disciplinada y la firma de nueve nuevos contratos de distribuci\u00f3n. Este crecimiento se observ\u00f3 en mercados clave:<\/p>\n<p><strong>Bolivia:<\/strong> La compa\u00f1\u00eda consolid\u00f3 su liderazgo con una participaci\u00f3n de mercado del 30,6%, adem\u00e1s de destacar en el segmento de veh\u00edculos h\u00edbridos. Su compromiso con la sostenibilidad y la innovaci\u00f3n se reafirm\u00f3 con acciones como la adhesi\u00f3n a los Principios WEPs de ONU Mujeres.<\/p>\n<p><strong>Per\u00fa:<\/strong> Se registr\u00f3 un crecimiento acelerado en ventas, impulsado por nuevos lanzamientos y una expansi\u00f3n de la red de distribuci\u00f3n.<\/p>\n<p><strong>Colombia:<\/strong> Destac\u00f3 como uno de los mercados de mayor crecimiento en el semestre, con un desempe\u00f1o comercial sobresaliente y avances significativos en la digitalizaci\u00f3n.<\/p>\n<p><strong>Chile:<\/strong> Mantuvo una participaci\u00f3n de mercado estable del 24%, con una alta aceptaci\u00f3n de sus modelos NEV.<\/p>\n<p><strong>Mirando hacia el futuro<\/strong><\/p>\n<p>Mike Bowers, CEO de Inchcape Am\u00e9ricas, reafirm\u00f3 el compromiso de la compa\u00f1\u00eda con su estrategia Accelerate+ para duplicar el tama\u00f1o del negocio para 2030. Esta estrategia se centra en la diversificaci\u00f3n, la digitalizaci\u00f3n y la movilidad sostenible, elementos que, seg\u00fan Bowers, \u00abimpulsar\u00e1n el liderazgo en Am\u00e9rica Latina\u00bb.<\/p>\n<p>De cara al segundo semestre del a\u00f1o, Inchcape anticipa un fortalecimiento de su desempe\u00f1o regional, respaldado por lanzamientos estrat\u00e9gicos y nuevas alianzas, lo que consolida su liderazgo en el sector automotriz y su apuesta por la transici\u00f3n hacia una movilidad m\u00e1s limpia.<\/p>\n","protected":false},"excerpt":{"rendered":"<p>El distribuidor automotriz independiente m\u00e1s grande del mundo, Inchcape, ha anunciado un s\u00f3lido desempe\u00f1o en el primer semestre de 2025. Los resultados globales presentados en la Bolsa de Comercio de Londres reflejan la resiliencia y el crecimiento de la compa\u00f1\u00eda, destacando el rol estrat\u00e9gico de la regi\u00f3n de Am\u00e9ricas como el principal motor de crecimiento [&hellip;]<\/p>\n","protected":false},"author":1,"featured_media":0,"comment_status":"closed","ping_status":"open","sticky":false,"template":"","format":"standard","meta":{"_acf_changed":false,"footnotes":""},"categories":[42],"tags":[],"class_list":["post-325179","post","type-post","status-publish","format-standard","category-femenina"],"acf":{"antetitulo":"Liderazgo"},"yoast_head":"<!-- This site is optimized with the Yoast SEO plugin v28.4 - https:\/\/yoast.com\/product\/yoast-seo-wordpress\/ -->\n<title>Inchcape Am\u00e9ricas supera las expectativas del mercado - El Diario - Bolivia<\/title>\n<meta name=\"robots\" content=\"index, follow, max-snippet:-1, max-image-preview:large, max-video-preview:-1\" \/>\n<link rel=\"canonical\" href=\"https:\/\/www.eldiario.net\/portal\/2025\/08\/20\/inchcape-americas-supera-las-expectativas-del-mercado\/\" \/>\n<meta property=\"og:locale\" content=\"es_ES\" \/>\n<meta property=\"og:type\" content=\"article\" \/>\n<meta property=\"og:title\" content=\"Inchcape Am\u00e9ricas supera las expectativas del mercado - El Diario - Bolivia\" \/>\n<meta property=\"og:description\" content=\"El distribuidor automotriz independiente m\u00e1s grande del mundo, Inchcape, ha anunciado un s\u00f3lido desempe\u00f1o en el primer semestre de 2025. Los resultados globales presentados en la Bolsa de Comercio de Londres reflejan la resiliencia y el crecimiento de la compa\u00f1\u00eda, destacando el rol estrat\u00e9gico de la regi\u00f3n de Am\u00e9ricas como el principal motor de crecimiento [&hellip;]\" \/>\n<meta property=\"og:url\" content=\"https:\/\/www.eldiario.net\/portal\/2025\/08\/20\/inchcape-americas-supera-las-expectativas-del-mercado\/\" \/>\n<meta property=\"og:site_name\" content=\"El Diario - Bolivia\" \/>\n<meta property=\"article:publisher\" content=\"https:\/\/www.facebook.com\/eldiario.bolivia\/\" \/>\n<meta property=\"article:published_time\" content=\"2025-08-20T05:41:13+00:00\" \/>\n<meta name=\"author\" content=\"Jeanette\" \/>\n<meta name=\"twitter:card\" content=\"summary_large_image\" \/>\n<meta name=\"twitter:creator\" content=\"@eldiario_net\" \/>\n<meta name=\"twitter:site\" content=\"@eldiario_net\" \/>\n<meta name=\"twitter:label1\" content=\"Escrito por\" \/>\n\t<meta name=\"twitter:data1\" content=\"Jeanette\" \/>\n\t<meta name=\"twitter:label2\" content=\"Tiempo de lectura\" \/>\n\t<meta name=\"twitter:data2\" content=\"2 minutos\" \/>\n<script type=\"application\/ld+json\" class=\"yoast-schema-graph\">{\"@context\":\"https:\\\/\\\/schema.org\",\"@graph\":[{\"@type\":\"Article\",\"@id\":\"https:\\\/\\\/www.eldiario.net\\\/portal\\\/2025\\\/08\\\/20\\\/inchcape-americas-supera-las-expectativas-del-mercado\\\/#article\",\"isPartOf\":{\"@id\":\"https:\\\/\\\/www.eldiario.net\\\/portal\\\/2025\\\/08\\\/20\\\/inchcape-americas-supera-las-expectativas-del-mercado\\\/\"},\"author\":{\"name\":\"Jeanette\",\"@id\":\"https:\\\/\\\/www.eldiario.net\\\/portal\\\/#\\\/schema\\\/person\\\/2c57cf2b7a7ae032e449e4c9b1019eac\"},\"headline\":\"Inchcape Am\u00e9ricas supera las expectativas del mercado\",\"datePublished\":\"2025-08-20T05:41:13+00:00\",\"mainEntityOfPage\":{\"@id\":\"https:\\\/\\\/www.eldiario.net\\\/portal\\\/2025\\\/08\\\/20\\\/inchcape-americas-supera-las-expectativas-del-mercado\\\/\"},\"wordCount\":410,\"publisher\":{\"@id\":\"https:\\\/\\\/www.eldiario.net\\\/portal\\\/#organization\"},\"articleSection\":[\"Femenina\"],\"inLanguage\":\"es\"},{\"@type\":\"WebPage\",\"@id\":\"https:\\\/\\\/www.eldiario.net\\\/portal\\\/2025\\\/08\\\/20\\\/inchcape-americas-supera-las-expectativas-del-mercado\\\/\",\"url\":\"https:\\\/\\\/www.eldiario.net\\\/portal\\\/2025\\\/08\\\/20\\\/inchcape-americas-supera-las-expectativas-del-mercado\\\/\",\"name\":\"Inchcape Am\u00e9ricas supera las expectativas del mercado - El Diario - Bolivia\",\"isPartOf\":{\"@id\":\"https:\\\/\\\/www.eldiario.net\\\/portal\\\/#website\"},\"datePublished\":\"2025-08-20T05:41:13+00:00\",\"breadcrumb\":{\"@id\":\"https:\\\/\\\/www.eldiario.net\\\/portal\\\/2025\\\/08\\\/20\\\/inchcape-americas-supera-las-expectativas-del-mercado\\\/#breadcrumb\"},\"inLanguage\":\"es\",\"potentialAction\":[{\"@type\":\"ReadAction\",\"target\":[\"https:\\\/\\\/www.eldiario.net\\\/portal\\\/2025\\\/08\\\/20\\\/inchcape-americas-supera-las-expectativas-del-mercado\\\/\"]}]},{\"@type\":\"BreadcrumbList\",\"@id\":\"https:\\\/\\\/www.eldiario.net\\\/portal\\\/2025\\\/08\\\/20\\\/inchcape-americas-supera-las-expectativas-del-mercado\\\/#breadcrumb\",\"itemListElement\":[{\"@type\":\"ListItem\",\"position\":1,\"name\":\"Portada\",\"item\":\"https:\\\/\\\/www.eldiario.net\\\/portal\\\/\"},{\"@type\":\"ListItem\",\"position\":2,\"name\":\"Inchcape Am\u00e9ricas supera las expectativas del mercado\"}]},{\"@type\":\"WebSite\",\"@id\":\"https:\\\/\\\/www.eldiario.net\\\/portal\\\/#website\",\"url\":\"https:\\\/\\\/www.eldiario.net\\\/portal\\\/\",\"name\":\"El Diario - Decano de la prensa nacional\",\"description\":\"El Diario - Decano de la prensa nacional\",\"publisher\":{\"@id\":\"https:\\\/\\\/www.eldiario.net\\\/portal\\\/#organization\"},\"potentialAction\":[{\"@type\":\"SearchAction\",\"target\":{\"@type\":\"EntryPoint\",\"urlTemplate\":\"https:\\\/\\\/www.eldiario.net\\\/portal\\\/?s={search_term_string}\"},\"query-input\":{\"@type\":\"PropertyValueSpecification\",\"valueRequired\":true,\"valueName\":\"search_term_string\"}}],\"inLanguage\":\"es\"},{\"@type\":\"Organization\",\"@id\":\"https:\\\/\\\/www.eldiario.net\\\/portal\\\/#organization\",\"name\":\"El Diario - Decano de la prensa nacional\",\"url\":\"https:\\\/\\\/www.eldiario.net\\\/portal\\\/\",\"logo\":{\"@type\":\"ImageObject\",\"inLanguage\":\"es\",\"@id\":\"https:\\\/\\\/www.eldiario.net\\\/portal\\\/#\\\/schema\\\/logo\\\/image\\\/\",\"url\":\"https:\\\/\\\/www.eldiario.net\\\/portal\\\/wp-content\\\/uploads\\\/2023\\\/07\\\/logo_ED.jpg\",\"contentUrl\":\"https:\\\/\\\/www.eldiario.net\\\/portal\\\/wp-content\\\/uploads\\\/2023\\\/07\\\/logo_ED.jpg\",\"width\":272,\"height\":52,\"caption\":\"El Diario - Decano de la prensa nacional\"},\"image\":{\"@id\":\"https:\\\/\\\/www.eldiario.net\\\/portal\\\/#\\\/schema\\\/logo\\\/image\\\/\"},\"sameAs\":[\"https:\\\/\\\/www.facebook.com\\\/eldiario.bolivia\\\/\",\"https:\\\/\\\/x.com\\\/eldiario_net\"]},{\"@type\":\"Person\",\"@id\":\"https:\\\/\\\/www.eldiario.net\\\/portal\\\/#\\\/schema\\\/person\\\/2c57cf2b7a7ae032e449e4c9b1019eac\",\"name\":\"Jeanette\",\"image\":{\"@type\":\"ImageObject\",\"inLanguage\":\"es\",\"@id\":\"https:\\\/\\\/secure.gravatar.com\\\/avatar\\\/3ea2118a5f7dad2b7138b1187a6b7ee55f160b9968b66013c3a3ef39dd7e5798?s=96&d=mm&r=g\",\"url\":\"https:\\\/\\\/secure.gravatar.com\\\/avatar\\\/3ea2118a5f7dad2b7138b1187a6b7ee55f160b9968b66013c3a3ef39dd7e5798?s=96&d=mm&r=g\",\"contentUrl\":\"https:\\\/\\\/secure.gravatar.com\\\/avatar\\\/3ea2118a5f7dad2b7138b1187a6b7ee55f160b9968b66013c3a3ef39dd7e5798?s=96&d=mm&r=g\",\"caption\":\"Jeanette\"},\"sameAs\":[\"https:\\\/\\\/www.eldiario.net\\\/portal\"],\"url\":\"https:\\\/\\\/www.eldiario.net\\\/portal\\\/author\\\/jeanette\\\/\"}]}<\/script>\n<!-- \/ Yoast SEO plugin. -->","yoast_head_json":{"title":"Inchcape Am\u00e9ricas supera las expectativas del mercado - El Diario - Bolivia","robots":{"index":"index","follow":"follow","max-snippet":"max-snippet:-1","max-image-preview":"max-image-preview:large","max-video-preview":"max-video-preview:-1"},"canonical":"https:\/\/www.eldiario.net\/portal\/2025\/08\/20\/inchcape-americas-supera-las-expectativas-del-mercado\/","og_locale":"es_ES","og_type":"article","og_title":"Inchcape Am\u00e9ricas supera las expectativas del mercado - El Diario - Bolivia","og_description":"El distribuidor automotriz independiente m\u00e1s grande del mundo, Inchcape, ha anunciado un s\u00f3lido desempe\u00f1o en el primer semestre de 2025. Los resultados globales presentados en la Bolsa de Comercio de Londres reflejan la resiliencia y el crecimiento de la compa\u00f1\u00eda, destacando el rol estrat\u00e9gico de la regi\u00f3n de Am\u00e9ricas como el principal motor de crecimiento [&hellip;]","og_url":"https:\/\/www.eldiario.net\/portal\/2025\/08\/20\/inchcape-americas-supera-las-expectativas-del-mercado\/","og_site_name":"El Diario - Bolivia","article_publisher":"https:\/\/www.facebook.com\/eldiario.bolivia\/","article_published_time":"2025-08-20T05:41:13+00:00","author":"Jeanette","twitter_card":"summary_large_image","twitter_creator":"@eldiario_net","twitter_site":"@eldiario_net","twitter_misc":{"Escrito por":"Jeanette","Tiempo de lectura":"2 minutos"},"schema":{"@context":"https:\/\/schema.org","@graph":[{"@type":"Article","@id":"https:\/\/www.eldiario.net\/portal\/2025\/08\/20\/inchcape-americas-supera-las-expectativas-del-mercado\/#article","isPartOf":{"@id":"https:\/\/www.eldiario.net\/portal\/2025\/08\/20\/inchcape-americas-supera-las-expectativas-del-mercado\/"},"author":{"name":"Jeanette","@id":"https:\/\/www.eldiario.net\/portal\/#\/schema\/person\/2c57cf2b7a7ae032e449e4c9b1019eac"},"headline":"Inchcape Am\u00e9ricas supera las expectativas del mercado","datePublished":"2025-08-20T05:41:13+00:00","mainEntityOfPage":{"@id":"https:\/\/www.eldiario.net\/portal\/2025\/08\/20\/inchcape-americas-supera-las-expectativas-del-mercado\/"},"wordCount":410,"publisher":{"@id":"https:\/\/www.eldiario.net\/portal\/#organization"},"articleSection":["Femenina"],"inLanguage":"es"},{"@type":"WebPage","@id":"https:\/\/www.eldiario.net\/portal\/2025\/08\/20\/inchcape-americas-supera-las-expectativas-del-mercado\/","url":"https:\/\/www.eldiario.net\/portal\/2025\/08\/20\/inchcape-americas-supera-las-expectativas-del-mercado\/","name":"Inchcape Am\u00e9ricas supera las expectativas del mercado - El Diario - Bolivia","isPartOf":{"@id":"https:\/\/www.eldiario.net\/portal\/#website"},"datePublished":"2025-08-20T05:41:13+00:00","breadcrumb":{"@id":"https:\/\/www.eldiario.net\/portal\/2025\/08\/20\/inchcape-americas-supera-las-expectativas-del-mercado\/#breadcrumb"},"inLanguage":"es","potentialAction":[{"@type":"ReadAction","target":["https:\/\/www.eldiario.net\/portal\/2025\/08\/20\/inchcape-americas-supera-las-expectativas-del-mercado\/"]}]},{"@type":"BreadcrumbList","@id":"https:\/\/www.eldiario.net\/portal\/2025\/08\/20\/inchcape-americas-supera-las-expectativas-del-mercado\/#breadcrumb","itemListElement":[{"@type":"ListItem","position":1,"name":"Portada","item":"https:\/\/www.eldiario.net\/portal\/"},{"@type":"ListItem","position":2,"name":"Inchcape Am\u00e9ricas supera las expectativas del mercado"}]},{"@type":"WebSite","@id":"https:\/\/www.eldiario.net\/portal\/#website","url":"https:\/\/www.eldiario.net\/portal\/","name":"El Diario - Decano de la prensa nacional","description":"El Diario - Decano de la prensa nacional","publisher":{"@id":"https:\/\/www.eldiario.net\/portal\/#organization"},"potentialAction":[{"@type":"SearchAction","target":{"@type":"EntryPoint","urlTemplate":"https:\/\/www.eldiario.net\/portal\/?s={search_term_string}"},"query-input":{"@type":"PropertyValueSpecification","valueRequired":true,"valueName":"search_term_string"}}],"inLanguage":"es"},{"@type":"Organization","@id":"https:\/\/www.eldiario.net\/portal\/#organization","name":"El Diario - Decano de la prensa nacional","url":"https:\/\/www.eldiario.net\/portal\/","logo":{"@type":"ImageObject","inLanguage":"es","@id":"https:\/\/www.eldiario.net\/portal\/#\/schema\/logo\/image\/","url":"https:\/\/www.eldiario.net\/portal\/wp-content\/uploads\/2023\/07\/logo_ED.jpg","contentUrl":"https:\/\/www.eldiario.net\/portal\/wp-content\/uploads\/2023\/07\/logo_ED.jpg","width":272,"height":52,"caption":"El Diario - Decano de la prensa nacional"},"image":{"@id":"https:\/\/www.eldiario.net\/portal\/#\/schema\/logo\/image\/"},"sameAs":["https:\/\/www.facebook.com\/eldiario.bolivia\/","https:\/\/x.com\/eldiario_net"]},{"@type":"Person","@id":"https:\/\/www.eldiario.net\/portal\/#\/schema\/person\/2c57cf2b7a7ae032e449e4c9b1019eac","name":"Jeanette","image":{"@type":"ImageObject","inLanguage":"es","@id":"https:\/\/secure.gravatar.com\/avatar\/3ea2118a5f7dad2b7138b1187a6b7ee55f160b9968b66013c3a3ef39dd7e5798?s=96&d=mm&r=g","url":"https:\/\/secure.gravatar.com\/avatar\/3ea2118a5f7dad2b7138b1187a6b7ee55f160b9968b66013c3a3ef39dd7e5798?s=96&d=mm&r=g","contentUrl":"https:\/\/secure.gravatar.com\/avatar\/3ea2118a5f7dad2b7138b1187a6b7ee55f160b9968b66013c3a3ef39dd7e5798?s=96&d=mm&r=g","caption":"Jeanette"},"sameAs":["https:\/\/www.eldiario.net\/portal"],"url":"https:\/\/www.eldiario.net\/portal\/author\/jeanette\/"}]}},"_links":{"self":[{"href":"https:\/\/www.eldiario.net\/portal\/wp-json\/wp\/v2\/posts\/325179","targetHints":{"allow":["GET"]}}],"collection":[{"href":"https:\/\/www.eldiario.net\/portal\/wp-json\/wp\/v2\/posts"}],"about":[{"href":"https:\/\/www.eldiario.net\/portal\/wp-json\/wp\/v2\/types\/post"}],"author":[{"embeddable":true,"href":"https:\/\/www.eldiario.net\/portal\/wp-json\/wp\/v2\/users\/1"}],"replies":[{"embeddable":true,"href":"https:\/\/www.eldiario.net\/portal\/wp-json\/wp\/v2\/comments?post=325179"}],"version-history":[{"count":1,"href":"https:\/\/www.eldiario.net\/portal\/wp-json\/wp\/v2\/posts\/325179\/revisions"}],"predecessor-version":[{"id":325181,"href":"https:\/\/www.eldiario.net\/portal\/wp-json\/wp\/v2\/posts\/325179\/revisions\/325181"}],"wp:attachment":[{"href":"https:\/\/www.eldiario.net\/portal\/wp-json\/wp\/v2\/media?parent=325179"}],"wp:term":[{"taxonomy":"category","embeddable":true,"href":"https:\/\/www.eldiario.net\/portal\/wp-json\/wp\/v2\/categories?post=325179"},{"taxonomy":"post_tag","embeddable":true,"href":"https:\/\/www.eldiario.net\/portal\/wp-json\/wp\/v2\/tags?post=325179"}],"curies":[{"name":"wp","href":"https:\/\/api.w.org\/{rel}","templated":true}]}}