{"id":324715,"date":"2025-08-18T00:21:29","date_gmt":"2025-08-18T04:21:29","guid":{"rendered":"https:\/\/www.eldiario.net\/portal\/?p=324715"},"modified":"2025-08-17T21:05:36","modified_gmt":"2025-08-18T01:05:36","slug":"dalett-se-adentra-en-las-emociones-mas-intimas-en-eco-profundo","status":"publish","type":"post","link":"https:\/\/www.eldiario.net\/portal\/2025\/08\/18\/dalett-se-adentra-en-las-emociones-mas-intimas-en-eco-profundo\/","title":{"rendered":"Dalett se adentra en las emociones m\u00e1s \u00edntimas en \u201cEco profundo\u201d"},"content":{"rendered":"<p>La cantautora cochabambina Dalett presenta con entusiasmo su segunda canci\u00f3n, titulada \u201cEco profundo\u201d, una entrega musical cargada de autenticidad que profundiza en las emociones m\u00e1s \u00edntimas del alma y contin\u00faa el viaje musical que comenz\u00f3 con su primer sencillo \u201cNada qued\u00f3\u201d, estrenado en mayo de este a\u00f1o.<\/p>\n<p>\u201cEco profundo\u201d nace de una sensaci\u00f3n de p\u00e9rdida, una mezcla de nostalgia con una peque\u00f1a rebeld\u00eda silenciosa. Habla desde la perspectiva de alguien que a\u00fan guarda amor, recuerdos y heridas, mientras que la otra persona se alej\u00f3 culpando al pasado, pero hay una \u201cb\u00fasqueda de sentido dentro del dolor\u201d.<\/p>\n<p>La canci\u00f3n tiene influencias del pop electro con matices del funk y el rock, presentando as\u00ed una est\u00e9tica fresca.<\/p>\n<p>La producci\u00f3n del material musical es elaborada con el productor Roberto Bustillos, director de \u00a8Sonic Boom Studios\u201d (La Paz)<\/p>\n<p>La canci\u00f3n est\u00e1 disponible en todas las plataformas digitales y su lanzamiento forma parte de un proyecto musical independiente que busca contar historias reales, con una voz suave y un estilo propio que va ganando seguidores en cada proyecto y publicaci\u00f3n.<\/p>\n<p><strong>PARA RECORDAR<\/strong><\/p>\n<p>Dalet Diana Fern\u00e1ndez Claros es una cantante y compositora boliviana. Su nombre art\u00edstico es Dalett y actualmente se desempe\u00f1a como artista independiente en el g\u00e9nero pop, destacando por su capacidad para adaptarse a diversos estilos musicales.<\/p>\n<p>A lo largo de su carrera, fue parte de varios proyectos y d\u00faos musicales de diversos g\u00e9neros, en los que demostr\u00f3 su talento y versatilidad en el escenario.<\/p>\n<p>Dalett es profesional en Bioqu\u00edmica y Farmacia y decidi\u00f3 incursionar como solista en su carrera musical en el g\u00e9nero pop, componiendo su primer sencillo \u201cNada qued\u00f3\u201d. La producci\u00f3n de la canci\u00f3n se construy\u00f3 y concluy\u00f3 en la productora Sonic Boom (de La Paz), a cargo del productor Roberto Bustillos.<\/p>\n<p>\u201cNada qued\u00f3\u201d es una canci\u00f3n que cuenta una historia de amor que fue intensa, pero fugaz, con una vibra nost\u00e1lgica y melanc\u00f3lica y un cierre esperanzador. Habla de un encuentro m\u00e1gico y casual entre dos personas, que ten\u00eda potencial a futuro. Existe una transformaci\u00f3n, de dolor, desapego y un renacimiento personal. Es un viaje emocional.<\/p>\n<p>La canci\u00f3n est\u00e1 disponible en las plataformas digitales, como Spotify, Apple Music y YouTube.<\/p>\n<p>En una anterior entrevista con La Gu\u00eda, Dalett cont\u00f3 c\u00f3mo surgi\u00f3 su pasi\u00f3n por la m\u00fasica.<\/p>\n<p>\u201cDesde muy peque\u00f1a sent\u00ed una conexi\u00f3n profunda con la m\u00fasica. Era mi refugio, mi forma de expresarme cuando las palabras no eran suficientes. Comenc\u00e9 cantando en casa, luego en eventos escolares, hasta que un d\u00eda supe que esto no era solo una afici\u00f3n, sino mi camino de vida\u201d, record\u00f3.<\/p>\n<p>Sus referentes son artistas que transmiten con el alma. \u201cMe inspiran voces como la de Ariana Grande por su disciplina y estudio vocal, Natalia Lafourcade por su autenticidad, Belanova por su originalidad y tambi\u00e9n sonidos m\u00e1s contempor\u00e1neos del pop y sus subg\u00e9neros y el funk latino que me han influido al crear mi propio estilo\u201d, expres\u00f3.<\/p>\n<p>Dalett ha estado vinculada al arte desde hace a\u00f1os, pero el cantar solamente era una afici\u00f3n o pasatiempo. \u201cHe colaborado como corista en ciertos grupos musicales y de iglesia y, asimismo, he realizado presentaciones ac\u00fasticas acompa\u00f1ada por alg\u00fan m\u00fasico instrumentista. Recientemente, desde el a\u00f1o 2024, empec\u00e9 a escribir mis propias canciones y poco a poco estoy construyendo un universo sonoro que refleja lo que soy\u201d, rememor\u00f3.<\/p>\n<p>El lanzamiento de su primer sencillo, \u201cNada qued\u00f3\u201d, marc\u00f3 un antes y un despu\u00e9s en su carrera, d\u00e1ndole la oportunidad de conectar con muchas personas desde lo m\u00e1s honesto de su ser.<\/p>\n<p>\u00bfC\u00f3mo etiquetar\u00edas tu m\u00fasica? \u201cMi m\u00fasica es pop emocional con tintes electro, funk, indi y rock (\u2026). Me gusta que suene fresco, nost\u00e1lgico, pero que tenga una historia real detr\u00e1s, que transmita a quien la escucha\u201d, explic\u00f3.<\/p>\n<p>Dalett confes\u00f3 que el pop le permite mezclar lo \u00edntimo con lo universal. \u201cMe gusta c\u00f3mo este g\u00e9nero te da libertad para jugar con sonidos modernos, pero tambi\u00e9n te permite contar historias cercanas, reales y con emoci\u00f3n\u201d, sostuvo.<\/p>\n<p>La joven cantautora resalt\u00f3 que su meta es crecer como artista sin perder su esencia. \u201cQuiero seguir creando m\u00fasica que acompa\u00f1e, que inspire. Tambi\u00e9n me he propuesto ser constante, seguir form\u00e1ndome y disfrutar cada paso del proceso, incluso los m\u00e1s dif\u00edciles. Asimismo, este a\u00f1o me propuse tener mi EP y m\u00e1s adelante seguir haciendo m\u00e1s m\u00fasica, con composiciones m\u00edas. Tambi\u00e9n formar una banda completa, para que la experiencia musical en vivo sea m\u00e1s atractiva\u201d, anunci\u00f3.<\/p>\n<p><strong>PRIMER SENCILLO \u201cNADA QUED\u00d3\u201d<\/strong><\/p>\n<p>\u201cNada qued\u00f3\u201d es una canci\u00f3n muy especial para Dalett, puesto que naci\u00f3 de una experiencia real. \u201cEs un reflejo de lo que pasa cuando uno entrega todo en una relaci\u00f3n y se queda con las manos vac\u00edas. La letra es simple, pero profunda, y creo que por eso conecta con tantas personas. Me llena el alma ver los comentarios de quienes se sintieron identificados\u201d, cont\u00f3.<\/p>\n<p><strong>DATOS<\/strong><\/p>\n<p>Dalet Diana Fern\u00e1ndez Claros naci\u00f3 el 9 de agosto de 1994 en Cochabamba. Es licenciada en Bioqu\u00edmica y Farmacia (UMSS) y T\u00e9cnico medio en Laboratorio Cl\u00ednico (TECSUR), profesi\u00f3n que ejerce.<\/p>\n<p>Su preparaci\u00f3n musical la hizo en institutos como \u201cScala\u201c, \u201cGospel music\u201d y en talleres o clases particulares con Mayra Gonzales, Andrea Figueroa, Ale Lanza y Fulvia Fossati.<\/p>\n<p>Su mayor sue\u00f1o art\u00edstico es llevar su m\u00fasica a distintos pa\u00edses y llevar en alto el nombre de Bolivia, cantar en escenarios grandes y peque\u00f1os y sentir que sus canciones han sido parte del camino de otras personas. \u201cQuiero vivir de lo que amo y seguir creando sin perder la conexi\u00f3n con lo que soy. Agradezco a quienes han cre\u00eddo en m\u00ed desde el inicio, mi familia, especialmente mi mam\u00e1, a los que escuchan mi m\u00fasica, la comparten y la sienten como propia. Esto reci\u00e9n comienza y estoy feliz de recorrer este viaje, acompa\u00f1ada de tanta gente hermosa\u201d, concluy\u00f3.<\/p>\n\r\n                <style type=\"text\/css\">\r\n                    \r\n                    #tdi_1  .td-doubleSlider-2 .td-item1 {\r\n                        background: url(https:\/\/www.eldiario.net\/portal\/wp-content\/uploads\/2025\/08\/1-PRINCIPAL-5-80x60.webp) 0 0 no-repeat;\r\n                    }\r\n                    #tdi_1  .td-doubleSlider-2 .td-item2 {\r\n                        background: url(https:\/\/www.eldiario.net\/portal\/wp-content\/uploads\/2025\/08\/2-fotos-Nadia-Vega-80x60.webp) 0 0 no-repeat;\r\n                    }\r\n                    #tdi_1  .td-doubleSlider-2 .td-item3 {\r\n                        background: url(https:\/\/www.eldiario.net\/portal\/wp-content\/uploads\/2025\/08\/3-6-80x60.webp) 0 0 no-repeat;\r\n                    }\r\n                    #tdi_1  .td-doubleSlider-2 .td-item4 {\r\n                        background: url(https:\/\/www.eldiario.net\/portal\/wp-content\/uploads\/2025\/08\/4-6-80x60.webp) 0 0 no-repeat;\r\n                    }\r\n                    #tdi_1  .td-doubleSlider-2 .td-item5 {\r\n                        background: url(https:\/\/www.eldiario.net\/portal\/wp-content\/uploads\/2025\/08\/5-3-80x60.webp) 0 0 no-repeat;\r\n                    }\r\n                    #tdi_1  .td-doubleSlider-2 .td-item6 {\r\n                        background: url(https:\/\/www.eldiario.net\/portal\/wp-content\/uploads\/2025\/08\/6-3-80x60.webp) 0 0 no-repeat;\r\n                    }\r\n                    #tdi_1  .td-doubleSlider-2 .td-item7 {\r\n                        background: url(https:\/\/www.eldiario.net\/portal\/wp-content\/uploads\/2025\/08\/7-80x60.webp) 0 0 no-repeat;\r\n                    }\r\n                <\/style>\r\n\r\n                <div id=\"tdi_1\" class=\"td-gallery td-slide-on-2-columns\">\r\n                    <div class=\"post_td_gallery\">\r\n                        <div class=\"td-gallery-slide-top\">\r\n                           <div class=\"td-gallery-title\"><\/div>\r\n\r\n                            <div class=\"td-gallery-controls-wrapper\">\r\n                                <div class=\"td-gallery-slide-count\"><span class=\"td-gallery-slide-item-focus\">1<\/span> de 7<\/div>\r\n                                <div class=\"td-gallery-slide-prev-next-but\">\r\n                                    <i class = \"td-icon-left doubleSliderPrevButton\"><\/i>\r\n                                    <i class = \"td-icon-right doubleSliderNextButton\"><\/i>\r\n                                <\/div>\r\n                            <\/div>\r\n                        <\/div>\r\n\r\n                        <div class = \"td-doubleSlider-1 \">\r\n                            <div class = \"td-slider\">\r\n                                \r\n                    <div class = \"td-slide-item td-item1\">\r\n                        <figure class=\"td-slide-galery-figure td-slide-popup-gallery\">\r\n                            <a class=\"slide-gallery-image-link\" href=\"https:\/\/www.eldiario.net\/portal\/wp-content\/uploads\/2025\/08\/1-PRINCIPAL-5.webp\" title=\"1-PRINCIPAL\"  data-caption=\"\"  data-description=\"\">\r\n                                <img decoding=\"async\" src=\"https:\/\/www.eldiario.net\/portal\/wp-content\/uploads\/2025\/08\/1-PRINCIPAL-5-683x420.webp\" srcset=\"https:\/\/www.eldiario.net\/portal\/wp-content\/uploads\/2025\/08\/1-PRINCIPAL-5-683x420.webp 683w, https:\/\/www.eldiario.net\/portal\/wp-content\/uploads\/2025\/08\/1-PRINCIPAL-5-300x185.webp 300w, https:\/\/www.eldiario.net\/portal\/wp-content\/uploads\/2025\/08\/1-PRINCIPAL-5-1024x630.webp 1024w, https:\/\/www.eldiario.net\/portal\/wp-content\/uploads\/2025\/08\/1-PRINCIPAL-5-768x472.webp 768w, https:\/\/www.eldiario.net\/portal\/wp-content\/uploads\/2025\/08\/1-PRINCIPAL-5-150x92.webp 150w, https:\/\/www.eldiario.net\/portal\/wp-content\/uploads\/2025\/08\/1-PRINCIPAL-5-696x428.webp 696w, https:\/\/www.eldiario.net\/portal\/wp-content\/uploads\/2025\/08\/1-PRINCIPAL-5-1068x657.webp 1068w, https:\/\/www.eldiario.net\/portal\/wp-content\/uploads\/2025\/08\/1-PRINCIPAL-5.webp 1200w\" sizes=\"(max-width: 683px) 100vw, 683px\" alt=\"\">\r\n                            <\/a>\r\n                            \r\n                        <\/figure>\r\n                    <\/div>\r\n                    <div class = \"td-slide-item td-item2\">\r\n                        <figure class=\"td-slide-galery-figure td-slide-popup-gallery\">\r\n                            <a class=\"slide-gallery-image-link\" href=\"https:\/\/www.eldiario.net\/portal\/wp-content\/uploads\/2025\/08\/2-fotos-Nadia-Vega.webp\" title=\"2-fotos-Nadia-Vega\"  data-caption=\"\"  data-description=\"\">\r\n                                <img decoding=\"async\" src=\"https:\/\/www.eldiario.net\/portal\/wp-content\/uploads\/2025\/08\/2-fotos-Nadia-Vega-236x420.webp\" srcset=\"https:\/\/www.eldiario.net\/portal\/wp-content\/uploads\/2025\/08\/2-fotos-Nadia-Vega-236x420.webp 236w, https:\/\/www.eldiario.net\/portal\/wp-content\/uploads\/2025\/08\/2-fotos-Nadia-Vega-169x300.webp 169w, https:\/\/www.eldiario.net\/portal\/wp-content\/uploads\/2025\/08\/2-fotos-Nadia-Vega-576x1024.webp 576w, https:\/\/www.eldiario.net\/portal\/wp-content\/uploads\/2025\/08\/2-fotos-Nadia-Vega-768x1365.webp 768w, https:\/\/www.eldiario.net\/portal\/wp-content\/uploads\/2025\/08\/2-fotos-Nadia-Vega-864x1536.webp 864w, https:\/\/www.eldiario.net\/portal\/wp-content\/uploads\/2025\/08\/2-fotos-Nadia-Vega-1152x2048.webp 1152w, https:\/\/www.eldiario.net\/portal\/wp-content\/uploads\/2025\/08\/2-fotos-Nadia-Vega-150x267.webp 150w, https:\/\/www.eldiario.net\/portal\/wp-content\/uploads\/2025\/08\/2-fotos-Nadia-Vega-300x533.webp 300w, https:\/\/www.eldiario.net\/portal\/wp-content\/uploads\/2025\/08\/2-fotos-Nadia-Vega-696x1237.webp 696w, https:\/\/www.eldiario.net\/portal\/wp-content\/uploads\/2025\/08\/2-fotos-Nadia-Vega-1068x1898.webp 1068w, https:\/\/www.eldiario.net\/portal\/wp-content\/uploads\/2025\/08\/2-fotos-Nadia-Vega.webp 1200w\" sizes=\"(max-width: 236px) 100vw, 236px\" alt=\"\">\r\n                            <\/a>\r\n                            \r\n                        <\/figure>\r\n                    <\/div>\r\n                    <div class = \"td-slide-item td-item3\">\r\n                        <figure class=\"td-slide-galery-figure td-slide-popup-gallery\">\r\n                            <a class=\"slide-gallery-image-link\" href=\"https:\/\/www.eldiario.net\/portal\/wp-content\/uploads\/2025\/08\/3-6.webp\" title=\"3\"  data-caption=\"\"  data-description=\"\">\r\n                                <img decoding=\"async\" src=\"https:\/\/www.eldiario.net\/portal\/wp-content\/uploads\/2025\/08\/3-6-238x420.webp\" srcset=\"https:\/\/www.eldiario.net\/portal\/wp-content\/uploads\/2025\/08\/3-6-238x420.webp 238w, https:\/\/www.eldiario.net\/portal\/wp-content\/uploads\/2025\/08\/3-6-170x300.webp 170w, https:\/\/www.eldiario.net\/portal\/wp-content\/uploads\/2025\/08\/3-6-580x1024.webp 580w, https:\/\/www.eldiario.net\/portal\/wp-content\/uploads\/2025\/08\/3-6-768x1357.webp 768w, https:\/\/www.eldiario.net\/portal\/wp-content\/uploads\/2025\/08\/3-6-150x265.webp 150w, https:\/\/www.eldiario.net\/portal\/wp-content\/uploads\/2025\/08\/3-6-300x530.webp 300w, https:\/\/www.eldiario.net\/portal\/wp-content\/uploads\/2025\/08\/3-6-696x1230.webp 696w, https:\/\/www.eldiario.net\/portal\/wp-content\/uploads\/2025\/08\/3-6.webp 828w\" sizes=\"(max-width: 238px) 100vw, 238px\" alt=\"\">\r\n                            <\/a>\r\n                            \r\n                        <\/figure>\r\n                    <\/div>\r\n                    <div class = \"td-slide-item td-item4\">\r\n                        <figure class=\"td-slide-galery-figure td-slide-popup-gallery\">\r\n                            <a class=\"slide-gallery-image-link\" href=\"https:\/\/www.eldiario.net\/portal\/wp-content\/uploads\/2025\/08\/4-6.webp\" title=\"4\"  data-caption=\"\"  data-description=\"\">\r\n                                <img decoding=\"async\" src=\"https:\/\/www.eldiario.net\/portal\/wp-content\/uploads\/2025\/08\/4-6-630x420.webp\" srcset=\"https:\/\/www.eldiario.net\/portal\/wp-content\/uploads\/2025\/08\/4-6-630x420.webp 630w, https:\/\/www.eldiario.net\/portal\/wp-content\/uploads\/2025\/08\/4-6-300x200.webp 300w, https:\/\/www.eldiario.net\/portal\/wp-content\/uploads\/2025\/08\/4-6-1024x683.webp 1024w, https:\/\/www.eldiario.net\/portal\/wp-content\/uploads\/2025\/08\/4-6-768x512.webp 768w, https:\/\/www.eldiario.net\/portal\/wp-content\/uploads\/2025\/08\/4-6-150x100.webp 150w, https:\/\/www.eldiario.net\/portal\/wp-content\/uploads\/2025\/08\/4-6-696x464.webp 696w, https:\/\/www.eldiario.net\/portal\/wp-content\/uploads\/2025\/08\/4-6-1068x712.webp 1068w, https:\/\/www.eldiario.net\/portal\/wp-content\/uploads\/2025\/08\/4-6.webp 1200w\" sizes=\"(max-width: 630px) 100vw, 630px\" alt=\"\">\r\n                            <\/a>\r\n                            \r\n                        <\/figure>\r\n                    <\/div>\r\n                    <div class = \"td-slide-item td-item5\">\r\n                        <figure class=\"td-slide-galery-figure td-slide-popup-gallery\">\r\n                            <a class=\"slide-gallery-image-link\" href=\"https:\/\/www.eldiario.net\/portal\/wp-content\/uploads\/2025\/08\/5-3.webp\" title=\"5\"  data-caption=\"\"  data-description=\"\">\r\n                                <img decoding=\"async\" src=\"https:\/\/www.eldiario.net\/portal\/wp-content\/uploads\/2025\/08\/5-3-747x420.webp\" srcset=\"https:\/\/www.eldiario.net\/portal\/wp-content\/uploads\/2025\/08\/5-3-747x420.webp 747w, https:\/\/www.eldiario.net\/portal\/wp-content\/uploads\/2025\/08\/5-3-300x169.webp 300w, https:\/\/www.eldiario.net\/portal\/wp-content\/uploads\/2025\/08\/5-3-1024x576.webp 1024w, https:\/\/www.eldiario.net\/portal\/wp-content\/uploads\/2025\/08\/5-3-768x432.webp 768w, https:\/\/www.eldiario.net\/portal\/wp-content\/uploads\/2025\/08\/5-3-150x84.webp 150w, https:\/\/www.eldiario.net\/portal\/wp-content\/uploads\/2025\/08\/5-3-696x392.webp 696w, https:\/\/www.eldiario.net\/portal\/wp-content\/uploads\/2025\/08\/5-3-1068x601.webp 1068w, https:\/\/www.eldiario.net\/portal\/wp-content\/uploads\/2025\/08\/5-3.webp 1200w\" sizes=\"(max-width: 747px) 100vw, 747px\" alt=\"\">\r\n                            <\/a>\r\n                            \r\n                        <\/figure>\r\n                    <\/div>\r\n                    <div class = \"td-slide-item td-item6\">\r\n                        <figure class=\"td-slide-galery-figure td-slide-popup-gallery\">\r\n                            <a class=\"slide-gallery-image-link\" href=\"https:\/\/www.eldiario.net\/portal\/wp-content\/uploads\/2025\/08\/6-3.webp\" title=\"6\"  data-caption=\"\"  data-description=\"\">\r\n                                <img decoding=\"async\" src=\"https:\/\/www.eldiario.net\/portal\/wp-content\/uploads\/2025\/08\/6-3-278x420.webp\" srcset=\"https:\/\/www.eldiario.net\/portal\/wp-content\/uploads\/2025\/08\/6-3-278x420.webp 278w, https:\/\/www.eldiario.net\/portal\/wp-content\/uploads\/2025\/08\/6-3-199x300.webp 199w, https:\/\/www.eldiario.net\/portal\/wp-content\/uploads\/2025\/08\/6-3-679x1024.webp 679w, https:\/\/www.eldiario.net\/portal\/wp-content\/uploads\/2025\/08\/6-3-768x1158.webp 768w, https:\/\/www.eldiario.net\/portal\/wp-content\/uploads\/2025\/08\/6-3-1018x1536.webp 1018w, https:\/\/www.eldiario.net\/portal\/wp-content\/uploads\/2025\/08\/6-3-150x226.webp 150w, https:\/\/www.eldiario.net\/portal\/wp-content\/uploads\/2025\/08\/6-3-300x453.webp 300w, https:\/\/www.eldiario.net\/portal\/wp-content\/uploads\/2025\/08\/6-3-696x1050.webp 696w, https:\/\/www.eldiario.net\/portal\/wp-content\/uploads\/2025\/08\/6-3-1068x1611.webp 1068w, https:\/\/www.eldiario.net\/portal\/wp-content\/uploads\/2025\/08\/6-3.webp 1200w\" sizes=\"(max-width: 278px) 100vw, 278px\" alt=\"\">\r\n                            <\/a>\r\n                            \r\n                        <\/figure>\r\n                    <\/div>\r\n                    <div class = \"td-slide-item td-item7\">\r\n                        <figure class=\"td-slide-galery-figure td-slide-popup-gallery\">\r\n                            <a class=\"slide-gallery-image-link\" href=\"https:\/\/www.eldiario.net\/portal\/wp-content\/uploads\/2025\/08\/7.webp\" title=\"7\"  data-caption=\"\"  data-description=\"\">\r\n                                <img decoding=\"async\" src=\"https:\/\/www.eldiario.net\/portal\/wp-content\/uploads\/2025\/08\/7-420x420.webp\" srcset=\"https:\/\/www.eldiario.net\/portal\/wp-content\/uploads\/2025\/08\/7-420x420.webp 420w, https:\/\/www.eldiario.net\/portal\/wp-content\/uploads\/2025\/08\/7-300x300.webp 300w, https:\/\/www.eldiario.net\/portal\/wp-content\/uploads\/2025\/08\/7-1024x1024.webp 1024w, https:\/\/www.eldiario.net\/portal\/wp-content\/uploads\/2025\/08\/7-150x150.webp 150w, https:\/\/www.eldiario.net\/portal\/wp-content\/uploads\/2025\/08\/7-768x768.webp 768w, https:\/\/www.eldiario.net\/portal\/wp-content\/uploads\/2025\/08\/7-696x696.webp 696w, https:\/\/www.eldiario.net\/portal\/wp-content\/uploads\/2025\/08\/7-1068x1068.webp 1068w, https:\/\/www.eldiario.net\/portal\/wp-content\/uploads\/2025\/08\/7.webp 1280w\" sizes=\"(max-width: 420px) 100vw, 420px\" alt=\"\">\r\n                            <\/a>\r\n                            \r\n                        <\/figure>\r\n                    <\/div>\r\n                            <\/div>\r\n                        <\/div>\r\n\r\n                        <div class = \"td-doubleSlider-2\">\r\n                            <div class = \"td-slider\">\r\n                                \r\n                    <div class = \"td-button td-item1\">\r\n                        <div class = \"td-border\"><\/div>\r\n                    <\/div>\r\n                    <div class = \"td-button td-item2\">\r\n                        <div class = \"td-border\"><\/div>\r\n                    <\/div>\r\n                    <div class = \"td-button td-item3\">\r\n                        <div class = \"td-border\"><\/div>\r\n                    <\/div>\r\n                    <div class = \"td-button td-item4\">\r\n                        <div class = \"td-border\"><\/div>\r\n                    <\/div>\r\n                    <div class = \"td-button td-item5\">\r\n                        <div class = \"td-border\"><\/div>\r\n                    <\/div>\r\n                    <div class = \"td-button td-item6\">\r\n                        <div class = \"td-border\"><\/div>\r\n                    <\/div>\r\n                    <div class = \"td-button td-item7\">\r\n                        <div class = \"td-border\"><\/div>\r\n                    <\/div>\r\n                            <\/div>\r\n                        <\/div>\r\n\r\n                    <\/div>\r\n\r\n                <\/div>\r\n                \n","protected":false},"excerpt":{"rendered":"<p>La cantautora cochabambina Dalett presenta con entusiasmo su segunda canci\u00f3n, titulada \u201cEco profundo\u201d, una entrega musical cargada de autenticidad que profundiza en las emociones m\u00e1s \u00edntimas del alma y contin\u00faa el viaje musical que comenz\u00f3 con su primer sencillo \u201cNada qued\u00f3\u201d, estrenado en mayo de este a\u00f1o. \u201cEco profundo\u201d nace de una sensaci\u00f3n de p\u00e9rdida, [&hellip;]<\/p>\n","protected":false},"author":1,"featured_media":324716,"comment_status":"closed","ping_status":"open","sticky":false,"template":"","format":"standard","meta":{"_acf_changed":false,"footnotes":""},"categories":[41],"tags":[],"class_list":["post-324715","post","type-post","status-publish","format-standard","has-post-thumbnail","category-la-guia"],"acf":{"antetitulo":""},"yoast_head":"<!-- This site is optimized with the Yoast SEO plugin v28.4 - https:\/\/yoast.com\/product\/yoast-seo-wordpress\/ -->\n<title>Dalett se adentra en las emociones m\u00e1s \u00edntimas en \u201cEco profundo\u201d - El Diario - Bolivia<\/title>\n<meta name=\"robots\" content=\"index, follow, max-snippet:-1, max-image-preview:large, max-video-preview:-1\" \/>\n<link rel=\"canonical\" href=\"https:\/\/www.eldiario.net\/portal\/2025\/08\/18\/dalett-se-adentra-en-las-emociones-mas-intimas-en-eco-profundo\/\" \/>\n<meta property=\"og:locale\" content=\"es_ES\" \/>\n<meta property=\"og:type\" content=\"article\" \/>\n<meta property=\"og:title\" content=\"Dalett se adentra en las emociones m\u00e1s \u00edntimas en \u201cEco profundo\u201d - El Diario - Bolivia\" \/>\n<meta property=\"og:description\" content=\"La cantautora cochabambina Dalett presenta con entusiasmo su segunda canci\u00f3n, titulada \u201cEco profundo\u201d, una entrega musical cargada de autenticidad que profundiza en las emociones m\u00e1s \u00edntimas del alma y contin\u00faa el viaje musical que comenz\u00f3 con su primer sencillo \u201cNada qued\u00f3\u201d, estrenado en mayo de este a\u00f1o. \u201cEco profundo\u201d nace de una sensaci\u00f3n de p\u00e9rdida, [&hellip;]\" \/>\n<meta property=\"og:url\" content=\"https:\/\/www.eldiario.net\/portal\/2025\/08\/18\/dalett-se-adentra-en-las-emociones-mas-intimas-en-eco-profundo\/\" \/>\n<meta property=\"og:site_name\" content=\"El Diario - Bolivia\" \/>\n<meta property=\"article:publisher\" content=\"https:\/\/www.facebook.com\/eldiario.bolivia\/\" \/>\n<meta property=\"article:published_time\" content=\"2025-08-18T04:21:29+00:00\" \/>\n<meta property=\"og:image\" content=\"https:\/\/www.eldiario.net\/portal\/wp-content\/uploads\/2025\/08\/1-PRINCIPAL-5.webp\" \/>\n\t<meta property=\"og:image:width\" content=\"1200\" \/>\n\t<meta property=\"og:image:height\" content=\"738\" \/>\n\t<meta property=\"og:image:type\" content=\"image\/webp\" \/>\n<meta name=\"author\" content=\"Jeanette\" \/>\n<meta name=\"twitter:card\" content=\"summary_large_image\" \/>\n<meta name=\"twitter:creator\" content=\"@eldiario_net\" \/>\n<meta name=\"twitter:site\" content=\"@eldiario_net\" \/>\n<meta name=\"twitter:label1\" content=\"Escrito por\" \/>\n\t<meta name=\"twitter:data1\" content=\"Jeanette\" \/>\n\t<meta name=\"twitter:label2\" content=\"Tiempo de lectura\" \/>\n\t<meta name=\"twitter:data2\" content=\"5 minutos\" \/>\n<script type=\"application\/ld+json\" class=\"yoast-schema-graph\">{\"@context\":\"https:\\\/\\\/schema.org\",\"@graph\":[{\"@type\":\"Article\",\"@id\":\"https:\\\/\\\/www.eldiario.net\\\/portal\\\/2025\\\/08\\\/18\\\/dalett-se-adentra-en-las-emociones-mas-intimas-en-eco-profundo\\\/#article\",\"isPartOf\":{\"@id\":\"https:\\\/\\\/www.eldiario.net\\\/portal\\\/2025\\\/08\\\/18\\\/dalett-se-adentra-en-las-emociones-mas-intimas-en-eco-profundo\\\/\"},\"author\":{\"name\":\"Jeanette\",\"@id\":\"https:\\\/\\\/www.eldiario.net\\\/portal\\\/#\\\/schema\\\/person\\\/2c57cf2b7a7ae032e449e4c9b1019eac\"},\"headline\":\"Dalett se adentra en las emociones m\u00e1s \u00edntimas en \u201cEco profundo\u201d\",\"datePublished\":\"2025-08-18T04:21:29+00:00\",\"mainEntityOfPage\":{\"@id\":\"https:\\\/\\\/www.eldiario.net\\\/portal\\\/2025\\\/08\\\/18\\\/dalett-se-adentra-en-las-emociones-mas-intimas-en-eco-profundo\\\/\"},\"wordCount\":1068,\"publisher\":{\"@id\":\"https:\\\/\\\/www.eldiario.net\\\/portal\\\/#organization\"},\"image\":{\"@id\":\"https:\\\/\\\/www.eldiario.net\\\/portal\\\/2025\\\/08\\\/18\\\/dalett-se-adentra-en-las-emociones-mas-intimas-en-eco-profundo\\\/#primaryimage\"},\"thumbnailUrl\":\"https:\\\/\\\/www.eldiario.net\\\/portal\\\/wp-content\\\/uploads\\\/2025\\\/08\\\/1-PRINCIPAL-5.webp\",\"articleSection\":[\"La Gu\u00eda\"],\"inLanguage\":\"es\"},{\"@type\":\"WebPage\",\"@id\":\"https:\\\/\\\/www.eldiario.net\\\/portal\\\/2025\\\/08\\\/18\\\/dalett-se-adentra-en-las-emociones-mas-intimas-en-eco-profundo\\\/\",\"url\":\"https:\\\/\\\/www.eldiario.net\\\/portal\\\/2025\\\/08\\\/18\\\/dalett-se-adentra-en-las-emociones-mas-intimas-en-eco-profundo\\\/\",\"name\":\"Dalett se adentra en las emociones m\u00e1s \u00edntimas en \u201cEco profundo\u201d - El Diario - Bolivia\",\"isPartOf\":{\"@id\":\"https:\\\/\\\/www.eldiario.net\\\/portal\\\/#website\"},\"primaryImageOfPage\":{\"@id\":\"https:\\\/\\\/www.eldiario.net\\\/portal\\\/2025\\\/08\\\/18\\\/dalett-se-adentra-en-las-emociones-mas-intimas-en-eco-profundo\\\/#primaryimage\"},\"image\":{\"@id\":\"https:\\\/\\\/www.eldiario.net\\\/portal\\\/2025\\\/08\\\/18\\\/dalett-se-adentra-en-las-emociones-mas-intimas-en-eco-profundo\\\/#primaryimage\"},\"thumbnailUrl\":\"https:\\\/\\\/www.eldiario.net\\\/portal\\\/wp-content\\\/uploads\\\/2025\\\/08\\\/1-PRINCIPAL-5.webp\",\"datePublished\":\"2025-08-18T04:21:29+00:00\",\"breadcrumb\":{\"@id\":\"https:\\\/\\\/www.eldiario.net\\\/portal\\\/2025\\\/08\\\/18\\\/dalett-se-adentra-en-las-emociones-mas-intimas-en-eco-profundo\\\/#breadcrumb\"},\"inLanguage\":\"es\",\"potentialAction\":[{\"@type\":\"ReadAction\",\"target\":[\"https:\\\/\\\/www.eldiario.net\\\/portal\\\/2025\\\/08\\\/18\\\/dalett-se-adentra-en-las-emociones-mas-intimas-en-eco-profundo\\\/\"]}]},{\"@type\":\"ImageObject\",\"inLanguage\":\"es\",\"@id\":\"https:\\\/\\\/www.eldiario.net\\\/portal\\\/2025\\\/08\\\/18\\\/dalett-se-adentra-en-las-emociones-mas-intimas-en-eco-profundo\\\/#primaryimage\",\"url\":\"https:\\\/\\\/www.eldiario.net\\\/portal\\\/wp-content\\\/uploads\\\/2025\\\/08\\\/1-PRINCIPAL-5.webp\",\"contentUrl\":\"https:\\\/\\\/www.eldiario.net\\\/portal\\\/wp-content\\\/uploads\\\/2025\\\/08\\\/1-PRINCIPAL-5.webp\",\"width\":1200,\"height\":738},{\"@type\":\"BreadcrumbList\",\"@id\":\"https:\\\/\\\/www.eldiario.net\\\/portal\\\/2025\\\/08\\\/18\\\/dalett-se-adentra-en-las-emociones-mas-intimas-en-eco-profundo\\\/#breadcrumb\",\"itemListElement\":[{\"@type\":\"ListItem\",\"position\":1,\"name\":\"Portada\",\"item\":\"https:\\\/\\\/www.eldiario.net\\\/portal\\\/\"},{\"@type\":\"ListItem\",\"position\":2,\"name\":\"Dalett se adentra en las emociones m\u00e1s \u00edntimas en \u201cEco profundo\u201d\"}]},{\"@type\":\"WebSite\",\"@id\":\"https:\\\/\\\/www.eldiario.net\\\/portal\\\/#website\",\"url\":\"https:\\\/\\\/www.eldiario.net\\\/portal\\\/\",\"name\":\"El Diario - Decano de la prensa nacional\",\"description\":\"El Diario - Decano de la prensa nacional\",\"publisher\":{\"@id\":\"https:\\\/\\\/www.eldiario.net\\\/portal\\\/#organization\"},\"potentialAction\":[{\"@type\":\"SearchAction\",\"target\":{\"@type\":\"EntryPoint\",\"urlTemplate\":\"https:\\\/\\\/www.eldiario.net\\\/portal\\\/?s={search_term_string}\"},\"query-input\":{\"@type\":\"PropertyValueSpecification\",\"valueRequired\":true,\"valueName\":\"search_term_string\"}}],\"inLanguage\":\"es\"},{\"@type\":\"Organization\",\"@id\":\"https:\\\/\\\/www.eldiario.net\\\/portal\\\/#organization\",\"name\":\"El Diario - Decano de la prensa nacional\",\"url\":\"https:\\\/\\\/www.eldiario.net\\\/portal\\\/\",\"logo\":{\"@type\":\"ImageObject\",\"inLanguage\":\"es\",\"@id\":\"https:\\\/\\\/www.eldiario.net\\\/portal\\\/#\\\/schema\\\/logo\\\/image\\\/\",\"url\":\"https:\\\/\\\/www.eldiario.net\\\/portal\\\/wp-content\\\/uploads\\\/2023\\\/07\\\/logo_ED.jpg\",\"contentUrl\":\"https:\\\/\\\/www.eldiario.net\\\/portal\\\/wp-content\\\/uploads\\\/2023\\\/07\\\/logo_ED.jpg\",\"width\":272,\"height\":52,\"caption\":\"El Diario - Decano de la prensa nacional\"},\"image\":{\"@id\":\"https:\\\/\\\/www.eldiario.net\\\/portal\\\/#\\\/schema\\\/logo\\\/image\\\/\"},\"sameAs\":[\"https:\\\/\\\/www.facebook.com\\\/eldiario.bolivia\\\/\",\"https:\\\/\\\/x.com\\\/eldiario_net\"]},{\"@type\":\"Person\",\"@id\":\"https:\\\/\\\/www.eldiario.net\\\/portal\\\/#\\\/schema\\\/person\\\/2c57cf2b7a7ae032e449e4c9b1019eac\",\"name\":\"Jeanette\",\"image\":{\"@type\":\"ImageObject\",\"inLanguage\":\"es\",\"@id\":\"https:\\\/\\\/secure.gravatar.com\\\/avatar\\\/3ea2118a5f7dad2b7138b1187a6b7ee55f160b9968b66013c3a3ef39dd7e5798?s=96&d=mm&r=g\",\"url\":\"https:\\\/\\\/secure.gravatar.com\\\/avatar\\\/3ea2118a5f7dad2b7138b1187a6b7ee55f160b9968b66013c3a3ef39dd7e5798?s=96&d=mm&r=g\",\"contentUrl\":\"https:\\\/\\\/secure.gravatar.com\\\/avatar\\\/3ea2118a5f7dad2b7138b1187a6b7ee55f160b9968b66013c3a3ef39dd7e5798?s=96&d=mm&r=g\",\"caption\":\"Jeanette\"},\"sameAs\":[\"https:\\\/\\\/www.eldiario.net\\\/portal\"],\"url\":\"https:\\\/\\\/www.eldiario.net\\\/portal\\\/author\\\/jeanette\\\/\"}]}<\/script>\n<!-- \/ Yoast SEO plugin. -->","yoast_head_json":{"title":"Dalett se adentra en las emociones m\u00e1s \u00edntimas en \u201cEco profundo\u201d - El Diario - Bolivia","robots":{"index":"index","follow":"follow","max-snippet":"max-snippet:-1","max-image-preview":"max-image-preview:large","max-video-preview":"max-video-preview:-1"},"canonical":"https:\/\/www.eldiario.net\/portal\/2025\/08\/18\/dalett-se-adentra-en-las-emociones-mas-intimas-en-eco-profundo\/","og_locale":"es_ES","og_type":"article","og_title":"Dalett se adentra en las emociones m\u00e1s \u00edntimas en \u201cEco profundo\u201d - El Diario - Bolivia","og_description":"La cantautora cochabambina Dalett presenta con entusiasmo su segunda canci\u00f3n, titulada \u201cEco profundo\u201d, una entrega musical cargada de autenticidad que profundiza en las emociones m\u00e1s \u00edntimas del alma y contin\u00faa el viaje musical que comenz\u00f3 con su primer sencillo \u201cNada qued\u00f3\u201d, estrenado en mayo de este a\u00f1o. \u201cEco profundo\u201d nace de una sensaci\u00f3n de p\u00e9rdida, [&hellip;]","og_url":"https:\/\/www.eldiario.net\/portal\/2025\/08\/18\/dalett-se-adentra-en-las-emociones-mas-intimas-en-eco-profundo\/","og_site_name":"El Diario - Bolivia","article_publisher":"https:\/\/www.facebook.com\/eldiario.bolivia\/","article_published_time":"2025-08-18T04:21:29+00:00","og_image":[{"width":1200,"height":738,"url":"https:\/\/www.eldiario.net\/portal\/wp-content\/uploads\/2025\/08\/1-PRINCIPAL-5.webp","type":"image\/webp"}],"author":"Jeanette","twitter_card":"summary_large_image","twitter_creator":"@eldiario_net","twitter_site":"@eldiario_net","twitter_misc":{"Escrito por":"Jeanette","Tiempo de lectura":"5 minutos"},"schema":{"@context":"https:\/\/schema.org","@graph":[{"@type":"Article","@id":"https:\/\/www.eldiario.net\/portal\/2025\/08\/18\/dalett-se-adentra-en-las-emociones-mas-intimas-en-eco-profundo\/#article","isPartOf":{"@id":"https:\/\/www.eldiario.net\/portal\/2025\/08\/18\/dalett-se-adentra-en-las-emociones-mas-intimas-en-eco-profundo\/"},"author":{"name":"Jeanette","@id":"https:\/\/www.eldiario.net\/portal\/#\/schema\/person\/2c57cf2b7a7ae032e449e4c9b1019eac"},"headline":"Dalett se adentra en las emociones m\u00e1s \u00edntimas en \u201cEco profundo\u201d","datePublished":"2025-08-18T04:21:29+00:00","mainEntityOfPage":{"@id":"https:\/\/www.eldiario.net\/portal\/2025\/08\/18\/dalett-se-adentra-en-las-emociones-mas-intimas-en-eco-profundo\/"},"wordCount":1068,"publisher":{"@id":"https:\/\/www.eldiario.net\/portal\/#organization"},"image":{"@id":"https:\/\/www.eldiario.net\/portal\/2025\/08\/18\/dalett-se-adentra-en-las-emociones-mas-intimas-en-eco-profundo\/#primaryimage"},"thumbnailUrl":"https:\/\/www.eldiario.net\/portal\/wp-content\/uploads\/2025\/08\/1-PRINCIPAL-5.webp","articleSection":["La Gu\u00eda"],"inLanguage":"es"},{"@type":"WebPage","@id":"https:\/\/www.eldiario.net\/portal\/2025\/08\/18\/dalett-se-adentra-en-las-emociones-mas-intimas-en-eco-profundo\/","url":"https:\/\/www.eldiario.net\/portal\/2025\/08\/18\/dalett-se-adentra-en-las-emociones-mas-intimas-en-eco-profundo\/","name":"Dalett se adentra en las emociones m\u00e1s \u00edntimas en \u201cEco profundo\u201d - El Diario - Bolivia","isPartOf":{"@id":"https:\/\/www.eldiario.net\/portal\/#website"},"primaryImageOfPage":{"@id":"https:\/\/www.eldiario.net\/portal\/2025\/08\/18\/dalett-se-adentra-en-las-emociones-mas-intimas-en-eco-profundo\/#primaryimage"},"image":{"@id":"https:\/\/www.eldiario.net\/portal\/2025\/08\/18\/dalett-se-adentra-en-las-emociones-mas-intimas-en-eco-profundo\/#primaryimage"},"thumbnailUrl":"https:\/\/www.eldiario.net\/portal\/wp-content\/uploads\/2025\/08\/1-PRINCIPAL-5.webp","datePublished":"2025-08-18T04:21:29+00:00","breadcrumb":{"@id":"https:\/\/www.eldiario.net\/portal\/2025\/08\/18\/dalett-se-adentra-en-las-emociones-mas-intimas-en-eco-profundo\/#breadcrumb"},"inLanguage":"es","potentialAction":[{"@type":"ReadAction","target":["https:\/\/www.eldiario.net\/portal\/2025\/08\/18\/dalett-se-adentra-en-las-emociones-mas-intimas-en-eco-profundo\/"]}]},{"@type":"ImageObject","inLanguage":"es","@id":"https:\/\/www.eldiario.net\/portal\/2025\/08\/18\/dalett-se-adentra-en-las-emociones-mas-intimas-en-eco-profundo\/#primaryimage","url":"https:\/\/www.eldiario.net\/portal\/wp-content\/uploads\/2025\/08\/1-PRINCIPAL-5.webp","contentUrl":"https:\/\/www.eldiario.net\/portal\/wp-content\/uploads\/2025\/08\/1-PRINCIPAL-5.webp","width":1200,"height":738},{"@type":"BreadcrumbList","@id":"https:\/\/www.eldiario.net\/portal\/2025\/08\/18\/dalett-se-adentra-en-las-emociones-mas-intimas-en-eco-profundo\/#breadcrumb","itemListElement":[{"@type":"ListItem","position":1,"name":"Portada","item":"https:\/\/www.eldiario.net\/portal\/"},{"@type":"ListItem","position":2,"name":"Dalett se adentra en las emociones m\u00e1s \u00edntimas en \u201cEco profundo\u201d"}]},{"@type":"WebSite","@id":"https:\/\/www.eldiario.net\/portal\/#website","url":"https:\/\/www.eldiario.net\/portal\/","name":"El Diario - Decano de la prensa nacional","description":"El Diario - Decano de la prensa nacional","publisher":{"@id":"https:\/\/www.eldiario.net\/portal\/#organization"},"potentialAction":[{"@type":"SearchAction","target":{"@type":"EntryPoint","urlTemplate":"https:\/\/www.eldiario.net\/portal\/?s={search_term_string}"},"query-input":{"@type":"PropertyValueSpecification","valueRequired":true,"valueName":"search_term_string"}}],"inLanguage":"es"},{"@type":"Organization","@id":"https:\/\/www.eldiario.net\/portal\/#organization","name":"El Diario - Decano de la prensa nacional","url":"https:\/\/www.eldiario.net\/portal\/","logo":{"@type":"ImageObject","inLanguage":"es","@id":"https:\/\/www.eldiario.net\/portal\/#\/schema\/logo\/image\/","url":"https:\/\/www.eldiario.net\/portal\/wp-content\/uploads\/2023\/07\/logo_ED.jpg","contentUrl":"https:\/\/www.eldiario.net\/portal\/wp-content\/uploads\/2023\/07\/logo_ED.jpg","width":272,"height":52,"caption":"El Diario - Decano de la prensa nacional"},"image":{"@id":"https:\/\/www.eldiario.net\/portal\/#\/schema\/logo\/image\/"},"sameAs":["https:\/\/www.facebook.com\/eldiario.bolivia\/","https:\/\/x.com\/eldiario_net"]},{"@type":"Person","@id":"https:\/\/www.eldiario.net\/portal\/#\/schema\/person\/2c57cf2b7a7ae032e449e4c9b1019eac","name":"Jeanette","image":{"@type":"ImageObject","inLanguage":"es","@id":"https:\/\/secure.gravatar.com\/avatar\/3ea2118a5f7dad2b7138b1187a6b7ee55f160b9968b66013c3a3ef39dd7e5798?s=96&d=mm&r=g","url":"https:\/\/secure.gravatar.com\/avatar\/3ea2118a5f7dad2b7138b1187a6b7ee55f160b9968b66013c3a3ef39dd7e5798?s=96&d=mm&r=g","contentUrl":"https:\/\/secure.gravatar.com\/avatar\/3ea2118a5f7dad2b7138b1187a6b7ee55f160b9968b66013c3a3ef39dd7e5798?s=96&d=mm&r=g","caption":"Jeanette"},"sameAs":["https:\/\/www.eldiario.net\/portal"],"url":"https:\/\/www.eldiario.net\/portal\/author\/jeanette\/"}]}},"_links":{"self":[{"href":"https:\/\/www.eldiario.net\/portal\/wp-json\/wp\/v2\/posts\/324715","targetHints":{"allow":["GET"]}}],"collection":[{"href":"https:\/\/www.eldiario.net\/portal\/wp-json\/wp\/v2\/posts"}],"about":[{"href":"https:\/\/www.eldiario.net\/portal\/wp-json\/wp\/v2\/types\/post"}],"author":[{"embeddable":true,"href":"https:\/\/www.eldiario.net\/portal\/wp-json\/wp\/v2\/users\/1"}],"replies":[{"embeddable":true,"href":"https:\/\/www.eldiario.net\/portal\/wp-json\/wp\/v2\/comments?post=324715"}],"version-history":[{"count":1,"href":"https:\/\/www.eldiario.net\/portal\/wp-json\/wp\/v2\/posts\/324715\/revisions"}],"predecessor-version":[{"id":324723,"href":"https:\/\/www.eldiario.net\/portal\/wp-json\/wp\/v2\/posts\/324715\/revisions\/324723"}],"wp:featuredmedia":[{"embeddable":true,"href":"https:\/\/www.eldiario.net\/portal\/wp-json\/wp\/v2\/media\/324716"}],"wp:attachment":[{"href":"https:\/\/www.eldiario.net\/portal\/wp-json\/wp\/v2\/media?parent=324715"}],"wp:term":[{"taxonomy":"category","embeddable":true,"href":"https:\/\/www.eldiario.net\/portal\/wp-json\/wp\/v2\/categories?post=324715"},{"taxonomy":"post_tag","embeddable":true,"href":"https:\/\/www.eldiario.net\/portal\/wp-json\/wp\/v2\/tags?post=324715"}],"curies":[{"name":"wp","href":"https:\/\/api.w.org\/{rel}","templated":true}]}}