{"id":324584,"date":"2025-08-17T07:45:27","date_gmt":"2025-08-17T11:45:27","guid":{"rendered":"https:\/\/www.eldiario.net\/portal\/?p=324584"},"modified":"2025-08-17T07:45:27","modified_gmt":"2025-08-17T11:45:27","slug":"el-voto-ciudadano-y-la-etica-electoral","status":"publish","type":"post","link":"https:\/\/www.eldiario.net\/portal\/2025\/08\/17\/el-voto-ciudadano-y-la-etica-electoral\/","title":{"rendered":"El voto ciudadano y la \u00e9tica electoral"},"content":{"rendered":"<p>Elegir es uno de los actos m\u00e1s trascendentes que puede realizar un ciudadano en democracia, no se trata de un simple tr\u00e1mite o de un gesto mec\u00e1nico frente a una papeleta; es, ante todo, una decisi\u00f3n que deber\u00eda estar respaldada por un proceso de reflexi\u00f3n profunda. Votar es un acto de responsabilidad individual con repercusiones colectivas.<br \/>\nLa racionalidad en la elecci\u00f3n implica que el votante disponga de informaci\u00f3n clara, suficiente y verificada sobre las opciones que se le presentan. No basta con simpatizar con un candidato por afinidad personal o por promesas emocionales; se requiere evaluar antecedentes, programas, capacidades y coherencia entre el discurso y la acci\u00f3n.<br \/>\nEn Bolivia, sin embargo, este ideal se ve constantemente amenazado. Diversos factores distorsionan la calidad del voto, alej\u00e1ndolo de la reflexi\u00f3n y acerc\u00e1ndolo a la improvisaci\u00f3n, el desconocimiento o incluso la manipulaci\u00f3n, uno de los problemas estructurales radica en la propia normativa electoral. La ley vigente permite que los candidatos a la vicepresidencia, as\u00ed como a diputaciones y senadur\u00edas, sean inscritos a pocos d\u00edas de la elecci\u00f3n, esto impide que la ciudadan\u00eda tenga tiempo suficiente para conocerlos, evaluarlos y confrontar sus propuestas.<br \/>\nEsta pr\u00e1ctica, lejos de ser un descuido, parece una estrategia funcional a quienes prefieren el voto desinformado, la improvisaci\u00f3n favorece a quienes apuestan por el marketing pol\u00edtico antes que por la exposici\u00f3n seria y transparente de un proyecto de pa\u00eds. A ello se suma un fen\u00f3meno cada vez m\u00e1s determinante: la superficialidad de la comunicaci\u00f3n pol\u00edtica en redes sociales. Memes, videos cortos y frases repetitivas reemplazan el debate profundo y el an\u00e1lisis cr\u00edtico, la pol\u00edtica se ha transformado en un espect\u00e1culo y el elector, en un consumidor de entretenimiento electoral.<br \/>\nEl problema no se agota ah\u00ed. Las \u00faltimas dos d\u00e9cadas de \u201creforma educativa\u201d han debilitado gravemente la formaci\u00f3n del pensamiento cr\u00edtico en las nuevas generaciones. En lugar de promover la reflexi\u00f3n aut\u00f3noma, se ha incentivado un modelo de ense\u00f1anza que prioriza el adoctrinamiento ideol\u00f3gico. As\u00ed, el ciudadano promedio llega a la edad de votar sin las herramientas suficientes para analizar con objetividad la informaci\u00f3n que recibe, esto abre la puerta a que su decisi\u00f3n est\u00e9 guiada m\u00e1s por la simpat\u00eda hacia un color pol\u00edtico que por la evaluaci\u00f3n seria de un proyecto de gobierno. El resultado es una democracia formal, pero debilitada en su esencia. Se cumple el ritual de las urnas, se elige a representantes, pero el proceso carece de la madurez intelectual y \u00e9tica que deber\u00eda caracterizar a una sociedad pol\u00edticamente sana.<br \/>\nEsto no significa que el voto ciudadano carezca de valor, sino que su potencial est\u00e1 limitado. Un sufragio emitido sin informaci\u00f3n y sin reflexi\u00f3n sigue siendo v\u00e1lido, pero no necesariamente contribuye al fortalecimiento de las instituciones ni a la construcci\u00f3n de un mejor futuro. Por ello, es urgente que el \u00d3rgano Electoral Plurinacional asuma un rol m\u00e1s protag\u00f3nico, no basta con administrar la log\u00edstica de las elecciones; debe garantizar que los ciudadanos tengan acceso oportuno y veraz a la informaci\u00f3n de todos los candidatos.<br \/>\nEl ciudadano debe asumir que su voto es una herramienta poderosa, por ello informarse, contrastar versiones, escuchar distintas posturas y pensar en el bien com\u00fan antes que en el inter\u00e9s inmediato es parte del deber democr\u00e1tico. La democracia boliviana ha sufrido, en las \u00faltimas dos d\u00e9cadas, el peso de un modelo pol\u00edtico que ha debilitado sus contrapesos institucionales. El Movimiento al Socialismo, con su permanencia prolongada en el poder, ha concentrado recursos y control, reduciendo la pluralidad real de opciones pol\u00edticas.<br \/>\nEsto no significa que el cambio dependa exclusivamente de sacar o poner un partido en el poder, el verdadero cambio comienza cuando el ciudadano deja de votar por inercia y comienza a votar por convicci\u00f3n, despu\u00e9s de un an\u00e1lisis serio de las opciones. Bolivia necesita romper el ciclo del voto improvisado y manipulado. S\u00f3lo as\u00ed podremos pasar de una democracia maniatada a una democracia madura, donde el voto no sea s\u00f3lo un derecho formal, sino un ejercicio pleno de libertad, \u00e9tica y responsabilidad ciudadana.<\/p>\n<p>El autor es te\u00f3logo, escritor y educador.<\/p>\n","protected":false},"excerpt":{"rendered":"<p>Elegir es uno de los actos m\u00e1s trascendentes que puede realizar un ciudadano en democracia, no se trata de un simple tr\u00e1mite o de un gesto mec\u00e1nico frente a una papeleta; es, ante todo, una decisi\u00f3n que deber\u00eda estar respaldada por un proceso de reflexi\u00f3n profunda. Votar es un acto de responsabilidad individual con repercusiones [&hellip;]<\/p>\n","protected":false},"author":1,"featured_media":161861,"comment_status":"closed","ping_status":"open","sticky":false,"template":"","format":"standard","meta":{"_acf_changed":false,"footnotes":""},"categories":[9],"tags":[],"class_list":["post-324584","post","type-post","status-publish","format-standard","has-post-thumbnail","category-opinion"],"acf":{"antetitulo":""},"yoast_head":"<!-- This site is optimized with the Yoast SEO plugin v28.4 - https:\/\/yoast.com\/product\/yoast-seo-wordpress\/ -->\n<title>El voto ciudadano y la \u00e9tica electoral - El Diario - Bolivia<\/title>\n<meta name=\"robots\" content=\"index, follow, max-snippet:-1, max-image-preview:large, max-video-preview:-1\" \/>\n<link rel=\"canonical\" href=\"https:\/\/www.eldiario.net\/portal\/2025\/08\/17\/el-voto-ciudadano-y-la-etica-electoral\/\" \/>\n<meta property=\"og:locale\" content=\"es_ES\" \/>\n<meta property=\"og:type\" content=\"article\" \/>\n<meta property=\"og:title\" content=\"El voto ciudadano y la \u00e9tica electoral - El Diario - Bolivia\" \/>\n<meta property=\"og:description\" content=\"Elegir es uno de los actos m\u00e1s trascendentes que puede realizar un ciudadano en democracia, no se trata de un simple tr\u00e1mite o de un gesto mec\u00e1nico frente a una papeleta; es, ante todo, una decisi\u00f3n que deber\u00eda estar respaldada por un proceso de reflexi\u00f3n profunda. Votar es un acto de responsabilidad individual con repercusiones [&hellip;]\" \/>\n<meta property=\"og:url\" content=\"https:\/\/www.eldiario.net\/portal\/2025\/08\/17\/el-voto-ciudadano-y-la-etica-electoral\/\" \/>\n<meta property=\"og:site_name\" content=\"El Diario - Bolivia\" \/>\n<meta property=\"article:publisher\" content=\"https:\/\/www.facebook.com\/eldiario.bolivia\/\" \/>\n<meta property=\"article:published_time\" content=\"2025-08-17T11:45:27+00:00\" \/>\n<meta property=\"og:image\" content=\"https:\/\/www.eldiario.net\/portal\/wp-content\/uploads\/2023\/06\/Marcelo-Miranda-Loayza.jpg\" \/>\n\t<meta property=\"og:image:width\" content=\"1200\" \/>\n\t<meta property=\"og:image:height\" content=\"628\" \/>\n\t<meta property=\"og:image:type\" content=\"image\/jpeg\" \/>\n<meta name=\"author\" content=\"Jeanette\" \/>\n<meta name=\"twitter:card\" content=\"summary_large_image\" \/>\n<meta name=\"twitter:creator\" content=\"@eldiario_net\" \/>\n<meta name=\"twitter:site\" content=\"@eldiario_net\" \/>\n<meta name=\"twitter:label1\" content=\"Escrito por\" \/>\n\t<meta name=\"twitter:data1\" content=\"Jeanette\" \/>\n\t<meta name=\"twitter:label2\" content=\"Tiempo de lectura\" \/>\n\t<meta name=\"twitter:data2\" content=\"4 minutos\" \/>\n<script type=\"application\/ld+json\" class=\"yoast-schema-graph\">{\"@context\":\"https:\\\/\\\/schema.org\",\"@graph\":[{\"@type\":\"Article\",\"@id\":\"https:\\\/\\\/www.eldiario.net\\\/portal\\\/2025\\\/08\\\/17\\\/el-voto-ciudadano-y-la-etica-electoral\\\/#article\",\"isPartOf\":{\"@id\":\"https:\\\/\\\/www.eldiario.net\\\/portal\\\/2025\\\/08\\\/17\\\/el-voto-ciudadano-y-la-etica-electoral\\\/\"},\"author\":{\"name\":\"Jeanette\",\"@id\":\"https:\\\/\\\/www.eldiario.net\\\/portal\\\/#\\\/schema\\\/person\\\/2c57cf2b7a7ae032e449e4c9b1019eac\"},\"headline\":\"El voto ciudadano y la \u00e9tica electoral\",\"datePublished\":\"2025-08-17T11:45:27+00:00\",\"mainEntityOfPage\":{\"@id\":\"https:\\\/\\\/www.eldiario.net\\\/portal\\\/2025\\\/08\\\/17\\\/el-voto-ciudadano-y-la-etica-electoral\\\/\"},\"wordCount\":742,\"publisher\":{\"@id\":\"https:\\\/\\\/www.eldiario.net\\\/portal\\\/#organization\"},\"image\":{\"@id\":\"https:\\\/\\\/www.eldiario.net\\\/portal\\\/2025\\\/08\\\/17\\\/el-voto-ciudadano-y-la-etica-electoral\\\/#primaryimage\"},\"thumbnailUrl\":\"https:\\\/\\\/www.eldiario.net\\\/portal\\\/wp-content\\\/uploads\\\/2023\\\/06\\\/Marcelo-Miranda-Loayza.jpg\",\"articleSection\":[\"Opini\u00f3n\"],\"inLanguage\":\"es\"},{\"@type\":\"WebPage\",\"@id\":\"https:\\\/\\\/www.eldiario.net\\\/portal\\\/2025\\\/08\\\/17\\\/el-voto-ciudadano-y-la-etica-electoral\\\/\",\"url\":\"https:\\\/\\\/www.eldiario.net\\\/portal\\\/2025\\\/08\\\/17\\\/el-voto-ciudadano-y-la-etica-electoral\\\/\",\"name\":\"El voto ciudadano y la \u00e9tica electoral - El Diario - Bolivia\",\"isPartOf\":{\"@id\":\"https:\\\/\\\/www.eldiario.net\\\/portal\\\/#website\"},\"primaryImageOfPage\":{\"@id\":\"https:\\\/\\\/www.eldiario.net\\\/portal\\\/2025\\\/08\\\/17\\\/el-voto-ciudadano-y-la-etica-electoral\\\/#primaryimage\"},\"image\":{\"@id\":\"https:\\\/\\\/www.eldiario.net\\\/portal\\\/2025\\\/08\\\/17\\\/el-voto-ciudadano-y-la-etica-electoral\\\/#primaryimage\"},\"thumbnailUrl\":\"https:\\\/\\\/www.eldiario.net\\\/portal\\\/wp-content\\\/uploads\\\/2023\\\/06\\\/Marcelo-Miranda-Loayza.jpg\",\"datePublished\":\"2025-08-17T11:45:27+00:00\",\"breadcrumb\":{\"@id\":\"https:\\\/\\\/www.eldiario.net\\\/portal\\\/2025\\\/08\\\/17\\\/el-voto-ciudadano-y-la-etica-electoral\\\/#breadcrumb\"},\"inLanguage\":\"es\",\"potentialAction\":[{\"@type\":\"ReadAction\",\"target\":[\"https:\\\/\\\/www.eldiario.net\\\/portal\\\/2025\\\/08\\\/17\\\/el-voto-ciudadano-y-la-etica-electoral\\\/\"]}]},{\"@type\":\"ImageObject\",\"inLanguage\":\"es\",\"@id\":\"https:\\\/\\\/www.eldiario.net\\\/portal\\\/2025\\\/08\\\/17\\\/el-voto-ciudadano-y-la-etica-electoral\\\/#primaryimage\",\"url\":\"https:\\\/\\\/www.eldiario.net\\\/portal\\\/wp-content\\\/uploads\\\/2023\\\/06\\\/Marcelo-Miranda-Loayza.jpg\",\"contentUrl\":\"https:\\\/\\\/www.eldiario.net\\\/portal\\\/wp-content\\\/uploads\\\/2023\\\/06\\\/Marcelo-Miranda-Loayza.jpg\",\"width\":1200,\"height\":628,\"caption\":\"Marcelo Miranda Loayza\"},{\"@type\":\"BreadcrumbList\",\"@id\":\"https:\\\/\\\/www.eldiario.net\\\/portal\\\/2025\\\/08\\\/17\\\/el-voto-ciudadano-y-la-etica-electoral\\\/#breadcrumb\",\"itemListElement\":[{\"@type\":\"ListItem\",\"position\":1,\"name\":\"Portada\",\"item\":\"https:\\\/\\\/www.eldiario.net\\\/portal\\\/\"},{\"@type\":\"ListItem\",\"position\":2,\"name\":\"El voto ciudadano y la \u00e9tica electoral\"}]},{\"@type\":\"WebSite\",\"@id\":\"https:\\\/\\\/www.eldiario.net\\\/portal\\\/#website\",\"url\":\"https:\\\/\\\/www.eldiario.net\\\/portal\\\/\",\"name\":\"El Diario - Decano de la prensa nacional\",\"description\":\"El Diario - Decano de la prensa nacional\",\"publisher\":{\"@id\":\"https:\\\/\\\/www.eldiario.net\\\/portal\\\/#organization\"},\"potentialAction\":[{\"@type\":\"SearchAction\",\"target\":{\"@type\":\"EntryPoint\",\"urlTemplate\":\"https:\\\/\\\/www.eldiario.net\\\/portal\\\/?s={search_term_string}\"},\"query-input\":{\"@type\":\"PropertyValueSpecification\",\"valueRequired\":true,\"valueName\":\"search_term_string\"}}],\"inLanguage\":\"es\"},{\"@type\":\"Organization\",\"@id\":\"https:\\\/\\\/www.eldiario.net\\\/portal\\\/#organization\",\"name\":\"El Diario - Decano de la prensa nacional\",\"url\":\"https:\\\/\\\/www.eldiario.net\\\/portal\\\/\",\"logo\":{\"@type\":\"ImageObject\",\"inLanguage\":\"es\",\"@id\":\"https:\\\/\\\/www.eldiario.net\\\/portal\\\/#\\\/schema\\\/logo\\\/image\\\/\",\"url\":\"https:\\\/\\\/www.eldiario.net\\\/portal\\\/wp-content\\\/uploads\\\/2023\\\/07\\\/logo_ED.jpg\",\"contentUrl\":\"https:\\\/\\\/www.eldiario.net\\\/portal\\\/wp-content\\\/uploads\\\/2023\\\/07\\\/logo_ED.jpg\",\"width\":272,\"height\":52,\"caption\":\"El Diario - Decano de la prensa nacional\"},\"image\":{\"@id\":\"https:\\\/\\\/www.eldiario.net\\\/portal\\\/#\\\/schema\\\/logo\\\/image\\\/\"},\"sameAs\":[\"https:\\\/\\\/www.facebook.com\\\/eldiario.bolivia\\\/\",\"https:\\\/\\\/x.com\\\/eldiario_net\"]},{\"@type\":\"Person\",\"@id\":\"https:\\\/\\\/www.eldiario.net\\\/portal\\\/#\\\/schema\\\/person\\\/2c57cf2b7a7ae032e449e4c9b1019eac\",\"name\":\"Jeanette\",\"image\":{\"@type\":\"ImageObject\",\"inLanguage\":\"es\",\"@id\":\"https:\\\/\\\/secure.gravatar.com\\\/avatar\\\/3ea2118a5f7dad2b7138b1187a6b7ee55f160b9968b66013c3a3ef39dd7e5798?s=96&d=mm&r=g\",\"url\":\"https:\\\/\\\/secure.gravatar.com\\\/avatar\\\/3ea2118a5f7dad2b7138b1187a6b7ee55f160b9968b66013c3a3ef39dd7e5798?s=96&d=mm&r=g\",\"contentUrl\":\"https:\\\/\\\/secure.gravatar.com\\\/avatar\\\/3ea2118a5f7dad2b7138b1187a6b7ee55f160b9968b66013c3a3ef39dd7e5798?s=96&d=mm&r=g\",\"caption\":\"Jeanette\"},\"sameAs\":[\"https:\\\/\\\/www.eldiario.net\\\/portal\"],\"url\":\"https:\\\/\\\/www.eldiario.net\\\/portal\\\/author\\\/jeanette\\\/\"}]}<\/script>\n<!-- \/ Yoast SEO plugin. -->","yoast_head_json":{"title":"El voto ciudadano y la \u00e9tica electoral - El Diario - Bolivia","robots":{"index":"index","follow":"follow","max-snippet":"max-snippet:-1","max-image-preview":"max-image-preview:large","max-video-preview":"max-video-preview:-1"},"canonical":"https:\/\/www.eldiario.net\/portal\/2025\/08\/17\/el-voto-ciudadano-y-la-etica-electoral\/","og_locale":"es_ES","og_type":"article","og_title":"El voto ciudadano y la \u00e9tica electoral - El Diario - Bolivia","og_description":"Elegir es uno de los actos m\u00e1s trascendentes que puede realizar un ciudadano en democracia, no se trata de un simple tr\u00e1mite o de un gesto mec\u00e1nico frente a una papeleta; es, ante todo, una decisi\u00f3n que deber\u00eda estar respaldada por un proceso de reflexi\u00f3n profunda. Votar es un acto de responsabilidad individual con repercusiones [&hellip;]","og_url":"https:\/\/www.eldiario.net\/portal\/2025\/08\/17\/el-voto-ciudadano-y-la-etica-electoral\/","og_site_name":"El Diario - Bolivia","article_publisher":"https:\/\/www.facebook.com\/eldiario.bolivia\/","article_published_time":"2025-08-17T11:45:27+00:00","og_image":[{"width":1200,"height":628,"url":"https:\/\/www.eldiario.net\/portal\/wp-content\/uploads\/2023\/06\/Marcelo-Miranda-Loayza.jpg","type":"image\/jpeg"}],"author":"Jeanette","twitter_card":"summary_large_image","twitter_creator":"@eldiario_net","twitter_site":"@eldiario_net","twitter_misc":{"Escrito por":"Jeanette","Tiempo de lectura":"4 minutos"},"schema":{"@context":"https:\/\/schema.org","@graph":[{"@type":"Article","@id":"https:\/\/www.eldiario.net\/portal\/2025\/08\/17\/el-voto-ciudadano-y-la-etica-electoral\/#article","isPartOf":{"@id":"https:\/\/www.eldiario.net\/portal\/2025\/08\/17\/el-voto-ciudadano-y-la-etica-electoral\/"},"author":{"name":"Jeanette","@id":"https:\/\/www.eldiario.net\/portal\/#\/schema\/person\/2c57cf2b7a7ae032e449e4c9b1019eac"},"headline":"El voto ciudadano y la \u00e9tica electoral","datePublished":"2025-08-17T11:45:27+00:00","mainEntityOfPage":{"@id":"https:\/\/www.eldiario.net\/portal\/2025\/08\/17\/el-voto-ciudadano-y-la-etica-electoral\/"},"wordCount":742,"publisher":{"@id":"https:\/\/www.eldiario.net\/portal\/#organization"},"image":{"@id":"https:\/\/www.eldiario.net\/portal\/2025\/08\/17\/el-voto-ciudadano-y-la-etica-electoral\/#primaryimage"},"thumbnailUrl":"https:\/\/www.eldiario.net\/portal\/wp-content\/uploads\/2023\/06\/Marcelo-Miranda-Loayza.jpg","articleSection":["Opini\u00f3n"],"inLanguage":"es"},{"@type":"WebPage","@id":"https:\/\/www.eldiario.net\/portal\/2025\/08\/17\/el-voto-ciudadano-y-la-etica-electoral\/","url":"https:\/\/www.eldiario.net\/portal\/2025\/08\/17\/el-voto-ciudadano-y-la-etica-electoral\/","name":"El voto ciudadano y la \u00e9tica electoral - El Diario - Bolivia","isPartOf":{"@id":"https:\/\/www.eldiario.net\/portal\/#website"},"primaryImageOfPage":{"@id":"https:\/\/www.eldiario.net\/portal\/2025\/08\/17\/el-voto-ciudadano-y-la-etica-electoral\/#primaryimage"},"image":{"@id":"https:\/\/www.eldiario.net\/portal\/2025\/08\/17\/el-voto-ciudadano-y-la-etica-electoral\/#primaryimage"},"thumbnailUrl":"https:\/\/www.eldiario.net\/portal\/wp-content\/uploads\/2023\/06\/Marcelo-Miranda-Loayza.jpg","datePublished":"2025-08-17T11:45:27+00:00","breadcrumb":{"@id":"https:\/\/www.eldiario.net\/portal\/2025\/08\/17\/el-voto-ciudadano-y-la-etica-electoral\/#breadcrumb"},"inLanguage":"es","potentialAction":[{"@type":"ReadAction","target":["https:\/\/www.eldiario.net\/portal\/2025\/08\/17\/el-voto-ciudadano-y-la-etica-electoral\/"]}]},{"@type":"ImageObject","inLanguage":"es","@id":"https:\/\/www.eldiario.net\/portal\/2025\/08\/17\/el-voto-ciudadano-y-la-etica-electoral\/#primaryimage","url":"https:\/\/www.eldiario.net\/portal\/wp-content\/uploads\/2023\/06\/Marcelo-Miranda-Loayza.jpg","contentUrl":"https:\/\/www.eldiario.net\/portal\/wp-content\/uploads\/2023\/06\/Marcelo-Miranda-Loayza.jpg","width":1200,"height":628,"caption":"Marcelo Miranda Loayza"},{"@type":"BreadcrumbList","@id":"https:\/\/www.eldiario.net\/portal\/2025\/08\/17\/el-voto-ciudadano-y-la-etica-electoral\/#breadcrumb","itemListElement":[{"@type":"ListItem","position":1,"name":"Portada","item":"https:\/\/www.eldiario.net\/portal\/"},{"@type":"ListItem","position":2,"name":"El voto ciudadano y la \u00e9tica electoral"}]},{"@type":"WebSite","@id":"https:\/\/www.eldiario.net\/portal\/#website","url":"https:\/\/www.eldiario.net\/portal\/","name":"El Diario - Decano de la prensa nacional","description":"El Diario - Decano de la prensa nacional","publisher":{"@id":"https:\/\/www.eldiario.net\/portal\/#organization"},"potentialAction":[{"@type":"SearchAction","target":{"@type":"EntryPoint","urlTemplate":"https:\/\/www.eldiario.net\/portal\/?s={search_term_string}"},"query-input":{"@type":"PropertyValueSpecification","valueRequired":true,"valueName":"search_term_string"}}],"inLanguage":"es"},{"@type":"Organization","@id":"https:\/\/www.eldiario.net\/portal\/#organization","name":"El Diario - Decano de la prensa nacional","url":"https:\/\/www.eldiario.net\/portal\/","logo":{"@type":"ImageObject","inLanguage":"es","@id":"https:\/\/www.eldiario.net\/portal\/#\/schema\/logo\/image\/","url":"https:\/\/www.eldiario.net\/portal\/wp-content\/uploads\/2023\/07\/logo_ED.jpg","contentUrl":"https:\/\/www.eldiario.net\/portal\/wp-content\/uploads\/2023\/07\/logo_ED.jpg","width":272,"height":52,"caption":"El Diario - Decano de la prensa nacional"},"image":{"@id":"https:\/\/www.eldiario.net\/portal\/#\/schema\/logo\/image\/"},"sameAs":["https:\/\/www.facebook.com\/eldiario.bolivia\/","https:\/\/x.com\/eldiario_net"]},{"@type":"Person","@id":"https:\/\/www.eldiario.net\/portal\/#\/schema\/person\/2c57cf2b7a7ae032e449e4c9b1019eac","name":"Jeanette","image":{"@type":"ImageObject","inLanguage":"es","@id":"https:\/\/secure.gravatar.com\/avatar\/3ea2118a5f7dad2b7138b1187a6b7ee55f160b9968b66013c3a3ef39dd7e5798?s=96&d=mm&r=g","url":"https:\/\/secure.gravatar.com\/avatar\/3ea2118a5f7dad2b7138b1187a6b7ee55f160b9968b66013c3a3ef39dd7e5798?s=96&d=mm&r=g","contentUrl":"https:\/\/secure.gravatar.com\/avatar\/3ea2118a5f7dad2b7138b1187a6b7ee55f160b9968b66013c3a3ef39dd7e5798?s=96&d=mm&r=g","caption":"Jeanette"},"sameAs":["https:\/\/www.eldiario.net\/portal"],"url":"https:\/\/www.eldiario.net\/portal\/author\/jeanette\/"}]}},"_links":{"self":[{"href":"https:\/\/www.eldiario.net\/portal\/wp-json\/wp\/v2\/posts\/324584","targetHints":{"allow":["GET"]}}],"collection":[{"href":"https:\/\/www.eldiario.net\/portal\/wp-json\/wp\/v2\/posts"}],"about":[{"href":"https:\/\/www.eldiario.net\/portal\/wp-json\/wp\/v2\/types\/post"}],"author":[{"embeddable":true,"href":"https:\/\/www.eldiario.net\/portal\/wp-json\/wp\/v2\/users\/1"}],"replies":[{"embeddable":true,"href":"https:\/\/www.eldiario.net\/portal\/wp-json\/wp\/v2\/comments?post=324584"}],"version-history":[{"count":1,"href":"https:\/\/www.eldiario.net\/portal\/wp-json\/wp\/v2\/posts\/324584\/revisions"}],"predecessor-version":[{"id":324585,"href":"https:\/\/www.eldiario.net\/portal\/wp-json\/wp\/v2\/posts\/324584\/revisions\/324585"}],"wp:featuredmedia":[{"embeddable":true,"href":"https:\/\/www.eldiario.net\/portal\/wp-json\/wp\/v2\/media\/161861"}],"wp:attachment":[{"href":"https:\/\/www.eldiario.net\/portal\/wp-json\/wp\/v2\/media?parent=324584"}],"wp:term":[{"taxonomy":"category","embeddable":true,"href":"https:\/\/www.eldiario.net\/portal\/wp-json\/wp\/v2\/categories?post=324584"},{"taxonomy":"post_tag","embeddable":true,"href":"https:\/\/www.eldiario.net\/portal\/wp-json\/wp\/v2\/tags?post=324584"}],"curies":[{"name":"wp","href":"https:\/\/api.w.org\/{rel}","templated":true}]}}